{"id":23727,"date":"2016-12-05T08:00:20","date_gmt":"2016-12-05T11:00:20","guid":{"rendered":"http:\/\/rioonwatch.org.br\/?p=23727"},"modified":"2024-06-20T16:25:15","modified_gmt":"2024-06-20T19:25:15","slug":"ongs-comunitarias-das-favelas-preenchem-as-lacunas-do-sistema-educacional-do-rio","status":"publish","type":"post","link":"https:\/\/rioonwatch.org.br\/?p=23727","title":{"rendered":"ONGs Comunit\u00e1rias das Favelas Preenchem as Lacunas do Sistema Educacional do Rio"},"content":{"rendered":"<p style=\"text-align: right;\"><em><strong><a href=\"http:\/\/bit.ly\/2fIWeIm\" target=\"_blank\" rel=\"noopener\">Click Here for English<img decoding=\"async\" width=\"20\" height=\"20\" class=\"alignright wp-image-15790\" src=\"http:\/\/rioonwatch.org.br\/wp-content\/uploads\/2012\/08\/EN-standard-e1439583104716.jpg\" alt=\"\" \/><\/a><\/strong><\/em><\/p>\n<p><span style=\"font-weight: 400;\">\u201cVoc\u00ea n\u00e3o \u00e9 da favela. Voc\u00ea \u00e9 do mundo\u201d, diz<\/span> <a href=\"http:\/\/bit.ly\/1ASz0RG\" target=\"_blank\" rel=\"noopener\"><span style=\"font-weight: 400;\">Iara Oliveira<\/span><\/a><span style=\"font-weight: 400;\">, fundadora da ONG Alfazendo, a seus alunos. O<\/span><a href=\"http:\/\/bit.ly\/2c7Imdy\">\u00a0<span style=\"font-weight: 400;\">Alfazendo<\/span><\/a><span style=\"font-weight: 400;\"> \u00e9 uma ONG educacional sediada na<\/span> <a href=\"http:\/\/bit.ly\/10BzE4e\" target=\"_blank\" rel=\"noopener\"><span style=\"font-weight: 400;\">Cidade de Deus<\/span><\/a><span style=\"font-weight: 400;\">, na<\/span> <a href=\"http:\/\/bit.ly\/11tBmFR\" target=\"_blank\" rel=\"noopener\"><span style=\"font-weight: 400;\">Zona Oeste<\/span><\/a><span style=\"font-weight: 400;\"> do Rio de Janeiro. Frustrada com a situa\u00e7\u00e3o da<\/span> <a href=\"http:\/\/bit.ly\/1acNApR\" target=\"_blank\" rel=\"noopener\"><span style=\"font-weight: 400;\">educa\u00e7\u00e3o<\/span><\/a><span style=\"font-weight: 400;\"> em sua comunidade, Iara e um pequeno grupo de moradores da Cidade de Deus fundaram o Alfazendo em 1998, a fim de melhorar a alfabetiza\u00e7\u00e3o e orientar estudantes para o vestibular. \u201cN\u00f3s \u00e9ramos jovens que quer\u00edamos outras solu\u00e7\u00f5es\u201d, afirma. Esfor\u00e7os como o do Alfazendo representam um elemento importante do sistema educacional nas favelas do Rio de Janeiro. As taxas de alfabetiza\u00e7\u00e3o e de frequ\u00eancia aumentaram nos \u00faltimos anos, em parte gra\u00e7as \u00e0s comunidades, que<\/span> <a href=\"http:\/\/bit.ly\/1j5bUzA\" target=\"_blank\" rel=\"noopener\"><span style=\"font-weight: 400;\">criam solu\u00e7\u00f5es<\/span><\/a><span style=\"font-weight: 400;\"> para<\/span> <a href=\"http:\/\/bit.ly\/2fpiLtB\" target=\"_blank\" rel=\"noopener\"><span style=\"font-weight: 400;\">resolver problemas persistentes e lacunas<\/span><\/a><span style=\"font-weight: 400;\">.<\/span><\/p>\n<p><span style=\"font-weight: 400;\">A falta de escolas torna a frequ\u00eancia dos alunos um desafio em algumas favelas.<\/span> <a href=\"http:\/\/bit.ly\/1HgPoFM\" target=\"_blank\" rel=\"noopener\"><span style=\"font-weight: 400;\">Rio das Pedras<\/span><\/a><span style=\"font-weight: 400;\"> \u00e9 a terceira maior favela do Rio, com uma popula\u00e7\u00e3o de mais de 50.000 habitantes. No entanto, a comunidade tem apenas duas escolas p\u00fablicas de ensino fundamental para atender os estudantes de l\u00e1. Em 2016,\u00a0<\/span><a href=\"http:\/\/bit.ly\/2eFsdsF\"><span style=\"font-weight: 400;\">a conclus\u00e3o do ensino m\u00e9dio se tornou obrigat\u00f3ria<\/span><\/a><span style=\"font-weight: 400;\"> por lei, mas algumas comunidades n\u00e3o possuem escolas de ensino m\u00e9dio. Os estudantes s\u00e3o obrigados a se deslocar para outros lugares para completar o ensino m\u00e9dio. Rio das Pedras tem uma escola p\u00fablica de ensino m\u00e9dio;<\/span> <a href=\"http:\/\/bit.ly\/10BvARw\" target=\"_blank\" rel=\"noopener\"><span style=\"font-weight: 400;\">Mar\u00e9<\/span><\/a><span style=\"font-weight: 400;\">, na<\/span><a href=\"http:\/\/bit.ly\/WximDf\" target=\"_blank\" rel=\"noopener\"> <span style=\"font-weight: 400;\">Zona Norte<\/span><\/a><span style=\"font-weight: 400;\">, n\u00e3o tem nenhuma. Cidade de Deus tinha a mesma falta de escolas de ensino m\u00e9dio at\u00e9 recentemente. \u201cPassamos 40 anos lutando para ter uma escola de ensino m\u00e9dio na Cidade de Deus. Conseguimos a escola. Conseguimos um lugar para ela. Conseguimos que o governo iniciasse as obras\u201d, disse Iara Oliveira. No entanto, de acordo com Iara, as obras foram abandonadas devido \u00e0 atual situa\u00e7\u00e3o pol\u00edtica no Brasil.<\/span><\/p>\n<p><span style=\"font-weight: 400;\">Iara Oliveira expressa preocupa\u00e7\u00f5es de que o curr\u00edculo da escola da favela seja desatualizado e nada atraente, e que os m\u00e9todos de ensino n\u00e3o tenham evolu\u00eddo. De acordo com ela, os m\u00e9todos de ensino permanecem os mesmos desde que ela era crian\u00e7a, e s\u00e3o muito \u201ctradicionais\u201d.<\/span><\/p>\n<p><span style=\"font-weight: 400;\">Outra preocupa\u00e7\u00e3o \u00e9 a<\/span> <a href=\"http:\/\/bit.ly\/2dQJO4t\" target=\"_blank\" rel=\"noopener\"><span style=\"font-weight: 400;\">qualidade dos professores<\/span><\/a><span style=\"font-weight: 400;\">, especialmente no que concerne \u00e0 sua prepara\u00e7\u00e3o. \u201cEles n\u00e3o est\u00e3o preparados para enfrentar a realidade\u201d, declara Iara. Outro problema \u00e9 o fato de que os professores podem estar entrando numa favela pela primeira vez quando v\u00e3o lecionar nessas escolas. \u201cTemos professores que v\u00eam da comunidade e s\u00e3o mais engajados&#8211;eles lutam mais (em favor dos alunos). Tamb\u00e9m temos professores nessas escolas que s\u00e3o de fora. Eles v\u00eam somente para dar a aula e sair\u201d, conta. \u201cEles s\u00f3 v\u00eam aqui porque t\u00eam um emprego p\u00fablico\u201d.<\/span><\/p>\n<p><span style=\"font-weight: 400;\">O Alfazendo procura oferecer solu\u00e7\u00f5es a alguns desses desafios. Al\u00e9m dos servi\u00e7os originais de orienta\u00e7\u00e3o e alfabetiza\u00e7\u00e3o, oferece cursos \u201csocioambientais\u201d de 50 minutos atrav\u00e9s de seu programa<\/span> <a href=\"http:\/\/bit.ly\/1I91GKZ\" target=\"_blank\" rel=\"noopener\"><span style=\"font-weight: 400;\">Eco Rede<\/span><\/a><span style=\"font-weight: 400;\">, que atinge 7.000 estudantes em 28 escolas e institui\u00e7\u00f5es educacionais. <a href=\"http:\/\/bit.ly\/2dHRGEW\" target=\"_blank\" rel=\"noopener\">O programa<\/a> possui uma filial na favela da Mar\u00e9, na Zona Norte, administrada pelo<\/span><span style=\"font-weight: 400;\">\u00a0<a href=\"http:\/\/bit.ly\/1zyfb2g\" target=\"_blank\" rel=\"noopener\">Centro de Estudos e A\u00e7\u00f5es Solid\u00e1rias da Mar\u00e9 (CEASM)<\/a>. Os alunos mais velhos da comunidade atuam como \u201cagentes\u201d e trabalham com a equipe da Eco Rede para oferecer aulas.<\/span><\/p>\n<p><span style=\"font-weight: 400;\">Fernanda M\u00fcller e Lucas de Sousa cresceram na Cidade de Deus e s\u00e3o coordenadores do projeto. \u00c0 medida que a Eco Rede explora uma unidade tem\u00e1tica por ano acad\u00eamico, eles respondem as quest\u00f5es dos estudantes, conforme v\u00e3o surgindo. Os t\u00f3picos podem incluir sexualidade, crime,<\/span> <a href=\"http:\/\/bit.ly\/1wLR1Ef\" target=\"_blank\" rel=\"noopener\"><span style=\"font-weight: 400;\">viol\u00eancia<\/span><\/a><span style=\"font-weight: 400;\"> e assuntos familiares. \u201c\u00c9 espont\u00e2neo&#8221;, afirma Lucas de Sousa.<\/span><\/p>\n<p><a href=\"http:\/\/rioonwatch.org.br\/wp-content\/uploads\/2016\/11\/SAM_1020.jpg\"><img fetchpriority=\"high\" decoding=\"async\" class=\"aligncenter wp-image-23731 size-content\" title=\"Lucas de Sousa e Fernanda M\u00fcller, coordenadores no Eco Rede\" src=\"http:\/\/rioonwatch.org.br\/wp-content\/uploads\/2016\/11\/SAM_1020-620x264.jpg\" alt=\"sam_1020\" width=\"620\" height=\"264\" srcset=\"https:\/\/rioonwatch.org.br\/wp-content\/uploads\/2016\/11\/SAM_1020-620x264.jpg 620w, https:\/\/rioonwatch.org.br\/wp-content\/uploads\/2016\/11\/SAM_1020-940x400.jpg 940w\" sizes=\"(max-width: 620px) 100vw, 620px\" \/><\/a><\/p>\n<p><span style=\"font-weight: 400;\">As necessidades especiais apresentam um desafio significativo e uma lacuna no sistema educacional das favelas. Em Rio das Pedras, os alunos com necessidades especiais se envolvem com a comunidade em Jacarepagu\u00e1, onde recebem fisioterapia e aconselhamento. A escola Claudio Besserman Vianna Bussunda, em Rio das Pedras, possui 50 estudantes com necessidades especiais e apenas dois assistentes. A falta de psic\u00f3logos e de profissionais na equipe da institui\u00e7\u00e3o significa que esses alunos frequentam as aulas sem nenhum tipo de apoio especializado, o que representa um desafio adicional para os professores, que podem n\u00e3o se sentirem preparados para lidar com eles.<\/span><\/p>\n<p><span style=\"font-weight: 400;\">\u201cOs professores n\u00e3o s\u00e3o educados para serem capazes de trabalhar com uma crian\u00e7a da maneira que ela chega&#8221;, declara Iara Oliveira. H\u00e1 um pequeno n\u00famero de escolas especializadas em alunos com necessidades especiais, mas cortes na educa\u00e7\u00e3o tornaram ainda mais dif\u00edcil trabalhar com esses alunos. Ela explica: \u201cA prefeitura deveria ter especialistas dentro da escola. Antes, havia um conselho interdisciplinar na escola. Havia o assistente social, o psic\u00f3logo educacional, o psic\u00f3logo e os professores. Agora, n\u00e3o temos mais. Temos apenas os professores\u201d.<\/span><\/p>\n<p><span style=\"font-weight: 400;\">Mas n\u00e3o \u00e9 apenas a equipe profissional que est\u00e1 faltando nas escolas. Elas n\u00e3o t\u00eam mais verbas para os funcion\u00e1rios que monitoram a escola e vigiam a entrada. \u201cO governo retirou os funcion\u00e1rios. Agora n\u00e3o temos mais porteiro\u201d, diz Maria Aparecida Rocha de Camargo, coordenadora da escola Claudio Besserman Vianna Bussunda. Isso representa uma quest\u00e3o de seguran\u00e7a, pois os alunos podem sair da escola sem permiss\u00e3o. Em Rio das Pedras, membros da comunidade est\u00e3o dando um passo \u00e0 frente se voluntariando para substituir os funcion\u00e1rios, mas Maria Aparecida Rocha de Camargo se preocupa com o que pode vir a acontecer em uma situa\u00e7\u00e3o de emerg\u00eancia.<\/span><\/p>\n<figure id=\"attachment_23732\" aria-describedby=\"caption-attachment-23732\" style=\"width: 620px\" class=\"wp-caption aligncenter\"><a href=\"http:\/\/rioonwatch.org.br\/wp-content\/uploads\/2016\/11\/IMG_0228.jpg\"><img decoding=\"async\" class=\"wp-image-23732 size-content\" title=\"Mural na escola Claudio Besserman Vianna Bussunda, em Rio das Pedras, expressando o que os alunos querem ver na sua cidade.\" src=\"http:\/\/rioonwatch.org.br\/wp-content\/uploads\/2016\/11\/IMG_0228-620x264.jpg\" alt=\"img_0228\" width=\"620\" height=\"264\" srcset=\"https:\/\/rioonwatch.org.br\/wp-content\/uploads\/2016\/11\/IMG_0228-620x264.jpg 620w, https:\/\/rioonwatch.org.br\/wp-content\/uploads\/2016\/11\/IMG_0228-940x400.jpg 940w\" sizes=\"(max-width: 620px) 100vw, 620px\" \/><\/a><figcaption id=\"caption-attachment-23732\" class=\"wp-caption-text\">Mural na escola Claudio Besserman Vianna Bussunda, em Rio das Pedras, expressando o que os alunos querem ver na sua cidade.<\/figcaption><\/figure>\n<p><span style=\"font-weight: 400;\">Em outra ocasi\u00e3o, membros da comunidade agiram para solucionar o problema dos recursos da escola doando papel higi\u00eanico. Para os profissionais da educa\u00e7\u00e3o, a falta de recursos materiais e de verbas \u00e9 dif\u00edcil de aceitar, diante dos\u00a0<\/span><a href=\"http:\/\/bit.ly\/2gvfp8O\" target=\"_blank\" rel=\"noopener\"><span style=\"font-weight: 400;\">investimentos massivos<\/span><\/a><span style=\"font-weight: 400;\"> em<\/span> <a href=\"http:\/\/bit.ly\/1uZ9w6o\" target=\"_blank\" rel=\"noopener\"><span style=\"font-weight: 400;\">megaeventos<\/span><\/a><span style=\"font-weight: 400;\">, como as<\/span> <a href=\"http:\/\/bit.ly\/PkLXlQ\" target=\"_blank\" rel=\"noopener\"><span style=\"font-weight: 400;\">Olimp\u00edadas<\/span><\/a><span style=\"font-weight: 400;\">, ocorridos mesmo depois que o governo do Estado do Rio de Janeiro declarou \u201c<\/span><a href=\"http:\/\/glo.bo\/24ZSkwu\" target=\"_blank\" rel=\"noopener\"><span style=\"font-weight: 400;\">estado de calamidade<\/span><\/a><span style=\"font-weight: 400;\">\u201d, em junho.<\/span><\/p>\n<p><span style=\"font-weight: 400;\">As favelas n\u00e3o s\u00e3o todas iguais, sobretudo em termos de\u00a0<\/span><a href=\"http:\/\/bit.ly\/1ikC58E\" target=\"_blank\" rel=\"noopener\"><span style=\"font-weight: 400;\">seguran\u00e7a<\/span><\/a><span style=\"font-weight: 400;\"> e viol\u00eancia, que podem afetar a educa\u00e7\u00e3o. A Cidade de Deus possui uma\u00a0<\/span><span style=\"font-weight: 400;\"><a href=\"http:\/\/bit.ly\/R5ueio\" target=\"_blank\" rel=\"noopener\">UPP<\/a>, assim como a<\/span> <a href=\"http:\/\/bit.ly\/16w2zz1\" target=\"_blank\" rel=\"noopener\"><span style=\"font-weight: 400;\">Rocinha<\/span><\/a><span style=\"font-weight: 400;\">, na\u00a0<\/span><a href=\"http:\/\/bit.ly\/1mNsDyk\" target=\"_blank\" rel=\"noopener\"><span style=\"font-weight: 400;\">Zona Sul<\/span><\/a><span style=\"font-weight: 400;\">. Apesar da UPP, a viol\u00eancia continua em ambas a ser\u00a0um problema agudo na comunidade, como todos viram <a href=\"http:\/\/glo.bo\/2h7ZGQE\" target=\"_blank\" rel=\"noopener\">no notici\u00e1rio nestas \u00faltimas duas semanas<\/a>. Com isso, \u00e9 comum as escolas fecharem devido aos conflitos.<\/span><\/p>\n<p><span style=\"font-weight: 400;\">A ONG\u00a0<\/span><a href=\"http:\/\/bit.ly\/2bCkpdu\"><span style=\"font-weight: 400;\">Rocinha Mundo da Arte<\/span><\/a><span style=\"font-weight: 400;\"> fornece um espa\u00e7o para as crian\u00e7as frequentarem&#8211;ap\u00f3s \u00e0s aulas da escola&#8211;onde elas possam brincar, desenhar e realizar outros tipos de atividades e estarem seguras. Todos os dias \u00fateis, das 14h \u00e0s 18h, as portas da ONG est\u00e3o abertas para qualquer crian\u00e7a, o que significa que tanto os estudantes que frequentam a escola no per\u00edodo da manh\u00e3 quanto no per\u00edodo da tarde podem participar. \u201cMeu pai iniciou a organiza\u00e7\u00e3o para retirar as crian\u00e7as das ruas\u201d, declara Iris Santos, que agora coordena a Mundo da Arte. Ela afirma que a expectativa da organiza\u00e7\u00e3o \u00e9 \u201ctirar as crian\u00e7as das ruas, de modo que elas possam ter um lugar para aprender e brincar com seguran\u00e7a\u201d. Eles aceitam alunos de qualquer faixa de idade escolar interessados em arte. A arte, de acordo com o grupo, \u00e9 uma ferramenta para \u201cmostrar outras possibilidades sociais e intelectuais\u201d.<\/span><\/p>\n<p><a href=\"http:\/\/rioonwatch.org.br\/wp-content\/uploads\/2016\/11\/IMG_0435.jpg\"><img loading=\"lazy\" decoding=\"async\" class=\"aligncenter wp-image-23733 size-content\" title=\"Os alunos desenham na ONG Rocinha Mundo da Arte, ap\u00f3s \u00e0s aulas.\" src=\"http:\/\/rioonwatch.org.br\/wp-content\/uploads\/2016\/11\/IMG_0435-620x264.jpg\" alt=\"img_0435\" width=\"620\" height=\"264\" srcset=\"https:\/\/rioonwatch.org.br\/wp-content\/uploads\/2016\/11\/IMG_0435-620x264.jpg 620w, https:\/\/rioonwatch.org.br\/wp-content\/uploads\/2016\/11\/IMG_0435-940x400.jpg 940w\" sizes=\"(max-width: 620px) 100vw, 620px\" \/><\/a><\/p>\n<p><span style=\"font-weight: 400;\">A Rocinha Mundo da Arte tamb\u00e9m fornece orienta\u00e7\u00e3o extra para estudantes que t\u00eam dificuldades de aprendizagem. Iris diz que os professores podem estar um pouco desmotivados, e que necessitam ser \u201cmais treinados\u201d para lecionarem melhor. Ela culpa a falta de verbas nas escolas p\u00fablicas por esses problemas. \u201cEu gostaria que as escolas investissem mais em bibliotecas, esportes e comida saud\u00e1vel para os alunos\u201d, declara. Ela explica que as crian\u00e7as s\u00e3o o que a mant\u00e9m em seu trabalho, apesar do deslocamento de 1h30 que tem de realizar diariamente ap\u00f3s ter se mudado para<\/span> <a href=\"http:\/\/bit.ly\/1HgPTzq\" target=\"_blank\" rel=\"noopener\"><span style=\"font-weight: 400;\">Jacarepagu\u00e1<\/span><\/a><span style=\"font-weight: 400;\">. \u201cA minha dedica\u00e7\u00e3o \u00e9 para as crian\u00e7as, para que elas tenham mais criatividade e curiosidade em aprender\u201d, diz.<\/span><\/p>\n<p><span style=\"font-weight: 400;\">Os esfor\u00e7os por parte da comunidade a fim de resolver os problemas que persistem no sistema educacional s\u00e3o in\u00fameros. No entanto, mesmo que um aluno consiga superar os desafios, o resultado pode, por sua vez, se tornar um problema para a pr\u00f3pria comunidade, quando estes jovens que conseguiram estudar deixam a comunidade. \u201cTemos um grande movimento de sa\u00edda da comunidade. H\u00e1 migra\u00e7\u00e3o\u201d, de acordo com Iara. Ela descreve o que pensam os estudantes: \u201cVou me graduar e sair&#8230; Vou encontrar um emprego e sair daqui\u201d.<\/span><\/p>\n<p><span style=\"font-weight: 400;\">O Alfazendo espera combater esse processo, motivando os estudantes a permanecerem na comunidade e contribu\u00edrem para o desenvolvimento da Cidade de Deus. \u201cEu quero que as crian\u00e7as da Cidade de Deus, e de qualquer outro lugar, tenham as mesmas oportunidades que tive. Eu tenho uma rede de amigos e de pessoas que me ajudaram a chegar onde estou\u201d, declara.<\/span><\/p>\n<p><a href=\"http:\/\/rioonwatch.org.br\/wp-content\/uploads\/2016\/11\/IMG_0233.jpg\"><img loading=\"lazy\" decoding=\"async\" class=\"aligncenter wp-image-23734 size-content\" title=\"Os alunos de Rio das Pedras usam os Jogos Ol\u00edmpicos de 2016 como inspira\u00e7\u00e3o para um projeto art\u00edstico.\" src=\"http:\/\/rioonwatch.org.br\/wp-content\/uploads\/2016\/11\/IMG_0233-620x264.jpg\" alt=\"img_0233\" width=\"620\" height=\"264\" srcset=\"https:\/\/rioonwatch.org.br\/wp-content\/uploads\/2016\/11\/IMG_0233-620x264.jpg 620w, https:\/\/rioonwatch.org.br\/wp-content\/uploads\/2016\/11\/IMG_0233-940x400.jpg 940w\" sizes=\"(max-width: 620px) 100vw, 620px\" \/><\/a><\/p>\n<p><span style=\"font-weight: 400;\">As falsas percep\u00e7\u00f5es e<\/span>\u00a0os <a href=\"http:\/\/bit.ly\/P4itK0\" target=\"_blank\" rel=\"noopener\">estigmas<\/a><span style=\"font-weight: 400;\">\u00a0em torno das favelas, geralmente, focam no\u00a0<\/span><a href=\"http:\/\/bit.ly\/NRIxaP\" target=\"_blank\" rel=\"noopener\"><span style=\"font-weight: 400;\">tr\u00e1fico de drogas<\/span><\/a><span style=\"font-weight: 400;\">, no crime e na viol\u00eancia, ao inv\u00e9s da neglig\u00eancia hist\u00f3rica e a exclus\u00e3o praticadas pelo governo. A educa\u00e7\u00e3o representa uma \u00e1rea importante na qual as favelas est\u00e3o combatendo tal neglig\u00eancia a partir da cria\u00e7\u00e3o de suas pr\u00f3prias solu\u00e7\u00f5es que operam para melhorar suas comunidades.<\/span><\/p>\n<p><span style=\"font-weight: 400;\">Contribui\u00e7\u00f5es para o Alfazendo e a Eco Rede podem ser realizadas atrav\u00e9s do e-mail <a href=\"mailto:ecorede@yahoo.com.br\" target=\"_blank\" rel=\"noopener\">ecorede@yahoo.com.br<\/a>.<\/span><\/p>\n<p><span style=\"font-weight: 400;\">Contribui\u00e7\u00f5es para a Rocinha Mundo da Arte podem ser realizadas pelo contato com Iris Santos atrav\u00e9s do e-mail\u00a0<\/span><a href=\"http:\/\/www.rioonwatch.org\/iris07_santos@icloud.com\"><span style=\"font-weight: 400;\">iris07_santos@icloud.com<\/span><\/a><span style=\"font-weight: 400;\">.<\/span><\/p>\n<p><em>Raven Hayes \u00e9 estudante de mestrado no programa de Estudos Latino Americanos, Caribenhos e Ib\u00e9ricos da Universidade de Wisconsin-Madison, EUA. Sua pesquisa se concentra no desenvolvimento educacional e na intersec\u00e7\u00e3o entre a escola, a pobreza e a comunidade.<\/em><\/p>\n<!-- AddThis Advanced Settings generic via filter on the_content --><!-- AddThis Share Buttons generic via filter on the_content -->","protected":false},"excerpt":{"rendered":"<div class=\"mh-excerpt\"><p>Click Here for English \u201cVoc\u00ea n\u00e3o \u00e9 da favela. Voc\u00ea \u00e9 do mundo\u201d, diz Iara Oliveira, fundadora da ONG Alfazendo, a seus alunos. O\u00a0Alfazendo \u00e9 uma ONG educacional sediada na Cidade de Deus, na Zona <a class=\"mh-excerpt-more\" href=\"https:\/\/rioonwatch.org.br\/?p=23727\" title=\"ONGs Comunit\u00e1rias das Favelas Preenchem as Lacunas do Sistema Educacional do Rio\">[&#8230;]<\/a><!-- AddThis Advanced Settings generic via filter on get_the_excerpt --><!-- AddThis Share Buttons generic via filter on get_the_excerpt --><\/p>\n<\/div>","protected":false},"author":129,"featured_media":23729,"comment_status":"closed","ping_status":"closed","sticky":false,"template":"","format":"standard","meta":{"_acf_changed":false,"_monsterinsights_skip_tracking":false,"_monsterinsights_sitenote_active":false,"_monsterinsights_sitenote_note":"","_monsterinsights_sitenote_category":0,"footnotes":""},"categories":[1626,1388,344,1616,1612,342],"tags":[386,554,332,316,1240,417,78,358,1393,16,1347,476,92,354,218,184,383],"writer":[1894],"translator":[1973],"source":[],"ilustrador":[],"fotografo":[],"class_list":{"0":"post-23727","1":"post","2":"type-post","3":"status-publish","4":"format-standard","5":"has-post-thumbnail","7":"category-por-observadores-internacionais","8":"category-formas-de-apoiar","9":"category-politicas","10":"category-qualidades-da-favela","11":"category-sociedade-civil","12":"category-solucoes","13":"tag-estigma","14":"tag-cidade-de-deus","15":"tag-complexo-da-mare","16":"tag-educacao","17":"tag-megaeventos","18":"tag-negligencia-do-estado","19":"tag-olimpiadas","20":"tag-organizacao-comunitaria","21":"tag-rio-das-pedras","22":"tag-rocinha","23":"tag-solucao","24":"tag-solucao-comunitaria","25":"tag-upp","26":"tag-vidigal","27":"tag-zona-norte","28":"tag-zona-oeste","29":"tag-zona-sul","30":"writer-raven-hayes","31":"translator-luciana-lisbao"},"acf":[],"yoast_head":"<!-- This site is optimized with the Yoast SEO plugin v25.6 - https:\/\/yoast.com\/wordpress\/plugins\/seo\/ -->\n<title>ONGs Comunit\u00e1rias das Favelas Preenchem as Lacunas do Sistema Educacional do Rio - RioOnWatch<\/title>\n<meta name=\"robots\" content=\"index, follow, max-snippet:-1, max-image-preview:large, max-video-preview:-1\" \/>\n<link rel=\"canonical\" href=\"https:\/\/rioonwatch.org.br\/?p=23727\" \/>\n<meta property=\"og:locale\" content=\"pt_BR\" \/>\n<meta property=\"og:type\" content=\"article\" \/>\n<meta property=\"og:title\" content=\"ONGs Comunit\u00e1rias das Favelas Preenchem as Lacunas do Sistema Educacional do Rio - RioOnWatch\" \/>\n<meta property=\"og:description\" content=\"Click Here for English \u201cVoc\u00ea n\u00e3o \u00e9 da favela. Voc\u00ea \u00e9 do mundo\u201d, diz Iara Oliveira, fundadora da ONG Alfazendo, a seus alunos. O\u00a0Alfazendo \u00e9 uma ONG educacional sediada na Cidade de Deus, na Zona [...]\" \/>\n<meta property=\"og:url\" content=\"https:\/\/rioonwatch.org.br\/?p=23727\" \/>\n<meta property=\"og:site_name\" content=\"RioOnWatch\" \/>\n<meta property=\"article:published_time\" content=\"2016-12-05T11:00:20+00:00\" \/>\n<meta property=\"article:modified_time\" content=\"2024-06-20T19:25:15+00:00\" \/>\n<meta property=\"og:image\" content=\"https:\/\/rioonwatch.org.br\/wp-content\/uploads\/2016\/11\/Eco-Rede-Students-and-Iara-Oliveira-by-Eco-Rede.jpg\" \/>\n\t<meta property=\"og:image:width\" content=\"1000\" \/>\n\t<meta property=\"og:image:height\" content=\"562\" \/>\n\t<meta property=\"og:image:type\" content=\"image\/jpeg\" \/>\n<meta name=\"author\" content=\"Admin\" \/>\n<meta name=\"twitter:card\" content=\"summary_large_image\" \/>\n<meta name=\"twitter:label1\" content=\"Escrito por\" \/>\n\t<meta name=\"twitter:data1\" content=\"Admin\" \/>\n\t<meta name=\"twitter:label2\" content=\"Est. tempo de leitura\" \/>\n\t<meta name=\"twitter:data2\" content=\"8 minutos\" \/>\n<script type=\"application\/ld+json\" class=\"yoast-schema-graph\">{\"@context\":\"https:\/\/schema.org\",\"@graph\":[{\"@type\":\"Article\",\"@id\":\"https:\/\/rioonwatch.org.br\/?p=23727#article\",\"isPartOf\":{\"@id\":\"https:\/\/rioonwatch.org.br\/?p=23727\"},\"author\":{\"name\":\"Admin\",\"@id\":\"https:\/\/rioonwatch.org.br\/#\/schema\/person\/11d64c290506f9df50c71b850c473f68\"},\"headline\":\"ONGs Comunit\u00e1rias das Favelas Preenchem as Lacunas do Sistema Educacional do Rio\",\"datePublished\":\"2016-12-05T11:00:20+00:00\",\"dateModified\":\"2024-06-20T19:25:15+00:00\",\"mainEntityOfPage\":{\"@id\":\"https:\/\/rioonwatch.org.br\/?p=23727\"},\"wordCount\":1691,\"publisher\":{\"@id\":\"https:\/\/rioonwatch.org.br\/#organization\"},\"image\":{\"@id\":\"https:\/\/rioonwatch.org.br\/?p=23727#primaryimage\"},\"thumbnailUrl\":\"https:\/\/rioonwatch.org.br\/wp-content\/uploads\/2016\/11\/Eco-Rede-Students-and-Iara-Oliveira-by-Eco-Rede.jpg\",\"keywords\":[\"#StopFavelaStigma\",\"Cidade de Deus\",\"Complexo da Mar\u00e9\",\"educa\u00e7\u00e3o\",\"Megaeventos\",\"Neglig\u00eancia do Estado\",\"Olimp\u00edadas\",\"organiza\u00e7\u00e3o comunit\u00e1ria\",\"Rio das Pedras\",\"Rocinha\",\"solu\u00e7\u00e3o\",\"solu\u00e7\u00e3o comunit\u00e1ria\",\"UPP\",\"Vidigal\",\"Zona Norte\",\"Zona Oeste\",\"Zona Sul\"],\"articleSection\":[\"Escrito por Aliados\",\"Formas de Apoiar\",\"Pol\u00edticas\",\"Qualidades da Favela\",\"Sociedade Civil\",\"Solu\u00e7\u00f5es\"],\"inLanguage\":\"pt-BR\"},{\"@type\":\"WebPage\",\"@id\":\"https:\/\/rioonwatch.org.br\/?p=23727\",\"url\":\"https:\/\/rioonwatch.org.br\/?p=23727\",\"name\":\"ONGs Comunit\u00e1rias das Favelas Preenchem as Lacunas do Sistema Educacional do Rio - RioOnWatch\",\"isPartOf\":{\"@id\":\"https:\/\/rioonwatch.org.br\/#website\"},\"primaryImageOfPage\":{\"@id\":\"https:\/\/rioonwatch.org.br\/?p=23727#primaryimage\"},\"image\":{\"@id\":\"https:\/\/rioonwatch.org.br\/?p=23727#primaryimage\"},\"thumbnailUrl\":\"https:\/\/rioonwatch.org.br\/wp-content\/uploads\/2016\/11\/Eco-Rede-Students-and-Iara-Oliveira-by-Eco-Rede.jpg\",\"datePublished\":\"2016-12-05T11:00:20+00:00\",\"dateModified\":\"2024-06-20T19:25:15+00:00\",\"breadcrumb\":{\"@id\":\"https:\/\/rioonwatch.org.br\/?p=23727#breadcrumb\"},\"inLanguage\":\"pt-BR\",\"potentialAction\":[{\"@type\":\"ReadAction\",\"target\":[\"https:\/\/rioonwatch.org.br\/?p=23727\"]}]},{\"@type\":\"ImageObject\",\"inLanguage\":\"pt-BR\",\"@id\":\"https:\/\/rioonwatch.org.br\/?p=23727#primaryimage\",\"url\":\"https:\/\/rioonwatch.org.br\/wp-content\/uploads\/2016\/11\/Eco-Rede-Students-and-Iara-Oliveira-by-Eco-Rede.jpg\",\"contentUrl\":\"https:\/\/rioonwatch.org.br\/wp-content\/uploads\/2016\/11\/Eco-Rede-Students-and-Iara-Oliveira-by-Eco-Rede.jpg\",\"width\":1000,\"height\":562},{\"@type\":\"BreadcrumbList\",\"@id\":\"https:\/\/rioonwatch.org.br\/?p=23727#breadcrumb\",\"itemListElement\":[{\"@type\":\"ListItem\",\"position\":1,\"name\":\"In\u00edcio\",\"item\":\"https:\/\/rioonwatch.org.br\/\"},{\"@type\":\"ListItem\",\"position\":2,\"name\":\"ONGs Comunit\u00e1rias das Favelas Preenchem as Lacunas do Sistema Educacional do Rio\"}]},{\"@type\":\"WebSite\",\"@id\":\"https:\/\/rioonwatch.org.br\/#website\",\"url\":\"https:\/\/rioonwatch.org.br\/\",\"name\":\"RioOnWatch\",\"description\":\"relatos das favelas cariocas\",\"publisher\":{\"@id\":\"https:\/\/rioonwatch.org.br\/#organization\"},\"potentialAction\":[{\"@type\":\"SearchAction\",\"target\":{\"@type\":\"EntryPoint\",\"urlTemplate\":\"https:\/\/rioonwatch.org.br\/?s={search_term_string}\"},\"query-input\":{\"@type\":\"PropertyValueSpecification\",\"valueRequired\":true,\"valueName\":\"search_term_string\"}}],\"inLanguage\":\"pt-BR\"},{\"@type\":\"Organization\",\"@id\":\"https:\/\/rioonwatch.org.br\/#organization\",\"name\":\"RioOnWatch\",\"url\":\"https:\/\/rioonwatch.org.br\/\",\"logo\":{\"@type\":\"ImageObject\",\"inLanguage\":\"pt-BR\",\"@id\":\"https:\/\/rioonwatch.org.br\/#\/schema\/logo\/image\/\",\"url\":\"https:\/\/rioonwatch.org.br\/wp-content\/uploads\/2021\/06\/RioOnWatchcabecalhoPT11anos-2.png\",\"contentUrl\":\"https:\/\/rioonwatch.org.br\/wp-content\/uploads\/2021\/06\/RioOnWatchcabecalhoPT11anos-2.png\",\"width\":779,\"height\":277,\"caption\":\"RioOnWatch\"},\"image\":{\"@id\":\"https:\/\/rioonwatch.org.br\/#\/schema\/logo\/image\/\"}},{\"@type\":\"Person\",\"@id\":\"https:\/\/rioonwatch.org.br\/#\/schema\/person\/11d64c290506f9df50c71b850c473f68\",\"name\":\"Admin\",\"image\":{\"@type\":\"ImageObject\",\"inLanguage\":\"pt-BR\",\"@id\":\"https:\/\/rioonwatch.org.br\/#\/schema\/person\/image\/\",\"url\":\"https:\/\/secure.gravatar.com\/avatar\/56211ac74568383903349a1485e3c325?s=96&d=blank&r=g\",\"contentUrl\":\"https:\/\/secure.gravatar.com\/avatar\/56211ac74568383903349a1485e3c325?s=96&d=blank&r=g\",\"caption\":\"Admin\"},\"url\":\"https:\/\/rioonwatch.org.br\/?author=129\"}]}<\/script>\n<!-- \/ Yoast SEO plugin. -->","yoast_head_json":{"title":"ONGs Comunit\u00e1rias das Favelas Preenchem as Lacunas do Sistema Educacional do Rio - RioOnWatch","robots":{"index":"index","follow":"follow","max-snippet":"max-snippet:-1","max-image-preview":"max-image-preview:large","max-video-preview":"max-video-preview:-1"},"canonical":"https:\/\/rioonwatch.org.br\/?p=23727","og_locale":"pt_BR","og_type":"article","og_title":"ONGs Comunit\u00e1rias das Favelas Preenchem as Lacunas do Sistema Educacional do Rio - RioOnWatch","og_description":"Click Here for English \u201cVoc\u00ea n\u00e3o \u00e9 da favela. Voc\u00ea \u00e9 do mundo\u201d, diz Iara Oliveira, fundadora da ONG Alfazendo, a seus alunos. O\u00a0Alfazendo \u00e9 uma ONG educacional sediada na Cidade de Deus, na Zona [...]","og_url":"https:\/\/rioonwatch.org.br\/?p=23727","og_site_name":"RioOnWatch","article_published_time":"2016-12-05T11:00:20+00:00","article_modified_time":"2024-06-20T19:25:15+00:00","og_image":[{"width":1000,"height":562,"url":"https:\/\/rioonwatch.org.br\/wp-content\/uploads\/2016\/11\/Eco-Rede-Students-and-Iara-Oliveira-by-Eco-Rede.jpg","type":"image\/jpeg"}],"author":"Admin","twitter_card":"summary_large_image","twitter_misc":{"Escrito por":"Admin","Est. tempo de leitura":"8 minutos"},"schema":{"@context":"https:\/\/schema.org","@graph":[{"@type":"Article","@id":"https:\/\/rioonwatch.org.br\/?p=23727#article","isPartOf":{"@id":"https:\/\/rioonwatch.org.br\/?p=23727"},"author":{"name":"Admin","@id":"https:\/\/rioonwatch.org.br\/#\/schema\/person\/11d64c290506f9df50c71b850c473f68"},"headline":"ONGs Comunit\u00e1rias das Favelas Preenchem as Lacunas do Sistema Educacional do Rio","datePublished":"2016-12-05T11:00:20+00:00","dateModified":"2024-06-20T19:25:15+00:00","mainEntityOfPage":{"@id":"https:\/\/rioonwatch.org.br\/?p=23727"},"wordCount":1691,"publisher":{"@id":"https:\/\/rioonwatch.org.br\/#organization"},"image":{"@id":"https:\/\/rioonwatch.org.br\/?p=23727#primaryimage"},"thumbnailUrl":"https:\/\/rioonwatch.org.br\/wp-content\/uploads\/2016\/11\/Eco-Rede-Students-and-Iara-Oliveira-by-Eco-Rede.jpg","keywords":["#StopFavelaStigma","Cidade de Deus","Complexo da Mar\u00e9","educa\u00e7\u00e3o","Megaeventos","Neglig\u00eancia do Estado","Olimp\u00edadas","organiza\u00e7\u00e3o comunit\u00e1ria","Rio das Pedras","Rocinha","solu\u00e7\u00e3o","solu\u00e7\u00e3o comunit\u00e1ria","UPP","Vidigal","Zona Norte","Zona Oeste","Zona Sul"],"articleSection":["Escrito por Aliados","Formas de Apoiar","Pol\u00edticas","Qualidades da Favela","Sociedade Civil","Solu\u00e7\u00f5es"],"inLanguage":"pt-BR"},{"@type":"WebPage","@id":"https:\/\/rioonwatch.org.br\/?p=23727","url":"https:\/\/rioonwatch.org.br\/?p=23727","name":"ONGs Comunit\u00e1rias das Favelas Preenchem as Lacunas do Sistema Educacional do Rio - RioOnWatch","isPartOf":{"@id":"https:\/\/rioonwatch.org.br\/#website"},"primaryImageOfPage":{"@id":"https:\/\/rioonwatch.org.br\/?p=23727#primaryimage"},"image":{"@id":"https:\/\/rioonwatch.org.br\/?p=23727#primaryimage"},"thumbnailUrl":"https:\/\/rioonwatch.org.br\/wp-content\/uploads\/2016\/11\/Eco-Rede-Students-and-Iara-Oliveira-by-Eco-Rede.jpg","datePublished":"2016-12-05T11:00:20+00:00","dateModified":"2024-06-20T19:25:15+00:00","breadcrumb":{"@id":"https:\/\/rioonwatch.org.br\/?p=23727#breadcrumb"},"inLanguage":"pt-BR","potentialAction":[{"@type":"ReadAction","target":["https:\/\/rioonwatch.org.br\/?p=23727"]}]},{"@type":"ImageObject","inLanguage":"pt-BR","@id":"https:\/\/rioonwatch.org.br\/?p=23727#primaryimage","url":"https:\/\/rioonwatch.org.br\/wp-content\/uploads\/2016\/11\/Eco-Rede-Students-and-Iara-Oliveira-by-Eco-Rede.jpg","contentUrl":"https:\/\/rioonwatch.org.br\/wp-content\/uploads\/2016\/11\/Eco-Rede-Students-and-Iara-Oliveira-by-Eco-Rede.jpg","width":1000,"height":562},{"@type":"BreadcrumbList","@id":"https:\/\/rioonwatch.org.br\/?p=23727#breadcrumb","itemListElement":[{"@type":"ListItem","position":1,"name":"In\u00edcio","item":"https:\/\/rioonwatch.org.br\/"},{"@type":"ListItem","position":2,"name":"ONGs Comunit\u00e1rias das Favelas Preenchem as Lacunas do Sistema Educacional do Rio"}]},{"@type":"WebSite","@id":"https:\/\/rioonwatch.org.br\/#website","url":"https:\/\/rioonwatch.org.br\/","name":"RioOnWatch","description":"relatos das favelas cariocas","publisher":{"@id":"https:\/\/rioonwatch.org.br\/#organization"},"potentialAction":[{"@type":"SearchAction","target":{"@type":"EntryPoint","urlTemplate":"https:\/\/rioonwatch.org.br\/?s={search_term_string}"},"query-input":{"@type":"PropertyValueSpecification","valueRequired":true,"valueName":"search_term_string"}}],"inLanguage":"pt-BR"},{"@type":"Organization","@id":"https:\/\/rioonwatch.org.br\/#organization","name":"RioOnWatch","url":"https:\/\/rioonwatch.org.br\/","logo":{"@type":"ImageObject","inLanguage":"pt-BR","@id":"https:\/\/rioonwatch.org.br\/#\/schema\/logo\/image\/","url":"https:\/\/rioonwatch.org.br\/wp-content\/uploads\/2021\/06\/RioOnWatchcabecalhoPT11anos-2.png","contentUrl":"https:\/\/rioonwatch.org.br\/wp-content\/uploads\/2021\/06\/RioOnWatchcabecalhoPT11anos-2.png","width":779,"height":277,"caption":"RioOnWatch"},"image":{"@id":"https:\/\/rioonwatch.org.br\/#\/schema\/logo\/image\/"}},{"@type":"Person","@id":"https:\/\/rioonwatch.org.br\/#\/schema\/person\/11d64c290506f9df50c71b850c473f68","name":"Admin","image":{"@type":"ImageObject","inLanguage":"pt-BR","@id":"https:\/\/rioonwatch.org.br\/#\/schema\/person\/image\/","url":"https:\/\/secure.gravatar.com\/avatar\/56211ac74568383903349a1485e3c325?s=96&d=blank&r=g","contentUrl":"https:\/\/secure.gravatar.com\/avatar\/56211ac74568383903349a1485e3c325?s=96&d=blank&r=g","caption":"Admin"},"url":"https:\/\/rioonwatch.org.br\/?author=129"}]}},"_links":{"self":[{"href":"https:\/\/rioonwatch.org.br\/index.php?rest_route=\/wp\/v2\/posts\/23727"}],"collection":[{"href":"https:\/\/rioonwatch.org.br\/index.php?rest_route=\/wp\/v2\/posts"}],"about":[{"href":"https:\/\/rioonwatch.org.br\/index.php?rest_route=\/wp\/v2\/types\/post"}],"author":[{"embeddable":true,"href":"https:\/\/rioonwatch.org.br\/index.php?rest_route=\/wp\/v2\/users\/129"}],"replies":[{"embeddable":true,"href":"https:\/\/rioonwatch.org.br\/index.php?rest_route=%2Fwp%2Fv2%2Fcomments&post=23727"}],"version-history":[{"count":10,"href":"https:\/\/rioonwatch.org.br\/index.php?rest_route=\/wp\/v2\/posts\/23727\/revisions"}],"predecessor-version":[{"id":74170,"href":"https:\/\/rioonwatch.org.br\/index.php?rest_route=\/wp\/v2\/posts\/23727\/revisions\/74170"}],"wp:featuredmedia":[{"embeddable":true,"href":"https:\/\/rioonwatch.org.br\/index.php?rest_route=\/wp\/v2\/media\/23729"}],"wp:attachment":[{"href":"https:\/\/rioonwatch.org.br\/index.php?rest_route=%2Fwp%2Fv2%2Fmedia&parent=23727"}],"wp:term":[{"taxonomy":"category","embeddable":true,"href":"https:\/\/rioonwatch.org.br\/index.php?rest_route=%2Fwp%2Fv2%2Fcategories&post=23727"},{"taxonomy":"post_tag","embeddable":true,"href":"https:\/\/rioonwatch.org.br\/index.php?rest_route=%2Fwp%2Fv2%2Ftags&post=23727"},{"taxonomy":"writer","embeddable":true,"href":"https:\/\/rioonwatch.org.br\/index.php?rest_route=%2Fwp%2Fv2%2Fwriter&post=23727"},{"taxonomy":"translator","embeddable":true,"href":"https:\/\/rioonwatch.org.br\/index.php?rest_route=%2Fwp%2Fv2%2Ftranslator&post=23727"},{"taxonomy":"source","embeddable":true,"href":"https:\/\/rioonwatch.org.br\/index.php?rest_route=%2Fwp%2Fv2%2Fsource&post=23727"},{"taxonomy":"ilustrador","embeddable":true,"href":"https:\/\/rioonwatch.org.br\/index.php?rest_route=%2Fwp%2Fv2%2Filustrador&post=23727"},{"taxonomy":"fotografo","embeddable":true,"href":"https:\/\/rioonwatch.org.br\/index.php?rest_route=%2Fwp%2Fv2%2Ffotografo&post=23727"}],"curies":[{"name":"wp","href":"https:\/\/api.w.org\/{rel}","templated":true}]}}