{"id":23768,"date":"2016-12-02T09:01:10","date_gmt":"2016-12-02T12:01:10","guid":{"rendered":"http:\/\/rioonwatch.org.br\/?p=23768"},"modified":"2024-06-20T16:25:16","modified_gmt":"2024-06-20T19:25:16","slug":"reabilitacao-e-tratamento-para-criancas-com-deficiencia-na-obra-social-dona-meca-na-zona-oeste","status":"publish","type":"post","link":"https:\/\/rioonwatch.org.br\/?p=23768","title":{"rendered":"Reabilita\u00e7\u00e3o e Tratamento para Crian\u00e7as com Defici\u00eancia na Obra Social Dona Meca na Zona Oeste"},"content":{"rendered":"<p style=\"text-align: right;\"><em><strong><a href=\"http:\/\/bit.ly\/2dxKNoR\" target=\"_blank\" rel=\"noopener\">Click Here for English<img decoding=\"async\" width=\"20\" height=\"20\" class=\"alignright wp-image-15790\" src=\"http:\/\/rioonwatch.org.br\/wp-content\/uploads\/2012\/08\/EN-standard-e1439583104716.jpg\" alt=\"\" \/><\/a><\/strong><\/em><\/p>\n<p>Quando Maria do Socorro, 39, chega em casa, ela deixa a <a href=\"http:\/\/bit.ly\/2dEGtmO\" target=\"_blank\" rel=\"noopener\">cadeira de rodas<\/a> do filho de cinco anos, Alejandro, na casa de uma vizinha e o carrega nos bra\u00e7os at\u00e9 sua casa. Para chegar ao apartamento, ela precisa carreg\u00e1-lo pelas escadas at\u00e9 o quarto andar&#8211;ele pesa 20kg&#8211;todos os dias.<\/p>\n<p>N\u00e3o h\u00e1 espa\u00e7o para deixar a cadeira de rodas no t\u00e9rreo ou no apartamento, mas ela est\u00e1 feliz por finalmente ter conseguido uma, ap\u00f3s quatro anos e meio. Alejandro tem paraplegia desde o nascimento devido a mielomeningocele, o que significa que ele nunca ir\u00e1 caminhar por conta pr\u00f3pria. Eles moram em\u00a0<a href=\"http:\/\/bit.ly\/1HgPoFM\" target=\"_blank\" rel=\"noopener\">Rio das Pedras<\/a>, uma favela com aproximadamente 40-65.000 habitantes na <a href=\"http:\/\/bit.ly\/11tBmFR\" target=\"_blank\" rel=\"noopener\">Zona Oeste<\/a> do Rio.<\/p>\n<p>Duas vezes por semana, Maria leva Alejandro a <a href=\"http:\/\/bit.ly\/2cCdYam\" target=\"_blank\" rel=\"noopener\">Obra Social Dona Meca<\/a>, um\u00a0centro de reabilita\u00e7\u00e3o sem fins lucrativos para crian\u00e7as com defici\u00eancia, localizado no bairro Taquara, Zona Oeste. A institui\u00e7\u00e3o foi fundada em 1992 por Ros\u00e2ngela Chacon, uma psic\u00f3loga que continua trabalhando ali. Para proporcionar o atendimento gratuito \u00e0s crian\u00e7as com defici\u00eancia, eles contam com doa\u00e7\u00f5es, financiamento p\u00fablico, patroc\u00ednios e volunt\u00e1rios.<\/p>\n<p>Atualmente, a Obra Social Dona Meca oferece tratamento ambulatorial para 263 crian\u00e7as e abrigo para 35 crian\u00e7as que foram abandonadas, maltratadas ou cujas fam\u00edlias n\u00e3o tinham condi\u00e7\u00f5es de sustent\u00e1-las. Ao todo, a Dona Meca recebe 6.530 visitas ao m\u00eas e oferece 2.450 horas de terapia.<\/p>\n<p>A extens\u00e3o do servi\u00e7o prestado pela Obra Social Dona Meca \u00e9 impressionante. No entanto, n\u00e3o \u00e9 suficiente para atender \u00e0 demanda, j\u00e1 que n\u00e3o existem institui\u00e7\u00f5es similares no Rio.\u00a0Anderson Gama, respons\u00e1vel pelos setores de comunica\u00e7\u00e3o e desenvolvimento institucional da Obra Social Dona Meca, n\u00e3o se recorda de nenhuma outra. H\u00e1 aproximadamente 100 crian\u00e7as na lista de espera para receber tratamento no centro.<\/p>\n<p><a href=\"http:\/\/rioonwatch.org.br\/wp-content\/uploads\/2016\/12\/IMG_4950.jpg\"><img fetchpriority=\"high\" decoding=\"async\" class=\"aligncenter wp-image-23772 size-content\" title=\"Obra Social Dona Meca oferece fisioterapia a uma crian\u00e7a com microcefalia.\" src=\"http:\/\/rioonwatch.org.br\/wp-content\/uploads\/2016\/12\/IMG_4950-620x264.jpg\" alt=\"img_4950\" width=\"620\" height=\"264\" srcset=\"https:\/\/rioonwatch.org.br\/wp-content\/uploads\/2016\/12\/IMG_4950-620x264.jpg 620w, https:\/\/rioonwatch.org.br\/wp-content\/uploads\/2016\/12\/IMG_4950-940x400.jpg 940w\" sizes=\"(max-width: 620px) 100vw, 620px\" \/><\/a><\/p>\n<p>Maria de Socorro est\u00e1 feliz por ter um lugar para Alejandro, e que \u201cn\u00e3o \u00e9 muito longe\u201d. Mesmo assim, eles levam aproximadamente uma hora e meia de \u00f4nibus para chegar. Ela conta que os \u00f4nibus, \u00e0s vezes, n\u00e3o param e ela e Alejandro precisam esperar mais uma hora em um ponto de \u00f4nibus sem estrutura. Segundo Maria, a <a href=\"http:\/\/bit.ly\/1WkJojx\" target=\"_blank\" rel=\"noopener\"><u>mobilidade<\/u><\/a> \u00e9 um dos principais obst\u00e1culos em sua vida.\u00a0<a href=\"http:\/\/bit.ly\/1acNApR\" target=\"_blank\" rel=\"noopener\"><u>Educa\u00e7\u00e3o<\/u><\/a> \u00e9 outro. Alejandro atualmente frequenta uma <a href=\"http:\/\/bit.ly\/2dQJO4t\" target=\"_blank\" rel=\"noopener\"><u>escola p\u00fablica<\/u><\/a>\u00a0regular e gosta de l\u00e1. No entanto, sua m\u00e3e tem medo que n\u00e3o haja acesso para cadeirantes quando ele chegar ao ensino m\u00e9dio.<\/p>\n<p>Anderson Gama refor\u00e7a a preocupa\u00e7\u00e3o de Maria sobre o acesso \u00e0 educa\u00e7\u00e3o: \u201cSegundo a <a href=\"http:\/\/bit.ly\/2cwSjvH\" target=\"_blank\" rel=\"noopener\"><u>lei de inclus\u00e3o<\/u><\/a>, toda crian\u00e7a tem o direito de frequentar uma escola regular. O que \u00e9 uma boa ideia, porque crian\u00e7as n\u00e3o t\u00eam preconceito. Mas, na pr\u00e1tica, nossas escolas n\u00e3o est\u00e3o preparadas. N\u00e3o h\u00e1 professores qualificados, nem rampas, nada. Um de nossos pacientes foi colocado sentado longe da sala de aula e foi deixado ali o dia inteiro. No final, eles encararam como uma brincadeira. Eu receio que o novo governo s\u00f3 ir\u00e1 piorar as coisas\u201d.<\/p>\n<p><a href=\"http:\/\/rioonwatch.org.br\/wp-content\/uploads\/2016\/12\/IMG_4954.jpg\"><img decoding=\"async\" class=\"aligncenter wp-image-23774 size-medium\" title=\"Aulas de esportes na Centro Dona Meca\" src=\"http:\/\/rioonwatch.org.br\/wp-content\/uploads\/2016\/12\/IMG_4954-620x465.jpg\" alt=\"img_4954\" width=\"620\" height=\"465\" srcset=\"https:\/\/rioonwatch.org.br\/wp-content\/uploads\/2016\/12\/IMG_4954-620x465.jpg 620w, https:\/\/rioonwatch.org.br\/wp-content\/uploads\/2016\/12\/IMG_4954-352x264.jpg 352w, https:\/\/rioonwatch.org.br\/wp-content\/uploads\/2016\/12\/IMG_4954-768x576.jpg 768w, https:\/\/rioonwatch.org.br\/wp-content\/uploads\/2016\/12\/IMG_4954-1024x768.jpg 1024w, https:\/\/rioonwatch.org.br\/wp-content\/uploads\/2016\/12\/IMG_4954-174x131.jpg 174w, https:\/\/rioonwatch.org.br\/wp-content\/uploads\/2016\/12\/IMG_4954-300x225.jpg 300w, https:\/\/rioonwatch.org.br\/wp-content\/uploads\/2016\/12\/IMG_4954-70x53.jpg 70w\" sizes=\"(max-width: 620px) 100vw, 620px\" \/><\/a><\/p>\n<p>Em sua proposta de reformas, o presidente Michel Temer, j\u00e1 <a href=\"http:\/\/bit.ly\/2gQo8lD\" target=\"_blank\" rel=\"noopener\">prop\u00f4s um teto para gastos p\u00fablicos por at\u00e9 20 anos<\/a>.<\/p>\n<p><a href=\"http:\/\/bit.ly\/2cKWAii\" target=\"_blank\" rel=\"noopener\">De acordo com os dados do Minist\u00e9rio da Educa\u00e7\u00e3o<\/a>, entre 2003 e 2014 a acessibilidade para pessoas com problemas f\u00edsicos aumentou 381%. No entanto, os dados oficiais devem ser encarados com desconfian\u00e7a. A pergunta sobre quantos brasileiros s\u00e3o, de fato, deficientes, \u00e9 pol\u00eamica. Com base nos dados do censo, o IBGE afirma que 24% da popula\u00e7\u00e3o apresenta algum tipo de defici\u00eancia, o que \u00e9 uma afirma\u00e7\u00e3o chocante. Anderson Gama contesta os n\u00fameros do IBGE.\u00a0\u201cMesmo na Ucr\u00e2nia, onde h\u00e1 uma guerra acontecendo, os n\u00fameros s\u00e3o bem menores\u201d, afirma. \u201cTodos que precisam de \u00f3culos apresentam um problema f\u00edsico e, portanto, s\u00e3o contabilizados. N\u00e3o \u00e9 muito preciso\u201d.<\/p>\n<p>N\u00e3o se sabe exatamente quantos <a href=\"http:\/\/bit.ly\/2cwSjvH\" target=\"_blank\" rel=\"noopener\">moradores da favela s\u00e3o deficientes<\/a>, mas com certeza o dia-a-dia deles apresenta <a href=\"http:\/\/bit.ly\/2d2m1y7\" target=\"_blank\" rel=\"noopener\">v\u00e1rios desafios<\/a>.\u00a0\u201cTudo \u00e9 complicado\u201d, diz Maria.\u00a0<a href=\"http:\/\/bit.ly\/2cwSjvH\" target=\"_blank\" rel=\"noopener\">Os Jogos Paral\u00edmpicos foram feitos para mudar isso<\/a>.\u00a0Maria espera que as recentes Paral\u00edmpiadas tenham impactado a percep\u00e7\u00e3o geral da sociedade sobre as pessoas com defici\u00eancia. O mais importante para ela e o filho foi a divers\u00e3o proporcionada pelo evento. Eles foram tr\u00eas vezes e adoraram. O clima era \u00f3timo e andar pelo Parque Ol\u00edmpico com uma cadeira de rodas n\u00e3o foi um problema: \u201cSe a realidade fosse a mesma dali, a vida seria f\u00e1cil\u201d.<\/p>\n<!-- AddThis Advanced Settings generic via filter on the_content --><!-- AddThis Share Buttons generic via filter on the_content -->","protected":false},"excerpt":{"rendered":"<div class=\"mh-excerpt\"><p>Click Here for English Quando Maria do Socorro, 39, chega em casa, ela deixa a cadeira de rodas do filho de cinco anos, Alejandro, na casa de uma vizinha e o carrega nos bra\u00e7os at\u00e9 <a class=\"mh-excerpt-more\" href=\"https:\/\/rioonwatch.org.br\/?p=23768\" title=\"Reabilita\u00e7\u00e3o e Tratamento para Crian\u00e7as com Defici\u00eancia na Obra Social Dona Meca na Zona Oeste\">[&#8230;]<\/a><!-- AddThis Advanced Settings generic via filter on get_the_excerpt --><!-- AddThis Share Buttons generic via filter on get_the_excerpt --><\/p>\n<\/div>","protected":false},"author":129,"featured_media":23770,"comment_status":"closed","ping_status":"closed","sticky":false,"template":"","format":"standard","meta":{"_acf_changed":false,"_monsterinsights_skip_tracking":false,"_monsterinsights_sitenote_active":false,"_monsterinsights_sitenote_note":"","_monsterinsights_sitenote_category":0,"footnotes":""},"categories":[1618,1635,1626,342],"tags":[934,1967,316,292,1307,1968,1240,1021,560,78,358,1393,294,1347,1911,184],"writer":[1972],"translator":[1948],"source":[],"ilustrador":[],"fotografo":[],"class_list":{"0":"post-23768","1":"post","2":"type-post","3":"status-publish","4":"format-standard","5":"has-post-thumbnail","7":"category-olhonaparticipacao","8":"category-1635","9":"category-por-observadores-internacionais","10":"category-solucoes","11":"tag-acesso","12":"tag-deficiencia-fisica","13":"tag-educacao","14":"tag-esporte","15":"tag-inclusao","16":"tag-jogos-paraolimpicos","17":"tag-megaeventos","18":"tag-mito-do-legado","19":"tag-mobilidade","20":"tag-olimpiadas","21":"tag-organizacao-comunitaria","22":"tag-rio-das-pedras","23":"tag-saude","24":"tag-solucao","25":"tag-taquara","26":"tag-zona-oeste","27":"writer-lisa-hollenbach","28":"translator-larissa-troitino"},"acf":[],"yoast_head":"<!-- This site is optimized with the Yoast SEO plugin v25.6 - https:\/\/yoast.com\/wordpress\/plugins\/seo\/ -->\n<title>Reabilita\u00e7\u00e3o e Tratamento para Crian\u00e7as com Defici\u00eancia na Obra Social Dona Meca na Zona Oeste - RioOnWatch<\/title>\n<meta name=\"robots\" content=\"index, follow, max-snippet:-1, max-image-preview:large, max-video-preview:-1\" \/>\n<link rel=\"canonical\" href=\"https:\/\/rioonwatch.org.br\/?p=23768\" \/>\n<meta property=\"og:locale\" content=\"pt_BR\" \/>\n<meta property=\"og:type\" content=\"article\" \/>\n<meta property=\"og:title\" content=\"Reabilita\u00e7\u00e3o e Tratamento para Crian\u00e7as com Defici\u00eancia na Obra Social Dona Meca na Zona Oeste - RioOnWatch\" \/>\n<meta property=\"og:description\" content=\"Click Here for English Quando Maria do Socorro, 39, chega em casa, ela deixa a cadeira de rodas do filho de cinco anos, Alejandro, na casa de uma vizinha e o carrega nos bra\u00e7os at\u00e9 [...]\" \/>\n<meta property=\"og:url\" content=\"https:\/\/rioonwatch.org.br\/?p=23768\" \/>\n<meta property=\"og:site_name\" content=\"RioOnWatch\" \/>\n<meta property=\"article:published_time\" content=\"2016-12-02T12:01:10+00:00\" \/>\n<meta property=\"article:modified_time\" content=\"2024-06-20T19:25:16+00:00\" \/>\n<meta property=\"og:image\" content=\"https:\/\/rioonwatch.org.br\/wp-content\/uploads\/2016\/12\/rsz_img_4958.jpg\" \/>\n\t<meta property=\"og:image:width\" content=\"1605\" \/>\n\t<meta property=\"og:image:height\" content=\"816\" \/>\n\t<meta property=\"og:image:type\" content=\"image\/jpeg\" \/>\n<meta name=\"author\" content=\"Admin\" \/>\n<meta name=\"twitter:card\" content=\"summary_large_image\" \/>\n<meta name=\"twitter:label1\" content=\"Escrito por\" \/>\n\t<meta name=\"twitter:data1\" content=\"Admin\" \/>\n\t<meta name=\"twitter:label2\" content=\"Est. tempo de leitura\" \/>\n\t<meta name=\"twitter:data2\" content=\"4 minutos\" \/>\n<script type=\"application\/ld+json\" class=\"yoast-schema-graph\">{\"@context\":\"https:\/\/schema.org\",\"@graph\":[{\"@type\":\"Article\",\"@id\":\"https:\/\/rioonwatch.org.br\/?p=23768#article\",\"isPartOf\":{\"@id\":\"https:\/\/rioonwatch.org.br\/?p=23768\"},\"author\":{\"name\":\"Admin\",\"@id\":\"https:\/\/rioonwatch.org.br\/#\/schema\/person\/11d64c290506f9df50c71b850c473f68\"},\"headline\":\"Reabilita\u00e7\u00e3o e Tratamento para Crian\u00e7as com Defici\u00eancia na Obra Social Dona Meca na Zona Oeste\",\"datePublished\":\"2016-12-02T12:01:10+00:00\",\"dateModified\":\"2024-06-20T19:25:16+00:00\",\"mainEntityOfPage\":{\"@id\":\"https:\/\/rioonwatch.org.br\/?p=23768\"},\"wordCount\":781,\"publisher\":{\"@id\":\"https:\/\/rioonwatch.org.br\/#organization\"},\"image\":{\"@id\":\"https:\/\/rioonwatch.org.br\/?p=23768#primaryimage\"},\"thumbnailUrl\":\"https:\/\/rioonwatch.org.br\/wp-content\/uploads\/2016\/12\/rsz_img_4958.jpg\",\"keywords\":[\"acesso\",\"defici\u00eancia f\u00edsica\",\"educa\u00e7\u00e3o\",\"esporte\",\"inclus\u00e3o\",\"Jogos Paraol\u00edmpicos\",\"Megaeventos\",\"mito do legado\",\"mobilidade\",\"Olimp\u00edadas\",\"organiza\u00e7\u00e3o comunit\u00e1ria\",\"Rio das Pedras\",\"sa\u00fade\",\"solu\u00e7\u00e3o\",\"Taquara\",\"Zona Oeste\"],\"articleSection\":[\"#OlhoNaParticipa\u00e7\u00e3o\",\"#Rio2016\",\"Escrito por Aliados\",\"Solu\u00e7\u00f5es\"],\"inLanguage\":\"pt-BR\"},{\"@type\":\"WebPage\",\"@id\":\"https:\/\/rioonwatch.org.br\/?p=23768\",\"url\":\"https:\/\/rioonwatch.org.br\/?p=23768\",\"name\":\"Reabilita\u00e7\u00e3o e Tratamento para Crian\u00e7as com Defici\u00eancia na Obra Social Dona Meca na Zona Oeste - RioOnWatch\",\"isPartOf\":{\"@id\":\"https:\/\/rioonwatch.org.br\/#website\"},\"primaryImageOfPage\":{\"@id\":\"https:\/\/rioonwatch.org.br\/?p=23768#primaryimage\"},\"image\":{\"@id\":\"https:\/\/rioonwatch.org.br\/?p=23768#primaryimage\"},\"thumbnailUrl\":\"https:\/\/rioonwatch.org.br\/wp-content\/uploads\/2016\/12\/rsz_img_4958.jpg\",\"datePublished\":\"2016-12-02T12:01:10+00:00\",\"dateModified\":\"2024-06-20T19:25:16+00:00\",\"breadcrumb\":{\"@id\":\"https:\/\/rioonwatch.org.br\/?p=23768#breadcrumb\"},\"inLanguage\":\"pt-BR\",\"potentialAction\":[{\"@type\":\"ReadAction\",\"target\":[\"https:\/\/rioonwatch.org.br\/?p=23768\"]}]},{\"@type\":\"ImageObject\",\"inLanguage\":\"pt-BR\",\"@id\":\"https:\/\/rioonwatch.org.br\/?p=23768#primaryimage\",\"url\":\"https:\/\/rioonwatch.org.br\/wp-content\/uploads\/2016\/12\/rsz_img_4958.jpg\",\"contentUrl\":\"https:\/\/rioonwatch.org.br\/wp-content\/uploads\/2016\/12\/rsz_img_4958.jpg\",\"width\":1605,\"height\":816},{\"@type\":\"BreadcrumbList\",\"@id\":\"https:\/\/rioonwatch.org.br\/?p=23768#breadcrumb\",\"itemListElement\":[{\"@type\":\"ListItem\",\"position\":1,\"name\":\"In\u00edcio\",\"item\":\"https:\/\/rioonwatch.org.br\/\"},{\"@type\":\"ListItem\",\"position\":2,\"name\":\"Reabilita\u00e7\u00e3o e Tratamento para Crian\u00e7as com Defici\u00eancia na Obra Social Dona Meca na Zona Oeste\"}]},{\"@type\":\"WebSite\",\"@id\":\"https:\/\/rioonwatch.org.br\/#website\",\"url\":\"https:\/\/rioonwatch.org.br\/\",\"name\":\"RioOnWatch\",\"description\":\"relatos das favelas cariocas\",\"publisher\":{\"@id\":\"https:\/\/rioonwatch.org.br\/#organization\"},\"potentialAction\":[{\"@type\":\"SearchAction\",\"target\":{\"@type\":\"EntryPoint\",\"urlTemplate\":\"https:\/\/rioonwatch.org.br\/?s={search_term_string}\"},\"query-input\":{\"@type\":\"PropertyValueSpecification\",\"valueRequired\":true,\"valueName\":\"search_term_string\"}}],\"inLanguage\":\"pt-BR\"},{\"@type\":\"Organization\",\"@id\":\"https:\/\/rioonwatch.org.br\/#organization\",\"name\":\"RioOnWatch\",\"url\":\"https:\/\/rioonwatch.org.br\/\",\"logo\":{\"@type\":\"ImageObject\",\"inLanguage\":\"pt-BR\",\"@id\":\"https:\/\/rioonwatch.org.br\/#\/schema\/logo\/image\/\",\"url\":\"https:\/\/rioonwatch.org.br\/wp-content\/uploads\/2021\/06\/RioOnWatchcabecalhoPT11anos-2.png\",\"contentUrl\":\"https:\/\/rioonwatch.org.br\/wp-content\/uploads\/2021\/06\/RioOnWatchcabecalhoPT11anos-2.png\",\"width\":779,\"height\":277,\"caption\":\"RioOnWatch\"},\"image\":{\"@id\":\"https:\/\/rioonwatch.org.br\/#\/schema\/logo\/image\/\"}},{\"@type\":\"Person\",\"@id\":\"https:\/\/rioonwatch.org.br\/#\/schema\/person\/11d64c290506f9df50c71b850c473f68\",\"name\":\"Admin\",\"image\":{\"@type\":\"ImageObject\",\"inLanguage\":\"pt-BR\",\"@id\":\"https:\/\/rioonwatch.org.br\/#\/schema\/person\/image\/\",\"url\":\"https:\/\/secure.gravatar.com\/avatar\/56211ac74568383903349a1485e3c325?s=96&d=blank&r=g\",\"contentUrl\":\"https:\/\/secure.gravatar.com\/avatar\/56211ac74568383903349a1485e3c325?s=96&d=blank&r=g\",\"caption\":\"Admin\"},\"url\":\"https:\/\/rioonwatch.org.br\/?author=129\"}]}<\/script>\n<!-- \/ Yoast SEO plugin. -->","yoast_head_json":{"title":"Reabilita\u00e7\u00e3o e Tratamento para Crian\u00e7as com Defici\u00eancia na Obra Social Dona Meca na Zona Oeste - RioOnWatch","robots":{"index":"index","follow":"follow","max-snippet":"max-snippet:-1","max-image-preview":"max-image-preview:large","max-video-preview":"max-video-preview:-1"},"canonical":"https:\/\/rioonwatch.org.br\/?p=23768","og_locale":"pt_BR","og_type":"article","og_title":"Reabilita\u00e7\u00e3o e Tratamento para Crian\u00e7as com Defici\u00eancia na Obra Social Dona Meca na Zona Oeste - RioOnWatch","og_description":"Click Here for English Quando Maria do Socorro, 39, chega em casa, ela deixa a cadeira de rodas do filho de cinco anos, Alejandro, na casa de uma vizinha e o carrega nos bra\u00e7os at\u00e9 [...]","og_url":"https:\/\/rioonwatch.org.br\/?p=23768","og_site_name":"RioOnWatch","article_published_time":"2016-12-02T12:01:10+00:00","article_modified_time":"2024-06-20T19:25:16+00:00","og_image":[{"width":1605,"height":816,"url":"https:\/\/rioonwatch.org.br\/wp-content\/uploads\/2016\/12\/rsz_img_4958.jpg","type":"image\/jpeg"}],"author":"Admin","twitter_card":"summary_large_image","twitter_misc":{"Escrito por":"Admin","Est. tempo de leitura":"4 minutos"},"schema":{"@context":"https:\/\/schema.org","@graph":[{"@type":"Article","@id":"https:\/\/rioonwatch.org.br\/?p=23768#article","isPartOf":{"@id":"https:\/\/rioonwatch.org.br\/?p=23768"},"author":{"name":"Admin","@id":"https:\/\/rioonwatch.org.br\/#\/schema\/person\/11d64c290506f9df50c71b850c473f68"},"headline":"Reabilita\u00e7\u00e3o e Tratamento para Crian\u00e7as com Defici\u00eancia na Obra Social Dona Meca na Zona Oeste","datePublished":"2016-12-02T12:01:10+00:00","dateModified":"2024-06-20T19:25:16+00:00","mainEntityOfPage":{"@id":"https:\/\/rioonwatch.org.br\/?p=23768"},"wordCount":781,"publisher":{"@id":"https:\/\/rioonwatch.org.br\/#organization"},"image":{"@id":"https:\/\/rioonwatch.org.br\/?p=23768#primaryimage"},"thumbnailUrl":"https:\/\/rioonwatch.org.br\/wp-content\/uploads\/2016\/12\/rsz_img_4958.jpg","keywords":["acesso","defici\u00eancia f\u00edsica","educa\u00e7\u00e3o","esporte","inclus\u00e3o","Jogos Paraol\u00edmpicos","Megaeventos","mito do legado","mobilidade","Olimp\u00edadas","organiza\u00e7\u00e3o comunit\u00e1ria","Rio das Pedras","sa\u00fade","solu\u00e7\u00e3o","Taquara","Zona Oeste"],"articleSection":["#OlhoNaParticipa\u00e7\u00e3o","#Rio2016","Escrito por Aliados","Solu\u00e7\u00f5es"],"inLanguage":"pt-BR"},{"@type":"WebPage","@id":"https:\/\/rioonwatch.org.br\/?p=23768","url":"https:\/\/rioonwatch.org.br\/?p=23768","name":"Reabilita\u00e7\u00e3o e Tratamento para Crian\u00e7as com Defici\u00eancia na Obra Social Dona Meca na Zona Oeste - RioOnWatch","isPartOf":{"@id":"https:\/\/rioonwatch.org.br\/#website"},"primaryImageOfPage":{"@id":"https:\/\/rioonwatch.org.br\/?p=23768#primaryimage"},"image":{"@id":"https:\/\/rioonwatch.org.br\/?p=23768#primaryimage"},"thumbnailUrl":"https:\/\/rioonwatch.org.br\/wp-content\/uploads\/2016\/12\/rsz_img_4958.jpg","datePublished":"2016-12-02T12:01:10+00:00","dateModified":"2024-06-20T19:25:16+00:00","breadcrumb":{"@id":"https:\/\/rioonwatch.org.br\/?p=23768#breadcrumb"},"inLanguage":"pt-BR","potentialAction":[{"@type":"ReadAction","target":["https:\/\/rioonwatch.org.br\/?p=23768"]}]},{"@type":"ImageObject","inLanguage":"pt-BR","@id":"https:\/\/rioonwatch.org.br\/?p=23768#primaryimage","url":"https:\/\/rioonwatch.org.br\/wp-content\/uploads\/2016\/12\/rsz_img_4958.jpg","contentUrl":"https:\/\/rioonwatch.org.br\/wp-content\/uploads\/2016\/12\/rsz_img_4958.jpg","width":1605,"height":816},{"@type":"BreadcrumbList","@id":"https:\/\/rioonwatch.org.br\/?p=23768#breadcrumb","itemListElement":[{"@type":"ListItem","position":1,"name":"In\u00edcio","item":"https:\/\/rioonwatch.org.br\/"},{"@type":"ListItem","position":2,"name":"Reabilita\u00e7\u00e3o e Tratamento para Crian\u00e7as com Defici\u00eancia na Obra Social Dona Meca na Zona Oeste"}]},{"@type":"WebSite","@id":"https:\/\/rioonwatch.org.br\/#website","url":"https:\/\/rioonwatch.org.br\/","name":"RioOnWatch","description":"relatos das favelas cariocas","publisher":{"@id":"https:\/\/rioonwatch.org.br\/#organization"},"potentialAction":[{"@type":"SearchAction","target":{"@type":"EntryPoint","urlTemplate":"https:\/\/rioonwatch.org.br\/?s={search_term_string}"},"query-input":{"@type":"PropertyValueSpecification","valueRequired":true,"valueName":"search_term_string"}}],"inLanguage":"pt-BR"},{"@type":"Organization","@id":"https:\/\/rioonwatch.org.br\/#organization","name":"RioOnWatch","url":"https:\/\/rioonwatch.org.br\/","logo":{"@type":"ImageObject","inLanguage":"pt-BR","@id":"https:\/\/rioonwatch.org.br\/#\/schema\/logo\/image\/","url":"https:\/\/rioonwatch.org.br\/wp-content\/uploads\/2021\/06\/RioOnWatchcabecalhoPT11anos-2.png","contentUrl":"https:\/\/rioonwatch.org.br\/wp-content\/uploads\/2021\/06\/RioOnWatchcabecalhoPT11anos-2.png","width":779,"height":277,"caption":"RioOnWatch"},"image":{"@id":"https:\/\/rioonwatch.org.br\/#\/schema\/logo\/image\/"}},{"@type":"Person","@id":"https:\/\/rioonwatch.org.br\/#\/schema\/person\/11d64c290506f9df50c71b850c473f68","name":"Admin","image":{"@type":"ImageObject","inLanguage":"pt-BR","@id":"https:\/\/rioonwatch.org.br\/#\/schema\/person\/image\/","url":"https:\/\/secure.gravatar.com\/avatar\/56211ac74568383903349a1485e3c325?s=96&d=blank&r=g","contentUrl":"https:\/\/secure.gravatar.com\/avatar\/56211ac74568383903349a1485e3c325?s=96&d=blank&r=g","caption":"Admin"},"url":"https:\/\/rioonwatch.org.br\/?author=129"}]}},"_links":{"self":[{"href":"https:\/\/rioonwatch.org.br\/index.php?rest_route=\/wp\/v2\/posts\/23768"}],"collection":[{"href":"https:\/\/rioonwatch.org.br\/index.php?rest_route=\/wp\/v2\/posts"}],"about":[{"href":"https:\/\/rioonwatch.org.br\/index.php?rest_route=\/wp\/v2\/types\/post"}],"author":[{"embeddable":true,"href":"https:\/\/rioonwatch.org.br\/index.php?rest_route=\/wp\/v2\/users\/129"}],"replies":[{"embeddable":true,"href":"https:\/\/rioonwatch.org.br\/index.php?rest_route=%2Fwp%2Fv2%2Fcomments&post=23768"}],"version-history":[{"count":11,"href":"https:\/\/rioonwatch.org.br\/index.php?rest_route=\/wp\/v2\/posts\/23768\/revisions"}],"predecessor-version":[{"id":74171,"href":"https:\/\/rioonwatch.org.br\/index.php?rest_route=\/wp\/v2\/posts\/23768\/revisions\/74171"}],"wp:featuredmedia":[{"embeddable":true,"href":"https:\/\/rioonwatch.org.br\/index.php?rest_route=\/wp\/v2\/media\/23770"}],"wp:attachment":[{"href":"https:\/\/rioonwatch.org.br\/index.php?rest_route=%2Fwp%2Fv2%2Fmedia&parent=23768"}],"wp:term":[{"taxonomy":"category","embeddable":true,"href":"https:\/\/rioonwatch.org.br\/index.php?rest_route=%2Fwp%2Fv2%2Fcategories&post=23768"},{"taxonomy":"post_tag","embeddable":true,"href":"https:\/\/rioonwatch.org.br\/index.php?rest_route=%2Fwp%2Fv2%2Ftags&post=23768"},{"taxonomy":"writer","embeddable":true,"href":"https:\/\/rioonwatch.org.br\/index.php?rest_route=%2Fwp%2Fv2%2Fwriter&post=23768"},{"taxonomy":"translator","embeddable":true,"href":"https:\/\/rioonwatch.org.br\/index.php?rest_route=%2Fwp%2Fv2%2Ftranslator&post=23768"},{"taxonomy":"source","embeddable":true,"href":"https:\/\/rioonwatch.org.br\/index.php?rest_route=%2Fwp%2Fv2%2Fsource&post=23768"},{"taxonomy":"ilustrador","embeddable":true,"href":"https:\/\/rioonwatch.org.br\/index.php?rest_route=%2Fwp%2Fv2%2Filustrador&post=23768"},{"taxonomy":"fotografo","embeddable":true,"href":"https:\/\/rioonwatch.org.br\/index.php?rest_route=%2Fwp%2Fv2%2Ffotografo&post=23768"}],"curies":[{"name":"wp","href":"https:\/\/api.w.org\/{rel}","templated":true}]}}