{"id":23776,"date":"2016-12-11T11:22:51","date_gmt":"2016-12-11T14:22:51","guid":{"rendered":"http:\/\/rioonwatch.org.br\/?p=23776"},"modified":"2024-06-20T16:25:28","modified_gmt":"2024-06-20T19:25:28","slug":"perfil-de-midia-comunitaria-girasol-comunicacoes","status":"publish","type":"post","link":"https:\/\/rioonwatch.org.br\/?p=23776","title":{"rendered":"Perfil de M\u00eddia Comunit\u00e1ria: Girasol Comunica\u00e7\u00f5es na Babil\u00f4nia e Al\u00e9m"},"content":{"rendered":"<p style=\"text-align: right;\"><em><strong><a href=\"http:\/\/bit.ly\/2c3oWnr\" target=\"_blank\" rel=\"noopener\">Click Here for English<img decoding=\"async\" width=\"20\" height=\"20\" class=\"alignright wp-image-15790\" src=\"http:\/\/rioonwatch.org.br\/wp-content\/uploads\/2012\/08\/EN-standard-e1439583104716.jpg\" alt=\"\" \/><\/a><\/strong><\/em><\/p>\n<p><em>Esta mat\u00e9ria faz parte de uma s\u00e9rie sobre <a href=\"http:\/\/bit.ly\/11VbppF\" target=\"_blank\" rel=\"noopener\">ve\u00edculos de comunica\u00e7\u00e3o comunit\u00e1ria<\/a>.<\/em><\/p>\n<p>Marlon Gangazumba e sua companheira chilena Natalia Urbina s\u00e3o cinegrafistas, fot\u00f3grafos, ativistas e instrutores de <a href=\"http:\/\/bit.ly\/1fCNKhk\" target=\"_blank\" rel=\"noopener\">capoeira<\/a>.\u00a0A <a href=\"http:\/\/bit.ly\/2atgfPe\" target=\"_blank\" rel=\"noopener\">Girasol Comunica\u00e7\u00f5es<\/a>\u00a0nasceu em 2012 quando o casal\u00a0decidiu organizar um centro de comunica\u00e7\u00e3o ap\u00f3s in\u00fameros pedidos para filmar eventos comunit\u00e1rios. Eles come\u00e7aram com um <a href=\"http:\/\/bit.ly\/2awnDgK\" target=\"_blank\" rel=\"noopener\">blog<\/a>&#8211;em portugu\u00eas e espanhol&#8211;sobre debates e eventos que ocorriam na comunidade de Marlon, a favela Jorge Turco na <a href=\"http:\/\/bit.ly\/WximDf\" target=\"_blank\" rel=\"noopener\">Zona Norte<\/a> do Rio, com assuntos que v\u00e3o desde\u00a0<a href=\"http:\/\/bit.ly\/2aM7MeH\" target=\"_blank\" rel=\"noopener\">capoeira<\/a>, passando pela <a href=\"http:\/\/bit.ly\/2awqlTo\" target=\"_blank\" rel=\"noopener\">Copa do Mundo<\/a>, <a href=\"http:\/\/bit.ly\/2ar7Pdh\" target=\"_blank\" rel=\"noopener\">poesia<\/a>, <a href=\"http:\/\/bit.ly\/2bZZA9k\" target=\"_blank\" rel=\"noopener\">repara\u00e7\u00f5es pela escravid\u00e3o<\/a> at\u00e9, mais recentemente, <a href=\"http:\/\/bit.ly\/2cm0EYy\" target=\"_blank\" rel=\"noopener\">m\u00eddia comunit\u00e1ria e ativismo<\/a> local no cen\u00e1rio das <a href=\"http:\/\/bit.ly\/PkLXlQ\" target=\"_blank\" rel=\"noopener\">Olimp\u00edadas<\/a>. O casal, junto com os tr\u00eas filhos, publicou mais de 50 v\u00eddeos <a href=\"http:\/\/bit.ly\/2ar7yXR\" target=\"_blank\" rel=\"noopener\">no canal deles no YouTube<\/a> e facilitou v\u00e1rios debates comunit\u00e1rios. Eles tamb\u00e9m mantiveram um canal de r\u00e1dio durante a Copa do Mundo.<\/p>\n<p>\u201cA Girasol Comunica\u00e7\u00f5es surgiu como uma iniciativa familiar de <a href=\"http:\/\/bit.ly\/1jEgxaJ\" target=\"_blank\" rel=\"noopener\">comunica\u00e7\u00e3o popular<\/a>\u00a0aut\u00f4noma destinada \u00e0 necessidade de dissemina\u00e7\u00e3o dos acontecimentos das favelas, tais como diferentes atividades culturais e pol\u00edticas\u201d, explicou Natalia. Tamb\u00e9m surgiu de uma \u201cnecessidade de fortalecer nossa <a href=\"http:\/\/bit.ly\/1a1M6kK\" target=\"_blank\" rel=\"noopener\">cultura local<\/a> de modo que, de pouco a pouco, fortale\u00e7a tamb\u00e9m nossa perspectiva racial, latino-americana e afro-americana\u201d.<\/p>\n<p><iframe title=\"SOS BABIL\u00d4NIA\" width=\"500\" height=\"281\" src=\"https:\/\/www.youtube.com\/embed\/q8Yu1pwk20U?feature=oembed\" frameborder=\"0\" allow=\"accelerometer; autoplay; clipboard-write; encrypted-media; gyroscope; picture-in-picture; web-share\" referrerpolicy=\"strict-origin-when-cross-origin\" allowfullscreen><\/iframe><\/p>\n<p>\u201cGirasol\u201d com um <em>s<\/em> significa girassol em espanhol. Natalia diz que a iniciativa criou novas formas de conceber a comunica\u00e7\u00e3o popular \u201cao misturar nossas forma\u00e7\u00f5es acad\u00eamicas e profissionais com o nosso dia-a-dia, assim como ao explorar a verdade em nossa <a href=\"http:\/\/bit.ly\/2gL6WS2\" target=\"_blank\" rel=\"noopener\">di\u00e1spora africana<\/a> e identidade como latino-americanos\u201d.<\/p>\n<p>Quando o <em>RioOnWatch<\/em> entrevistou Natalia na <a href=\"http:\/\/bit.ly\/110zVNZ\" target=\"_blank\" rel=\"noopener\">Babil\u00f4nia<\/a>, <a href=\"http:\/\/bit.ly\/1mNsDyk\" target=\"_blank\" rel=\"noopener\">Zona Sul<\/a>, ela chegou carregando sua filha rec\u00e9m-nascida. Ao inv\u00e9s de se sentar\u00a0para a entrevista, ela preferiu conversar enquanto visitava uma padaria local, dava uma olhada em uma barraca comunit\u00e1ria de empr\u00e9stimo de livros e visitando a escola que seus filhos frequentam. Natalia explicou que, para entender a Girasol Comunica\u00e7\u00f5es, \u00e9 preciso entender a favela. A Girasol Comunica\u00e7\u00f5es n\u00e3o existe sozinha, ela \u00e9 uma extens\u00e3o da voz dos moradores da comunidade.<\/p>\n<p><a href=\"http:\/\/rioonwatch.org.br\/wp-content\/uploads\/2016\/12\/Chapeu-Mangueira-Festa-Juninha.jpg\"><img fetchpriority=\"high\" decoding=\"async\" class=\"aligncenter wp-image-23781 size-content\" title=\"Chap\u00e9u-Mangueira, a comunidade ao lado da Babil\u00f4nia, decorada para celebra\u00e7\u00f5es de Festa Junina.\" src=\"http:\/\/rioonwatch.org.br\/wp-content\/uploads\/2016\/12\/Chapeu-Mangueira-Festa-Juninha-620x264.jpg\" alt=\"chapeu-mangueira-festa-juninha\" width=\"620\" height=\"264\" srcset=\"https:\/\/rioonwatch.org.br\/wp-content\/uploads\/2016\/12\/Chapeu-Mangueira-Festa-Juninha-620x264.jpg 620w, https:\/\/rioonwatch.org.br\/wp-content\/uploads\/2016\/12\/Chapeu-Mangueira-Festa-Juninha-940x400.jpg 940w\" sizes=\"(max-width: 620px) 100vw, 620px\" \/><\/a><\/p>\n<p>Durante a visita do <em>RioOnWatch<\/em>, Natalia tamb\u00e9m entrevistou <a href=\"http:\/\/bit.ly\/1NbnQ2C\" target=\"_blank\" rel=\"noopener\">Andr\u00e9 Constantine, o presidente da Associa\u00e7\u00e3o de Moradores do Morro da Babil\u00f4nia<\/a>. Andr\u00e9 mostrou-se c\u00e9tico sobre jornalistas, intelectuais e outras pessoas de fora que visitam as favelas&#8211;principalmente a Babil\u00f4nia, que se encontra em risco de <a href=\"http:\/\/bit.ly\/184FqS4\" target=\"_blank\" rel=\"noopener\">gentrifica\u00e7\u00e3o<\/a>&#8211;procurando por informa\u00e7\u00f5es. No entanto, ele discutiu entusiasticamente com Natalia sobre <a href=\"http:\/\/bit.ly\/2aLe8t0\" target=\"_blank\" rel=\"noopener\">justi\u00e7a racial<\/a>, repara\u00e7\u00f5es pela <a href=\"http:\/\/bit.ly\/1Hg4Zj3\" target=\"_blank\" rel=\"noopener\">escravid\u00e3o<\/a>, <a href=\"http:\/\/bit.ly\/1Uabnln\" target=\"_blank\" rel=\"noopener\">feminismo<\/a> e as Olimp\u00edadas.<\/p>\n<p>\u201cA m\u00eddia feita por moradores da favela respeita o nosso protagonismo\u201d, afirma Natalia. A Girasol Comunica\u00e7\u00f5es \u00e9 uma \u201cm\u00eddia da favela\u201d, pois a narrativa sempre se d\u00e1 de dentro para fora. Ela ignora o ponto de vista de quem olha de fora e foca nas hist\u00f3rias e not\u00edcias da favela, mantendo o protagonismo e a dignidade dos moradores. Girasol Comunica\u00e7\u00f5es dissemina \u201cimagens que fortalecem a identidade cultural de cada lugar\u201d com um foco particular \u201cnaqueles irm\u00e3os da di\u00e1spora africana, nas irm\u00e3s que t\u00eam filhos, nos trabalhadores\u201d.<\/p>\n<p>Para Natalia, a m\u00eddia comunit\u00e1ria tamb\u00e9m significa a <a href=\"http:\/\/bit.ly\/1VQ2Nqq\" target=\"_blank\" rel=\"noopener\">democratiza\u00e7\u00e3o da cria\u00e7\u00e3o de m\u00eddia<\/a>: \u201cComunica\u00e7\u00e3o popular prega que voc\u00ea pode se comunicar com aquilo que voc\u00ea tiver. Se voc\u00ea n\u00e3o tem um computador, use um cartaz; se voc\u00ea n\u00e3o tem um cartaz, use um megafone; se voc\u00ea n\u00e3o tem um megafone, grita! A riqueza n\u00e3o est\u00e1 na produ\u00e7\u00e3o audiovisual, mas sim no discurso\u201d.<\/p>\n<p>Quando os moradores da favela pedem ajuda atrav\u00e9s de comunicados, a Girasol Comunica\u00e7\u00f5es publica as mensagens exatamente como s\u00e3o enviadas. &#8220;N\u00e3o \u00e9 preciso corrigir muito a gram\u00e1tica&#8221;, explica Natalia. Dessa forma, a Girasol mantem a dignidade e a <a href=\"http:\/\/bit.ly\/1LiSfzK\" target=\"_blank\" rel=\"noopener\">linguagem das pessoas<\/a>; a mensagem \u00e9 passada e ningu\u00e9m se sente silenciado.<\/p>\n<p><a href=\"http:\/\/rioonwatch.org.br\/wp-content\/uploads\/2016\/12\/Posters-as-local-communication.jpg\"><img decoding=\"async\" class=\"aligncenter wp-image-23784 size-content\" title=\"Natalia Urbina mostra a forma eficaz e local de comunica\u00e7\u00e3o atrav\u00e9s de cartazes.\" src=\"http:\/\/rioonwatch.org.br\/wp-content\/uploads\/2016\/12\/Posters-as-local-communication-620x264.jpg\" alt=\"posters-as-local-communication\" width=\"620\" height=\"264\" srcset=\"https:\/\/rioonwatch.org.br\/wp-content\/uploads\/2016\/12\/Posters-as-local-communication-620x264.jpg 620w, https:\/\/rioonwatch.org.br\/wp-content\/uploads\/2016\/12\/Posters-as-local-communication-940x400.jpg 940w\" sizes=\"(max-width: 620px) 100vw, 620px\" \/><\/a><\/p>\n<p>Atualmente, a Girasol Comunica\u00e7\u00f5es \u201cest\u00e1 trabalhando com diferentes grupos de libera\u00e7\u00e3o negra, documentando tudo aquilo que ocorre na <a href=\"http:\/\/bit.ly\/2at83Vp\" target=\"_blank\" rel=\"noopener\">luta por repara\u00e7\u00f5es<\/a> pela escravid\u00e3o dos negros e povos ind\u00edgenas\u201d.<\/p>\n<p>\u201cMesmo tendo apoiado mais de 17 projetos, n\u00f3s n\u00e3o ganhamos nada\u201d, afirma Natalia. Para cobrir as despesas, ela\u00a0e Marlon vendem bolos, p\u00e3es, doces, servi\u00e7os fotogr\u00e1ficos e d\u00e3o aulas de capoeira. Apesar disso, conseguir recursos e financiamento \u00e9 um desafio. Eles mantiveram um programa de r\u00e1dio ao vivo durante toda a Copa do Mundo com apenas um computador, por isso ficou muito dif\u00edcil trabalhar em outros projetos. Portanto, o casal reativa a esta\u00e7\u00e3o de r\u00e1dio apenas durante per\u00edodos cruciais. Apesar das dificuldades, a Girasol Comunica\u00e7\u00f5es prova todos os dias que qualquer um pode se comunicar.<\/p>\n<p>O futuro da Girasol Comunica\u00e7\u00f5es est\u00e1 voltado para a <a href=\"http:\/\/bit.ly\/1acNApR\" target=\"_blank\" rel=\"noopener\">educa\u00e7\u00e3o<\/a> e tem como foco a juventude. Acabam de lan\u00e7ar o <a href=\"http:\/\/bit.ly\/2hrPzGB\" target=\"_blank\" rel=\"noopener\">Girasol Filmes no Facebook<\/a>. E \u201cn\u00f3s estamos inaugurando um canal infantil no YouTube. Vamos trabalhar com linguagens e imagens que reforcem as diferentes identidades das nossas crian\u00e7as\u201d, explicou Natalia. \u201cTodos os nossos meios de comunica\u00e7\u00e3o podem ser usados em cen\u00e1rios educacionais, bem como em outras discuss\u00f5es e debates\u201d.<\/p>\n<h4>Trailer do filme 474 Jacar\u00e9, que acompanhar\u00e1 o drama de\u00a0jovens\u00a0se deslocando do Jacarezinho para as praias da Zona Sul:<\/h4>\n<p><iframe style=\"border: none; overflow: hidden;\" src=\"https:\/\/www.facebook.com\/plugins\/video.php?href=https%3A%2F%2Fwww.facebook.com%2F215218102247794%2Fvideos%2F215966808839590%2F&amp;show_text=0&amp;width=560\" width=\"620\" height=\"348\" frameborder=\"0\" scrolling=\"no\" allowfullscreen=\"allowfullscreen\"><\/iframe><\/p>\n<!-- AddThis Advanced Settings generic via filter on the_content --><!-- AddThis Share Buttons generic via filter on the_content -->","protected":false},"excerpt":{"rendered":"<div class=\"mh-excerpt\"><p>Click Here for English Esta mat\u00e9ria faz parte de uma s\u00e9rie sobre ve\u00edculos de comunica\u00e7\u00e3o comunit\u00e1ria. Marlon Gangazumba e sua companheira chilena Natalia Urbina s\u00e3o cinegrafistas, fot\u00f3grafos, ativistas e instrutores de capoeira.\u00a0A Girasol Comunica\u00e7\u00f5es\u00a0nasceu em <a class=\"mh-excerpt-more\" href=\"https:\/\/rioonwatch.org.br\/?p=23776\" title=\"Perfil de M\u00eddia Comunit\u00e1ria: Girasol Comunica\u00e7\u00f5es na Babil\u00f4nia e Al\u00e9m\">[&#8230;]<\/a><!-- AddThis Advanced Settings generic via filter on get_the_excerpt --><!-- AddThis Share Buttons generic via filter on get_the_excerpt --><\/p>\n<\/div>","protected":false},"author":129,"featured_media":23788,"comment_status":"closed","ping_status":"closed","sticky":false,"template":"","format":"standard","meta":{"_acf_changed":false,"_monsterinsights_skip_tracking":false,"_monsterinsights_sitenote_active":false,"_monsterinsights_sitenote_note":"","_monsterinsights_sitenote_category":0,"footnotes":""},"categories":[1615,1629,1626,1613,342],"tags":[921,1530,389,513,421,333,316,395,2042,1208,1240,708,78,936,1229,1344,476,218,383],"writer":[1873],"translator":[1948],"source":[],"ilustrador":[],"fotografo":[],"class_list":{"0":"post-23776","1":"post","2":"type-post","3":"status-publish","4":"format-standard","5":"has-post-thumbnail","7":"category-cultura-da-favela","8":"category-entrevistas-e-perfis","9":"category-por-observadores-internacionais","10":"category-midia-comunitaria","11":"category-solucoes","12":"tag-capoeira","13":"tag-midia-comunitaria","14":"tag-copa-do-mundo","15":"tag-cultura-afro-brasileira","16":"tag-cultura-da-favela","17":"tag-diaspora","18":"tag-educacao","19":"tag-gentrificacao-remocao-branca","20":"tag-jorge-turco","21":"tag-linguagem","22":"tag-megaeventos","23":"tag-morro-da-babilonia","24":"tag-olimpiadas","25":"tag-raca","26":"tag-reparacao","27":"tag-serie-comunicacao-comunitaria","28":"tag-solucao-comunitaria","29":"tag-zona-norte","30":"tag-zona-sul","31":"writer-mikayla-ribeiro","32":"translator-larissa-troitino"},"acf":[],"yoast_head":"<!-- This site is optimized with the Yoast SEO plugin v25.6 - https:\/\/yoast.com\/wordpress\/plugins\/seo\/ -->\n<title>Perfil de M\u00eddia Comunit\u00e1ria: Girasol Comunica\u00e7\u00f5es na Babil\u00f4nia e Al\u00e9m - RioOnWatch<\/title>\n<meta name=\"robots\" content=\"index, follow, max-snippet:-1, max-image-preview:large, max-video-preview:-1\" \/>\n<link rel=\"canonical\" href=\"https:\/\/rioonwatch.org.br\/?p=23776\" \/>\n<meta property=\"og:locale\" content=\"pt_BR\" \/>\n<meta property=\"og:type\" content=\"article\" \/>\n<meta property=\"og:title\" content=\"Perfil de M\u00eddia Comunit\u00e1ria: Girasol Comunica\u00e7\u00f5es na Babil\u00f4nia e Al\u00e9m - RioOnWatch\" \/>\n<meta property=\"og:description\" content=\"Click Here for English Esta mat\u00e9ria faz parte de uma s\u00e9rie sobre ve\u00edculos de comunica\u00e7\u00e3o comunit\u00e1ria. Marlon Gangazumba e sua companheira chilena Natalia Urbina s\u00e3o cinegrafistas, fot\u00f3grafos, ativistas e instrutores de capoeira.\u00a0A Girasol Comunica\u00e7\u00f5es\u00a0nasceu em [...]\" \/>\n<meta property=\"og:url\" content=\"https:\/\/rioonwatch.org.br\/?p=23776\" \/>\n<meta property=\"og:site_name\" content=\"RioOnWatch\" \/>\n<meta property=\"article:published_time\" content=\"2016-12-11T14:22:51+00:00\" \/>\n<meta property=\"article:modified_time\" content=\"2024-06-20T19:25:28+00:00\" \/>\n<meta property=\"og:image\" content=\"https:\/\/rioonwatch.org.br\/wp-content\/uploads\/2016\/12\/Girasol-Comunicacoes-Natalia-Urbina-and-her-daughter.jpg\" \/>\n\t<meta property=\"og:image:width\" content=\"2000\" \/>\n\t<meta property=\"og:image:height\" content=\"1494\" \/>\n\t<meta property=\"og:image:type\" content=\"image\/jpeg\" \/>\n<meta name=\"author\" content=\"Admin\" \/>\n<meta name=\"twitter:card\" content=\"summary_large_image\" \/>\n<meta name=\"twitter:label1\" content=\"Escrito por\" \/>\n\t<meta name=\"twitter:data1\" content=\"Admin\" \/>\n\t<meta name=\"twitter:label2\" content=\"Est. tempo de leitura\" \/>\n\t<meta name=\"twitter:data2\" content=\"5 minutos\" \/>\n<script type=\"application\/ld+json\" class=\"yoast-schema-graph\">{\"@context\":\"https:\/\/schema.org\",\"@graph\":[{\"@type\":\"Article\",\"@id\":\"https:\/\/rioonwatch.org.br\/?p=23776#article\",\"isPartOf\":{\"@id\":\"https:\/\/rioonwatch.org.br\/?p=23776\"},\"author\":{\"name\":\"Admin\",\"@id\":\"https:\/\/rioonwatch.org.br\/#\/schema\/person\/11d64c290506f9df50c71b850c473f68\"},\"headline\":\"Perfil de M\u00eddia Comunit\u00e1ria: Girasol Comunica\u00e7\u00f5es na Babil\u00f4nia e Al\u00e9m\",\"datePublished\":\"2016-12-11T14:22:51+00:00\",\"dateModified\":\"2024-06-20T19:25:28+00:00\",\"mainEntityOfPage\":{\"@id\":\"https:\/\/rioonwatch.org.br\/?p=23776\"},\"wordCount\":922,\"publisher\":{\"@id\":\"https:\/\/rioonwatch.org.br\/#organization\"},\"image\":{\"@id\":\"https:\/\/rioonwatch.org.br\/?p=23776#primaryimage\"},\"thumbnailUrl\":\"https:\/\/rioonwatch.org.br\/wp-content\/uploads\/2016\/12\/Girasol-Comunicacoes-Natalia-Urbina-and-her-daughter.jpg\",\"keywords\":[\"capoeira\",\"Comunica\u00e7\u00e3o Comunit\u00e1ria\",\"Copa do Mundo\",\"Cultura Afro-brasileira\",\"cultura da favela\",\"Di\u00e1spora Africana\",\"educa\u00e7\u00e3o\",\"gentrifica\u00e7\u00e3o\",\"Jorge Turco\",\"linguagem\",\"Megaeventos\",\"Morro da Babil\u00f4nia\",\"Olimp\u00edadas\",\"ra\u00e7a\",\"repara\u00e7\u00e3o\",\"S\u00e9rie: Perfis de M\u00eddia Comunit\u00e1ria\",\"solu\u00e7\u00e3o comunit\u00e1ria\",\"Zona Norte\",\"Zona Sul\"],\"articleSection\":[\"Cultura da Favela\",\"Entrevistas e Perfis\",\"Escrito por Aliados\",\"M\u00eddia Comunit\u00e1ria\",\"Solu\u00e7\u00f5es\"],\"inLanguage\":\"pt-BR\"},{\"@type\":\"WebPage\",\"@id\":\"https:\/\/rioonwatch.org.br\/?p=23776\",\"url\":\"https:\/\/rioonwatch.org.br\/?p=23776\",\"name\":\"Perfil de M\u00eddia Comunit\u00e1ria: Girasol Comunica\u00e7\u00f5es na Babil\u00f4nia e Al\u00e9m - RioOnWatch\",\"isPartOf\":{\"@id\":\"https:\/\/rioonwatch.org.br\/#website\"},\"primaryImageOfPage\":{\"@id\":\"https:\/\/rioonwatch.org.br\/?p=23776#primaryimage\"},\"image\":{\"@id\":\"https:\/\/rioonwatch.org.br\/?p=23776#primaryimage\"},\"thumbnailUrl\":\"https:\/\/rioonwatch.org.br\/wp-content\/uploads\/2016\/12\/Girasol-Comunicacoes-Natalia-Urbina-and-her-daughter.jpg\",\"datePublished\":\"2016-12-11T14:22:51+00:00\",\"dateModified\":\"2024-06-20T19:25:28+00:00\",\"breadcrumb\":{\"@id\":\"https:\/\/rioonwatch.org.br\/?p=23776#breadcrumb\"},\"inLanguage\":\"pt-BR\",\"potentialAction\":[{\"@type\":\"ReadAction\",\"target\":[\"https:\/\/rioonwatch.org.br\/?p=23776\"]}]},{\"@type\":\"ImageObject\",\"inLanguage\":\"pt-BR\",\"@id\":\"https:\/\/rioonwatch.org.br\/?p=23776#primaryimage\",\"url\":\"https:\/\/rioonwatch.org.br\/wp-content\/uploads\/2016\/12\/Girasol-Comunicacoes-Natalia-Urbina-and-her-daughter.jpg\",\"contentUrl\":\"https:\/\/rioonwatch.org.br\/wp-content\/uploads\/2016\/12\/Girasol-Comunicacoes-Natalia-Urbina-and-her-daughter.jpg\",\"width\":2000,\"height\":1494},{\"@type\":\"BreadcrumbList\",\"@id\":\"https:\/\/rioonwatch.org.br\/?p=23776#breadcrumb\",\"itemListElement\":[{\"@type\":\"ListItem\",\"position\":1,\"name\":\"In\u00edcio\",\"item\":\"https:\/\/rioonwatch.org.br\/\"},{\"@type\":\"ListItem\",\"position\":2,\"name\":\"Perfil de M\u00eddia Comunit\u00e1ria: Girasol Comunica\u00e7\u00f5es na Babil\u00f4nia e Al\u00e9m\"}]},{\"@type\":\"WebSite\",\"@id\":\"https:\/\/rioonwatch.org.br\/#website\",\"url\":\"https:\/\/rioonwatch.org.br\/\",\"name\":\"RioOnWatch\",\"description\":\"relatos das favelas cariocas\",\"publisher\":{\"@id\":\"https:\/\/rioonwatch.org.br\/#organization\"},\"potentialAction\":[{\"@type\":\"SearchAction\",\"target\":{\"@type\":\"EntryPoint\",\"urlTemplate\":\"https:\/\/rioonwatch.org.br\/?s={search_term_string}\"},\"query-input\":{\"@type\":\"PropertyValueSpecification\",\"valueRequired\":true,\"valueName\":\"search_term_string\"}}],\"inLanguage\":\"pt-BR\"},{\"@type\":\"Organization\",\"@id\":\"https:\/\/rioonwatch.org.br\/#organization\",\"name\":\"RioOnWatch\",\"url\":\"https:\/\/rioonwatch.org.br\/\",\"logo\":{\"@type\":\"ImageObject\",\"inLanguage\":\"pt-BR\",\"@id\":\"https:\/\/rioonwatch.org.br\/#\/schema\/logo\/image\/\",\"url\":\"https:\/\/rioonwatch.org.br\/wp-content\/uploads\/2021\/06\/RioOnWatchcabecalhoPT11anos-2.png\",\"contentUrl\":\"https:\/\/rioonwatch.org.br\/wp-content\/uploads\/2021\/06\/RioOnWatchcabecalhoPT11anos-2.png\",\"width\":779,\"height\":277,\"caption\":\"RioOnWatch\"},\"image\":{\"@id\":\"https:\/\/rioonwatch.org.br\/#\/schema\/logo\/image\/\"}},{\"@type\":\"Person\",\"@id\":\"https:\/\/rioonwatch.org.br\/#\/schema\/person\/11d64c290506f9df50c71b850c473f68\",\"name\":\"Admin\",\"image\":{\"@type\":\"ImageObject\",\"inLanguage\":\"pt-BR\",\"@id\":\"https:\/\/rioonwatch.org.br\/#\/schema\/person\/image\/\",\"url\":\"https:\/\/secure.gravatar.com\/avatar\/56211ac74568383903349a1485e3c325?s=96&d=blank&r=g\",\"contentUrl\":\"https:\/\/secure.gravatar.com\/avatar\/56211ac74568383903349a1485e3c325?s=96&d=blank&r=g\",\"caption\":\"Admin\"},\"url\":\"https:\/\/rioonwatch.org.br\/?author=129\"}]}<\/script>\n<!-- \/ Yoast SEO plugin. -->","yoast_head_json":{"title":"Perfil de M\u00eddia Comunit\u00e1ria: Girasol Comunica\u00e7\u00f5es na Babil\u00f4nia e Al\u00e9m - RioOnWatch","robots":{"index":"index","follow":"follow","max-snippet":"max-snippet:-1","max-image-preview":"max-image-preview:large","max-video-preview":"max-video-preview:-1"},"canonical":"https:\/\/rioonwatch.org.br\/?p=23776","og_locale":"pt_BR","og_type":"article","og_title":"Perfil de M\u00eddia Comunit\u00e1ria: Girasol Comunica\u00e7\u00f5es na Babil\u00f4nia e Al\u00e9m - RioOnWatch","og_description":"Click Here for English Esta mat\u00e9ria faz parte de uma s\u00e9rie sobre ve\u00edculos de comunica\u00e7\u00e3o comunit\u00e1ria. Marlon Gangazumba e sua companheira chilena Natalia Urbina s\u00e3o cinegrafistas, fot\u00f3grafos, ativistas e instrutores de capoeira.\u00a0A Girasol Comunica\u00e7\u00f5es\u00a0nasceu em [...]","og_url":"https:\/\/rioonwatch.org.br\/?p=23776","og_site_name":"RioOnWatch","article_published_time":"2016-12-11T14:22:51+00:00","article_modified_time":"2024-06-20T19:25:28+00:00","og_image":[{"width":2000,"height":1494,"url":"https:\/\/rioonwatch.org.br\/wp-content\/uploads\/2016\/12\/Girasol-Comunicacoes-Natalia-Urbina-and-her-daughter.jpg","type":"image\/jpeg"}],"author":"Admin","twitter_card":"summary_large_image","twitter_misc":{"Escrito por":"Admin","Est. tempo de leitura":"5 minutos"},"schema":{"@context":"https:\/\/schema.org","@graph":[{"@type":"Article","@id":"https:\/\/rioonwatch.org.br\/?p=23776#article","isPartOf":{"@id":"https:\/\/rioonwatch.org.br\/?p=23776"},"author":{"name":"Admin","@id":"https:\/\/rioonwatch.org.br\/#\/schema\/person\/11d64c290506f9df50c71b850c473f68"},"headline":"Perfil de M\u00eddia Comunit\u00e1ria: Girasol Comunica\u00e7\u00f5es na Babil\u00f4nia e Al\u00e9m","datePublished":"2016-12-11T14:22:51+00:00","dateModified":"2024-06-20T19:25:28+00:00","mainEntityOfPage":{"@id":"https:\/\/rioonwatch.org.br\/?p=23776"},"wordCount":922,"publisher":{"@id":"https:\/\/rioonwatch.org.br\/#organization"},"image":{"@id":"https:\/\/rioonwatch.org.br\/?p=23776#primaryimage"},"thumbnailUrl":"https:\/\/rioonwatch.org.br\/wp-content\/uploads\/2016\/12\/Girasol-Comunicacoes-Natalia-Urbina-and-her-daughter.jpg","keywords":["capoeira","Comunica\u00e7\u00e3o Comunit\u00e1ria","Copa do Mundo","Cultura Afro-brasileira","cultura da favela","Di\u00e1spora Africana","educa\u00e7\u00e3o","gentrifica\u00e7\u00e3o","Jorge Turco","linguagem","Megaeventos","Morro da Babil\u00f4nia","Olimp\u00edadas","ra\u00e7a","repara\u00e7\u00e3o","S\u00e9rie: Perfis de M\u00eddia Comunit\u00e1ria","solu\u00e7\u00e3o comunit\u00e1ria","Zona Norte","Zona Sul"],"articleSection":["Cultura da Favela","Entrevistas e Perfis","Escrito por Aliados","M\u00eddia Comunit\u00e1ria","Solu\u00e7\u00f5es"],"inLanguage":"pt-BR"},{"@type":"WebPage","@id":"https:\/\/rioonwatch.org.br\/?p=23776","url":"https:\/\/rioonwatch.org.br\/?p=23776","name":"Perfil de M\u00eddia Comunit\u00e1ria: Girasol Comunica\u00e7\u00f5es na Babil\u00f4nia e Al\u00e9m - RioOnWatch","isPartOf":{"@id":"https:\/\/rioonwatch.org.br\/#website"},"primaryImageOfPage":{"@id":"https:\/\/rioonwatch.org.br\/?p=23776#primaryimage"},"image":{"@id":"https:\/\/rioonwatch.org.br\/?p=23776#primaryimage"},"thumbnailUrl":"https:\/\/rioonwatch.org.br\/wp-content\/uploads\/2016\/12\/Girasol-Comunicacoes-Natalia-Urbina-and-her-daughter.jpg","datePublished":"2016-12-11T14:22:51+00:00","dateModified":"2024-06-20T19:25:28+00:00","breadcrumb":{"@id":"https:\/\/rioonwatch.org.br\/?p=23776#breadcrumb"},"inLanguage":"pt-BR","potentialAction":[{"@type":"ReadAction","target":["https:\/\/rioonwatch.org.br\/?p=23776"]}]},{"@type":"ImageObject","inLanguage":"pt-BR","@id":"https:\/\/rioonwatch.org.br\/?p=23776#primaryimage","url":"https:\/\/rioonwatch.org.br\/wp-content\/uploads\/2016\/12\/Girasol-Comunicacoes-Natalia-Urbina-and-her-daughter.jpg","contentUrl":"https:\/\/rioonwatch.org.br\/wp-content\/uploads\/2016\/12\/Girasol-Comunicacoes-Natalia-Urbina-and-her-daughter.jpg","width":2000,"height":1494},{"@type":"BreadcrumbList","@id":"https:\/\/rioonwatch.org.br\/?p=23776#breadcrumb","itemListElement":[{"@type":"ListItem","position":1,"name":"In\u00edcio","item":"https:\/\/rioonwatch.org.br\/"},{"@type":"ListItem","position":2,"name":"Perfil de M\u00eddia Comunit\u00e1ria: Girasol Comunica\u00e7\u00f5es na Babil\u00f4nia e Al\u00e9m"}]},{"@type":"WebSite","@id":"https:\/\/rioonwatch.org.br\/#website","url":"https:\/\/rioonwatch.org.br\/","name":"RioOnWatch","description":"relatos das favelas cariocas","publisher":{"@id":"https:\/\/rioonwatch.org.br\/#organization"},"potentialAction":[{"@type":"SearchAction","target":{"@type":"EntryPoint","urlTemplate":"https:\/\/rioonwatch.org.br\/?s={search_term_string}"},"query-input":{"@type":"PropertyValueSpecification","valueRequired":true,"valueName":"search_term_string"}}],"inLanguage":"pt-BR"},{"@type":"Organization","@id":"https:\/\/rioonwatch.org.br\/#organization","name":"RioOnWatch","url":"https:\/\/rioonwatch.org.br\/","logo":{"@type":"ImageObject","inLanguage":"pt-BR","@id":"https:\/\/rioonwatch.org.br\/#\/schema\/logo\/image\/","url":"https:\/\/rioonwatch.org.br\/wp-content\/uploads\/2021\/06\/RioOnWatchcabecalhoPT11anos-2.png","contentUrl":"https:\/\/rioonwatch.org.br\/wp-content\/uploads\/2021\/06\/RioOnWatchcabecalhoPT11anos-2.png","width":779,"height":277,"caption":"RioOnWatch"},"image":{"@id":"https:\/\/rioonwatch.org.br\/#\/schema\/logo\/image\/"}},{"@type":"Person","@id":"https:\/\/rioonwatch.org.br\/#\/schema\/person\/11d64c290506f9df50c71b850c473f68","name":"Admin","image":{"@type":"ImageObject","inLanguage":"pt-BR","@id":"https:\/\/rioonwatch.org.br\/#\/schema\/person\/image\/","url":"https:\/\/secure.gravatar.com\/avatar\/56211ac74568383903349a1485e3c325?s=96&d=blank&r=g","contentUrl":"https:\/\/secure.gravatar.com\/avatar\/56211ac74568383903349a1485e3c325?s=96&d=blank&r=g","caption":"Admin"},"url":"https:\/\/rioonwatch.org.br\/?author=129"}]}},"_links":{"self":[{"href":"https:\/\/rioonwatch.org.br\/index.php?rest_route=\/wp\/v2\/posts\/23776"}],"collection":[{"href":"https:\/\/rioonwatch.org.br\/index.php?rest_route=\/wp\/v2\/posts"}],"about":[{"href":"https:\/\/rioonwatch.org.br\/index.php?rest_route=\/wp\/v2\/types\/post"}],"author":[{"embeddable":true,"href":"https:\/\/rioonwatch.org.br\/index.php?rest_route=\/wp\/v2\/users\/129"}],"replies":[{"embeddable":true,"href":"https:\/\/rioonwatch.org.br\/index.php?rest_route=%2Fwp%2Fv2%2Fcomments&post=23776"}],"version-history":[{"count":18,"href":"https:\/\/rioonwatch.org.br\/index.php?rest_route=\/wp\/v2\/posts\/23776\/revisions"}],"predecessor-version":[{"id":74320,"href":"https:\/\/rioonwatch.org.br\/index.php?rest_route=\/wp\/v2\/posts\/23776\/revisions\/74320"}],"wp:featuredmedia":[{"embeddable":true,"href":"https:\/\/rioonwatch.org.br\/index.php?rest_route=\/wp\/v2\/media\/23788"}],"wp:attachment":[{"href":"https:\/\/rioonwatch.org.br\/index.php?rest_route=%2Fwp%2Fv2%2Fmedia&parent=23776"}],"wp:term":[{"taxonomy":"category","embeddable":true,"href":"https:\/\/rioonwatch.org.br\/index.php?rest_route=%2Fwp%2Fv2%2Fcategories&post=23776"},{"taxonomy":"post_tag","embeddable":true,"href":"https:\/\/rioonwatch.org.br\/index.php?rest_route=%2Fwp%2Fv2%2Ftags&post=23776"},{"taxonomy":"writer","embeddable":true,"href":"https:\/\/rioonwatch.org.br\/index.php?rest_route=%2Fwp%2Fv2%2Fwriter&post=23776"},{"taxonomy":"translator","embeddable":true,"href":"https:\/\/rioonwatch.org.br\/index.php?rest_route=%2Fwp%2Fv2%2Ftranslator&post=23776"},{"taxonomy":"source","embeddable":true,"href":"https:\/\/rioonwatch.org.br\/index.php?rest_route=%2Fwp%2Fv2%2Fsource&post=23776"},{"taxonomy":"ilustrador","embeddable":true,"href":"https:\/\/rioonwatch.org.br\/index.php?rest_route=%2Fwp%2Fv2%2Filustrador&post=23776"},{"taxonomy":"fotografo","embeddable":true,"href":"https:\/\/rioonwatch.org.br\/index.php?rest_route=%2Fwp%2Fv2%2Ffotografo&post=23776"}],"curies":[{"name":"wp","href":"https:\/\/api.w.org\/{rel}","templated":true}]}}