{"id":23822,"date":"2017-02-21T08:54:55","date_gmt":"2017-02-21T11:54:55","guid":{"rendered":"http:\/\/rioonwatch.org.br\/?p=23822"},"modified":"2017-02-22T14:28:04","modified_gmt":"2017-02-22T17:28:04","slug":"ciclos-virtuosos-de-desenvolvimento-mare-fala-por-si-mesma","status":"publish","type":"post","link":"https:\/\/rioonwatch.org.br\/?p=23822","title":{"rendered":"Ciclos Virtuosos de Desenvolvimento: Mar\u00e9 Fala por Si Mesma (Mar\u00e9 Vive)"},"content":{"rendered":"<p style=\"text-align: right;\"><em><strong><a href=\"http:\/\/bit.ly\/2bjEq4R\" target=\"_blank\">Click Here for English<img decoding=\"async\" width=\"20\" height=\"20\" class=\"alignright wp-image-15790\" src=\"http:\/\/rioonwatch.org.br\/wp-content\/uploads\/2012\/08\/EN-standard-e1439583104716.jpg\" alt=\"\" \/><\/a><\/strong><\/em><\/p>\n<p><i>Esta \u00e9 a terceira mat\u00e9ria de uma <a href=\"http:\/\/bit.ly\/2adUHXU\" target=\"_blank\">s\u00e9rie de tr\u00eas<\/a> que analisa iniciativas comunit\u00e1rias em tr\u00eas favelas. Lideradas por um ou mais moradores, estas iniciativas t\u00eam em comum o objetivo de levar \u00e0s comunidades um ciclo virtuoso de desenvolvimento econ\u00f4mico, social e<\/i><i>\/<\/i><i>ou cultural.<\/i><\/p>\n<p><span style=\"font-weight: 400;\">O <a href=\"http:\/\/bit.ly\/10BvARw\" target=\"_blank\">Complexo da Mar\u00e9<\/a> \u00e9 o maior complexo de favelas do Rio de Janeiro, estendendo-se por 16 comunidades da <a href=\"http:\/\/bit.ly\/WximDf\" target=\"_blank\">Zona Norte<\/a>, com cerca de 140.000 moradores. Embora seja frequentemente destacado em not\u00edcias da <a href=\"http:\/\/bit.ly\/1OKE065\" target=\"_blank\">grande m\u00eddia<\/a> sobre a <a href=\"http:\/\/bit.ly\/1qugkT2\" target=\"_blank\">viol\u00eancia urbana<\/a>, \u00e9 o lar de uma <a href=\"http:\/\/bit.ly\/1CKy6Jl\" target=\"_blank\">sociedade civil muito diversificada e din\u00e2mica<\/a>. Um ator fundamental nesse dinamismo \u00e9 <a href=\"http:\/\/on.fb.me\/1Lc8azX\" target=\"_blank\">Mar\u00e9 Vive<\/a>, um coletivo informal de <a href=\"http:\/\/bit.ly\/1jEgxaJ\" target=\"_blank\">m\u00eddia comunit\u00e1ria<\/a> que trabalha para proteger e empoderar os moradores da Mar\u00e9, atrav\u00e9s do acompanhamento da viol\u00eancia e documenta\u00e7\u00e3o da mem\u00f3ria coletiva.<\/span><\/p>\n<h3><strong>O nascimento de um coletivo<\/strong><\/h3>\n<p><span style=\"font-weight: 400;\">Mar\u00e9 Vive nasceu devido a\u00a0<a href=\"http:\/\/bit.ly\/1qwYRu4\" target=\"_blank\">ocupa\u00e7\u00e3o militar que durou 15 meses na Mar\u00e9, iniciada em abril de 2014<\/a>, dois meses antes da <a href=\"http:\/\/bit.ly\/WfaiMR\" target=\"_blank\">Copa do Mundo<\/a>, e continuou at\u00e9 junho de 2015. Tr\u00eas dias antes da ocupa\u00e7\u00e3o, um grupo de moradores locais envolvidos em atividades culturais&#8211;jornalistas, fot\u00f3grafos e designers&#8211;se reuniram em um bar da comunidade para discutir como prevenir o previsto abuso militar. &#8220;Em outras favelas a invas\u00e3o militar foi brutal, houve v\u00e1rias <a href=\"http:\/\/bit.ly\/1TCUopn\" target=\"_blank\">viola\u00e7\u00f5es de direitos humanos<\/a>, ent\u00e3o na Mar\u00e9 est\u00e1vamos preocupados com o que iria acontecer aqui&#8221;, diz Josinaldo Medeiros, membro do Mar\u00e9 Vive que prefere a express\u00e3o &#8220;invas\u00e3o&#8221; militar em vez de &#8220;ocupa\u00e7\u00e3o&#8221; militar.<\/span><\/p>\n<p><span style=\"font-weight: 400;\">O grupo decidiu <a href=\"http:\/\/bit.ly\/1qwYRu4\" target=\"_blank\">cobrir a entrada do ex\u00e9rcito na favela<\/a>, com transmiss\u00e3o ao vivo de fotos e v\u00eddeos em uma <a href=\"http:\/\/on.fb.me\/1Lc8azX\" target=\"_blank\">p\u00e1gina do Facebook<\/a>, criada especificamente para esse fim, \u201cporque o Facebook \u00e9 um lugar onde as pessoas da favela est\u00e3o&#8221;, explica <a href=\"http:\/\/bit.ly\/1McM8XD\" target=\"_blank\">Naldinho Louren\u00e7o<\/a> do Mar\u00e9 Vive. O objetivo do novo\u00a0<a href=\"http:\/\/bit.ly\/1FT2X6I\" target=\"_blank\">coletivo<\/a> de m\u00eddia foi monitorar, em nome da comunidade.<\/span><\/p>\n<p><a href=\"http:\/\/rioonwatch.org.br\/wp-content\/uploads\/2016\/12\/PHOTO-1-1.jpg\"><img fetchpriority=\"high\" decoding=\"async\" class=\"aligncenter wp-image-23827 size-content\" title=\"Vista do Morro do Timbau, uma das 16 comunidades do Complexo da Mar\u00e9 e onde Mar\u00e9 Vive foi criado.\" src=\"http:\/\/rioonwatch.org.br\/wp-content\/uploads\/2016\/12\/PHOTO-1-1-620x264.jpg\" alt=\"Vista do Morro do Timbau, uma das 16 comunidades do Complexo da Mar\u00e9 e onde Mar\u00e9 Vive foi criado.\" width=\"620\" height=\"264\" srcset=\"https:\/\/rioonwatch.org.br\/wp-content\/uploads\/2016\/12\/PHOTO-1-1-620x264.jpg 620w, https:\/\/rioonwatch.org.br\/wp-content\/uploads\/2016\/12\/PHOTO-1-1-940x400.jpg 940w\" sizes=\"(max-width: 620px) 100vw, 620px\" \/><\/a><\/p>\n<p><span style=\"font-weight: 400;\">Uma semana depois, a p\u00e1gina do Facebook Mar\u00e9 Vive j\u00e1 havia obtido 5.000 curtidas. Naldinho reflete: &#8220;No princ\u00edpio, Mar\u00e9 Vive n\u00e3o foi pensado como algo permanente, foi pensado como uma coisa pontual. Mas quando criamos a p\u00e1gina tivemos uma enxurrada de curtidas. A cobertura de m\u00eddia era uma demanda da favela, por isso continuamos. N\u00f3s n\u00e3o t\u00ednhamos metodologia, foi uma coisa muito natural mesmo&#8221;.<\/span><\/p>\n<p><span style=\"font-weight: 400;\">O coletivo tamb\u00e9m criou um <a href=\"http:\/\/bit.ly\/29OufYu\" target=\"_blank\">site no WordPress<\/a> onde publicou um &#8220;Manifesto contra a ocupa\u00e7\u00e3o militar das favelas da Mar\u00e9, Rio de Janeiro, Brasil&#8221;, mas este site n\u00e3o foi mantido ap\u00f3s as primeiras postagens.<\/span><\/p>\n<p><span style=\"font-weight: 400;\">A p\u00e1gina do Facebook, no entanto, s\u00f3 continuou a crescer. A partir de fevereiro de 2017, a p\u00e1gina chegou a quase 87.000 curtidas. Junto com outros moradores da Mar\u00e9, o coletivo desenvolveu uma metodologia que chamam de &#8220;alta prote\u00e7\u00e3o comunit\u00e1ria&#8221;, que consiste em <a href=\"http:\/\/bit.ly\/29Zacma\" target=\"_blank\">informar aos moradores sobre qualquer tiro ouvido<\/a> na comunidade. &#8220;N\u00f3s viramos uma refer\u00eancia para as pessoas. Antes de sair de casa, as pessoas acessam a p\u00e1gina Mar\u00e9 Vive para ver se h\u00e1 uma opera\u00e7\u00e3o acontecendo&#8221;, diz Josinaldo Medeiros.<\/span><\/p>\n<p><span style=\"font-weight: 400;\">Embora\u00a0<a href=\"http:\/\/bit.ly\/2gWTwjj\" target=\"_blank\">o ex\u00e9rcito tenha deixado a favela<\/a>, opera\u00e7\u00f5es policiais <a href=\"http:\/\/bit.ly\/29yeeop\" target=\"_blank\">ocorrem regularmente<\/a> e o coletivo desempenha um papel importante na luta contra a <a href=\"http:\/\/bit.ly\/1i0t9Hc\" target=\"_blank\">viol\u00eancia policial<\/a>. Josinaldo Medeiros diz: &#8220;N\u00f3s nos tornamos uma barreira para eles (o ex\u00e9rcito e a pol\u00edcia), porque antes eles faziam o que queriam&#8221;. Ele explica que a plataforma informou os moradores sobre seus direitos e como eles poderiam denunciar casos de viol\u00eancia policial. &#8220;Foi um processo de forma\u00e7\u00e3o tamb\u00e9m para as pessoas da favela&#8221;.<\/span><\/p>\n<p><span style=\"font-weight: 400;\">Em fevereiro de 2015, ap\u00f3s uma morte e v\u00e1rios moradores da favela feridos em tiroteios policiais, o coletivo organizou um <a href=\"http:\/\/bit.ly\/1H4PzB9\" target=\"_blank\">protesto massivo contra a viol\u00eancia policial<\/a> ao longo da Avenida Brasil. &#8220;Foi uma manifesta\u00e7\u00e3o totalmente independente, sem ve\u00edculo institucional, sem palanque. Foi organizada com as pessoas, organicamente. Foi um ato a favor\u00a0da vida&#8221;, explica Josinaldo.<\/span><\/p>\n<p><a href=\"http:\/\/rioonwatch.org.br\/wp-content\/uploads\/2016\/12\/PHOTO-2-1.jpg\"><img decoding=\"async\" class=\"alignright wp-image-23828 size-full\" title=\"Foto de uma das primeiras moradoras da Mar\u00e9, usada como foto de perfil na p\u00e1gina do Facebook do Mar\u00e9 Vive.\" src=\"http:\/\/rioonwatch.org.br\/wp-content\/uploads\/2016\/12\/PHOTO-2-1.jpg\" alt=\"Foto de uma das primeiras moradoras da Mar\u00e9, usada como foto de perfil na p\u00e1gina do Facebook do Mar\u00e9 Vive.\" width=\"210\" height=\"261\" \/><\/a><\/p>\n<p><span style=\"font-weight: 400;\">Al\u00e9m disso, Mar\u00e9 Vive tamb\u00e9m enfatiza e sustenta a <a href=\"http:\/\/bit.ly\/1OcSEDn\" target=\"_blank\">mem\u00f3ria<\/a> coletiva postando dados e v\u00eddeos relacionados com a hist\u00f3ria da comunidade, e ajudando as pessoas a procurar informa\u00e7\u00f5es sobre sua genealogia. De acordo com Josinaldo, esse trabalho tamb\u00e9m \u00e9 muito apoiado pelos moradores do Complexo: &#8220;N\u00f3s come\u00e7amos a perceber que nossos posts tamb\u00e9m mobilizavam as favelas. Pessoas que n\u00e3o conheciam a hist\u00f3ria da comunidade queriam saber como era antes&#8221;.<\/span><\/p>\n<h3>I<span style=\"font-weight: 400;\"><strong>nformalidade e Independ\u00eancia<\/strong><\/span><\/h3>\n<p><span style=\"font-weight: 400;\">Mar\u00e9 Vive agora \u00e9 composta por cinco membros ativos, a maioria deles moradores de longa data da Mar\u00e9. Com idade entre 25 e 40 anos, todos compartilham uma experi\u00eancia em produ\u00e7\u00e3o cultural e m\u00eddia-ativismo, em parte influenciada e inspirada por ONGs ou projetos da sociedade civil, tais como <a href=\"http:\/\/bit.ly\/292fu1M\" target=\"_blank\">Cinemaneiro<\/a> ou <a href=\"http:\/\/bit.ly\/28WaEGm\" target=\"_blank\">5x favela<\/a>, que trabalharam para ampliar as vozes dos moradores atrav\u00e9s da produ\u00e7\u00e3o audiovisual. Josinaldo explica: &#8220;Na d\u00e9cada de 90, principalmente, e in\u00edcio da d\u00e9cada de 2000, havia um discurso muito forte de descentralizar a cultura e o poder para a periferia, de democratizar as coisas. E foi nessa onda que n\u00f3s fomos formados&#8221;.<\/span><\/p>\n<p><span style=\"font-weight: 400;\">De acordo com Naldinho, os membros do Mar\u00e9 Vive tamb\u00e9m s\u00e3o representantes de uma gera\u00e7\u00e3o que se beneficiou da <a href=\"http:\/\/bit.ly\/1VQ2Nqq\" target=\"_blank\">democratiza\u00e7\u00e3o da produ\u00e7\u00e3o de m\u00eddia<\/a> atrav\u00e9s da internet: &#8220;Na \u00e9poca, a m\u00eddia digital estava chegando com for\u00e7a na periferia. Era uma coisa nova para n\u00f3s, porque, at\u00e9 ent\u00e3o, n\u00f3s s\u00f3 receb\u00edamos informa\u00e7\u00e3o. N\u00e3o produz\u00edamos&#8221;.<\/span><\/p>\n<p><span style=\"font-weight: 400;\">O coletivo \u00e9 gerenciado voluntariamente por seus membros em seu tempo livre, cada um deles trazendo suas pr\u00f3prias habilidades e conhecimentos para o grupo. Seus membros d\u00e3o grande import\u00e2ncia \u00e0 independ\u00eancia e \u00e0 informalidade do Mar\u00e9 Vive, que n\u00e3o tem registro oficial e n\u00e3o recebe financiamento. De acordo com Wagner Novaes, outro membro do coletivo, seu car\u00e1ter informal lhe d\u00e1 mais flexibilidade e lhe permite ficar perto das pessoas, trabalhando como um <a href=\"http:\/\/bit.ly\/1XjdXct\" target=\"_blank\">movimento social<\/a> e n\u00e3o como uma institui\u00e7\u00e3o.<\/span><\/p>\n<p><span style=\"font-weight: 400;\">Josinaldo Medeiros diz: &#8220;Quer\u00edamos ser uma coisa da favela para a favela, totalmente independente. Queremos dar voz ao povo, aos que n\u00e3o s\u00e3o ouvidos, sem intermedi\u00e1rios. \u00c9 isso justamente o que nos d\u00e1 credibilidade&#8221;. Naldinho acrescenta: \u201cMuitas pessoas pensam que os moradores das favelas s\u00e3o ignorantes, que n\u00e3o t\u00eam <a href=\"http:\/\/bit.ly\/230MkT1\" target=\"_blank\">opini\u00f5es pol\u00edticas<\/a> ou que s\u00e3o extremamente conservadoras. Mas isso \u00e9 mentira. O que falta \u00e9 informa\u00e7\u00e3o, \u00e9 carinho mesmo. Se voc\u00ea educar os moradores para falarem por si mesmos, eles v\u00e3o querer falar&#8221;.<\/span><\/p>\n<p><a href=\"http:\/\/rioonwatch.org.br\/wp-content\/uploads\/2016\/12\/PHOTO-3-1-e1469116362746.jpg\"><img loading=\"lazy\" decoding=\"async\" class=\"aligncenter wp-image-23830 size-content\" title=\"Dentro do Complexo da Mar\u00e9\" src=\"http:\/\/rioonwatch.org.br\/wp-content\/uploads\/2016\/12\/PHOTO-3-1-e1469116362746-620x264.jpg\" alt=\"Dentro do Complexo da Mar\u00e9\" width=\"620\" height=\"264\" srcset=\"https:\/\/rioonwatch.org.br\/wp-content\/uploads\/2016\/12\/PHOTO-3-1-e1469116362746-620x264.jpg 620w, https:\/\/rioonwatch.org.br\/wp-content\/uploads\/2016\/12\/PHOTO-3-1-e1469116362746-940x400.jpg 940w\" sizes=\"(max-width: 620px) 100vw, 620px\" \/><\/a><\/p>\n<p><span style=\"font-weight: 400;\">A independ\u00eancia financeira do Mar\u00e9 Vive tamb\u00e9m garante a liberdade de express\u00e3o dos seus membros, e lhes permite manter uma linha pol\u00edtica firme, que Josinaldo diz que \u00e9 parte da raz\u00e3o pela qual o movimento tornou-se t\u00e3o popular. &#8220;<\/span><span style=\"font-weight: 400;\">A gente ganhou muita pot\u00eancia por causa de nosso posicionamento. As pessoas acreditam na gente porque colocamos tudo em preto e branco, somos claros. Por\u00e9m, tamb\u00e9m fizemos alguns inimigos e causamos desconfian\u00e7a, principalmente de institui\u00e7\u00f5es&#8221;.<\/span><\/p>\n<p><span style=\"font-weight: 400;\">Membros do movimento at\u00e9 receberam amea\u00e7as de morte por parte da pol\u00edcia em seus est\u00e1gios iniciais. O momento mais cr\u00edtico na curta hist\u00f3ria do Mar\u00e9 Vive foi quando a sua p\u00e1gina no Facebook foi clonada por pessoas que claramente tinham uma inten\u00e7\u00e3o. Josinaldo relata que a p\u00e1gina falsa come\u00e7ou a postar fotos de <a href=\"http:\/\/bit.ly\/NRIxaP\">traficantes de drogas<\/a> para criar confus\u00e3o em torno da identidade e prop\u00f3sito real do Mar\u00e9 Vive: &#8220;<\/span><span style=\"font-weight: 400;\">Come\u00e7ou a criar-se uma confus\u00e3o. A gente tentava entrar na nossa p\u00e1gina e caia na deles, e realmente era parecida, era um clone. A partir da\u00ed parte dos moradores ficaram contra a gente. Isso nos prejudicou muito&#8221;.<\/span><\/p>\n<p><span style=\"font-weight: 400;\">Felizmente, membros do Mar\u00e9 Vive foram capazes de se comunicar com jornalistas de fora da favela, que ajudaram a restabelecer a p\u00e1gina genu\u00edna. O coletivo mant\u00e9m fortes la\u00e7os com jornalistas e ativistas de fora da comunidade, o que lhe d\u00e1 visibilidade e os torna mais resilientes \u00e0s amea\u00e7as.<\/span><\/p>\n<h3><strong>Rumo ao empoderamento da comunidade e \u00e0 elabora\u00e7\u00e3o de pol\u00edticas participativas<\/strong><\/h3>\n<p><span style=\"font-weight: 400;\">Quando perguntado sobre o futuro do Mar\u00e9 Vive, Josinaldo diz: &#8220;N\u00f3s n\u00e3o sabemos onde n\u00f3s queremos chegar, mas n\u00f3s sabemos por onde estamos indo. Ainda estamos na fase de garantir a vida, porque a nossa luta aqui \u00e9 a favor da vida mesmo, inclusive da nossa, mas a gente quer sair da den\u00fancia. Queremos trabalhar a mem\u00f3ria e participar das pol\u00edticas p\u00fablicas\u201d. De fato, alguns dos membros do coletivo est\u00e3o atualmente finalizando um filme sobre velhos pescadores da comunidade.<\/span><\/p>\n<p><span style=\"font-weight: 400;\">O coletivo tamb\u00e9m gostaria de ter o seu pr\u00f3prio site, a fim de arquivar o seu conte\u00fado e atender \u00e0s demandas dos moradores da Mar\u00e9 de forma mais eficiente. Com uma base de seguidores no Facebook que continua crescendo, os membros do Mar\u00e9 Vive se sentem muitas vezes sobrecarregados e lutam pela estabilidade financeira. Eles veem como um desafio para os pr\u00f3ximos anos a capacidade de encontrar o equil\u00edbrio certo entre atividades externas geradoras de renda\u00a0e o trabalho volunt\u00e1rio dentro do coletivo.<\/span><\/p>\n<h3>Siga o Mar\u00e9 Vive no\u00a0<a href=\"http:\/\/on.fb.me\/1Lc8azX\" target=\"_blank\">Facebook<\/a>\u00a0e\u00a0<a href=\"http:\/\/bit.ly\/2a2lmdx\" target=\"_blank\">Twitter<\/a>.<\/h3>\n<h3><em>Confira a\u00a0<a href=\"http:\/\/bit.ly\/11VbppF\">s\u00e9rie de perfis de m\u00eddias comunit\u00e1rias aqui<\/a>.<\/em><\/h3>\n<hr \/>\n<h3><em>S\u00e9rie Completa:\u00a0<a href=\"http:\/\/bit.ly\/2adUHXU\" target=\"_blank\">Ciclos Virtuosos de Desenvolvimento<\/a><\/em><\/h3>\n<p>Parte 1: <a href=\"http:\/\/bit.ly\/2a1Khxx\" target=\"_blank\">Turismo Comunit\u00e1rio no Turano (Turantour)<\/a><br \/>\nParte 2: <a href=\"http:\/\/bit.ly\/2bcdTJp\" target=\"_blank\">Educa\u00e7\u00e3o e Cultura no Morro do Salgueiro<\/a><br \/>\nParte 3: <a href=\"http:\/\/bit.ly\/2hmyYmP\" target=\"_blank\">Mar\u00e9 Fala por Si Mesma (Mar\u00e9 Vive)<\/a><\/p>\n<!-- AddThis Advanced Settings generic via filter on the_content --><!-- AddThis Share Buttons generic via filter on the_content -->","protected":false},"excerpt":{"rendered":"<div class=\"mh-excerpt\"><p>Click Here for English Esta \u00e9 a terceira mat\u00e9ria de uma s\u00e9rie de tr\u00eas que analisa iniciativas comunit\u00e1rias em tr\u00eas favelas. Lideradas por um ou mais moradores, estas iniciativas t\u00eam em comum o objetivo de <a class=\"mh-excerpt-more\" href=\"https:\/\/rioonwatch.org.br\/?p=23822\" title=\"Ciclos Virtuosos de Desenvolvimento: Mar\u00e9 Fala por Si Mesma (Mar\u00e9 Vive)\">[&#8230;]<\/a><!-- AddThis Advanced Settings generic via filter on get_the_excerpt --><!-- AddThis Share Buttons generic via filter on get_the_excerpt --><\/p>\n<\/div>","protected":false},"author":129,"featured_media":23825,"comment_status":"closed","ping_status":"closed","sticky":false,"template":"","format":"standard","meta":{"_acf_changed":false,"_monsterinsights_skip_tracking":false,"_monsterinsights_sitenote_active":false,"_monsterinsights_sitenote_note":"","_monsterinsights_sitenote_category":0,"footnotes":""},"categories":[1618,1621,1629,1626,1613,1612,342],"tags":[948,738,332,1530,128,1103,469,379,1108,358,304,763,2072,432,1913,1344,476,562,1364,920,52,218],"writer":[1906],"translator":[1561],"source":[],"ilustrador":[],"fotografo":[],"class_list":{"0":"post-23822","1":"post","2":"type-post","3":"status-publish","4":"format-standard","5":"has-post-thumbnail","7":"category-olhonaparticipacao","8":"category-destaque","9":"category-entrevistas-e-perfis","10":"category-por-observadores-internacionais","11":"category-midia-comunitaria","12":"category-sociedade-civil","13":"category-solucoes","14":"tag-coletivo","15":"tag-colonia-de-pescadores","16":"tag-complexo-da-mare","17":"tag-midia-comunitaria","18":"tag-historia","19":"tag-informalidade","20":"tag-memoria","21":"tag-midia-social","22":"tag-ocupacao-militar","23":"tag-organizacao-comunitaria","24":"tag-participacao","25":"tag-protesto","26":"tag-qualidades-da-informalidade","27":"tag-resistencia","28":"tag-serie-ciclos-virtuosos","29":"tag-serie-comunicacao-comunitaria","30":"tag-solucao-comunitaria","31":"tag-trafico-de-drogas","32":"tag-violacoes","33":"tag-violencia-de-estado","34":"tag-violencia-policial","35":"tag-zona-norte","36":"writer-mathilde-mouton","37":"translator-isabela-lyrio"},"acf":[],"yoast_head":"<!-- This site is optimized with the Yoast SEO plugin v25.6 - https:\/\/yoast.com\/wordpress\/plugins\/seo\/ -->\n<title>Ciclos Virtuosos de Desenvolvimento: Mar\u00e9 Fala por Si Mesma (Mar\u00e9 Vive) - RioOnWatch<\/title>\n<meta name=\"robots\" content=\"index, follow, max-snippet:-1, max-image-preview:large, max-video-preview:-1\" \/>\n<link rel=\"canonical\" href=\"https:\/\/rioonwatch.org.br\/?p=23822\" \/>\n<meta property=\"og:locale\" content=\"pt_BR\" \/>\n<meta property=\"og:type\" content=\"article\" \/>\n<meta property=\"og:title\" content=\"Ciclos Virtuosos de Desenvolvimento: Mar\u00e9 Fala por Si Mesma (Mar\u00e9 Vive) - RioOnWatch\" \/>\n<meta property=\"og:description\" content=\"Click Here for English Esta \u00e9 a terceira mat\u00e9ria de uma s\u00e9rie de tr\u00eas que analisa iniciativas comunit\u00e1rias em tr\u00eas favelas. Lideradas por um ou mais moradores, estas iniciativas t\u00eam em comum o objetivo de [...]\" \/>\n<meta property=\"og:url\" content=\"https:\/\/rioonwatch.org.br\/?p=23822\" \/>\n<meta property=\"og:site_name\" content=\"RioOnWatch\" \/>\n<meta property=\"article:published_time\" content=\"2017-02-21T11:54:55+00:00\" \/>\n<meta property=\"article:modified_time\" content=\"2017-02-22T17:28:04+00:00\" \/>\n<meta property=\"og:image\" content=\"https:\/\/rioonwatch.org.br\/wp-content\/uploads\/2016\/12\/MareViveFacebook.jpg\" \/>\n\t<meta property=\"og:image:width\" content=\"903\" \/>\n\t<meta property=\"og:image:height\" content=\"385\" \/>\n\t<meta property=\"og:image:type\" content=\"image\/jpeg\" \/>\n<meta name=\"author\" content=\"Admin\" \/>\n<meta name=\"twitter:card\" content=\"summary_large_image\" \/>\n<meta name=\"twitter:label1\" content=\"Escrito por\" \/>\n\t<meta name=\"twitter:data1\" content=\"Admin\" \/>\n\t<meta name=\"twitter:label2\" content=\"Est. tempo de leitura\" \/>\n\t<meta name=\"twitter:data2\" content=\"8 minutos\" \/>\n<script type=\"application\/ld+json\" class=\"yoast-schema-graph\">{\"@context\":\"https:\/\/schema.org\",\"@graph\":[{\"@type\":\"Article\",\"@id\":\"https:\/\/rioonwatch.org.br\/?p=23822#article\",\"isPartOf\":{\"@id\":\"https:\/\/rioonwatch.org.br\/?p=23822\"},\"author\":{\"name\":\"Admin\",\"@id\":\"https:\/\/rioonwatch.org.br\/#\/schema\/person\/11d64c290506f9df50c71b850c473f68\"},\"headline\":\"Ciclos Virtuosos de Desenvolvimento: Mar\u00e9 Fala por Si Mesma (Mar\u00e9 Vive)\",\"datePublished\":\"2017-02-21T11:54:55+00:00\",\"dateModified\":\"2017-02-22T17:28:04+00:00\",\"mainEntityOfPage\":{\"@id\":\"https:\/\/rioonwatch.org.br\/?p=23822\"},\"wordCount\":1612,\"publisher\":{\"@id\":\"https:\/\/rioonwatch.org.br\/#organization\"},\"image\":{\"@id\":\"https:\/\/rioonwatch.org.br\/?p=23822#primaryimage\"},\"thumbnailUrl\":\"https:\/\/rioonwatch.org.br\/wp-content\/uploads\/2016\/12\/MareViveFacebook.jpg\",\"keywords\":[\"coletivo\",\"col\u00f4nia de pescadores\",\"Complexo da Mar\u00e9\",\"Comunica\u00e7\u00e3o Comunit\u00e1ria\",\"hist\u00f3ria\",\"informalidade\",\"Mem\u00f3rias Faveladas\",\"m\u00eddia social\",\"ocupa\u00e7\u00e3o militar\",\"organiza\u00e7\u00e3o comunit\u00e1ria\",\"participa\u00e7\u00e3o\",\"protesto\",\"qualidades da informalidade\",\"resist\u00eancia\",\"S\u00e9rie: Ciclos Virtuosos\",\"S\u00e9rie: Perfis de M\u00eddia Comunit\u00e1ria\",\"solu\u00e7\u00e3o comunit\u00e1ria\",\"tr\u00e1fico de drogas\",\"viola\u00e7\u00f5es\",\"viol\u00eancia de Estado\",\"viol\u00eancia policial\",\"Zona Norte\"],\"articleSection\":[\"#OlhoNaParticipa\u00e7\u00e3o\",\"*Destaque\",\"Entrevistas e Perfis\",\"Escrito por Aliados\",\"M\u00eddia Comunit\u00e1ria\",\"Sociedade Civil\",\"Solu\u00e7\u00f5es\"],\"inLanguage\":\"pt-BR\"},{\"@type\":\"WebPage\",\"@id\":\"https:\/\/rioonwatch.org.br\/?p=23822\",\"url\":\"https:\/\/rioonwatch.org.br\/?p=23822\",\"name\":\"Ciclos Virtuosos de Desenvolvimento: Mar\u00e9 Fala por Si Mesma (Mar\u00e9 Vive) - RioOnWatch\",\"isPartOf\":{\"@id\":\"https:\/\/rioonwatch.org.br\/#website\"},\"primaryImageOfPage\":{\"@id\":\"https:\/\/rioonwatch.org.br\/?p=23822#primaryimage\"},\"image\":{\"@id\":\"https:\/\/rioonwatch.org.br\/?p=23822#primaryimage\"},\"thumbnailUrl\":\"https:\/\/rioonwatch.org.br\/wp-content\/uploads\/2016\/12\/MareViveFacebook.jpg\",\"datePublished\":\"2017-02-21T11:54:55+00:00\",\"dateModified\":\"2017-02-22T17:28:04+00:00\",\"breadcrumb\":{\"@id\":\"https:\/\/rioonwatch.org.br\/?p=23822#breadcrumb\"},\"inLanguage\":\"pt-BR\",\"potentialAction\":[{\"@type\":\"ReadAction\",\"target\":[\"https:\/\/rioonwatch.org.br\/?p=23822\"]}]},{\"@type\":\"ImageObject\",\"inLanguage\":\"pt-BR\",\"@id\":\"https:\/\/rioonwatch.org.br\/?p=23822#primaryimage\",\"url\":\"https:\/\/rioonwatch.org.br\/wp-content\/uploads\/2016\/12\/MareViveFacebook.jpg\",\"contentUrl\":\"https:\/\/rioonwatch.org.br\/wp-content\/uploads\/2016\/12\/MareViveFacebook.jpg\",\"width\":903,\"height\":385},{\"@type\":\"BreadcrumbList\",\"@id\":\"https:\/\/rioonwatch.org.br\/?p=23822#breadcrumb\",\"itemListElement\":[{\"@type\":\"ListItem\",\"position\":1,\"name\":\"In\u00edcio\",\"item\":\"https:\/\/rioonwatch.org.br\/\"},{\"@type\":\"ListItem\",\"position\":2,\"name\":\"Ciclos Virtuosos de Desenvolvimento: Mar\u00e9 Fala por Si Mesma (Mar\u00e9 Vive)\"}]},{\"@type\":\"WebSite\",\"@id\":\"https:\/\/rioonwatch.org.br\/#website\",\"url\":\"https:\/\/rioonwatch.org.br\/\",\"name\":\"RioOnWatch\",\"description\":\"relatos das favelas cariocas\",\"publisher\":{\"@id\":\"https:\/\/rioonwatch.org.br\/#organization\"},\"potentialAction\":[{\"@type\":\"SearchAction\",\"target\":{\"@type\":\"EntryPoint\",\"urlTemplate\":\"https:\/\/rioonwatch.org.br\/?s={search_term_string}\"},\"query-input\":{\"@type\":\"PropertyValueSpecification\",\"valueRequired\":true,\"valueName\":\"search_term_string\"}}],\"inLanguage\":\"pt-BR\"},{\"@type\":\"Organization\",\"@id\":\"https:\/\/rioonwatch.org.br\/#organization\",\"name\":\"RioOnWatch\",\"url\":\"https:\/\/rioonwatch.org.br\/\",\"logo\":{\"@type\":\"ImageObject\",\"inLanguage\":\"pt-BR\",\"@id\":\"https:\/\/rioonwatch.org.br\/#\/schema\/logo\/image\/\",\"url\":\"https:\/\/rioonwatch.org.br\/wp-content\/uploads\/2021\/06\/RioOnWatchcabecalhoPT11anos-2.png\",\"contentUrl\":\"https:\/\/rioonwatch.org.br\/wp-content\/uploads\/2021\/06\/RioOnWatchcabecalhoPT11anos-2.png\",\"width\":779,\"height\":277,\"caption\":\"RioOnWatch\"},\"image\":{\"@id\":\"https:\/\/rioonwatch.org.br\/#\/schema\/logo\/image\/\"}},{\"@type\":\"Person\",\"@id\":\"https:\/\/rioonwatch.org.br\/#\/schema\/person\/11d64c290506f9df50c71b850c473f68\",\"name\":\"Admin\",\"image\":{\"@type\":\"ImageObject\",\"inLanguage\":\"pt-BR\",\"@id\":\"https:\/\/rioonwatch.org.br\/#\/schema\/person\/image\/\",\"url\":\"https:\/\/secure.gravatar.com\/avatar\/56211ac74568383903349a1485e3c325?s=96&d=blank&r=g\",\"contentUrl\":\"https:\/\/secure.gravatar.com\/avatar\/56211ac74568383903349a1485e3c325?s=96&d=blank&r=g\",\"caption\":\"Admin\"},\"url\":\"https:\/\/rioonwatch.org.br\/?author=129\"}]}<\/script>\n<!-- \/ Yoast SEO plugin. -->","yoast_head_json":{"title":"Ciclos Virtuosos de Desenvolvimento: Mar\u00e9 Fala por Si Mesma (Mar\u00e9 Vive) - RioOnWatch","robots":{"index":"index","follow":"follow","max-snippet":"max-snippet:-1","max-image-preview":"max-image-preview:large","max-video-preview":"max-video-preview:-1"},"canonical":"https:\/\/rioonwatch.org.br\/?p=23822","og_locale":"pt_BR","og_type":"article","og_title":"Ciclos Virtuosos de Desenvolvimento: Mar\u00e9 Fala por Si Mesma (Mar\u00e9 Vive) - RioOnWatch","og_description":"Click Here for English Esta \u00e9 a terceira mat\u00e9ria de uma s\u00e9rie de tr\u00eas que analisa iniciativas comunit\u00e1rias em tr\u00eas favelas. Lideradas por um ou mais moradores, estas iniciativas t\u00eam em comum o objetivo de [...]","og_url":"https:\/\/rioonwatch.org.br\/?p=23822","og_site_name":"RioOnWatch","article_published_time":"2017-02-21T11:54:55+00:00","article_modified_time":"2017-02-22T17:28:04+00:00","og_image":[{"width":903,"height":385,"url":"https:\/\/rioonwatch.org.br\/wp-content\/uploads\/2016\/12\/MareViveFacebook.jpg","type":"image\/jpeg"}],"author":"Admin","twitter_card":"summary_large_image","twitter_misc":{"Escrito por":"Admin","Est. tempo de leitura":"8 minutos"},"schema":{"@context":"https:\/\/schema.org","@graph":[{"@type":"Article","@id":"https:\/\/rioonwatch.org.br\/?p=23822#article","isPartOf":{"@id":"https:\/\/rioonwatch.org.br\/?p=23822"},"author":{"name":"Admin","@id":"https:\/\/rioonwatch.org.br\/#\/schema\/person\/11d64c290506f9df50c71b850c473f68"},"headline":"Ciclos Virtuosos de Desenvolvimento: Mar\u00e9 Fala por Si Mesma (Mar\u00e9 Vive)","datePublished":"2017-02-21T11:54:55+00:00","dateModified":"2017-02-22T17:28:04+00:00","mainEntityOfPage":{"@id":"https:\/\/rioonwatch.org.br\/?p=23822"},"wordCount":1612,"publisher":{"@id":"https:\/\/rioonwatch.org.br\/#organization"},"image":{"@id":"https:\/\/rioonwatch.org.br\/?p=23822#primaryimage"},"thumbnailUrl":"https:\/\/rioonwatch.org.br\/wp-content\/uploads\/2016\/12\/MareViveFacebook.jpg","keywords":["coletivo","col\u00f4nia de pescadores","Complexo da Mar\u00e9","Comunica\u00e7\u00e3o Comunit\u00e1ria","hist\u00f3ria","informalidade","Mem\u00f3rias Faveladas","m\u00eddia social","ocupa\u00e7\u00e3o militar","organiza\u00e7\u00e3o comunit\u00e1ria","participa\u00e7\u00e3o","protesto","qualidades da informalidade","resist\u00eancia","S\u00e9rie: Ciclos Virtuosos","S\u00e9rie: Perfis de M\u00eddia Comunit\u00e1ria","solu\u00e7\u00e3o comunit\u00e1ria","tr\u00e1fico de drogas","viola\u00e7\u00f5es","viol\u00eancia de Estado","viol\u00eancia policial","Zona Norte"],"articleSection":["#OlhoNaParticipa\u00e7\u00e3o","*Destaque","Entrevistas e Perfis","Escrito por Aliados","M\u00eddia Comunit\u00e1ria","Sociedade Civil","Solu\u00e7\u00f5es"],"inLanguage":"pt-BR"},{"@type":"WebPage","@id":"https:\/\/rioonwatch.org.br\/?p=23822","url":"https:\/\/rioonwatch.org.br\/?p=23822","name":"Ciclos Virtuosos de Desenvolvimento: Mar\u00e9 Fala por Si Mesma (Mar\u00e9 Vive) - RioOnWatch","isPartOf":{"@id":"https:\/\/rioonwatch.org.br\/#website"},"primaryImageOfPage":{"@id":"https:\/\/rioonwatch.org.br\/?p=23822#primaryimage"},"image":{"@id":"https:\/\/rioonwatch.org.br\/?p=23822#primaryimage"},"thumbnailUrl":"https:\/\/rioonwatch.org.br\/wp-content\/uploads\/2016\/12\/MareViveFacebook.jpg","datePublished":"2017-02-21T11:54:55+00:00","dateModified":"2017-02-22T17:28:04+00:00","breadcrumb":{"@id":"https:\/\/rioonwatch.org.br\/?p=23822#breadcrumb"},"inLanguage":"pt-BR","potentialAction":[{"@type":"ReadAction","target":["https:\/\/rioonwatch.org.br\/?p=23822"]}]},{"@type":"ImageObject","inLanguage":"pt-BR","@id":"https:\/\/rioonwatch.org.br\/?p=23822#primaryimage","url":"https:\/\/rioonwatch.org.br\/wp-content\/uploads\/2016\/12\/MareViveFacebook.jpg","contentUrl":"https:\/\/rioonwatch.org.br\/wp-content\/uploads\/2016\/12\/MareViveFacebook.jpg","width":903,"height":385},{"@type":"BreadcrumbList","@id":"https:\/\/rioonwatch.org.br\/?p=23822#breadcrumb","itemListElement":[{"@type":"ListItem","position":1,"name":"In\u00edcio","item":"https:\/\/rioonwatch.org.br\/"},{"@type":"ListItem","position":2,"name":"Ciclos Virtuosos de Desenvolvimento: Mar\u00e9 Fala por Si Mesma (Mar\u00e9 Vive)"}]},{"@type":"WebSite","@id":"https:\/\/rioonwatch.org.br\/#website","url":"https:\/\/rioonwatch.org.br\/","name":"RioOnWatch","description":"relatos das favelas cariocas","publisher":{"@id":"https:\/\/rioonwatch.org.br\/#organization"},"potentialAction":[{"@type":"SearchAction","target":{"@type":"EntryPoint","urlTemplate":"https:\/\/rioonwatch.org.br\/?s={search_term_string}"},"query-input":{"@type":"PropertyValueSpecification","valueRequired":true,"valueName":"search_term_string"}}],"inLanguage":"pt-BR"},{"@type":"Organization","@id":"https:\/\/rioonwatch.org.br\/#organization","name":"RioOnWatch","url":"https:\/\/rioonwatch.org.br\/","logo":{"@type":"ImageObject","inLanguage":"pt-BR","@id":"https:\/\/rioonwatch.org.br\/#\/schema\/logo\/image\/","url":"https:\/\/rioonwatch.org.br\/wp-content\/uploads\/2021\/06\/RioOnWatchcabecalhoPT11anos-2.png","contentUrl":"https:\/\/rioonwatch.org.br\/wp-content\/uploads\/2021\/06\/RioOnWatchcabecalhoPT11anos-2.png","width":779,"height":277,"caption":"RioOnWatch"},"image":{"@id":"https:\/\/rioonwatch.org.br\/#\/schema\/logo\/image\/"}},{"@type":"Person","@id":"https:\/\/rioonwatch.org.br\/#\/schema\/person\/11d64c290506f9df50c71b850c473f68","name":"Admin","image":{"@type":"ImageObject","inLanguage":"pt-BR","@id":"https:\/\/rioonwatch.org.br\/#\/schema\/person\/image\/","url":"https:\/\/secure.gravatar.com\/avatar\/56211ac74568383903349a1485e3c325?s=96&d=blank&r=g","contentUrl":"https:\/\/secure.gravatar.com\/avatar\/56211ac74568383903349a1485e3c325?s=96&d=blank&r=g","caption":"Admin"},"url":"https:\/\/rioonwatch.org.br\/?author=129"}]}},"_links":{"self":[{"href":"https:\/\/rioonwatch.org.br\/index.php?rest_route=\/wp\/v2\/posts\/23822"}],"collection":[{"href":"https:\/\/rioonwatch.org.br\/index.php?rest_route=\/wp\/v2\/posts"}],"about":[{"href":"https:\/\/rioonwatch.org.br\/index.php?rest_route=\/wp\/v2\/types\/post"}],"author":[{"embeddable":true,"href":"https:\/\/rioonwatch.org.br\/index.php?rest_route=\/wp\/v2\/users\/129"}],"replies":[{"embeddable":true,"href":"https:\/\/rioonwatch.org.br\/index.php?rest_route=%2Fwp%2Fv2%2Fcomments&post=23822"}],"version-history":[{"count":12,"href":"https:\/\/rioonwatch.org.br\/index.php?rest_route=\/wp\/v2\/posts\/23822\/revisions"}],"predecessor-version":[{"id":24669,"href":"https:\/\/rioonwatch.org.br\/index.php?rest_route=\/wp\/v2\/posts\/23822\/revisions\/24669"}],"wp:featuredmedia":[{"embeddable":true,"href":"https:\/\/rioonwatch.org.br\/index.php?rest_route=\/wp\/v2\/media\/23825"}],"wp:attachment":[{"href":"https:\/\/rioonwatch.org.br\/index.php?rest_route=%2Fwp%2Fv2%2Fmedia&parent=23822"}],"wp:term":[{"taxonomy":"category","embeddable":true,"href":"https:\/\/rioonwatch.org.br\/index.php?rest_route=%2Fwp%2Fv2%2Fcategories&post=23822"},{"taxonomy":"post_tag","embeddable":true,"href":"https:\/\/rioonwatch.org.br\/index.php?rest_route=%2Fwp%2Fv2%2Ftags&post=23822"},{"taxonomy":"writer","embeddable":true,"href":"https:\/\/rioonwatch.org.br\/index.php?rest_route=%2Fwp%2Fv2%2Fwriter&post=23822"},{"taxonomy":"translator","embeddable":true,"href":"https:\/\/rioonwatch.org.br\/index.php?rest_route=%2Fwp%2Fv2%2Ftranslator&post=23822"},{"taxonomy":"source","embeddable":true,"href":"https:\/\/rioonwatch.org.br\/index.php?rest_route=%2Fwp%2Fv2%2Fsource&post=23822"},{"taxonomy":"ilustrador","embeddable":true,"href":"https:\/\/rioonwatch.org.br\/index.php?rest_route=%2Fwp%2Fv2%2Filustrador&post=23822"},{"taxonomy":"fotografo","embeddable":true,"href":"https:\/\/rioonwatch.org.br\/index.php?rest_route=%2Fwp%2Fv2%2Ffotografo&post=23822"}],"curies":[{"name":"wp","href":"https:\/\/api.w.org\/{rel}","templated":true}]}}