{"id":23883,"date":"2016-12-07T09:34:53","date_gmt":"2016-12-07T12:34:53","guid":{"rendered":"http:\/\/rioonwatch.org.br\/?p=23883"},"modified":"2017-03-20T09:34:25","modified_gmt":"2017-03-20T12:34:25","slug":"apesar-de-protestos-pec-55-pode-ser-aprovada-13-de-dezembro","status":"publish","type":"post","link":"https:\/\/rioonwatch.org.br\/?p=23883","title":{"rendered":"Apesar de Protestos na Rua e Entre Especialistas, PEC 55 Pode ser Aprovada 13 de Dezembro"},"content":{"rendered":"<p style=\"text-align: right;\"><em><strong><a href=\"http:\/\/bit.ly\/2h68nHl\" target=\"_blank\">Click Here for English<img decoding=\"async\" width=\"20\" height=\"20\" class=\"alignright wp-image-15790\" src=\"http:\/\/rioonwatch.org.br\/wp-content\/uploads\/2012\/08\/EN-standard-e1439583104716.jpg\" alt=\"\" \/><\/a><\/strong><\/em><\/p>\n<p><span style=\"font-weight: 400;\">Ter\u00e7a-feira, 29 de novembro,\u00a0<a href=\"http:\/\/bit.ly\/2h3p4EA\" target=\"_blank\">protestos eclodiram<\/a>\u00a0fora do Congresso Nacional em Bras\u00edlia, uma vez que o Senado aprovou a proposta para a emenda constitucional\u00a0que autoriza a implanta\u00e7\u00e3o de medidas severas de austeridade. Se aprovada, a proposta apresentada pelo Presidente Michel Temer estabelecer\u00e1 um teto baixo em todas as despesas do governo federal para os pr\u00f3ximos vinte anos. Aproximadamente 10.000 manifestantes, incluindo professores, estudantes, funcion\u00e1rios p\u00fablicos e trabalhadores sem-terra expressaram o desacordo e pressionaram o Congresso a votar contra a proposta. Tr\u00eas carros foram queimados e a pol\u00edcia usou g\u00e1s lacrimog\u00eanio e spray de pimenta para dispersar a multid\u00e3o.<\/span><\/p>\n<p><a href=\"http:\/\/rioonwatch.org.br\/wp-content\/uploads\/2016\/12\/r.jpeg\"><img fetchpriority=\"high\" decoding=\"async\" class=\"aligncenter wp-image-23909 size-content\" title=\"Protesto anti PEC\" src=\"http:\/\/rioonwatch.org.br\/wp-content\/uploads\/2016\/12\/r-620x264.jpeg\" alt=\"Anti-government demonstrators gesture atop a press car of Tv Record as they attend a demonstration against a constitutional amendment, known as PEC 55, that limits public spending, in front of Brazil's National Congress in Brasilia\" width=\"620\" height=\"264\" \/><\/a><\/p>\n<p>Embora\u00a0originalmente intitulada Proposta de Emenda Constitucional 241, ou PEC 241, nesse \u00faltimo m\u00eas o Senado mudou a nomenclatura para PEC 55. Apesar da mudan\u00e7a de nome, o conte\u00fado permaneceu o mesmo. Se aprovada este ano, todos os gastos incluindo educa\u00e7\u00e3o, sa\u00fade, bem-estar social e servi\u00e7os p\u00fablicos ser\u00e3o limitados no or\u00e7amento fiscal de 2016 para as pr\u00f3ximas duas d\u00e9cadas, ajustados anualmente pela infla\u00e7\u00e3o. Al\u00e9m disso, a emenda constitucional somente permitiria a revis\u00e3o presidencial ap\u00f3s 10 anos.<\/p>\n<p><a href=\"http:\/\/rioonwatch.org.br\/wp-content\/uploads\/2016\/12\/Charge_PEC-241.jpg\"><img decoding=\"async\" class=\"aligncenter wp-image-23910 size-full\" title=\"Charge sobre a PEC\" src=\"http:\/\/rioonwatch.org.br\/wp-content\/uploads\/2016\/12\/Charge_PEC-241.jpg\" alt=\"charge_pec-241\" width=\"600\" height=\"328\" srcset=\"https:\/\/rioonwatch.org.br\/wp-content\/uploads\/2016\/12\/Charge_PEC-241.jpg 600w, https:\/\/rioonwatch.org.br\/wp-content\/uploads\/2016\/12\/Charge_PEC-241-483x264.jpg 483w\" sizes=\"(max-width: 600px) 100vw, 600px\" \/><\/a><\/p>\n<p><span style=\"font-weight: 400;\">Michel Temer e sua administra\u00e7\u00e3o argumentam que essa dram\u00e1tica mudan\u00e7a ajudar\u00e1 a reduzir a d\u00edvida p\u00fablica do Brasil, <\/span><a href=\"http:\/\/bit.ly\/2h3lOco\" target=\"_blank\"><span style=\"font-weight: 400;\">que representou 66.2% do PIB do pa\u00eds em 2015<\/span><\/a><span style=\"font-weight: 400;\">, e restaurar a confian\u00e7a do investidor estrangeiro. Para que a emenda constitucional seja aprovada, entretanto, a proposta deve obter uma maioria de tr\u00eas quintos\u00a0em dois turnos de\u00a0vota\u00e7\u00e3o na C\u00e2mara dos Deputados e em dois turnos de vota\u00e7\u00e3o\u00a0no Senado. A proposta j\u00e1 ganhou uma\u00a0maioria de votos na C\u00e2mara dos Deputados no dia 10 de outubro e novamente no dia 26 de outubro. Na ter\u00e7a-feira, o Senado votou a favor por 61-14 no primeiro turno. O governo Temer est\u00e1 confiante de que a proposta ser\u00e1 aprovada mais uma vez no segundo turno de vota\u00e7\u00e3o, programado\u00a0para o dia 13 de dezembro, ap\u00f3s o que passar\u00e1 \u00e0 san\u00e7\u00e3o presidencial e se tornar\u00e1 lei.<\/span><\/p>\n<p><a href=\"http:\/\/rioonwatch.org.br\/wp-content\/uploads\/2016\/12\/pec-241-1080x707.jpg\"><img loading=\"lazy\" decoding=\"async\" class=\"aligncenter wp-image-23911 size-content\" title=\" Vota\u00e7\u00e3o no Congresso da PEC 241\" src=\"http:\/\/rioonwatch.org.br\/wp-content\/uploads\/2016\/12\/pec-241-1080x707-620x264.jpg\" alt=\"pec-241-1080x707\" width=\"620\" height=\"264\" srcset=\"https:\/\/rioonwatch.org.br\/wp-content\/uploads\/2016\/12\/pec-241-1080x707-620x264.jpg 620w, https:\/\/rioonwatch.org.br\/wp-content\/uploads\/2016\/12\/pec-241-1080x707-940x400.jpg 940w\" sizes=\"(max-width: 620px) 100vw, 620px\" \/><\/a><\/p>\n<p><span style=\"font-weight: 400;\">Enquanto a proposta parece estar movendo-se atrav\u00e9s do processo de vota\u00e7\u00e3o sem grandes dificuldades, estudantes, professores, trabalhadores e institui\u00e7\u00f5es p\u00fablicas est\u00e3o expressando oposi\u00e7\u00e3o forte com o estouro dos protestos ao longo do pa\u00eds. <a href=\"http:\/\/bit.ly\/2h3p4EA\" target=\"_blank\">Demonstra\u00e7\u00f5es semelhantes<\/a> \u00e0 realizada na ter\u00e7a-feira foram realizadas na cidade do Rio de Janeiro, no dia 16 de novembro, no lado de fora da ALERJ, para protestar contra a PEC 55 e <a href=\"http:\/\/bit.ly\/29QURY5\" target=\"_blank\">as medidas de austeridade em \u00e2mbito estadual em resposta \u00e0 crise fiscal p\u00f3s-ol\u00edmpica<\/a>. Al\u00e9m disso, <a href=\"http:\/\/bit.ly\/2h2X9HN\" target=\"_blank\">mais de mil escolas e 172 universidades est\u00e3o atualmente ocupadas<\/a>, com o reitor da UFRJ\u00a0<a href=\"http:\/\/bit.ly\/2gVxuws\" target=\"_blank\">declarando que a PEC 55 \u00e9 uma viola\u00e7\u00e3o dos direitos constitucionais<\/a>. O jornal brit\u00e2nico <\/span><i><span style=\"font-weight: 400;\">The Guardian\u00a0<\/span><\/i><span style=\"font-weight: 400;\"><a href=\"http:\/\/bit.ly\/2gMqRNN\" target=\"_blank\">publicou nessa semana um resumo<\/a> da situa\u00e7\u00e3o justamente intitulada \u201cO Brasil est\u00e1 em crise. E mais uma vez, os mais pobres suportar\u00e3o o peso\u201d. Os manifestantes intitularam a emenda constitucional como PEC do Fim do Mundo. Em um <a href=\"http:\/\/bit.ly\/2h0E4Cr\" target=\"_blank\">comunicado de imprensa recente<\/a>, a Comiss\u00e3o Interamericana de Direitos Humanos (CIDH) incita as autoridades do governo brasileiro a cumprir os compromissos regionais e universais dos direitos humanos assinados pelo Brasil e alerta que tais medidas de austeridade \u201csup\u00f5em uma regress\u00e3o n\u00e3o autorizada pelo Protocolo [de S\u00e3o Salvador]\u201d<\/span><span style=\"font-weight: 400;\">.<\/span><\/p>\n<p><a href=\"http:\/\/rioonwatch.org.br\/wp-content\/uploads\/2016\/12\/2921.jpg\"><img loading=\"lazy\" decoding=\"async\" class=\"aligncenter wp-image-23914 size-content\" title=\"Protesto contra a PEC 241 do lado de fora da ALERJ\" src=\"http:\/\/rioonwatch.org.br\/wp-content\/uploads\/2016\/12\/2921-620x264.jpg\" alt=\"2921\" width=\"620\" height=\"264\" srcset=\"https:\/\/rioonwatch.org.br\/wp-content\/uploads\/2016\/12\/2921-620x264.jpg 620w, https:\/\/rioonwatch.org.br\/wp-content\/uploads\/2016\/12\/2921-940x400.jpg 940w\" sizes=\"(max-width: 620px) 100vw, 620px\" \/><\/a><\/p>\n<p><span style=\"font-weight: 400;\">O planejamento or\u00e7amental que apenas se ajusta \u00e0 infla\u00e7\u00e3o significa que fatores como PIB, crescimento populacional e mudan\u00e7as demogr\u00e1ficas, assim como a mudan\u00e7a de necessidades da popula\u00e7\u00e3o brasileira, n\u00e3o ser\u00e3o levados em conta. A falta de flexibilidade e um cronograma de longo prazo trar\u00e3o dificuldades para o governo responder as mudan\u00e7as na economia global. <\/span><a href=\"http:\/\/bit.ly\/2gisnbW\" target=\"_blank\"><span style=\"font-weight: 400;\">Oponentes argumentam<\/span><\/a><span style=\"font-weight: 400;\"> que tais cortes de gastos dr\u00e1sticos somente refor\u00e7ar\u00e3o a desigualdade social no Brasil e limitar\u00e3o ainda mais o acesso das comunidades de baixa renda \u00e0s oportunidades. Tal como est\u00e1 acontecendo agora, o atraso do pagamento dos servidores p\u00fablicos e a tardia distribui\u00e7\u00e3o dos subs\u00eddios estudantis n\u00e3o s\u00e3o nada novos para o p\u00fablico brasileiro, um recente exemplo \u00e9 <\/span><span style=\"font-weight: 400;\">o <a href=\"http:\/\/bit.ly\/2g7QXOC\" target=\"_blank\">atraso dos sal\u00e1rios da pol\u00edcia e dos bombeiros<\/a><\/span><span style=\"font-weight: 400;\"> no Rio de Janeiro na prepara\u00e7\u00e3o para os Jogos Ol\u00edmpicos.<\/span><\/p>\n<p><span style=\"font-weight: 400;\">O gr\u00e1fico seguinte \u00e9 de <\/span><span style=\"font-weight: 400;\">um <a href=\"http:\/\/bit.ly\/2gvzONz\" target=\"_blank\">estudo recente<\/a><\/span><span style=\"font-weight: 400;\">\u00a0que compara a atual porcentagem gasta do PIB em assist\u00eancia m\u00e9dica (azul) com o que teria sido o caso se a PEC 55 tivesse sido aprovada em 2003. <\/span><span style=\"font-weight: 400;\"><a href=\"http:\/\/bit.ly\/2hfbAbB\" target=\"_blank\">O estudo mostra uma significativa\u00a0perda de investimento<\/a>.<\/span><span style=\"font-weight: 400;\"> O SUS no caso\u00a0seria severamente insuficientemente financiado. Imagine o futuro baseado na simula\u00e7\u00e3o abaixo. O m\u00e9dico, cientista, educador, e comentador pol\u00edtico <\/span><a href=\"http:\/\/bit.ly\/2ftsO2Y\" target=\"_blank\"><span style=\"font-weight: 400;\">Drauzio Varella declarou<\/span><\/a><span style=\"font-weight: 400;\"> que a PEC 55 resultaria no fim do SUS.<\/span><\/p>\n<p><a href=\"http:\/\/rioonwatch.org.br\/wp-content\/uploads\/2016\/12\/Gastos-federais-em-sau\u0301de-em-relac\u0327a\u0303o-ao-PIB.jpg\"><img loading=\"lazy\" decoding=\"async\" class=\"aligncenter wp-image-23916 size-medium\" title=\"Percentual atual do PIB gasto em sa\u00fade (azul) com a simula\u00e7\u00e3o do que teria sido caso a PEC 55 tivesse sido aprovado em 2003 (em vermelho). Fonte: Grupo T\u00e9cnico Interinstitucional de Discuss\u00e3o sobre o Financiamento do SUS\" src=\"http:\/\/rioonwatch.org.br\/wp-content\/uploads\/2016\/12\/Gastos-federais-em-sau\u0301de-em-relac\u0327a\u0303o-ao-PIB-620x466.jpg\" alt=\"gastos-federais-em-saude-em-relac%cc%a7a%cc%83o-ao-pib\" width=\"620\" height=\"466\" srcset=\"https:\/\/rioonwatch.org.br\/wp-content\/uploads\/2016\/12\/Gastos-federais-em-sau\u0301de-em-relac\u0327a\u0303o-ao-PIB-620x466.jpg 620w, https:\/\/rioonwatch.org.br\/wp-content\/uploads\/2016\/12\/Gastos-federais-em-sau\u0301de-em-relac\u0327a\u0303o-ao-PIB-351x264.jpg 351w, https:\/\/rioonwatch.org.br\/wp-content\/uploads\/2016\/12\/Gastos-federais-em-sau\u0301de-em-relac\u0327a\u0303o-ao-PIB-174x131.jpg 174w, https:\/\/rioonwatch.org.br\/wp-content\/uploads\/2016\/12\/Gastos-federais-em-sau\u0301de-em-relac\u0327a\u0303o-ao-PIB-300x225.jpg 300w, https:\/\/rioonwatch.org.br\/wp-content\/uploads\/2016\/12\/Gastos-federais-em-sau\u0301de-em-relac\u0327a\u0303o-ao-PIB-70x53.jpg 70w, https:\/\/rioonwatch.org.br\/wp-content\/uploads\/2016\/12\/Gastos-federais-em-sau\u0301de-em-relac\u0327a\u0303o-ao-PIB.jpg 750w\" sizes=\"(max-width: 620px) 100vw, 620px\" \/><\/a><\/p>\n<p><span style=\"font-weight: 400;\">A tabela seguinte mostra as perdas esperadas para a sa\u00fade\u00a0nos pr\u00f3ximos vinte anos caso a PEC 55 seja aprovada:<\/span><\/p>\n<p><a href=\"http:\/\/rioonwatch.org.br\/wp-content\/uploads\/2016\/12\/Captura-de-Tela-2016-09-14-as-17.02.48.png\"><img loading=\"lazy\" decoding=\"async\" class=\"aligncenter wp-image-23917 size-full\" title=\"As perdas esperadas para a educa\u00e7\u00e3o nos pr\u00f3ximos vinte anos, caso a PEC 55 seja aprovadas. Fonte: Grupo T\u00e9cnico Interinstitucional de Discuss\u00e3o sobre o Financiamento do SUS\" src=\"http:\/\/rioonwatch.org.br\/wp-content\/uploads\/2016\/12\/Captura-de-Tela-2016-09-14-as-17.02.48.png\" alt=\"captura-de-tela-2016-09-14-as-17-02-48\" width=\"408\" height=\"328\" srcset=\"https:\/\/rioonwatch.org.br\/wp-content\/uploads\/2016\/12\/Captura-de-Tela-2016-09-14-as-17.02.48.png 408w, https:\/\/rioonwatch.org.br\/wp-content\/uploads\/2016\/12\/Captura-de-Tela-2016-09-14-as-17.02.48-328x264.png 328w\" sizes=\"(max-width: 408px) 100vw, 408px\" \/><\/a><\/p>\n<p><a href=\"http:\/\/bit.ly\/2fPiT9O\" target=\"_blank\"><span style=\"font-weight: 400;\">Um outro estudo<\/span><\/a><span style=\"font-weight: 400;\">\u00a0constata\u00a0que sob a PEC 55 a educa\u00e7\u00e3o perder\u00e1 R$24 bilh\u00f5es por ano. Isto \u00e9 particularmente alarmante dada <\/span><a href=\"http:\/\/bit.ly\/2g8M0jB\" target=\"_blank\"><span style=\"font-weight: 400;\">\u00e0 import\u00e2ncia da educa\u00e7\u00e3o no desenvolvimento da na\u00e7\u00e3o<\/span><\/a><span style=\"font-weight: 400;\"> e no clima atual de greve dos professores em escolas e universidades por todo o pa\u00eds.<\/span><\/p>\n<p><span style=\"font-weight: 400;\">Cr\u00edticos tamb\u00e9m opinam que a proposta desconsidera receitas obtidas pelo estado atrav\u00e9s da tributa\u00e7\u00e3o, e n\u00e3o visa, de nenhuma maneira, reformar o\u00a0<\/span><a href=\"http:\/\/bit.ly\/2fhyVEk\" target=\"_blank\"><span style=\"font-weight: 400;\">profundamente desigual e regressivo sistema tribut\u00e1rio<\/span><\/a><span style=\"font-weight: 400;\">, o qual os pobres pagam desproporcionalmente mais do que aqueles que est\u00e3o no topo apesar de receberem servi\u00e7os de qualidade cronicamente pobre. Da mesma maneira, a nova pol\u00edtica n\u00e3o prop\u00f5e lutar contra a evas\u00e3o fiscal, grandes fortunas fiscais ou implantar um imposto sobre dividendos, apesar de <\/span><a href=\"http:\/\/bit.ly\/2ftrEo8\" target=\"_blank\"><span style=\"font-weight: 400;\">um estudo recente<\/span><\/a><span style=\"font-weight: 400;\"> mostrar que introduzir um imposto nos lucros e dividendos poderia gerar R$43 bilh\u00f5es e somente afetaria os ricos.\u00a0Nesse mesmo sentido, n\u00e3o h\u00e1 men\u00e7\u00e3o de <a href=\"http:\/\/bit.ly\/2gALEDr\" target=\"_blank\">reformar a redu\u00e7\u00e3o de impostos corporativos implementada durante a presid\u00eancia de Dilma Rousseff<\/a> antes de seu impeachment, o que teve efeitos devastadores, como visto na recente crise econ\u00f4mica.<\/span><\/p>\n<p><span style=\"font-weight: 400;\">Esta proposta n\u00e3o \u00e9 certamente o primeiro ataque ao bem-estar social no Brasil. Dilma Rousseff e o PT operaram em uma plataforma de cuidado social para as classes trabalhadoras, e com sucesso implantaram a rede de seguran\u00e7a de bem estar social Bolsa Fam\u00edlia&#8211;<\/span><span style=\"font-weight: 400;\">a qual <a href=\"http:\/\/bit.ly\/2hgaWXu\" target=\"_blank\">tirou o Brasil do Mapa Mundial da Fome<\/a>\u00a0e\u00a0<a href=\"http:\/\/bit.ly\/2g8sVRH\" target=\"_blank\">mudou-o da na\u00e7\u00e3o mais desigual da Terra para algum lugar pr\u00f3ximo ao 18\u00b0<\/a>&#8211;mas\u00a0<\/span><span style=\"font-weight: 400;\">mesmo assim, o governo de Rousseff promoveu\u00a0<\/span><a href=\"http:\/\/bit.ly\/2g88ztE\" target=\"_blank\"><span style=\"font-weight: 400;\">cortes direcionados<\/span><\/a><span style=\"font-weight: 400;\"> em uma variedade de programas governamentais, incluindo educa\u00e7\u00e3o e vetou v\u00e1rias propostas do Congresso de aumentos com sal\u00e1rios e pagamentos de pens\u00f5es. Entretanto, Rousseff foi estrat\u00e9gica e espec\u00edfica em suas medidas de austeridade, visto que a proposta de Temer \u00e9 transversal e sem precedente em \u00e2mbito e escala. Embora muitos proponentes da proposta tenham discutido que pa\u00edses como Holanda forne\u00e7am bons exemplos de sucesso de medidas de austeridade,\u00a0<\/span><span style=\"font-weight: 400;\"><a href=\"http:\/\/bit.ly\/2eTZS1U\" target=\"_blank\">nenhum pa\u00eds adotou uma pol\u00edtica t\u00e3o estrita e r\u00edgida como a PEC 55<\/a>.<\/span><\/p>\n<p><a href=\"http:\/\/rioonwatch.org.br\/wp-content\/uploads\/2016\/12\/b8cce435-e581-41e9-89af-8cc36e76f955.jpeg\"><img loading=\"lazy\" decoding=\"async\" class=\"aligncenter wp-image-23919 size-medium\" title=\"Gr\u00e1fico mostrando crescimento nos gastos com educa\u00e7\u00e3o e sa\u00fade que n\u00e3o teriam sido realizados se esta medida tivesse sido aprovada h\u00e1 uma d\u00e9cada. http:\/\/bit.ly\/2gTFIG1\" src=\"http:\/\/rioonwatch.org.br\/wp-content\/uploads\/2016\/12\/b8cce435-e581-41e9-89af-8cc36e76f955-620x547.jpeg\" alt=\"b8cce435-e581-41e9-89af-8cc36e76f955\" width=\"620\" height=\"547\" srcset=\"https:\/\/rioonwatch.org.br\/wp-content\/uploads\/2016\/12\/b8cce435-e581-41e9-89af-8cc36e76f955-620x547.jpeg 620w, https:\/\/rioonwatch.org.br\/wp-content\/uploads\/2016\/12\/b8cce435-e581-41e9-89af-8cc36e76f955-299x264.jpeg 299w, https:\/\/rioonwatch.org.br\/wp-content\/uploads\/2016\/12\/b8cce435-e581-41e9-89af-8cc36e76f955.jpeg 768w\" sizes=\"(max-width: 620px) 100vw, 620px\" \/><\/a><\/p>\n<p><span style=\"font-weight: 400;\">A PEC 55 <\/span><span style=\"font-weight: 400;\">surgiu<\/span><span style=\"font-weight: 400;\"> em uma \u00e9poca que pol\u00edticas neoliberais t\u00eam enfrentando consider\u00e1veis revis\u00f5es e criticismo. O Fundo Monet\u00e1rio Internacional (FMI) <\/span><a href=\"http:\/\/bit.ly\/2fqHM6v\" target=\"_blank\"><span style=\"font-weight: 400;\">recentemente publicou um estudo<\/span><\/a><span style=\"font-weight: 400;\"> mostrando que medidas de austeridade n\u00e3o direcionam efetivamente crises econ\u00f4micas e levam a aumentar a desigualdade social. Mesmo sendo o condutor da arquitetura do neoliberalismo e pol\u00edticas de laissez-faire, Milton Friedman <a href=\"http:\/\/bit.ly\/2fTCa54\" target=\"_blank\">se fatigou<\/a><\/span><span style=\"font-weight: 400;\">\u00a0com as medidas extremas de austeridade<\/span><span style=\"font-weight: 400;\"> como as impostas na Gr\u00e9cia.<\/span><\/p>\n<p><span style=\"font-weight: 400;\">Oponentes \u00e0 proposta expressam preocupa\u00e7\u00e3o que essa emenda marcaria uma sa\u00edda significativa de elementos principais da constitui\u00e7\u00e3o brasileira. De fato, no dia 7 de outubro de 2016, <\/span><span style=\"font-weight: 400;\"><a href=\"http:\/\/glo.bo\/2fqMdhx\" target=\"_blank\">a Procuradoria Geral da Rep\u00fablica declarou a emenda proposta inconstitucional<\/a>.<\/span><span style=\"font-weight: 400;\"> Por um lado, existe a preocupa\u00e7\u00e3o que tal medida extrema vai contra o controle e o equil\u00edbrio entre os poderes do estado, uma vez que a legislatura n\u00e3o poder\u00e1 influenciar decis\u00f5es or\u00e7ament\u00e1rias. Al\u00e9m disso, <\/span><span style=\"font-weight: 400;\">o <a href=\"http:\/\/bit.ly\/28RRQq0\" target=\"_blank\">artigo sexto<\/a><\/span><span style=\"font-weight: 400;\"> da Constitui\u00e7\u00e3o Federal Brasileira estabelece os direitos sociais de todos os brasileiros: educa\u00e7\u00e3o, sa\u00fade, alimenta\u00e7\u00e3o, moradia, transporte, lazer, seguran\u00e7a, seguridade social e prote\u00e7\u00e3o \u00e0 maternidade e inf\u00e2ncia. Em tal jovem democracia, muitos est\u00e3o preocupados que uma proposta como a PEC 55 desgastar\u00e1 o trabalho atual em progresso para melhorar o bem-estar social dado ao <\/span><span style=\"font-weight: 400;\"><a href=\"http:\/\/bit.ly\/2gUSg3q\" target=\"_blank\">lado negro da hist\u00f3ria<\/a>\u00a0<\/span><span style=\"font-weight: 400;\">da na\u00e7\u00e3o de desigualdade, e deixar\u00e1 os marginalizados e os pobres em uma situa\u00e7\u00e3o ainda mais vulner\u00e1veis.<\/span><\/p>\n<!-- AddThis Advanced Settings generic via filter on the_content --><!-- AddThis Share Buttons generic via filter on the_content -->","protected":false},"excerpt":{"rendered":"<div class=\"mh-excerpt\"><p>Click Here for English Ter\u00e7a-feira, 29 de novembro,\u00a0protestos eclodiram\u00a0fora do Congresso Nacional em Bras\u00edlia, uma vez que o Senado aprovou a proposta para a emenda constitucional\u00a0que autoriza a implanta\u00e7\u00e3o de medidas severas de austeridade. Se <a class=\"mh-excerpt-more\" href=\"https:\/\/rioonwatch.org.br\/?p=23883\" title=\"Apesar de Protestos na Rua e Entre Especialistas, PEC 55 Pode ser Aprovada 13 de Dezembro\">[&#8230;]<\/a><!-- AddThis Advanced Settings generic via filter on get_the_excerpt --><!-- AddThis Share Buttons generic via filter on get_the_excerpt --><\/p>\n<\/div>","protected":false},"author":129,"featured_media":23906,"comment_status":"closed","ping_status":"closed","sticky":false,"template":"","format":"standard","meta":{"_acf_changed":false,"_monsterinsights_skip_tracking":false,"_monsterinsights_sitenote_active":false,"_monsterinsights_sitenote_note":"","_monsterinsights_sitenote_category":0,"footnotes":""},"categories":[1621,1632,346,1631,1626,344,1612],"tags":[934,1852,893,759,1564,1226,413,1163,88,687,316,1162,2009,1833,417,2088,839,763,1840,294],"writer":[1997],"translator":[1870],"source":[],"ilustrador":[],"fotografo":[],"class_list":{"0":"post-23883","1":"post","2":"type-post","3":"status-publish","4":"format-standard","5":"has-post-thumbnail","7":"category-destaque","8":"category-pesquisa-e-analise","9":"category-denuncias","10":"category-entendendo-o-rio","11":"category-por-observadores-internacionais","12":"category-politicas","13":"category-sociedade-civil","14":"tag-acesso","15":"tag-alerj","16":"tag-bolsa-familia","17":"tag-comparacao-internacional","18":"tag-congresso","19":"tag-constituicao","20":"tag-desigualdade","21":"tag-presidente-dilma-rousseff","22":"tag-direitos-humanos","23":"tag-economia","24":"tag-educacao","25":"tag-governo-federal","26":"tag-impostos","27":"tag-michel-temer","28":"tag-negligencia-do-estado","29":"tag-pec-55","30":"tag-prioridades-publicas-equivocadas","31":"tag-protesto","32":"tag-pt","33":"tag-saude","34":"writer-nour-el-youssef","35":"translator-halina-machado"},"acf":[],"yoast_head":"<!-- This site is optimized with the Yoast SEO plugin v25.6 - https:\/\/yoast.com\/wordpress\/plugins\/seo\/ -->\n<title>Apesar de Protestos na Rua e Entre Especialistas, PEC 55 Pode ser Aprovada 13 de Dezembro - RioOnWatch<\/title>\n<meta name=\"robots\" content=\"index, follow, max-snippet:-1, max-image-preview:large, max-video-preview:-1\" \/>\n<link rel=\"canonical\" href=\"https:\/\/rioonwatch.org.br\/?p=23883\" \/>\n<meta property=\"og:locale\" content=\"pt_BR\" \/>\n<meta property=\"og:type\" content=\"article\" \/>\n<meta property=\"og:title\" content=\"Apesar de Protestos na Rua e Entre Especialistas, PEC 55 Pode ser Aprovada 13 de Dezembro - RioOnWatch\" \/>\n<meta property=\"og:description\" content=\"Click Here for English Ter\u00e7a-feira, 29 de novembro,\u00a0protestos eclodiram\u00a0fora do Congresso Nacional em Bras\u00edlia, uma vez que o Senado aprovou a proposta para a emenda constitucional\u00a0que autoriza a implanta\u00e7\u00e3o de medidas severas de austeridade. Se [...]\" \/>\n<meta property=\"og:url\" content=\"https:\/\/rioonwatch.org.br\/?p=23883\" \/>\n<meta property=\"og:site_name\" content=\"RioOnWatch\" \/>\n<meta property=\"article:published_time\" content=\"2016-12-07T12:34:53+00:00\" \/>\n<meta property=\"article:modified_time\" content=\"2017-03-20T12:34:25+00:00\" \/>\n<meta property=\"og:image\" content=\"https:\/\/rioonwatch.org.br\/wp-content\/uploads\/2016\/12\/PEC-Protests-Google-Image-Search.jpg\" \/>\n\t<meta property=\"og:image:width\" content=\"1722\" \/>\n\t<meta property=\"og:image:height\" content=\"590\" \/>\n\t<meta property=\"og:image:type\" content=\"image\/jpeg\" \/>\n<meta name=\"author\" content=\"Admin\" \/>\n<meta name=\"twitter:card\" content=\"summary_large_image\" \/>\n<meta name=\"twitter:label1\" content=\"Escrito por\" \/>\n\t<meta name=\"twitter:data1\" content=\"Admin\" \/>\n\t<meta name=\"twitter:label2\" content=\"Est. tempo de leitura\" \/>\n\t<meta name=\"twitter:data2\" content=\"7 minutos\" \/>\n<script type=\"application\/ld+json\" class=\"yoast-schema-graph\">{\"@context\":\"https:\/\/schema.org\",\"@graph\":[{\"@type\":\"Article\",\"@id\":\"https:\/\/rioonwatch.org.br\/?p=23883#article\",\"isPartOf\":{\"@id\":\"https:\/\/rioonwatch.org.br\/?p=23883\"},\"author\":{\"name\":\"Admin\",\"@id\":\"https:\/\/rioonwatch.org.br\/#\/schema\/person\/11d64c290506f9df50c71b850c473f68\"},\"headline\":\"Apesar de Protestos na Rua e Entre Especialistas, PEC 55 Pode ser Aprovada 13 de Dezembro\",\"datePublished\":\"2016-12-07T12:34:53+00:00\",\"dateModified\":\"2017-03-20T12:34:25+00:00\",\"mainEntityOfPage\":{\"@id\":\"https:\/\/rioonwatch.org.br\/?p=23883\"},\"wordCount\":1440,\"publisher\":{\"@id\":\"https:\/\/rioonwatch.org.br\/#organization\"},\"image\":{\"@id\":\"https:\/\/rioonwatch.org.br\/?p=23883#primaryimage\"},\"thumbnailUrl\":\"https:\/\/rioonwatch.org.br\/wp-content\/uploads\/2016\/12\/PEC-Protests-Google-Image-Search.jpg\",\"keywords\":[\"acesso\",\"Alerj\",\"Bolsa Fam\u00edlia\",\"compara\u00e7\u00e3o internacional\",\"Congresso\",\"constitui\u00e7\u00e3o\",\"desigualdade\",\"Dilma Rousseff\",\"Direitos Humanos\",\"economia\",\"educa\u00e7\u00e3o\",\"Governo Federal\",\"impostos\",\"Michel Temer\",\"Neglig\u00eancia do Estado\",\"PEC 55\",\"prioridades p\u00fablicas equivocadas\",\"protesto\",\"PT\",\"sa\u00fade\"],\"articleSection\":[\"*Destaque\",\"Dados e Pesquisa\",\"Den\u00fancias\",\"Entendendo o Rio\",\"Escrito por Aliados\",\"Pol\u00edticas\",\"Sociedade Civil\"],\"inLanguage\":\"pt-BR\"},{\"@type\":\"WebPage\",\"@id\":\"https:\/\/rioonwatch.org.br\/?p=23883\",\"url\":\"https:\/\/rioonwatch.org.br\/?p=23883\",\"name\":\"Apesar de Protestos na Rua e Entre Especialistas, PEC 55 Pode ser Aprovada 13 de Dezembro - RioOnWatch\",\"isPartOf\":{\"@id\":\"https:\/\/rioonwatch.org.br\/#website\"},\"primaryImageOfPage\":{\"@id\":\"https:\/\/rioonwatch.org.br\/?p=23883#primaryimage\"},\"image\":{\"@id\":\"https:\/\/rioonwatch.org.br\/?p=23883#primaryimage\"},\"thumbnailUrl\":\"https:\/\/rioonwatch.org.br\/wp-content\/uploads\/2016\/12\/PEC-Protests-Google-Image-Search.jpg\",\"datePublished\":\"2016-12-07T12:34:53+00:00\",\"dateModified\":\"2017-03-20T12:34:25+00:00\",\"breadcrumb\":{\"@id\":\"https:\/\/rioonwatch.org.br\/?p=23883#breadcrumb\"},\"inLanguage\":\"pt-BR\",\"potentialAction\":[{\"@type\":\"ReadAction\",\"target\":[\"https:\/\/rioonwatch.org.br\/?p=23883\"]}]},{\"@type\":\"ImageObject\",\"inLanguage\":\"pt-BR\",\"@id\":\"https:\/\/rioonwatch.org.br\/?p=23883#primaryimage\",\"url\":\"https:\/\/rioonwatch.org.br\/wp-content\/uploads\/2016\/12\/PEC-Protests-Google-Image-Search.jpg\",\"contentUrl\":\"https:\/\/rioonwatch.org.br\/wp-content\/uploads\/2016\/12\/PEC-Protests-Google-Image-Search.jpg\",\"width\":1722,\"height\":590},{\"@type\":\"BreadcrumbList\",\"@id\":\"https:\/\/rioonwatch.org.br\/?p=23883#breadcrumb\",\"itemListElement\":[{\"@type\":\"ListItem\",\"position\":1,\"name\":\"In\u00edcio\",\"item\":\"https:\/\/rioonwatch.org.br\/\"},{\"@type\":\"ListItem\",\"position\":2,\"name\":\"Apesar de Protestos na Rua e Entre Especialistas, PEC 55 Pode ser Aprovada 13 de Dezembro\"}]},{\"@type\":\"WebSite\",\"@id\":\"https:\/\/rioonwatch.org.br\/#website\",\"url\":\"https:\/\/rioonwatch.org.br\/\",\"name\":\"RioOnWatch\",\"description\":\"relatos das favelas cariocas\",\"publisher\":{\"@id\":\"https:\/\/rioonwatch.org.br\/#organization\"},\"potentialAction\":[{\"@type\":\"SearchAction\",\"target\":{\"@type\":\"EntryPoint\",\"urlTemplate\":\"https:\/\/rioonwatch.org.br\/?s={search_term_string}\"},\"query-input\":{\"@type\":\"PropertyValueSpecification\",\"valueRequired\":true,\"valueName\":\"search_term_string\"}}],\"inLanguage\":\"pt-BR\"},{\"@type\":\"Organization\",\"@id\":\"https:\/\/rioonwatch.org.br\/#organization\",\"name\":\"RioOnWatch\",\"url\":\"https:\/\/rioonwatch.org.br\/\",\"logo\":{\"@type\":\"ImageObject\",\"inLanguage\":\"pt-BR\",\"@id\":\"https:\/\/rioonwatch.org.br\/#\/schema\/logo\/image\/\",\"url\":\"https:\/\/rioonwatch.org.br\/wp-content\/uploads\/2021\/06\/RioOnWatchcabecalhoPT11anos-2.png\",\"contentUrl\":\"https:\/\/rioonwatch.org.br\/wp-content\/uploads\/2021\/06\/RioOnWatchcabecalhoPT11anos-2.png\",\"width\":779,\"height\":277,\"caption\":\"RioOnWatch\"},\"image\":{\"@id\":\"https:\/\/rioonwatch.org.br\/#\/schema\/logo\/image\/\"}},{\"@type\":\"Person\",\"@id\":\"https:\/\/rioonwatch.org.br\/#\/schema\/person\/11d64c290506f9df50c71b850c473f68\",\"name\":\"Admin\",\"image\":{\"@type\":\"ImageObject\",\"inLanguage\":\"pt-BR\",\"@id\":\"https:\/\/rioonwatch.org.br\/#\/schema\/person\/image\/\",\"url\":\"https:\/\/secure.gravatar.com\/avatar\/56211ac74568383903349a1485e3c325?s=96&d=blank&r=g\",\"contentUrl\":\"https:\/\/secure.gravatar.com\/avatar\/56211ac74568383903349a1485e3c325?s=96&d=blank&r=g\",\"caption\":\"Admin\"},\"url\":\"https:\/\/rioonwatch.org.br\/?author=129\"}]}<\/script>\n<!-- \/ Yoast SEO plugin. -->","yoast_head_json":{"title":"Apesar de Protestos na Rua e Entre Especialistas, PEC 55 Pode ser Aprovada 13 de Dezembro - RioOnWatch","robots":{"index":"index","follow":"follow","max-snippet":"max-snippet:-1","max-image-preview":"max-image-preview:large","max-video-preview":"max-video-preview:-1"},"canonical":"https:\/\/rioonwatch.org.br\/?p=23883","og_locale":"pt_BR","og_type":"article","og_title":"Apesar de Protestos na Rua e Entre Especialistas, PEC 55 Pode ser Aprovada 13 de Dezembro - RioOnWatch","og_description":"Click Here for English Ter\u00e7a-feira, 29 de novembro,\u00a0protestos eclodiram\u00a0fora do Congresso Nacional em Bras\u00edlia, uma vez que o Senado aprovou a proposta para a emenda constitucional\u00a0que autoriza a implanta\u00e7\u00e3o de medidas severas de austeridade. Se [...]","og_url":"https:\/\/rioonwatch.org.br\/?p=23883","og_site_name":"RioOnWatch","article_published_time":"2016-12-07T12:34:53+00:00","article_modified_time":"2017-03-20T12:34:25+00:00","og_image":[{"width":1722,"height":590,"url":"https:\/\/rioonwatch.org.br\/wp-content\/uploads\/2016\/12\/PEC-Protests-Google-Image-Search.jpg","type":"image\/jpeg"}],"author":"Admin","twitter_card":"summary_large_image","twitter_misc":{"Escrito por":"Admin","Est. tempo de leitura":"7 minutos"},"schema":{"@context":"https:\/\/schema.org","@graph":[{"@type":"Article","@id":"https:\/\/rioonwatch.org.br\/?p=23883#article","isPartOf":{"@id":"https:\/\/rioonwatch.org.br\/?p=23883"},"author":{"name":"Admin","@id":"https:\/\/rioonwatch.org.br\/#\/schema\/person\/11d64c290506f9df50c71b850c473f68"},"headline":"Apesar de Protestos na Rua e Entre Especialistas, PEC 55 Pode ser Aprovada 13 de Dezembro","datePublished":"2016-12-07T12:34:53+00:00","dateModified":"2017-03-20T12:34:25+00:00","mainEntityOfPage":{"@id":"https:\/\/rioonwatch.org.br\/?p=23883"},"wordCount":1440,"publisher":{"@id":"https:\/\/rioonwatch.org.br\/#organization"},"image":{"@id":"https:\/\/rioonwatch.org.br\/?p=23883#primaryimage"},"thumbnailUrl":"https:\/\/rioonwatch.org.br\/wp-content\/uploads\/2016\/12\/PEC-Protests-Google-Image-Search.jpg","keywords":["acesso","Alerj","Bolsa Fam\u00edlia","compara\u00e7\u00e3o internacional","Congresso","constitui\u00e7\u00e3o","desigualdade","Dilma Rousseff","Direitos Humanos","economia","educa\u00e7\u00e3o","Governo Federal","impostos","Michel Temer","Neglig\u00eancia do Estado","PEC 55","prioridades p\u00fablicas equivocadas","protesto","PT","sa\u00fade"],"articleSection":["*Destaque","Dados e Pesquisa","Den\u00fancias","Entendendo o Rio","Escrito por Aliados","Pol\u00edticas","Sociedade Civil"],"inLanguage":"pt-BR"},{"@type":"WebPage","@id":"https:\/\/rioonwatch.org.br\/?p=23883","url":"https:\/\/rioonwatch.org.br\/?p=23883","name":"Apesar de Protestos na Rua e Entre Especialistas, PEC 55 Pode ser Aprovada 13 de Dezembro - RioOnWatch","isPartOf":{"@id":"https:\/\/rioonwatch.org.br\/#website"},"primaryImageOfPage":{"@id":"https:\/\/rioonwatch.org.br\/?p=23883#primaryimage"},"image":{"@id":"https:\/\/rioonwatch.org.br\/?p=23883#primaryimage"},"thumbnailUrl":"https:\/\/rioonwatch.org.br\/wp-content\/uploads\/2016\/12\/PEC-Protests-Google-Image-Search.jpg","datePublished":"2016-12-07T12:34:53+00:00","dateModified":"2017-03-20T12:34:25+00:00","breadcrumb":{"@id":"https:\/\/rioonwatch.org.br\/?p=23883#breadcrumb"},"inLanguage":"pt-BR","potentialAction":[{"@type":"ReadAction","target":["https:\/\/rioonwatch.org.br\/?p=23883"]}]},{"@type":"ImageObject","inLanguage":"pt-BR","@id":"https:\/\/rioonwatch.org.br\/?p=23883#primaryimage","url":"https:\/\/rioonwatch.org.br\/wp-content\/uploads\/2016\/12\/PEC-Protests-Google-Image-Search.jpg","contentUrl":"https:\/\/rioonwatch.org.br\/wp-content\/uploads\/2016\/12\/PEC-Protests-Google-Image-Search.jpg","width":1722,"height":590},{"@type":"BreadcrumbList","@id":"https:\/\/rioonwatch.org.br\/?p=23883#breadcrumb","itemListElement":[{"@type":"ListItem","position":1,"name":"In\u00edcio","item":"https:\/\/rioonwatch.org.br\/"},{"@type":"ListItem","position":2,"name":"Apesar de Protestos na Rua e Entre Especialistas, PEC 55 Pode ser Aprovada 13 de Dezembro"}]},{"@type":"WebSite","@id":"https:\/\/rioonwatch.org.br\/#website","url":"https:\/\/rioonwatch.org.br\/","name":"RioOnWatch","description":"relatos das favelas cariocas","publisher":{"@id":"https:\/\/rioonwatch.org.br\/#organization"},"potentialAction":[{"@type":"SearchAction","target":{"@type":"EntryPoint","urlTemplate":"https:\/\/rioonwatch.org.br\/?s={search_term_string}"},"query-input":{"@type":"PropertyValueSpecification","valueRequired":true,"valueName":"search_term_string"}}],"inLanguage":"pt-BR"},{"@type":"Organization","@id":"https:\/\/rioonwatch.org.br\/#organization","name":"RioOnWatch","url":"https:\/\/rioonwatch.org.br\/","logo":{"@type":"ImageObject","inLanguage":"pt-BR","@id":"https:\/\/rioonwatch.org.br\/#\/schema\/logo\/image\/","url":"https:\/\/rioonwatch.org.br\/wp-content\/uploads\/2021\/06\/RioOnWatchcabecalhoPT11anos-2.png","contentUrl":"https:\/\/rioonwatch.org.br\/wp-content\/uploads\/2021\/06\/RioOnWatchcabecalhoPT11anos-2.png","width":779,"height":277,"caption":"RioOnWatch"},"image":{"@id":"https:\/\/rioonwatch.org.br\/#\/schema\/logo\/image\/"}},{"@type":"Person","@id":"https:\/\/rioonwatch.org.br\/#\/schema\/person\/11d64c290506f9df50c71b850c473f68","name":"Admin","image":{"@type":"ImageObject","inLanguage":"pt-BR","@id":"https:\/\/rioonwatch.org.br\/#\/schema\/person\/image\/","url":"https:\/\/secure.gravatar.com\/avatar\/56211ac74568383903349a1485e3c325?s=96&d=blank&r=g","contentUrl":"https:\/\/secure.gravatar.com\/avatar\/56211ac74568383903349a1485e3c325?s=96&d=blank&r=g","caption":"Admin"},"url":"https:\/\/rioonwatch.org.br\/?author=129"}]}},"_links":{"self":[{"href":"https:\/\/rioonwatch.org.br\/index.php?rest_route=\/wp\/v2\/posts\/23883"}],"collection":[{"href":"https:\/\/rioonwatch.org.br\/index.php?rest_route=\/wp\/v2\/posts"}],"about":[{"href":"https:\/\/rioonwatch.org.br\/index.php?rest_route=\/wp\/v2\/types\/post"}],"author":[{"embeddable":true,"href":"https:\/\/rioonwatch.org.br\/index.php?rest_route=\/wp\/v2\/users\/129"}],"replies":[{"embeddable":true,"href":"https:\/\/rioonwatch.org.br\/index.php?rest_route=%2Fwp%2Fv2%2Fcomments&post=23883"}],"version-history":[{"count":19,"href":"https:\/\/rioonwatch.org.br\/index.php?rest_route=\/wp\/v2\/posts\/23883\/revisions"}],"predecessor-version":[{"id":23929,"href":"https:\/\/rioonwatch.org.br\/index.php?rest_route=\/wp\/v2\/posts\/23883\/revisions\/23929"}],"wp:featuredmedia":[{"embeddable":true,"href":"https:\/\/rioonwatch.org.br\/index.php?rest_route=\/wp\/v2\/media\/23906"}],"wp:attachment":[{"href":"https:\/\/rioonwatch.org.br\/index.php?rest_route=%2Fwp%2Fv2%2Fmedia&parent=23883"}],"wp:term":[{"taxonomy":"category","embeddable":true,"href":"https:\/\/rioonwatch.org.br\/index.php?rest_route=%2Fwp%2Fv2%2Fcategories&post=23883"},{"taxonomy":"post_tag","embeddable":true,"href":"https:\/\/rioonwatch.org.br\/index.php?rest_route=%2Fwp%2Fv2%2Ftags&post=23883"},{"taxonomy":"writer","embeddable":true,"href":"https:\/\/rioonwatch.org.br\/index.php?rest_route=%2Fwp%2Fv2%2Fwriter&post=23883"},{"taxonomy":"translator","embeddable":true,"href":"https:\/\/rioonwatch.org.br\/index.php?rest_route=%2Fwp%2Fv2%2Ftranslator&post=23883"},{"taxonomy":"source","embeddable":true,"href":"https:\/\/rioonwatch.org.br\/index.php?rest_route=%2Fwp%2Fv2%2Fsource&post=23883"},{"taxonomy":"ilustrador","embeddable":true,"href":"https:\/\/rioonwatch.org.br\/index.php?rest_route=%2Fwp%2Fv2%2Filustrador&post=23883"},{"taxonomy":"fotografo","embeddable":true,"href":"https:\/\/rioonwatch.org.br\/index.php?rest_route=%2Fwp%2Fv2%2Ffotografo&post=23883"}],"curies":[{"name":"wp","href":"https:\/\/api.w.org\/{rel}","templated":true}]}}