{"id":23886,"date":"2017-02-10T09:19:35","date_gmt":"2017-02-10T12:19:35","guid":{"rendered":"http:\/\/rioonwatch.org.br\/?p=23886"},"modified":"2024-06-20T16:24:39","modified_gmt":"2024-06-20T19:24:39","slug":"rio-das-pedras-uma-visao-geral-da-movimentada-favela-da-zona-oeste","status":"publish","type":"post","link":"https:\/\/rioonwatch.org.br\/?p=23886","title":{"rendered":"Rio das Pedras: Uma Vis\u00e3o Geral da Movimentada Favela da Zona Oeste"},"content":{"rendered":"<p style=\"text-align: right;\"><em><strong><a href=\"http:\/\/bit.ly\/2cKs7Pr\" target=\"_blank\" rel=\"noopener\">Click Here for English<img decoding=\"async\" width=\"20\" height=\"20\" class=\"alignright wp-image-15790\" src=\"http:\/\/rioonwatch.org.br\/wp-content\/uploads\/2012\/08\/EN-standard-e1439583104716.jpg\" alt=\"\" \/><\/a><\/strong><\/em><\/p>\n<p><span style=\"font-weight: 400;\">Esta\u00e7\u00e3o Azul, um movimentado restaurante 24 horas, \u00e9 um ponto central no cora\u00e7\u00e3o de\u00a0<a href=\"http:\/\/bit.ly\/1HgPoFM\" target=\"_blank\" rel=\"noopener\">Rio das Pedras<\/a>. Sem uma localiza\u00e7\u00e3o formal no mapa, a <a href=\"http:\/\/bit.ly\/2kPCFkG\" target=\"_blank\" rel=\"noopener\">extensa comunidade<\/a> est\u00e1 situada na <a href=\"http:\/\/bit.ly\/11tBmFR\" target=\"_blank\" rel=\"noopener\">Zona Oeste<\/a> do Rio, entre os bairros de Itanhang\u00e1, <a href=\"http:\/\/bit.ly\/1HgPTzq\" target=\"_blank\" rel=\"noopener\">Jacarepagu\u00e1<\/a> e Anil. As fronteiras de Rio das Pedras est\u00e3o definidas pelo <a href=\"http:\/\/bit.ly\/1CGbQBS\" target=\"_blank\" rel=\"noopener\">Parque Nacional da Tijuca<\/a>, a Lagoa da Tijuca e um terreno privado destinado \u00e0 expans\u00e3o da <a href=\"http:\/\/bit.ly\/19BBUhf\" target=\"_blank\" rel=\"noopener\">Barra da Tijuca<\/a>. Mas, apesar da preval\u00eancia do nome \u201cTijuca\u201d na defini\u00e7\u00e3o de seu espa\u00e7o e em sua hist\u00f3ria, Rio das Pedras criou a sua pr\u00f3pria identidade.<\/span><\/p>\n<p><a href=\"http:\/\/rioonwatch.org.br\/wp-content\/uploads\/2016\/12\/13820732_10202119970078109_130.jpg\"><img fetchpriority=\"high\" decoding=\"async\" class=\"aligncenter wp-image-23945 size-content\" title=\"Norte de Rio das Pedras\" src=\"http:\/\/rioonwatch.org.br\/wp-content\/uploads\/2016\/12\/13820732_10202119970078109_130-620x264.jpg\" alt=\"Norte de Rio das Pedras\" width=\"620\" height=\"264\" srcset=\"https:\/\/rioonwatch.org.br\/wp-content\/uploads\/2016\/12\/13820732_10202119970078109_130-620x264.jpg 620w, https:\/\/rioonwatch.org.br\/wp-content\/uploads\/2016\/12\/13820732_10202119970078109_130-940x400.jpg 940w\" sizes=\"(max-width: 620px) 100vw, 620px\" \/><\/a><\/p>\n<p><span style=\"font-weight: 400;\">Embora o desenvolvimento das favelas do Rio n\u00e3o possa ser atribu\u00eddo a <a href=\"http:\/\/bit.ly\/1uRzOcM\" target=\"_blank\" rel=\"noopener\">um \u00fanico fio condutor<\/a>, muitas delas cresceram como resultado de determinados projetos de constru\u00e7\u00e3o, urbaniza\u00e7\u00e3o, ciclos de trabalho ou a expans\u00e3o de uma \u00e1rea: a <a href=\"http:\/\/bit.ly\/Nfddvg\" target=\"_blank\" rel=\"noopener\">Vila Aut\u00f3dromo<\/a> se desenvolveu em raz\u00e3o da necessidade de moradia para os trabalhadores que estavam construindo a nova pista de corrida, enquanto que a <a href=\"http:\/\/bit.ly\/13uRoVx\" target=\"_blank\" rel=\"noopener\">Favela do Metr\u00f4<\/a> atendeu aos trabalhadores que estavam construindo a esta\u00e7\u00e3o de metr\u00f4 do\u00a0Maracan\u00e3. Rio das Pedras n\u00e3o \u00e9 exce\u00e7\u00e3o, <a href=\"http:\/\/bit.ly\/2gkKX3i\" target=\"_blank\" rel=\"noopener\">cresceu junto com a Barra da Tijuca<\/a> nos anos 70 e 80, \u00e0 medida que aumentava a demanda por m\u00e3o de obra na regi\u00e3o.<\/span><\/p>\n<p><span style=\"font-weight: 400;\">Rio das Pedras recebeu esse nome em raz\u00e3o de um rio que come\u00e7a na Floresta da Tijuca e corre inteiramente atrav\u00e9s da favela. H\u00e1 30 anos, o rio era limpo o suficiente para crian\u00e7as brincarem, pessoas tomarem banho e lavarem suas roupas. Atualmente, a favela enfrenta a mesma batalha de saneamento que tantas outras comunidades do Rio. Seu rio se parece mais com um grande esgoto a c\u00e9u aberto revestido de concreto at\u00e9 encontrar a Lagoa da Tijuca.<\/span><\/p>\n<p><a href=\"http:\/\/rioonwatch.org.br\/wp-content\/uploads\/2016\/12\/13823385_10202119970118110_950.jpg\"><img decoding=\"async\" class=\"aligncenter wp-image-23947 size-content\" title=\"Norte de Rio das Pedras\" src=\"http:\/\/rioonwatch.org.br\/wp-content\/uploads\/2016\/12\/13823385_10202119970118110_950-620x264.jpg\" alt=\"13823385_10202119970118110_950\" width=\"620\" height=\"264\" srcset=\"https:\/\/rioonwatch.org.br\/wp-content\/uploads\/2016\/12\/13823385_10202119970118110_950-620x264.jpg 620w, https:\/\/rioonwatch.org.br\/wp-content\/uploads\/2016\/12\/13823385_10202119970118110_950-940x400.jpg 940w\" sizes=\"(max-width: 620px) 100vw, 620px\" \/><\/a><\/p>\n<p><span style=\"font-weight: 400;\">Com mais de 55,000\u00a0moradores situados em uma \u00e1rea de 90 hectares de terra em expans\u00e3o, Rio das Pedras pode ser dividida em duas partes principais: uma \u00e1rea norte mais consolidada e uma \u00e1rea sul com infraestrutura mais recente e, por consequ\u00eancia, mais prec\u00e1ria. Mas para os moradores as principais divis\u00f5es dentro de Rio das Pedras s\u00e3o as sub-comunidades conhecidas como Areal 1, Areal 2, Areinha, Casinhas, Pinheiro e Pantanal. As ruas principais s\u00e3o a Rua Nova, Rua Velha e Engenheiro.<\/span><\/p>\n<p><span style=\"font-weight: 400;\">Rio das Pedras foi o local de uma das primeiras <a href=\"http:\/\/bit.ly\/1fQqGHL\" target=\"_blank\" rel=\"noopener\">mil\u00edcias<\/a>\u00a0no Estado do Rio, e\u00a0permanece livre das fac\u00e7\u00f5es\u00a0de <a href=\"http:\/\/bit.ly\/NRIxaP\" target=\"_blank\" rel=\"noopener\">tr\u00e1fico de drogas<\/a>. Se desenvolvendo ao longo dos anos 80, moradores j\u00e1 haviam observado traficantes tomando o controle em outras favelas, e por isso\u00a0ao construir Rio das Pedras j\u00e1 estavam cientes e cautelosos sobre o que o tr\u00e1fico poderia fazer a uma comunidade como aquela. <a href=\"http:\/\/bit.ly\/2h3Bj3A\" target=\"_blank\" rel=\"noopener\">O objetivo original das mil\u00edcias no Rio<\/a> era, assim, conter o tr\u00e1fico de drogas nas favelas, na <a href=\"http:\/\/bit.ly\/2gbt6IQ\" target=\"_blank\" rel=\"noopener\">aus\u00eancia de medidas de seguran\u00e7a formal adequadas<\/a>. No caso de Rio das Pedras, os moradores s\u00e3o obrigados a pagar uma taxa de prote\u00e7\u00e3o para a mil\u00edcia, o que tem mantido o tr\u00e1fico de drogas longe da comunidade. Mas, \u00e0 medida que as mil\u00edcias se expandiam, elas tamb\u00e9m come\u00e7aram a ser associadas a severas restri\u00e7\u00f5es das liberdades individuais dos moradores, fomentando a corrup\u00e7\u00e3o e sua <a href=\"http:\/\/bit.ly\/29GQFfv\" target=\"_blank\" rel=\"noopener\">particularmente perniciosa<\/a> forma de viol\u00eancia.<\/span><\/p>\n<p><span style=\"font-weight: 400;\">Historicamente atraindo trabalhadores vindos do <a href=\"http:\/\/bit.ly\/2h6zGTe\" target=\"_blank\" rel=\"noopener\">nordeste<\/a>, hoje muitos dos habitantes de Rio das Pedras s\u00e3o <a href=\"http:\/\/bit.ly\/2gbmLgI\" target=\"_blank\" rel=\"noopener\">migrantes<\/a> que, antes mesmo de chegarem, conheciam um parente ou um amigo que j\u00e1 morava na comunidade e recomendava o local. O status da \u00e1rea como uma comunidade de migrantes ainda permanece, com mais nordestinos chegando atrav\u00e9s de uma viagem de tr\u00eas dias de \u00f4nibus, feita pela companhia <a href=\"http:\/\/bit.ly\/2aaFz24\" target=\"_blank\" rel=\"noopener\">Itapemirim<\/a>, saindo direto do Cear\u00e1 para Rio das Pedras. A gera\u00e7\u00e3o original de migrantes foi respons\u00e1vel por tecer a <a href=\"http:\/\/bit.ly\/1a1M6kK\" target=\"_blank\" rel=\"noopener\">cultura local<\/a>, que define a comunidade atualmente.<\/span><\/p>\n<p><a href=\"http:\/\/rioonwatch.org.br\/wp-content\/uploads\/2016\/12\/screen-shot-2016-07-20-at-10-2-e1469022328785.jpg\"><img loading=\"lazy\" decoding=\"async\" class=\"aligncenter wp-image-23949 size-content\" title=\"Arte infantil sobre os migrantes em Rio das Pedras\" src=\"http:\/\/rioonwatch.org.br\/wp-content\/uploads\/2016\/12\/screen-shot-2016-07-20-at-10-2-e1469022328785-620x264.jpg\" alt=\"Arte infantil sobre os migrantes em Rio das Pedras\" width=\"620\" height=\"264\" srcset=\"https:\/\/rioonwatch.org.br\/wp-content\/uploads\/2016\/12\/screen-shot-2016-07-20-at-10-2-e1469022328785-620x264.jpg 620w, https:\/\/rioonwatch.org.br\/wp-content\/uploads\/2016\/12\/screen-shot-2016-07-20-at-10-2-e1469022328785-940x400.jpg 940w\" sizes=\"(max-width: 620px) 100vw, 620px\" \/><\/a><\/p>\n<p><span style=\"font-weight: 400;\">A cultura nordestina em Rio das Pedras \u00e9 palp\u00e1vel quando se visitam as pequenas lojas que ocupam as ruas da favela. Entre os locais mais populares est\u00e3o as granjas (onde voc\u00ea pode escolher o seu frango enquanto ele ainda est\u00e1 vivo), as Casas do Norte (lojas que s\u00f3 comercializam produtos nordestinos) e comerciantes de rua vendendo tapioca.<\/span><\/p>\n<p><span style=\"font-weight: 400;\">A <a href=\"http:\/\/bit.ly\/1NRlnt6\" target=\"_blank\" rel=\"noopener\">economia<\/a> local de Rio das Pedras prospera<\/span><span style=\"font-weight: 400;\">, atuando como ponto central n\u00e3o s\u00f3 para favelas menores da regi\u00e3o, como <a href=\"http:\/\/bit.ly\/16xn6zX\" target=\"_blank\" rel=\"noopener\">Muzema<\/a>, mas indo al\u00e9m.\u00a0<\/span><span style=\"font-weight: 400;\">Com muitos moradores propriet\u00e1rios de com\u00e9rcios, trabalhando nos neg\u00f3cios locais e gastando dinheiro na pr\u00f3pria favela, o dinheiro continua circulando dentro da comunidade num c\u00edrculo virtuoso de desenvolvimento. Desse modo, alguns moradores dizem que, muito embora o Brasil esteja atravessando uma crise econ\u00f4mica, ela n\u00e3o afetou Rio das Pedras com tanta for\u00e7a como em outros lugares. <\/span><\/p>\n<!-- AddThis Advanced Settings generic via filter on the_content --><!-- AddThis Share Buttons generic via filter on the_content -->","protected":false},"excerpt":{"rendered":"<div class=\"mh-excerpt\"><p>Click Here for English Esta\u00e7\u00e3o Azul, um movimentado restaurante 24 horas, \u00e9 um ponto central no cora\u00e7\u00e3o de\u00a0Rio das Pedras. Sem uma localiza\u00e7\u00e3o formal no mapa, a extensa comunidade est\u00e1 situada na Zona Oeste do <a class=\"mh-excerpt-more\" href=\"https:\/\/rioonwatch.org.br\/?p=23886\" title=\"Rio das Pedras: Uma Vis\u00e3o Geral da Movimentada Favela da Zona Oeste\">[&#8230;]<\/a><!-- AddThis Advanced Settings generic via filter on get_the_excerpt --><!-- AddThis Share Buttons generic via filter on get_the_excerpt --><\/p>\n<\/div>","protected":false},"author":129,"featured_media":24626,"comment_status":"closed","ping_status":"closed","sticky":false,"template":"","format":"standard","meta":{"_acf_changed":false,"_monsterinsights_skip_tracking":false,"_monsterinsights_sitenote_active":false,"_monsterinsights_sitenote_note":"","_monsterinsights_sitenote_category":0,"footnotes":""},"categories":[1615,1629,1626],"tags":[299,274,81,421,687,128,447,1240,482,372,265,78,1393,184],"writer":[1881],"translator":[1959],"source":[],"ilustrador":[],"fotografo":[],"class_list":{"0":"post-23886","1":"post","2":"type-post","3":"status-publish","4":"format-standard","5":"has-post-thumbnail","7":"category-cultura-da-favela","8":"category-entrevistas-e-perfis","9":"category-por-observadores-internacionais","10":"tag-alimentacao","11":"tag-barra-da-tijuca","12":"tag-cultura","13":"tag-cultura-da-favela","14":"tag-economia","15":"tag-historia","16":"tag-jacarepagua","17":"tag-megaeventos","18":"tag-milicia","19":"tag-muzema","20":"tag-nordeste","21":"tag-olimpiadas","22":"tag-rio-das-pedras","23":"tag-zona-oeste","24":"writer-juliana-ritter","25":"translator-paula-varajao"},"acf":[],"yoast_head":"<!-- This site is optimized with the Yoast SEO plugin v25.6 - https:\/\/yoast.com\/wordpress\/plugins\/seo\/ -->\n<title>Rio das Pedras: Uma Vis\u00e3o Geral da Movimentada Favela da Zona Oeste - RioOnWatch<\/title>\n<meta name=\"robots\" content=\"index, follow, max-snippet:-1, max-image-preview:large, max-video-preview:-1\" \/>\n<link rel=\"canonical\" href=\"https:\/\/rioonwatch.org.br\/?p=23886\" \/>\n<meta property=\"og:locale\" content=\"pt_BR\" \/>\n<meta property=\"og:type\" content=\"article\" \/>\n<meta property=\"og:title\" content=\"Rio das Pedras: Uma Vis\u00e3o Geral da Movimentada Favela da Zona Oeste - RioOnWatch\" \/>\n<meta property=\"og:description\" content=\"Click Here for English Esta\u00e7\u00e3o Azul, um movimentado restaurante 24 horas, \u00e9 um ponto central no cora\u00e7\u00e3o de\u00a0Rio das Pedras. Sem uma localiza\u00e7\u00e3o formal no mapa, a extensa comunidade est\u00e1 situada na Zona Oeste do [...]\" \/>\n<meta property=\"og:url\" content=\"https:\/\/rioonwatch.org.br\/?p=23886\" \/>\n<meta property=\"og:site_name\" content=\"RioOnWatch\" \/>\n<meta property=\"article:published_time\" content=\"2017-02-10T12:19:35+00:00\" \/>\n<meta property=\"article:modified_time\" content=\"2024-06-20T19:24:39+00:00\" \/>\n<meta property=\"og:image\" content=\"https:\/\/rioonwatch.org.br\/wp-content\/uploads\/2017\/02\/Rio-das-Pedras.-Foto-Custodio-Coimbra-O-Globo.jpg\" \/>\n\t<meta property=\"og:image:width\" content=\"1265\" \/>\n\t<meta property=\"og:image:height\" content=\"550\" \/>\n\t<meta property=\"og:image:type\" content=\"image\/jpeg\" \/>\n<meta name=\"author\" content=\"Admin\" \/>\n<meta name=\"twitter:card\" content=\"summary_large_image\" \/>\n<meta name=\"twitter:label1\" content=\"Escrito por\" \/>\n\t<meta name=\"twitter:data1\" content=\"Admin\" \/>\n\t<meta name=\"twitter:label2\" content=\"Est. tempo de leitura\" \/>\n\t<meta name=\"twitter:data2\" content=\"4 minutos\" \/>\n<script type=\"application\/ld+json\" class=\"yoast-schema-graph\">{\"@context\":\"https:\/\/schema.org\",\"@graph\":[{\"@type\":\"Article\",\"@id\":\"https:\/\/rioonwatch.org.br\/?p=23886#article\",\"isPartOf\":{\"@id\":\"https:\/\/rioonwatch.org.br\/?p=23886\"},\"author\":{\"name\":\"Admin\",\"@id\":\"https:\/\/rioonwatch.org.br\/#\/schema\/person\/11d64c290506f9df50c71b850c473f68\"},\"headline\":\"Rio das Pedras: Uma Vis\u00e3o Geral da Movimentada Favela da Zona Oeste\",\"datePublished\":\"2017-02-10T12:19:35+00:00\",\"dateModified\":\"2024-06-20T19:24:39+00:00\",\"mainEntityOfPage\":{\"@id\":\"https:\/\/rioonwatch.org.br\/?p=23886\"},\"wordCount\":808,\"publisher\":{\"@id\":\"https:\/\/rioonwatch.org.br\/#organization\"},\"image\":{\"@id\":\"https:\/\/rioonwatch.org.br\/?p=23886#primaryimage\"},\"thumbnailUrl\":\"https:\/\/rioonwatch.org.br\/wp-content\/uploads\/2017\/02\/Rio-das-Pedras.-Foto-Custodio-Coimbra-O-Globo.jpg\",\"keywords\":[\"alimenta\u00e7\u00e3o\",\"Barra da Tijuca\",\"cultura\",\"cultura da favela\",\"economia\",\"hist\u00f3ria\",\"Jacarepagu\u00e1\",\"Megaeventos\",\"Mil\u00edcia\",\"Muzema\",\"Nordeste\",\"Olimp\u00edadas\",\"Rio das Pedras\",\"Zona Oeste\"],\"articleSection\":[\"Cultura da Favela\",\"Entrevistas e Perfis\",\"Escrito por Aliados\"],\"inLanguage\":\"pt-BR\"},{\"@type\":\"WebPage\",\"@id\":\"https:\/\/rioonwatch.org.br\/?p=23886\",\"url\":\"https:\/\/rioonwatch.org.br\/?p=23886\",\"name\":\"Rio das Pedras: Uma Vis\u00e3o Geral da Movimentada Favela da Zona Oeste - RioOnWatch\",\"isPartOf\":{\"@id\":\"https:\/\/rioonwatch.org.br\/#website\"},\"primaryImageOfPage\":{\"@id\":\"https:\/\/rioonwatch.org.br\/?p=23886#primaryimage\"},\"image\":{\"@id\":\"https:\/\/rioonwatch.org.br\/?p=23886#primaryimage\"},\"thumbnailUrl\":\"https:\/\/rioonwatch.org.br\/wp-content\/uploads\/2017\/02\/Rio-das-Pedras.-Foto-Custodio-Coimbra-O-Globo.jpg\",\"datePublished\":\"2017-02-10T12:19:35+00:00\",\"dateModified\":\"2024-06-20T19:24:39+00:00\",\"breadcrumb\":{\"@id\":\"https:\/\/rioonwatch.org.br\/?p=23886#breadcrumb\"},\"inLanguage\":\"pt-BR\",\"potentialAction\":[{\"@type\":\"ReadAction\",\"target\":[\"https:\/\/rioonwatch.org.br\/?p=23886\"]}]},{\"@type\":\"ImageObject\",\"inLanguage\":\"pt-BR\",\"@id\":\"https:\/\/rioonwatch.org.br\/?p=23886#primaryimage\",\"url\":\"https:\/\/rioonwatch.org.br\/wp-content\/uploads\/2017\/02\/Rio-das-Pedras.-Foto-Custodio-Coimbra-O-Globo.jpg\",\"contentUrl\":\"https:\/\/rioonwatch.org.br\/wp-content\/uploads\/2017\/02\/Rio-das-Pedras.-Foto-Custodio-Coimbra-O-Globo.jpg\",\"width\":1265,\"height\":550,\"caption\":\"Rio das Pedras. Foto Custodio Coimbra, O Globo\"},{\"@type\":\"BreadcrumbList\",\"@id\":\"https:\/\/rioonwatch.org.br\/?p=23886#breadcrumb\",\"itemListElement\":[{\"@type\":\"ListItem\",\"position\":1,\"name\":\"In\u00edcio\",\"item\":\"https:\/\/rioonwatch.org.br\/\"},{\"@type\":\"ListItem\",\"position\":2,\"name\":\"Rio das Pedras: Uma Vis\u00e3o Geral da Movimentada Favela da Zona Oeste\"}]},{\"@type\":\"WebSite\",\"@id\":\"https:\/\/rioonwatch.org.br\/#website\",\"url\":\"https:\/\/rioonwatch.org.br\/\",\"name\":\"RioOnWatch\",\"description\":\"relatos das favelas cariocas\",\"publisher\":{\"@id\":\"https:\/\/rioonwatch.org.br\/#organization\"},\"potentialAction\":[{\"@type\":\"SearchAction\",\"target\":{\"@type\":\"EntryPoint\",\"urlTemplate\":\"https:\/\/rioonwatch.org.br\/?s={search_term_string}\"},\"query-input\":{\"@type\":\"PropertyValueSpecification\",\"valueRequired\":true,\"valueName\":\"search_term_string\"}}],\"inLanguage\":\"pt-BR\"},{\"@type\":\"Organization\",\"@id\":\"https:\/\/rioonwatch.org.br\/#organization\",\"name\":\"RioOnWatch\",\"url\":\"https:\/\/rioonwatch.org.br\/\",\"logo\":{\"@type\":\"ImageObject\",\"inLanguage\":\"pt-BR\",\"@id\":\"https:\/\/rioonwatch.org.br\/#\/schema\/logo\/image\/\",\"url\":\"https:\/\/rioonwatch.org.br\/wp-content\/uploads\/2021\/06\/RioOnWatchcabecalhoPT11anos-2.png\",\"contentUrl\":\"https:\/\/rioonwatch.org.br\/wp-content\/uploads\/2021\/06\/RioOnWatchcabecalhoPT11anos-2.png\",\"width\":779,\"height\":277,\"caption\":\"RioOnWatch\"},\"image\":{\"@id\":\"https:\/\/rioonwatch.org.br\/#\/schema\/logo\/image\/\"}},{\"@type\":\"Person\",\"@id\":\"https:\/\/rioonwatch.org.br\/#\/schema\/person\/11d64c290506f9df50c71b850c473f68\",\"name\":\"Admin\",\"image\":{\"@type\":\"ImageObject\",\"inLanguage\":\"pt-BR\",\"@id\":\"https:\/\/rioonwatch.org.br\/#\/schema\/person\/image\/\",\"url\":\"https:\/\/secure.gravatar.com\/avatar\/56211ac74568383903349a1485e3c325?s=96&d=blank&r=g\",\"contentUrl\":\"https:\/\/secure.gravatar.com\/avatar\/56211ac74568383903349a1485e3c325?s=96&d=blank&r=g\",\"caption\":\"Admin\"},\"url\":\"https:\/\/rioonwatch.org.br\/?author=129\"}]}<\/script>\n<!-- \/ Yoast SEO plugin. -->","yoast_head_json":{"title":"Rio das Pedras: Uma Vis\u00e3o Geral da Movimentada Favela da Zona Oeste - RioOnWatch","robots":{"index":"index","follow":"follow","max-snippet":"max-snippet:-1","max-image-preview":"max-image-preview:large","max-video-preview":"max-video-preview:-1"},"canonical":"https:\/\/rioonwatch.org.br\/?p=23886","og_locale":"pt_BR","og_type":"article","og_title":"Rio das Pedras: Uma Vis\u00e3o Geral da Movimentada Favela da Zona Oeste - RioOnWatch","og_description":"Click Here for English Esta\u00e7\u00e3o Azul, um movimentado restaurante 24 horas, \u00e9 um ponto central no cora\u00e7\u00e3o de\u00a0Rio das Pedras. Sem uma localiza\u00e7\u00e3o formal no mapa, a extensa comunidade est\u00e1 situada na Zona Oeste do [...]","og_url":"https:\/\/rioonwatch.org.br\/?p=23886","og_site_name":"RioOnWatch","article_published_time":"2017-02-10T12:19:35+00:00","article_modified_time":"2024-06-20T19:24:39+00:00","og_image":[{"width":1265,"height":550,"url":"https:\/\/rioonwatch.org.br\/wp-content\/uploads\/2017\/02\/Rio-das-Pedras.-Foto-Custodio-Coimbra-O-Globo.jpg","type":"image\/jpeg"}],"author":"Admin","twitter_card":"summary_large_image","twitter_misc":{"Escrito por":"Admin","Est. tempo de leitura":"4 minutos"},"schema":{"@context":"https:\/\/schema.org","@graph":[{"@type":"Article","@id":"https:\/\/rioonwatch.org.br\/?p=23886#article","isPartOf":{"@id":"https:\/\/rioonwatch.org.br\/?p=23886"},"author":{"name":"Admin","@id":"https:\/\/rioonwatch.org.br\/#\/schema\/person\/11d64c290506f9df50c71b850c473f68"},"headline":"Rio das Pedras: Uma Vis\u00e3o Geral da Movimentada Favela da Zona Oeste","datePublished":"2017-02-10T12:19:35+00:00","dateModified":"2024-06-20T19:24:39+00:00","mainEntityOfPage":{"@id":"https:\/\/rioonwatch.org.br\/?p=23886"},"wordCount":808,"publisher":{"@id":"https:\/\/rioonwatch.org.br\/#organization"},"image":{"@id":"https:\/\/rioonwatch.org.br\/?p=23886#primaryimage"},"thumbnailUrl":"https:\/\/rioonwatch.org.br\/wp-content\/uploads\/2017\/02\/Rio-das-Pedras.-Foto-Custodio-Coimbra-O-Globo.jpg","keywords":["alimenta\u00e7\u00e3o","Barra da Tijuca","cultura","cultura da favela","economia","hist\u00f3ria","Jacarepagu\u00e1","Megaeventos","Mil\u00edcia","Muzema","Nordeste","Olimp\u00edadas","Rio das Pedras","Zona Oeste"],"articleSection":["Cultura da Favela","Entrevistas e Perfis","Escrito por Aliados"],"inLanguage":"pt-BR"},{"@type":"WebPage","@id":"https:\/\/rioonwatch.org.br\/?p=23886","url":"https:\/\/rioonwatch.org.br\/?p=23886","name":"Rio das Pedras: Uma Vis\u00e3o Geral da Movimentada Favela da Zona Oeste - RioOnWatch","isPartOf":{"@id":"https:\/\/rioonwatch.org.br\/#website"},"primaryImageOfPage":{"@id":"https:\/\/rioonwatch.org.br\/?p=23886#primaryimage"},"image":{"@id":"https:\/\/rioonwatch.org.br\/?p=23886#primaryimage"},"thumbnailUrl":"https:\/\/rioonwatch.org.br\/wp-content\/uploads\/2017\/02\/Rio-das-Pedras.-Foto-Custodio-Coimbra-O-Globo.jpg","datePublished":"2017-02-10T12:19:35+00:00","dateModified":"2024-06-20T19:24:39+00:00","breadcrumb":{"@id":"https:\/\/rioonwatch.org.br\/?p=23886#breadcrumb"},"inLanguage":"pt-BR","potentialAction":[{"@type":"ReadAction","target":["https:\/\/rioonwatch.org.br\/?p=23886"]}]},{"@type":"ImageObject","inLanguage":"pt-BR","@id":"https:\/\/rioonwatch.org.br\/?p=23886#primaryimage","url":"https:\/\/rioonwatch.org.br\/wp-content\/uploads\/2017\/02\/Rio-das-Pedras.-Foto-Custodio-Coimbra-O-Globo.jpg","contentUrl":"https:\/\/rioonwatch.org.br\/wp-content\/uploads\/2017\/02\/Rio-das-Pedras.-Foto-Custodio-Coimbra-O-Globo.jpg","width":1265,"height":550,"caption":"Rio das Pedras. Foto Custodio Coimbra, O Globo"},{"@type":"BreadcrumbList","@id":"https:\/\/rioonwatch.org.br\/?p=23886#breadcrumb","itemListElement":[{"@type":"ListItem","position":1,"name":"In\u00edcio","item":"https:\/\/rioonwatch.org.br\/"},{"@type":"ListItem","position":2,"name":"Rio das Pedras: Uma Vis\u00e3o Geral da Movimentada Favela da Zona Oeste"}]},{"@type":"WebSite","@id":"https:\/\/rioonwatch.org.br\/#website","url":"https:\/\/rioonwatch.org.br\/","name":"RioOnWatch","description":"relatos das favelas cariocas","publisher":{"@id":"https:\/\/rioonwatch.org.br\/#organization"},"potentialAction":[{"@type":"SearchAction","target":{"@type":"EntryPoint","urlTemplate":"https:\/\/rioonwatch.org.br\/?s={search_term_string}"},"query-input":{"@type":"PropertyValueSpecification","valueRequired":true,"valueName":"search_term_string"}}],"inLanguage":"pt-BR"},{"@type":"Organization","@id":"https:\/\/rioonwatch.org.br\/#organization","name":"RioOnWatch","url":"https:\/\/rioonwatch.org.br\/","logo":{"@type":"ImageObject","inLanguage":"pt-BR","@id":"https:\/\/rioonwatch.org.br\/#\/schema\/logo\/image\/","url":"https:\/\/rioonwatch.org.br\/wp-content\/uploads\/2021\/06\/RioOnWatchcabecalhoPT11anos-2.png","contentUrl":"https:\/\/rioonwatch.org.br\/wp-content\/uploads\/2021\/06\/RioOnWatchcabecalhoPT11anos-2.png","width":779,"height":277,"caption":"RioOnWatch"},"image":{"@id":"https:\/\/rioonwatch.org.br\/#\/schema\/logo\/image\/"}},{"@type":"Person","@id":"https:\/\/rioonwatch.org.br\/#\/schema\/person\/11d64c290506f9df50c71b850c473f68","name":"Admin","image":{"@type":"ImageObject","inLanguage":"pt-BR","@id":"https:\/\/rioonwatch.org.br\/#\/schema\/person\/image\/","url":"https:\/\/secure.gravatar.com\/avatar\/56211ac74568383903349a1485e3c325?s=96&d=blank&r=g","contentUrl":"https:\/\/secure.gravatar.com\/avatar\/56211ac74568383903349a1485e3c325?s=96&d=blank&r=g","caption":"Admin"},"url":"https:\/\/rioonwatch.org.br\/?author=129"}]}},"_links":{"self":[{"href":"https:\/\/rioonwatch.org.br\/index.php?rest_route=\/wp\/v2\/posts\/23886"}],"collection":[{"href":"https:\/\/rioonwatch.org.br\/index.php?rest_route=\/wp\/v2\/posts"}],"about":[{"href":"https:\/\/rioonwatch.org.br\/index.php?rest_route=\/wp\/v2\/types\/post"}],"author":[{"embeddable":true,"href":"https:\/\/rioonwatch.org.br\/index.php?rest_route=\/wp\/v2\/users\/129"}],"replies":[{"embeddable":true,"href":"https:\/\/rioonwatch.org.br\/index.php?rest_route=%2Fwp%2Fv2%2Fcomments&post=23886"}],"version-history":[{"count":10,"href":"https:\/\/rioonwatch.org.br\/index.php?rest_route=\/wp\/v2\/posts\/23886\/revisions"}],"predecessor-version":[{"id":74166,"href":"https:\/\/rioonwatch.org.br\/index.php?rest_route=\/wp\/v2\/posts\/23886\/revisions\/74166"}],"wp:featuredmedia":[{"embeddable":true,"href":"https:\/\/rioonwatch.org.br\/index.php?rest_route=\/wp\/v2\/media\/24626"}],"wp:attachment":[{"href":"https:\/\/rioonwatch.org.br\/index.php?rest_route=%2Fwp%2Fv2%2Fmedia&parent=23886"}],"wp:term":[{"taxonomy":"category","embeddable":true,"href":"https:\/\/rioonwatch.org.br\/index.php?rest_route=%2Fwp%2Fv2%2Fcategories&post=23886"},{"taxonomy":"post_tag","embeddable":true,"href":"https:\/\/rioonwatch.org.br\/index.php?rest_route=%2Fwp%2Fv2%2Ftags&post=23886"},{"taxonomy":"writer","embeddable":true,"href":"https:\/\/rioonwatch.org.br\/index.php?rest_route=%2Fwp%2Fv2%2Fwriter&post=23886"},{"taxonomy":"translator","embeddable":true,"href":"https:\/\/rioonwatch.org.br\/index.php?rest_route=%2Fwp%2Fv2%2Ftranslator&post=23886"},{"taxonomy":"source","embeddable":true,"href":"https:\/\/rioonwatch.org.br\/index.php?rest_route=%2Fwp%2Fv2%2Fsource&post=23886"},{"taxonomy":"ilustrador","embeddable":true,"href":"https:\/\/rioonwatch.org.br\/index.php?rest_route=%2Fwp%2Fv2%2Filustrador&post=23886"},{"taxonomy":"fotografo","embeddable":true,"href":"https:\/\/rioonwatch.org.br\/index.php?rest_route=%2Fwp%2Fv2%2Ffotografo&post=23886"}],"curies":[{"name":"wp","href":"https:\/\/api.w.org\/{rel}","templated":true}]}}