{"id":24010,"date":"2016-12-20T11:47:46","date_gmt":"2016-12-20T14:47:46","guid":{"rendered":"http:\/\/rioonwatch.org.br\/?p=24010"},"modified":"2024-06-20T16:25:14","modified_gmt":"2024-06-20T19:25:14","slug":"reflexoes-sobre-eleicoes-de-2016-brasil-e-estados-unidos","status":"publish","type":"post","link":"https:\/\/rioonwatch.org.br\/?p=24010","title":{"rendered":"Reflex\u00f5es Sobre Elei\u00e7\u00f5es de 2016: Brasil e Estados Unidos"},"content":{"rendered":"<p style=\"text-align: right;\"><em><strong><a href=\"http:\/\/bit.ly\/2gYQie2\" target=\"_blank\" rel=\"noopener\">Click Here for English<img decoding=\"async\" width=\"20\" height=\"20\" class=\"alignright wp-image-15790\" src=\"http:\/\/rioonwatch.org.br\/wp-content\/uploads\/2012\/08\/EN-standard-e1439583104716.jpg\" alt=\"\" \/><\/a><\/strong><\/em><\/p>\n<p><span style=\"font-weight: 400;\">O resultado da temporada eleitoral de 2016 deixou eleitores, pesquisadores e a comunidade internacional igualmente com muitas perguntas. C<\/span><span style=\"font-weight: 400;\">idad\u00e3os brasileiros <a href=\"http:\/\/bit.ly\/2dfACU9\" target=\"_blank\" rel=\"noopener\">foram \u00e0s urnas em outubro<\/a><\/span> <span style=\"font-weight: 400;\">pela primeira vez desde <\/span><span style=\"font-weight: 400;\">o\u00a0<a href=\"http:\/\/bit.ly\/1T3xbOp\" target=\"_blank\" rel=\"noopener\">impeachment de<\/a><\/span> <span style=\"font-weight: 400;\">Dilma Rousseff para escolher os novos membros das C\u00e2maras de Vereadores\u00a0e Prefeitos de seus\u00a0munic\u00edpios. Um m\u00eas depois, os Estados Unidos realizaram elei\u00e7\u00f5es para escolher o sucessor do Presidente Barack Obama, ofuscando campanhas simult\u00e2neas para representantes estaduais e locais. Muitos dos resultados nos Estados Unidos e no Brasil foram sem precedentes, refletindo mudan\u00e7as nas prioridades dos eleitores e na demografia, no sistema eleitoral em geral e na cobertura midi\u00e1tica das campanhas. Como as duas maiores democracias do hemisf\u00e9rio ocidental, o Brasil e os Estados Unidos t\u00eam n\u00e3o s\u00f3 uma importante rela\u00e7\u00e3o bilateral, mas um tremendo impacto global atrav\u00e9s da aplica\u00e7\u00e3o de pol\u00edtica, com\u00e9rcio e investimento. Diverg\u00eancias e experi\u00eancias semelhantes podem ser vistas nos ciclos eleitorais desses dois pa\u00edses das seguintes maneiras:<\/span><\/p>\n<h3><b>Candidatos contra a ordem estabelecida ganharam\u00a0<a href=\"http:\/\/bbc.in\/2gavGjA\" target=\"_blank\" rel=\"noopener\">big(ly)<\/a>\u00a0(termo raro para &#8216;muito&#8217; usado por Trump em debate que gerou pol\u00eamica)<\/b><\/h3>\n<p><span style=\"font-weight: 400;\">Apostando na frustra\u00e7\u00e3o dos eleitores com o status quo, 2016 viu um aumento na popularidade de candidatos considerados &#8220;forasteiros&#8221; para o sistema pol\u00edtico.<\/span><\/p>\n<p><span style=\"font-weight: 400;\">Enquanto Hillary Clinton teria quebrado um tabu, tornando-se a primeira presidente mulher dos Estados Unidos, suas posi\u00e7\u00f5es, especialmente na pol\u00edtica externa, com\u00e9rcio e economia nacional s\u00e3o decididamente mais moderadas que radicais. Por mais que ela tentasse convencer que n\u00e3o, Hillary Clinton <\/span><a href=\"http:\/\/theatln.tc\/2grKw5G\"><span style=\"font-weight: 400;\">estava dentro<\/span><\/a><span style=\"font-weight: 400;\"> do molde da\u00a0<\/span>ordem estabelecida dos d<span style=\"font-weight: 400;\">emocratas.<\/span><\/p>\n<p><span style=\"font-weight: 400;\">Bernie Sanders, o candidato socialista democrata que Hillary Clinton finalmente derrotou, garantindo a nomea\u00e7\u00e3o no Partido Democrata, recebeu um apoio significativo para sua plataforma abordando a desigualdade social e desafiando o clientelismo corporativo de Wall Street. Ele desafiou o elitismo do seu pr\u00f3prio partido, criticando a lideran\u00e7a do Comit\u00ea Nacional Democrata <a href=\"http:\/\/politi.co\/2gDG2Yz\" target=\"_blank\" rel=\"noopener\">quando disse<\/a>: &#8220;Eu acho que voc\u00eas t\u00eam um Partido Democrata, que n\u00e3o \u00e9 t\u00e3o forte quanto deveria ser para a classe trabalhadora deste pa\u00eds e \u00e9 voltado para grandes interesses monet\u00e1rios. Esse tem sido meu ponto de vista por um longo tempo&#8221;. Como um candidato de reforma, Bernie Sanders proveu \u00e0 classe trabalhadora e a democratas de esp\u00edrito mais progressivo uma alternativa \u00e0 pol\u00edtica &#8220;segura, mas saturada&#8221; de Hillary Clinton. Sanders <\/span><a href=\"http:\/\/bit.ly\/2grMfYA\"><span style=\"font-weight: 400;\">credita<\/span><\/a><span style=\"font-weight: 400;\"> \u00e0 raiva sentida por uma &#8220;classe m\u00e9dia em decl\u00ednio&#8221; parte do apoio dado a Donald Trump e estima-se que uma consider\u00e1vel parte do <\/span><a href=\"http:\/\/bit.ly\/2fXC9kl\"><span style=\"font-weight: 400;\">grupo<\/span><\/a><span style=\"font-weight: 400;\"> que apoiava Bernie Sanders migrou para Donald Trump e outras op\u00e7\u00f5es ao inv\u00e9s de Hillary Clinton nas urnas.<\/span><\/p>\n<p><a href=\"http:\/\/rioonwatch.org.br\/wp-content\/uploads\/2016\/12\/434869-hillary-clinton-bernie-sanders-michigan-debate-reuters.jpg\"><img fetchpriority=\"high\" decoding=\"async\" class=\"aligncenter wp-image-24048 size-medium\" title=\"Debate com Hillary Clinton e Bernie Sanders\" src=\"http:\/\/rioonwatch.org.br\/wp-content\/uploads\/2016\/12\/434869-hillary-clinton-bernie-sanders-michigan-debate-reuters-620x349.jpg\" width=\"620\" height=\"349\" srcset=\"https:\/\/rioonwatch.org.br\/wp-content\/uploads\/2016\/12\/434869-hillary-clinton-bernie-sanders-michigan-debate-reuters-620x349.jpg 620w, https:\/\/rioonwatch.org.br\/wp-content\/uploads\/2016\/12\/434869-hillary-clinton-bernie-sanders-michigan-debate-reuters-469x264.jpg 469w, https:\/\/rioonwatch.org.br\/wp-content\/uploads\/2016\/12\/434869-hillary-clinton-bernie-sanders-michigan-debate-reuters-580x326.jpg 580w, https:\/\/rioonwatch.org.br\/wp-content\/uploads\/2016\/12\/434869-hillary-clinton-bernie-sanders-michigan-debate-reuters-174x98.jpg 174w, https:\/\/rioonwatch.org.br\/wp-content\/uploads\/2016\/12\/434869-hillary-clinton-bernie-sanders-michigan-debate-reuters.jpg 640w\" sizes=\"(max-width: 620px) 100vw, 620px\" \/><\/a><\/p>\n<p><span style=\"font-weight: 400;\">A queda de 800 pontos no mercado de futuros durante a noite das elei\u00e7\u00f5es dos EUA mostra que a vit\u00f3ria de Donald Trump foi literalmente um choque para o mundo. Como candidato, Donald Trump diferiu totalmente da linha cl\u00e1ssica\u00a0<\/span><span style=\"font-weight: 400;\"><a href=\"http:\/\/huff.to\/2gnjxe0\">do Partido Republicano,<\/a>\u00a0<\/span><span style=\"font-weight: 400;\">simbolizada pelo ex-candidato presidencial Mitt Romney e pelo Presidente da C\u00e2mara Paul Ryan. Donald Trump \u00e9 um candidato forte pela personalidade, n\u00e3o por pol\u00edticas, contando mais com o apelo de seu ego\u00edsmo opressor e humor impertinente do que no tato que l\u00edderes de alto escal\u00e3o geralmente possuem. Sua agenda pol\u00edtica \u00e9 imprevis\u00edvel mas alarmante, com <\/span><span style=\"font-weight: 400;\"><a href=\"http:\/\/nbcnews.to\/2fx1jr0\">resposta que mudam facilmente<\/a><\/span><span style=\"font-weight: 400;\">\u00a0sobre quest\u00f5es tais como as mudan\u00e7as clim\u00e1ticas, sa\u00fade, imigra\u00e7\u00e3o e direitos reprodutivos.<\/span><\/p>\n<p><span style=\"font-weight: 400;\">Enquanto isso, o recente <\/span><span style=\"font-weight: 400;\"><a href=\"http:\/\/bit.ly\/230MkT1\" target=\"_blank\" rel=\"noopener\">impeachment de Dilma Roussef<\/a> do <a href=\"http:\/\/bit.ly\/2cCqyHM\" target=\"_blank\" rel=\"noopener\">PT<\/a>, teve um forte impacto nas elei\u00e7\u00f5es brasileiras. Oriundos de\u00a0<a href=\"http:\/\/bit.ly\/2cZ6UAh\" target=\"_blank\" rel=\"noopener\">v\u00e1rios partidos<\/a>, a <a href=\"http:\/\/bit.ly\/2gJcVaW\" target=\"_blank\" rel=\"noopener\">maioria<\/a> dos legisladores no Congresso brasileiro est\u00e3o atualmente sob investiga\u00e7\u00e3o ou enfrentam acusa\u00e7\u00f5es criminais por corrup\u00e7\u00e3o. Medido em termos de n\u00fameros de prefeitos, o PT agora <\/span><span style=\"font-weight: 400;\"><a href=\"http:\/\/bit.ly\/2gAUe48\" target=\"_blank\" rel=\"noopener\">ocupa o d\u00e9cimo lugar<\/a> entre os <a href=\"http:\/\/bit.ly\/2cZ6UAh\" target=\"_blank\" rel=\"noopener\">partidos<\/a>. Para preencher este vazio, candidatos menos conhecidos executaram campanhas com base em sua condi\u00e7\u00e3o de &#8220;forasteiros&#8221; e tiveram enormes ganhos em cidades por todo o Brasil<\/span><span style=\"font-weight: 400;\">.<\/span><\/p>\n<p><span style=\"font-weight: 400;\">Em S\u00e3o Paulo, o centrista Jo\u00e3o Doria do <a href=\"http:\/\/bit.ly\/2cZ6UAh\" target=\"_blank\" rel=\"noopener\">PSDB<\/a> recebeu mais de 50% dos votos para se tornar prefeito, sem ser necess\u00e1rio o segundo turno. Jo\u00e3o Doria pautou sua <a href=\"http:\/\/bit.ly\/2gJ7A3i\" target=\"_blank\" rel=\"noopener\">campanha<\/a> em cima do sentimento anti-PT e sobre sua experi\u00eancia no setor privado, enfatizando que ele n\u00e3o \u00e9 um pol\u00edtico e repetidamente <a href=\"http:\/\/bit.ly\/2hNQr4y\" target=\"_blank\" rel=\"noopener\">acusando<\/a> o ex-presidente Luiz In\u00e1cio Lula da Silva (PT) de ser &#8220;sem vergonha, mentiroso e covarde&#8221;. A experi\u00eancia de Jo\u00e3o D\u00f3ria no mundo dos neg\u00f3cios, o fato de ter apresentado a vers\u00e3o brasileira do programa <em>O Aprendiz<\/em> e o foco pol\u00edtico na privatiza\u00e7\u00e3o atraiu uma <a href=\"http:\/\/wapo.st\/2gm6q9g\" target=\"_blank\" rel=\"noopener\">compara\u00e7\u00e3o com Trump feita pelo <em>The Washington Post<\/em><\/a> nos Estados Unidos.<\/span><\/p>\n<p><span style=\"font-weight: 400;\">Outras cidades em todo o Brasil viram uma tend\u00eancia semelhante, como Belo Horizonte ao eleger por poucos votos o ex-dirigente de futebol Alexandre Kalil do Partido Humanista da Solidariedade (PHS)\u00a0sobre o pol\u00edtico estabelecido Jo\u00e3o Leite (PSDB).<\/span><\/p>\n<p><a href=\"http:\/\/rioonwatch.org.br\/wp-content\/uploads\/2016\/12\/75b25a40-8912-11e6-afd1-1c0f6e75ba2c_1280x720.jpg\"><img decoding=\"async\" class=\"aligncenter wp-image-24050 size-content\" title=\"Jo\u00e3o Doria durante sua campanha em S\u00e3o Paulo \" src=\"http:\/\/rioonwatch.org.br\/wp-content\/uploads\/2016\/12\/75b25a40-8912-11e6-afd1-1c0f6e75ba2c_1280x720-620x264.jpg\" width=\"620\" height=\"264\" srcset=\"https:\/\/rioonwatch.org.br\/wp-content\/uploads\/2016\/12\/75b25a40-8912-11e6-afd1-1c0f6e75ba2c_1280x720-620x264.jpg 620w, https:\/\/rioonwatch.org.br\/wp-content\/uploads\/2016\/12\/75b25a40-8912-11e6-afd1-1c0f6e75ba2c_1280x720-940x400.jpg 940w\" sizes=\"(max-width: 620px) 100vw, 620px\" \/><\/a><\/p>\n<h3><b>Movimentos sociais v\u00eam com mudan\u00e7as \u00e0 direita<\/b><\/h3>\n<p><span style=\"font-weight: 400;\">A hist\u00f3ria mostra que dentro do padr\u00e3o de progresso gradativo, com os ganhos sociais v\u00eam regress\u00f5es conservadoras. Combinado com a apatia do eleitor e frustra\u00e7\u00e3o econ\u00f4mica, as elei\u00e7\u00f5es de 2016 demonstraram uma mudan\u00e7a conservadora na mentalidade do eleitor no Brasil e Estados Unidos.<\/span><\/p>\n<p><span style=\"font-weight: 400;\">O ciclo eleitoral de 2016 em ambas as na\u00e7\u00f5es centrou-se fortemente na economia, na justi\u00e7a criminal, nos dados e na seguran\u00e7a.\u00a0Sondagens e pesquisas durante e ap\u00f3s a elei\u00e7\u00e3o mostram que os eleitores americanos foram motivados pela <a href=\"http:\/\/bbc.in\/2hufPjm\" target=\"_blank\" rel=\"noopener\">ansiedade econ\u00f4mica<\/a> e pelo entrela\u00e7amento entre <a href=\"http:\/\/bit.ly\/2gBvWXX\" target=\"_blank\" rel=\"noopener\">classe e pol\u00edtica baseado em ra\u00e7a<\/a>. Uma <a href=\"http:\/\/bit.ly\/2hxfKcp\" target=\"_blank\" rel=\"noopener\">correla\u00e7\u00e3o<\/a> reveladora \u00e9 o melhor desempenho de Donald Trump nas zonas onde os brancos de meia-idade est\u00e3o com maiores \u00edndices de mortes relacionadas \u00e0 v\u00edcio, falta de educa\u00e7\u00e3o e depress\u00e3o econ\u00f4mica. Imigrantes e negros s\u00e3o vistos por alguns como indignos ou injustamente auxiliados por <a href=\"http:\/\/wapo.st\/2gqszEd\" target=\"_blank\" rel=\"noopener\">pol\u00edticas sociais<\/a>; seu crescimento nos Estados Unidos, e a Presid\u00eancia de Barack Obama como um afro-americano, t\u00eam alimentado uma rea\u00e7\u00e3o branca. Candidatos conservadores, e especialmente o discurso de Donald Trump sobre reconquistar o poder da classe trabalhadora, s\u00e3o ligados a este preconceito racial e medo econ\u00f4mico.\u00a0<a href=\"http:\/\/bit.ly\/2hFSVWx\" target=\"_blank\" rel=\"noopener\">Pela primeira<\/a> vez<\/span><span style=\"font-weight: 400;\"> desde 1928, o partido republicano tem agora o controle do Senado (47-51), C\u00e2mara dos Deputados (239-192), a maioria dos governadores e um presidente eleito a caminho da Casa Branca, em 2017, com o poder de selecionar o pr\u00f3ximo juiz\u00a0do Supremo Tribunal.<\/span><\/p>\n<p><span style=\"font-weight: 400;\">Enquanto isso no Brasil, desde o &#8220;golpe parlamentar&#8221; ou impeachment de Dilma, dependendo de quem voc\u00ea perguntar, pol\u00edticos federais, eleitos <a href=\"http:\/\/bit.ly\/2hwAfW2\" target=\"_blank\" rel=\"noopener\">ou n\u00e3o<\/a>&#8211;procuram ativamente reverter \u00e0s leis anteriores ou desfazer programas existentes. A mais not\u00e1vel \u00e9 a <a href=\"http:\/\/bit.ly\/2hgoDcR\" target=\"_blank\" rel=\"noopener\">PEC 55<\/a>, emenda constitucional que congelar\u00e1 gastos federais durante os pr\u00f3ximos vinte anos, gerando um impacto particularmente prejudicial \u00e0 sa\u00fade e educa\u00e7\u00e3o, indiscutivelmente duas necessidades cr\u00f4nicas do pa\u00eds que refletem e geram desigualdade. Michel Temer, presidente interino do Brasil, \u00e9 <a href=\"http:\/\/bit.ly\/2glfk7x\" target=\"_blank\" rel=\"noopener\">a favor<\/a> da privatiza\u00e7\u00e3o das melhores universidades do Brasil e at\u00e9 mesmo do corte de a\u00e7\u00f5es afirmativas, que, juntamente com outros programas de bem-estar social, tem sido extensivamente <a href=\"http:\/\/bit.ly\/2gMxUWq\" target=\"_blank\" rel=\"noopener\">associados com<\/a>\u00a0<\/span><span style=\"font-weight: 400;\">melhorias no acesso \u00e0 educa\u00e7\u00e3o e redu\u00e7\u00e3o da pobreza nas \u00faltimas d\u00e9cadas.<\/span><\/p>\n<p><span style=\"font-weight: 400;\">Na <a href=\"http:\/\/bit.ly\/2dfACU9\" target=\"_blank\" rel=\"noopener\">corrida eleitoral para prefeito do Rio de Janeiro<\/a>, o bispo evang\u00e9lico <a href=\"http:\/\/bit.ly\/2eJymns\" target=\"_blank\" rel=\"noopener\">Marcelo Crivella<\/a> do PRB, retratou seu oponente, <a href=\"http:\/\/bit.ly\/2dPXGGL\" target=\"_blank\" rel=\"noopener\">Marcelo Freixo<\/a> do PSOL como perigosamente de extrema esquerda. Os eleitores brasileiros foram mais cautelosos com os candidatos de esquerda ap\u00f3s o impeachment de Dilma e inclinaram-se para o conservadorismo de Crivella.<\/span><\/p>\n<h3><b>Influ\u00eancia da elite<\/b><\/h3>\n<p><span style=\"font-weight: 400;\">Embora um escrut\u00ednio cada vez maior no financiamento de campanha levou muitos candidatos a enfatizarem amplamente as suas bases de financiamento e serem mais transparentes sobre os gastos para as elei\u00e7\u00f5es de 2016, estas elei\u00e7\u00f5es bateram os recordes nos gastos de campanha e muitos ricos chegaram aos cargos.<\/span><\/p>\n<p><span style=\"font-weight: 400;\">Bernie Sanders foi surpreendentemente bem sucedido em busca de doa\u00e7\u00f5es pequenas de uma base ampla para financiar sua campanha. Esta escolha exemplificou seu pr\u00f3prio discurso que criticou la\u00e7os corporativos dos pol\u00edticos e o uso de super <a href=\"http:\/\/bit.ly\/2hG0xZc\" target=\"_blank\" rel=\"noopener\">Comit\u00eas de A\u00e7\u00e3o Pol\u00edtica (PACs)<\/a>. Donald Trump tomou um caminho diferente, gabando-se de uma campanha auto-financiada com US$100 milh\u00f5es de sua riqueza pessoal. No entanto, n\u00e3o parece que ele cumpriu essa reivindica\u00e7\u00e3o. Dados da <a href=\"http:\/\/glo.bo\/2gLZkOw\" target=\"_blank\" rel=\"noopener\">Comiss\u00e3o Eleitoral Federal<\/a>\u00a0mostram que ele contribuiu com apenas US$66 milh\u00f5es de sua promessa e confiou pesadamente&#8211;como Hillary Clinton fez tamb\u00e9m&#8211;na capta\u00e7\u00e3o de recursos do super PACs. Mais recentemente, a Comiss\u00e3o Eleitoral Federal pediu \u00e0 Donald Trump para esclarecer mais de <a href=\"http:\/\/bit.ly\/2fXBU8P\" target=\"_blank\" rel=\"noopener\">1.000 erros<\/a> fiscais em doa\u00e7\u00f5es de campanha considerados &#8220;excessivos&#8221;. Para Donald Trump e muitos pol\u00edticos locais que enfrentam auditorias de campanha p\u00f3s-elei\u00e7\u00e3o, tudo indica que quest\u00f5es jur\u00eddicas em torno das finan\u00e7as ainda n\u00e3o podem ser descartadas como resolvidas.<\/span><\/p>\n<p><span style=\"font-weight: 400;\">Al\u00e9m do financiamento de campanha, os pr\u00f3prios candidatos s\u00e3o desproporcionalmente ricos, levantando quest\u00f5es sobre quais interesses, de fato,\u00a0eles ir\u00e3o servir em seus mandatos. No Brasil, <a href=\"http:\/\/glo.bo\/2gnjnU4\" target=\"_blank\" rel=\"noopener\">um em cada cinco<\/a> dos prefeitos eleitos este ano \u00e9 um milion\u00e1rio. A queda na popularidade de candidatos do PT teve impactos indiretos, j\u00e1 que candidatos menos ricos tendem a pertencer a partidos da esquerda. Mais not\u00e1vel \u00e9 a <a href=\"http:\/\/bit.ly\/2eL3MfZ\" target=\"_blank\" rel=\"noopener\">legisla\u00e7\u00e3o<\/a> de\u00a0<\/span><span style=\"font-weight: 400;\">2015 que coloca limites em gastos de campanha e pro\u00edbe doa\u00e7\u00f5es corporativas para candidatos brasileiros. As regras s\u00e3o feitas para reduzir o clientelismo \u00e0 luz da <a href=\"http:\/\/bit.ly\/2auCi9h\" target=\"_blank\" rel=\"noopener\">Opera\u00e7\u00e3o Lava Jato<\/a>, mas at\u00e9 agora tiveram um efeito de curto prazo que\u00a0<a href=\"http:\/\/bit.ly\/2hmjdw4\" target=\"_blank\" rel=\"noopener\">favorece<\/a>\u00a0ricos homens de neg\u00f3cios como Doria e candidatos apoiados por igrejas evang\u00e9licas ricas como Crivella. Estes candidatos <a href=\"http:\/\/bit.ly\/2eJymns\" target=\"_blank\" rel=\"noopener\">t\u00eam acesso aos seus pr\u00f3prios recursos e n\u00e3o s\u00e3o t\u00e3o prejudicados pela proibi\u00e7\u00e3o quanto outros<\/a>. Candidatos com sua pr\u00f3pria riqueza podem doar at\u00e9 10% de sua renda para a campanha, enquanto igrejas podem organizar unidades de doa\u00e7\u00e3o e usar sua influ\u00eancia e rede para angariar apoio dos membros. Rafael Greca, prefeito eleito de Curitiba em 2016, pagou ele mesmo 40% de sua campanha com um total de R$600.000. Grande parte do p\u00fablico n\u00e3o confia em dar sequer uma pequena doa\u00e7\u00e3o para pol\u00edticos, por v\u00ea-los todos como corruptos. Uma exce\u00e7\u00e3o foi o socialista <\/span><span style=\"font-weight: 400;\"><a href=\"http:\/\/bit.ly\/2dPXGGL\" target=\"_blank\" rel=\"noopener\">Marcelo Freixo<\/a> (PSOL) com uma promissora por\u00e9m n\u00e3o vitoriosa\u00a0campanha para prefeito do Rio,\u00a0<\/span><a href=\"http:\/\/glo.bo\/2cKDVUF\" target=\"_blank\" rel=\"noopener\"><span style=\"font-weight: 400;\">financiado por pequenas doa\u00e7\u00f5es<\/span><\/a><span style=\"font-weight: 400;\">.<\/span><\/p>\n<h3><b>M\u00eddia Cria-ou-Destro\u00ed\u00a0<\/b><\/h3>\n<p><span style=\"font-weight: 400;\">Em toda democracia, a m\u00eddia desempenha um papel essencial na distribui\u00e7\u00e3o de informa\u00e7\u00f5es ao p\u00fablico, proporcionando uma plataforma para o debate aberto e elabora\u00e7\u00e3o de mat\u00e9rias sobre as a\u00e7\u00f5es do governo, pol\u00edticos eleitos e candidatos. A era digital de comunica\u00e7\u00e3o significa que not\u00edcias atingem os consumidores rapidamente e atrav\u00e9s de diferentes plataformas. O Brasil tem o <a href=\"http:\/\/glo.bo\/2hxtsvH\" target=\"_blank\" rel=\"noopener\">terceiro maior n\u00famero de usu\u00e1rios do Facebook do mundo<\/a>; seus 90 milh\u00f5es de usu\u00e1rios, t\u00eam o maior engajamento, usando plataformas de m\u00eddias sociais para acessarem informa\u00e7\u00f5es do candidato, participarem de\u00a0<a href=\"http:\/\/bit.ly\/2gnjJKj\" target=\"_blank\" rel=\"noopener\">sess\u00f5es de perguntas e respostas<\/a> com autoridades e expressarem publicamente suas opini\u00f5es. Nos Estados Unidos, o <a href=\"http:\/\/nyti.ms\/2fuucil\" target=\"_blank\" rel=\"noopener\">Snapchat cobriu<\/a> com\u00edcios, conven\u00e7\u00f5es dos partidos e outros eventos de campanha nos Estados Unidos, para uma audi\u00eancia de eleitores popular e principalmente jovem.<\/span><\/p>\n<p><a href=\"http:\/\/rioonwatch.org.br\/wp-content\/uploads\/2016\/12\/maxresdefault-1.jpg\"><img loading=\"lazy\" decoding=\"async\" class=\"aligncenter wp-image-24054 size-medium\" title=\"Snapchat no dia das elei\u00e7\u00f5es nos EUA\" src=\"http:\/\/rioonwatch.org.br\/wp-content\/uploads\/2016\/12\/maxresdefault-1-620x349.jpg\" width=\"620\" height=\"349\" srcset=\"https:\/\/rioonwatch.org.br\/wp-content\/uploads\/2016\/12\/maxresdefault-1-620x349.jpg 620w, https:\/\/rioonwatch.org.br\/wp-content\/uploads\/2016\/12\/maxresdefault-1-469x264.jpg 469w, https:\/\/rioonwatch.org.br\/wp-content\/uploads\/2016\/12\/maxresdefault-1-768x432.jpg 768w, https:\/\/rioonwatch.org.br\/wp-content\/uploads\/2016\/12\/maxresdefault-1-1024x576.jpg 1024w, https:\/\/rioonwatch.org.br\/wp-content\/uploads\/2016\/12\/maxresdefault-1-580x326.jpg 580w, https:\/\/rioonwatch.org.br\/wp-content\/uploads\/2016\/12\/maxresdefault-1-174x98.jpg 174w, https:\/\/rioonwatch.org.br\/wp-content\/uploads\/2016\/12\/maxresdefault-1.jpg 1280w\" sizes=\"(max-width: 620px) 100vw, 620px\" \/><\/a><\/p>\n<p><span style=\"font-weight: 400;\">A m\u00eddia est\u00e1 encarregada de avaliar a validade das declara\u00e7\u00f5es oficiais dos candidatos e pol\u00edticos eleitos. Atrav\u00e9s da verifica\u00e7\u00e3o dos fatos e da pr\u00f3pria cobertura, fontes de not\u00edcias s\u00e3o pensadas para nivelar as perspectivas de candidatos que podem ser desfavorecidos de outra forma. Nos EUA, as &#8220;<a href=\"http:\/\/bit.ly\/2gDOc31\" target=\"_blank\" rel=\"noopener\">Four-Pinocchio rulings<\/a>&#8221; (Quatro pautas do Pin\u00f3quio) s\u00e3o feitas para informar aos eleitores que uma estat\u00edstica ou reivindica\u00e7\u00e3o \u00e9 objetivamente falsa. Enquanto Hillary teve sete <em>Four-Pinnochio Rulings<\/em> no Verificador de fatos, Donald Trump, por sua vez, teve 59 <em>Four-Pinocchio Rulings<\/em>. Suas <a href=\"http:\/\/wapo.st\/2fejO2Z\" target=\"_blank\" rel=\"noopener\">afirma\u00e7\u00f5es absurdas<\/a>, indo desde de que Obama recebeu mais de cem mil refugiados s\u00edrios at\u00e9 estimar que seu infame muro iria custar US$8 bilh\u00f5es, causou raiva, confus\u00e3o e at\u00e9 mesmo hilaridade em algumas ocasi\u00f5es.\u00a0Ainda assim, a falta de veracidade e consist\u00eancia de Donald Trump n\u00e3o foi suficiente para ele perder a elei\u00e7\u00e3o.<\/span><\/p>\n<p><span style=\"font-weight: 400;\">No Rio, uma elei\u00e7\u00e3o disputada ferozmente inspirou v\u00e1rias\u00a0<a href=\"http:\/\/bit.ly\/2h1uU8w\" target=\"_blank\" rel=\"noopener\">iniciativas de checagem de fatos<\/a>. Durante um debate televisivo para a prefeitura, pequenas equipes de jornalistas colaboraram para informar se as declara\u00e7\u00f5es dos candidatos eram corretas, incorretas, exageradas ou fora de contexto. Os resultados foram compartilhados em m\u00eddias sociais com a hashtag <\/span><a href=\"http:\/\/bit.ly\/2fx56ob\"><span style=\"font-weight: 400;\">#checado<\/span><\/a><span style=\"font-weight: 400;\">. ONGs tamb\u00e9m se uniram, lideradas pela monitor de pol\u00edticas Meu Rio, com as an\u00e1lises de seu <a href=\"http:\/\/bit.ly\/2g4EJEK\" target=\"_blank\" rel=\"noopener\">&#8220;detector de mentiras&#8221; online em tempo real<\/a> durante os debates. O Brasil possui uma <a href=\"http:\/\/bit.ly\/2fLaJLm\" target=\"_blank\" rel=\"noopener\">crescente ind\u00fastria da checagem de fatos<\/a>.<\/span><\/p>\n<p><span style=\"font-weight: 400;\">As elei\u00e7\u00f5es de 2016 deram ao Brasil e aos EUA desafios e oportunidades para reavaliar as pr\u00e1ticas de seus ciclos eleitorais e aprimorar seus respectivos sistemas pol\u00edticos.<\/span><\/p>\n<!-- AddThis Advanced Settings generic via filter on the_content --><!-- AddThis Share Buttons generic via filter on the_content -->","protected":false},"excerpt":{"rendered":"<div class=\"mh-excerpt\"><p>Click Here for English O resultado da temporada eleitoral de 2016 deixou eleitores, pesquisadores e a comunidade internacional igualmente com muitas perguntas. Cidad\u00e3os brasileiros foram \u00e0s urnas em outubro pela primeira vez desde o\u00a0impeachment de <a class=\"mh-excerpt-more\" href=\"https:\/\/rioonwatch.org.br\/?p=24010\" title=\"Reflex\u00f5es Sobre Elei\u00e7\u00f5es de 2016: Brasil e Estados Unidos\">[&#8230;]<\/a><!-- AddThis Advanced Settings generic via filter on get_the_excerpt --><!-- AddThis Share Buttons generic via filter on get_the_excerpt --><\/p>\n<\/div>","protected":false},"author":129,"featured_media":24044,"comment_status":"closed","ping_status":"closed","sticky":false,"template":"","format":"standard","meta":{"_acf_changed":false,"_monsterinsights_skip_tracking":false,"_monsterinsights_sitenote_active":false,"_monsterinsights_sitenote_note":"","_monsterinsights_sitenote_category":0,"footnotes":""},"categories":[1632,1626,344,1612],"tags":[759,310,479,88,1975,818,1162,1837,1166,1982,483,1240,379,78,1033,1840,305],"writer":[1974],"translator":[2004],"source":[],"ilustrador":[],"fotografo":[],"class_list":{"0":"post-24010","1":"post","2":"type-post","3":"status-publish","4":"format-standard","5":"has-post-thumbnail","7":"category-pesquisa-e-analise","8":"category-por-observadores-internacionais","9":"category-politicas","10":"category-sociedade-civil","11":"tag-comparacao-internacional","12":"tag-corrupcao","13":"tag-democracia","14":"tag-direitos-humanos","15":"tag-eleicao-municipal-2016","16":"tag-eua","17":"tag-governo-federal","18":"tag-impeachment","19":"tag-jornalismo","20":"tag-marcelo-crivella","21":"tag-marcelo-freixo","22":"tag-megaeventos","23":"tag-midia-social","24":"tag-olimpiadas","25":"tag-politica","26":"tag-pt","27":"tag-transparencia","28":"writer-laura-fairman","29":"translator-anna-gabriela-teixeira"},"acf":[],"yoast_head":"<!-- This site is optimized with the Yoast SEO plugin v25.6 - https:\/\/yoast.com\/wordpress\/plugins\/seo\/ -->\n<title>Reflex\u00f5es Sobre Elei\u00e7\u00f5es de 2016: Brasil e Estados Unidos - RioOnWatch<\/title>\n<meta name=\"robots\" content=\"index, follow, max-snippet:-1, max-image-preview:large, max-video-preview:-1\" \/>\n<link rel=\"canonical\" href=\"https:\/\/rioonwatch.org.br\/?p=24010\" \/>\n<meta property=\"og:locale\" content=\"pt_BR\" \/>\n<meta property=\"og:type\" content=\"article\" \/>\n<meta property=\"og:title\" content=\"Reflex\u00f5es Sobre Elei\u00e7\u00f5es de 2016: Brasil e Estados Unidos - RioOnWatch\" \/>\n<meta property=\"og:description\" content=\"Click Here for English O resultado da temporada eleitoral de 2016 deixou eleitores, pesquisadores e a comunidade internacional igualmente com muitas perguntas. Cidad\u00e3os brasileiros foram \u00e0s urnas em outubro pela primeira vez desde o\u00a0impeachment de [...]\" \/>\n<meta property=\"og:url\" content=\"https:\/\/rioonwatch.org.br\/?p=24010\" \/>\n<meta property=\"og:site_name\" content=\"RioOnWatch\" \/>\n<meta property=\"article:published_time\" content=\"2016-12-20T14:47:46+00:00\" \/>\n<meta property=\"article:modified_time\" content=\"2024-06-20T19:25:14+00:00\" \/>\n<meta property=\"og:image\" content=\"https:\/\/rioonwatch.org.br\/wp-content\/uploads\/2016\/12\/United-States-Vs-Brazil.jpg\" \/>\n\t<meta property=\"og:image:width\" content=\"741\" \/>\n\t<meta property=\"og:image:height\" content=\"438\" \/>\n\t<meta property=\"og:image:type\" content=\"image\/jpeg\" \/>\n<meta name=\"author\" content=\"Admin\" \/>\n<meta name=\"twitter:card\" content=\"summary_large_image\" \/>\n<meta name=\"twitter:label1\" content=\"Escrito por\" \/>\n\t<meta name=\"twitter:data1\" content=\"Admin\" \/>\n\t<meta name=\"twitter:label2\" content=\"Est. tempo de leitura\" \/>\n\t<meta name=\"twitter:data2\" content=\"11 minutos\" \/>\n<script type=\"application\/ld+json\" class=\"yoast-schema-graph\">{\"@context\":\"https:\/\/schema.org\",\"@graph\":[{\"@type\":\"Article\",\"@id\":\"https:\/\/rioonwatch.org.br\/?p=24010#article\",\"isPartOf\":{\"@id\":\"https:\/\/rioonwatch.org.br\/?p=24010\"},\"author\":{\"name\":\"Admin\",\"@id\":\"https:\/\/rioonwatch.org.br\/#\/schema\/person\/11d64c290506f9df50c71b850c473f68\"},\"headline\":\"Reflex\u00f5es Sobre Elei\u00e7\u00f5es de 2016: Brasil e Estados Unidos\",\"datePublished\":\"2016-12-20T14:47:46+00:00\",\"dateModified\":\"2024-06-20T19:25:14+00:00\",\"mainEntityOfPage\":{\"@id\":\"https:\/\/rioonwatch.org.br\/?p=24010\"},\"wordCount\":2195,\"publisher\":{\"@id\":\"https:\/\/rioonwatch.org.br\/#organization\"},\"image\":{\"@id\":\"https:\/\/rioonwatch.org.br\/?p=24010#primaryimage\"},\"thumbnailUrl\":\"https:\/\/rioonwatch.org.br\/wp-content\/uploads\/2016\/12\/United-States-Vs-Brazil.jpg\",\"keywords\":[\"compara\u00e7\u00e3o internacional\",\"corrup\u00e7\u00e3o\",\"Democracia\",\"Direitos Humanos\",\"elei\u00e7\u00e3o municipal 2016\",\"EUA\",\"Governo Federal\",\"impeachment\",\"jornalismo\",\"Marcelo Crivella\",\"Marcelo Freixo\",\"Megaeventos\",\"m\u00eddia social\",\"Olimp\u00edadas\",\"pol\u00edtica\",\"PT\",\"transpar\u00eancia\"],\"articleSection\":[\"Dados e Pesquisa\",\"Escrito por Aliados\",\"Pol\u00edticas\",\"Sociedade Civil\"],\"inLanguage\":\"pt-BR\"},{\"@type\":\"WebPage\",\"@id\":\"https:\/\/rioonwatch.org.br\/?p=24010\",\"url\":\"https:\/\/rioonwatch.org.br\/?p=24010\",\"name\":\"Reflex\u00f5es Sobre Elei\u00e7\u00f5es de 2016: Brasil e Estados Unidos - RioOnWatch\",\"isPartOf\":{\"@id\":\"https:\/\/rioonwatch.org.br\/#website\"},\"primaryImageOfPage\":{\"@id\":\"https:\/\/rioonwatch.org.br\/?p=24010#primaryimage\"},\"image\":{\"@id\":\"https:\/\/rioonwatch.org.br\/?p=24010#primaryimage\"},\"thumbnailUrl\":\"https:\/\/rioonwatch.org.br\/wp-content\/uploads\/2016\/12\/United-States-Vs-Brazil.jpg\",\"datePublished\":\"2016-12-20T14:47:46+00:00\",\"dateModified\":\"2024-06-20T19:25:14+00:00\",\"breadcrumb\":{\"@id\":\"https:\/\/rioonwatch.org.br\/?p=24010#breadcrumb\"},\"inLanguage\":\"pt-BR\",\"potentialAction\":[{\"@type\":\"ReadAction\",\"target\":[\"https:\/\/rioonwatch.org.br\/?p=24010\"]}]},{\"@type\":\"ImageObject\",\"inLanguage\":\"pt-BR\",\"@id\":\"https:\/\/rioonwatch.org.br\/?p=24010#primaryimage\",\"url\":\"https:\/\/rioonwatch.org.br\/wp-content\/uploads\/2016\/12\/United-States-Vs-Brazil.jpg\",\"contentUrl\":\"https:\/\/rioonwatch.org.br\/wp-content\/uploads\/2016\/12\/United-States-Vs-Brazil.jpg\",\"width\":741,\"height\":438},{\"@type\":\"BreadcrumbList\",\"@id\":\"https:\/\/rioonwatch.org.br\/?p=24010#breadcrumb\",\"itemListElement\":[{\"@type\":\"ListItem\",\"position\":1,\"name\":\"In\u00edcio\",\"item\":\"https:\/\/rioonwatch.org.br\/\"},{\"@type\":\"ListItem\",\"position\":2,\"name\":\"Reflex\u00f5es Sobre Elei\u00e7\u00f5es de 2016: Brasil e Estados Unidos\"}]},{\"@type\":\"WebSite\",\"@id\":\"https:\/\/rioonwatch.org.br\/#website\",\"url\":\"https:\/\/rioonwatch.org.br\/\",\"name\":\"RioOnWatch\",\"description\":\"relatos das favelas cariocas\",\"publisher\":{\"@id\":\"https:\/\/rioonwatch.org.br\/#organization\"},\"potentialAction\":[{\"@type\":\"SearchAction\",\"target\":{\"@type\":\"EntryPoint\",\"urlTemplate\":\"https:\/\/rioonwatch.org.br\/?s={search_term_string}\"},\"query-input\":{\"@type\":\"PropertyValueSpecification\",\"valueRequired\":true,\"valueName\":\"search_term_string\"}}],\"inLanguage\":\"pt-BR\"},{\"@type\":\"Organization\",\"@id\":\"https:\/\/rioonwatch.org.br\/#organization\",\"name\":\"RioOnWatch\",\"url\":\"https:\/\/rioonwatch.org.br\/\",\"logo\":{\"@type\":\"ImageObject\",\"inLanguage\":\"pt-BR\",\"@id\":\"https:\/\/rioonwatch.org.br\/#\/schema\/logo\/image\/\",\"url\":\"https:\/\/rioonwatch.org.br\/wp-content\/uploads\/2021\/06\/RioOnWatchcabecalhoPT11anos-2.png\",\"contentUrl\":\"https:\/\/rioonwatch.org.br\/wp-content\/uploads\/2021\/06\/RioOnWatchcabecalhoPT11anos-2.png\",\"width\":779,\"height\":277,\"caption\":\"RioOnWatch\"},\"image\":{\"@id\":\"https:\/\/rioonwatch.org.br\/#\/schema\/logo\/image\/\"}},{\"@type\":\"Person\",\"@id\":\"https:\/\/rioonwatch.org.br\/#\/schema\/person\/11d64c290506f9df50c71b850c473f68\",\"name\":\"Admin\",\"image\":{\"@type\":\"ImageObject\",\"inLanguage\":\"pt-BR\",\"@id\":\"https:\/\/rioonwatch.org.br\/#\/schema\/person\/image\/\",\"url\":\"https:\/\/secure.gravatar.com\/avatar\/56211ac74568383903349a1485e3c325?s=96&d=blank&r=g\",\"contentUrl\":\"https:\/\/secure.gravatar.com\/avatar\/56211ac74568383903349a1485e3c325?s=96&d=blank&r=g\",\"caption\":\"Admin\"},\"url\":\"https:\/\/rioonwatch.org.br\/?author=129\"}]}<\/script>\n<!-- \/ Yoast SEO plugin. -->","yoast_head_json":{"title":"Reflex\u00f5es Sobre Elei\u00e7\u00f5es de 2016: Brasil e Estados Unidos - RioOnWatch","robots":{"index":"index","follow":"follow","max-snippet":"max-snippet:-1","max-image-preview":"max-image-preview:large","max-video-preview":"max-video-preview:-1"},"canonical":"https:\/\/rioonwatch.org.br\/?p=24010","og_locale":"pt_BR","og_type":"article","og_title":"Reflex\u00f5es Sobre Elei\u00e7\u00f5es de 2016: Brasil e Estados Unidos - RioOnWatch","og_description":"Click Here for English O resultado da temporada eleitoral de 2016 deixou eleitores, pesquisadores e a comunidade internacional igualmente com muitas perguntas. Cidad\u00e3os brasileiros foram \u00e0s urnas em outubro pela primeira vez desde o\u00a0impeachment de [...]","og_url":"https:\/\/rioonwatch.org.br\/?p=24010","og_site_name":"RioOnWatch","article_published_time":"2016-12-20T14:47:46+00:00","article_modified_time":"2024-06-20T19:25:14+00:00","og_image":[{"width":741,"height":438,"url":"https:\/\/rioonwatch.org.br\/wp-content\/uploads\/2016\/12\/United-States-Vs-Brazil.jpg","type":"image\/jpeg"}],"author":"Admin","twitter_card":"summary_large_image","twitter_misc":{"Escrito por":"Admin","Est. tempo de leitura":"11 minutos"},"schema":{"@context":"https:\/\/schema.org","@graph":[{"@type":"Article","@id":"https:\/\/rioonwatch.org.br\/?p=24010#article","isPartOf":{"@id":"https:\/\/rioonwatch.org.br\/?p=24010"},"author":{"name":"Admin","@id":"https:\/\/rioonwatch.org.br\/#\/schema\/person\/11d64c290506f9df50c71b850c473f68"},"headline":"Reflex\u00f5es Sobre Elei\u00e7\u00f5es de 2016: Brasil e Estados Unidos","datePublished":"2016-12-20T14:47:46+00:00","dateModified":"2024-06-20T19:25:14+00:00","mainEntityOfPage":{"@id":"https:\/\/rioonwatch.org.br\/?p=24010"},"wordCount":2195,"publisher":{"@id":"https:\/\/rioonwatch.org.br\/#organization"},"image":{"@id":"https:\/\/rioonwatch.org.br\/?p=24010#primaryimage"},"thumbnailUrl":"https:\/\/rioonwatch.org.br\/wp-content\/uploads\/2016\/12\/United-States-Vs-Brazil.jpg","keywords":["compara\u00e7\u00e3o internacional","corrup\u00e7\u00e3o","Democracia","Direitos Humanos","elei\u00e7\u00e3o municipal 2016","EUA","Governo Federal","impeachment","jornalismo","Marcelo Crivella","Marcelo Freixo","Megaeventos","m\u00eddia social","Olimp\u00edadas","pol\u00edtica","PT","transpar\u00eancia"],"articleSection":["Dados e Pesquisa","Escrito por Aliados","Pol\u00edticas","Sociedade Civil"],"inLanguage":"pt-BR"},{"@type":"WebPage","@id":"https:\/\/rioonwatch.org.br\/?p=24010","url":"https:\/\/rioonwatch.org.br\/?p=24010","name":"Reflex\u00f5es Sobre Elei\u00e7\u00f5es de 2016: Brasil e Estados Unidos - RioOnWatch","isPartOf":{"@id":"https:\/\/rioonwatch.org.br\/#website"},"primaryImageOfPage":{"@id":"https:\/\/rioonwatch.org.br\/?p=24010#primaryimage"},"image":{"@id":"https:\/\/rioonwatch.org.br\/?p=24010#primaryimage"},"thumbnailUrl":"https:\/\/rioonwatch.org.br\/wp-content\/uploads\/2016\/12\/United-States-Vs-Brazil.jpg","datePublished":"2016-12-20T14:47:46+00:00","dateModified":"2024-06-20T19:25:14+00:00","breadcrumb":{"@id":"https:\/\/rioonwatch.org.br\/?p=24010#breadcrumb"},"inLanguage":"pt-BR","potentialAction":[{"@type":"ReadAction","target":["https:\/\/rioonwatch.org.br\/?p=24010"]}]},{"@type":"ImageObject","inLanguage":"pt-BR","@id":"https:\/\/rioonwatch.org.br\/?p=24010#primaryimage","url":"https:\/\/rioonwatch.org.br\/wp-content\/uploads\/2016\/12\/United-States-Vs-Brazil.jpg","contentUrl":"https:\/\/rioonwatch.org.br\/wp-content\/uploads\/2016\/12\/United-States-Vs-Brazil.jpg","width":741,"height":438},{"@type":"BreadcrumbList","@id":"https:\/\/rioonwatch.org.br\/?p=24010#breadcrumb","itemListElement":[{"@type":"ListItem","position":1,"name":"In\u00edcio","item":"https:\/\/rioonwatch.org.br\/"},{"@type":"ListItem","position":2,"name":"Reflex\u00f5es Sobre Elei\u00e7\u00f5es de 2016: Brasil e Estados Unidos"}]},{"@type":"WebSite","@id":"https:\/\/rioonwatch.org.br\/#website","url":"https:\/\/rioonwatch.org.br\/","name":"RioOnWatch","description":"relatos das favelas cariocas","publisher":{"@id":"https:\/\/rioonwatch.org.br\/#organization"},"potentialAction":[{"@type":"SearchAction","target":{"@type":"EntryPoint","urlTemplate":"https:\/\/rioonwatch.org.br\/?s={search_term_string}"},"query-input":{"@type":"PropertyValueSpecification","valueRequired":true,"valueName":"search_term_string"}}],"inLanguage":"pt-BR"},{"@type":"Organization","@id":"https:\/\/rioonwatch.org.br\/#organization","name":"RioOnWatch","url":"https:\/\/rioonwatch.org.br\/","logo":{"@type":"ImageObject","inLanguage":"pt-BR","@id":"https:\/\/rioonwatch.org.br\/#\/schema\/logo\/image\/","url":"https:\/\/rioonwatch.org.br\/wp-content\/uploads\/2021\/06\/RioOnWatchcabecalhoPT11anos-2.png","contentUrl":"https:\/\/rioonwatch.org.br\/wp-content\/uploads\/2021\/06\/RioOnWatchcabecalhoPT11anos-2.png","width":779,"height":277,"caption":"RioOnWatch"},"image":{"@id":"https:\/\/rioonwatch.org.br\/#\/schema\/logo\/image\/"}},{"@type":"Person","@id":"https:\/\/rioonwatch.org.br\/#\/schema\/person\/11d64c290506f9df50c71b850c473f68","name":"Admin","image":{"@type":"ImageObject","inLanguage":"pt-BR","@id":"https:\/\/rioonwatch.org.br\/#\/schema\/person\/image\/","url":"https:\/\/secure.gravatar.com\/avatar\/56211ac74568383903349a1485e3c325?s=96&d=blank&r=g","contentUrl":"https:\/\/secure.gravatar.com\/avatar\/56211ac74568383903349a1485e3c325?s=96&d=blank&r=g","caption":"Admin"},"url":"https:\/\/rioonwatch.org.br\/?author=129"}]}},"_links":{"self":[{"href":"https:\/\/rioonwatch.org.br\/index.php?rest_route=\/wp\/v2\/posts\/24010"}],"collection":[{"href":"https:\/\/rioonwatch.org.br\/index.php?rest_route=\/wp\/v2\/posts"}],"about":[{"href":"https:\/\/rioonwatch.org.br\/index.php?rest_route=\/wp\/v2\/types\/post"}],"author":[{"embeddable":true,"href":"https:\/\/rioonwatch.org.br\/index.php?rest_route=\/wp\/v2\/users\/129"}],"replies":[{"embeddable":true,"href":"https:\/\/rioonwatch.org.br\/index.php?rest_route=%2Fwp%2Fv2%2Fcomments&post=24010"}],"version-history":[{"count":14,"href":"https:\/\/rioonwatch.org.br\/index.php?rest_route=\/wp\/v2\/posts\/24010\/revisions"}],"predecessor-version":[{"id":74149,"href":"https:\/\/rioonwatch.org.br\/index.php?rest_route=\/wp\/v2\/posts\/24010\/revisions\/74149"}],"wp:featuredmedia":[{"embeddable":true,"href":"https:\/\/rioonwatch.org.br\/index.php?rest_route=\/wp\/v2\/media\/24044"}],"wp:attachment":[{"href":"https:\/\/rioonwatch.org.br\/index.php?rest_route=%2Fwp%2Fv2%2Fmedia&parent=24010"}],"wp:term":[{"taxonomy":"category","embeddable":true,"href":"https:\/\/rioonwatch.org.br\/index.php?rest_route=%2Fwp%2Fv2%2Fcategories&post=24010"},{"taxonomy":"post_tag","embeddable":true,"href":"https:\/\/rioonwatch.org.br\/index.php?rest_route=%2Fwp%2Fv2%2Ftags&post=24010"},{"taxonomy":"writer","embeddable":true,"href":"https:\/\/rioonwatch.org.br\/index.php?rest_route=%2Fwp%2Fv2%2Fwriter&post=24010"},{"taxonomy":"translator","embeddable":true,"href":"https:\/\/rioonwatch.org.br\/index.php?rest_route=%2Fwp%2Fv2%2Ftranslator&post=24010"},{"taxonomy":"source","embeddable":true,"href":"https:\/\/rioonwatch.org.br\/index.php?rest_route=%2Fwp%2Fv2%2Fsource&post=24010"},{"taxonomy":"ilustrador","embeddable":true,"href":"https:\/\/rioonwatch.org.br\/index.php?rest_route=%2Fwp%2Fv2%2Filustrador&post=24010"},{"taxonomy":"fotografo","embeddable":true,"href":"https:\/\/rioonwatch.org.br\/index.php?rest_route=%2Fwp%2Fv2%2Ffotografo&post=24010"}],"curies":[{"name":"wp","href":"https:\/\/api.w.org\/{rel}","templated":true}]}}