{"id":24032,"date":"2016-12-15T12:45:41","date_gmt":"2016-12-15T15:45:41","guid":{"rendered":"http:\/\/rioonwatch.org.br\/?p=24032"},"modified":"2017-05-01T15:01:49","modified_gmt":"2017-05-01T18:01:49","slug":"mare-sem-fronteiras-expoe-talento-comunitario-em-fotografia-filme-teatro-e-mobilizacao","status":"publish","type":"post","link":"https:\/\/rioonwatch.org.br\/?p=24032","title":{"rendered":"Mar\u00e9 Sem Fronteiras Exp\u00f5e Talento Comunit\u00e1rio em Fotografia, Filme, Teatro e Mobiliza\u00e7\u00e3o"},"content":{"rendered":"<p style=\"text-align: right;\"><em><strong><a href=\"http:\/\/bit.ly\/2gnyDze\" target=\"_blank\">Click Here for English<img decoding=\"async\" width=\"20\" height=\"20\" class=\"alignright wp-image-15790\" src=\"http:\/\/rioonwatch.org.br\/wp-content\/uploads\/2012\/08\/EN-standard-e1439583104716.jpg\" alt=\"\" \/><\/a><\/strong><\/em><\/p>\n<p><span style=\"font-weight: 400;\">No dia 2 de dezembro, o projeto <a href=\"http:\/\/bit.ly\/2g61FjA\">Mar\u00e9 Sem Fronteiras<\/a><\/span><span style=\"font-weight: 400;\">\u00a0realizou um <\/span><a href=\"http:\/\/bit.ly\/2gM2rpQ\" target=\"_blank\"><span style=\"font-weight: 400;\">evento comunit\u00e1rio<\/span><\/a><span style=\"font-weight: 400;\"> com oficinas de conserto de bicicletas, impress\u00e3o de serigrafia em camisetas, exposi\u00e7\u00e3o de fotos e v\u00eddeos, e uma pe\u00e7a de teatro. O evento foi organizado para mostrar as diversas atividades do Mar\u00e9 Sem Fronteiras, e aconteceu na\u00a0<\/span><a href=\"http:\/\/bit.ly\/2hdTnvh\" target=\"_blank\"><span style=\"font-weight: 400;\">Lona Cultural Herbert Vianna<\/span><\/a><span style=\"font-weight: 400;\">, no <\/span><a href=\"http:\/\/bit.ly\/10BvARw\" target=\"_blank\"><span style=\"font-weight: 400;\">Complexo da Mar\u00e9<\/span><\/a><span style=\"font-weight: 400;\">, na <\/span><a href=\"http:\/\/bit.ly\/WximDf\" target=\"_blank\"><span style=\"font-weight: 400;\">Zona Nort<\/span><span style=\"font-weight: 400;\">e<\/span><\/a> <span style=\"font-weight: 400;\">do Rio.<\/span><\/p>\n<p><span style=\"font-weight: 400;\">O Mar\u00e9 Sem Fronteiras \u00e9 um projeto fundado em parceria com a ONG comunit\u00e1ria internacionalmente reconhecida <a href=\"http:\/\/bit.ly\/2926yZw\">Redes de Desenvolvimento da Mar\u00e9<\/a><\/span><span style=\"font-weight: 400;\">\u00a0(Redes) com o objetivo de romper fronteiras simb\u00f3licas e geogr\u00e1ficas dentro da favela da Mar\u00e9, estimulando a autonomia e a criatividade de adolescentes e crian\u00e7as, e preservando a mem\u00f3ria da comunidade. O projeto oferece oficinas para crian\u00e7as de 7 a 16 anos de idade em produ\u00e7\u00e3o audiovisual, reda\u00e7\u00e3o e teatro, e estimula a mobilidade e mais acesso dentro da comunidade, atrav\u00e9s de passeios cicl\u00edsticos comunit\u00e1rios quinzenais para os jovens. A esperan\u00e7a \u00e9 ligar as v\u00e1rias comunidades da Mar\u00e9 atrav\u00e9s de um meio de transporte acess\u00edvel, sustent\u00e1vel e ambientalmente amig\u00e1vel. O territ\u00f3rio da Mar\u00e9 \u00e9 plano, por isso presta-se facilmente ao ciclismo. De fato, em contraste com as primeiras favelas do Rio que surgiram nos morros, os primeiros habitantes da Mar\u00e9\u00a0<\/span><a href=\"http:\/\/bit.ly\/2hk0rWe\" target=\"_blank\"><span style=\"font-weight: 400;\">constru\u00edram suas casas sobre palafitas acima da mar\u00e9 do ma<\/span><span style=\"font-weight: 400;\">r<\/span><\/a><span style=\"font-weight: 400;\">.\u00a0A Mar\u00e9 e \u00e1reas vizinhas foram por fim aterradas, permitindo que o complexo se desenvolvesse e se tornasse praticamente uma cidade, composta por 16 favelas diferentes e uma popula\u00e7\u00e3o total de mais de 140.000 moradores.<\/span><\/p>\n<p><a href=\"http:\/\/rioonwatch.org.br\/wp-content\/uploads\/2016\/12\/copy-bannermaresemfronteiras1.jpeg\"><img fetchpriority=\"high\" decoding=\"async\" class=\"aligncenter size-content wp-image-24037\" src=\"http:\/\/rioonwatch.org.br\/wp-content\/uploads\/2016\/12\/copy-bannermaresemfronteiras1-620x264.jpeg\" alt=\"\" width=\"620\" height=\"264\" srcset=\"https:\/\/rioonwatch.org.br\/wp-content\/uploads\/2016\/12\/copy-bannermaresemfronteiras1-620x264.jpeg 620w, https:\/\/rioonwatch.org.br\/wp-content\/uploads\/2016\/12\/copy-bannermaresemfronteiras1-940x400.jpeg 940w\" sizes=\"(max-width: 620px) 100vw, 620px\" \/><\/a><\/p>\n<p><span style=\"font-weight: 400;\">O evento do dia 2 de dezembro foi mais um testemunho da <\/span><a href=\"http:\/\/bit.ly\/1hbVyYn\" target=\"_blank\"><span style=\"font-weight: 400;\">vibrante e rica sociedade civil<\/span><\/a><span style=\"font-weight: 400;\"> no Complexo da Mar\u00e9, reunindo uma rede de projetos de longa data e atores da comunidade. Redes da Mar\u00e9 \u00e9 uma organiza\u00e7\u00e3o comunit\u00e1ria de direitos humanos que atua como uma rede para a sustentabilidade e iniciativas de desenvolvimento conduzidas pelos moradores. Seu antecessor, o <\/span><span style=\"font-weight: 400;\"><a href=\"http:\/\/bit.ly\/1zyfb2g\" target=\"_blank\">CEASM<\/a>\u00a0<\/span><span style=\"font-weight: 400;\">(Centro de Estudos e A\u00e7\u00f5es Solid\u00e1rias da Mar\u00e9), come\u00e7ou em 1997, como um coletivo de moradores\u00a0da comunidade, em resposta \u00e0 falta de acesso \u00e0 educa\u00e7\u00e3o universit\u00e1ria na comunidade. Esses l\u00edderes comunit\u00e1rios reuniram-se para organizar um curso de pr\u00e9-vestibular comunit\u00e1rio. Desde ent\u00e3o, a Mar\u00e9 viu um aumento significativo de jovens estudantes buscando o ensino superior. Redes foi fundada formalmente em 2007, com foco em ajudar a comunidade na implementa\u00e7\u00e3o das iniciativas de base.<\/span><\/p>\n<p><a href=\"http:\/\/rioonwatch.org.br\/wp-content\/uploads\/2016\/12\/DSC_0535-620x264.jpg\"><img decoding=\"async\" class=\"aligncenter size-medium wp-image-24038\" src=\"http:\/\/rioonwatch.org.br\/wp-content\/uploads\/2016\/12\/DSC_0535-620x264-620x264.jpg\" alt=\"\" width=\"620\" height=\"264\" \/><\/a><\/p>\n<p><span style=\"font-weight: 400;\">A exposi\u00e7\u00e3o fotogr\u00e1fica apresentou trabalhos do projeto <a href=\"http:\/\/bit.ly\/2gzcnQQ\">M\u00e3o na Lata<\/a><\/span><span style=\"font-weight: 400;\">\u00a0que, em parceria com Mar\u00e9 Sem Fronteiras, proporciona oficinas de fotografia para os jovens. M\u00e3o na Lata foi fundado em 2003 e nasceu de uma parceria entre a fot\u00f3grafa Tatiana Alberg e Redes da Mar\u00e9. O projeto oferece cursos de fotografia e literatura para jovens entre 11 e 17 anos de idade, incluindo oficinas sobre como fazer c\u00e2meras fotogr\u00e1ficas com latas recicladas e revelar fotografias.<\/span><\/p>\n<p><a href=\"http:\/\/rioonwatch.org.br\/wp-content\/uploads\/2016\/12\/DSC_0510.jpg\"><img loading=\"lazy\" decoding=\"async\" class=\"aligncenter size-content wp-image-24039\" src=\"http:\/\/rioonwatch.org.br\/wp-content\/uploads\/2016\/12\/DSC_0510-620x264.jpg\" alt=\"\" width=\"620\" height=\"264\" srcset=\"https:\/\/rioonwatch.org.br\/wp-content\/uploads\/2016\/12\/DSC_0510-620x264.jpg 620w, https:\/\/rioonwatch.org.br\/wp-content\/uploads\/2016\/12\/DSC_0510-940x400.jpg 940w\" sizes=\"(max-width: 620px) 100vw, 620px\" \/><\/a><\/p>\n<p><span style=\"font-weight: 400;\">Fagner Fran\u00e7a, 25 anos de idade, mora no\u00a0<\/span><a href=\"http:\/\/bit.ly\/2erwhBx\" target=\"_blank\"><span style=\"font-weight: 400;\">Baixa do Sapateiro<\/span><\/a><span style=\"font-weight: 400;\">, no Complexo da Mar\u00e9. Quando adolescente, participou das oficinas de fotografia do M\u00e3o na Lata. Hoje \u00e9 fot\u00f3grafo profissional e da aula em oficinas para os jovens da comunidade. Como um dos participantes do projeto, Fagner reflete sobre o impacto e significado da fotografia na favela:<\/span><\/p>\n<blockquote><p>\u201c<span style=\"font-weight: 400;\">Minha fotografia \u00e9 uma fotografia de resist\u00eancia, \u00e9 uma fotografia direcionada \u00e0s pessoas da comunidade onde vivo, \u00e9 uma fotografia que empodera as pessoas que vivem aqui, uma fotografia que mostra a vida cotidiana e \u00e9 portanto diferente do que \u00e9 mostrado na m\u00eddia&#8230; H\u00e1 muito tempo, nos primeiros tempos da fotografia, as pessoas tinham medo de ser fotografadas pois diziam que a sua alma seria roubada. Mas, ainda mais do que a alma, quando voc\u00ea est\u00e1 sendo fotografado, voc\u00ea est\u00e1 se doando. Quando uma pessoa sorri para ser fotografada, essa pessoa est\u00e1 permitindo, est\u00e1 abrindo o cora\u00e7\u00e3o, o rosto, para que possamos reproduzir uma imagem, e isso \u00e9 um ato de solidariedade. Fotografar \u00e9 como levar a pessoa mas tamb\u00e9m conserv\u00e1-la e \u00e9 uma grande responsabilidade. Sinto que a minha fotografia empodera, pois mostra a beleza das pessoas.\u201d<\/span><\/p><\/blockquote>\n<p><span style=\"font-weight: 400;\">A exposi\u00e7\u00e3o na noite de sexta-feira tamb\u00e9m apresentou azulejos feitos por crian\u00e7as da Mar\u00e9, resultado de uma parceria entre a Redes e o projeto social <a href=\"http:\/\/bit.ly\/2ggEkPt\">Azulejeira<\/a><\/span><span style=\"font-weight: 400;\">, um coletivo de artistas e artes\u00e3os especializados que oferecem oficinas educacionais e combinam produ\u00e7\u00e3o art\u00edstica com a\u00e7\u00e3o social, cultural e urbana. Os azulejos criados pelos jovens da comunidade refletiram o slogan: \u201cMar\u00e9 \u00e9?\u201d. O evento da sexta-feira tamb\u00e9m exibiu filmes criados pelos jovens nas oficinas de audiovisual do Mar\u00e9 Sem Fronteiras. Esses filmes documentam as atividades dos jovens e servem para preservar a mem\u00f3ria da comunidade.<\/span><\/p>\n<p><a href=\"http:\/\/rioonwatch.org.br\/wp-content\/uploads\/2016\/12\/29_1440988642-400x264.jpg\"><img loading=\"lazy\" decoding=\"async\" class=\"aligncenter size-content wp-image-24040\" src=\"http:\/\/rioonwatch.org.br\/wp-content\/uploads\/2016\/12\/29_1440988642-400x264-400x264.jpg\" alt=\"\" width=\"400\" height=\"264\" \/><\/a><\/p>\n<p><span style=\"font-weight: 400;\">O evento de sexta-feira culminou com uma pe\u00e7a teatral, resultado das oficinas de teatro para jovens realizadas pelo Mar\u00e9 Sem Fronteiras. O grupo de teatro estreou o trabalho de sua pr\u00f3pria autoria \u201cAgora Sei o Ch\u00e3o Que Piso&#8221;. A pe\u00e7a discute o tema da animalidade humana, e \u00e9 dividida em quatro segmentos independentes, que abordam a quest\u00e3o a partir de pontos de vista separados: trabalho, fam\u00edlia, sexualidade e sonhos.<\/span><\/p>\n<p><a href=\"http:\/\/rioonwatch.org.br\/wp-content\/uploads\/2016\/12\/DSC_0557-620x264.jpg\"><img loading=\"lazy\" decoding=\"async\" class=\"aligncenter size-medium wp-image-24041\" src=\"http:\/\/rioonwatch.org.br\/wp-content\/uploads\/2016\/12\/DSC_0557-620x264-620x264.jpg\" alt=\"\" width=\"620\" height=\"264\" \/><\/a><\/p>\n<p><span style=\"font-weight: 400;\">Essas oficinas de teatro para jovens come\u00e7aram h\u00e1 sete anos, resultado de uma parceria entre Redes da Mar\u00e9 e o grupo de teatro da Mar\u00e9,\u00a0<\/span><a href=\"http:\/\/bit.ly\/2fWagpt\" target=\"_blank\"><span style=\"font-weight: 400;\">Cia Marginal<\/span><\/a><span style=\"font-weight: 400;\">. Mar\u00e9 Sem Fronteiras tornou-se parceira mais recentemente, em 2013.\u00a0Sob a dire\u00e7\u00e3o do morador e ator <\/span><a href=\"http:\/\/bit.ly\/2fWagpt\" target=\"_blank\"><span style=\"font-weight: 400;\">Wallace Lino<\/span><\/a><span style=\"font-weight: 400;\">, as oficinas de teatro reuniram jovens da comunidade, e dessas oficinas surgiu um grupo de teatro chamado ATiro. \u00a0Tendo em vista que a maioria dos jovens participantes das oficinas tinha origem nordestina (como \u00e9 o caso da maioria dos moradores da Mar\u00e9), o primeiro trabalho criado pelo grupo foi uma pe\u00e7a sobre a hist\u00f3ria oral do Nordeste e a mem\u00f3ria cultural da Mar\u00e9. Os atores coletaram hist\u00f3rias dos pais e av\u00f3s sobre a migra\u00e7\u00e3o de suas fam\u00edlias para o Rio, e da\u00ed criaram uma pe\u00e7a intitulada \u201cVai\u201d. Em 2014, o grupo recebeu o \u201cPr\u00eamio A\u00e7\u00f5es Locais\u201d, um subs\u00eddio do governo municipal que financia iniciativas culturais locais. Isso permitiu ao grupo apresentar a pe\u00e7a em todo o Complexo da Mar\u00e9. Pouco tempo ap\u00f3s essa s\u00e9rie de apresenta\u00e7\u00f5es, Wallace Lino recebeu um e-mail de um dos seus alunos propondo um texto para uma nova pe\u00e7a: \u201cAchei o texto fant\u00e1stico, e quando perguntei ao aluno o que o levou a escrever essa hist\u00f3ria, ele disse que era a sua pr\u00f3pria hist\u00f3ria. Nessa \u00e9poca, eu estava lendo um trabalho de <\/span><a href=\"http:\/\/bit.ly\/2hLI0a3\" target=\"_blank\"><span style=\"font-weight: 400;\">Eduardo Galeano<\/span><\/a><span style=\"font-weight: 400;\">, \u2018O Teatro do Bem e do Mal&#8217;. Foi quando perguntei ao grupo o que achava de trabalhar com a animalidade nas rela\u00e7\u00f5es humanas como ponto de partida para pesquisa. Os alunos adoraram a ideia e come\u00e7aram a escrever sobre suas experi\u00eancias com animalidade\u201d, explica Wallace Lino. Da cole\u00e7\u00e3o de textos dos atores participantes, surgiram quatro mini obras dramat\u00fargicas para formar o seu trabalho mais recente \u201cAgora Sei O Ch\u00e3o Que Eu Piso&#8221;.<\/span><\/p>\n<p><span style=\"font-weight: 400;\">Com o bairro de <\/span><a href=\"http:\/\/bit.ly\/1sscKdX\" target=\"_blank\"><span style=\"font-weight: 400;\">Nova Holanda<\/span><\/a><span style=\"font-weight: 400;\"> se recuperando da <\/span><a href=\"http:\/\/bit.ly\/2gTHfhU\" target=\"_blank\"><span style=\"font-weight: 400;\">recente opera\u00e7\u00e3o da Pol\u00edcia Militar<\/span><\/a><span style=\"font-weight: 400;\">, eventos como o de sexta-feira nos lembram da resili\u00eancia e riqueza da criatividade, engenhosidade e produ\u00e7\u00e3o cultural que comp\u00f5em a estrutura das comunidades das favelas da Mar\u00e9.<\/span><\/p>\n<!-- AddThis Advanced Settings generic via filter on the_content --><!-- AddThis Share Buttons generic via filter on the_content -->","protected":false},"excerpt":{"rendered":"<div class=\"mh-excerpt\"><p>Click Here for English No dia 2 de dezembro, o projeto Mar\u00e9 Sem Fronteiras\u00a0realizou um evento comunit\u00e1rio com oficinas de conserto de bicicletas, impress\u00e3o de serigrafia em camisetas, exposi\u00e7\u00e3o de fotos e v\u00eddeos, e uma <a class=\"mh-excerpt-more\" href=\"https:\/\/rioonwatch.org.br\/?p=24032\" title=\"Mar\u00e9 Sem Fronteiras Exp\u00f5e Talento Comunit\u00e1rio em Fotografia, Filme, Teatro e Mobiliza\u00e7\u00e3o\">[&#8230;]<\/a><!-- AddThis Advanced Settings generic via filter on get_the_excerpt --><!-- AddThis Share Buttons generic via filter on get_the_excerpt --><\/p>\n<\/div>","protected":false},"author":129,"featured_media":24034,"comment_status":"closed","ping_status":"closed","sticky":false,"template":"","format":"standard","meta":{"_acf_changed":false,"_monsterinsights_skip_tracking":false,"_monsterinsights_sitenote_active":false,"_monsterinsights_sitenote_note":"","_monsterinsights_sitenote_category":0,"footnotes":""},"categories":[1627,1615,1626,1616,1612,342,1639],"tags":[334,1256,1853,332,83,350,2119,1107,2120,476,335,1153,1810,218],"writer":[1997],"translator":[1875],"source":[],"ilustrador":[],"fotografo":[],"class_list":{"0":"post-24032","1":"post","2":"type-post","3":"status-publish","4":"format-standard","5":"has-post-thumbnail","7":"category-relato-de-evento","8":"category-cultura-da-favela","9":"category-por-observadores-internacionais","10":"category-qualidades-da-favela","11":"category-sociedade-civil","12":"category-solucoes","13":"category-sustentabilidade","14":"tag-arte","15":"tag-baixa-do-sapateiro","16":"tag-ciclovia","17":"tag-complexo-da-mare","18":"tag-fotografia","19":"tag-nova-holanda","20":"tag-premio-acoes-locais","21":"tag-redes-da-mare","22":"tag-secretaria-de-cultura","23":"tag-solucao-comunitaria","24":"tag-teatro","25":"tag-uso-de-bicicleta","26":"tag-video","27":"tag-zona-norte","28":"writer-nour-el-youssef","29":"translator-marina-hennies"},"acf":[],"yoast_head":"<!-- This site is optimized with the Yoast SEO plugin v25.6 - https:\/\/yoast.com\/wordpress\/plugins\/seo\/ -->\n<title>Mar\u00e9 Sem Fronteiras Exp\u00f5e Talento Comunit\u00e1rio em Fotografia, Filme, Teatro e Mobiliza\u00e7\u00e3o - RioOnWatch<\/title>\n<meta name=\"robots\" content=\"index, follow, max-snippet:-1, max-image-preview:large, max-video-preview:-1\" \/>\n<link rel=\"canonical\" href=\"https:\/\/rioonwatch.org.br\/?p=24032\" \/>\n<meta property=\"og:locale\" content=\"pt_BR\" \/>\n<meta property=\"og:type\" content=\"article\" \/>\n<meta property=\"og:title\" content=\"Mar\u00e9 Sem Fronteiras Exp\u00f5e Talento Comunit\u00e1rio em Fotografia, Filme, Teatro e Mobiliza\u00e7\u00e3o - RioOnWatch\" \/>\n<meta property=\"og:description\" content=\"Click Here for English No dia 2 de dezembro, o projeto Mar\u00e9 Sem Fronteiras\u00a0realizou um evento comunit\u00e1rio com oficinas de conserto de bicicletas, impress\u00e3o de serigrafia em camisetas, exposi\u00e7\u00e3o de fotos e v\u00eddeos, e uma [...]\" \/>\n<meta property=\"og:url\" content=\"https:\/\/rioonwatch.org.br\/?p=24032\" \/>\n<meta property=\"og:site_name\" content=\"RioOnWatch\" \/>\n<meta property=\"article:published_time\" content=\"2016-12-15T15:45:41+00:00\" \/>\n<meta property=\"article:modified_time\" content=\"2017-05-01T18:01:49+00:00\" \/>\n<meta property=\"og:image\" content=\"https:\/\/rioonwatch.org.br\/wp-content\/uploads\/2016\/12\/DSC_0514-1-scaled.jpg\" \/>\n\t<meta property=\"og:image:width\" content=\"2560\" \/>\n\t<meta property=\"og:image:height\" content=\"1702\" \/>\n\t<meta property=\"og:image:type\" content=\"image\/jpeg\" \/>\n<meta name=\"author\" content=\"Admin\" \/>\n<meta name=\"twitter:card\" content=\"summary_large_image\" \/>\n<meta name=\"twitter:label1\" content=\"Escrito por\" \/>\n\t<meta name=\"twitter:data1\" content=\"Admin\" \/>\n\t<meta name=\"twitter:label2\" content=\"Est. tempo de leitura\" \/>\n\t<meta name=\"twitter:data2\" content=\"6 minutos\" \/>\n<script type=\"application\/ld+json\" class=\"yoast-schema-graph\">{\"@context\":\"https:\/\/schema.org\",\"@graph\":[{\"@type\":\"Article\",\"@id\":\"https:\/\/rioonwatch.org.br\/?p=24032#article\",\"isPartOf\":{\"@id\":\"https:\/\/rioonwatch.org.br\/?p=24032\"},\"author\":{\"name\":\"Admin\",\"@id\":\"https:\/\/rioonwatch.org.br\/#\/schema\/person\/11d64c290506f9df50c71b850c473f68\"},\"headline\":\"Mar\u00e9 Sem Fronteiras Exp\u00f5e Talento Comunit\u00e1rio em Fotografia, Filme, Teatro e Mobiliza\u00e7\u00e3o\",\"datePublished\":\"2016-12-15T15:45:41+00:00\",\"dateModified\":\"2017-05-01T18:01:49+00:00\",\"mainEntityOfPage\":{\"@id\":\"https:\/\/rioonwatch.org.br\/?p=24032\"},\"wordCount\":1243,\"publisher\":{\"@id\":\"https:\/\/rioonwatch.org.br\/#organization\"},\"image\":{\"@id\":\"https:\/\/rioonwatch.org.br\/?p=24032#primaryimage\"},\"thumbnailUrl\":\"https:\/\/rioonwatch.org.br\/wp-content\/uploads\/2016\/12\/DSC_0514-1-scaled.jpg\",\"keywords\":[\"arte\",\"Baixa do Sapateiro\",\"ciclovia\",\"Complexo da Mar\u00e9\",\"fotografia\",\"Nova Holanda\",\"Pr\u00eamio A\u00e7\u00f5es Locais\",\"Redes da Mar\u00e9\",\"Secretaria de Cultura\",\"solu\u00e7\u00e3o comunit\u00e1ria\",\"teatro\",\"uso de bicicleta\",\"v\u00eddeo\",\"Zona Norte\"],\"articleSection\":[\"Cobertura de Eventos\",\"Cultura da Favela\",\"Escrito por Aliados\",\"Qualidades da Favela\",\"Sociedade Civil\",\"Solu\u00e7\u00f5es\",\"Sustentabilidade\"],\"inLanguage\":\"pt-BR\"},{\"@type\":\"WebPage\",\"@id\":\"https:\/\/rioonwatch.org.br\/?p=24032\",\"url\":\"https:\/\/rioonwatch.org.br\/?p=24032\",\"name\":\"Mar\u00e9 Sem Fronteiras Exp\u00f5e Talento Comunit\u00e1rio em Fotografia, Filme, Teatro e Mobiliza\u00e7\u00e3o - RioOnWatch\",\"isPartOf\":{\"@id\":\"https:\/\/rioonwatch.org.br\/#website\"},\"primaryImageOfPage\":{\"@id\":\"https:\/\/rioonwatch.org.br\/?p=24032#primaryimage\"},\"image\":{\"@id\":\"https:\/\/rioonwatch.org.br\/?p=24032#primaryimage\"},\"thumbnailUrl\":\"https:\/\/rioonwatch.org.br\/wp-content\/uploads\/2016\/12\/DSC_0514-1-scaled.jpg\",\"datePublished\":\"2016-12-15T15:45:41+00:00\",\"dateModified\":\"2017-05-01T18:01:49+00:00\",\"breadcrumb\":{\"@id\":\"https:\/\/rioonwatch.org.br\/?p=24032#breadcrumb\"},\"inLanguage\":\"pt-BR\",\"potentialAction\":[{\"@type\":\"ReadAction\",\"target\":[\"https:\/\/rioonwatch.org.br\/?p=24032\"]}]},{\"@type\":\"ImageObject\",\"inLanguage\":\"pt-BR\",\"@id\":\"https:\/\/rioonwatch.org.br\/?p=24032#primaryimage\",\"url\":\"https:\/\/rioonwatch.org.br\/wp-content\/uploads\/2016\/12\/DSC_0514-1-scaled.jpg\",\"contentUrl\":\"https:\/\/rioonwatch.org.br\/wp-content\/uploads\/2016\/12\/DSC_0514-1-scaled.jpg\",\"width\":2560,\"height\":1702},{\"@type\":\"BreadcrumbList\",\"@id\":\"https:\/\/rioonwatch.org.br\/?p=24032#breadcrumb\",\"itemListElement\":[{\"@type\":\"ListItem\",\"position\":1,\"name\":\"In\u00edcio\",\"item\":\"https:\/\/rioonwatch.org.br\/\"},{\"@type\":\"ListItem\",\"position\":2,\"name\":\"Mar\u00e9 Sem Fronteiras Exp\u00f5e Talento Comunit\u00e1rio em Fotografia, Filme, Teatro e Mobiliza\u00e7\u00e3o\"}]},{\"@type\":\"WebSite\",\"@id\":\"https:\/\/rioonwatch.org.br\/#website\",\"url\":\"https:\/\/rioonwatch.org.br\/\",\"name\":\"RioOnWatch\",\"description\":\"relatos das favelas cariocas\",\"publisher\":{\"@id\":\"https:\/\/rioonwatch.org.br\/#organization\"},\"potentialAction\":[{\"@type\":\"SearchAction\",\"target\":{\"@type\":\"EntryPoint\",\"urlTemplate\":\"https:\/\/rioonwatch.org.br\/?s={search_term_string}\"},\"query-input\":{\"@type\":\"PropertyValueSpecification\",\"valueRequired\":true,\"valueName\":\"search_term_string\"}}],\"inLanguage\":\"pt-BR\"},{\"@type\":\"Organization\",\"@id\":\"https:\/\/rioonwatch.org.br\/#organization\",\"name\":\"RioOnWatch\",\"url\":\"https:\/\/rioonwatch.org.br\/\",\"logo\":{\"@type\":\"ImageObject\",\"inLanguage\":\"pt-BR\",\"@id\":\"https:\/\/rioonwatch.org.br\/#\/schema\/logo\/image\/\",\"url\":\"https:\/\/rioonwatch.org.br\/wp-content\/uploads\/2021\/06\/RioOnWatchcabecalhoPT11anos-2.png\",\"contentUrl\":\"https:\/\/rioonwatch.org.br\/wp-content\/uploads\/2021\/06\/RioOnWatchcabecalhoPT11anos-2.png\",\"width\":779,\"height\":277,\"caption\":\"RioOnWatch\"},\"image\":{\"@id\":\"https:\/\/rioonwatch.org.br\/#\/schema\/logo\/image\/\"}},{\"@type\":\"Person\",\"@id\":\"https:\/\/rioonwatch.org.br\/#\/schema\/person\/11d64c290506f9df50c71b850c473f68\",\"name\":\"Admin\",\"image\":{\"@type\":\"ImageObject\",\"inLanguage\":\"pt-BR\",\"@id\":\"https:\/\/rioonwatch.org.br\/#\/schema\/person\/image\/\",\"url\":\"https:\/\/secure.gravatar.com\/avatar\/56211ac74568383903349a1485e3c325?s=96&d=blank&r=g\",\"contentUrl\":\"https:\/\/secure.gravatar.com\/avatar\/56211ac74568383903349a1485e3c325?s=96&d=blank&r=g\",\"caption\":\"Admin\"},\"url\":\"https:\/\/rioonwatch.org.br\/?author=129\"}]}<\/script>\n<!-- \/ Yoast SEO plugin. -->","yoast_head_json":{"title":"Mar\u00e9 Sem Fronteiras Exp\u00f5e Talento Comunit\u00e1rio em Fotografia, Filme, Teatro e Mobiliza\u00e7\u00e3o - RioOnWatch","robots":{"index":"index","follow":"follow","max-snippet":"max-snippet:-1","max-image-preview":"max-image-preview:large","max-video-preview":"max-video-preview:-1"},"canonical":"https:\/\/rioonwatch.org.br\/?p=24032","og_locale":"pt_BR","og_type":"article","og_title":"Mar\u00e9 Sem Fronteiras Exp\u00f5e Talento Comunit\u00e1rio em Fotografia, Filme, Teatro e Mobiliza\u00e7\u00e3o - RioOnWatch","og_description":"Click Here for English No dia 2 de dezembro, o projeto Mar\u00e9 Sem Fronteiras\u00a0realizou um evento comunit\u00e1rio com oficinas de conserto de bicicletas, impress\u00e3o de serigrafia em camisetas, exposi\u00e7\u00e3o de fotos e v\u00eddeos, e uma [...]","og_url":"https:\/\/rioonwatch.org.br\/?p=24032","og_site_name":"RioOnWatch","article_published_time":"2016-12-15T15:45:41+00:00","article_modified_time":"2017-05-01T18:01:49+00:00","og_image":[{"width":2560,"height":1702,"url":"https:\/\/rioonwatch.org.br\/wp-content\/uploads\/2016\/12\/DSC_0514-1-scaled.jpg","type":"image\/jpeg"}],"author":"Admin","twitter_card":"summary_large_image","twitter_misc":{"Escrito por":"Admin","Est. tempo de leitura":"6 minutos"},"schema":{"@context":"https:\/\/schema.org","@graph":[{"@type":"Article","@id":"https:\/\/rioonwatch.org.br\/?p=24032#article","isPartOf":{"@id":"https:\/\/rioonwatch.org.br\/?p=24032"},"author":{"name":"Admin","@id":"https:\/\/rioonwatch.org.br\/#\/schema\/person\/11d64c290506f9df50c71b850c473f68"},"headline":"Mar\u00e9 Sem Fronteiras Exp\u00f5e Talento Comunit\u00e1rio em Fotografia, Filme, Teatro e Mobiliza\u00e7\u00e3o","datePublished":"2016-12-15T15:45:41+00:00","dateModified":"2017-05-01T18:01:49+00:00","mainEntityOfPage":{"@id":"https:\/\/rioonwatch.org.br\/?p=24032"},"wordCount":1243,"publisher":{"@id":"https:\/\/rioonwatch.org.br\/#organization"},"image":{"@id":"https:\/\/rioonwatch.org.br\/?p=24032#primaryimage"},"thumbnailUrl":"https:\/\/rioonwatch.org.br\/wp-content\/uploads\/2016\/12\/DSC_0514-1-scaled.jpg","keywords":["arte","Baixa do Sapateiro","ciclovia","Complexo da Mar\u00e9","fotografia","Nova Holanda","Pr\u00eamio A\u00e7\u00f5es Locais","Redes da Mar\u00e9","Secretaria de Cultura","solu\u00e7\u00e3o comunit\u00e1ria","teatro","uso de bicicleta","v\u00eddeo","Zona Norte"],"articleSection":["Cobertura de Eventos","Cultura da Favela","Escrito por Aliados","Qualidades da Favela","Sociedade Civil","Solu\u00e7\u00f5es","Sustentabilidade"],"inLanguage":"pt-BR"},{"@type":"WebPage","@id":"https:\/\/rioonwatch.org.br\/?p=24032","url":"https:\/\/rioonwatch.org.br\/?p=24032","name":"Mar\u00e9 Sem Fronteiras Exp\u00f5e Talento Comunit\u00e1rio em Fotografia, Filme, Teatro e Mobiliza\u00e7\u00e3o - RioOnWatch","isPartOf":{"@id":"https:\/\/rioonwatch.org.br\/#website"},"primaryImageOfPage":{"@id":"https:\/\/rioonwatch.org.br\/?p=24032#primaryimage"},"image":{"@id":"https:\/\/rioonwatch.org.br\/?p=24032#primaryimage"},"thumbnailUrl":"https:\/\/rioonwatch.org.br\/wp-content\/uploads\/2016\/12\/DSC_0514-1-scaled.jpg","datePublished":"2016-12-15T15:45:41+00:00","dateModified":"2017-05-01T18:01:49+00:00","breadcrumb":{"@id":"https:\/\/rioonwatch.org.br\/?p=24032#breadcrumb"},"inLanguage":"pt-BR","potentialAction":[{"@type":"ReadAction","target":["https:\/\/rioonwatch.org.br\/?p=24032"]}]},{"@type":"ImageObject","inLanguage":"pt-BR","@id":"https:\/\/rioonwatch.org.br\/?p=24032#primaryimage","url":"https:\/\/rioonwatch.org.br\/wp-content\/uploads\/2016\/12\/DSC_0514-1-scaled.jpg","contentUrl":"https:\/\/rioonwatch.org.br\/wp-content\/uploads\/2016\/12\/DSC_0514-1-scaled.jpg","width":2560,"height":1702},{"@type":"BreadcrumbList","@id":"https:\/\/rioonwatch.org.br\/?p=24032#breadcrumb","itemListElement":[{"@type":"ListItem","position":1,"name":"In\u00edcio","item":"https:\/\/rioonwatch.org.br\/"},{"@type":"ListItem","position":2,"name":"Mar\u00e9 Sem Fronteiras Exp\u00f5e Talento Comunit\u00e1rio em Fotografia, Filme, Teatro e Mobiliza\u00e7\u00e3o"}]},{"@type":"WebSite","@id":"https:\/\/rioonwatch.org.br\/#website","url":"https:\/\/rioonwatch.org.br\/","name":"RioOnWatch","description":"relatos das favelas cariocas","publisher":{"@id":"https:\/\/rioonwatch.org.br\/#organization"},"potentialAction":[{"@type":"SearchAction","target":{"@type":"EntryPoint","urlTemplate":"https:\/\/rioonwatch.org.br\/?s={search_term_string}"},"query-input":{"@type":"PropertyValueSpecification","valueRequired":true,"valueName":"search_term_string"}}],"inLanguage":"pt-BR"},{"@type":"Organization","@id":"https:\/\/rioonwatch.org.br\/#organization","name":"RioOnWatch","url":"https:\/\/rioonwatch.org.br\/","logo":{"@type":"ImageObject","inLanguage":"pt-BR","@id":"https:\/\/rioonwatch.org.br\/#\/schema\/logo\/image\/","url":"https:\/\/rioonwatch.org.br\/wp-content\/uploads\/2021\/06\/RioOnWatchcabecalhoPT11anos-2.png","contentUrl":"https:\/\/rioonwatch.org.br\/wp-content\/uploads\/2021\/06\/RioOnWatchcabecalhoPT11anos-2.png","width":779,"height":277,"caption":"RioOnWatch"},"image":{"@id":"https:\/\/rioonwatch.org.br\/#\/schema\/logo\/image\/"}},{"@type":"Person","@id":"https:\/\/rioonwatch.org.br\/#\/schema\/person\/11d64c290506f9df50c71b850c473f68","name":"Admin","image":{"@type":"ImageObject","inLanguage":"pt-BR","@id":"https:\/\/rioonwatch.org.br\/#\/schema\/person\/image\/","url":"https:\/\/secure.gravatar.com\/avatar\/56211ac74568383903349a1485e3c325?s=96&d=blank&r=g","contentUrl":"https:\/\/secure.gravatar.com\/avatar\/56211ac74568383903349a1485e3c325?s=96&d=blank&r=g","caption":"Admin"},"url":"https:\/\/rioonwatch.org.br\/?author=129"}]}},"_links":{"self":[{"href":"https:\/\/rioonwatch.org.br\/index.php?rest_route=\/wp\/v2\/posts\/24032"}],"collection":[{"href":"https:\/\/rioonwatch.org.br\/index.php?rest_route=\/wp\/v2\/posts"}],"about":[{"href":"https:\/\/rioonwatch.org.br\/index.php?rest_route=\/wp\/v2\/types\/post"}],"author":[{"embeddable":true,"href":"https:\/\/rioonwatch.org.br\/index.php?rest_route=\/wp\/v2\/users\/129"}],"replies":[{"embeddable":true,"href":"https:\/\/rioonwatch.org.br\/index.php?rest_route=%2Fwp%2Fv2%2Fcomments&post=24032"}],"version-history":[{"count":8,"href":"https:\/\/rioonwatch.org.br\/index.php?rest_route=\/wp\/v2\/posts\/24032\/revisions"}],"predecessor-version":[{"id":24070,"href":"https:\/\/rioonwatch.org.br\/index.php?rest_route=\/wp\/v2\/posts\/24032\/revisions\/24070"}],"wp:featuredmedia":[{"embeddable":true,"href":"https:\/\/rioonwatch.org.br\/index.php?rest_route=\/wp\/v2\/media\/24034"}],"wp:attachment":[{"href":"https:\/\/rioonwatch.org.br\/index.php?rest_route=%2Fwp%2Fv2%2Fmedia&parent=24032"}],"wp:term":[{"taxonomy":"category","embeddable":true,"href":"https:\/\/rioonwatch.org.br\/index.php?rest_route=%2Fwp%2Fv2%2Fcategories&post=24032"},{"taxonomy":"post_tag","embeddable":true,"href":"https:\/\/rioonwatch.org.br\/index.php?rest_route=%2Fwp%2Fv2%2Ftags&post=24032"},{"taxonomy":"writer","embeddable":true,"href":"https:\/\/rioonwatch.org.br\/index.php?rest_route=%2Fwp%2Fv2%2Fwriter&post=24032"},{"taxonomy":"translator","embeddable":true,"href":"https:\/\/rioonwatch.org.br\/index.php?rest_route=%2Fwp%2Fv2%2Ftranslator&post=24032"},{"taxonomy":"source","embeddable":true,"href":"https:\/\/rioonwatch.org.br\/index.php?rest_route=%2Fwp%2Fv2%2Fsource&post=24032"},{"taxonomy":"ilustrador","embeddable":true,"href":"https:\/\/rioonwatch.org.br\/index.php?rest_route=%2Fwp%2Fv2%2Filustrador&post=24032"},{"taxonomy":"fotografo","embeddable":true,"href":"https:\/\/rioonwatch.org.br\/index.php?rest_route=%2Fwp%2Fv2%2Ffotografo&post=24032"}],"curies":[{"name":"wp","href":"https:\/\/api.w.org\/{rel}","templated":true}]}}