{"id":24108,"date":"2017-03-07T12:12:38","date_gmt":"2017-03-07T15:12:38","guid":{"rendered":"http:\/\/rioonwatch.org.br\/?p=24108"},"modified":"2024-06-20T16:02:13","modified_gmt":"2024-06-20T19:02:13","slug":"favelizacao-e-a-apropriacao-das-favelas-no-design-internacional-resenha","status":"publish","type":"post","link":"https:\/\/rioonwatch.org.br\/?p=24108","title":{"rendered":"Faveliza\u00e7\u00e3o e a Apropria\u00e7\u00e3o das Favelas no Design Internacional [RESENHA]"},"content":{"rendered":"<p style=\"text-align: right;\"><em><strong><a href=\"http:\/\/bit.ly\/2d8aqsB\" target=\"_blank\" rel=\"noopener\">Click Here for English<img decoding=\"async\" width=\"20\" height=\"20\" class=\"alignright wp-image-15790\" src=\"http:\/\/rioonwatch.org.br\/wp-content\/uploads\/2012\/08\/EN-standard-e1439583104716.jpg\" alt=\"\" \/><\/a><\/strong><\/em><\/p>\n<p>Professora de design\u00a0<a href=\"http:\/\/bit.ly\/2cIBCQ7\" target=\"_blank\" rel=\"noopener\">Adriana Kertzer<\/a>\u00a0nasceu de uma m\u00e3e americana e um pai brasileiro. Sem ser vista\u00a0totalmente como brasileira ou americana, o senso de deslocamento de Adriana faz dela especialmente sens\u00edvel\u00a0a linguagem nacionalista, e consequentemente c\u00e9tica em rela\u00e7\u00e3o a generaliza\u00e7\u00f5es sobre o que \u00e9 \u201cbrasileiro\u201d. Seu livro <em><span style=\"font-weight: 400;\"><a href=\"http:\/\/bit.ly\/2cE78Ap\" target=\"_blank\" rel=\"noopener\">Favelization<\/a><\/span><\/em><span style=\"font-weight: 400;\">\u00a0(<\/span>Faveliza\u00e7\u00e3o) explora o processo pelo qual as favelas t\u00eam se tornado sin\u00f4nimo de Brasil, inclusive\u00a0utilizadas para fazer\u00a0o\u00a0<em>branding<\/em> de artigos de luxo como &#8220;brasileiros&#8221;, para o p\u00fablico\u00a0estrangeiro.<\/p>\n<p><em>Faveliza\u00e7\u00e3o <\/em>mostra, com sucesso,<em>\u00a0<\/em>como o aumento global&#8211;e consequentemente, local&#8211;do interesse em favelas \u00e9 de fato um interesse em uma imagem mistificada e imaginada sobre \u201ca favela\u201d. Na realidade, a imagem produzida da \u201cfavela\u201d tem pouca semelhan\u00e7a com as favelas reais, e <a href=\"http:\/\/bit.ly\/2h09c7p\" target=\"_blank\" rel=\"noopener\">nenhuma intera\u00e7\u00e3o relevante ocorre entre os moradores de favelas<\/a>, os produtores de artigos de luxo que fazem refer\u00eancia as favelas, e os consumidores desses produtos.<\/p>\n<h3><strong>Como as favelas s\u00e3o mistificadas e alterizadas<\/strong><\/h3>\n<p>\u00c9 dif\u00edcil mistificar ou alterar o que \u00e9 invis\u00edvel. Adriana Kertzer acredita que o aumento de visibilidade global das favelas foi crucial para a cria\u00e7\u00e3o da ideia de favela. \u00c9 atrav\u00e9s do acesso visual que as favelas foram desmistificadas e depois mistificadas novamente, sendo que no processo acabaram se tornando ex\u00f3ticas, misteriosas e cheias de segredos.<\/p>\n<p>Estrangeiros comumente citam o filme <a href=\"http:\/\/bit.ly\/1XQdo89\" target=\"_blank\" rel=\"noopener\"><em>Cidade de Deus<\/em><\/a> de 2002 como o meio pelo qual conheceram as favelas. Entretanto, filmes s\u00e3o uma representa\u00e7\u00e3o da realidade e n\u00e3o a realidade propriamente dita. Adriana Kertzer discute em detalhes o processo de interpreta\u00e7\u00e3o e transcend\u00eancia dos filmes internacionalmente aclamados, <em>Cidade de Deus<\/em> e o document\u00e1rio <a href=\"http:\/\/bit.ly\/2hLTprp\" target=\"_blank\" rel=\"noopener\"><em>Lixo Extraordin\u00e1rio<\/em><\/a> de 2010. Ela aponta o preconceito dos diretores e produtores dos filmes, e como os seus conhecimentos de percep\u00e7\u00e3o global do Brasil e do mercado mundial deve ter influenciado as lentes pelas quais eles representaram as favelas. Entretanto, atrav\u00e9s do uso de t\u00e9cnicas de filme de document\u00e1rio (mesmo que <em>Cidade de Deus<\/em> seja uma fic\u00e7\u00e3o) os filmes d\u00e3o a ilus\u00e3o de realidade. Adriana faz um paralelo entre isso e o <a href=\"http:\/\/bit.ly\/2cIDOHA\" target=\"_blank\" rel=\"noopener\"><em>New Deal photography<\/em><\/a>\u00a0(Fotagrafia do New Deal) dos Estados Unidos de 1930. Para a maioria dos espectadores, a dramatiza\u00e7\u00e3o exagerada da vida nas favelas e a simplifica\u00e7\u00e3o exagerada dos seus problemas, nesses filmes, s\u00e3o\u00a0indetect\u00e1veis. O resultado \u00e9 uma representa\u00e7\u00e3o ex\u00f3tica e vulgarizada.<\/p>\n<h3><strong>Como as favelas se tornaram uma marca brasileira<\/strong><\/h3>\n<p>O sucesso dos filmes trouxe mais aten\u00e7\u00e3o para as favelas. Embora comunidades informais n\u00e3o sejam um fen\u00f4meno exclusivo do Brasil, Adriana Kertzer diz que \u201cA permeabilidade da identidade significa que quando um aspecto particular da sociedade brasileira que normalmente n\u00e3o \u00e9 considerado &#8216;desej\u00e1vel&#8217; se torna popular fora do Brasil, essa aten\u00e7\u00e3o externa muitas vezes resulta em uma reformula\u00e7\u00e3o das atitudes dentro do pa\u00eds. Tal como no caso das favelas&#8221;.<\/p>\n<p><a href=\"http:\/\/rioonwatch.org.br\/wp-content\/uploads\/2016\/12\/campana-favela.jpg\"><img fetchpriority=\"high\" decoding=\"async\" class=\"alignright wp-image-24114\" title=\"Cadeira Favela por Irm\u00e3os Campana\" src=\"http:\/\/rioonwatch.org.br\/wp-content\/uploads\/2016\/12\/campana-favela.jpg\" width=\"312\" height=\"349\" srcset=\"https:\/\/rioonwatch.org.br\/wp-content\/uploads\/2016\/12\/campana-favela.jpg 1641w, https:\/\/rioonwatch.org.br\/wp-content\/uploads\/2016\/12\/campana-favela-236x264.jpg 236w, https:\/\/rioonwatch.org.br\/wp-content\/uploads\/2016\/12\/campana-favela-554x620.jpg 554w, https:\/\/rioonwatch.org.br\/wp-content\/uploads\/2016\/12\/campana-favela-768x860.jpg 768w, https:\/\/rioonwatch.org.br\/wp-content\/uploads\/2016\/12\/campana-favela-914x1024.jpg 914w\" sizes=\"(max-width: 312px) 100vw, 312px\" \/><\/a><\/p>\n<p>Atrav\u00e9s da faveliza\u00e7\u00e3o as favelas foram aceitas como parte do que faz do Brasil o Brasil, como Copacabana e o samba. As favelas se tornaram um \u201cproduto\u201d local que pode ser comercializado e usado globalmente. No processo, segundo o livro, cada favela perde sua individualidade para a generalidade e toda (n\u00e3o) representatividade da \u201cFavela\u201d. Isso ent\u00e3o levou ao fen\u00f4meno\u00a0do &#8220;favela chique&#8221;, <a href=\"http:\/\/bit.ly\/1hFhVJX\" target=\"_blank\" rel=\"noopener\">tours nas favelas<\/a>, e um aumento do apelo de produtos de luxo ligados de alguma forma as favelas.<\/p>\n<p>Adriana\u00a0usa a \u201c<a href=\"http:\/\/bit.ly\/2cmTX3r\" target=\"_blank\" rel=\"noopener\">Cadeira Favela<\/a>\u201d pelos designers brasileiros irm\u00e3os Campana, para mostrar como referencias as favelas s\u00e3o usadas para comercializar itens de luxo como \u201cbrasileiros\u201d e por extens\u00e3o \u201cex\u00f3ticos\u201d, quando na realidade esses itens n\u00e3o s\u00e3o nem um pouco relacionados as favelas ou seus moradores ou at\u00e9 mesmo ao Brasil. Os irm\u00e3os Campana s\u00e3o muito examinados no livro\u00a0<em>Faveliza\u00e7\u00e3o<\/em> por conta de sua recep\u00e7\u00e3o mundial como designers brasileiros especificamente inspirados pelo Brasil, e por conta de sua influ\u00eancia em jovens designers como <a href=\"http:\/\/bit.ly\/2cmUHFN\" target=\"_blank\" rel=\"noopener\">Brunno Jahara<\/a>\u00a0e <a href=\"http:\/\/bit.ly\/2i1apNz\" target=\"_blank\" rel=\"noopener\">David Elia<\/a>. Tanto Brunno Jahara e David Elia possuem <a href=\"http:\/\/bit.ly\/2cqQenP\" target=\"_blank\" rel=\"noopener\">cole\u00e7\u00f5es inspiradas nas favelas<\/a>, e ambos viveram parte de suas vidas fora do Brasil, entendendo durante o processo a demanda internacional por itens relacionados de alguma maneira com \u201c<a href=\"http:\/\/bit.ly\/2kZlcpd\" target=\"_blank\" rel=\"noopener\">o outro<\/a>\u201d. Como os irm\u00e3os Campana, Brunno Jahara e David Elia fazem refer\u00eancia as favelas nos seus trabalhos, \u201cmisturando estrategicamente refer\u00eancias da pobreza do Brasil com a fantasia e o desejo a servi\u00e7o do com\u00e9rcio\u201d.<\/p>\n<h3><strong>A desconex\u00e3o da faveliza\u00e7\u00e3o <\/strong><\/h3>\n<p>Seguindo blogs e textos em uma das cole\u00e7\u00f5es de Brunno Jahara, a <a href=\"http:\/\/bit.ly\/2cw5a4O\" target=\"_blank\" rel=\"noopener\">Neorustica<\/a>, Adriana Kertzer descobriu que a maior parte da cobertura simplesmente parafraseou informa\u00e7\u00f5es do site de Brunno Jahara. Isso \u00e9 problem\u00e1tico porque os designers brasileiros e estrangeiros, marqueteiros e cineastas \u201cinterpretam e adaptam as favelas, comumente produzindo algo h\u00edbrido, algo que levemente toca na realidade mas n\u00e3o a reproduz\u201d. A aceita\u00e7\u00e3o do que \u00e9 produzido e sua dissemina\u00e7\u00e3o cega combinada com a falta de responsabilidade globaliza mais a linguagem e a imagem da faveliza\u00e7\u00e3o, e\u00a0propaga ainda mais as apropria\u00e7\u00f5es indevidas de favelas.<\/p>\n<p><a href=\"http:\/\/rioonwatch.org.br\/wp-content\/uploads\/2016\/12\/campana-for-lacoste-21.jpg\"><img decoding=\"async\" class=\"aligncenter wp-image-24118 size-content\" title=\"Os irm\u00e3os Campana desenharam um modelo de camisa para a Lacoste, e as camisas foram produzida por mulheres de uma cooperativa da Rocinha.\" src=\"http:\/\/rioonwatch.org.br\/wp-content\/uploads\/2016\/12\/campana-for-lacoste-21-620x264.jpg\" width=\"620\" height=\"264\" srcset=\"https:\/\/rioonwatch.org.br\/wp-content\/uploads\/2016\/12\/campana-for-lacoste-21-620x264.jpg 620w, https:\/\/rioonwatch.org.br\/wp-content\/uploads\/2016\/12\/campana-for-lacoste-21-940x400.jpg 940w\" sizes=\"(max-width: 620px) 100vw, 620px\" \/><\/a><\/p>\n<p>Produtores de artigos de luxo ocasionalmente interagem com moradores de favelas, como no caso da Lacoste e da <a href=\"http:\/\/bit.ly\/2c8o8dJ\" target=\"_blank\" rel=\"noopener\">cooperativa Coopa-Roca<\/a> na <a href=\"http:\/\/bit.ly\/16w2zz1\" target=\"_blank\" rel=\"noopener\">Rocinha<\/a>, na <a href=\"http:\/\/bit.ly\/1mNsDyk\" target=\"_blank\" rel=\"noopener\">Zona Sul<\/a> do Rio. A Lacoste formou um time com os irm\u00e3os Campana para produzir uma edi\u00e7\u00e3o limitada de camisas com o jacar\u00e9 da Lacoste costurados por mulheres da cooperativa Coopa-Roca. A companhia pagou a Coopa-Roca pelo servi\u00e7o, nada mais. Ainda assim, no seu material publicit\u00e1rio e nas subsequentes entrevistas, foi sugerido que a utiliza\u00e7\u00e3o da Coopa-Roca foi caridade, implicando que por consequ\u00eancia ao comprar uma camisa da Lacoste o consumidor estaria fazendo uma compra com responsabilidade social, devido ao benef\u00edcio que isso traria para mulheres na Rocinha. Na realidade, isso foi uma investida de neg\u00f3cios feita para ser vista como caridade atrav\u00e9s do processo de faveliza\u00e7\u00e3o.<\/p>\n<p>Ao examinar esses casos de apropria\u00e7\u00e3o da est\u00e9tica da favela no design de luxo, o livro\u00a0<em>Faveliza\u00e7\u00e3o<\/em> prov\u00ea um olhar cr\u00edtico necess\u00e1rio para o modo que as favelas s\u00e3o <a href=\"http:\/\/bit.ly\/2kZlcpd\" target=\"_blank\" rel=\"noopener\">alterizadas<\/a>\u00a0e exoticadas para o consumo. Adriana Kertzer de forma assertiva argumenta que pela explora\u00e7\u00e3o da imagem internacional de marca das favelas, os designers est\u00e3o incentivando um processo de \u201cinterpreta\u00e7\u00e3o, transcend\u00eancia e domina\u00e7\u00e3o\u201d da real experi\u00eancia de vida e cultura dessas comunidades.<\/p>\n<!-- AddThis Advanced Settings generic via filter on the_content --><!-- AddThis Share Buttons generic via filter on the_content -->","protected":false},"excerpt":{"rendered":"<div class=\"mh-excerpt\"><p>Click Here for English Professora de design\u00a0Adriana Kertzer\u00a0nasceu de uma m\u00e3e americana e um pai brasileiro. Sem ser vista\u00a0totalmente como brasileira ou americana, o senso de deslocamento de Adriana faz dela especialmente sens\u00edvel\u00a0a linguagem nacionalista, <a class=\"mh-excerpt-more\" href=\"https:\/\/rioonwatch.org.br\/?p=24108\" title=\"Faveliza\u00e7\u00e3o e a Apropria\u00e7\u00e3o das Favelas no Design Internacional [RESENHA]\">[&#8230;]<\/a><!-- AddThis Advanced Settings generic via filter on get_the_excerpt --><!-- AddThis Share Buttons generic via filter on get_the_excerpt --><\/p>\n<\/div>","protected":false},"author":129,"featured_media":24110,"comment_status":"closed","ping_status":"closed","sticky":false,"template":"","format":"standard","meta":{"_acf_changed":false,"_monsterinsights_skip_tracking":false,"_monsterinsights_sitenote_active":false,"_monsterinsights_sitenote_note":"","_monsterinsights_sitenote_category":0,"footnotes":""},"categories":[1621,1615,1632,1631,1626,1624],"tags":[554,81,421,528,687,1368,1317,529,1412,958,16,184,383],"writer":[1947],"translator":[1737],"source":[],"ilustrador":[],"fotografo":[],"class_list":{"0":"post-24108","1":"post","2":"type-post","3":"status-publish","4":"format-standard","5":"has-post-thumbnail","7":"category-destaque","8":"category-cultura-da-favela","9":"category-pesquisa-e-analise","10":"category-entendendo-o-rio","11":"category-por-observadores-internacionais","12":"category-resenha","13":"tag-cidade-de-deus","14":"tag-cultura","15":"tag-cultura-da-favela","16":"tag-design-da-favela","17":"tag-economia","18":"tag-filme","19":"tag-livro","20":"tag-moda","21":"tag-producao-cultural","22":"tag-resenha-de-livro","23":"tag-rocinha","24":"tag-zona-oeste","25":"tag-zona-sul","26":"writer-nashwa-al-sharki","27":"translator-fabricio-salles"},"acf":[],"yoast_head":"<!-- This site is optimized with the Yoast SEO plugin v25.6 - https:\/\/yoast.com\/wordpress\/plugins\/seo\/ -->\n<title>Faveliza\u00e7\u00e3o e a Apropria\u00e7\u00e3o das Favelas no Design Internacional [RESENHA] - RioOnWatch<\/title>\n<meta name=\"robots\" content=\"index, follow, max-snippet:-1, max-image-preview:large, max-video-preview:-1\" \/>\n<link rel=\"canonical\" href=\"https:\/\/rioonwatch.org.br\/?p=24108\" \/>\n<meta property=\"og:locale\" content=\"pt_BR\" \/>\n<meta property=\"og:type\" content=\"article\" \/>\n<meta property=\"og:title\" content=\"Faveliza\u00e7\u00e3o e a Apropria\u00e7\u00e3o das Favelas no Design Internacional [RESENHA] - RioOnWatch\" \/>\n<meta property=\"og:description\" content=\"Click Here for English Professora de design\u00a0Adriana Kertzer\u00a0nasceu de uma m\u00e3e americana e um pai brasileiro. Sem ser vista\u00a0totalmente como brasileira ou americana, o senso de deslocamento de Adriana faz dela especialmente sens\u00edvel\u00a0a linguagem nacionalista, [...]\" \/>\n<meta property=\"og:url\" content=\"https:\/\/rioonwatch.org.br\/?p=24108\" \/>\n<meta property=\"og:site_name\" content=\"RioOnWatch\" \/>\n<meta property=\"article:published_time\" content=\"2017-03-07T15:12:38+00:00\" \/>\n<meta property=\"article:modified_time\" content=\"2024-06-20T19:02:13+00:00\" \/>\n<meta property=\"og:image\" content=\"https:\/\/rioonwatch.org.br\/wp-content\/uploads\/2016\/12\/bala-perdida-background-870x363.jpg\" \/>\n\t<meta property=\"og:image:width\" content=\"870\" \/>\n\t<meta property=\"og:image:height\" content=\"363\" \/>\n\t<meta property=\"og:image:type\" content=\"image\/jpeg\" \/>\n<meta name=\"author\" content=\"Admin\" \/>\n<meta name=\"twitter:card\" content=\"summary_large_image\" \/>\n<meta name=\"twitter:label1\" content=\"Escrito por\" \/>\n\t<meta name=\"twitter:data1\" content=\"Admin\" \/>\n\t<meta name=\"twitter:label2\" content=\"Est. tempo de leitura\" \/>\n\t<meta name=\"twitter:data2\" content=\"5 minutos\" \/>\n<script type=\"application\/ld+json\" class=\"yoast-schema-graph\">{\"@context\":\"https:\/\/schema.org\",\"@graph\":[{\"@type\":\"Article\",\"@id\":\"https:\/\/rioonwatch.org.br\/?p=24108#article\",\"isPartOf\":{\"@id\":\"https:\/\/rioonwatch.org.br\/?p=24108\"},\"author\":{\"name\":\"Admin\",\"@id\":\"https:\/\/rioonwatch.org.br\/#\/schema\/person\/11d64c290506f9df50c71b850c473f68\"},\"headline\":\"Faveliza\u00e7\u00e3o e a Apropria\u00e7\u00e3o das Favelas no Design Internacional [RESENHA]\",\"datePublished\":\"2017-03-07T15:12:38+00:00\",\"dateModified\":\"2024-06-20T19:02:13+00:00\",\"mainEntityOfPage\":{\"@id\":\"https:\/\/rioonwatch.org.br\/?p=24108\"},\"wordCount\":1097,\"publisher\":{\"@id\":\"https:\/\/rioonwatch.org.br\/#organization\"},\"image\":{\"@id\":\"https:\/\/rioonwatch.org.br\/?p=24108#primaryimage\"},\"thumbnailUrl\":\"https:\/\/rioonwatch.org.br\/wp-content\/uploads\/2016\/12\/bala-perdida-background-870x363.jpg\",\"keywords\":[\"Cidade de Deus\",\"cultura\",\"cultura da favela\",\"design da favela\",\"economia\",\"filme\",\"livro\",\"moda\",\"produ\u00e7\u00e3o cultural\",\"resenha de livro\",\"Rocinha\",\"Zona Oeste\",\"Zona Sul\"],\"articleSection\":[\"*Destaque\",\"Cultura da Favela\",\"Dados e Pesquisa\",\"Entendendo o Rio\",\"Escrito por Aliados\",\"Resenhas\"],\"inLanguage\":\"pt-BR\"},{\"@type\":\"WebPage\",\"@id\":\"https:\/\/rioonwatch.org.br\/?p=24108\",\"url\":\"https:\/\/rioonwatch.org.br\/?p=24108\",\"name\":\"Faveliza\u00e7\u00e3o e a Apropria\u00e7\u00e3o das Favelas no Design Internacional [RESENHA] - RioOnWatch\",\"isPartOf\":{\"@id\":\"https:\/\/rioonwatch.org.br\/#website\"},\"primaryImageOfPage\":{\"@id\":\"https:\/\/rioonwatch.org.br\/?p=24108#primaryimage\"},\"image\":{\"@id\":\"https:\/\/rioonwatch.org.br\/?p=24108#primaryimage\"},\"thumbnailUrl\":\"https:\/\/rioonwatch.org.br\/wp-content\/uploads\/2016\/12\/bala-perdida-background-870x363.jpg\",\"datePublished\":\"2017-03-07T15:12:38+00:00\",\"dateModified\":\"2024-06-20T19:02:13+00:00\",\"breadcrumb\":{\"@id\":\"https:\/\/rioonwatch.org.br\/?p=24108#breadcrumb\"},\"inLanguage\":\"pt-BR\",\"potentialAction\":[{\"@type\":\"ReadAction\",\"target\":[\"https:\/\/rioonwatch.org.br\/?p=24108\"]}]},{\"@type\":\"ImageObject\",\"inLanguage\":\"pt-BR\",\"@id\":\"https:\/\/rioonwatch.org.br\/?p=24108#primaryimage\",\"url\":\"https:\/\/rioonwatch.org.br\/wp-content\/uploads\/2016\/12\/bala-perdida-background-870x363.jpg\",\"contentUrl\":\"https:\/\/rioonwatch.org.br\/wp-content\/uploads\/2016\/12\/bala-perdida-background-870x363.jpg\",\"width\":870,\"height\":363},{\"@type\":\"BreadcrumbList\",\"@id\":\"https:\/\/rioonwatch.org.br\/?p=24108#breadcrumb\",\"itemListElement\":[{\"@type\":\"ListItem\",\"position\":1,\"name\":\"In\u00edcio\",\"item\":\"https:\/\/rioonwatch.org.br\/\"},{\"@type\":\"ListItem\",\"position\":2,\"name\":\"Faveliza\u00e7\u00e3o e a Apropria\u00e7\u00e3o das Favelas no Design Internacional [RESENHA]\"}]},{\"@type\":\"WebSite\",\"@id\":\"https:\/\/rioonwatch.org.br\/#website\",\"url\":\"https:\/\/rioonwatch.org.br\/\",\"name\":\"RioOnWatch\",\"description\":\"relatos das favelas cariocas\",\"publisher\":{\"@id\":\"https:\/\/rioonwatch.org.br\/#organization\"},\"potentialAction\":[{\"@type\":\"SearchAction\",\"target\":{\"@type\":\"EntryPoint\",\"urlTemplate\":\"https:\/\/rioonwatch.org.br\/?s={search_term_string}\"},\"query-input\":{\"@type\":\"PropertyValueSpecification\",\"valueRequired\":true,\"valueName\":\"search_term_string\"}}],\"inLanguage\":\"pt-BR\"},{\"@type\":\"Organization\",\"@id\":\"https:\/\/rioonwatch.org.br\/#organization\",\"name\":\"RioOnWatch\",\"url\":\"https:\/\/rioonwatch.org.br\/\",\"logo\":{\"@type\":\"ImageObject\",\"inLanguage\":\"pt-BR\",\"@id\":\"https:\/\/rioonwatch.org.br\/#\/schema\/logo\/image\/\",\"url\":\"https:\/\/rioonwatch.org.br\/wp-content\/uploads\/2021\/06\/RioOnWatchcabecalhoPT11anos-2.png\",\"contentUrl\":\"https:\/\/rioonwatch.org.br\/wp-content\/uploads\/2021\/06\/RioOnWatchcabecalhoPT11anos-2.png\",\"width\":779,\"height\":277,\"caption\":\"RioOnWatch\"},\"image\":{\"@id\":\"https:\/\/rioonwatch.org.br\/#\/schema\/logo\/image\/\"}},{\"@type\":\"Person\",\"@id\":\"https:\/\/rioonwatch.org.br\/#\/schema\/person\/11d64c290506f9df50c71b850c473f68\",\"name\":\"Admin\",\"image\":{\"@type\":\"ImageObject\",\"inLanguage\":\"pt-BR\",\"@id\":\"https:\/\/rioonwatch.org.br\/#\/schema\/person\/image\/\",\"url\":\"https:\/\/secure.gravatar.com\/avatar\/56211ac74568383903349a1485e3c325?s=96&d=blank&r=g\",\"contentUrl\":\"https:\/\/secure.gravatar.com\/avatar\/56211ac74568383903349a1485e3c325?s=96&d=blank&r=g\",\"caption\":\"Admin\"},\"url\":\"https:\/\/rioonwatch.org.br\/?author=129\"}]}<\/script>\n<!-- \/ Yoast SEO plugin. -->","yoast_head_json":{"title":"Faveliza\u00e7\u00e3o e a Apropria\u00e7\u00e3o das Favelas no Design Internacional [RESENHA] - RioOnWatch","robots":{"index":"index","follow":"follow","max-snippet":"max-snippet:-1","max-image-preview":"max-image-preview:large","max-video-preview":"max-video-preview:-1"},"canonical":"https:\/\/rioonwatch.org.br\/?p=24108","og_locale":"pt_BR","og_type":"article","og_title":"Faveliza\u00e7\u00e3o e a Apropria\u00e7\u00e3o das Favelas no Design Internacional [RESENHA] - RioOnWatch","og_description":"Click Here for English Professora de design\u00a0Adriana Kertzer\u00a0nasceu de uma m\u00e3e americana e um pai brasileiro. Sem ser vista\u00a0totalmente como brasileira ou americana, o senso de deslocamento de Adriana faz dela especialmente sens\u00edvel\u00a0a linguagem nacionalista, [...]","og_url":"https:\/\/rioonwatch.org.br\/?p=24108","og_site_name":"RioOnWatch","article_published_time":"2017-03-07T15:12:38+00:00","article_modified_time":"2024-06-20T19:02:13+00:00","og_image":[{"width":870,"height":363,"url":"https:\/\/rioonwatch.org.br\/wp-content\/uploads\/2016\/12\/bala-perdida-background-870x363.jpg","type":"image\/jpeg"}],"author":"Admin","twitter_card":"summary_large_image","twitter_misc":{"Escrito por":"Admin","Est. tempo de leitura":"5 minutos"},"schema":{"@context":"https:\/\/schema.org","@graph":[{"@type":"Article","@id":"https:\/\/rioonwatch.org.br\/?p=24108#article","isPartOf":{"@id":"https:\/\/rioonwatch.org.br\/?p=24108"},"author":{"name":"Admin","@id":"https:\/\/rioonwatch.org.br\/#\/schema\/person\/11d64c290506f9df50c71b850c473f68"},"headline":"Faveliza\u00e7\u00e3o e a Apropria\u00e7\u00e3o das Favelas no Design Internacional [RESENHA]","datePublished":"2017-03-07T15:12:38+00:00","dateModified":"2024-06-20T19:02:13+00:00","mainEntityOfPage":{"@id":"https:\/\/rioonwatch.org.br\/?p=24108"},"wordCount":1097,"publisher":{"@id":"https:\/\/rioonwatch.org.br\/#organization"},"image":{"@id":"https:\/\/rioonwatch.org.br\/?p=24108#primaryimage"},"thumbnailUrl":"https:\/\/rioonwatch.org.br\/wp-content\/uploads\/2016\/12\/bala-perdida-background-870x363.jpg","keywords":["Cidade de Deus","cultura","cultura da favela","design da favela","economia","filme","livro","moda","produ\u00e7\u00e3o cultural","resenha de livro","Rocinha","Zona Oeste","Zona Sul"],"articleSection":["*Destaque","Cultura da Favela","Dados e Pesquisa","Entendendo o Rio","Escrito por Aliados","Resenhas"],"inLanguage":"pt-BR"},{"@type":"WebPage","@id":"https:\/\/rioonwatch.org.br\/?p=24108","url":"https:\/\/rioonwatch.org.br\/?p=24108","name":"Faveliza\u00e7\u00e3o e a Apropria\u00e7\u00e3o das Favelas no Design Internacional [RESENHA] - RioOnWatch","isPartOf":{"@id":"https:\/\/rioonwatch.org.br\/#website"},"primaryImageOfPage":{"@id":"https:\/\/rioonwatch.org.br\/?p=24108#primaryimage"},"image":{"@id":"https:\/\/rioonwatch.org.br\/?p=24108#primaryimage"},"thumbnailUrl":"https:\/\/rioonwatch.org.br\/wp-content\/uploads\/2016\/12\/bala-perdida-background-870x363.jpg","datePublished":"2017-03-07T15:12:38+00:00","dateModified":"2024-06-20T19:02:13+00:00","breadcrumb":{"@id":"https:\/\/rioonwatch.org.br\/?p=24108#breadcrumb"},"inLanguage":"pt-BR","potentialAction":[{"@type":"ReadAction","target":["https:\/\/rioonwatch.org.br\/?p=24108"]}]},{"@type":"ImageObject","inLanguage":"pt-BR","@id":"https:\/\/rioonwatch.org.br\/?p=24108#primaryimage","url":"https:\/\/rioonwatch.org.br\/wp-content\/uploads\/2016\/12\/bala-perdida-background-870x363.jpg","contentUrl":"https:\/\/rioonwatch.org.br\/wp-content\/uploads\/2016\/12\/bala-perdida-background-870x363.jpg","width":870,"height":363},{"@type":"BreadcrumbList","@id":"https:\/\/rioonwatch.org.br\/?p=24108#breadcrumb","itemListElement":[{"@type":"ListItem","position":1,"name":"In\u00edcio","item":"https:\/\/rioonwatch.org.br\/"},{"@type":"ListItem","position":2,"name":"Faveliza\u00e7\u00e3o e a Apropria\u00e7\u00e3o das Favelas no Design Internacional [RESENHA]"}]},{"@type":"WebSite","@id":"https:\/\/rioonwatch.org.br\/#website","url":"https:\/\/rioonwatch.org.br\/","name":"RioOnWatch","description":"relatos das favelas cariocas","publisher":{"@id":"https:\/\/rioonwatch.org.br\/#organization"},"potentialAction":[{"@type":"SearchAction","target":{"@type":"EntryPoint","urlTemplate":"https:\/\/rioonwatch.org.br\/?s={search_term_string}"},"query-input":{"@type":"PropertyValueSpecification","valueRequired":true,"valueName":"search_term_string"}}],"inLanguage":"pt-BR"},{"@type":"Organization","@id":"https:\/\/rioonwatch.org.br\/#organization","name":"RioOnWatch","url":"https:\/\/rioonwatch.org.br\/","logo":{"@type":"ImageObject","inLanguage":"pt-BR","@id":"https:\/\/rioonwatch.org.br\/#\/schema\/logo\/image\/","url":"https:\/\/rioonwatch.org.br\/wp-content\/uploads\/2021\/06\/RioOnWatchcabecalhoPT11anos-2.png","contentUrl":"https:\/\/rioonwatch.org.br\/wp-content\/uploads\/2021\/06\/RioOnWatchcabecalhoPT11anos-2.png","width":779,"height":277,"caption":"RioOnWatch"},"image":{"@id":"https:\/\/rioonwatch.org.br\/#\/schema\/logo\/image\/"}},{"@type":"Person","@id":"https:\/\/rioonwatch.org.br\/#\/schema\/person\/11d64c290506f9df50c71b850c473f68","name":"Admin","image":{"@type":"ImageObject","inLanguage":"pt-BR","@id":"https:\/\/rioonwatch.org.br\/#\/schema\/person\/image\/","url":"https:\/\/secure.gravatar.com\/avatar\/56211ac74568383903349a1485e3c325?s=96&d=blank&r=g","contentUrl":"https:\/\/secure.gravatar.com\/avatar\/56211ac74568383903349a1485e3c325?s=96&d=blank&r=g","caption":"Admin"},"url":"https:\/\/rioonwatch.org.br\/?author=129"}]}},"_links":{"self":[{"href":"https:\/\/rioonwatch.org.br\/index.php?rest_route=\/wp\/v2\/posts\/24108"}],"collection":[{"href":"https:\/\/rioonwatch.org.br\/index.php?rest_route=\/wp\/v2\/posts"}],"about":[{"href":"https:\/\/rioonwatch.org.br\/index.php?rest_route=\/wp\/v2\/types\/post"}],"author":[{"embeddable":true,"href":"https:\/\/rioonwatch.org.br\/index.php?rest_route=\/wp\/v2\/users\/129"}],"replies":[{"embeddable":true,"href":"https:\/\/rioonwatch.org.br\/index.php?rest_route=%2Fwp%2Fv2%2Fcomments&post=24108"}],"version-history":[{"count":16,"href":"https:\/\/rioonwatch.org.br\/index.php?rest_route=\/wp\/v2\/posts\/24108\/revisions"}],"predecessor-version":[{"id":74302,"href":"https:\/\/rioonwatch.org.br\/index.php?rest_route=\/wp\/v2\/posts\/24108\/revisions\/74302"}],"wp:featuredmedia":[{"embeddable":true,"href":"https:\/\/rioonwatch.org.br\/index.php?rest_route=\/wp\/v2\/media\/24110"}],"wp:attachment":[{"href":"https:\/\/rioonwatch.org.br\/index.php?rest_route=%2Fwp%2Fv2%2Fmedia&parent=24108"}],"wp:term":[{"taxonomy":"category","embeddable":true,"href":"https:\/\/rioonwatch.org.br\/index.php?rest_route=%2Fwp%2Fv2%2Fcategories&post=24108"},{"taxonomy":"post_tag","embeddable":true,"href":"https:\/\/rioonwatch.org.br\/index.php?rest_route=%2Fwp%2Fv2%2Ftags&post=24108"},{"taxonomy":"writer","embeddable":true,"href":"https:\/\/rioonwatch.org.br\/index.php?rest_route=%2Fwp%2Fv2%2Fwriter&post=24108"},{"taxonomy":"translator","embeddable":true,"href":"https:\/\/rioonwatch.org.br\/index.php?rest_route=%2Fwp%2Fv2%2Ftranslator&post=24108"},{"taxonomy":"source","embeddable":true,"href":"https:\/\/rioonwatch.org.br\/index.php?rest_route=%2Fwp%2Fv2%2Fsource&post=24108"},{"taxonomy":"ilustrador","embeddable":true,"href":"https:\/\/rioonwatch.org.br\/index.php?rest_route=%2Fwp%2Fv2%2Filustrador&post=24108"},{"taxonomy":"fotografo","embeddable":true,"href":"https:\/\/rioonwatch.org.br\/index.php?rest_route=%2Fwp%2Fv2%2Ffotografo&post=24108"}],"curies":[{"name":"wp","href":"https:\/\/api.w.org\/{rel}","templated":true}]}}