{"id":24185,"date":"2017-01-24T10:26:24","date_gmt":"2017-01-24T13:26:24","guid":{"rendered":"http:\/\/rioonwatch.org.br\/?p=24185"},"modified":"2024-06-20T16:02:13","modified_gmt":"2024-06-20T19:02:13","slug":"cidades-radicais-pela-america-latina-em-busca-de-uma-nova-arquitetura-por-justin-mcguirk-resenha","status":"publish","type":"post","link":"https:\/\/rioonwatch.org.br\/?p=24185","title":{"rendered":"Cidades Radicais: Pela Am\u00e9rica Latina em Busca de uma Nova Arquitetura por Justin McGuirk [RESENHA]"},"content":{"rendered":"<p style=\"text-align: right;\"><em><strong><a href=\"http:\/\/bit.ly\/1pxUn5q\" target=\"_blank\" rel=\"noopener\">Click Here for English<img decoding=\"async\" width=\"20\" height=\"20\" class=\"alignright wp-image-15790\" src=\"http:\/\/rioonwatch.org.br\/wp-content\/uploads\/2012\/08\/EN-standard-e1439583104716.jpg\" alt=\"\" \/><\/a><\/strong><\/em><\/p>\n<p>No seu livro <a href=\"http:\/\/bit.ly\/2haBPP2\" target=\"_blank\" rel=\"noopener\"><em>Radical Cities: Across Latin America in Search of a New Architecture<\/em><\/a>\u00a0(<em>Cidades Radicais: Pela Am\u00e9rica Latina em Busca de uma Nova Arquitetura)<\/em>, o cr\u00edtico de arte <a href=\"http:\/\/bit.ly\/2i1FvRI\" target=\"_blank\" rel=\"noopener\">Justin McGuirk<\/a> leva os leitores por uma viagem atrav\u00e9s das paisagens f\u00edsicas e sociais da <a href=\"http:\/\/bit.ly\/1pTyJuz\" target=\"_blank\" rel=\"noopener\">Am\u00e9rica Latina urbana<\/a>, cruzando o continente, concentrando hist\u00f3rias excepcionais de inova\u00e7\u00e3o urbana.<\/p>\n<p>A percurso come\u00e7a em T\u00fapac Amaru, um conjunto habitacional na Argentina. McGuirk ent\u00e3o segue para o norte, analisando a interven\u00e7\u00e3o governamental e a habita\u00e7\u00e3o p\u00fablica em Lima, no Peru, e em Santiago, no Chile; favelas, informalidade e integra\u00e7\u00e3o urbana no Rio de Janeiro; e a pol\u00edtica local na famosa <a href=\"http:\/\/bit.ly\/2hUemkc\" target=\"_blank\" rel=\"noopener\">Torre David<\/a> em Caracas, Venezuela. Ele faz uma longa pausa na Col\u00f4mbia, celebrando relatos de revitaliza\u00e7\u00e3o urbana criativa em Bogot\u00e1 e Medell\u00edn. Por fim, os leitores ficam com o que McGuirk chama de \u2018equador pol\u00edtico\u2019, onde as log\u00edsticas dos espa\u00e7os metropolitanos transnacionais e os la\u00e7os ambientais entre as subdivis\u00f5es em San Diego, EUA, e\u00a0<a href=\"http:\/\/bit.ly\/1pTyJuz\" target=\"_blank\" rel=\"noopener\"><em>colonias<\/em><\/a> em Tijuana, M\u00e9xico, complicam um relacionamento que j\u00e1 \u00e9 tenso.<\/p>\n<p>Atrav\u00e9s desses relatos, McGuirk conta a hist\u00f3ria urbana contempor\u00e2nea da Am\u00e9rica Latina, ressaltando o distante movimento das utopias modernistas que foram implementadas\u00a0(muitas vezes sob o dom\u00ednio militar), o uso de\u00a0habita\u00e7\u00e3o social em massa como ferramenta para <a href=\"http:\/\/bit.ly\/X51Qvb\" target=\"_blank\" rel=\"noopener\">remo\u00e7\u00f5es e reassentamentos<\/a>, eventualmente dando espa\u00e7o \u00e0\u00a0um estilo mais sens\u00edvel de desenvolvimento urbano baseado no local, cunhado como &#8220;<a href=\"http:\/\/bit.ly\/2ibxtcx\" target=\"_blank\" rel=\"noopener\">acupuntura urbana<\/a>&#8220;. De fato, houve fatores econ\u00f4micos e pol\u00edticos que favoreceram esta mudan\u00e7a, incluindo o reconhecimento dos fracassos dos megaprojetos modernistas e da ado\u00e7\u00e3o do neoliberalismo. Em<em> Cidades Radicais<\/em>, McGuirk ressalta as contribui\u00e7\u00f5es dos indiv\u00edduos respons\u00e1veis por esta nova abordagem ao planejamento urbano, reconhecendo uma nova, por\u00e9m pequena gera\u00e7\u00e3o de arquitetos, mobilizadores\u00a0e pol\u00edticos que assumiram o papel de \u201cidealistas pragm\u00e1ticos\u201d. Para eles a compreens\u00e3o das <a href=\"http:\/\/bit.ly\/1uRzOcM\" target=\"_blank\" rel=\"noopener\">favelas como solu\u00e7\u00e3o<\/a>\u00a0\u00e9 o n\u00facleo do trabalho.<\/p>\n<p>Empiricamente, faz sentido abordar e adotar a informalidade ao inv\u00e9s de ignor\u00e1-la. Na Am\u00e9rica Latina extremamente urbanizada, um ter\u00e7o dos habitantes nas cidades moram em condi\u00e7\u00f5es informais. McGuirk complementa esta estat\u00edstica bem conhecida com outra: o fato que 85% das moradias em todo o mundo s\u00e3o constru\u00eddas ilegalmente. Isto faz com que os moradores de assentamentos informais sejam os principais desenvolvedores de espa\u00e7os urbanos, ditando o projeto e o uso de mais metros quadrados do que os arquitetos e os governos. Com isso em mente, McGuirk coloca duas perguntas: \u201cQuando aceitaremos o fato que as favelas n\u00e3o s\u00e3o um problema de urbanidade, mas a <a href=\"http:\/\/bit.ly\/2aegPFT\" target=\"_blank\" rel=\"noopener\">solu\u00e7\u00e3o<\/a>? E, quando aceitaremos que a favela \u00e9 a cidade?\u201d<\/p>\n<p><a href=\"http:\/\/rioonwatch.org.br\/wp-content\/uploads\/2016\/12\/06.jpg\"><img fetchpriority=\"high\" decoding=\"async\" class=\"aligncenter size-content wp-image-24189\" src=\"http:\/\/rioonwatch.org.br\/wp-content\/uploads\/2016\/12\/06-620x264.jpg\" alt=\"\" width=\"620\" height=\"264\" \/><\/a><\/p>\n<p>A hist\u00f3ria da Torre David na Venezuela \u00e9 certamente emblem\u00e1tica quanto a uni\u00e3o entre os assentamentos informais e a cidade. Trata-se de uma torre inacabada de 42 andares no centro de Caracas que inicialmente foi destinada a ser um im\u00f3vel comercial de alta categoria. Quando o construtor David Brillembourg faleceu e as finan\u00e7as minguaram, o pr\u00e9dio permaneceu inacabado e desocupado at\u00e9 que um grupo de indiv\u00edduos em Caracas ocupou o pr\u00e9dio em 2007 <a href=\"http:\/\/bit.ly\/1yup8m9\u00a0\">e revolucionou o seu uso<\/a>. Desde ent\u00e3o, cerca de tr\u00eas mil pessoas consideradaram a Torre David como seu lar. O\u00a0<a href=\"http:\/\/bit.ly\/1we5ypv\" target=\"_blank\" rel=\"noopener\">Urban Think Tank<\/a>\u00a0(Centro de Estudos Urbanos), um grupo de arquitetos da Venezuela, tem sido essencial na documenta\u00e7\u00e3o e exibi\u00e7\u00e3o do modelo singular&#8211;um arranha-c\u00e9u ocupado informalmente&#8211;e at\u00e9 apresentou o pr\u00e9dio na <a href=\"http:\/\/bit.ly\/1we5Aha\" target=\"_blank\" rel=\"noopener\">Bienal de Veneza em 2012<\/a>. Como muitos, McGuirk \u00e9 fascinado pelo pr\u00e9dio, referindo-se a ele como uma \u201cutopia pirata\u201d, onde os moradores <a href=\"http:\/\/bit.ly\/1yup8m9\" target=\"_blank\" rel=\"noopener\">superaram condi\u00e7\u00f5es imposs\u00edveis<\/a> para criar um lar e uma comunidade.<\/p>\n<p>\u00c9 interessante notar que no cap\u00edtulo sobre o Rio de Janeiro intitulado \u201cA Favela \u00e9 a Cidade\u201d, McGuirk n\u00e3o focaliza apenas um arquiteto ou projeto, mas relata as origens e a hist\u00f3ria das favelas no Rio, discutindo a ampla gama de pol\u00edticas e programas que tornaram a cidade um tipo de laborat\u00f3rio urbano vivo. Preocupado com a integra\u00e7\u00e3o da favela, McGuirk comenta os <a href=\"http:\/\/bit.ly\/1qvWRb2\" target=\"_blank\" rel=\"noopener\"><u>programas de pacifica\u00e7\u00e3o<\/u><\/a>, o\u00a0<a href=\"http:\/\/bit.ly\/XVcGa0\" target=\"_blank\" rel=\"noopener\"><u>Favela Bairro<\/u><\/a>, e a singular, por\u00e9m equivocada, tarefa de planejamento para <a href=\"http:\/\/bit.ly\/1uZ9w6o\" target=\"_blank\" rel=\"noopener\">megaeventos<\/a>.<\/p>\n<p>Enquanto certos projetos recentes no Rio poderiam ser caracterizados como acupuntura urbana, incorporando inova\u00e7\u00f5es novas e emergentes, McGuirk reconhece que as remo\u00e7\u00f5es e a produ\u00e7\u00e3o de moradias em massa, as velhas ferramentas dos neg\u00f3cios para \u201clidar com\u201d favelas, ainda s\u00e3o usadas no Brasil e em toda a Am\u00e9rica Latina. O ressurgimento de habita\u00e7\u00f5es sociais <a href=\"http:\/\/glo.bo\/10RimrL\" target=\"_blank\" rel=\"noopener\">distantes<\/a> produzidas em massa atrav\u00e9s do programa <a href=\"http:\/\/bit.ly\/Y4U9oJ\" target=\"_blank\" rel=\"noopener\">Minha Casa Minha Vida<\/a>, com mais de dois milh\u00f5es de unidades habitacionais constru\u00eddas desde 2009, representa a ant\u00edtese da sua proposta para a acupuntura urbana.<\/p>\n<p>A tens\u00e3o entre as abordagens de uma interven\u00e7\u00e3o governamental e a viabilidade de <a href=\"http:\/\/bit.ly\/1muQwLu\" target=\"_blank\" rel=\"noopener\">uma abordagem mais sens\u00edvel<\/a> foi extremamente vis\u00edvel na semana em que houve a divulga\u00e7\u00e3o da not\u00edcia de que o governo de Caracas come\u00e7ou <a href=\"http:\/\/bit.ly\/1lR1FX7\" target=\"_blank\" rel=\"noopener\">remover moradores da Torre David<\/a>. Em uma not\u00edcia ainda mais desesperadora, foi revelado que a estrutura seria demolida. As fam\u00edlias ser\u00e3o levadas para um novo projeto social habitacional a cerca de uma hora do centro da cidade.\u00a0Esta a\u00e7\u00e3o amea\u00e7a apagar a rica hist\u00f3ria social urbana que surgiu desde a ocupa\u00e7\u00e3o em 2007.\u00a0A ironia lament\u00e1vel \u00e9 que enquanto McGuirk explorava a poss\u00edvel reprodutibilidade de um modelo da Torre David a fim de desafiar o status quo do mercado no qual os pobres urbanos s\u00e3o empurrados para assentamentos espont\u00e2neos na periferia enquanto os pr\u00e9dios permanecem sem uso e vazios no centro da cidade, o governo e os construtores privados tinham outros planos.<\/p>\n<p><a href=\"http:\/\/rioonwatch.org.br\/wp-content\/uploads\/2016\/12\/05.jpg\"><img decoding=\"async\" class=\"aligncenter wp-image-24191 size-content\" title=\"Vista de dentro da Torre Confinanzas, Caracas, Venezuela. Foto: Justin McGuirk.\" src=\"http:\/\/rioonwatch.org.br\/wp-content\/uploads\/2016\/12\/05-620x264.jpg\" width=\"620\" height=\"264\" \/><\/a><\/p>\n<p>Apesar da celebra\u00e7\u00e3o de McGuirk do informal, a sua an\u00e1lise favorece a criatividade e o carisma dos arquitetos, pol\u00edticos e organizadores, que s\u00e3o celebrados por realizar grandes inova\u00e7\u00f5es com or\u00e7amentos pequenos\/menores, mais do que as a\u00e7\u00f5es discretas dos indiv\u00edduos respons\u00e1veis pela constru\u00e7\u00e3o da cidade informal. Desta forma, o autor corre o risco de minar a capacidade de adapta\u00e7\u00e3o dos moradores e das comunidades ao projetar e construir localmente. Na realidade, a natureza \u201cradical\u201d das cidades na Am\u00e9rica Latina ressaltada no livro reflete a reconceitua\u00e7\u00e3o da arquitetura para engajar-se diretamente com a informalidade usando poucos recursos, ao inv\u00e9s de um entendimento novo\/radical\u00a0 de quem ocupa ou tem algo a dizer sobre o nosso futuro urbano. No entanto, ele posiciona a experi\u00eancia urbana latino-americana como sendo relevante e exemplar em uma escala global. Segundo McGuirk: \u201caceitar a cidade informal como uma caracter\u00edstica inevit\u00e1vel da condi\u00e7\u00e3o urbana, e n\u00e3o como uma <a href=\"http:\/\/bit.ly\/1pwLbOA\" target=\"_blank\" rel=\"noopener\">cidade-\u00e0-espera<\/a>, \u00e9 a principal li\u00e7\u00e3o que esta gera\u00e7\u00e3o de arquitetos latino-americanos pode oferecer ao mundo\u201d.<\/p>\n<!-- AddThis Advanced Settings generic via filter on the_content --><!-- AddThis Share Buttons generic via filter on the_content -->","protected":false},"excerpt":{"rendered":"<div class=\"mh-excerpt\"><p>Click Here for English No seu livro Radical Cities: Across Latin America in Search of a New Architecture\u00a0(Cidades Radicais: Pela Am\u00e9rica Latina em Busca de uma Nova Arquitetura), o cr\u00edtico de arte Justin McGuirk leva <a class=\"mh-excerpt-more\" href=\"https:\/\/rioonwatch.org.br\/?p=24185\" title=\"Cidades Radicais: Pela Am\u00e9rica Latina em Busca de uma Nova Arquitetura por Justin McGuirk [RESENHA]\">[&#8230;]<\/a><!-- AddThis Advanced Settings generic via filter on get_the_excerpt --><!-- AddThis Share Buttons generic via filter on get_the_excerpt --><\/p>\n<\/div>","protected":false},"author":129,"featured_media":24413,"comment_status":"closed","ping_status":"closed","sticky":false,"template":"","format":"standard","meta":{"_acf_changed":false,"_monsterinsights_skip_tracking":false,"_monsterinsights_sitenote_active":false,"_monsterinsights_sitenote_note":"","_monsterinsights_sitenote_category":0,"footnotes":""},"categories":[1621,1632,1631,1626,345,1624,342],"tags":[1170,1050,1102,759,528,424,1096,1103,527,1317,1240,246,1037,2066,14,958,1347],"writer":[1280],"translator":[1875],"source":[],"ilustrador":[],"fotografo":[],"class_list":{"0":"post-24185","1":"post","2":"type-post","3":"status-publish","4":"format-standard","5":"has-post-thumbnail","7":"category-destaque","8":"category-pesquisa-e-analise","9":"category-entendendo-o-rio","10":"category-por-observadores-internacionais","11":"category-favela-e","12":"category-resenha","13":"category-solucoes","14":"tag-america-latina","15":"tag-arquitetura","16":"tag-arquitetura-da-favela","17":"tag-comparacao-internacional","18":"tag-design-da-favela","19":"tag-direito-a-moradia","20":"tag-favela-como-modelo-sustentavel","21":"tag-informalidade","22":"tag-inovacao","23":"tag-livro","24":"tag-megaeventos","25":"tag-minha-casa-minha-vida","26":"tag-moradia","27":"tag-peru","28":"tag-remocao","29":"tag-resenha-de-livro","30":"tag-solucao","31":"writer-sara-mctarnaghan","32":"translator-marina-hennies"},"acf":[],"yoast_head":"<!-- This site is optimized with the Yoast SEO plugin v25.6 - https:\/\/yoast.com\/wordpress\/plugins\/seo\/ -->\n<title>Cidades Radicais: Pela Am\u00e9rica Latina em Busca de uma Nova Arquitetura por Justin McGuirk [RESENHA] - RioOnWatch<\/title>\n<meta name=\"robots\" content=\"index, follow, max-snippet:-1, max-image-preview:large, max-video-preview:-1\" \/>\n<link rel=\"canonical\" href=\"https:\/\/rioonwatch.org.br\/?p=24185\" \/>\n<meta property=\"og:locale\" content=\"pt_BR\" \/>\n<meta property=\"og:type\" content=\"article\" \/>\n<meta property=\"og:title\" content=\"Cidades Radicais: Pela Am\u00e9rica Latina em Busca de uma Nova Arquitetura por Justin McGuirk [RESENHA] - RioOnWatch\" \/>\n<meta property=\"og:description\" content=\"Click Here for English No seu livro Radical Cities: Across Latin America in Search of a New Architecture\u00a0(Cidades Radicais: Pela Am\u00e9rica Latina em Busca de uma Nova Arquitetura), o cr\u00edtico de arte Justin McGuirk leva [...]\" \/>\n<meta property=\"og:url\" content=\"https:\/\/rioonwatch.org.br\/?p=24185\" \/>\n<meta property=\"og:site_name\" content=\"RioOnWatch\" \/>\n<meta property=\"article:published_time\" content=\"2017-01-24T13:26:24+00:00\" \/>\n<meta property=\"article:modified_time\" content=\"2024-06-20T19:02:13+00:00\" \/>\n<meta property=\"og:image\" content=\"https:\/\/rioonwatch.org.br\/wp-content\/uploads\/2017\/01\/radical-cities.jpg\" \/>\n\t<meta property=\"og:image:width\" content=\"620\" \/>\n\t<meta property=\"og:image:height\" content=\"264\" \/>\n\t<meta property=\"og:image:type\" content=\"image\/jpeg\" \/>\n<meta name=\"author\" content=\"Admin\" \/>\n<meta name=\"twitter:card\" content=\"summary_large_image\" \/>\n<meta name=\"twitter:label1\" content=\"Escrito por\" \/>\n\t<meta name=\"twitter:data1\" content=\"Admin\" \/>\n\t<meta name=\"twitter:label2\" content=\"Est. tempo de leitura\" \/>\n\t<meta name=\"twitter:data2\" content=\"6 minutos\" \/>\n<script type=\"application\/ld+json\" class=\"yoast-schema-graph\">{\"@context\":\"https:\/\/schema.org\",\"@graph\":[{\"@type\":\"Article\",\"@id\":\"https:\/\/rioonwatch.org.br\/?p=24185#article\",\"isPartOf\":{\"@id\":\"https:\/\/rioonwatch.org.br\/?p=24185\"},\"author\":{\"name\":\"Admin\",\"@id\":\"https:\/\/rioonwatch.org.br\/#\/schema\/person\/11d64c290506f9df50c71b850c473f68\"},\"headline\":\"Cidades Radicais: Pela Am\u00e9rica Latina em Busca de uma Nova Arquitetura por Justin McGuirk [RESENHA]\",\"datePublished\":\"2017-01-24T13:26:24+00:00\",\"dateModified\":\"2024-06-20T19:02:13+00:00\",\"mainEntityOfPage\":{\"@id\":\"https:\/\/rioonwatch.org.br\/?p=24185\"},\"wordCount\":1189,\"publisher\":{\"@id\":\"https:\/\/rioonwatch.org.br\/#organization\"},\"image\":{\"@id\":\"https:\/\/rioonwatch.org.br\/?p=24185#primaryimage\"},\"thumbnailUrl\":\"https:\/\/rioonwatch.org.br\/wp-content\/uploads\/2017\/01\/radical-cities.jpg\",\"keywords\":[\"Am\u00e9rica Latina\",\"arquitetura\",\"arquitetura da favela\",\"compara\u00e7\u00e3o internacional\",\"design da favela\",\"Direito \u00e0 Moradia\",\"Favela Como Modelo Sustent\u00e1vel\",\"informalidade\",\"inova\u00e7\u00e3o\",\"livro\",\"Megaeventos\",\"Minha Casa Minha Vida\",\"moradia\",\"Peru\",\"Remo\u00e7\u00e3o\",\"resenha de livro\",\"solu\u00e7\u00e3o\"],\"articleSection\":[\"*Destaque\",\"Dados e Pesquisa\",\"Entendendo o Rio\",\"Escrito por Aliados\",\"Favela \u00e9\",\"Resenhas\",\"Solu\u00e7\u00f5es\"],\"inLanguage\":\"pt-BR\"},{\"@type\":\"WebPage\",\"@id\":\"https:\/\/rioonwatch.org.br\/?p=24185\",\"url\":\"https:\/\/rioonwatch.org.br\/?p=24185\",\"name\":\"Cidades Radicais: Pela Am\u00e9rica Latina em Busca de uma Nova Arquitetura por Justin McGuirk [RESENHA] - RioOnWatch\",\"isPartOf\":{\"@id\":\"https:\/\/rioonwatch.org.br\/#website\"},\"primaryImageOfPage\":{\"@id\":\"https:\/\/rioonwatch.org.br\/?p=24185#primaryimage\"},\"image\":{\"@id\":\"https:\/\/rioonwatch.org.br\/?p=24185#primaryimage\"},\"thumbnailUrl\":\"https:\/\/rioonwatch.org.br\/wp-content\/uploads\/2017\/01\/radical-cities.jpg\",\"datePublished\":\"2017-01-24T13:26:24+00:00\",\"dateModified\":\"2024-06-20T19:02:13+00:00\",\"breadcrumb\":{\"@id\":\"https:\/\/rioonwatch.org.br\/?p=24185#breadcrumb\"},\"inLanguage\":\"pt-BR\",\"potentialAction\":[{\"@type\":\"ReadAction\",\"target\":[\"https:\/\/rioonwatch.org.br\/?p=24185\"]}]},{\"@type\":\"ImageObject\",\"inLanguage\":\"pt-BR\",\"@id\":\"https:\/\/rioonwatch.org.br\/?p=24185#primaryimage\",\"url\":\"https:\/\/rioonwatch.org.br\/wp-content\/uploads\/2017\/01\/radical-cities.jpg\",\"contentUrl\":\"https:\/\/rioonwatch.org.br\/wp-content\/uploads\/2017\/01\/radical-cities.jpg\",\"width\":620,\"height\":264},{\"@type\":\"BreadcrumbList\",\"@id\":\"https:\/\/rioonwatch.org.br\/?p=24185#breadcrumb\",\"itemListElement\":[{\"@type\":\"ListItem\",\"position\":1,\"name\":\"In\u00edcio\",\"item\":\"https:\/\/rioonwatch.org.br\/\"},{\"@type\":\"ListItem\",\"position\":2,\"name\":\"Cidades Radicais: Pela Am\u00e9rica Latina em Busca de uma Nova Arquitetura por Justin McGuirk [RESENHA]\"}]},{\"@type\":\"WebSite\",\"@id\":\"https:\/\/rioonwatch.org.br\/#website\",\"url\":\"https:\/\/rioonwatch.org.br\/\",\"name\":\"RioOnWatch\",\"description\":\"relatos das favelas cariocas\",\"publisher\":{\"@id\":\"https:\/\/rioonwatch.org.br\/#organization\"},\"potentialAction\":[{\"@type\":\"SearchAction\",\"target\":{\"@type\":\"EntryPoint\",\"urlTemplate\":\"https:\/\/rioonwatch.org.br\/?s={search_term_string}\"},\"query-input\":{\"@type\":\"PropertyValueSpecification\",\"valueRequired\":true,\"valueName\":\"search_term_string\"}}],\"inLanguage\":\"pt-BR\"},{\"@type\":\"Organization\",\"@id\":\"https:\/\/rioonwatch.org.br\/#organization\",\"name\":\"RioOnWatch\",\"url\":\"https:\/\/rioonwatch.org.br\/\",\"logo\":{\"@type\":\"ImageObject\",\"inLanguage\":\"pt-BR\",\"@id\":\"https:\/\/rioonwatch.org.br\/#\/schema\/logo\/image\/\",\"url\":\"https:\/\/rioonwatch.org.br\/wp-content\/uploads\/2021\/06\/RioOnWatchcabecalhoPT11anos-2.png\",\"contentUrl\":\"https:\/\/rioonwatch.org.br\/wp-content\/uploads\/2021\/06\/RioOnWatchcabecalhoPT11anos-2.png\",\"width\":779,\"height\":277,\"caption\":\"RioOnWatch\"},\"image\":{\"@id\":\"https:\/\/rioonwatch.org.br\/#\/schema\/logo\/image\/\"}},{\"@type\":\"Person\",\"@id\":\"https:\/\/rioonwatch.org.br\/#\/schema\/person\/11d64c290506f9df50c71b850c473f68\",\"name\":\"Admin\",\"image\":{\"@type\":\"ImageObject\",\"inLanguage\":\"pt-BR\",\"@id\":\"https:\/\/rioonwatch.org.br\/#\/schema\/person\/image\/\",\"url\":\"https:\/\/secure.gravatar.com\/avatar\/56211ac74568383903349a1485e3c325?s=96&d=blank&r=g\",\"contentUrl\":\"https:\/\/secure.gravatar.com\/avatar\/56211ac74568383903349a1485e3c325?s=96&d=blank&r=g\",\"caption\":\"Admin\"},\"url\":\"https:\/\/rioonwatch.org.br\/?author=129\"}]}<\/script>\n<!-- \/ Yoast SEO plugin. -->","yoast_head_json":{"title":"Cidades Radicais: Pela Am\u00e9rica Latina em Busca de uma Nova Arquitetura por Justin McGuirk [RESENHA] - RioOnWatch","robots":{"index":"index","follow":"follow","max-snippet":"max-snippet:-1","max-image-preview":"max-image-preview:large","max-video-preview":"max-video-preview:-1"},"canonical":"https:\/\/rioonwatch.org.br\/?p=24185","og_locale":"pt_BR","og_type":"article","og_title":"Cidades Radicais: Pela Am\u00e9rica Latina em Busca de uma Nova Arquitetura por Justin McGuirk [RESENHA] - RioOnWatch","og_description":"Click Here for English No seu livro Radical Cities: Across Latin America in Search of a New Architecture\u00a0(Cidades Radicais: Pela Am\u00e9rica Latina em Busca de uma Nova Arquitetura), o cr\u00edtico de arte Justin McGuirk leva [...]","og_url":"https:\/\/rioonwatch.org.br\/?p=24185","og_site_name":"RioOnWatch","article_published_time":"2017-01-24T13:26:24+00:00","article_modified_time":"2024-06-20T19:02:13+00:00","og_image":[{"width":620,"height":264,"url":"https:\/\/rioonwatch.org.br\/wp-content\/uploads\/2017\/01\/radical-cities.jpg","type":"image\/jpeg"}],"author":"Admin","twitter_card":"summary_large_image","twitter_misc":{"Escrito por":"Admin","Est. tempo de leitura":"6 minutos"},"schema":{"@context":"https:\/\/schema.org","@graph":[{"@type":"Article","@id":"https:\/\/rioonwatch.org.br\/?p=24185#article","isPartOf":{"@id":"https:\/\/rioonwatch.org.br\/?p=24185"},"author":{"name":"Admin","@id":"https:\/\/rioonwatch.org.br\/#\/schema\/person\/11d64c290506f9df50c71b850c473f68"},"headline":"Cidades Radicais: Pela Am\u00e9rica Latina em Busca de uma Nova Arquitetura por Justin McGuirk [RESENHA]","datePublished":"2017-01-24T13:26:24+00:00","dateModified":"2024-06-20T19:02:13+00:00","mainEntityOfPage":{"@id":"https:\/\/rioonwatch.org.br\/?p=24185"},"wordCount":1189,"publisher":{"@id":"https:\/\/rioonwatch.org.br\/#organization"},"image":{"@id":"https:\/\/rioonwatch.org.br\/?p=24185#primaryimage"},"thumbnailUrl":"https:\/\/rioonwatch.org.br\/wp-content\/uploads\/2017\/01\/radical-cities.jpg","keywords":["Am\u00e9rica Latina","arquitetura","arquitetura da favela","compara\u00e7\u00e3o internacional","design da favela","Direito \u00e0 Moradia","Favela Como Modelo Sustent\u00e1vel","informalidade","inova\u00e7\u00e3o","livro","Megaeventos","Minha Casa Minha Vida","moradia","Peru","Remo\u00e7\u00e3o","resenha de livro","solu\u00e7\u00e3o"],"articleSection":["*Destaque","Dados e Pesquisa","Entendendo o Rio","Escrito por Aliados","Favela \u00e9","Resenhas","Solu\u00e7\u00f5es"],"inLanguage":"pt-BR"},{"@type":"WebPage","@id":"https:\/\/rioonwatch.org.br\/?p=24185","url":"https:\/\/rioonwatch.org.br\/?p=24185","name":"Cidades Radicais: Pela Am\u00e9rica Latina em Busca de uma Nova Arquitetura por Justin McGuirk [RESENHA] - RioOnWatch","isPartOf":{"@id":"https:\/\/rioonwatch.org.br\/#website"},"primaryImageOfPage":{"@id":"https:\/\/rioonwatch.org.br\/?p=24185#primaryimage"},"image":{"@id":"https:\/\/rioonwatch.org.br\/?p=24185#primaryimage"},"thumbnailUrl":"https:\/\/rioonwatch.org.br\/wp-content\/uploads\/2017\/01\/radical-cities.jpg","datePublished":"2017-01-24T13:26:24+00:00","dateModified":"2024-06-20T19:02:13+00:00","breadcrumb":{"@id":"https:\/\/rioonwatch.org.br\/?p=24185#breadcrumb"},"inLanguage":"pt-BR","potentialAction":[{"@type":"ReadAction","target":["https:\/\/rioonwatch.org.br\/?p=24185"]}]},{"@type":"ImageObject","inLanguage":"pt-BR","@id":"https:\/\/rioonwatch.org.br\/?p=24185#primaryimage","url":"https:\/\/rioonwatch.org.br\/wp-content\/uploads\/2017\/01\/radical-cities.jpg","contentUrl":"https:\/\/rioonwatch.org.br\/wp-content\/uploads\/2017\/01\/radical-cities.jpg","width":620,"height":264},{"@type":"BreadcrumbList","@id":"https:\/\/rioonwatch.org.br\/?p=24185#breadcrumb","itemListElement":[{"@type":"ListItem","position":1,"name":"In\u00edcio","item":"https:\/\/rioonwatch.org.br\/"},{"@type":"ListItem","position":2,"name":"Cidades Radicais: Pela Am\u00e9rica Latina em Busca de uma Nova Arquitetura por Justin McGuirk [RESENHA]"}]},{"@type":"WebSite","@id":"https:\/\/rioonwatch.org.br\/#website","url":"https:\/\/rioonwatch.org.br\/","name":"RioOnWatch","description":"relatos das favelas cariocas","publisher":{"@id":"https:\/\/rioonwatch.org.br\/#organization"},"potentialAction":[{"@type":"SearchAction","target":{"@type":"EntryPoint","urlTemplate":"https:\/\/rioonwatch.org.br\/?s={search_term_string}"},"query-input":{"@type":"PropertyValueSpecification","valueRequired":true,"valueName":"search_term_string"}}],"inLanguage":"pt-BR"},{"@type":"Organization","@id":"https:\/\/rioonwatch.org.br\/#organization","name":"RioOnWatch","url":"https:\/\/rioonwatch.org.br\/","logo":{"@type":"ImageObject","inLanguage":"pt-BR","@id":"https:\/\/rioonwatch.org.br\/#\/schema\/logo\/image\/","url":"https:\/\/rioonwatch.org.br\/wp-content\/uploads\/2021\/06\/RioOnWatchcabecalhoPT11anos-2.png","contentUrl":"https:\/\/rioonwatch.org.br\/wp-content\/uploads\/2021\/06\/RioOnWatchcabecalhoPT11anos-2.png","width":779,"height":277,"caption":"RioOnWatch"},"image":{"@id":"https:\/\/rioonwatch.org.br\/#\/schema\/logo\/image\/"}},{"@type":"Person","@id":"https:\/\/rioonwatch.org.br\/#\/schema\/person\/11d64c290506f9df50c71b850c473f68","name":"Admin","image":{"@type":"ImageObject","inLanguage":"pt-BR","@id":"https:\/\/rioonwatch.org.br\/#\/schema\/person\/image\/","url":"https:\/\/secure.gravatar.com\/avatar\/56211ac74568383903349a1485e3c325?s=96&d=blank&r=g","contentUrl":"https:\/\/secure.gravatar.com\/avatar\/56211ac74568383903349a1485e3c325?s=96&d=blank&r=g","caption":"Admin"},"url":"https:\/\/rioonwatch.org.br\/?author=129"}]}},"_links":{"self":[{"href":"https:\/\/rioonwatch.org.br\/index.php?rest_route=\/wp\/v2\/posts\/24185"}],"collection":[{"href":"https:\/\/rioonwatch.org.br\/index.php?rest_route=\/wp\/v2\/posts"}],"about":[{"href":"https:\/\/rioonwatch.org.br\/index.php?rest_route=\/wp\/v2\/types\/post"}],"author":[{"embeddable":true,"href":"https:\/\/rioonwatch.org.br\/index.php?rest_route=\/wp\/v2\/users\/129"}],"replies":[{"embeddable":true,"href":"https:\/\/rioonwatch.org.br\/index.php?rest_route=%2Fwp%2Fv2%2Fcomments&post=24185"}],"version-history":[{"count":12,"href":"https:\/\/rioonwatch.org.br\/index.php?rest_route=\/wp\/v2\/posts\/24185\/revisions"}],"predecessor-version":[{"id":39577,"href":"https:\/\/rioonwatch.org.br\/index.php?rest_route=\/wp\/v2\/posts\/24185\/revisions\/39577"}],"wp:featuredmedia":[{"embeddable":true,"href":"https:\/\/rioonwatch.org.br\/index.php?rest_route=\/wp\/v2\/media\/24413"}],"wp:attachment":[{"href":"https:\/\/rioonwatch.org.br\/index.php?rest_route=%2Fwp%2Fv2%2Fmedia&parent=24185"}],"wp:term":[{"taxonomy":"category","embeddable":true,"href":"https:\/\/rioonwatch.org.br\/index.php?rest_route=%2Fwp%2Fv2%2Fcategories&post=24185"},{"taxonomy":"post_tag","embeddable":true,"href":"https:\/\/rioonwatch.org.br\/index.php?rest_route=%2Fwp%2Fv2%2Ftags&post=24185"},{"taxonomy":"writer","embeddable":true,"href":"https:\/\/rioonwatch.org.br\/index.php?rest_route=%2Fwp%2Fv2%2Fwriter&post=24185"},{"taxonomy":"translator","embeddable":true,"href":"https:\/\/rioonwatch.org.br\/index.php?rest_route=%2Fwp%2Fv2%2Ftranslator&post=24185"},{"taxonomy":"source","embeddable":true,"href":"https:\/\/rioonwatch.org.br\/index.php?rest_route=%2Fwp%2Fv2%2Fsource&post=24185"},{"taxonomy":"ilustrador","embeddable":true,"href":"https:\/\/rioonwatch.org.br\/index.php?rest_route=%2Fwp%2Fv2%2Filustrador&post=24185"},{"taxonomy":"fotografo","embeddable":true,"href":"https:\/\/rioonwatch.org.br\/index.php?rest_route=%2Fwp%2Fv2%2Ffotografo&post=24185"}],"curies":[{"name":"wp","href":"https:\/\/api.w.org\/{rel}","templated":true}]}}