{"id":24330,"date":"2016-12-30T05:30:26","date_gmt":"2016-12-30T08:30:26","guid":{"rendered":"http:\/\/rioonwatch.org.br\/?p=24330"},"modified":"2021-10-29T16:00:10","modified_gmt":"2021-10-29T19:00:10","slug":"reinventividade-da-favela-e-celebrada-durante-12o-circulando-no-alemao","status":"publish","type":"post","link":"https:\/\/rioonwatch.org.br\/?p=24330","title":{"rendered":"&#8216;Reinventividade&#8217; da Favela \u00e9 Celebrada Durante 12\u00ba Circulando no Alem\u00e3o"},"content":{"rendered":"<p style=\"text-align: right;\"><em><strong><a href=\"http:\/\/bit.ly\/2hZJWyO\" target=\"_blank\" rel=\"noopener\">Click Here for English<img decoding=\"async\" width=\"20\" height=\"20\" class=\"alignright wp-image-15790\" src=\"http:\/\/rioonwatch.org.br\/wp-content\/uploads\/2012\/08\/EN-standard-e1439583104716.jpg\" alt=\"\" \/><\/a><\/strong><\/em><\/p>\n<p>No s\u00e1bado, 10 de dezembro, o\u00a0<a href=\"http:\/\/bit.ly\/2dvJNmU\" target=\"_blank\" rel=\"noopener\">Instituto Ra\u00edzes em Movimento<\/a>, organiza\u00e7\u00e3o comunit\u00e1ria do <a href=\"http:\/\/bit.ly\/U0MiGm\" target=\"_blank\" rel=\"noopener\">Complexo do Alem\u00e3o<\/a>, celebrou a 12\u00aa edi\u00e7\u00e3o anual do evento <a href=\"http:\/\/bit.ly\/2hl0mmf\" target=\"_blank\" rel=\"noopener\">Circulando: Di\u00e1logo e Comunica\u00e7\u00e3o na Favela<\/a>. O evento ocupou a rua em frente \u00e0 sede do\u00a0<a href=\"http:\/\/bit.ly\/GUXh5D\" target=\"_blank\" rel=\"noopener\">Ra\u00edzes<\/a>, no <a href=\"http:\/\/bit.ly\/2iiW26H\" target=\"_blank\" rel=\"noopener\">Morro do Alem\u00e3o<\/a>, e contou com batalhas de MCs, duelos po\u00e9ticos, espet\u00e1culo teatral e grafitagem, al\u00e9m de oficinas de est\u00eancil e pintura para crian\u00e7as e jovens. V\u00e1rios eventos simult\u00e2neos incentivaram os participantes a circular pelo espa\u00e7o, gerando um forte sentimento de sociabilidade e vivacidade.<\/p>\n<p><a href=\"http:\/\/www.rioonwatch.org\/wp-content\/uploads\/2016\/12\/DSC_0639.jpg\"><img fetchpriority=\"high\" decoding=\"async\" class=\"aligncenter wp-image-34456 size-large\" title=\"Sede do Raizes em Movimento\" src=\"http:\/\/www.rioonwatch.org\/wp-content\/uploads\/2016\/12\/DSC_0639-1024x681.jpg\" alt=\"Sede do Raizes em Movimento\" width=\"620\" height=\"412\" \/><\/a><\/p>\n<p>Este ano, o tema do evento foi a \u201creinventividade\u201d, uma celebra\u00e7\u00e3o das <a href=\"http:\/\/bit.ly\/2gZopFE\" target=\"_blank\" rel=\"noopener\">solu\u00e7\u00f5es criativas, engenhosas e sustent\u00e1veis<\/a> criadas a partir dos desafios e potenciais dentro das comunidades em todo o Rio de Janeiro. O evento destaca as diversas express\u00f5es culturais e art\u00edsticas das favelas que representam <a href=\"http:\/\/bit.ly\/1piRAgk\" target=\"_blank\" rel=\"noopener\">resist\u00eancia<\/a> e transforma\u00e7\u00e3o, e tamb\u00e9m pretende atuar como uma ponte para colabora\u00e7\u00e3o e troca entre jovens, artistas e comunidades. <a href=\"http:\/\/bit.ly\/2a2Cjo6\" target=\"_blank\" rel=\"noopener\">Alam Brum Pinheiro<\/a> \u00e9 o fundador do <a href=\"http:\/\/bit.ly\/1Q5CbmV\" target=\"_blank\" rel=\"noopener\">Instituto Ra\u00edzes em Movimento<\/a> e fala sobre a inspira\u00e7\u00e3o para o tema deste ano:<\/p>\n<blockquote><p>\u201cA pr\u00f3pria favela, \u00e9 ela que se vira, ela que se reconstr\u00f3i, ela que busca caminhos poss\u00edveis. \u00c9 ela que se reinventa. Ent\u00e3o essa \u00e9 a id\u00e9ia de &#8216;reinventividade&#8217;&#8211;que \u00e9 a capacidade, a resili\u00eancia de reestruturar a partir da falta, \u00e0 partir da nega\u00e7\u00e3o, \u00e0 partir do n\u00e3o que a sociedade imp\u00f5e\u00a0em diversos aspectos, seja ele direto, f\u00edsico ou simb\u00f3lico. Sempre \u00e9 uma nega\u00e7\u00e3o. Mas dessa nega\u00e7\u00e3o, a favela n\u00e3o desiste\u00a0nunca, n\u00e3o se resigna nunca, e tem a facilidade sempre de se reinventar\u2026 A gente quer homenagear essas capacidades.\u201d<\/p><\/blockquote>\n<p><a href=\"http:\/\/www.rioonwatch.org\/wp-content\/uploads\/2016\/12\/CIR_8647-2.jpg\"><img decoding=\"async\" class=\"aligncenter wp-image-34462 size-content\" title=\"Exposi\u00e7\u00e3o de graffiti\" src=\"http:\/\/www.rioonwatch.org\/wp-content\/uploads\/2016\/12\/CIR_8647-2-620x264.jpg\" alt=\"Exposi\u00e7\u00e3o de graffiti\" width=\"620\" height=\"264\" \/><\/a><\/p>\n<p>2016 marca o 15\u00ba anivers\u00e1rio do\u00a0<a href=\"http:\/\/bit.ly\/2a2Cjo6\" target=\"_blank\" rel=\"noopener\">Instituto de Ra\u00edzes em Movimento<\/a>, uma organiza\u00e7\u00e3o fundada por moradores do Complexo do Alem\u00e3o na Zona Norte do Rio de Janeiro. \u00c9 uma organiza\u00e7\u00e3o de direitos humanos sem fins lucrativos dedicada ao desenvolvimento social e cultural, realiza\u00e7\u00e3o de debates p\u00fablicos, eventos culturais, semin\u00e1rios e cursos nas \u00e1reas de m\u00eddia, pol\u00edticas p\u00fablicas, sustentabilidade e artes.<\/p>\n<p>O evento come\u00e7ou com a apresenta\u00e7\u00e3o ao vivo do bloco de carnaval D\u2019Aguas, seguido pela apresenta\u00e7\u00e3o do grupo teatral\u00a0<a href=\"http:\/\/bit.ly\/2i3uFxv\" target=\"_blank\" rel=\"noopener\">Teatro da Laje<\/a>,\u00a0da <a href=\"http:\/\/bit.ly\/1mNtUEw\" target=\"_blank\" rel=\"noopener\">Vila Cruzeiro<\/a>. O grupo fez uma apresenta\u00e7\u00e3o \u00fanica de\u00a0um trecho de sua nova pe\u00e7a, \u201cPosso Falar?\u201d, que relata as dificuldades e conquistas da juventude da favela nas escolas p\u00fablicas e foi baseada nas experi\u00eancias pessoais dos jovens atores.<\/p>\n<p><a href=\"http:\/\/www.rioonwatch.org\/wp-content\/uploads\/2016\/12\/IMG_9226.jpg\"><img loading=\"lazy\" decoding=\"async\" class=\"aligncenter wp-image-34460 size-content\" title=\"Ensaio do Teatro na Laje\" src=\"http:\/\/www.rioonwatch.org\/wp-content\/uploads\/2016\/12\/IMG_9226-620x264.jpg\" alt=\"Ensaio do Teatro na Laje\" width=\"620\" height=\"264\" \/><\/a><\/p>\n<p>O evento tamb\u00e9m contou com duas exibi\u00e7\u00f5es de arte. A primeira, chamada \u201cEssa \u00e9 minha classe\u201d, exibiu o trabalho de um coletivo de artistas de graffiti do Complexo do Alem\u00e3o. A segunda foi uma s\u00e9rie de fotografias e um minidocument\u00e1rio que apresenta o projeto FavelAldeia, uma iniciativa encabe\u00e7ada pelo Ra\u00edzes para criar um interc\u00e2mbio cultural entre os moradores do Complexo do Alem\u00e3o e a comunidade ind\u00edgena Tupinamb\u00e1 em Ilh\u00e9us, Bahia. Em abril de 2016, v\u00e1rios moradores do Alem\u00e3o, incluindo grafiteiros, funkeiros, fot\u00f3grafos e a juventude envolvida em produ\u00e7\u00e3o audiovisual, viajaram a Ilh\u00e9us para assistir e participar da terceira edi\u00e7\u00e3o anual dos Jogos Ind\u00edgenas. Em contrapartida, dois membros da comunidade Tupinamb\u00e1 viajaram ao Complexo do Alem\u00e3o para participar do evento de s\u00e1bado.<\/p>\n<p><iframe src=\"https:\/\/www.youtube.com\/embed\/v6rV9mmkpDY\" width=\"620\" height=\"349\" frameborder=\"0\" allowfullscreen=\"allowfullscreen\"><\/iframe><\/p>\n<blockquote><p>\u201cCada vez mais temos entendido que a opress\u00e3o sist\u00eamica ela n\u00e3o \u00e9 uma exclusividade da favela, ela \u00e9 uma permanente opress\u00e3o sist\u00eamica sobre as periferias, entendendo periferias como as \u00e1reas mais pobres, as \u00e1reas mais perif\u00e9ricas, os p\u00f3los tradicionais, ind\u00edgenas, quilombolas, de estar fora da esfera que domina os processos da nossa sociedade. E sistematicamente s\u00e3o negadas diretos, s\u00e3o negadas a possibilidade e dignidade de vida&#8230; Todos esses espa\u00e7os t\u00eam lutas muito parecidas&#8230; Nossas lutas s\u00e3o as mesmas&#8221;, explica Alan.<\/p><\/blockquote>\n<p><img loading=\"lazy\" decoding=\"async\" class=\"wp-image-34461 size-medium alignright\" src=\"http:\/\/www.rioonwatch.org\/wp-content\/uploads\/2016\/12\/IMG_9706-300x200-300x200.jpg\" width=\"300\" height=\"200\" \/><\/p>\n<p>Representantes da campanha\u00a0<a href=\"http:\/\/bit.ly\/28vWKiY\" target=\"_blank\" rel=\"noopener\">Defezap<\/a> tamb\u00e9m participaram do evento e organizaram um estande para os participantes, cujo objetivo era ouvir relatos de moradores da favela recontando experi\u00eancias pessoais de viol\u00eancia praticada pelo Estado. O\u00a0<a href=\"http:\/\/bit.ly\/2eo2c5N\" target=\"_blank\" rel=\"noopener\">Defezap<\/a> \u00e9 parte de um movimento de <a href=\"http:\/\/bit.ly\/2g278dh\" target=\"_blank\" rel=\"noopener\">ferramentas e aplicativos online<\/a> que os moradores da favela usam para relatar incidentes de viol\u00eancia do Estado e enviar v\u00eddeos.\u00a0Tamb\u00e9m \u00e9 um canal para que os cidad\u00e3os possam se informar sobre seus direitos e agir adequadamente em situa\u00e7\u00f5es de injusti\u00e7a cometidas pela pol\u00edcia. A campanha foi implementada pelo grupo <a href=\"http:\/\/bit.ly\/1Cnk4wx\" target=\"_blank\" rel=\"noopener\">Meu Rio<\/a> devido ao grande compartilhamento nas redes sociais de v\u00eddeos mostrando a brutalidade policial nas favelas. Ao inv\u00e9s de criar novos meios de coletar informa\u00e7\u00f5es, a campanha escolheu atuar pelos meios de comunica\u00e7\u00e3o j\u00e1 existentes nas favelas, criando um n\u00famero de WhatsApp e um website. Isso permite que os moradores compartilhem facilmente evid\u00eancias importantes da viol\u00eancia do Estado. A mais recente vit\u00f3ria deles foi em <a href=\"http:\/\/bit.ly\/10BzE4e\" target=\"_blank\" rel=\"noopener\">Cidade de Deus<\/a>. Durante uma recente ocupa\u00e7\u00e3o policial, foi emitido um mandato coletivo permitindo que a pol\u00edcia realizasse buscas domiciliares. V\u00e1rios abusos de direitos foram registrados durante estas invas\u00f5es domiciliares e enviados \u00e0 Defezap. Com a ajuda da <a href=\"http:\/\/bit.ly\/1kcl02n\" target=\"_blank\" rel=\"noopener\">Defensoria P\u00fablica<\/a>, a comunidade conseguiu revogar com sucesso este mandato coletivo.<\/p>\n<p><img loading=\"lazy\" decoding=\"async\" class=\"wp-image-34459 size-medium alignright\" src=\"http:\/\/www.rioonwatch.org\/wp-content\/uploads\/2016\/12\/DSC_0652-300x199.jpg\" width=\"300\" height=\"199\" \/><\/p>\n<p>A dupla de com\u00e9dia <em>stand-up<\/em> da Cidade de Deus\u00a0<a href=\"http:\/\/bit.ly\/2ivWRtH\" target=\"_blank\" rel=\"noopener\">Magano and Sonata<\/a> se apresentou e foi\u00a0acompanhada pelo grupo de samba \u201cSom de Preta\u201d, um grupo musical formado somente por mulheres negras. A signific\u00e2ncia de um evento como o Circulando \u00e9 particularmente importante devido \u00e0 pr\u00e1tica cont\u00ednua das <a href=\"http:\/\/bit.ly\/R5ueio\" target=\"_blank\" rel=\"noopener\">Unidades de Pol\u00edcia Pacificadora<\/a> de limitar os eventos culturais nas favelas. Devido ao longo hist\u00f3rico na favela, o Ra\u00edzes felizmente n\u00e3o encontrou nenhum impedimento pela pol\u00edcia para realizar o evento. No entanto, v\u00e1rios outros membros e grupos da comunidade que tentam ocupar a rua da mesma maneira s\u00e3o impedidos. Na mesma semana do evento, o\u00a0<a href=\"http:\/\/bit.ly\/1CLd514\" target=\"_blank\" rel=\"noopener\">Coletivo Papo Reto<\/a> relatou que a pol\u00edcia estava impedindo um grupo de pagode no Alem\u00e3o de se apresentar na comunidade. \u00c9 como Alan explica:<\/p>\n<blockquote><p>&#8220;Voc\u00ea n\u00e3o pode exigir os mesmos deveres aqui como para a cidade [formal] se aqui foram negados direitos durante d\u00e9cadas. Fazer um evento numa pra\u00e7a p\u00fablica na Zona Sul, com toda a licen\u00e7a necess\u00e1ria hoje, \u00e9 a mesma coisa que a burocracia que eles usam como forma de negar o direto de express\u00e3o e direito de usar a rua [na favela]. A rua na favela \u00e9 um lugar de excel\u00eancia, a rua na favela \u00e9 um lugar de sociabilidade, \u00e9 lugar de conviver, \u00e9 lugar de se tocar, de morar, \u00e9 lugar de se relacionar. Na cidade formal, com raras exce\u00e7\u00f5es, a rua \u00e9 um espa\u00e7o de mobilidade. Na favela tem outro significado. Os espa\u00e7os foram constru\u00eddos a partir da resili\u00eancia e da reinventividade, e foram constru\u00eddos exatamente pela falta do poder publico. A gente tinha que recriar.&#8221;<\/p><\/blockquote>\n<p>O evento Circulando e o tema da \u201creinventividade\u201d demonstram novamente o potencial das favelas e a capacidade de cria\u00e7\u00e3o frente \u00e0 adversidade e recursos limitados.<\/p>\n<!-- AddThis Advanced Settings generic via filter on the_content --><!-- AddThis Share Buttons generic via filter on the_content -->","protected":false},"excerpt":{"rendered":"<div class=\"mh-excerpt\"><p>Click Here for English No s\u00e1bado, 10 de dezembro, o\u00a0Instituto Ra\u00edzes em Movimento, organiza\u00e7\u00e3o comunit\u00e1ria do Complexo do Alem\u00e3o, celebrou a 12\u00aa edi\u00e7\u00e3o anual do evento Circulando: Di\u00e1logo e Comunica\u00e7\u00e3o na Favela. O evento ocupou <a class=\"mh-excerpt-more\" href=\"https:\/\/rioonwatch.org.br\/?p=24330\" title=\"&#8216;Reinventividade&#8217; da Favela \u00e9 Celebrada Durante 12\u00ba Circulando no Alem\u00e3o\">[&#8230;]<\/a><!-- AddThis Advanced Settings generic via filter on get_the_excerpt --><!-- AddThis Share Buttons generic via filter on get_the_excerpt --><\/p>\n<\/div>","protected":false},"author":3,"featured_media":24337,"comment_status":"closed","ping_status":"closed","sticky":false,"template":"","format":"standard","meta":{"_acf_changed":false,"_monsterinsights_skip_tracking":false,"_monsterinsights_sitenote_active":false,"_monsterinsights_sitenote_note":"","_monsterinsights_sitenote_category":0,"footnotes":""},"categories":[1621,1627,1615,1626,1616,1612,342],"tags":[1818,554,217,1808,90,811,1811,1418,1299,1183,936,1517,1966,432,650,335,1001,218],"writer":[1997],"translator":[1948],"source":[],"ilustrador":[],"fotografo":[],"class_list":{"0":"post-24330","1":"post","2":"type-post","3":"status-publish","4":"format-standard","5":"has-post-thumbnail","7":"category-destaque","8":"category-relato-de-evento","9":"category-cultura-da-favela","10":"category-por-observadores-internacionais","11":"category-qualidades-da-favela","12":"category-sociedade-civil","13":"category-solucoes","14":"tag-aplicativo","15":"tag-cidade-de-deus","16":"tag-complexo-do-alemao","17":"tag-criatividade","18":"tag-defensoria-publica","19":"tag-espaco-publico","20":"tag-gambiarra","21":"tag-coletivo-papo-reto","22":"tag-meu-rio","23":"tag-morro-do-alemao","24":"tag-raca","25":"tag-raizes-em-movimento","26":"tag-resiliencia","27":"tag-resistencia","28":"tag-samba","29":"tag-teatro","30":"tag-vila-cruzeiro","31":"tag-zona-norte","32":"writer-nour-el-youssef","33":"translator-larissa-troitino"},"acf":[],"yoast_head":"<!-- This site is optimized with the Yoast SEO plugin v25.6 - https:\/\/yoast.com\/wordpress\/plugins\/seo\/ -->\n<title>&#039;Reinventividade&#039; da Favela \u00e9 Celebrada Durante 12\u00ba Circulando no Alem\u00e3o - RioOnWatch<\/title>\n<meta name=\"robots\" content=\"index, follow, max-snippet:-1, max-image-preview:large, max-video-preview:-1\" \/>\n<link rel=\"canonical\" href=\"https:\/\/rioonwatch.org.br\/?p=24330\" \/>\n<meta property=\"og:locale\" content=\"pt_BR\" \/>\n<meta property=\"og:type\" content=\"article\" \/>\n<meta property=\"og:title\" content=\"&#039;Reinventividade&#039; da Favela \u00e9 Celebrada Durante 12\u00ba Circulando no Alem\u00e3o - RioOnWatch\" \/>\n<meta property=\"og:description\" content=\"Click Here for English No s\u00e1bado, 10 de dezembro, o\u00a0Instituto Ra\u00edzes em Movimento, organiza\u00e7\u00e3o comunit\u00e1ria do Complexo do Alem\u00e3o, celebrou a 12\u00aa edi\u00e7\u00e3o anual do evento Circulando: Di\u00e1logo e Comunica\u00e7\u00e3o na Favela. O evento ocupou [...]\" \/>\n<meta property=\"og:url\" content=\"https:\/\/rioonwatch.org.br\/?p=24330\" \/>\n<meta property=\"og:site_name\" content=\"RioOnWatch\" \/>\n<meta property=\"article:published_time\" content=\"2016-12-30T08:30:26+00:00\" \/>\n<meta property=\"article:modified_time\" content=\"2021-10-29T19:00:10+00:00\" \/>\n<meta property=\"og:image\" content=\"https:\/\/rioonwatch.org.br\/wp-content\/uploads\/2016\/12\/Circulando-scaled.jpg\" \/>\n\t<meta property=\"og:image:width\" content=\"2560\" \/>\n\t<meta property=\"og:image:height\" content=\"1696\" \/>\n\t<meta property=\"og:image:type\" content=\"image\/jpeg\" \/>\n<meta name=\"author\" content=\"Admin\" \/>\n<meta name=\"twitter:card\" content=\"summary_large_image\" \/>\n<meta name=\"twitter:label1\" content=\"Escrito por\" \/>\n\t<meta name=\"twitter:data1\" content=\"Admin\" \/>\n\t<meta name=\"twitter:label2\" content=\"Est. tempo de leitura\" \/>\n\t<meta name=\"twitter:data2\" content=\"6 minutos\" \/>\n<script type=\"application\/ld+json\" class=\"yoast-schema-graph\">{\"@context\":\"https:\/\/schema.org\",\"@graph\":[{\"@type\":\"Article\",\"@id\":\"https:\/\/rioonwatch.org.br\/?p=24330#article\",\"isPartOf\":{\"@id\":\"https:\/\/rioonwatch.org.br\/?p=24330\"},\"author\":{\"name\":\"Admin\",\"@id\":\"https:\/\/rioonwatch.org.br\/#\/schema\/person\/c6c09a0b56b38f0157a45b963ef3f269\"},\"headline\":\"&#8216;Reinventividade&#8217; da Favela \u00e9 Celebrada Durante 12\u00ba Circulando no Alem\u00e3o\",\"datePublished\":\"2016-12-30T08:30:26+00:00\",\"dateModified\":\"2021-10-29T19:00:10+00:00\",\"mainEntityOfPage\":{\"@id\":\"https:\/\/rioonwatch.org.br\/?p=24330\"},\"wordCount\":1208,\"publisher\":{\"@id\":\"https:\/\/rioonwatch.org.br\/#organization\"},\"image\":{\"@id\":\"https:\/\/rioonwatch.org.br\/?p=24330#primaryimage\"},\"thumbnailUrl\":\"https:\/\/rioonwatch.org.br\/wp-content\/uploads\/2016\/12\/Circulando-scaled.jpg\",\"keywords\":[\"aplicativo\",\"Cidade de Deus\",\"Complexo do Alem\u00e3o\",\"criatividade\",\"Defensoria P\u00fablica\",\"espa\u00e7o p\u00fablico\",\"gambiarra\",\"Instituto Papo Reto\",\"Meu Rio\",\"Morro do Alem\u00e3o\",\"ra\u00e7a\",\"Ra\u00edzes em Movimento\",\"resili\u00eancia\",\"resist\u00eancia\",\"samba\",\"teatro\",\"Vila Cruzeiro\",\"Zona Norte\"],\"articleSection\":[\"*Destaque\",\"Cobertura de Eventos\",\"Cultura da Favela\",\"Escrito por Aliados\",\"Qualidades da Favela\",\"Sociedade Civil\",\"Solu\u00e7\u00f5es\"],\"inLanguage\":\"pt-BR\"},{\"@type\":\"WebPage\",\"@id\":\"https:\/\/rioonwatch.org.br\/?p=24330\",\"url\":\"https:\/\/rioonwatch.org.br\/?p=24330\",\"name\":\"'Reinventividade' da Favela \u00e9 Celebrada Durante 12\u00ba Circulando no Alem\u00e3o - RioOnWatch\",\"isPartOf\":{\"@id\":\"https:\/\/rioonwatch.org.br\/#website\"},\"primaryImageOfPage\":{\"@id\":\"https:\/\/rioonwatch.org.br\/?p=24330#primaryimage\"},\"image\":{\"@id\":\"https:\/\/rioonwatch.org.br\/?p=24330#primaryimage\"},\"thumbnailUrl\":\"https:\/\/rioonwatch.org.br\/wp-content\/uploads\/2016\/12\/Circulando-scaled.jpg\",\"datePublished\":\"2016-12-30T08:30:26+00:00\",\"dateModified\":\"2021-10-29T19:00:10+00:00\",\"breadcrumb\":{\"@id\":\"https:\/\/rioonwatch.org.br\/?p=24330#breadcrumb\"},\"inLanguage\":\"pt-BR\",\"potentialAction\":[{\"@type\":\"ReadAction\",\"target\":[\"https:\/\/rioonwatch.org.br\/?p=24330\"]}]},{\"@type\":\"ImageObject\",\"inLanguage\":\"pt-BR\",\"@id\":\"https:\/\/rioonwatch.org.br\/?p=24330#primaryimage\",\"url\":\"https:\/\/rioonwatch.org.br\/wp-content\/uploads\/2016\/12\/Circulando-scaled.jpg\",\"contentUrl\":\"https:\/\/rioonwatch.org.br\/wp-content\/uploads\/2016\/12\/Circulando-scaled.jpg\",\"width\":2560,\"height\":1696,\"caption\":\"Circulando\"},{\"@type\":\"BreadcrumbList\",\"@id\":\"https:\/\/rioonwatch.org.br\/?p=24330#breadcrumb\",\"itemListElement\":[{\"@type\":\"ListItem\",\"position\":1,\"name\":\"In\u00edcio\",\"item\":\"https:\/\/rioonwatch.org.br\/\"},{\"@type\":\"ListItem\",\"position\":2,\"name\":\"&#8216;Reinventividade&#8217; da Favela \u00e9 Celebrada Durante 12\u00ba Circulando no Alem\u00e3o\"}]},{\"@type\":\"WebSite\",\"@id\":\"https:\/\/rioonwatch.org.br\/#website\",\"url\":\"https:\/\/rioonwatch.org.br\/\",\"name\":\"RioOnWatch\",\"description\":\"relatos das favelas cariocas\",\"publisher\":{\"@id\":\"https:\/\/rioonwatch.org.br\/#organization\"},\"potentialAction\":[{\"@type\":\"SearchAction\",\"target\":{\"@type\":\"EntryPoint\",\"urlTemplate\":\"https:\/\/rioonwatch.org.br\/?s={search_term_string}\"},\"query-input\":{\"@type\":\"PropertyValueSpecification\",\"valueRequired\":true,\"valueName\":\"search_term_string\"}}],\"inLanguage\":\"pt-BR\"},{\"@type\":\"Organization\",\"@id\":\"https:\/\/rioonwatch.org.br\/#organization\",\"name\":\"RioOnWatch\",\"url\":\"https:\/\/rioonwatch.org.br\/\",\"logo\":{\"@type\":\"ImageObject\",\"inLanguage\":\"pt-BR\",\"@id\":\"https:\/\/rioonwatch.org.br\/#\/schema\/logo\/image\/\",\"url\":\"https:\/\/rioonwatch.org.br\/wp-content\/uploads\/2021\/06\/RioOnWatchcabecalhoPT11anos-2.png\",\"contentUrl\":\"https:\/\/rioonwatch.org.br\/wp-content\/uploads\/2021\/06\/RioOnWatchcabecalhoPT11anos-2.png\",\"width\":779,\"height\":277,\"caption\":\"RioOnWatch\"},\"image\":{\"@id\":\"https:\/\/rioonwatch.org.br\/#\/schema\/logo\/image\/\"}},{\"@type\":\"Person\",\"@id\":\"https:\/\/rioonwatch.org.br\/#\/schema\/person\/c6c09a0b56b38f0157a45b963ef3f269\",\"name\":\"Admin\",\"image\":{\"@type\":\"ImageObject\",\"inLanguage\":\"pt-BR\",\"@id\":\"https:\/\/rioonwatch.org.br\/#\/schema\/person\/image\/\",\"url\":\"https:\/\/secure.gravatar.com\/avatar\/da45c89efd4810dc70c16a5da3419806?s=96&d=blank&r=g\",\"contentUrl\":\"https:\/\/secure.gravatar.com\/avatar\/da45c89efd4810dc70c16a5da3419806?s=96&d=blank&r=g\",\"caption\":\"Admin\"},\"url\":\"https:\/\/rioonwatch.org.br\/?author=3\"}]}<\/script>\n<!-- \/ Yoast SEO plugin. -->","yoast_head_json":{"title":"'Reinventividade' da Favela \u00e9 Celebrada Durante 12\u00ba Circulando no Alem\u00e3o - RioOnWatch","robots":{"index":"index","follow":"follow","max-snippet":"max-snippet:-1","max-image-preview":"max-image-preview:large","max-video-preview":"max-video-preview:-1"},"canonical":"https:\/\/rioonwatch.org.br\/?p=24330","og_locale":"pt_BR","og_type":"article","og_title":"'Reinventividade' da Favela \u00e9 Celebrada Durante 12\u00ba Circulando no Alem\u00e3o - RioOnWatch","og_description":"Click Here for English No s\u00e1bado, 10 de dezembro, o\u00a0Instituto Ra\u00edzes em Movimento, organiza\u00e7\u00e3o comunit\u00e1ria do Complexo do Alem\u00e3o, celebrou a 12\u00aa edi\u00e7\u00e3o anual do evento Circulando: Di\u00e1logo e Comunica\u00e7\u00e3o na Favela. O evento ocupou [...]","og_url":"https:\/\/rioonwatch.org.br\/?p=24330","og_site_name":"RioOnWatch","article_published_time":"2016-12-30T08:30:26+00:00","article_modified_time":"2021-10-29T19:00:10+00:00","og_image":[{"width":2560,"height":1696,"url":"https:\/\/rioonwatch.org.br\/wp-content\/uploads\/2016\/12\/Circulando-scaled.jpg","type":"image\/jpeg"}],"author":"Admin","twitter_card":"summary_large_image","twitter_misc":{"Escrito por":"Admin","Est. tempo de leitura":"6 minutos"},"schema":{"@context":"https:\/\/schema.org","@graph":[{"@type":"Article","@id":"https:\/\/rioonwatch.org.br\/?p=24330#article","isPartOf":{"@id":"https:\/\/rioonwatch.org.br\/?p=24330"},"author":{"name":"Admin","@id":"https:\/\/rioonwatch.org.br\/#\/schema\/person\/c6c09a0b56b38f0157a45b963ef3f269"},"headline":"&#8216;Reinventividade&#8217; da Favela \u00e9 Celebrada Durante 12\u00ba Circulando no Alem\u00e3o","datePublished":"2016-12-30T08:30:26+00:00","dateModified":"2021-10-29T19:00:10+00:00","mainEntityOfPage":{"@id":"https:\/\/rioonwatch.org.br\/?p=24330"},"wordCount":1208,"publisher":{"@id":"https:\/\/rioonwatch.org.br\/#organization"},"image":{"@id":"https:\/\/rioonwatch.org.br\/?p=24330#primaryimage"},"thumbnailUrl":"https:\/\/rioonwatch.org.br\/wp-content\/uploads\/2016\/12\/Circulando-scaled.jpg","keywords":["aplicativo","Cidade de Deus","Complexo do Alem\u00e3o","criatividade","Defensoria P\u00fablica","espa\u00e7o p\u00fablico","gambiarra","Instituto Papo Reto","Meu Rio","Morro do Alem\u00e3o","ra\u00e7a","Ra\u00edzes em Movimento","resili\u00eancia","resist\u00eancia","samba","teatro","Vila Cruzeiro","Zona Norte"],"articleSection":["*Destaque","Cobertura de Eventos","Cultura da Favela","Escrito por Aliados","Qualidades da Favela","Sociedade Civil","Solu\u00e7\u00f5es"],"inLanguage":"pt-BR"},{"@type":"WebPage","@id":"https:\/\/rioonwatch.org.br\/?p=24330","url":"https:\/\/rioonwatch.org.br\/?p=24330","name":"'Reinventividade' da Favela \u00e9 Celebrada Durante 12\u00ba Circulando no Alem\u00e3o - RioOnWatch","isPartOf":{"@id":"https:\/\/rioonwatch.org.br\/#website"},"primaryImageOfPage":{"@id":"https:\/\/rioonwatch.org.br\/?p=24330#primaryimage"},"image":{"@id":"https:\/\/rioonwatch.org.br\/?p=24330#primaryimage"},"thumbnailUrl":"https:\/\/rioonwatch.org.br\/wp-content\/uploads\/2016\/12\/Circulando-scaled.jpg","datePublished":"2016-12-30T08:30:26+00:00","dateModified":"2021-10-29T19:00:10+00:00","breadcrumb":{"@id":"https:\/\/rioonwatch.org.br\/?p=24330#breadcrumb"},"inLanguage":"pt-BR","potentialAction":[{"@type":"ReadAction","target":["https:\/\/rioonwatch.org.br\/?p=24330"]}]},{"@type":"ImageObject","inLanguage":"pt-BR","@id":"https:\/\/rioonwatch.org.br\/?p=24330#primaryimage","url":"https:\/\/rioonwatch.org.br\/wp-content\/uploads\/2016\/12\/Circulando-scaled.jpg","contentUrl":"https:\/\/rioonwatch.org.br\/wp-content\/uploads\/2016\/12\/Circulando-scaled.jpg","width":2560,"height":1696,"caption":"Circulando"},{"@type":"BreadcrumbList","@id":"https:\/\/rioonwatch.org.br\/?p=24330#breadcrumb","itemListElement":[{"@type":"ListItem","position":1,"name":"In\u00edcio","item":"https:\/\/rioonwatch.org.br\/"},{"@type":"ListItem","position":2,"name":"&#8216;Reinventividade&#8217; da Favela \u00e9 Celebrada Durante 12\u00ba Circulando no Alem\u00e3o"}]},{"@type":"WebSite","@id":"https:\/\/rioonwatch.org.br\/#website","url":"https:\/\/rioonwatch.org.br\/","name":"RioOnWatch","description":"relatos das favelas cariocas","publisher":{"@id":"https:\/\/rioonwatch.org.br\/#organization"},"potentialAction":[{"@type":"SearchAction","target":{"@type":"EntryPoint","urlTemplate":"https:\/\/rioonwatch.org.br\/?s={search_term_string}"},"query-input":{"@type":"PropertyValueSpecification","valueRequired":true,"valueName":"search_term_string"}}],"inLanguage":"pt-BR"},{"@type":"Organization","@id":"https:\/\/rioonwatch.org.br\/#organization","name":"RioOnWatch","url":"https:\/\/rioonwatch.org.br\/","logo":{"@type":"ImageObject","inLanguage":"pt-BR","@id":"https:\/\/rioonwatch.org.br\/#\/schema\/logo\/image\/","url":"https:\/\/rioonwatch.org.br\/wp-content\/uploads\/2021\/06\/RioOnWatchcabecalhoPT11anos-2.png","contentUrl":"https:\/\/rioonwatch.org.br\/wp-content\/uploads\/2021\/06\/RioOnWatchcabecalhoPT11anos-2.png","width":779,"height":277,"caption":"RioOnWatch"},"image":{"@id":"https:\/\/rioonwatch.org.br\/#\/schema\/logo\/image\/"}},{"@type":"Person","@id":"https:\/\/rioonwatch.org.br\/#\/schema\/person\/c6c09a0b56b38f0157a45b963ef3f269","name":"Admin","image":{"@type":"ImageObject","inLanguage":"pt-BR","@id":"https:\/\/rioonwatch.org.br\/#\/schema\/person\/image\/","url":"https:\/\/secure.gravatar.com\/avatar\/da45c89efd4810dc70c16a5da3419806?s=96&d=blank&r=g","contentUrl":"https:\/\/secure.gravatar.com\/avatar\/da45c89efd4810dc70c16a5da3419806?s=96&d=blank&r=g","caption":"Admin"},"url":"https:\/\/rioonwatch.org.br\/?author=3"}]}},"_links":{"self":[{"href":"https:\/\/rioonwatch.org.br\/index.php?rest_route=\/wp\/v2\/posts\/24330"}],"collection":[{"href":"https:\/\/rioonwatch.org.br\/index.php?rest_route=\/wp\/v2\/posts"}],"about":[{"href":"https:\/\/rioonwatch.org.br\/index.php?rest_route=\/wp\/v2\/types\/post"}],"author":[{"embeddable":true,"href":"https:\/\/rioonwatch.org.br\/index.php?rest_route=\/wp\/v2\/users\/3"}],"replies":[{"embeddable":true,"href":"https:\/\/rioonwatch.org.br\/index.php?rest_route=%2Fwp%2Fv2%2Fcomments&post=24330"}],"version-history":[{"count":12,"href":"https:\/\/rioonwatch.org.br\/index.php?rest_route=\/wp\/v2\/posts\/24330\/revisions"}],"predecessor-version":[{"id":59113,"href":"https:\/\/rioonwatch.org.br\/index.php?rest_route=\/wp\/v2\/posts\/24330\/revisions\/59113"}],"wp:featuredmedia":[{"embeddable":true,"href":"https:\/\/rioonwatch.org.br\/index.php?rest_route=\/wp\/v2\/media\/24337"}],"wp:attachment":[{"href":"https:\/\/rioonwatch.org.br\/index.php?rest_route=%2Fwp%2Fv2%2Fmedia&parent=24330"}],"wp:term":[{"taxonomy":"category","embeddable":true,"href":"https:\/\/rioonwatch.org.br\/index.php?rest_route=%2Fwp%2Fv2%2Fcategories&post=24330"},{"taxonomy":"post_tag","embeddable":true,"href":"https:\/\/rioonwatch.org.br\/index.php?rest_route=%2Fwp%2Fv2%2Ftags&post=24330"},{"taxonomy":"writer","embeddable":true,"href":"https:\/\/rioonwatch.org.br\/index.php?rest_route=%2Fwp%2Fv2%2Fwriter&post=24330"},{"taxonomy":"translator","embeddable":true,"href":"https:\/\/rioonwatch.org.br\/index.php?rest_route=%2Fwp%2Fv2%2Ftranslator&post=24330"},{"taxonomy":"source","embeddable":true,"href":"https:\/\/rioonwatch.org.br\/index.php?rest_route=%2Fwp%2Fv2%2Fsource&post=24330"},{"taxonomy":"ilustrador","embeddable":true,"href":"https:\/\/rioonwatch.org.br\/index.php?rest_route=%2Fwp%2Fv2%2Filustrador&post=24330"},{"taxonomy":"fotografo","embeddable":true,"href":"https:\/\/rioonwatch.org.br\/index.php?rest_route=%2Fwp%2Fv2%2Ffotografo&post=24330"}],"curies":[{"name":"wp","href":"https:\/\/api.w.org\/{rel}","templated":true}]}}