{"id":24377,"date":"2017-01-31T10:52:36","date_gmt":"2017-01-31T13:52:36","guid":{"rendered":"http:\/\/rioonwatch.org.br\/?p=24377"},"modified":"2023-05-09T09:57:11","modified_gmt":"2023-05-09T12:57:11","slug":"licoes-das-favelas-cariocas-para-a-politica-habitacional-parte-5-propondo-solucoes","status":"publish","type":"post","link":"https:\/\/rioonwatch.org.br\/?p=24377","title":{"rendered":"Li\u00e7\u00f5es das Favelas Cariocas para a Pol\u00edtica Habitacional Parte 5: Propondo Solu\u00e7\u00f5es"},"content":{"rendered":"<p style=\"text-align: right;\"><em><strong><a href=\"http:\/\/bit.ly\/2j59bRM\" target=\"_blank\" rel=\"noopener\">Click Here for English<img decoding=\"async\" width=\"20\" height=\"20\" class=\"alignright wp-image-15790\" src=\"http:\/\/rioonwatch.org.br\/wp-content\/uploads\/2012\/08\/EN-standard-e1439583104716.jpg\" alt=\"\" \/><\/a><\/strong><\/em><\/p>\n<p><em>Esta \u00e9 a quinta\u00a0mat\u00e9ria de uma s\u00e9rie de cinco intitulada <a href=\"http:\/\/bit.ly\/2gaD8hG\" target=\"_blank\" rel=\"noopener\">Li\u00e7\u00f5es das Favelas Cariocas\u00a0para a Pol\u00edtica Habitacional<\/a>. Esperamos que essa s\u00e9rie apoie\u00a0debates sobre habita\u00e7\u00e3o e urbaniza\u00e7\u00e3o nas favelas, e que o novo prefeito, Marcelo Crivella, crie pol\u00edticas voltadas aos desafios que as favelas enfrentam, enquanto reconhecendo e fortalecendo seus atributos positivos, atrav\u00e9s do engajamento\u00a0ativo dos moradores na cria\u00e7\u00e3o e implementa\u00e7\u00e3o de tais pol\u00edticas.<\/em><\/p>\n<h3>Li\u00e7\u00e3o 10: Solu\u00e7\u00f5es para pol\u00edticas habitacionais devem ser inspiradas pelas favelas<\/h3>\n<p>Atrav\u00e9s da compreens\u00e3o das necessidades e experi\u00eancias das favelas, \u00e9 poss\u00edvel encontrar <a href=\"http:\/\/bit.ly\/2aegPFT\" target=\"_blank\" rel=\"noopener\">solu\u00e7\u00f5es<\/a> para a pol\u00edtica habitacional\u00a0com base nas experi\u00eancias vividas por essas comunidades, ao inv\u00e9s de impor solu\u00e7\u00f5es de cima para baixo, que inevitavelmente falham devido \u00e0 falta de fundamenta\u00e7\u00e3o na vida e necessidades reais dos moradores. Este artigo final da <a href=\"http:\/\/bit.ly\/2gaD8hG\" target=\"_blank\" rel=\"noopener\">s\u00e9rie<\/a> descreve id\u00e9ias de pol\u00edticas que emergiram de di\u00e1logos com os moradores em mais de 15 comunidades e institui\u00e7\u00f5es acad\u00eamicas em todo o Rio. Eles representam uma fra\u00e7\u00e3o da multid\u00e3o de id\u00e9ias que podem emergir de ouvir as vozes daqueles que experimentam impactos de pol\u00edtica (ou a falta de pol\u00edticas) em uma base di\u00e1ria.<\/p>\n<h4>1. Fornecer assist\u00eancia t\u00e9cnica, materiais de constru\u00e7\u00e3o e empr\u00e9stimos a favelas \u00e0 medida que constru\u00edrem suas casas<\/h4>\n<p>Uma dificuldade\u00a0comum entre os moradores de favelas nas encostas \u00e9\u00a0o desafio de subir com\u00a0materiais de constru\u00e7\u00e3o em\u00a0morros \u00edngremes. Outros se queixaram de sua falta inicial de conhecimentos t\u00e9cnicos que os levou a reconstruir suas casas mais de uma vez, enquanto aprenderam fazendo. Em todas as favelas, ouve-se hist\u00f3rias de quantos anos, muitas vezes gera\u00e7\u00f5es, demorou para construir e reconstruir uma casa para deix\u00e1-la como est\u00e1 agora. Os moradores <a href=\"http:\/\/bit.ly\/29QMo7N\" target=\"_blank\" rel=\"noopener\">que tiveram sucesso<\/a> falam desta experi\u00eancia com enorme orgulho, enquanto <a href=\"http:\/\/bit.ly\/ZWBsGX\" target=\"_blank\" rel=\"noopener\">aqueles que lutam durante d\u00e9cadas<\/a> e\u00a0n\u00e3o conseguem melhorar dramaticamente suas condi\u00e7\u00f5es de vida podem <a href=\"http:\/\/bit.ly\/2htZqfz\" target=\"_blank\" rel=\"noopener\">sofrer infinitamente<\/a>.<\/p>\n<p>Enquanto uma parte de apoiar comunidades deve ser implementando par\u00e2metros que evitem constru\u00e7\u00f5es inseguras e constru\u00e7\u00e3o em prec\u00e1rias &#8220;<a href=\"http:\/\/bit.ly\/184DRpn\" target=\"_blank\" rel=\"noopener\">\u00e1reas de risco<\/a>&#8220;, esse risco \u00e9 geralmente <a href=\"http:\/\/bit.ly\/RiscoFavelas\" target=\"_blank\" rel=\"noopener\">exagerado no Rio<\/a>. Em vez disso, nas favelas consolidadas, onde as comunidades se tornaram estabelecidas com\u00a0<a href=\"http:\/\/bit.ly\/2d30Pnn\" target=\"_blank\" rel=\"noopener\">qualidades desenvolvidas<\/a> e bens valiosos constru\u00eddos, o foco da pol\u00edtica deve ser o fornecimento de suporte t\u00e9cnico, materiais de constru\u00e7\u00e3o e empr\u00e9stimos para permitir que os moradores completem suas casas e as elevem ao padr\u00e3o. Na d\u00e9cada de 1960, um programa municipal <a href=\"http:\/\/bit.ly\/VV4Ddn\" target=\"_blank\" rel=\"noopener\">forneceu assist\u00eancia t\u00e9cnica e materiais<\/a> aos moradores que constru\u00edram suas pr\u00f3prias casas. Mais recentemente, os sub-financiados e marginalizados <a href=\"http:\/\/bit.ly\/1iB5BXF\" target=\"_blank\" rel=\"noopener\">POUSOs<\/a>, ou Postos de Orienta\u00e7\u00e3o Urban\u00edstica e Social, foram uma pol\u00edtica relativamente popular que forneceu apoio t\u00e9cnico.<\/p>\n<p>Moradores\u00a0de favelas do Rio tamb\u00e9m t\u00eam <a href=\"http:\/\/bit.ly\/11VK5mX\" target=\"_blank\" rel=\"noopener\">dificuldade em acessar cr\u00e9dito<\/a> para construir ou melhorar as suas casas. Deve ser considerada a implementa\u00e7\u00e3o de uma pol\u00edtica de presta\u00e7\u00e3o de pequenos empr\u00e9stimos a juros baixos a moradores\u00a0que desejam investir em casas, e um canal simplificado para comprar materiais de constru\u00e7\u00e3o baratos ou materiais subsidiados. Isso pode ser feito criando contratos com lojas de materiais locais, por exemplo.<\/p>\n<blockquote><p>&#8220;Eu acho que deve haver um programa do governo para ajudar com engenharia e constru\u00e7\u00e3o, porque cada casa que vai ser constru\u00edda <a href=\"http:\/\/bit.ly\/2jqgljX\" target=\"_blank\" rel=\"noopener\">precisa do b\u00e1sico<\/a>. Voc\u00ea tem que ter um profissional ajudando a fazer isso.&#8221; &#8211; <a href=\"http:\/\/bit.ly\/1CkhQ4E\" target=\"_blank\" rel=\"noopener\">Cabritos<\/a>, Zona Sul<\/p><\/blockquote>\n<blockquote><p>&#8220;\u00c0s vezes a cidade vem aqui com ajuda t\u00e9cnica e o morador tem o olho mais especializado. Voc\u00ea tem que ter esta parceria de institui\u00e7\u00f5es. A equipe que fez a Rio+Social [antes de ser desmantelada] foi sensacional. Eles fizeram realmente um bom trabalho que documentou todas as necessidades aqui. Funcionou muito bem porque o engenheiro fazia\u00a0parte de muitas institui\u00e7\u00f5es. Eles tiveram encontros com as pessoas para avaliar as necessidades.&#8221; &#8211; <a href=\"http:\/\/bit.ly\/10BzE4e\" target=\"_blank\" rel=\"noopener\">Cidade de Deus<\/a>, Zona Oeste<\/p><\/blockquote>\n<h4><a href=\"http:\/\/rioonwatch.org.br\/wp-content\/uploads\/2017\/01\/Praca.jpg\"><img fetchpriority=\"high\" decoding=\"async\" class=\"aligncenter size-content wp-image-24443\" src=\"http:\/\/rioonwatch.org.br\/wp-content\/uploads\/2017\/01\/Praca-620x264.jpg\" alt=\"\" width=\"620\" height=\"264\" \/><\/a><\/h4>\n<h4>2. Aprender com programas eficazes de alta participa\u00e7\u00e3o, inclusive controlado <em>por<\/em> moradores, como o Minha Casa Minha Vida-Entidades<\/h4>\n<p>As novas pol\u00edticas habitacionais\u00a0do Rio de Janeiro devem especificar e garantir mecanismos de ampla <a href=\"http:\/\/bit.ly\/14P8gmB\" target=\"_blank\" rel=\"noopener\">participa\u00e7\u00e3o<\/a>. A inspira\u00e7\u00e3o pode\u00a0ser retirada dos <a href=\"http:\/\/bit.ly\/1AjNYXW\" target=\"_blank\" rel=\"noopener\">projetos habitacionais auto-constru\u00eddos<\/a> associados com o programa <a href=\"http:\/\/bit.ly\/1xV2uDB\" target=\"_blank\" rel=\"noopener\">Minha Casa Minha Vida-Entidades<\/a> (MCMV-En), um dos <a href=\"http:\/\/bit.ly\/2hgLPnX\" target=\"_blank\" rel=\"noopener\">poucos exemplos at\u00e9 o momento<\/a> no Rio de Janeiro de <a href=\"http:\/\/bit.ly\/EscadaParticipacao\" target=\"_blank\" rel=\"noopener\">controle total do cidad\u00e3o sobre o processo<\/a> de planejamento de sua moradia p\u00fablica.<\/p>\n<blockquote><p>&#8220;O governo da cidade do Rio \u00e9 muito fechado \u00e0 participa\u00e7\u00e3o. Ele, no m\u00ednimo, tem que instalar e atualizar os conselhos de bairro em toda a cidade. Nenhuma interven\u00e7\u00e3o urbana pode ser implementada sem a participa\u00e7\u00e3o efetiva das comunidades. Isto \u00e9 consagrado no Estatuto da Cidade. N\u00e3o estou falando de nada que n\u00e3o esteja na lei.&#8221; &#8211; Instituto de Pesquisa e Planejamento Urbano e Regional da Universidade Federal do Rio de Janeiro (UFRJ \/ IPPUR)<\/p><\/blockquote>\n<h4>3. Projetar leis de zoneamento das favelas que protegem os pre\u00e7os acess\u00edveis das mesmas<\/h4>\n<p><a href=\"http:\/\/bit.ly\/18By5Os\" target=\"_blank\" rel=\"noopener\">As favelas s\u00e3o o mercado\u00a0habitacional a pre\u00e7os acess\u00edveis<\/a> do Rio de Janeiro e, sem moradias suficientes para atender as necessidades de habita\u00e7\u00e3o a pre\u00e7os acess\u00edveis, <a href=\"http:\/\/bit.ly\/1e5Um9v\" target=\"_blank\" rel=\"noopener\">devem ser protegidas<\/a> como tais atrav\u00e9s do zoneamento, ou ent\u00e3o, \u00e0 medida que a <a href=\"http:\/\/bit.ly\/11tBtBo\" target=\"_blank\" rel=\"noopener\">especula\u00e7\u00e3o<\/a> for introduzida, <a href=\"http:\/\/bit.ly\/14mmjmG\" target=\"_blank\" rel=\"noopener\">novas favelas prec\u00e1rias se formar\u00e3o em outros lugares<\/a>. Um exemplo seria o zoneamento promovendo\u00a0pequenos lotes e a exclus\u00e3o de atividades comerciais em larga escala ou a implementa\u00e7\u00e3o correta da legisla\u00e7\u00e3o de <a href=\"http:\/\/bit.ly\/2izP6C1\" target=\"_blank\" rel=\"noopener\">\u00c1reas de Especial Interesse Social<\/a> (AEIS)\u00a0do Brasil.<\/p>\n<blockquote><p>&#8220;Quando a legisla\u00e7\u00e3o pro\u00edbe lotes grandes e pro\u00edbe o uso comercial ou residencial em um n\u00edvel elevado, o que est\u00e1 fazendo? Est\u00e1 protegendo os moradores. Em seguida, isola a \u00e1rea um pouco do mercado. Isso pode ser uma barreira que inibe a gentrifica\u00e7\u00e3o.&#8221; &#8211; UFRJ \/ IPPUR<\/p><\/blockquote>\n<blockquote><p>&#8220;Por lei, estas s\u00e3o \u00c1reas de Especial Interesse Social. Eles devem ter um plano de atualiza\u00e7\u00e3o que est\u00e1 definido no Plano Diretor do Rio de Janeiro &#8211; uma lei de uso de ocupa\u00e7\u00e3o discutida pela comunidade. Nenhuma das favelas t\u00eam isso, nem uma delas.&#8221; &#8211; UFRJ IPURR<\/p><\/blockquote>\n<h4><a href=\"http:\/\/rioonwatch.org.br\/wp-content\/uploads\/2017\/01\/Rocinha.jpg\"><img decoding=\"async\" class=\"aligncenter size-content wp-image-24444\" src=\"http:\/\/rioonwatch.org.br\/wp-content\/uploads\/2017\/01\/Rocinha-620x264.jpg\" alt=\"\" width=\"620\" height=\"264\" \/><\/a><\/h4>\n<h4>4. Implementar a urbaniza\u00e7\u00e3o plena de favelas em toda a cidade<\/h4>\n<p>A cidade deve priorizar a <a href=\"http:\/\/bit.ly\/1aRkVxr\" target=\"_blank\" rel=\"noopener\">urbaniza\u00e7\u00e3o<\/a>\u00a0em vez de <a href=\"http:\/\/bit.ly\/X51Qvb\" target=\"_blank\" rel=\"noopener\">remo\u00e7\u00f5es<\/a>. Globalmente agora, a pol\u00edtica urbana de senso comum, em rela\u00e7\u00e3o \u00e0 <a href=\"http:\/\/bit.ly\/2eOwLB7\" target=\"_blank\" rel=\"noopener\">Nova Agenda Urbana<\/a>, prioriza a urbaniza\u00e7\u00e3o. A <a href=\"http:\/\/bit.ly\/2gQ5jz4\" target=\"_blank\" rel=\"noopener\">legisla\u00e7\u00e3o brasileira<\/a>, os <a href=\"http:\/\/bit.ly\/2gYyj8m\" target=\"_blank\" rel=\"noopener\">profissionais do planejamento urbano<\/a> do pa\u00eds e os pr\u00f3prios pol\u00edticos do Rio, que na d\u00e9cada de 1990 institu\u00edram o <a href=\"http:\/\/bit.ly\/XVcGa0\" target=\"_blank\" rel=\"noopener\">primeiro programa de urbaniza\u00e7\u00e3o\u00a0de favelas em larga escala do mundo<\/a>, por\u00a0d\u00e9cadas j\u00e1 chegam nesta conclus\u00e3o. No entanto, essa mensagem foi deixada para tr\u00e1s pelos respons\u00e1veis pol\u00edticos no Rio desde 2008, <a href=\"http:\/\/bit.ly\/1lXbCgq\" target=\"_blank\" rel=\"noopener\">quando o Favela-Bairro foi conclu\u00eddo<\/a> e seu sucessor, o t\u00e3o anunciado <a href=\"http:\/\/bit.ly\/104CmUd\" target=\"_blank\" rel=\"noopener\">programa Morar Carioca<\/a>, foi <a href=\"http:\/\/bit.ly\/1NlpfbK\" target=\"_blank\" rel=\"noopener\">abandonado<\/a> e efetivamente <a href=\"http:\/\/bit.ly\/1muQwLu\" target=\"_blank\" rel=\"noopener\">desmantelado<\/a> pelo prefeito ol\u00edmpico <a href=\"http:\/\/bit.ly\/1k4eA6c\" target=\"_blank\" rel=\"noopener\">Eduardo Paes<\/a> (2008-2016). Isso significa que, por quase dez anos, o Rio n\u00e3o experimentou nenhuma pol\u00edtica de urbaniza\u00e7\u00e3o\u00a0global das favelas. \u00c9 hora de voltar a essa pol\u00edtica, sob a forma de Morar Carioca ou uma vers\u00e3o melhorada.<\/p>\n<blockquote><p>&#8220;[O ideal] seria ter uma pol\u00edtica de urbaniza\u00e7\u00e3o\u00a0para tudo, para refor\u00e7ar as casas que j\u00e1 existem. Assim, a estrutura da favela seria melhorada.&#8221; &#8211; <a href=\"http:\/\/bit.ly\/2kmO9hl\" target=\"_blank\" rel=\"noopener\">Rocinha<\/a>, Zona Sul<\/p><\/blockquote>\n<blockquote><p>&#8220;Voc\u00ea tem que olhar para ambos os lados. Voc\u00ea tem que criar novas casas para resolver o d\u00e9ficit. E, por outro lado, \u00e9 preciso melhorar a moradia j\u00e1 existente para superar o problema da moradia inadequada&#8221;. &#8211; UFRJ \/ IPPUR<\/p><\/blockquote>\n<h4>5. Adaptar a implementa\u00e7\u00e3o do programa federal Minha Casa Minha Vida para incluir um melhor <em>design<\/em>, priorizar \u00e1reas centrais e n\u00e3o usar o programa para v\u00edtimas de remo\u00e7\u00e3o<\/h4>\n<p>Como o programa habitacional federal <a href=\"http:\/\/bit.ly\/Y4U9oJ\" target=\"_blank\" rel=\"noopener\">Minha Casa Minha Vida<\/a> (MCMV) \u00e9 descentralizado, a cidade do Rio tem margem para adaptar a pol\u00edtica de acordo com as necessidades da cidade. Deve reajustar drasticamente o atual <a href=\"http:\/\/bit.ly\/2dqkrAR\" target=\"_blank\" rel=\"noopener\">programa mal implementado<\/a> para melhor integrar as unidades de <a href=\"http:\/\/bit.ly\/11akTLK\" target=\"_blank\" rel=\"noopener\">habita\u00e7\u00e3o p\u00fablica<\/a> no tecido urbano da cidade e <a href=\"http:\/\/bit.ly\/2jZ5wT9\" target=\"_blank\" rel=\"noopener\">inspirar-se nas qualidades positivas<\/a> encontradas nas favelas do Rio. Em n\u00edvel t\u00e9cnico, isso poderia envolver o fornecimento de moradias que podem ser <a href=\"http:\/\/bit.ly\/2iLZZ1t\" target=\"_blank\" rel=\"noopener\">facilmente adaptadas pelos moradores<\/a> para atender \u00e0s suas necessidades, garantir espa\u00e7os p\u00fablicos e a capacidade de realizar eventos e organizar coletivamente para construir um senso de comunidade, localizar habita\u00e7\u00f5es com melhor acesso a hospitais, emprego e escolas. As unidades habitacionais p\u00fablicas s\u00e3o frequentemente demasiado pequenas, de 36m2. Para uma fam\u00edlia de 4-5, o tamanho adequado para uma apartamento deve ser de cerca de 100m2.<\/p>\n<blockquote><p>&#8220;O programa deve ser projetado de modo que favore\u00e7a n\u00e3o apenas a constru\u00e7\u00e3o de habita\u00e7\u00f5es em grande escala, mas de qualidade. Ou seja, moradia adequada \u00e0s necessidades da popula\u00e7\u00e3o diversa, n\u00e3o projetos grandes, mon\u00f3tonos ou repetitivos.&#8221; &#8211; UFRJ\/IPPUR<\/p><\/blockquote>\n<h4><a href=\"http:\/\/rioonwatch.org.br\/wp-content\/uploads\/2017\/01\/Festa.jpg\"><img loading=\"lazy\" decoding=\"async\" class=\"aligncenter size-content wp-image-24445\" src=\"http:\/\/rioonwatch.org.br\/wp-content\/uploads\/2017\/01\/Festa-620x264.jpg\" alt=\"\" width=\"620\" height=\"264\" \/><\/a><\/h4>\n<h4>6. Garantir que servi\u00e7os importantes como sa\u00fade, educa\u00e7\u00e3o, transporte, lazer e saneamento sejam obrigados a acompanhar qualquer pol\u00edtica habitacional, bem como medidas de participa\u00e7\u00e3o s\u00f3lidas<\/h4>\n<p>Um problema prim\u00e1rio que muitos moradores de favelas descreveram n\u00e3o era a qualidade da habita\u00e7\u00e3o, mas sim o resto do ambiente constru\u00eddo de que dependem. Uma vez que a maior parte do sal\u00e1rio de um morador t\u00edpico vai para melhorar o ambiente dom\u00e9stico, muitas vezes \u00e9 a infra-estrutura p\u00fablica dentro e ao redor das favelas \u00e9 o que mais precisa de investimento. Seja no planejamento de habita\u00e7\u00f5es p\u00fablicas ou no melhoramento das favelas, as pol\u00edticas devem enfatizar a integra\u00e7\u00e3o de todos os servi\u00e7os urbanos na concep\u00e7\u00e3o do programa. <a href=\"http:\/\/bit.ly\/14lMZGK\" target=\"_blank\" rel=\"noopener\">Saneamento<\/a>, <a href=\"http:\/\/bit.ly\/1acNApR\" target=\"_blank\" rel=\"noopener\">educa\u00e7\u00e3o<\/a> e <a href=\"http:\/\/bit.ly\/1kzUmMv\" target=\"_blank\" rel=\"noopener\">sa\u00fade<\/a> s\u00e3o consistentemente os servi\u00e7os considerados mais inadequados e, consequentemente, mais demandados pelos moradores das favelas em reuni\u00f5es p\u00fablicas.<\/p>\n<blockquote><p>&#8220;Primeiro, eu acho que voc\u00ea tem que colocar mais servi\u00e7os. N\u00e3o funciona ter a inten\u00e7\u00e3o de colocar habita\u00e7\u00e3o, sem colocar servi\u00e7os. Hoje, por exemplo, temos um posto de sa\u00fade na Cidade de Deus que n\u00e3o atende a toda a favela. Precisamos de pol\u00edticas p\u00fablicas mais coletivas e que escutem a voz da popula\u00e7\u00e3o.&#8221; &#8211; Cidade de Deus, Zona Oeste<\/p><\/blockquote>\n<h4>7. Oferecer t\u00edtulos coletivos como uma op\u00e7\u00e3o para as comunidades que querem prote\u00e7\u00e3o adicional e t\u00eam fortes institui\u00e7\u00f5es comunit\u00e1rias<\/h4>\n<p>O modelo de <a href=\"http:\/\/bit.ly\/2hq7gD6\" target=\"_blank\" rel=\"noopener\">Termo Territorial Coletivo<\/a>* (em ingl\u00eas, Community Land Trust, ou CLT) poderia ser uma \u00f3tima op\u00e7\u00e3o para explorar entre as favelas onde os moradores est\u00e3o mais interessados \u200b\u200bem garantir seus ativos coletivos e com a seguran\u00e7a da terra, do que com a capacidade de especula\u00e7\u00e3o dos moradores individuais.<\/p>\n<blockquote><p>&#8220;<a href=\"http:\/\/bit.ly\/1mig1hx\" target=\"_blank\" rel=\"noopener\">CLTs<\/a> podem ser muito bons, desde que sejam negociados internamente. Eles n\u00e3o podem ser impostos de fora, porque isso n\u00e3o funcionaria. Eles t\u00eam de ser negociados entre os moradores\u00a0que t\u00eam de ter informa\u00e7\u00f5es sobre as vantagens e desvantagens de cada tipo de t\u00edtulo. As CLTs podem proteger mais o morador\u00a0e podem fortalecer as organiza\u00e7\u00f5es internas.&#8221; &#8211; UFRJ\/IPPUR<\/p><\/blockquote>\n<hr \/>\n<h3><em>S\u00e9rie Completa:\u00a0<a href=\"http:\/\/bit.ly\/2gaD8hG\" target=\"_blank\" rel=\"noopener\">Li\u00e7\u00f5es das Favelas Cariocas para a Pol\u00edtica Habitacional<\/a><\/em><\/h3>\n<p>Parte 1: <a href=\"http:\/\/bit.ly\/2eEVNjX\" target=\"_blank\" rel=\"noopener\">Constru\u00e7\u00e3o e Comunidade<\/a><br \/>\nParte 2: <a href=\"http:\/\/bit.ly\/2gaA0T5\" target=\"_blank\" rel=\"noopener\">A\u00e7\u00e3o Coletiva e Necessidades Diversas<\/a><br \/>\nParte 3: <a href=\"http:\/\/bit.ly\/2jOtulR\" target=\"_blank\" rel=\"noopener\">Desconfian\u00e7a, Titula\u00e7\u00e3o e Gentrifica\u00e7\u00e3o<\/a><br \/>\nParte 4: <a href=\"http:\/\/bit.ly\/2jZ5wT9\" target=\"_blank\" rel=\"noopener\">Habita\u00e7\u00e3o P\u00fablica<\/a><br \/>\nParte 5: <a href=\"http:\/\/bit.ly\/2jyCGqO\" target=\"_blank\" rel=\"noopener\">Propondo Solu\u00e7\u00f5es<\/a><\/p>\n<p>*A partir de junho de 2018, adotamos a nomenclatura <a href=\"http:\/\/bit.ly\/ROW-TTC\" target=\"_blank\" rel=\"noopener\">&#8216;Termo Territorial Coletivo&#8217; (TTC)<\/a> para traduzir o conceito, em ingl\u00eas, de\u00a0 &#8216;Community Land Trust&#8217;. Anteriormente, o conceito foi traduzido livremente como &#8216;Fundo de Posse Coletiva&#8217;. A nova nomenclatura melhor descreve o instrumento internacional que atualmente est\u00e1 sendo adequado \u00e0s especificidades brasileiras, especialmente sob o aspecto jur\u00eddico.<\/p>\n<!-- AddThis Advanced Settings generic via filter on the_content --><!-- AddThis Share Buttons generic via filter on the_content -->","protected":false},"excerpt":{"rendered":"<div class=\"mh-excerpt\"><p>Click Here for English Esta \u00e9 a quinta\u00a0mat\u00e9ria de uma s\u00e9rie de cinco intitulada Li\u00e7\u00f5es das Favelas Cariocas\u00a0para a Pol\u00edtica Habitacional. Esperamos que essa s\u00e9rie apoie\u00a0debates sobre habita\u00e7\u00e3o e urbaniza\u00e7\u00e3o nas favelas, e que o <a class=\"mh-excerpt-more\" href=\"https:\/\/rioonwatch.org.br\/?p=24377\" title=\"Li\u00e7\u00f5es das Favelas Cariocas para a Pol\u00edtica Habitacional Parte 5: Propondo Solu\u00e7\u00f5es\">[&#8230;]<\/a><!-- AddThis Advanced Settings generic via filter on get_the_excerpt --><!-- AddThis Share Buttons generic via filter on get_the_excerpt --><\/p>\n<\/div>","protected":false},"author":3,"featured_media":24442,"comment_status":"closed","ping_status":"closed","sticky":false,"template":"","format":"standard","meta":{"_acf_changed":false,"_monsterinsights_skip_tracking":false,"_monsterinsights_sitenote_active":false,"_monsterinsights_sitenote_note":"","_monsterinsights_sitenote_category":0,"footnotes":""},"categories":[1618,1857,1621,1632,1626,344,1616,342],"tags":[1052,1386,1220,424,396,2026,909,994,246,988,1037,304,838,1134,2030,1347,711,900,493],"writer":[1667],"translator":[1971],"source":[],"ilustrador":[],"fotografo":[],"class_list":{"0":"post-24377","1":"post","2":"type-post","3":"status-publish","4":"format-standard","5":"has-post-thumbnail","7":"category-olhonaparticipacao","8":"category-olhonaurbanizacao","9":"category-destaque","10":"category-pesquisa-e-analise","11":"category-por-observadores-internacionais","12":"category-politicas","13":"category-qualidades-da-favela","14":"category-solucoes","15":"tag-construcao","16":"tag-critica-a-politica","17":"tag-deficit-habitacional","18":"tag-direito-a-moradia","19":"tag-especulacao-imobiliaria","20":"tag-favela-e-solucao","21":"tag-habitacao-acessivel","22":"tag-habitacao-publica","23":"tag-minha-casa-minha-vida","24":"tag-minha-casa-minha-vida-entidades","25":"tag-moradia","26":"tag-participacao","27":"tag-politica-publica","28":"tag-recomendacoes-politicas","29":"tag-serie-licoes-das-favelas-para-a-politica-habitacional","30":"tag-solucao","31":"tag-clt","32":"tag-titulacao-de-terras","33":"tag-urbanizacao","34":"writer-david-robertson","35":"translator-geovanna-giannini"},"acf":[],"yoast_head":"<!-- This site is optimized with the Yoast SEO plugin v25.6 - https:\/\/yoast.com\/wordpress\/plugins\/seo\/ -->\n<title>Li\u00e7\u00f5es das Favelas Cariocas para a Pol\u00edtica Habitacional Parte 5: Propondo Solu\u00e7\u00f5es - RioOnWatch<\/title>\n<meta name=\"robots\" content=\"index, follow, max-snippet:-1, max-image-preview:large, max-video-preview:-1\" \/>\n<link rel=\"canonical\" href=\"https:\/\/rioonwatch.org.br\/?p=24377\" \/>\n<meta property=\"og:locale\" content=\"pt_BR\" \/>\n<meta property=\"og:type\" content=\"article\" \/>\n<meta property=\"og:title\" content=\"Li\u00e7\u00f5es das Favelas Cariocas para a Pol\u00edtica Habitacional Parte 5: Propondo Solu\u00e7\u00f5es - RioOnWatch\" \/>\n<meta property=\"og:description\" content=\"Click Here for English Esta \u00e9 a quinta\u00a0mat\u00e9ria de uma s\u00e9rie de cinco intitulada Li\u00e7\u00f5es das Favelas Cariocas\u00a0para a Pol\u00edtica Habitacional. Esperamos que essa s\u00e9rie apoie\u00a0debates sobre habita\u00e7\u00e3o e urbaniza\u00e7\u00e3o nas favelas, e que o [...]\" \/>\n<meta property=\"og:url\" content=\"https:\/\/rioonwatch.org.br\/?p=24377\" \/>\n<meta property=\"og:site_name\" content=\"RioOnWatch\" \/>\n<meta property=\"article:published_time\" content=\"2017-01-31T13:52:36+00:00\" \/>\n<meta property=\"article:modified_time\" content=\"2023-05-09T12:57:11+00:00\" \/>\n<meta property=\"og:image\" content=\"https:\/\/rioonwatch.org.br\/wp-content\/uploads\/2017\/01\/Mutira\u0303o.jpg\" \/>\n\t<meta property=\"og:image:width\" content=\"640\" \/>\n\t<meta property=\"og:image:height\" content=\"427\" \/>\n\t<meta property=\"og:image:type\" content=\"image\/jpeg\" \/>\n<meta name=\"author\" content=\"Admin\" \/>\n<meta name=\"twitter:card\" content=\"summary_large_image\" \/>\n<meta name=\"twitter:label1\" content=\"Escrito por\" \/>\n\t<meta name=\"twitter:data1\" content=\"Admin\" \/>\n\t<meta name=\"twitter:label2\" content=\"Est. tempo de leitura\" \/>\n\t<meta name=\"twitter:data2\" content=\"10 minutos\" \/>\n<script type=\"application\/ld+json\" class=\"yoast-schema-graph\">{\"@context\":\"https:\/\/schema.org\",\"@graph\":[{\"@type\":\"Article\",\"@id\":\"https:\/\/rioonwatch.org.br\/?p=24377#article\",\"isPartOf\":{\"@id\":\"https:\/\/rioonwatch.org.br\/?p=24377\"},\"author\":{\"name\":\"Admin\",\"@id\":\"https:\/\/rioonwatch.org.br\/#\/schema\/person\/c6c09a0b56b38f0157a45b963ef3f269\"},\"headline\":\"Li\u00e7\u00f5es das Favelas Cariocas para a Pol\u00edtica Habitacional Parte 5: Propondo Solu\u00e7\u00f5es\",\"datePublished\":\"2017-01-31T13:52:36+00:00\",\"dateModified\":\"2023-05-09T12:57:11+00:00\",\"mainEntityOfPage\":{\"@id\":\"https:\/\/rioonwatch.org.br\/?p=24377\"},\"wordCount\":2006,\"publisher\":{\"@id\":\"https:\/\/rioonwatch.org.br\/#organization\"},\"image\":{\"@id\":\"https:\/\/rioonwatch.org.br\/?p=24377#primaryimage\"},\"thumbnailUrl\":\"https:\/\/rioonwatch.org.br\/wp-content\/uploads\/2017\/01\/Mutira\u0303o.jpg\",\"keywords\":[\"constru\u00e7\u00e3o\",\"cr\u00edtica \u00e0 pol\u00edtica\",\"d\u00e9ficit habitacional\",\"Direito \u00e0 Moradia\",\"especula\u00e7\u00e3o imobili\u00e1ria\",\"Favela \u00e9 solu\u00e7\u00e3o\",\"habita\u00e7\u00e3o acess\u00edvel\",\"habita\u00e7\u00e3o p\u00fablica\",\"Minha Casa Minha Vida\",\"Minha Casa Minha Vida-Entidades\",\"moradia\",\"participa\u00e7\u00e3o\",\"pol\u00edtica p\u00fablica\",\"recomenda\u00e7\u00f5es pol\u00edticas\",\"S\u00e9rie: Li\u00e7\u00f5es das Favelas para a Pol\u00edtica Habitacional\",\"solu\u00e7\u00e3o\",\"Termo Territorial Coletivo (TTC) \/ Community Land Trust (CLT)\",\"titula\u00e7\u00e3o de terras\",\"urbaniza\u00e7\u00e3o\"],\"articleSection\":[\"#OlhoNaParticipa\u00e7\u00e3o\",\"#OlhoNaUrbaniza\u00e7\u00e3o\",\"*Destaque\",\"Dados e Pesquisa\",\"Escrito por Aliados\",\"Pol\u00edticas\",\"Qualidades da Favela\",\"Solu\u00e7\u00f5es\"],\"inLanguage\":\"pt-BR\"},{\"@type\":\"WebPage\",\"@id\":\"https:\/\/rioonwatch.org.br\/?p=24377\",\"url\":\"https:\/\/rioonwatch.org.br\/?p=24377\",\"name\":\"Li\u00e7\u00f5es das Favelas Cariocas para a Pol\u00edtica Habitacional Parte 5: Propondo Solu\u00e7\u00f5es - RioOnWatch\",\"isPartOf\":{\"@id\":\"https:\/\/rioonwatch.org.br\/#website\"},\"primaryImageOfPage\":{\"@id\":\"https:\/\/rioonwatch.org.br\/?p=24377#primaryimage\"},\"image\":{\"@id\":\"https:\/\/rioonwatch.org.br\/?p=24377#primaryimage\"},\"thumbnailUrl\":\"https:\/\/rioonwatch.org.br\/wp-content\/uploads\/2017\/01\/Mutira\u0303o.jpg\",\"datePublished\":\"2017-01-31T13:52:36+00:00\",\"dateModified\":\"2023-05-09T12:57:11+00:00\",\"breadcrumb\":{\"@id\":\"https:\/\/rioonwatch.org.br\/?p=24377#breadcrumb\"},\"inLanguage\":\"pt-BR\",\"potentialAction\":[{\"@type\":\"ReadAction\",\"target\":[\"https:\/\/rioonwatch.org.br\/?p=24377\"]}]},{\"@type\":\"ImageObject\",\"inLanguage\":\"pt-BR\",\"@id\":\"https:\/\/rioonwatch.org.br\/?p=24377#primaryimage\",\"url\":\"https:\/\/rioonwatch.org.br\/wp-content\/uploads\/2017\/01\/Mutira\u0303o.jpg\",\"contentUrl\":\"https:\/\/rioonwatch.org.br\/wp-content\/uploads\/2017\/01\/Mutira\u0303o.jpg\",\"width\":640,\"height\":427},{\"@type\":\"BreadcrumbList\",\"@id\":\"https:\/\/rioonwatch.org.br\/?p=24377#breadcrumb\",\"itemListElement\":[{\"@type\":\"ListItem\",\"position\":1,\"name\":\"In\u00edcio\",\"item\":\"https:\/\/rioonwatch.org.br\/\"},{\"@type\":\"ListItem\",\"position\":2,\"name\":\"Li\u00e7\u00f5es das Favelas Cariocas para a Pol\u00edtica Habitacional Parte 5: Propondo Solu\u00e7\u00f5es\"}]},{\"@type\":\"WebSite\",\"@id\":\"https:\/\/rioonwatch.org.br\/#website\",\"url\":\"https:\/\/rioonwatch.org.br\/\",\"name\":\"RioOnWatch\",\"description\":\"relatos das favelas cariocas\",\"publisher\":{\"@id\":\"https:\/\/rioonwatch.org.br\/#organization\"},\"potentialAction\":[{\"@type\":\"SearchAction\",\"target\":{\"@type\":\"EntryPoint\",\"urlTemplate\":\"https:\/\/rioonwatch.org.br\/?s={search_term_string}\"},\"query-input\":{\"@type\":\"PropertyValueSpecification\",\"valueRequired\":true,\"valueName\":\"search_term_string\"}}],\"inLanguage\":\"pt-BR\"},{\"@type\":\"Organization\",\"@id\":\"https:\/\/rioonwatch.org.br\/#organization\",\"name\":\"RioOnWatch\",\"url\":\"https:\/\/rioonwatch.org.br\/\",\"logo\":{\"@type\":\"ImageObject\",\"inLanguage\":\"pt-BR\",\"@id\":\"https:\/\/rioonwatch.org.br\/#\/schema\/logo\/image\/\",\"url\":\"https:\/\/rioonwatch.org.br\/wp-content\/uploads\/2021\/06\/RioOnWatchcabecalhoPT11anos-2.png\",\"contentUrl\":\"https:\/\/rioonwatch.org.br\/wp-content\/uploads\/2021\/06\/RioOnWatchcabecalhoPT11anos-2.png\",\"width\":779,\"height\":277,\"caption\":\"RioOnWatch\"},\"image\":{\"@id\":\"https:\/\/rioonwatch.org.br\/#\/schema\/logo\/image\/\"}},{\"@type\":\"Person\",\"@id\":\"https:\/\/rioonwatch.org.br\/#\/schema\/person\/c6c09a0b56b38f0157a45b963ef3f269\",\"name\":\"Admin\",\"image\":{\"@type\":\"ImageObject\",\"inLanguage\":\"pt-BR\",\"@id\":\"https:\/\/rioonwatch.org.br\/#\/schema\/person\/image\/\",\"url\":\"https:\/\/secure.gravatar.com\/avatar\/da45c89efd4810dc70c16a5da3419806?s=96&d=blank&r=g\",\"contentUrl\":\"https:\/\/secure.gravatar.com\/avatar\/da45c89efd4810dc70c16a5da3419806?s=96&d=blank&r=g\",\"caption\":\"Admin\"},\"url\":\"https:\/\/rioonwatch.org.br\/?author=3\"}]}<\/script>\n<!-- \/ Yoast SEO plugin. -->","yoast_head_json":{"title":"Li\u00e7\u00f5es das Favelas Cariocas para a Pol\u00edtica Habitacional Parte 5: Propondo Solu\u00e7\u00f5es - RioOnWatch","robots":{"index":"index","follow":"follow","max-snippet":"max-snippet:-1","max-image-preview":"max-image-preview:large","max-video-preview":"max-video-preview:-1"},"canonical":"https:\/\/rioonwatch.org.br\/?p=24377","og_locale":"pt_BR","og_type":"article","og_title":"Li\u00e7\u00f5es das Favelas Cariocas para a Pol\u00edtica Habitacional Parte 5: Propondo Solu\u00e7\u00f5es - RioOnWatch","og_description":"Click Here for English Esta \u00e9 a quinta\u00a0mat\u00e9ria de uma s\u00e9rie de cinco intitulada Li\u00e7\u00f5es das Favelas Cariocas\u00a0para a Pol\u00edtica Habitacional. Esperamos que essa s\u00e9rie apoie\u00a0debates sobre habita\u00e7\u00e3o e urbaniza\u00e7\u00e3o nas favelas, e que o [...]","og_url":"https:\/\/rioonwatch.org.br\/?p=24377","og_site_name":"RioOnWatch","article_published_time":"2017-01-31T13:52:36+00:00","article_modified_time":"2023-05-09T12:57:11+00:00","og_image":[{"width":640,"height":427,"url":"https:\/\/rioonwatch.org.br\/wp-content\/uploads\/2017\/01\/Mutira\u0303o.jpg","type":"image\/jpeg"}],"author":"Admin","twitter_card":"summary_large_image","twitter_misc":{"Escrito por":"Admin","Est. tempo de leitura":"10 minutos"},"schema":{"@context":"https:\/\/schema.org","@graph":[{"@type":"Article","@id":"https:\/\/rioonwatch.org.br\/?p=24377#article","isPartOf":{"@id":"https:\/\/rioonwatch.org.br\/?p=24377"},"author":{"name":"Admin","@id":"https:\/\/rioonwatch.org.br\/#\/schema\/person\/c6c09a0b56b38f0157a45b963ef3f269"},"headline":"Li\u00e7\u00f5es das Favelas Cariocas para a Pol\u00edtica Habitacional Parte 5: Propondo Solu\u00e7\u00f5es","datePublished":"2017-01-31T13:52:36+00:00","dateModified":"2023-05-09T12:57:11+00:00","mainEntityOfPage":{"@id":"https:\/\/rioonwatch.org.br\/?p=24377"},"wordCount":2006,"publisher":{"@id":"https:\/\/rioonwatch.org.br\/#organization"},"image":{"@id":"https:\/\/rioonwatch.org.br\/?p=24377#primaryimage"},"thumbnailUrl":"https:\/\/rioonwatch.org.br\/wp-content\/uploads\/2017\/01\/Mutira\u0303o.jpg","keywords":["constru\u00e7\u00e3o","cr\u00edtica \u00e0 pol\u00edtica","d\u00e9ficit habitacional","Direito \u00e0 Moradia","especula\u00e7\u00e3o imobili\u00e1ria","Favela \u00e9 solu\u00e7\u00e3o","habita\u00e7\u00e3o acess\u00edvel","habita\u00e7\u00e3o p\u00fablica","Minha Casa Minha Vida","Minha Casa Minha Vida-Entidades","moradia","participa\u00e7\u00e3o","pol\u00edtica p\u00fablica","recomenda\u00e7\u00f5es pol\u00edticas","S\u00e9rie: Li\u00e7\u00f5es das Favelas para a Pol\u00edtica Habitacional","solu\u00e7\u00e3o","Termo Territorial Coletivo (TTC) \/ Community Land Trust (CLT)","titula\u00e7\u00e3o de terras","urbaniza\u00e7\u00e3o"],"articleSection":["#OlhoNaParticipa\u00e7\u00e3o","#OlhoNaUrbaniza\u00e7\u00e3o","*Destaque","Dados e Pesquisa","Escrito por Aliados","Pol\u00edticas","Qualidades da Favela","Solu\u00e7\u00f5es"],"inLanguage":"pt-BR"},{"@type":"WebPage","@id":"https:\/\/rioonwatch.org.br\/?p=24377","url":"https:\/\/rioonwatch.org.br\/?p=24377","name":"Li\u00e7\u00f5es das Favelas Cariocas para a Pol\u00edtica Habitacional Parte 5: Propondo Solu\u00e7\u00f5es - RioOnWatch","isPartOf":{"@id":"https:\/\/rioonwatch.org.br\/#website"},"primaryImageOfPage":{"@id":"https:\/\/rioonwatch.org.br\/?p=24377#primaryimage"},"image":{"@id":"https:\/\/rioonwatch.org.br\/?p=24377#primaryimage"},"thumbnailUrl":"https:\/\/rioonwatch.org.br\/wp-content\/uploads\/2017\/01\/Mutira\u0303o.jpg","datePublished":"2017-01-31T13:52:36+00:00","dateModified":"2023-05-09T12:57:11+00:00","breadcrumb":{"@id":"https:\/\/rioonwatch.org.br\/?p=24377#breadcrumb"},"inLanguage":"pt-BR","potentialAction":[{"@type":"ReadAction","target":["https:\/\/rioonwatch.org.br\/?p=24377"]}]},{"@type":"ImageObject","inLanguage":"pt-BR","@id":"https:\/\/rioonwatch.org.br\/?p=24377#primaryimage","url":"https:\/\/rioonwatch.org.br\/wp-content\/uploads\/2017\/01\/Mutira\u0303o.jpg","contentUrl":"https:\/\/rioonwatch.org.br\/wp-content\/uploads\/2017\/01\/Mutira\u0303o.jpg","width":640,"height":427},{"@type":"BreadcrumbList","@id":"https:\/\/rioonwatch.org.br\/?p=24377#breadcrumb","itemListElement":[{"@type":"ListItem","position":1,"name":"In\u00edcio","item":"https:\/\/rioonwatch.org.br\/"},{"@type":"ListItem","position":2,"name":"Li\u00e7\u00f5es das Favelas Cariocas para a Pol\u00edtica Habitacional Parte 5: Propondo Solu\u00e7\u00f5es"}]},{"@type":"WebSite","@id":"https:\/\/rioonwatch.org.br\/#website","url":"https:\/\/rioonwatch.org.br\/","name":"RioOnWatch","description":"relatos das favelas cariocas","publisher":{"@id":"https:\/\/rioonwatch.org.br\/#organization"},"potentialAction":[{"@type":"SearchAction","target":{"@type":"EntryPoint","urlTemplate":"https:\/\/rioonwatch.org.br\/?s={search_term_string}"},"query-input":{"@type":"PropertyValueSpecification","valueRequired":true,"valueName":"search_term_string"}}],"inLanguage":"pt-BR"},{"@type":"Organization","@id":"https:\/\/rioonwatch.org.br\/#organization","name":"RioOnWatch","url":"https:\/\/rioonwatch.org.br\/","logo":{"@type":"ImageObject","inLanguage":"pt-BR","@id":"https:\/\/rioonwatch.org.br\/#\/schema\/logo\/image\/","url":"https:\/\/rioonwatch.org.br\/wp-content\/uploads\/2021\/06\/RioOnWatchcabecalhoPT11anos-2.png","contentUrl":"https:\/\/rioonwatch.org.br\/wp-content\/uploads\/2021\/06\/RioOnWatchcabecalhoPT11anos-2.png","width":779,"height":277,"caption":"RioOnWatch"},"image":{"@id":"https:\/\/rioonwatch.org.br\/#\/schema\/logo\/image\/"}},{"@type":"Person","@id":"https:\/\/rioonwatch.org.br\/#\/schema\/person\/c6c09a0b56b38f0157a45b963ef3f269","name":"Admin","image":{"@type":"ImageObject","inLanguage":"pt-BR","@id":"https:\/\/rioonwatch.org.br\/#\/schema\/person\/image\/","url":"https:\/\/secure.gravatar.com\/avatar\/da45c89efd4810dc70c16a5da3419806?s=96&d=blank&r=g","contentUrl":"https:\/\/secure.gravatar.com\/avatar\/da45c89efd4810dc70c16a5da3419806?s=96&d=blank&r=g","caption":"Admin"},"url":"https:\/\/rioonwatch.org.br\/?author=3"}]}},"_links":{"self":[{"href":"https:\/\/rioonwatch.org.br\/index.php?rest_route=\/wp\/v2\/posts\/24377"}],"collection":[{"href":"https:\/\/rioonwatch.org.br\/index.php?rest_route=\/wp\/v2\/posts"}],"about":[{"href":"https:\/\/rioonwatch.org.br\/index.php?rest_route=\/wp\/v2\/types\/post"}],"author":[{"embeddable":true,"href":"https:\/\/rioonwatch.org.br\/index.php?rest_route=\/wp\/v2\/users\/3"}],"replies":[{"embeddable":true,"href":"https:\/\/rioonwatch.org.br\/index.php?rest_route=%2Fwp%2Fv2%2Fcomments&post=24377"}],"version-history":[{"count":21,"href":"https:\/\/rioonwatch.org.br\/index.php?rest_route=\/wp\/v2\/posts\/24377\/revisions"}],"predecessor-version":[{"id":35356,"href":"https:\/\/rioonwatch.org.br\/index.php?rest_route=\/wp\/v2\/posts\/24377\/revisions\/35356"}],"wp:featuredmedia":[{"embeddable":true,"href":"https:\/\/rioonwatch.org.br\/index.php?rest_route=\/wp\/v2\/media\/24442"}],"wp:attachment":[{"href":"https:\/\/rioonwatch.org.br\/index.php?rest_route=%2Fwp%2Fv2%2Fmedia&parent=24377"}],"wp:term":[{"taxonomy":"category","embeddable":true,"href":"https:\/\/rioonwatch.org.br\/index.php?rest_route=%2Fwp%2Fv2%2Fcategories&post=24377"},{"taxonomy":"post_tag","embeddable":true,"href":"https:\/\/rioonwatch.org.br\/index.php?rest_route=%2Fwp%2Fv2%2Ftags&post=24377"},{"taxonomy":"writer","embeddable":true,"href":"https:\/\/rioonwatch.org.br\/index.php?rest_route=%2Fwp%2Fv2%2Fwriter&post=24377"},{"taxonomy":"translator","embeddable":true,"href":"https:\/\/rioonwatch.org.br\/index.php?rest_route=%2Fwp%2Fv2%2Ftranslator&post=24377"},{"taxonomy":"source","embeddable":true,"href":"https:\/\/rioonwatch.org.br\/index.php?rest_route=%2Fwp%2Fv2%2Fsource&post=24377"},{"taxonomy":"ilustrador","embeddable":true,"href":"https:\/\/rioonwatch.org.br\/index.php?rest_route=%2Fwp%2Fv2%2Filustrador&post=24377"},{"taxonomy":"fotografo","embeddable":true,"href":"https:\/\/rioonwatch.org.br\/index.php?rest_route=%2Fwp%2Fv2%2Ffotografo&post=24377"}],"curies":[{"name":"wp","href":"https:\/\/api.w.org\/{rel}","templated":true}]}}