{"id":24425,"date":"2017-01-30T10:33:21","date_gmt":"2017-01-30T13:33:21","guid":{"rendered":"http:\/\/rioonwatch.org.br\/?p=24425"},"modified":"2017-02-05T12:37:23","modified_gmt":"2017-02-05T15:37:23","slug":"moradores-da-vila-autodromo-solicitam-reuniao-com-o-novo-prefeito-para-discutir-urbanizacao-pendente","status":"publish","type":"post","link":"https:\/\/rioonwatch.org.br\/?p=24425","title":{"rendered":"Moradores da Vila Aut\u00f3dromo Solicitam Reuni\u00e3o com o Novo Prefeito para Discutir Urbaniza\u00e7\u00e3o Pendente"},"content":{"rendered":"<p style=\"text-align: right;\"><em><strong><a href=\"http:\/\/bit.ly\/2kary4P\" target=\"_blank\">Click Here for English<img decoding=\"async\" width=\"20\" height=\"20\" class=\"alignright wp-image-15790\" src=\"http:\/\/rioonwatch.org.br\/wp-content\/uploads\/2012\/08\/EN-standard-e1439583104716.jpg\" alt=\"\" \/><\/a><\/strong><\/em><\/p>\n<p>Na \u00faltima quinta-feira, dia 26 de janeiro, moradores da <a href=\"http:\/\/bit.ly\/Nfddvg\" target=\"_blank\">Vila Aut\u00f3dromo<\/a> estiveram na Prefeitura do Rio de Janeiro para a entrega de um of\u00edcio solicitando uma reuni\u00e3o com o novo prefeito da cidade, <a href=\"http:\/\/bit.ly\/2cIlnDw\" target=\"_blank\">Marcelo Crivella<\/a>, para tratar da segunda fase de urbaniza\u00e7\u00e3o da comunidade, que n\u00e3o foi conclu\u00edda na gest\u00e3o anterior como prometido.<\/p>\n<p>Os moradores foram recebidos por uma funcion\u00e1ria da prefeitura, que se prontificou em agendar a reuni\u00e3o para mar\u00e7o. Mar\u00e7o marcar\u00e1 um ano da apresenta\u00e7\u00e3o do <a href=\"http:\/\/bit.ly\/1XpfSbp\" target=\"_blank\">plano de urbaniza\u00e7\u00e3o vigente<\/a>, <a href=\"http:\/\/bit.ly\/1R3RMAY\" target=\"_blank\">desenvolvido pela gest\u00e3o<\/a> de <a href=\"http:\/\/bit.ly\/1k4eA6c\" target=\"_blank\">Eduardo Paes<\/a> ap\u00f3s <a href=\"http:\/\/bit.ly\/2jN36pM\" target=\"_blank\">anos de luta<\/a> da comunidade contra a remo\u00e7\u00e3o e pela urbaniza\u00e7\u00e3o. Os moradores, no entanto, na \u00e9poca denunciaram a falta de participa\u00e7\u00e3o da comunidade na sua concep\u00e7\u00e3o e na sua apresenta\u00e7\u00e3o, a qual se deu <a href=\"http:\/\/bit.ly\/1pcDODu\" target=\"_blank\">n\u00e3o para os moradores, mas para um grupo de jornalistas<\/a> durante um evento no qual a participa\u00e7\u00e3o dos moradores foi deliberadamente dificultada.<\/p>\n<p><a href=\"http:\/\/rioonwatch.org.br\/wp-content\/uploads\/2017\/01\/Entregando-documentacao.jpg\"><img fetchpriority=\"high\" decoding=\"async\" class=\"aligncenter size-content wp-image-24432\" src=\"http:\/\/rioonwatch.org.br\/wp-content\/uploads\/2017\/01\/Entregando-documentacao-620x264.jpg\" alt=\"Entregando documenta\u00e7\u00e3o\" width=\"620\" height=\"264\" \/><\/a><\/p>\n<p>Em 2016, a apresenta\u00e7\u00e3o do plano foi seguida por reuni\u00f5es com o ent\u00e3o prefeito e com o ent\u00e3o sub-prefeito da Barra da Tijuca, <a href=\"http:\/\/bit.ly\/1On7u8Y\" target=\"_blank\">Alex Costa<\/a>. A principal demanda da comunidade era que fosse inclu\u00eddo no plano oficial os princ\u00edpios do <a href=\"http:\/\/bit.ly\/21ukeUT\" target=\"_blank\">Plano Popular da Vila Aut\u00f3dromo<\/a>, desenvolvido pelos moradores em parceria com a Universidade Federal Fluminense (UFF) e da Universidade Federal do Rio de Janeiro (UFRJ) e <a href=\"http:\/\/bit.ly\/1ccQTyp\" target=\"_blank\">premiado internacionalmente<\/a>\u00a0por sua qualidade, preocupa\u00e7\u00e3o ambiental e baixo custo de implementa\u00e7\u00e3o.<\/p>\n<p>Apesar do car\u00e1ter n\u00e3o participativo do plano da prefeitura, os moradores\u00a0<a href=\"http:\/\/bit.ly\/2aWmvRL\" target=\"_blank\">conseguiram reivindicar algumas altera\u00e7\u00f5es nele que refletisse melhor as suas necessidades<\/a>, como o aumento da \u00e1rea das casas de 46m\u00b2 para 56m\u00b2 e a inclus\u00e3o da constru\u00e7\u00e3o de uma Associa\u00e7\u00e3o de Moradores, quadra, parque\u00a0e um centro cultural.<\/p>\n<p><a href=\"http:\/\/rioonwatch.org.br\/wp-content\/uploads\/2016\/04\/Community-Upgrades-better.jpg\"><img decoding=\"async\" class=\"aligncenter wp-image-19066 size-content\" title=\"Novo plano com modifica\u00e7\u00f5es. Cortesia da p\u00e1gina do Facebook da Vila Aut\u00f3dromo\" src=\"http:\/\/rioonwatch.org.br\/wp-content\/uploads\/2016\/04\/Community-Upgrades-better-620x264.jpg\" alt=\"Novo plano com modifica\u00e7\u00f5es. Cortesia da p\u00e1gina do Facebook da Vila Aut\u00f3dromo\" width=\"620\" height=\"264\" srcset=\"https:\/\/rioonwatch.org.br\/wp-content\/uploads\/2016\/04\/Community-Upgrades-better-620x264.jpg 620w, https:\/\/rioonwatch.org.br\/wp-content\/uploads\/2016\/04\/Community-Upgrades-better-940x400.jpg 940w\" sizes=\"(max-width: 620px) 100vw, 620px\" \/><\/a><\/p>\n<p>A primeira fase do plano foi realizada com a constru\u00e7\u00e3o das casas, ap\u00f3s uma\u00a0<a href=\"http:\/\/on.fb.me\/1TNt0ck\" target=\"_blank\">intensa campanha<\/a> nas redes sociais sob a hashtag <a href=\"http:\/\/bit.ly\/1UUqyzT\" target=\"_blank\">#UrbanizaJ\u00e1<\/a>!, que mobilizou apoiadores da causa, <a href=\"http:\/\/glo.bo\/1pnBObK\" target=\"_blank\">incluindo celebridades como Camila Pitanga e Greg\u00f3rio Duvivier<\/a>. No entanto, <a href=\"http:\/\/bit.ly\/2aWmvRL\" target=\"_blank\">as casas n\u00e3o ficaram prontas no cronograma anunciado<\/a>\u00a0por conta do atraso em sua liga\u00e7\u00e3o \u00e0 rede de eletricidade no ato\u00a0da entrega. At\u00e9 as Olimp\u00edadas as casas e a rua ficaram prontas, mas o restante do plano faltou \u00eaxito. Continuam faltando a nova sede da Associa\u00e7\u00e3o de Moradores, o centro cultural, parque para as crian\u00e7as e quadra poliesportiva. At\u00e9 o momento falta clareza quando e quanto da implementa\u00e7\u00e3o do plano vai ser retomada.<\/p>\n<p>Crivella n\u00e3o se posicionou em rela\u00e7\u00e3o \u00e0 Vila Aut\u00f3dromo (mas <a href=\"http:\/\/bit.ly\/2kJU40W\" target=\"_blank\">sim denunciou\u00a0\u00e0 pol\u00edtica de remo\u00e7\u00f5es<\/a>) durante a sua campanha pela prefeitura e seu plano de governo n\u00e3o ofereceu propostas\u00a0especificas em rela\u00e7\u00e3o\u00a0\u00e0s favelas\u00a0<a href=\"http:\/\/bit.ly\/2dk5pNE\" target=\"_blank\">no contexto de propostas para pol\u00edtica habitacional<\/a>. Quando questionado sobre qual seria sua <a href=\"http:\/\/bit.ly\/2e2QOvs\" target=\"_blank\">estrat\u00e9gia para melhorar a vida dos moradores de favela<\/a>, respondeu apenas em termos de sa\u00fade e saneamento, que, apesar de configurarem aspectos importantes que merecem a aten\u00e7\u00e3o da administra\u00e7\u00e3o da cidade, n\u00e3o abarcam todas as facetas da necessidade de urbaniza\u00e7\u00e3o da Vila Aut\u00f3dromo, por exemplo.<\/p>\n<p>Seu reconhecimento de que os moradores de favelas s\u00e3o os mais afetados pela m\u00e1 qualidade da sa\u00fade p\u00fablica n\u00e3o foi acompanhado pelo cumprimento de sua promessa de um <a href=\"http:\/\/bit.ly\/2e2QOvs\" target=\"_blank\">mutir\u00e3o de sa\u00fade no primeiro dia de governo<\/a> para dar fim \u00e0s filas no sistema p\u00fablico. Segundo o Secret\u00e1rio de Sa\u00fade, Carlos Eduardo de Mattos, o <a href=\"http:\/\/glo.bo\/2kEKx8c\" target=\"_blank\">mutir\u00e3o de cirurgias teria come\u00e7ado nesse s\u00e1bado<\/a>, 28 dias ap\u00f3s Crivella assumir a prefeitura. Ainda segundo ele, ao longo dessa semana o prefeito e o Ministro da Sa\u00fade anunciar\u00e3o parceria para ampliar a oferta de exames, consultas e cirurgias, que dever\u00e3o ser realizados dentro de 90 dias a partir de fevereiro. Crivella n\u00e3o deu um\u00a0prazo para a realiza\u00e7\u00e3o de\u00a0sua promessa de <a href=\"http:\/\/bit.ly\/2e2QOvs\" target=\"_blank\">por fim ao esgoto a c\u00e9u aberto nas favelas<\/a>, mas cabe \u00e0\u00a0popula\u00e7\u00e3o monitorar o seu cumprimento, assim como pression\u00e1-lo pela efetiva\u00e7\u00e3o do plano de urbaniza\u00e7\u00e3o da Vila Aut\u00f3dromo.<\/p>\n<p><a href=\"http:\/\/rioonwatch.org.br\/wp-content\/uploads\/2017\/01\/VA1.jpg\"><img loading=\"lazy\" decoding=\"async\" class=\"aligncenter wp-image-24426\" src=\"http:\/\/rioonwatch.org.br\/wp-content\/uploads\/2017\/01\/VA1.jpg\" width=\"620\" height=\"827\" srcset=\"https:\/\/rioonwatch.org.br\/wp-content\/uploads\/2017\/01\/VA1.jpg 720w, https:\/\/rioonwatch.org.br\/wp-content\/uploads\/2017\/01\/VA1-198x264.jpg 198w, https:\/\/rioonwatch.org.br\/wp-content\/uploads\/2017\/01\/VA1-465x620.jpg 465w\" sizes=\"(max-width: 620px) 100vw, 620px\" \/><\/a><\/p>\n<!-- AddThis Advanced Settings generic via filter on the_content --><!-- AddThis Share Buttons generic via filter on the_content -->","protected":false},"excerpt":{"rendered":"<div class=\"mh-excerpt\"><p>Click Here for English Na \u00faltima quinta-feira, dia 26 de janeiro, moradores da Vila Aut\u00f3dromo estiveram na Prefeitura do Rio de Janeiro para a entrega de um of\u00edcio solicitando uma reuni\u00e3o com o novo prefeito <a class=\"mh-excerpt-more\" href=\"https:\/\/rioonwatch.org.br\/?p=24425\" title=\"Moradores da Vila Aut\u00f3dromo Solicitam Reuni\u00e3o com o Novo Prefeito para Discutir Urbaniza\u00e7\u00e3o Pendente\">[&#8230;]<\/a><!-- AddThis Advanced Settings generic via filter on get_the_excerpt --><!-- AddThis Share Buttons generic via filter on get_the_excerpt --><\/p>\n<\/div>","protected":false},"author":152,"featured_media":24430,"comment_status":"closed","ping_status":"closed","sticky":false,"template":"","format":"standard","meta":{"_acf_changed":false,"_monsterinsights_skip_tracking":false,"_monsterinsights_sitenote_active":false,"_monsterinsights_sitenote_note":"","_monsterinsights_sitenote_category":0,"footnotes":""},"categories":[1618,1614,1857,2051,1621],"tags":[274,424,484,1982,1240,1151,304,801,14,294,476,1750,1749,1308,55,184],"writer":[1994],"translator":[],"source":[],"ilustrador":[],"fotografo":[],"class_list":{"0":"post-24425","1":"post","2":"type-post","3":"status-publish","4":"format-standard","5":"has-post-thumbnail","7":"category-olhonaparticipacao","8":"category-olhonasremocoes","9":"category-olhonaurbanizacao","10":"category-olhonolegado","11":"category-destaque","12":"tag-barra-da-tijuca","13":"tag-direito-a-moradia","14":"tag-prefeito-eduardo-paes","15":"tag-marcelo-crivella","16":"tag-megaeventos","17":"tag-organizacao","18":"tag-participacao","19":"tag-plano-popular","20":"tag-remocao","21":"tag-saude","22":"tag-solucao-comunitaria","23":"tag-sub-prefeito","24":"tag-sub-prefeito-alex-costa","25":"tag-taticas-de-organizacao","26":"tag-vila-autodromo","27":"tag-zona-oeste","28":"writer-luisa-fenizola"},"acf":[],"yoast_head":"<!-- This site is optimized with the Yoast SEO plugin v25.6 - https:\/\/yoast.com\/wordpress\/plugins\/seo\/ -->\n<title>Moradores da Vila Aut\u00f3dromo Solicitam Reuni\u00e3o com o Novo Prefeito para Discutir Urbaniza\u00e7\u00e3o Pendente - RioOnWatch<\/title>\n<meta name=\"robots\" content=\"index, follow, max-snippet:-1, max-image-preview:large, max-video-preview:-1\" \/>\n<link rel=\"canonical\" href=\"https:\/\/rioonwatch.org.br\/?p=24425\" \/>\n<meta property=\"og:locale\" content=\"pt_BR\" \/>\n<meta property=\"og:type\" content=\"article\" \/>\n<meta property=\"og:title\" content=\"Moradores da Vila Aut\u00f3dromo Solicitam Reuni\u00e3o com o Novo Prefeito para Discutir Urbaniza\u00e7\u00e3o Pendente - RioOnWatch\" \/>\n<meta property=\"og:description\" content=\"Click Here for English Na \u00faltima quinta-feira, dia 26 de janeiro, moradores da Vila Aut\u00f3dromo estiveram na Prefeitura do Rio de Janeiro para a entrega de um of\u00edcio solicitando uma reuni\u00e3o com o novo prefeito [...]\" \/>\n<meta property=\"og:url\" content=\"https:\/\/rioonwatch.org.br\/?p=24425\" \/>\n<meta property=\"og:site_name\" content=\"RioOnWatch\" \/>\n<meta property=\"article:published_time\" content=\"2017-01-30T13:33:21+00:00\" \/>\n<meta property=\"article:modified_time\" content=\"2017-02-05T15:37:23+00:00\" \/>\n<meta property=\"og:image\" content=\"https:\/\/rioonwatch.org.br\/wp-content\/uploads\/2017\/01\/Vila-Autodromo-frente-a-prefeitura.jpg\" \/>\n\t<meta property=\"og:image:width\" content=\"714\" \/>\n\t<meta property=\"og:image:height\" content=\"361\" \/>\n\t<meta property=\"og:image:type\" content=\"image\/jpeg\" \/>\n<meta name=\"author\" content=\"Luisa Fenizola\" \/>\n<meta name=\"twitter:card\" content=\"summary_large_image\" \/>\n<meta name=\"twitter:label1\" content=\"Escrito por\" \/>\n\t<meta name=\"twitter:data1\" content=\"Luisa Fenizola\" \/>\n\t<meta name=\"twitter:label2\" content=\"Est. tempo de leitura\" \/>\n\t<meta name=\"twitter:data2\" content=\"4 minutos\" \/>\n<script type=\"application\/ld+json\" class=\"yoast-schema-graph\">{\"@context\":\"https:\/\/schema.org\",\"@graph\":[{\"@type\":\"Article\",\"@id\":\"https:\/\/rioonwatch.org.br\/?p=24425#article\",\"isPartOf\":{\"@id\":\"https:\/\/rioonwatch.org.br\/?p=24425\"},\"author\":{\"name\":\"Luisa Fenizola\",\"@id\":\"https:\/\/rioonwatch.org.br\/#\/schema\/person\/f443c6b55bb6e80842280318076491c5\"},\"headline\":\"Moradores da Vila Aut\u00f3dromo Solicitam Reuni\u00e3o com o Novo Prefeito para Discutir Urbaniza\u00e7\u00e3o Pendente\",\"datePublished\":\"2017-01-30T13:33:21+00:00\",\"dateModified\":\"2017-02-05T15:37:23+00:00\",\"mainEntityOfPage\":{\"@id\":\"https:\/\/rioonwatch.org.br\/?p=24425\"},\"wordCount\":722,\"publisher\":{\"@id\":\"https:\/\/rioonwatch.org.br\/#organization\"},\"image\":{\"@id\":\"https:\/\/rioonwatch.org.br\/?p=24425#primaryimage\"},\"thumbnailUrl\":\"https:\/\/rioonwatch.org.br\/wp-content\/uploads\/2017\/01\/Vila-Autodromo-frente-a-prefeitura.jpg\",\"keywords\":[\"Barra da Tijuca\",\"Direito \u00e0 Moradia\",\"Eduardo Paes\",\"Marcelo Crivella\",\"Megaeventos\",\"mobiliza\u00e7\u00e3o\",\"participa\u00e7\u00e3o\",\"Plano Popular\",\"Remo\u00e7\u00e3o\",\"sa\u00fade\",\"solu\u00e7\u00e3o comunit\u00e1ria\",\"sub-prefeito\",\"Sub-prefeito Alex Costa\",\"t\u00e1ticas de organiza\u00e7\u00e3o\",\"Vila Aut\u00f3dromo\",\"Zona Oeste\"],\"articleSection\":[\"#OlhoNaParticipa\u00e7\u00e3o\",\"#OlhoNasRemo\u00e7\u00f5es\",\"#OlhoNaUrbaniza\u00e7\u00e3o\",\"#OlhoNoLegado\",\"*Destaque\"],\"inLanguage\":\"pt-BR\"},{\"@type\":\"WebPage\",\"@id\":\"https:\/\/rioonwatch.org.br\/?p=24425\",\"url\":\"https:\/\/rioonwatch.org.br\/?p=24425\",\"name\":\"Moradores da Vila Aut\u00f3dromo Solicitam Reuni\u00e3o com o Novo Prefeito para Discutir Urbaniza\u00e7\u00e3o Pendente - RioOnWatch\",\"isPartOf\":{\"@id\":\"https:\/\/rioonwatch.org.br\/#website\"},\"primaryImageOfPage\":{\"@id\":\"https:\/\/rioonwatch.org.br\/?p=24425#primaryimage\"},\"image\":{\"@id\":\"https:\/\/rioonwatch.org.br\/?p=24425#primaryimage\"},\"thumbnailUrl\":\"https:\/\/rioonwatch.org.br\/wp-content\/uploads\/2017\/01\/Vila-Autodromo-frente-a-prefeitura.jpg\",\"datePublished\":\"2017-01-30T13:33:21+00:00\",\"dateModified\":\"2017-02-05T15:37:23+00:00\",\"breadcrumb\":{\"@id\":\"https:\/\/rioonwatch.org.br\/?p=24425#breadcrumb\"},\"inLanguage\":\"pt-BR\",\"potentialAction\":[{\"@type\":\"ReadAction\",\"target\":[\"https:\/\/rioonwatch.org.br\/?p=24425\"]}]},{\"@type\":\"ImageObject\",\"inLanguage\":\"pt-BR\",\"@id\":\"https:\/\/rioonwatch.org.br\/?p=24425#primaryimage\",\"url\":\"https:\/\/rioonwatch.org.br\/wp-content\/uploads\/2017\/01\/Vila-Autodromo-frente-a-prefeitura.jpg\",\"contentUrl\":\"https:\/\/rioonwatch.org.br\/wp-content\/uploads\/2017\/01\/Vila-Autodromo-frente-a-prefeitura.jpg\",\"width\":714,\"height\":361,\"caption\":\"Vila Autodromo frente a prefeitura\"},{\"@type\":\"BreadcrumbList\",\"@id\":\"https:\/\/rioonwatch.org.br\/?p=24425#breadcrumb\",\"itemListElement\":[{\"@type\":\"ListItem\",\"position\":1,\"name\":\"In\u00edcio\",\"item\":\"https:\/\/rioonwatch.org.br\/\"},{\"@type\":\"ListItem\",\"position\":2,\"name\":\"Moradores da Vila Aut\u00f3dromo Solicitam Reuni\u00e3o com o Novo Prefeito para Discutir Urbaniza\u00e7\u00e3o Pendente\"}]},{\"@type\":\"WebSite\",\"@id\":\"https:\/\/rioonwatch.org.br\/#website\",\"url\":\"https:\/\/rioonwatch.org.br\/\",\"name\":\"RioOnWatch\",\"description\":\"relatos das favelas cariocas\",\"publisher\":{\"@id\":\"https:\/\/rioonwatch.org.br\/#organization\"},\"potentialAction\":[{\"@type\":\"SearchAction\",\"target\":{\"@type\":\"EntryPoint\",\"urlTemplate\":\"https:\/\/rioonwatch.org.br\/?s={search_term_string}\"},\"query-input\":{\"@type\":\"PropertyValueSpecification\",\"valueRequired\":true,\"valueName\":\"search_term_string\"}}],\"inLanguage\":\"pt-BR\"},{\"@type\":\"Organization\",\"@id\":\"https:\/\/rioonwatch.org.br\/#organization\",\"name\":\"RioOnWatch\",\"url\":\"https:\/\/rioonwatch.org.br\/\",\"logo\":{\"@type\":\"ImageObject\",\"inLanguage\":\"pt-BR\",\"@id\":\"https:\/\/rioonwatch.org.br\/#\/schema\/logo\/image\/\",\"url\":\"https:\/\/rioonwatch.org.br\/wp-content\/uploads\/2021\/06\/RioOnWatchcabecalhoPT11anos-2.png\",\"contentUrl\":\"https:\/\/rioonwatch.org.br\/wp-content\/uploads\/2021\/06\/RioOnWatchcabecalhoPT11anos-2.png\",\"width\":779,\"height\":277,\"caption\":\"RioOnWatch\"},\"image\":{\"@id\":\"https:\/\/rioonwatch.org.br\/#\/schema\/logo\/image\/\"}},{\"@type\":\"Person\",\"@id\":\"https:\/\/rioonwatch.org.br\/#\/schema\/person\/f443c6b55bb6e80842280318076491c5\",\"name\":\"Luisa Fenizola\",\"image\":{\"@type\":\"ImageObject\",\"inLanguage\":\"pt-BR\",\"@id\":\"https:\/\/rioonwatch.org.br\/#\/schema\/person\/image\/\",\"url\":\"https:\/\/secure.gravatar.com\/avatar\/a3d551110162b9f876cbbdaaecf75663?s=96&d=blank&r=g\",\"contentUrl\":\"https:\/\/secure.gravatar.com\/avatar\/a3d551110162b9f876cbbdaaecf75663?s=96&d=blank&r=g\",\"caption\":\"Luisa Fenizola\"},\"url\":\"https:\/\/rioonwatch.org.br\/?author=152\"}]}<\/script>\n<!-- \/ Yoast SEO plugin. -->","yoast_head_json":{"title":"Moradores da Vila Aut\u00f3dromo Solicitam Reuni\u00e3o com o Novo Prefeito para Discutir Urbaniza\u00e7\u00e3o Pendente - RioOnWatch","robots":{"index":"index","follow":"follow","max-snippet":"max-snippet:-1","max-image-preview":"max-image-preview:large","max-video-preview":"max-video-preview:-1"},"canonical":"https:\/\/rioonwatch.org.br\/?p=24425","og_locale":"pt_BR","og_type":"article","og_title":"Moradores da Vila Aut\u00f3dromo Solicitam Reuni\u00e3o com o Novo Prefeito para Discutir Urbaniza\u00e7\u00e3o Pendente - RioOnWatch","og_description":"Click Here for English Na \u00faltima quinta-feira, dia 26 de janeiro, moradores da Vila Aut\u00f3dromo estiveram na Prefeitura do Rio de Janeiro para a entrega de um of\u00edcio solicitando uma reuni\u00e3o com o novo prefeito [...]","og_url":"https:\/\/rioonwatch.org.br\/?p=24425","og_site_name":"RioOnWatch","article_published_time":"2017-01-30T13:33:21+00:00","article_modified_time":"2017-02-05T15:37:23+00:00","og_image":[{"width":714,"height":361,"url":"https:\/\/rioonwatch.org.br\/wp-content\/uploads\/2017\/01\/Vila-Autodromo-frente-a-prefeitura.jpg","type":"image\/jpeg"}],"author":"Luisa Fenizola","twitter_card":"summary_large_image","twitter_misc":{"Escrito por":"Luisa Fenizola","Est. tempo de leitura":"4 minutos"},"schema":{"@context":"https:\/\/schema.org","@graph":[{"@type":"Article","@id":"https:\/\/rioonwatch.org.br\/?p=24425#article","isPartOf":{"@id":"https:\/\/rioonwatch.org.br\/?p=24425"},"author":{"name":"Luisa Fenizola","@id":"https:\/\/rioonwatch.org.br\/#\/schema\/person\/f443c6b55bb6e80842280318076491c5"},"headline":"Moradores da Vila Aut\u00f3dromo Solicitam Reuni\u00e3o com o Novo Prefeito para Discutir Urbaniza\u00e7\u00e3o Pendente","datePublished":"2017-01-30T13:33:21+00:00","dateModified":"2017-02-05T15:37:23+00:00","mainEntityOfPage":{"@id":"https:\/\/rioonwatch.org.br\/?p=24425"},"wordCount":722,"publisher":{"@id":"https:\/\/rioonwatch.org.br\/#organization"},"image":{"@id":"https:\/\/rioonwatch.org.br\/?p=24425#primaryimage"},"thumbnailUrl":"https:\/\/rioonwatch.org.br\/wp-content\/uploads\/2017\/01\/Vila-Autodromo-frente-a-prefeitura.jpg","keywords":["Barra da Tijuca","Direito \u00e0 Moradia","Eduardo Paes","Marcelo Crivella","Megaeventos","mobiliza\u00e7\u00e3o","participa\u00e7\u00e3o","Plano Popular","Remo\u00e7\u00e3o","sa\u00fade","solu\u00e7\u00e3o comunit\u00e1ria","sub-prefeito","Sub-prefeito Alex Costa","t\u00e1ticas de organiza\u00e7\u00e3o","Vila Aut\u00f3dromo","Zona Oeste"],"articleSection":["#OlhoNaParticipa\u00e7\u00e3o","#OlhoNasRemo\u00e7\u00f5es","#OlhoNaUrbaniza\u00e7\u00e3o","#OlhoNoLegado","*Destaque"],"inLanguage":"pt-BR"},{"@type":"WebPage","@id":"https:\/\/rioonwatch.org.br\/?p=24425","url":"https:\/\/rioonwatch.org.br\/?p=24425","name":"Moradores da Vila Aut\u00f3dromo Solicitam Reuni\u00e3o com o Novo Prefeito para Discutir Urbaniza\u00e7\u00e3o Pendente - RioOnWatch","isPartOf":{"@id":"https:\/\/rioonwatch.org.br\/#website"},"primaryImageOfPage":{"@id":"https:\/\/rioonwatch.org.br\/?p=24425#primaryimage"},"image":{"@id":"https:\/\/rioonwatch.org.br\/?p=24425#primaryimage"},"thumbnailUrl":"https:\/\/rioonwatch.org.br\/wp-content\/uploads\/2017\/01\/Vila-Autodromo-frente-a-prefeitura.jpg","datePublished":"2017-01-30T13:33:21+00:00","dateModified":"2017-02-05T15:37:23+00:00","breadcrumb":{"@id":"https:\/\/rioonwatch.org.br\/?p=24425#breadcrumb"},"inLanguage":"pt-BR","potentialAction":[{"@type":"ReadAction","target":["https:\/\/rioonwatch.org.br\/?p=24425"]}]},{"@type":"ImageObject","inLanguage":"pt-BR","@id":"https:\/\/rioonwatch.org.br\/?p=24425#primaryimage","url":"https:\/\/rioonwatch.org.br\/wp-content\/uploads\/2017\/01\/Vila-Autodromo-frente-a-prefeitura.jpg","contentUrl":"https:\/\/rioonwatch.org.br\/wp-content\/uploads\/2017\/01\/Vila-Autodromo-frente-a-prefeitura.jpg","width":714,"height":361,"caption":"Vila Autodromo frente a prefeitura"},{"@type":"BreadcrumbList","@id":"https:\/\/rioonwatch.org.br\/?p=24425#breadcrumb","itemListElement":[{"@type":"ListItem","position":1,"name":"In\u00edcio","item":"https:\/\/rioonwatch.org.br\/"},{"@type":"ListItem","position":2,"name":"Moradores da Vila Aut\u00f3dromo Solicitam Reuni\u00e3o com o Novo Prefeito para Discutir Urbaniza\u00e7\u00e3o Pendente"}]},{"@type":"WebSite","@id":"https:\/\/rioonwatch.org.br\/#website","url":"https:\/\/rioonwatch.org.br\/","name":"RioOnWatch","description":"relatos das favelas cariocas","publisher":{"@id":"https:\/\/rioonwatch.org.br\/#organization"},"potentialAction":[{"@type":"SearchAction","target":{"@type":"EntryPoint","urlTemplate":"https:\/\/rioonwatch.org.br\/?s={search_term_string}"},"query-input":{"@type":"PropertyValueSpecification","valueRequired":true,"valueName":"search_term_string"}}],"inLanguage":"pt-BR"},{"@type":"Organization","@id":"https:\/\/rioonwatch.org.br\/#organization","name":"RioOnWatch","url":"https:\/\/rioonwatch.org.br\/","logo":{"@type":"ImageObject","inLanguage":"pt-BR","@id":"https:\/\/rioonwatch.org.br\/#\/schema\/logo\/image\/","url":"https:\/\/rioonwatch.org.br\/wp-content\/uploads\/2021\/06\/RioOnWatchcabecalhoPT11anos-2.png","contentUrl":"https:\/\/rioonwatch.org.br\/wp-content\/uploads\/2021\/06\/RioOnWatchcabecalhoPT11anos-2.png","width":779,"height":277,"caption":"RioOnWatch"},"image":{"@id":"https:\/\/rioonwatch.org.br\/#\/schema\/logo\/image\/"}},{"@type":"Person","@id":"https:\/\/rioonwatch.org.br\/#\/schema\/person\/f443c6b55bb6e80842280318076491c5","name":"Luisa Fenizola","image":{"@type":"ImageObject","inLanguage":"pt-BR","@id":"https:\/\/rioonwatch.org.br\/#\/schema\/person\/image\/","url":"https:\/\/secure.gravatar.com\/avatar\/a3d551110162b9f876cbbdaaecf75663?s=96&d=blank&r=g","contentUrl":"https:\/\/secure.gravatar.com\/avatar\/a3d551110162b9f876cbbdaaecf75663?s=96&d=blank&r=g","caption":"Luisa Fenizola"},"url":"https:\/\/rioonwatch.org.br\/?author=152"}]}},"_links":{"self":[{"href":"https:\/\/rioonwatch.org.br\/index.php?rest_route=\/wp\/v2\/posts\/24425"}],"collection":[{"href":"https:\/\/rioonwatch.org.br\/index.php?rest_route=\/wp\/v2\/posts"}],"about":[{"href":"https:\/\/rioonwatch.org.br\/index.php?rest_route=\/wp\/v2\/types\/post"}],"author":[{"embeddable":true,"href":"https:\/\/rioonwatch.org.br\/index.php?rest_route=\/wp\/v2\/users\/152"}],"replies":[{"embeddable":true,"href":"https:\/\/rioonwatch.org.br\/index.php?rest_route=%2Fwp%2Fv2%2Fcomments&post=24425"}],"version-history":[{"count":12,"href":"https:\/\/rioonwatch.org.br\/index.php?rest_route=\/wp\/v2\/posts\/24425\/revisions"}],"predecessor-version":[{"id":24429,"href":"https:\/\/rioonwatch.org.br\/index.php?rest_route=\/wp\/v2\/posts\/24425\/revisions\/24429"}],"wp:featuredmedia":[{"embeddable":true,"href":"https:\/\/rioonwatch.org.br\/index.php?rest_route=\/wp\/v2\/media\/24430"}],"wp:attachment":[{"href":"https:\/\/rioonwatch.org.br\/index.php?rest_route=%2Fwp%2Fv2%2Fmedia&parent=24425"}],"wp:term":[{"taxonomy":"category","embeddable":true,"href":"https:\/\/rioonwatch.org.br\/index.php?rest_route=%2Fwp%2Fv2%2Fcategories&post=24425"},{"taxonomy":"post_tag","embeddable":true,"href":"https:\/\/rioonwatch.org.br\/index.php?rest_route=%2Fwp%2Fv2%2Ftags&post=24425"},{"taxonomy":"writer","embeddable":true,"href":"https:\/\/rioonwatch.org.br\/index.php?rest_route=%2Fwp%2Fv2%2Fwriter&post=24425"},{"taxonomy":"translator","embeddable":true,"href":"https:\/\/rioonwatch.org.br\/index.php?rest_route=%2Fwp%2Fv2%2Ftranslator&post=24425"},{"taxonomy":"source","embeddable":true,"href":"https:\/\/rioonwatch.org.br\/index.php?rest_route=%2Fwp%2Fv2%2Fsource&post=24425"},{"taxonomy":"ilustrador","embeddable":true,"href":"https:\/\/rioonwatch.org.br\/index.php?rest_route=%2Fwp%2Fv2%2Filustrador&post=24425"},{"taxonomy":"fotografo","embeddable":true,"href":"https:\/\/rioonwatch.org.br\/index.php?rest_route=%2Fwp%2Fv2%2Ffotografo&post=24425"}],"curies":[{"name":"wp","href":"https:\/\/api.w.org\/{rel}","templated":true}]}}