{"id":24544,"date":"2017-02-17T09:36:31","date_gmt":"2017-02-17T12:36:31","guid":{"rendered":"http:\/\/rioonwatch.org.br\/?p=24544"},"modified":"2024-06-20T12:43:53","modified_gmt":"2024-06-20T15:43:53","slug":"uma-introducao-a-educacao-publica-no-rio-de-janeiro","status":"publish","type":"post","link":"https:\/\/rioonwatch.org.br\/?p=24544","title":{"rendered":"Uma Introdu\u00e7\u00e3o \u00e0 Educa\u00e7\u00e3o P\u00fablica no Rio de Janeiro [REFER\u00caNCIA]"},"content":{"rendered":"<p style=\"text-align: right;\"><em><strong><a href=\"http:\/\/bit.ly\/2khR9fx\" target=\"_blank\" rel=\"noopener\">Click Here for English<img decoding=\"async\" width=\"20\" height=\"20\" class=\"alignright wp-image-15790\" src=\"http:\/\/rioonwatch.org.br\/wp-content\/uploads\/2012\/08\/EN-standard-e1439583104716.jpg\" alt=\"\" \/><\/a><\/strong><\/em><\/p>\n<p>O Estado do Rio de Janeiro \u00e9 entre os lugares com o maior n\u00famero de\u00a0escolas p\u00fablicas do mundo, s\u00f3 na cidade do Rio s\u00e3o\u00a0<a href=\"http:\/\/bit.ly\/29bntgf\" target=\"_blank\" rel=\"noopener\">mais de 1000 escolas municipais<\/a>, sem contar as estaduais. Em todo o Brasil, as escolas p\u00fablicas absorvem <a href=\"http:\/\/bit.ly\/2kmWgKi\" target=\"_blank\" rel=\"noopener\">aproximadamente 80% dos alunos<\/a>. As vagas nas escolas p\u00fablicas s\u00e3o alocadas com base na localiza\u00e7\u00e3o por um comit\u00ea da secretaria municipal e estadual e, diferentemente dos Estados Unidos, <a href=\"http:\/\/bit.ly\/29eKYCE\" target=\"_blank\" rel=\"noopener\">an\u00e1lises sugerem que<\/a> \u201cn\u00e3o h\u00e1 evid\u00eancia de que a educa\u00e7\u00e3o p\u00fablica seja uma dimens\u00e3o importante na escolha de bairro\u201d para os cariocas.<\/p>\n<p>No Rio a <a href=\"http:\/\/bit.ly\/1acNApR\" target=\"_blank\" rel=\"noopener\">educa\u00e7\u00e3o<\/a> segue os mesmos est\u00e1gios escolares do restante do Brasil, come\u00e7ando com a creche para crian\u00e7as de 2-4 anos, a pr\u00e9-escola para crian\u00e7as entre 4 e 6 anos, seguida pelo Ensino Fundamental I e II, para alunos de 6-14 anos. O Ensino M\u00e9dio se destina aos jovens de 15 a 17, mas na realidade tem um corpo de estudantes composto por jovens em sua maioria entre 15 e 19 anos. Em todos estes est\u00e1gios o per\u00edodo escolar normalmente dura de 3 a 4 horas, <a href=\"http:\/\/bit.ly\/1TSKBO4\" target=\"_blank\" rel=\"noopener\">principalmente por falta de espa\u00e7o<\/a>. Ao passo que a creche \u00e9 opcional, todo os est\u00e1gios subsequentes s\u00e3o obrigat\u00f3rios por lei federal desde 2016.<\/p>\n<p><a href=\"http:\/\/rioonwatch.org.br\/wp-content\/uploads\/2017\/02\/CB_mobiliario_escolas_Curitiba_29062015_002-620x264.jpg\"><img fetchpriority=\"high\" decoding=\"async\" class=\"aligncenter wp-image-24551 size-medium\" title=\"Alunos em escola em Curitiba. Foto por\u00a0Cesar Brustolin\/SMCS\" src=\"http:\/\/rioonwatch.org.br\/wp-content\/uploads\/2017\/02\/CB_mobiliario_escolas_Curitiba_29062015_002-620x264-620x264.jpg\" alt=\"Alunos em escola em Curitiba. Foto por\u00a0Cesar Brustolin\/SMCS\" width=\"620\" height=\"264\" \/><\/a><\/p>\n<p><a href=\"http:\/\/bit.ly\/298c4Z7\" target=\"_blank\" rel=\"noopener\">N\u00e3o h\u00e1 um curr\u00edculo nacional r\u00edgido no Brasil<\/a>; em vez disso, os estados recebem diretrizes nacionais sobre o que os alunos devem aprender em cada est\u00e1gio, mas se espera que incorporem \u201ccaracter\u00edsticas regionais e locais\u201d. Em todos os est\u00e1gios do aprendizado, os assuntos principais s\u00e3o a l\u00edngua portuguesa, matem\u00e1tica e ci\u00eancias, bem como o \u201cconhecimento da realidade social e pol\u00edtica do pa\u00eds\u201d e educa\u00e7\u00e3o f\u00edsica. A aus\u00eancia de um\u00a0curr\u00edculo nacional causa, ocasionalmente, problemas nos testes: <a href=\"http:\/\/bit.ly\/296cEpO\" target=\"_blank\" rel=\"noopener\">em uma prova nacional<\/a>, foi solicitado aos alunos que descrevessem uma jaca, o que se mostrou problem\u00e1tico para aqueles que estavam fora do Rio de Janeiro, o principal estado brasileiro onde a jaca \u00e9 encontrada.<\/p>\n<p>O programa <a href=\"http:\/\/bit.ly\/1bVmvbP\" target=\"_blank\" rel=\"noopener\">Bolsa Fam\u00edlia<\/a> <a href=\"http:\/\/bit.ly\/2aqTwYg\" target=\"_blank\" rel=\"noopener\">alavancou, significativamente, as taxas de frequ\u00eancia escolar pelo Brasil<\/a>, mas a qualidade da educa\u00e7\u00e3o significa que o pa\u00eds ainda est\u00e1 bem atr\u00e1s dos demais nas classifica\u00e7\u00f5es gerais mundiais; o <a href=\"http:\/\/bit.ly\/29hIxQr\" target=\"_blank\" rel=\"noopener\">Brasil se classificou na posi\u00e7\u00e3o 54 de 65 pa\u00edses medidos<\/a> pela OECD em 2011. Apesar da qualidade da educa\u00e7\u00e3o ser <a href=\"http:\/\/bit.ly\/299acjy\" target=\"_blank\" rel=\"noopener\">um dos itens principais<\/a> no Plano Nacional de Educa\u00e7\u00e3o (PNE) Brasileiro de 2014 e de <a href=\"http:\/\/bit.ly\/2lfOtjg\" target=\"_blank\" rel=\"noopener\">um aumento de 121%<\/a> no investimento em educa\u00e7\u00e3o p\u00fablica entre 2000 e 2008 isoladamente, at\u00e9 agora <a href=\"http:\/\/bit.ly\/1FM0mN6\" target=\"_blank\" rel=\"noopener\">n\u00e3o houve nenhum sinal de melhora<\/a>. O Instituto para Pesquisa e Administra\u00e7\u00e3o em Educa\u00e7\u00e3o (<a href=\"http:\/\/bit.ly\/298qPvv\">IPAE<\/a>) recomendou reformas, que incluem estender o per\u00edodo escolar, investir em tecnologia, fornecer estabilidade empregat\u00edcia para professores, aumentar a efici\u00eancia na gest\u00e3o escolar e implementa\u00e7\u00e3o de pol\u00edticas adequadas desde o n\u00edvel federal at\u00e9 o n\u00edvel municipal e da escola\u00a0individual.<\/p>\n<h3><strong><span style=\"font-family: 'Times New Roman','serif';\">Quais s\u00e3o as principais dificuldades que a educa\u00e7\u00e3o p\u00fablica enfrenta no Rio de Janeiro?<\/span><\/strong><\/h3>\n<p>A qualidade da educa\u00e7\u00e3o no Rio foi um fator <a href=\"http:\/\/bit.ly\/1U0lnwm\" target=\"_blank\" rel=\"noopener\">significativo nos protestos estudantis<\/a> que come\u00e7aram em mar\u00e7o de 2016, com estudantes ocupando escolas p\u00fablicas para exigir padr\u00f5es mais altos de educa\u00e7\u00e3o, acesso a recursos e instala\u00e7\u00f5es estudantis e <a href=\"http:\/\/bit.ly\/2dQJO4t\" target=\"_blank\" rel=\"noopener\">melhores condi\u00e7\u00f5es de aprendizado, entre outros fatores<\/a>. Um investimento pesado \u00e9 necess\u00e1rio para manter as escolas p\u00fablicas no Rio, muitas das quais est\u00e3o em edif\u00edcios prec\u00e1rios de propriedade p\u00fablica: <a href=\"http:\/\/bit.ly\/299adnI\" target=\"_blank\" rel=\"noopener\">uma pesquisa realizada pela Secretaria Municipal de Educa\u00e7\u00e3o em 2011,<\/a> descobriu que 62% da infraestrutura das escolas municipais era \u201cregular, ruim ou p\u00e9ssima\u201d. Nenhum investimento foi feito al\u00e9m da pesquisa de 2011 e entre 2014 e 2015 o Estado do Rio de Janeiro tamb\u00e9m viu <a href=\"http:\/\/glo.bo\/298cZZu\" target=\"_blank\" rel=\"noopener\">uma queda de 72% no investimento<\/a> em infraestrutura e manuten\u00e7\u00e3o. Tamb\u00e9m <a href=\"http:\/\/glo.bo\/298cZZu\" target=\"_blank\" rel=\"noopener\">n\u00e3o houve<\/a> a constru\u00e7\u00e3o de nenhuma unidade escolar pelo governo do Estado do Rio de Janeiro durante este per\u00edodo, apesar da promessa feita antes da <a href=\"http:\/\/bit.ly\/WfaiMR\" target=\"_blank\" rel=\"noopener\">Copa do Mundo<\/a><span style=\"color: windowtext; text-decoration: none; text-underline: none;\">\u00a0de 2014 d<\/span>e\u00a0<a href=\"http:\/\/bit.ly\/2khR9fx\" target=\"_blank\" rel=\"noopener\">177 novas escolas p\u00fablicas at\u00e9 2015<\/a>.<\/p>\n<p>As defici\u00eancias do sistema escolar p\u00fablico s\u00e3o mais \u00f3bvias entre estudantes acima de 15 anos de idade, que deveriam estar iniciando o ensino m\u00e9dio. No momento em que os estudantes do Rio de Janeiro terminam o Ensino Fundamental II, 23,5% est\u00e3o em atraso de dois anos ou mais. O Estado do Rio de Janeiro tem a taxa mais alta de gradua\u00e7\u00e3o atrasada no Brasil: 27,4% de alunos do ensino m\u00e9dio de escolas privadas e 51,6% dos alunos do ensino m\u00e9dio p\u00fablico se formam tardiamente, implicando em anos escolares repetidos. Em uma pesquisa comissionada em 2010, as baixas taxas de frequ\u00eancia foram atribu\u00eddas a uma economia mais forte atraindo os jovens para a for\u00e7a de trabalho, uma falta de interesse por parte dos alunos, m\u00e1 organiza\u00e7\u00e3o das disciplinas na escola, <a href=\"http:\/\/bit.ly\/1qugkT2\" target=\"_blank\" rel=\"noopener\">viol\u00eancia urbana<\/a>, gravidez na adolesc\u00eancia e uma aus\u00eancia de oportunidade para buscar mais educa\u00e7\u00e3o.<\/p>\n<h3><span style=\"font-family: 'Times New Roman','serif';\">Como fica a compara\u00e7\u00e3o entre as diferentes \u00e1reas da cidade?<\/span><\/h3>\n<p>Diferen\u00e7as socioecon\u00f4micas entre as v\u00e1rias zonas\u00a0da cidade se apresentam principalmente atrav\u00e9s das taxas de alfabetiza\u00e7\u00e3o. Aproximadamente 2,8% dos cidad\u00e3os com 15 anos ou mais na cidade do Rio s\u00e3o analfabetos e, na <a href=\"http:\/\/bit.ly\/1KFTsNJ\" target=\"_blank\" rel=\"noopener\">Tijuca<\/a>, M\u00e9ier e por toda a\u00a0<a href=\"http:\/\/bit.ly\/1mNsDyk\" target=\"_blank\" rel=\"noopener\">Zona Sul<\/a>, o analfabetismo entre adultos \u00e9 de cerca de 2%. Entretanto, em\u00a0<a href=\"http:\/\/bit.ly\/1eH5Mym\" target=\"_blank\" rel=\"noopener\">Santa Cruz<\/a>\u00a0(Zona Oeste),\u00a0<a href=\"http:\/\/bit.ly\/2hh5d4o\" target=\"_blank\" rel=\"noopener\">Ramos<\/a>\u00a0e Inha\u00fama (Zona Norte)\u00a0este n\u00famero \u00e9 quase o dobro, com o analfabetismo entre adultos atingindo 4,9%, 4,2% e 4,1% respectivamente.<\/p>\n<p>As taxas de frequ\u00eancia s\u00e3o outra \u00e1rea que demonstra disparidades por todo o Rio. De acordo com o Instituto Pereira Passos, a frequ\u00eancia no ensino m\u00e9dio cai \u201cnas \u00e1reas de renda mais baixa\u201d, como a\u00a0<a href=\"http:\/\/bit.ly\/1rX07t8\" target=\"_blank\" rel=\"noopener\">Penha<\/a>, onde apenas 80,4% dos jovens entre 15-17 anos estavam estudando em 2010. Enquanto isso, na Tijuca e\u00a0<a href=\"http:\/\/bit.ly\/1IAO1SP\" target=\"_blank\" rel=\"noopener\">Madureira<\/a>&#8211;onde a renda m\u00e9dia \u00e9 significativamente mais alta do que em algumas outras \u00e1reas da cidade&#8211;91% dos alunos com idade para o ensino m\u00e9dio estavam frequentando a escola.<\/p>\n<p><a href=\"http:\/\/rioonwatch.org.br\/wp-content\/uploads\/2017\/02\/OF_Ensino-socioeducativo-menores-infratores-MG_05192015010-620x264.jpg\"><img decoding=\"async\" class=\"aligncenter wp-image-24555 size-full\" title=\"Foto por Omar Freire - Imprensa MG\" src=\"http:\/\/rioonwatch.org.br\/wp-content\/uploads\/2017\/02\/OF_Ensino-socioeducativo-menores-infratores-MG_05192015010-620x264.jpg\" width=\"620\" height=\"264\" \/><\/a><\/p>\n<p>Estudantes negros e de etnias mistas apresentam taxas de frequ\u00eancia escolar desproporcionalmente baixas, bem como taxas altas de analfabetismo funcional e repeti\u00e7\u00e3o de s\u00e9ries em todo o Estado do Rio de Janeiro. As taxas de frequ\u00eancia em creches foram mais baixas entre crian\u00e7as negras e de etnias mistas, assim como eram as taxas de frequ\u00eancia na pr\u00e9-escola e ensino m\u00e9dio antes da introdu\u00e7\u00e3o da legisla\u00e7\u00e3o atual. As taxas de alfabetiza\u00e7\u00e3o refletem o seguinte: 4% dos pr\u00e9-escolares negros eram analfabetos em compara\u00e7\u00e3o com 1,8% dos pr\u00e9-escolares brancos. Entre crian\u00e7as de 8 e 9 anos, 8%\u00a0dos alunos negros e 4% dos alunos brancos eram analfabetos. E entre alunos do ensino m\u00e9dio, estas porcentagens eram de 2,2% entre negros e 1,4% entre\u00a0brancos. Os dados da Prefeitura do Rio mostram \u201cnegros, <a href=\"http:\/\/bit.ly\/299adnI\" target=\"_blank\" rel=\"noopener\">consistentemente registrando taxas de distor\u00e7\u00e3o<\/a> maiores que as entre alunos de cor branca\u201d, se referindo \u00e0s taxas nas quais os alunos est\u00e3o estudando em um n\u00edvel mais baixo do que o pretendido para sua idade, normalmente devido a repeti\u00e7\u00e3o de ano.<\/p>\n<p>Os <a href=\"http:\/\/bit.ly\/1OOlg7r\" target=\"_blank\" rel=\"noopener\">mapas publicados no final de 2015<\/a> mostram que os cidad\u00e3os cariocas negros e de etnias mistas vivem predominantemente em \u00e1reas de baixa renda e mais marginalizadas como Ramos e Santa Cruz, ao passo que a Zona Sul e a Tijuca s\u00e3o amplamente povoadas por brancos. A instru\u00e7\u00e3o entre os mapas e nos dados educacionais da cidade destacam a desigualdade socioecon\u00f4mica e racial presente no Rio de Janeiro hoje.<\/p>\n<p><em>As informa\u00e7\u00f5es mais atualizadas dispon\u00edveis sobre taxas de alfabetiza\u00e7\u00e3o e de disparidades espaciais e socioecon\u00f4micas no Rio de Janeiro s\u00e3o de um estudo conduzido pela Prefeitura do Rio de Janeiro, <a href=\"http:\/\/bit.ly\/299adnI\" target=\"_blank\" rel=\"noopener\">que pode ser encontrado aqui<\/a>. Ele \u00e9 baseado parcialmente nas informa\u00e7\u00f5es do Censo Nacional de 2010 e de pesquisas mais recentes.<\/em><\/p>\n<!-- AddThis Advanced Settings generic via filter on the_content --><!-- AddThis Share Buttons generic via filter on the_content -->","protected":false},"excerpt":{"rendered":"<div class=\"mh-excerpt\"><p>Click Here for English O Estado do Rio de Janeiro \u00e9 entre os lugares com o maior n\u00famero de\u00a0escolas p\u00fablicas do mundo, s\u00f3 na cidade do Rio s\u00e3o\u00a0mais de 1000 escolas municipais, sem contar as <a class=\"mh-excerpt-more\" href=\"https:\/\/rioonwatch.org.br\/?p=24544\" title=\"Uma Introdu\u00e7\u00e3o \u00e0 Educa\u00e7\u00e3o P\u00fablica no Rio de Janeiro [REFER\u00caNCIA]\">[&#8230;]<\/a><!-- AddThis Advanced Settings generic via filter on get_the_excerpt --><!-- AddThis Share Buttons generic via filter on get_the_excerpt --><\/p>\n<\/div>","protected":false},"author":129,"featured_media":24548,"comment_status":"closed","ping_status":"closed","sticky":false,"template":"","format":"standard","meta":{"_acf_changed":false,"_monsterinsights_skip_tracking":false,"_monsterinsights_sitenote_active":false,"_monsterinsights_sitenote_note":"","_monsterinsights_sitenote_category":0,"footnotes":""},"categories":[1632,1631,1626],"tags":[893,2071,413,2070,316,1637,936],"writer":[1797],"translator":[1915],"source":[],"ilustrador":[],"fotografo":[],"class_list":{"0":"post-24544","1":"post","2":"type-post","3":"status-publish","4":"format-standard","5":"has-post-thumbnail","7":"category-pesquisa-e-analise","8":"category-entendendo-o-rio","9":"category-por-observadores-internacionais","10":"tag-bolsa-familia","11":"tag-censo","12":"tag-desigualdade","13":"tag-direito-a-educacao","14":"tag-educacao","15":"tag-referencia","16":"tag-raca","17":"writer-ciara-long","18":"translator-kris-bruscatto"},"acf":[],"yoast_head":"<!-- This site is optimized with the Yoast SEO plugin v25.6 - https:\/\/yoast.com\/wordpress\/plugins\/seo\/ -->\n<title>Uma Introdu\u00e7\u00e3o \u00e0 Educa\u00e7\u00e3o P\u00fablica no Rio de Janeiro [REFER\u00caNCIA] - RioOnWatch<\/title>\n<meta name=\"robots\" content=\"index, follow, max-snippet:-1, max-image-preview:large, max-video-preview:-1\" \/>\n<link rel=\"canonical\" href=\"https:\/\/rioonwatch.org.br\/?p=24544\" \/>\n<meta property=\"og:locale\" content=\"pt_BR\" \/>\n<meta property=\"og:type\" content=\"article\" \/>\n<meta property=\"og:title\" content=\"Uma Introdu\u00e7\u00e3o \u00e0 Educa\u00e7\u00e3o P\u00fablica no Rio de Janeiro [REFER\u00caNCIA] - RioOnWatch\" \/>\n<meta property=\"og:description\" content=\"Click Here for English O Estado do Rio de Janeiro \u00e9 entre os lugares com o maior n\u00famero de\u00a0escolas p\u00fablicas do mundo, s\u00f3 na cidade do Rio s\u00e3o\u00a0mais de 1000 escolas municipais, sem contar as [...]\" \/>\n<meta property=\"og:url\" content=\"https:\/\/rioonwatch.org.br\/?p=24544\" \/>\n<meta property=\"og:site_name\" content=\"RioOnWatch\" \/>\n<meta property=\"article:published_time\" content=\"2017-02-17T12:36:31+00:00\" \/>\n<meta property=\"article:modified_time\" content=\"2024-06-20T15:43:53+00:00\" \/>\n<meta property=\"og:image\" content=\"https:\/\/rioonwatch.org.br\/wp-content\/uploads\/2017\/02\/ABr251013EF_TNG5474-e1469648154127-scaled.jpg\" \/>\n\t<meta property=\"og:image:width\" content=\"2560\" \/>\n\t<meta property=\"og:image:height\" content=\"1322\" \/>\n\t<meta property=\"og:image:type\" content=\"image\/jpeg\" \/>\n<meta name=\"author\" content=\"Admin\" \/>\n<meta name=\"twitter:card\" content=\"summary_large_image\" \/>\n<meta name=\"twitter:label1\" content=\"Escrito por\" \/>\n\t<meta name=\"twitter:data1\" content=\"Admin\" \/>\n\t<meta name=\"twitter:label2\" content=\"Est. tempo de leitura\" \/>\n\t<meta name=\"twitter:data2\" content=\"8 minutos\" \/>\n<script type=\"application\/ld+json\" class=\"yoast-schema-graph\">{\"@context\":\"https:\/\/schema.org\",\"@graph\":[{\"@type\":\"Article\",\"@id\":\"https:\/\/rioonwatch.org.br\/?p=24544#article\",\"isPartOf\":{\"@id\":\"https:\/\/rioonwatch.org.br\/?p=24544\"},\"author\":{\"name\":\"Admin\",\"@id\":\"https:\/\/rioonwatch.org.br\/#\/schema\/person\/11d64c290506f9df50c71b850c473f68\"},\"headline\":\"Uma Introdu\u00e7\u00e3o \u00e0 Educa\u00e7\u00e3o P\u00fablica no Rio de Janeiro [REFER\u00caNCIA]\",\"datePublished\":\"2017-02-17T12:36:31+00:00\",\"dateModified\":\"2024-06-20T15:43:53+00:00\",\"mainEntityOfPage\":{\"@id\":\"https:\/\/rioonwatch.org.br\/?p=24544\"},\"wordCount\":1342,\"publisher\":{\"@id\":\"https:\/\/rioonwatch.org.br\/#organization\"},\"image\":{\"@id\":\"https:\/\/rioonwatch.org.br\/?p=24544#primaryimage\"},\"thumbnailUrl\":\"https:\/\/rioonwatch.org.br\/wp-content\/uploads\/2017\/02\/ABr251013EF_TNG5474-e1469648154127-scaled.jpg\",\"keywords\":[\"Bolsa Fam\u00edlia\",\"censo\",\"desigualdade\",\"direito \u00e0 educa\u00e7\u00e3o\",\"educa\u00e7\u00e3o\",\"Mat\u00e9rias de Refer\u00eancia\",\"ra\u00e7a\"],\"articleSection\":[\"Dados e Pesquisa\",\"Entendendo o Rio\",\"Escrito por Aliados\"],\"inLanguage\":\"pt-BR\"},{\"@type\":\"WebPage\",\"@id\":\"https:\/\/rioonwatch.org.br\/?p=24544\",\"url\":\"https:\/\/rioonwatch.org.br\/?p=24544\",\"name\":\"Uma Introdu\u00e7\u00e3o \u00e0 Educa\u00e7\u00e3o P\u00fablica no Rio de Janeiro [REFER\u00caNCIA] - RioOnWatch\",\"isPartOf\":{\"@id\":\"https:\/\/rioonwatch.org.br\/#website\"},\"primaryImageOfPage\":{\"@id\":\"https:\/\/rioonwatch.org.br\/?p=24544#primaryimage\"},\"image\":{\"@id\":\"https:\/\/rioonwatch.org.br\/?p=24544#primaryimage\"},\"thumbnailUrl\":\"https:\/\/rioonwatch.org.br\/wp-content\/uploads\/2017\/02\/ABr251013EF_TNG5474-e1469648154127-scaled.jpg\",\"datePublished\":\"2017-02-17T12:36:31+00:00\",\"dateModified\":\"2024-06-20T15:43:53+00:00\",\"breadcrumb\":{\"@id\":\"https:\/\/rioonwatch.org.br\/?p=24544#breadcrumb\"},\"inLanguage\":\"pt-BR\",\"potentialAction\":[{\"@type\":\"ReadAction\",\"target\":[\"https:\/\/rioonwatch.org.br\/?p=24544\"]}]},{\"@type\":\"ImageObject\",\"inLanguage\":\"pt-BR\",\"@id\":\"https:\/\/rioonwatch.org.br\/?p=24544#primaryimage\",\"url\":\"https:\/\/rioonwatch.org.br\/wp-content\/uploads\/2017\/02\/ABr251013EF_TNG5474-e1469648154127-scaled.jpg\",\"contentUrl\":\"https:\/\/rioonwatch.org.br\/wp-content\/uploads\/2017\/02\/ABr251013EF_TNG5474-e1469648154127-scaled.jpg\",\"width\":2560,\"height\":1322},{\"@type\":\"BreadcrumbList\",\"@id\":\"https:\/\/rioonwatch.org.br\/?p=24544#breadcrumb\",\"itemListElement\":[{\"@type\":\"ListItem\",\"position\":1,\"name\":\"In\u00edcio\",\"item\":\"https:\/\/rioonwatch.org.br\/\"},{\"@type\":\"ListItem\",\"position\":2,\"name\":\"Uma Introdu\u00e7\u00e3o \u00e0 Educa\u00e7\u00e3o P\u00fablica no Rio de Janeiro [REFER\u00caNCIA]\"}]},{\"@type\":\"WebSite\",\"@id\":\"https:\/\/rioonwatch.org.br\/#website\",\"url\":\"https:\/\/rioonwatch.org.br\/\",\"name\":\"RioOnWatch\",\"description\":\"relatos das favelas cariocas\",\"publisher\":{\"@id\":\"https:\/\/rioonwatch.org.br\/#organization\"},\"potentialAction\":[{\"@type\":\"SearchAction\",\"target\":{\"@type\":\"EntryPoint\",\"urlTemplate\":\"https:\/\/rioonwatch.org.br\/?s={search_term_string}\"},\"query-input\":{\"@type\":\"PropertyValueSpecification\",\"valueRequired\":true,\"valueName\":\"search_term_string\"}}],\"inLanguage\":\"pt-BR\"},{\"@type\":\"Organization\",\"@id\":\"https:\/\/rioonwatch.org.br\/#organization\",\"name\":\"RioOnWatch\",\"url\":\"https:\/\/rioonwatch.org.br\/\",\"logo\":{\"@type\":\"ImageObject\",\"inLanguage\":\"pt-BR\",\"@id\":\"https:\/\/rioonwatch.org.br\/#\/schema\/logo\/image\/\",\"url\":\"https:\/\/rioonwatch.org.br\/wp-content\/uploads\/2021\/06\/RioOnWatchcabecalhoPT11anos-2.png\",\"contentUrl\":\"https:\/\/rioonwatch.org.br\/wp-content\/uploads\/2021\/06\/RioOnWatchcabecalhoPT11anos-2.png\",\"width\":779,\"height\":277,\"caption\":\"RioOnWatch\"},\"image\":{\"@id\":\"https:\/\/rioonwatch.org.br\/#\/schema\/logo\/image\/\"}},{\"@type\":\"Person\",\"@id\":\"https:\/\/rioonwatch.org.br\/#\/schema\/person\/11d64c290506f9df50c71b850c473f68\",\"name\":\"Admin\",\"image\":{\"@type\":\"ImageObject\",\"inLanguage\":\"pt-BR\",\"@id\":\"https:\/\/rioonwatch.org.br\/#\/schema\/person\/image\/\",\"url\":\"https:\/\/secure.gravatar.com\/avatar\/56211ac74568383903349a1485e3c325?s=96&d=blank&r=g\",\"contentUrl\":\"https:\/\/secure.gravatar.com\/avatar\/56211ac74568383903349a1485e3c325?s=96&d=blank&r=g\",\"caption\":\"Admin\"},\"url\":\"https:\/\/rioonwatch.org.br\/?author=129\"}]}<\/script>\n<!-- \/ Yoast SEO plugin. -->","yoast_head_json":{"title":"Uma Introdu\u00e7\u00e3o \u00e0 Educa\u00e7\u00e3o P\u00fablica no Rio de Janeiro [REFER\u00caNCIA] - RioOnWatch","robots":{"index":"index","follow":"follow","max-snippet":"max-snippet:-1","max-image-preview":"max-image-preview:large","max-video-preview":"max-video-preview:-1"},"canonical":"https:\/\/rioonwatch.org.br\/?p=24544","og_locale":"pt_BR","og_type":"article","og_title":"Uma Introdu\u00e7\u00e3o \u00e0 Educa\u00e7\u00e3o P\u00fablica no Rio de Janeiro [REFER\u00caNCIA] - RioOnWatch","og_description":"Click Here for English O Estado do Rio de Janeiro \u00e9 entre os lugares com o maior n\u00famero de\u00a0escolas p\u00fablicas do mundo, s\u00f3 na cidade do Rio s\u00e3o\u00a0mais de 1000 escolas municipais, sem contar as [...]","og_url":"https:\/\/rioonwatch.org.br\/?p=24544","og_site_name":"RioOnWatch","article_published_time":"2017-02-17T12:36:31+00:00","article_modified_time":"2024-06-20T15:43:53+00:00","og_image":[{"width":2560,"height":1322,"url":"https:\/\/rioonwatch.org.br\/wp-content\/uploads\/2017\/02\/ABr251013EF_TNG5474-e1469648154127-scaled.jpg","type":"image\/jpeg"}],"author":"Admin","twitter_card":"summary_large_image","twitter_misc":{"Escrito por":"Admin","Est. tempo de leitura":"8 minutos"},"schema":{"@context":"https:\/\/schema.org","@graph":[{"@type":"Article","@id":"https:\/\/rioonwatch.org.br\/?p=24544#article","isPartOf":{"@id":"https:\/\/rioonwatch.org.br\/?p=24544"},"author":{"name":"Admin","@id":"https:\/\/rioonwatch.org.br\/#\/schema\/person\/11d64c290506f9df50c71b850c473f68"},"headline":"Uma Introdu\u00e7\u00e3o \u00e0 Educa\u00e7\u00e3o P\u00fablica no Rio de Janeiro [REFER\u00caNCIA]","datePublished":"2017-02-17T12:36:31+00:00","dateModified":"2024-06-20T15:43:53+00:00","mainEntityOfPage":{"@id":"https:\/\/rioonwatch.org.br\/?p=24544"},"wordCount":1342,"publisher":{"@id":"https:\/\/rioonwatch.org.br\/#organization"},"image":{"@id":"https:\/\/rioonwatch.org.br\/?p=24544#primaryimage"},"thumbnailUrl":"https:\/\/rioonwatch.org.br\/wp-content\/uploads\/2017\/02\/ABr251013EF_TNG5474-e1469648154127-scaled.jpg","keywords":["Bolsa Fam\u00edlia","censo","desigualdade","direito \u00e0 educa\u00e7\u00e3o","educa\u00e7\u00e3o","Mat\u00e9rias de Refer\u00eancia","ra\u00e7a"],"articleSection":["Dados e Pesquisa","Entendendo o Rio","Escrito por Aliados"],"inLanguage":"pt-BR"},{"@type":"WebPage","@id":"https:\/\/rioonwatch.org.br\/?p=24544","url":"https:\/\/rioonwatch.org.br\/?p=24544","name":"Uma Introdu\u00e7\u00e3o \u00e0 Educa\u00e7\u00e3o P\u00fablica no Rio de Janeiro [REFER\u00caNCIA] - RioOnWatch","isPartOf":{"@id":"https:\/\/rioonwatch.org.br\/#website"},"primaryImageOfPage":{"@id":"https:\/\/rioonwatch.org.br\/?p=24544#primaryimage"},"image":{"@id":"https:\/\/rioonwatch.org.br\/?p=24544#primaryimage"},"thumbnailUrl":"https:\/\/rioonwatch.org.br\/wp-content\/uploads\/2017\/02\/ABr251013EF_TNG5474-e1469648154127-scaled.jpg","datePublished":"2017-02-17T12:36:31+00:00","dateModified":"2024-06-20T15:43:53+00:00","breadcrumb":{"@id":"https:\/\/rioonwatch.org.br\/?p=24544#breadcrumb"},"inLanguage":"pt-BR","potentialAction":[{"@type":"ReadAction","target":["https:\/\/rioonwatch.org.br\/?p=24544"]}]},{"@type":"ImageObject","inLanguage":"pt-BR","@id":"https:\/\/rioonwatch.org.br\/?p=24544#primaryimage","url":"https:\/\/rioonwatch.org.br\/wp-content\/uploads\/2017\/02\/ABr251013EF_TNG5474-e1469648154127-scaled.jpg","contentUrl":"https:\/\/rioonwatch.org.br\/wp-content\/uploads\/2017\/02\/ABr251013EF_TNG5474-e1469648154127-scaled.jpg","width":2560,"height":1322},{"@type":"BreadcrumbList","@id":"https:\/\/rioonwatch.org.br\/?p=24544#breadcrumb","itemListElement":[{"@type":"ListItem","position":1,"name":"In\u00edcio","item":"https:\/\/rioonwatch.org.br\/"},{"@type":"ListItem","position":2,"name":"Uma Introdu\u00e7\u00e3o \u00e0 Educa\u00e7\u00e3o P\u00fablica no Rio de Janeiro [REFER\u00caNCIA]"}]},{"@type":"WebSite","@id":"https:\/\/rioonwatch.org.br\/#website","url":"https:\/\/rioonwatch.org.br\/","name":"RioOnWatch","description":"relatos das favelas cariocas","publisher":{"@id":"https:\/\/rioonwatch.org.br\/#organization"},"potentialAction":[{"@type":"SearchAction","target":{"@type":"EntryPoint","urlTemplate":"https:\/\/rioonwatch.org.br\/?s={search_term_string}"},"query-input":{"@type":"PropertyValueSpecification","valueRequired":true,"valueName":"search_term_string"}}],"inLanguage":"pt-BR"},{"@type":"Organization","@id":"https:\/\/rioonwatch.org.br\/#organization","name":"RioOnWatch","url":"https:\/\/rioonwatch.org.br\/","logo":{"@type":"ImageObject","inLanguage":"pt-BR","@id":"https:\/\/rioonwatch.org.br\/#\/schema\/logo\/image\/","url":"https:\/\/rioonwatch.org.br\/wp-content\/uploads\/2021\/06\/RioOnWatchcabecalhoPT11anos-2.png","contentUrl":"https:\/\/rioonwatch.org.br\/wp-content\/uploads\/2021\/06\/RioOnWatchcabecalhoPT11anos-2.png","width":779,"height":277,"caption":"RioOnWatch"},"image":{"@id":"https:\/\/rioonwatch.org.br\/#\/schema\/logo\/image\/"}},{"@type":"Person","@id":"https:\/\/rioonwatch.org.br\/#\/schema\/person\/11d64c290506f9df50c71b850c473f68","name":"Admin","image":{"@type":"ImageObject","inLanguage":"pt-BR","@id":"https:\/\/rioonwatch.org.br\/#\/schema\/person\/image\/","url":"https:\/\/secure.gravatar.com\/avatar\/56211ac74568383903349a1485e3c325?s=96&d=blank&r=g","contentUrl":"https:\/\/secure.gravatar.com\/avatar\/56211ac74568383903349a1485e3c325?s=96&d=blank&r=g","caption":"Admin"},"url":"https:\/\/rioonwatch.org.br\/?author=129"}]}},"_links":{"self":[{"href":"https:\/\/rioonwatch.org.br\/index.php?rest_route=\/wp\/v2\/posts\/24544"}],"collection":[{"href":"https:\/\/rioonwatch.org.br\/index.php?rest_route=\/wp\/v2\/posts"}],"about":[{"href":"https:\/\/rioonwatch.org.br\/index.php?rest_route=\/wp\/v2\/types\/post"}],"author":[{"embeddable":true,"href":"https:\/\/rioonwatch.org.br\/index.php?rest_route=\/wp\/v2\/users\/129"}],"replies":[{"embeddable":true,"href":"https:\/\/rioonwatch.org.br\/index.php?rest_route=%2Fwp%2Fv2%2Fcomments&post=24544"}],"version-history":[{"count":13,"href":"https:\/\/rioonwatch.org.br\/index.php?rest_route=\/wp\/v2\/posts\/24544\/revisions"}],"predecessor-version":[{"id":74117,"href":"https:\/\/rioonwatch.org.br\/index.php?rest_route=\/wp\/v2\/posts\/24544\/revisions\/74117"}],"wp:featuredmedia":[{"embeddable":true,"href":"https:\/\/rioonwatch.org.br\/index.php?rest_route=\/wp\/v2\/media\/24548"}],"wp:attachment":[{"href":"https:\/\/rioonwatch.org.br\/index.php?rest_route=%2Fwp%2Fv2%2Fmedia&parent=24544"}],"wp:term":[{"taxonomy":"category","embeddable":true,"href":"https:\/\/rioonwatch.org.br\/index.php?rest_route=%2Fwp%2Fv2%2Fcategories&post=24544"},{"taxonomy":"post_tag","embeddable":true,"href":"https:\/\/rioonwatch.org.br\/index.php?rest_route=%2Fwp%2Fv2%2Ftags&post=24544"},{"taxonomy":"writer","embeddable":true,"href":"https:\/\/rioonwatch.org.br\/index.php?rest_route=%2Fwp%2Fv2%2Fwriter&post=24544"},{"taxonomy":"translator","embeddable":true,"href":"https:\/\/rioonwatch.org.br\/index.php?rest_route=%2Fwp%2Fv2%2Ftranslator&post=24544"},{"taxonomy":"source","embeddable":true,"href":"https:\/\/rioonwatch.org.br\/index.php?rest_route=%2Fwp%2Fv2%2Fsource&post=24544"},{"taxonomy":"ilustrador","embeddable":true,"href":"https:\/\/rioonwatch.org.br\/index.php?rest_route=%2Fwp%2Fv2%2Filustrador&post=24544"},{"taxonomy":"fotografo","embeddable":true,"href":"https:\/\/rioonwatch.org.br\/index.php?rest_route=%2Fwp%2Fv2%2Ffotografo&post=24544"}],"curies":[{"name":"wp","href":"https:\/\/api.w.org\/{rel}","templated":true}]}}