{"id":24558,"date":"2017-02-20T09:07:44","date_gmt":"2017-02-20T12:07:44","guid":{"rendered":"http:\/\/rioonwatch.org.br\/?p=24558"},"modified":"2024-06-20T16:18:40","modified_gmt":"2024-06-20T19:18:40","slug":"violencia-estrutural-atraves-da-perigosa-alterizacao-de-moradores-de-favelas","status":"publish","type":"post","link":"https:\/\/rioonwatch.org.br\/?p=24558","title":{"rendered":"Viol\u00eancia Estrutural Atrav\u00e9s da Perigosa Alteriza\u00e7\u00e3o de Moradores de Favelas"},"content":{"rendered":"<p style=\"text-align: right;\"><em><strong><a href=\"http:\/\/bit.ly\/2j12aOS\" target=\"_blank\" rel=\"noopener\">Click Here for English<img decoding=\"async\" width=\"20\" height=\"20\" class=\"alignright wp-image-15790\" src=\"http:\/\/rioonwatch.org.br\/wp-content\/uploads\/2012\/08\/EN-standard-e1439583104716.jpg\" alt=\"\" \/><\/a><\/strong><\/em><\/p>\n<p>A teoria do <a href=\"http:\/\/bit.ly\/2knL93W\" target=\"_blank\" rel=\"noopener\">Orientalismo<\/a> de Edward Said oferece uma refer\u00eancia \u00fatil para compreender as <a href=\"http:\/\/bit.ly\/1XXLTLJ\" target=\"_blank\" rel=\"noopener\">atitudes de brasileiros abastados para com os moradores de favelas<\/a>, assim como a de n\u00e3o brasileiros para com brasileiros em geral. Edward Said afirma que o Ocidente tem historicamente criado uma imagem espec\u00edfica do Oriente, particularmente do leste da \u00c1sia e do Oriento M\u00e9dio, que legitima o imperialismo. \u00c9 uma imagem dupla que reduz a cultura oriental a algo ex\u00f3tico e romantizado, salientando suas ricas e misteriosas tradi\u00e7\u00f5es, as mulheres sensuais e personagens apaixonados, enquanto que, por outro lado, ridiculariza os povos orientais e suas habilidades, descrevendo-os como irracionais, violentos, sempre presos ao passado, e, assim, subdesenvolvidos. Ele argumenta que a conclus\u00e3o que resulta\u00a0da \u00eanfase dada \u00e0s\u00a0diferen\u00e7as das pessoas do Oriente, \u00e9 que o Ocidente se v\u00ea como racional, melhor e superior. Outra conclus\u00e3o, que acompanha esta primeira, \u00e9 que o Ocidente tem de tomar o Oriente pela m\u00e3o, e governar ou ajudar a seu povo, porque eles n\u00e3o podem faz\u00ea-lo por si mesmos.<\/p>\n<p><a href=\"http:\/\/rioonwatch.org.br\/wp-content\/uploads\/2017\/02\/Orientalism.jpg\"><img fetchpriority=\"high\" decoding=\"async\" class=\"wp-image-24567 alignright\" title=\"A descri\u00e7\u00e3o de Edward W. Sa\u00efd do Oriente &quot;ex\u00f3tico&quot;\" src=\"http:\/\/rioonwatch.org.br\/wp-content\/uploads\/2017\/02\/Orientalism.jpg\" width=\"250\" height=\"386\" srcset=\"https:\/\/rioonwatch.org.br\/wp-content\/uploads\/2017\/02\/Orientalism.jpg 324w, https:\/\/rioonwatch.org.br\/wp-content\/uploads\/2017\/02\/Orientalism-171x264.jpg 171w\" sizes=\"(max-width: 250px) 100vw, 250px\" \/><\/a><\/p>\n<p>Padr\u00f5es similares est\u00e3o em jogo na\u00a0<a href=\"http:\/\/bit.ly\/2kDVl6M\" target=\"_blank\" rel=\"noopener\">percep\u00e7\u00e3o comum<\/a>\u00a0sobre as favelas do Rio de Janeiro. Em entrevistas com\u00a0<a href=\"http:\/\/bit.ly\/2apHJGB\" target=\"_blank\" rel=\"noopener\">moradores de condom\u00ednios fechados<\/a>\u00a0na\u00a0<a href=\"http:\/\/bit.ly\/19BBUhf\" target=\"_blank\" rel=\"noopener\">Barra da Tijuca<\/a>, os dois lados dessa hist\u00f3ria ficaram\u00a0aparentes.<\/p>\n<p>Por um lado, os entrevistados descreveram favelados como pessoas que vivem suas vidas com paix\u00e3o e produzem a cultura popular. Andr\u00e9, por exemplo, vive no condom\u00ednio Pen\u00ednsula e pensa que os moradores das favelas &#8220;vivem a vida mais do que n\u00f3s&#8221;. Eles s\u00e3o mostrados de maneira ex\u00f3tica em propagandas como pessoas felizes em casas coloridas. A Feira Hippie em\u00a0<a href=\"http:\/\/bit.ly\/1LwIGHh\" target=\"_blank\" rel=\"noopener\">Ipanema<\/a>\u00a0e lojas tur\u00edsticas em toda a cidade vendem\u00a0<a href=\"http:\/\/bit.ly\/1a1M6kK\" target=\"_blank\" rel=\"noopener\">pinturas e esculturas de favelas<\/a>,\u00a0e\u00a0<a href=\"http:\/\/bit.ly\/1hFhVJX\" target=\"_blank\" rel=\"noopener\">passeios por favelas<\/a>\u00a0muitas vezes\u00a0<a href=\"http:\/\/bit.ly\/2jsZysc\">lucram com turistas<\/a>\u00a0que veem esses espa\u00e7os como o lar dos &#8220;Outros&#8221; (embora\u00a0<a href=\"http:\/\/bit.ly\/2kJHjmv\" target=\"_blank\" rel=\"noopener\">tours lideradas por moradores<\/a>\u00a0podem\u00a0desmascarar no\u00e7\u00f5es\u00a0que os moradores das favelas s\u00e3o diferentes de qualquer outra pessoa).<\/p>\n<p>Por outro lado, os entrevistados no condom\u00ednio apresentaram uma imagem da favela como um lugar de <a href=\"http:\/\/bit.ly\/2kPanZC\" target=\"_blank\" rel=\"noopener\">criminalidade<\/a>, onde os moradores sempre recorrem a <a href=\"http:\/\/bit.ly\/1wLR1Ef\" target=\"_blank\" rel=\"noopener\">viol\u00eancia<\/a> e nunca s\u00e3o capazes de ajudar uns aos outros a menos que recebam ordens de fora. Esta no\u00e7\u00e3o \u00e9 muitas vezes\u00a0refor\u00e7ada atrav\u00e9s de programas de televis\u00e3o\u00a0que mostram a pol\u00edcia fazendo apreens\u00f5es de drogas ou &#8220;<a href=\"http:\/\/bit.ly\/R5ueio\" target=\"_blank\" rel=\"noopener\">pacificando<\/a>&#8221; criminosos em favelas e pelos\u00a0<a href=\"http:\/\/bit.ly\/22UReDO\" target=\"_blank\" rel=\"noopener\">meios de comunica\u00e7\u00e3o que publicam artigos sensacionalistas<\/a>\u00a0sobre a viol\u00eancia nas favelas.<\/p>\n<p><span style=\"font-weight: 400;\">Marcelo viveu em um condom\u00ednio fechado toda a sua vida e explica que ele &#8220;sempre ouviu duas hist\u00f3rias: ou de &#8216;traficantes e viol\u00eancia&#8217;, ou &#8216;das boas pessoas sempre tentando encontrar um sorriso'&#8221;. Amanda, arquiteta que mudou-se recentemente para um condom\u00ednio fechado, a fim de criar os filhos sem se preocupar com sua seguran\u00e7a,\u00a0<a href=\"http:\/\/bit.ly\/2cjGxsd\" target=\"_blank\" rel=\"noopener\">argumenta que as pol\u00edticas de bem-estar social<\/a> mantiveram os moradores das favelas dependentes: &#8220;Os pobres s\u00e3o dependentes do PT\u00a0que\u00a0<a href=\"http:\/\/bit.ly\/1bVmvbP\" target=\"_blank\" rel=\"noopener\">d\u00e1 dinheiro \u00e0s pessoas<\/a>. Ele vai diretamente para suas m\u00e3os em vez de ir para\u00a0<a href=\"http:\/\/bit.ly\/1acNApR\" target=\"_blank\" rel=\"noopener\">educa\u00e7\u00e3o<\/a> e <a href=\"http:\/\/bit.ly\/1kzUmMv\" target=\"_blank\" rel=\"noopener\">sa\u00fade<\/a>&#8220;. Este argumento sugere d\u00favidas sobre a capacidade dos moradores das favelas de gastar seu dinheiro com sabedoria e\u00a0<a href=\"http:\/\/bit.ly\/1Nnijuk\" target=\"_blank\" rel=\"noopener\">presume que n\u00e3o s\u00e3o contribuintes ativos<\/a>\u00a0para a sociedade.<\/span><\/p>\n<p>Por\u00e9m, outros moradores de condom\u00ednios fechados foram mais emp\u00e1ticos em suas defini\u00e7\u00f5es de moradores de favelas. Flavio, da Barra, diz que as pessoas das favelas s\u00e3o &#8220;apenas pessoas nascidas em outro lugar&#8221;. Ele acrescentou que &#8220;traficantes e criminosos s\u00e3o a minoria, a maioria s\u00e3o pessoas boas&#8221;.<\/p>\n<p>A sociedade em geral, muitas vezes v\u00ea as milhares e diversas favelas do Rio como bairros uniformes.\u00a0<a href=\"http:\/\/bit.ly\/1NHYYky\" target=\"_blank\" rel=\"noopener\">Carlos Alberta Costa<\/a>, conhecido pelo apelido\u00a0&#8220;Bezerra&#8221;, \u00e9 presidente da Associa\u00e7\u00e3o de Moradores da Asa Branca, uma favela relativamente pequena e tranquila em Curicica, na <a href=\"http:\/\/bit.ly\/11tBmFR\" target=\"_blank\" rel=\"noopener\">Zona Oeste<\/a>. Ele reclama que a pol\u00edcia trata\u00a0os moradores da\u00a0<a href=\"http:\/\/bit.ly\/UKOXUX\" target=\"_blank\" rel=\"noopener\">Asa Branca<\/a>\u00a0como criminosos de qualquer maneira: &#8220;A pol\u00edcia entra com a ideia da favela como extremamente perigosa. Eles s\u00e3o violentos com nossos moradores, que n\u00e3o s\u00e3o criminosos&#8221;.<\/p>\n<p><a href=\"http:\/\/rioonwatch.org.br\/wp-content\/uploads\/2017\/02\/Skyline-over-Asa-Branca.jpg\"><img decoding=\"async\" class=\"aligncenter wp-image-24576 size-content\" title=\"Horizonte visto da Asa Branca\" src=\"http:\/\/rioonwatch.org.br\/wp-content\/uploads\/2017\/02\/Skyline-over-Asa-Branca-620x264.jpg\" alt=\"Horizonte visto da Asa Branca\" width=\"620\" height=\"264\" \/><\/a><\/p>\n<p><span style=\"font-weight: 400;\">Ao inv\u00e9s de suposi\u00e7\u00f5es sobre as diferen\u00e7as culturais ou o estigma relacionado com a viol\u00eancia, Xaganthe, morador da <\/span><a href=\"http:\/\/bit.ly\/16w2zz1\" target=\"_blank\" rel=\"noopener\"><span style=\"font-weight: 400;\">Rocinha<\/span><\/a> <span style=\"font-weight: 400;\">na <\/span><span style=\"font-weight: 400;\">Zona Sul<\/span><span style=\"font-weight: 400;\">, prefere desenhar a linha que divide os moradores das favelas das outras pessoas em torno das circunst\u00e2ncias hist\u00f3ricas e subsequentes diferen\u00e7as emp\u00edricas de suas comunidades: &#8220;A diferen\u00e7a com o asfalto \u00e9 enorme. Eles t\u00eam mais op\u00e7\u00f5es. <\/span><span style=\"font-weight: 400;\"><a href=\"http:\/\/bit.ly\/QueEFavela\" target=\"_blank\" rel=\"noopener\">Essa diferen\u00e7a vem<\/a> dos tempos da\u00a0a <\/span><span style=\"font-weight: 400;\"><a href=\"http:\/\/bit.ly\/1Hg4Zj3\" target=\"_blank\" rel=\"noopener\">aboli\u00e7\u00e3o<\/a>. Os negros viviam nos morros (que eram terras p\u00fablicas, e, portanto, mais f\u00e1cil de ocupar). Ent\u00e3o, negros e pobres n\u00e3o eram valorizados e n\u00e3o receberam apoio do governo. Sem <a href=\"http:\/\/bit.ly\/14lMZGK\" target=\"_blank\" rel=\"noopener\">saneamento b\u00e1sico<\/a>, estradas pavimentadas. A pol\u00edtica e o governo n\u00e3o chegavam l\u00e1&#8221;. Em sua opini\u00e3o, a hist\u00f3ria moldou a favela e a cidade de maneiras diferentes e esses ambientes, por sua vez, moldam as experi\u00eancias de vida de seus moradores.<\/span><\/p>\n<p><span style=\"font-weight: 400;\">C\u00e9sar, 50, tamb\u00e9m mora na Rocinha e fala com <a href=\"http:\/\/bit.ly\/18XWyPf\" target=\"_blank\" rel=\"noopener\">orgulho<\/a> sobre a comunidade, mas revela a complexidade da identifica\u00e7\u00e3o de sua comunidade como uma favela: &#8220;A palavra favela \u00e9 muito limitada e tem algumas conota\u00e7\u00f5es negativas que n\u00e3o contam a hist\u00f3ria de cada comunidade. Mas, por outro lado, tenho muito orgulho de ser um favelado&#8221;. Falando sobre\u00a0<a href=\"http:\/\/bit.ly\/18lJFqY\" target=\"_blank\" rel=\"noopener\">turismo<\/a> na favela, ele diz: &#8220;\u00c9 bom que muitas pessoas queiram ver a alma da favela&#8221;. Portanto, ao passo que ele n\u00e3o gosta de ser estereotipado por pessoas de fora, C\u00e9sar valoriza o fato de fazer parte de uma comunidade e cultura compartilhada, com a qual ele pode se identificar.<\/span><\/p>\n<h3><b>Legitimando a viol\u00eancia contra o &#8220;Outro&#8221;<\/b><\/h3>\n<p><span style=\"font-weight: 400;\"><a href=\"http:\/\/bit.ly\/2kPWsPk\" target=\"_blank\" rel=\"noopener\">&#8220;Alterizar&#8221;<\/a> moradores de favelas ou trat\u00e1-los como pessoas fundamentalmente diferentes, torna mais f\u00e1cil para quem n\u00e3o mora nas favelas segreg\u00e1-los ou at\u00e9 participar de <a href=\"http:\/\/bit.ly\/2e2SW2d\" target=\"_blank\" rel=\"noopener\">pol\u00edticas discriminat\u00f3rias<\/a>, como a implac\u00e1vel\u00a0<a href=\"http:\/\/bit.ly\/1i0t9Hc\" target=\"_blank\" rel=\"noopener\">viol\u00eancia policial<\/a>, nascida da alteriza\u00e7\u00e3o dessas comunidades. Se os incidentes de viol\u00eancia em favelas podem ser atribu\u00eddos a algo inerente \u00e0s favelas ou seus moradores, quem n\u00e3o \u00e9 da favela\u00a0se sente absolvido de responsabilidade e at\u00e9 mesmo legitimado em seu preconceito. Sob tais circunst\u00e2ncias, eles n\u00e3o consideram outros fatores em jogo, o seu papel no processo, ou as condi\u00e7\u00f5es hist\u00f3ricas que podem n\u00e3o ser de sua responsabilidade, por\u00e9m, de todo modo, os trouxeram at\u00e9 a realidade atual e os beneficia as custas de outros.\u00a0<\/span><\/p>\n<p><span style=\"font-weight: 400;\">Aqui \u00e9 central a teoria da <a href=\"http:\/\/bit.ly\/2kIV2HR\" target=\"_blank\" rel=\"noopener\">viol\u00eancia estrutural<\/a>. O soci\u00f3logo <a href=\"http:\/\/bit.ly\/2kIOWaC\" target=\"_blank\" rel=\"noopener\">Johan Galtung<\/a><\/span>\u00a0<span style=\"font-weight: 400;\">a separa da viol\u00eancia &#8220;pessoal&#8221; ou &#8220;direta&#8221; (f\u00edsico). Trata-se de atos menos acidentais e observ\u00e1veis \u200b\u200be \u00e9 realizada de forma indireta. A distribui\u00e7\u00e3o desigual de recursos, por exemplo, n\u00e3o \u00e9 uma aberra\u00e7\u00e3o de curto prazo, mas uma parte integrante da sociedade que pode ser considerada viol\u00eancia por meio de <a href=\"http:\/\/bit.ly\/1Swdf8U\" target=\"_blank\" rel=\"noopener\">exclus\u00e3o<\/a>.<\/span><\/p>\n<p>O fato di\u00e1rio da <a href=\"http:\/\/bit.ly\/2i4t3TF\" target=\"_blank\" rel=\"noopener\">menor expectativa de vida<\/a> para os pobres n\u00e3o faz manchetes t\u00e3o facilmente como um triplo homic\u00eddio incidental, por exemplo. Pedro, que vive no condom\u00ednio Rio II, acredita que &#8220;<a href=\"http:\/\/bit.ly\/2dKGkPl\" target=\"_blank\" rel=\"noopener\">existem &#8216;direitos humanos&#8217; apenas para os criminosos<\/a>. Os meios de comunica\u00e7\u00e3o os mostram matando tantas pessoas, mas ainda assim eles sempre &#8216;merecem uma segunda chance&#8217;. Na semana passada, eu vi que uma m\u00e3e foi morta na frente de sua filha. Essa crian\u00e7a n\u00e3o ter\u00e1\u00a0<span style=\"font-weight: 400;\">uma segunda chance&#8221;.<\/span><\/p>\n<p>Os efeitos da viol\u00eancia estrutural parecem menos chocantes, porque eles n\u00e3o se destacam na vida di\u00e1ria, o que explica a tend\u00eancia comum,\u00a0<a href=\"http:\/\/bit.ly\/2i2Oj8K\" target=\"_blank\" rel=\"noopener\">incluindo da m\u00eddia<\/a>, em se concentrar em <a href=\"http:\/\/bit.ly\/2kU47Qt\" target=\"_blank\" rel=\"noopener\">uma &#8216;hist\u00f3ria \u00fanica&#8217;<\/a>\u00a0que retrata problemas relativos \u00e0 viol\u00eancia f\u00edsica espetacular, em vez dos problemas mais sist\u00eamicos.<\/p>\n<p><a href=\"http:\/\/rioonwatch.org.br\/wp-content\/uploads\/2017\/02\/2014-748982733-2014090535456.jpg_20140905.jpg\"><img loading=\"lazy\" decoding=\"async\" class=\"aligncenter wp-image-24580 size-content\" title=\"Barra da Tijuca separada do resto da cidade\" src=\"http:\/\/rioonwatch.org.br\/wp-content\/uploads\/2017\/02\/2014-748982733-2014090535456.jpg_20140905-620x264.jpg\" alt=\"Barra da Tijuca separada do resto da cidade\" width=\"620\" height=\"264\" srcset=\"https:\/\/rioonwatch.org.br\/wp-content\/uploads\/2017\/02\/2014-748982733-2014090535456.jpg_20140905-620x264.jpg 620w, https:\/\/rioonwatch.org.br\/wp-content\/uploads\/2017\/02\/2014-748982733-2014090535456.jpg_20140905-940x400.jpg 940w\" sizes=\"(max-width: 620px) 100vw, 620px\" \/><\/a><\/p>\n<p><span style=\"font-weight: 400;\">Vinicius do condom\u00ednio Via Barra percebe uma tend\u00eancia dos moradores da Barra de se distanciarem do resto: &#8220;Em algum ponto na d\u00e9cada de 1980, o povo da Barra de fato tentou se separar do Rio. Este \u00e9 o tipo de pensamento que acredita que &#8216;somos melhores porque somos ricos'&#8221;. Querer separar a &#8220;cidade desenvolvida&#8221; do resto do &#8220;Rio conturbado&#8221;&#8211;embora muitos moradores de favelas entrem em condom\u00ednios fechados da Barra todos os dias para trabalharem&#8211;\u00e9 uma esp\u00e9cie de <a href=\"http:\/\/bit.ly\/2apHJGB\" target=\"_blank\" rel=\"noopener\">viol\u00eancia excludente<\/a> que est\u00e1 claramente relacionada, por\u00e9m raramente associada, \u00e0 viol\u00eancia f\u00edsica que cria manchetes.<\/span><\/p>\n<p><span style=\"font-weight: 400;\">Aqueles que vivem na cidade e os que vivem nas favelas n\u00e3o s\u00e3o diferentes esp\u00e9cies de pessoas, vivendo dentro de seus pr\u00f3prios ecossistemas distintos de viol\u00eancia. Imagens distorcidas na televis\u00e3o de favelas cada vez mais perigosas, ou de favelados descuidados e alegres, apenas consolidam a imagem dos moradores de favelas como os &#8220;Outros&#8221;. A viol\u00eancia da favela \u00e9 um problema tang\u00edvel e f\u00e1cil de vender como sendo do &#8220;Outro&#8221;. Os verdadeiros problemas, viol\u00eancia estrutural e sua parceira, a <a href=\"http:\/\/bit.ly\/P4itK0\" target=\"_blank\" rel=\"noopener\">estigmatiza\u00e7\u00e3o<\/a>, n\u00e3o t\u00eam recebido a devida aten\u00e7\u00e3o, e infelizmente s\u00e3o muito f\u00e1ceis de ignorar.<\/span><\/p>\n<p><i>Christian Kuitert est\u00e1 pleiteando um mestrado em \u201cConflito, Territ\u00f3rios e Identidade\u201d na Universidade de Radboud, Holanda, com foco em cidadania comparativa entre as favelas do Rio e os condom\u00edni<\/i>os <em>fechados<\/em>.<\/p>\n<!-- AddThis Advanced Settings generic via filter on the_content --><!-- AddThis Share Buttons generic via filter on the_content -->","protected":false},"excerpt":{"rendered":"<div class=\"mh-excerpt\"><p>Click Here for English A teoria do Orientalismo de Edward Said oferece uma refer\u00eancia \u00fatil para compreender as atitudes de brasileiros abastados para com os moradores de favelas, assim como a de n\u00e3o brasileiros para <a class=\"mh-excerpt-more\" href=\"https:\/\/rioonwatch.org.br\/?p=24558\" title=\"Viol\u00eancia Estrutural Atrav\u00e9s da Perigosa Alteriza\u00e7\u00e3o de Moradores de Favelas\">[&#8230;]<\/a><!-- AddThis Advanced Settings generic via filter on get_the_excerpt --><!-- AddThis Share Buttons generic via filter on get_the_excerpt --><\/p>\n<\/div>","protected":false},"author":129,"featured_media":24561,"comment_status":"closed","ping_status":"closed","sticky":false,"template":"","format":"standard","meta":{"_acf_changed":false,"_monsterinsights_skip_tracking":false,"_monsterinsights_sitenote_active":false,"_monsterinsights_sitenote_note":"","_monsterinsights_sitenote_category":0,"footnotes":""},"categories":[1621,1632,1631,1626,345,1612,1628],"tags":[386,321,274,893,813,88,1306,1760,758,126,16,92,30,184,383],"writer":[1878],"translator":[2004],"source":[],"ilustrador":[],"fotografo":[],"class_list":{"0":"post-24558","1":"post","2":"type-post","3":"status-publish","4":"format-standard","5":"has-post-thumbnail","7":"category-destaque","8":"category-pesquisa-e-analise","9":"category-entendendo-o-rio","10":"category-por-observadores-internacionais","11":"category-favela-e","12":"category-sociedade-civil","13":"category-turismo-na-favela","14":"tag-estigma","15":"tag-asa-branca","16":"tag-barra-da-tijuca","17":"tag-bolsa-familia","18":"tag-condominios-fechados","19":"tag-direitos-humanos","20":"tag-exclusao","21":"tag-narrativa-midiatica","22":"tag-orgulho-comunitario","23":"tag-preconceito","24":"tag-rocinha","25":"tag-upp","26":"tag-violencia","27":"tag-zona-oeste","28":"tag-zona-sul","29":"writer-christian-kuitert","30":"translator-anna-gabriela-teixeira"},"acf":[],"yoast_head":"<!-- This site is optimized with the Yoast SEO plugin v25.6 - https:\/\/yoast.com\/wordpress\/plugins\/seo\/ -->\n<title>Viol\u00eancia Estrutural Atrav\u00e9s da Perigosa Alteriza\u00e7\u00e3o de Moradores de Favelas - RioOnWatch<\/title>\n<meta name=\"robots\" content=\"index, follow, max-snippet:-1, max-image-preview:large, max-video-preview:-1\" \/>\n<link rel=\"canonical\" href=\"https:\/\/rioonwatch.org.br\/?p=24558\" \/>\n<meta property=\"og:locale\" content=\"pt_BR\" \/>\n<meta property=\"og:type\" content=\"article\" \/>\n<meta property=\"og:title\" content=\"Viol\u00eancia Estrutural Atrav\u00e9s da Perigosa Alteriza\u00e7\u00e3o de Moradores de Favelas - RioOnWatch\" \/>\n<meta property=\"og:description\" content=\"Click Here for English A teoria do Orientalismo de Edward Said oferece uma refer\u00eancia \u00fatil para compreender as atitudes de brasileiros abastados para com os moradores de favelas, assim como a de n\u00e3o brasileiros para [...]\" \/>\n<meta property=\"og:url\" content=\"https:\/\/rioonwatch.org.br\/?p=24558\" \/>\n<meta property=\"og:site_name\" content=\"RioOnWatch\" \/>\n<meta property=\"article:published_time\" content=\"2017-02-20T12:07:44+00:00\" \/>\n<meta property=\"article:modified_time\" content=\"2024-06-20T19:18:40+00:00\" \/>\n<meta property=\"og:image\" content=\"https:\/\/rioonwatch.org.br\/wp-content\/uploads\/2017\/02\/Favela-identities-1.png\" \/>\n\t<meta property=\"og:image:width\" content=\"1094\" \/>\n\t<meta property=\"og:image:height\" content=\"387\" \/>\n\t<meta property=\"og:image:type\" content=\"image\/png\" \/>\n<meta name=\"author\" content=\"Admin\" \/>\n<meta name=\"twitter:card\" content=\"summary_large_image\" \/>\n<meta name=\"twitter:label1\" content=\"Escrito por\" \/>\n\t<meta name=\"twitter:data1\" content=\"Admin\" \/>\n\t<meta name=\"twitter:label2\" content=\"Est. tempo de leitura\" \/>\n\t<meta name=\"twitter:data2\" content=\"8 minutos\" \/>\n<script type=\"application\/ld+json\" class=\"yoast-schema-graph\">{\"@context\":\"https:\/\/schema.org\",\"@graph\":[{\"@type\":\"Article\",\"@id\":\"https:\/\/rioonwatch.org.br\/?p=24558#article\",\"isPartOf\":{\"@id\":\"https:\/\/rioonwatch.org.br\/?p=24558\"},\"author\":{\"name\":\"Admin\",\"@id\":\"https:\/\/rioonwatch.org.br\/#\/schema\/person\/11d64c290506f9df50c71b850c473f68\"},\"headline\":\"Viol\u00eancia Estrutural Atrav\u00e9s da Perigosa Alteriza\u00e7\u00e3o de Moradores de Favelas\",\"datePublished\":\"2017-02-20T12:07:44+00:00\",\"dateModified\":\"2024-06-20T19:18:40+00:00\",\"mainEntityOfPage\":{\"@id\":\"https:\/\/rioonwatch.org.br\/?p=24558\"},\"wordCount\":1569,\"publisher\":{\"@id\":\"https:\/\/rioonwatch.org.br\/#organization\"},\"image\":{\"@id\":\"https:\/\/rioonwatch.org.br\/?p=24558#primaryimage\"},\"thumbnailUrl\":\"https:\/\/rioonwatch.org.br\/wp-content\/uploads\/2017\/02\/Favela-identities-1.png\",\"keywords\":[\"#StopFavelaStigma\",\"Asa Branca\",\"Barra da Tijuca\",\"Bolsa Fam\u00edlia\",\"condom\u00ednios fechados\",\"Direitos Humanos\",\"exclus\u00e3o\",\"narrativa midi\u00e1tica\",\"orgulho comunit\u00e1rio\",\"preconceito\",\"Rocinha\",\"UPP\",\"viol\u00eancia\",\"Zona Oeste\",\"Zona Sul\"],\"articleSection\":[\"*Destaque\",\"Dados e Pesquisa\",\"Entendendo o Rio\",\"Escrito por Aliados\",\"Favela \u00e9\",\"Sociedade Civil\",\"Turismo na Favela\"],\"inLanguage\":\"pt-BR\"},{\"@type\":\"WebPage\",\"@id\":\"https:\/\/rioonwatch.org.br\/?p=24558\",\"url\":\"https:\/\/rioonwatch.org.br\/?p=24558\",\"name\":\"Viol\u00eancia Estrutural Atrav\u00e9s da Perigosa Alteriza\u00e7\u00e3o de Moradores de Favelas - RioOnWatch\",\"isPartOf\":{\"@id\":\"https:\/\/rioonwatch.org.br\/#website\"},\"primaryImageOfPage\":{\"@id\":\"https:\/\/rioonwatch.org.br\/?p=24558#primaryimage\"},\"image\":{\"@id\":\"https:\/\/rioonwatch.org.br\/?p=24558#primaryimage\"},\"thumbnailUrl\":\"https:\/\/rioonwatch.org.br\/wp-content\/uploads\/2017\/02\/Favela-identities-1.png\",\"datePublished\":\"2017-02-20T12:07:44+00:00\",\"dateModified\":\"2024-06-20T19:18:40+00:00\",\"breadcrumb\":{\"@id\":\"https:\/\/rioonwatch.org.br\/?p=24558#breadcrumb\"},\"inLanguage\":\"pt-BR\",\"potentialAction\":[{\"@type\":\"ReadAction\",\"target\":[\"https:\/\/rioonwatch.org.br\/?p=24558\"]}]},{\"@type\":\"ImageObject\",\"inLanguage\":\"pt-BR\",\"@id\":\"https:\/\/rioonwatch.org.br\/?p=24558#primaryimage\",\"url\":\"https:\/\/rioonwatch.org.br\/wp-content\/uploads\/2017\/02\/Favela-identities-1.png\",\"contentUrl\":\"https:\/\/rioonwatch.org.br\/wp-content\/uploads\/2017\/02\/Favela-identities-1.png\",\"width\":1094,\"height\":387},{\"@type\":\"BreadcrumbList\",\"@id\":\"https:\/\/rioonwatch.org.br\/?p=24558#breadcrumb\",\"itemListElement\":[{\"@type\":\"ListItem\",\"position\":1,\"name\":\"In\u00edcio\",\"item\":\"https:\/\/rioonwatch.org.br\/\"},{\"@type\":\"ListItem\",\"position\":2,\"name\":\"Viol\u00eancia Estrutural Atrav\u00e9s da Perigosa Alteriza\u00e7\u00e3o de Moradores de Favelas\"}]},{\"@type\":\"WebSite\",\"@id\":\"https:\/\/rioonwatch.org.br\/#website\",\"url\":\"https:\/\/rioonwatch.org.br\/\",\"name\":\"RioOnWatch\",\"description\":\"relatos das favelas cariocas\",\"publisher\":{\"@id\":\"https:\/\/rioonwatch.org.br\/#organization\"},\"potentialAction\":[{\"@type\":\"SearchAction\",\"target\":{\"@type\":\"EntryPoint\",\"urlTemplate\":\"https:\/\/rioonwatch.org.br\/?s={search_term_string}\"},\"query-input\":{\"@type\":\"PropertyValueSpecification\",\"valueRequired\":true,\"valueName\":\"search_term_string\"}}],\"inLanguage\":\"pt-BR\"},{\"@type\":\"Organization\",\"@id\":\"https:\/\/rioonwatch.org.br\/#organization\",\"name\":\"RioOnWatch\",\"url\":\"https:\/\/rioonwatch.org.br\/\",\"logo\":{\"@type\":\"ImageObject\",\"inLanguage\":\"pt-BR\",\"@id\":\"https:\/\/rioonwatch.org.br\/#\/schema\/logo\/image\/\",\"url\":\"https:\/\/rioonwatch.org.br\/wp-content\/uploads\/2021\/06\/RioOnWatchcabecalhoPT11anos-2.png\",\"contentUrl\":\"https:\/\/rioonwatch.org.br\/wp-content\/uploads\/2021\/06\/RioOnWatchcabecalhoPT11anos-2.png\",\"width\":779,\"height\":277,\"caption\":\"RioOnWatch\"},\"image\":{\"@id\":\"https:\/\/rioonwatch.org.br\/#\/schema\/logo\/image\/\"}},{\"@type\":\"Person\",\"@id\":\"https:\/\/rioonwatch.org.br\/#\/schema\/person\/11d64c290506f9df50c71b850c473f68\",\"name\":\"Admin\",\"image\":{\"@type\":\"ImageObject\",\"inLanguage\":\"pt-BR\",\"@id\":\"https:\/\/rioonwatch.org.br\/#\/schema\/person\/image\/\",\"url\":\"https:\/\/secure.gravatar.com\/avatar\/56211ac74568383903349a1485e3c325?s=96&d=blank&r=g\",\"contentUrl\":\"https:\/\/secure.gravatar.com\/avatar\/56211ac74568383903349a1485e3c325?s=96&d=blank&r=g\",\"caption\":\"Admin\"},\"url\":\"https:\/\/rioonwatch.org.br\/?author=129\"}]}<\/script>\n<!-- \/ Yoast SEO plugin. -->","yoast_head_json":{"title":"Viol\u00eancia Estrutural Atrav\u00e9s da Perigosa Alteriza\u00e7\u00e3o de Moradores de Favelas - RioOnWatch","robots":{"index":"index","follow":"follow","max-snippet":"max-snippet:-1","max-image-preview":"max-image-preview:large","max-video-preview":"max-video-preview:-1"},"canonical":"https:\/\/rioonwatch.org.br\/?p=24558","og_locale":"pt_BR","og_type":"article","og_title":"Viol\u00eancia Estrutural Atrav\u00e9s da Perigosa Alteriza\u00e7\u00e3o de Moradores de Favelas - RioOnWatch","og_description":"Click Here for English A teoria do Orientalismo de Edward Said oferece uma refer\u00eancia \u00fatil para compreender as atitudes de brasileiros abastados para com os moradores de favelas, assim como a de n\u00e3o brasileiros para [...]","og_url":"https:\/\/rioonwatch.org.br\/?p=24558","og_site_name":"RioOnWatch","article_published_time":"2017-02-20T12:07:44+00:00","article_modified_time":"2024-06-20T19:18:40+00:00","og_image":[{"width":1094,"height":387,"url":"https:\/\/rioonwatch.org.br\/wp-content\/uploads\/2017\/02\/Favela-identities-1.png","type":"image\/png"}],"author":"Admin","twitter_card":"summary_large_image","twitter_misc":{"Escrito por":"Admin","Est. tempo de leitura":"8 minutos"},"schema":{"@context":"https:\/\/schema.org","@graph":[{"@type":"Article","@id":"https:\/\/rioonwatch.org.br\/?p=24558#article","isPartOf":{"@id":"https:\/\/rioonwatch.org.br\/?p=24558"},"author":{"name":"Admin","@id":"https:\/\/rioonwatch.org.br\/#\/schema\/person\/11d64c290506f9df50c71b850c473f68"},"headline":"Viol\u00eancia Estrutural Atrav\u00e9s da Perigosa Alteriza\u00e7\u00e3o de Moradores de Favelas","datePublished":"2017-02-20T12:07:44+00:00","dateModified":"2024-06-20T19:18:40+00:00","mainEntityOfPage":{"@id":"https:\/\/rioonwatch.org.br\/?p=24558"},"wordCount":1569,"publisher":{"@id":"https:\/\/rioonwatch.org.br\/#organization"},"image":{"@id":"https:\/\/rioonwatch.org.br\/?p=24558#primaryimage"},"thumbnailUrl":"https:\/\/rioonwatch.org.br\/wp-content\/uploads\/2017\/02\/Favela-identities-1.png","keywords":["#StopFavelaStigma","Asa Branca","Barra da Tijuca","Bolsa Fam\u00edlia","condom\u00ednios fechados","Direitos Humanos","exclus\u00e3o","narrativa midi\u00e1tica","orgulho comunit\u00e1rio","preconceito","Rocinha","UPP","viol\u00eancia","Zona Oeste","Zona Sul"],"articleSection":["*Destaque","Dados e Pesquisa","Entendendo o Rio","Escrito por Aliados","Favela \u00e9","Sociedade Civil","Turismo na Favela"],"inLanguage":"pt-BR"},{"@type":"WebPage","@id":"https:\/\/rioonwatch.org.br\/?p=24558","url":"https:\/\/rioonwatch.org.br\/?p=24558","name":"Viol\u00eancia Estrutural Atrav\u00e9s da Perigosa Alteriza\u00e7\u00e3o de Moradores de Favelas - RioOnWatch","isPartOf":{"@id":"https:\/\/rioonwatch.org.br\/#website"},"primaryImageOfPage":{"@id":"https:\/\/rioonwatch.org.br\/?p=24558#primaryimage"},"image":{"@id":"https:\/\/rioonwatch.org.br\/?p=24558#primaryimage"},"thumbnailUrl":"https:\/\/rioonwatch.org.br\/wp-content\/uploads\/2017\/02\/Favela-identities-1.png","datePublished":"2017-02-20T12:07:44+00:00","dateModified":"2024-06-20T19:18:40+00:00","breadcrumb":{"@id":"https:\/\/rioonwatch.org.br\/?p=24558#breadcrumb"},"inLanguage":"pt-BR","potentialAction":[{"@type":"ReadAction","target":["https:\/\/rioonwatch.org.br\/?p=24558"]}]},{"@type":"ImageObject","inLanguage":"pt-BR","@id":"https:\/\/rioonwatch.org.br\/?p=24558#primaryimage","url":"https:\/\/rioonwatch.org.br\/wp-content\/uploads\/2017\/02\/Favela-identities-1.png","contentUrl":"https:\/\/rioonwatch.org.br\/wp-content\/uploads\/2017\/02\/Favela-identities-1.png","width":1094,"height":387},{"@type":"BreadcrumbList","@id":"https:\/\/rioonwatch.org.br\/?p=24558#breadcrumb","itemListElement":[{"@type":"ListItem","position":1,"name":"In\u00edcio","item":"https:\/\/rioonwatch.org.br\/"},{"@type":"ListItem","position":2,"name":"Viol\u00eancia Estrutural Atrav\u00e9s da Perigosa Alteriza\u00e7\u00e3o de Moradores de Favelas"}]},{"@type":"WebSite","@id":"https:\/\/rioonwatch.org.br\/#website","url":"https:\/\/rioonwatch.org.br\/","name":"RioOnWatch","description":"relatos das favelas cariocas","publisher":{"@id":"https:\/\/rioonwatch.org.br\/#organization"},"potentialAction":[{"@type":"SearchAction","target":{"@type":"EntryPoint","urlTemplate":"https:\/\/rioonwatch.org.br\/?s={search_term_string}"},"query-input":{"@type":"PropertyValueSpecification","valueRequired":true,"valueName":"search_term_string"}}],"inLanguage":"pt-BR"},{"@type":"Organization","@id":"https:\/\/rioonwatch.org.br\/#organization","name":"RioOnWatch","url":"https:\/\/rioonwatch.org.br\/","logo":{"@type":"ImageObject","inLanguage":"pt-BR","@id":"https:\/\/rioonwatch.org.br\/#\/schema\/logo\/image\/","url":"https:\/\/rioonwatch.org.br\/wp-content\/uploads\/2021\/06\/RioOnWatchcabecalhoPT11anos-2.png","contentUrl":"https:\/\/rioonwatch.org.br\/wp-content\/uploads\/2021\/06\/RioOnWatchcabecalhoPT11anos-2.png","width":779,"height":277,"caption":"RioOnWatch"},"image":{"@id":"https:\/\/rioonwatch.org.br\/#\/schema\/logo\/image\/"}},{"@type":"Person","@id":"https:\/\/rioonwatch.org.br\/#\/schema\/person\/11d64c290506f9df50c71b850c473f68","name":"Admin","image":{"@type":"ImageObject","inLanguage":"pt-BR","@id":"https:\/\/rioonwatch.org.br\/#\/schema\/person\/image\/","url":"https:\/\/secure.gravatar.com\/avatar\/56211ac74568383903349a1485e3c325?s=96&d=blank&r=g","contentUrl":"https:\/\/secure.gravatar.com\/avatar\/56211ac74568383903349a1485e3c325?s=96&d=blank&r=g","caption":"Admin"},"url":"https:\/\/rioonwatch.org.br\/?author=129"}]}},"_links":{"self":[{"href":"https:\/\/rioonwatch.org.br\/index.php?rest_route=\/wp\/v2\/posts\/24558"}],"collection":[{"href":"https:\/\/rioonwatch.org.br\/index.php?rest_route=\/wp\/v2\/posts"}],"about":[{"href":"https:\/\/rioonwatch.org.br\/index.php?rest_route=\/wp\/v2\/types\/post"}],"author":[{"embeddable":true,"href":"https:\/\/rioonwatch.org.br\/index.php?rest_route=\/wp\/v2\/users\/129"}],"replies":[{"embeddable":true,"href":"https:\/\/rioonwatch.org.br\/index.php?rest_route=%2Fwp%2Fv2%2Fcomments&post=24558"}],"version-history":[{"count":21,"href":"https:\/\/rioonwatch.org.br\/index.php?rest_route=\/wp\/v2\/posts\/24558\/revisions"}],"predecessor-version":[{"id":74310,"href":"https:\/\/rioonwatch.org.br\/index.php?rest_route=\/wp\/v2\/posts\/24558\/revisions\/74310"}],"wp:featuredmedia":[{"embeddable":true,"href":"https:\/\/rioonwatch.org.br\/index.php?rest_route=\/wp\/v2\/media\/24561"}],"wp:attachment":[{"href":"https:\/\/rioonwatch.org.br\/index.php?rest_route=%2Fwp%2Fv2%2Fmedia&parent=24558"}],"wp:term":[{"taxonomy":"category","embeddable":true,"href":"https:\/\/rioonwatch.org.br\/index.php?rest_route=%2Fwp%2Fv2%2Fcategories&post=24558"},{"taxonomy":"post_tag","embeddable":true,"href":"https:\/\/rioonwatch.org.br\/index.php?rest_route=%2Fwp%2Fv2%2Ftags&post=24558"},{"taxonomy":"writer","embeddable":true,"href":"https:\/\/rioonwatch.org.br\/index.php?rest_route=%2Fwp%2Fv2%2Fwriter&post=24558"},{"taxonomy":"translator","embeddable":true,"href":"https:\/\/rioonwatch.org.br\/index.php?rest_route=%2Fwp%2Fv2%2Ftranslator&post=24558"},{"taxonomy":"source","embeddable":true,"href":"https:\/\/rioonwatch.org.br\/index.php?rest_route=%2Fwp%2Fv2%2Fsource&post=24558"},{"taxonomy":"ilustrador","embeddable":true,"href":"https:\/\/rioonwatch.org.br\/index.php?rest_route=%2Fwp%2Fv2%2Filustrador&post=24558"},{"taxonomy":"fotografo","embeddable":true,"href":"https:\/\/rioonwatch.org.br\/index.php?rest_route=%2Fwp%2Fv2%2Ffotografo&post=24558"}],"curies":[{"name":"wp","href":"https:\/\/api.w.org\/{rel}","templated":true}]}}