{"id":24637,"date":"2017-02-16T07:36:04","date_gmt":"2017-02-16T10:36:04","guid":{"rendered":"http:\/\/rioonwatch.org.br\/?p=24637"},"modified":"2024-05-24T12:40:39","modified_gmt":"2024-05-24T15:40:39","slug":"a-academia-esta-sempre-de-portas-abertas-para-os-privilegiados-opiniao","status":"publish","type":"post","link":"https:\/\/rioonwatch.org.br\/?p=24637","title":{"rendered":"A Academia Est\u00e1 Sempre de Portas Abertas para os Privilegiados [OPINI\u00c3O]"},"content":{"rendered":"<p style=\"text-align: right;\"><em><strong><a href=\"http:\/\/bit.ly\/2lSLzOx\" target=\"_blank\" rel=\"noopener\">Click Here for English<img decoding=\"async\" width=\"20\" height=\"20\" class=\"alignright wp-image-15790\" src=\"http:\/\/rioonwatch.org.br\/wp-content\/uploads\/2012\/08\/EN-standard-e1439583104716.jpg\" alt=\"\" \/><\/a><\/strong><\/em><\/p>\n<div class=\"adn ads\">\n<div class=\"gs\">\n<div id=\":mr\" class=\"ii gt adP adO\">\n<div id=\":th\" class=\"a3s aXjCH m15a42036cd1c5b88\">\n<div dir=\"ltr\">\n<p dir=\"ltr\">Historicamente a academia \u00e9 um espa\u00e7o ocupado apenas pelos privilegiados: por ricos e pela classe m\u00e9dia. No Brasil, n\u00f3s que somos das periferias e favelas, s\u00f3 estamos conseguindo entrar nesse espa\u00e7o h\u00e1 um pouco mais de uma d\u00e9cada pelo <a href=\"http:\/\/bit.ly\/2cfnkrT\" target=\"_blank\" rel=\"noopener\">sistema de cotas<\/a>. E isso\u00a0n\u00e3o foi por bondade dos governantes, foi por causa da<a href=\"http:\/\/bit.ly\/2lOMmTB\" target=\"_blank\" rel=\"noopener\"> luta hist\u00f3rica<\/a> dos movimentos negros do nosso pa\u00eds.<\/p>\n<p dir=\"ltr\">O\u00a0universo da academia \u00e9 por natureza\u00a0exclusivo. L\u00e1 n\u00e3o somos bem-vindos e isso \u00e9 mostrado no dia \u00e0 dia na <a href=\"http:\/\/bit.ly\/P4itK0\" target=\"_blank\" rel=\"noopener\">forma de tratamento<\/a>\u00a0ao nosso povo. Esse espa\u00e7o cobra produtividade, artigos, apresenta\u00e7\u00e3o de trabalho, viagens, conhecimento de outros idiomas&#8230; cobram pontualidade em um hor\u00e1rio de aula que \u00e9 s\u00f3 durante o dia. S\u00e3o x\u00e9rox e mais x\u00e9rox de textos para ler em menos de uma semana, s\u00e3o livros e mais livros exigidos a todo momento. N\u00e3o, eles n\u00e3o querem saber se a gente necessita dividir o tempo dos estudos com o trabalho de telemarketing, com o trabalho de <a href=\"http:\/\/bit.ly\/1piRAgk\" target=\"_blank\" rel=\"noopener\">resist\u00eancia<\/a> na busca pelo direito \u00e0 vida na favela, com o trabalho de caixa de supermercado, com o trabalho de oito horas por dia que nos consome.<\/p>\n<p dir=\"ltr\">Tamb\u00e9m n\u00e3o somos bem-vindos nos conceitos dados em sala. A did\u00e1tica e as refer\u00eancias s\u00e3o opressoras. O formato das cadeiras em sala de aula j\u00e1 mostra isso: \u00e9 hier\u00e1rquico. A literatura \u00e9, em sua maioria, de escritores europeus. Estes colonizaram o Brasil, foram\u00a0opressores e exploradores da cultura popular, da minha vida. E o que eles \u201censinam\u201d em textos carregados de clich\u00eas sobre minha realidade, n\u00e3o me representa.<\/p>\n<p dir=\"ltr\">A academia perpetua a opress\u00e3o e o <a href=\"http:\/\/bit.ly\/1KiFeTl\" target=\"_blank\" rel=\"noopener\">racismo<\/a>. N\u00e3o respeitam a <a href=\"http:\/\/bit.ly\/1a1M6kK\" target=\"_blank\" rel=\"noopener\">nossa cultura<\/a>. A tal <a href=\"http:\/\/bit.ly\/1H2JyaW\" target=\"_blank\" rel=\"noopener\">oralidade que eles tanto romantizam em sala de aula, n\u00e3o serve nem para o formato de texto<\/a> que eles pedem. Por que n\u00e3o posso escrever da forma que eu quero no artigo acad\u00eamico? Estou acostumada com <a href=\"http:\/\/bit.ly\/1zakVi3\" target=\"_blank\" rel=\"noopener\">um tipo de linguagem que valorizo na minha cultura<\/a>, nordestina, negra, ind\u00edgena, favelada. Falo g\u00edrias, minhas refer\u00eancias est\u00e3o no funk. Em casa, \u00e9 <a href=\"http:\/\/bit.ly\/1PYUaJt\" target=\"_blank\" rel=\"noopener\">Carolina Maria de Jesus<\/a>, \u00e9 a <a href=\"http:\/\/bit.ly\/2kqJCvJ\" target=\"_blank\" rel=\"noopener\">Orosina Vieira<\/a>, a primeira moradora da Mar\u00e9. \u00c9 Ilda Felix, minha v\u00f3. \u00c9 Carmem L\u00facia, minha m\u00e3e. \u00c9 a sabedoria delas que eu quero rechear meus artigos, mas eu quero s\u00f3 as delas, apenas as delas, porque foram elas que ensinaram e deram os seus conhecimentos para muitos outros, que n\u00e3o fazem parte desse espa\u00e7o de resist\u00eancia. Os conhecimentos delas foram \u201cinterpretados\u201d por outras e outros e isso n\u00e3o me serve.<\/p>\n<p dir=\"ltr\">A academia necessita perceber que os costumes vindos dessa popula\u00e7\u00e3o que resiste, por exemplo, h\u00e1 100 anos nas favelas do Rio, s\u00e3o saberes que devem ser valorizados, aprofundados e, acima de tudo, respeitados, mas sem qualquer uso do estere\u00f3tipo. \u00c9 preciso que a favela seja <a href=\"http:\/\/bit.ly\/1LiSfzK\" target=\"_blank\" rel=\"noopener\">protagonista da sua pr\u00f3pria escrita, fala<\/a>.\u00a0Se n\u00e3o for assim, n\u00e3o haver\u00e1 <a href=\"http:\/\/bit.ly\/2flSiMT\" target=\"_blank\" rel=\"noopener\">diversidade<\/a>, e apenas imposi\u00e7\u00e3o dos costumes dos que nos oprimem por s\u00e9culos.<\/p>\n<p dir=\"ltr\">Os\u00a0que sempre tomaram\u00a0esse espa\u00e7o do ensino p\u00fablico acad\u00eamico, tamb\u00e9m n\u00e3o nos aceitam em sala de aula, nos desqualificam dizendo que s\u00f3 temos \u00f3dio, que somos revoltados. A cada palavra racista que rebatemos, nos desqualificam, sempre aproveitando o momento da sala para falarem da quantidade de livros que eles leram no final de semana, ou que passaram um m\u00eas viajando pela Europa com o dinheiro da bolsa que ganharam porque tiveram tempo e passaram em primeiro lugar no curso.<\/p>\n<p dir=\"ltr\">N\u00e3o, a academia n\u00e3o nos aceita, mas a gente precisa ocupar cada dia mais aquele espa\u00e7o e mostrar todos os dias que temos <em>sim<\/em> nossas refer\u00eancias, que temos <em>sim<\/em> nossa forma de falar, de escrever, de se comportar. Que conhecimento mesmo \u00e9 o que constru\u00edmos no dia a dia, sem ignorar a sabedoria de muitos livros, fato.<\/p>\n<p dir=\"ltr\">Mas s\u00f3 isso n\u00e3o me serve. Afinal, eu fa\u00e7o parte de uma vida ou luta por sobreviv\u00eancia que \u00e9 muito real. O tiroteio atravessa in\u00fameros corpos todos os dias na minha favela, a <a href=\"http:\/\/bit.ly\/10BvARw\" target=\"_blank\" rel=\"noopener\">Mar\u00e9<\/a>. A falta de luz \u00e9 outra dificuldade que temos na favela. O <a href=\"http:\/\/bit.ly\/1xIZZF0\" target=\"_blank\" rel=\"noopener\">computador e a internet ainda s\u00e3o muito caros<\/a>. A falta de grana para pagar a passagem, \u00e9 outro desafio. S\u00e3o in\u00fameros os desafios, s\u00e3o v\u00e1rias as nossas lutas que temos, e teremos que travar ainda para mudar esse espa\u00e7o.<\/p>\n<p dir=\"ltr\">Vamos mudar, mas esta n\u00e3o \u00e9 e n\u00e3o pode ser uma luta individual. <a href=\"http:\/\/bit.ly\/2fKVSAd\" target=\"_blank\" rel=\"noopener\">Nosso diploma deve servir como exemplo<\/a> de for\u00e7a e luta de um povo que resiste h\u00e1 mais de 500 anos s\u00f3 nesse pa\u00eds. Vamos ocupar aquele espa\u00e7o, vamos dividir nosso conhecimento com quem ainda n\u00e3o conseguiu estar nele. Este espa\u00e7o necessita ser nosso, ele ainda vai ser nosso por inteiro! Queremos um dia mais professores com cara de povo, mais alunos com cara de povo!<\/p>\n<p dir=\"ltr\"><em>Gizele Martins \u00e9 jornalista e comunicadora comunit\u00e1ria do conjunto de favelas da Mar\u00e9.<\/em><\/p>\n<\/div>\n<\/div>\n<\/div>\n<\/div>\n<\/div>\n<!-- AddThis Advanced Settings generic via filter on the_content --><!-- AddThis Share Buttons generic via filter on the_content -->","protected":false},"excerpt":{"rendered":"<div class=\"mh-excerpt\"><p>Click Here for English Historicamente a academia \u00e9 um espa\u00e7o ocupado apenas pelos privilegiados: por ricos e pela classe m\u00e9dia. No Brasil, n\u00f3s que somos das periferias e favelas, s\u00f3 estamos conseguindo entrar nesse espa\u00e7o <a class=\"mh-excerpt-more\" href=\"https:\/\/rioonwatch.org.br\/?p=24637\" title=\"A Academia Est\u00e1 Sempre de Portas Abertas para os Privilegiados [OPINI\u00c3O]\">[&#8230;]<\/a><!-- AddThis Advanced Settings generic via filter on get_the_excerpt --><!-- AddThis Share Buttons generic via filter on get_the_excerpt --><\/p>\n<\/div>","protected":false},"author":129,"featured_media":22107,"comment_status":"closed","ping_status":"closed","sticky":false,"template":"","format":"standard","meta":{"_acf_changed":false,"_monsterinsights_skip_tracking":false,"_monsterinsights_sitenote_active":false,"_monsterinsights_sitenote_note":"","_monsterinsights_sitenote_category":0,"footnotes":""},"categories":[1621,1615,1625,1630,1616],"tags":[386,3253,332,1917,1642,421,316,976,307,899,432,218],"writer":[1699],"translator":[],"source":[],"ilustrador":[],"fotografo":[],"class_list":{"0":"post-24637","1":"post","2":"type-post","3":"status-publish","4":"format-standard","5":"has-post-thumbnail","7":"category-destaque","8":"category-cultura-da-favela","9":"category-por-correspondentes-comunitarios","10":"category-opiniao","11":"category-qualidades-da-favela","12":"tag-estigma","13":"tag-antirracismo","14":"tag-complexo-da-mare","15":"tag-comunidade-x-academia","16":"tag-cotas","17":"tag-cultura-da-favela","18":"tag-educacao","19":"tag-integracao","20":"tag-opiniao","21":"tag-preservacao-de-cultura","22":"tag-resistencia","23":"tag-zona-norte","24":"writer-gizele-martins"},"acf":[],"yoast_head":"<!-- This site is optimized with the Yoast SEO plugin v25.6 - https:\/\/yoast.com\/wordpress\/plugins\/seo\/ -->\n<title>A Academia Est\u00e1 Sempre de Portas Abertas para os Privilegiados [OPINI\u00c3O] - RioOnWatch<\/title>\n<meta name=\"robots\" content=\"index, follow, max-snippet:-1, max-image-preview:large, max-video-preview:-1\" \/>\n<link rel=\"canonical\" href=\"https:\/\/rioonwatch.org.br\/?p=24637\" \/>\n<meta property=\"og:locale\" content=\"pt_BR\" \/>\n<meta property=\"og:type\" content=\"article\" \/>\n<meta property=\"og:title\" content=\"A Academia Est\u00e1 Sempre de Portas Abertas para os Privilegiados [OPINI\u00c3O] - RioOnWatch\" \/>\n<meta property=\"og:description\" content=\"Click Here for English Historicamente a academia \u00e9 um espa\u00e7o ocupado apenas pelos privilegiados: por ricos e pela classe m\u00e9dia. No Brasil, n\u00f3s que somos das periferias e favelas, s\u00f3 estamos conseguindo entrar nesse espa\u00e7o [...]\" \/>\n<meta property=\"og:url\" content=\"https:\/\/rioonwatch.org.br\/?p=24637\" \/>\n<meta property=\"og:site_name\" content=\"RioOnWatch\" \/>\n<meta property=\"article:published_time\" content=\"2017-02-16T10:36:04+00:00\" \/>\n<meta property=\"article:modified_time\" content=\"2024-05-24T15:40:39+00:00\" \/>\n<meta property=\"og:image\" content=\"https:\/\/rioonwatch.org.br\/wp-content\/uploads\/2016\/09\/gizelepb2.jpg\" \/>\n\t<meta property=\"og:image:width\" content=\"640\" \/>\n\t<meta property=\"og:image:height\" content=\"453\" \/>\n\t<meta property=\"og:image:type\" content=\"image\/jpeg\" \/>\n<meta name=\"author\" content=\"Admin\" \/>\n<meta name=\"twitter:card\" content=\"summary_large_image\" \/>\n<meta name=\"twitter:label1\" content=\"Escrito por\" \/>\n\t<meta name=\"twitter:data1\" content=\"Admin\" \/>\n\t<meta name=\"twitter:label2\" content=\"Est. tempo de leitura\" \/>\n\t<meta name=\"twitter:data2\" content=\"4 minutos\" \/>\n<script type=\"application\/ld+json\" class=\"yoast-schema-graph\">{\"@context\":\"https:\/\/schema.org\",\"@graph\":[{\"@type\":\"Article\",\"@id\":\"https:\/\/rioonwatch.org.br\/?p=24637#article\",\"isPartOf\":{\"@id\":\"https:\/\/rioonwatch.org.br\/?p=24637\"},\"author\":{\"name\":\"Admin\",\"@id\":\"https:\/\/rioonwatch.org.br\/#\/schema\/person\/11d64c290506f9df50c71b850c473f68\"},\"headline\":\"A Academia Est\u00e1 Sempre de Portas Abertas para os Privilegiados [OPINI\u00c3O]\",\"datePublished\":\"2017-02-16T10:36:04+00:00\",\"dateModified\":\"2024-05-24T15:40:39+00:00\",\"mainEntityOfPage\":{\"@id\":\"https:\/\/rioonwatch.org.br\/?p=24637\"},\"wordCount\":862,\"publisher\":{\"@id\":\"https:\/\/rioonwatch.org.br\/#organization\"},\"image\":{\"@id\":\"https:\/\/rioonwatch.org.br\/?p=24637#primaryimage\"},\"thumbnailUrl\":\"https:\/\/rioonwatch.org.br\/wp-content\/uploads\/2016\/09\/gizelepb2.jpg\",\"keywords\":[\"#StopFavelaStigma\",\"Antirracismo\",\"Complexo da Mar\u00e9\",\"comunidade x academia\",\"cotas\",\"cultura da favela\",\"educa\u00e7\u00e3o\",\"integra\u00e7\u00e3o\",\"opini\u00e3o\",\"preserva\u00e7\u00e3o de cultura\",\"resist\u00eancia\",\"Zona Norte\"],\"articleSection\":[\"*Destaque\",\"Cultura da Favela\",\"Escrito por Comunicadores Populares\",\"Opini\u00e3o\",\"Qualidades da Favela\"],\"inLanguage\":\"pt-BR\"},{\"@type\":\"WebPage\",\"@id\":\"https:\/\/rioonwatch.org.br\/?p=24637\",\"url\":\"https:\/\/rioonwatch.org.br\/?p=24637\",\"name\":\"A Academia Est\u00e1 Sempre de Portas Abertas para os Privilegiados [OPINI\u00c3O] - RioOnWatch\",\"isPartOf\":{\"@id\":\"https:\/\/rioonwatch.org.br\/#website\"},\"primaryImageOfPage\":{\"@id\":\"https:\/\/rioonwatch.org.br\/?p=24637#primaryimage\"},\"image\":{\"@id\":\"https:\/\/rioonwatch.org.br\/?p=24637#primaryimage\"},\"thumbnailUrl\":\"https:\/\/rioonwatch.org.br\/wp-content\/uploads\/2016\/09\/gizelepb2.jpg\",\"datePublished\":\"2017-02-16T10:36:04+00:00\",\"dateModified\":\"2024-05-24T15:40:39+00:00\",\"breadcrumb\":{\"@id\":\"https:\/\/rioonwatch.org.br\/?p=24637#breadcrumb\"},\"inLanguage\":\"pt-BR\",\"potentialAction\":[{\"@type\":\"ReadAction\",\"target\":[\"https:\/\/rioonwatch.org.br\/?p=24637\"]}]},{\"@type\":\"ImageObject\",\"inLanguage\":\"pt-BR\",\"@id\":\"https:\/\/rioonwatch.org.br\/?p=24637#primaryimage\",\"url\":\"https:\/\/rioonwatch.org.br\/wp-content\/uploads\/2016\/09\/gizelepb2.jpg\",\"contentUrl\":\"https:\/\/rioonwatch.org.br\/wp-content\/uploads\/2016\/09\/gizelepb2.jpg\",\"width\":640,\"height\":453},{\"@type\":\"BreadcrumbList\",\"@id\":\"https:\/\/rioonwatch.org.br\/?p=24637#breadcrumb\",\"itemListElement\":[{\"@type\":\"ListItem\",\"position\":1,\"name\":\"In\u00edcio\",\"item\":\"https:\/\/rioonwatch.org.br\/\"},{\"@type\":\"ListItem\",\"position\":2,\"name\":\"A Academia Est\u00e1 Sempre de Portas Abertas para os Privilegiados [OPINI\u00c3O]\"}]},{\"@type\":\"WebSite\",\"@id\":\"https:\/\/rioonwatch.org.br\/#website\",\"url\":\"https:\/\/rioonwatch.org.br\/\",\"name\":\"RioOnWatch\",\"description\":\"relatos das favelas cariocas\",\"publisher\":{\"@id\":\"https:\/\/rioonwatch.org.br\/#organization\"},\"potentialAction\":[{\"@type\":\"SearchAction\",\"target\":{\"@type\":\"EntryPoint\",\"urlTemplate\":\"https:\/\/rioonwatch.org.br\/?s={search_term_string}\"},\"query-input\":{\"@type\":\"PropertyValueSpecification\",\"valueRequired\":true,\"valueName\":\"search_term_string\"}}],\"inLanguage\":\"pt-BR\"},{\"@type\":\"Organization\",\"@id\":\"https:\/\/rioonwatch.org.br\/#organization\",\"name\":\"RioOnWatch\",\"url\":\"https:\/\/rioonwatch.org.br\/\",\"logo\":{\"@type\":\"ImageObject\",\"inLanguage\":\"pt-BR\",\"@id\":\"https:\/\/rioonwatch.org.br\/#\/schema\/logo\/image\/\",\"url\":\"https:\/\/rioonwatch.org.br\/wp-content\/uploads\/2021\/06\/RioOnWatchcabecalhoPT11anos-2.png\",\"contentUrl\":\"https:\/\/rioonwatch.org.br\/wp-content\/uploads\/2021\/06\/RioOnWatchcabecalhoPT11anos-2.png\",\"width\":779,\"height\":277,\"caption\":\"RioOnWatch\"},\"image\":{\"@id\":\"https:\/\/rioonwatch.org.br\/#\/schema\/logo\/image\/\"}},{\"@type\":\"Person\",\"@id\":\"https:\/\/rioonwatch.org.br\/#\/schema\/person\/11d64c290506f9df50c71b850c473f68\",\"name\":\"Admin\",\"image\":{\"@type\":\"ImageObject\",\"inLanguage\":\"pt-BR\",\"@id\":\"https:\/\/rioonwatch.org.br\/#\/schema\/person\/image\/\",\"url\":\"https:\/\/secure.gravatar.com\/avatar\/56211ac74568383903349a1485e3c325?s=96&d=blank&r=g\",\"contentUrl\":\"https:\/\/secure.gravatar.com\/avatar\/56211ac74568383903349a1485e3c325?s=96&d=blank&r=g\",\"caption\":\"Admin\"},\"url\":\"https:\/\/rioonwatch.org.br\/?author=129\"}]}<\/script>\n<!-- \/ Yoast SEO plugin. -->","yoast_head_json":{"title":"A Academia Est\u00e1 Sempre de Portas Abertas para os Privilegiados [OPINI\u00c3O] - RioOnWatch","robots":{"index":"index","follow":"follow","max-snippet":"max-snippet:-1","max-image-preview":"max-image-preview:large","max-video-preview":"max-video-preview:-1"},"canonical":"https:\/\/rioonwatch.org.br\/?p=24637","og_locale":"pt_BR","og_type":"article","og_title":"A Academia Est\u00e1 Sempre de Portas Abertas para os Privilegiados [OPINI\u00c3O] - RioOnWatch","og_description":"Click Here for English Historicamente a academia \u00e9 um espa\u00e7o ocupado apenas pelos privilegiados: por ricos e pela classe m\u00e9dia. No Brasil, n\u00f3s que somos das periferias e favelas, s\u00f3 estamos conseguindo entrar nesse espa\u00e7o [...]","og_url":"https:\/\/rioonwatch.org.br\/?p=24637","og_site_name":"RioOnWatch","article_published_time":"2017-02-16T10:36:04+00:00","article_modified_time":"2024-05-24T15:40:39+00:00","og_image":[{"width":640,"height":453,"url":"https:\/\/rioonwatch.org.br\/wp-content\/uploads\/2016\/09\/gizelepb2.jpg","type":"image\/jpeg"}],"author":"Admin","twitter_card":"summary_large_image","twitter_misc":{"Escrito por":"Admin","Est. tempo de leitura":"4 minutos"},"schema":{"@context":"https:\/\/schema.org","@graph":[{"@type":"Article","@id":"https:\/\/rioonwatch.org.br\/?p=24637#article","isPartOf":{"@id":"https:\/\/rioonwatch.org.br\/?p=24637"},"author":{"name":"Admin","@id":"https:\/\/rioonwatch.org.br\/#\/schema\/person\/11d64c290506f9df50c71b850c473f68"},"headline":"A Academia Est\u00e1 Sempre de Portas Abertas para os Privilegiados [OPINI\u00c3O]","datePublished":"2017-02-16T10:36:04+00:00","dateModified":"2024-05-24T15:40:39+00:00","mainEntityOfPage":{"@id":"https:\/\/rioonwatch.org.br\/?p=24637"},"wordCount":862,"publisher":{"@id":"https:\/\/rioonwatch.org.br\/#organization"},"image":{"@id":"https:\/\/rioonwatch.org.br\/?p=24637#primaryimage"},"thumbnailUrl":"https:\/\/rioonwatch.org.br\/wp-content\/uploads\/2016\/09\/gizelepb2.jpg","keywords":["#StopFavelaStigma","Antirracismo","Complexo da Mar\u00e9","comunidade x academia","cotas","cultura da favela","educa\u00e7\u00e3o","integra\u00e7\u00e3o","opini\u00e3o","preserva\u00e7\u00e3o de cultura","resist\u00eancia","Zona Norte"],"articleSection":["*Destaque","Cultura da Favela","Escrito por Comunicadores Populares","Opini\u00e3o","Qualidades da Favela"],"inLanguage":"pt-BR"},{"@type":"WebPage","@id":"https:\/\/rioonwatch.org.br\/?p=24637","url":"https:\/\/rioonwatch.org.br\/?p=24637","name":"A Academia Est\u00e1 Sempre de Portas Abertas para os Privilegiados [OPINI\u00c3O] - RioOnWatch","isPartOf":{"@id":"https:\/\/rioonwatch.org.br\/#website"},"primaryImageOfPage":{"@id":"https:\/\/rioonwatch.org.br\/?p=24637#primaryimage"},"image":{"@id":"https:\/\/rioonwatch.org.br\/?p=24637#primaryimage"},"thumbnailUrl":"https:\/\/rioonwatch.org.br\/wp-content\/uploads\/2016\/09\/gizelepb2.jpg","datePublished":"2017-02-16T10:36:04+00:00","dateModified":"2024-05-24T15:40:39+00:00","breadcrumb":{"@id":"https:\/\/rioonwatch.org.br\/?p=24637#breadcrumb"},"inLanguage":"pt-BR","potentialAction":[{"@type":"ReadAction","target":["https:\/\/rioonwatch.org.br\/?p=24637"]}]},{"@type":"ImageObject","inLanguage":"pt-BR","@id":"https:\/\/rioonwatch.org.br\/?p=24637#primaryimage","url":"https:\/\/rioonwatch.org.br\/wp-content\/uploads\/2016\/09\/gizelepb2.jpg","contentUrl":"https:\/\/rioonwatch.org.br\/wp-content\/uploads\/2016\/09\/gizelepb2.jpg","width":640,"height":453},{"@type":"BreadcrumbList","@id":"https:\/\/rioonwatch.org.br\/?p=24637#breadcrumb","itemListElement":[{"@type":"ListItem","position":1,"name":"In\u00edcio","item":"https:\/\/rioonwatch.org.br\/"},{"@type":"ListItem","position":2,"name":"A Academia Est\u00e1 Sempre de Portas Abertas para os Privilegiados [OPINI\u00c3O]"}]},{"@type":"WebSite","@id":"https:\/\/rioonwatch.org.br\/#website","url":"https:\/\/rioonwatch.org.br\/","name":"RioOnWatch","description":"relatos das favelas cariocas","publisher":{"@id":"https:\/\/rioonwatch.org.br\/#organization"},"potentialAction":[{"@type":"SearchAction","target":{"@type":"EntryPoint","urlTemplate":"https:\/\/rioonwatch.org.br\/?s={search_term_string}"},"query-input":{"@type":"PropertyValueSpecification","valueRequired":true,"valueName":"search_term_string"}}],"inLanguage":"pt-BR"},{"@type":"Organization","@id":"https:\/\/rioonwatch.org.br\/#organization","name":"RioOnWatch","url":"https:\/\/rioonwatch.org.br\/","logo":{"@type":"ImageObject","inLanguage":"pt-BR","@id":"https:\/\/rioonwatch.org.br\/#\/schema\/logo\/image\/","url":"https:\/\/rioonwatch.org.br\/wp-content\/uploads\/2021\/06\/RioOnWatchcabecalhoPT11anos-2.png","contentUrl":"https:\/\/rioonwatch.org.br\/wp-content\/uploads\/2021\/06\/RioOnWatchcabecalhoPT11anos-2.png","width":779,"height":277,"caption":"RioOnWatch"},"image":{"@id":"https:\/\/rioonwatch.org.br\/#\/schema\/logo\/image\/"}},{"@type":"Person","@id":"https:\/\/rioonwatch.org.br\/#\/schema\/person\/11d64c290506f9df50c71b850c473f68","name":"Admin","image":{"@type":"ImageObject","inLanguage":"pt-BR","@id":"https:\/\/rioonwatch.org.br\/#\/schema\/person\/image\/","url":"https:\/\/secure.gravatar.com\/avatar\/56211ac74568383903349a1485e3c325?s=96&d=blank&r=g","contentUrl":"https:\/\/secure.gravatar.com\/avatar\/56211ac74568383903349a1485e3c325?s=96&d=blank&r=g","caption":"Admin"},"url":"https:\/\/rioonwatch.org.br\/?author=129"}]}},"_links":{"self":[{"href":"https:\/\/rioonwatch.org.br\/index.php?rest_route=\/wp\/v2\/posts\/24637"}],"collection":[{"href":"https:\/\/rioonwatch.org.br\/index.php?rest_route=\/wp\/v2\/posts"}],"about":[{"href":"https:\/\/rioonwatch.org.br\/index.php?rest_route=\/wp\/v2\/types\/post"}],"author":[{"embeddable":true,"href":"https:\/\/rioonwatch.org.br\/index.php?rest_route=\/wp\/v2\/users\/129"}],"replies":[{"embeddable":true,"href":"https:\/\/rioonwatch.org.br\/index.php?rest_route=%2Fwp%2Fv2%2Fcomments&post=24637"}],"version-history":[{"count":20,"href":"https:\/\/rioonwatch.org.br\/index.php?rest_route=\/wp\/v2\/posts\/24637\/revisions"}],"predecessor-version":[{"id":73548,"href":"https:\/\/rioonwatch.org.br\/index.php?rest_route=\/wp\/v2\/posts\/24637\/revisions\/73548"}],"wp:featuredmedia":[{"embeddable":true,"href":"https:\/\/rioonwatch.org.br\/index.php?rest_route=\/wp\/v2\/media\/22107"}],"wp:attachment":[{"href":"https:\/\/rioonwatch.org.br\/index.php?rest_route=%2Fwp%2Fv2%2Fmedia&parent=24637"}],"wp:term":[{"taxonomy":"category","embeddable":true,"href":"https:\/\/rioonwatch.org.br\/index.php?rest_route=%2Fwp%2Fv2%2Fcategories&post=24637"},{"taxonomy":"post_tag","embeddable":true,"href":"https:\/\/rioonwatch.org.br\/index.php?rest_route=%2Fwp%2Fv2%2Ftags&post=24637"},{"taxonomy":"writer","embeddable":true,"href":"https:\/\/rioonwatch.org.br\/index.php?rest_route=%2Fwp%2Fv2%2Fwriter&post=24637"},{"taxonomy":"translator","embeddable":true,"href":"https:\/\/rioonwatch.org.br\/index.php?rest_route=%2Fwp%2Fv2%2Ftranslator&post=24637"},{"taxonomy":"source","embeddable":true,"href":"https:\/\/rioonwatch.org.br\/index.php?rest_route=%2Fwp%2Fv2%2Fsource&post=24637"},{"taxonomy":"ilustrador","embeddable":true,"href":"https:\/\/rioonwatch.org.br\/index.php?rest_route=%2Fwp%2Fv2%2Filustrador&post=24637"},{"taxonomy":"fotografo","embeddable":true,"href":"https:\/\/rioonwatch.org.br\/index.php?rest_route=%2Fwp%2Fv2%2Ffotografo&post=24637"}],"curies":[{"name":"wp","href":"https:\/\/api.w.org\/{rel}","templated":true}]}}