{"id":24672,"date":"2017-02-22T14:27:13","date_gmt":"2017-02-22T17:27:13","guid":{"rendered":"http:\/\/rioonwatch.org.br\/?p=24672"},"modified":"2024-06-20T16:18:39","modified_gmt":"2024-06-20T19:18:39","slug":"ativistas-comunitarios-lancam-serie-de-roles-em-favelas-para-cariocas-e-turistas","status":"publish","type":"post","link":"https:\/\/rioonwatch.org.br\/?p=24672","title":{"rendered":"Ativistas Comunit\u00e1rios Lan\u00e7am S\u00e9rie de Rol\u00e9s em Favelas Para Cariocas e Turistas"},"content":{"rendered":"<p style=\"text-align: right;\"><em><strong><a href=\"http:\/\/bit.ly\/2kE5uDM\" target=\"_blank\" rel=\"noopener\">Click Here for English<img decoding=\"async\" width=\"20\" height=\"20\" class=\"alignright wp-image-15790\" src=\"http:\/\/rioonwatch.org.br\/wp-content\/uploads\/2012\/08\/EN-standard-e1439583104716.jpg\" alt=\"\" \/><\/a><\/strong><\/em><\/p>\n<p>A segunda edi\u00e7\u00e3o\u00a0do Rol\u00e9 dos Favelados deu seu pontap\u00e9 inicial no s\u00e1bado passado, 18 de fevereiro, na favela da\u00a0<a href=\"http:\/\/bit.ly\/UBMUVJ\" target=\"_blank\" rel=\"noopener\">Provid\u00eancia<\/a>,\u00a0no <a href=\"http:\/\/bit.ly\/1qX7nZG\" target=\"_blank\" rel=\"noopener\">Centro<\/a>\u00a0do Rio, que comemorar\u00e1 seu 120\u00ba anivers\u00e1rio neste ano. Em meio a um cen\u00e1rio de foli\u00f5es e <a href=\"http:\/\/bit.ly\/2lLLX07\" target=\"_blank\" rel=\"noopener\">vendedores ambulantes<\/a> do <a href=\"http:\/\/bit.ly\/1IuqD7P\" target=\"_blank\" rel=\"noopener\">Grande Rio<\/a> que desembarcavam na Central do Brasil para participar do\u00a0pr\u00e9-carnaval carioca, um grupo de onze visitantes&#8211;todos moradores do Rio, entre eles cariocas e estrangeiros&#8211;encontrou o guia <a href=\"http:\/\/bit.ly\/2lDplSG\" target=\"_blank\" rel=\"noopener\">Cosme Felippsen &#8220;O Favelado&#8221;<\/a> e a jornalista comunit\u00e1ria <a href=\"http:\/\/bit.ly\/24KePW5\" target=\"_blank\" rel=\"noopener\">Gizele Martins<\/a> para um tour pela Provid\u00eancia,\u00a0<a href=\"http:\/\/bit.ly\/2cUojex\" target=\"_blank\" rel=\"noopener\">primeira favela do Rio<\/a>.<\/p>\n<p>O tour surgiu do trabalho de Cosme e Gizele como ativistas comunit\u00e1rios dedicados a <a href=\"http:\/\/bit.ly\/2d30Pnn\" target=\"_blank\" rel=\"noopener\">combater a estigmatiza\u00e7\u00e3o<\/a> das favelas do Rio. Cosme, que tem forma\u00e7\u00e3o em turismo, reconheceu a necessidade de mudar as percep\u00e7\u00f5es negativas que moradores da cidade formal t\u00eam das favelas, quando come\u00e7ou sua carreira como guia tur\u00edstico aos oito anos de idade. Na ocasi\u00e3o a Provid\u00eancia comemorava seu centen\u00e1rio e os visitantes da Igreja Metodista no bairro vizinho da Sa\u00fade o pagavam com picol\u00e9s por passeios pelo morro.<\/p>\n<p>Gizele Martins, uma jornalista comunit\u00e1ria do Complexo da <a href=\"http:\/\/bit.ly\/10BvARw\" target=\"_blank\" rel=\"noopener\">Mar\u00e9<\/a>, na <a href=\"http:\/\/bit.ly\/WximDf\" target=\"_blank\" rel=\"noopener\">Zona Norte<\/a>, que estudou hist\u00f3ria oral e atualmente est\u00e1 fazendo um mestrado em Periferias Urbanas no Departamento de Educa\u00e7\u00e3o da UERJ\u00a0em <a href=\"http:\/\/bit.ly\/1xSlxft\" target=\"_blank\" rel=\"noopener\">Duque de Caxias<\/a>,\u00a0<a href=\"http:\/\/bit.ly\/NjmYR6\" target=\"_blank\" rel=\"noopener\">Baixada Fluminense<\/a>, v\u00ea o tour como uma oportunidade para moradores de\u00a0favelas refutarem os estere\u00f3tipos negativos que dominam as narrativas da m\u00eddia e dos pol\u00edticos sobre favelas e seus moradores, em sua maioria negros e pobres. &#8220;<span style=\"font-weight: 400;\">A gente quer as nossas refer\u00eancias, a nossa <a href=\"http:\/\/bit.ly\/1H2JyaW\" target=\"_blank\" rel=\"noopener\">linguagem<\/a>, para que os outros sintam um pouco o que a gente vive, o que a gente sofre<\/span>&#8220;, disse ela no come\u00e7o do tour.<\/p>\n<p>A ideia do <a href=\"http:\/\/bit.ly\/2jQtrqt\" target=\"_blank\" rel=\"noopener\">Rol\u00e9 dos Favelados<\/a>\u00a0\u00e9 que os dois conduzam tours em v\u00e1rias favelas com guias e ativistas locais. Eles planejam realizar dois tours <a href=\"http:\/\/bit.ly\/2lLREPD\" target=\"_blank\" rel=\"noopener\">em mar\u00e7o no Santa Marta<\/a> e na Mar\u00e9, para mostrarem aos visitantes locais e estrangeiros que, enquanto as 1000 favelas do Rio possuem caracter\u00edsticas em comum, elas exibem uma rica variedade s\u00f3cio-hist\u00f3rica e cultural e atualmente enfrentam diferentes formas de opress\u00e3o do estado e do mercado, como <a href=\"http:\/\/bit.ly\/X51Qvb\" target=\"_blank\" rel=\"noopener\">remo\u00e7\u00e3o<\/a>, <a href=\"http:\/\/bit.ly\/1i0t9Hc\" target=\"_blank\" rel=\"noopener\">ocupa\u00e7\u00e3o e viol\u00eancia\u00a0policial<\/a>, e a\u00a0<a href=\"http:\/\/bit.ly\/184FqS4\" target=\"_blank\" rel=\"noopener\">gentrifica\u00e7\u00e3o<\/a>.<\/p>\n<p><a href=\"http:\/\/rioonwatch.org.br\/wp-content\/uploads\/2017\/02\/tour-1.jpg\"><img fetchpriority=\"high\" decoding=\"async\" class=\"aligncenter wp-image-24679 size-content\" title=\"Grupo que participou do segundo Rol\u00e9 dos Favelados.\" src=\"http:\/\/rioonwatch.org.br\/wp-content\/uploads\/2017\/02\/tour-1-620x264.jpg\" width=\"620\" height=\"264\" srcset=\"https:\/\/rioonwatch.org.br\/wp-content\/uploads\/2017\/02\/tour-1-620x264.jpg 620w, https:\/\/rioonwatch.org.br\/wp-content\/uploads\/2017\/02\/tour-1-940x400.jpg 940w\" sizes=\"(max-width: 620px) 100vw, 620px\" \/><\/a><br \/>\nO tour \u00e9 intencionalmente participativo e did\u00e1tico. Na Provid\u00eancia, a visita come\u00e7a na Ladeira do Barroso, uma ladeira repleta de arquitetura colonial portuguesa, conhecida por ser o local de nascimento e inf\u00e2ncia do <a href=\"http:\/\/bit.ly\/2ljXCpA\" target=\"_blank\" rel=\"noopener\">Machado de Assis<\/a>. Cosme come\u00e7ou o tour perguntando a todos no grupo se aquele lugar espec\u00edfico era uma favela. As respostas variavam por conta\u00a0do local n\u00e3o contar com\u00a0as casas, os com\u00e9rcios e as vias auto-constru\u00eddas associadas \u00e0 maioria das favelas, mas Cosme aproveitou a oportunidade para ressaltar a din\u00e2mica social que existe nas favelas: &#8220;<span style=\"font-weight: 400;\">Os que moram aqui dizem que n\u00e3o \u00e9 favela, mas tem traficante, e os que moram encima acham que faz parte da favela porque \u00e9 o mesmo morro. Muitas pessoas que moram aqui moravam l\u00e1 encima, o sonho \u00e9 descer do morro<\/span>&#8220;. O acesso \u00e0s necessidades b\u00e1sicas, como esgoto e ruas pavimentadas, n\u00e3o apenas marca os limites entre o morro e o asfalto, mas tamb\u00e9m os limites entre aqueles que conseguiram subir a escada social descendo o morro fisicamente.<\/p>\n<p>Cosme ent\u00e3o perguntou ao grupo\u00a0<a href=\"http:\/\/bit.ly\/QueEFavela\" target=\"_blank\" rel=\"noopener\">o que \u00e9 uma favela<\/a>, e Gizele deu uma resposta hist\u00f3rica, pol\u00edtica e pessoalmente informada: &#8220;<span style=\"font-weight: 400;\">A favela \u00e9 constru\u00e7\u00e3o. N\u00e3o \u00e9 s\u00f3 o fato que n\u00f3s constru\u00edmos nossas pr\u00f3prias casas. Somos aqueles que dirigem os \u00f4nibus, somos os gar\u00e7\u00f5es, as bab\u00e1s, as pessoas que trabalham sem carteira assinada para que a cidade funcione. N\u00f3s constru\u00edmos tudo. Nada aqui foi dado. A popula\u00e7\u00e3o negra nunca teve repara\u00e7\u00f5es. Ent\u00e3o foram para o <a href=\"http:\/\/bit.ly\/29R58Su\" target=\"_blank\" rel=\"noopener\">quilombo<\/a>, e a favela \u00e9 o quilombo urbano<\/span>&#8220;. Ela continuou a expressar sua frustra\u00e7\u00e3o com a abordagem unilateral de &#8216;<a href=\"http:\/\/bit.ly\/2aegnWH\" target=\"_blank\" rel=\"noopener\">inseguran\u00e7a<\/a>\u00a0p\u00fablica&#8217; do estado para com as favelas, realidade esta que ela experimentou em primeira m\u00e3o durante a <a href=\"http:\/\/bit.ly\/1X5VJZZ\" target=\"_blank\" rel=\"noopener\">ocupa\u00e7\u00e3o militar na Mar\u00e9, antes da Copa do Mundo de 2014<\/a>: &#8220;<span style=\"font-weight: 400;\">O estado entra para matar a gente. Fazem isso para nos controlar. A sociedade nos chama de minoria. Minoria <a href=\"http:\/\/bit.ly\/1Muf8kK\" target=\"_blank\" rel=\"noopener\">LGBT<\/a>, minoria negra, minoria ind\u00edgenas porque se a gente soubesse que somos a maioria o sistema cairia&#8221;.<\/span><span style=\"font-weight: 400;\"><br \/>\n<\/span><\/p>\n<p>Apesar de Cosme admitir fazer a pergunta porque ele mesmo ainda n\u00e3o tem\u00a0chegado a uma conclus\u00e3o definitiva, sua resposta foi igualmente pungente: &#8220;<span style=\"font-weight: 400;\">As <a href=\"http:\/\/bit.ly\/1uRzOcM\" target=\"_blank\" rel=\"noopener\">favelas s\u00e3o a solu\u00e7\u00e3o<\/a>. Foi a moradia dos soldados que voltaram da Guerra de Canudos e n\u00e3o receberem a terra que o governo prometeu [e ent\u00e3o ocuparam o morro]. \u00c9 o governo que diz que s\u00e3o um problema<\/span>&#8220;.<\/p>\n<p><a href=\"http:\/\/rioonwatch.org.br\/wp-content\/uploads\/2017\/02\/eunaosaio.jpg\"><img decoding=\"async\" class=\"aligncenter wp-image-24683 size-content\" title=\"Cosme Felippsen, segurando um pandeiro, tradicional instrumento do samba.\" src=\"http:\/\/rioonwatch.org.br\/wp-content\/uploads\/2017\/02\/eunaosaio-620x264.jpg\" width=\"620\" height=\"264\" srcset=\"https:\/\/rioonwatch.org.br\/wp-content\/uploads\/2017\/02\/eunaosaio-620x264.jpg 620w, https:\/\/rioonwatch.org.br\/wp-content\/uploads\/2017\/02\/eunaosaio-940x400.jpg 940w\" sizes=\"(max-width: 620px) 100vw, 620px\" \/><\/a><br \/>\nComo em qualquer tour tradicional, Cosme destacou locais importantes ao longo de toda a favela, por\u00e9m o tour centrou-se em torno das quest\u00f5es que ambos os guias tinham enfrentado como moradores. Cosme se concentrou nas remo\u00e7\u00f5es ocorridos na Provid\u00eancia devido \u00e0 constru\u00e7\u00e3o do <a href=\"http:\/\/bit.ly\/2j1KWmB\" target=\"_blank\" rel=\"noopener\">telef\u00e9rico, atualmente fora de opera\u00e7\u00e3o<\/a>, que foi constru\u00eddo em 2013 para conectar o morro \u00e0 Esta\u00e7\u00e3o Central. Em grande parte impulsionado pela especula\u00e7\u00e3o imobili\u00e1ria devido ao programa Porto Maravilha, dito para revitalizar a <a href=\"http:\/\/bit.ly\/1cVBDvL\" target=\"_blank\" rel=\"noopener\">Zona Portu\u00e1ria<\/a>&#8212;<a href=\"http:\/\/bit.ly\/29y4HuI\" target=\"_blank\" rel=\"noopener\">um importante local para a hist\u00f3ria e cultura afro-brasileira<\/a>&#8211;a constru\u00e7\u00e3o do telef\u00e9rico removeu 200 casas. Antes das <a href=\"http:\/\/bit.ly\/1Knx3UB\" target=\"_blank\" rel=\"noopener\">remo\u00e7\u00f5es<\/a>, a prefeitura marcou as casas para a destrui\u00e7\u00e3o com as infames letras &#8216;SMH&#8217; e um n\u00famero. Apesar de SMH ser a sigla da Secretaria Municipal de Habita\u00e7\u00e3o, os moradores brincam dizendo que significava \u201csai na mesma hora\u201d e \u201csai do morro hoje\u201d.<\/p>\n<p>Cosme at\u00e9 cantou sua pr\u00f3pria vers\u00e3o do samba <a href=\"http:\/\/bit.ly\/2lygYb4\" target=\"_blank\" rel=\"noopener\">&#8220;Opini\u00e3o&#8221; do compositor Z\u00e9 K\u00e9ti<\/a>, modificando o famoso verso &#8220;daqui do morro eu n\u00e3o saio n\u00e3o&#8221; com os nomes das favelas que recentemente viveram\u00a0a viol\u00eancia do estado: &#8220;Da <a href=\"http:\/\/bit.ly\/Nfddvg\" target=\"_blank\" rel=\"noopener\">Vila Aut\u00f3dromo<\/a> eu n\u00e3o saio n\u00e3o, da Mar\u00e9 eu n\u00e3o saio n\u00e3o, <a href=\"http:\/\/bit.ly\/U0MiGm\" target=\"_blank\" rel=\"noopener\">do Alem\u00e3o<\/a> eu n\u00e3o saio n\u00e3o, da Provid\u00eancia eu n\u00e3o saio n\u00e3o&#8221;.<\/p>\n<p>Gizele falou para os visitantes&#8211;com a experi\u00eancia vivida em sua comunidade&#8211;sobre a extens\u00e3o da viol\u00eancia f\u00edsica e estrutural que as <a href=\"http:\/\/bit.ly\/R5ueio\" target=\"_blank\" rel=\"noopener\">UPPs<\/a> t\u00eam causado aos moradores das favelas: &#8220;<span style=\"font-weight: 400;\">A gente pede \u00e1gua, luz, educa\u00e7\u00e3o, direitos. N\u00e3o pedimos pol\u00edcia, pedimos seguran\u00e7a, que \u00e9 diferente<\/span>&#8220;. Ela falou francamente sobre como a pol\u00edcia e os militares assediam, danificam, violam e matam os moradores das favelas com <a href=\"http:\/\/bit.ly\/2dS2gqP\" target=\"_blank\" rel=\"noopener\">impunidade<\/a>. Cosme acredita que a instala\u00e7\u00e3o da <a href=\"http:\/\/bit.ly\/1C8Qhf0\" target=\"_blank\" rel=\"noopener\">UPP na Provid\u00eancia<\/a> em 2010 foi parte de um plano estrat\u00e9gico da prefeitura para controlar e aterrorizar os moradores: &#8220;<span style=\"font-weight: 400;\">Colocaram 200 policiais aqui. E se fossem professores e m\u00e9dicos?&#8221;<\/span><\/p>\n<p><a href=\"http:\/\/rioonwatch.org.br\/wp-content\/uploads\/2017\/02\/gizele.jpg\"><img loading=\"lazy\" decoding=\"async\" class=\"aligncenter wp-image-24685 size-content\" title=\"Gizele Martins fala com os visitantes.\" src=\"http:\/\/rioonwatch.org.br\/wp-content\/uploads\/2017\/02\/gizele-620x264.jpg\" width=\"620\" height=\"264\" srcset=\"https:\/\/rioonwatch.org.br\/wp-content\/uploads\/2017\/02\/gizele-620x264.jpg 620w, https:\/\/rioonwatch.org.br\/wp-content\/uploads\/2017\/02\/gizele-940x400.jpg 940w\" sizes=\"(max-width: 620px) 100vw, 620px\" \/><\/a><br \/>\nUm objetivo principal deste tour \u00e9 chegar aos cariocas que talvez nunca tenham pisado em uma favela em sua pr\u00f3pria cidade&#8211;n\u00e3o apenas turistas internacionais. Carolina, pesquisadora de Pol\u00edticas P\u00fablicas da Funda\u00e7\u00e3o Get\u00falio Vargas (FGV) e moradora de <a href=\"http:\/\/bit.ly\/1QJnyVP\" target=\"_blank\" rel=\"noopener\">Botafogo<\/a>, disse que ela e seu namorado Daniel j\u00e1 estiveram no Santa Marta devido \u00e0 proximidade da sua casa, mas que esse foi seu primeiro tour em favela. &#8220;[Tours] s\u00e3o uma quest\u00e3o delicada&#8221;, disse ela. &#8220;Voc\u00ea n\u00e3o quer que seja como se fosse um zool\u00f3gico para observar a pobreza. A mentalidade sempre foi esconder a favela, [o tour] mostra que a favela \u00e9 parte da cidade. Isso prova que \u00e9 uma parte importante, relevante e interessante da cidade&#8221;.<\/p>\n<p>Em \u00faltima an\u00e1lise, o tour serve como mais um exemplo de resist\u00eancia. Lamentando que as UPPs tenham <a href=\"http:\/\/bit.ly\/1G4lZsN\" target=\"_blank\" rel=\"noopener\">proibido muitas express\u00f5es culturais nas favelas<\/a>, do forr\u00f3 aos bailes funk, Gizele enfatizou que a favela n\u00e3o \u00e9 algo a ser negligenciado e depois consumido em benef\u00edcio dos n\u00e3o moradores: &#8220;<span style=\"font-weight: 400;\">A pol\u00edcia entra e proibi as coisas que n\u00f3s produzimos e que agora os outros consumem. A gente [na favela] respira resist\u00eancia na educa\u00e7\u00e3o, na cultura&#8221;.<\/span><\/p>\n<h3>Para acompanhar o trabalho de turismo comunit\u00e1rio de Cosme Felippsen e saber sobre o pr\u00f3ximo Rol\u00e9 dos Favelas, <a href=\"http:\/\/bit.ly\/2lz19RE\" target=\"_blank\" rel=\"noopener\">curta sua p\u00e1gina no Facebook<\/a>. Ou simplesmente fa\u00e7a sua inscri\u00e7\u00e3o no pr\u00f3ximo\u00a0<a href=\"http:\/\/bit.ly\/2lLREPD\" target=\"_blank\" rel=\"noopener\">Rol\u00e9 no Santa Marta<\/a>, marcado para s\u00e1bado, 18 de mar\u00e7o.<\/h3>\n<!-- AddThis Advanced Settings generic via filter on the_content --><!-- AddThis Share Buttons generic via filter on the_content -->","protected":false},"excerpt":{"rendered":"<div class=\"mh-excerpt\"><p>Click Here for English A segunda edi\u00e7\u00e3o\u00a0do Rol\u00e9 dos Favelados deu seu pontap\u00e9 inicial no s\u00e1bado passado, 18 de fevereiro, na favela da\u00a0Provid\u00eancia,\u00a0no Centro\u00a0do Rio, que comemorar\u00e1 seu 120\u00ba anivers\u00e1rio neste ano. Em meio a <a class=\"mh-excerpt-more\" href=\"https:\/\/rioonwatch.org.br\/?p=24672\" title=\"Ativistas Comunit\u00e1rios Lan\u00e7am S\u00e9rie de Rol\u00e9s em Favelas Para Cariocas e Turistas\">[&#8230;]<\/a><!-- AddThis Advanced Settings generic via filter on get_the_excerpt --><!-- AddThis Share Buttons generic via filter on get_the_excerpt --><\/p>\n<\/div>","protected":false},"author":129,"featured_media":24674,"comment_status":"closed","ping_status":"closed","sticky":false,"template":"","format":"standard","meta":{"_acf_changed":false,"_monsterinsights_skip_tracking":false,"_monsterinsights_sitenote_active":false,"_monsterinsights_sitenote_note":"","_monsterinsights_sitenote_category":0,"footnotes":""},"categories":[1621,1627,1631,1626,1388,342,1628],"tags":[386,259,332,421,1447,1372,257,494,14,432,2349,825,92,218],"writer":[1577],"translator":[1971],"source":[],"ilustrador":[],"fotografo":[],"class_list":{"0":"post-24672","1":"post","2":"type-post","3":"status-publish","4":"format-standard","5":"has-post-thumbnail","7":"category-destaque","8":"category-relato-de-evento","9":"category-entendendo-o-rio","10":"category-por-observadores-internacionais","11":"category-formas-de-apoiar","12":"category-solucoes","13":"category-turismo-na-favela","14":"tag-estigma","15":"tag-centro","16":"tag-complexo-da-mare","17":"tag-cultura-da-favela","18":"tag-favela-tour","19":"tag-grande-rio","20":"tag-providencia","21":"tag-regiao-do-porto","22":"tag-remocao","23":"tag-resistencia","24":"tag-role-dos-favelados","25":"tag-turismo","26":"tag-upp","27":"tag-zona-norte","28":"writer-stephanie-reist","29":"translator-geovanna-giannini"},"acf":[],"yoast_head":"<!-- This site is optimized with the Yoast SEO plugin v25.6 - https:\/\/yoast.com\/wordpress\/plugins\/seo\/ -->\n<title>Ativistas Comunit\u00e1rios Lan\u00e7am S\u00e9rie de Rol\u00e9s em Favelas Para Cariocas e Turistas - RioOnWatch<\/title>\n<meta name=\"robots\" content=\"index, follow, max-snippet:-1, max-image-preview:large, max-video-preview:-1\" \/>\n<link rel=\"canonical\" href=\"https:\/\/rioonwatch.org.br\/?p=24672\" \/>\n<meta property=\"og:locale\" content=\"pt_BR\" \/>\n<meta property=\"og:type\" content=\"article\" \/>\n<meta property=\"og:title\" content=\"Ativistas Comunit\u00e1rios Lan\u00e7am S\u00e9rie de Rol\u00e9s em Favelas Para Cariocas e Turistas - RioOnWatch\" \/>\n<meta property=\"og:description\" content=\"Click Here for English A segunda edi\u00e7\u00e3o\u00a0do Rol\u00e9 dos Favelados deu seu pontap\u00e9 inicial no s\u00e1bado passado, 18 de fevereiro, na favela da\u00a0Provid\u00eancia,\u00a0no Centro\u00a0do Rio, que comemorar\u00e1 seu 120\u00ba anivers\u00e1rio neste ano. Em meio a [...]\" \/>\n<meta property=\"og:url\" content=\"https:\/\/rioonwatch.org.br\/?p=24672\" \/>\n<meta property=\"og:site_name\" content=\"RioOnWatch\" \/>\n<meta property=\"article:published_time\" content=\"2017-02-22T17:27:13+00:00\" \/>\n<meta property=\"article:modified_time\" content=\"2024-06-20T19:18:39+00:00\" \/>\n<meta property=\"og:image\" content=\"https:\/\/rioonwatch.org.br\/wp-content\/uploads\/2017\/02\/cosme.jpg\" \/>\n\t<meta property=\"og:image:width\" content=\"2000\" \/>\n\t<meta property=\"og:image:height\" content=\"1333\" \/>\n\t<meta property=\"og:image:type\" content=\"image\/jpeg\" \/>\n<meta name=\"author\" content=\"Admin\" \/>\n<meta name=\"twitter:card\" content=\"summary_large_image\" \/>\n<meta name=\"twitter:label1\" content=\"Escrito por\" \/>\n\t<meta name=\"twitter:data1\" content=\"Admin\" \/>\n\t<meta name=\"twitter:label2\" content=\"Est. tempo de leitura\" \/>\n\t<meta name=\"twitter:data2\" content=\"7 minutos\" \/>\n<script type=\"application\/ld+json\" class=\"yoast-schema-graph\">{\"@context\":\"https:\/\/schema.org\",\"@graph\":[{\"@type\":\"Article\",\"@id\":\"https:\/\/rioonwatch.org.br\/?p=24672#article\",\"isPartOf\":{\"@id\":\"https:\/\/rioonwatch.org.br\/?p=24672\"},\"author\":{\"name\":\"Admin\",\"@id\":\"https:\/\/rioonwatch.org.br\/#\/schema\/person\/11d64c290506f9df50c71b850c473f68\"},\"headline\":\"Ativistas Comunit\u00e1rios Lan\u00e7am S\u00e9rie de Rol\u00e9s em Favelas Para Cariocas e Turistas\",\"datePublished\":\"2017-02-22T17:27:13+00:00\",\"dateModified\":\"2024-06-20T19:18:39+00:00\",\"mainEntityOfPage\":{\"@id\":\"https:\/\/rioonwatch.org.br\/?p=24672\"},\"wordCount\":1419,\"publisher\":{\"@id\":\"https:\/\/rioonwatch.org.br\/#organization\"},\"image\":{\"@id\":\"https:\/\/rioonwatch.org.br\/?p=24672#primaryimage\"},\"thumbnailUrl\":\"https:\/\/rioonwatch.org.br\/wp-content\/uploads\/2017\/02\/cosme.jpg\",\"keywords\":[\"#StopFavelaStigma\",\"Centro\",\"Complexo da Mar\u00e9\",\"cultura da favela\",\"Favela Tours Comunit\u00e1rios\",\"Grande Rio\",\"Morro da Provid\u00eancia\",\"Regi\u00e3o do Porto\",\"Remo\u00e7\u00e3o\",\"resist\u00eancia\",\"Rol\u00e9 dos Favelados\",\"turismo\",\"UPP\",\"Zona Norte\"],\"articleSection\":[\"*Destaque\",\"Cobertura de Eventos\",\"Entendendo o Rio\",\"Escrito por Aliados\",\"Formas de Apoiar\",\"Solu\u00e7\u00f5es\",\"Turismo na Favela\"],\"inLanguage\":\"pt-BR\"},{\"@type\":\"WebPage\",\"@id\":\"https:\/\/rioonwatch.org.br\/?p=24672\",\"url\":\"https:\/\/rioonwatch.org.br\/?p=24672\",\"name\":\"Ativistas Comunit\u00e1rios Lan\u00e7am S\u00e9rie de Rol\u00e9s em Favelas Para Cariocas e Turistas - RioOnWatch\",\"isPartOf\":{\"@id\":\"https:\/\/rioonwatch.org.br\/#website\"},\"primaryImageOfPage\":{\"@id\":\"https:\/\/rioonwatch.org.br\/?p=24672#primaryimage\"},\"image\":{\"@id\":\"https:\/\/rioonwatch.org.br\/?p=24672#primaryimage\"},\"thumbnailUrl\":\"https:\/\/rioonwatch.org.br\/wp-content\/uploads\/2017\/02\/cosme.jpg\",\"datePublished\":\"2017-02-22T17:27:13+00:00\",\"dateModified\":\"2024-06-20T19:18:39+00:00\",\"breadcrumb\":{\"@id\":\"https:\/\/rioonwatch.org.br\/?p=24672#breadcrumb\"},\"inLanguage\":\"pt-BR\",\"potentialAction\":[{\"@type\":\"ReadAction\",\"target\":[\"https:\/\/rioonwatch.org.br\/?p=24672\"]}]},{\"@type\":\"ImageObject\",\"inLanguage\":\"pt-BR\",\"@id\":\"https:\/\/rioonwatch.org.br\/?p=24672#primaryimage\",\"url\":\"https:\/\/rioonwatch.org.br\/wp-content\/uploads\/2017\/02\/cosme.jpg\",\"contentUrl\":\"https:\/\/rioonwatch.org.br\/wp-content\/uploads\/2017\/02\/cosme.jpg\",\"width\":2000,\"height\":1333},{\"@type\":\"BreadcrumbList\",\"@id\":\"https:\/\/rioonwatch.org.br\/?p=24672#breadcrumb\",\"itemListElement\":[{\"@type\":\"ListItem\",\"position\":1,\"name\":\"In\u00edcio\",\"item\":\"https:\/\/rioonwatch.org.br\/\"},{\"@type\":\"ListItem\",\"position\":2,\"name\":\"Ativistas Comunit\u00e1rios Lan\u00e7am S\u00e9rie de Rol\u00e9s em Favelas Para Cariocas e Turistas\"}]},{\"@type\":\"WebSite\",\"@id\":\"https:\/\/rioonwatch.org.br\/#website\",\"url\":\"https:\/\/rioonwatch.org.br\/\",\"name\":\"RioOnWatch\",\"description\":\"relatos das favelas cariocas\",\"publisher\":{\"@id\":\"https:\/\/rioonwatch.org.br\/#organization\"},\"potentialAction\":[{\"@type\":\"SearchAction\",\"target\":{\"@type\":\"EntryPoint\",\"urlTemplate\":\"https:\/\/rioonwatch.org.br\/?s={search_term_string}\"},\"query-input\":{\"@type\":\"PropertyValueSpecification\",\"valueRequired\":true,\"valueName\":\"search_term_string\"}}],\"inLanguage\":\"pt-BR\"},{\"@type\":\"Organization\",\"@id\":\"https:\/\/rioonwatch.org.br\/#organization\",\"name\":\"RioOnWatch\",\"url\":\"https:\/\/rioonwatch.org.br\/\",\"logo\":{\"@type\":\"ImageObject\",\"inLanguage\":\"pt-BR\",\"@id\":\"https:\/\/rioonwatch.org.br\/#\/schema\/logo\/image\/\",\"url\":\"https:\/\/rioonwatch.org.br\/wp-content\/uploads\/2021\/06\/RioOnWatchcabecalhoPT11anos-2.png\",\"contentUrl\":\"https:\/\/rioonwatch.org.br\/wp-content\/uploads\/2021\/06\/RioOnWatchcabecalhoPT11anos-2.png\",\"width\":779,\"height\":277,\"caption\":\"RioOnWatch\"},\"image\":{\"@id\":\"https:\/\/rioonwatch.org.br\/#\/schema\/logo\/image\/\"}},{\"@type\":\"Person\",\"@id\":\"https:\/\/rioonwatch.org.br\/#\/schema\/person\/11d64c290506f9df50c71b850c473f68\",\"name\":\"Admin\",\"image\":{\"@type\":\"ImageObject\",\"inLanguage\":\"pt-BR\",\"@id\":\"https:\/\/rioonwatch.org.br\/#\/schema\/person\/image\/\",\"url\":\"https:\/\/secure.gravatar.com\/avatar\/56211ac74568383903349a1485e3c325?s=96&d=blank&r=g\",\"contentUrl\":\"https:\/\/secure.gravatar.com\/avatar\/56211ac74568383903349a1485e3c325?s=96&d=blank&r=g\",\"caption\":\"Admin\"},\"url\":\"https:\/\/rioonwatch.org.br\/?author=129\"}]}<\/script>\n<!-- \/ Yoast SEO plugin. -->","yoast_head_json":{"title":"Ativistas Comunit\u00e1rios Lan\u00e7am S\u00e9rie de Rol\u00e9s em Favelas Para Cariocas e Turistas - RioOnWatch","robots":{"index":"index","follow":"follow","max-snippet":"max-snippet:-1","max-image-preview":"max-image-preview:large","max-video-preview":"max-video-preview:-1"},"canonical":"https:\/\/rioonwatch.org.br\/?p=24672","og_locale":"pt_BR","og_type":"article","og_title":"Ativistas Comunit\u00e1rios Lan\u00e7am S\u00e9rie de Rol\u00e9s em Favelas Para Cariocas e Turistas - RioOnWatch","og_description":"Click Here for English A segunda edi\u00e7\u00e3o\u00a0do Rol\u00e9 dos Favelados deu seu pontap\u00e9 inicial no s\u00e1bado passado, 18 de fevereiro, na favela da\u00a0Provid\u00eancia,\u00a0no Centro\u00a0do Rio, que comemorar\u00e1 seu 120\u00ba anivers\u00e1rio neste ano. Em meio a [...]","og_url":"https:\/\/rioonwatch.org.br\/?p=24672","og_site_name":"RioOnWatch","article_published_time":"2017-02-22T17:27:13+00:00","article_modified_time":"2024-06-20T19:18:39+00:00","og_image":[{"width":2000,"height":1333,"url":"https:\/\/rioonwatch.org.br\/wp-content\/uploads\/2017\/02\/cosme.jpg","type":"image\/jpeg"}],"author":"Admin","twitter_card":"summary_large_image","twitter_misc":{"Escrito por":"Admin","Est. tempo de leitura":"7 minutos"},"schema":{"@context":"https:\/\/schema.org","@graph":[{"@type":"Article","@id":"https:\/\/rioonwatch.org.br\/?p=24672#article","isPartOf":{"@id":"https:\/\/rioonwatch.org.br\/?p=24672"},"author":{"name":"Admin","@id":"https:\/\/rioonwatch.org.br\/#\/schema\/person\/11d64c290506f9df50c71b850c473f68"},"headline":"Ativistas Comunit\u00e1rios Lan\u00e7am S\u00e9rie de Rol\u00e9s em Favelas Para Cariocas e Turistas","datePublished":"2017-02-22T17:27:13+00:00","dateModified":"2024-06-20T19:18:39+00:00","mainEntityOfPage":{"@id":"https:\/\/rioonwatch.org.br\/?p=24672"},"wordCount":1419,"publisher":{"@id":"https:\/\/rioonwatch.org.br\/#organization"},"image":{"@id":"https:\/\/rioonwatch.org.br\/?p=24672#primaryimage"},"thumbnailUrl":"https:\/\/rioonwatch.org.br\/wp-content\/uploads\/2017\/02\/cosme.jpg","keywords":["#StopFavelaStigma","Centro","Complexo da Mar\u00e9","cultura da favela","Favela Tours Comunit\u00e1rios","Grande Rio","Morro da Provid\u00eancia","Regi\u00e3o do Porto","Remo\u00e7\u00e3o","resist\u00eancia","Rol\u00e9 dos Favelados","turismo","UPP","Zona Norte"],"articleSection":["*Destaque","Cobertura de Eventos","Entendendo o Rio","Escrito por Aliados","Formas de Apoiar","Solu\u00e7\u00f5es","Turismo na Favela"],"inLanguage":"pt-BR"},{"@type":"WebPage","@id":"https:\/\/rioonwatch.org.br\/?p=24672","url":"https:\/\/rioonwatch.org.br\/?p=24672","name":"Ativistas Comunit\u00e1rios Lan\u00e7am S\u00e9rie de Rol\u00e9s em Favelas Para Cariocas e Turistas - RioOnWatch","isPartOf":{"@id":"https:\/\/rioonwatch.org.br\/#website"},"primaryImageOfPage":{"@id":"https:\/\/rioonwatch.org.br\/?p=24672#primaryimage"},"image":{"@id":"https:\/\/rioonwatch.org.br\/?p=24672#primaryimage"},"thumbnailUrl":"https:\/\/rioonwatch.org.br\/wp-content\/uploads\/2017\/02\/cosme.jpg","datePublished":"2017-02-22T17:27:13+00:00","dateModified":"2024-06-20T19:18:39+00:00","breadcrumb":{"@id":"https:\/\/rioonwatch.org.br\/?p=24672#breadcrumb"},"inLanguage":"pt-BR","potentialAction":[{"@type":"ReadAction","target":["https:\/\/rioonwatch.org.br\/?p=24672"]}]},{"@type":"ImageObject","inLanguage":"pt-BR","@id":"https:\/\/rioonwatch.org.br\/?p=24672#primaryimage","url":"https:\/\/rioonwatch.org.br\/wp-content\/uploads\/2017\/02\/cosme.jpg","contentUrl":"https:\/\/rioonwatch.org.br\/wp-content\/uploads\/2017\/02\/cosme.jpg","width":2000,"height":1333},{"@type":"BreadcrumbList","@id":"https:\/\/rioonwatch.org.br\/?p=24672#breadcrumb","itemListElement":[{"@type":"ListItem","position":1,"name":"In\u00edcio","item":"https:\/\/rioonwatch.org.br\/"},{"@type":"ListItem","position":2,"name":"Ativistas Comunit\u00e1rios Lan\u00e7am S\u00e9rie de Rol\u00e9s em Favelas Para Cariocas e Turistas"}]},{"@type":"WebSite","@id":"https:\/\/rioonwatch.org.br\/#website","url":"https:\/\/rioonwatch.org.br\/","name":"RioOnWatch","description":"relatos das favelas cariocas","publisher":{"@id":"https:\/\/rioonwatch.org.br\/#organization"},"potentialAction":[{"@type":"SearchAction","target":{"@type":"EntryPoint","urlTemplate":"https:\/\/rioonwatch.org.br\/?s={search_term_string}"},"query-input":{"@type":"PropertyValueSpecification","valueRequired":true,"valueName":"search_term_string"}}],"inLanguage":"pt-BR"},{"@type":"Organization","@id":"https:\/\/rioonwatch.org.br\/#organization","name":"RioOnWatch","url":"https:\/\/rioonwatch.org.br\/","logo":{"@type":"ImageObject","inLanguage":"pt-BR","@id":"https:\/\/rioonwatch.org.br\/#\/schema\/logo\/image\/","url":"https:\/\/rioonwatch.org.br\/wp-content\/uploads\/2021\/06\/RioOnWatchcabecalhoPT11anos-2.png","contentUrl":"https:\/\/rioonwatch.org.br\/wp-content\/uploads\/2021\/06\/RioOnWatchcabecalhoPT11anos-2.png","width":779,"height":277,"caption":"RioOnWatch"},"image":{"@id":"https:\/\/rioonwatch.org.br\/#\/schema\/logo\/image\/"}},{"@type":"Person","@id":"https:\/\/rioonwatch.org.br\/#\/schema\/person\/11d64c290506f9df50c71b850c473f68","name":"Admin","image":{"@type":"ImageObject","inLanguage":"pt-BR","@id":"https:\/\/rioonwatch.org.br\/#\/schema\/person\/image\/","url":"https:\/\/secure.gravatar.com\/avatar\/56211ac74568383903349a1485e3c325?s=96&d=blank&r=g","contentUrl":"https:\/\/secure.gravatar.com\/avatar\/56211ac74568383903349a1485e3c325?s=96&d=blank&r=g","caption":"Admin"},"url":"https:\/\/rioonwatch.org.br\/?author=129"}]}},"_links":{"self":[{"href":"https:\/\/rioonwatch.org.br\/index.php?rest_route=\/wp\/v2\/posts\/24672"}],"collection":[{"href":"https:\/\/rioonwatch.org.br\/index.php?rest_route=\/wp\/v2\/posts"}],"about":[{"href":"https:\/\/rioonwatch.org.br\/index.php?rest_route=\/wp\/v2\/types\/post"}],"author":[{"embeddable":true,"href":"https:\/\/rioonwatch.org.br\/index.php?rest_route=\/wp\/v2\/users\/129"}],"replies":[{"embeddable":true,"href":"https:\/\/rioonwatch.org.br\/index.php?rest_route=%2Fwp%2Fv2%2Fcomments&post=24672"}],"version-history":[{"count":28,"href":"https:\/\/rioonwatch.org.br\/index.php?rest_route=\/wp\/v2\/posts\/24672\/revisions"}],"predecessor-version":[{"id":32957,"href":"https:\/\/rioonwatch.org.br\/index.php?rest_route=\/wp\/v2\/posts\/24672\/revisions\/32957"}],"wp:featuredmedia":[{"embeddable":true,"href":"https:\/\/rioonwatch.org.br\/index.php?rest_route=\/wp\/v2\/media\/24674"}],"wp:attachment":[{"href":"https:\/\/rioonwatch.org.br\/index.php?rest_route=%2Fwp%2Fv2%2Fmedia&parent=24672"}],"wp:term":[{"taxonomy":"category","embeddable":true,"href":"https:\/\/rioonwatch.org.br\/index.php?rest_route=%2Fwp%2Fv2%2Fcategories&post=24672"},{"taxonomy":"post_tag","embeddable":true,"href":"https:\/\/rioonwatch.org.br\/index.php?rest_route=%2Fwp%2Fv2%2Ftags&post=24672"},{"taxonomy":"writer","embeddable":true,"href":"https:\/\/rioonwatch.org.br\/index.php?rest_route=%2Fwp%2Fv2%2Fwriter&post=24672"},{"taxonomy":"translator","embeddable":true,"href":"https:\/\/rioonwatch.org.br\/index.php?rest_route=%2Fwp%2Fv2%2Ftranslator&post=24672"},{"taxonomy":"source","embeddable":true,"href":"https:\/\/rioonwatch.org.br\/index.php?rest_route=%2Fwp%2Fv2%2Fsource&post=24672"},{"taxonomy":"ilustrador","embeddable":true,"href":"https:\/\/rioonwatch.org.br\/index.php?rest_route=%2Fwp%2Fv2%2Filustrador&post=24672"},{"taxonomy":"fotografo","embeddable":true,"href":"https:\/\/rioonwatch.org.br\/index.php?rest_route=%2Fwp%2Fv2%2Ffotografo&post=24672"}],"curies":[{"name":"wp","href":"https:\/\/api.w.org\/{rel}","templated":true}]}}