{"id":24704,"date":"2017-03-19T13:57:06","date_gmt":"2017-03-19T16:57:06","guid":{"rendered":"http:\/\/rioonwatch.org.br\/?p=24704"},"modified":"2017-03-20T09:34:44","modified_gmt":"2017-03-20T12:34:44","slug":"apos-a-aprovacao-da-emenda-da-austeridade-o-que-acontecera-com-a-educacao-publica-no-rio-de-janeiro","status":"publish","type":"post","link":"https:\/\/rioonwatch.org.br\/?p=24704","title":{"rendered":"Ap\u00f3s a Aprova\u00e7\u00e3o da PEC 241, o que Acontecer\u00e1 com a Educa\u00e7\u00e3o P\u00fablica no Rio de Janeiro?"},"content":{"rendered":"<p style=\"text-align: right;\"><em><strong><a href=\"http:\/\/bit.ly\/2lHCR4D\" target=\"_blank\">Click Here for English<img decoding=\"async\" width=\"20\" height=\"20\" class=\"alignright wp-image-15790\" src=\"http:\/\/rioonwatch.org.br\/wp-content\/uploads\/2012\/08\/EN-standard-e1439583104716.jpg\" alt=\"\" \/><\/a><\/strong><\/em><\/p>\n<p>No dia 13 de dezembro, o Senado aprovou a PEC 241\/55, emenda constitucional que <a href=\"http:\/\/bit.ly\/2hgoDcR\" target=\"_blank\">limita todas as medidas de gastos federais para os pr\u00f3ximos 20 anos<\/a>, e s\u00f3 permite a reavalia\u00e7\u00e3o da emenda ap\u00f3s a marca de 10 anos. A emenda permite somente a infla\u00e7\u00e3o como fator influenciador e mais\u00a0nenhum outro ser\u00e1 poss\u00edvel, tais como: mudan\u00e7as demogr\u00e1ficas ou pol\u00edticas, ou crescimento populacional.<\/p>\n<p>A PEC 55 (originalmente PEC 241) obteve cr\u00edticas de comunidades internacionais e brasileiras desde a aprova\u00e7\u00e3o. O relator especial da ONU para extrema pobreza e direitos humanos, Philip Alston, <a href=\"http:\/\/bit.ly\/2lvHnV1\" target=\"_blank\">expressou sua profunda preocupa\u00e7\u00e3o<\/a> e disse que o projeto viola as obriga\u00e7\u00f5es do Brasil de acordo com o Pacto Internacional dos Direitos Econ\u00f4micos, Sociais e Culturais. &#8220;Essa \u00e9 uma medida radical, desprovida de toda nuance e compaix\u00e3o&#8221;, disse Alston. &#8220;\u00c9 completamente inapropriado congelar somente o gasto social e atar as m\u00e3os de todos os pr\u00f3ximos governos por outras duas d\u00e9cadas&#8221;.<\/p>\n<p>Enquanto isso, no governo, o\u00a0secret\u00e1rio de Acompanhamento Econ\u00f4mico, Mansueto Almeida, afirma que a educa\u00e7\u00e3o e a sa\u00fade <a href=\"http:\/\/bit.ly\/2k81wD8\" target=\"_blank\">continuar\u00e3o sendo uma prioridade<\/a> e que \u201co\u00a0gasto da educa\u00e7\u00e3o vai seguir a regra constitucional que determina que 18% de tudo o que o governo arrecada tem de ser aplicado em <a href=\"http:\/\/bit.ly\/1acNApR\" target=\"_blank\">educa\u00e7\u00e3o<\/a>. Nos anos seguintes, o valor m\u00ednimo a ser aplicado ser\u00e1 corrigido pela infla\u00e7\u00e3o\u201d. No entanto, advers\u00e1rios como Pedro Paulo Zahluth Bastos da Universidade de Campinas,\u00a0<a href=\"http:\/\/bit.ly\/2mlUbg2\" target=\"_blank\">n\u00e3o v\u00ea o ajuste para a infla\u00e7\u00e3o como suficiente<\/a> para evitar quedas no investimento social, e prev\u00ea que, mesmo com a infla\u00e7\u00e3o sendo levada em conta, a despesa de educa\u00e7\u00e3o por crian\u00e7a vai cair em quase um ter\u00e7o.<\/p>\n<p><a href=\"http:\/\/rioonwatch.org.br\/wp-content\/uploads\/2017\/02\/senado-federal-aprova-pec-55-e1481647746752-1.jpg\"><img fetchpriority=\"high\" decoding=\"async\" class=\"aligncenter wp-image-24710 size-content\" title=\"O Senado brasileiro vota a PEC 55.\" src=\"http:\/\/rioonwatch.org.br\/wp-content\/uploads\/2017\/02\/senado-federal-aprova-pec-55-e1481647746752-1-620x264.jpg\" width=\"620\" height=\"264\" srcset=\"https:\/\/rioonwatch.org.br\/wp-content\/uploads\/2017\/02\/senado-federal-aprova-pec-55-e1481647746752-1-620x264.jpg 620w, https:\/\/rioonwatch.org.br\/wp-content\/uploads\/2017\/02\/senado-federal-aprova-pec-55-e1481647746752-1-940x400.jpg 940w\" sizes=\"(max-width: 620px) 100vw, 620px\" \/><\/a><br \/>\nO tema dos gastos com educa\u00e7\u00e3o tem sido controverso desde meados da d\u00e9cada de 1990. Hoje, no Brasil, o ensino m\u00e9dio \u00e9 obrigat\u00f3rio e h\u00e1 pol\u00edticas que facilitam o atendimento de crian\u00e7as de baixa renda (como o programa <a href=\"http:\/\/bit.ly\/1bVmvbP\" target=\"_blank\">Bolsa Fam\u00edlia<\/a>, que exige que as m\u00e3es de baixa renda <a href=\"http:\/\/bit.ly\/2kMSVpN\" target=\"_blank\">inscrevam as crian\u00e7as na escola<\/a> para terem acesso ao benef\u00edcio), por\u00e9m pouco se tem feito em termos de melhorias estruturais ou investimento a longo prazo na qualidade da educa\u00e7\u00e3o.<\/p>\n<p>Em mar\u00e7o de 2016, as <a href=\"http:\/\/bit.ly\/22eNWbv\" target=\"_blank\">greves<\/a> de professores e estudantes tomaram for\u00e7a total. Os funcion\u00e1rios das escolas p\u00fablicas do estado n\u00e3o receberam aumento nos sal\u00e1rios desde 2014, mesmo durante um per\u00edodo de infla\u00e7\u00e3o e uma recess\u00e3o econ\u00f4mica severa. O <a href=\"http:\/\/bit.ly\/29eoOkF\" target=\"_blank\">SEPE<\/a> (Sindicato Estadual dos Profissionais da Educa\u00e7\u00e3o) abriu caminho para professores e administradores <a href=\"http:\/\/bit.ly\/2dQJO4t\" target=\"_blank\">unirem suas for\u00e7as na resist\u00eancia<\/a>, enquanto <a href=\"http:\/\/bit.ly\/1U0lnwm\" target=\"_blank\">estudantes expressaram sua pr\u00f3pria insatisfa\u00e7\u00e3o<\/a> ao liderar o movimento de ocupa\u00e7\u00e3o escolar. Al\u00e9m disso, o Estado do Rio de Janeiro entrou em crise financeira e os pagamentos salariais foram feitos depois do prometido.<\/p>\n<p>Dorot\u00e9a Frota Santana, coordenadora do SEPE e professora de longa data na <a href=\"http:\/\/bit.ly\/10BzE4e\" target=\"_blank\">Cidade de Deus<\/a>, diz que em termos de educa\u00e7\u00e3o, \u201cEsse ano vai ser muito ruim. A desvaloriza\u00e7\u00e3o dos professores, a falta de investimento e o congelamento dos sal\u00e1rios \u00e9 um total atraso. O que esta acontecendo \u00e9 muito ruim\u201d. Embora as greves tenham desacelerado no final de 2016, nada impede que voltem a crescer agora com o pr\u00f3ximo ano letivo de 2017 e a rec\u00e9m-aprovada PEC 55. Pois,\u00a0<a href=\"http:\/\/bit.ly\/1FM0mN6\" target=\"_blank\">j\u00e1 havendo falta de investimento e aten\u00e7\u00e3o \u00e0s escolas do Rio de Janeiro<\/a>, parece contraproducente promulgar uma legisla\u00e7\u00e3o nacional t\u00e3o dura e que ignore <a href=\"http:\/\/bit.ly\/2l0pM9h\" target=\"_blank\">realidades sociais gritantes<\/a>. Apesar de Dorot\u00e9a Santana n\u00e3o estar certa de que outra greve vai acontecer no futuro pr\u00f3ximo, ela diz que \u201cdepende, pois as pessoas est\u00e3o muito preocupadas com a falta de sal\u00e1rio. Eu pelo menos defendo. A base \u00e9 que tem que ligar o term\u00f4metro\u201d.<\/p>\n<p><a href=\"http:\/\/rioonwatch.org.br\/wp-content\/uploads\/2017\/02\/pec-241-1-740x414_0-1.jpg\"><img decoding=\"async\" class=\"aligncenter wp-image-24714 size-content\" title=\"Marcha em Bras\u00edlia contra a aprova\u00e7\u00e3o do PEC 55. Foto de Lula Marqu\u00eas \/ Ag\u00eancia PT\" src=\"http:\/\/rioonwatch.org.br\/wp-content\/uploads\/2017\/02\/pec-241-1-740x414_0-1-620x264.jpg\" width=\"620\" height=\"264\" srcset=\"https:\/\/rioonwatch.org.br\/wp-content\/uploads\/2017\/02\/pec-241-1-740x414_0-1-620x264.jpg 620w, https:\/\/rioonwatch.org.br\/wp-content\/uploads\/2017\/02\/pec-241-1-740x414_0-1-940x400.jpg 940w\" sizes=\"(max-width: 620px) 100vw, 620px\" \/><\/a><br \/>\nNo Rio de Janeiro, 51,6% dos alunos n\u00e3o se formam a tempo, em grande parte devido a repeti\u00e7\u00e3o de anos escolares. E embora a presen\u00e7a seja obrigat\u00f3ria desde o jardim de inf\u00e2ncia at\u00e9 a gradua\u00e7\u00e3o, os hor\u00e1rios de escola duram apenas tr\u00eas a quatro horas por dia, principalmente devido a recursos limitados e \u00e0\u00a0<a href=\"http:\/\/bit.ly\/2kMSrA8\" target=\"_blank\">superlota\u00e7\u00e3o<\/a>\u00a0resultante. Mesmo com aulas divididas em manh\u00e3\/tarde, os professores, freq\u00fcentemente, recebem 45-70 alunos por sala de aula. Algumas escolas, diz ela, foram at\u00e9 abandonadas. &#8220;Os problemas mais importantes s\u00e3o as condi\u00e7\u00f5es de trabalho, superlota\u00e7\u00e3o das turmas, falta de material e em algumas comunidades as condi\u00e7\u00f5es da infraestrutura. Agora depois de muitas den\u00fancias, o Estado esta fazendo reparos&#8221;.<\/p>\n<p><a href=\"http:\/\/bit.ly\/299adnI\" target=\"_blank\">As escolas p\u00fablicas inadequadas acabam por acentuar as disparidades socioecon\u00f4micas por toda a cidade<\/a>. Nos bairros da <a href=\"http:\/\/bit.ly\/1mNsDyk\" target=\"_blank\">Zona Sul<\/a> e na Barra da Tijuca, no Rio de Janeiro, as \u00e1reas com maior renda m\u00e9dia, a taxa de analfabetismo entre 8 e 9 anos \u00e9 de 6,3%. No entanto, em bairros como <a href=\"http:\/\/bit.ly\/1eH5Mym\" target=\"_blank\">Santa Cruz<\/a> e <a href=\"http:\/\/bit.ly\/2hh5d4o\" target=\"_blank\">Ramos<\/a>, \u00e1reas com n\u00edveis de renda consideravelmente mais baixos, as taxas de analfabetismo infantil chegam a 9,5% e 8,7%, respectivamente. Na compara\u00e7\u00e3o entre escolas p\u00fablicas e privadas no Rio de Janeiro, a taxa de analfabetismo infantil para alunos matriculados em escolas p\u00fablicas foi de 8,3%, mas apenas 1,1% entre crian\u00e7as da mesma idade matriculadas em escolas particulares.<\/p>\n<p><a href=\"http:\/\/rioonwatch.org.br\/wp-content\/uploads\/2017\/02\/Abandoned-school-1.jpeg\"><img loading=\"lazy\" decoding=\"async\" class=\"aligncenter wp-image-24716 size-content\" title=\"Uma sala de aula abandonada na favela do Jacarezinho. Foto de: Dorot\u00e9a Frota Santana\" src=\"http:\/\/rioonwatch.org.br\/wp-content\/uploads\/2017\/02\/Abandoned-school-1-620x264.jpeg\" width=\"620\" height=\"264\" srcset=\"https:\/\/rioonwatch.org.br\/wp-content\/uploads\/2017\/02\/Abandoned-school-1-620x264.jpeg 620w, https:\/\/rioonwatch.org.br\/wp-content\/uploads\/2017\/02\/Abandoned-school-1-940x400.jpeg 940w\" sizes=\"(max-width: 620px) 100vw, 620px\" \/><\/a><br \/>\nOs d\u00e9ficits flagrantes na qualidade da educa\u00e7\u00e3o refletem tamb\u00e9m as <a href=\"http:\/\/bit.ly\/2gUSg3q\" target=\"_blank\">desigualdades raciais<\/a>. Em cada grupo et\u00e1rio, os estudantes negros t\u00eam uma taxa de analfabetismo maior do que os estudantes brancos. Por exemplo, na faixa et\u00e1ria dos 15+, a taxa de analfabetismo entre os estudantes negros \u00e9 de 4%, enquanto entre os brancos na mesma faixa et\u00e1ria, a taxa de analfabetismo \u00e9 de apenas 1,8%. E, como pode ser visto no <a href=\"http:\/\/bit.ly\/1OOlg7r\" target=\"_blank\">mapa abaixo<\/a>, os bairros com maiores taxas de alfabetiza\u00e7\u00e3o citados acima tamb\u00e9m s\u00e3o aqueles dominados por fam\u00edlias brancas (Zona Sul e Barra da Tijuca), enquanto aqueles com taxas de analfabetismo relativas mais altas s\u00e3o aquelas com maior porcentagem de fam\u00edlias negras.<\/p>\n<p><a href=\"http:\/\/rioonwatch.org.br\/wp-content\/uploads\/2017\/02\/rsz_mapa-da-cidade-do-rio-de-janeiro-satelite-2.jpg\"><img loading=\"lazy\" decoding=\"async\" class=\"aligncenter wp-image-24718 size-content\" title=\"Mapa racial de Rio de Janeiro. Mapa de Hugo Nicolau Barbosa de Gusm\u00e3o com dados do IBGE\" src=\"http:\/\/rioonwatch.org.br\/wp-content\/uploads\/2017\/02\/rsz_mapa-da-cidade-do-rio-de-janeiro-satelite-2-620x264.jpg\" width=\"620\" height=\"264\" srcset=\"https:\/\/rioonwatch.org.br\/wp-content\/uploads\/2017\/02\/rsz_mapa-da-cidade-do-rio-de-janeiro-satelite-2-620x264.jpg 620w, https:\/\/rioonwatch.org.br\/wp-content\/uploads\/2017\/02\/rsz_mapa-da-cidade-do-rio-de-janeiro-satelite-2-940x400.jpg 940w\" sizes=\"(max-width: 620px) 100vw, 620px\" \/><\/a><br \/>\nPara o ano letivo de 2017, as melhorias na educa\u00e7\u00e3o no Rio de Janeiro parecem quase todas improv\u00e1veis. As escolas p\u00fablicas municipais e estaduais j\u00e1 est\u00e3o lutando. A despesa e o investimento teriam que aumentar drasticamente para atender \u00e0s crescentes demandas dos estudantes, professores e administradores, e a PEC 55 acabou com essa possibilidade. Infelizmente, as comunidades j\u00e1 marginalizadas ser\u00e3o as mais atingidas por tais medidas econ\u00f4micas extremas.<\/p>\n<!-- AddThis Advanced Settings generic via filter on the_content --><!-- AddThis Share Buttons generic via filter on the_content -->","protected":false},"excerpt":{"rendered":"<div class=\"mh-excerpt\"><p>Click Here for English No dia 13 de dezembro, o Senado aprovou a PEC 241\/55, emenda constitucional que limita todas as medidas de gastos federais para os pr\u00f3ximos 20 anos, e s\u00f3 permite a reavalia\u00e7\u00e3o <a class=\"mh-excerpt-more\" href=\"https:\/\/rioonwatch.org.br\/?p=24704\" title=\"Ap\u00f3s a Aprova\u00e7\u00e3o da PEC 241, o que Acontecer\u00e1 com a Educa\u00e7\u00e3o P\u00fablica no Rio de Janeiro?\">[&#8230;]<\/a><!-- AddThis Advanced Settings generic via filter on get_the_excerpt --><!-- AddThis Share Buttons generic via filter on get_the_excerpt --><\/p>\n<\/div>","protected":false},"author":129,"featured_media":24721,"comment_status":"closed","ping_status":"closed","sticky":false,"template":"","format":"standard","meta":{"_acf_changed":false,"_monsterinsights_skip_tracking":false,"_monsterinsights_sitenote_active":false,"_monsterinsights_sitenote_note":"","_monsterinsights_sitenote_category":0,"footnotes":""},"categories":[1621,346,1626,344],"tags":[554,1386,413,316,1162,1896,886,2088,838,814,218,184,383],"writer":[2075],"translator":[1971],"source":[],"ilustrador":[],"fotografo":[],"class_list":{"0":"post-24704","1":"post","2":"type-post","3":"status-publish","4":"format-standard","5":"has-post-thumbnail","7":"category-destaque","8":"category-denuncias","9":"category-por-observadores-internacionais","10":"category-politicas","11":"tag-cidade-de-deus","12":"tag-critica-a-politica","13":"tag-desigualdade","14":"tag-educacao","15":"tag-governo-federal","16":"tag-greve","17":"tag-greve-dos-professores","18":"tag-pec-55","19":"tag-politica-publica","20":"tag-segregacao","21":"tag-zona-norte","22":"tag-zona-oeste","23":"tag-zona-sul","24":"writer-emilia-sens","25":"translator-geovanna-giannini"},"acf":[],"yoast_head":"<!-- This site is optimized with the Yoast SEO plugin v25.6 - https:\/\/yoast.com\/wordpress\/plugins\/seo\/ -->\n<title>Ap\u00f3s a Aprova\u00e7\u00e3o da PEC 241, o que Acontecer\u00e1 com a Educa\u00e7\u00e3o P\u00fablica no Rio de Janeiro? - RioOnWatch<\/title>\n<meta name=\"robots\" content=\"index, follow, max-snippet:-1, max-image-preview:large, max-video-preview:-1\" \/>\n<link rel=\"canonical\" href=\"https:\/\/rioonwatch.org.br\/?p=24704\" \/>\n<meta property=\"og:locale\" content=\"pt_BR\" \/>\n<meta property=\"og:type\" content=\"article\" \/>\n<meta property=\"og:title\" content=\"Ap\u00f3s a Aprova\u00e7\u00e3o da PEC 241, o que Acontecer\u00e1 com a Educa\u00e7\u00e3o P\u00fablica no Rio de Janeiro? - RioOnWatch\" \/>\n<meta property=\"og:description\" content=\"Click Here for English No dia 13 de dezembro, o Senado aprovou a PEC 241\/55, emenda constitucional que limita todas as medidas de gastos federais para os pr\u00f3ximos 20 anos, e s\u00f3 permite a reavalia\u00e7\u00e3o [...]\" \/>\n<meta property=\"og:url\" content=\"https:\/\/rioonwatch.org.br\/?p=24704\" \/>\n<meta property=\"og:site_name\" content=\"RioOnWatch\" \/>\n<meta property=\"article:published_time\" content=\"2017-03-19T16:57:06+00:00\" \/>\n<meta property=\"article:modified_time\" content=\"2017-03-20T12:34:44+00:00\" \/>\n<meta property=\"og:image\" content=\"https:\/\/rioonwatch.org.br\/wp-content\/uploads\/2017\/02\/unb_OK.png\" \/>\n\t<meta property=\"og:image:width\" content=\"1023\" \/>\n\t<meta property=\"og:image:height\" content=\"513\" \/>\n\t<meta property=\"og:image:type\" content=\"image\/png\" \/>\n<meta name=\"author\" content=\"Admin\" \/>\n<meta name=\"twitter:card\" content=\"summary_large_image\" \/>\n<meta name=\"twitter:label1\" content=\"Escrito por\" \/>\n\t<meta name=\"twitter:data1\" content=\"Admin\" \/>\n\t<meta name=\"twitter:label2\" content=\"Est. tempo de leitura\" \/>\n\t<meta name=\"twitter:data2\" content=\"5 minutos\" \/>\n<script type=\"application\/ld+json\" class=\"yoast-schema-graph\">{\"@context\":\"https:\/\/schema.org\",\"@graph\":[{\"@type\":\"Article\",\"@id\":\"https:\/\/rioonwatch.org.br\/?p=24704#article\",\"isPartOf\":{\"@id\":\"https:\/\/rioonwatch.org.br\/?p=24704\"},\"author\":{\"name\":\"Admin\",\"@id\":\"https:\/\/rioonwatch.org.br\/#\/schema\/person\/11d64c290506f9df50c71b850c473f68\"},\"headline\":\"Ap\u00f3s a Aprova\u00e7\u00e3o da PEC 241, o que Acontecer\u00e1 com a Educa\u00e7\u00e3o P\u00fablica no Rio de Janeiro?\",\"datePublished\":\"2017-03-19T16:57:06+00:00\",\"dateModified\":\"2017-03-20T12:34:44+00:00\",\"mainEntityOfPage\":{\"@id\":\"https:\/\/rioonwatch.org.br\/?p=24704\"},\"wordCount\":1094,\"publisher\":{\"@id\":\"https:\/\/rioonwatch.org.br\/#organization\"},\"image\":{\"@id\":\"https:\/\/rioonwatch.org.br\/?p=24704#primaryimage\"},\"thumbnailUrl\":\"https:\/\/rioonwatch.org.br\/wp-content\/uploads\/2017\/02\/unb_OK.png\",\"keywords\":[\"Cidade de Deus\",\"cr\u00edtica \u00e0 pol\u00edtica\",\"desigualdade\",\"educa\u00e7\u00e3o\",\"Governo Federal\",\"greve\",\"greve dos professores\",\"PEC 55\",\"pol\u00edtica p\u00fablica\",\"segrega\u00e7\u00e3o\",\"Zona Norte\",\"Zona Oeste\",\"Zona Sul\"],\"articleSection\":[\"*Destaque\",\"Den\u00fancias\",\"Escrito por Aliados\",\"Pol\u00edticas\"],\"inLanguage\":\"pt-BR\"},{\"@type\":\"WebPage\",\"@id\":\"https:\/\/rioonwatch.org.br\/?p=24704\",\"url\":\"https:\/\/rioonwatch.org.br\/?p=24704\",\"name\":\"Ap\u00f3s a Aprova\u00e7\u00e3o da PEC 241, o que Acontecer\u00e1 com a Educa\u00e7\u00e3o P\u00fablica no Rio de Janeiro? - RioOnWatch\",\"isPartOf\":{\"@id\":\"https:\/\/rioonwatch.org.br\/#website\"},\"primaryImageOfPage\":{\"@id\":\"https:\/\/rioonwatch.org.br\/?p=24704#primaryimage\"},\"image\":{\"@id\":\"https:\/\/rioonwatch.org.br\/?p=24704#primaryimage\"},\"thumbnailUrl\":\"https:\/\/rioonwatch.org.br\/wp-content\/uploads\/2017\/02\/unb_OK.png\",\"datePublished\":\"2017-03-19T16:57:06+00:00\",\"dateModified\":\"2017-03-20T12:34:44+00:00\",\"breadcrumb\":{\"@id\":\"https:\/\/rioonwatch.org.br\/?p=24704#breadcrumb\"},\"inLanguage\":\"pt-BR\",\"potentialAction\":[{\"@type\":\"ReadAction\",\"target\":[\"https:\/\/rioonwatch.org.br\/?p=24704\"]}]},{\"@type\":\"ImageObject\",\"inLanguage\":\"pt-BR\",\"@id\":\"https:\/\/rioonwatch.org.br\/?p=24704#primaryimage\",\"url\":\"https:\/\/rioonwatch.org.br\/wp-content\/uploads\/2017\/02\/unb_OK.png\",\"contentUrl\":\"https:\/\/rioonwatch.org.br\/wp-content\/uploads\/2017\/02\/unb_OK.png\",\"width\":1023,\"height\":513},{\"@type\":\"BreadcrumbList\",\"@id\":\"https:\/\/rioonwatch.org.br\/?p=24704#breadcrumb\",\"itemListElement\":[{\"@type\":\"ListItem\",\"position\":1,\"name\":\"In\u00edcio\",\"item\":\"https:\/\/rioonwatch.org.br\/\"},{\"@type\":\"ListItem\",\"position\":2,\"name\":\"Ap\u00f3s a Aprova\u00e7\u00e3o da PEC 241, o que Acontecer\u00e1 com a Educa\u00e7\u00e3o P\u00fablica no Rio de Janeiro?\"}]},{\"@type\":\"WebSite\",\"@id\":\"https:\/\/rioonwatch.org.br\/#website\",\"url\":\"https:\/\/rioonwatch.org.br\/\",\"name\":\"RioOnWatch\",\"description\":\"relatos das favelas cariocas\",\"publisher\":{\"@id\":\"https:\/\/rioonwatch.org.br\/#organization\"},\"potentialAction\":[{\"@type\":\"SearchAction\",\"target\":{\"@type\":\"EntryPoint\",\"urlTemplate\":\"https:\/\/rioonwatch.org.br\/?s={search_term_string}\"},\"query-input\":{\"@type\":\"PropertyValueSpecification\",\"valueRequired\":true,\"valueName\":\"search_term_string\"}}],\"inLanguage\":\"pt-BR\"},{\"@type\":\"Organization\",\"@id\":\"https:\/\/rioonwatch.org.br\/#organization\",\"name\":\"RioOnWatch\",\"url\":\"https:\/\/rioonwatch.org.br\/\",\"logo\":{\"@type\":\"ImageObject\",\"inLanguage\":\"pt-BR\",\"@id\":\"https:\/\/rioonwatch.org.br\/#\/schema\/logo\/image\/\",\"url\":\"https:\/\/rioonwatch.org.br\/wp-content\/uploads\/2021\/06\/RioOnWatchcabecalhoPT11anos-2.png\",\"contentUrl\":\"https:\/\/rioonwatch.org.br\/wp-content\/uploads\/2021\/06\/RioOnWatchcabecalhoPT11anos-2.png\",\"width\":779,\"height\":277,\"caption\":\"RioOnWatch\"},\"image\":{\"@id\":\"https:\/\/rioonwatch.org.br\/#\/schema\/logo\/image\/\"}},{\"@type\":\"Person\",\"@id\":\"https:\/\/rioonwatch.org.br\/#\/schema\/person\/11d64c290506f9df50c71b850c473f68\",\"name\":\"Admin\",\"image\":{\"@type\":\"ImageObject\",\"inLanguage\":\"pt-BR\",\"@id\":\"https:\/\/rioonwatch.org.br\/#\/schema\/person\/image\/\",\"url\":\"https:\/\/secure.gravatar.com\/avatar\/56211ac74568383903349a1485e3c325?s=96&d=blank&r=g\",\"contentUrl\":\"https:\/\/secure.gravatar.com\/avatar\/56211ac74568383903349a1485e3c325?s=96&d=blank&r=g\",\"caption\":\"Admin\"},\"url\":\"https:\/\/rioonwatch.org.br\/?author=129\"}]}<\/script>\n<!-- \/ Yoast SEO plugin. -->","yoast_head_json":{"title":"Ap\u00f3s a Aprova\u00e7\u00e3o da PEC 241, o que Acontecer\u00e1 com a Educa\u00e7\u00e3o P\u00fablica no Rio de Janeiro? - RioOnWatch","robots":{"index":"index","follow":"follow","max-snippet":"max-snippet:-1","max-image-preview":"max-image-preview:large","max-video-preview":"max-video-preview:-1"},"canonical":"https:\/\/rioonwatch.org.br\/?p=24704","og_locale":"pt_BR","og_type":"article","og_title":"Ap\u00f3s a Aprova\u00e7\u00e3o da PEC 241, o que Acontecer\u00e1 com a Educa\u00e7\u00e3o P\u00fablica no Rio de Janeiro? - RioOnWatch","og_description":"Click Here for English No dia 13 de dezembro, o Senado aprovou a PEC 241\/55, emenda constitucional que limita todas as medidas de gastos federais para os pr\u00f3ximos 20 anos, e s\u00f3 permite a reavalia\u00e7\u00e3o [...]","og_url":"https:\/\/rioonwatch.org.br\/?p=24704","og_site_name":"RioOnWatch","article_published_time":"2017-03-19T16:57:06+00:00","article_modified_time":"2017-03-20T12:34:44+00:00","og_image":[{"width":1023,"height":513,"url":"https:\/\/rioonwatch.org.br\/wp-content\/uploads\/2017\/02\/unb_OK.png","type":"image\/png"}],"author":"Admin","twitter_card":"summary_large_image","twitter_misc":{"Escrito por":"Admin","Est. tempo de leitura":"5 minutos"},"schema":{"@context":"https:\/\/schema.org","@graph":[{"@type":"Article","@id":"https:\/\/rioonwatch.org.br\/?p=24704#article","isPartOf":{"@id":"https:\/\/rioonwatch.org.br\/?p=24704"},"author":{"name":"Admin","@id":"https:\/\/rioonwatch.org.br\/#\/schema\/person\/11d64c290506f9df50c71b850c473f68"},"headline":"Ap\u00f3s a Aprova\u00e7\u00e3o da PEC 241, o que Acontecer\u00e1 com a Educa\u00e7\u00e3o P\u00fablica no Rio de Janeiro?","datePublished":"2017-03-19T16:57:06+00:00","dateModified":"2017-03-20T12:34:44+00:00","mainEntityOfPage":{"@id":"https:\/\/rioonwatch.org.br\/?p=24704"},"wordCount":1094,"publisher":{"@id":"https:\/\/rioonwatch.org.br\/#organization"},"image":{"@id":"https:\/\/rioonwatch.org.br\/?p=24704#primaryimage"},"thumbnailUrl":"https:\/\/rioonwatch.org.br\/wp-content\/uploads\/2017\/02\/unb_OK.png","keywords":["Cidade de Deus","cr\u00edtica \u00e0 pol\u00edtica","desigualdade","educa\u00e7\u00e3o","Governo Federal","greve","greve dos professores","PEC 55","pol\u00edtica p\u00fablica","segrega\u00e7\u00e3o","Zona Norte","Zona Oeste","Zona Sul"],"articleSection":["*Destaque","Den\u00fancias","Escrito por Aliados","Pol\u00edticas"],"inLanguage":"pt-BR"},{"@type":"WebPage","@id":"https:\/\/rioonwatch.org.br\/?p=24704","url":"https:\/\/rioonwatch.org.br\/?p=24704","name":"Ap\u00f3s a Aprova\u00e7\u00e3o da PEC 241, o que Acontecer\u00e1 com a Educa\u00e7\u00e3o P\u00fablica no Rio de Janeiro? - RioOnWatch","isPartOf":{"@id":"https:\/\/rioonwatch.org.br\/#website"},"primaryImageOfPage":{"@id":"https:\/\/rioonwatch.org.br\/?p=24704#primaryimage"},"image":{"@id":"https:\/\/rioonwatch.org.br\/?p=24704#primaryimage"},"thumbnailUrl":"https:\/\/rioonwatch.org.br\/wp-content\/uploads\/2017\/02\/unb_OK.png","datePublished":"2017-03-19T16:57:06+00:00","dateModified":"2017-03-20T12:34:44+00:00","breadcrumb":{"@id":"https:\/\/rioonwatch.org.br\/?p=24704#breadcrumb"},"inLanguage":"pt-BR","potentialAction":[{"@type":"ReadAction","target":["https:\/\/rioonwatch.org.br\/?p=24704"]}]},{"@type":"ImageObject","inLanguage":"pt-BR","@id":"https:\/\/rioonwatch.org.br\/?p=24704#primaryimage","url":"https:\/\/rioonwatch.org.br\/wp-content\/uploads\/2017\/02\/unb_OK.png","contentUrl":"https:\/\/rioonwatch.org.br\/wp-content\/uploads\/2017\/02\/unb_OK.png","width":1023,"height":513},{"@type":"BreadcrumbList","@id":"https:\/\/rioonwatch.org.br\/?p=24704#breadcrumb","itemListElement":[{"@type":"ListItem","position":1,"name":"In\u00edcio","item":"https:\/\/rioonwatch.org.br\/"},{"@type":"ListItem","position":2,"name":"Ap\u00f3s a Aprova\u00e7\u00e3o da PEC 241, o que Acontecer\u00e1 com a Educa\u00e7\u00e3o P\u00fablica no Rio de Janeiro?"}]},{"@type":"WebSite","@id":"https:\/\/rioonwatch.org.br\/#website","url":"https:\/\/rioonwatch.org.br\/","name":"RioOnWatch","description":"relatos das favelas cariocas","publisher":{"@id":"https:\/\/rioonwatch.org.br\/#organization"},"potentialAction":[{"@type":"SearchAction","target":{"@type":"EntryPoint","urlTemplate":"https:\/\/rioonwatch.org.br\/?s={search_term_string}"},"query-input":{"@type":"PropertyValueSpecification","valueRequired":true,"valueName":"search_term_string"}}],"inLanguage":"pt-BR"},{"@type":"Organization","@id":"https:\/\/rioonwatch.org.br\/#organization","name":"RioOnWatch","url":"https:\/\/rioonwatch.org.br\/","logo":{"@type":"ImageObject","inLanguage":"pt-BR","@id":"https:\/\/rioonwatch.org.br\/#\/schema\/logo\/image\/","url":"https:\/\/rioonwatch.org.br\/wp-content\/uploads\/2021\/06\/RioOnWatchcabecalhoPT11anos-2.png","contentUrl":"https:\/\/rioonwatch.org.br\/wp-content\/uploads\/2021\/06\/RioOnWatchcabecalhoPT11anos-2.png","width":779,"height":277,"caption":"RioOnWatch"},"image":{"@id":"https:\/\/rioonwatch.org.br\/#\/schema\/logo\/image\/"}},{"@type":"Person","@id":"https:\/\/rioonwatch.org.br\/#\/schema\/person\/11d64c290506f9df50c71b850c473f68","name":"Admin","image":{"@type":"ImageObject","inLanguage":"pt-BR","@id":"https:\/\/rioonwatch.org.br\/#\/schema\/person\/image\/","url":"https:\/\/secure.gravatar.com\/avatar\/56211ac74568383903349a1485e3c325?s=96&d=blank&r=g","contentUrl":"https:\/\/secure.gravatar.com\/avatar\/56211ac74568383903349a1485e3c325?s=96&d=blank&r=g","caption":"Admin"},"url":"https:\/\/rioonwatch.org.br\/?author=129"}]}},"_links":{"self":[{"href":"https:\/\/rioonwatch.org.br\/index.php?rest_route=\/wp\/v2\/posts\/24704"}],"collection":[{"href":"https:\/\/rioonwatch.org.br\/index.php?rest_route=\/wp\/v2\/posts"}],"about":[{"href":"https:\/\/rioonwatch.org.br\/index.php?rest_route=\/wp\/v2\/types\/post"}],"author":[{"embeddable":true,"href":"https:\/\/rioonwatch.org.br\/index.php?rest_route=\/wp\/v2\/users\/129"}],"replies":[{"embeddable":true,"href":"https:\/\/rioonwatch.org.br\/index.php?rest_route=%2Fwp%2Fv2%2Fcomments&post=24704"}],"version-history":[{"count":15,"href":"https:\/\/rioonwatch.org.br\/index.php?rest_route=\/wp\/v2\/posts\/24704\/revisions"}],"predecessor-version":[{"id":24886,"href":"https:\/\/rioonwatch.org.br\/index.php?rest_route=\/wp\/v2\/posts\/24704\/revisions\/24886"}],"wp:featuredmedia":[{"embeddable":true,"href":"https:\/\/rioonwatch.org.br\/index.php?rest_route=\/wp\/v2\/media\/24721"}],"wp:attachment":[{"href":"https:\/\/rioonwatch.org.br\/index.php?rest_route=%2Fwp%2Fv2%2Fmedia&parent=24704"}],"wp:term":[{"taxonomy":"category","embeddable":true,"href":"https:\/\/rioonwatch.org.br\/index.php?rest_route=%2Fwp%2Fv2%2Fcategories&post=24704"},{"taxonomy":"post_tag","embeddable":true,"href":"https:\/\/rioonwatch.org.br\/index.php?rest_route=%2Fwp%2Fv2%2Ftags&post=24704"},{"taxonomy":"writer","embeddable":true,"href":"https:\/\/rioonwatch.org.br\/index.php?rest_route=%2Fwp%2Fv2%2Fwriter&post=24704"},{"taxonomy":"translator","embeddable":true,"href":"https:\/\/rioonwatch.org.br\/index.php?rest_route=%2Fwp%2Fv2%2Ftranslator&post=24704"},{"taxonomy":"source","embeddable":true,"href":"https:\/\/rioonwatch.org.br\/index.php?rest_route=%2Fwp%2Fv2%2Fsource&post=24704"},{"taxonomy":"ilustrador","embeddable":true,"href":"https:\/\/rioonwatch.org.br\/index.php?rest_route=%2Fwp%2Fv2%2Filustrador&post=24704"},{"taxonomy":"fotografo","embeddable":true,"href":"https:\/\/rioonwatch.org.br\/index.php?rest_route=%2Fwp%2Fv2%2Ffotografo&post=24704"}],"curies":[{"name":"wp","href":"https:\/\/api.w.org\/{rel}","templated":true}]}}