{"id":24723,"date":"2017-02-27T10:50:01","date_gmt":"2017-02-27T13:50:01","guid":{"rendered":"http:\/\/rioonwatch.org.br\/?p=24723"},"modified":"2024-06-20T16:24:39","modified_gmt":"2024-06-20T19:24:39","slug":"legado-olimpico-ate-o-momento-e-uma-serie-de-promessas-nao-cumpridas","status":"publish","type":"post","link":"https:\/\/rioonwatch.org.br\/?p=24723","title":{"rendered":"Legado Ol\u00edmpico At\u00e9 o Momento \u00e9 Uma S\u00e9rie de Promessas N\u00e3o Cumpridas"},"content":{"rendered":"<p style=\"text-align: right;\"><em><strong><a href=\"http:\/\/nyti.ms\/2l3S6Em\" target=\"_blank\" rel=\"noopener\">Click Here for English<img decoding=\"async\" width=\"20\" height=\"20\" class=\"alignright wp-image-15790\" src=\"http:\/\/rioonwatch.org.br\/wp-content\/uploads\/2012\/08\/EN-standard-e1439583104716.jpg\" alt=\"\" \/><\/a><\/strong><\/em><\/p>\n<p><em>Leia a mat\u00e9ria original por <a href=\"http:\/\/bit.ly\/2lKwLns\" target=\"_blank\" rel=\"noopener\">Anna Jean Kaiser<\/a> em ingl\u00eas no site do The New York Times\u00a0<a href=\"http:\/\/nyti.ms\/2l3S6Em\" target=\"_blank\" rel=\"noopener\">aqui<\/a>. O RioOnWatch traduz mat\u00e9rias do ingl\u00eas para que brasileiros possam ter acesso e acompanhar temas ou an\u00e1lises cobertos fora do pa\u00eds que nem sempre s\u00e3o cobertos no Brasil.<\/em><\/p>\n<h4><strong>Menos de seis meses ap\u00f3s os Jogos terminarem, muitos locais foram abandonados, apesar das promessas do governo de n\u00e3o deixar &#8220;nenhum elefante branco&#8221; para tr\u00e1s.<\/strong><\/h4>\n<p>N\u00e3o \u00e9 raro que as Olimp\u00edadas deixem para tr\u00e1s algumas instala\u00e7\u00f5es desnecess\u00e1rias. O Rio, no entanto, est\u00e1 experimentando algo excepcional: em menos de seis meses ap\u00f3s o t\u00e9rmino dos Jogos Ol\u00edmpicos, o <a href=\"http:\/\/bit.ly\/1ohImlp\" target=\"_blank\" rel=\"noopener\">legado Ol\u00edmpico<\/a> da cidade anfitri\u00e3 est\u00e1 deteriorando rapidamente.<\/p>\n<p>Edif\u00edcios Ol\u00edmpicos vazios abundam, erodindo qualquer sensa\u00e7\u00e3o de\u00a0alegria que resta das competi\u00e7\u00f5es do ano passado. No Parque Ol\u00edmpico, algumas entradas do est\u00e1dio est\u00e3o bloqueadas\u00a0com tapumes, e os parafusos est\u00e3o espalhados pelo ch\u00e3o. A arena de handebol\u00a0est\u00e1 bloqueada com barras de ferro. O centro de transmiss\u00e3o permanece parcialmente desmontado. A piscina de aquecimento est\u00e1 decorada com pilhas de sujeira e po\u00e7as.<\/p>\n<p>Deodoro, um bairro de baixa renda\u00a0na periferia do Rio, tem o segundo maior conjunto de locais Ol\u00edmpicos. O circuito de canoagem slalom deveria ser convertido em uma gigantesca piscina p\u00fablica. Por\u00e9m, foi fechado ao p\u00fablico em dezembro. Hoje, os moradores enchem piscinas de pl\u00e1stico a algumas centenas de metros de dist\u00e2ncia.<\/p>\n<figure id=\"attachment_24726\" aria-describedby=\"caption-attachment-24726\" style=\"width: 620px\" class=\"wp-caption aligncenter\"><a href=\"http:\/\/rioonwatch.org.br\/wp-content\/uploads\/2017\/02\/16OLYMPICS01-superJumbo.jpg\"><img fetchpriority=\"high\" decoding=\"async\" class=\"wp-image-24726 size-content\" title=\"Local do que foi a piscina de aquecimento dos Jogos Ol\u00edmpicos no Rio de Janeiro. Cr\u00e9dito Dado Galdieri para o New York Times\" src=\"http:\/\/rioonwatch.org.br\/wp-content\/uploads\/2017\/02\/16OLYMPICS01-superJumbo-620x264.jpg\" alt=\"Local do que foi a piscina de aquecimento dos Jogos Ol\u00edmpicos no Rio de Janeiro. Cr\u00e9dito Dado Galdieri para o New York Times\" width=\"620\" height=\"264\" srcset=\"https:\/\/rioonwatch.org.br\/wp-content\/uploads\/2017\/02\/16OLYMPICS01-superJumbo-620x264.jpg 620w, https:\/\/rioonwatch.org.br\/wp-content\/uploads\/2017\/02\/16OLYMPICS01-superJumbo-940x400.jpg 940w\" sizes=\"(max-width: 620px) 100vw, 620px\" \/><\/a><figcaption id=\"caption-attachment-24726\" class=\"wp-caption-text\">Local do que foi a piscina de aquecimento dos Jogos Ol\u00edmpicos no Rio de Janeiro. Dado Galdieri para o<em> The New York Times<\/em><\/figcaption><\/figure>\n<p>&#8220;O governo colocou a\u00e7\u00facar em nossas bocas e tirou-o antes que pud\u00e9ssemos engolir&#8221;, disse Luciana Oliveira Pimentel, uma assistente social de Deodoro, enquanto seus filhos brincavam em uma piscina de pl\u00e1stico. &#8220;Uma vez que os Jogos Ol\u00edmpicos terminaram, eles voltaram suas costas para n\u00f3s.&#8221;<\/p>\n<p>Autoridades Ol\u00edmpicas e organizadores locais muitas vezes se vangloriam sobre o <a href=\"http:\/\/bit.ly\/1ps41Xf\" target=\"_blank\" rel=\"noopener\">legado dos Jogos<\/a>&#8211;os benef\u00edcios residuais que uma cidade e pa\u00eds experimentam muito tempo ap\u00f3s o fim das competi\u00e7\u00f5es. Essas proje\u00e7\u00f5es s\u00e3o muitas vezes vistas com ceticismo pelo p\u00fablico e por <a href=\"http:\/\/bit.ly\/2bBd5er\" target=\"_blank\" rel=\"noopener\">economistas independentes<\/a>, que argumentam que as propostas Ol\u00edmpicas s\u00e3o constru\u00eddas com desperd\u00edcio de dinheiro p\u00fablico. O Rio tornou-se rapidamente o mais recente, e talvez o mais not\u00e1vel, caso de promessas n\u00e3o cumpridas e abandono.<\/p>\n<p>&#8220;Est\u00e1 totalmente abandonado&#8221;, disse Vera Hickmann, 42, que esteve no Parque Ol\u00edmpico recentemente com sua fam\u00edlia. Ela lamentou que, embora a \u00e1rea esteja aberta ao p\u00fablico, faltam servi\u00e7os b\u00e1sicos.<\/p>\n<p>&#8220;Eu tive que levar meu filho para o mato para ir ao banheiro&#8221;, disse ela.<\/p>\n<p>Na Vila dos Atletas, do outro lado da rua do Parque, as 31 torres <a href=\"http:\/\/bit.ly\/1sXO2Ym\" target=\"_blank\" rel=\"noopener\">deveriam ser vendidas como condom\u00ednios de luxo<\/a> depois dos Jogos, mas menos de 10% das unidades foram vendidas. Do outro lado da cidade, no est\u00e1dio do <a href=\"http:\/\/bit.ly\/1lgN2VO\" target=\"_blank\" rel=\"noopener\">Maracan\u00e3<\/a>, um templo do futebol, o campo est\u00e1 marrom, e a eletricidade foi desligada.<\/p>\n<p>&#8220;O governo n\u00e3o tinha dinheiro para dar uma festa como essa, e somos n\u00f3s que teremos que nos sacrificar&#8221;, disse Vera, referindo-se aos contribuintes locais.<\/p>\n<figure id=\"attachment_24732\" aria-describedby=\"caption-attachment-24732\" style=\"width: 620px\" class=\"wp-caption aligncenter\"><a href=\"http:\/\/rioonwatch.org.br\/wp-content\/uploads\/2017\/02\/16OLYMPICS08-superJumbo.jpg\"><img decoding=\"async\" class=\"wp-image-24732 size-medium\" title=\"O estacionamento do parque fechado na frente da antiga Vila dos Atletas. Dado Galdieri para o The New York Times\" src=\"http:\/\/rioonwatch.org.br\/wp-content\/uploads\/2017\/02\/16OLYMPICS08-superJumbo-620x413.jpg\" width=\"620\" height=\"413\" srcset=\"https:\/\/rioonwatch.org.br\/wp-content\/uploads\/2017\/02\/16OLYMPICS08-superJumbo-620x413.jpg 620w, https:\/\/rioonwatch.org.br\/wp-content\/uploads\/2017\/02\/16OLYMPICS08-superJumbo-396x264.jpg 396w, https:\/\/rioonwatch.org.br\/wp-content\/uploads\/2017\/02\/16OLYMPICS08-superJumbo-768x512.jpg 768w, https:\/\/rioonwatch.org.br\/wp-content\/uploads\/2017\/02\/16OLYMPICS08-superJumbo-1024x683.jpg 1024w, https:\/\/rioonwatch.org.br\/wp-content\/uploads\/2017\/02\/16OLYMPICS08-superJumbo.jpg 2048w\" sizes=\"(max-width: 620px) 100vw, 620px\" \/><\/a><figcaption id=\"caption-attachment-24732\" class=\"wp-caption-text\">O estacionamento do parque fechado na frente da antiga Vila dos Atletas. Dado Galdieri para o <em>The New York Times<\/em>.<\/figcaption><\/figure>\n<p>Nos preparativos para os Jogos, a cidade do Rio prometeu &#8220;n\u00e3o ter elefantes brancos&#8221;, e delineou planos para que as instala\u00e7\u00f5es fossem transformadas em \u00e1reas esportivas p\u00fablicas e escolas. A arena que hospedava o taekwondo e a esgrima devia ser transformada em uma escola. Duas outras arenas deveriam ser desmontadas, e remontadas em conjunto para abrigar quatro escolas em outra \u00e1rea. Nada disso aconteceu.<\/p>\n<p>A Prefeitura\u00a0disse que esses planos ainda estavam em andamento, mas n\u00e3o ofereceu um prazo concreto.<\/p>\n<p>A decad\u00eancia dos locais Ol\u00edmpicos est\u00e1 acontecendo ao mesmo tempo em que ocorre uma crise financeira que envolve governos federais, estaduais e municipais. &#8220;A na\u00e7\u00e3o est\u00e1 em crise, o Rio de Janeiro est\u00e1 em crise&#8211;\u00e9 hora de ser cauteloso&#8221;, disse <a href=\"http:\/\/bit.ly\/2cIlnDw\" target=\"_blank\" rel=\"noopener\">Marcelo Crivella<\/a>, que se tornou prefeito em 1\u00ba de janeiro, aos membros da C\u00e2mera Municipal.<\/p>\n<p>&#8220;Gastos est\u00e3o proibidos&#8221;, acrescentou.<\/p>\n<p>O prefeito do Rio durante os Jogos, <a href=\"http:\/\/bit.ly\/1k4eA6c\" target=\"_blank\" rel=\"noopener\">Eduardo Paes<\/a>, esteve entre os mais fortes evangelizadores de um legado Ol\u00edmpico. Ele disse em um e-mail que era muito cedo para chamar qualquer um dos locais de elefantes brancos e que &#8220;o caminho para implementar um legado foi dado&#8221;.<\/p>\n<p>Depois dos Jogos, a prefeitura realizou um leil\u00e3o para empresas privadas para licitar a administra\u00e7\u00e3o do Parque Ol\u00edmpico, mas n\u00e3o havia licitantes. Isso deixou o Minist\u00e9rio do Esporte, um \u00f3rg\u00e3o do governo federal, com o encargo financeiro. O Ministro do Esporte, Leonardo Picciani, disse em uma entrevista que o objetivo da ag\u00eancia era encontrar uma empresa privada para assumir o Parque, mas porque n\u00e3o houve nenhum interesse, \u00e9 responsabilidade do governo manter os locais.<\/p>\n<figure id=\"attachment_24733\" aria-describedby=\"caption-attachment-24733\" style=\"width: 620px\" class=\"wp-caption aligncenter\"><a href=\"http:\/\/rioonwatch.org.br\/wp-content\/uploads\/2017\/02\/16OLYMPICS06-superJumbo.jpg\"><img loading=\"lazy\" decoding=\"async\" class=\"wp-image-24733 size-medium\" title=\"Um centro de transmiss\u00e3o de TV no Parque Ol\u00edmpico ainda n\u00e3o foi desmontado, quase seis meses ap\u00f3s os Jogos terminaram. Dado Galdieri para o The New York Times\" src=\"http:\/\/rioonwatch.org.br\/wp-content\/uploads\/2017\/02\/16OLYMPICS06-superJumbo-620x413.jpg\" width=\"620\" height=\"413\" srcset=\"https:\/\/rioonwatch.org.br\/wp-content\/uploads\/2017\/02\/16OLYMPICS06-superJumbo-620x413.jpg 620w, https:\/\/rioonwatch.org.br\/wp-content\/uploads\/2017\/02\/16OLYMPICS06-superJumbo-396x264.jpg 396w, https:\/\/rioonwatch.org.br\/wp-content\/uploads\/2017\/02\/16OLYMPICS06-superJumbo-768x512.jpg 768w, https:\/\/rioonwatch.org.br\/wp-content\/uploads\/2017\/02\/16OLYMPICS06-superJumbo-1024x683.jpg 1024w, https:\/\/rioonwatch.org.br\/wp-content\/uploads\/2017\/02\/16OLYMPICS06-superJumbo.jpg 2048w\" sizes=\"(max-width: 620px) 100vw, 620px\" \/><\/a><figcaption id=\"caption-attachment-24733\" class=\"wp-caption-text\">Um centro de transmiss\u00e3o de TV no Parque Ol\u00edmpico ainda n\u00e3o foi desmontado, quase seis meses ap\u00f3s os Jogos terminaram. Dado Galdieri para o <em>The New York Times.<\/em><\/figcaption><\/figure>\n<p>Picciani tamb\u00e9m disse que os est\u00e1dios n\u00e3o se tornariam rel\u00edquias onerosas, apontando para v\u00e1rios eventos esportivos programados para este ano no Parque Ol\u00edmpico, juntamente com programas de treinamento esportivo.<\/p>\n<p>Renato Cosentino, pesquisador do\u00a0Instituto de Pesquisa e Planejamento Urbano e Regional (<a href=\"http:\/\/bit.ly\/2lM821L\" target=\"_blank\" rel=\"noopener\">IPPUR<\/a>), da UFRJ, <a href=\"http:\/\/bit.ly\/1SJMiJI\" target=\"_blank\" rel=\"noopener\">que estuda a regi\u00e3o do Parque Ol\u00edmpico<\/a>, disse que o parque &#8220;nasceu como um elefante branco&#8221;, <a href=\"http:\/\/bit.ly\/29Z6okk\" target=\"_blank\" rel=\"noopener\">porque foi constru\u00eddo em uma regi\u00e3o rica que abriga<\/a> apenas cerca de 5% dos 6,3 milh\u00f5es de moradores do Rio de Janeiro.<\/p>\n<p>Ter a maioria de investimento l\u00e1, ele disse, prova que os Jogos Ol\u00edmpicos foram feitos para servir \u00e0s empreiteiras, que assumiram grande parte das constru\u00e7\u00f5es para os Jogos em troca de poder construir no local mais tarde, o que \u00e9 conhecido como uma <a href=\"http:\/\/bit.ly\/1Rq1j7H\" target=\"_blank\" rel=\"noopener\">parceria p\u00fablico-privado<\/a>.<\/p>\n<p>Mas at\u00e9 mesmo as <a href=\"http:\/\/nyti.ms\/2mh8D9H\" target=\"_blank\" rel=\"noopener\">expectativas dos empreiteiros<\/a> n\u00e3o se cumpriram. Os gigantes da constru\u00e7\u00e3o <a href=\"http:\/\/bit.ly\/2lXIpeE\" target=\"_blank\" rel=\"noopener\">Carvalho Hosken<\/a> e <a href=\"http:\/\/bit.ly\/2mChq5w\" target=\"_blank\" rel=\"noopener\">Odebrecht<\/a> assumiram o projeto de constru\u00e7\u00e3o da Vila dos Atletas na esperan\u00e7a de vender as acomoda\u00e7\u00f5es como condom\u00ednios de luxo ap\u00f3s os Jogos, confiando que a \u00e1rea se tornaria um bairro desej\u00e1vel para a elite da cidade. Nas 31 torres de 17 andares que comp\u00f5em a vila, apenas 20 unidades foram vendidas desde o in\u00edcio dos Jogos Ol\u00edmpicos em agosto, elevando o total vendido para 260, de 3.604 apartamentos.<\/p>\n<p>Em uma corrida para vender os apartamentos antes que a Carvalho Hosken se responsabilize por cerca de US$6,5 milh\u00f5es em pagamentos de juros mensais (anteriormente pagos pelo comit\u00ea organizador local para os Jogos Ol\u00edmpicos), a empresa est\u00e1 em processo de fechar um acordo com a prefeitura para vend\u00ea-los a funcion\u00e1rios p\u00fablicos, como militares, a pre\u00e7os descontados com baixas taxas de juros, segundo o jornal\u00a0<a href=\"http:\/\/glo.bo\/2kQZebq\" target=\"_blank\" rel=\"noopener\"><em>O Globo<\/em><\/a>.<\/p>\n<figure id=\"attachment_24735\" aria-describedby=\"caption-attachment-24735\" style=\"width: 620px\" class=\"wp-caption aligncenter\"><a href=\"http:\/\/rioonwatch.org.br\/wp-content\/uploads\/2017\/02\/16OLYMPICSjp2-superJumbo.jpg\"><img loading=\"lazy\" decoding=\"async\" class=\"wp-image-24735 size-medium\" title=\"Uma piscina gigante usado para o circuito de canoagem slalom nos Jogos Ol\u00edmpicos foi fechada ao p\u00fablico em dezembro, for\u00e7ando as crian\u00e7as locais a se refrescarem em pequenas piscinas de pl\u00e1stico. Dado Galdieri para o The New York Times\" src=\"http:\/\/rioonwatch.org.br\/wp-content\/uploads\/2017\/02\/16OLYMPICSjp2-superJumbo-620x413.jpg\" width=\"620\" height=\"413\" srcset=\"https:\/\/rioonwatch.org.br\/wp-content\/uploads\/2017\/02\/16OLYMPICSjp2-superJumbo-620x413.jpg 620w, https:\/\/rioonwatch.org.br\/wp-content\/uploads\/2017\/02\/16OLYMPICSjp2-superJumbo-396x264.jpg 396w, https:\/\/rioonwatch.org.br\/wp-content\/uploads\/2017\/02\/16OLYMPICSjp2-superJumbo-768x512.jpg 768w, https:\/\/rioonwatch.org.br\/wp-content\/uploads\/2017\/02\/16OLYMPICSjp2-superJumbo-1024x683.jpg 1024w, https:\/\/rioonwatch.org.br\/wp-content\/uploads\/2017\/02\/16OLYMPICSjp2-superJumbo.jpg 2048w\" sizes=\"(max-width: 620px) 100vw, 620px\" \/><\/a><figcaption id=\"caption-attachment-24735\" class=\"wp-caption-text\">Uma piscina gigante usada para o circuito de canoagem slalom nos Jogos Ol\u00edmpicos foi fechada ao p\u00fablico em dezembro, for\u00e7ando as crian\u00e7as locais a se refrescarem em pequenas piscinas de pl\u00e1stico. Dado Galdieri para o <em>The New York Times<\/em><\/figcaption><\/figure>\n<p>O famoso est\u00e1dio de futebol do Rio, Maracan\u00e3, que abrigou as cerim\u00f4nias <a href=\"http:\/\/bit.ly\/2aVDTVE\" target=\"_blank\" rel=\"noopener\">de abertura<\/a> e <a href=\"http:\/\/bit.ly\/2cKSA2x\" target=\"_blank\" rel=\"noopener\">encerramento<\/a>, tamb\u00e9m caiu em ru\u00ednas, com o campo marrom, milhares de assentos desarraigados, televis\u00f5es desaparecidas e quase US$1 milh\u00e3o em d\u00edvidas \u00e0 <a href=\"http:\/\/bit.ly\/1lqbsRD\" target=\"_blank\" rel=\"noopener\">Light<\/a>. O cons\u00f3rcio que normalmente administra o est\u00e1dio, Maracan\u00e3 S.A., afirma que a Rio 2016 e o governo do Estado do Rio n\u00e3o cumpriram o contrato que obrigava-os a manter o est\u00e1dio e devolv\u00ea-lo no estado em que foi entregue.<\/p>\n<p>O degradado bairro de Deodoro era um ponto de discuss\u00e3o favorito para as autoridades Ol\u00edmpicas antes e durante os Jogos. V\u00e1rios locais&#8211;incluindo aqueles para eventos equestres, tiro e o campo de h\u00f3quei&#8211;foram constru\u00eddos l\u00e1, anunciado como um exemplo brilhante de como os Jogos Ol\u00edmpicos podem levantar uma \u00e1rea arruinada.<\/p>\n<p>O carro-chefe, entretanto, era a piscina gigante, usada como o circuito de canoagem slalom, que foi aberta ao p\u00fablico antes dos Jogos.<\/p>\n<p>Quando a piscina abriu, o Sr. Paes, o prefeito da \u00e9poca, sorriu. &#8220;N\u00f3s fizemos um legado adiantado aqui&#8221;, disse. &#8220;Acho que isso \u00e9 algo in\u00e9dito na hist\u00f3ria das Olimp\u00edadas.&#8221;<\/p>\n<p>A piscina agora est\u00e1 fechada, embora as <a href=\"http:\/\/bit.ly\/1RiZS9W\" target=\"_blank\" rel=\"noopener\">temperaturas estejam regularmente por volta de 40\u00baC<\/a>, e o bairro esteja a uma longa viagem de \u00f4nibus das praias do Rio. O atual prefeito, Sr. Crivella, novamente disse que a prefeitura pretende reabrir a piscina o mais rapidamente poss\u00edvel, mas ele n\u00e3o estipulou uma data.<\/p>\n<p>Perto, a favela do Tri\u00e2ngulo foi parcialmente <a href=\"http:\/\/bit.ly\/X51Qvb\" target=\"_blank\" rel=\"noopener\">removida<\/a> para dar lugar a linhas r\u00e1pidas de \u00f4nibus (<a href=\"http:\/\/bit.ly\/19EtYAY\" target=\"_blank\" rel=\"noopener\">BRTs<\/a>) que foram expandidas antes das Olimp\u00edadas. V\u00e1rias casas e a pra\u00e7a da comunidade, seu principal espa\u00e7o de lazer, foram removidas para a constru\u00e7\u00e3o.<\/p>\n<figure id=\"attachment_24737\" aria-describedby=\"caption-attachment-24737\" style=\"width: 620px\" class=\"wp-caption aligncenter\"><a href=\"http:\/\/rioonwatch.org.br\/wp-content\/uploads\/2017\/02\/16OLYMPICS09-superJumbo.jpg\"><img loading=\"lazy\" decoding=\"async\" class=\"wp-image-24737 size-medium\" title=\"Uma rotat\u00f3ria de \u00f4nibus foi constru\u00eddo para os Jogos Ol\u00edmpicos em Deodoro, um bairro pobre na periferia do Rio de Janeiro, mas os moradores dizem que n\u00e3o t\u00eam acesso aos \u00f4nibus. Dado Galdieri para o The New York Times\" src=\"http:\/\/rioonwatch.org.br\/wp-content\/uploads\/2017\/02\/16OLYMPICS09-superJumbo-620x413.jpg\" width=\"620\" height=\"413\" srcset=\"https:\/\/rioonwatch.org.br\/wp-content\/uploads\/2017\/02\/16OLYMPICS09-superJumbo-620x413.jpg 620w, https:\/\/rioonwatch.org.br\/wp-content\/uploads\/2017\/02\/16OLYMPICS09-superJumbo-396x264.jpg 396w, https:\/\/rioonwatch.org.br\/wp-content\/uploads\/2017\/02\/16OLYMPICS09-superJumbo-768x512.jpg 768w, https:\/\/rioonwatch.org.br\/wp-content\/uploads\/2017\/02\/16OLYMPICS09-superJumbo-1024x683.jpg 1024w, https:\/\/rioonwatch.org.br\/wp-content\/uploads\/2017\/02\/16OLYMPICS09-superJumbo.jpg 2048w\" sizes=\"(max-width: 620px) 100vw, 620px\" \/><\/a><figcaption id=\"caption-attachment-24737\" class=\"wp-caption-text\">Uma rotat\u00f3ria de \u00f4nibus foi constru\u00edda para os Jogos Ol\u00edmpicos em Deodoro, um bairro popular\u00a0na periferia do Rio de Janeiro, mas os moradores dizem que n\u00e3o t\u00eam acesso aos \u00f4nibus. Dado Galdieri para o <em>The New York Times<\/em><\/figcaption><\/figure>\n<p>Hoje, h\u00e1 uma rotat\u00f3ria para os \u00f4nibus sobre onde a pra\u00e7a costumava ser, mas os moradores n\u00e3o t\u00eam acesso aos \u00f4nibus. Dizem que lhes foi prometido um terminal de \u00f4nibus e um novo espa\u00e7o de lazer, mas nenhum deles chegou.<\/p>\n<p>&#8220;O governo, os empres\u00e1rios <a href=\"http:\/\/bit.ly\/1Dk72zz\" target=\"_blank\" rel=\"noopener\">nos enganaram<\/a>&#8220;, disse Camila Felix Muguet, 36, que perdeu parte de sua casa e seu quintal para o projeto. &#8220;Eles vieram, roubaram, e disseram adeus. Agora eles se foram, e onde est\u00e3o nossas melhorias?&#8221;<\/p>\n<p>Senhora Pimentel, moradora de Deodoro cujos filhos estavam brincando em uma piscina de pl\u00e1stico, disse que ela sempre suspeitou que a piscina p\u00fablica n\u00e3o iria durar.<\/p>\n<p>&#8220;As Olimp\u00edadas acabaram, Deodoro acabou&#8221;, disse ela, balan\u00e7ando a cabe\u00e7a. &#8220;N\u00f3s seremos esquecidos.&#8221;<\/p>\n<!-- AddThis Advanced Settings generic via filter on the_content --><!-- AddThis Share Buttons generic via filter on the_content -->","protected":false},"excerpt":{"rendered":"<div class=\"mh-excerpt\"><p>Click Here for English Leia a mat\u00e9ria original por Anna Jean Kaiser em ingl\u00eas no site do The New York Times\u00a0aqui. O RioOnWatch traduz mat\u00e9rias do ingl\u00eas para que brasileiros possam ter acesso e acompanhar <a class=\"mh-excerpt-more\" href=\"https:\/\/rioonwatch.org.br\/?p=24723\" title=\"Legado Ol\u00edmpico At\u00e9 o Momento \u00e9 Uma S\u00e9rie de Promessas N\u00e3o Cumpridas\">[&#8230;]<\/a><!-- AddThis Advanced Settings generic via filter on get_the_excerpt --><!-- AddThis Share Buttons generic via filter on get_the_excerpt --><\/p>\n<\/div>","protected":false},"author":129,"featured_media":24731,"comment_status":"closed","ping_status":"closed","sticky":false,"template":"","format":"standard","meta":{"_acf_changed":false,"_monsterinsights_skip_tracking":false,"_monsterinsights_sitenote_active":false,"_monsterinsights_sitenote_note":"","_monsterinsights_sitenote_category":0,"footnotes":""},"categories":[2051,1635,1621,346,1631,344,1634],"tags":[274,497,1783,2077,2079,1606,1575,722,466,1240,1021,417,2078,78,505,588,839,14,184],"writer":[471],"translator":[1971],"source":[859],"ilustrador":[],"fotografo":[],"class_list":{"0":"post-24723","1":"post","2":"type-post","3":"status-publish","4":"format-standard","5":"has-post-thumbnail","7":"category-olhonolegado","8":"category-1635","9":"category-destaque","10":"category-denuncias","11":"category-entendendo-o-rio","12":"category-politicas","13":"category-traducoes","14":"tag-barra-da-tijuca","15":"tag-brt","16":"tag-carvalho-hosken","17":"tag-deodoro","18":"tag-favela-do-triangulo","19":"tag-ilha-pura","20":"tag-ippur","21":"tag-legado","22":"tag-maracana","23":"tag-megaeventos","24":"tag-mito-do-legado","25":"tag-negligencia-do-estado","26":"tag-odebrecht","27":"tag-olimpiadas","28":"tag-parceria-publico-privado","29":"tag-pesquisa","30":"tag-prioridades-publicas-equivocadas","31":"tag-remocao","32":"tag-zona-oeste","33":"writer-anna-kaiser","34":"translator-geovanna-giannini","35":"source-the-new-york-times"},"acf":[],"yoast_head":"<!-- This site is optimized with the Yoast SEO plugin v25.6 - https:\/\/yoast.com\/wordpress\/plugins\/seo\/ -->\n<title>Legado Ol\u00edmpico At\u00e9 o Momento \u00e9 Uma S\u00e9rie de Promessas N\u00e3o Cumpridas - RioOnWatch<\/title>\n<meta name=\"robots\" content=\"index, follow, max-snippet:-1, max-image-preview:large, max-video-preview:-1\" \/>\n<link rel=\"canonical\" href=\"https:\/\/rioonwatch.org.br\/?p=24723\" \/>\n<meta property=\"og:locale\" content=\"pt_BR\" \/>\n<meta property=\"og:type\" content=\"article\" \/>\n<meta property=\"og:title\" content=\"Legado Ol\u00edmpico At\u00e9 o Momento \u00e9 Uma S\u00e9rie de Promessas N\u00e3o Cumpridas - RioOnWatch\" \/>\n<meta property=\"og:description\" content=\"Click Here for English Leia a mat\u00e9ria original por Anna Jean Kaiser em ingl\u00eas no site do The New York Times\u00a0aqui. O RioOnWatch traduz mat\u00e9rias do ingl\u00eas para que brasileiros possam ter acesso e acompanhar [...]\" \/>\n<meta property=\"og:url\" content=\"https:\/\/rioonwatch.org.br\/?p=24723\" \/>\n<meta property=\"og:site_name\" content=\"RioOnWatch\" \/>\n<meta property=\"article:published_time\" content=\"2017-02-27T13:50:01+00:00\" \/>\n<meta property=\"article:modified_time\" content=\"2024-06-20T19:24:39+00:00\" \/>\n<meta property=\"og:image\" content=\"https:\/\/rioonwatch.org.br\/wp-content\/uploads\/2017\/02\/16OLYMPICS13-superJumbo.jpg\" \/>\n\t<meta property=\"og:image:width\" content=\"2048\" \/>\n\t<meta property=\"og:image:height\" content=\"672\" \/>\n\t<meta property=\"og:image:type\" content=\"image\/jpeg\" \/>\n<meta name=\"author\" content=\"Admin\" \/>\n<meta name=\"twitter:card\" content=\"summary_large_image\" \/>\n<meta name=\"twitter:label1\" content=\"Escrito por\" \/>\n\t<meta name=\"twitter:data1\" content=\"Admin\" \/>\n\t<meta name=\"twitter:label2\" content=\"Est. tempo de leitura\" \/>\n\t<meta name=\"twitter:data2\" content=\"9 minutos\" \/>\n<script type=\"application\/ld+json\" class=\"yoast-schema-graph\">{\"@context\":\"https:\/\/schema.org\",\"@graph\":[{\"@type\":\"Article\",\"@id\":\"https:\/\/rioonwatch.org.br\/?p=24723#article\",\"isPartOf\":{\"@id\":\"https:\/\/rioonwatch.org.br\/?p=24723\"},\"author\":{\"name\":\"Admin\",\"@id\":\"https:\/\/rioonwatch.org.br\/#\/schema\/person\/11d64c290506f9df50c71b850c473f68\"},\"headline\":\"Legado Ol\u00edmpico At\u00e9 o Momento \u00e9 Uma S\u00e9rie de Promessas N\u00e3o Cumpridas\",\"datePublished\":\"2017-02-27T13:50:01+00:00\",\"dateModified\":\"2024-06-20T19:24:39+00:00\",\"mainEntityOfPage\":{\"@id\":\"https:\/\/rioonwatch.org.br\/?p=24723\"},\"wordCount\":1753,\"publisher\":{\"@id\":\"https:\/\/rioonwatch.org.br\/#organization\"},\"image\":{\"@id\":\"https:\/\/rioonwatch.org.br\/?p=24723#primaryimage\"},\"thumbnailUrl\":\"https:\/\/rioonwatch.org.br\/wp-content\/uploads\/2017\/02\/16OLYMPICS13-superJumbo.jpg\",\"keywords\":[\"Barra da Tijuca\",\"BRT\",\"Carvalho Hosken\",\"Deodoro\",\"Favela do Tri\u00e2ngulo\",\"Ilha Pura\",\"IPPUR\",\"Legado Ol\u00edmpico\",\"Maracan\u00e3\",\"Megaeventos\",\"mito do legado\",\"Neglig\u00eancia do Estado\",\"Odebrecht\",\"Olimp\u00edadas\",\"Parceria P\u00fablico-Privada\",\"pesquisa\",\"prioridades p\u00fablicas equivocadas\",\"Remo\u00e7\u00e3o\",\"Zona Oeste\"],\"articleSection\":[\"#OlhoNoLegado\",\"#Rio2016\",\"*Destaque\",\"Den\u00fancias\",\"Entendendo o Rio\",\"Pol\u00edticas\",\"Traduzidas do Ingl\u00eas\"],\"inLanguage\":\"pt-BR\"},{\"@type\":\"WebPage\",\"@id\":\"https:\/\/rioonwatch.org.br\/?p=24723\",\"url\":\"https:\/\/rioonwatch.org.br\/?p=24723\",\"name\":\"Legado Ol\u00edmpico At\u00e9 o Momento \u00e9 Uma S\u00e9rie de Promessas N\u00e3o Cumpridas - RioOnWatch\",\"isPartOf\":{\"@id\":\"https:\/\/rioonwatch.org.br\/#website\"},\"primaryImageOfPage\":{\"@id\":\"https:\/\/rioonwatch.org.br\/?p=24723#primaryimage\"},\"image\":{\"@id\":\"https:\/\/rioonwatch.org.br\/?p=24723#primaryimage\"},\"thumbnailUrl\":\"https:\/\/rioonwatch.org.br\/wp-content\/uploads\/2017\/02\/16OLYMPICS13-superJumbo.jpg\",\"datePublished\":\"2017-02-27T13:50:01+00:00\",\"dateModified\":\"2024-06-20T19:24:39+00:00\",\"breadcrumb\":{\"@id\":\"https:\/\/rioonwatch.org.br\/?p=24723#breadcrumb\"},\"inLanguage\":\"pt-BR\",\"potentialAction\":[{\"@type\":\"ReadAction\",\"target\":[\"https:\/\/rioonwatch.org.br\/?p=24723\"]}]},{\"@type\":\"ImageObject\",\"inLanguage\":\"pt-BR\",\"@id\":\"https:\/\/rioonwatch.org.br\/?p=24723#primaryimage\",\"url\":\"https:\/\/rioonwatch.org.br\/wp-content\/uploads\/2017\/02\/16OLYMPICS13-superJumbo.jpg\",\"contentUrl\":\"https:\/\/rioonwatch.org.br\/wp-content\/uploads\/2017\/02\/16OLYMPICS13-superJumbo.jpg\",\"width\":2048,\"height\":672,\"caption\":\"Maracan\u00e3, o local onde foram realizadas a abertura e encerramento dos Jogos, em ru\u00ednas, com assentos rasgados e revirados e o gramado com manchas marrons. Silvia Izquierdo \/ Associated Press; Nacho Doce, via Reuters\"},{\"@type\":\"BreadcrumbList\",\"@id\":\"https:\/\/rioonwatch.org.br\/?p=24723#breadcrumb\",\"itemListElement\":[{\"@type\":\"ListItem\",\"position\":1,\"name\":\"In\u00edcio\",\"item\":\"https:\/\/rioonwatch.org.br\/\"},{\"@type\":\"ListItem\",\"position\":2,\"name\":\"Legado Ol\u00edmpico At\u00e9 o Momento \u00e9 Uma S\u00e9rie de Promessas N\u00e3o Cumpridas\"}]},{\"@type\":\"WebSite\",\"@id\":\"https:\/\/rioonwatch.org.br\/#website\",\"url\":\"https:\/\/rioonwatch.org.br\/\",\"name\":\"RioOnWatch\",\"description\":\"relatos das favelas cariocas\",\"publisher\":{\"@id\":\"https:\/\/rioonwatch.org.br\/#organization\"},\"potentialAction\":[{\"@type\":\"SearchAction\",\"target\":{\"@type\":\"EntryPoint\",\"urlTemplate\":\"https:\/\/rioonwatch.org.br\/?s={search_term_string}\"},\"query-input\":{\"@type\":\"PropertyValueSpecification\",\"valueRequired\":true,\"valueName\":\"search_term_string\"}}],\"inLanguage\":\"pt-BR\"},{\"@type\":\"Organization\",\"@id\":\"https:\/\/rioonwatch.org.br\/#organization\",\"name\":\"RioOnWatch\",\"url\":\"https:\/\/rioonwatch.org.br\/\",\"logo\":{\"@type\":\"ImageObject\",\"inLanguage\":\"pt-BR\",\"@id\":\"https:\/\/rioonwatch.org.br\/#\/schema\/logo\/image\/\",\"url\":\"https:\/\/rioonwatch.org.br\/wp-content\/uploads\/2021\/06\/RioOnWatchcabecalhoPT11anos-2.png\",\"contentUrl\":\"https:\/\/rioonwatch.org.br\/wp-content\/uploads\/2021\/06\/RioOnWatchcabecalhoPT11anos-2.png\",\"width\":779,\"height\":277,\"caption\":\"RioOnWatch\"},\"image\":{\"@id\":\"https:\/\/rioonwatch.org.br\/#\/schema\/logo\/image\/\"}},{\"@type\":\"Person\",\"@id\":\"https:\/\/rioonwatch.org.br\/#\/schema\/person\/11d64c290506f9df50c71b850c473f68\",\"name\":\"Admin\",\"image\":{\"@type\":\"ImageObject\",\"inLanguage\":\"pt-BR\",\"@id\":\"https:\/\/rioonwatch.org.br\/#\/schema\/person\/image\/\",\"url\":\"https:\/\/secure.gravatar.com\/avatar\/56211ac74568383903349a1485e3c325?s=96&d=blank&r=g\",\"contentUrl\":\"https:\/\/secure.gravatar.com\/avatar\/56211ac74568383903349a1485e3c325?s=96&d=blank&r=g\",\"caption\":\"Admin\"},\"url\":\"https:\/\/rioonwatch.org.br\/?author=129\"}]}<\/script>\n<!-- \/ Yoast SEO plugin. -->","yoast_head_json":{"title":"Legado Ol\u00edmpico At\u00e9 o Momento \u00e9 Uma S\u00e9rie de Promessas N\u00e3o Cumpridas - RioOnWatch","robots":{"index":"index","follow":"follow","max-snippet":"max-snippet:-1","max-image-preview":"max-image-preview:large","max-video-preview":"max-video-preview:-1"},"canonical":"https:\/\/rioonwatch.org.br\/?p=24723","og_locale":"pt_BR","og_type":"article","og_title":"Legado Ol\u00edmpico At\u00e9 o Momento \u00e9 Uma S\u00e9rie de Promessas N\u00e3o Cumpridas - RioOnWatch","og_description":"Click Here for English Leia a mat\u00e9ria original por Anna Jean Kaiser em ingl\u00eas no site do The New York Times\u00a0aqui. O RioOnWatch traduz mat\u00e9rias do ingl\u00eas para que brasileiros possam ter acesso e acompanhar [...]","og_url":"https:\/\/rioonwatch.org.br\/?p=24723","og_site_name":"RioOnWatch","article_published_time":"2017-02-27T13:50:01+00:00","article_modified_time":"2024-06-20T19:24:39+00:00","og_image":[{"width":2048,"height":672,"url":"https:\/\/rioonwatch.org.br\/wp-content\/uploads\/2017\/02\/16OLYMPICS13-superJumbo.jpg","type":"image\/jpeg"}],"author":"Admin","twitter_card":"summary_large_image","twitter_misc":{"Escrito por":"Admin","Est. tempo de leitura":"9 minutos"},"schema":{"@context":"https:\/\/schema.org","@graph":[{"@type":"Article","@id":"https:\/\/rioonwatch.org.br\/?p=24723#article","isPartOf":{"@id":"https:\/\/rioonwatch.org.br\/?p=24723"},"author":{"name":"Admin","@id":"https:\/\/rioonwatch.org.br\/#\/schema\/person\/11d64c290506f9df50c71b850c473f68"},"headline":"Legado Ol\u00edmpico At\u00e9 o Momento \u00e9 Uma S\u00e9rie de Promessas N\u00e3o Cumpridas","datePublished":"2017-02-27T13:50:01+00:00","dateModified":"2024-06-20T19:24:39+00:00","mainEntityOfPage":{"@id":"https:\/\/rioonwatch.org.br\/?p=24723"},"wordCount":1753,"publisher":{"@id":"https:\/\/rioonwatch.org.br\/#organization"},"image":{"@id":"https:\/\/rioonwatch.org.br\/?p=24723#primaryimage"},"thumbnailUrl":"https:\/\/rioonwatch.org.br\/wp-content\/uploads\/2017\/02\/16OLYMPICS13-superJumbo.jpg","keywords":["Barra da Tijuca","BRT","Carvalho Hosken","Deodoro","Favela do Tri\u00e2ngulo","Ilha Pura","IPPUR","Legado Ol\u00edmpico","Maracan\u00e3","Megaeventos","mito do legado","Neglig\u00eancia do Estado","Odebrecht","Olimp\u00edadas","Parceria P\u00fablico-Privada","pesquisa","prioridades p\u00fablicas equivocadas","Remo\u00e7\u00e3o","Zona Oeste"],"articleSection":["#OlhoNoLegado","#Rio2016","*Destaque","Den\u00fancias","Entendendo o Rio","Pol\u00edticas","Traduzidas do Ingl\u00eas"],"inLanguage":"pt-BR"},{"@type":"WebPage","@id":"https:\/\/rioonwatch.org.br\/?p=24723","url":"https:\/\/rioonwatch.org.br\/?p=24723","name":"Legado Ol\u00edmpico At\u00e9 o Momento \u00e9 Uma S\u00e9rie de Promessas N\u00e3o Cumpridas - RioOnWatch","isPartOf":{"@id":"https:\/\/rioonwatch.org.br\/#website"},"primaryImageOfPage":{"@id":"https:\/\/rioonwatch.org.br\/?p=24723#primaryimage"},"image":{"@id":"https:\/\/rioonwatch.org.br\/?p=24723#primaryimage"},"thumbnailUrl":"https:\/\/rioonwatch.org.br\/wp-content\/uploads\/2017\/02\/16OLYMPICS13-superJumbo.jpg","datePublished":"2017-02-27T13:50:01+00:00","dateModified":"2024-06-20T19:24:39+00:00","breadcrumb":{"@id":"https:\/\/rioonwatch.org.br\/?p=24723#breadcrumb"},"inLanguage":"pt-BR","potentialAction":[{"@type":"ReadAction","target":["https:\/\/rioonwatch.org.br\/?p=24723"]}]},{"@type":"ImageObject","inLanguage":"pt-BR","@id":"https:\/\/rioonwatch.org.br\/?p=24723#primaryimage","url":"https:\/\/rioonwatch.org.br\/wp-content\/uploads\/2017\/02\/16OLYMPICS13-superJumbo.jpg","contentUrl":"https:\/\/rioonwatch.org.br\/wp-content\/uploads\/2017\/02\/16OLYMPICS13-superJumbo.jpg","width":2048,"height":672,"caption":"Maracan\u00e3, o local onde foram realizadas a abertura e encerramento dos Jogos, em ru\u00ednas, com assentos rasgados e revirados e o gramado com manchas marrons. Silvia Izquierdo \/ Associated Press; Nacho Doce, via Reuters"},{"@type":"BreadcrumbList","@id":"https:\/\/rioonwatch.org.br\/?p=24723#breadcrumb","itemListElement":[{"@type":"ListItem","position":1,"name":"In\u00edcio","item":"https:\/\/rioonwatch.org.br\/"},{"@type":"ListItem","position":2,"name":"Legado Ol\u00edmpico At\u00e9 o Momento \u00e9 Uma S\u00e9rie de Promessas N\u00e3o Cumpridas"}]},{"@type":"WebSite","@id":"https:\/\/rioonwatch.org.br\/#website","url":"https:\/\/rioonwatch.org.br\/","name":"RioOnWatch","description":"relatos das favelas cariocas","publisher":{"@id":"https:\/\/rioonwatch.org.br\/#organization"},"potentialAction":[{"@type":"SearchAction","target":{"@type":"EntryPoint","urlTemplate":"https:\/\/rioonwatch.org.br\/?s={search_term_string}"},"query-input":{"@type":"PropertyValueSpecification","valueRequired":true,"valueName":"search_term_string"}}],"inLanguage":"pt-BR"},{"@type":"Organization","@id":"https:\/\/rioonwatch.org.br\/#organization","name":"RioOnWatch","url":"https:\/\/rioonwatch.org.br\/","logo":{"@type":"ImageObject","inLanguage":"pt-BR","@id":"https:\/\/rioonwatch.org.br\/#\/schema\/logo\/image\/","url":"https:\/\/rioonwatch.org.br\/wp-content\/uploads\/2021\/06\/RioOnWatchcabecalhoPT11anos-2.png","contentUrl":"https:\/\/rioonwatch.org.br\/wp-content\/uploads\/2021\/06\/RioOnWatchcabecalhoPT11anos-2.png","width":779,"height":277,"caption":"RioOnWatch"},"image":{"@id":"https:\/\/rioonwatch.org.br\/#\/schema\/logo\/image\/"}},{"@type":"Person","@id":"https:\/\/rioonwatch.org.br\/#\/schema\/person\/11d64c290506f9df50c71b850c473f68","name":"Admin","image":{"@type":"ImageObject","inLanguage":"pt-BR","@id":"https:\/\/rioonwatch.org.br\/#\/schema\/person\/image\/","url":"https:\/\/secure.gravatar.com\/avatar\/56211ac74568383903349a1485e3c325?s=96&d=blank&r=g","contentUrl":"https:\/\/secure.gravatar.com\/avatar\/56211ac74568383903349a1485e3c325?s=96&d=blank&r=g","caption":"Admin"},"url":"https:\/\/rioonwatch.org.br\/?author=129"}]}},"_links":{"self":[{"href":"https:\/\/rioonwatch.org.br\/index.php?rest_route=\/wp\/v2\/posts\/24723"}],"collection":[{"href":"https:\/\/rioonwatch.org.br\/index.php?rest_route=\/wp\/v2\/posts"}],"about":[{"href":"https:\/\/rioonwatch.org.br\/index.php?rest_route=\/wp\/v2\/types\/post"}],"author":[{"embeddable":true,"href":"https:\/\/rioonwatch.org.br\/index.php?rest_route=\/wp\/v2\/users\/129"}],"replies":[{"embeddable":true,"href":"https:\/\/rioonwatch.org.br\/index.php?rest_route=%2Fwp%2Fv2%2Fcomments&post=24723"}],"version-history":[{"count":23,"href":"https:\/\/rioonwatch.org.br\/index.php?rest_route=\/wp\/v2\/posts\/24723\/revisions"}],"predecessor-version":[{"id":74165,"href":"https:\/\/rioonwatch.org.br\/index.php?rest_route=\/wp\/v2\/posts\/24723\/revisions\/74165"}],"wp:featuredmedia":[{"embeddable":true,"href":"https:\/\/rioonwatch.org.br\/index.php?rest_route=\/wp\/v2\/media\/24731"}],"wp:attachment":[{"href":"https:\/\/rioonwatch.org.br\/index.php?rest_route=%2Fwp%2Fv2%2Fmedia&parent=24723"}],"wp:term":[{"taxonomy":"category","embeddable":true,"href":"https:\/\/rioonwatch.org.br\/index.php?rest_route=%2Fwp%2Fv2%2Fcategories&post=24723"},{"taxonomy":"post_tag","embeddable":true,"href":"https:\/\/rioonwatch.org.br\/index.php?rest_route=%2Fwp%2Fv2%2Ftags&post=24723"},{"taxonomy":"writer","embeddable":true,"href":"https:\/\/rioonwatch.org.br\/index.php?rest_route=%2Fwp%2Fv2%2Fwriter&post=24723"},{"taxonomy":"translator","embeddable":true,"href":"https:\/\/rioonwatch.org.br\/index.php?rest_route=%2Fwp%2Fv2%2Ftranslator&post=24723"},{"taxonomy":"source","embeddable":true,"href":"https:\/\/rioonwatch.org.br\/index.php?rest_route=%2Fwp%2Fv2%2Fsource&post=24723"},{"taxonomy":"ilustrador","embeddable":true,"href":"https:\/\/rioonwatch.org.br\/index.php?rest_route=%2Fwp%2Fv2%2Filustrador&post=24723"},{"taxonomy":"fotografo","embeddable":true,"href":"https:\/\/rioonwatch.org.br\/index.php?rest_route=%2Fwp%2Fv2%2Ffotografo&post=24723"}],"curies":[{"name":"wp","href":"https:\/\/api.w.org\/{rel}","templated":true}]}}