{"id":24924,"date":"2017-03-23T10:10:55","date_gmt":"2017-03-23T13:10:55","guid":{"rendered":"http:\/\/rioonwatch.org.br\/?p=24924"},"modified":"2017-03-29T07:51:21","modified_gmt":"2017-03-29T10:51:21","slug":"x-week-no-studio-x-apresentou-debates-exposicoes-e-visitas-guiadas-sobre-agua-e-habitacao","status":"publish","type":"post","link":"https:\/\/rioonwatch.org.br\/?p=24924","title":{"rendered":"\u201cX-Week\u201d no Studio-X Rio Debateu Escala Local vs. Grande nas Solu\u00e7\u00f5es para \u00c1gua e Esgoto"},"content":{"rendered":"<p style=\"text-align: right;\"><em><strong><a href=\"http:\/\/bit.ly\/2novDXL\" target=\"_blank\">Click Here for English<img decoding=\"async\" width=\"20\" height=\"20\" class=\"alignright wp-image-15790\" src=\"http:\/\/rioonwatch.org.br\/wp-content\/uploads\/2012\/08\/EN-standard-e1439583104716.jpg\" alt=\"\" \/><\/a><\/strong><\/em><\/p>\n<p>De 9 a 14 de mar\u00e7o, <a href=\"http:\/\/bit.ly\/1PAGUMn\" target=\"_blank\">o Studio-X Rio<\/a> sediou a\u00a0<a href=\"http:\/\/bit.ly\/2n40IPx\" target=\"_blank\">x-Week<\/a>\u00a0(Semana X) como parte das comemora\u00e7\u00f5es do seu sexto anivers\u00e1rio. Organizada em parceria com o\u00a0<a href=\"http:\/\/bit.ly\/171OpBJ\" target=\"_blank\">Columbia Global Centers<\/a>\u00a0(Centros Global Columbia)&#8211;que comemora o seu quarto anivers\u00e1rio&#8211;o <a href=\"http:\/\/bit.ly\/2bSb27c\" target=\"_blank\">Museu do Amanh\u00e3<\/a> e a Prefeitura do Rio de Janeiro, os eventos do Studio-X focaram nos t\u00f3picos de\u00a0<a href=\"http:\/\/bit.ly\/1GyyKkX\" target=\"_blank\">\u00e1gua<\/a> e <a href=\"http:\/\/bit.ly\/1rKFP6K\" target=\"_blank\">habita\u00e7\u00e3o<\/a>. Especialistas do Brasil e do exterior participaram dos debates, exposi\u00e7\u00f5es, mesas redondas e de uma visita guiada.<\/p>\n<p>A Semana X 2017 come\u00e7ou na quinta-feira com apresenta\u00e7\u00f5es e um debate sobre tecnologia alternativa sustent\u00e1vel para tratamento de\u00a0<a href=\"http:\/\/bit.ly\/20VNpMK\" target=\"_blank\">\u00e1guas residuais<\/a>, com a participa\u00e7\u00e3o de planejadores urbanos, arquitetos e engenheiros nacionais e internacionais.<\/p>\n<p><a href=\"http:\/\/bit.ly\/2cD3jZc\" target=\"_blank\">O esgoto<\/a> e as \u00e1guas residuais s\u00e3o um grande problema no estado do Rio com apenas <a href=\"http:\/\/bit.ly\/2nMIu2x\">65% sendo coletado e cerca de 34% tratado<\/a>, causando uma variedade de <a href=\"http:\/\/bit.ly\/1UOlNDQ\" target=\"_blank\">problemas de sa\u00fade<\/a>, <a href=\"http:\/\/bit.ly\/29aV7kF\" target=\"_blank\">polui\u00e7\u00e3o ambiental<\/a> e <a href=\"http:\/\/bit.ly\/2n7I1ZP\" target=\"_blank\">enchentes<\/a>. Al\u00e9m disso, investir na estrutura do saneamento \u00e9 economicamente eficiente pois cada <a href=\"http:\/\/abr.ai\/19vxJ8F\">R$1 investido resulta em R$4 poupados no setor da sa\u00fade<\/a>.<\/p>\n<p><a href=\"http:\/\/bit.ly\/2mzRkjb\">Ooze Architects<\/a>, uma dupla baseada em Roterd\u00e3 composta por Eva Pfannes e Sylvain Hartenberg&#8211;apresentou um projeto de <a href=\"http:\/\/bit.ly\/2nr9FTs\" target=\"_blank\">p\u00e2ntano constru\u00eddo<\/a>, &#8220;<a href=\"http:\/\/bit.ly\/2mWHBqB\" target=\"_blank\">\u00c1gua Carioca<\/a>&#8220;.\u00a0 A natureza abundante do Rio, como Eva explicou, torna-o um lugar ideal para limpar o esgoto por meio das plantas. Ela contestou a ideia comum de que o esgoto precisa ser escondido e ficar no subsolo, argumentando que &#8220;o esgoto deveria estar perto de n\u00f3s para entendermos como funciona&#8221;.<\/p>\n<p>Imitando o corpo humano e o seu ciclo de limpeza, os filtros org\u00e2nicos usam micro-organismos naturais para tratar a \u00e1gua e assim evitar completamente o uso de produtos qu\u00edmicos. Eva explicou que o ponto forte dos projetos em pequena escala \u00e9 o seu foco no local, adaptando-se melhor ao contexto do que os projetos em grande escala.<\/p>\n<p>Isaac Volschan Junior, um engenheiro civil, especialista em saneamento e professor do Departamento de Recursos H\u00eddricos e Meio Ambiente da UFRJ, acrescentou que apesar de algumas tecnologias em grande escala serem <a href=\"http:\/\/bit.ly\/1v5zfI2\" target=\"_blank\">sustent\u00e1veis<\/a>, nem sempre s\u00e3o aplic\u00e1veis. Assim, ele refor\u00e7ou a mensagem de Eva que preconiza o uso de infraestrutura local descentralizada, o que foi um t\u00f3pico comum das discuss\u00f5es.<\/p>\n<p>Referindo-se ao t\u00edtulo do evento&#8211;<a href=\"http:\/\/bit.ly\/2naTBmS\" target=\"_blank\">Saneamento B\u00e1sico: Novas Tecnologias, Aplicabilidade e Planejamento Urbano<\/a>&#8211;Isaac questionou o uso de &#8220;nova&#8221; infraestrutura alternativa no contexto do Rio que, conforme argumentou, ainda n\u00e3o tem\u00a0a infraestrutura b\u00e1sica de saneamento &#8220;antiga&#8221;. Ele argumentou que o Brasil j\u00e1 tem dificuldade em implantar o saneamento mais b\u00e1sico para grande parte da popula\u00e7\u00e3o, portanto pensar em tecnologias alternativas \u00e9 irrealista. Ele tamb\u00e9m explicou que para uma tecnologia funcionar em um certo contexto, \u00e9 necess\u00e1rio haver um forte sistema de regulariza\u00e7\u00e3o, e considerar a sustentabilidade econ\u00f4mica, a efic\u00e1cia e a &#8220;robustez&#8221; da manuten\u00e7\u00e3o e da opera\u00e7\u00e3o.<\/p>\n<p><a href=\"http:\/\/rioonwatch.org.br\/wp-content\/uploads\/2017\/03\/17311333_1375892472430872_8678622168950070730_o-1-620x264.jpg\"><img fetchpriority=\"high\" decoding=\"async\" class=\"aligncenter wp-image-24932 size-full\" title=\"Apresenta\u00e7\u00e3o de Kartik Chandran. Foto de Rodrigo d'\u00c1vila (Studio-X Rio)\" src=\"http:\/\/rioonwatch.org.br\/wp-content\/uploads\/2017\/03\/17311333_1375892472430872_8678622168950070730_o-1-620x264.jpg\" width=\"620\" height=\"264\" \/><\/a><\/p>\n<p>Ao contar sobre a sua primeira visita a uma favela no Rio, Kartik Chandran, um engenheiro ambiental da Escola de Engenharia e Ci\u00eancias Aplicadas de Columbia, salientou como as comunidades encontram <a href=\"http:\/\/bit.ly\/1S1blJy\" target=\"_blank\">as suas pr\u00f3prias solu\u00e7\u00f5es para o abastecimento de \u00e1gua<\/a>, e que estas oportunidades n\u00e3o devem ser ignoradas. Raramente discutida, muita infraestrutura envolve um <a href=\"http:\/\/bit.ly\/2mzSLhI\">grande impacto dos gases de efeito estufa no ambiente<\/a> e os sistemas locais podem ser uma alternativa menos cara e mais adequada. Na <a href=\"http:\/\/bit.ly\/2mzKzxN\">Universidade de Columbia<\/a>, Kartik e os seus alunos pesquisam o potencial do esgoto para ser <a href=\"http:\/\/bit.ly\/2bPSTVX\" target=\"_blank\">transformado em outros recursos<\/a>, como alimentos e calor. Deste modo, os impactos dos gases de efeito estufa s\u00e3o consideravelmente reduzidos e outros recursos s\u00e3o obtidos.<\/p>\n<p><a href=\"http:\/\/rioonwatch.org.br\/wp-content\/uploads\/2017\/03\/17359357_1375891729097613_3525435722738801274_o-1-620x264.jpg\"><img decoding=\"async\" class=\"aligncenter wp-image-24934 size-full\" title=\"Debate com o p\u00fablico. Foto de Rodrigo d'\u00c1vila (Studio-X Rio)\" src=\"http:\/\/rioonwatch.org.br\/wp-content\/uploads\/2017\/03\/17359357_1375891729097613_3525435722738801274_o-1-620x264.jpg\" width=\"620\" height=\"264\" \/><\/a><\/p>\n<p>Durante o debate que se seguiu, a promo\u00e7\u00e3o dos <a href=\"http:\/\/bit.ly\/1j5bUzA\" target=\"_blank\">projetos sustent\u00e1veis nas comunidades<\/a> foi percebida como um in\u00edcio promissor para o desenvolvimento de infraestrutura mais sustent\u00e1vel e vi\u00e1vel. A suposi\u00e7\u00e3o previamente colocada por Isaac, da necessidade de instalar saneamento b\u00e1sico antes de atualiz\u00e1-lo para tecnologias mais novas e sustent\u00e1veis, foi contestada por Jos\u00e9 Luis Vallejo, professor na Escola de Gradua\u00e7\u00e3o de Arquitetura, Planejamento e Preserva\u00e7\u00e3o de Columbia e membro fundador do <a href=\"http:\/\/bit.ly\/2nMvCJY\">ecossistema urbano<\/a>, um grupo de arquitetos e projetistas urbanos baseado em Madrid que trabalha na \u00e1rea de urbanismo. Ele perguntou: &#8220;Porque devemos usar tecnologias antigas se conhecemos tecnologias novas e mais eficientes?&#8221;<\/p>\n<p><a href=\"http:\/\/rioonwatch.org.br\/wp-content\/uploads\/2017\/03\/IMG_4483-620x264.jpg\"><img loading=\"lazy\" decoding=\"async\" class=\"aligncenter wp-image-24936 size-full\" title=\"Prot\u00f3tipo \u00c1gua Carioca no Sitio Burle Marx\" src=\"http:\/\/rioonwatch.org.br\/wp-content\/uploads\/2017\/03\/IMG_4483-620x264.jpg\" width=\"620\" height=\"264\" \/><\/a><\/p>\n<p>Projetos alternativos como \u00c1gua Carioca do OOZE podem apoiar-se na motiva\u00e7\u00e3o e organiza\u00e7\u00e3o encontradas em muitas comunidades locais, como o <a href=\"http:\/\/bit.ly\/1fyVkei\" target=\"_blank\">Morro da Formiga<\/a>, onde a informalidade da comunidade pode ser uma oportunidade. Contrastando com \u00e1reas mais formais da cidade, os moradores das favelas identificam-se muito mais com a sua comunidade e participam com mais frequ\u00eancia da implanta\u00e7\u00e3o de projetos locais. Al\u00e9m disso, como as fossas s\u00e9pticas e a capta\u00e7\u00e3o de \u00e1gua s\u00e3o separadas para cada casa, as fam\u00edlias tornam-se respons\u00e1veis pela manuten\u00e7\u00e3o do sistema, assegurando o conhecimento do processo. Em favelas\u00a0<a href=\"http:\/\/bit.ly\/1S1blJy\" target=\"_blank\">bem organizadas como a Formiga<\/a>, um projeto como \u00c1gua Carioca pode ser sustent\u00e1vel durante anos.<\/p>\n<p><a href=\"http:\/\/rioonwatch.org.br\/wp-content\/uploads\/2017\/03\/IMG_4546-1-620x264.jpg\"><img loading=\"lazy\" decoding=\"async\" class=\"aligncenter wp-image-24938 size-medium\" title=\"Sitio Burle Marx\" src=\"http:\/\/rioonwatch.org.br\/wp-content\/uploads\/2017\/03\/IMG_4546-1-620x264-620x264.jpg\" width=\"620\" height=\"264\" \/><\/a><\/p>\n<p>No s\u00e1bado, os participantes puderam ter uma ideia melhor dos filtros org\u00e2nicos durante uma visita guiada ao prot\u00f3tipo \u00c1gua Carioca no S\u00edtio Roberto Burle Marx um <a href=\"http:\/\/bit.ly\/2nMOPuT\">patrim\u00f4nio cultural brasileiro<\/a> com <a href=\"http:\/\/bit.ly\/2nzjCfy\">mais de 3500 esp\u00e9cies diferentes de plantas<\/a>. Lan\u00e7ado como parte de um extenso estudo sobre o uso dos p\u00e2ntanos para filtrar as \u00e1guas residuais, o prot\u00f3tipo utiliza algumas dessas plantas.<\/p>\n<p><a href=\"http:\/\/rioonwatch.org.br\/wp-content\/uploads\/2017\/03\/IMG_4505-169x300.jpg\"><img loading=\"lazy\" decoding=\"async\" class=\"alignright wp-image-24941 size-full\" title=\"Explica\u00e7\u00e3o do \u00c1gua Carioca\" src=\"http:\/\/rioonwatch.org.br\/wp-content\/uploads\/2017\/03\/IMG_4505-169x300.jpg\" width=\"169\" height=\"300\" srcset=\"https:\/\/rioonwatch.org.br\/wp-content\/uploads\/2017\/03\/IMG_4505-169x300.jpg 169w, https:\/\/rioonwatch.org.br\/wp-content\/uploads\/2017\/03\/IMG_4505-169x300-149x264.jpg 149w\" sizes=\"(max-width: 169px) 100vw, 169px\" \/><\/a><\/p>\n<p>Ao contr\u00e1rio do que a ideia de um &#8220;p\u00e2ntano constru\u00eddo&#8221;\u00a0possa sugerir, os filtros org\u00e2nicos n\u00e3o envolvem \u00e1gua parada na superf\u00edcie, evitando assim quaisquer problemas com mosquitos ou cheiro. Al\u00e9m disso, se for implantado em uma favela local, este sistema fornece mais <a href=\"http:\/\/bit.ly\/1jZVyaS\" target=\"_blank\">espa\u00e7o p\u00fablico<\/a> e poderia ajudar a limitar\u00a0a densifica\u00e7\u00e3o\u00a0da popula\u00e7\u00e3o.<\/p>\n<p>Refletindo sobre um tema subjacente de v\u00e1rios dos seus eventos, a Semana X tamb\u00e9m apresentou uma mesa redonda sobre <a href=\"http:\/\/bit.ly\/H1kBPJ\" target=\"_blank\">iniciativas de baixo para cima<\/a>. Este projetos consideram <a href=\"http:\/\/bit.ly\/1rOePGu\" target=\"_blank\">a participa\u00e7\u00e3o ativa<\/a> dos cidad\u00e3os fundamental para fortalecer as comunidades para abordagens mais sustent\u00e1veis.<\/p>\n<p>Al\u00e9m de uma exposi\u00e7\u00e3o e debate sobre o que constitui uma boa habita\u00e7\u00e3o p\u00fablica, a Semana X 2017 concluiu com a abertura da exposi\u00e7\u00e3o &#8220;Infraestruturas residenciais h\u00edbridas&#8221;. Seguiu-se uma mesa redonda sobre o desafio da habita\u00e7\u00e3o com arquitetos do <a href=\"http:\/\/bit.ly\/2mQnZTw\">MMBB<\/a>, <a href=\"http:\/\/bit.ly\/2nMARcf\">H+F<\/a>, <a href=\"http:\/\/bit.ly\/2nhcNSp\">Vigliecca &amp; Associados<\/a> e <a href=\"http:\/\/bit.ly\/2mQjMyR\">Cit\u00e9 Arquitetura<\/a>.<\/p>\n<!-- AddThis Advanced Settings generic via filter on the_content --><!-- AddThis Share Buttons generic via filter on the_content -->","protected":false},"excerpt":{"rendered":"<div class=\"mh-excerpt\"><p>Click Here for English De 9 a 14 de mar\u00e7o, o Studio-X Rio sediou a\u00a0x-Week\u00a0(Semana X) como parte das comemora\u00e7\u00f5es do seu sexto anivers\u00e1rio. Organizada em parceria com o\u00a0Columbia Global Centers\u00a0(Centros Global Columbia)&#8211;que comemora o <a class=\"mh-excerpt-more\" href=\"https:\/\/rioonwatch.org.br\/?p=24924\" title=\"\u201cX-Week\u201d no Studio-X Rio Debateu Escala Local vs. Grande nas Solu\u00e7\u00f5es para \u00c1gua e Esgoto\">[&#8230;]<\/a><!-- AddThis Advanced Settings generic via filter on get_the_excerpt --><!-- AddThis Share Buttons generic via filter on get_the_excerpt --><\/p>\n<\/div>","protected":false},"author":129,"featured_media":24927,"comment_status":"closed","ping_status":"closed","sticky":false,"template":"","format":"standard","meta":{"_acf_changed":false,"_monsterinsights_skip_tracking":false,"_monsterinsights_sitenote_active":false,"_monsterinsights_sitenote_note":"","_monsterinsights_sitenote_category":0,"footnotes":""},"categories":[1627,1632,1626,1616,342,1639],"tags":[510,322,1146,106,1151,1037,232,1751,2072,492,476,530,404],"writer":[2097],"translator":[1875],"source":[],"ilustrador":[],"fotografo":[],"class_list":{"0":"post-24924","1":"post","2":"type-post","3":"status-publish","4":"format-standard","5":"has-post-thumbnail","7":"category-relato-de-evento","8":"category-pesquisa-e-analise","9":"category-por-observadores-internacionais","10":"category-qualidades-da-favela","11":"category-solucoes","12":"category-sustentabilidade","13":"tag-agua","14":"tag-esgoto","15":"tag-exposicao","16":"tag-meio-ambiente","17":"tag-organizacao","18":"tag-moradia","19":"tag-morro-da-formiga","20":"tag-museu-do-amanha","21":"tag-qualidades-da-informalidade","22":"tag-saneamento","23":"tag-solucao-comunitaria","24":"tag-studio-x","25":"tag-sustentabilidade","26":"writer-lisa-godde","27":"translator-marina-hennies"},"acf":[],"yoast_head":"<!-- This site is optimized with the Yoast SEO plugin v25.6 - https:\/\/yoast.com\/wordpress\/plugins\/seo\/ -->\n<title>\u201cX-Week\u201d no Studio-X Rio Debateu Escala Local vs. Grande nas Solu\u00e7\u00f5es para \u00c1gua e Esgoto - RioOnWatch<\/title>\n<meta name=\"robots\" content=\"index, follow, max-snippet:-1, max-image-preview:large, max-video-preview:-1\" \/>\n<link rel=\"canonical\" href=\"https:\/\/rioonwatch.org.br\/?p=24924\" \/>\n<meta property=\"og:locale\" content=\"pt_BR\" \/>\n<meta property=\"og:type\" content=\"article\" \/>\n<meta property=\"og:title\" content=\"\u201cX-Week\u201d no Studio-X Rio Debateu Escala Local vs. Grande nas Solu\u00e7\u00f5es para \u00c1gua e Esgoto - RioOnWatch\" \/>\n<meta property=\"og:description\" content=\"Click Here for English De 9 a 14 de mar\u00e7o, o Studio-X Rio sediou a\u00a0x-Week\u00a0(Semana X) como parte das comemora\u00e7\u00f5es do seu sexto anivers\u00e1rio. Organizada em parceria com o\u00a0Columbia Global Centers\u00a0(Centros Global Columbia)&#8211;que comemora o [...]\" \/>\n<meta property=\"og:url\" content=\"https:\/\/rioonwatch.org.br\/?p=24924\" \/>\n<meta property=\"og:site_name\" content=\"RioOnWatch\" \/>\n<meta property=\"article:published_time\" content=\"2017-03-23T13:10:55+00:00\" \/>\n<meta property=\"article:modified_time\" content=\"2017-03-29T10:51:21+00:00\" \/>\n<meta property=\"og:image\" content=\"https:\/\/rioonwatch.org.br\/wp-content\/uploads\/2017\/03\/17310924_1375891739097612_174045008788052359_o-1.jpg\" \/>\n\t<meta property=\"og:image:width\" content=\"2000\" \/>\n\t<meta property=\"og:image:height\" content=\"1060\" \/>\n\t<meta property=\"og:image:type\" content=\"image\/jpeg\" \/>\n<meta name=\"author\" content=\"Admin\" \/>\n<meta name=\"twitter:card\" content=\"summary_large_image\" \/>\n<meta name=\"twitter:label1\" content=\"Escrito por\" \/>\n\t<meta name=\"twitter:data1\" content=\"Admin\" \/>\n\t<meta name=\"twitter:label2\" content=\"Est. tempo de leitura\" \/>\n\t<meta name=\"twitter:data2\" content=\"5 minutos\" \/>\n<script type=\"application\/ld+json\" class=\"yoast-schema-graph\">{\"@context\":\"https:\/\/schema.org\",\"@graph\":[{\"@type\":\"Article\",\"@id\":\"https:\/\/rioonwatch.org.br\/?p=24924#article\",\"isPartOf\":{\"@id\":\"https:\/\/rioonwatch.org.br\/?p=24924\"},\"author\":{\"name\":\"Admin\",\"@id\":\"https:\/\/rioonwatch.org.br\/#\/schema\/person\/11d64c290506f9df50c71b850c473f68\"},\"headline\":\"\u201cX-Week\u201d no Studio-X Rio Debateu Escala Local vs. Grande nas Solu\u00e7\u00f5es para \u00c1gua e Esgoto\",\"datePublished\":\"2017-03-23T13:10:55+00:00\",\"dateModified\":\"2017-03-29T10:51:21+00:00\",\"mainEntityOfPage\":{\"@id\":\"https:\/\/rioonwatch.org.br\/?p=24924\"},\"wordCount\":1088,\"publisher\":{\"@id\":\"https:\/\/rioonwatch.org.br\/#organization\"},\"image\":{\"@id\":\"https:\/\/rioonwatch.org.br\/?p=24924#primaryimage\"},\"thumbnailUrl\":\"https:\/\/rioonwatch.org.br\/wp-content\/uploads\/2017\/03\/17310924_1375891739097612_174045008788052359_o-1.jpg\",\"keywords\":[\"\u00e1gua\",\"esgoto\",\"exposi\u00e7\u00e3o\",\"meio ambiente\",\"mobiliza\u00e7\u00e3o\",\"moradia\",\"Morro da Formiga\",\"Museu do Amanh\u00e3\",\"qualidades da informalidade\",\"saneamento\",\"solu\u00e7\u00e3o comunit\u00e1ria\",\"Studio X\",\"sustentabilidade\"],\"articleSection\":[\"Cobertura de Eventos\",\"Dados e Pesquisa\",\"Escrito por Aliados\",\"Qualidades da Favela\",\"Solu\u00e7\u00f5es\",\"Sustentabilidade\"],\"inLanguage\":\"pt-BR\"},{\"@type\":\"WebPage\",\"@id\":\"https:\/\/rioonwatch.org.br\/?p=24924\",\"url\":\"https:\/\/rioonwatch.org.br\/?p=24924\",\"name\":\"\u201cX-Week\u201d no Studio-X Rio Debateu Escala Local vs. Grande nas Solu\u00e7\u00f5es para \u00c1gua e Esgoto - RioOnWatch\",\"isPartOf\":{\"@id\":\"https:\/\/rioonwatch.org.br\/#website\"},\"primaryImageOfPage\":{\"@id\":\"https:\/\/rioonwatch.org.br\/?p=24924#primaryimage\"},\"image\":{\"@id\":\"https:\/\/rioonwatch.org.br\/?p=24924#primaryimage\"},\"thumbnailUrl\":\"https:\/\/rioonwatch.org.br\/wp-content\/uploads\/2017\/03\/17310924_1375891739097612_174045008788052359_o-1.jpg\",\"datePublished\":\"2017-03-23T13:10:55+00:00\",\"dateModified\":\"2017-03-29T10:51:21+00:00\",\"breadcrumb\":{\"@id\":\"https:\/\/rioonwatch.org.br\/?p=24924#breadcrumb\"},\"inLanguage\":\"pt-BR\",\"potentialAction\":[{\"@type\":\"ReadAction\",\"target\":[\"https:\/\/rioonwatch.org.br\/?p=24924\"]}]},{\"@type\":\"ImageObject\",\"inLanguage\":\"pt-BR\",\"@id\":\"https:\/\/rioonwatch.org.br\/?p=24924#primaryimage\",\"url\":\"https:\/\/rioonwatch.org.br\/wp-content\/uploads\/2017\/03\/17310924_1375891739097612_174045008788052359_o-1.jpg\",\"contentUrl\":\"https:\/\/rioonwatch.org.br\/wp-content\/uploads\/2017\/03\/17310924_1375891739097612_174045008788052359_o-1.jpg\",\"width\":2000,\"height\":1060},{\"@type\":\"BreadcrumbList\",\"@id\":\"https:\/\/rioonwatch.org.br\/?p=24924#breadcrumb\",\"itemListElement\":[{\"@type\":\"ListItem\",\"position\":1,\"name\":\"In\u00edcio\",\"item\":\"https:\/\/rioonwatch.org.br\/\"},{\"@type\":\"ListItem\",\"position\":2,\"name\":\"\u201cX-Week\u201d no Studio-X Rio Debateu Escala Local vs. Grande nas Solu\u00e7\u00f5es para \u00c1gua e Esgoto\"}]},{\"@type\":\"WebSite\",\"@id\":\"https:\/\/rioonwatch.org.br\/#website\",\"url\":\"https:\/\/rioonwatch.org.br\/\",\"name\":\"RioOnWatch\",\"description\":\"relatos das favelas cariocas\",\"publisher\":{\"@id\":\"https:\/\/rioonwatch.org.br\/#organization\"},\"potentialAction\":[{\"@type\":\"SearchAction\",\"target\":{\"@type\":\"EntryPoint\",\"urlTemplate\":\"https:\/\/rioonwatch.org.br\/?s={search_term_string}\"},\"query-input\":{\"@type\":\"PropertyValueSpecification\",\"valueRequired\":true,\"valueName\":\"search_term_string\"}}],\"inLanguage\":\"pt-BR\"},{\"@type\":\"Organization\",\"@id\":\"https:\/\/rioonwatch.org.br\/#organization\",\"name\":\"RioOnWatch\",\"url\":\"https:\/\/rioonwatch.org.br\/\",\"logo\":{\"@type\":\"ImageObject\",\"inLanguage\":\"pt-BR\",\"@id\":\"https:\/\/rioonwatch.org.br\/#\/schema\/logo\/image\/\",\"url\":\"https:\/\/rioonwatch.org.br\/wp-content\/uploads\/2021\/06\/RioOnWatchcabecalhoPT11anos-2.png\",\"contentUrl\":\"https:\/\/rioonwatch.org.br\/wp-content\/uploads\/2021\/06\/RioOnWatchcabecalhoPT11anos-2.png\",\"width\":779,\"height\":277,\"caption\":\"RioOnWatch\"},\"image\":{\"@id\":\"https:\/\/rioonwatch.org.br\/#\/schema\/logo\/image\/\"}},{\"@type\":\"Person\",\"@id\":\"https:\/\/rioonwatch.org.br\/#\/schema\/person\/11d64c290506f9df50c71b850c473f68\",\"name\":\"Admin\",\"image\":{\"@type\":\"ImageObject\",\"inLanguage\":\"pt-BR\",\"@id\":\"https:\/\/rioonwatch.org.br\/#\/schema\/person\/image\/\",\"url\":\"https:\/\/secure.gravatar.com\/avatar\/56211ac74568383903349a1485e3c325?s=96&d=blank&r=g\",\"contentUrl\":\"https:\/\/secure.gravatar.com\/avatar\/56211ac74568383903349a1485e3c325?s=96&d=blank&r=g\",\"caption\":\"Admin\"},\"url\":\"https:\/\/rioonwatch.org.br\/?author=129\"}]}<\/script>\n<!-- \/ Yoast SEO plugin. -->","yoast_head_json":{"title":"\u201cX-Week\u201d no Studio-X Rio Debateu Escala Local vs. Grande nas Solu\u00e7\u00f5es para \u00c1gua e Esgoto - RioOnWatch","robots":{"index":"index","follow":"follow","max-snippet":"max-snippet:-1","max-image-preview":"max-image-preview:large","max-video-preview":"max-video-preview:-1"},"canonical":"https:\/\/rioonwatch.org.br\/?p=24924","og_locale":"pt_BR","og_type":"article","og_title":"\u201cX-Week\u201d no Studio-X Rio Debateu Escala Local vs. Grande nas Solu\u00e7\u00f5es para \u00c1gua e Esgoto - RioOnWatch","og_description":"Click Here for English De 9 a 14 de mar\u00e7o, o Studio-X Rio sediou a\u00a0x-Week\u00a0(Semana X) como parte das comemora\u00e7\u00f5es do seu sexto anivers\u00e1rio. Organizada em parceria com o\u00a0Columbia Global Centers\u00a0(Centros Global Columbia)&#8211;que comemora o [...]","og_url":"https:\/\/rioonwatch.org.br\/?p=24924","og_site_name":"RioOnWatch","article_published_time":"2017-03-23T13:10:55+00:00","article_modified_time":"2017-03-29T10:51:21+00:00","og_image":[{"width":2000,"height":1060,"url":"https:\/\/rioonwatch.org.br\/wp-content\/uploads\/2017\/03\/17310924_1375891739097612_174045008788052359_o-1.jpg","type":"image\/jpeg"}],"author":"Admin","twitter_card":"summary_large_image","twitter_misc":{"Escrito por":"Admin","Est. tempo de leitura":"5 minutos"},"schema":{"@context":"https:\/\/schema.org","@graph":[{"@type":"Article","@id":"https:\/\/rioonwatch.org.br\/?p=24924#article","isPartOf":{"@id":"https:\/\/rioonwatch.org.br\/?p=24924"},"author":{"name":"Admin","@id":"https:\/\/rioonwatch.org.br\/#\/schema\/person\/11d64c290506f9df50c71b850c473f68"},"headline":"\u201cX-Week\u201d no Studio-X Rio Debateu Escala Local vs. Grande nas Solu\u00e7\u00f5es para \u00c1gua e Esgoto","datePublished":"2017-03-23T13:10:55+00:00","dateModified":"2017-03-29T10:51:21+00:00","mainEntityOfPage":{"@id":"https:\/\/rioonwatch.org.br\/?p=24924"},"wordCount":1088,"publisher":{"@id":"https:\/\/rioonwatch.org.br\/#organization"},"image":{"@id":"https:\/\/rioonwatch.org.br\/?p=24924#primaryimage"},"thumbnailUrl":"https:\/\/rioonwatch.org.br\/wp-content\/uploads\/2017\/03\/17310924_1375891739097612_174045008788052359_o-1.jpg","keywords":["\u00e1gua","esgoto","exposi\u00e7\u00e3o","meio ambiente","mobiliza\u00e7\u00e3o","moradia","Morro da Formiga","Museu do Amanh\u00e3","qualidades da informalidade","saneamento","solu\u00e7\u00e3o comunit\u00e1ria","Studio X","sustentabilidade"],"articleSection":["Cobertura de Eventos","Dados e Pesquisa","Escrito por Aliados","Qualidades da Favela","Solu\u00e7\u00f5es","Sustentabilidade"],"inLanguage":"pt-BR"},{"@type":"WebPage","@id":"https:\/\/rioonwatch.org.br\/?p=24924","url":"https:\/\/rioonwatch.org.br\/?p=24924","name":"\u201cX-Week\u201d no Studio-X Rio Debateu Escala Local vs. Grande nas Solu\u00e7\u00f5es para \u00c1gua e Esgoto - RioOnWatch","isPartOf":{"@id":"https:\/\/rioonwatch.org.br\/#website"},"primaryImageOfPage":{"@id":"https:\/\/rioonwatch.org.br\/?p=24924#primaryimage"},"image":{"@id":"https:\/\/rioonwatch.org.br\/?p=24924#primaryimage"},"thumbnailUrl":"https:\/\/rioonwatch.org.br\/wp-content\/uploads\/2017\/03\/17310924_1375891739097612_174045008788052359_o-1.jpg","datePublished":"2017-03-23T13:10:55+00:00","dateModified":"2017-03-29T10:51:21+00:00","breadcrumb":{"@id":"https:\/\/rioonwatch.org.br\/?p=24924#breadcrumb"},"inLanguage":"pt-BR","potentialAction":[{"@type":"ReadAction","target":["https:\/\/rioonwatch.org.br\/?p=24924"]}]},{"@type":"ImageObject","inLanguage":"pt-BR","@id":"https:\/\/rioonwatch.org.br\/?p=24924#primaryimage","url":"https:\/\/rioonwatch.org.br\/wp-content\/uploads\/2017\/03\/17310924_1375891739097612_174045008788052359_o-1.jpg","contentUrl":"https:\/\/rioonwatch.org.br\/wp-content\/uploads\/2017\/03\/17310924_1375891739097612_174045008788052359_o-1.jpg","width":2000,"height":1060},{"@type":"BreadcrumbList","@id":"https:\/\/rioonwatch.org.br\/?p=24924#breadcrumb","itemListElement":[{"@type":"ListItem","position":1,"name":"In\u00edcio","item":"https:\/\/rioonwatch.org.br\/"},{"@type":"ListItem","position":2,"name":"\u201cX-Week\u201d no Studio-X Rio Debateu Escala Local vs. Grande nas Solu\u00e7\u00f5es para \u00c1gua e Esgoto"}]},{"@type":"WebSite","@id":"https:\/\/rioonwatch.org.br\/#website","url":"https:\/\/rioonwatch.org.br\/","name":"RioOnWatch","description":"relatos das favelas cariocas","publisher":{"@id":"https:\/\/rioonwatch.org.br\/#organization"},"potentialAction":[{"@type":"SearchAction","target":{"@type":"EntryPoint","urlTemplate":"https:\/\/rioonwatch.org.br\/?s={search_term_string}"},"query-input":{"@type":"PropertyValueSpecification","valueRequired":true,"valueName":"search_term_string"}}],"inLanguage":"pt-BR"},{"@type":"Organization","@id":"https:\/\/rioonwatch.org.br\/#organization","name":"RioOnWatch","url":"https:\/\/rioonwatch.org.br\/","logo":{"@type":"ImageObject","inLanguage":"pt-BR","@id":"https:\/\/rioonwatch.org.br\/#\/schema\/logo\/image\/","url":"https:\/\/rioonwatch.org.br\/wp-content\/uploads\/2021\/06\/RioOnWatchcabecalhoPT11anos-2.png","contentUrl":"https:\/\/rioonwatch.org.br\/wp-content\/uploads\/2021\/06\/RioOnWatchcabecalhoPT11anos-2.png","width":779,"height":277,"caption":"RioOnWatch"},"image":{"@id":"https:\/\/rioonwatch.org.br\/#\/schema\/logo\/image\/"}},{"@type":"Person","@id":"https:\/\/rioonwatch.org.br\/#\/schema\/person\/11d64c290506f9df50c71b850c473f68","name":"Admin","image":{"@type":"ImageObject","inLanguage":"pt-BR","@id":"https:\/\/rioonwatch.org.br\/#\/schema\/person\/image\/","url":"https:\/\/secure.gravatar.com\/avatar\/56211ac74568383903349a1485e3c325?s=96&d=blank&r=g","contentUrl":"https:\/\/secure.gravatar.com\/avatar\/56211ac74568383903349a1485e3c325?s=96&d=blank&r=g","caption":"Admin"},"url":"https:\/\/rioonwatch.org.br\/?author=129"}]}},"_links":{"self":[{"href":"https:\/\/rioonwatch.org.br\/index.php?rest_route=\/wp\/v2\/posts\/24924"}],"collection":[{"href":"https:\/\/rioonwatch.org.br\/index.php?rest_route=\/wp\/v2\/posts"}],"about":[{"href":"https:\/\/rioonwatch.org.br\/index.php?rest_route=\/wp\/v2\/types\/post"}],"author":[{"embeddable":true,"href":"https:\/\/rioonwatch.org.br\/index.php?rest_route=\/wp\/v2\/users\/129"}],"replies":[{"embeddable":true,"href":"https:\/\/rioonwatch.org.br\/index.php?rest_route=%2Fwp%2Fv2%2Fcomments&post=24924"}],"version-history":[{"count":18,"href":"https:\/\/rioonwatch.org.br\/index.php?rest_route=\/wp\/v2\/posts\/24924\/revisions"}],"predecessor-version":[{"id":24962,"href":"https:\/\/rioonwatch.org.br\/index.php?rest_route=\/wp\/v2\/posts\/24924\/revisions\/24962"}],"wp:featuredmedia":[{"embeddable":true,"href":"https:\/\/rioonwatch.org.br\/index.php?rest_route=\/wp\/v2\/media\/24927"}],"wp:attachment":[{"href":"https:\/\/rioonwatch.org.br\/index.php?rest_route=%2Fwp%2Fv2%2Fmedia&parent=24924"}],"wp:term":[{"taxonomy":"category","embeddable":true,"href":"https:\/\/rioonwatch.org.br\/index.php?rest_route=%2Fwp%2Fv2%2Fcategories&post=24924"},{"taxonomy":"post_tag","embeddable":true,"href":"https:\/\/rioonwatch.org.br\/index.php?rest_route=%2Fwp%2Fv2%2Ftags&post=24924"},{"taxonomy":"writer","embeddable":true,"href":"https:\/\/rioonwatch.org.br\/index.php?rest_route=%2Fwp%2Fv2%2Fwriter&post=24924"},{"taxonomy":"translator","embeddable":true,"href":"https:\/\/rioonwatch.org.br\/index.php?rest_route=%2Fwp%2Fv2%2Ftranslator&post=24924"},{"taxonomy":"source","embeddable":true,"href":"https:\/\/rioonwatch.org.br\/index.php?rest_route=%2Fwp%2Fv2%2Fsource&post=24924"},{"taxonomy":"ilustrador","embeddable":true,"href":"https:\/\/rioonwatch.org.br\/index.php?rest_route=%2Fwp%2Fv2%2Filustrador&post=24924"},{"taxonomy":"fotografo","embeddable":true,"href":"https:\/\/rioonwatch.org.br\/index.php?rest_route=%2Fwp%2Fv2%2Ffotografo&post=24924"}],"curies":[{"name":"wp","href":"https:\/\/api.w.org\/{rel}","templated":true}]}}