{"id":25029,"date":"2017-03-29T07:50:38","date_gmt":"2017-03-29T10:50:38","guid":{"rendered":"http:\/\/rioonwatch.org.br\/?p=25029"},"modified":"2017-03-31T07:52:21","modified_gmt":"2017-03-31T10:52:21","slug":"comunidade-vila-hipica-no-alto-da-boa-vista-protesta-remocao-mascarada-por-corte-de-eletricidade","status":"publish","type":"post","link":"https:\/\/rioonwatch.org.br\/?p=25029","title":{"rendered":"Vila H\u00edpica no Alto da Boa Vista Protesta Remo\u00e7\u00e3o &#8216;Mascarada&#8217; por Corte de Eletricidade"},"content":{"rendered":"<p style=\"text-align: right;\"><em><strong><a href=\"http:\/\/bit.ly\/2o0LJI0\" target=\"_blank\">Click Here for English<img decoding=\"async\" width=\"20\" height=\"20\" class=\"alignright wp-image-15790\" src=\"http:\/\/rioonwatch.org.br\/wp-content\/uploads\/2012\/08\/EN-standard-e1439583104716.jpg\" alt=\"\" \/><\/a><\/strong><\/em><\/p>\n<p><span id=\"result_box\" lang=\"pt\">Um grupo en\u00e9rgico reuniu-se no s\u00e1bado, 25 de mar\u00e7o, para mostrar apoio \u00e0 comunidade da <a href=\"http:\/\/bit.ly\/2numSZV\" target=\"_blank\">Vila H\u00edpica<\/a>, situada no Parque Nacional da Tijuca, no <a href=\"http:\/\/bit.ly\/2nysjZt\" target=\"_blank\">Alto da Boa Vista<\/a>. Tr\u00eas anos atr\u00e1s, a administra\u00e7\u00e3o do Parque decidiu <a href=\"http:\/\/bit.ly\/2eeosfs\" target=\"_blank\">cortar o acesso da comunidade \u00e0 rede el\u00e9trica<\/a>, deixando os moradores sem energia. De acordo com duas\u00a0moradoras da H\u00edpica, Lucy da Cantara e Maria Teruz, cada fam\u00edlia da comunidade costumava pagar R$90 por m\u00eas quando o Parque lhes\u00a0enviada as contas de luz, mas h\u00e1 tr\u00eas anos, o Parque parou de enviar\u00a0as contas\u00a0e logo depois a energia el\u00e9trica foi cortada. A administra\u00e7\u00e3o afirma que a energia foi cortada a fim de melhorar a\u00a0rede el\u00e9trica, mas os\u00a0moradores notaram que outros, incluindo o com\u00e9rcio local, mant\u00eam o acesso \u00e0 rede el\u00e9trica,\u00a0enquanto\u00a0os moradores da comunidade foram\u00a0<a href=\"http:\/\/bit.ly\/2eeosfs\" target=\"_blank\">deixados na escurid\u00e3o<\/a>. Os apoiadores est\u00e3o convencidos de que as a\u00e7\u00f5es do Parque s\u00e3o uma <a href=\"http:\/\/bit.ly\/1ypI59S\" target=\"_blank\">maneira indireta de tentar for\u00e7ar os moradores<\/a> a deixarem suas casas.<\/span><\/p>\n<p><span id=\"result_box\" lang=\"pt\">Embora os moradores da H\u00edpica tenham se reunido nos \u00faltimos tr\u00eas anos para\u00a0elaborarem ideias sobre como resistir melhor a essa\u00a0<a href=\"http:\/\/bit.ly\/1ypI59S\" target=\"_blank\">remo\u00e7\u00e3o passiva<\/a>, s\u00e1bado marcou a primeira manifesta\u00e7\u00e3o p\u00fablica para chamar aten\u00e7\u00e3o para o problema. De acordo com <a href=\"http:\/\/bit.ly\/2nKccIF\" target=\"_blank\">Ot\u00e1vio Alves Barros<\/a>, presidente da Associa\u00e7\u00e3o de Moradores e Amigos do Alto da Boa Vista&#8211;bem como l\u00edder de sua pr\u00f3pria comunidade, o\u00a0<a href=\"http:\/\/bit.ly\/1qm7REb\" target=\"_blank\">Vale Encantado<\/a>,\u00a0uma eco-favela localizada perto da H\u00edpica&#8211;a rela\u00e7\u00e3o entre a H\u00edpica e\u00a0o Parque Nacional da Floresta Tijuca\u00a0sempre foi\u00a0tensa desde o in\u00edcio da sua hist\u00f3ria.<\/span><\/p>\n<p><a href=\"http:\/\/www.rioonwatch.org\/wp-content\/uploads\/2017\/03\/Hipica_Rally.jpg\"><img fetchpriority=\"high\" decoding=\"async\" class=\"aligncenter size-content wp-image-25041\" src=\"http:\/\/rioonwatch.org.br\/wp-content\/uploads\/2017\/03\/Hipica_Rally-620x264.jpg\" alt=\"\" width=\"620\" height=\"264\" srcset=\"https:\/\/rioonwatch.org.br\/wp-content\/uploads\/2017\/03\/Hipica_Rally-620x264.jpg 620w, https:\/\/rioonwatch.org.br\/wp-content\/uploads\/2017\/03\/Hipica_Rally-940x400.jpg 940w\" sizes=\"(max-width: 620px) 100vw, 620px\" \/><\/a><\/p>\n<p>A H\u00edpica foi fundada na d\u00e9cada de 1940 por funcion\u00e1rios da Sociedade H\u00edpica Brasileira, com sede no Alto da Boa Vista. Depois que a Sociedade H\u00edpica\u00a0deixou a \u00e1rea em 1984, ex-trabalhadores permaneceram em suas casas e continuaram a construir sua comunidade.<\/p>\n<p>Apoiadores, incluindo representantes de outras favelas que enfrentam ou sofreram remo\u00e7\u00f5es, como <a href=\"http:\/\/bit.ly\/11b2TzL\" target=\"_blank\">Horto<\/a> e <a href=\"http:\/\/bit.ly\/Nfddvg\" target=\"_blank\">Vila Aut\u00f3dromo<\/a>, assim como membros da C\u00e2mara dos Vereadores,\u00a0se reuniram para aprender\u00a0sobre as lutas da H\u00edpica e oferecer solidariedade. Moradores do Horto falaram sobre o estado atual de sua comunidade, que \u00e9 localizada em terras administradas pelo Instituto Jardim Bot\u00e2nico. Eles observaram que, como a H\u00edpica, os moradores do Horto tamb\u00e9m foram tratados como invasores e t\u00eam sido afetados negativamente por <a href=\"http:\/\/bit.ly\/P4itK0\" target=\"_blank\">estere\u00f3tipos<\/a> atribu\u00eddos as favelas como locais criminosos. Sandra Maria, da Vila Aut\u00f3dromo, falou sobre como a modesta multid\u00e3o representava as muitas pessoas em favelas que est\u00e3o enfrentando remo\u00e7\u00f5es ou j\u00e1 foram retiradas de suas casas e afirmou que a manuten\u00e7\u00e3o do Parque Nacional da Floresta da Tijuca se d\u00e1 gra\u00e7as a comunidades como a H\u00edpica que se encarregaram de cuidar do meio ambiente.<\/p>\n<p><a href=\"http:\/\/www.rioonwatch.org\/wp-content\/uploads\/2017\/03\/Hipica_Banner_Horto.jpg\"><img decoding=\"async\" class=\"aligncenter wp-image-35624 size-content\" src=\"http:\/\/www.rioonwatch.org\/wp-content\/uploads\/2017\/03\/Hipica_Banner_Horto-620x264.jpg\" alt=\"\" width=\"620\" height=\"264\" \/><\/a><\/p>\n<p>Um tema reiterado por v\u00e1rios oradores durante a manifesta\u00e7\u00e3o foi a import\u00e2ncia de aumentar a conscientiza\u00e7\u00e3o sobre a nega\u00e7\u00e3o de eletricidade \u00e0 H\u00edpica. Ot\u00e1vio, encarregado de supervisionar oito pequenas favelas dentro do Alto da Boa Vista, est\u00e1 consciente da dif\u00edcil batalha que enfrenta a Vila H\u00edpica. Para ele, o primeiro objetivo \u00e9 restaurar a eletricidade para a comunidade, mas ele acrescentou que se H\u00edpica for for\u00e7ada a sair, deve ser garantida uma moradia digna.<\/p>\n<p>Para ajudar a divulgar a quest\u00e3o, a H\u00edpica planeja realizar reuni\u00f5es semanais de organiza\u00e7\u00e3o, a partir de 11 de abril, que estar\u00e3o abertas ao p\u00fablico.<\/p>\n<!-- AddThis Advanced Settings generic via filter on the_content --><!-- AddThis Share Buttons generic via filter on the_content -->","protected":false},"excerpt":{"rendered":"<div class=\"mh-excerpt\"><p>Click Here for English Um grupo en\u00e9rgico reuniu-se no s\u00e1bado, 25 de mar\u00e7o, para mostrar apoio \u00e0 comunidade da Vila H\u00edpica, situada no Parque Nacional da Tijuca, no Alto da Boa Vista. Tr\u00eas anos atr\u00e1s, <a class=\"mh-excerpt-more\" href=\"https:\/\/rioonwatch.org.br\/?p=25029\" title=\"Vila H\u00edpica no Alto da Boa Vista Protesta Remo\u00e7\u00e3o &#8216;Mascarada&#8217; por Corte de Eletricidade\">[&#8230;]<\/a><!-- AddThis Advanced Settings generic via filter on get_the_excerpt --><!-- AddThis Share Buttons generic via filter on get_the_excerpt --><\/p>\n<\/div>","protected":false},"author":129,"featured_media":25031,"comment_status":"closed","ping_status":"closed","sticky":false,"template":"","format":"standard","meta":{"_acf_changed":false,"_monsterinsights_skip_tracking":false,"_monsterinsights_sitenote_active":false,"_monsterinsights_sitenote_note":"","_monsterinsights_sitenote_category":0,"footnotes":""},"categories":[1614,1621,1627,346,1626,1388,1616,1612],"tags":[1506,424,88,735,733,635,1037,358,14,432,1394,820,55,2107],"writer":[2095],"translator":[273],"source":[],"ilustrador":[],"fotografo":[],"class_list":{"0":"post-25029","1":"post","2":"type-post","3":"status-publish","4":"format-standard","5":"has-post-thumbnail","7":"category-olhonasremocoes","8":"category-destaque","9":"category-relato-de-evento","10":"category-denuncias","11":"category-por-observadores-internacionais","12":"category-formas-de-apoiar","13":"category-qualidades-da-favela","14":"category-sociedade-civil","15":"tag-alto-da-boa-vista","16":"tag-direito-a-moradia","17":"tag-direitos-humanos","18":"tag-floresta-da-tijuca","19":"tag-horto","20":"tag-light","21":"tag-moradia","22":"tag-organizacao-comunitaria","23":"tag-remocao","24":"tag-resistencia","25":"tag-taticas-de-remocao-corte-de-servicos","26":"tag-vale-encantado","27":"tag-vila-autodromo","28":"tag-vila-hipica","29":"writer-jennifer-chisholm","30":"translator-roseli-franco"},"acf":[],"yoast_head":"<!-- This site is optimized with the Yoast SEO plugin v25.6 - https:\/\/yoast.com\/wordpress\/plugins\/seo\/ -->\n<title>Vila H\u00edpica no Alto da Boa Vista Protesta Remo\u00e7\u00e3o &#039;Mascarada&#039; por Corte de Eletricidade - RioOnWatch<\/title>\n<meta name=\"robots\" content=\"index, follow, max-snippet:-1, max-image-preview:large, max-video-preview:-1\" \/>\n<link rel=\"canonical\" href=\"https:\/\/rioonwatch.org.br\/?p=25029\" \/>\n<meta property=\"og:locale\" content=\"pt_BR\" \/>\n<meta property=\"og:type\" content=\"article\" \/>\n<meta property=\"og:title\" content=\"Vila H\u00edpica no Alto da Boa Vista Protesta Remo\u00e7\u00e3o &#039;Mascarada&#039; por Corte de Eletricidade - RioOnWatch\" \/>\n<meta property=\"og:description\" content=\"Click Here for English Um grupo en\u00e9rgico reuniu-se no s\u00e1bado, 25 de mar\u00e7o, para mostrar apoio \u00e0 comunidade da Vila H\u00edpica, situada no Parque Nacional da Tijuca, no Alto da Boa Vista. Tr\u00eas anos atr\u00e1s, [...]\" \/>\n<meta property=\"og:url\" content=\"https:\/\/rioonwatch.org.br\/?p=25029\" \/>\n<meta property=\"og:site_name\" content=\"RioOnWatch\" \/>\n<meta property=\"article:published_time\" content=\"2017-03-29T10:50:38+00:00\" \/>\n<meta property=\"article:modified_time\" content=\"2017-03-31T10:52:21+00:00\" \/>\n<meta property=\"og:image\" content=\"https:\/\/rioonwatch.org.br\/wp-content\/uploads\/2017\/03\/Hipica_Banner-1258x629.jpg\" \/>\n\t<meta property=\"og:image:width\" content=\"1258\" \/>\n\t<meta property=\"og:image:height\" content=\"629\" \/>\n\t<meta property=\"og:image:type\" content=\"image\/jpeg\" \/>\n<meta name=\"author\" content=\"Admin\" \/>\n<meta name=\"twitter:card\" content=\"summary_large_image\" \/>\n<meta name=\"twitter:label1\" content=\"Escrito por\" \/>\n\t<meta name=\"twitter:data1\" content=\"Admin\" \/>\n\t<meta name=\"twitter:label2\" content=\"Est. tempo de leitura\" \/>\n\t<meta name=\"twitter:data2\" content=\"3 minutos\" \/>\n<script type=\"application\/ld+json\" class=\"yoast-schema-graph\">{\"@context\":\"https:\/\/schema.org\",\"@graph\":[{\"@type\":\"Article\",\"@id\":\"https:\/\/rioonwatch.org.br\/?p=25029#article\",\"isPartOf\":{\"@id\":\"https:\/\/rioonwatch.org.br\/?p=25029\"},\"author\":{\"name\":\"Admin\",\"@id\":\"https:\/\/rioonwatch.org.br\/#\/schema\/person\/11d64c290506f9df50c71b850c473f68\"},\"headline\":\"Vila H\u00edpica no Alto da Boa Vista Protesta Remo\u00e7\u00e3o &#8216;Mascarada&#8217; por Corte de Eletricidade\",\"datePublished\":\"2017-03-29T10:50:38+00:00\",\"dateModified\":\"2017-03-31T10:52:21+00:00\",\"mainEntityOfPage\":{\"@id\":\"https:\/\/rioonwatch.org.br\/?p=25029\"},\"wordCount\":619,\"publisher\":{\"@id\":\"https:\/\/rioonwatch.org.br\/#organization\"},\"image\":{\"@id\":\"https:\/\/rioonwatch.org.br\/?p=25029#primaryimage\"},\"thumbnailUrl\":\"https:\/\/rioonwatch.org.br\/wp-content\/uploads\/2017\/03\/Hipica_Banner.jpg\",\"keywords\":[\"Alto da Boa Vista\",\"Direito \u00e0 Moradia\",\"Direitos Humanos\",\"Floresta da Tijuca\",\"Horto\",\"Light\",\"moradia\",\"organiza\u00e7\u00e3o comunit\u00e1ria\",\"Remo\u00e7\u00e3o\",\"resist\u00eancia\",\"T\u00e1ticas de remo\u00e7\u00e3o: corte de servi\u00e7os\",\"Vale Encantado\",\"Vila Aut\u00f3dromo\",\"Vila H\u00edpica\"],\"articleSection\":[\"#OlhoNasRemo\u00e7\u00f5es\",\"*Destaque\",\"Cobertura de Eventos\",\"Den\u00fancias\",\"Escrito por Aliados\",\"Formas de Apoiar\",\"Qualidades da Favela\",\"Sociedade Civil\"],\"inLanguage\":\"pt-BR\"},{\"@type\":\"WebPage\",\"@id\":\"https:\/\/rioonwatch.org.br\/?p=25029\",\"url\":\"https:\/\/rioonwatch.org.br\/?p=25029\",\"name\":\"Vila H\u00edpica no Alto da Boa Vista Protesta Remo\u00e7\u00e3o 'Mascarada' por Corte de Eletricidade - RioOnWatch\",\"isPartOf\":{\"@id\":\"https:\/\/rioonwatch.org.br\/#website\"},\"primaryImageOfPage\":{\"@id\":\"https:\/\/rioonwatch.org.br\/?p=25029#primaryimage\"},\"image\":{\"@id\":\"https:\/\/rioonwatch.org.br\/?p=25029#primaryimage\"},\"thumbnailUrl\":\"https:\/\/rioonwatch.org.br\/wp-content\/uploads\/2017\/03\/Hipica_Banner.jpg\",\"datePublished\":\"2017-03-29T10:50:38+00:00\",\"dateModified\":\"2017-03-31T10:52:21+00:00\",\"breadcrumb\":{\"@id\":\"https:\/\/rioonwatch.org.br\/?p=25029#breadcrumb\"},\"inLanguage\":\"pt-BR\",\"potentialAction\":[{\"@type\":\"ReadAction\",\"target\":[\"https:\/\/rioonwatch.org.br\/?p=25029\"]}]},{\"@type\":\"ImageObject\",\"inLanguage\":\"pt-BR\",\"@id\":\"https:\/\/rioonwatch.org.br\/?p=25029#primaryimage\",\"url\":\"https:\/\/rioonwatch.org.br\/wp-content\/uploads\/2017\/03\/Hipica_Banner.jpg\",\"contentUrl\":\"https:\/\/rioonwatch.org.br\/wp-content\/uploads\/2017\/03\/Hipica_Banner.jpg\",\"width\":2000,\"height\":1000},{\"@type\":\"BreadcrumbList\",\"@id\":\"https:\/\/rioonwatch.org.br\/?p=25029#breadcrumb\",\"itemListElement\":[{\"@type\":\"ListItem\",\"position\":1,\"name\":\"In\u00edcio\",\"item\":\"https:\/\/rioonwatch.org.br\/\"},{\"@type\":\"ListItem\",\"position\":2,\"name\":\"Vila H\u00edpica no Alto da Boa Vista Protesta Remo\u00e7\u00e3o &#8216;Mascarada&#8217; por Corte de Eletricidade\"}]},{\"@type\":\"WebSite\",\"@id\":\"https:\/\/rioonwatch.org.br\/#website\",\"url\":\"https:\/\/rioonwatch.org.br\/\",\"name\":\"RioOnWatch\",\"description\":\"relatos das favelas cariocas\",\"publisher\":{\"@id\":\"https:\/\/rioonwatch.org.br\/#organization\"},\"potentialAction\":[{\"@type\":\"SearchAction\",\"target\":{\"@type\":\"EntryPoint\",\"urlTemplate\":\"https:\/\/rioonwatch.org.br\/?s={search_term_string}\"},\"query-input\":{\"@type\":\"PropertyValueSpecification\",\"valueRequired\":true,\"valueName\":\"search_term_string\"}}],\"inLanguage\":\"pt-BR\"},{\"@type\":\"Organization\",\"@id\":\"https:\/\/rioonwatch.org.br\/#organization\",\"name\":\"RioOnWatch\",\"url\":\"https:\/\/rioonwatch.org.br\/\",\"logo\":{\"@type\":\"ImageObject\",\"inLanguage\":\"pt-BR\",\"@id\":\"https:\/\/rioonwatch.org.br\/#\/schema\/logo\/image\/\",\"url\":\"https:\/\/rioonwatch.org.br\/wp-content\/uploads\/2021\/06\/RioOnWatchcabecalhoPT11anos-2.png\",\"contentUrl\":\"https:\/\/rioonwatch.org.br\/wp-content\/uploads\/2021\/06\/RioOnWatchcabecalhoPT11anos-2.png\",\"width\":779,\"height\":277,\"caption\":\"RioOnWatch\"},\"image\":{\"@id\":\"https:\/\/rioonwatch.org.br\/#\/schema\/logo\/image\/\"}},{\"@type\":\"Person\",\"@id\":\"https:\/\/rioonwatch.org.br\/#\/schema\/person\/11d64c290506f9df50c71b850c473f68\",\"name\":\"Admin\",\"image\":{\"@type\":\"ImageObject\",\"inLanguage\":\"pt-BR\",\"@id\":\"https:\/\/rioonwatch.org.br\/#\/schema\/person\/image\/\",\"url\":\"https:\/\/secure.gravatar.com\/avatar\/56211ac74568383903349a1485e3c325?s=96&d=blank&r=g\",\"contentUrl\":\"https:\/\/secure.gravatar.com\/avatar\/56211ac74568383903349a1485e3c325?s=96&d=blank&r=g\",\"caption\":\"Admin\"},\"url\":\"https:\/\/rioonwatch.org.br\/?author=129\"}]}<\/script>\n<!-- \/ Yoast SEO plugin. -->","yoast_head_json":{"title":"Vila H\u00edpica no Alto da Boa Vista Protesta Remo\u00e7\u00e3o 'Mascarada' por Corte de Eletricidade - RioOnWatch","robots":{"index":"index","follow":"follow","max-snippet":"max-snippet:-1","max-image-preview":"max-image-preview:large","max-video-preview":"max-video-preview:-1"},"canonical":"https:\/\/rioonwatch.org.br\/?p=25029","og_locale":"pt_BR","og_type":"article","og_title":"Vila H\u00edpica no Alto da Boa Vista Protesta Remo\u00e7\u00e3o 'Mascarada' por Corte de Eletricidade - RioOnWatch","og_description":"Click Here for English Um grupo en\u00e9rgico reuniu-se no s\u00e1bado, 25 de mar\u00e7o, para mostrar apoio \u00e0 comunidade da Vila H\u00edpica, situada no Parque Nacional da Tijuca, no Alto da Boa Vista. Tr\u00eas anos atr\u00e1s, [...]","og_url":"https:\/\/rioonwatch.org.br\/?p=25029","og_site_name":"RioOnWatch","article_published_time":"2017-03-29T10:50:38+00:00","article_modified_time":"2017-03-31T10:52:21+00:00","og_image":[{"width":1258,"height":629,"url":"https:\/\/rioonwatch.org.br\/wp-content\/uploads\/2017\/03\/Hipica_Banner-1258x629.jpg","type":"image\/jpeg"}],"author":"Admin","twitter_card":"summary_large_image","twitter_misc":{"Escrito por":"Admin","Est. tempo de leitura":"3 minutos"},"schema":{"@context":"https:\/\/schema.org","@graph":[{"@type":"Article","@id":"https:\/\/rioonwatch.org.br\/?p=25029#article","isPartOf":{"@id":"https:\/\/rioonwatch.org.br\/?p=25029"},"author":{"name":"Admin","@id":"https:\/\/rioonwatch.org.br\/#\/schema\/person\/11d64c290506f9df50c71b850c473f68"},"headline":"Vila H\u00edpica no Alto da Boa Vista Protesta Remo\u00e7\u00e3o &#8216;Mascarada&#8217; por Corte de Eletricidade","datePublished":"2017-03-29T10:50:38+00:00","dateModified":"2017-03-31T10:52:21+00:00","mainEntityOfPage":{"@id":"https:\/\/rioonwatch.org.br\/?p=25029"},"wordCount":619,"publisher":{"@id":"https:\/\/rioonwatch.org.br\/#organization"},"image":{"@id":"https:\/\/rioonwatch.org.br\/?p=25029#primaryimage"},"thumbnailUrl":"https:\/\/rioonwatch.org.br\/wp-content\/uploads\/2017\/03\/Hipica_Banner.jpg","keywords":["Alto da Boa Vista","Direito \u00e0 Moradia","Direitos Humanos","Floresta da Tijuca","Horto","Light","moradia","organiza\u00e7\u00e3o comunit\u00e1ria","Remo\u00e7\u00e3o","resist\u00eancia","T\u00e1ticas de remo\u00e7\u00e3o: corte de servi\u00e7os","Vale Encantado","Vila Aut\u00f3dromo","Vila H\u00edpica"],"articleSection":["#OlhoNasRemo\u00e7\u00f5es","*Destaque","Cobertura de Eventos","Den\u00fancias","Escrito por Aliados","Formas de Apoiar","Qualidades da Favela","Sociedade Civil"],"inLanguage":"pt-BR"},{"@type":"WebPage","@id":"https:\/\/rioonwatch.org.br\/?p=25029","url":"https:\/\/rioonwatch.org.br\/?p=25029","name":"Vila H\u00edpica no Alto da Boa Vista Protesta Remo\u00e7\u00e3o 'Mascarada' por Corte de Eletricidade - RioOnWatch","isPartOf":{"@id":"https:\/\/rioonwatch.org.br\/#website"},"primaryImageOfPage":{"@id":"https:\/\/rioonwatch.org.br\/?p=25029#primaryimage"},"image":{"@id":"https:\/\/rioonwatch.org.br\/?p=25029#primaryimage"},"thumbnailUrl":"https:\/\/rioonwatch.org.br\/wp-content\/uploads\/2017\/03\/Hipica_Banner.jpg","datePublished":"2017-03-29T10:50:38+00:00","dateModified":"2017-03-31T10:52:21+00:00","breadcrumb":{"@id":"https:\/\/rioonwatch.org.br\/?p=25029#breadcrumb"},"inLanguage":"pt-BR","potentialAction":[{"@type":"ReadAction","target":["https:\/\/rioonwatch.org.br\/?p=25029"]}]},{"@type":"ImageObject","inLanguage":"pt-BR","@id":"https:\/\/rioonwatch.org.br\/?p=25029#primaryimage","url":"https:\/\/rioonwatch.org.br\/wp-content\/uploads\/2017\/03\/Hipica_Banner.jpg","contentUrl":"https:\/\/rioonwatch.org.br\/wp-content\/uploads\/2017\/03\/Hipica_Banner.jpg","width":2000,"height":1000},{"@type":"BreadcrumbList","@id":"https:\/\/rioonwatch.org.br\/?p=25029#breadcrumb","itemListElement":[{"@type":"ListItem","position":1,"name":"In\u00edcio","item":"https:\/\/rioonwatch.org.br\/"},{"@type":"ListItem","position":2,"name":"Vila H\u00edpica no Alto da Boa Vista Protesta Remo\u00e7\u00e3o &#8216;Mascarada&#8217; por Corte de Eletricidade"}]},{"@type":"WebSite","@id":"https:\/\/rioonwatch.org.br\/#website","url":"https:\/\/rioonwatch.org.br\/","name":"RioOnWatch","description":"relatos das favelas cariocas","publisher":{"@id":"https:\/\/rioonwatch.org.br\/#organization"},"potentialAction":[{"@type":"SearchAction","target":{"@type":"EntryPoint","urlTemplate":"https:\/\/rioonwatch.org.br\/?s={search_term_string}"},"query-input":{"@type":"PropertyValueSpecification","valueRequired":true,"valueName":"search_term_string"}}],"inLanguage":"pt-BR"},{"@type":"Organization","@id":"https:\/\/rioonwatch.org.br\/#organization","name":"RioOnWatch","url":"https:\/\/rioonwatch.org.br\/","logo":{"@type":"ImageObject","inLanguage":"pt-BR","@id":"https:\/\/rioonwatch.org.br\/#\/schema\/logo\/image\/","url":"https:\/\/rioonwatch.org.br\/wp-content\/uploads\/2021\/06\/RioOnWatchcabecalhoPT11anos-2.png","contentUrl":"https:\/\/rioonwatch.org.br\/wp-content\/uploads\/2021\/06\/RioOnWatchcabecalhoPT11anos-2.png","width":779,"height":277,"caption":"RioOnWatch"},"image":{"@id":"https:\/\/rioonwatch.org.br\/#\/schema\/logo\/image\/"}},{"@type":"Person","@id":"https:\/\/rioonwatch.org.br\/#\/schema\/person\/11d64c290506f9df50c71b850c473f68","name":"Admin","image":{"@type":"ImageObject","inLanguage":"pt-BR","@id":"https:\/\/rioonwatch.org.br\/#\/schema\/person\/image\/","url":"https:\/\/secure.gravatar.com\/avatar\/56211ac74568383903349a1485e3c325?s=96&d=blank&r=g","contentUrl":"https:\/\/secure.gravatar.com\/avatar\/56211ac74568383903349a1485e3c325?s=96&d=blank&r=g","caption":"Admin"},"url":"https:\/\/rioonwatch.org.br\/?author=129"}]}},"_links":{"self":[{"href":"https:\/\/rioonwatch.org.br\/index.php?rest_route=\/wp\/v2\/posts\/25029"}],"collection":[{"href":"https:\/\/rioonwatch.org.br\/index.php?rest_route=\/wp\/v2\/posts"}],"about":[{"href":"https:\/\/rioonwatch.org.br\/index.php?rest_route=\/wp\/v2\/types\/post"}],"author":[{"embeddable":true,"href":"https:\/\/rioonwatch.org.br\/index.php?rest_route=\/wp\/v2\/users\/129"}],"replies":[{"embeddable":true,"href":"https:\/\/rioonwatch.org.br\/index.php?rest_route=%2Fwp%2Fv2%2Fcomments&post=25029"}],"version-history":[{"count":15,"href":"https:\/\/rioonwatch.org.br\/index.php?rest_route=\/wp\/v2\/posts\/25029\/revisions"}],"predecessor-version":[{"id":25095,"href":"https:\/\/rioonwatch.org.br\/index.php?rest_route=\/wp\/v2\/posts\/25029\/revisions\/25095"}],"wp:featuredmedia":[{"embeddable":true,"href":"https:\/\/rioonwatch.org.br\/index.php?rest_route=\/wp\/v2\/media\/25031"}],"wp:attachment":[{"href":"https:\/\/rioonwatch.org.br\/index.php?rest_route=%2Fwp%2Fv2%2Fmedia&parent=25029"}],"wp:term":[{"taxonomy":"category","embeddable":true,"href":"https:\/\/rioonwatch.org.br\/index.php?rest_route=%2Fwp%2Fv2%2Fcategories&post=25029"},{"taxonomy":"post_tag","embeddable":true,"href":"https:\/\/rioonwatch.org.br\/index.php?rest_route=%2Fwp%2Fv2%2Ftags&post=25029"},{"taxonomy":"writer","embeddable":true,"href":"https:\/\/rioonwatch.org.br\/index.php?rest_route=%2Fwp%2Fv2%2Fwriter&post=25029"},{"taxonomy":"translator","embeddable":true,"href":"https:\/\/rioonwatch.org.br\/index.php?rest_route=%2Fwp%2Fv2%2Ftranslator&post=25029"},{"taxonomy":"source","embeddable":true,"href":"https:\/\/rioonwatch.org.br\/index.php?rest_route=%2Fwp%2Fv2%2Fsource&post=25029"},{"taxonomy":"ilustrador","embeddable":true,"href":"https:\/\/rioonwatch.org.br\/index.php?rest_route=%2Fwp%2Fv2%2Filustrador&post=25029"},{"taxonomy":"fotografo","embeddable":true,"href":"https:\/\/rioonwatch.org.br\/index.php?rest_route=%2Fwp%2Fv2%2Ffotografo&post=25029"}],"curies":[{"name":"wp","href":"https:\/\/api.w.org\/{rel}","templated":true}]}}