{"id":25052,"date":"2017-03-30T08:40:13","date_gmt":"2017-03-30T11:40:13","guid":{"rendered":"http:\/\/rioonwatch.org.br\/?p=25052"},"modified":"2024-05-24T12:40:38","modified_gmt":"2024-05-24T15:40:38","slug":"o-maior-cemiterio-de-escravos-das-americas-fechara-devido-ao-abandono-pelas-autoridades-do-rio","status":"publish","type":"post","link":"https:\/\/rioonwatch.org.br\/?p=25052","title":{"rendered":"Maior Cemit\u00e9rio de Escravos das Am\u00e9ricas Fechar\u00e1 Devido ao Abandono pelas Autoridades do Rio"},"content":{"rendered":"<p style=\"text-align: right;\"><em><strong><a href=\"http:\/\/bit.ly\/2nHyH12\" target=\"_blank\" rel=\"noopener\">Click Here for English<img decoding=\"async\" width=\"20\" height=\"20\" class=\"alignright wp-image-15790\" src=\"http:\/\/rioonwatch.org.br\/wp-content\/uploads\/2012\/08\/EN-standard-e1439583104716.jpg\" alt=\"\" \/><\/a><\/strong><\/em><\/p>\n<p><span style=\"font-weight: 400;\">Em 1996, Merced Guimar\u00e3es e seu marido Petrucio fizeram uma <\/span><a href=\"http:\/\/bit.ly\/1UpPqNs\" target=\"_blank\" rel=\"noopener\"><span style=\"font-weight: 400;\">descoberta assustadora no seu novo lar<\/span><\/a><span style=\"font-weight: 400;\"> durante um grande projeto de reforma: os trabalhadores, ao escavar o solo sob a sua casa no bairro da <\/span><a href=\"http:\/\/bit.ly\/qGN4i9\"><span style=\"font-weight: 400;\">Gamboa<\/span><\/a><span style=\"font-weight: 400;\"> na <\/span><a href=\"http:\/\/bit.ly\/1cVBDvL\" target=\"_blank\" rel=\"noopener\"><span style=\"font-weight: 400;\">Regi\u00e3o Portu\u00e1ria<\/span><\/a><span style=\"font-weight: 400;\"> do Rio de Janeiro, desenterraram ossos humanos. Ap\u00f3s chamar as autoridades, o que levou a uma investiga\u00e7\u00e3o do local, foi descoberto que esta <a href=\"http:\/\/bit.ly\/2nfaZWH\" target=\"_blank\" rel=\"noopener\">cena de crime<\/a> era na realidade o local de uma sepultura coletiva, o local do\u00a0at\u00e9 ent\u00e3o falado, por\u00e9m n\u00e3o-descoberto\u00a0<\/span><a href=\"http:\/\/bit.ly\/1DhHrsS\" target=\"_blank\" rel=\"noopener\"><span style=\"font-weight: 400;\">Cemit\u00e9rio dos\u00a0Pretos Novos<\/span><\/a><span style=\"font-weight: 400;\">. Foi aqui que dezenas de milhares de africanos capturados foram enterrados entre\u00a01791 e 1831. Com os corpos enfraquecidos durante a viagem de travessia do Atl\u00e2ntico, eles morreram\u00a0logo que chegaram \u00e0 costa do Brasil e eram descartados em valas comuns, sendo os seus restos periodicamente esmagados e queimados juntamente com o lixo.<\/span><\/p>\n<p><a href=\"http:\/\/rioonwatch.org.br\/wp-content\/uploads\/2017\/03\/982991.jpg\"><img fetchpriority=\"high\" decoding=\"async\" class=\"aligncenter wp-image-25057 size-medium\" title=\"Ossos desenterrados por arque\u00f3logos no Instituto Pretos Novos.\" src=\"http:\/\/rioonwatch.org.br\/wp-content\/uploads\/2017\/03\/982991-620x469.jpg\" alt=\"\" width=\"620\" height=\"469\" srcset=\"https:\/\/rioonwatch.org.br\/wp-content\/uploads\/2017\/03\/982991-620x469.jpg 620w, https:\/\/rioonwatch.org.br\/wp-content\/uploads\/2017\/03\/982991-349x264.jpg 349w, https:\/\/rioonwatch.org.br\/wp-content\/uploads\/2017\/03\/982991-768x581.jpg 768w, https:\/\/rioonwatch.org.br\/wp-content\/uploads\/2017\/03\/982991-1024x775.jpg 1024w, https:\/\/rioonwatch.org.br\/wp-content\/uploads\/2017\/03\/982991-174x131.jpg 174w, https:\/\/rioonwatch.org.br\/wp-content\/uploads\/2017\/03\/982991-70x53.jpg 70w, https:\/\/rioonwatch.org.br\/wp-content\/uploads\/2017\/03\/982991.jpg 1200w\" sizes=\"(max-width: 620px) 100vw, 620px\" \/><\/a><\/p>\n<p><span style=\"font-weight: 400;\">Esta exuma\u00e7\u00e3o inesperada de um passado horr\u00edvel marcou o in\u00edcio da obra da vida de Merced. Ap\u00f3s uma pesquisa arqueol\u00f3gica inicial, a prefeitura estava preparada para\u00a0<\/span><a href=\"http:\/\/bit.ly\/1zkioX8\" target=\"_blank\" rel=\"noopener\"><span style=\"font-weight: 400;\">cobrir o cemit\u00e9rio novamente<\/span><\/a><span style=\"font-weight: 400;\">. Merced poderia bem ter prosseguido com os seus planos de reforma e tudo seria esquecido novamente. Ao inv\u00e9s disso, ela resolveu que era o seu dever dedicar esse espa\u00e7o \u00e0 mem\u00f3ria das dezenas de milhares de vidas enterradas ali e \u00e0 <\/span><a href=\"http:\/\/bit.ly\/2gUSg3q\" target=\"_blank\" rel=\"noopener\"><span style=\"font-weight: 400;\">hist\u00f3ria da escravid\u00e3o na Regi\u00e3o Portu\u00e1ria do Rio<\/span><\/a><span style=\"font-weight: 400;\">. Ap\u00f3s uma luta de quase dez anos, ela conseguiu inaugurar o <\/span><a href=\"http:\/\/bit.ly\/2ot23xl\"><span style=\"font-weight: 400;\">Instituto de Pesquisa e Mem\u00f3ria Pretos Novos (IPN)<\/span><\/a><span style=\"font-weight: 400;\"> no dia 13 de maio de 2005. <a href=\"http:\/\/bit.ly\/2obXsmK\" target=\"_blank\" rel=\"noopener\">O Instituto<\/a> serve como museu, memorial e centro de pesquisas, explorando a hist\u00f3ria do cemit\u00e9rio e da Regi\u00e3o Portu\u00e1ria e comemora o patrim\u00f4nio negro do Rio. \u00c9 uma organiza\u00e7\u00e3o sem fins lucrativos e depende em grande parte do apoio de pequenos doadores individuais. \u00c9 a <\/span><a href=\"http:\/\/bit.ly\/2gF1ht7\"><span style=\"font-weight: 400;\">\u00fanica parada no Circuito da Heran\u00e7a Africana<\/span><\/a>\u00a0<span style=\"font-weight: 400;\">onde informa\u00e7\u00f5es hist\u00f3ricas detalhadas s\u00e3o trocadas e h\u00e1 pessoas regularmente dispon\u00edveis para responder \u00e0s perguntas e aprofundar a compreens\u00e3o da tr\u00e1gica e dram\u00e1tica <\/span><a href=\"http:\/\/bit.ly\/1S9AAtc\" target=\"_blank\" rel=\"noopener\"><span style=\"font-weight: 400;\">hist\u00f3ria do maior porto de escravos do mundo<\/span><\/a><span style=\"font-weight: 400;\">.<\/span><\/p>\n<p><span style=\"font-weight: 400;\">Este m\u00eas o Instituto tem feito a\u00a0campanha <\/span><a href=\"http:\/\/bit.ly\/2obXsmK\" target=\"_blank\" rel=\"noopener\"><span style=\"font-weight: 400;\">#IPNResiste<\/span><\/a><span style=\"font-weight: 400;\">, um desafio \u00e0 Prefeitura para retomar o fornecimento de recursos b\u00e1sicos que permitam ao IPN manter as suas portas abertas ao p\u00fablico e continuar com a sua pesquisa e programa\u00e7\u00e3o educacional. Em 2013, o IPN come\u00e7ou a receber algum apoio financeiro da <\/span><a href=\"http:\/\/bit.ly\/1MLiE7L\" target=\"_blank\" rel=\"noopener\"><span style=\"font-weight: 400;\">Companhia de Desenvolvimento Urbano da Regi\u00e3o do Porto do Rio de Janeiro (CDURP)<\/span><\/a><span style=\"font-weight: 400;\"> e da Concession\u00e1ria Porto Novo durante a implementa\u00e7\u00e3o do plano de desenvolvimento do porto da cidade, <\/span><span style=\"font-weight: 400;\">o <a href=\"http:\/\/bit.ly\/UR7rn7\" target=\"_blank\" rel=\"noopener\">Porto Maravilha<\/a><\/span><span style=\"font-weight: 400;\">. No entanto, o or\u00e7amento foi cortado em meados de\u00a02016 e n\u00e3o h\u00e1 promessa de que a Prefeitura ir\u00e1 retomar o seu apoio. Como Merced escreve em sua\u00a0<\/span><a href=\"http:\/\/bit.ly\/2mSafur\" target=\"_blank\" rel=\"noopener\"><span style=\"font-weight: 400;\">carta anunciando a campanha<\/span><\/a><span style=\"font-weight: 400;\">: &#8220;N\u00e3o podemos fechar este Instituto de Pesquisa e Mem\u00f3ria que h\u00e1 12 anos busca implementar a\u00e7\u00f5es de preserva\u00e7\u00e3o, pesquisa e dinamiza\u00e7\u00e3o da heran\u00e7a cultural africana e afro-brasileira, numa perspectiva diasp\u00f3rica, visando \u00e0 valoriza\u00e7\u00e3o da dignidade humana, a universalidade aos conhecimentos, a igualdade racial e religiosa e a constru\u00e7\u00e3o no presente das mem\u00f3rias soterradas no passado&#8221;. No momento o IPN est\u00e1 lutando at\u00e9 para comprar produtos b\u00e1sicos de limpeza e pagar suas contas de manuten\u00e7\u00e3o. Se a prefeitura n\u00e3o responder at\u00e9 o fim do m\u00eas, o IPN n\u00e3o ter\u00e1 outra escolha e ter\u00e1 que fechar as portas.<\/span><\/p>\n<p><span style=\"font-weight: 400;\">Merced e os apoiadores do Instituto s\u00e3o inflex\u00edveis ao declarar que o problema n\u00e3o \u00e9 falta de recursos p\u00fablicos, especialmente porque o requerimento m\u00ednimo para mant\u00ea-lo aberto \u00e9 de apenas R$6.000,00 mensais. Certamente, o pa\u00eds foi duramente atingido pela recente recess\u00e3o econ\u00f4mica, e a Prefeitura do Rio ainda est\u00e1 sendo afetada pela crise fiscal p\u00f3s-Ol\u00edmpica. No entanto, os custos dos projetos da Zona Portu\u00e1ria como o <\/span><span style=\"font-weight: 400;\"><a href=\"http:\/\/bit.ly\/2bSb27c\" target=\"_blank\" rel=\"noopener\">Museu do Amanh\u00e3<\/a>\u00a0<\/span><span style=\"font-weight: 400;\">(R$250 milh\u00f5es), o <\/span><span style=\"font-weight: 400;\"><a href=\"http:\/\/bit.ly\/1SI6aBP\">Museu de Arte do Rio<\/a>\u00a0<\/span><span style=\"font-weight: 400;\">(R$185 milh\u00f5es), o <\/span><a href=\"http:\/\/bit.ly\/2da5qH9\" target=\"_blank\" rel=\"noopener\"><span style=\"font-weight: 400;\">projeto Ve\u00edculo Leve Sobre Trilhos &#8211; VLT<\/span><\/a><span style=\"font-weight: 400;\"> (R$1,2 bilh\u00f5es), o <\/span><a href=\"http:\/\/bit.ly\/2nvKnDi\"><span style=\"font-weight: 400;\">novo aqu\u00e1rio<\/span><\/a><span style=\"font-weight: 400;\"> (R$100 milh\u00f5es), e o Boulevard Ol\u00edmpico, demonstram que onde h\u00e1 vontade pol\u00edtica e interesse empresarial, bastante dinheiro e muitos recursos ser\u00e3o usados. O Professor Carlos Eug\u00eanio apoia o IPN h\u00e1 muito tempo. No seu depoimento a seguir, <\/span><a href=\"http:\/\/bit.ly\/2nHDSOD\" target=\"_blank\" rel=\"noopener\"><span style=\"font-weight: 400;\">um dos muitos<\/span><\/a><span style=\"font-weight: 400;\"> para a campanha <\/span><a href=\"http:\/\/bit.ly\/2mLUNzX\" target=\"_blank\" rel=\"noopener\"><span style=\"font-weight: 400;\">#IPNResiste<\/span><\/a><span style=\"font-weight: 400;\">, ele proclama, &#8220;isso \u00e9 uma obriga\u00e7\u00e3o do Estado. O Estado tem os recursos e pode arcar. O IPN\u00a0n\u00e3o custa praticamente nada ao oner\u00e1rio p\u00fablico. \u00c9 escandaloso falar que n\u00e3o tem recursos&#8221;.<\/span><\/p>\n<p><iframe src=\"https:\/\/www.youtube.com\/embed\/n4SUm_gOJHc\" width=\"620\" height=\"349\" frameborder=\"0\" allowfullscreen=\"allowfullscreen\"><\/iframe><\/p>\n<p><span style=\"font-weight: 400;\">Estudos calculam que entre 20.000 e 30.000 corpos foram sepultados no Cemit\u00e9rio dos Pretos Novos. \u00c9 o maior cemit\u00e9rio conhecido de africanos capturados e escravizados nas Am\u00e9ricas. Al\u00e9m disso, o cemit\u00e9rio \u00e9 apenas um dos in\u00fameros marcos hist\u00f3ricos na Regi\u00e3o Portu\u00e1ria do Rio que revelam o papel da \u00e1rea como o maior porto de escravos do mundo. Dos cinco milh\u00f5es de africanos capturados e trazidos for\u00e7ados at\u00e9 as costas do Brasil, 2 milh\u00f5es chegaram no Rio de Janeiro, quase quatro vezes o n\u00famero total que chegou aos Estados Unidos.\u00a0<\/span><a href=\"http:\/\/bit.ly\/2mQly6I\" target=\"_blank\" rel=\"noopener\"><span style=\"font-weight: 400;\">Sadakne Baroudi<\/span><\/a><span style=\"font-weight: 400;\"> \u00e9 uma historiadora norte-americana baseada no Rio de Janeiro. A sua extensa pesquisa sobre a <a href=\"http:\/\/bit.ly\/29y4HuI\" target=\"_blank\" rel=\"noopener\">hist\u00f3ria da escravid\u00e3o no Rio de Janeiro<\/a> e em todo o Brasil est\u00e1 publicada no seu site <\/span><a href=\"http:\/\/bit.ly\/2g1Mskl\"><span style=\"font-weight: 400;\">Afro-Rio Walking Tour<\/span><\/a><span style=\"font-weight: 400;\">. Ela apoia o IPN h\u00e1 muito tempo e os <\/span><a href=\"http:\/\/bit.ly\/1G0pp5a\" target=\"_blank\" rel=\"noopener\"><span style=\"font-weight: 400;\">seus tours da Zona Portu\u00e1ria<\/span><\/a><span style=\"font-weight: 400;\"> trazem visitantes ao Instituto todo ano: &#8220;este [financiamento] \u00e9 uma obriga\u00e7\u00e3o do governo. Os custos operacionais do IPN s\u00e3o a menor das obriga\u00e7\u00f5es que temos para o que aconteceu nesta cidade. Foi o maior porto de escravos&#8230; <\/span><span style=\"font-weight: 400;\"><a href=\"http:\/\/bit.ly\/1TqohfM\" target=\"_blank\" rel=\"noopener\">Auschwitz tem uma p\u00e1gina de capta\u00e7\u00e3o solid\u00e1ria?<\/a>&#8220;<\/span><\/p>\n<p><span style=\"font-weight: 400;\">Por isso, o que a campanha #IPNResiste revela \u00e9 uma hist\u00f3ria e um contexto maior em jogo que se estende muito al\u00e9m de uma quest\u00e3o de falta de recursos governamentais. Embora o projeto do porto envolveu o desenvolvimento de um <\/span><a href=\"http:\/\/bit.ly\/1Nj0PfK\" target=\"_blank\" rel=\"noopener\"><span style=\"font-weight: 400;\">Circuito da Heran\u00e7a\u00a0Africana<\/span><\/a><span style=\"font-weight: 400;\">\u00a0e pretende ser a revitaliza\u00e7\u00e3o do ber\u00e7o do samba e da tradi\u00e7\u00e3o afro-brasileira, a realidade \u00e9 que resultou em <\/span><a href=\"http:\/\/bit.ly\/1p2voxl\" target=\"_blank\" rel=\"noopener\"><span style=\"font-weight: 400;\">despejos e remo\u00e7\u00f5es<\/span><\/a><span style=\"font-weight: 400;\">\u00a0de comunidades negras antigas, bem como a ocupa\u00e7\u00e3o policial da vizinha\u00a0<\/span><a href=\"http:\/\/bit.ly\/UBMUVJ\" target=\"_blank\" rel=\"noopener\"><span style=\"font-weight: 400;\">Provid\u00eancia<\/span><\/a><span style=\"font-weight: 400;\">, <\/span><span style=\"font-weight: 400;\">a\u00a0<\/span><a href=\"http:\/\/www.bit.ly\/WhatIsFavela\"><span style=\"font-weight: 400;\">primeira favela<\/span><\/a><span style=\"font-weight: 400;\">\u00a0do Brasil nascida dentro de\u00a0dez anos da aboli\u00e7\u00e3o,\u00a0<\/span><a href=\"http:\/\/bit.ly\/2cUojex\" target=\"_blank\" rel=\"noopener\"><span style=\"font-weight: 400;\">completando 120 este ano<\/span><\/a><span style=\"font-weight: 400;\">. A primeira linha de VLT \u00e9 aquela mais destinada\u00a0a turistas, ligando o Boulevard Ol\u00edmpico ao Centro da cidade, e foi completada a tempo para os Jogos. Ao contr\u00e1rio, as linhas que passam pelas \u00e1reas mais pobres da Gamboa que servir\u00e3o os moradores\u00a0<\/span><a href=\"http:\/\/bit.ly\/2gRYcpk\" target=\"_blank\" rel=\"noopener\"><span style=\"font-weight: 400;\">ainda est\u00e3o longe de ser completadas<\/span><\/a><span style=\"font-weight: 400;\">,<\/span><span style=\"font-weight: 400;\"> meses ap\u00f3s o encerramento dos Jogos. Locais de constru\u00e7\u00e3o abandonados t\u00eam prejudicado o com\u00e9rcio local, o que provou ser uma das v\u00e1rias press\u00f5es econ\u00f4micas que empurram os moradores negros para fora da &#8220;<\/span><span style=\"font-weight: 400;\"><a href=\"http:\/\/bit.ly\/29y4HuI\" target=\"_blank\" rel=\"noopener\">Pequena \u00c1frica<\/a>&#8220;<\/span><span style=\"font-weight: 400;\">\u00a0do Rio. As linhas de VLT agora passam pela rua estreita onde o IPN \u00e9 situado, e est\u00e3o a apenas alguns metros do inv\u00f3lucro de vidro no ch\u00e3o do museu que revela os ossos do cemit\u00e9rio. Como no passado, a ironia hoje \u00e9 que as obras do Rio dependem tanto da m\u00e3o de obra negra como do <\/span><a href=\"http:\/\/bit.ly\/1zkioX8\" target=\"_blank\" rel=\"noopener\"><span style=\"font-weight: 400;\">deslocamento e erradica\u00e7\u00e3o dos negros<\/span><\/a><span style=\"font-weight: 400;\">. &#8220;Onde os negros conseguem trabalhar <\/span><a href=\"http:\/\/bit.ly\/2ahWez3\" target=\"_blank\" rel=\"noopener\"><span style=\"font-weight: 400;\">e morar<\/span><\/a><span style=\"font-weight: 400;\"> no Rio de Janeiro?&#8221; Sadakne pergunta.<\/span><\/p>\n<p><a href=\"http:\/\/rioonwatch.org.br\/wp-content\/uploads\/2017\/03\/VLT-Water-1.jpg\"><img decoding=\"async\" class=\"aligncenter wp-image-25059 size-content\" title=\"Obras do VLT causou fechamento de pequenos neg\u00f3cios na Gamboa.\" src=\"http:\/\/rioonwatch.org.br\/wp-content\/uploads\/2017\/03\/VLT-Water-1-620x264.jpg\" alt=\"\" width=\"620\" height=\"264\" srcset=\"https:\/\/rioonwatch.org.br\/wp-content\/uploads\/2017\/03\/VLT-Water-1-620x264.jpg 620w, https:\/\/rioonwatch.org.br\/wp-content\/uploads\/2017\/03\/VLT-Water-1-940x400.jpg 940w\" sizes=\"(max-width: 620px) 100vw, 620px\" \/><\/a><\/p>\n<p><span style=\"font-weight: 400;\">As circunst\u00e2ncias que requerem uma campanha como #IPNResiste levantam v\u00e1rias perguntas: quem s\u00e3o os benefici\u00e1rios destinados da chamada renova\u00e7\u00e3o urbana? A renova\u00e7\u00e3o urbana depende da m\u00e3o de obra e remo\u00e7\u00e3o de quem? A renova\u00e7\u00e3o urbana \u00e9 inerentemente anti-negra? &#8220;O governo sempre vem de fora com algum tipo de &#8216;presente&#8217;. Isto \u00e9 realmente um grande problema quanto \u00e0 aloca\u00e7\u00e3o do dinheiro p\u00fablico nas comunidades. N\u00e3o acho que as pessoas da Provid\u00eancia diriam &#8216;<\/span><span style=\"font-weight: 400;\"><a href=\"http:\/\/bit.ly\/2jMyvcr\">oh, nos d\u00ea um telef\u00e9rico<\/a>&#8216;.<\/span><span style=\"font-weight: 400;\">\u00a0Acho que iriam querer \u00e1gua, esgoto, coleta de lixo: as comunidades nunca s\u00e3o verdadeiramente envolvidas na prioriza\u00e7\u00e3o destes or\u00e7amentos, na decis\u00e3o sobre\u00a0<\/span><span style=\"font-weight: 400;\">como estes recursos ser\u00e3o gastos, ou como os projetos s\u00e3o feitos&#8221;, diz\u00a0Sadakne.<\/span><\/p>\n<p><span style=\"font-weight: 400;\">Estas s\u00e3o as for\u00e7as contra as quais o IPN est\u00e1 lutando, e a situa\u00e7\u00e3o parece ser cada vez mais prec\u00e1ria sob a nova administra\u00e7\u00e3o municipal de <\/span><a href=\"http:\/\/bit.ly\/2cIlnDw\" target=\"_blank\" rel=\"noopener\"><span style=\"font-weight: 400;\">Marcelo Crivella<\/span><\/a><span style=\"font-weight: 400;\">, um\u00a0<\/span><a href=\"http:\/\/bit.ly\/2eJymns\" target=\"_blank\" rel=\"noopener\"><span style=\"font-weight: 400;\">bispo evang\u00e9lico<\/span><\/a><span style=\"font-weight: 400;\">. A viol\u00eancia e as opera\u00e7\u00f5es policiais nas comunidades das favelas est\u00e3o <\/span><a href=\"http:\/\/bit.ly\/2kzOiye\" target=\"_blank\" rel=\"noopener\"><span style=\"font-weight: 400;\">aumentando<\/span><\/a><span style=\"font-weight: 400;\">. Enquanto isso, h\u00e1 cont\u00ednuos projetos corporativos de emprendimentos\u00a0em grande escala no bairro da Gamboa. A\u00a0TIM comprou uma propriedade em frente ao IPN. Um pouco abaixo h\u00e1 planos para a constru\u00e7\u00e3o de condom\u00ednios e shoppings. &#8220;N\u00e3o quero ser pessimista, mas n\u00e3o tenho muita esperan\u00e7a nesta [nova] administra\u00e7\u00e3o&#8221;, lamenta Merced. At\u00e9 agora, neste ano, uma reuni\u00e3o com autoridades do governo foi cancelada uma hora antes do hor\u00e1rio agendado, e em uma segunda reuni\u00e3o nenhum membro do governo apareceu.<\/span><\/p>\n<p><span style=\"font-weight: 400;\">Ao todo, 10 milh\u00f5es de africanos vivos chegaram \u00e0s Am\u00e9ricas por conta do com\u00e9rcio transatl\u00e2ntico de escravos. Continua sendo um dos cap\u00edtulos mais horrendos da hist\u00f3ria humana. E, no entanto, o mundo continua <\/span><a href=\"http:\/\/bit.ly\/2gUSg3q\" target=\"_blank\" rel=\"noopener\"><span style=\"font-weight: 400;\">em grande parte desprovido de museus e memoriais dedicados \u00e0 sua mem\u00f3ria<\/span><\/a><span style=\"font-weight: 400;\">.<\/span><span style=\"font-weight: 400;\"> Os pa\u00edses caribenhos t\u00eam <a href=\"http:\/\/bit.ly\/2neRLRa\" target=\"_blank\" rel=\"noopener\">feito in\u00fameras tentativas requerendo repara\u00e7\u00f5es<\/a> da Europa, sem \u00eaxito at\u00e9 agora. Dito isto, no mundo n\u00e3o faltam modelos bem-sucedidos de como lidar com um passado indiz\u00edvel: a maioria dos estudantes alem\u00e3es visita ao menos dois campos de concentra\u00e7\u00e3o antes de formar-se no ensino m\u00e9dio. Os memoriais dentro e fora da Europa obrigam os visitantes a revisitar as atrocidades do Holocausto. Porqu\u00ea ent\u00e3o h\u00e1 uma resist\u00eancia t\u00e3o violenta \u00e0 recorda\u00e7\u00e3o da escravid\u00e3o? &#8220;Um dos mitos mais comuns sobre a escravid\u00e3o, ra\u00e7a e racismo \u00e9 que foi o racismo que causou a escravid\u00e3o. E isso n\u00e3o \u00e9 verdade. O racismo \u00e9 constru\u00eddo, \u00e9 inventado ap\u00f3s o com\u00e9rcio transatl\u00e2ntico de escravos j\u00e1 estar institucionalizado&#8230; Quando olhamos para tr\u00e1s na hist\u00f3ria e peguntamos o que fazemos com isso agora&#8211;devemos lidar diretamente, de frente e corajosamente com o problema e a quest\u00e3o do racismo&#8221;, afirma Sadakne.<\/span><\/p>\n<p><span style=\"font-weight: 400;\">O v\u00eddeo a seguir, preparado para o <\/span><a href=\"http:\/\/bit.ly\/2nqFJFg\"><span style=\"font-weight: 400;\">Pavilh\u00e3o Brasileiro da Bienal de Arquitetura de 2016<\/span><\/a><span style=\"font-weight: 400;\">, apresenta uma vis\u00e3o geral\u00a0do Circuito da Heran\u00e7a\u00a0Africana do Rio e a sua import\u00e2ncia (o IPN \u00e9 apresentado aos 4:15):<\/span><\/p>\n<p><iframe src=\"https:\/\/www.youtube.com\/embed\/425CXEk11Hs\" width=\"620\" height=\"349\" frameborder=\"0\" allowfullscreen=\"allowfullscreen\"><\/iframe><\/p>\n<p><span style=\"font-weight: 400;\">O Brasil \u00e9 lar de uma das maiores popula\u00e7\u00f5es negras do mundo, ficando atr\u00e1s apenas da Nig\u00e9ria. No entanto, o reconhecimento nacional das contribui\u00e7\u00f5es negras \u00e0 cultura e hist\u00f3ria brasileira frequentemente limita-se \u00e0 feijoada, capoeira, samba e Carnaval. Como Sadakne aponta, &#8220;que tal a democracia como uma contribui\u00e7\u00e3o negra? Que tal o voto como uma contribui\u00e7\u00e3o negra? O nome de Rebou\u00e7as est\u00e1 em todo o lugar na cidade do Rio de Janeiro. Quantas pessoas sabem que ele era negro?&#8221;<\/span><\/p>\n<p><span style=\"font-weight: 400;\">Apesar do caminho dif\u00edcil \u00e0 frente para o IPN e para a Zona Portu\u00e1ria do Rio, os desenvolvimentos recentes ao descobrir e preservar o seu passado brutal como o <\/span><a href=\"http:\/\/bit.ly\/1RjyYiv\"><span style=\"font-weight: 400;\">Cais do Valongo<\/span><\/a><span style=\"font-weight: 400;\"> n\u00e3o t\u00eam precedentes. Se n\u00e3o fosse pela organiza\u00e7\u00e3o e resist\u00eancia da comunidade local, estes espa\u00e7os j\u00e1 teriam desaparecido do horizonte. #IPNResiste \u00e9 mais um cap\u00edtulo nesta jornada dif\u00edcil por\u00e9m indispens\u00e1vel. Por favor, d\u00ea seu apoio da maneira que puder e publique os seus depoimentos em #IPNResiste para ajudar na divulga\u00e7\u00e3o.<\/span><\/p>\n<h3><b>Para saber mais, assista a essa s\u00e9rie, em quatro partes, que \u00e9 exibida aos visitantes no IPN no Rio [AVISO: Imagens Fortes]:<\/b><\/h3>\n<p><iframe src=\"https:\/\/www.youtube.com\/embed\/PcGNOAt3G7g\" width=\"620\" height=\"349\" frameborder=\"0\" allowfullscreen=\"allowfullscreen\"><\/iframe><br \/>\n<iframe src=\"https:\/\/www.youtube.com\/embed\/FmWD_chgW2U\" width=\"620\" height=\"349\" frameborder=\"0\" allowfullscreen=\"allowfullscreen\"><\/iframe><br \/>\n<iframe src=\"https:\/\/www.youtube.com\/embed\/IW7CeSVY8bc\" width=\"620\" height=\"349\" frameborder=\"0\" allowfullscreen=\"allowfullscreen\"><\/iframe><br \/>\n<iframe src=\"https:\/\/www.youtube.com\/embed\/PdZwejdtGAE\" width=\"620\" height=\"349\" frameborder=\"0\" allowfullscreen=\"allowfullscreen\"><\/iframe><\/p>\n<!-- AddThis Advanced Settings generic via filter on the_content --><!-- AddThis Share Buttons generic via filter on the_content -->","protected":false},"excerpt":{"rendered":"<div class=\"mh-excerpt\"><p>Click Here for English Em 1996, Merced Guimar\u00e3es e seu marido Petrucio fizeram uma descoberta assustadora no seu novo lar durante um grande projeto de reforma: os trabalhadores, ao escavar o solo sob a sua <a class=\"mh-excerpt-more\" href=\"https:\/\/rioonwatch.org.br\/?p=25052\" title=\"Maior Cemit\u00e9rio de Escravos das Am\u00e9ricas Fechar\u00e1 Devido ao Abandono pelas Autoridades do Rio\">[&#8230;]<\/a><!-- AddThis Advanced Settings generic via filter on get_the_excerpt --><!-- AddThis Share Buttons generic via filter on get_the_excerpt --><\/p>\n<\/div>","protected":false},"author":129,"featured_media":25054,"comment_status":"closed","ping_status":"closed","sticky":false,"template":"","format":"standard","meta":{"_acf_changed":false,"_monsterinsights_skip_tracking":false,"_monsterinsights_sitenote_active":false,"_monsterinsights_sitenote_note":"","_monsterinsights_sitenote_category":0,"footnotes":""},"categories":[1617,2051,1635,1621,1627,346,1626,1388,1612,342],"tags":[329,3253,1693,1568,1402,513,333,514,587,395,128,1982,469,257,1111,1751,417,358,1329,433,1194,839,936,494,262],"writer":[1997],"translator":[1875],"source":[],"ilustrador":[],"fotografo":[],"class_list":{"0":"post-25052","1":"post","2":"type-post","3":"status-publish","4":"format-standard","5":"has-post-thumbnail","7":"category-olhonagentrificacao","8":"category-olhonolegado","9":"category-1635","10":"category-destaque","11":"category-relato-de-evento","12":"category-denuncias","13":"category-por-observadores-internacionais","14":"category-formas-de-apoiar","15":"category-sociedade-civil","16":"category-solucoes","17":"tag-africa","18":"tag-antirracismo","19":"tag-cais-do-valongo","20":"tag-cdurp","21":"tag-circuito-da-heranca-africana","22":"tag-cultura-afro-brasileira","23":"tag-diaspora","24":"tag-escravidao","25":"tag-gamboa","26":"tag-gentrificacao-remocao-branca","27":"tag-historia","28":"tag-marcelo-crivella","29":"tag-memoria","30":"tag-providencia","31":"tag-museu","32":"tag-museu-do-amanha","33":"tag-negligencia-do-estado","34":"tag-organizacao-comunitaria","35":"tag-pequena-africa","36":"tag-porto-maravilha","37":"tag-pretos-novos","38":"tag-prioridades-publicas-equivocadas","39":"tag-raca","40":"tag-regiao-do-porto","41":"tag-teleferico","42":"writer-nour-el-youssef","43":"translator-marina-hennies"},"acf":[],"yoast_head":"<!-- This site is optimized with the Yoast SEO plugin v25.6 - https:\/\/yoast.com\/wordpress\/plugins\/seo\/ -->\n<title>Maior Cemit\u00e9rio de Escravos das Am\u00e9ricas Fechar\u00e1 Devido ao Abandono pelas Autoridades do Rio - RioOnWatch<\/title>\n<meta name=\"robots\" content=\"index, follow, max-snippet:-1, max-image-preview:large, max-video-preview:-1\" \/>\n<link rel=\"canonical\" href=\"https:\/\/rioonwatch.org.br\/?p=25052\" \/>\n<meta property=\"og:locale\" content=\"pt_BR\" \/>\n<meta property=\"og:type\" content=\"article\" \/>\n<meta property=\"og:title\" content=\"Maior Cemit\u00e9rio de Escravos das Am\u00e9ricas Fechar\u00e1 Devido ao Abandono pelas Autoridades do Rio - RioOnWatch\" \/>\n<meta property=\"og:description\" content=\"Click Here for English Em 1996, Merced Guimar\u00e3es e seu marido Petrucio fizeram uma descoberta assustadora no seu novo lar durante um grande projeto de reforma: os trabalhadores, ao escavar o solo sob a sua [...]\" \/>\n<meta property=\"og:url\" content=\"https:\/\/rioonwatch.org.br\/?p=25052\" \/>\n<meta property=\"og:site_name\" content=\"RioOnWatch\" \/>\n<meta property=\"article:published_time\" content=\"2017-03-30T11:40:13+00:00\" \/>\n<meta property=\"article:modified_time\" content=\"2024-05-24T15:40:38+00:00\" \/>\n<meta property=\"og:image\" content=\"https:\/\/rioonwatch.org.br\/wp-content\/uploads\/2017\/03\/Pratt-students-1.jpg\" \/>\n\t<meta property=\"og:image:width\" content=\"1100\" \/>\n\t<meta property=\"og:image:height\" content=\"733\" \/>\n\t<meta property=\"og:image:type\" content=\"image\/jpeg\" \/>\n<meta name=\"author\" content=\"Admin\" \/>\n<meta name=\"twitter:card\" content=\"summary_large_image\" \/>\n<meta name=\"twitter:label1\" content=\"Escrito por\" \/>\n\t<meta name=\"twitter:data1\" content=\"Admin\" \/>\n\t<meta name=\"twitter:label2\" content=\"Est. tempo de leitura\" \/>\n\t<meta name=\"twitter:data2\" content=\"10 minutos\" \/>\n<script type=\"application\/ld+json\" class=\"yoast-schema-graph\">{\"@context\":\"https:\/\/schema.org\",\"@graph\":[{\"@type\":\"Article\",\"@id\":\"https:\/\/rioonwatch.org.br\/?p=25052#article\",\"isPartOf\":{\"@id\":\"https:\/\/rioonwatch.org.br\/?p=25052\"},\"author\":{\"name\":\"Admin\",\"@id\":\"https:\/\/rioonwatch.org.br\/#\/schema\/person\/11d64c290506f9df50c71b850c473f68\"},\"headline\":\"Maior Cemit\u00e9rio de Escravos das Am\u00e9ricas Fechar\u00e1 Devido ao Abandono pelas Autoridades do Rio\",\"datePublished\":\"2017-03-30T11:40:13+00:00\",\"dateModified\":\"2024-05-24T15:40:38+00:00\",\"mainEntityOfPage\":{\"@id\":\"https:\/\/rioonwatch.org.br\/?p=25052\"},\"wordCount\":1993,\"publisher\":{\"@id\":\"https:\/\/rioonwatch.org.br\/#organization\"},\"image\":{\"@id\":\"https:\/\/rioonwatch.org.br\/?p=25052#primaryimage\"},\"thumbnailUrl\":\"https:\/\/rioonwatch.org.br\/wp-content\/uploads\/2017\/03\/Pratt-students-1.jpg\",\"keywords\":[\"\u00c1frica\",\"Antirracismo\",\"Cais do Valongo\",\"CDURP\",\"Circuito da Heran\u00e7a Africana\",\"Cultura Afro-brasileira\",\"Di\u00e1spora Africana\",\"escravid\u00e3o\",\"Gamboa\",\"gentrifica\u00e7\u00e3o\",\"hist\u00f3ria\",\"Marcelo Crivella\",\"Mem\u00f3rias Faveladas\",\"Morro da Provid\u00eancia\",\"museu\",\"Museu do Amanh\u00e3\",\"Neglig\u00eancia do Estado\",\"organiza\u00e7\u00e3o comunit\u00e1ria\",\"Pequena \u00c1frica\",\"Porto Maravilha\",\"Pretos Novos\",\"prioridades p\u00fablicas equivocadas\",\"ra\u00e7a\",\"Regi\u00e3o do Porto\",\"telef\u00e9rico\"],\"articleSection\":[\"#OlhoNaGentrifica\u00e7\u00e3o\",\"#OlhoNoLegado\",\"#Rio2016\",\"*Destaque\",\"Cobertura de Eventos\",\"Den\u00fancias\",\"Escrito por Aliados\",\"Formas de Apoiar\",\"Sociedade Civil\",\"Solu\u00e7\u00f5es\"],\"inLanguage\":\"pt-BR\"},{\"@type\":\"WebPage\",\"@id\":\"https:\/\/rioonwatch.org.br\/?p=25052\",\"url\":\"https:\/\/rioonwatch.org.br\/?p=25052\",\"name\":\"Maior Cemit\u00e9rio de Escravos das Am\u00e9ricas Fechar\u00e1 Devido ao Abandono pelas Autoridades do Rio - RioOnWatch\",\"isPartOf\":{\"@id\":\"https:\/\/rioonwatch.org.br\/#website\"},\"primaryImageOfPage\":{\"@id\":\"https:\/\/rioonwatch.org.br\/?p=25052#primaryimage\"},\"image\":{\"@id\":\"https:\/\/rioonwatch.org.br\/?p=25052#primaryimage\"},\"thumbnailUrl\":\"https:\/\/rioonwatch.org.br\/wp-content\/uploads\/2017\/03\/Pratt-students-1.jpg\",\"datePublished\":\"2017-03-30T11:40:13+00:00\",\"dateModified\":\"2024-05-24T15:40:38+00:00\",\"breadcrumb\":{\"@id\":\"https:\/\/rioonwatch.org.br\/?p=25052#breadcrumb\"},\"inLanguage\":\"pt-BR\",\"potentialAction\":[{\"@type\":\"ReadAction\",\"target\":[\"https:\/\/rioonwatch.org.br\/?p=25052\"]}]},{\"@type\":\"ImageObject\",\"inLanguage\":\"pt-BR\",\"@id\":\"https:\/\/rioonwatch.org.br\/?p=25052#primaryimage\",\"url\":\"https:\/\/rioonwatch.org.br\/wp-content\/uploads\/2017\/03\/Pratt-students-1.jpg\",\"contentUrl\":\"https:\/\/rioonwatch.org.br\/wp-content\/uploads\/2017\/03\/Pratt-students-1.jpg\",\"width\":1100,\"height\":733},{\"@type\":\"BreadcrumbList\",\"@id\":\"https:\/\/rioonwatch.org.br\/?p=25052#breadcrumb\",\"itemListElement\":[{\"@type\":\"ListItem\",\"position\":1,\"name\":\"In\u00edcio\",\"item\":\"https:\/\/rioonwatch.org.br\/\"},{\"@type\":\"ListItem\",\"position\":2,\"name\":\"Maior Cemit\u00e9rio de Escravos das Am\u00e9ricas Fechar\u00e1 Devido ao Abandono pelas Autoridades do Rio\"}]},{\"@type\":\"WebSite\",\"@id\":\"https:\/\/rioonwatch.org.br\/#website\",\"url\":\"https:\/\/rioonwatch.org.br\/\",\"name\":\"RioOnWatch\",\"description\":\"relatos das favelas cariocas\",\"publisher\":{\"@id\":\"https:\/\/rioonwatch.org.br\/#organization\"},\"potentialAction\":[{\"@type\":\"SearchAction\",\"target\":{\"@type\":\"EntryPoint\",\"urlTemplate\":\"https:\/\/rioonwatch.org.br\/?s={search_term_string}\"},\"query-input\":{\"@type\":\"PropertyValueSpecification\",\"valueRequired\":true,\"valueName\":\"search_term_string\"}}],\"inLanguage\":\"pt-BR\"},{\"@type\":\"Organization\",\"@id\":\"https:\/\/rioonwatch.org.br\/#organization\",\"name\":\"RioOnWatch\",\"url\":\"https:\/\/rioonwatch.org.br\/\",\"logo\":{\"@type\":\"ImageObject\",\"inLanguage\":\"pt-BR\",\"@id\":\"https:\/\/rioonwatch.org.br\/#\/schema\/logo\/image\/\",\"url\":\"https:\/\/rioonwatch.org.br\/wp-content\/uploads\/2021\/06\/RioOnWatchcabecalhoPT11anos-2.png\",\"contentUrl\":\"https:\/\/rioonwatch.org.br\/wp-content\/uploads\/2021\/06\/RioOnWatchcabecalhoPT11anos-2.png\",\"width\":779,\"height\":277,\"caption\":\"RioOnWatch\"},\"image\":{\"@id\":\"https:\/\/rioonwatch.org.br\/#\/schema\/logo\/image\/\"}},{\"@type\":\"Person\",\"@id\":\"https:\/\/rioonwatch.org.br\/#\/schema\/person\/11d64c290506f9df50c71b850c473f68\",\"name\":\"Admin\",\"image\":{\"@type\":\"ImageObject\",\"inLanguage\":\"pt-BR\",\"@id\":\"https:\/\/rioonwatch.org.br\/#\/schema\/person\/image\/\",\"url\":\"https:\/\/secure.gravatar.com\/avatar\/56211ac74568383903349a1485e3c325?s=96&d=blank&r=g\",\"contentUrl\":\"https:\/\/secure.gravatar.com\/avatar\/56211ac74568383903349a1485e3c325?s=96&d=blank&r=g\",\"caption\":\"Admin\"},\"url\":\"https:\/\/rioonwatch.org.br\/?author=129\"}]}<\/script>\n<!-- \/ Yoast SEO plugin. -->","yoast_head_json":{"title":"Maior Cemit\u00e9rio de Escravos das Am\u00e9ricas Fechar\u00e1 Devido ao Abandono pelas Autoridades do Rio - RioOnWatch","robots":{"index":"index","follow":"follow","max-snippet":"max-snippet:-1","max-image-preview":"max-image-preview:large","max-video-preview":"max-video-preview:-1"},"canonical":"https:\/\/rioonwatch.org.br\/?p=25052","og_locale":"pt_BR","og_type":"article","og_title":"Maior Cemit\u00e9rio de Escravos das Am\u00e9ricas Fechar\u00e1 Devido ao Abandono pelas Autoridades do Rio - RioOnWatch","og_description":"Click Here for English Em 1996, Merced Guimar\u00e3es e seu marido Petrucio fizeram uma descoberta assustadora no seu novo lar durante um grande projeto de reforma: os trabalhadores, ao escavar o solo sob a sua [...]","og_url":"https:\/\/rioonwatch.org.br\/?p=25052","og_site_name":"RioOnWatch","article_published_time":"2017-03-30T11:40:13+00:00","article_modified_time":"2024-05-24T15:40:38+00:00","og_image":[{"width":1100,"height":733,"url":"https:\/\/rioonwatch.org.br\/wp-content\/uploads\/2017\/03\/Pratt-students-1.jpg","type":"image\/jpeg"}],"author":"Admin","twitter_card":"summary_large_image","twitter_misc":{"Escrito por":"Admin","Est. tempo de leitura":"10 minutos"},"schema":{"@context":"https:\/\/schema.org","@graph":[{"@type":"Article","@id":"https:\/\/rioonwatch.org.br\/?p=25052#article","isPartOf":{"@id":"https:\/\/rioonwatch.org.br\/?p=25052"},"author":{"name":"Admin","@id":"https:\/\/rioonwatch.org.br\/#\/schema\/person\/11d64c290506f9df50c71b850c473f68"},"headline":"Maior Cemit\u00e9rio de Escravos das Am\u00e9ricas Fechar\u00e1 Devido ao Abandono pelas Autoridades do Rio","datePublished":"2017-03-30T11:40:13+00:00","dateModified":"2024-05-24T15:40:38+00:00","mainEntityOfPage":{"@id":"https:\/\/rioonwatch.org.br\/?p=25052"},"wordCount":1993,"publisher":{"@id":"https:\/\/rioonwatch.org.br\/#organization"},"image":{"@id":"https:\/\/rioonwatch.org.br\/?p=25052#primaryimage"},"thumbnailUrl":"https:\/\/rioonwatch.org.br\/wp-content\/uploads\/2017\/03\/Pratt-students-1.jpg","keywords":["\u00c1frica","Antirracismo","Cais do Valongo","CDURP","Circuito da Heran\u00e7a Africana","Cultura Afro-brasileira","Di\u00e1spora Africana","escravid\u00e3o","Gamboa","gentrifica\u00e7\u00e3o","hist\u00f3ria","Marcelo Crivella","Mem\u00f3rias Faveladas","Morro da Provid\u00eancia","museu","Museu do Amanh\u00e3","Neglig\u00eancia do Estado","organiza\u00e7\u00e3o comunit\u00e1ria","Pequena \u00c1frica","Porto Maravilha","Pretos Novos","prioridades p\u00fablicas equivocadas","ra\u00e7a","Regi\u00e3o do Porto","telef\u00e9rico"],"articleSection":["#OlhoNaGentrifica\u00e7\u00e3o","#OlhoNoLegado","#Rio2016","*Destaque","Cobertura de Eventos","Den\u00fancias","Escrito por Aliados","Formas de Apoiar","Sociedade Civil","Solu\u00e7\u00f5es"],"inLanguage":"pt-BR"},{"@type":"WebPage","@id":"https:\/\/rioonwatch.org.br\/?p=25052","url":"https:\/\/rioonwatch.org.br\/?p=25052","name":"Maior Cemit\u00e9rio de Escravos das Am\u00e9ricas Fechar\u00e1 Devido ao Abandono pelas Autoridades do Rio - RioOnWatch","isPartOf":{"@id":"https:\/\/rioonwatch.org.br\/#website"},"primaryImageOfPage":{"@id":"https:\/\/rioonwatch.org.br\/?p=25052#primaryimage"},"image":{"@id":"https:\/\/rioonwatch.org.br\/?p=25052#primaryimage"},"thumbnailUrl":"https:\/\/rioonwatch.org.br\/wp-content\/uploads\/2017\/03\/Pratt-students-1.jpg","datePublished":"2017-03-30T11:40:13+00:00","dateModified":"2024-05-24T15:40:38+00:00","breadcrumb":{"@id":"https:\/\/rioonwatch.org.br\/?p=25052#breadcrumb"},"inLanguage":"pt-BR","potentialAction":[{"@type":"ReadAction","target":["https:\/\/rioonwatch.org.br\/?p=25052"]}]},{"@type":"ImageObject","inLanguage":"pt-BR","@id":"https:\/\/rioonwatch.org.br\/?p=25052#primaryimage","url":"https:\/\/rioonwatch.org.br\/wp-content\/uploads\/2017\/03\/Pratt-students-1.jpg","contentUrl":"https:\/\/rioonwatch.org.br\/wp-content\/uploads\/2017\/03\/Pratt-students-1.jpg","width":1100,"height":733},{"@type":"BreadcrumbList","@id":"https:\/\/rioonwatch.org.br\/?p=25052#breadcrumb","itemListElement":[{"@type":"ListItem","position":1,"name":"In\u00edcio","item":"https:\/\/rioonwatch.org.br\/"},{"@type":"ListItem","position":2,"name":"Maior Cemit\u00e9rio de Escravos das Am\u00e9ricas Fechar\u00e1 Devido ao Abandono pelas Autoridades do Rio"}]},{"@type":"WebSite","@id":"https:\/\/rioonwatch.org.br\/#website","url":"https:\/\/rioonwatch.org.br\/","name":"RioOnWatch","description":"relatos das favelas cariocas","publisher":{"@id":"https:\/\/rioonwatch.org.br\/#organization"},"potentialAction":[{"@type":"SearchAction","target":{"@type":"EntryPoint","urlTemplate":"https:\/\/rioonwatch.org.br\/?s={search_term_string}"},"query-input":{"@type":"PropertyValueSpecification","valueRequired":true,"valueName":"search_term_string"}}],"inLanguage":"pt-BR"},{"@type":"Organization","@id":"https:\/\/rioonwatch.org.br\/#organization","name":"RioOnWatch","url":"https:\/\/rioonwatch.org.br\/","logo":{"@type":"ImageObject","inLanguage":"pt-BR","@id":"https:\/\/rioonwatch.org.br\/#\/schema\/logo\/image\/","url":"https:\/\/rioonwatch.org.br\/wp-content\/uploads\/2021\/06\/RioOnWatchcabecalhoPT11anos-2.png","contentUrl":"https:\/\/rioonwatch.org.br\/wp-content\/uploads\/2021\/06\/RioOnWatchcabecalhoPT11anos-2.png","width":779,"height":277,"caption":"RioOnWatch"},"image":{"@id":"https:\/\/rioonwatch.org.br\/#\/schema\/logo\/image\/"}},{"@type":"Person","@id":"https:\/\/rioonwatch.org.br\/#\/schema\/person\/11d64c290506f9df50c71b850c473f68","name":"Admin","image":{"@type":"ImageObject","inLanguage":"pt-BR","@id":"https:\/\/rioonwatch.org.br\/#\/schema\/person\/image\/","url":"https:\/\/secure.gravatar.com\/avatar\/56211ac74568383903349a1485e3c325?s=96&d=blank&r=g","contentUrl":"https:\/\/secure.gravatar.com\/avatar\/56211ac74568383903349a1485e3c325?s=96&d=blank&r=g","caption":"Admin"},"url":"https:\/\/rioonwatch.org.br\/?author=129"}]}},"_links":{"self":[{"href":"https:\/\/rioonwatch.org.br\/index.php?rest_route=\/wp\/v2\/posts\/25052"}],"collection":[{"href":"https:\/\/rioonwatch.org.br\/index.php?rest_route=\/wp\/v2\/posts"}],"about":[{"href":"https:\/\/rioonwatch.org.br\/index.php?rest_route=\/wp\/v2\/types\/post"}],"author":[{"embeddable":true,"href":"https:\/\/rioonwatch.org.br\/index.php?rest_route=\/wp\/v2\/users\/129"}],"replies":[{"embeddable":true,"href":"https:\/\/rioonwatch.org.br\/index.php?rest_route=%2Fwp%2Fv2%2Fcomments&post=25052"}],"version-history":[{"count":18,"href":"https:\/\/rioonwatch.org.br\/index.php?rest_route=\/wp\/v2\/posts\/25052\/revisions"}],"predecessor-version":[{"id":73547,"href":"https:\/\/rioonwatch.org.br\/index.php?rest_route=\/wp\/v2\/posts\/25052\/revisions\/73547"}],"wp:featuredmedia":[{"embeddable":true,"href":"https:\/\/rioonwatch.org.br\/index.php?rest_route=\/wp\/v2\/media\/25054"}],"wp:attachment":[{"href":"https:\/\/rioonwatch.org.br\/index.php?rest_route=%2Fwp%2Fv2%2Fmedia&parent=25052"}],"wp:term":[{"taxonomy":"category","embeddable":true,"href":"https:\/\/rioonwatch.org.br\/index.php?rest_route=%2Fwp%2Fv2%2Fcategories&post=25052"},{"taxonomy":"post_tag","embeddable":true,"href":"https:\/\/rioonwatch.org.br\/index.php?rest_route=%2Fwp%2Fv2%2Ftags&post=25052"},{"taxonomy":"writer","embeddable":true,"href":"https:\/\/rioonwatch.org.br\/index.php?rest_route=%2Fwp%2Fv2%2Fwriter&post=25052"},{"taxonomy":"translator","embeddable":true,"href":"https:\/\/rioonwatch.org.br\/index.php?rest_route=%2Fwp%2Fv2%2Ftranslator&post=25052"},{"taxonomy":"source","embeddable":true,"href":"https:\/\/rioonwatch.org.br\/index.php?rest_route=%2Fwp%2Fv2%2Fsource&post=25052"},{"taxonomy":"ilustrador","embeddable":true,"href":"https:\/\/rioonwatch.org.br\/index.php?rest_route=%2Fwp%2Fv2%2Filustrador&post=25052"},{"taxonomy":"fotografo","embeddable":true,"href":"https:\/\/rioonwatch.org.br\/index.php?rest_route=%2Fwp%2Fv2%2Ffotografo&post=25052"}],"curies":[{"name":"wp","href":"https:\/\/api.w.org\/{rel}","templated":true}]}}