{"id":25066,"date":"2017-04-01T07:37:46","date_gmt":"2017-04-01T10:37:46","guid":{"rendered":"http:\/\/rioonwatch.org.br\/?p=25066"},"modified":"2026-04-14T10:00:51","modified_gmt":"2026-04-14T13:00:51","slug":"cinco-decadas-de-vida-e-mobilizacao-na-rocinha-entrevista-com-jose-martins-entrevista","status":"publish","type":"post","link":"https:\/\/rioonwatch.org.br\/?p=25066","title":{"rendered":"Cinco D\u00e9cadas de Vida e Mobiliza\u00e7\u00e3o na Rocinha: Entrevista com Jos\u00e9 Martins [ENTREVISTA]"},"content":{"rendered":"<p style=\"text-align: right;\"><em><strong><a href=\"http:\/\/bit.ly\/2o7bnKv\" target=\"_blank\" rel=\"noopener\">Click Here for English<img decoding=\"async\" width=\"20\" height=\"20\" class=\"alignright wp-image-15790\" src=\"http:\/\/rioonwatch.org.br\/wp-content\/uploads\/2012\/08\/EN-standard-e1439583104716.jpg\" alt=\"\" \/><\/a><\/strong><\/em><\/p>\n<p><a href=\"http:\/\/bit.ly\/2nDnPRq\" target=\"_blank\" rel=\"noopener\">Jos\u00e9 Martins de Oliveira<\/a>, <a href=\"http:\/\/bit.ly\/2cD3jZc\" target=\"_blank\" rel=\"noopener\">ativista e gestor\u00a0de longa data na Rocinha<\/a>, e atualmente co-diretor do <a href=\"http:\/\/bit.ly\/2oCpJ2g\" target=\"_blank\" rel=\"noopener\">Rocinha Sem Fronteiras<\/a>, cravou exatamente cinquenta anos desde sua chegada\u00a0ao Rio de Janeiro no dia 18 de mar\u00e7o deste ano. Nascido no estado do Cear\u00e1 em 1946, Martins saiu de casa para Fortaleza em 1967. Ao chegar, por\u00e9m, enviou uma carta a seus pais dizendo-lhes que ia para o Rio, E que ele estaria de volta\u00a0em setembro. &#8220;A verdade \u00e9 que na \u00e9poca eu realmente pensei que eu voltaria&#8221;, disse Martins, &#8220;mas uma vez que cheguei, as coisas funcionaram, de modo que eu ainda estou aqui&#8221;.<\/p>\n<h3><span style=\"font-weight: 400;\">RioOnWatch: <\/span><span style=\"font-weight: 400;\">Como era a Rocinha quando voc\u00ea chegou aqui?<\/span><\/h3>\n<p><span style=\"font-weight: 400;\"><em><strong>Martins:<\/strong><\/em>\u00a0A Rocinha e<\/span>ra muito pouco povoada, muito menos do que hoje&#8211;talvez quarenta por cento em rela\u00e7\u00e3o a hoje. N\u00e3o tinha \u00e1gua canalizada em casa nenhuma. Era carregada da bica. Para mim era uma coisa muito diferente. Conheci a <a href=\"http:\/\/bit.ly\/16w2zz1\" target=\"_blank\" rel=\"noopener\">Rocinha<\/a> com casas penduradas, eram barracos de madeira.<\/p>\n<p><span style=\"font-weight: 400;\">O primeiro choque que tomei quando cheguei aqui, foi quando uma senhora me ofereceu um cruzeiro para carregar uma balan\u00e7a de \u00e1gua com duas latas penduradas no pau. Na hora, eu fiquei um pouco revoltado com ela&#8211;meus pais eram pequenos fazendeiros, a gente pagava as pessoas para trabalharem para a gente, como que eu trabalharia para ela por um cruzeiro? S\u00f3 que \u00e0 noite, dormindo no ch\u00e3o&#8211;n\u00e3o tinha cama, n\u00e3o tinha nada para dormir&#8211;pensei, n\u00e3o estou na minha casa, amanh\u00e3 vou falar com a mulher para carregar \u00e1gua. No dia seguinte, depois de meditar um pouco \u00e0 noite, fui na casa da mulher, falei com ela, e carreguei muita \u00e1gua.<\/span><\/p>\n<h3><span style=\"font-weight: 400;\">RioOnWatch<\/span><span style=\"font-weight: 400;\">: O<\/span><span style=\"font-weight: 400;\">nde voc\u00ea morava naquele tempo?<\/span><\/h3>\n<p><span style=\"font-weight: 400;\"><em><strong>Martins:<\/strong><\/em>\u00a0<\/span><span style=\"font-weight: 400;\">Morei na parte alta quando cheguei. O meu amigo que morava na Tijuca me trouxe aqui e me apresentou a uma outra pessoa daqui que me conhecia, que me convidou para a casa dele. Eu n\u00e3o pagava aluguel, mas trabalhava e dividia o espa\u00e7o da casa com ele.<\/span><\/p>\n<h3><span style=\"font-weight: 400;\">RioOnWatch<\/span><span style=\"font-weight: 400;\">: H\u00e1 quantos anos voc\u00ea \u00e9 gestor social? Como iniciou o seu engajamento?<\/span><\/h3>\n<p><span style=\"font-weight: 400;\"><em><strong>Martins:\u00a0<\/strong><\/em><\/span><span style=\"font-weight: 400;\">Comecei em 1974, por a\u00ed, ent\u00e3o j\u00e1 s\u00e3o quarenta e tr\u00eas anos. Que foi novamente por causa da hist\u00f3ria da <a href=\"http:\/\/bit.ly\/20VNpMK\" target=\"_blank\" rel=\"noopener\">\u00e1gua<\/a>. Foi<a href=\"http:\/\/bit.ly\/2nPetSO\" target=\"_blank\" rel=\"noopener\"> a implanta\u00e7\u00e3o da rede de \u00e1gua na parte baixa da Rocinha<\/a>. Eu comecei pensando que tudo se resolveria em tr\u00eas ou quatro meses, mas de verdade foram dois anos e pouco para concretizar a implanta\u00e7\u00e3o da \u00e1gua. <\/span><\/p>\n<p><a href=\"http:\/\/rioonwatch.org.br\/wp-content\/uploads\/2017\/03\/Martins-interview.jpg\"><img fetchpriority=\"high\" decoding=\"async\" class=\"aligncenter wp-image-25100 size-content\" title=\"os\u00e9 Martins descreve a longa luta da comunidade por servi\u00e7os adequados.\" src=\"http:\/\/rioonwatch.org.br\/wp-content\/uploads\/2017\/03\/Martins-interview-620x264.jpg\" alt=\"\" width=\"620\" height=\"264\" srcset=\"https:\/\/rioonwatch.org.br\/wp-content\/uploads\/2017\/03\/Martins-interview-620x264.jpg 620w, https:\/\/rioonwatch.org.br\/wp-content\/uploads\/2017\/03\/Martins-interview-940x400.jpg 940w\" sizes=\"(max-width: 620px) 100vw, 620px\" \/><\/a><\/p>\n<h3><span style=\"font-weight: 400;\">RioOnWatch<\/span><span style=\"font-weight: 400;\">: <\/span><span style=\"font-weight: 400;\">Como eram as condi\u00e7\u00f5es para os gestores comunit\u00e1rios naqueles anos?<\/span><\/h3>\n<p><span style=\"font-weight: 400;\"><em><strong>Martins:\u00a0<\/strong><\/em><\/span><span style=\"font-weight: 400;\">A solu\u00e7\u00e3o era mais f\u00e1cil do que hoje. Naquele tempo, tinha uma coisa objetiva, uma coisa mais concreta, que era a luta pela \u00e1gua. Hoje as pessoas participam menos, e a presen\u00e7a nas reuni\u00f5es \u00e9 menor. Agora, reunir para discutir \u00e9 ainda mais dif\u00edcil. Naquele tempo tinha o apoio da Igreja, que fazia muita reflex\u00e3o, e ent\u00e3o as pessoas participavam juntos.<\/span><\/p>\n<p><span style=\"font-weight: 400;\">Naquele tempo havia mais necessidade real da quest\u00e3o, e as pessoas estavam muito mais juntas. Naquele tempo n\u00e3o tinha \u00e1gua nenhuma. Hoje tem, a falta de \u00e1gua total n\u00e3o existe. Tem a <a href=\"http:\/\/bit.ly\/2cD3jZc\" target=\"_blank\" rel=\"noopener\">quest\u00e3o do esgoto<\/a>, mas aqui, <a href=\"http:\/\/bit.ly\/1vkaXsB\" target=\"_blank\" rel=\"noopener\">todos querem melhorar suas casas<\/a>. Voc\u00ea vai entrar em uma casa, em uma \u00e1rea que tem esgoto aberto, mas a casa est\u00e1 limpa. As pessoas dizem que o esgoto \u00e9 para os outros, e ent\u00e3o, deixam para os outros. O individualismo cada vez \u00e9 maior. E isso \u00e9 fruto do capital.<\/span><\/p>\n<h3><span style=\"font-weight: 400;\">RioOnWatch<\/span><span style=\"font-weight: 400;\">: <\/span><span style=\"font-weight: 400;\">Quais foram os outros movimentos e organiza\u00e7\u00f5es nos quais voc\u00ea participou? Algum foi especialmente importante para voc\u00ea?<\/span><\/h3>\n<p><span style=\"font-weight: 400;\"><em><strong>Martins:<\/strong><\/em>\u00a0<\/span><span style=\"font-weight: 400;\"><a href=\"http:\/\/bit.ly\/2enfHlA\" target=\"_blank\" rel=\"noopener\">Eu participei<\/a> no movimento para o saneamento, na campanha da passarela, no movimento de integra\u00e7\u00e3o de outras comunidades e em reuni\u00f5es para a discuss\u00e3o de quest\u00f5es mais amplas. A \u00e1gua foi o meu caminho, foi a entrada nisso, <a href=\"http:\/\/bit.ly\/2mjHAhl\" target=\"_blank\" rel=\"noopener\">e ainda hoje \u00e9 uma quest\u00e3o<\/a>. Eu participei da funda\u00e7\u00e3o da Associa\u00e7\u00e3o de Moradores do Bairro Barcellos em 1982, fui fundador e fui presidente por dois mandatos. Tamb\u00e9m participei de uma coisa importante&#8211;a Rocinha tem uma Regi\u00e3o Administrativa, \u00e9 um \u00f3rg\u00e3o da Prefeitura, a\u00a0<a href=\"http:\/\/bit.ly\/2awD5JB\" target=\"_blank\" rel=\"noopener\">prefeitura divide a cidade em 34 Regi\u00f5es Administrativas<\/a>&#8211;e eu fui o primeiro administrador regional. Ent\u00e3o, eu era a pessoa que estava a frente da dire\u00e7\u00e3o de alguma coisa. N\u00e3o da comunidade, mas era da prefeitura para a comunidade. <\/span><\/p>\n<p><span style=\"font-weight: 400;\">Nesses quarenta e tr\u00eas anos, a coisa mais importante foi a implanta\u00e7\u00e3o da rede de \u00e1gua pot\u00e1vel para todos na parta baixa da Rocinha, porque entrei na luta sem saber muito bem o que ia acontecer, mas sempre digo que s\u00f3 tem import\u00e2ncia essa luta se serve para mais pessoas, e hoje, tem mais de dez mil pessoas usando essa \u00e1gua. A luta da passarela tamb\u00e9m foi importante, mas ela foi uma luta menor. O estado gastou quatorze milh\u00f5es quebrando e <a href=\"http:\/\/bit.ly\/17YDHxR\" target=\"_blank\" rel=\"noopener\">construindo uma nova<\/a>, mas n\u00e3o mudou nada para a gente. Ficou mais bonita, mas a acessibilidade \u00e9 quase a mesma. A canaliza\u00e7\u00e3o do val\u00e3o tamb\u00e9m foi importante, porque quando chovia muitas casas alagavam, ent\u00e3o muitas casas deixaram de alagar. E tem outra luta importante, que foi a luta pela implanta\u00e7\u00e3o da luz el\u00e9trica na comunidade, que tamb\u00e9m esteve ligada \u00e0 Igreja e a <a href=\"http:\/\/bit.ly\/16XiLo6\" target=\"_blank\" rel=\"noopener\">Pastoral das Favelas<\/a>.<\/span><\/p>\n<h3><span style=\"font-weight: 400;\">RioOnWatch<\/span><span style=\"font-weight: 400;\">: <\/span><span style=\"font-weight: 400;\">Como \u00e9 a rela\u00e7\u00e3o entre os moradores e as pessoas que v\u00eam da fora para trabalhar e atuar\u00a0dentro da comunidade?<\/span><\/h3>\n<p><span style=\"font-weight: 400;\"><em><strong>Martins:\u00a0<\/strong><\/em><\/span>A troca de conhecimentos \u00e9 bem importante. Mas pode ter coisas perigosas, porque as pessoas de fora n\u00e3o conhecem a realidade local, ent\u00e3o quando n\u00e3o conhecem podem fazer algumas besteiras. Para conhecer precisa ter alguma troca de experi\u00eancia.<\/p>\n<p><span style=\"font-weight: 400;\">\u00c9 importante que os moradores recebam conhecimento t\u00e9cnico, mas \u00e9 importante que as pessoas de fora respeitem a viv\u00eancia e o conhecimento local que os moradores t\u00eam.\u00a0<\/span><span style=\"font-weight: 400;\">Teve gente de fora que foi um desastre para a nossa comunidade. Uma mulher criou uma nova associa\u00e7\u00e3o de moradores, e uma associa\u00e7\u00e3o se confrontava com a outra. Teve um lado bom porque as pessoas discutiram, mas \u00e9 um lado perigoso porque ela destru\u00eda todas as organiza\u00e7\u00f5es novas que eram criadas, ela queria ser a dona da hist\u00f3ria, n\u00e3o deixava que os moradores tivessem voz. Depois teve outro grupo, que foi um grupo de costura, que tamb\u00e9m foi criado por uma pessoa de fora que n\u00e3o dava voz para as costureiras, e esse grupo tamb\u00e9m acabou em nada. \u00c9 importante ter esse respeito.<\/span><\/p>\n<h3><span style=\"font-weight: 400;\">RioOnWatch<\/span><span style=\"font-weight: 400;\">: <\/span><span style=\"font-weight: 400;\">Com a sua experi\u00eancia e seus anos na Rocinha, voc\u00ea tem alguma vis\u00e3o ou ideal para a comunidade e para organiza\u00e7\u00f5es como a Rocinha Sem Fronteiras?<\/span><\/h3>\n<p><span style=\"font-weight: 400;\"><em><strong>Martins:\u00a0<\/strong><\/em><\/span>Na verdade, eu acredito na possibilidade das pessoas se engajarem na luta e transformarem a sociedade. O qu\u00ea que muda exatamente vai depender do rumo do movimento, o movimento \u00e9 dono do seu rumo. Eu acredito nesta participa\u00e7\u00e3o, e acredito que quando as pessoas ampliam seu conhecimento sobre direitos e deveres, ficam aptas para a transforma\u00e7\u00e3o da sua sociedade.<\/p>\n<p>O grande desafio \u00e9 de trazer os jovens para o movimento, e eles ficarem. A gente tem tentado. Tem informa\u00e7\u00e3o na internet dos diferentes grupos, mas n\u00e3o h\u00e1 interesse por parte dos jovens.<\/p>\n<p><span style=\"font-weight: 400;\">\u00c9 poss\u00edvel que novas organiza\u00e7\u00f5es sejam criadas. Agora, o importante nas organiza\u00e7\u00f5es \u00e9 ter vis\u00e3o de unifica\u00e7\u00e3o. Se elas se unificarem, ter\u00e3o muito mais for\u00e7a.<\/span><\/p>\n<!-- AddThis Advanced Settings generic via filter on the_content --><!-- AddThis Share Buttons generic via filter on the_content -->","protected":false},"excerpt":{"rendered":"<div class=\"mh-excerpt\"><p>Click Here for English Jos\u00e9 Martins de Oliveira, ativista e gestor\u00a0de longa data na Rocinha, e atualmente co-diretor do Rocinha Sem Fronteiras, cravou exatamente cinquenta anos desde sua chegada\u00a0ao Rio de Janeiro no dia 18 <a class=\"mh-excerpt-more\" href=\"https:\/\/rioonwatch.org.br\/?p=25066\" title=\"Cinco D\u00e9cadas de Vida e Mobiliza\u00e7\u00e3o na Rocinha: Entrevista com Jos\u00e9 Martins [ENTREVISTA]\">[&#8230;]<\/a><!-- AddThis Advanced Settings generic via filter on get_the_excerpt --><!-- AddThis Share Buttons generic via filter on get_the_excerpt --><\/p>\n<\/div>","protected":false},"author":129,"featured_media":25097,"comment_status":"closed","ping_status":"closed","sticky":false,"template":"","format":"standard","meta":{"_acf_changed":false,"_monsterinsights_skip_tracking":false,"_monsterinsights_sitenote_active":false,"_monsterinsights_sitenote_note":"","_monsterinsights_sitenote_category":0,"footnotes":""},"categories":[1621,1629,1626,1612,342],"tags":[934,510,655,1258,322,128,419,2548,722,448,1795,358,86,298,16,492,1109,383],"writer":[2109],"translator":[],"source":[],"ilustrador":[],"fotografo":[],"class_list":{"0":"post-25066","1":"post","2":"type-post","3":"status-publish","4":"format-standard","5":"has-post-thumbnail","7":"category-destaque","8":"category-entrevistas-e-perfis","9":"category-por-observadores-internacionais","10":"category-sociedade-civil","11":"category-solucoes","12":"tag-acesso","13":"tag-agua","14":"tag-associacao-de-moradores","15":"tag-entrevista","16":"tag-esgoto","17":"tag-historia","18":"tag-igreja","19":"tag-igreja-catolica","20":"tag-legado","21":"tag-lideranca","22":"tag-lideranca-comunitaria","23":"tag-organizacao-comunitaria","24":"tag-pastoral-de-favelas","25":"tag-perfil-de-lideranca","26":"tag-rocinha","27":"tag-saneamento","28":"tag-sociedade-civil","29":"tag-zona-sul","30":"writer-claire-jones"},"acf":[],"yoast_head":"<!-- This site is optimized with the Yoast SEO plugin v25.6 - https:\/\/yoast.com\/wordpress\/plugins\/seo\/ -->\n<title>Cinco D\u00e9cadas de Vida e Mobiliza\u00e7\u00e3o na Rocinha: Entrevista com Jos\u00e9 Martins [ENTREVISTA] - RioOnWatch<\/title>\n<meta name=\"robots\" content=\"index, follow, max-snippet:-1, max-image-preview:large, max-video-preview:-1\" \/>\n<link rel=\"canonical\" href=\"https:\/\/rioonwatch.org.br\/?p=25066\" \/>\n<meta property=\"og:locale\" content=\"pt_BR\" \/>\n<meta property=\"og:type\" content=\"article\" \/>\n<meta property=\"og:title\" content=\"Cinco D\u00e9cadas de Vida e Mobiliza\u00e7\u00e3o na Rocinha: Entrevista com Jos\u00e9 Martins [ENTREVISTA] - RioOnWatch\" \/>\n<meta property=\"og:description\" content=\"Click Here for English Jos\u00e9 Martins de Oliveira, ativista e gestor\u00a0de longa data na Rocinha, e atualmente co-diretor do Rocinha Sem Fronteiras, cravou exatamente cinquenta anos desde sua chegada\u00a0ao Rio de Janeiro no dia 18 [...]\" \/>\n<meta property=\"og:url\" content=\"https:\/\/rioonwatch.org.br\/?p=25066\" \/>\n<meta property=\"og:site_name\" content=\"RioOnWatch\" \/>\n<meta property=\"article:published_time\" content=\"2017-04-01T10:37:46+00:00\" \/>\n<meta property=\"article:modified_time\" content=\"2026-04-14T13:00:51+00:00\" \/>\n<meta property=\"og:image\" content=\"https:\/\/rioonwatch.org.br\/wp-content\/uploads\/2017\/03\/Martins.jpg\" \/>\n\t<meta property=\"og:image:width\" content=\"876\" \/>\n\t<meta property=\"og:image:height\" content=\"493\" \/>\n\t<meta property=\"og:image:type\" content=\"image\/jpeg\" \/>\n<meta name=\"author\" content=\"Admin\" \/>\n<meta name=\"twitter:card\" content=\"summary_large_image\" \/>\n<meta name=\"twitter:label1\" content=\"Escrito por\" \/>\n\t<meta name=\"twitter:data1\" content=\"Admin\" \/>\n\t<meta name=\"twitter:label2\" content=\"Est. tempo de leitura\" \/>\n\t<meta name=\"twitter:data2\" content=\"6 minutos\" \/>\n<script type=\"application\/ld+json\" class=\"yoast-schema-graph\">{\"@context\":\"https:\/\/schema.org\",\"@graph\":[{\"@type\":\"Article\",\"@id\":\"https:\/\/rioonwatch.org.br\/?p=25066#article\",\"isPartOf\":{\"@id\":\"https:\/\/rioonwatch.org.br\/?p=25066\"},\"author\":{\"name\":\"Admin\",\"@id\":\"https:\/\/rioonwatch.org.br\/#\/schema\/person\/11d64c290506f9df50c71b850c473f68\"},\"headline\":\"Cinco D\u00e9cadas de Vida e Mobiliza\u00e7\u00e3o na Rocinha: Entrevista com Jos\u00e9 Martins [ENTREVISTA]\",\"datePublished\":\"2017-04-01T10:37:46+00:00\",\"dateModified\":\"2026-04-14T13:00:51+00:00\",\"mainEntityOfPage\":{\"@id\":\"https:\/\/rioonwatch.org.br\/?p=25066\"},\"wordCount\":1265,\"publisher\":{\"@id\":\"https:\/\/rioonwatch.org.br\/#organization\"},\"image\":{\"@id\":\"https:\/\/rioonwatch.org.br\/?p=25066#primaryimage\"},\"thumbnailUrl\":\"https:\/\/rioonwatch.org.br\/wp-content\/uploads\/2017\/03\/Martins.jpg\",\"keywords\":[\"acesso\",\"\u00e1gua\",\"Associa\u00e7\u00e3o de Moradores\",\"entrevista\",\"esgoto\",\"hist\u00f3ria\",\"igreja\",\"Igreja Cat\u00f3lica\",\"Legado Ol\u00edmpico\",\"lideran\u00e7a\",\"lideran\u00e7a comunit\u00e1ria\",\"organiza\u00e7\u00e3o comunit\u00e1ria\",\"Pastoral das Favelas\",\"perfil de lideran\u00e7a\",\"Rocinha\",\"saneamento\",\"sociedade civil\",\"Zona Sul\"],\"articleSection\":[\"*Destaque\",\"Entrevistas e Perfis\",\"Escrito por Aliados\",\"Sociedade Civil\",\"Solu\u00e7\u00f5es\"],\"inLanguage\":\"pt-BR\"},{\"@type\":\"WebPage\",\"@id\":\"https:\/\/rioonwatch.org.br\/?p=25066\",\"url\":\"https:\/\/rioonwatch.org.br\/?p=25066\",\"name\":\"Cinco D\u00e9cadas de Vida e Mobiliza\u00e7\u00e3o na Rocinha: Entrevista com Jos\u00e9 Martins [ENTREVISTA] - RioOnWatch\",\"isPartOf\":{\"@id\":\"https:\/\/rioonwatch.org.br\/#website\"},\"primaryImageOfPage\":{\"@id\":\"https:\/\/rioonwatch.org.br\/?p=25066#primaryimage\"},\"image\":{\"@id\":\"https:\/\/rioonwatch.org.br\/?p=25066#primaryimage\"},\"thumbnailUrl\":\"https:\/\/rioonwatch.org.br\/wp-content\/uploads\/2017\/03\/Martins.jpg\",\"datePublished\":\"2017-04-01T10:37:46+00:00\",\"dateModified\":\"2026-04-14T13:00:51+00:00\",\"breadcrumb\":{\"@id\":\"https:\/\/rioonwatch.org.br\/?p=25066#breadcrumb\"},\"inLanguage\":\"pt-BR\",\"potentialAction\":[{\"@type\":\"ReadAction\",\"target\":[\"https:\/\/rioonwatch.org.br\/?p=25066\"]}]},{\"@type\":\"ImageObject\",\"inLanguage\":\"pt-BR\",\"@id\":\"https:\/\/rioonwatch.org.br\/?p=25066#primaryimage\",\"url\":\"https:\/\/rioonwatch.org.br\/wp-content\/uploads\/2017\/03\/Martins.jpg\",\"contentUrl\":\"https:\/\/rioonwatch.org.br\/wp-content\/uploads\/2017\/03\/Martins.jpg\",\"width\":876,\"height\":493},{\"@type\":\"BreadcrumbList\",\"@id\":\"https:\/\/rioonwatch.org.br\/?p=25066#breadcrumb\",\"itemListElement\":[{\"@type\":\"ListItem\",\"position\":1,\"name\":\"In\u00edcio\",\"item\":\"https:\/\/rioonwatch.org.br\/\"},{\"@type\":\"ListItem\",\"position\":2,\"name\":\"Cinco D\u00e9cadas de Vida e Mobiliza\u00e7\u00e3o na Rocinha: Entrevista com Jos\u00e9 Martins [ENTREVISTA]\"}]},{\"@type\":\"WebSite\",\"@id\":\"https:\/\/rioonwatch.org.br\/#website\",\"url\":\"https:\/\/rioonwatch.org.br\/\",\"name\":\"RioOnWatch\",\"description\":\"relatos das favelas cariocas\",\"publisher\":{\"@id\":\"https:\/\/rioonwatch.org.br\/#organization\"},\"potentialAction\":[{\"@type\":\"SearchAction\",\"target\":{\"@type\":\"EntryPoint\",\"urlTemplate\":\"https:\/\/rioonwatch.org.br\/?s={search_term_string}\"},\"query-input\":{\"@type\":\"PropertyValueSpecification\",\"valueRequired\":true,\"valueName\":\"search_term_string\"}}],\"inLanguage\":\"pt-BR\"},{\"@type\":\"Organization\",\"@id\":\"https:\/\/rioonwatch.org.br\/#organization\",\"name\":\"RioOnWatch\",\"url\":\"https:\/\/rioonwatch.org.br\/\",\"logo\":{\"@type\":\"ImageObject\",\"inLanguage\":\"pt-BR\",\"@id\":\"https:\/\/rioonwatch.org.br\/#\/schema\/logo\/image\/\",\"url\":\"https:\/\/rioonwatch.org.br\/wp-content\/uploads\/2021\/06\/RioOnWatchcabecalhoPT11anos-2.png\",\"contentUrl\":\"https:\/\/rioonwatch.org.br\/wp-content\/uploads\/2021\/06\/RioOnWatchcabecalhoPT11anos-2.png\",\"width\":779,\"height\":277,\"caption\":\"RioOnWatch\"},\"image\":{\"@id\":\"https:\/\/rioonwatch.org.br\/#\/schema\/logo\/image\/\"}},{\"@type\":\"Person\",\"@id\":\"https:\/\/rioonwatch.org.br\/#\/schema\/person\/11d64c290506f9df50c71b850c473f68\",\"name\":\"Admin\",\"image\":{\"@type\":\"ImageObject\",\"inLanguage\":\"pt-BR\",\"@id\":\"https:\/\/rioonwatch.org.br\/#\/schema\/person\/image\/\",\"url\":\"https:\/\/secure.gravatar.com\/avatar\/56211ac74568383903349a1485e3c325?s=96&d=blank&r=g\",\"contentUrl\":\"https:\/\/secure.gravatar.com\/avatar\/56211ac74568383903349a1485e3c325?s=96&d=blank&r=g\",\"caption\":\"Admin\"},\"url\":\"https:\/\/rioonwatch.org.br\/?author=129\"}]}<\/script>\n<!-- \/ Yoast SEO plugin. -->","yoast_head_json":{"title":"Cinco D\u00e9cadas de Vida e Mobiliza\u00e7\u00e3o na Rocinha: Entrevista com Jos\u00e9 Martins [ENTREVISTA] - RioOnWatch","robots":{"index":"index","follow":"follow","max-snippet":"max-snippet:-1","max-image-preview":"max-image-preview:large","max-video-preview":"max-video-preview:-1"},"canonical":"https:\/\/rioonwatch.org.br\/?p=25066","og_locale":"pt_BR","og_type":"article","og_title":"Cinco D\u00e9cadas de Vida e Mobiliza\u00e7\u00e3o na Rocinha: Entrevista com Jos\u00e9 Martins [ENTREVISTA] - RioOnWatch","og_description":"Click Here for English Jos\u00e9 Martins de Oliveira, ativista e gestor\u00a0de longa data na Rocinha, e atualmente co-diretor do Rocinha Sem Fronteiras, cravou exatamente cinquenta anos desde sua chegada\u00a0ao Rio de Janeiro no dia 18 [...]","og_url":"https:\/\/rioonwatch.org.br\/?p=25066","og_site_name":"RioOnWatch","article_published_time":"2017-04-01T10:37:46+00:00","article_modified_time":"2026-04-14T13:00:51+00:00","og_image":[{"width":876,"height":493,"url":"https:\/\/rioonwatch.org.br\/wp-content\/uploads\/2017\/03\/Martins.jpg","type":"image\/jpeg"}],"author":"Admin","twitter_card":"summary_large_image","twitter_misc":{"Escrito por":"Admin","Est. tempo de leitura":"6 minutos"},"schema":{"@context":"https:\/\/schema.org","@graph":[{"@type":"Article","@id":"https:\/\/rioonwatch.org.br\/?p=25066#article","isPartOf":{"@id":"https:\/\/rioonwatch.org.br\/?p=25066"},"author":{"name":"Admin","@id":"https:\/\/rioonwatch.org.br\/#\/schema\/person\/11d64c290506f9df50c71b850c473f68"},"headline":"Cinco D\u00e9cadas de Vida e Mobiliza\u00e7\u00e3o na Rocinha: Entrevista com Jos\u00e9 Martins [ENTREVISTA]","datePublished":"2017-04-01T10:37:46+00:00","dateModified":"2026-04-14T13:00:51+00:00","mainEntityOfPage":{"@id":"https:\/\/rioonwatch.org.br\/?p=25066"},"wordCount":1265,"publisher":{"@id":"https:\/\/rioonwatch.org.br\/#organization"},"image":{"@id":"https:\/\/rioonwatch.org.br\/?p=25066#primaryimage"},"thumbnailUrl":"https:\/\/rioonwatch.org.br\/wp-content\/uploads\/2017\/03\/Martins.jpg","keywords":["acesso","\u00e1gua","Associa\u00e7\u00e3o de Moradores","entrevista","esgoto","hist\u00f3ria","igreja","Igreja Cat\u00f3lica","Legado Ol\u00edmpico","lideran\u00e7a","lideran\u00e7a comunit\u00e1ria","organiza\u00e7\u00e3o comunit\u00e1ria","Pastoral das Favelas","perfil de lideran\u00e7a","Rocinha","saneamento","sociedade civil","Zona Sul"],"articleSection":["*Destaque","Entrevistas e Perfis","Escrito por Aliados","Sociedade Civil","Solu\u00e7\u00f5es"],"inLanguage":"pt-BR"},{"@type":"WebPage","@id":"https:\/\/rioonwatch.org.br\/?p=25066","url":"https:\/\/rioonwatch.org.br\/?p=25066","name":"Cinco D\u00e9cadas de Vida e Mobiliza\u00e7\u00e3o na Rocinha: Entrevista com Jos\u00e9 Martins [ENTREVISTA] - RioOnWatch","isPartOf":{"@id":"https:\/\/rioonwatch.org.br\/#website"},"primaryImageOfPage":{"@id":"https:\/\/rioonwatch.org.br\/?p=25066#primaryimage"},"image":{"@id":"https:\/\/rioonwatch.org.br\/?p=25066#primaryimage"},"thumbnailUrl":"https:\/\/rioonwatch.org.br\/wp-content\/uploads\/2017\/03\/Martins.jpg","datePublished":"2017-04-01T10:37:46+00:00","dateModified":"2026-04-14T13:00:51+00:00","breadcrumb":{"@id":"https:\/\/rioonwatch.org.br\/?p=25066#breadcrumb"},"inLanguage":"pt-BR","potentialAction":[{"@type":"ReadAction","target":["https:\/\/rioonwatch.org.br\/?p=25066"]}]},{"@type":"ImageObject","inLanguage":"pt-BR","@id":"https:\/\/rioonwatch.org.br\/?p=25066#primaryimage","url":"https:\/\/rioonwatch.org.br\/wp-content\/uploads\/2017\/03\/Martins.jpg","contentUrl":"https:\/\/rioonwatch.org.br\/wp-content\/uploads\/2017\/03\/Martins.jpg","width":876,"height":493},{"@type":"BreadcrumbList","@id":"https:\/\/rioonwatch.org.br\/?p=25066#breadcrumb","itemListElement":[{"@type":"ListItem","position":1,"name":"In\u00edcio","item":"https:\/\/rioonwatch.org.br\/"},{"@type":"ListItem","position":2,"name":"Cinco D\u00e9cadas de Vida e Mobiliza\u00e7\u00e3o na Rocinha: Entrevista com Jos\u00e9 Martins [ENTREVISTA]"}]},{"@type":"WebSite","@id":"https:\/\/rioonwatch.org.br\/#website","url":"https:\/\/rioonwatch.org.br\/","name":"RioOnWatch","description":"relatos das favelas cariocas","publisher":{"@id":"https:\/\/rioonwatch.org.br\/#organization"},"potentialAction":[{"@type":"SearchAction","target":{"@type":"EntryPoint","urlTemplate":"https:\/\/rioonwatch.org.br\/?s={search_term_string}"},"query-input":{"@type":"PropertyValueSpecification","valueRequired":true,"valueName":"search_term_string"}}],"inLanguage":"pt-BR"},{"@type":"Organization","@id":"https:\/\/rioonwatch.org.br\/#organization","name":"RioOnWatch","url":"https:\/\/rioonwatch.org.br\/","logo":{"@type":"ImageObject","inLanguage":"pt-BR","@id":"https:\/\/rioonwatch.org.br\/#\/schema\/logo\/image\/","url":"https:\/\/rioonwatch.org.br\/wp-content\/uploads\/2021\/06\/RioOnWatchcabecalhoPT11anos-2.png","contentUrl":"https:\/\/rioonwatch.org.br\/wp-content\/uploads\/2021\/06\/RioOnWatchcabecalhoPT11anos-2.png","width":779,"height":277,"caption":"RioOnWatch"},"image":{"@id":"https:\/\/rioonwatch.org.br\/#\/schema\/logo\/image\/"}},{"@type":"Person","@id":"https:\/\/rioonwatch.org.br\/#\/schema\/person\/11d64c290506f9df50c71b850c473f68","name":"Admin","image":{"@type":"ImageObject","inLanguage":"pt-BR","@id":"https:\/\/rioonwatch.org.br\/#\/schema\/person\/image\/","url":"https:\/\/secure.gravatar.com\/avatar\/56211ac74568383903349a1485e3c325?s=96&d=blank&r=g","contentUrl":"https:\/\/secure.gravatar.com\/avatar\/56211ac74568383903349a1485e3c325?s=96&d=blank&r=g","caption":"Admin"},"url":"https:\/\/rioonwatch.org.br\/?author=129"}]}},"_links":{"self":[{"href":"https:\/\/rioonwatch.org.br\/index.php?rest_route=\/wp\/v2\/posts\/25066"}],"collection":[{"href":"https:\/\/rioonwatch.org.br\/index.php?rest_route=\/wp\/v2\/posts"}],"about":[{"href":"https:\/\/rioonwatch.org.br\/index.php?rest_route=\/wp\/v2\/types\/post"}],"author":[{"embeddable":true,"href":"https:\/\/rioonwatch.org.br\/index.php?rest_route=\/wp\/v2\/users\/129"}],"replies":[{"embeddable":true,"href":"https:\/\/rioonwatch.org.br\/index.php?rest_route=%2Fwp%2Fv2%2Fcomments&post=25066"}],"version-history":[{"count":16,"href":"https:\/\/rioonwatch.org.br\/index.php?rest_route=\/wp\/v2\/posts\/25066\/revisions"}],"predecessor-version":[{"id":27982,"href":"https:\/\/rioonwatch.org.br\/index.php?rest_route=\/wp\/v2\/posts\/25066\/revisions\/27982"}],"wp:featuredmedia":[{"embeddable":true,"href":"https:\/\/rioonwatch.org.br\/index.php?rest_route=\/wp\/v2\/media\/25097"}],"wp:attachment":[{"href":"https:\/\/rioonwatch.org.br\/index.php?rest_route=%2Fwp%2Fv2%2Fmedia&parent=25066"}],"wp:term":[{"taxonomy":"category","embeddable":true,"href":"https:\/\/rioonwatch.org.br\/index.php?rest_route=%2Fwp%2Fv2%2Fcategories&post=25066"},{"taxonomy":"post_tag","embeddable":true,"href":"https:\/\/rioonwatch.org.br\/index.php?rest_route=%2Fwp%2Fv2%2Ftags&post=25066"},{"taxonomy":"writer","embeddable":true,"href":"https:\/\/rioonwatch.org.br\/index.php?rest_route=%2Fwp%2Fv2%2Fwriter&post=25066"},{"taxonomy":"translator","embeddable":true,"href":"https:\/\/rioonwatch.org.br\/index.php?rest_route=%2Fwp%2Fv2%2Ftranslator&post=25066"},{"taxonomy":"source","embeddable":true,"href":"https:\/\/rioonwatch.org.br\/index.php?rest_route=%2Fwp%2Fv2%2Fsource&post=25066"},{"taxonomy":"ilustrador","embeddable":true,"href":"https:\/\/rioonwatch.org.br\/index.php?rest_route=%2Fwp%2Fv2%2Filustrador&post=25066"},{"taxonomy":"fotografo","embeddable":true,"href":"https:\/\/rioonwatch.org.br\/index.php?rest_route=%2Fwp%2Fv2%2Ffotografo&post=25066"}],"curies":[{"name":"wp","href":"https:\/\/api.w.org\/{rel}","templated":true}]}}