{"id":25069,"date":"2017-04-03T12:33:48","date_gmt":"2017-04-03T15:33:48","guid":{"rendered":"http:\/\/rioonwatch.org.br\/?p=25069"},"modified":"2024-06-20T16:24:38","modified_gmt":"2024-06-20T19:24:38","slug":"vila-autodromo-esta-realizando-sua-vocacao-como-modelo-de-resistencia","status":"publish","type":"post","link":"https:\/\/rioonwatch.org.br\/?p=25069","title":{"rendered":"Vila Aut\u00f3dromo Est\u00e1 Realizando Sua Voca\u00e7\u00e3o Como Modelo de Resist\u00eancia"},"content":{"rendered":"<p style=\"text-align: right;\"><em><strong><a href=\"http:\/\/bit.ly\/2mBI7eZ\" target=\"_blank\" rel=\"noopener\">Click Here for English<img decoding=\"async\" width=\"20\" height=\"20\" class=\"alignright wp-image-15790\" src=\"http:\/\/rioonwatch.org.br\/wp-content\/uploads\/2012\/08\/EN-standard-e1439583104716.jpg\" alt=\"\" \/><\/a><\/strong><\/em><\/p>\n<p><b>No dia 14 de mar\u00e7o, o\u00a0<\/b><b><i>RioOnWatch<\/i><\/b><b> visitou a Vila Aut\u00f3dromo, comunidade que ficou conhecida em toda a cidade e ao redor do mundo\u00a0durante a sua luta determinada contra as remo\u00e7\u00f5es supostamente devidas \u00e0 sua proximidade ao Parque Ol\u00edmpico Rio 2016.<\/b>\u00a0<strong>Os<\/strong><b>\u00a0moradores que lutaram at\u00e9 o fim foram finalmente autorizados a estabelecer-se em\u00a0novas moradias constru\u00eddas no local, e continuam\u00a0bem organizados, agora prontos para receber&#8211;e inspirar&#8211;visitantes.<\/b><\/p>\n<p><span style=\"font-weight: 400;\">Ap\u00f3s <\/span><a href=\"http:\/\/bit.ly\/1rtuaxu\" target=\"_blank\" rel=\"noopener\"><span style=\"font-weight: 400;\">anos de luta comunit\u00e1ria contra as remo\u00e7\u00f5es<\/span><\/a><span style=\"font-weight: 400;\">, uma rua larga de asfalto com <\/span><a href=\"http:\/\/bit.ly\/2aWmvRL\" target=\"_blank\" rel=\"noopener\"><span style=\"font-weight: 400;\">moradias brancas id\u00eanticas,\u00a0<\/span><\/a><a href=\"http:\/\/bit.ly\/2ayGPcR\" target=\"_blank\" rel=\"noopener\">constru\u00eddas pelo governo<\/a>\u00a0para abrigar 20 fam\u00edlias,\u00a0<span style=\"font-weight: 400;\">\u00e9 o que resta na terra antes ocupada pela comunidade vibrante da Vila Aut\u00f3dromo, originalmente com 700 fam\u00edlias.<\/span><\/p>\n<p><a href=\"http:\/\/rioonwatch.org.br\/wp-content\/uploads\/2017\/03\/FullSizeRender-2.jpg\"><img fetchpriority=\"high\" decoding=\"async\" class=\"aligncenter wp-image-25073 size-content\" title=\"Cercas colocadas recentemente pela prefeitura por solicita\u00e7\u00f5es dos moradores est\u00e3o agora sendo pintadas de cores originais, com os moradores adaptando suas casas.\" src=\"http:\/\/rioonwatch.org.br\/wp-content\/uploads\/2017\/03\/FullSizeRender-2-620x264.jpg\" alt=\"\" width=\"620\" height=\"264\" srcset=\"https:\/\/rioonwatch.org.br\/wp-content\/uploads\/2017\/03\/FullSizeRender-2-620x264.jpg 620w, https:\/\/rioonwatch.org.br\/wp-content\/uploads\/2017\/03\/FullSizeRender-2-940x400.jpg 940w\" sizes=\"(max-width: 620px) 100vw, 620px\" \/><\/a><\/p>\n<p><span style=\"font-weight: 400;\">A primeira casa na rua, agora chamada Rua Vila Aut\u00f3dromo, \u00e9 onde mora Sueli, que imediatamente contou que as remo\u00e7\u00f5es lhe afetaram financeiramente, bem como socialmente: &#8220;Eu morava em uma casa duas vezes maior do que esta, onde tamb\u00e9m funcionava o meu restaurante e servi\u00e7o de buf\u00ea&#8221;. Com um esp\u00edrito resiliente, ela e seus vizinhos est\u00e3o adaptando as suas unidades id\u00eanticas fornecidas pelo governo para atender \u00e0s suas necessidades e gostos. A parte da frente da sua casa servir\u00e1 como um novo restaurante.<\/span><\/p>\n<p><a href=\"http:\/\/bit.ly\/2nwDX3M\" target=\"_blank\" rel=\"noopener\"><span style=\"font-weight: 400;\">Sandra Maria<\/span><\/a><span style=\"font-weight: 400;\">, moradora e ativista, guia o grupo pela rua e aponta a m\u00e1 qualidade de constru\u00e7\u00e3o do governo: &#8220;esper\u00e1vamos que ao ter ruas pavimentadas, n\u00e3o ter\u00edamos po\u00e7as d\u2019\u00e1gua durante a chuva&#8221;, que s\u00e3o locais de reprodu\u00e7\u00e3o de mosquitos, aumentando assim os riscos de infec\u00e7\u00e3o.<\/span><\/p>\n<p><a href=\"http:\/\/rioonwatch.org.br\/wp-content\/uploads\/2017\/03\/FullSizeRender-6.jpg\"><img decoding=\"async\" class=\"aligncenter wp-image-25074 size-content\" title=\"Depois das chuvas, a comunidade alaga como sempre, apesar de se esperar que as ruas asfaltadas reduziriam a \u00e1gua parada.\" src=\"http:\/\/rioonwatch.org.br\/wp-content\/uploads\/2017\/03\/FullSizeRender-6-620x264.jpg\" alt=\"\" width=\"620\" height=\"264\" srcset=\"https:\/\/rioonwatch.org.br\/wp-content\/uploads\/2017\/03\/FullSizeRender-6-620x264.jpg 620w, https:\/\/rioonwatch.org.br\/wp-content\/uploads\/2017\/03\/FullSizeRender-6-940x400.jpg 940w\" sizes=\"(max-width: 620px) 100vw, 620px\" \/><\/a><\/p>\n<p><span style=\"font-weight: 400;\">Apontando para o estacionamento de cascalho sem uso ao redor da Rua Vila Aut\u00f3dromo, onde casas foram removidas para <\/span><a href=\"http:\/\/bit.ly\/2bOb4gn\" target=\"_blank\" rel=\"noopener\"><span style=\"font-weight: 400;\">\u201cdar lugar\u201d ao Parque Ol\u00edmpico<\/span><\/a><span style=\"font-weight: 400;\">, Sandra explica que a \u00e1rea abandonada \u201cilustra o mecanismo do governo de expulsar moradores e depois abandonar os lugares, finalmente <a href=\"http:\/\/bit.ly\/1XkzywK\" target=\"_blank\" rel=\"noopener\">transferindo as \u00e1reas para o capital<\/a>&#8220;. Uma das alega\u00e7\u00f5es feitas historicamente pela prefeitura para remover os moradores da comunidade est\u00e1 arraigada no discurso ambiental, embora &#8220;<\/span><a href=\"http:\/\/bit.ly\/25y5Vx4\" target=\"_blank\" rel=\"noopener\"><span style=\"font-weight: 400;\">as \u00e1rvores tenham sido as primeiras coisas derrubadas<\/span><\/a><span style=\"font-weight: 400;\">\u00a0[pela prefeitura] durante as remo\u00e7\u00f5es&#8221;. A prefeitura efetivamente converteu uma comunidade com muitas \u00e1rvores e moradia para mais de 3000 pessoas em um estacionamento abandonado.<\/span><\/p>\n<p><a href=\"http:\/\/rioonwatch.org.br\/wp-content\/uploads\/2017\/03\/FullSizeRender-4.jpg\"><img loading=\"lazy\" decoding=\"async\" class=\"aligncenter wp-image-25077 size-content\" title=\"A vegeta\u00e7\u00e3o come\u00e7ou a crescer em \u00e1reas onde a prefeitura tinha pavimentado com cascalho antes dos Jogos Ol\u00edmpicos de agosto.\" src=\"http:\/\/rioonwatch.org.br\/wp-content\/uploads\/2017\/03\/FullSizeRender-4-620x264.jpg\" alt=\"\" width=\"620\" height=\"264\" srcset=\"https:\/\/rioonwatch.org.br\/wp-content\/uploads\/2017\/03\/FullSizeRender-4-620x264.jpg 620w, https:\/\/rioonwatch.org.br\/wp-content\/uploads\/2017\/03\/FullSizeRender-4-940x400.jpg 940w\" sizes=\"(max-width: 620px) 100vw, 620px\" \/><\/a><\/p>\n<p><span style=\"font-weight: 400;\">Como resultado, um dos principais esfor\u00e7os atuais da comunidade \u00e9 <\/span><a href=\"http:\/\/bit.ly\/25y5Vx4\" target=\"_blank\" rel=\"noopener\"><span style=\"font-weight: 400;\">reflorestar a Vila Aut\u00f3dromo<\/span><\/a><span style=\"font-weight: 400;\">. Sandra explica que quando as Olimp\u00edadas vieram &#8220;tudo era uma selva de concreto: ruas pavimentadas e algumas casas brancas&#8221;. Como consequ\u00eancia, os membros da comunidade t\u00eam trabalhado muito para plantar \u00e1rvores e abrir um pequeno parque infantil no terreno de cascalho.<\/span><\/p>\n<p><a href=\"http:\/\/rioonwatch.org.br\/wp-content\/uploads\/2017\/03\/FullSizeRender-3.jpg\"><img loading=\"lazy\" decoding=\"async\" class=\"aligncenter wp-image-25078 size-large\" title=\"Os moradores est\u00e3o reflorestando os lotes, com cascalhos, abandonados ao redor da Vila Aut\u00f3dromo.\" src=\"http:\/\/rioonwatch.org.br\/wp-content\/uploads\/2017\/03\/FullSizeRender-3-768x1024.jpg\" alt=\"\" width=\"620\" height=\"827\" srcset=\"https:\/\/rioonwatch.org.br\/wp-content\/uploads\/2017\/03\/FullSizeRender-3-768x1024.jpg 768w, https:\/\/rioonwatch.org.br\/wp-content\/uploads\/2017\/03\/FullSizeRender-3-198x264.jpg 198w, https:\/\/rioonwatch.org.br\/wp-content\/uploads\/2017\/03\/FullSizeRender-3-465x620.jpg 465w\" sizes=\"(max-width: 620px) 100vw, 620px\" \/><\/a><\/p>\n<h3><b>Preservando Mem\u00f3rias<\/b><\/h3>\n<p><span style=\"font-weight: 400;\">Ap\u00f3s visitar as casas e virar a \u00fanica esquina da rua, chegamos \u00e0 Igreja S\u00e3o Jos\u00e9 Oper\u00e1rio, a \u00fanica constru\u00e7\u00e3o original autorizada a permanecer, gra\u00e7as aos esfor\u00e7os da comunidade. Como a igreja era uma estrutura estabelecida ao lado da rua onde as casas foram reconstru\u00eddas, n\u00e3o seria dif\u00edcil mant\u00ea-la. \u00a0Isto, juntamente com os dois murais afrescos, recentemente pintados gra\u00e7as a uma iniciativa da Funda\u00e7\u00e3o Oswaldo Cruz (Fiocruz), ajudou a fortalecer a reivindica\u00e7\u00e3o dos moradores de manter a igreja.<\/span><\/p>\n<p><a href=\"http:\/\/rioonwatch.org.br\/wp-content\/uploads\/2017\/03\/FullSizeRender-5.jpg\"><img loading=\"lazy\" decoding=\"async\" class=\"aligncenter wp-image-25079 size-content\" title=\"Sandra abre a Igreja Cat\u00f3lica S\u00e3o Jos\u00e9 Oper\u00e1rio para receber visitantes. A Igreja confia nos moradores para gerenciar e fazer uso das instala\u00e7\u00f5es para atividades comunit\u00e1rias.\" src=\"http:\/\/rioonwatch.org.br\/wp-content\/uploads\/2017\/03\/FullSizeRender-5-620x264.jpg\" alt=\"\" width=\"620\" height=\"264\" srcset=\"https:\/\/rioonwatch.org.br\/wp-content\/uploads\/2017\/03\/FullSizeRender-5-620x264.jpg 620w, https:\/\/rioonwatch.org.br\/wp-content\/uploads\/2017\/03\/FullSizeRender-5-940x400.jpg 940w\" sizes=\"(max-width: 620px) 100vw, 620px\" \/><\/a><\/p>\n<p><span style=\"font-weight: 400;\">A igreja teve um papel crucial no movimento de resist\u00eancia da Vila Aut\u00f3dromo e continua tendo, proporcionando aos moradores remanescentes um ponto de refer\u00eancia para ligar o espa\u00e7o atual com o local original. A igreja, constru\u00edda pelos moradores, sempre manteve as suas portas abertas, mantendo-se firme durante as remo\u00e7\u00f5es, sediando reuni\u00f5es comunit\u00e1rias e at\u00e9 oferecendo abrigo tempor\u00e1rio para a ativista comunit\u00e1ria <\/span><a href=\"http:\/\/bit.ly\/1pcDODu\" target=\"_blank\" rel=\"noopener\"><span style=\"font-weight: 400;\">Maria da Penha, quando foi retirada<\/span><\/a><span style=\"font-weight: 400;\"> da sua casa devido ao decreto de desapropria\u00e7\u00e3o, mas que apesar disso recusou-se a negociar\u00a0indeniza\u00e7\u00e3o. <\/span><\/p>\n<p><a href=\"http:\/\/rioonwatch.org.br\/wp-content\/uploads\/2017\/03\/Penha.jpg\"><img loading=\"lazy\" decoding=\"async\" class=\"aligncenter wp-image-25080 size-content\" title=\"Maria da Penha e Sandra Maria contam a hist\u00f3ria da resist\u00eancia da comunidade dentro da Igreja Cat\u00f3lica.\" src=\"http:\/\/rioonwatch.org.br\/wp-content\/uploads\/2017\/03\/Penha-620x264.jpg\" alt=\"\" width=\"620\" height=\"264\" srcset=\"https:\/\/rioonwatch.org.br\/wp-content\/uploads\/2017\/03\/Penha-620x264.jpg 620w, https:\/\/rioonwatch.org.br\/wp-content\/uploads\/2017\/03\/Penha-940x400.jpg 940w\" sizes=\"(max-width: 620px) 100vw, 620px\" \/><\/a><\/p>\n<p><span style=\"font-weight: 400;\">De acordo com Penha, a igreja continua a permitir que recebam grupos, incluindo <\/span><a href=\"http:\/\/bit.ly\/1PsLpFm\" target=\"_blank\" rel=\"noopener\"><span style=\"font-weight: 400;\">universidades<\/span><\/a><span style=\"font-weight: 400;\">, ativistas, jornalistas e ONGs que vem aprender com os membros da comunidade sobre os seus esfor\u00e7os de resist\u00eancia.<\/span><\/p>\n<p><span style=\"font-weight: 400;\">Estes esfor\u00e7os de resist\u00eancia se uniram e contribu\u00ed<\/span><span style=\"font-weight: 400;\">ram para a cria\u00e7\u00e3o\u00a0do\u00a0<\/span><a href=\"http:\/\/bit.ly\/1NLYyxD\" target=\"_blank\" rel=\"noopener\"><span style=\"font-weight: 400;\">Museu das Remo\u00e7\u00f5es<\/span><\/a><span style=\"font-weight: 400;\">\u00a0no \u00faltimo m\u00eas de maio. O Museu das Remo\u00e7\u00f5es tornou-se a ferramenta de organiza\u00e7\u00e3o p\u00f3s-Ol\u00edmpica prim\u00e1ria da Vila Aut\u00f3dromo. Embora toda a terra original da comunidade esteja contemplada <\/span><a href=\"http:\/\/bit.ly\/261kUDv\" target=\"_blank\" rel=\"noopener\"><span style=\"font-weight: 400;\">neste museu ao ar livre<\/span><\/a><span style=\"font-weight: 400;\">, ele tamb\u00e9m inclui in\u00fameros arquivos que guardam a mem\u00f3ria da comunidade sob diversas formas. Atualmente, a casa da Penha foi convertida em um espa\u00e7o tempor\u00e1rio de exposi\u00e7\u00e3o com fotografias e outros materiais.<\/span><\/p>\n<h3><b>Modelo em Uma Luta Global<\/b><\/h3>\n<p><span style=\"font-weight: 400;\">Aquelas vinte fam\u00edlias que resistiram \u00e0s prova\u00e7\u00f5es e tribula\u00e7\u00f5es do processo de remo\u00e7\u00f5es pr\u00e9-Ol\u00edmpicas acreditam que agora est\u00e3o livres de amea\u00e7as futuras. <\/span><span style=\"font-weight: 400;\">Continuam enfatizando que a \u00e1rea foi decretada uma <\/span><a href=\"http:\/\/bit.ly\/1WfCc8W\" target=\"_blank\" rel=\"noopener\"><span style=\"font-weight: 400;\">\u00c1rea de Especial Interesse Social para Habita\u00e7\u00e3o<\/span><\/a><span style=\"font-weight: 400;\">\u00a0(AEIS) de acordo com a\u00a0<\/span><a href=\"http:\/\/bit.ly\/1RGYmz9\" target=\"_blank\" rel=\"noopener\"><span style=\"font-weight: 400;\">Lei Municipal 74\/2005<\/span><\/a><span style=\"font-weight: 400;\">, e que receberam <\/span><a href=\"http:\/\/bit.ly\/1xC6Z6s\" target=\"_blank\" rel=\"noopener\"><span style=\"font-weight: 400;\">titula\u00e7\u00e3o por 99 anos<\/span><\/a><span style=\"font-weight: 400;\"> do governo estadual.\u00a0No entanto, a prefeitura ainda n\u00e3o forneceu os papeis formais prometidos reconhecendo a propriedade das novas casas.\u00a0<\/span><a href=\"http:\/\/bit.ly\/2kKd1AN\" target=\"_blank\" rel=\"noopener\"><span style=\"font-weight: 400;\">Nem completou a infraestrutura restante<\/span><\/a><span style=\"font-weight: 400;\"> prometida \u00e0 comunidade.<\/span><\/p>\n<p><a href=\"http:\/\/rioonwatch.org.br\/wp-content\/uploads\/2017\/03\/11011240_805612422878975_749970115222774143_n-300x300.jpg\"><img loading=\"lazy\" decoding=\"async\" class=\"alignright wp-image-25081 size-full\" src=\"http:\/\/rioonwatch.org.br\/wp-content\/uploads\/2017\/03\/11011240_805612422878975_749970115222774143_n-300x300.jpg\" alt=\"\" width=\"300\" height=\"300\" srcset=\"https:\/\/rioonwatch.org.br\/wp-content\/uploads\/2017\/03\/11011240_805612422878975_749970115222774143_n-300x300.jpg 300w, https:\/\/rioonwatch.org.br\/wp-content\/uploads\/2017\/03\/11011240_805612422878975_749970115222774143_n-300x300-264x264.jpg 264w\" sizes=\"(max-width: 300px) 100vw, 300px\" \/><\/a><\/p>\n<p><span style=\"font-weight: 400;\">Dito isso, ainda mais enfatizada por Penha e Sandra \u00e9 a <\/span><a href=\"http:\/\/bit.ly\/1XkzywK\" target=\"_blank\" rel=\"noopener\"><span style=\"font-weight: 400;\">natureza global da sua luta<\/span><\/a><span style=\"font-weight: 400;\">, e a sua disponibilidade para apoiar ativistas em outros lugares.\u00a0De acordo com a Penha, &#8220;n\u00e3o acabou&#8230; \u00e9 uma luta cont\u00ednua no mundo inteiro, e atrav\u00e9s das redes globais e usando as m\u00eddias sociais podemos levar a hist\u00f3ria para os outros&#8221;. Sandra foi convidada a participar da <\/span><a href=\"http:\/\/bit.ly\/2nJxIe6\" target=\"_blank\" rel=\"noopener\"><span style=\"font-weight: 400;\">Confer\u00eancia Habitat no Equador<\/span><\/a><span style=\"font-weight: 400;\">, enquanto Penha viajou com a Anistia Internacional para Washington e \u00e0s <\/span><a href=\"http:\/\/abr.ai\/2mLHnQy\" target=\"_blank\" rel=\"noopener\"><span style=\"font-weight: 400;\">Na\u00e7\u00f5es Unidas na Su\u00ed\u00e7a<\/span><\/a><span style=\"font-weight: 400;\"> para prestar depoimentos.<\/span><\/p>\n<p><span style=\"font-weight: 400;\">Usando as m\u00eddias sociais e o seu conhecimento \u00edntimo das estrat\u00e9gias de resist\u00eancia, e com a ajuda da rede de outras comunidades, os moradores remanescentes da Vila Aut\u00f3dromo procuram mobilizar os outros: &#8220;recebemos e-mails, v\u00eddeos e visitas de comunidades ao redor do mundo&#8230; Com o nosso conhecimento agora podemos ajudar aos outros&#8230; Agora estamos compartilhando materiais com T\u00f3quio onde as pr\u00f3ximas Olimp\u00edadas acontecer\u00e3o&#8221;, Penha explica.<\/span><\/p>\n<p><a href=\"http:\/\/rioonwatch.org.br\/wp-content\/uploads\/2017\/03\/IMG_5282.jpg\"><img loading=\"lazy\" decoding=\"async\" class=\"alignnone wp-image-25082\" title=\"Camisetas s\u00e3o vendidos para arrecadar fundos para o Museu das remo\u00e7\u00f5es.\" src=\"http:\/\/rioonwatch.org.br\/wp-content\/uploads\/2017\/03\/IMG_5282.jpg\" alt=\"\" width=\"200\" height=\"150\" srcset=\"https:\/\/rioonwatch.org.br\/wp-content\/uploads\/2017\/03\/IMG_5282.jpg 3264w, https:\/\/rioonwatch.org.br\/wp-content\/uploads\/2017\/03\/IMG_5282-352x264.jpg 352w, https:\/\/rioonwatch.org.br\/wp-content\/uploads\/2017\/03\/IMG_5282-620x465.jpg 620w, https:\/\/rioonwatch.org.br\/wp-content\/uploads\/2017\/03\/IMG_5282-768x576.jpg 768w, https:\/\/rioonwatch.org.br\/wp-content\/uploads\/2017\/03\/IMG_5282-1024x768.jpg 1024w, https:\/\/rioonwatch.org.br\/wp-content\/uploads\/2017\/03\/IMG_5282-174x131.jpg 174w, https:\/\/rioonwatch.org.br\/wp-content\/uploads\/2017\/03\/IMG_5282-300x225.jpg 300w, https:\/\/rioonwatch.org.br\/wp-content\/uploads\/2017\/03\/IMG_5282-70x53.jpg 70w\" sizes=\"(max-width: 200px) 100vw, 200px\" \/><\/a> <a href=\"http:\/\/rioonwatch.org.br\/wp-content\/uploads\/2017\/03\/IMG_5280.jpg\"><img loading=\"lazy\" decoding=\"async\" class=\"alignnone wp-image-25083\" title=\"Sandra mostra imagens do Museu das remo\u00e7\u00f5es\" src=\"http:\/\/rioonwatch.org.br\/wp-content\/uploads\/2017\/03\/IMG_5280.jpg\" alt=\"\" width=\"200\" height=\"150\" srcset=\"https:\/\/rioonwatch.org.br\/wp-content\/uploads\/2017\/03\/IMG_5280.jpg 3264w, https:\/\/rioonwatch.org.br\/wp-content\/uploads\/2017\/03\/IMG_5280-352x264.jpg 352w, https:\/\/rioonwatch.org.br\/wp-content\/uploads\/2017\/03\/IMG_5280-620x465.jpg 620w, https:\/\/rioonwatch.org.br\/wp-content\/uploads\/2017\/03\/IMG_5280-768x576.jpg 768w, https:\/\/rioonwatch.org.br\/wp-content\/uploads\/2017\/03\/IMG_5280-1024x768.jpg 1024w, https:\/\/rioonwatch.org.br\/wp-content\/uploads\/2017\/03\/IMG_5280-174x131.jpg 174w, https:\/\/rioonwatch.org.br\/wp-content\/uploads\/2017\/03\/IMG_5280-300x225.jpg 300w, https:\/\/rioonwatch.org.br\/wp-content\/uploads\/2017\/03\/IMG_5280-70x53.jpg 70w\" sizes=\"(max-width: 200px) 100vw, 200px\" \/><\/a> <a href=\"http:\/\/rioonwatch.org.br\/wp-content\/uploads\/2017\/03\/IMG_5273.jpg\"><img loading=\"lazy\" decoding=\"async\" class=\"alignnone wp-image-25084\" title=\"Imagens da exposi\u00e7\u00e3o do fot\u00f3grafo JV de fam\u00edlias desalojadas de Vila Aut\u00f3dromo no Museu das Remo\u00e7\u00f5es\" src=\"http:\/\/rioonwatch.org.br\/wp-content\/uploads\/2017\/03\/IMG_5273.jpg\" alt=\"\" width=\"200\" height=\"150\" srcset=\"https:\/\/rioonwatch.org.br\/wp-content\/uploads\/2017\/03\/IMG_5273.jpg 3264w, https:\/\/rioonwatch.org.br\/wp-content\/uploads\/2017\/03\/IMG_5273-352x264.jpg 352w, https:\/\/rioonwatch.org.br\/wp-content\/uploads\/2017\/03\/IMG_5273-620x465.jpg 620w, https:\/\/rioonwatch.org.br\/wp-content\/uploads\/2017\/03\/IMG_5273-768x576.jpg 768w, https:\/\/rioonwatch.org.br\/wp-content\/uploads\/2017\/03\/IMG_5273-1024x768.jpg 1024w, https:\/\/rioonwatch.org.br\/wp-content\/uploads\/2017\/03\/IMG_5273-174x131.jpg 174w, https:\/\/rioonwatch.org.br\/wp-content\/uploads\/2017\/03\/IMG_5273-300x225.jpg 300w, https:\/\/rioonwatch.org.br\/wp-content\/uploads\/2017\/03\/IMG_5273-70x53.jpg 70w\" sizes=\"(max-width: 200px) 100vw, 200px\" \/><\/a><\/p>\n<!-- AddThis Advanced Settings generic via filter on the_content --><!-- AddThis Share Buttons generic via filter on the_content -->","protected":false},"excerpt":{"rendered":"<div class=\"mh-excerpt\"><p>Click Here for English No dia 14 de mar\u00e7o, o\u00a0RioOnWatch visitou a Vila Aut\u00f3dromo, comunidade que ficou conhecida em toda a cidade e ao redor do mundo\u00a0durante a sua luta determinada contra as remo\u00e7\u00f5es supostamente <a class=\"mh-excerpt-more\" href=\"https:\/\/rioonwatch.org.br\/?p=25069\" title=\"Vila Aut\u00f3dromo Est\u00e1 Realizando Sua Voca\u00e7\u00e3o Como Modelo de Resist\u00eancia\">[&#8230;]<\/a><!-- AddThis Advanced Settings generic via filter on get_the_excerpt --><!-- AddThis Share Buttons generic via filter on get_the_excerpt --><\/p>\n<\/div>","protected":false},"author":129,"featured_media":25071,"comment_status":"closed","ping_status":"closed","sticky":false,"template":"","format":"standard","meta":{"_acf_changed":false,"_monsterinsights_skip_tracking":false,"_monsterinsights_sitenote_active":false,"_monsterinsights_sitenote_note":"","_monsterinsights_sitenote_category":0,"footnotes":""},"categories":[1614,1635,346,1626,344,342],"tags":[274,338,484,1240,1037,78,358,14,432,1347,404,55,184],"writer":[2108],"translator":[1875],"source":[],"ilustrador":[],"fotografo":[],"class_list":{"0":"post-25069","1":"post","2":"type-post","3":"status-publish","4":"format-standard","5":"has-post-thumbnail","7":"category-olhonasremocoes","8":"category-1635","9":"category-denuncias","10":"category-por-observadores-internacionais","11":"category-politicas","12":"category-solucoes","13":"tag-barra-da-tijuca","14":"tag-direito","15":"tag-prefeito-eduardo-paes","16":"tag-megaeventos","17":"tag-moradia","18":"tag-olimpiadas","19":"tag-organizacao-comunitaria","20":"tag-remocao","21":"tag-resistencia","22":"tag-solucao","23":"tag-sustentabilidade","24":"tag-vila-autodromo","25":"tag-zona-oeste","26":"writer-phie-van-rompu","27":"translator-marina-hennies"},"acf":[],"yoast_head":"<!-- This site is optimized with the Yoast SEO plugin v25.6 - https:\/\/yoast.com\/wordpress\/plugins\/seo\/ -->\n<title>Vila Aut\u00f3dromo Est\u00e1 Realizando Sua Voca\u00e7\u00e3o Como Modelo de Resist\u00eancia - RioOnWatch<\/title>\n<meta name=\"robots\" content=\"index, follow, max-snippet:-1, max-image-preview:large, max-video-preview:-1\" \/>\n<link rel=\"canonical\" href=\"https:\/\/rioonwatch.org.br\/?p=25069\" \/>\n<meta property=\"og:locale\" content=\"pt_BR\" \/>\n<meta property=\"og:type\" content=\"article\" \/>\n<meta property=\"og:title\" content=\"Vila Aut\u00f3dromo Est\u00e1 Realizando Sua Voca\u00e7\u00e3o Como Modelo de Resist\u00eancia - RioOnWatch\" \/>\n<meta property=\"og:description\" content=\"Click Here for English No dia 14 de mar\u00e7o, o\u00a0RioOnWatch visitou a Vila Aut\u00f3dromo, comunidade que ficou conhecida em toda a cidade e ao redor do mundo\u00a0durante a sua luta determinada contra as remo\u00e7\u00f5es supostamente [...]\" \/>\n<meta property=\"og:url\" content=\"https:\/\/rioonwatch.org.br\/?p=25069\" \/>\n<meta property=\"og:site_name\" content=\"RioOnWatch\" \/>\n<meta property=\"article:published_time\" content=\"2017-04-03T15:33:48+00:00\" \/>\n<meta property=\"article:modified_time\" content=\"2024-06-20T19:24:38+00:00\" \/>\n<meta property=\"og:image\" content=\"https:\/\/rioonwatch.org.br\/wp-content\/uploads\/2017\/03\/Vila.jpg\" \/>\n\t<meta property=\"og:image:width\" content=\"1000\" \/>\n\t<meta property=\"og:image:height\" content=\"562\" \/>\n\t<meta property=\"og:image:type\" content=\"image\/jpeg\" \/>\n<meta name=\"author\" content=\"Admin\" \/>\n<meta name=\"twitter:card\" content=\"summary_large_image\" \/>\n<meta name=\"twitter:label1\" content=\"Escrito por\" \/>\n\t<meta name=\"twitter:data1\" content=\"Admin\" \/>\n\t<meta name=\"twitter:label2\" content=\"Est. tempo de leitura\" \/>\n\t<meta name=\"twitter:data2\" content=\"5 minutos\" \/>\n<script type=\"application\/ld+json\" class=\"yoast-schema-graph\">{\"@context\":\"https:\/\/schema.org\",\"@graph\":[{\"@type\":\"Article\",\"@id\":\"https:\/\/rioonwatch.org.br\/?p=25069#article\",\"isPartOf\":{\"@id\":\"https:\/\/rioonwatch.org.br\/?p=25069\"},\"author\":{\"name\":\"Admin\",\"@id\":\"https:\/\/rioonwatch.org.br\/#\/schema\/person\/11d64c290506f9df50c71b850c473f68\"},\"headline\":\"Vila Aut\u00f3dromo Est\u00e1 Realizando Sua Voca\u00e7\u00e3o Como Modelo de Resist\u00eancia\",\"datePublished\":\"2017-04-03T15:33:48+00:00\",\"dateModified\":\"2024-06-20T19:24:38+00:00\",\"mainEntityOfPage\":{\"@id\":\"https:\/\/rioonwatch.org.br\/?p=25069\"},\"wordCount\":1020,\"publisher\":{\"@id\":\"https:\/\/rioonwatch.org.br\/#organization\"},\"image\":{\"@id\":\"https:\/\/rioonwatch.org.br\/?p=25069#primaryimage\"},\"thumbnailUrl\":\"https:\/\/rioonwatch.org.br\/wp-content\/uploads\/2017\/03\/Vila.jpg\",\"keywords\":[\"Barra da Tijuca\",\"direito\",\"Eduardo Paes\",\"Megaeventos\",\"moradia\",\"Olimp\u00edadas\",\"organiza\u00e7\u00e3o comunit\u00e1ria\",\"Remo\u00e7\u00e3o\",\"resist\u00eancia\",\"solu\u00e7\u00e3o\",\"sustentabilidade\",\"Vila Aut\u00f3dromo\",\"Zona Oeste\"],\"articleSection\":[\"#OlhoNasRemo\u00e7\u00f5es\",\"#Rio2016\",\"Den\u00fancias\",\"Escrito por Aliados\",\"Pol\u00edticas\",\"Solu\u00e7\u00f5es\"],\"inLanguage\":\"pt-BR\"},{\"@type\":\"WebPage\",\"@id\":\"https:\/\/rioonwatch.org.br\/?p=25069\",\"url\":\"https:\/\/rioonwatch.org.br\/?p=25069\",\"name\":\"Vila Aut\u00f3dromo Est\u00e1 Realizando Sua Voca\u00e7\u00e3o Como Modelo de Resist\u00eancia - RioOnWatch\",\"isPartOf\":{\"@id\":\"https:\/\/rioonwatch.org.br\/#website\"},\"primaryImageOfPage\":{\"@id\":\"https:\/\/rioonwatch.org.br\/?p=25069#primaryimage\"},\"image\":{\"@id\":\"https:\/\/rioonwatch.org.br\/?p=25069#primaryimage\"},\"thumbnailUrl\":\"https:\/\/rioonwatch.org.br\/wp-content\/uploads\/2017\/03\/Vila.jpg\",\"datePublished\":\"2017-04-03T15:33:48+00:00\",\"dateModified\":\"2024-06-20T19:24:38+00:00\",\"breadcrumb\":{\"@id\":\"https:\/\/rioonwatch.org.br\/?p=25069#breadcrumb\"},\"inLanguage\":\"pt-BR\",\"potentialAction\":[{\"@type\":\"ReadAction\",\"target\":[\"https:\/\/rioonwatch.org.br\/?p=25069\"]}]},{\"@type\":\"ImageObject\",\"inLanguage\":\"pt-BR\",\"@id\":\"https:\/\/rioonwatch.org.br\/?p=25069#primaryimage\",\"url\":\"https:\/\/rioonwatch.org.br\/wp-content\/uploads\/2017\/03\/Vila.jpg\",\"contentUrl\":\"https:\/\/rioonwatch.org.br\/wp-content\/uploads\/2017\/03\/Vila.jpg\",\"width\":1000,\"height\":562},{\"@type\":\"BreadcrumbList\",\"@id\":\"https:\/\/rioonwatch.org.br\/?p=25069#breadcrumb\",\"itemListElement\":[{\"@type\":\"ListItem\",\"position\":1,\"name\":\"In\u00edcio\",\"item\":\"https:\/\/rioonwatch.org.br\/\"},{\"@type\":\"ListItem\",\"position\":2,\"name\":\"Vila Aut\u00f3dromo Est\u00e1 Realizando Sua Voca\u00e7\u00e3o Como Modelo de Resist\u00eancia\"}]},{\"@type\":\"WebSite\",\"@id\":\"https:\/\/rioonwatch.org.br\/#website\",\"url\":\"https:\/\/rioonwatch.org.br\/\",\"name\":\"RioOnWatch\",\"description\":\"relatos das favelas cariocas\",\"publisher\":{\"@id\":\"https:\/\/rioonwatch.org.br\/#organization\"},\"potentialAction\":[{\"@type\":\"SearchAction\",\"target\":{\"@type\":\"EntryPoint\",\"urlTemplate\":\"https:\/\/rioonwatch.org.br\/?s={search_term_string}\"},\"query-input\":{\"@type\":\"PropertyValueSpecification\",\"valueRequired\":true,\"valueName\":\"search_term_string\"}}],\"inLanguage\":\"pt-BR\"},{\"@type\":\"Organization\",\"@id\":\"https:\/\/rioonwatch.org.br\/#organization\",\"name\":\"RioOnWatch\",\"url\":\"https:\/\/rioonwatch.org.br\/\",\"logo\":{\"@type\":\"ImageObject\",\"inLanguage\":\"pt-BR\",\"@id\":\"https:\/\/rioonwatch.org.br\/#\/schema\/logo\/image\/\",\"url\":\"https:\/\/rioonwatch.org.br\/wp-content\/uploads\/2021\/06\/RioOnWatchcabecalhoPT11anos-2.png\",\"contentUrl\":\"https:\/\/rioonwatch.org.br\/wp-content\/uploads\/2021\/06\/RioOnWatchcabecalhoPT11anos-2.png\",\"width\":779,\"height\":277,\"caption\":\"RioOnWatch\"},\"image\":{\"@id\":\"https:\/\/rioonwatch.org.br\/#\/schema\/logo\/image\/\"}},{\"@type\":\"Person\",\"@id\":\"https:\/\/rioonwatch.org.br\/#\/schema\/person\/11d64c290506f9df50c71b850c473f68\",\"name\":\"Admin\",\"image\":{\"@type\":\"ImageObject\",\"inLanguage\":\"pt-BR\",\"@id\":\"https:\/\/rioonwatch.org.br\/#\/schema\/person\/image\/\",\"url\":\"https:\/\/secure.gravatar.com\/avatar\/56211ac74568383903349a1485e3c325?s=96&d=blank&r=g\",\"contentUrl\":\"https:\/\/secure.gravatar.com\/avatar\/56211ac74568383903349a1485e3c325?s=96&d=blank&r=g\",\"caption\":\"Admin\"},\"url\":\"https:\/\/rioonwatch.org.br\/?author=129\"}]}<\/script>\n<!-- \/ Yoast SEO plugin. -->","yoast_head_json":{"title":"Vila Aut\u00f3dromo Est\u00e1 Realizando Sua Voca\u00e7\u00e3o Como Modelo de Resist\u00eancia - RioOnWatch","robots":{"index":"index","follow":"follow","max-snippet":"max-snippet:-1","max-image-preview":"max-image-preview:large","max-video-preview":"max-video-preview:-1"},"canonical":"https:\/\/rioonwatch.org.br\/?p=25069","og_locale":"pt_BR","og_type":"article","og_title":"Vila Aut\u00f3dromo Est\u00e1 Realizando Sua Voca\u00e7\u00e3o Como Modelo de Resist\u00eancia - RioOnWatch","og_description":"Click Here for English No dia 14 de mar\u00e7o, o\u00a0RioOnWatch visitou a Vila Aut\u00f3dromo, comunidade que ficou conhecida em toda a cidade e ao redor do mundo\u00a0durante a sua luta determinada contra as remo\u00e7\u00f5es supostamente [...]","og_url":"https:\/\/rioonwatch.org.br\/?p=25069","og_site_name":"RioOnWatch","article_published_time":"2017-04-03T15:33:48+00:00","article_modified_time":"2024-06-20T19:24:38+00:00","og_image":[{"width":1000,"height":562,"url":"https:\/\/rioonwatch.org.br\/wp-content\/uploads\/2017\/03\/Vila.jpg","type":"image\/jpeg"}],"author":"Admin","twitter_card":"summary_large_image","twitter_misc":{"Escrito por":"Admin","Est. tempo de leitura":"5 minutos"},"schema":{"@context":"https:\/\/schema.org","@graph":[{"@type":"Article","@id":"https:\/\/rioonwatch.org.br\/?p=25069#article","isPartOf":{"@id":"https:\/\/rioonwatch.org.br\/?p=25069"},"author":{"name":"Admin","@id":"https:\/\/rioonwatch.org.br\/#\/schema\/person\/11d64c290506f9df50c71b850c473f68"},"headline":"Vila Aut\u00f3dromo Est\u00e1 Realizando Sua Voca\u00e7\u00e3o Como Modelo de Resist\u00eancia","datePublished":"2017-04-03T15:33:48+00:00","dateModified":"2024-06-20T19:24:38+00:00","mainEntityOfPage":{"@id":"https:\/\/rioonwatch.org.br\/?p=25069"},"wordCount":1020,"publisher":{"@id":"https:\/\/rioonwatch.org.br\/#organization"},"image":{"@id":"https:\/\/rioonwatch.org.br\/?p=25069#primaryimage"},"thumbnailUrl":"https:\/\/rioonwatch.org.br\/wp-content\/uploads\/2017\/03\/Vila.jpg","keywords":["Barra da Tijuca","direito","Eduardo Paes","Megaeventos","moradia","Olimp\u00edadas","organiza\u00e7\u00e3o comunit\u00e1ria","Remo\u00e7\u00e3o","resist\u00eancia","solu\u00e7\u00e3o","sustentabilidade","Vila Aut\u00f3dromo","Zona Oeste"],"articleSection":["#OlhoNasRemo\u00e7\u00f5es","#Rio2016","Den\u00fancias","Escrito por Aliados","Pol\u00edticas","Solu\u00e7\u00f5es"],"inLanguage":"pt-BR"},{"@type":"WebPage","@id":"https:\/\/rioonwatch.org.br\/?p=25069","url":"https:\/\/rioonwatch.org.br\/?p=25069","name":"Vila Aut\u00f3dromo Est\u00e1 Realizando Sua Voca\u00e7\u00e3o Como Modelo de Resist\u00eancia - RioOnWatch","isPartOf":{"@id":"https:\/\/rioonwatch.org.br\/#website"},"primaryImageOfPage":{"@id":"https:\/\/rioonwatch.org.br\/?p=25069#primaryimage"},"image":{"@id":"https:\/\/rioonwatch.org.br\/?p=25069#primaryimage"},"thumbnailUrl":"https:\/\/rioonwatch.org.br\/wp-content\/uploads\/2017\/03\/Vila.jpg","datePublished":"2017-04-03T15:33:48+00:00","dateModified":"2024-06-20T19:24:38+00:00","breadcrumb":{"@id":"https:\/\/rioonwatch.org.br\/?p=25069#breadcrumb"},"inLanguage":"pt-BR","potentialAction":[{"@type":"ReadAction","target":["https:\/\/rioonwatch.org.br\/?p=25069"]}]},{"@type":"ImageObject","inLanguage":"pt-BR","@id":"https:\/\/rioonwatch.org.br\/?p=25069#primaryimage","url":"https:\/\/rioonwatch.org.br\/wp-content\/uploads\/2017\/03\/Vila.jpg","contentUrl":"https:\/\/rioonwatch.org.br\/wp-content\/uploads\/2017\/03\/Vila.jpg","width":1000,"height":562},{"@type":"BreadcrumbList","@id":"https:\/\/rioonwatch.org.br\/?p=25069#breadcrumb","itemListElement":[{"@type":"ListItem","position":1,"name":"In\u00edcio","item":"https:\/\/rioonwatch.org.br\/"},{"@type":"ListItem","position":2,"name":"Vila Aut\u00f3dromo Est\u00e1 Realizando Sua Voca\u00e7\u00e3o Como Modelo de Resist\u00eancia"}]},{"@type":"WebSite","@id":"https:\/\/rioonwatch.org.br\/#website","url":"https:\/\/rioonwatch.org.br\/","name":"RioOnWatch","description":"relatos das favelas cariocas","publisher":{"@id":"https:\/\/rioonwatch.org.br\/#organization"},"potentialAction":[{"@type":"SearchAction","target":{"@type":"EntryPoint","urlTemplate":"https:\/\/rioonwatch.org.br\/?s={search_term_string}"},"query-input":{"@type":"PropertyValueSpecification","valueRequired":true,"valueName":"search_term_string"}}],"inLanguage":"pt-BR"},{"@type":"Organization","@id":"https:\/\/rioonwatch.org.br\/#organization","name":"RioOnWatch","url":"https:\/\/rioonwatch.org.br\/","logo":{"@type":"ImageObject","inLanguage":"pt-BR","@id":"https:\/\/rioonwatch.org.br\/#\/schema\/logo\/image\/","url":"https:\/\/rioonwatch.org.br\/wp-content\/uploads\/2021\/06\/RioOnWatchcabecalhoPT11anos-2.png","contentUrl":"https:\/\/rioonwatch.org.br\/wp-content\/uploads\/2021\/06\/RioOnWatchcabecalhoPT11anos-2.png","width":779,"height":277,"caption":"RioOnWatch"},"image":{"@id":"https:\/\/rioonwatch.org.br\/#\/schema\/logo\/image\/"}},{"@type":"Person","@id":"https:\/\/rioonwatch.org.br\/#\/schema\/person\/11d64c290506f9df50c71b850c473f68","name":"Admin","image":{"@type":"ImageObject","inLanguage":"pt-BR","@id":"https:\/\/rioonwatch.org.br\/#\/schema\/person\/image\/","url":"https:\/\/secure.gravatar.com\/avatar\/56211ac74568383903349a1485e3c325?s=96&d=blank&r=g","contentUrl":"https:\/\/secure.gravatar.com\/avatar\/56211ac74568383903349a1485e3c325?s=96&d=blank&r=g","caption":"Admin"},"url":"https:\/\/rioonwatch.org.br\/?author=129"}]}},"_links":{"self":[{"href":"https:\/\/rioonwatch.org.br\/index.php?rest_route=\/wp\/v2\/posts\/25069"}],"collection":[{"href":"https:\/\/rioonwatch.org.br\/index.php?rest_route=\/wp\/v2\/posts"}],"about":[{"href":"https:\/\/rioonwatch.org.br\/index.php?rest_route=\/wp\/v2\/types\/post"}],"author":[{"embeddable":true,"href":"https:\/\/rioonwatch.org.br\/index.php?rest_route=\/wp\/v2\/users\/129"}],"replies":[{"embeddable":true,"href":"https:\/\/rioonwatch.org.br\/index.php?rest_route=%2Fwp%2Fv2%2Fcomments&post=25069"}],"version-history":[{"count":15,"href":"https:\/\/rioonwatch.org.br\/index.php?rest_route=\/wp\/v2\/posts\/25069\/revisions"}],"predecessor-version":[{"id":74316,"href":"https:\/\/rioonwatch.org.br\/index.php?rest_route=\/wp\/v2\/posts\/25069\/revisions\/74316"}],"wp:featuredmedia":[{"embeddable":true,"href":"https:\/\/rioonwatch.org.br\/index.php?rest_route=\/wp\/v2\/media\/25071"}],"wp:attachment":[{"href":"https:\/\/rioonwatch.org.br\/index.php?rest_route=%2Fwp%2Fv2%2Fmedia&parent=25069"}],"wp:term":[{"taxonomy":"category","embeddable":true,"href":"https:\/\/rioonwatch.org.br\/index.php?rest_route=%2Fwp%2Fv2%2Fcategories&post=25069"},{"taxonomy":"post_tag","embeddable":true,"href":"https:\/\/rioonwatch.org.br\/index.php?rest_route=%2Fwp%2Fv2%2Ftags&post=25069"},{"taxonomy":"writer","embeddable":true,"href":"https:\/\/rioonwatch.org.br\/index.php?rest_route=%2Fwp%2Fv2%2Fwriter&post=25069"},{"taxonomy":"translator","embeddable":true,"href":"https:\/\/rioonwatch.org.br\/index.php?rest_route=%2Fwp%2Fv2%2Ftranslator&post=25069"},{"taxonomy":"source","embeddable":true,"href":"https:\/\/rioonwatch.org.br\/index.php?rest_route=%2Fwp%2Fv2%2Fsource&post=25069"},{"taxonomy":"ilustrador","embeddable":true,"href":"https:\/\/rioonwatch.org.br\/index.php?rest_route=%2Fwp%2Fv2%2Filustrador&post=25069"},{"taxonomy":"fotografo","embeddable":true,"href":"https:\/\/rioonwatch.org.br\/index.php?rest_route=%2Fwp%2Fv2%2Ffotografo&post=25069"}],"curies":[{"name":"wp","href":"https:\/\/api.w.org\/{rel}","templated":true}]}}