{"id":25108,"date":"2017-03-31T07:52:05","date_gmt":"2017-03-31T10:52:05","guid":{"rendered":"http:\/\/rioonwatch.org.br\/?p=25108"},"modified":"2024-03-22T07:43:21","modified_gmt":"2024-03-22T10:43:21","slug":"engenheiros-e-deputados-estaduais-criticam-privatizacao-da-cedae-no-dia-mundial-da-agua","status":"publish","type":"post","link":"https:\/\/rioonwatch.org.br\/?p=25108","title":{"rendered":"Engenheiros e Deputados Estaduais Criticam Privatiza\u00e7\u00e3o da CEDAE no Dia Mundial da \u00c1gua"},"content":{"rendered":"<p style=\"text-align: right;\"><em><strong><a href=\"http:\/\/bit.ly\/2ooTTpE\" target=\"_blank\" rel=\"noopener\">Click Here for English<img decoding=\"async\" width=\"20\" height=\"20\" class=\"alignright wp-image-15790\" src=\"http:\/\/rioonwatch.org.br\/wp-content\/uploads\/2012\/08\/EN-standard-e1439583104716.jpg\" alt=\"\" \/><\/a><\/strong><\/em><\/p>\n<p>Dia 22 de mar\u00e7o marcou o <a href=\"http:\/\/bit.ly\/2ofJ4du\" target=\"_blank\" rel=\"noopener\">Dia Mundial da \u00c1gua<\/a>. Com o apoio da Sociedade de Engenheiros e Arquitetos do Estado do Rio de Janeiro (<a href=\"http:\/\/bit.ly\/2o4p5es\" target=\"_blank\" rel=\"noopener\">SEAERJ<\/a>) e da ONG <a href=\"http:\/\/bit.ly\/2aJXfiq\" target=\"_blank\" rel=\"noopener\">Ba\u00eda Viva<\/a>, o <a href=\"http:\/\/bit.ly\/2mCqTOz\" target=\"_blank\" rel=\"noopener\">Clube de Engenharia<\/a> aproveitou este dia para discutir alternativas relacionadas a <a href=\"http:\/\/bit.ly\/2mjHAhl\" target=\"_blank\" rel=\"noopener\">privatiza\u00e7\u00e3o<\/a> da <a href=\"http:\/\/bit.ly\/14mlkmP\" target=\"_blank\" rel=\"noopener\">CEDAE<\/a>. Conselheiros, funcion\u00e1rios da CEDAE, estudantes de engenharia e outros estiveram entre o p\u00fablico do <a href=\"http:\/\/bit.ly\/2o10GK1\" target=\"_blank\" rel=\"noopener\">evento<\/a> intitulado &#8220;<a href=\"http:\/\/bit.ly\/2n9sDLv\" target=\"_blank\" rel=\"noopener\">Alternativas para saneamento X\u00a0privatiza\u00e7\u00e3o da CEDAE<\/a>&#8220;.<\/p>\n<p><a href=\"http:\/\/bit.ly\/2nmd7v9\" target=\"_blank\" rel=\"noopener\">A mesa-redonda no Clube de Engenharia<\/a> contou com deputados estaduais\u00a0Paulo Ramos (<a href=\"http:\/\/bit.ly\/2cPkd9v\" target=\"_blank\" rel=\"noopener\">PSOL<\/a>), Luiz Paulo Corr\u00eaa da Rocha (<a href=\"http:\/\/bit.ly\/2nEt9UD\" target=\"_blank\" rel=\"noopener\">PSDB<\/a>), Dr. Glaucio Julianelli (PSOL), S\u00e9rgio Ricardo (Fundador da Ba\u00eda Viva) e Nilo Ov\u00eddio Lima Passos (Presidente da SEAERJ). Jos\u00e9 Stelberto Soares, assessor do Clube de Engenharia e engenheiro de saneamento, foi o moderador.<\/p>\n<p>O evento foi aberto por Sebasti\u00e3o Soares (primeiro vice-presidente do Clube de Engenharia), que apresentou o posicionamento do Clube de Engenharia por escrito, aprovado pelo seu Conselho de Administra\u00e7\u00e3o. Entre outros, a declara\u00e7\u00e3o afirmou a posi\u00e7\u00e3o do Clube de que a \u00e1gua precisa continuar a ser um <a href=\"http:\/\/bit.ly\/2e2SW2d\" target=\"_blank\" rel=\"noopener\">servi\u00e7o p\u00fablico e universal<\/a>:<\/p>\n<blockquote><p>\u201c\u00c0 sociedade importa que a <a href=\"http:\/\/bit.ly\/2mjHAhl\" target=\"_blank\" rel=\"noopener\">presta\u00e7\u00e3o de servi\u00e7os seja universal<\/a>, de boa qualidade e com <a href=\"http:\/\/bit.ly\/2fhyVEk\" target=\"_blank\" rel=\"noopener\">tarifas<\/a> m\u00f3dicas, o que torna necess\u00e1ria a exist\u00eancia de ag\u00eancias reguladoras cujos integrantes sejam escolhidos criteriosamente e das quais <a href=\"http:\/\/bit.ly\/14P8gmB\" target=\"_blank\" rel=\"noopener\">participem<\/a> representantes da sociedade civil, especialmente os usu\u00e1rios, para que se assegure uma <a href=\"http:\/\/bit.ly\/1rOePGu\" target=\"_blank\" rel=\"noopener\">fiscaliza\u00e7\u00e3o efetiva e transparente dos servi\u00e7os<\/a>, principalmente quanto aos par\u00e2metros de abrang\u00eancia e qualidade.<\/p>\n<p>(\u2026)<\/p>\n<p>Assegurada a presta\u00e7\u00e3o do servi\u00e7o p\u00fablico, com eficaz controle social e efetiva <a href=\"http:\/\/bit.ly\/24Ua8ZK\" target=\"_blank\" rel=\"noopener\">transpar\u00eancia<\/a> e, desde que interesses conjunturais do concession\u00e1rio n\u00e3o prevale\u00e7am sobre os servi\u00e7os aos usu\u00e1rios, importa que a empresa prestadora seja de capital nacional, para que n\u00e3o se crie um d\u00e9ficit estrutural no balan\u00e7o de pagamentos, pois a presta\u00e7\u00e3o de servi\u00e7os p\u00fablicos gera resultados apenas em reais.<em>&#8220;<\/em><\/p><\/blockquote>\n<p>Apesar do objetivo do evento ser a busca de alternativas para a <a href=\"http:\/\/bit.ly\/2mjHAhl\" target=\"_blank\" rel=\"noopener\">iminente privatiza\u00e7\u00e3o da CEDAE<\/a>, Paulo Ramos argumentou que &#8220;n\u00e3o iriam discutir alternativas [j\u00e1 que] a CEDAE \u00e9 a \u00fanica op\u00e7\u00e3o&#8221;, acrescentando que a CEDAE tem um car\u00e1ter simb\u00f3lico para a popula\u00e7\u00e3o carioca.<\/p>\n<p>Luiz Paulo Corr\u00eaa da Rocha destacou que o que est\u00e1 em jogo \u00e9 uma privatiza\u00e7\u00e3o, que se refere <a href=\"http:\/\/bit.ly\/2nRgLS2\" target=\"_blank\" rel=\"noopener\">a venda de\u00a0 ativos f\u00edsicos<\/a>, como infraestrutura subterr\u00e2nea e esta\u00e7\u00f5es de tratamento, e que \u00e9 diferente de uma concess\u00e3o (<a href=\"http:\/\/bit.ly\/2nPXy2N\" target=\"_blank\" rel=\"noopener\">onde a empresa privada opera os servi\u00e7os e faz novos investimentos<\/a> para aumentar a efici\u00eancia). Luiz Paulo criticou a privatiza\u00e7\u00e3o, j\u00e1 que retiraria os investimentos e, assim, retardaria o desenvolvimento do setor de \u00e1gua e saneamento.<\/p>\n<p>Al\u00e9m disso, o representante do Estado lamentou que o governo parecia ter tomado essa decis\u00e3o de longo alcance sem possuir conhecimento adequado sobre o que isso poderia gerar, deixando muitas perguntas sem respostas: &#8220;Com quem fica a produ\u00e7\u00e3o? Quanto valem os ativos? Quais s\u00e3o as metas de investimento para universaliza\u00e7\u00e3o?&#8221;<\/p>\n<p>Glaucio Julianelli explicou ainda que v\u00e1rias mudan\u00e7as importantes ser\u00e3o indispens\u00e1veis para o setor de saneamento nos pr\u00f3ximos anos, o que envolver\u00e1 disputas sobre a \u00e1gua, principalmente com o estado vizinho, S\u00e3o Paulo. &#8220;Essa negocia\u00e7\u00e3o, essa exposi\u00e7\u00e3o de interesse do cidad\u00e3o fluminense, tem, na minha maneira de entender, que ser conduzida por uma companhia estatal, do Governo do Estado do Rio de Janeiro&#8221;, argumentou. Isso foi complementado pelo argumento de que a CEDAE acumulou uma vasta quantidade de conhecimento e experi\u00eancia durante suas v\u00e1rias d\u00e9cadas de atividade.<\/p>\n<p><a href=\"http:\/\/rioonwatch.org.br\/wp-content\/uploads\/2017\/03\/unnamed-1kje-940x400.jpg\"><img fetchpriority=\"high\" decoding=\"async\" class=\"aligncenter wp-image-25112 size-content\" title=\"P\u00fablico no Clube de Engenharia. Foto por Fernando Alvim\" src=\"http:\/\/rioonwatch.org.br\/wp-content\/uploads\/2017\/03\/unnamed-1kje-940x400-620x264.jpg\" alt=\"\" width=\"620\" height=\"264\" srcset=\"https:\/\/rioonwatch.org.br\/wp-content\/uploads\/2017\/03\/unnamed-1kje-940x400-620x264.jpg 620w, https:\/\/rioonwatch.org.br\/wp-content\/uploads\/2017\/03\/unnamed-1kje-940x400-768x327.jpg 768w, https:\/\/rioonwatch.org.br\/wp-content\/uploads\/2017\/03\/unnamed-1kje-940x400.jpg 940w\" sizes=\"(max-width: 620px) 100vw, 620px\" \/><\/a><\/p>\n<p>Em meio a um acalorado debate e \u00e0 luz dos fins lucrativos caracter\u00edsticos de uma empresa privada, Glaucio Julianelli expressou que n\u00e3o v\u00ea &#8220;como as\u00a0comunidades do Rio de Janeiro&#8211;as <a href=\"http:\/\/bit.ly\/2mjHAhl\" target=\"_blank\" rel=\"noopener\">comunidades mais carentes&#8211;v\u00e3o ser atendidas<\/a>&#8220;. N\u00e3o valeria a pena para a empresa e &#8220;como ela vai ser a \u00fanica prestadora de servi\u00e7o de \u00e1gua, ela atuar\u00e1 sem concorr\u00eancia&#8221;.<\/p>\n<p>Sergio Ricardo fez eco a isso e espera um aumento na j\u00e1 <a href=\"http:\/\/bit.ly\/2om8N0x\" target=\"_blank\" rel=\"noopener\">alta desigualdade do Rio<\/a> como conseq\u00fc\u00eancia da privatiza\u00e7\u00e3o. Al\u00e9m disso, apontou, que com o <a href=\"https:\/\/glo.bo\/2odTtpH\" target=\"_blank\" rel=\"noopener\">objetivo de privatizar in\u00fameras empresas de saneamento<\/a>, o Brasil est\u00e1 indo contra a tend\u00eancia global da \u00faltima d\u00e9cada, onde <a href=\"http:\/\/bit.ly\/2ohWv8H\" target=\"_blank\" rel=\"noopener\">mais de 200 cidades est\u00e3o desprivatizando<\/a>. No entanto, &#8220;<a href=\"http:\/\/bit.ly\/2mCCJZc\" target=\"_blank\" rel=\"noopener\">existem dispon\u00edveis aproximadamente R$500 bilh\u00f5es no governo federal para investimento em saneamento<\/a>&#8220;. Portanto, Sergio Ricardo prop\u00f5e que o governo federal poderia investir, por exemplo, em parcerias entre a CEDAE e os munic\u00edpios.<\/p>\n<p>Lembrando ao p\u00fablico que o Brasil ainda est\u00e1 longe de &#8220;fornecer moradia digna para cada pessoa no pa\u00eds&#8221;, que inclui <a href=\"http:\/\/bit.ly\/2jyCGqO\" target=\"_blank\" rel=\"noopener\">infraestrutura de saneamento b\u00e1sico apropriada<\/a>, Glaucio Julianelli sublinhou a import\u00e2ncia dos <a href=\"http:\/\/bit.ly\/1XjdXct\" target=\"_blank\" rel=\"noopener\">movimentos sociais<\/a>. Ou como disse Sergio Ricardo, referindo-se a protestos anteriores contra a privatiza\u00e7\u00e3o da CEDAE nos anos 90: &#8220;A luta se ganha <a href=\"http:\/\/bit.ly\/12hqS0g\" target=\"_blank\" rel=\"noopener\">na rua<\/a>&#8220;.<\/p>\n<!-- AddThis Advanced Settings generic via filter on the_content --><!-- AddThis Share Buttons generic via filter on the_content -->","protected":false},"excerpt":{"rendered":"<div class=\"mh-excerpt\"><p>Click Here for English Dia 22 de mar\u00e7o marcou o Dia Mundial da \u00c1gua. Com o apoio da Sociedade de Engenheiros e Arquitetos do Estado do Rio de Janeiro (SEAERJ) e da ONG Ba\u00eda Viva, <a class=\"mh-excerpt-more\" href=\"https:\/\/rioonwatch.org.br\/?p=25108\" title=\"Engenheiros e Deputados Estaduais Criticam Privatiza\u00e7\u00e3o da CEDAE no Dia Mundial da \u00c1gua\">[&#8230;]<\/a><!-- AddThis Advanced Settings generic via filter on get_the_excerpt --><!-- AddThis Share Buttons generic via filter on get_the_excerpt --><\/p>\n<\/div>","protected":false},"author":129,"featured_media":25111,"comment_status":"closed","ping_status":"closed","sticky":false,"template":"","format":"standard","meta":{"_acf_changed":false,"_monsterinsights_skip_tracking":false,"_monsterinsights_sitenote_active":false,"_monsterinsights_sitenote_note":"","_monsterinsights_sitenote_category":0,"footnotes":""},"categories":[1627,1626,344,1612,1639],"tags":[510,620,709,3418,88,322,838,839,1164,1988,1989,492,1211],"writer":[2097],"translator":[1491],"source":[],"ilustrador":[],"fotografo":[],"class_list":{"0":"post-25108","1":"post","2":"type-post","3":"status-publish","4":"format-standard","5":"has-post-thumbnail","7":"category-relato-de-evento","8":"category-por-observadores-internacionais","9":"category-politicas","10":"category-sociedade-civil","11":"category-sustentabilidade","12":"tag-agua","13":"tag-cedae","14":"tag-debate","15":"tag-dia-da-agua","16":"tag-direitos-humanos","17":"tag-esgoto","18":"tag-politica-publica","19":"tag-prioridades-publicas-equivocadas","20":"tag-privatizacao","21":"tag-psdb","22":"tag-psol","23":"tag-saneamento","24":"tag-servicos-publicos","25":"writer-lisa-godde","26":"translator-patricia-gomes"},"acf":[],"yoast_head":"<!-- This site is optimized with the Yoast SEO plugin v25.6 - https:\/\/yoast.com\/wordpress\/plugins\/seo\/ -->\n<title>Engenheiros e Deputados Estaduais Criticam Privatiza\u00e7\u00e3o da CEDAE no Dia Mundial da \u00c1gua - RioOnWatch<\/title>\n<meta name=\"robots\" content=\"index, follow, max-snippet:-1, max-image-preview:large, max-video-preview:-1\" \/>\n<link rel=\"canonical\" href=\"https:\/\/rioonwatch.org.br\/?p=25108\" \/>\n<meta property=\"og:locale\" content=\"pt_BR\" \/>\n<meta property=\"og:type\" content=\"article\" \/>\n<meta property=\"og:title\" content=\"Engenheiros e Deputados Estaduais Criticam Privatiza\u00e7\u00e3o da CEDAE no Dia Mundial da \u00c1gua - RioOnWatch\" \/>\n<meta property=\"og:description\" content=\"Click Here for English Dia 22 de mar\u00e7o marcou o Dia Mundial da \u00c1gua. Com o apoio da Sociedade de Engenheiros e Arquitetos do Estado do Rio de Janeiro (SEAERJ) e da ONG Ba\u00eda Viva, [...]\" \/>\n<meta property=\"og:url\" content=\"https:\/\/rioonwatch.org.br\/?p=25108\" \/>\n<meta property=\"og:site_name\" content=\"RioOnWatch\" \/>\n<meta property=\"article:published_time\" content=\"2017-03-31T10:52:05+00:00\" \/>\n<meta property=\"article:modified_time\" content=\"2024-03-22T10:43:21+00:00\" \/>\n<meta property=\"og:image\" content=\"https:\/\/rioonwatch.org.br\/wp-content\/uploads\/2017\/03\/clube-de-engenharia.jpg\" \/>\n\t<meta property=\"og:image:width\" content=\"2000\" \/>\n\t<meta property=\"og:image:height\" content=\"999\" \/>\n\t<meta property=\"og:image:type\" content=\"image\/jpeg\" \/>\n<meta name=\"author\" content=\"Admin\" \/>\n<meta name=\"twitter:card\" content=\"summary_large_image\" \/>\n<meta name=\"twitter:label1\" content=\"Escrito por\" \/>\n\t<meta name=\"twitter:data1\" content=\"Admin\" \/>\n\t<meta name=\"twitter:label2\" content=\"Est. tempo de leitura\" \/>\n\t<meta name=\"twitter:data2\" content=\"5 minutos\" \/>\n<script type=\"application\/ld+json\" class=\"yoast-schema-graph\">{\"@context\":\"https:\/\/schema.org\",\"@graph\":[{\"@type\":\"Article\",\"@id\":\"https:\/\/rioonwatch.org.br\/?p=25108#article\",\"isPartOf\":{\"@id\":\"https:\/\/rioonwatch.org.br\/?p=25108\"},\"author\":{\"name\":\"Admin\",\"@id\":\"https:\/\/rioonwatch.org.br\/#\/schema\/person\/11d64c290506f9df50c71b850c473f68\"},\"headline\":\"Engenheiros e Deputados Estaduais Criticam Privatiza\u00e7\u00e3o da CEDAE no Dia Mundial da \u00c1gua\",\"datePublished\":\"2017-03-31T10:52:05+00:00\",\"dateModified\":\"2024-03-22T10:43:21+00:00\",\"mainEntityOfPage\":{\"@id\":\"https:\/\/rioonwatch.org.br\/?p=25108\"},\"wordCount\":850,\"publisher\":{\"@id\":\"https:\/\/rioonwatch.org.br\/#organization\"},\"image\":{\"@id\":\"https:\/\/rioonwatch.org.br\/?p=25108#primaryimage\"},\"thumbnailUrl\":\"https:\/\/rioonwatch.org.br\/wp-content\/uploads\/2017\/03\/clube-de-engenharia.jpg\",\"keywords\":[\"\u00e1gua\",\"CEDAE\",\"debate\",\"Dia Mundial da \u00c1gua\",\"Direitos Humanos\",\"esgoto\",\"pol\u00edtica p\u00fablica\",\"prioridades p\u00fablicas equivocadas\",\"privatiza\u00e7\u00e3o\",\"PSDB\",\"PSOL\",\"saneamento\",\"servi\u00e7os p\u00fablicos\"],\"articleSection\":[\"Cobertura de Eventos\",\"Escrito por Aliados\",\"Pol\u00edticas\",\"Sociedade Civil\",\"Sustentabilidade\"],\"inLanguage\":\"pt-BR\"},{\"@type\":\"WebPage\",\"@id\":\"https:\/\/rioonwatch.org.br\/?p=25108\",\"url\":\"https:\/\/rioonwatch.org.br\/?p=25108\",\"name\":\"Engenheiros e Deputados Estaduais Criticam Privatiza\u00e7\u00e3o da CEDAE no Dia Mundial da \u00c1gua - RioOnWatch\",\"isPartOf\":{\"@id\":\"https:\/\/rioonwatch.org.br\/#website\"},\"primaryImageOfPage\":{\"@id\":\"https:\/\/rioonwatch.org.br\/?p=25108#primaryimage\"},\"image\":{\"@id\":\"https:\/\/rioonwatch.org.br\/?p=25108#primaryimage\"},\"thumbnailUrl\":\"https:\/\/rioonwatch.org.br\/wp-content\/uploads\/2017\/03\/clube-de-engenharia.jpg\",\"datePublished\":\"2017-03-31T10:52:05+00:00\",\"dateModified\":\"2024-03-22T10:43:21+00:00\",\"breadcrumb\":{\"@id\":\"https:\/\/rioonwatch.org.br\/?p=25108#breadcrumb\"},\"inLanguage\":\"pt-BR\",\"potentialAction\":[{\"@type\":\"ReadAction\",\"target\":[\"https:\/\/rioonwatch.org.br\/?p=25108\"]}]},{\"@type\":\"ImageObject\",\"inLanguage\":\"pt-BR\",\"@id\":\"https:\/\/rioonwatch.org.br\/?p=25108#primaryimage\",\"url\":\"https:\/\/rioonwatch.org.br\/wp-content\/uploads\/2017\/03\/clube-de-engenharia.jpg\",\"contentUrl\":\"https:\/\/rioonwatch.org.br\/wp-content\/uploads\/2017\/03\/clube-de-engenharia.jpg\",\"width\":2000,\"height\":999},{\"@type\":\"BreadcrumbList\",\"@id\":\"https:\/\/rioonwatch.org.br\/?p=25108#breadcrumb\",\"itemListElement\":[{\"@type\":\"ListItem\",\"position\":1,\"name\":\"In\u00edcio\",\"item\":\"https:\/\/rioonwatch.org.br\/\"},{\"@type\":\"ListItem\",\"position\":2,\"name\":\"Engenheiros e Deputados Estaduais Criticam Privatiza\u00e7\u00e3o da CEDAE no Dia Mundial da \u00c1gua\"}]},{\"@type\":\"WebSite\",\"@id\":\"https:\/\/rioonwatch.org.br\/#website\",\"url\":\"https:\/\/rioonwatch.org.br\/\",\"name\":\"RioOnWatch\",\"description\":\"relatos das favelas cariocas\",\"publisher\":{\"@id\":\"https:\/\/rioonwatch.org.br\/#organization\"},\"potentialAction\":[{\"@type\":\"SearchAction\",\"target\":{\"@type\":\"EntryPoint\",\"urlTemplate\":\"https:\/\/rioonwatch.org.br\/?s={search_term_string}\"},\"query-input\":{\"@type\":\"PropertyValueSpecification\",\"valueRequired\":true,\"valueName\":\"search_term_string\"}}],\"inLanguage\":\"pt-BR\"},{\"@type\":\"Organization\",\"@id\":\"https:\/\/rioonwatch.org.br\/#organization\",\"name\":\"RioOnWatch\",\"url\":\"https:\/\/rioonwatch.org.br\/\",\"logo\":{\"@type\":\"ImageObject\",\"inLanguage\":\"pt-BR\",\"@id\":\"https:\/\/rioonwatch.org.br\/#\/schema\/logo\/image\/\",\"url\":\"https:\/\/rioonwatch.org.br\/wp-content\/uploads\/2021\/06\/RioOnWatchcabecalhoPT11anos-2.png\",\"contentUrl\":\"https:\/\/rioonwatch.org.br\/wp-content\/uploads\/2021\/06\/RioOnWatchcabecalhoPT11anos-2.png\",\"width\":779,\"height\":277,\"caption\":\"RioOnWatch\"},\"image\":{\"@id\":\"https:\/\/rioonwatch.org.br\/#\/schema\/logo\/image\/\"}},{\"@type\":\"Person\",\"@id\":\"https:\/\/rioonwatch.org.br\/#\/schema\/person\/11d64c290506f9df50c71b850c473f68\",\"name\":\"Admin\",\"image\":{\"@type\":\"ImageObject\",\"inLanguage\":\"pt-BR\",\"@id\":\"https:\/\/rioonwatch.org.br\/#\/schema\/person\/image\/\",\"url\":\"https:\/\/secure.gravatar.com\/avatar\/56211ac74568383903349a1485e3c325?s=96&d=blank&r=g\",\"contentUrl\":\"https:\/\/secure.gravatar.com\/avatar\/56211ac74568383903349a1485e3c325?s=96&d=blank&r=g\",\"caption\":\"Admin\"},\"url\":\"https:\/\/rioonwatch.org.br\/?author=129\"}]}<\/script>\n<!-- \/ Yoast SEO plugin. -->","yoast_head_json":{"title":"Engenheiros e Deputados Estaduais Criticam Privatiza\u00e7\u00e3o da CEDAE no Dia Mundial da \u00c1gua - RioOnWatch","robots":{"index":"index","follow":"follow","max-snippet":"max-snippet:-1","max-image-preview":"max-image-preview:large","max-video-preview":"max-video-preview:-1"},"canonical":"https:\/\/rioonwatch.org.br\/?p=25108","og_locale":"pt_BR","og_type":"article","og_title":"Engenheiros e Deputados Estaduais Criticam Privatiza\u00e7\u00e3o da CEDAE no Dia Mundial da \u00c1gua - RioOnWatch","og_description":"Click Here for English Dia 22 de mar\u00e7o marcou o Dia Mundial da \u00c1gua. Com o apoio da Sociedade de Engenheiros e Arquitetos do Estado do Rio de Janeiro (SEAERJ) e da ONG Ba\u00eda Viva, [...]","og_url":"https:\/\/rioonwatch.org.br\/?p=25108","og_site_name":"RioOnWatch","article_published_time":"2017-03-31T10:52:05+00:00","article_modified_time":"2024-03-22T10:43:21+00:00","og_image":[{"width":2000,"height":999,"url":"https:\/\/rioonwatch.org.br\/wp-content\/uploads\/2017\/03\/clube-de-engenharia.jpg","type":"image\/jpeg"}],"author":"Admin","twitter_card":"summary_large_image","twitter_misc":{"Escrito por":"Admin","Est. tempo de leitura":"5 minutos"},"schema":{"@context":"https:\/\/schema.org","@graph":[{"@type":"Article","@id":"https:\/\/rioonwatch.org.br\/?p=25108#article","isPartOf":{"@id":"https:\/\/rioonwatch.org.br\/?p=25108"},"author":{"name":"Admin","@id":"https:\/\/rioonwatch.org.br\/#\/schema\/person\/11d64c290506f9df50c71b850c473f68"},"headline":"Engenheiros e Deputados Estaduais Criticam Privatiza\u00e7\u00e3o da CEDAE no Dia Mundial da \u00c1gua","datePublished":"2017-03-31T10:52:05+00:00","dateModified":"2024-03-22T10:43:21+00:00","mainEntityOfPage":{"@id":"https:\/\/rioonwatch.org.br\/?p=25108"},"wordCount":850,"publisher":{"@id":"https:\/\/rioonwatch.org.br\/#organization"},"image":{"@id":"https:\/\/rioonwatch.org.br\/?p=25108#primaryimage"},"thumbnailUrl":"https:\/\/rioonwatch.org.br\/wp-content\/uploads\/2017\/03\/clube-de-engenharia.jpg","keywords":["\u00e1gua","CEDAE","debate","Dia Mundial da \u00c1gua","Direitos Humanos","esgoto","pol\u00edtica p\u00fablica","prioridades p\u00fablicas equivocadas","privatiza\u00e7\u00e3o","PSDB","PSOL","saneamento","servi\u00e7os p\u00fablicos"],"articleSection":["Cobertura de Eventos","Escrito por Aliados","Pol\u00edticas","Sociedade Civil","Sustentabilidade"],"inLanguage":"pt-BR"},{"@type":"WebPage","@id":"https:\/\/rioonwatch.org.br\/?p=25108","url":"https:\/\/rioonwatch.org.br\/?p=25108","name":"Engenheiros e Deputados Estaduais Criticam Privatiza\u00e7\u00e3o da CEDAE no Dia Mundial da \u00c1gua - RioOnWatch","isPartOf":{"@id":"https:\/\/rioonwatch.org.br\/#website"},"primaryImageOfPage":{"@id":"https:\/\/rioonwatch.org.br\/?p=25108#primaryimage"},"image":{"@id":"https:\/\/rioonwatch.org.br\/?p=25108#primaryimage"},"thumbnailUrl":"https:\/\/rioonwatch.org.br\/wp-content\/uploads\/2017\/03\/clube-de-engenharia.jpg","datePublished":"2017-03-31T10:52:05+00:00","dateModified":"2024-03-22T10:43:21+00:00","breadcrumb":{"@id":"https:\/\/rioonwatch.org.br\/?p=25108#breadcrumb"},"inLanguage":"pt-BR","potentialAction":[{"@type":"ReadAction","target":["https:\/\/rioonwatch.org.br\/?p=25108"]}]},{"@type":"ImageObject","inLanguage":"pt-BR","@id":"https:\/\/rioonwatch.org.br\/?p=25108#primaryimage","url":"https:\/\/rioonwatch.org.br\/wp-content\/uploads\/2017\/03\/clube-de-engenharia.jpg","contentUrl":"https:\/\/rioonwatch.org.br\/wp-content\/uploads\/2017\/03\/clube-de-engenharia.jpg","width":2000,"height":999},{"@type":"BreadcrumbList","@id":"https:\/\/rioonwatch.org.br\/?p=25108#breadcrumb","itemListElement":[{"@type":"ListItem","position":1,"name":"In\u00edcio","item":"https:\/\/rioonwatch.org.br\/"},{"@type":"ListItem","position":2,"name":"Engenheiros e Deputados Estaduais Criticam Privatiza\u00e7\u00e3o da CEDAE no Dia Mundial da \u00c1gua"}]},{"@type":"WebSite","@id":"https:\/\/rioonwatch.org.br\/#website","url":"https:\/\/rioonwatch.org.br\/","name":"RioOnWatch","description":"relatos das favelas cariocas","publisher":{"@id":"https:\/\/rioonwatch.org.br\/#organization"},"potentialAction":[{"@type":"SearchAction","target":{"@type":"EntryPoint","urlTemplate":"https:\/\/rioonwatch.org.br\/?s={search_term_string}"},"query-input":{"@type":"PropertyValueSpecification","valueRequired":true,"valueName":"search_term_string"}}],"inLanguage":"pt-BR"},{"@type":"Organization","@id":"https:\/\/rioonwatch.org.br\/#organization","name":"RioOnWatch","url":"https:\/\/rioonwatch.org.br\/","logo":{"@type":"ImageObject","inLanguage":"pt-BR","@id":"https:\/\/rioonwatch.org.br\/#\/schema\/logo\/image\/","url":"https:\/\/rioonwatch.org.br\/wp-content\/uploads\/2021\/06\/RioOnWatchcabecalhoPT11anos-2.png","contentUrl":"https:\/\/rioonwatch.org.br\/wp-content\/uploads\/2021\/06\/RioOnWatchcabecalhoPT11anos-2.png","width":779,"height":277,"caption":"RioOnWatch"},"image":{"@id":"https:\/\/rioonwatch.org.br\/#\/schema\/logo\/image\/"}},{"@type":"Person","@id":"https:\/\/rioonwatch.org.br\/#\/schema\/person\/11d64c290506f9df50c71b850c473f68","name":"Admin","image":{"@type":"ImageObject","inLanguage":"pt-BR","@id":"https:\/\/rioonwatch.org.br\/#\/schema\/person\/image\/","url":"https:\/\/secure.gravatar.com\/avatar\/56211ac74568383903349a1485e3c325?s=96&d=blank&r=g","contentUrl":"https:\/\/secure.gravatar.com\/avatar\/56211ac74568383903349a1485e3c325?s=96&d=blank&r=g","caption":"Admin"},"url":"https:\/\/rioonwatch.org.br\/?author=129"}]}},"_links":{"self":[{"href":"https:\/\/rioonwatch.org.br\/index.php?rest_route=\/wp\/v2\/posts\/25108"}],"collection":[{"href":"https:\/\/rioonwatch.org.br\/index.php?rest_route=\/wp\/v2\/posts"}],"about":[{"href":"https:\/\/rioonwatch.org.br\/index.php?rest_route=\/wp\/v2\/types\/post"}],"author":[{"embeddable":true,"href":"https:\/\/rioonwatch.org.br\/index.php?rest_route=\/wp\/v2\/users\/129"}],"replies":[{"embeddable":true,"href":"https:\/\/rioonwatch.org.br\/index.php?rest_route=%2Fwp%2Fv2%2Fcomments&post=25108"}],"version-history":[{"count":9,"href":"https:\/\/rioonwatch.org.br\/index.php?rest_route=\/wp\/v2\/posts\/25108\/revisions"}],"predecessor-version":[{"id":72841,"href":"https:\/\/rioonwatch.org.br\/index.php?rest_route=\/wp\/v2\/posts\/25108\/revisions\/72841"}],"wp:featuredmedia":[{"embeddable":true,"href":"https:\/\/rioonwatch.org.br\/index.php?rest_route=\/wp\/v2\/media\/25111"}],"wp:attachment":[{"href":"https:\/\/rioonwatch.org.br\/index.php?rest_route=%2Fwp%2Fv2%2Fmedia&parent=25108"}],"wp:term":[{"taxonomy":"category","embeddable":true,"href":"https:\/\/rioonwatch.org.br\/index.php?rest_route=%2Fwp%2Fv2%2Fcategories&post=25108"},{"taxonomy":"post_tag","embeddable":true,"href":"https:\/\/rioonwatch.org.br\/index.php?rest_route=%2Fwp%2Fv2%2Ftags&post=25108"},{"taxonomy":"writer","embeddable":true,"href":"https:\/\/rioonwatch.org.br\/index.php?rest_route=%2Fwp%2Fv2%2Fwriter&post=25108"},{"taxonomy":"translator","embeddable":true,"href":"https:\/\/rioonwatch.org.br\/index.php?rest_route=%2Fwp%2Fv2%2Ftranslator&post=25108"},{"taxonomy":"source","embeddable":true,"href":"https:\/\/rioonwatch.org.br\/index.php?rest_route=%2Fwp%2Fv2%2Fsource&post=25108"},{"taxonomy":"ilustrador","embeddable":true,"href":"https:\/\/rioonwatch.org.br\/index.php?rest_route=%2Fwp%2Fv2%2Filustrador&post=25108"},{"taxonomy":"fotografo","embeddable":true,"href":"https:\/\/rioonwatch.org.br\/index.php?rest_route=%2Fwp%2Fv2%2Ffotografo&post=25108"}],"curies":[{"name":"wp","href":"https:\/\/api.w.org\/{rel}","templated":true}]}}