{"id":25142,"date":"2017-04-05T14:19:15","date_gmt":"2017-04-05T17:19:15","guid":{"rendered":"http:\/\/rioonwatch.org.br\/?p=25142"},"modified":"2017-04-08T13:54:00","modified_gmt":"2017-04-08T16:54:00","slug":"advogados-oferecem-aula-publica-para-rebater-medida-de-regularizacao-do-temer","status":"publish","type":"post","link":"https:\/\/rioonwatch.org.br\/?p=25142","title":{"rendered":"Advogados Oferecem Aula P\u00fablica para Rebater Medida de Regulariza\u00e7\u00e3o do Temer"},"content":{"rendered":"<p style=\"text-align: right;\"><em><strong><a href=\"http:\/\/bit.ly\/2nmBKYA\" target=\"_blank\">Click Here for English<img decoding=\"async\" width=\"20\" height=\"20\" class=\"alignright wp-image-15790\" src=\"http:\/\/rioonwatch.org.br\/wp-content\/uploads\/2012\/08\/EN-standard-e1439583104716.jpg\" alt=\"\" \/><\/a><\/strong><\/em><\/p>\n<p><span style=\"font-weight: 400;\">Na sexta-feira, 24 de mar\u00e7o, <\/span><span style=\"font-weight: 400;\">a\u00a0<\/span><a href=\"http:\/\/bit.ly\/2nl0Tn9\" target=\"_blank\"><span style=\"font-weight: 400;\">Liga Urbana Cooperativa<\/span><\/a> <span style=\"font-weight: 400;\">e parceiros organizaram uma\u00a0<\/span><a href=\"http:\/\/bit.ly\/2nCntKL\" target=\"_blank\">Aula P<span style=\"font-weight: 400;\">\u00fablica sobre a Medida Provis\u00f3ria 759\/2016<\/span><\/a><span style=\"font-weight: 400;\"> (MP759).\u00a0<\/span><span style=\"font-weight: 400;\">A\u00a0<\/span><a href=\"http:\/\/bit.ly\/2nrxxHc\" target=\"_blank\"><span style=\"font-weight: 400;\">MP 759<\/span><\/a><span style=\"font-weight: 400;\">, publicada no <\/span><span style=\"font-weight: 400;\"><a href=\"http:\/\/bit.ly\/2oyufTE\" target=\"_blank\">\u00faltimo m\u00eas de dezembro<\/a>, foi anunciada\u00a0pelo Presidente Michel Temer<\/span><span style=\"font-weight: 400;\">\u00a0para facilitar <\/span><span style=\"font-weight: 400;\">a <a href=\"http:\/\/bit.ly\/1rHP7BG\" target=\"_blank\">regulariza\u00e7\u00e3o de terras<\/a>,<\/span>\u00a0<span style=\"font-weight: 400;\">facilitando<\/span><span style=\"font-weight: 400;\"> o registro de moradias e terras informais. \u00c0 primeira vista, a MP\u00a0parece beneficiar os brasileiros de baixa renda que vivem na informalidade, pois fornece subs\u00eddios para as taxas de regulariza\u00e7\u00e3o para indiv\u00edduos de baixa renda e cria um direito <\/span><a href=\"http:\/\/bit.ly\/2mmOQb3\" target=\"_blank\"><span style=\"font-weight: 400;\">\u00e0 laje<\/span><\/a><span style=\"font-weight: 400;\">, especialmente aplic\u00e1vel \u00e0s favelas, onde ser\u00e1 permitido \u00e0s pessoas receberem t\u00edtulos separados para partes separadas da mesma estrutura. \u00c0 segunda vista, no entanto, <\/span><a href=\"http:\/\/bit.ly\/2lLenXY\" target=\"_blank\"><span style=\"font-weight: 400;\">um n\u00famero de preocupa\u00e7\u00f5es graves<\/span><\/a><span style=\"font-weight: 400;\">, especialmente para a popula\u00e7\u00e3o de baixa renda, tornam-se aparentes. A aula p\u00fablica\u00a0de sexta-feira esperava trazer isso \u00e0 luz.<\/span><\/p>\n<p><span style=\"font-weight: 400;\">Entre os palestrantes estavam a especialista em habita\u00e7\u00e3o e urbanista Regina Bienenstein da <\/span><a href=\"http:\/\/bit.ly\/18frt3R\" target=\"_blank\"><span style=\"font-weight: 400;\">UFF<\/span><\/a><span style=\"font-weight: 400;\">, Luis Cl\u00e1udio Vieira\u00a0<\/span><a href=\"http:\/\/bit.ly\/2nxLl0x\" target=\"_blank\"><span style=\"font-weight: 400;\">do Instituto de Terras e Cartografia do Estado do Rio de Janeiro<\/span><\/a><span style=\"font-weight: 400;\"> (<\/span><span style=\"font-weight: 400;\"><a href=\"http:\/\/bit.ly\/2gIRRNw\">ITERJ<\/a>)<\/span><span style=\"font-weight: 400;\">, professor de direito Rafael Mendon\u00e7a do <\/span><a href=\"http:\/\/bit.ly\/2fedmbb\" target=\"_blank\"><span style=\"font-weight: 400;\">Instituto de Estudos Cr\u00edticos do Direito<\/span><\/a><span style=\"font-weight: 400;\"> (IECD), e defensora p\u00fablica Adriana Britto do N\u00facleo de Terras e Habita\u00e7\u00e3o (NUTH) da\u00a0<\/span><a href=\"http:\/\/bit.ly\/1kcl02n\" target=\"_blank\"><span style=\"font-weight: 400;\">Defensoria P\u00fablica<\/span><\/a><span style=\"font-weight: 400;\">\u00a0do Rio de Janeiro. Ap\u00f3s os palestrantes apresentarem as quest\u00f5es que identificaram quanto \u00e0 MP 759, os membros do p\u00fablico foram convidados a falar sobre como a lei os afetaria.<\/span><\/p>\n<figure id=\"attachment_25148\" aria-describedby=\"caption-attachment-25148\" style=\"width: 620px\" class=\"wp-caption aligncenter\"><a href=\"http:\/\/rioonwatch.org.br\/wp-content\/uploads\/2017\/04\/dsc_0287.jpg\"><img fetchpriority=\"high\" decoding=\"async\" class=\"wp-image-25148 size-content\" title=\"Os palestrantes explicam as defici\u00eancias da MP 759. Da esquerda para a direita: Rafael Mendon\u00e7a, Regina Bienenstein, Adriana Britto e Luis Cl\u00e1udio Vieira.\" src=\"http:\/\/rioonwatch.org.br\/wp-content\/uploads\/2017\/04\/dsc_0287-620x264.jpg\" alt=\"\" width=\"620\" height=\"264\" srcset=\"https:\/\/rioonwatch.org.br\/wp-content\/uploads\/2017\/04\/dsc_0287-620x264.jpg 620w, https:\/\/rioonwatch.org.br\/wp-content\/uploads\/2017\/04\/dsc_0287-940x400.jpg 940w\" sizes=\"(max-width: 620px) 100vw, 620px\" \/><\/a><figcaption id=\"caption-attachment-25148\" class=\"wp-caption-text\">Os palestrantes explicam as defici\u00eancias da MP 759. Da esquerda para a direita: Rafael Mendon\u00e7a, Regina Bienenstein, Adriana Britto e Luis Cl\u00e1udio Vieira.<\/figcaption><\/figure>\n<p><span style=\"font-weight: 400;\">Os cr\u00edticos da MP 759 est\u00e3o indignados com a medida, tomada\u00a0unilateralmente pelo presidente interino\u00a0<\/span><a href=\"http:\/\/bit.ly\/2nZsDRj\" target=\"_blank\"><span style=\"font-weight: 400;\">Michel Temer<\/span><\/a><span style=\"font-weight: 400;\">, que revoga direitos conquistados pelos movimentos sociais durante d\u00e9cadas. O mais importante destes direitos est\u00e1 consagrado na <\/span><a href=\"http:\/\/bit.ly\/28RRQq0\" target=\"_blank\"><span style=\"font-weight: 400;\">Constitui\u00e7\u00e3o Federal de 1988<\/span><\/a><span style=\"font-weight: 400;\">. Nela, a <\/span><a href=\"http:\/\/bit.ly\/2gQ5jz4\" target=\"_blank\"><span style=\"font-weight: 400;\">fun\u00e7\u00e3o social<\/span><\/a><span style=\"font-weight: 400;\"> da terra, tanto urbana como rural, est\u00e1 garantida. O Artigo 5, Se\u00e7\u00e3o 23 da MP 759, no entanto, amea\u00e7a essa fun\u00e7\u00e3o social da terra\u00a0criando uma enorme oportunidade para mover terras p\u00fablicas para o \u00e2mbito privado. A professora Regina Bienenstein e defensora Adriana\u00a0Britto enfatizaram isso nas suas falas durante a aula p\u00fablica.<\/span><\/p>\n<p><span style=\"font-weight: 400;\">Regina Bienenstein explicou que &#8220;a Medida Provis\u00f3ria facilita a regulariza\u00e7\u00e3o de \u00c1reas de Especial Interesse Social&#8221;.\u00a0<\/span><a href=\"http:\/\/bit.ly\/2oyBb36\" target=\"_blank\"><span style=\"font-weight: 400;\">As Zonas de Especial Interesse Social (ZEIS)<\/span><\/a><span style=\"font-weight: 400;\"> est\u00e3o estipuladas na <\/span><a href=\"http:\/\/bit.ly\/XLSh91\" target=\"_blank\"><span style=\"font-weight: 400;\">Lei 11977\/2009<\/span><\/a><span style=\"font-weight: 400;\">, exigindo \u00e0s cidades designar \u00e1reas, conhecidas no Rio como <\/span><a href=\"http:\/\/bit.ly\/2izP6C1\" target=\"_blank\"><span style=\"font-weight: 400;\">\u00c1reas de Especial Interesse Social (AEIS)<\/span><\/a><span style=\"font-weight: 400;\">, nos seus planos diretores. De acordo com a lei, a AEIS \u00e9\u00a0&#8220;destinada predominantemente \u00e0 moradia de popula\u00e7\u00e3o de baixa renda e sujeita a regras espec\u00edficas de parcelamento, uso e ocupa\u00e7\u00e3o do solo&#8221; [Art. 7, se\u00e7\u00e3o III].<\/span><\/p>\n<p><span style=\"font-weight: 400;\">A Lei 11977 proporcionou prote\u00e7\u00f5es aos ZEISs, criando efetivamente uma ferramenta legal para a preserva\u00e7\u00e3o das favelas como moradias de baixa renda mesmo frente \u00e0 gentrifica\u00e7\u00e3o, por exemplo. Ao <\/span><a href=\"http:\/\/bit.ly\/XLSh91\" target=\"_blank\"><span style=\"font-weight: 400;\">clicar no site federal para visualizar a lei atual<\/span><\/a><span style=\"font-weight: 400;\">, no entanto, encontra-se toda a se\u00e7\u00e3o da lei origin\u00e1ria riscada, com &#8220;Revogada pela Medida Provis\u00f3ria No. 759, de 2016&#8221; em cada linha.<\/span><\/p>\n<p><a href=\"http:\/\/rioonwatch.org.br\/wp-content\/uploads\/2017\/04\/2017-03-31-Revoked.jpg\"><img decoding=\"async\" class=\"aligncenter wp-image-25151 size-content\" src=\"http:\/\/rioonwatch.org.br\/wp-content\/uploads\/2017\/04\/2017-03-31-Revoked-620x264.jpg\" alt=\"\" width=\"620\" height=\"264\" srcset=\"https:\/\/rioonwatch.org.br\/wp-content\/uploads\/2017\/04\/2017-03-31-Revoked-620x264.jpg 620w, https:\/\/rioonwatch.org.br\/wp-content\/uploads\/2017\/04\/2017-03-31-Revoked-940x400.jpg 940w\" sizes=\"(max-width: 620px) 100vw, 620px\" \/><\/a><\/p>\n<p><span style=\"font-weight: 400;\">A MP 759 afeta as ZEISs de duas maneiras. Primeiro, revoga a maior parte da Lei 11977, inclusive as disposi\u00e7\u00f5es sobre as ZEISs. Segundo, a MP 759 facilita os t\u00edtulos de propriedade individuais. Muitas terras constitu\u00eddas ou que seriam qualificadas para designa\u00e7\u00e3o como ZEIS eram terras p\u00fablicas ocupadas. Portanto, se estes moradores usarem a MP 759 para obter propriedade privada, perder\u00e3o quaisquer prote\u00e7\u00f5es remanescentes das ZEIS. E, se os legisladores futuros tentarem voltar a um regime que protege as ZEIS, ser\u00e1 dif\u00edcil faz\u00ea-lo se mais terras forem privatizadas.<\/span><\/p>\n<figure id=\"attachment_25152\" aria-describedby=\"caption-attachment-25152\" style=\"width: 620px\" class=\"wp-caption aligncenter\"><a href=\"http:\/\/rioonwatch.org.br\/wp-content\/uploads\/2017\/04\/Informal-structures.png\"><img loading=\"lazy\" decoding=\"async\" class=\"wp-image-25152 size-content\" title=\"A MP 759 dar\u00e1 \u00e1s pessoas a possibilidade de registrar a sua laje com um t\u00edtulo individual.\" src=\"http:\/\/rioonwatch.org.br\/wp-content\/uploads\/2017\/04\/Informal-structures-620x264.png\" alt=\"\" width=\"620\" height=\"264\" srcset=\"https:\/\/rioonwatch.org.br\/wp-content\/uploads\/2017\/04\/Informal-structures-620x264.png 620w, https:\/\/rioonwatch.org.br\/wp-content\/uploads\/2017\/04\/Informal-structures-940x400.png 940w\" sizes=\"(max-width: 620px) 100vw, 620px\" \/><\/a><figcaption id=\"caption-attachment-25152\" class=\"wp-caption-text\">A MP 759 dar\u00e1 \u00e1s pessoas a possibilidade de registrar a sua laje com um t\u00edtulo individual.<\/figcaption><\/figure>\n<p><span style=\"font-weight: 400;\">O advogado Rafael Mendon\u00e7a<\/span> <span style=\"font-weight: 400;\">explicou<\/span><span style=\"font-weight: 400;\"> o argumento para a inconstitucionalidade da MP 759. Al\u00e9m das poss\u00edveis viola\u00e7\u00f5es das garantias constitucionais da fun\u00e7\u00e3o social da terra, Rafael argumentou que a MP 759 em si foi promulgada inconstitucionalmente porque infringe as disposi\u00e7\u00f5es constitucionais que d\u00e3o autoridade ao presidente para emitir medidas provis\u00f3rias.<\/span><\/p>\n<p><span style=\"font-weight: 400;\">O Artigo 62 da Constitui\u00e7\u00e3o Federal de 1988 declara que &#8220;em caso de relev\u00e2ncia e urg\u00eancia, o Presidente da Rep\u00fablica poder\u00e1 adotar medidas provis\u00f3rias, com for\u00e7a de lei, devendo submet\u00ea-las de imediato ao Congresso Nacional&#8221;. Rafael explicou que a MP 759 aborda quatro t\u00f3picos: regulariza\u00e7\u00e3o de terras urbanas, rurais e amazonenses, e transfer\u00eancia de propriedade da terra do estado para o indiv\u00edduo. Todos estes quatro t\u00f3picos, no entanto, j\u00e1 foram abordados em\u00a0leis existentes, por isso o Presidente Michel Temer n\u00e3o dispunha o elemento de urg\u00eancia necess\u00e1rio para acionar a autoridade para promulgar uma medida provis\u00f3ria.<\/span><\/p>\n<figure id=\"attachment_25154\" aria-describedby=\"caption-attachment-25154\" style=\"width: 620px\" class=\"wp-caption aligncenter\"><a href=\"http:\/\/rioonwatch.org.br\/wp-content\/uploads\/2017\/04\/wp-1490844819865-1.jpg\"><img loading=\"lazy\" decoding=\"async\" class=\"wp-image-25154 size-content\" title=\"O p\u00fablico ouve os palestrantes discutindo a MP 759 no Painel sobre a medida provis\u00f3ria de dezembro de 2016.\" src=\"http:\/\/rioonwatch.org.br\/wp-content\/uploads\/2017\/04\/wp-1490844819865-1-620x264.jpg\" alt=\"\" width=\"620\" height=\"264\" srcset=\"https:\/\/rioonwatch.org.br\/wp-content\/uploads\/2017\/04\/wp-1490844819865-1-620x264.jpg 620w, https:\/\/rioonwatch.org.br\/wp-content\/uploads\/2017\/04\/wp-1490844819865-1-940x400.jpg 940w\" sizes=\"(max-width: 620px) 100vw, 620px\" \/><\/a><figcaption id=\"caption-attachment-25154\" class=\"wp-caption-text\">O p\u00fablico ouve os palestrantes discutindo a MP 759 na Aula P\u00fablica sobre a medida.<\/figcaption><\/figure>\n<p><span style=\"font-weight: 400;\">Membros do p\u00fablico que falaram ap\u00f3s os palestrantes ecoaram as preocupa\u00e7\u00f5es de que a MP 759 iria <\/span><a href=\"http:\/\/bit.ly\/1XkzywK\" target=\"_blank\"><span style=\"font-weight: 400;\">facilitar a movimenta\u00e7\u00e3o da propriedade de p\u00fablica para privada<\/span><\/a><span style=\"font-weight: 400;\">, amea\u00e7ando a perman\u00eancia das favelas. Para eles, a MP 759 \u00e9 outra maneira de trazer a propriedade para um <\/span><a href=\"http:\/\/bit.ly\/2hq7gD6\" target=\"_blank\"><span style=\"font-weight: 400;\">mercado privado j\u00e1 injusto e desigual<\/span><\/a><span style=\"font-weight: 400;\">.<\/span><\/p>\n<p><span style=\"font-weight: 400;\">Um folheto distribu\u00eddo ao p\u00fablico resumiu alguns argumentos contra a MP 759:<\/span><a href=\"http:\/\/rioonwatch.org.br\/wp-content\/uploads\/2017\/04\/flyer.jpg\"><img loading=\"lazy\" decoding=\"async\" class=\"alignleft wp-image-25166\" src=\"http:\/\/rioonwatch.org.br\/wp-content\/uploads\/2017\/04\/flyer.jpg\" alt=\"\" width=\"300\" height=\"422\" srcset=\"https:\/\/rioonwatch.org.br\/wp-content\/uploads\/2017\/04\/flyer.jpg 720w, https:\/\/rioonwatch.org.br\/wp-content\/uploads\/2017\/04\/flyer-188x264.jpg 188w, https:\/\/rioonwatch.org.br\/wp-content\/uploads\/2017\/04\/flyer-441x620.jpg 441w\" sizes=\"(max-width: 300px) 100vw, 300px\" \/><\/a><a href=\"http:\/\/rioonwatch.org.br\/wp-content\/uploads\/2017\/04\/flyer-2.jpg\"><br \/>\n<img loading=\"lazy\" decoding=\"async\" class=\"wp-image-25167 alignleft\" src=\"http:\/\/rioonwatch.org.br\/wp-content\/uploads\/2017\/04\/flyer-2.jpg\" alt=\"\" width=\"300\" height=\"413\" srcset=\"https:\/\/rioonwatch.org.br\/wp-content\/uploads\/2017\/04\/flyer-2.jpg 690w, https:\/\/rioonwatch.org.br\/wp-content\/uploads\/2017\/04\/flyer-2-192x264.jpg 192w, https:\/\/rioonwatch.org.br\/wp-content\/uploads\/2017\/04\/flyer-2-451x620.jpg 451w\" sizes=\"(max-width: 300px) 100vw, 300px\" \/><\/a><\/p>\n<p>&nbsp;<\/p>\n<!-- AddThis Advanced Settings generic via filter on the_content --><!-- AddThis Share Buttons generic via filter on the_content -->","protected":false},"excerpt":{"rendered":"<div class=\"mh-excerpt\"><p>Click Here for English Na sexta-feira, 24 de mar\u00e7o, a\u00a0Liga Urbana Cooperativa e parceiros organizaram uma\u00a0Aula P\u00fablica sobre a Medida Provis\u00f3ria 759\/2016 (MP759).\u00a0A\u00a0MP 759, publicada no \u00faltimo m\u00eas de dezembro, foi anunciada\u00a0pelo Presidente Michel Temer\u00a0para <a class=\"mh-excerpt-more\" href=\"https:\/\/rioonwatch.org.br\/?p=25142\" title=\"Advogados Oferecem Aula P\u00fablica para Rebater Medida de Regulariza\u00e7\u00e3o do Temer\">[&#8230;]<\/a><!-- AddThis Advanced Settings generic via filter on get_the_excerpt --><!-- AddThis Share Buttons generic via filter on get_the_excerpt --><\/p>\n<\/div>","protected":false},"author":129,"featured_media":25145,"comment_status":"closed","ping_status":"closed","sticky":false,"template":"","format":"standard","meta":{"_acf_changed":false,"_monsterinsights_skip_tracking":false,"_monsterinsights_sitenote_active":false,"_monsterinsights_sitenote_note":"","_monsterinsights_sitenote_category":0,"footnotes":""},"categories":[1617,1621,1627,346,1626,344,1612],"tags":[2056,1226,90,338,831,550,316,1162,2039,755,1833,2086,900,239],"writer":[1960],"translator":[1875],"source":[],"ilustrador":[],"fotografo":[],"class_list":{"0":"post-25142","1":"post","2":"type-post","3":"status-publish","4":"format-standard","5":"has-post-thumbnail","7":"category-olhonagentrificacao","8":"category-destaque","9":"category-relato-de-evento","10":"category-denuncias","11":"category-por-observadores-internacionais","12":"category-politicas","13":"category-sociedade-civil","14":"tag-aeis-zeis","15":"tag-constituicao","16":"tag-defensoria-publica","17":"tag-direito","18":"tag-direito-a-cidade","19":"tag-direito-a-terra","20":"tag-educacao","21":"tag-governo-federal","22":"tag-iterj","23":"tag-lei","24":"tag-michel-temer","25":"tag-mp-759","26":"tag-titulacao-de-terras","27":"tag-universidade","28":"writer-laura-bachmann","29":"translator-marina-hennies"},"acf":[],"yoast_head":"<!-- This site is optimized with the Yoast SEO plugin v25.6 - https:\/\/yoast.com\/wordpress\/plugins\/seo\/ -->\n<title>Advogados Oferecem Aula P\u00fablica para Rebater Medida de Regulariza\u00e7\u00e3o do Temer - RioOnWatch<\/title>\n<meta name=\"robots\" content=\"index, follow, max-snippet:-1, max-image-preview:large, max-video-preview:-1\" \/>\n<link rel=\"canonical\" href=\"https:\/\/rioonwatch.org.br\/?p=25142\" \/>\n<meta property=\"og:locale\" content=\"pt_BR\" \/>\n<meta property=\"og:type\" content=\"article\" \/>\n<meta property=\"og:title\" content=\"Advogados Oferecem Aula P\u00fablica para Rebater Medida de Regulariza\u00e7\u00e3o do Temer - RioOnWatch\" \/>\n<meta property=\"og:description\" content=\"Click Here for English Na sexta-feira, 24 de mar\u00e7o, a\u00a0Liga Urbana Cooperativa e parceiros organizaram uma\u00a0Aula P\u00fablica sobre a Medida Provis\u00f3ria 759\/2016 (MP759).\u00a0A\u00a0MP 759, publicada no \u00faltimo m\u00eas de dezembro, foi anunciada\u00a0pelo Presidente Michel Temer\u00a0para [...]\" \/>\n<meta property=\"og:url\" content=\"https:\/\/rioonwatch.org.br\/?p=25142\" \/>\n<meta property=\"og:site_name\" content=\"RioOnWatch\" \/>\n<meta property=\"article:published_time\" content=\"2017-04-05T17:19:15+00:00\" \/>\n<meta property=\"article:modified_time\" content=\"2017-04-08T16:54:00+00:00\" \/>\n<meta property=\"og:image\" content=\"https:\/\/rioonwatch.org.br\/wp-content\/uploads\/2017\/04\/wp-1490844819865-scaled.jpg\" \/>\n\t<meta property=\"og:image:width\" content=\"2560\" \/>\n\t<meta property=\"og:image:height\" content=\"1244\" \/>\n\t<meta property=\"og:image:type\" content=\"image\/jpeg\" \/>\n<meta name=\"author\" content=\"Admin\" \/>\n<meta name=\"twitter:card\" content=\"summary_large_image\" \/>\n<meta name=\"twitter:label1\" content=\"Escrito por\" \/>\n\t<meta name=\"twitter:data1\" content=\"Admin\" \/>\n\t<meta name=\"twitter:label2\" content=\"Est. tempo de leitura\" \/>\n\t<meta name=\"twitter:data2\" content=\"4 minutos\" \/>\n<script type=\"application\/ld+json\" class=\"yoast-schema-graph\">{\"@context\":\"https:\/\/schema.org\",\"@graph\":[{\"@type\":\"Article\",\"@id\":\"https:\/\/rioonwatch.org.br\/?p=25142#article\",\"isPartOf\":{\"@id\":\"https:\/\/rioonwatch.org.br\/?p=25142\"},\"author\":{\"name\":\"Admin\",\"@id\":\"https:\/\/rioonwatch.org.br\/#\/schema\/person\/11d64c290506f9df50c71b850c473f68\"},\"headline\":\"Advogados Oferecem Aula P\u00fablica para Rebater Medida de Regulariza\u00e7\u00e3o do Temer\",\"datePublished\":\"2017-04-05T17:19:15+00:00\",\"dateModified\":\"2017-04-08T16:54:00+00:00\",\"mainEntityOfPage\":{\"@id\":\"https:\/\/rioonwatch.org.br\/?p=25142\"},\"wordCount\":904,\"publisher\":{\"@id\":\"https:\/\/rioonwatch.org.br\/#organization\"},\"image\":{\"@id\":\"https:\/\/rioonwatch.org.br\/?p=25142#primaryimage\"},\"thumbnailUrl\":\"https:\/\/rioonwatch.org.br\/wp-content\/uploads\/2017\/04\/wp-1490844819865-scaled.jpg\",\"keywords\":[\"AEIS \/ ZEIS\",\"constitui\u00e7\u00e3o\",\"Defensoria P\u00fablica\",\"direito\",\"Direito \u00e0 Cidade\",\"direito \u00e0 terra\",\"educa\u00e7\u00e3o\",\"Governo Federal\",\"ITERJ\",\"lei\",\"Michel Temer\",\"MP 759 \/ Lei 13.465\",\"titula\u00e7\u00e3o de terras\",\"universidade\"],\"articleSection\":[\"#OlhoNaGentrifica\u00e7\u00e3o\",\"*Destaque\",\"Cobertura de Eventos\",\"Den\u00fancias\",\"Escrito por Aliados\",\"Pol\u00edticas\",\"Sociedade Civil\"],\"inLanguage\":\"pt-BR\"},{\"@type\":\"WebPage\",\"@id\":\"https:\/\/rioonwatch.org.br\/?p=25142\",\"url\":\"https:\/\/rioonwatch.org.br\/?p=25142\",\"name\":\"Advogados Oferecem Aula P\u00fablica para Rebater Medida de Regulariza\u00e7\u00e3o do Temer - RioOnWatch\",\"isPartOf\":{\"@id\":\"https:\/\/rioonwatch.org.br\/#website\"},\"primaryImageOfPage\":{\"@id\":\"https:\/\/rioonwatch.org.br\/?p=25142#primaryimage\"},\"image\":{\"@id\":\"https:\/\/rioonwatch.org.br\/?p=25142#primaryimage\"},\"thumbnailUrl\":\"https:\/\/rioonwatch.org.br\/wp-content\/uploads\/2017\/04\/wp-1490844819865-scaled.jpg\",\"datePublished\":\"2017-04-05T17:19:15+00:00\",\"dateModified\":\"2017-04-08T16:54:00+00:00\",\"breadcrumb\":{\"@id\":\"https:\/\/rioonwatch.org.br\/?p=25142#breadcrumb\"},\"inLanguage\":\"pt-BR\",\"potentialAction\":[{\"@type\":\"ReadAction\",\"target\":[\"https:\/\/rioonwatch.org.br\/?p=25142\"]}]},{\"@type\":\"ImageObject\",\"inLanguage\":\"pt-BR\",\"@id\":\"https:\/\/rioonwatch.org.br\/?p=25142#primaryimage\",\"url\":\"https:\/\/rioonwatch.org.br\/wp-content\/uploads\/2017\/04\/wp-1490844819865-scaled.jpg\",\"contentUrl\":\"https:\/\/rioonwatch.org.br\/wp-content\/uploads\/2017\/04\/wp-1490844819865-scaled.jpg\",\"width\":2560,\"height\":1244},{\"@type\":\"BreadcrumbList\",\"@id\":\"https:\/\/rioonwatch.org.br\/?p=25142#breadcrumb\",\"itemListElement\":[{\"@type\":\"ListItem\",\"position\":1,\"name\":\"In\u00edcio\",\"item\":\"https:\/\/rioonwatch.org.br\/\"},{\"@type\":\"ListItem\",\"position\":2,\"name\":\"Advogados Oferecem Aula P\u00fablica para Rebater Medida de Regulariza\u00e7\u00e3o do Temer\"}]},{\"@type\":\"WebSite\",\"@id\":\"https:\/\/rioonwatch.org.br\/#website\",\"url\":\"https:\/\/rioonwatch.org.br\/\",\"name\":\"RioOnWatch\",\"description\":\"relatos das favelas cariocas\",\"publisher\":{\"@id\":\"https:\/\/rioonwatch.org.br\/#organization\"},\"potentialAction\":[{\"@type\":\"SearchAction\",\"target\":{\"@type\":\"EntryPoint\",\"urlTemplate\":\"https:\/\/rioonwatch.org.br\/?s={search_term_string}\"},\"query-input\":{\"@type\":\"PropertyValueSpecification\",\"valueRequired\":true,\"valueName\":\"search_term_string\"}}],\"inLanguage\":\"pt-BR\"},{\"@type\":\"Organization\",\"@id\":\"https:\/\/rioonwatch.org.br\/#organization\",\"name\":\"RioOnWatch\",\"url\":\"https:\/\/rioonwatch.org.br\/\",\"logo\":{\"@type\":\"ImageObject\",\"inLanguage\":\"pt-BR\",\"@id\":\"https:\/\/rioonwatch.org.br\/#\/schema\/logo\/image\/\",\"url\":\"https:\/\/rioonwatch.org.br\/wp-content\/uploads\/2021\/06\/RioOnWatchcabecalhoPT11anos-2.png\",\"contentUrl\":\"https:\/\/rioonwatch.org.br\/wp-content\/uploads\/2021\/06\/RioOnWatchcabecalhoPT11anos-2.png\",\"width\":779,\"height\":277,\"caption\":\"RioOnWatch\"},\"image\":{\"@id\":\"https:\/\/rioonwatch.org.br\/#\/schema\/logo\/image\/\"}},{\"@type\":\"Person\",\"@id\":\"https:\/\/rioonwatch.org.br\/#\/schema\/person\/11d64c290506f9df50c71b850c473f68\",\"name\":\"Admin\",\"image\":{\"@type\":\"ImageObject\",\"inLanguage\":\"pt-BR\",\"@id\":\"https:\/\/rioonwatch.org.br\/#\/schema\/person\/image\/\",\"url\":\"https:\/\/secure.gravatar.com\/avatar\/56211ac74568383903349a1485e3c325?s=96&d=blank&r=g\",\"contentUrl\":\"https:\/\/secure.gravatar.com\/avatar\/56211ac74568383903349a1485e3c325?s=96&d=blank&r=g\",\"caption\":\"Admin\"},\"url\":\"https:\/\/rioonwatch.org.br\/?author=129\"}]}<\/script>\n<!-- \/ Yoast SEO plugin. -->","yoast_head_json":{"title":"Advogados Oferecem Aula P\u00fablica para Rebater Medida de Regulariza\u00e7\u00e3o do Temer - RioOnWatch","robots":{"index":"index","follow":"follow","max-snippet":"max-snippet:-1","max-image-preview":"max-image-preview:large","max-video-preview":"max-video-preview:-1"},"canonical":"https:\/\/rioonwatch.org.br\/?p=25142","og_locale":"pt_BR","og_type":"article","og_title":"Advogados Oferecem Aula P\u00fablica para Rebater Medida de Regulariza\u00e7\u00e3o do Temer - RioOnWatch","og_description":"Click Here for English Na sexta-feira, 24 de mar\u00e7o, a\u00a0Liga Urbana Cooperativa e parceiros organizaram uma\u00a0Aula P\u00fablica sobre a Medida Provis\u00f3ria 759\/2016 (MP759).\u00a0A\u00a0MP 759, publicada no \u00faltimo m\u00eas de dezembro, foi anunciada\u00a0pelo Presidente Michel Temer\u00a0para [...]","og_url":"https:\/\/rioonwatch.org.br\/?p=25142","og_site_name":"RioOnWatch","article_published_time":"2017-04-05T17:19:15+00:00","article_modified_time":"2017-04-08T16:54:00+00:00","og_image":[{"width":2560,"height":1244,"url":"https:\/\/rioonwatch.org.br\/wp-content\/uploads\/2017\/04\/wp-1490844819865-scaled.jpg","type":"image\/jpeg"}],"author":"Admin","twitter_card":"summary_large_image","twitter_misc":{"Escrito por":"Admin","Est. tempo de leitura":"4 minutos"},"schema":{"@context":"https:\/\/schema.org","@graph":[{"@type":"Article","@id":"https:\/\/rioonwatch.org.br\/?p=25142#article","isPartOf":{"@id":"https:\/\/rioonwatch.org.br\/?p=25142"},"author":{"name":"Admin","@id":"https:\/\/rioonwatch.org.br\/#\/schema\/person\/11d64c290506f9df50c71b850c473f68"},"headline":"Advogados Oferecem Aula P\u00fablica para Rebater Medida de Regulariza\u00e7\u00e3o do Temer","datePublished":"2017-04-05T17:19:15+00:00","dateModified":"2017-04-08T16:54:00+00:00","mainEntityOfPage":{"@id":"https:\/\/rioonwatch.org.br\/?p=25142"},"wordCount":904,"publisher":{"@id":"https:\/\/rioonwatch.org.br\/#organization"},"image":{"@id":"https:\/\/rioonwatch.org.br\/?p=25142#primaryimage"},"thumbnailUrl":"https:\/\/rioonwatch.org.br\/wp-content\/uploads\/2017\/04\/wp-1490844819865-scaled.jpg","keywords":["AEIS \/ ZEIS","constitui\u00e7\u00e3o","Defensoria P\u00fablica","direito","Direito \u00e0 Cidade","direito \u00e0 terra","educa\u00e7\u00e3o","Governo Federal","ITERJ","lei","Michel Temer","MP 759 \/ Lei 13.465","titula\u00e7\u00e3o de terras","universidade"],"articleSection":["#OlhoNaGentrifica\u00e7\u00e3o","*Destaque","Cobertura de Eventos","Den\u00fancias","Escrito por Aliados","Pol\u00edticas","Sociedade Civil"],"inLanguage":"pt-BR"},{"@type":"WebPage","@id":"https:\/\/rioonwatch.org.br\/?p=25142","url":"https:\/\/rioonwatch.org.br\/?p=25142","name":"Advogados Oferecem Aula P\u00fablica para Rebater Medida de Regulariza\u00e7\u00e3o do Temer - RioOnWatch","isPartOf":{"@id":"https:\/\/rioonwatch.org.br\/#website"},"primaryImageOfPage":{"@id":"https:\/\/rioonwatch.org.br\/?p=25142#primaryimage"},"image":{"@id":"https:\/\/rioonwatch.org.br\/?p=25142#primaryimage"},"thumbnailUrl":"https:\/\/rioonwatch.org.br\/wp-content\/uploads\/2017\/04\/wp-1490844819865-scaled.jpg","datePublished":"2017-04-05T17:19:15+00:00","dateModified":"2017-04-08T16:54:00+00:00","breadcrumb":{"@id":"https:\/\/rioonwatch.org.br\/?p=25142#breadcrumb"},"inLanguage":"pt-BR","potentialAction":[{"@type":"ReadAction","target":["https:\/\/rioonwatch.org.br\/?p=25142"]}]},{"@type":"ImageObject","inLanguage":"pt-BR","@id":"https:\/\/rioonwatch.org.br\/?p=25142#primaryimage","url":"https:\/\/rioonwatch.org.br\/wp-content\/uploads\/2017\/04\/wp-1490844819865-scaled.jpg","contentUrl":"https:\/\/rioonwatch.org.br\/wp-content\/uploads\/2017\/04\/wp-1490844819865-scaled.jpg","width":2560,"height":1244},{"@type":"BreadcrumbList","@id":"https:\/\/rioonwatch.org.br\/?p=25142#breadcrumb","itemListElement":[{"@type":"ListItem","position":1,"name":"In\u00edcio","item":"https:\/\/rioonwatch.org.br\/"},{"@type":"ListItem","position":2,"name":"Advogados Oferecem Aula P\u00fablica para Rebater Medida de Regulariza\u00e7\u00e3o do Temer"}]},{"@type":"WebSite","@id":"https:\/\/rioonwatch.org.br\/#website","url":"https:\/\/rioonwatch.org.br\/","name":"RioOnWatch","description":"relatos das favelas cariocas","publisher":{"@id":"https:\/\/rioonwatch.org.br\/#organization"},"potentialAction":[{"@type":"SearchAction","target":{"@type":"EntryPoint","urlTemplate":"https:\/\/rioonwatch.org.br\/?s={search_term_string}"},"query-input":{"@type":"PropertyValueSpecification","valueRequired":true,"valueName":"search_term_string"}}],"inLanguage":"pt-BR"},{"@type":"Organization","@id":"https:\/\/rioonwatch.org.br\/#organization","name":"RioOnWatch","url":"https:\/\/rioonwatch.org.br\/","logo":{"@type":"ImageObject","inLanguage":"pt-BR","@id":"https:\/\/rioonwatch.org.br\/#\/schema\/logo\/image\/","url":"https:\/\/rioonwatch.org.br\/wp-content\/uploads\/2021\/06\/RioOnWatchcabecalhoPT11anos-2.png","contentUrl":"https:\/\/rioonwatch.org.br\/wp-content\/uploads\/2021\/06\/RioOnWatchcabecalhoPT11anos-2.png","width":779,"height":277,"caption":"RioOnWatch"},"image":{"@id":"https:\/\/rioonwatch.org.br\/#\/schema\/logo\/image\/"}},{"@type":"Person","@id":"https:\/\/rioonwatch.org.br\/#\/schema\/person\/11d64c290506f9df50c71b850c473f68","name":"Admin","image":{"@type":"ImageObject","inLanguage":"pt-BR","@id":"https:\/\/rioonwatch.org.br\/#\/schema\/person\/image\/","url":"https:\/\/secure.gravatar.com\/avatar\/56211ac74568383903349a1485e3c325?s=96&d=blank&r=g","contentUrl":"https:\/\/secure.gravatar.com\/avatar\/56211ac74568383903349a1485e3c325?s=96&d=blank&r=g","caption":"Admin"},"url":"https:\/\/rioonwatch.org.br\/?author=129"}]}},"_links":{"self":[{"href":"https:\/\/rioonwatch.org.br\/index.php?rest_route=\/wp\/v2\/posts\/25142"}],"collection":[{"href":"https:\/\/rioonwatch.org.br\/index.php?rest_route=\/wp\/v2\/posts"}],"about":[{"href":"https:\/\/rioonwatch.org.br\/index.php?rest_route=\/wp\/v2\/types\/post"}],"author":[{"embeddable":true,"href":"https:\/\/rioonwatch.org.br\/index.php?rest_route=\/wp\/v2\/users\/129"}],"replies":[{"embeddable":true,"href":"https:\/\/rioonwatch.org.br\/index.php?rest_route=%2Fwp%2Fv2%2Fcomments&post=25142"}],"version-history":[{"count":24,"href":"https:\/\/rioonwatch.org.br\/index.php?rest_route=\/wp\/v2\/posts\/25142\/revisions"}],"predecessor-version":[{"id":25173,"href":"https:\/\/rioonwatch.org.br\/index.php?rest_route=\/wp\/v2\/posts\/25142\/revisions\/25173"}],"wp:featuredmedia":[{"embeddable":true,"href":"https:\/\/rioonwatch.org.br\/index.php?rest_route=\/wp\/v2\/media\/25145"}],"wp:attachment":[{"href":"https:\/\/rioonwatch.org.br\/index.php?rest_route=%2Fwp%2Fv2%2Fmedia&parent=25142"}],"wp:term":[{"taxonomy":"category","embeddable":true,"href":"https:\/\/rioonwatch.org.br\/index.php?rest_route=%2Fwp%2Fv2%2Fcategories&post=25142"},{"taxonomy":"post_tag","embeddable":true,"href":"https:\/\/rioonwatch.org.br\/index.php?rest_route=%2Fwp%2Fv2%2Ftags&post=25142"},{"taxonomy":"writer","embeddable":true,"href":"https:\/\/rioonwatch.org.br\/index.php?rest_route=%2Fwp%2Fv2%2Fwriter&post=25142"},{"taxonomy":"translator","embeddable":true,"href":"https:\/\/rioonwatch.org.br\/index.php?rest_route=%2Fwp%2Fv2%2Ftranslator&post=25142"},{"taxonomy":"source","embeddable":true,"href":"https:\/\/rioonwatch.org.br\/index.php?rest_route=%2Fwp%2Fv2%2Fsource&post=25142"},{"taxonomy":"ilustrador","embeddable":true,"href":"https:\/\/rioonwatch.org.br\/index.php?rest_route=%2Fwp%2Fv2%2Filustrador&post=25142"},{"taxonomy":"fotografo","embeddable":true,"href":"https:\/\/rioonwatch.org.br\/index.php?rest_route=%2Fwp%2Fv2%2Ffotografo&post=25142"}],"curies":[{"name":"wp","href":"https:\/\/api.w.org\/{rel}","templated":true}]}}