{"id":25175,"date":"2017-04-08T13:53:42","date_gmt":"2017-04-08T16:53:42","guid":{"rendered":"http:\/\/rioonwatch.org.br\/?p=25175"},"modified":"2017-04-10T12:54:47","modified_gmt":"2017-04-10T15:54:47","slug":"raizes-locais-da-vida-as-historias-do-alemao","status":"publish","type":"post","link":"https:\/\/rioonwatch.org.br\/?p=25175","title":{"rendered":"Ra\u00edzes Locais d\u00e1 Vida \u00e0s Hist\u00f3rias do Alem\u00e3o"},"content":{"rendered":"<p style=\"text-align: right;\"><em><strong><a href=\"http:\/\/bit.ly\/2nY8tXM\" target=\"_blank\">Click Here for English<img decoding=\"async\" width=\"20\" height=\"20\" class=\"alignright wp-image-15790\" src=\"http:\/\/rioonwatch.org.br\/wp-content\/uploads\/2012\/08\/EN-standard-e1439583104716.jpg\" alt=\"\" \/><\/a><\/strong><\/em><\/p>\n<p><span style=\"font-weight: 400;\">No \u00faltimo s\u00e1bado, 1 de abril, o projeto comunit\u00e1rio <\/span><a href=\"http:\/\/bit.ly\/2otiPzM\" target=\"_blank\"><span style=\"font-weight: 400;\">Ra\u00edzes Locais<\/span><\/a><span style=\"font-weight: 400;\"> acompanhou um grupo de visitantes em um tour\u00a0<\/span><span style=\"font-weight: 400;\">hist\u00f3rico no <\/span><a href=\"http:\/\/bit.ly\/1nEeBwu\" target=\"_blank\"><span style=\"font-weight: 400;\">Complexo do Alem\u00e3o<\/span><\/a><span style=\"font-weight: 400;\">, na <\/span><a href=\"http:\/\/bit.ly\/WximDf\" target=\"_blank\"><span style=\"font-weight: 400;\">Zona Norte<\/span><\/a><span style=\"font-weight: 400;\"> do Rio. A visita uniu os moradores da favela e novas organiza\u00e7\u00f5es, assim como professores e pesquisadores de fora da comunidade, como parte do empenho de um projeto para criar um <\/span><a href=\"http:\/\/bit.ly\/2a2Cjo6\" target=\"_blank\"><span style=\"font-weight: 400;\">di\u00e1logo entre saberes acad\u00eamico e popular<\/span><\/a><span style=\"font-weight: 400;\">.<\/span><\/p>\n<p><a href=\"http:\/\/rioonwatch.org.br\/wp-content\/uploads\/2017\/04\/Alema\u0303o-view.jpg\"><img fetchpriority=\"high\" decoding=\"async\" class=\"aligncenter wp-image-25183 size-content\" title=\"Zona Norte vista do Alem\u00e3o\" src=\"http:\/\/rioonwatch.org.br\/wp-content\/uploads\/2017\/04\/Alema\u0303o-view-620x264.jpg\" alt=\"\" width=\"620\" height=\"264\" srcset=\"https:\/\/rioonwatch.org.br\/wp-content\/uploads\/2017\/04\/Alema\u0303o-view-620x264.jpg 620w, https:\/\/rioonwatch.org.br\/wp-content\/uploads\/2017\/04\/Alema\u0303o-view-940x400.jpg 940w\" sizes=\"(max-width: 620px) 100vw, 620px\" \/><\/a><\/p>\n<p><span style=\"font-weight: 400;\">O Alem\u00e3o, que est\u00e1 entre as maiores favelas do Rio, tem uma rica hist\u00f3ria. Uma das primeiras paradas do tour<\/span><span style=\"font-weight: 400;\">\u00a0foi a Travessa Laurinda, uma das ruas mais antigas do Complexo, onde duas vezes no ano passado, e novamente no \u00faltimo m\u00eas de janeiro, a comunidade organizou um <\/span><a href=\"http:\/\/bit.ly\/1thwVvp\" target=\"_blank\"><span style=\"font-weight: 400;\">mutir\u00e3o<\/span><\/a><span style=\"font-weight: 400;\"> para plantar \u00e1rvores e instalar escadas no morro \u00edngreme. Conforme conta Alan Brum Pinheiro&#8211;fundador do <a href=\"http:\/\/bit.ly\/GUXh5D\" target=\"_blank\">Ra\u00edzes em Movimento<\/a>&#8211;nos anos 1920 o terreno onde agora \u00e9 o Alem\u00e3o pertencia a duas fam\u00edlias, que venderam parte dessas terras ao imigrante polon\u00eas Leonard Kaczmarkiewicz. \u201cO Alem\u00e3o&#8221;&#8211;como o imigrante ficou conhecido gra\u00e7as \u00e0 sua apar\u00eancia europeia e seu sobrenome peculiar&#8211;come\u00e7ou a alugar partes de seu terreno aos moradores locais, em um sistema conhecido como &#8220;<\/span><span style=\"font-weight: 400;\">aluguel de ch\u00e3o&#8221;<\/span><span style=\"font-weight: 400;\">, em que os inquilinos tinham permiss\u00e3o para construir casas em lotes de terra sem serem realmente donos. A partir da origem do \u201cMorro do Alem\u00e3o&#8221;, a favela se espalhou pelos morros vizinhos e nos anos seguintes, se estendeu para se tornar o Complexo de hoje.<\/span><\/p>\n<p><a href=\"http:\/\/rioonwatch.org.br\/wp-content\/uploads\/2017\/04\/Laurinda-Alema\u0303o.jpg\"><img decoding=\"async\" class=\"aligncenter wp-image-25184 size-content\" title=\"Parada na Travessa Laurinda\" src=\"http:\/\/rioonwatch.org.br\/wp-content\/uploads\/2017\/04\/Laurinda-Alema\u0303o-620x264.jpg\" alt=\"\" width=\"620\" height=\"264\" srcset=\"https:\/\/rioonwatch.org.br\/wp-content\/uploads\/2017\/04\/Laurinda-Alema\u0303o-620x264.jpg 620w, https:\/\/rioonwatch.org.br\/wp-content\/uploads\/2017\/04\/Laurinda-Alema\u0303o-940x400.jpg 940w\" sizes=\"(max-width: 620px) 100vw, 620px\" \/><\/a><\/p>\n<p><span style=\"font-weight: 400;\">A visita fez tamb\u00e9m paradas em lugares com significados recentes para os moradores. Uma cruz pr\u00f3xima ao topo do morro, originalmente constru\u00edda pela Igreja Cat\u00f3lica, foi demolida em <\/span><a href=\"http:\/\/bit.ly\/29S7d38\" target=\"_blank\"><span style=\"font-weight: 400;\">2007 pela ocupa\u00e7\u00e3o policial<\/span><\/a> <span style=\"font-weight: 400;\">que visava impedir que fosse utilizada como um ponto de drogas, at\u00e9 que a interven\u00e7\u00e3o de um padre da regi\u00e3o obrigou o estado a reconstru\u00ed-la. Em outro local, no limite do\u00a0<\/span><a href=\"http:\/\/bit.ly\/1Kq48Sn\" target=\"_blank\"><span style=\"font-weight: 400;\">espa\u00e7o verde reflorestado pelos moradores<\/span><\/a><span style=\"font-weight: 400;\">,\u00a0iniciado\u00a0<\/span><a href=\"http:\/\/bit.ly\/2oxmwVQ\" target=\"_blank\"><span style=\"font-weight: 400;\">em 1997<\/span><\/a><span style=\"font-weight: 400;\">, os moradores apontaram um pr\u00e9dio abandonado no meio de um campo.<\/span><span style=\"font-weight: 400;\"> Os jovens guias do Ra\u00edzes Locais revelaram que o espa\u00e7o costumava ser um campo de futebol, mas foi fechado pelo estado para construir um parque de ciclismo para as Olimp\u00edadas. O parque foi abandonado h\u00e1 seis anos e os guias relembram que, nos bons tempos, moradores de todo o Alem\u00e3o costumavam frequentar o campo aos domingos, jogando na <\/span><a href=\"http:\/\/bit.ly\/1Idzfe6\" target=\"_blank\"><span style=\"font-weight: 400;\">liga de futebol da comunidade<\/span><\/a><span style=\"font-weight: 400;\"> ou andando de bicicleta e socializando.<\/span><\/p>\n<p><a href=\"http:\/\/rioonwatch.org.br\/wp-content\/uploads\/2017\/04\/A-former-soccer-field-which-a-State-project-turned-into-a-now-abandoned-bike-park.jpg\"><img loading=\"lazy\" decoding=\"async\" class=\"aligncenter wp-image-25187 size-content\" title=\"Um antigo campo de futebol, que um projeto do estado transformou em um parque de ciclismo, agora est\u00e1 abandonado. Foto de Adriana Gonzalez\" src=\"http:\/\/rioonwatch.org.br\/wp-content\/uploads\/2017\/04\/A-former-soccer-field-which-a-State-project-turned-into-a-now-abandoned-bike-park-620x264.jpg\" alt=\"\" width=\"620\" height=\"264\" srcset=\"https:\/\/rioonwatch.org.br\/wp-content\/uploads\/2017\/04\/A-former-soccer-field-which-a-State-project-turned-into-a-now-abandoned-bike-park-620x264.jpg 620w, https:\/\/rioonwatch.org.br\/wp-content\/uploads\/2017\/04\/A-former-soccer-field-which-a-State-project-turned-into-a-now-abandoned-bike-park-940x400.jpg 940w\" sizes=\"(max-width: 620px) 100vw, 620px\" \/><\/a><\/p>\n<p><span style=\"font-weight: 400;\">Ra\u00edzes Locais \u00e9 um projeto do <\/span><span style=\"font-weight: 400;\"><a href=\"http:\/\/bit.ly\/2a2Cjo6\" target=\"_blank\">Instituto Ra\u00edzes em Movimento<\/a>,\u00a0<\/span><span style=\"font-weight: 400;\">uma <\/span><a href=\"http:\/\/bit.ly\/2hSFCi4\" target=\"_blank\"><span style=\"font-weight: 400;\">organiza\u00e7\u00e3o comunit\u00e1ria<\/span><\/a><span style=\"font-weight: 400;\"> fundada no Alem\u00e3o em 2001. Procurando unir os moradores da favela e <\/span><a href=\"http:\/\/bit.ly\/2gYyj8m\" target=\"_blank\"><span style=\"font-weight: 400;\">estudantes de fora da comunidade<\/span><\/a><span style=\"font-weight: 400;\">, nas pr\u00f3ximas semanas, o Ra\u00edzes em Movimento organizar\u00e1 visitas voltadas a <\/span><a href=\"http:\/\/bit.ly\/2oDvkcy\" target=\"_blank\"><span style=\"font-weight: 400;\">saneamento<\/span><\/a><span style=\"font-weight: 400;\">, <\/span><a href=\"http:\/\/bit.ly\/16D453L\" target=\"_blank\"><span style=\"font-weight: 400;\">mobilidade urbana<\/span><\/a><span style=\"font-weight: 400;\"> e legaliza\u00e7\u00e3o e descriminaliza\u00e7\u00e3o das drogas, bem como a prepara\u00e7\u00e3o de mat\u00e9rias sobre religi\u00e3o no Alem\u00e3o e as ra\u00edzes africanas da comunidade.<\/span><\/p>\n<p><span style=\"font-weight: 400;\">A iniciativa Ra\u00edzes Locais procura documentar a mem\u00f3ria da ocupa\u00e7\u00e3o do espa\u00e7o que levou \u00e0 forma\u00e7\u00e3o do Alem\u00e3o. O projeto une jovens da comunidade a moradores mais velhos para conduzir entrevistas sobre suas mem\u00f3rias de tempos mais antigos. Estas entrevistas chegam em boa hora, uma vez que a primeira gera\u00e7\u00e3o dos moradores j\u00e1 chegaram \u00e0 terceira idade. Ra\u00edzes Locais busca conduzir a maior parte de seu trabalho em locais p\u00fablicos, para conscientizar e despertar nos moradores o interesse pelo projeto.<\/span><\/p>\n<p><a href=\"http:\/\/rioonwatch.org.br\/wp-content\/uploads\/2017\/04\/Hearing-from-a-resident.jpg\"><img loading=\"lazy\" decoding=\"async\" class=\"aligncenter wp-image-25189 size-content\" title=\"Fala de um morador. Foto de Adriana Gonzalez\" src=\"http:\/\/rioonwatch.org.br\/wp-content\/uploads\/2017\/04\/Hearing-from-a-resident-620x264.jpg\" alt=\"\" width=\"620\" height=\"264\" srcset=\"https:\/\/rioonwatch.org.br\/wp-content\/uploads\/2017\/04\/Hearing-from-a-resident-620x264.jpg 620w, https:\/\/rioonwatch.org.br\/wp-content\/uploads\/2017\/04\/Hearing-from-a-resident-940x400.jpg 940w\" sizes=\"(max-width: 620px) 100vw, 620px\" \/><\/a><\/p>\n<p><span style=\"font-weight: 400;\">Pamela, 17, juntou-se ao projeto em fevereiro depois de conhec\u00ea-lo atrav\u00e9s de sua amiga Gabriela, 15, que participa desde dezembro. \u201cEu estava na casa dela, e ela teve que trabalhar no s\u00e1bado\u201d, Pamela explicou. \u201cPara n\u00e3o me deixar sozinha, eu fui com ela. Ela me levou para um\u00a0<\/span><a href=\"http:\/\/bit.ly\/2obsESq\" target=\"_blank\"><span style=\"font-weight: 400;\">mutir\u00e3o<\/span><\/a><span style=\"font-weight: 400;\">, e eu acabei gostando, ent\u00e3o entrei no projeto&#8221;.<\/span><\/p>\n<p><span style=\"font-weight: 400;\">Como moradora de Olaria, um bairro vizinho ao Alem\u00e3o, Pamela gostou da oportunidade de saber mais sobre o Complexo. Ela se lembra de ouvir hist\u00f3rias de membros mais velhos da comunidade sobre juntar crian\u00e7as para jogos de futebol na juventude e sentar com amigos \u00e0 sombra de uma \u00e1rvore no jardim para sentir o vento durante o ver\u00e3o escaldante. \u201cNaquela \u00e9poca tinha amizade entre os vizinhos, todo mundo se ajudava. Agora, todo mundo tem televis\u00e3o, celular, Internet, e sempre \u00e9 preciso pagar por qualquer coisa&#8221;. Lorrana, tamb\u00e9m de 17 anos, moradora do Alem\u00e3o, concorda que sua entrevista com o av\u00f4 lhe deu uma chance para aprender e pensar mais sobre o passado de uma forma que ela nunca imaginou. \u201c<\/span>Nunca tive tempo para as coisas da vida dele. Al\u00e9m disso, estou aprendendo a me comunicar mais com as pessoas&#8221;.<\/p>\n<p><span style=\"font-weight: 400;\">Com o encorajamento de Alam, Pamela e Lorrana compartilharam algumas informa\u00e7\u00f5es que aprenderam com suas entrevistas em alguns pontos do <\/span>tour<span style=\"font-weight: 400;\">. Como ele explicou, \u201c<\/span>\u00c9 para ajud\u00e1-las a falar de mem\u00f3rias. O objetivo do projeto \u00e9 mais pessoas falando, divulgando a hist\u00f3ria do Alem\u00e3o. Essas meninas s\u00e3o as novas protagonistas do processo. Podem ser professoras, ativistas, mobilizadoras sociais. O objetivo sempre \u00e9 alcan\u00e7ar essa massa cr\u00edtica de participa\u00e7\u00e3o dentro da comunidade&#8221;.<\/p>\n<!-- AddThis Advanced Settings generic via filter on the_content --><!-- AddThis Share Buttons generic via filter on the_content -->","protected":false},"excerpt":{"rendered":"<div class=\"mh-excerpt\"><p>Click Here for English No \u00faltimo s\u00e1bado, 1 de abril, o projeto comunit\u00e1rio Ra\u00edzes Locais acompanhou um grupo de visitantes em um tour\u00a0hist\u00f3rico no Complexo do Alem\u00e3o, na Zona Norte do Rio. A visita uniu <a class=\"mh-excerpt-more\" href=\"https:\/\/rioonwatch.org.br\/?p=25175\" title=\"Ra\u00edzes Locais d\u00e1 Vida \u00e0s Hist\u00f3rias do Alem\u00e3o\">[&#8230;]<\/a><!-- AddThis Advanced Settings generic via filter on get_the_excerpt --><!-- AddThis Share Buttons generic via filter on get_the_excerpt --><\/p>\n<\/div>","protected":false},"author":129,"featured_media":25178,"comment_status":"closed","ping_status":"closed","sticky":false,"template":"","format":"standard","meta":{"_acf_changed":false,"_monsterinsights_skip_tracking":false,"_monsterinsights_sitenote_active":false,"_monsterinsights_sitenote_note":"","_monsterinsights_sitenote_category":0,"footnotes":""},"categories":[1621,1627,1615,1626,1616,1612,342],"tags":[217,1447,128,841,113,469,358,758,1517,476,218],"writer":[2109],"translator":[2068],"source":[],"ilustrador":[],"fotografo":[],"class_list":{"0":"post-25175","1":"post","2":"type-post","3":"status-publish","4":"format-standard","5":"has-post-thumbnail","7":"category-destaque","8":"category-relato-de-evento","9":"category-cultura-da-favela","10":"category-por-observadores-internacionais","11":"category-qualidades-da-favela","12":"category-sociedade-civil","13":"category-solucoes","14":"tag-complexo-do-alemao","15":"tag-favela-tour","16":"tag-historia","17":"tag-historia-oral","18":"tag-juventude","19":"tag-memoria","20":"tag-organizacao-comunitaria","21":"tag-orgulho-comunitario","22":"tag-raizes-em-movimento","23":"tag-solucao-comunitaria","24":"tag-zona-norte","25":"writer-claire-jones","26":"translator-gisele-rosati"},"acf":[],"yoast_head":"<!-- This site is optimized with the Yoast SEO plugin v25.6 - https:\/\/yoast.com\/wordpress\/plugins\/seo\/ -->\n<title>Ra\u00edzes Locais d\u00e1 Vida \u00e0s Hist\u00f3rias do Alem\u00e3o - RioOnWatch<\/title>\n<meta name=\"robots\" content=\"index, follow, max-snippet:-1, max-image-preview:large, max-video-preview:-1\" \/>\n<link rel=\"canonical\" href=\"https:\/\/rioonwatch.org.br\/?p=25175\" \/>\n<meta property=\"og:locale\" content=\"pt_BR\" \/>\n<meta property=\"og:type\" content=\"article\" \/>\n<meta property=\"og:title\" content=\"Ra\u00edzes Locais d\u00e1 Vida \u00e0s Hist\u00f3rias do Alem\u00e3o - RioOnWatch\" \/>\n<meta property=\"og:description\" content=\"Click Here for English No \u00faltimo s\u00e1bado, 1 de abril, o projeto comunit\u00e1rio Ra\u00edzes Locais acompanhou um grupo de visitantes em um tour\u00a0hist\u00f3rico no Complexo do Alem\u00e3o, na Zona Norte do Rio. A visita uniu [...]\" \/>\n<meta property=\"og:url\" content=\"https:\/\/rioonwatch.org.br\/?p=25175\" \/>\n<meta property=\"og:site_name\" content=\"RioOnWatch\" \/>\n<meta property=\"article:published_time\" content=\"2017-04-08T16:53:42+00:00\" \/>\n<meta property=\"article:modified_time\" content=\"2017-04-10T15:54:47+00:00\" \/>\n<meta property=\"og:image\" content=\"https:\/\/rioonwatch.org.br\/wp-content\/uploads\/2017\/04\/Alemao.jpg\" \/>\n\t<meta property=\"og:image:width\" content=\"1136\" \/>\n\t<meta property=\"og:image:height\" content=\"852\" \/>\n\t<meta property=\"og:image:type\" content=\"image\/jpeg\" \/>\n<meta name=\"author\" content=\"Admin\" \/>\n<meta name=\"twitter:card\" content=\"summary_large_image\" \/>\n<meta name=\"twitter:label1\" content=\"Escrito por\" \/>\n\t<meta name=\"twitter:data1\" content=\"Admin\" \/>\n\t<meta name=\"twitter:label2\" content=\"Est. tempo de leitura\" \/>\n\t<meta name=\"twitter:data2\" content=\"4 minutos\" \/>\n<script type=\"application\/ld+json\" class=\"yoast-schema-graph\">{\"@context\":\"https:\/\/schema.org\",\"@graph\":[{\"@type\":\"Article\",\"@id\":\"https:\/\/rioonwatch.org.br\/?p=25175#article\",\"isPartOf\":{\"@id\":\"https:\/\/rioonwatch.org.br\/?p=25175\"},\"author\":{\"name\":\"Admin\",\"@id\":\"https:\/\/rioonwatch.org.br\/#\/schema\/person\/11d64c290506f9df50c71b850c473f68\"},\"headline\":\"Ra\u00edzes Locais d\u00e1 Vida \u00e0s Hist\u00f3rias do Alem\u00e3o\",\"datePublished\":\"2017-04-08T16:53:42+00:00\",\"dateModified\":\"2017-04-10T15:54:47+00:00\",\"mainEntityOfPage\":{\"@id\":\"https:\/\/rioonwatch.org.br\/?p=25175\"},\"wordCount\":877,\"publisher\":{\"@id\":\"https:\/\/rioonwatch.org.br\/#organization\"},\"image\":{\"@id\":\"https:\/\/rioonwatch.org.br\/?p=25175#primaryimage\"},\"thumbnailUrl\":\"https:\/\/rioonwatch.org.br\/wp-content\/uploads\/2017\/04\/Alemao.jpg\",\"keywords\":[\"Complexo do Alem\u00e3o\",\"Favela Tours Comunit\u00e1rios\",\"hist\u00f3ria\",\"hist\u00f3ria oral\",\"juventude\",\"Mem\u00f3rias Faveladas\",\"organiza\u00e7\u00e3o comunit\u00e1ria\",\"orgulho comunit\u00e1rio\",\"Ra\u00edzes em Movimento\",\"solu\u00e7\u00e3o comunit\u00e1ria\",\"Zona Norte\"],\"articleSection\":[\"*Destaque\",\"Cobertura de Eventos\",\"Cultura da Favela\",\"Escrito por Aliados\",\"Qualidades da Favela\",\"Sociedade Civil\",\"Solu\u00e7\u00f5es\"],\"inLanguage\":\"pt-BR\"},{\"@type\":\"WebPage\",\"@id\":\"https:\/\/rioonwatch.org.br\/?p=25175\",\"url\":\"https:\/\/rioonwatch.org.br\/?p=25175\",\"name\":\"Ra\u00edzes Locais d\u00e1 Vida \u00e0s Hist\u00f3rias do Alem\u00e3o - RioOnWatch\",\"isPartOf\":{\"@id\":\"https:\/\/rioonwatch.org.br\/#website\"},\"primaryImageOfPage\":{\"@id\":\"https:\/\/rioonwatch.org.br\/?p=25175#primaryimage\"},\"image\":{\"@id\":\"https:\/\/rioonwatch.org.br\/?p=25175#primaryimage\"},\"thumbnailUrl\":\"https:\/\/rioonwatch.org.br\/wp-content\/uploads\/2017\/04\/Alemao.jpg\",\"datePublished\":\"2017-04-08T16:53:42+00:00\",\"dateModified\":\"2017-04-10T15:54:47+00:00\",\"breadcrumb\":{\"@id\":\"https:\/\/rioonwatch.org.br\/?p=25175#breadcrumb\"},\"inLanguage\":\"pt-BR\",\"potentialAction\":[{\"@type\":\"ReadAction\",\"target\":[\"https:\/\/rioonwatch.org.br\/?p=25175\"]}]},{\"@type\":\"ImageObject\",\"inLanguage\":\"pt-BR\",\"@id\":\"https:\/\/rioonwatch.org.br\/?p=25175#primaryimage\",\"url\":\"https:\/\/rioonwatch.org.br\/wp-content\/uploads\/2017\/04\/Alemao.jpg\",\"contentUrl\":\"https:\/\/rioonwatch.org.br\/wp-content\/uploads\/2017\/04\/Alemao.jpg\",\"width\":1136,\"height\":852},{\"@type\":\"BreadcrumbList\",\"@id\":\"https:\/\/rioonwatch.org.br\/?p=25175#breadcrumb\",\"itemListElement\":[{\"@type\":\"ListItem\",\"position\":1,\"name\":\"In\u00edcio\",\"item\":\"https:\/\/rioonwatch.org.br\/\"},{\"@type\":\"ListItem\",\"position\":2,\"name\":\"Ra\u00edzes Locais d\u00e1 Vida \u00e0s Hist\u00f3rias do Alem\u00e3o\"}]},{\"@type\":\"WebSite\",\"@id\":\"https:\/\/rioonwatch.org.br\/#website\",\"url\":\"https:\/\/rioonwatch.org.br\/\",\"name\":\"RioOnWatch\",\"description\":\"relatos das favelas cariocas\",\"publisher\":{\"@id\":\"https:\/\/rioonwatch.org.br\/#organization\"},\"potentialAction\":[{\"@type\":\"SearchAction\",\"target\":{\"@type\":\"EntryPoint\",\"urlTemplate\":\"https:\/\/rioonwatch.org.br\/?s={search_term_string}\"},\"query-input\":{\"@type\":\"PropertyValueSpecification\",\"valueRequired\":true,\"valueName\":\"search_term_string\"}}],\"inLanguage\":\"pt-BR\"},{\"@type\":\"Organization\",\"@id\":\"https:\/\/rioonwatch.org.br\/#organization\",\"name\":\"RioOnWatch\",\"url\":\"https:\/\/rioonwatch.org.br\/\",\"logo\":{\"@type\":\"ImageObject\",\"inLanguage\":\"pt-BR\",\"@id\":\"https:\/\/rioonwatch.org.br\/#\/schema\/logo\/image\/\",\"url\":\"https:\/\/rioonwatch.org.br\/wp-content\/uploads\/2021\/06\/RioOnWatchcabecalhoPT11anos-2.png\",\"contentUrl\":\"https:\/\/rioonwatch.org.br\/wp-content\/uploads\/2021\/06\/RioOnWatchcabecalhoPT11anos-2.png\",\"width\":779,\"height\":277,\"caption\":\"RioOnWatch\"},\"image\":{\"@id\":\"https:\/\/rioonwatch.org.br\/#\/schema\/logo\/image\/\"}},{\"@type\":\"Person\",\"@id\":\"https:\/\/rioonwatch.org.br\/#\/schema\/person\/11d64c290506f9df50c71b850c473f68\",\"name\":\"Admin\",\"image\":{\"@type\":\"ImageObject\",\"inLanguage\":\"pt-BR\",\"@id\":\"https:\/\/rioonwatch.org.br\/#\/schema\/person\/image\/\",\"url\":\"https:\/\/secure.gravatar.com\/avatar\/56211ac74568383903349a1485e3c325?s=96&d=blank&r=g\",\"contentUrl\":\"https:\/\/secure.gravatar.com\/avatar\/56211ac74568383903349a1485e3c325?s=96&d=blank&r=g\",\"caption\":\"Admin\"},\"url\":\"https:\/\/rioonwatch.org.br\/?author=129\"}]}<\/script>\n<!-- \/ Yoast SEO plugin. -->","yoast_head_json":{"title":"Ra\u00edzes Locais d\u00e1 Vida \u00e0s Hist\u00f3rias do Alem\u00e3o - RioOnWatch","robots":{"index":"index","follow":"follow","max-snippet":"max-snippet:-1","max-image-preview":"max-image-preview:large","max-video-preview":"max-video-preview:-1"},"canonical":"https:\/\/rioonwatch.org.br\/?p=25175","og_locale":"pt_BR","og_type":"article","og_title":"Ra\u00edzes Locais d\u00e1 Vida \u00e0s Hist\u00f3rias do Alem\u00e3o - RioOnWatch","og_description":"Click Here for English No \u00faltimo s\u00e1bado, 1 de abril, o projeto comunit\u00e1rio Ra\u00edzes Locais acompanhou um grupo de visitantes em um tour\u00a0hist\u00f3rico no Complexo do Alem\u00e3o, na Zona Norte do Rio. A visita uniu [...]","og_url":"https:\/\/rioonwatch.org.br\/?p=25175","og_site_name":"RioOnWatch","article_published_time":"2017-04-08T16:53:42+00:00","article_modified_time":"2017-04-10T15:54:47+00:00","og_image":[{"width":1136,"height":852,"url":"https:\/\/rioonwatch.org.br\/wp-content\/uploads\/2017\/04\/Alemao.jpg","type":"image\/jpeg"}],"author":"Admin","twitter_card":"summary_large_image","twitter_misc":{"Escrito por":"Admin","Est. tempo de leitura":"4 minutos"},"schema":{"@context":"https:\/\/schema.org","@graph":[{"@type":"Article","@id":"https:\/\/rioonwatch.org.br\/?p=25175#article","isPartOf":{"@id":"https:\/\/rioonwatch.org.br\/?p=25175"},"author":{"name":"Admin","@id":"https:\/\/rioonwatch.org.br\/#\/schema\/person\/11d64c290506f9df50c71b850c473f68"},"headline":"Ra\u00edzes Locais d\u00e1 Vida \u00e0s Hist\u00f3rias do Alem\u00e3o","datePublished":"2017-04-08T16:53:42+00:00","dateModified":"2017-04-10T15:54:47+00:00","mainEntityOfPage":{"@id":"https:\/\/rioonwatch.org.br\/?p=25175"},"wordCount":877,"publisher":{"@id":"https:\/\/rioonwatch.org.br\/#organization"},"image":{"@id":"https:\/\/rioonwatch.org.br\/?p=25175#primaryimage"},"thumbnailUrl":"https:\/\/rioonwatch.org.br\/wp-content\/uploads\/2017\/04\/Alemao.jpg","keywords":["Complexo do Alem\u00e3o","Favela Tours Comunit\u00e1rios","hist\u00f3ria","hist\u00f3ria oral","juventude","Mem\u00f3rias Faveladas","organiza\u00e7\u00e3o comunit\u00e1ria","orgulho comunit\u00e1rio","Ra\u00edzes em Movimento","solu\u00e7\u00e3o comunit\u00e1ria","Zona Norte"],"articleSection":["*Destaque","Cobertura de Eventos","Cultura da Favela","Escrito por Aliados","Qualidades da Favela","Sociedade Civil","Solu\u00e7\u00f5es"],"inLanguage":"pt-BR"},{"@type":"WebPage","@id":"https:\/\/rioonwatch.org.br\/?p=25175","url":"https:\/\/rioonwatch.org.br\/?p=25175","name":"Ra\u00edzes Locais d\u00e1 Vida \u00e0s Hist\u00f3rias do Alem\u00e3o - RioOnWatch","isPartOf":{"@id":"https:\/\/rioonwatch.org.br\/#website"},"primaryImageOfPage":{"@id":"https:\/\/rioonwatch.org.br\/?p=25175#primaryimage"},"image":{"@id":"https:\/\/rioonwatch.org.br\/?p=25175#primaryimage"},"thumbnailUrl":"https:\/\/rioonwatch.org.br\/wp-content\/uploads\/2017\/04\/Alemao.jpg","datePublished":"2017-04-08T16:53:42+00:00","dateModified":"2017-04-10T15:54:47+00:00","breadcrumb":{"@id":"https:\/\/rioonwatch.org.br\/?p=25175#breadcrumb"},"inLanguage":"pt-BR","potentialAction":[{"@type":"ReadAction","target":["https:\/\/rioonwatch.org.br\/?p=25175"]}]},{"@type":"ImageObject","inLanguage":"pt-BR","@id":"https:\/\/rioonwatch.org.br\/?p=25175#primaryimage","url":"https:\/\/rioonwatch.org.br\/wp-content\/uploads\/2017\/04\/Alemao.jpg","contentUrl":"https:\/\/rioonwatch.org.br\/wp-content\/uploads\/2017\/04\/Alemao.jpg","width":1136,"height":852},{"@type":"BreadcrumbList","@id":"https:\/\/rioonwatch.org.br\/?p=25175#breadcrumb","itemListElement":[{"@type":"ListItem","position":1,"name":"In\u00edcio","item":"https:\/\/rioonwatch.org.br\/"},{"@type":"ListItem","position":2,"name":"Ra\u00edzes Locais d\u00e1 Vida \u00e0s Hist\u00f3rias do Alem\u00e3o"}]},{"@type":"WebSite","@id":"https:\/\/rioonwatch.org.br\/#website","url":"https:\/\/rioonwatch.org.br\/","name":"RioOnWatch","description":"relatos das favelas cariocas","publisher":{"@id":"https:\/\/rioonwatch.org.br\/#organization"},"potentialAction":[{"@type":"SearchAction","target":{"@type":"EntryPoint","urlTemplate":"https:\/\/rioonwatch.org.br\/?s={search_term_string}"},"query-input":{"@type":"PropertyValueSpecification","valueRequired":true,"valueName":"search_term_string"}}],"inLanguage":"pt-BR"},{"@type":"Organization","@id":"https:\/\/rioonwatch.org.br\/#organization","name":"RioOnWatch","url":"https:\/\/rioonwatch.org.br\/","logo":{"@type":"ImageObject","inLanguage":"pt-BR","@id":"https:\/\/rioonwatch.org.br\/#\/schema\/logo\/image\/","url":"https:\/\/rioonwatch.org.br\/wp-content\/uploads\/2021\/06\/RioOnWatchcabecalhoPT11anos-2.png","contentUrl":"https:\/\/rioonwatch.org.br\/wp-content\/uploads\/2021\/06\/RioOnWatchcabecalhoPT11anos-2.png","width":779,"height":277,"caption":"RioOnWatch"},"image":{"@id":"https:\/\/rioonwatch.org.br\/#\/schema\/logo\/image\/"}},{"@type":"Person","@id":"https:\/\/rioonwatch.org.br\/#\/schema\/person\/11d64c290506f9df50c71b850c473f68","name":"Admin","image":{"@type":"ImageObject","inLanguage":"pt-BR","@id":"https:\/\/rioonwatch.org.br\/#\/schema\/person\/image\/","url":"https:\/\/secure.gravatar.com\/avatar\/56211ac74568383903349a1485e3c325?s=96&d=blank&r=g","contentUrl":"https:\/\/secure.gravatar.com\/avatar\/56211ac74568383903349a1485e3c325?s=96&d=blank&r=g","caption":"Admin"},"url":"https:\/\/rioonwatch.org.br\/?author=129"}]}},"_links":{"self":[{"href":"https:\/\/rioonwatch.org.br\/index.php?rest_route=\/wp\/v2\/posts\/25175"}],"collection":[{"href":"https:\/\/rioonwatch.org.br\/index.php?rest_route=\/wp\/v2\/posts"}],"about":[{"href":"https:\/\/rioonwatch.org.br\/index.php?rest_route=\/wp\/v2\/types\/post"}],"author":[{"embeddable":true,"href":"https:\/\/rioonwatch.org.br\/index.php?rest_route=\/wp\/v2\/users\/129"}],"replies":[{"embeddable":true,"href":"https:\/\/rioonwatch.org.br\/index.php?rest_route=%2Fwp%2Fv2%2Fcomments&post=25175"}],"version-history":[{"count":19,"href":"https:\/\/rioonwatch.org.br\/index.php?rest_route=\/wp\/v2\/posts\/25175\/revisions"}],"predecessor-version":[{"id":25216,"href":"https:\/\/rioonwatch.org.br\/index.php?rest_route=\/wp\/v2\/posts\/25175\/revisions\/25216"}],"wp:featuredmedia":[{"embeddable":true,"href":"https:\/\/rioonwatch.org.br\/index.php?rest_route=\/wp\/v2\/media\/25178"}],"wp:attachment":[{"href":"https:\/\/rioonwatch.org.br\/index.php?rest_route=%2Fwp%2Fv2%2Fmedia&parent=25175"}],"wp:term":[{"taxonomy":"category","embeddable":true,"href":"https:\/\/rioonwatch.org.br\/index.php?rest_route=%2Fwp%2Fv2%2Fcategories&post=25175"},{"taxonomy":"post_tag","embeddable":true,"href":"https:\/\/rioonwatch.org.br\/index.php?rest_route=%2Fwp%2Fv2%2Ftags&post=25175"},{"taxonomy":"writer","embeddable":true,"href":"https:\/\/rioonwatch.org.br\/index.php?rest_route=%2Fwp%2Fv2%2Fwriter&post=25175"},{"taxonomy":"translator","embeddable":true,"href":"https:\/\/rioonwatch.org.br\/index.php?rest_route=%2Fwp%2Fv2%2Ftranslator&post=25175"},{"taxonomy":"source","embeddable":true,"href":"https:\/\/rioonwatch.org.br\/index.php?rest_route=%2Fwp%2Fv2%2Fsource&post=25175"},{"taxonomy":"ilustrador","embeddable":true,"href":"https:\/\/rioonwatch.org.br\/index.php?rest_route=%2Fwp%2Fv2%2Filustrador&post=25175"},{"taxonomy":"fotografo","embeddable":true,"href":"https:\/\/rioonwatch.org.br\/index.php?rest_route=%2Fwp%2Fv2%2Ffotografo&post=25175"}],"curies":[{"name":"wp","href":"https:\/\/api.w.org\/{rel}","templated":true}]}}