{"id":25196,"date":"2017-04-10T12:54:13","date_gmt":"2017-04-10T15:54:13","guid":{"rendered":"http:\/\/rioonwatch.org.br\/?p=25196"},"modified":"2017-05-21T17:39:01","modified_gmt":"2017-05-21T20:39:01","slug":"absurdo-estacoes-de-teleferico-vao-virar-base-de-upp-transcricao-de-video","status":"publish","type":"post","link":"https:\/\/rioonwatch.org.br\/?p=25196","title":{"rendered":"Absurdo: Esta\u00e7\u00f5es de Telef\u00e9rico V\u00e3o Virar Base de UPP! [Transcri\u00e7\u00e3o de V\u00eddeo]"},"content":{"rendered":"<p style=\"text-align: right;\"><em><strong><a href=\"http:\/\/bit.ly\/2qjNH3c\" target=\"_blank\" rel=\"noopener noreferrer\">Click Here for English<img decoding=\"async\" width=\"20\" height=\"20\" class=\"alignright wp-image-15790\" src=\"http:\/\/rioonwatch.org.br\/wp-content\/uploads\/2012\/08\/EN-standard-e1439583104716.jpg\" alt=\"\" \/><\/a><\/strong><\/em><\/p>\n<h4><strong><em>O texto abaixo \u00e9 a transcri\u00e7\u00e3o da\u00a0<a href=\"http:\/\/bit.ly\/2oFgCll\" target=\"_blank\" rel=\"noopener noreferrer\">transmiss\u00e3o ao vivo no Facebook<\/a> de <a href=\"http:\/\/bit.ly\/2iUfqY7\" target=\"_blank\" rel=\"noopener noreferrer\">Raull Santiago<\/a>\u00a0em 29 de mar\u00e7o de 2017 \u00e0s 12:15.<\/em><\/strong><\/h4>\n<p><span style=\"font-weight: 400;\">Boa tarde galera, estou abrindo <a href=\"http:\/\/bit.ly\/2oFgCll\" target=\"_blank\" rel=\"noopener noreferrer\">esse ao vivo aqui<\/a> para trocar uma ideia, uma parada urgente que acabamos de descobrir aqui no <a href=\"http:\/\/bit.ly\/U0MiGm\" target=\"_blank\" rel=\"noopener noreferrer\">Complexo do Alem\u00e3o<\/a>. As esta\u00e7\u00f5es de <a href=\"http:\/\/bit.ly\/Sh0wXv\" target=\"_blank\" rel=\"noopener noreferrer\">telef\u00e9ricos<\/a> no Complexo do Alem\u00e3o possivelmente ir\u00e3o se tornar bases da <a href=\"http:\/\/bit.ly\/R5ueio\" target=\"_blank\" rel=\"noopener noreferrer\">UPP<\/a>. \u00c9 inaceit\u00e1vel esse tipo de situa\u00e7\u00e3o. A pol\u00edcia que entrou aqui em 2010 como solu\u00e7\u00e3o para a situa\u00e7\u00e3o da viol\u00eancia e agravou ainda mais a realidade que a gente vivia aqui dentro, agora com a fal\u00eancia do estado, com a fal\u00eancia do pa\u00eds apenas nas \u00e1reas pobres, e o fechamento da grande obra que era t\u00e3o vendida no mundo inteiro&#8211;o\u00a0<a href=\"http:\/\/bit.ly\/2drO7zQ\" target=\"_blank\" rel=\"noopener noreferrer\">telef\u00e9rico do complexo do Alem\u00e3o, que est\u00e1 h\u00e1 mais ou menos um ano parado<\/a>&#8211;agora a gente descobre que esses espa\u00e7os <a href=\"http:\/\/bit.ly\/2p682s3\" target=\"_blank\" rel=\"noopener noreferrer\">poder\u00e3o se tornar base de UPP<\/a>. <\/span><\/p>\n<p><span style=\"font-weight: 400;\">Sabe o que \u00e9 bizarro? Quando algumas pessoas se reuniram para tentar ocupar um terreno vazio, onde antes era moradia, o estado removeu as pessoas desse terreno, n\u00e3o garantiu a casa para essas pessoas, e quando elas tentaram recuperar esse terreno no espa\u00e7o da Poesia, o governo mandou a pol\u00edcia na base de porrada, expulsar todo mundo. No meio disso, todas as esta\u00e7\u00f5es do telef\u00e9rico, com v\u00e1rias salas e uma \u00f3tima estrutura, estavam vazias. <\/span><\/p>\n<p><span style=\"font-weight: 400;\">V\u00e1rios projetos aqui do complexo do Alem\u00e3o, incr\u00edveis, maravilhosos, como da <a href=\"http:\/\/bit.ly\/1LwVyjk\" target=\"_blank\" rel=\"noopener noreferrer\">Mariluce Mari\u00e1<\/a> que trabalha com crian\u00e7as e o pr\u00f3prio <a href=\"http:\/\/bit.ly\/1CLd514\" target=\"_blank\" rel=\"noopener noreferrer\">Papo Reto<\/a>, e uma s\u00e9rie de outros projetos, n\u00e3o t\u00eam uma sede pr\u00f3pria. N\u00e3o tem uma base para trabalhar. Tem que depender da ajuda das pessoas que tem <a href=\"http:\/\/bit.ly\/2mmOQb3\" target=\"_blank\" rel=\"noopener noreferrer\">laje<\/a>, tem que fazer seus trabalhos nas ruas ficando super alertas em meio a situa\u00e7\u00e3o de tiroteio. Enquanto isso, essas salas de telef\u00e9rico fechadas e vazias. <\/span><\/p>\n<p><span style=\"font-weight: 400;\">Agora, todo mundo que trabalha l\u00e1, as seguran\u00e7as que s\u00e3o daqui do morro, que estavam empregado nas esta\u00e7\u00f5es do telef\u00e9rico, receberam aviso pr\u00e9vio que v\u00e3o ser demitidos. A galera vai ficar sem emprego. Por qu\u00ea? Porque as esta\u00e7\u00f5es do telef\u00e9rico, constru\u00eddas com seu dinheiro p\u00fablico que era para mudar a realidade do Complexo do Alem\u00e3o, tentar incentivar o turismo e a redu\u00e7\u00e3o de viol\u00eancia&#8230; O telef\u00e9rico que era pensado para a mobilidade al\u00e9m de n\u00e3o ter comprido seu papel, al\u00e9m de estar mais de um ano fechado, agora vai virar mais uma base militar. <\/span>Ou seja, a \u00fanica <a href=\"http:\/\/bit.ly\/1SgXd1Q\" target=\"_blank\" rel=\"noopener noreferrer\">pol\u00edtica p\u00fablica<\/a> que chega de forma constante que permanece hoje no Complexo do Alem\u00e3o, \u00e9 a pol\u00edcia.<\/p>\n<p><img fetchpriority=\"high\" decoding=\"async\" class=\"aligncenter wp-image-25209 size-content\" title=\"Telef\u00e9rico do Alem\u00e3o parado. Foto por Julio C\u00e9sar Guimar\u00e3es\/UOL\" src=\"http:\/\/rioonwatch.org.br\/wp-content\/uploads\/2017\/04\/telef\u00e9rico-615x264.jpg\" alt=\"\" width=\"615\" height=\"264\" \/><\/p>\n<p><span style=\"font-weight: 400;\">O governo, o estado, s\u00f3 esta olhando para dentro da favela nos observando a partir da mira do policial. Isso tem ficado cada vez mas grave. \u00c9 absurdo isso que est\u00e1 acontecendo. \u00c9 uma situa\u00e7\u00e3o extrema. A sociedade n\u00e3o pode ignorar essa militariza\u00e7\u00e3o da vida cotidiana. Essa n\u00e3o valoriza\u00e7\u00e3o do dinheiro p\u00fablico. O investimento milion\u00e1rio com esquemas diversos e essa <a href=\"http:\/\/bit.ly\/2ch5feZ\" target=\"_blank\" rel=\"noopener noreferrer\">corrup\u00e7\u00e3o<\/a> gigante que vai virar apenas mais uma base da <a href=\"http:\/\/bit.ly\/1mtYvXK\" target=\"_blank\" rel=\"noopener noreferrer\">Policia Militar<\/a> t\u00e3o duvidosa, <a href=\"http:\/\/bit.ly\/2oFxf0y\" target=\"_blank\" rel=\"noopener noreferrer\">t\u00e3o corrupta<\/a>, <a href=\"http:\/\/bit.ly\/1i0t9Hc\" target=\"_blank\" rel=\"noopener noreferrer\">t\u00e3o violenta<\/a>\u00a0e t\u00e3o problem\u00e1tica. <\/span><\/p>\n<p><span style=\"font-weight: 400;\">A gente n\u00e3o pode se calar diante dessa situa\u00e7\u00e3o, a gente tem que se organizar, fazer mobiliza\u00e7\u00f5es diversas, porque n\u00e3o! A <a href=\"http:\/\/bit.ly\/1D2x5P9\" target=\"_blank\" rel=\"noopener noreferrer\">UPP j\u00e1 tem as suas bases<\/a> constru\u00eddas em parceria com o excelent\u00edssimo <a href=\"http:\/\/bit.ly\/2oeqeCF\" target=\"_blank\" rel=\"noopener noreferrer\">Eike Batista<\/a>. A UPP est\u00e1 no alto da Alvorada <a href=\"http:\/\/bit.ly\/2oJIbd2\" target=\"_blank\" rel=\"noopener noreferrer\">invadindo e expulsando moradores das suas casas<\/a>. A UPP est\u00e1 em uma loucura absurda, arrancando cont\u00eainer, aqueles cont\u00eaineres blindados, e jogando para dentro da favela e agora v\u00e3o dominar as esta\u00e7\u00f5es do telef\u00e9rico. E pasmem, este era um acordo que j\u00e1 estava iniciado. Na esta\u00e7\u00e3o do telef\u00e9rico das Palmeiras por exemplo, tinha uma <a href=\"http:\/\/bit.ly\/1XCU1j4\" target=\"_blank\" rel=\"noopener noreferrer\">Cl\u00ednica da Fam\u00edlia<\/a>, tinha uma biblioteca, e a pol\u00edcia estava come\u00e7ando a invadir para trocar tiro l\u00e1 de dentro. A pol\u00edcia invadiu a esta\u00e7\u00e3o de telef\u00e9rico tendo uma base ali em frente. A pol\u00edcia invadia a esta\u00e7\u00e3o do telef\u00e9rico, dava tiro de l\u00e1 de dentro, fazia aquele local virar alvo. E <a href=\"http:\/\/bit.ly\/2iiFv2P\" target=\"_blank\" rel=\"noopener noreferrer\">com medo, a biblioteca fechou. Com medo, a Cl\u00ednica da Sa\u00fade fechou<\/a>.\u00a0Com medo, toda atividade cultural e de sa\u00fade que existia a\u00ed dentro, foi abafada. A policia j\u00e1 estava ocupando aquele espa\u00e7o. <\/span><\/p>\n<p><span style=\"font-weight: 400;\">A mesma coisa&#8230;no telef\u00e9rico do Alem\u00e3o que fica ali na Central&#8230; Tudo que tinha de servi\u00e7o, que era de utilidade para o povo da favela, que era para o uso das pessoas, para o p\u00fablico, saiu de l\u00e1. Porque a pol\u00edcia invade para dar tiro do alto do telef\u00e9rico e transformar aquilo em uma base de guerra&#8230; E traz viol\u00eancia para todos esses espa\u00e7os, que eram de uma outra <a href=\"http:\/\/bit.ly\/1piRAgk\" target=\"_blank\" rel=\"noopener noreferrer\">resist\u00eancia<\/a>, com\u00a0<a href=\"http:\/\/bit.ly\/1NzHxSq\" target=\"_blank\" rel=\"noopener noreferrer\">cultura<\/a>, com <a href=\"http:\/\/bit.ly\/1N7w66v\" target=\"_blank\" rel=\"noopener noreferrer\">arte<\/a>, com servi\u00e7os e coisas diversas. E l\u00e1 no Alem\u00e3o tamb\u00e9m j\u00e1 faz anos que a pol\u00edcia est\u00e1 usando a parte de baixo do telef\u00e9rico como base de treinamento da pol\u00edcia, como dormit\u00f3rio, como v\u00e1rias paradas para uso interno da corpora\u00e7\u00e3o. <\/span><\/p>\n<p>Ent\u00e3o n\u00e3o \u00e9 novidade, infelizmente, que logo logo&#8211;todo mundo j\u00e1 estava cantando essa pedra&#8211;que isso ia virar mais uma fase da militariza\u00e7\u00e3o da vida cotidiana. <span style=\"font-weight: 400;\">Sinto muito dizer a todos que acreditam que isso \u00e9 um caminho, (mas) n\u00e3o \u00e9. Isso s\u00f3 vai gerar mais viol\u00eancia, mais problema, essa pol\u00edcia \u00e9 problem\u00e1tica. A gente n\u00e3o discute redu\u00e7\u00e3o de danos. A gente n\u00e3o discute pol\u00edtica de drogas. A gente n\u00e3o discute a redu\u00e7\u00e3o da\u00a0<a href=\"http:\/\/bit.ly\/1owRf9p\" target=\"_blank\" rel=\"noopener noreferrer\">desigualdade social<\/a>. A gente n\u00e3o discute <a href=\"http:\/\/bit.ly\/1KiFeTl\" target=\"_blank\" rel=\"noopener noreferrer\">racismo<\/a>, a gente n\u00e3o discute garantia de direitos que nem chegamos a ter. \u00c9 realmente, lutar pela garantia, e nada disso est\u00e1 sendo discutido nessa sociedade. Apenas em nome das <a href=\"http:\/\/bit.ly\/2nhFwHC\" target=\"_blank\" rel=\"noopener noreferrer\">guerras \u00e0s drogas<\/a>, se manda caveir\u00e3o, se manda pol\u00edcia, se invade casa, se cria uma situa\u00e7\u00e3o bizarra aqui dentro do Complexo do Alem\u00e3o.<\/span><\/p>\n<p><span style=\"font-weight: 400;\"><a href=\"http:\/\/bit.ly\/2oFgCll\" target=\"_blank\" rel=\"noopener noreferrer\">Este v\u00eddeo<\/a> \u00e9 mais para pedir ajuda, \u00e9 um desabafo. A situa\u00e7\u00e3o est\u00e1 muito complicada, at\u00e9 para quem \u00e9 de movimento social, at\u00e9 para quem \u00e9 ativista, at\u00e9 para qualquer pessoa.<\/span><\/p>\n<p><span style=\"font-weight: 400;\">Est\u00e1 muito dif\u00edcil resistir em meio a essa situa\u00e7\u00e3o que est\u00e1 acontecendo nessa cidade. E o n\u00e3o resistir \u00e9 um problema porque as pessoas v\u00e3o cada vez mais tamb\u00e9m pensar a partir do lado da revolta, a partir do \u00f3dio, e vai ser muito dif\u00edcil construir algo diferente de problemas, dentro dessa situa\u00e7\u00e3o. A gente precisa urgentemente de resgatar uma rede de afetividade. Uma rede de respeito. Uma rede de valoriza\u00e7\u00e3o da vida. Uma rede de valoriza\u00e7\u00e3o das pessoas. <\/span>A gente precisa se unir, as favelas principalmente. As favelas t\u00eam que encontrar uma forma. Principalmente quem \u00e9 ativista de favela que \u00e9 comunicador independente, a gente tem que dar o jeito que for, em meio a dificuldade de se encontrar, de se unir, de construir juntos. <span style=\"font-weight: 400;\">S\u00f3 na semana passada, em diferentes favelas, um monte de jovens foram mortos. Muitos jovens foram forjados, vendidos como traficantes. A m\u00eddia fez a mat\u00e9ria e ficou tudo bem. Diariamente a gente morre diversas vezes. Morre nosso corpo atingido pelo tiro, morre nossa imagem forjada e <a href=\"http:\/\/bit.ly\/2kaR5hA\" target=\"_blank\" rel=\"noopener noreferrer\">ligada a criminalidade<\/a>. Morre toda a estrutura da nossa fam\u00edlia quando nossa <a href=\"http:\/\/bit.ly\/P4itK0\" target=\"_blank\" rel=\"noopener noreferrer\">imagem \u00e9 multiplicada pelo mundo como problem\u00e1tica<\/a>. A partir de forja\u00e7\u00e3o, a <a href=\"http:\/\/bit.ly\/1ZVXkRS\" target=\"_blank\" rel=\"noopener noreferrer\">m\u00eddia aceita e compra essa ideia<\/a>.<\/span><\/p>\n<figure id=\"attachment_25207\" aria-describedby=\"caption-attachment-25207\" style=\"width: 620px\" class=\"wp-caption aligncenter\"><a href=\"http:\/\/rioonwatch.org.br\/wp-content\/uploads\/2017\/04\/voz3.jpg\"><img decoding=\"async\" class=\"wp-image-25207 size-content\" title=\"C\u00e1psulas de balas ficaram nas ruas do Complexo do Alem\u00e3o ap\u00f3s confronto em fevereiro de 2017. (Foto: Betinho Casas Novas\/Voz das Comunidades)\" src=\"http:\/\/rioonwatch.org.br\/wp-content\/uploads\/2017\/04\/voz3-620x264.jpg\" alt=\"\" width=\"620\" height=\"264\" srcset=\"https:\/\/rioonwatch.org.br\/wp-content\/uploads\/2017\/04\/voz3-620x264.jpg 620w, https:\/\/rioonwatch.org.br\/wp-content\/uploads\/2017\/04\/voz3-940x400.jpg 940w\" sizes=\"(max-width: 620px) 100vw, 620px\" \/><\/a><figcaption id=\"caption-attachment-25207\" class=\"wp-caption-text\">C\u00e1psulas de balas ficaram nas ruas do Complexo do Alem\u00e3o ap\u00f3s confronto em fevereiro de 2017. (Foto: Betinho Casas Novas\/Voz das Comunidades)<\/figcaption><\/figure>\n<p><span style=\"font-weight: 400;\">Ent\u00e3o a gente tem que se unir&#8230; como sociedade toda, porque nas favelas s\u00e3o\u00a0quem est\u00e1 morrendo, quem est\u00e1 tomando tiro, quem est\u00e1 tendo a vida cotidiana militarizada, quem <a href=\"https:\/\/glo.bo\/2oJPh1a\" target=\"_blank\" rel=\"noopener noreferrer\">n\u00e3o est\u00e1 tendo suas crian\u00e7as indo para a escola<\/a>, quem n\u00e3o est\u00e1 <a href=\"http:\/\/bit.ly\/1wt8EWG\" target=\"_blank\" rel=\"noopener noreferrer\">podendo ficar na rua<\/a>. Todo mundo ref\u00e9m de uma loucura chamada guerra \u00e0s<\/span> <span style=\"font-weight: 400;\">drogas que durante anos&#8211;durante os meus 28 anos&#8211;a pol\u00edcia faz tiroteio, confronto, problema, pessoas morrem, quantidade \u00ednfima de drogas presas, um gasto absurdo do dinheiro p\u00fablico, e nada se resolve. <\/span>Por qu\u00ea? Porque est\u00e1 errado, n\u00e3o \u00e9 guerra \u00e0s drogas, \u00e9 guerra ao pobre, \u00e9\u00a0<a href=\"http:\/\/bit.ly\/2o7of2H\" target=\"_blank\" rel=\"noopener noreferrer\">guerra ao negro<\/a>, \u00e9 aprisionamento de corpos pobres e <a href=\"http:\/\/bit.ly\/2plE9nU\" target=\"_blank\" rel=\"noopener noreferrer\">execu\u00e7\u00e3o<\/a> de corpos pobres e principalmente de\u00a0<a href=\"http:\/\/bit.ly\/1HShVBX\" target=\"_blank\" rel=\"noopener noreferrer\">corpos negros<\/a><span style=\"font-weight: 400;\">. <\/span>Ent\u00e3o a gente tem que entrar para o debate.<\/p>\n<p>A gente tem que pegar a energia que ainda resta e os poucos que est\u00e3o ainda vivos e nos unirmos para construir algo diferente disso. E tentar o m\u00e1ximo trazer a sociedade parar perceber a realidade e a gravidade do que est\u00e1 acontecendo dentro das favelas.<\/p>\n<p><span style=\"font-weight: 400;\">\u00c9 inaceit\u00e1vel que uma obra t\u00e3o cara, uma obra que foi vendida ao mundo inteiro, uma obra que foi constru\u00edda com seu dinheiro, meu dinheiro, com uma ideia de mudan\u00e7a, foi apenas um discurso. A realidade foi apenas a militariza\u00e7\u00e3o de espa\u00e7o pobre, a realidade foi apenas uma conten\u00e7\u00e3o da camada popular. Foi mais uma forma de aumentar a desigualdade a partir da conten\u00e7\u00e3o da pobreza de forma armada e violenta. Isso est\u00e1 muito errado. A gente precisa discutir isso. A gente precisa se unir. A gente n\u00e3o pode aceitar que telef\u00e9ricos virem base de pol\u00edcia. Em frente a cada esta\u00e7\u00e3o de telef\u00e9rico j\u00e1 tem uma base de pol\u00edcia. <\/span><\/p>\n<p><span style=\"font-weight: 400;\">Aquelas estruturas bonitinhas feitas em parceria com as empresas do Eike Batista, n\u00e3o era bonito? N\u00e3o era legal em 2010? Todo mundo n\u00e3o abra\u00e7ou? N\u00e3o aplaudiu os novos momentos do Complexo do Alem\u00e3o?<\/span><\/p>\n<p><span style=\"font-weight: 400;\">Pena que ficou s\u00f3 naquela pausa, naquela palma, pena que ficou s\u00f3 naquele discurso porque a realidade que falava sobre v\u00e1rias pol\u00edticas p\u00fablicas que chegariam na favela se resumiu apenas em pol\u00edcia. <\/span>A pol\u00edcia que sempre foi o problema, mudou apenas o discurso e disseram, &#8220;agora a pol\u00edcia \u00e9 de proximidade, \u00e9 legal, \u00e9 boazinha, e vai ficar a\u00ed dentro&#8221;.<span style=\"font-weight: 400;\"> Nada disso, ningu\u00e9m engoliu isso e a prova, infelizmente, est\u00e1 a\u00ed hoje em dia: a fal\u00eancia de toda essa <a href=\"http:\/\/bit.ly\/1fRNcBs\" target=\"_blank\" rel=\"noopener noreferrer\">seguran\u00e7a p\u00fablica<\/a> que nunca nos envolveu. Quando se diz &#8220;seguran\u00e7a p\u00fablica&#8221; \u00e9 pensado da entrada da favela para fora e n\u00f3s <a href=\"http:\/\/bit.ly\/2bUJT1I\" target=\"_blank\" rel=\"noopener noreferrer\">somos vendidos como problema<\/a>. Isso est\u00e1 errado. <a href=\"http:\/\/bit.ly\/2d30Pnn\" target=\"_blank\" rel=\"noopener noreferrer\">Isso precisa mudar<\/a>. <\/span>A favela \u00e9 <a href=\"http:\/\/bit.ly\/2aegPFT\" target=\"_blank\" rel=\"noopener noreferrer\">solu\u00e7\u00e3o<\/a>.<\/p>\n<p><span style=\"font-weight: 400;\">Hoje quem estava assistindo o canal da Globo, viu l\u00e1 na F\u00e1tima Bernades, o Luiz, bailarino incr\u00edvel, maravilhoso. No meio de um espa\u00e7o t\u00e3o problem\u00e1tico como esse, dentro de um projeto,\u00a0<a href=\"https:\/\/glo.bo\/2oOf6dH\" target=\"_blank\" rel=\"noopener noreferrer\">Vidan\u00e7ar<\/a>, (ele)\u00a0<a href=\"http:\/\/bit.ly\/2o2tkYl\" target=\"_blank\" rel=\"noopener noreferrer\">conseguiu entrar na escola do Bolshoi em Joinville<\/a>. Em meio a isso (ocupa\u00e7\u00e3o policial) tem um monte<\/span> de coisas maravilhosas acontecendo aqui dentro. T\u00eam pessoas incr\u00edveis. T\u00eam projetos incr\u00edveis. Tem <a href=\"http:\/\/bit.ly\/1Pt91fh\" target=\"_blank\" rel=\"noopener noreferrer\">empreendedorismo<\/a> de todos os tipos. Tem resist\u00eancia de cultura, de arte, de v\u00e1rias formas. S\u00f3 que tudo isso \u00e9 silenciado quando nos observam de fora para dentro nos vendo como perigosos e achando que a \u00fanica pol\u00edtica p\u00fablica que a favela merece \u00e9 a pol\u00edcia. Basta disso!<\/p>\n<p><span style=\"font-weight: 400;\">A gente precisa da ajuda de quem estiver afim, e essa ajuda vai muito al\u00e9m de rede social. A gente tem que pensar como! No nosso trabalho, nas nossas redes, aonde nossa voz alcan\u00e7a, aonde n\u00f3s podemos fortalecer e disputar essa cidade, disputar esse problema e garantir direitos. N\u00e3o apenas para a favela, mas para todo mundo. Pois n\u00e3o se engane que quando der ruim para a favela, isso n\u00e3o vai descer para o asfalto. N\u00e3o se engane que os problemas no asfalto, n\u00e3o tem rela\u00e7\u00e3o com a n\u00e3o valoriza\u00e7\u00e3o da vida dentro da favela e que n\u00e3o tem consequ\u00eancia com a n\u00e3o valoriza\u00e7\u00e3o da garantia de direitos aqui para dentro.<\/span><\/p>\n<p>A gente precisa abrir o olho e entender que esse sistema est\u00e1 falido. Que tudo isso est\u00e1 errado e que as pessoas est\u00e3o sangrando, morrendo, e que tem gente lucrando com essas mortes. <span style=\"font-weight: 400;\">A gente precisa frear isso. A gente s\u00f3 vai conseguir avan\u00e7ar com arte, cultura&#8230; Vamos resgatar a imagem do pa\u00eds no mundo se a gente garantir a vida aqui da base, a vida do pobre que \u00e9 quem est\u00e1 morrendo, quem est\u00e1 sofrendo, vivendo todas as barbaridades poss\u00edveis, para que uma minoria viva no topo&#8230; enquanto a desigualdade social faz o nosso sangue derramar. <\/span><\/p>\n<p><span style=\"font-weight: 400;\">E torna cada vez mais dif\u00edcil ver um caminho de luz em meio a <a href=\"http:\/\/bit.ly\/2kaR5hA\" target=\"_blank\" rel=\"noopener noreferrer\">toda essa situa\u00e7\u00e3o<\/a>. A gente precisa de ajuda, a gente precisa de todo mundo, ajuda a gente galera! Ver telef\u00e9rico virar base policial aqui na Alvorada?! Quem est\u00e1 acompanhando o Papo Reto, quem est\u00e1 acompanhando a <a href=\"http:\/\/bit.ly\/1kcl02n\" target=\"_blank\" rel=\"noopener noreferrer\">defensoria p\u00fablica<\/a>, sabe que policiais j\u00e1 invadiram mais de 10 casas, <a href=\"https:\/\/glo.bo\/2oOnz0r\" target=\"_blank\" rel=\"noopener noreferrer\">expulsaram pessoas, pessoas idosas, casas cheias de crian\u00e7as<\/a>. Policiais invadiram para fazer base militar, darem tiros de cima dessas casas e tornaram essas casas alvos. Est\u00e1 tudo errado, n\u00e3o tem uma m\u00ednima estrat\u00e9gia que seja de avan\u00e7o em meio a a essa pol\u00edtica falida de guerra \u00e0s drogas.<\/span><\/p>\n<p>A gente tem que discutir outras formas, a gente tem que sair dessa linha enganadora de guerra \u00e0s drogas como solu\u00e7\u00e3o para alguma coisa. Pelo contr\u00e1rio, \u00e9 isso que alimenta o problema. \u00c9 isso que <a href=\"http:\/\/bit.ly\/2oJLBw9\" target=\"_blank\" rel=\"noopener noreferrer\">favorece as empresas das armas<\/a>, que favorece a Secret\u00e1ria de Seguran\u00e7a, que favorece os empres\u00e1rios da guerra que <a href=\"http:\/\/bit.ly\/2ojiHSL\" target=\"_blank\" rel=\"noopener noreferrer\">lucram com o sangue<\/a><span style=\"font-weight: 400;\">. A gente precisa sair dessa linha. Guerra \u00e0s drogas nada, vamos discutir pol\u00edticas de drogas, vamos discutir garantias de direitos, vamos discutir racismo, vamos discutir redu\u00e7\u00e3o da desigualdade social, vamos discutir o que for, mas sair dessa l\u00f3gica de pensamento de guerra e militariza\u00e7\u00e3o dos espa\u00e7os populares, militariza\u00e7\u00e3o da favela, militariza\u00e7\u00e3o da vida cotidiana do pobre&#8230;<\/span><\/p>\n<p><span style=\"font-weight: 400;\">A gente precisa da ajuda de voc\u00eas, a gente precisa evitar que os problemas cheguem a n\u00edveis onde a gente n\u00e3o vai mais conter. A situa\u00e7\u00e3o que est\u00e1 acontecendo, j\u00e1 \u00e9 uma guerra, n\u00e3o \u00e9 aceito esse nome a\u00ed fora, mas \u00e9 uma guerra. <a href=\"http:\/\/bit.ly\/2pbmH5o\" target=\"_blank\" rel=\"noopener noreferrer\">Aqui se morre tantas ou mais pessoas do que na S\u00edria<\/a>, na Palestina. A gente est\u00e1 em guerra, o Rio de Janeiro executa pobre a n\u00edveis absurdos, todos os dias. O Brasil executa pobres todos os dias A gente tem&#8230;<\/span><a href=\"http:\/\/bit.ly\/1zLJ2W9\" target=\"_blank\" rel=\"noopener noreferrer\">uma guerra do estado contra o pobre<\/a><span style=\"font-weight: 400;\">, uma guerra de quem tem muito dinheiro e n\u00e3o quer perder as regalias aumentando a desigualdade social que gera sangue dentro favelas e periferias do pa\u00eds inteiro.<\/span><\/p>\n<p><span style=\"font-weight: 400;\">A gente precisa se reestruturar, a partir da garantia de vida, da valoriza\u00e7\u00e3o das pessoas que est\u00e3o aqui na base, principalmente trabalhando para acabar com o racismo\u00a0e&#8230;o preconceito e para isso a gente tem que entender, respeitar, emprestar o ouvido a quem est\u00e1 aqui dentro da favela gritando essas barbaridades que est\u00e3o acontecendo, expondo as viola\u00e7\u00f5es do pr\u00f3prio estado. A gente precisa estar junto, a gente precisa encontrar alguma forma porque o caminho que est\u00e1 seguindo tem a tend\u00eancia de ficar cada vez pior, a tend\u00eancia \u00e9 tornar a viol\u00eancia que j\u00e1 \u00e9 em n\u00edvel absurdo, ainda maior que isso. E n\u00e3o vai dar, n\u00e3o est\u00e1 dando. A gente precisa estar junto. A gente precisa encontrar o caminho e juntar todo mundo que est\u00e1 afim de construir al\u00e9m de rede social um caminho de verdade que torna poss\u00edvel essa mudan\u00e7a. <\/span><\/p>\n<p><span style=\"font-weight: 400;\">Fiz <a href=\"http:\/\/bit.ly\/2oFgCll\" target=\"_blank\" rel=\"noopener noreferrer\">esse ao vivo<\/a>, falei as pampas como desabafo, foi mal a\u00ed, mas \u00e9 que a situa\u00e7\u00e3o est\u00e1 absurda. A gente est\u00e1 morrendo todo dia, estamos sendo forjados todo dia, matam os nossos corpos, mancham a nossa imagem, detonam a nossa fam\u00edlia, ent\u00e3o n\u00e3o est\u00e1 dando. A gente precisa acabar com esse cen\u00e1rio de viol\u00eancia, a partir da garantia de vida, a partir de discutir pol\u00edticas de drogas, racismo, desigualdade social. As garantias de direitos precisam avan\u00e7ar.<\/span><\/p>\n<p>Guerra \u00e0s drogas s\u00f3 est\u00e1 trazendo mais viol\u00eancia. Guerra as drogas \u00e9 o combust\u00edvel do mal.\u00a0<span style=\"font-weight: 400;\">A gente precisa acabar com isso. N\u00e3o \u00e0 militariza\u00e7\u00e3o das esta\u00e7\u00f5es de telef\u00e9ricos. Se \u00e9 para trazer os telef\u00e9ricos para a m\u00e3o do estado, que seja para fazer ele funcionar novamente. Mesmo que n\u00e3o tivesse tanta utilidade para n\u00f3s moradores, mas a proposta inicial era essa. Vamos democratizar o acesso daquelas salas com ocupa\u00e7\u00e3o de quem est\u00e1 sem casa, com ocupa\u00e7\u00e3o de projeto que est\u00e1 sem base, vamos fazer mudan\u00e7a com arte, cultura, e valoriza\u00e7\u00e3o de pessoas. N\u00e3o \u00e0 ocupa\u00e7\u00e3o militar nas esta\u00e7\u00f5es de telef\u00e9rico do Complexo do Alem\u00e3o.\u00a0Estamos juntos. \u00c9 n\u00f3s!<\/span><\/p>\n<p>Mano n\u00e3o compartilha s\u00f3 o v\u00eddeo, pega sua ferramenta de luta, pega todos os contatos que voc\u00ea tem aqui dentro da comunidade,\u00a0<a href=\"http:\/\/bit.ly\/2dQG4yK\" target=\"_blank\" rel=\"noopener noreferrer\">Voz da Comunidade<\/a>, <a href=\"http:\/\/bit.ly\/1LwVyjk\" target=\"_blank\" rel=\"noopener noreferrer\">Mariluce Mari\u00e1<\/a>, <a href=\"http:\/\/bit.ly\/1Q5CbmV\" target=\"_blank\" rel=\"noopener noreferrer\">Ra\u00edzes em Movimento<\/a>, <a href=\"http:\/\/bit.ly\/2p6rxRx\" target=\"_blank\" rel=\"noopener noreferrer\">EDUCAP<\/a>, quem \u00e9 seu parceiro, <a href=\"http:\/\/bit.ly\/1a6n6vG\" target=\"_blank\" rel=\"noopener noreferrer\">Ocupa Alem\u00e3o<\/a>, quem \u00e9 sua parceria aqui dentro, procura os parceiros. Vamos ver como a gente pode dar suporte, vamos juntos resistir a esse absurdo que est\u00e1 acontecendo aqui dentro da favela e em tantas outras favelas do Rio de Janeiro. Procura os contatos que voc\u00eas tiverem, vamos trocar essa ideia, vamos pensar. Vamos pensar juntos como a gente pode sair dessa situa\u00e7\u00e3o absurda que est\u00e1 acontecendo aqui dentro. \u00c9 n\u00f3s!<\/p>\n<p><em>Agradecemos \u00e0 Juliana Ritter pela transcri\u00e7\u00e3o.<\/em><\/p>\n<!-- AddThis Advanced Settings generic via filter on the_content --><!-- AddThis Share Buttons generic via filter on the_content -->","protected":false},"excerpt":{"rendered":"<div class=\"mh-excerpt\"><p>Click Here for English O texto abaixo \u00e9 a transcri\u00e7\u00e3o da\u00a0transmiss\u00e3o ao vivo no Facebook de Raull Santiago\u00a0em 29 de mar\u00e7o de 2017 \u00e0s 12:15. Boa tarde galera, estou abrindo esse ao vivo aqui para <a class=\"mh-excerpt-more\" href=\"https:\/\/rioonwatch.org.br\/?p=25196\" title=\"Absurdo: Esta\u00e7\u00f5es de Telef\u00e9rico V\u00e3o Virar Base de UPP! [Transcri\u00e7\u00e3o de V\u00eddeo]\">[&#8230;]<\/a><!-- AddThis Advanced Settings generic via filter on get_the_excerpt --><!-- AddThis Share Buttons generic via filter on get_the_excerpt --><\/p>\n<\/div>","protected":false},"author":129,"featured_media":25201,"comment_status":"closed","ping_status":"closed","sticky":false,"template":"","format":"standard","meta":{"_acf_changed":false,"_monsterinsights_skip_tracking":false,"_monsterinsights_sitenote_active":false,"_monsterinsights_sitenote_note":"","_monsterinsights_sitenote_category":0,"footnotes":""},"categories":[2051,1621,1615,346,1631,1625,1388,344,1616,1620,1612,342],"tags":[386,1006,217,1471,1239,937,1418,1068,307,774,432,672,262,92,920,52,218],"writer":[848],"translator":[],"source":[],"ilustrador":[],"fotografo":[],"class_list":{"0":"post-25196","1":"post","2":"type-post","3":"status-publish","4":"format-standard","5":"has-post-thumbnail","7":"category-olhonolegado","8":"category-destaque","9":"category-cultura-da-favela","10":"category-denuncias","11":"category-entendendo-o-rio","12":"category-por-correspondentes-comunitarios","13":"category-formas-de-apoiar","14":"category-politicas","15":"category-qualidades-da-favela","16":"category-olhonaupp","17":"category-sociedade-civil","18":"category-solucoes","19":"tag-estigma","20":"tag-asfalto-x-favela","21":"tag-complexo-do-alemao","22":"tag-corrupcao-policial","23":"tag-criminalizacao-da-pobreza","24":"tag-direito-de-ir-e-vir","25":"tag-coletivo-papo-reto","26":"tag-ocupacao-policial","27":"tag-opiniao","28":"tag-policia-militar","29":"tag-resistencia","30":"tag-seguranca-publica","31":"tag-teleferico","32":"tag-upp","33":"tag-violencia-de-estado","34":"tag-violencia-policial","35":"tag-zona-norte","36":"writer-raull-santiago"},"acf":[],"yoast_head":"<!-- This site is optimized with the Yoast SEO plugin v25.6 - https:\/\/yoast.com\/wordpress\/plugins\/seo\/ -->\n<title>Absurdo: Esta\u00e7\u00f5es de Telef\u00e9rico V\u00e3o Virar Base de UPP! [Transcri\u00e7\u00e3o de V\u00eddeo] - RioOnWatch<\/title>\n<meta name=\"robots\" content=\"index, follow, max-snippet:-1, max-image-preview:large, max-video-preview:-1\" \/>\n<link rel=\"canonical\" href=\"https:\/\/rioonwatch.org.br\/?p=25196\" \/>\n<meta property=\"og:locale\" content=\"pt_BR\" \/>\n<meta property=\"og:type\" content=\"article\" \/>\n<meta property=\"og:title\" content=\"Absurdo: Esta\u00e7\u00f5es de Telef\u00e9rico V\u00e3o Virar Base de UPP! [Transcri\u00e7\u00e3o de V\u00eddeo] - RioOnWatch\" \/>\n<meta property=\"og:description\" content=\"Click Here for English O texto abaixo \u00e9 a transcri\u00e7\u00e3o da\u00a0transmiss\u00e3o ao vivo no Facebook de Raull Santiago\u00a0em 29 de mar\u00e7o de 2017 \u00e0s 12:15. Boa tarde galera, estou abrindo esse ao vivo aqui para [...]\" \/>\n<meta property=\"og:url\" content=\"https:\/\/rioonwatch.org.br\/?p=25196\" \/>\n<meta property=\"og:site_name\" content=\"RioOnWatch\" \/>\n<meta property=\"article:published_time\" content=\"2017-04-10T15:54:13+00:00\" \/>\n<meta property=\"article:modified_time\" content=\"2017-05-21T20:39:01+00:00\" \/>\n<meta property=\"og:image\" content=\"https:\/\/rioonwatch.org.br\/wp-content\/uploads\/2017\/04\/Sem-t\u00edtulo.jpg\" \/>\n\t<meta property=\"og:image:width\" content=\"1038\" \/>\n\t<meta property=\"og:image:height\" content=\"717\" \/>\n\t<meta property=\"og:image:type\" content=\"image\/jpeg\" \/>\n<meta name=\"author\" content=\"Admin\" \/>\n<meta name=\"twitter:card\" content=\"summary_large_image\" \/>\n<meta name=\"twitter:label1\" content=\"Escrito por\" \/>\n\t<meta name=\"twitter:data1\" content=\"Admin\" \/>\n\t<meta name=\"twitter:label2\" content=\"Est. tempo de leitura\" \/>\n\t<meta name=\"twitter:data2\" content=\"15 minutos\" \/>\n<script type=\"application\/ld+json\" class=\"yoast-schema-graph\">{\"@context\":\"https:\/\/schema.org\",\"@graph\":[{\"@type\":\"Article\",\"@id\":\"https:\/\/rioonwatch.org.br\/?p=25196#article\",\"isPartOf\":{\"@id\":\"https:\/\/rioonwatch.org.br\/?p=25196\"},\"author\":{\"name\":\"Admin\",\"@id\":\"https:\/\/rioonwatch.org.br\/#\/schema\/person\/11d64c290506f9df50c71b850c473f68\"},\"headline\":\"Absurdo: Esta\u00e7\u00f5es de Telef\u00e9rico V\u00e3o Virar Base de UPP! [Transcri\u00e7\u00e3o de V\u00eddeo]\",\"datePublished\":\"2017-04-10T15:54:13+00:00\",\"dateModified\":\"2017-05-21T20:39:01+00:00\",\"mainEntityOfPage\":{\"@id\":\"https:\/\/rioonwatch.org.br\/?p=25196\"},\"wordCount\":2994,\"publisher\":{\"@id\":\"https:\/\/rioonwatch.org.br\/#organization\"},\"image\":{\"@id\":\"https:\/\/rioonwatch.org.br\/?p=25196#primaryimage\"},\"thumbnailUrl\":\"https:\/\/rioonwatch.org.br\/wp-content\/uploads\/2017\/04\/Sem-t\u00edtulo.jpg\",\"keywords\":[\"#StopFavelaStigma\",\"asfalto x favela\",\"Complexo do Alem\u00e3o\",\"corrup\u00e7\u00e3o policial\",\"criminaliza\u00e7\u00e3o da pobreza\",\"direito de ir e vir\",\"Instituto Papo Reto\",\"ocupa\u00e7\u00e3o policial\",\"opini\u00e3o\",\"Pol\u00edcia Militar\",\"resist\u00eancia\",\"seguran\u00e7a p\u00fablica\",\"telef\u00e9rico\",\"UPP\",\"viol\u00eancia de Estado\",\"viol\u00eancia policial\",\"Zona Norte\"],\"articleSection\":[\"#OlhoNoLegado\",\"*Destaque\",\"Cultura da Favela\",\"Den\u00fancias\",\"Entendendo o Rio\",\"Escrito por Comunicadores Populares\",\"Formas de Apoiar\",\"Pol\u00edticas\",\"Qualidades da Favela\",\"Seguran\u00e7a P\u00fablica\",\"Sociedade Civil\",\"Solu\u00e7\u00f5es\"],\"inLanguage\":\"pt-BR\"},{\"@type\":\"WebPage\",\"@id\":\"https:\/\/rioonwatch.org.br\/?p=25196\",\"url\":\"https:\/\/rioonwatch.org.br\/?p=25196\",\"name\":\"Absurdo: Esta\u00e7\u00f5es de Telef\u00e9rico V\u00e3o Virar Base de UPP! [Transcri\u00e7\u00e3o de V\u00eddeo] - RioOnWatch\",\"isPartOf\":{\"@id\":\"https:\/\/rioonwatch.org.br\/#website\"},\"primaryImageOfPage\":{\"@id\":\"https:\/\/rioonwatch.org.br\/?p=25196#primaryimage\"},\"image\":{\"@id\":\"https:\/\/rioonwatch.org.br\/?p=25196#primaryimage\"},\"thumbnailUrl\":\"https:\/\/rioonwatch.org.br\/wp-content\/uploads\/2017\/04\/Sem-t\u00edtulo.jpg\",\"datePublished\":\"2017-04-10T15:54:13+00:00\",\"dateModified\":\"2017-05-21T20:39:01+00:00\",\"breadcrumb\":{\"@id\":\"https:\/\/rioonwatch.org.br\/?p=25196#breadcrumb\"},\"inLanguage\":\"pt-BR\",\"potentialAction\":[{\"@type\":\"ReadAction\",\"target\":[\"https:\/\/rioonwatch.org.br\/?p=25196\"]}]},{\"@type\":\"ImageObject\",\"inLanguage\":\"pt-BR\",\"@id\":\"https:\/\/rioonwatch.org.br\/?p=25196#primaryimage\",\"url\":\"https:\/\/rioonwatch.org.br\/wp-content\/uploads\/2017\/04\/Sem-t\u00edtulo.jpg\",\"contentUrl\":\"https:\/\/rioonwatch.org.br\/wp-content\/uploads\/2017\/04\/Sem-t\u00edtulo.jpg\",\"width\":1038,\"height\":717},{\"@type\":\"BreadcrumbList\",\"@id\":\"https:\/\/rioonwatch.org.br\/?p=25196#breadcrumb\",\"itemListElement\":[{\"@type\":\"ListItem\",\"position\":1,\"name\":\"In\u00edcio\",\"item\":\"https:\/\/rioonwatch.org.br\/\"},{\"@type\":\"ListItem\",\"position\":2,\"name\":\"Absurdo: Esta\u00e7\u00f5es de Telef\u00e9rico V\u00e3o Virar Base de UPP! [Transcri\u00e7\u00e3o de V\u00eddeo]\"}]},{\"@type\":\"WebSite\",\"@id\":\"https:\/\/rioonwatch.org.br\/#website\",\"url\":\"https:\/\/rioonwatch.org.br\/\",\"name\":\"RioOnWatch\",\"description\":\"relatos das favelas cariocas\",\"publisher\":{\"@id\":\"https:\/\/rioonwatch.org.br\/#organization\"},\"potentialAction\":[{\"@type\":\"SearchAction\",\"target\":{\"@type\":\"EntryPoint\",\"urlTemplate\":\"https:\/\/rioonwatch.org.br\/?s={search_term_string}\"},\"query-input\":{\"@type\":\"PropertyValueSpecification\",\"valueRequired\":true,\"valueName\":\"search_term_string\"}}],\"inLanguage\":\"pt-BR\"},{\"@type\":\"Organization\",\"@id\":\"https:\/\/rioonwatch.org.br\/#organization\",\"name\":\"RioOnWatch\",\"url\":\"https:\/\/rioonwatch.org.br\/\",\"logo\":{\"@type\":\"ImageObject\",\"inLanguage\":\"pt-BR\",\"@id\":\"https:\/\/rioonwatch.org.br\/#\/schema\/logo\/image\/\",\"url\":\"https:\/\/rioonwatch.org.br\/wp-content\/uploads\/2021\/06\/RioOnWatchcabecalhoPT11anos-2.png\",\"contentUrl\":\"https:\/\/rioonwatch.org.br\/wp-content\/uploads\/2021\/06\/RioOnWatchcabecalhoPT11anos-2.png\",\"width\":779,\"height\":277,\"caption\":\"RioOnWatch\"},\"image\":{\"@id\":\"https:\/\/rioonwatch.org.br\/#\/schema\/logo\/image\/\"}},{\"@type\":\"Person\",\"@id\":\"https:\/\/rioonwatch.org.br\/#\/schema\/person\/11d64c290506f9df50c71b850c473f68\",\"name\":\"Admin\",\"image\":{\"@type\":\"ImageObject\",\"inLanguage\":\"pt-BR\",\"@id\":\"https:\/\/rioonwatch.org.br\/#\/schema\/person\/image\/\",\"url\":\"https:\/\/secure.gravatar.com\/avatar\/56211ac74568383903349a1485e3c325?s=96&d=blank&r=g\",\"contentUrl\":\"https:\/\/secure.gravatar.com\/avatar\/56211ac74568383903349a1485e3c325?s=96&d=blank&r=g\",\"caption\":\"Admin\"},\"url\":\"https:\/\/rioonwatch.org.br\/?author=129\"}]}<\/script>\n<!-- \/ Yoast SEO plugin. -->","yoast_head_json":{"title":"Absurdo: Esta\u00e7\u00f5es de Telef\u00e9rico V\u00e3o Virar Base de UPP! [Transcri\u00e7\u00e3o de V\u00eddeo] - RioOnWatch","robots":{"index":"index","follow":"follow","max-snippet":"max-snippet:-1","max-image-preview":"max-image-preview:large","max-video-preview":"max-video-preview:-1"},"canonical":"https:\/\/rioonwatch.org.br\/?p=25196","og_locale":"pt_BR","og_type":"article","og_title":"Absurdo: Esta\u00e7\u00f5es de Telef\u00e9rico V\u00e3o Virar Base de UPP! [Transcri\u00e7\u00e3o de V\u00eddeo] - RioOnWatch","og_description":"Click Here for English O texto abaixo \u00e9 a transcri\u00e7\u00e3o da\u00a0transmiss\u00e3o ao vivo no Facebook de Raull Santiago\u00a0em 29 de mar\u00e7o de 2017 \u00e0s 12:15. Boa tarde galera, estou abrindo esse ao vivo aqui para [...]","og_url":"https:\/\/rioonwatch.org.br\/?p=25196","og_site_name":"RioOnWatch","article_published_time":"2017-04-10T15:54:13+00:00","article_modified_time":"2017-05-21T20:39:01+00:00","og_image":[{"width":1038,"height":717,"url":"https:\/\/rioonwatch.org.br\/wp-content\/uploads\/2017\/04\/Sem-t\u00edtulo.jpg","type":"image\/jpeg"}],"author":"Admin","twitter_card":"summary_large_image","twitter_misc":{"Escrito por":"Admin","Est. tempo de leitura":"15 minutos"},"schema":{"@context":"https:\/\/schema.org","@graph":[{"@type":"Article","@id":"https:\/\/rioonwatch.org.br\/?p=25196#article","isPartOf":{"@id":"https:\/\/rioonwatch.org.br\/?p=25196"},"author":{"name":"Admin","@id":"https:\/\/rioonwatch.org.br\/#\/schema\/person\/11d64c290506f9df50c71b850c473f68"},"headline":"Absurdo: Esta\u00e7\u00f5es de Telef\u00e9rico V\u00e3o Virar Base de UPP! [Transcri\u00e7\u00e3o de V\u00eddeo]","datePublished":"2017-04-10T15:54:13+00:00","dateModified":"2017-05-21T20:39:01+00:00","mainEntityOfPage":{"@id":"https:\/\/rioonwatch.org.br\/?p=25196"},"wordCount":2994,"publisher":{"@id":"https:\/\/rioonwatch.org.br\/#organization"},"image":{"@id":"https:\/\/rioonwatch.org.br\/?p=25196#primaryimage"},"thumbnailUrl":"https:\/\/rioonwatch.org.br\/wp-content\/uploads\/2017\/04\/Sem-t\u00edtulo.jpg","keywords":["#StopFavelaStigma","asfalto x favela","Complexo do Alem\u00e3o","corrup\u00e7\u00e3o policial","criminaliza\u00e7\u00e3o da pobreza","direito de ir e vir","Instituto Papo Reto","ocupa\u00e7\u00e3o policial","opini\u00e3o","Pol\u00edcia Militar","resist\u00eancia","seguran\u00e7a p\u00fablica","telef\u00e9rico","UPP","viol\u00eancia de Estado","viol\u00eancia policial","Zona Norte"],"articleSection":["#OlhoNoLegado","*Destaque","Cultura da Favela","Den\u00fancias","Entendendo o Rio","Escrito por Comunicadores Populares","Formas de Apoiar","Pol\u00edticas","Qualidades da Favela","Seguran\u00e7a P\u00fablica","Sociedade Civil","Solu\u00e7\u00f5es"],"inLanguage":"pt-BR"},{"@type":"WebPage","@id":"https:\/\/rioonwatch.org.br\/?p=25196","url":"https:\/\/rioonwatch.org.br\/?p=25196","name":"Absurdo: Esta\u00e7\u00f5es de Telef\u00e9rico V\u00e3o Virar Base de UPP! [Transcri\u00e7\u00e3o de V\u00eddeo] - RioOnWatch","isPartOf":{"@id":"https:\/\/rioonwatch.org.br\/#website"},"primaryImageOfPage":{"@id":"https:\/\/rioonwatch.org.br\/?p=25196#primaryimage"},"image":{"@id":"https:\/\/rioonwatch.org.br\/?p=25196#primaryimage"},"thumbnailUrl":"https:\/\/rioonwatch.org.br\/wp-content\/uploads\/2017\/04\/Sem-t\u00edtulo.jpg","datePublished":"2017-04-10T15:54:13+00:00","dateModified":"2017-05-21T20:39:01+00:00","breadcrumb":{"@id":"https:\/\/rioonwatch.org.br\/?p=25196#breadcrumb"},"inLanguage":"pt-BR","potentialAction":[{"@type":"ReadAction","target":["https:\/\/rioonwatch.org.br\/?p=25196"]}]},{"@type":"ImageObject","inLanguage":"pt-BR","@id":"https:\/\/rioonwatch.org.br\/?p=25196#primaryimage","url":"https:\/\/rioonwatch.org.br\/wp-content\/uploads\/2017\/04\/Sem-t\u00edtulo.jpg","contentUrl":"https:\/\/rioonwatch.org.br\/wp-content\/uploads\/2017\/04\/Sem-t\u00edtulo.jpg","width":1038,"height":717},{"@type":"BreadcrumbList","@id":"https:\/\/rioonwatch.org.br\/?p=25196#breadcrumb","itemListElement":[{"@type":"ListItem","position":1,"name":"In\u00edcio","item":"https:\/\/rioonwatch.org.br\/"},{"@type":"ListItem","position":2,"name":"Absurdo: Esta\u00e7\u00f5es de Telef\u00e9rico V\u00e3o Virar Base de UPP! [Transcri\u00e7\u00e3o de V\u00eddeo]"}]},{"@type":"WebSite","@id":"https:\/\/rioonwatch.org.br\/#website","url":"https:\/\/rioonwatch.org.br\/","name":"RioOnWatch","description":"relatos das favelas cariocas","publisher":{"@id":"https:\/\/rioonwatch.org.br\/#organization"},"potentialAction":[{"@type":"SearchAction","target":{"@type":"EntryPoint","urlTemplate":"https:\/\/rioonwatch.org.br\/?s={search_term_string}"},"query-input":{"@type":"PropertyValueSpecification","valueRequired":true,"valueName":"search_term_string"}}],"inLanguage":"pt-BR"},{"@type":"Organization","@id":"https:\/\/rioonwatch.org.br\/#organization","name":"RioOnWatch","url":"https:\/\/rioonwatch.org.br\/","logo":{"@type":"ImageObject","inLanguage":"pt-BR","@id":"https:\/\/rioonwatch.org.br\/#\/schema\/logo\/image\/","url":"https:\/\/rioonwatch.org.br\/wp-content\/uploads\/2021\/06\/RioOnWatchcabecalhoPT11anos-2.png","contentUrl":"https:\/\/rioonwatch.org.br\/wp-content\/uploads\/2021\/06\/RioOnWatchcabecalhoPT11anos-2.png","width":779,"height":277,"caption":"RioOnWatch"},"image":{"@id":"https:\/\/rioonwatch.org.br\/#\/schema\/logo\/image\/"}},{"@type":"Person","@id":"https:\/\/rioonwatch.org.br\/#\/schema\/person\/11d64c290506f9df50c71b850c473f68","name":"Admin","image":{"@type":"ImageObject","inLanguage":"pt-BR","@id":"https:\/\/rioonwatch.org.br\/#\/schema\/person\/image\/","url":"https:\/\/secure.gravatar.com\/avatar\/56211ac74568383903349a1485e3c325?s=96&d=blank&r=g","contentUrl":"https:\/\/secure.gravatar.com\/avatar\/56211ac74568383903349a1485e3c325?s=96&d=blank&r=g","caption":"Admin"},"url":"https:\/\/rioonwatch.org.br\/?author=129"}]}},"_links":{"self":[{"href":"https:\/\/rioonwatch.org.br\/index.php?rest_route=\/wp\/v2\/posts\/25196"}],"collection":[{"href":"https:\/\/rioonwatch.org.br\/index.php?rest_route=\/wp\/v2\/posts"}],"about":[{"href":"https:\/\/rioonwatch.org.br\/index.php?rest_route=\/wp\/v2\/types\/post"}],"author":[{"embeddable":true,"href":"https:\/\/rioonwatch.org.br\/index.php?rest_route=\/wp\/v2\/users\/129"}],"replies":[{"embeddable":true,"href":"https:\/\/rioonwatch.org.br\/index.php?rest_route=%2Fwp%2Fv2%2Fcomments&post=25196"}],"version-history":[{"count":19,"href":"https:\/\/rioonwatch.org.br\/index.php?rest_route=\/wp\/v2\/posts\/25196\/revisions"}],"predecessor-version":[{"id":25398,"href":"https:\/\/rioonwatch.org.br\/index.php?rest_route=\/wp\/v2\/posts\/25196\/revisions\/25398"}],"wp:featuredmedia":[{"embeddable":true,"href":"https:\/\/rioonwatch.org.br\/index.php?rest_route=\/wp\/v2\/media\/25201"}],"wp:attachment":[{"href":"https:\/\/rioonwatch.org.br\/index.php?rest_route=%2Fwp%2Fv2%2Fmedia&parent=25196"}],"wp:term":[{"taxonomy":"category","embeddable":true,"href":"https:\/\/rioonwatch.org.br\/index.php?rest_route=%2Fwp%2Fv2%2Fcategories&post=25196"},{"taxonomy":"post_tag","embeddable":true,"href":"https:\/\/rioonwatch.org.br\/index.php?rest_route=%2Fwp%2Fv2%2Ftags&post=25196"},{"taxonomy":"writer","embeddable":true,"href":"https:\/\/rioonwatch.org.br\/index.php?rest_route=%2Fwp%2Fv2%2Fwriter&post=25196"},{"taxonomy":"translator","embeddable":true,"href":"https:\/\/rioonwatch.org.br\/index.php?rest_route=%2Fwp%2Fv2%2Ftranslator&post=25196"},{"taxonomy":"source","embeddable":true,"href":"https:\/\/rioonwatch.org.br\/index.php?rest_route=%2Fwp%2Fv2%2Fsource&post=25196"},{"taxonomy":"ilustrador","embeddable":true,"href":"https:\/\/rioonwatch.org.br\/index.php?rest_route=%2Fwp%2Fv2%2Filustrador&post=25196"},{"taxonomy":"fotografo","embeddable":true,"href":"https:\/\/rioonwatch.org.br\/index.php?rest_route=%2Fwp%2Fv2%2Ffotografo&post=25196"}],"curies":[{"name":"wp","href":"https:\/\/api.w.org\/{rel}","templated":true}]}}