{"id":25238,"date":"2017-04-13T10:46:10","date_gmt":"2017-04-13T13:46:10","guid":{"rendered":"http:\/\/rioonwatch.org.br\/?p=25238"},"modified":"2024-05-24T12:40:38","modified_gmt":"2024-05-24T15:40:38","slug":"com-tanques-granadas-e-armas-a-policia-trava-guerra-contra-os-mais-pobres-do-rio-de-janeiro","status":"publish","type":"post","link":"https:\/\/rioonwatch.org.br\/?p=25238","title":{"rendered":"Com Tanques, Granadas e Armas, a Pol\u00edcia Trava Guerra Contra os Mais Pobres do Rio de Janeiro"},"content":{"rendered":"<p style=\"text-align: right;\"><em><strong><a href=\"http:\/\/bit.ly\/2pbmH5o\" target=\"_blank\" rel=\"noopener noreferrer\">Click Here for English<img decoding=\"async\" width=\"20\" height=\"20\" class=\"alignright wp-image-15790\" src=\"http:\/\/rioonwatch.org.br\/wp-content\/uploads\/2012\/08\/EN-standard-e1439583104716.jpg\" alt=\"\" \/><\/a><\/strong><\/em><\/p>\n<p><em>Leia\u00a0a mat\u00e9ria original por <a href=\"http:\/\/bit.ly\/2o6pZ8V\" target=\"_blank\" rel=\"author noopener noreferrer\"><span class=\"fn author-name\">Miriam Krenzinger<\/span><\/a>\u00a0e <span style=\"font-weight: 400;\"><a href=\"http:\/\/bit.ly\/1EAoYJT\" target=\"_blank\" rel=\"noopener noreferrer\">Eliana Sousa Silva<\/a>\u00a0<\/span>em ingl\u00eas no site da The Conversation\u00a0<a href=\"http:\/\/bit.ly\/2pbmH5o\" target=\"_blank\" rel=\"noopener noreferrer\">aqui<\/a>.\u00a0O RioOnWatch traduz mat\u00e9rias do ingl\u00eas para que brasileiros possam ter acesso e acompanhar\u00a0temas ou an\u00e1lises cobertos fora do pa\u00eds que nem sempre s\u00e3o cobertos no Brasil.\u00a0<\/em><\/p>\n<p><span style=\"font-weight: 400;\">Em 25 de mar\u00e7o de 2017, duas professoras da UFRJ acompanharam um grupo de 13 estudantes da Escola de Servi\u00e7o Social para visitarem o local de seu pr\u00f3ximo est\u00e1gio: a <a href=\"https:\/\/glo.bo\/2op7wWU\" target=\"_blank\" rel=\"noopener noreferrer\">Casa das Mulheres da Mar\u00e9<\/a>, um espa\u00e7o comunit\u00e1rio para mulheres em um dos maiores complexos de favelas do Rio de Janeiro.<\/span><\/p>\n<p><span style=\"font-weight: 400;\">O <a href=\"http:\/\/bit.ly\/10BvARw\" target=\"_blank\" rel=\"noopener noreferrer\">bairro da Mar\u00e9<\/a>, na parte <a href=\"http:\/\/bit.ly\/WximDf\" target=\"_blank\" rel=\"noopener noreferrer\">Norte<\/a> da cidade, abriga aproximadamente 140.000 pessoas que vivem em 16 comunidades diferentes. Por estar localizada ao longo de tr\u00eas das principais vias expressas da cidade&#8211;a Avenida Brasil, a Linha Amarela e a Linha Vermelha&#8211;todos os viajantes internacionais passam por ela ou <a href=\"https:\/\/glo.bo\/2nFa1aJ\" target=\"_blank\" rel=\"noopener noreferrer\">pela parede que oculta a Mar\u00e9<\/a> dos olhos dos turistas no caminho para o aeroporto do Gale\u00e3o.<\/span><\/p>\n<p><span style=\"font-weight: 400;\">Quando as estudantes se reuniram no ponto de encontro na \u00e1rea do <a href=\"http:\/\/bit.ly\/1YHFX7V\" target=\"_blank\" rel=\"noopener noreferrer\">Parque Uni\u00e3o<\/a>, os esp\u00edritos estavam animados. Em lojas do bairro e pra\u00e7as, moradores estavam se preparando para um s\u00e1bado ensolarado e montando uma campanha de vacina\u00e7\u00e3o contra a febre amarela.<\/span><\/p>\n<p><span style=\"font-weight: 400;\">Algumas estudantes haviam mencionado que suas fam\u00edlias estavam preocupadas por elas estarem trabalhando na Mar\u00e9. As gangues armadas operam abertamente neste assentamento informal, e em um per\u00edodo de sete dias deste ano, uma s\u00e9rie de cinco conflitos deixou seis mortos e tr\u00eas feridos, de acordo com o\u00a0<a href=\"http:\/\/bit.ly\/2o6bNwS\" target=\"_blank\" rel=\"noopener noreferrer\">grupo comunit\u00e1rio Redes da Mar\u00e9<\/a>, que monitora a seguran\u00e7a p\u00fablica no bairro<\/span>.<\/p>\n<p><span style=\"font-weight: 400;\">Mas as mulheres se sentiam confiantes. Elas foram informadas de que elas s\u00f3 entrariam na favela se fosse seguro, a caminhada at\u00e9 a Casa das Mulheres foi sem intercorr\u00eancias e elas foram calorosamente recebidas pela equipe.<\/span><\/p>\n<figure class=\"align-center \">\n<p><figure id=\"attachment_25254\" aria-describedby=\"caption-attachment-25254\" style=\"width: 620px\" class=\"wp-caption aligncenter\"><a href=\"http:\/\/rioonwatch.org.br\/wp-content\/uploads\/2017\/04\/image-20170404-5715-12z81wd.jpg\"><img fetchpriority=\"high\" decoding=\"async\" class=\"wp-image-25254 size-medium\" title=\"Crian\u00e7as jogam futebol enquanto um policial patrulha a Mar\u00e9. Ricardo Moraes \/ Reuters\" src=\"http:\/\/rioonwatch.org.br\/wp-content\/uploads\/2017\/04\/image-20170404-5715-12z81wd-620x384.jpg\" alt=\"\" width=\"620\" height=\"384\" srcset=\"https:\/\/rioonwatch.org.br\/wp-content\/uploads\/2017\/04\/image-20170404-5715-12z81wd-620x384.jpg 620w, https:\/\/rioonwatch.org.br\/wp-content\/uploads\/2017\/04\/image-20170404-5715-12z81wd-426x264.jpg 426w, https:\/\/rioonwatch.org.br\/wp-content\/uploads\/2017\/04\/image-20170404-5715-12z81wd.jpg 754w\" sizes=\"(max-width: 620px) 100vw, 620px\" \/><\/a><figcaption id=\"caption-attachment-25254\" class=\"wp-caption-text\">Crian\u00e7as jogam futebol enquanto um policial patrulha a Mar\u00e9. Ricardo Moraes \/ Reuters<\/figcaption><\/figure><\/figure>\n<h3><strong>O \u201ccaveir\u00e3o\u201d<\/strong><\/h3>\n<p><span style=\"font-weight: 400;\">Ap\u00f3s\u00a090 minutos da\u00a0animada reuni\u00e3o, tiros foram\u00a0ouvidos nas proximidades. Os moradores locais pareciam calmos, mas as mensagens do WhatsApp que pingavam em telefones celulares alertaram a equipe da Casa sobre uma opera\u00e7\u00e3o policial surpresa no Parque Uni\u00e3o.<\/span><\/p>\n<p><span style=\"font-weight: 400;\">O <a href=\"http:\/\/bit.ly\/17Rt28e\" target=\"_blank\" rel=\"noopener noreferrer\">BOPE<\/a> chegou \u00e0s 11h. Agora tiros de arma foram substitu\u00eddos por rajadas de metralhadoras e explos\u00f5es.<\/span><\/p>\n<p><span style=\"font-weight: 400;\">O grupo tentou manter a calma e continuar a reuni\u00e3o, apesar das interrup\u00e7\u00f5es frequentes. Quando o tiroteio ficou mais intenso, se abrigaram sob as escadas e na parte de tr\u00e1s da cozinha industrial rec\u00e9m-instalada.<\/span><\/p>\n<p><span style=\"font-weight: 400;\">Ao sair do centro comunit\u00e1rio em seguran\u00e7a \u00e0s 15h, o grupo passou por v\u00e1rios tanques, que os moradores chamam de caveir\u00e3o, e por 30 homens armados de uniforme: oficiais do BOPE.<\/span><\/p>\n<p><span style=\"font-weight: 400;\">Quando chegaram em casa, souberam que quatro moradores de Mar\u00e9 tinham morrido naquele dia, n\u00e3o muito longe da Casa das Mulheres.<\/span><\/p>\n<p><iframe src=\"https:\/\/www.youtube.com\/embed\/zDBM_1XWcfI\" width=\"560\" height=\"315\" frameborder=\"0\" allowfullscreen=\"allowfullscreen\"><\/iframe><\/p>\n<h3><strong>&#8216;Um dia normal&#8217;<\/strong><\/h3>\n<p><span style=\"font-weight: 400;\">Eu era uma das duas professoras e eu estava perturbada. Mas o dia 25 de mar\u00e7o foi apenas um dia comum para milhares de pessoas que vivem nas zonas de conflito da segunda maior cidade do Brasil.<\/span><\/p>\n<p><span style=\"font-weight: 400;\">De acordo com o <a href=\"http:\/\/bit.ly\/2p6BX7l\" target=\"_blank\" rel=\"noopener noreferrer\">F\u00f3rum Brasileiro de Seguran\u00e7a P\u00fablica<\/a>, um grupo de pesquisa em <a href=\"http:\/\/bit.ly\/1fRNcBs\" target=\"_blank\" rel=\"noopener noreferrer\">seguran\u00e7a p\u00fablica<\/a>, 4.572 pessoas foram assassinadas no Estado do Rio de Janeiro em 2016, um aumento de quase 20% em rela\u00e7\u00e3o ao ano anterior. Somente em fevereiro de 2017, o Estado registrou 502 assassinatos, 24,3% a mais que fevereiro de 2016<\/span>.<\/p>\n<p><span style=\"font-weight: 400;\">A taxa nacional de homic\u00eddios no Brasil \u00e9 a nona das Am\u00e9ricas, de acordo com um <a href=\"http:\/\/bit.ly\/2p98zua\" target=\"_blank\" rel=\"noopener noreferrer\">relat\u00f3rio da Organiza\u00e7\u00e3o Mundial de Sa\u00fade de 2016<\/a>, com 32,4 mortes por 100.000 habitantes. Isso \u00e9 pior do que Haiti (26,6), M\u00e9xico (22) e Equador (13,8), mas melhor do que os homic\u00eddios que assolam Honduras (103,9), Venezuela (57,6), Col\u00f4mbia (43,9) e Guatemala (39,9).<\/span><\/p>\n<p><span style=\"font-weight: 400;\">Mas neste pa\u00eds de 200 milh\u00f5es, o n\u00famero absoluto \u00e9 surpreendente. Mais pessoas foram assassinadas no Brasil no per\u00edodo de cinco anos de 2011 a 2015 (279.567 v\u00edtimas) do que as mortas na guerra na S\u00edria (256.124 v\u00edtimas). Destaca-se tamb\u00e9m o perfil das pessoas que morrem: em 2015, 54% das v\u00edtimas de homic\u00eddios brasileiros eram jovens entre 15 e 24 anos, e 73% eram negros ou pardos.<\/span><\/p>\n<p><span style=\"font-weight: 400;\">Os n\u00fameros de viol\u00eancia policial s\u00e3o ainda mais impressionantes. Entre 2009 e 2015, a pol\u00edcia matou 17.688 pessoas. Dados do <a href=\"http:\/\/bit.ly\/2p6BX7l\" target=\"_blank\" rel=\"noopener noreferrer\">F\u00f3rum Brasileiro<\/a> indicam que, em 2014, 584 pessoas morreram como resultado de &#8220;<a href=\"http:\/\/bit.ly\/2oCV6x3\" target=\"_blank\" rel=\"noopener noreferrer\">autos de resist\u00eancia<\/a>&#8221; de interven\u00e7\u00e3o policial. Em 2015, 645 de um total de 58.467 mortes violentas foram\u00a0nas m\u00e3os da pol\u00edcia. E no ano passado, 920 pessoas foram mortas pelas mesmas for\u00e7as que, em teoria, deveriam proteg\u00ea-las.<\/span><\/p>\n<p><span style=\"font-weight: 400;\">No bairro da Mar\u00e9, o n\u00famero de mortes de policiais no ano passado foi de 17, resultado de 33 opera\u00e7\u00f5es policiais. Essa taxa de 12,8 \u00f3bitos por 100.000 \u00e9 oito vezes maior do que no resto do Brasil e tr\u00eas vezes a do Estado do Rio de Janeiro.<\/span><\/p>\n<figure class=\"align-center \">\n<p><figure id=\"attachment_25258\" aria-describedby=\"caption-attachment-25258\" style=\"width: 620px\" class=\"wp-caption aligncenter\"><a href=\"http:\/\/rioonwatch.org.br\/wp-content\/uploads\/2017\/04\/image-20170403-21983-1b2f8ia.jpg\"><img decoding=\"async\" class=\"wp-image-25258 size-medium\" title=\"Oficiais do BOPE em uma opera\u00e7\u00e3o estilo SWAT na Mar\u00e9 em 2014. Sergio Moraes\/Reuters\" src=\"http:\/\/rioonwatch.org.br\/wp-content\/uploads\/2017\/04\/image-20170403-21983-1b2f8ia-620x384.jpg\" alt=\"\" width=\"620\" height=\"384\" srcset=\"https:\/\/rioonwatch.org.br\/wp-content\/uploads\/2017\/04\/image-20170403-21983-1b2f8ia-620x384.jpg 620w, https:\/\/rioonwatch.org.br\/wp-content\/uploads\/2017\/04\/image-20170403-21983-1b2f8ia-426x264.jpg 426w, https:\/\/rioonwatch.org.br\/wp-content\/uploads\/2017\/04\/image-20170403-21983-1b2f8ia.jpg 754w\" sizes=\"(max-width: 620px) 100vw, 620px\" \/><\/a><figcaption id=\"caption-attachment-25258\" class=\"wp-caption-text\">Oficiais do BOPE em uma opera\u00e7\u00e3o estilo SWAT na Mar\u00e9 em 2014. Sergio Moraes\/Reuters<\/figcaption><\/figure><\/figure>\n<h3><strong>Seguro para quem?<\/strong><\/h3>\n<p><span style=\"font-weight: 400;\">J\u00e1 neste ano, a Mar\u00e9 j\u00e1 viu 12 <a href=\"http:\/\/bit.ly\/1i0t9Hc\" target=\"_blank\" rel=\"noopener noreferrer\">opera\u00e7\u00f5es policiais brutais<\/a> semelhantes a do dia 25 de mar\u00e7o. At\u00e9 agora, 11 pessoas ficaram feridas e cinco mortas, incluindo quatro moradores e um policial, de acordo com o grupo Redes da Mar\u00e9. Estes n\u00fameros n\u00e3o incluem os resultados de <a href=\"http:\/\/bit.ly\/2oYvA6f\" target=\"_blank\" rel=\"noopener noreferrer\">mais uma opera\u00e7\u00e3o<\/a> que aconteceu enquanto este artigo estava em produ\u00e7\u00e3o.<\/span><\/p>\n<p><span style=\"font-weight: 400;\">Como as professoras universit\u00e1rias e as estudantes que testemunharam aquele dia de viol\u00eancia em mar\u00e7o, os moradores da Mar\u00e9 e de outras favelas do Rio de Janeiro ficam aterrorizados com o aumento de viol\u00eancia na cidade.<\/span><\/p>\n<p><span style=\"font-weight: 400;\">A pol\u00edcia do Rio claramente n\u00e3o est\u00e1 ajudando. Pesquisas mostram que as invas\u00f5es parecidas com as de guerras em lugares como a Mar\u00e9&#8211;realizadas principalmente pela Pol\u00edcia Militar&#8211;<a href=\"http:\/\/bit.ly\/2p955Ic\" target=\"_blank\" rel=\"noopener noreferrer\">n\u00e3o fornecem resultados positivos ou sustent\u00e1veis<\/a>. Em vez disso, os ataques criam medo generalizado, ferem ou matam pessoas inocentes e matam pessoas: tanto suspeitos quanto policiais.<\/span><\/p>\n<p><span style=\"font-weight: 400;\">No dia seguinte \u00e0 invas\u00e3o, <a href=\"http:\/\/bit.ly\/2nFbZb2\" target=\"_blank\" rel=\"noopener noreferrer\">a velha &#8220;ordem&#8221; \u00e9 restaurada<\/a>. Nada muda, s\u00f3 se deteriora.<\/span><\/p>\n<p><span style=\"font-weight: 400;\">Tais ataques n\u00e3o deixam apenas um rastro de sangue, mas tamb\u00e9m criam \u00f3dio, ressentimento e uma <a href=\"http:\/\/bit.ly\/2opjKz3\" target=\"_blank\" rel=\"noopener noreferrer\">profunda desconfian\u00e7a das institui\u00e7\u00f5es governamentais<\/a>. Pouco a pouco, a imagem da pol\u00edcia do Rio <a href=\"http:\/\/bit.ly\/2p9a3V5\" target=\"_blank\" rel=\"noopener noreferrer\">tornou-se dissociada das no\u00e7\u00f5es de justi\u00e7a e prote\u00e7\u00e3o<\/a>.<\/span><\/p>\n<p><span style=\"font-weight: 400;\">O Brasil vem tentando sem sucesso acabar com o crime atrav\u00e9s da aplica\u00e7\u00e3o de uso de for\u00e7a militar h\u00e1 d\u00e9cadas, mas os governos permanecem imunes \u00e0s <a href=\"http:\/\/bit.ly\/2opjKz3\" target=\"_blank\" rel=\"noopener noreferrer\">cr\u00edticas da popula\u00e7\u00e3o local<\/a> e das <a href=\"http:\/\/bit.ly\/2otpcm1\" target=\"_blank\" rel=\"noopener noreferrer\">organiza\u00e7\u00f5es internacionais de direitos humanos<\/a>.<\/span><\/p>\n<figure class=\"align-center \">\n<p><figure id=\"attachment_25260\" aria-describedby=\"caption-attachment-25260\" style=\"width: 620px\" class=\"wp-caption aligncenter\"><a href=\"http:\/\/rioonwatch.org.br\/wp-content\/uploads\/2017\/04\/image-20170403-21983-j4z3ov.jpg\"><img loading=\"lazy\" decoding=\"async\" class=\"wp-image-25260 size-medium\" title=\"Os moradores de Mar\u00e9 prefeririam que o governo investisse mais em programas sociais, como este gin\u00e1sio de boxe para crian\u00e7as. Nacho Doce \/ Reuters\" src=\"http:\/\/rioonwatch.org.br\/wp-content\/uploads\/2017\/04\/image-20170403-21983-j4z3ov-620x406.jpg\" alt=\"\" width=\"620\" height=\"406\" srcset=\"https:\/\/rioonwatch.org.br\/wp-content\/uploads\/2017\/04\/image-20170403-21983-j4z3ov-620x406.jpg 620w, https:\/\/rioonwatch.org.br\/wp-content\/uploads\/2017\/04\/image-20170403-21983-j4z3ov-403x264.jpg 403w, https:\/\/rioonwatch.org.br\/wp-content\/uploads\/2017\/04\/image-20170403-21983-j4z3ov.jpg 754w\" sizes=\"(max-width: 620px) 100vw, 620px\" \/><\/a><figcaption id=\"caption-attachment-25260\" class=\"wp-caption-text\">Os moradores de Mar\u00e9 prefeririam que o governo investisse mais em programas sociais, como este gin\u00e1sio de boxe para crian\u00e7as. Nacho Doce \/ Reuters<\/figcaption><\/figure><\/figure>\n<p><span style=\"font-weight: 400;\">Claro, n\u00e3o h\u00e1 solu\u00e7\u00e3o f\u00e1cil. A mudan\u00e7a definitiva na Mar\u00e9 exigiria profundas mudan\u00e7as socioecon\u00f4micas e culturais em todo o Brasil. Trata-se de lidar com o <a href=\"http:\/\/bit.ly\/2ozLPpe\" target=\"_blank\" rel=\"noopener noreferrer\">racismo estrutural<\/a> do pa\u00eds, a <a href=\"http:\/\/bit.ly\/2p6Lz1H\" target=\"_blank\" rel=\"noopener noreferrer\">desigualdade abissal<\/a> e o estigma social que justificam quase todo o tratamento com os mais pobres.<\/span><\/p>\n<p><span style=\"font-weight: 400;\">Como <a href=\"http:\/\/bit.ly\/2p955Ic\" target=\"_blank\" rel=\"noopener noreferrer\">apontou<\/a> o autor Luiz Eduardo Soares, &#8220;a<\/span>\u00a0brutalidade policial n\u00e3o existiria sem autoriza\u00e7\u00e3o social<span style=\"font-weight: 400;\">&#8220;. A opini\u00e3o p\u00fablica e os meios de comunica\u00e7\u00e3o sancionam essas mortes, caso contr\u00e1rio o governo n\u00e3o poderia continuar a desdobrar seus recursos contra seu pr\u00f3prio povo. O mesmo se aplica aos promotores e funcion\u00e1rios da justi\u00e7a que deixam a <a href=\"http:\/\/bit.ly\/2ozIIhi\" target=\"_blank\" rel=\"noopener noreferrer\">viol\u00eancia policial sem puni\u00e7\u00e3o<\/a>.<\/span><\/p>\n<p><span style=\"font-weight: 400;\">Ser\u00e1 que as crian\u00e7as de Mar\u00e9 ser\u00e3o vacinadas com seguran\u00e7a neste s\u00e1bado? As estagi\u00e1rias retornar\u00e3o \u00e0 Casa das Mulheres no pr\u00f3ximo fim de semana sem medo? Neste ponto, s\u00f3 podemos esperar.<\/span><\/p>\n<p><em><span style=\"font-weight: 400;\">Este artigo foi de co-autoria de Eliana Sousa Silva, PhD, diretora executiva da organiza\u00e7\u00e3o comunit\u00e1ria <a href=\"http:\/\/bit.ly\/Xdpruu\" target=\"_blank\" rel=\"noopener noreferrer\">Redes da Mar\u00e9<\/a>.<\/span><\/em><\/p>\n<!-- AddThis Advanced Settings generic via filter on the_content --><!-- AddThis Share Buttons generic via filter on the_content -->","protected":false},"excerpt":{"rendered":"<div class=\"mh-excerpt\"><p>Click Here for English Leia\u00a0a mat\u00e9ria original por Miriam Krenzinger\u00a0e Eliana Sousa Silva\u00a0em ingl\u00eas no site da The Conversation\u00a0aqui.\u00a0O RioOnWatch traduz mat\u00e9rias do ingl\u00eas para que brasileiros possam ter acesso e acompanhar\u00a0temas ou an\u00e1lises cobertos <a class=\"mh-excerpt-more\" href=\"https:\/\/rioonwatch.org.br\/?p=25238\" title=\"Com Tanques, Granadas e Armas, a Pol\u00edcia Trava Guerra Contra os Mais Pobres do Rio de Janeiro\">[&#8230;]<\/a><!-- AddThis Advanced Settings generic via filter on get_the_excerpt --><!-- AddThis Share Buttons generic via filter on get_the_excerpt --><\/p>\n<\/div>","protected":false},"author":129,"featured_media":25244,"comment_status":"closed","ping_status":"closed","sticky":false,"template":"","format":"standard","meta":{"_acf_changed":false,"_monsterinsights_skip_tracking":false,"_monsterinsights_sitenote_active":false,"_monsterinsights_sitenote_note":"","_monsterinsights_sitenote_category":0,"footnotes":""},"categories":[1621,1632,346,344,1634],"tags":[3253,347,332,413,349,774,1107,562,1364,920,52,218],"writer":[2113,2112],"translator":[1971],"source":[],"ilustrador":[],"fotografo":[],"class_list":{"0":"post-25238","1":"post","2":"type-post","3":"status-publish","4":"format-standard","5":"has-post-thumbnail","7":"category-destaque","8":"category-pesquisa-e-analise","9":"category-denuncias","10":"category-politicas","11":"category-traducoes","12":"tag-antirracismo","13":"tag-bope","14":"tag-complexo-da-mare","15":"tag-desigualdade","16":"tag-parque-uniao","17":"tag-policia-militar","18":"tag-redes-da-mare","19":"tag-trafico-de-drogas","20":"tag-violacoes","21":"tag-violencia-de-estado","22":"tag-violencia-policial","23":"tag-zona-norte","24":"writer-eliana-sousa-silva","25":"writer-miriam-krenzinger","26":"translator-geovanna-giannini"},"acf":[],"yoast_head":"<!-- This site is optimized with the Yoast SEO plugin v25.6 - https:\/\/yoast.com\/wordpress\/plugins\/seo\/ -->\n<title>Com Tanques, Granadas e Armas, a Pol\u00edcia Trava Guerra Contra os Mais Pobres do Rio de Janeiro - RioOnWatch<\/title>\n<meta name=\"robots\" content=\"index, follow, max-snippet:-1, max-image-preview:large, max-video-preview:-1\" \/>\n<link rel=\"canonical\" href=\"https:\/\/rioonwatch.org.br\/?p=25238\" \/>\n<meta property=\"og:locale\" content=\"pt_BR\" \/>\n<meta property=\"og:type\" content=\"article\" \/>\n<meta property=\"og:title\" content=\"Com Tanques, Granadas e Armas, a Pol\u00edcia Trava Guerra Contra os Mais Pobres do Rio de Janeiro - RioOnWatch\" \/>\n<meta property=\"og:description\" content=\"Click Here for English Leia\u00a0a mat\u00e9ria original por Miriam Krenzinger\u00a0e Eliana Sousa Silva\u00a0em ingl\u00eas no site da The Conversation\u00a0aqui.\u00a0O RioOnWatch traduz mat\u00e9rias do ingl\u00eas para que brasileiros possam ter acesso e acompanhar\u00a0temas ou an\u00e1lises cobertos [...]\" \/>\n<meta property=\"og:url\" content=\"https:\/\/rioonwatch.org.br\/?p=25238\" \/>\n<meta property=\"og:site_name\" content=\"RioOnWatch\" \/>\n<meta property=\"article:published_time\" content=\"2017-04-13T13:46:10+00:00\" \/>\n<meta property=\"article:modified_time\" content=\"2024-05-24T15:40:38+00:00\" \/>\n<meta property=\"og:image\" content=\"https:\/\/rioonwatch.org.br\/wp-content\/uploads\/2017\/04\/Sem-t\u00edtulo-1.jpg\" \/>\n\t<meta property=\"og:image:width\" content=\"1895\" \/>\n\t<meta property=\"og:image:height\" content=\"690\" \/>\n\t<meta property=\"og:image:type\" content=\"image\/jpeg\" \/>\n<meta name=\"author\" content=\"Admin\" \/>\n<meta name=\"twitter:card\" content=\"summary_large_image\" \/>\n<meta name=\"twitter:label1\" content=\"Escrito por\" \/>\n\t<meta name=\"twitter:data1\" content=\"Admin\" \/>\n\t<meta name=\"twitter:label2\" content=\"Est. tempo de leitura\" \/>\n\t<meta name=\"twitter:data2\" content=\"7 minutos\" \/>\n<script type=\"application\/ld+json\" class=\"yoast-schema-graph\">{\"@context\":\"https:\/\/schema.org\",\"@graph\":[{\"@type\":\"Article\",\"@id\":\"https:\/\/rioonwatch.org.br\/?p=25238#article\",\"isPartOf\":{\"@id\":\"https:\/\/rioonwatch.org.br\/?p=25238\"},\"author\":{\"name\":\"Admin\",\"@id\":\"https:\/\/rioonwatch.org.br\/#\/schema\/person\/11d64c290506f9df50c71b850c473f68\"},\"headline\":\"Com Tanques, Granadas e Armas, a Pol\u00edcia Trava Guerra Contra os Mais Pobres do Rio de Janeiro\",\"datePublished\":\"2017-04-13T13:46:10+00:00\",\"dateModified\":\"2024-05-24T15:40:38+00:00\",\"mainEntityOfPage\":{\"@id\":\"https:\/\/rioonwatch.org.br\/?p=25238\"},\"wordCount\":1357,\"publisher\":{\"@id\":\"https:\/\/rioonwatch.org.br\/#organization\"},\"image\":{\"@id\":\"https:\/\/rioonwatch.org.br\/?p=25238#primaryimage\"},\"thumbnailUrl\":\"https:\/\/rioonwatch.org.br\/wp-content\/uploads\/2017\/04\/Sem-t\u00edtulo-1.jpg\",\"keywords\":[\"Antirracismo\",\"BOPE\",\"Complexo da Mar\u00e9\",\"desigualdade\",\"Parque Uni\u00e3o\",\"Pol\u00edcia Militar\",\"Redes da Mar\u00e9\",\"tr\u00e1fico de drogas\",\"viola\u00e7\u00f5es\",\"viol\u00eancia de Estado\",\"viol\u00eancia policial\",\"Zona Norte\"],\"articleSection\":[\"*Destaque\",\"Dados e Pesquisa\",\"Den\u00fancias\",\"Pol\u00edticas\",\"Traduzidas do Ingl\u00eas\"],\"inLanguage\":\"pt-BR\"},{\"@type\":\"WebPage\",\"@id\":\"https:\/\/rioonwatch.org.br\/?p=25238\",\"url\":\"https:\/\/rioonwatch.org.br\/?p=25238\",\"name\":\"Com Tanques, Granadas e Armas, a Pol\u00edcia Trava Guerra Contra os Mais Pobres do Rio de Janeiro - RioOnWatch\",\"isPartOf\":{\"@id\":\"https:\/\/rioonwatch.org.br\/#website\"},\"primaryImageOfPage\":{\"@id\":\"https:\/\/rioonwatch.org.br\/?p=25238#primaryimage\"},\"image\":{\"@id\":\"https:\/\/rioonwatch.org.br\/?p=25238#primaryimage\"},\"thumbnailUrl\":\"https:\/\/rioonwatch.org.br\/wp-content\/uploads\/2017\/04\/Sem-t\u00edtulo-1.jpg\",\"datePublished\":\"2017-04-13T13:46:10+00:00\",\"dateModified\":\"2024-05-24T15:40:38+00:00\",\"breadcrumb\":{\"@id\":\"https:\/\/rioonwatch.org.br\/?p=25238#breadcrumb\"},\"inLanguage\":\"pt-BR\",\"potentialAction\":[{\"@type\":\"ReadAction\",\"target\":[\"https:\/\/rioonwatch.org.br\/?p=25238\"]}]},{\"@type\":\"ImageObject\",\"inLanguage\":\"pt-BR\",\"@id\":\"https:\/\/rioonwatch.org.br\/?p=25238#primaryimage\",\"url\":\"https:\/\/rioonwatch.org.br\/wp-content\/uploads\/2017\/04\/Sem-t\u00edtulo-1.jpg\",\"contentUrl\":\"https:\/\/rioonwatch.org.br\/wp-content\/uploads\/2017\/04\/Sem-t\u00edtulo-1.jpg\",\"width\":1895,\"height\":690},{\"@type\":\"BreadcrumbList\",\"@id\":\"https:\/\/rioonwatch.org.br\/?p=25238#breadcrumb\",\"itemListElement\":[{\"@type\":\"ListItem\",\"position\":1,\"name\":\"In\u00edcio\",\"item\":\"https:\/\/rioonwatch.org.br\/\"},{\"@type\":\"ListItem\",\"position\":2,\"name\":\"Com Tanques, Granadas e Armas, a Pol\u00edcia Trava Guerra Contra os Mais Pobres do Rio de Janeiro\"}]},{\"@type\":\"WebSite\",\"@id\":\"https:\/\/rioonwatch.org.br\/#website\",\"url\":\"https:\/\/rioonwatch.org.br\/\",\"name\":\"RioOnWatch\",\"description\":\"relatos das favelas cariocas\",\"publisher\":{\"@id\":\"https:\/\/rioonwatch.org.br\/#organization\"},\"potentialAction\":[{\"@type\":\"SearchAction\",\"target\":{\"@type\":\"EntryPoint\",\"urlTemplate\":\"https:\/\/rioonwatch.org.br\/?s={search_term_string}\"},\"query-input\":{\"@type\":\"PropertyValueSpecification\",\"valueRequired\":true,\"valueName\":\"search_term_string\"}}],\"inLanguage\":\"pt-BR\"},{\"@type\":\"Organization\",\"@id\":\"https:\/\/rioonwatch.org.br\/#organization\",\"name\":\"RioOnWatch\",\"url\":\"https:\/\/rioonwatch.org.br\/\",\"logo\":{\"@type\":\"ImageObject\",\"inLanguage\":\"pt-BR\",\"@id\":\"https:\/\/rioonwatch.org.br\/#\/schema\/logo\/image\/\",\"url\":\"https:\/\/rioonwatch.org.br\/wp-content\/uploads\/2021\/06\/RioOnWatchcabecalhoPT11anos-2.png\",\"contentUrl\":\"https:\/\/rioonwatch.org.br\/wp-content\/uploads\/2021\/06\/RioOnWatchcabecalhoPT11anos-2.png\",\"width\":779,\"height\":277,\"caption\":\"RioOnWatch\"},\"image\":{\"@id\":\"https:\/\/rioonwatch.org.br\/#\/schema\/logo\/image\/\"}},{\"@type\":\"Person\",\"@id\":\"https:\/\/rioonwatch.org.br\/#\/schema\/person\/11d64c290506f9df50c71b850c473f68\",\"name\":\"Admin\",\"image\":{\"@type\":\"ImageObject\",\"inLanguage\":\"pt-BR\",\"@id\":\"https:\/\/rioonwatch.org.br\/#\/schema\/person\/image\/\",\"url\":\"https:\/\/secure.gravatar.com\/avatar\/56211ac74568383903349a1485e3c325?s=96&d=blank&r=g\",\"contentUrl\":\"https:\/\/secure.gravatar.com\/avatar\/56211ac74568383903349a1485e3c325?s=96&d=blank&r=g\",\"caption\":\"Admin\"},\"url\":\"https:\/\/rioonwatch.org.br\/?author=129\"}]}<\/script>\n<!-- \/ Yoast SEO plugin. -->","yoast_head_json":{"title":"Com Tanques, Granadas e Armas, a Pol\u00edcia Trava Guerra Contra os Mais Pobres do Rio de Janeiro - RioOnWatch","robots":{"index":"index","follow":"follow","max-snippet":"max-snippet:-1","max-image-preview":"max-image-preview:large","max-video-preview":"max-video-preview:-1"},"canonical":"https:\/\/rioonwatch.org.br\/?p=25238","og_locale":"pt_BR","og_type":"article","og_title":"Com Tanques, Granadas e Armas, a Pol\u00edcia Trava Guerra Contra os Mais Pobres do Rio de Janeiro - RioOnWatch","og_description":"Click Here for English Leia\u00a0a mat\u00e9ria original por Miriam Krenzinger\u00a0e Eliana Sousa Silva\u00a0em ingl\u00eas no site da The Conversation\u00a0aqui.\u00a0O RioOnWatch traduz mat\u00e9rias do ingl\u00eas para que brasileiros possam ter acesso e acompanhar\u00a0temas ou an\u00e1lises cobertos [...]","og_url":"https:\/\/rioonwatch.org.br\/?p=25238","og_site_name":"RioOnWatch","article_published_time":"2017-04-13T13:46:10+00:00","article_modified_time":"2024-05-24T15:40:38+00:00","og_image":[{"width":1895,"height":690,"url":"https:\/\/rioonwatch.org.br\/wp-content\/uploads\/2017\/04\/Sem-t\u00edtulo-1.jpg","type":"image\/jpeg"}],"author":"Admin","twitter_card":"summary_large_image","twitter_misc":{"Escrito por":"Admin","Est. tempo de leitura":"7 minutos"},"schema":{"@context":"https:\/\/schema.org","@graph":[{"@type":"Article","@id":"https:\/\/rioonwatch.org.br\/?p=25238#article","isPartOf":{"@id":"https:\/\/rioonwatch.org.br\/?p=25238"},"author":{"name":"Admin","@id":"https:\/\/rioonwatch.org.br\/#\/schema\/person\/11d64c290506f9df50c71b850c473f68"},"headline":"Com Tanques, Granadas e Armas, a Pol\u00edcia Trava Guerra Contra os Mais Pobres do Rio de Janeiro","datePublished":"2017-04-13T13:46:10+00:00","dateModified":"2024-05-24T15:40:38+00:00","mainEntityOfPage":{"@id":"https:\/\/rioonwatch.org.br\/?p=25238"},"wordCount":1357,"publisher":{"@id":"https:\/\/rioonwatch.org.br\/#organization"},"image":{"@id":"https:\/\/rioonwatch.org.br\/?p=25238#primaryimage"},"thumbnailUrl":"https:\/\/rioonwatch.org.br\/wp-content\/uploads\/2017\/04\/Sem-t\u00edtulo-1.jpg","keywords":["Antirracismo","BOPE","Complexo da Mar\u00e9","desigualdade","Parque Uni\u00e3o","Pol\u00edcia Militar","Redes da Mar\u00e9","tr\u00e1fico de drogas","viola\u00e7\u00f5es","viol\u00eancia de Estado","viol\u00eancia policial","Zona Norte"],"articleSection":["*Destaque","Dados e Pesquisa","Den\u00fancias","Pol\u00edticas","Traduzidas do Ingl\u00eas"],"inLanguage":"pt-BR"},{"@type":"WebPage","@id":"https:\/\/rioonwatch.org.br\/?p=25238","url":"https:\/\/rioonwatch.org.br\/?p=25238","name":"Com Tanques, Granadas e Armas, a Pol\u00edcia Trava Guerra Contra os Mais Pobres do Rio de Janeiro - RioOnWatch","isPartOf":{"@id":"https:\/\/rioonwatch.org.br\/#website"},"primaryImageOfPage":{"@id":"https:\/\/rioonwatch.org.br\/?p=25238#primaryimage"},"image":{"@id":"https:\/\/rioonwatch.org.br\/?p=25238#primaryimage"},"thumbnailUrl":"https:\/\/rioonwatch.org.br\/wp-content\/uploads\/2017\/04\/Sem-t\u00edtulo-1.jpg","datePublished":"2017-04-13T13:46:10+00:00","dateModified":"2024-05-24T15:40:38+00:00","breadcrumb":{"@id":"https:\/\/rioonwatch.org.br\/?p=25238#breadcrumb"},"inLanguage":"pt-BR","potentialAction":[{"@type":"ReadAction","target":["https:\/\/rioonwatch.org.br\/?p=25238"]}]},{"@type":"ImageObject","inLanguage":"pt-BR","@id":"https:\/\/rioonwatch.org.br\/?p=25238#primaryimage","url":"https:\/\/rioonwatch.org.br\/wp-content\/uploads\/2017\/04\/Sem-t\u00edtulo-1.jpg","contentUrl":"https:\/\/rioonwatch.org.br\/wp-content\/uploads\/2017\/04\/Sem-t\u00edtulo-1.jpg","width":1895,"height":690},{"@type":"BreadcrumbList","@id":"https:\/\/rioonwatch.org.br\/?p=25238#breadcrumb","itemListElement":[{"@type":"ListItem","position":1,"name":"In\u00edcio","item":"https:\/\/rioonwatch.org.br\/"},{"@type":"ListItem","position":2,"name":"Com Tanques, Granadas e Armas, a Pol\u00edcia Trava Guerra Contra os Mais Pobres do Rio de Janeiro"}]},{"@type":"WebSite","@id":"https:\/\/rioonwatch.org.br\/#website","url":"https:\/\/rioonwatch.org.br\/","name":"RioOnWatch","description":"relatos das favelas cariocas","publisher":{"@id":"https:\/\/rioonwatch.org.br\/#organization"},"potentialAction":[{"@type":"SearchAction","target":{"@type":"EntryPoint","urlTemplate":"https:\/\/rioonwatch.org.br\/?s={search_term_string}"},"query-input":{"@type":"PropertyValueSpecification","valueRequired":true,"valueName":"search_term_string"}}],"inLanguage":"pt-BR"},{"@type":"Organization","@id":"https:\/\/rioonwatch.org.br\/#organization","name":"RioOnWatch","url":"https:\/\/rioonwatch.org.br\/","logo":{"@type":"ImageObject","inLanguage":"pt-BR","@id":"https:\/\/rioonwatch.org.br\/#\/schema\/logo\/image\/","url":"https:\/\/rioonwatch.org.br\/wp-content\/uploads\/2021\/06\/RioOnWatchcabecalhoPT11anos-2.png","contentUrl":"https:\/\/rioonwatch.org.br\/wp-content\/uploads\/2021\/06\/RioOnWatchcabecalhoPT11anos-2.png","width":779,"height":277,"caption":"RioOnWatch"},"image":{"@id":"https:\/\/rioonwatch.org.br\/#\/schema\/logo\/image\/"}},{"@type":"Person","@id":"https:\/\/rioonwatch.org.br\/#\/schema\/person\/11d64c290506f9df50c71b850c473f68","name":"Admin","image":{"@type":"ImageObject","inLanguage":"pt-BR","@id":"https:\/\/rioonwatch.org.br\/#\/schema\/person\/image\/","url":"https:\/\/secure.gravatar.com\/avatar\/56211ac74568383903349a1485e3c325?s=96&d=blank&r=g","contentUrl":"https:\/\/secure.gravatar.com\/avatar\/56211ac74568383903349a1485e3c325?s=96&d=blank&r=g","caption":"Admin"},"url":"https:\/\/rioonwatch.org.br\/?author=129"}]}},"_links":{"self":[{"href":"https:\/\/rioonwatch.org.br\/index.php?rest_route=\/wp\/v2\/posts\/25238"}],"collection":[{"href":"https:\/\/rioonwatch.org.br\/index.php?rest_route=\/wp\/v2\/posts"}],"about":[{"href":"https:\/\/rioonwatch.org.br\/index.php?rest_route=\/wp\/v2\/types\/post"}],"author":[{"embeddable":true,"href":"https:\/\/rioonwatch.org.br\/index.php?rest_route=\/wp\/v2\/users\/129"}],"replies":[{"embeddable":true,"href":"https:\/\/rioonwatch.org.br\/index.php?rest_route=%2Fwp%2Fv2%2Fcomments&post=25238"}],"version-history":[{"count":18,"href":"https:\/\/rioonwatch.org.br\/index.php?rest_route=\/wp\/v2\/posts\/25238\/revisions"}],"predecessor-version":[{"id":25468,"href":"https:\/\/rioonwatch.org.br\/index.php?rest_route=\/wp\/v2\/posts\/25238\/revisions\/25468"}],"wp:featuredmedia":[{"embeddable":true,"href":"https:\/\/rioonwatch.org.br\/index.php?rest_route=\/wp\/v2\/media\/25244"}],"wp:attachment":[{"href":"https:\/\/rioonwatch.org.br\/index.php?rest_route=%2Fwp%2Fv2%2Fmedia&parent=25238"}],"wp:term":[{"taxonomy":"category","embeddable":true,"href":"https:\/\/rioonwatch.org.br\/index.php?rest_route=%2Fwp%2Fv2%2Fcategories&post=25238"},{"taxonomy":"post_tag","embeddable":true,"href":"https:\/\/rioonwatch.org.br\/index.php?rest_route=%2Fwp%2Fv2%2Ftags&post=25238"},{"taxonomy":"writer","embeddable":true,"href":"https:\/\/rioonwatch.org.br\/index.php?rest_route=%2Fwp%2Fv2%2Fwriter&post=25238"},{"taxonomy":"translator","embeddable":true,"href":"https:\/\/rioonwatch.org.br\/index.php?rest_route=%2Fwp%2Fv2%2Ftranslator&post=25238"},{"taxonomy":"source","embeddable":true,"href":"https:\/\/rioonwatch.org.br\/index.php?rest_route=%2Fwp%2Fv2%2Fsource&post=25238"},{"taxonomy":"ilustrador","embeddable":true,"href":"https:\/\/rioonwatch.org.br\/index.php?rest_route=%2Fwp%2Fv2%2Filustrador&post=25238"},{"taxonomy":"fotografo","embeddable":true,"href":"https:\/\/rioonwatch.org.br\/index.php?rest_route=%2Fwp%2Fv2%2Ffotografo&post=25238"}],"curies":[{"name":"wp","href":"https:\/\/api.w.org\/{rel}","templated":true}]}}