{"id":25303,"date":"2017-04-22T12:07:00","date_gmt":"2017-04-22T15:07:00","guid":{"rendered":"http:\/\/rioonwatch.org.br\/?p=25303"},"modified":"2024-06-20T16:24:38","modified_gmt":"2024-06-20T19:24:38","slug":"um-ano-apos-a-histeria-da-zika-os-bebes-com-microcefalia-foram-esquecidos","status":"publish","type":"post","link":"https:\/\/rioonwatch.org.br\/?p=25303","title":{"rendered":"Um Ano Ap\u00f3s a &#8216;Histeria&#8217; da Zika, os Beb\u00eas com Microcefalia Foram Esquecidos"},"content":{"rendered":"<p style=\"text-align: right;\"><em><strong><a href=\"http:\/\/bit.ly\/2op2lrP\" target=\"_blank\" rel=\"noopener noreferrer\">Click Here for English<img decoding=\"async\" width=\"20\" height=\"20\" class=\"alignright wp-image-15790\" src=\"http:\/\/rioonwatch.org.br\/wp-content\/uploads\/2012\/08\/EN-standard-e1439583104716.jpg\" alt=\"\" \/><\/a><\/strong><\/em><\/p>\n<p><span style=\"font-weight: 400;\">Quando Pollyana de Oliveira, 28, deu \u00e0 luz seu terceiro filho, ela n\u00e3o fazia ideia de que alguma coisa podia estar errada. Ela n\u00e3o teve nenhum problema durante a gravidez e nenhum ultrassom preocupante. Mas quando Luis Phillipe nasceu, sua cabe\u00e7a era anormalmente pequena para o tamanho de seu corpo&#8211;n\u00e3o muito maior do que uma laranja. Ele tem <a href=\"https:\/\/glo.bo\/2pxZhIt\" target=\"_blank\" rel=\"noopener noreferrer\">microcefalia associada a Zika<\/a>, que deixa as crian\u00e7as com cr\u00e2nios pequenos e c\u00e9rebros malformados e frequentemente causa problemas graves de desenvolvimento.<\/span><\/p>\n<p><span style=\"font-weight: 400;\">Pollyana descobriu apenas depois que o que ela percebeu como uma gripe comum no 8\u00ba m\u00eas de gesta\u00e7\u00e3o deve ter sido Zika. Naquele momento, em novembro de 2015, ningu\u00e9m conhecia os efeitos que a doen\u00e7a poderia ter. Em compara\u00e7\u00e3o com outras doen\u00e7as disseminadas pelo mosquito <em>Aedes aegypti<\/em>, como a dengue e chikungunya, os <a href=\"http:\/\/bit.ly\/2oIEnIj\" target=\"_blank\" rel=\"noopener noreferrer\">sintomas pareciam at\u00e9 relativamente leves<\/a>. Uma em cada cinco pessoas infectadas na verdade n\u00e3o apresentam sintoma nenhum.<\/span><\/p>\n<p><span style=\"font-weight: 400;\">Apenas alguns meses ap\u00f3s o nascimento de Luis, na contagem regressiva para os <a href=\"http:\/\/bit.ly\/PkLXlQ\" target=\"_blank\" rel=\"noopener noreferrer\">Jogos Ol\u00edmpicos<\/a> no Rio de Janeiro, a Zika se tornou um assunto mundial: <a href=\"http:\/\/bit.ly\/2pe2vni\" target=\"_blank\" rel=\"noopener noreferrer\">fotos de beb\u00eas com cabe\u00e7as pequenas<\/a> foram publicadas, empresas a\u00e9reas internacionais forneceram <a href=\"http:\/\/bit.ly\/2nVJfH0\" target=\"_blank\" rel=\"noopener noreferrer\">advert\u00eancias<\/a> quanto ao mosquito antes da aterrissagem no Brasil e o\u00a0<a href=\"http:\/\/bit.ly\/2ociQHm\" target=\"_blank\" rel=\"noopener noreferrer\">governo declarou um estado de guerra<\/a> contra o inseto. No auge da preocupa\u00e7\u00e3o mundial sobre a epidemia de Zika no Brasil, 100 m\u00e9dicos e professores escreveram uma carta aberta \u00e0 Organiza\u00e7\u00e3o Mundial da Sa\u00fade, pedindo que se <a href=\"http:\/\/bbc.in\/2pydhlt\" target=\"_blank\" rel=\"noopener noreferrer\">adiasse ou cancelasse os Jogos<\/a>: \u201cFazemos este pedido apesar do fatalismo generalizado de que os Jogos no Rio 2016 s\u00e3o inevit\u00e1veis ou &#8216;muito grandes para dar errado&#8217;\u201d, os <a href=\"http:\/\/dailym.ai\/2nVJl1s\" target=\"_blank\" rel=\"noopener noreferrer\">autores disseram na carta endere\u00e7ada \u00e0 Diretora Geral Margaret Chan<\/a>. \u201cNossa maior preocupa\u00e7\u00e3o \u00e9 a sa\u00fade global. A cepa brasileira do v\u00edrus da Zika prejudica a sa\u00fade de formas que a ci\u00eancia ainda n\u00e3o havia visto antes\u201d.<\/span><\/p>\n<p><span style=\"font-weight: 400;\">Naquele momento, Pollyana pensou que poderia parecer um tanto exagerado, mas pelo menos o mundo parecia se preocupar. Agora ela mudou de ideia. Como muitas outras m\u00e3es de crian\u00e7as com microcefalia, ela sente que \u201cningu\u00e9m se importa conosco\u201d.<\/span><\/p>\n<p><a href=\"http:\/\/rioonwatch.org.br\/wp-content\/uploads\/2017\/04\/IMG_6172-e1491661303620.jpg\"><img fetchpriority=\"high\" decoding=\"async\" class=\"aligncenter wp-image-25308 size-content\" title=\"Pollyana e Luis moram em um conjunto habitacional do programa Minha Casa Minha Vida perto do Rio de Janeiro\" src=\"http:\/\/rioonwatch.org.br\/wp-content\/uploads\/2017\/04\/IMG_6172-e1491661303620-620x264.jpg\" alt=\"Pollyana e Luis moram em um conjunto habitacional do programa Minha Casa Minha Vida perto do Rio de Janeiro\" width=\"620\" height=\"264\" srcset=\"https:\/\/rioonwatch.org.br\/wp-content\/uploads\/2017\/04\/IMG_6172-e1491661303620-620x264.jpg 620w, https:\/\/rioonwatch.org.br\/wp-content\/uploads\/2017\/04\/IMG_6172-e1491661303620-940x400.jpg 940w\" sizes=\"(max-width: 620px) 100vw, 620px\" \/><\/a><\/p>\n<p><span style=\"font-weight: 400;\">De acordo com a <a href=\"http:\/\/bit.ly\/2pdsdnV\" target=\"_blank\" rel=\"noopener noreferrer\">pol\u00edtica de assist\u00eancia social<\/a> brasileira, as m\u00e3es de crian\u00e7as com defici\u00eancia, com uma renda abaixo de R$220 por m\u00eas, t\u00eam direito a uma renda m\u00ednima de R$880. Pollyana solicitou o benef\u00edcio p\u00fablico h\u00e1 um ano, mas ela ainda n\u00e3o recebeu nenhum apoio.<\/span><\/p>\n<p><span style=\"font-weight: 400;\">O \u00fanico apoio do governo que ela recebeu foi um pequeno apartamento em um conjunto habitacional do <a href=\"http:\/\/bit.ly\/Y4U9oJ\" target=\"_blank\" rel=\"noopener noreferrer\">Minha Casa Minha Vida<\/a> em Maric\u00e1, nos arredores de Niter\u00f3i. Ela mora com seus tr\u00eas filhos, incluindo Luis, pagando cerca de R$80 de aluguel por m\u00eas. Como cuidar de Luis exige tempo integral, Pollyana precisou deixar\u00a0o emprego como recepcionista em uma discoteca. O pai de Luis est\u00e1 desempregado. Ele n\u00e3o mora com a fam\u00edlia, embora visite todos os dias.<\/span><\/p>\n<p><span style=\"font-weight: 400;\">Custa R$14 apenas para chegar at\u00e9 Niter\u00f3i por transporte p\u00fablico, ent\u00e3o ela fica em casa a maior parte do tempo.<\/span><\/p>\n<p><a href=\"http:\/\/rioonwatch.org.br\/wp-content\/uploads\/2017\/04\/IMG_6178-e1491661338266.jpg\"><img decoding=\"async\" class=\"aligncenter wp-image-25309 size-content\" title=\"Pollyana e Luis moram em um conjunto habitacional do programa Minha Casa Minha Vida em Maric\u00e1\" src=\"http:\/\/rioonwatch.org.br\/wp-content\/uploads\/2017\/04\/IMG_6178-e1491661338266-620x264.jpg\" alt=\"Pollyana e Luis moram em um conjunto habitacional do programa Minha Casa Minha Vida em Maric\u00e1\" width=\"620\" height=\"264\" srcset=\"https:\/\/rioonwatch.org.br\/wp-content\/uploads\/2017\/04\/IMG_6178-e1491661338266-620x264.jpg 620w, https:\/\/rioonwatch.org.br\/wp-content\/uploads\/2017\/04\/IMG_6178-e1491661338266-940x400.jpg 940w\" sizes=\"(max-width: 620px) 100vw, 620px\" \/><\/a><\/p>\n<p><span style=\"font-weight: 400;\">Fam\u00edlias de baixa renda\u00a0como a de Pollyana s\u00e3o as mais afetadas pela Zika e suas consequ\u00eancias. \u00c1reas rurais empobrecidas e favelas urbanas <a href=\"http:\/\/bit.ly\/2oqh9Dp\" target=\"_blank\" rel=\"noopener noreferrer\">apresentaram a maioria dos casos<\/a> entre os 1638 casos de\u00a0microcefalia relacionados a Zika no pa\u00eds no \u00faltimo ano. E as <a href=\"http:\/\/bit.ly\/2pPS2Lb\" target=\"_blank\" rel=\"noopener noreferrer\">m\u00e3es solteiras est\u00e3o carregando o fardo principal<\/a>.<\/span><\/p>\n<p><span style=\"font-weight: 400;\">Mas Pollyana n\u00e3o se queixa. Em vez disso, ela encontra solidariedade e apoio em dois grupos do WhatsApp de m\u00e3es de crian\u00e7as com microcefalia. Um com 73 m\u00e3es do Rio e arredores, outro incluindo m\u00e3es por todo o Brasil. \u201cEu nem consigo ler todas as mensagens\u201d, ela diz. \u201cAlgumas pessoas do grupo viraram amigas. Algumas n\u00e3o continuam no grupo quando seus filhos faleceram. Elas n\u00e3o aguentam ficar no grupo\u201d.<\/span><\/p>\n<p><span style=\"font-weight: 400;\">Ela chama o filho de \u201cmeu pr\u00edncipe\u201d. Para ela, \u201cele \u00e9 uma crian\u00e7a normal; a microcefalia \u00e9 um detalhe s\u00f3. Existem limita\u00e7\u00f5es, mas eu n\u00e3o diria que ele n\u00e3o vai conseguir super\u00e1-las\u201d.<\/span><\/p>\n<p><span style=\"font-weight: 400;\">Para conseguir o tratamento m\u00e9dico do qual Luis precisa, Pollyana tem que fazer uma viagem de um dia, distante e cara, de cinco horas na ida e cinco na volta por transporte p\u00fablico. O \u00fanico centro de sa\u00fade p\u00fablica que lida com microcefalia \u00e9 o <a href=\"http:\/\/bit.ly\/2oj4964\" target=\"_blank\" rel=\"noopener noreferrer\">Instituto Fernandes Figueira<\/a> em Botafogo, na Zona Sul do Rio. S\u00f3 o transporte custa R$40 e ela precisa da companhia de algu\u00e9m devido \u00e0s dificuldades para cuidar sozinha do beb\u00ea com microcefalia. Quando Luis era pequeno, ela ia duas ou tr\u00eas vezes por m\u00eas; agora, com menor frequ\u00eancia.<\/span><\/p>\n<p><a href=\"http:\/\/rioonwatch.org.br\/wp-content\/uploads\/2017\/04\/maricamap.jpg\"><img loading=\"lazy\" decoding=\"async\" class=\"aligncenter wp-image-25310 size-content\" title=\"Percurso do transporte da casa em Maric\u00e1 at\u00e9 o hospital em Botafogo para o tratamento da microcefalia\" src=\"http:\/\/rioonwatch.org.br\/wp-content\/uploads\/2017\/04\/maricamap-620x264.jpg\" alt=\"Percurso do transporte da casa em Maric\u00e1 at\u00e9 o hospital em Botafogo para o tratamento da microcefalia\" width=\"620\" height=\"264\" srcset=\"https:\/\/rioonwatch.org.br\/wp-content\/uploads\/2017\/04\/maricamap-620x264.jpg 620w, https:\/\/rioonwatch.org.br\/wp-content\/uploads\/2017\/04\/maricamap-940x400.jpg 940w\" sizes=\"(max-width: 620px) 100vw, 620px\" \/><\/a><\/p>\n<p><span style=\"font-weight: 400;\">Mas para ter uma chance de aprender a sentar, pegar objetos e firmar a cabe\u00e7a sozinho, Luis precisaria de fisioterapia regularmente. E para que isto aconte\u00e7a, Pollyana teria que pagar. No sistema de sa\u00fade privado, uma hora de fisioterapia custa cerca de R$400.<\/span><\/p>\n<p><span style=\"font-weight: 400;\">Quanto mais cedo Luis tenha acesso ao melhor tratamento, maiores seriam os benef\u00edcios a ele. Maria Elisabeth Moreira \u00e9 uma pesquisadora no Instituto Fernandes Figueira. <a href=\"http:\/\/bit.ly\/2o9NNKP\" target=\"_blank\" rel=\"noopener noreferrer\">Ela insiste na import\u00e2ncia da facilita\u00e7\u00e3o precoce para crian\u00e7as como Luis<\/a>: \u201cTemos uma janela de oportunidade para fazer alguma coisas por estas crian\u00e7as no primeiro ano de vida, quando o c\u00e9rebro est\u00e1 crescendo. Neste momento, uma \u00e1rea afetada pode ser substitu\u00edda pelo crescimento de uma \u00e1rea normal por conta da neuroplasticidade.\u00a0<\/span>Essas crian\u00e7as que nasceram durante a epidemia da Zika n\u00e3o s\u00e3o uma gera\u00e7\u00e3o perdida. N\u00f3s temos algo para fazer por elas. Todas elas merecem ser acompanhadas e estimuladas para alcan\u00e7ar em sua plenitude as suas habilidades&#8221;.<\/p>\n<p><span style=\"font-weight: 400;\">Mas com crise econ\u00f4mica que o Brasil est\u00e1 sofrendo, o sistema de sa\u00fade p\u00fablica est\u00e1 quase em colapso. <a href=\"http:\/\/bit.ly\/2pdp5Za\" target=\"_blank\" rel=\"noopener noreferrer\">Maria Elisabeth Moreira diz<\/a> que \u201cforam gastos milh\u00f5es para o desenvolvimento de vacinas e na guerra contra o mosquito, mas as crian\u00e7as afetadas foram esquecidas\u201d.<\/span><\/p>\n<!-- AddThis Advanced Settings generic via filter on the_content --><!-- AddThis Share Buttons generic via filter on the_content -->","protected":false},"excerpt":{"rendered":"<div class=\"mh-excerpt\"><p>Click Here for English Quando Pollyana de Oliveira, 28, deu \u00e0 luz seu terceiro filho, ela n\u00e3o fazia ideia de que alguma coisa podia estar errada. Ela n\u00e3o teve nenhum problema durante a gravidez e <a class=\"mh-excerpt-more\" href=\"https:\/\/rioonwatch.org.br\/?p=25303\" title=\"Um Ano Ap\u00f3s a &#8216;Histeria&#8217; da Zika, os Beb\u00eas com Microcefalia Foram Esquecidos\">[&#8230;]<\/a><!-- AddThis Advanced Settings generic via filter on get_the_excerpt --><!-- AddThis Share Buttons generic via filter on get_the_excerpt --><\/p>\n<\/div>","protected":false},"author":129,"featured_media":25305,"comment_status":"closed","ping_status":"closed","sticky":false,"template":"","format":"standard","meta":{"_acf_changed":false,"_monsterinsights_skip_tracking":false,"_monsterinsights_sitenote_active":false,"_monsterinsights_sitenote_note":"","_monsterinsights_sitenote_category":0,"footnotes":""},"categories":[2051,346,1626,344],"tags":[750,1967,1372,1585,1240,246,417,10,78,839,294,1835],"writer":[1972],"translator":[1915],"source":[],"ilustrador":[],"fotografo":[],"class_list":{"0":"post-25303","1":"post","2":"type-post","3":"status-publish","4":"format-standard","5":"has-post-thumbnail","7":"category-olhonolegado","8":"category-denuncias","9":"category-por-observadores-internacionais","10":"category-politicas","11":"tag-clinica-da-familia","12":"tag-deficiencia-fisica","13":"tag-grande-rio","14":"tag-marica","15":"tag-megaeventos","16":"tag-minha-casa-minha-vida","17":"tag-negligencia-do-estado","18":"tag-niteroi","19":"tag-olimpiadas","20":"tag-prioridades-publicas-equivocadas","21":"tag-saude","22":"tag-zika","23":"writer-lisa-hollenbach","24":"translator-kris-bruscatto"},"acf":[],"yoast_head":"<!-- This site is optimized with the Yoast SEO plugin v25.6 - https:\/\/yoast.com\/wordpress\/plugins\/seo\/ -->\n<title>Um Ano Ap\u00f3s a &#039;Histeria&#039; da Zika, os Beb\u00eas com Microcefalia Foram Esquecidos - RioOnWatch<\/title>\n<meta name=\"robots\" content=\"index, follow, max-snippet:-1, max-image-preview:large, max-video-preview:-1\" \/>\n<link rel=\"canonical\" href=\"https:\/\/rioonwatch.org.br\/?p=25303\" \/>\n<meta property=\"og:locale\" content=\"pt_BR\" \/>\n<meta property=\"og:type\" content=\"article\" \/>\n<meta property=\"og:title\" content=\"Um Ano Ap\u00f3s a &#039;Histeria&#039; da Zika, os Beb\u00eas com Microcefalia Foram Esquecidos - RioOnWatch\" \/>\n<meta property=\"og:description\" content=\"Click Here for English Quando Pollyana de Oliveira, 28, deu \u00e0 luz seu terceiro filho, ela n\u00e3o fazia ideia de que alguma coisa podia estar errada. Ela n\u00e3o teve nenhum problema durante a gravidez e [...]\" \/>\n<meta property=\"og:url\" content=\"https:\/\/rioonwatch.org.br\/?p=25303\" \/>\n<meta property=\"og:site_name\" content=\"RioOnWatch\" \/>\n<meta property=\"article:published_time\" content=\"2017-04-22T15:07:00+00:00\" \/>\n<meta property=\"article:modified_time\" content=\"2024-06-20T19:24:38+00:00\" \/>\n<meta property=\"og:image\" content=\"https:\/\/rioonwatch.org.br\/wp-content\/uploads\/2017\/04\/IMG_6161-e1491661241518.jpg\" \/>\n\t<meta property=\"og:image:width\" content=\"1000\" \/>\n\t<meta property=\"og:image:height\" content=\"750\" \/>\n\t<meta property=\"og:image:type\" content=\"image\/jpeg\" \/>\n<meta name=\"author\" content=\"Admin\" \/>\n<meta name=\"twitter:card\" content=\"summary_large_image\" \/>\n<meta name=\"twitter:label1\" content=\"Escrito por\" \/>\n\t<meta name=\"twitter:data1\" content=\"Admin\" \/>\n\t<meta name=\"twitter:label2\" content=\"Est. tempo de leitura\" \/>\n\t<meta name=\"twitter:data2\" content=\"5 minutos\" \/>\n<script type=\"application\/ld+json\" class=\"yoast-schema-graph\">{\"@context\":\"https:\/\/schema.org\",\"@graph\":[{\"@type\":\"Article\",\"@id\":\"https:\/\/rioonwatch.org.br\/?p=25303#article\",\"isPartOf\":{\"@id\":\"https:\/\/rioonwatch.org.br\/?p=25303\"},\"author\":{\"name\":\"Admin\",\"@id\":\"https:\/\/rioonwatch.org.br\/#\/schema\/person\/11d64c290506f9df50c71b850c473f68\"},\"headline\":\"Um Ano Ap\u00f3s a &#8216;Histeria&#8217; da Zika, os Beb\u00eas com Microcefalia Foram Esquecidos\",\"datePublished\":\"2017-04-22T15:07:00+00:00\",\"dateModified\":\"2024-06-20T19:24:38+00:00\",\"mainEntityOfPage\":{\"@id\":\"https:\/\/rioonwatch.org.br\/?p=25303\"},\"wordCount\":1031,\"publisher\":{\"@id\":\"https:\/\/rioonwatch.org.br\/#organization\"},\"image\":{\"@id\":\"https:\/\/rioonwatch.org.br\/?p=25303#primaryimage\"},\"thumbnailUrl\":\"https:\/\/rioonwatch.org.br\/wp-content\/uploads\/2017\/04\/IMG_6161-e1491661241518.jpg\",\"keywords\":[\"Cl\u00ednica da Fam\u00edlia\",\"defici\u00eancia f\u00edsica\",\"Grande Rio\",\"Maric\u00e1\",\"Megaeventos\",\"Minha Casa Minha Vida\",\"Neglig\u00eancia do Estado\",\"Niter\u00f3i\",\"Olimp\u00edadas\",\"prioridades p\u00fablicas equivocadas\",\"sa\u00fade\",\"Zika\"],\"articleSection\":[\"#OlhoNoLegado\",\"Den\u00fancias\",\"Escrito por Aliados\",\"Pol\u00edticas\"],\"inLanguage\":\"pt-BR\"},{\"@type\":\"WebPage\",\"@id\":\"https:\/\/rioonwatch.org.br\/?p=25303\",\"url\":\"https:\/\/rioonwatch.org.br\/?p=25303\",\"name\":\"Um Ano Ap\u00f3s a 'Histeria' da Zika, os Beb\u00eas com Microcefalia Foram Esquecidos - RioOnWatch\",\"isPartOf\":{\"@id\":\"https:\/\/rioonwatch.org.br\/#website\"},\"primaryImageOfPage\":{\"@id\":\"https:\/\/rioonwatch.org.br\/?p=25303#primaryimage\"},\"image\":{\"@id\":\"https:\/\/rioonwatch.org.br\/?p=25303#primaryimage\"},\"thumbnailUrl\":\"https:\/\/rioonwatch.org.br\/wp-content\/uploads\/2017\/04\/IMG_6161-e1491661241518.jpg\",\"datePublished\":\"2017-04-22T15:07:00+00:00\",\"dateModified\":\"2024-06-20T19:24:38+00:00\",\"breadcrumb\":{\"@id\":\"https:\/\/rioonwatch.org.br\/?p=25303#breadcrumb\"},\"inLanguage\":\"pt-BR\",\"potentialAction\":[{\"@type\":\"ReadAction\",\"target\":[\"https:\/\/rioonwatch.org.br\/?p=25303\"]}]},{\"@type\":\"ImageObject\",\"inLanguage\":\"pt-BR\",\"@id\":\"https:\/\/rioonwatch.org.br\/?p=25303#primaryimage\",\"url\":\"https:\/\/rioonwatch.org.br\/wp-content\/uploads\/2017\/04\/IMG_6161-e1491661241518.jpg\",\"contentUrl\":\"https:\/\/rioonwatch.org.br\/wp-content\/uploads\/2017\/04\/IMG_6161-e1491661241518.jpg\",\"width\":1000,\"height\":750},{\"@type\":\"BreadcrumbList\",\"@id\":\"https:\/\/rioonwatch.org.br\/?p=25303#breadcrumb\",\"itemListElement\":[{\"@type\":\"ListItem\",\"position\":1,\"name\":\"In\u00edcio\",\"item\":\"https:\/\/rioonwatch.org.br\/\"},{\"@type\":\"ListItem\",\"position\":2,\"name\":\"Um Ano Ap\u00f3s a &#8216;Histeria&#8217; da Zika, os Beb\u00eas com Microcefalia Foram Esquecidos\"}]},{\"@type\":\"WebSite\",\"@id\":\"https:\/\/rioonwatch.org.br\/#website\",\"url\":\"https:\/\/rioonwatch.org.br\/\",\"name\":\"RioOnWatch\",\"description\":\"relatos das favelas cariocas\",\"publisher\":{\"@id\":\"https:\/\/rioonwatch.org.br\/#organization\"},\"potentialAction\":[{\"@type\":\"SearchAction\",\"target\":{\"@type\":\"EntryPoint\",\"urlTemplate\":\"https:\/\/rioonwatch.org.br\/?s={search_term_string}\"},\"query-input\":{\"@type\":\"PropertyValueSpecification\",\"valueRequired\":true,\"valueName\":\"search_term_string\"}}],\"inLanguage\":\"pt-BR\"},{\"@type\":\"Organization\",\"@id\":\"https:\/\/rioonwatch.org.br\/#organization\",\"name\":\"RioOnWatch\",\"url\":\"https:\/\/rioonwatch.org.br\/\",\"logo\":{\"@type\":\"ImageObject\",\"inLanguage\":\"pt-BR\",\"@id\":\"https:\/\/rioonwatch.org.br\/#\/schema\/logo\/image\/\",\"url\":\"https:\/\/rioonwatch.org.br\/wp-content\/uploads\/2021\/06\/RioOnWatchcabecalhoPT11anos-2.png\",\"contentUrl\":\"https:\/\/rioonwatch.org.br\/wp-content\/uploads\/2021\/06\/RioOnWatchcabecalhoPT11anos-2.png\",\"width\":779,\"height\":277,\"caption\":\"RioOnWatch\"},\"image\":{\"@id\":\"https:\/\/rioonwatch.org.br\/#\/schema\/logo\/image\/\"}},{\"@type\":\"Person\",\"@id\":\"https:\/\/rioonwatch.org.br\/#\/schema\/person\/11d64c290506f9df50c71b850c473f68\",\"name\":\"Admin\",\"image\":{\"@type\":\"ImageObject\",\"inLanguage\":\"pt-BR\",\"@id\":\"https:\/\/rioonwatch.org.br\/#\/schema\/person\/image\/\",\"url\":\"https:\/\/secure.gravatar.com\/avatar\/56211ac74568383903349a1485e3c325?s=96&d=blank&r=g\",\"contentUrl\":\"https:\/\/secure.gravatar.com\/avatar\/56211ac74568383903349a1485e3c325?s=96&d=blank&r=g\",\"caption\":\"Admin\"},\"url\":\"https:\/\/rioonwatch.org.br\/?author=129\"}]}<\/script>\n<!-- \/ Yoast SEO plugin. -->","yoast_head_json":{"title":"Um Ano Ap\u00f3s a 'Histeria' da Zika, os Beb\u00eas com Microcefalia Foram Esquecidos - RioOnWatch","robots":{"index":"index","follow":"follow","max-snippet":"max-snippet:-1","max-image-preview":"max-image-preview:large","max-video-preview":"max-video-preview:-1"},"canonical":"https:\/\/rioonwatch.org.br\/?p=25303","og_locale":"pt_BR","og_type":"article","og_title":"Um Ano Ap\u00f3s a 'Histeria' da Zika, os Beb\u00eas com Microcefalia Foram Esquecidos - RioOnWatch","og_description":"Click Here for English Quando Pollyana de Oliveira, 28, deu \u00e0 luz seu terceiro filho, ela n\u00e3o fazia ideia de que alguma coisa podia estar errada. Ela n\u00e3o teve nenhum problema durante a gravidez e [...]","og_url":"https:\/\/rioonwatch.org.br\/?p=25303","og_site_name":"RioOnWatch","article_published_time":"2017-04-22T15:07:00+00:00","article_modified_time":"2024-06-20T19:24:38+00:00","og_image":[{"width":1000,"height":750,"url":"https:\/\/rioonwatch.org.br\/wp-content\/uploads\/2017\/04\/IMG_6161-e1491661241518.jpg","type":"image\/jpeg"}],"author":"Admin","twitter_card":"summary_large_image","twitter_misc":{"Escrito por":"Admin","Est. tempo de leitura":"5 minutos"},"schema":{"@context":"https:\/\/schema.org","@graph":[{"@type":"Article","@id":"https:\/\/rioonwatch.org.br\/?p=25303#article","isPartOf":{"@id":"https:\/\/rioonwatch.org.br\/?p=25303"},"author":{"name":"Admin","@id":"https:\/\/rioonwatch.org.br\/#\/schema\/person\/11d64c290506f9df50c71b850c473f68"},"headline":"Um Ano Ap\u00f3s a &#8216;Histeria&#8217; da Zika, os Beb\u00eas com Microcefalia Foram Esquecidos","datePublished":"2017-04-22T15:07:00+00:00","dateModified":"2024-06-20T19:24:38+00:00","mainEntityOfPage":{"@id":"https:\/\/rioonwatch.org.br\/?p=25303"},"wordCount":1031,"publisher":{"@id":"https:\/\/rioonwatch.org.br\/#organization"},"image":{"@id":"https:\/\/rioonwatch.org.br\/?p=25303#primaryimage"},"thumbnailUrl":"https:\/\/rioonwatch.org.br\/wp-content\/uploads\/2017\/04\/IMG_6161-e1491661241518.jpg","keywords":["Cl\u00ednica da Fam\u00edlia","defici\u00eancia f\u00edsica","Grande Rio","Maric\u00e1","Megaeventos","Minha Casa Minha Vida","Neglig\u00eancia do Estado","Niter\u00f3i","Olimp\u00edadas","prioridades p\u00fablicas equivocadas","sa\u00fade","Zika"],"articleSection":["#OlhoNoLegado","Den\u00fancias","Escrito por Aliados","Pol\u00edticas"],"inLanguage":"pt-BR"},{"@type":"WebPage","@id":"https:\/\/rioonwatch.org.br\/?p=25303","url":"https:\/\/rioonwatch.org.br\/?p=25303","name":"Um Ano Ap\u00f3s a 'Histeria' da Zika, os Beb\u00eas com Microcefalia Foram Esquecidos - RioOnWatch","isPartOf":{"@id":"https:\/\/rioonwatch.org.br\/#website"},"primaryImageOfPage":{"@id":"https:\/\/rioonwatch.org.br\/?p=25303#primaryimage"},"image":{"@id":"https:\/\/rioonwatch.org.br\/?p=25303#primaryimage"},"thumbnailUrl":"https:\/\/rioonwatch.org.br\/wp-content\/uploads\/2017\/04\/IMG_6161-e1491661241518.jpg","datePublished":"2017-04-22T15:07:00+00:00","dateModified":"2024-06-20T19:24:38+00:00","breadcrumb":{"@id":"https:\/\/rioonwatch.org.br\/?p=25303#breadcrumb"},"inLanguage":"pt-BR","potentialAction":[{"@type":"ReadAction","target":["https:\/\/rioonwatch.org.br\/?p=25303"]}]},{"@type":"ImageObject","inLanguage":"pt-BR","@id":"https:\/\/rioonwatch.org.br\/?p=25303#primaryimage","url":"https:\/\/rioonwatch.org.br\/wp-content\/uploads\/2017\/04\/IMG_6161-e1491661241518.jpg","contentUrl":"https:\/\/rioonwatch.org.br\/wp-content\/uploads\/2017\/04\/IMG_6161-e1491661241518.jpg","width":1000,"height":750},{"@type":"BreadcrumbList","@id":"https:\/\/rioonwatch.org.br\/?p=25303#breadcrumb","itemListElement":[{"@type":"ListItem","position":1,"name":"In\u00edcio","item":"https:\/\/rioonwatch.org.br\/"},{"@type":"ListItem","position":2,"name":"Um Ano Ap\u00f3s a &#8216;Histeria&#8217; da Zika, os Beb\u00eas com Microcefalia Foram Esquecidos"}]},{"@type":"WebSite","@id":"https:\/\/rioonwatch.org.br\/#website","url":"https:\/\/rioonwatch.org.br\/","name":"RioOnWatch","description":"relatos das favelas cariocas","publisher":{"@id":"https:\/\/rioonwatch.org.br\/#organization"},"potentialAction":[{"@type":"SearchAction","target":{"@type":"EntryPoint","urlTemplate":"https:\/\/rioonwatch.org.br\/?s={search_term_string}"},"query-input":{"@type":"PropertyValueSpecification","valueRequired":true,"valueName":"search_term_string"}}],"inLanguage":"pt-BR"},{"@type":"Organization","@id":"https:\/\/rioonwatch.org.br\/#organization","name":"RioOnWatch","url":"https:\/\/rioonwatch.org.br\/","logo":{"@type":"ImageObject","inLanguage":"pt-BR","@id":"https:\/\/rioonwatch.org.br\/#\/schema\/logo\/image\/","url":"https:\/\/rioonwatch.org.br\/wp-content\/uploads\/2021\/06\/RioOnWatchcabecalhoPT11anos-2.png","contentUrl":"https:\/\/rioonwatch.org.br\/wp-content\/uploads\/2021\/06\/RioOnWatchcabecalhoPT11anos-2.png","width":779,"height":277,"caption":"RioOnWatch"},"image":{"@id":"https:\/\/rioonwatch.org.br\/#\/schema\/logo\/image\/"}},{"@type":"Person","@id":"https:\/\/rioonwatch.org.br\/#\/schema\/person\/11d64c290506f9df50c71b850c473f68","name":"Admin","image":{"@type":"ImageObject","inLanguage":"pt-BR","@id":"https:\/\/rioonwatch.org.br\/#\/schema\/person\/image\/","url":"https:\/\/secure.gravatar.com\/avatar\/56211ac74568383903349a1485e3c325?s=96&d=blank&r=g","contentUrl":"https:\/\/secure.gravatar.com\/avatar\/56211ac74568383903349a1485e3c325?s=96&d=blank&r=g","caption":"Admin"},"url":"https:\/\/rioonwatch.org.br\/?author=129"}]}},"_links":{"self":[{"href":"https:\/\/rioonwatch.org.br\/index.php?rest_route=\/wp\/v2\/posts\/25303"}],"collection":[{"href":"https:\/\/rioonwatch.org.br\/index.php?rest_route=\/wp\/v2\/posts"}],"about":[{"href":"https:\/\/rioonwatch.org.br\/index.php?rest_route=\/wp\/v2\/types\/post"}],"author":[{"embeddable":true,"href":"https:\/\/rioonwatch.org.br\/index.php?rest_route=\/wp\/v2\/users\/129"}],"replies":[{"embeddable":true,"href":"https:\/\/rioonwatch.org.br\/index.php?rest_route=%2Fwp%2Fv2%2Fcomments&post=25303"}],"version-history":[{"count":9,"href":"https:\/\/rioonwatch.org.br\/index.php?rest_route=\/wp\/v2\/posts\/25303\/revisions"}],"predecessor-version":[{"id":25387,"href":"https:\/\/rioonwatch.org.br\/index.php?rest_route=\/wp\/v2\/posts\/25303\/revisions\/25387"}],"wp:featuredmedia":[{"embeddable":true,"href":"https:\/\/rioonwatch.org.br\/index.php?rest_route=\/wp\/v2\/media\/25305"}],"wp:attachment":[{"href":"https:\/\/rioonwatch.org.br\/index.php?rest_route=%2Fwp%2Fv2%2Fmedia&parent=25303"}],"wp:term":[{"taxonomy":"category","embeddable":true,"href":"https:\/\/rioonwatch.org.br\/index.php?rest_route=%2Fwp%2Fv2%2Fcategories&post=25303"},{"taxonomy":"post_tag","embeddable":true,"href":"https:\/\/rioonwatch.org.br\/index.php?rest_route=%2Fwp%2Fv2%2Ftags&post=25303"},{"taxonomy":"writer","embeddable":true,"href":"https:\/\/rioonwatch.org.br\/index.php?rest_route=%2Fwp%2Fv2%2Fwriter&post=25303"},{"taxonomy":"translator","embeddable":true,"href":"https:\/\/rioonwatch.org.br\/index.php?rest_route=%2Fwp%2Fv2%2Ftranslator&post=25303"},{"taxonomy":"source","embeddable":true,"href":"https:\/\/rioonwatch.org.br\/index.php?rest_route=%2Fwp%2Fv2%2Fsource&post=25303"},{"taxonomy":"ilustrador","embeddable":true,"href":"https:\/\/rioonwatch.org.br\/index.php?rest_route=%2Fwp%2Fv2%2Filustrador&post=25303"},{"taxonomy":"fotografo","embeddable":true,"href":"https:\/\/rioonwatch.org.br\/index.php?rest_route=%2Fwp%2Fv2%2Ffotografo&post=25303"}],"curies":[{"name":"wp","href":"https:\/\/api.w.org\/{rel}","templated":true}]}}