{"id":25313,"date":"2017-04-19T08:56:45","date_gmt":"2017-04-19T11:56:45","guid":{"rendered":"http:\/\/rioonwatch.org.br\/?p=25313"},"modified":"2018-07-10T09:50:03","modified_gmt":"2018-07-10T12:50:03","slug":"uerj-em-crise-cotistas-sendo-excluidos-do-direito-a-educacao-opiniao","status":"publish","type":"post","link":"https:\/\/rioonwatch.org.br\/?p=25313","title":{"rendered":"UERJ em Crise: Cotistas Exclu\u00eddos do Direito \u00e0 Educa\u00e7\u00e3o [OPINI\u00c3O]"},"content":{"rendered":"<p style=\"text-align: right;\"><em><strong><a href=\"http:\/\/bit.ly\/2opV1tv\" target=\"_blank\" rel=\"noopener noreferrer\">Click Here for English<img decoding=\"async\" width=\"20\" height=\"20\" class=\"alignright wp-image-15790\" src=\"http:\/\/rioonwatch.org.br\/wp-content\/uploads\/2012\/08\/EN-standard-e1439583104716.jpg\" alt=\"\" \/><\/a><\/strong><\/em><\/p>\n<p><span style=\"font-weight: 400;\">Na favela onde moro, o governo gasta centenas de milhares de reais para a <a href=\"http:\/\/bit.ly\/2pxxfff\" target=\"_blank\" rel=\"noopener noreferrer\">Pol\u00edcia Militar entrar com tanques de guerra e armamento pesado<\/a>. Quem se importa se as balas perdidas matarem pessoas inocentes?<\/span><\/p>\n<p><span style=\"font-weight: 400;\">Na minha universidade, por falta de financiamento, o reitor quer que o per\u00edodo dure apenas dois meses. Quem se importa se os alunos n\u00e3o aprendem nada?<\/span><\/p>\n<p><span style=\"font-weight: 400;\">Bem-vindo ao Rio de Janeiro, a <a href=\"http:\/\/bit.ly\/1ohImlp\" target=\"_blank\" rel=\"noopener noreferrer\">terra da p\u00f3s-Olimp\u00edadas<\/a>.<\/span><\/p>\n<p><span style=\"font-weight: 400;\">A <a href=\"http:\/\/bit.ly\/2pzyYBq\" target=\"_blank\" rel=\"noopener noreferrer\">Universidade do Estado do Rio de Janeiro<\/a>\u00a0(UERJ), onde eu estudo, \u00e9 a <a href=\"http:\/\/bit.ly\/2pzBIyH\" target=\"_blank\" rel=\"noopener noreferrer\">5\u00aa melhor universidade p\u00fablica do Brasil<\/a> e possui mais de 30.000 estudantes. Mas no ano passado, devido ao corte de gastos para financiar as <a href=\"http:\/\/bit.ly\/PkLXlQ\" target=\"_blank\" rel=\"noopener noreferrer\">Olimp\u00edadas<\/a>, a UERJ entrou numa situa\u00e7\u00e3o de abandono: o ano letivo s\u00f3 come\u00e7ou ap\u00f3s cinco meses sem aulas, e o nosso semestre terminou com v\u00e1rias aulas canceladas por causa de manifesta\u00e7\u00f5es.<\/span><\/p>\n<p><span style=\"font-weight: 400;\">Ao final do mesmo ano, o <a href=\"http:\/\/bit.ly\/2peY4bT\" target=\"_blank\" rel=\"noopener noreferrer\">governo do Estado do Rio de Janeiro declarou fal\u00eancia<\/a>, o que resultou na falta de repasse de verbas necess\u00e1rias \u00e0 manuten\u00e7\u00e3o e na aus\u00eancia de pagamentos dos servidores da institui\u00e7\u00e3o. Alunos ficaram sem bolsa perman\u00eancia, professores e terceirizados n\u00e3o receberam sal\u00e1rios e os problemas com limpeza, seguran\u00e7a e elevadores s\u00f3 pioraram.<\/span><\/p>\n<p><a href=\"http:\/\/rioonwatch.org.br\/wp-content\/uploads\/2017\/04\/banheiro.jpg\"><img fetchpriority=\"high\" decoding=\"async\" class=\"aligncenter wp-image-25335 size-content\" title=\"Banheiro insalubre: sem ilumina\u00e7\u00e3o, sem insumos e pia com defeito\" src=\"http:\/\/rioonwatch.org.br\/wp-content\/uploads\/2017\/04\/banheiro-620x264.jpg\" alt=\"Banheiro insalubre: sem ilumina\u00e7\u00e3o, sem insumos e pia com defeito\" width=\"620\" height=\"264\" srcset=\"https:\/\/rioonwatch.org.br\/wp-content\/uploads\/2017\/04\/banheiro-620x264.jpg 620w, https:\/\/rioonwatch.org.br\/wp-content\/uploads\/2017\/04\/banheiro-940x400.jpg 940w\" sizes=\"(max-width: 620px) 100vw, 620px\" \/><\/a><\/p>\n<p><span style=\"font-weight: 400;\">No in\u00edcio deste ano, depois de um <a href=\"https:\/\/glo.bo\/2pQh2Ss\" target=\"_blank\" rel=\"noopener noreferrer\">conflito n\u00e3o resolvido entre o governador e a reitoria<\/a>, n\u00e3o houve surpresas ao se aproximar a data de in\u00edcio das aulas: a UERJ iria parar mais uma vez. No come\u00e7o, a reitoria avisou que iria adiar as aulas por uma semana; depois, adiaram por mais uma. A cada semana, o tempo previsto para o regresso das aulas foi aumentando.<\/span><\/p>\n<p><span style=\"font-weight: 400;\">Um m\u00eas depois uma solu\u00e7\u00e3o apareceu: o governador iria <a href=\"http:\/\/bit.ly\/2nmnkI0\" target=\"_blank\" rel=\"noopener noreferrer\">privatizar a CEDAE<\/a>\u00a0que seria dada como garantia para um empr\u00e9stimo que quitaria as d\u00edvidas com os setores p\u00fablicos, permitindo que a UERJ voltasse a funcionar. <\/span><\/p>\n<p><span style=\"font-weight: 400;\">Contudo passado um m\u00eas da <a href=\"http:\/\/bit.ly\/2o1g4Gv\" target=\"_blank\" rel=\"noopener noreferrer\">privatiza\u00e7\u00e3o ter sido aprovada na ALERJ<\/a>, a reitoria ainda n\u00e3o tinha falado nada sobre o regresso das aulas. Alguns dos meus colegas da institui\u00e7\u00e3o, cansados de esperar, entraram em novos empregos; outros viajaram; outros ainda pediram transfer\u00eancia para uma faculdade particular, onde iriam ter que come\u00e7ar de novo e pagar uma mensalidade, mas ao menos teriam uma data prevista para a formatura.<\/span><\/p>\n<p><span style=\"font-weight: 400;\">Inesperadamente ap\u00f3s cinco meses de estado de greve, mais tr\u00eas meses da reitoria adiando as aulas e um m\u00eas depois da privatiza\u00e7\u00e3o da CEDAE, fomos notificados numa quinta-feira de que nosso reingresso estava marcado para a pr\u00f3xima segunda. <\/span><\/p>\n<p><span style=\"font-weight: 400;\">E os alunos que j\u00e1 estavam trabalhando? Perdem o semestre ou abandonam o novo trabalho? E os que j\u00e1 tinham feito planos para viajar, para come\u00e7ar em outra faculdade? Perdem o semestre ou perdem o dinheiro que haviam investido?<\/span><\/p>\n<p><a href=\"http:\/\/rioonwatch.org.br\/wp-content\/uploads\/2017\/04\/restaurante.jpg\"><img decoding=\"async\" class=\"aligncenter wp-image-25336 size-content\" title=\"Restaurante Universit\u00e1rio de portas fechadas\" src=\"http:\/\/rioonwatch.org.br\/wp-content\/uploads\/2017\/04\/restaurante-620x264.jpg\" alt=\"Restaurante Universit\u00e1rio de portas fechadas\" width=\"620\" height=\"264\" srcset=\"https:\/\/rioonwatch.org.br\/wp-content\/uploads\/2017\/04\/restaurante-620x264.jpg 620w, https:\/\/rioonwatch.org.br\/wp-content\/uploads\/2017\/04\/restaurante-940x400.jpg 940w\" sizes=\"(max-width: 620px) 100vw, 620px\" \/><\/a><\/p>\n<p><span style=\"font-weight: 400;\">A pior parte \u00e9 n\u00e3o saber se o semestre vai mesmo continuar: ao comparecer essa semana no campus universit\u00e1rio, me deparei com os mesmos problemas estruturais.<\/span><\/p>\n<p><span style=\"font-weight: 400;\">As bolsas perman\u00eancias continuam atrasadas e o restaurante universit\u00e1rio, onde se consegue refei\u00e7\u00f5es baratas, est\u00e1 fechado. A quest\u00e3o salarial dos professores e de outros servidores permanece sem ser resolvida. Na parte dos servi\u00e7os terceirizados, os banheiros e elevadores ainda precisam de reparo.<\/span><\/p>\n<p><a href=\"http:\/\/rioonwatch.org.br\/wp-content\/uploads\/2017\/04\/estacionamento.jpg\"><img loading=\"lazy\" decoding=\"async\" class=\"aligncenter wp-image-25337 size-content\" title=\"Estacionamento dos alunos com carros luxuosos\" src=\"http:\/\/rioonwatch.org.br\/wp-content\/uploads\/2017\/04\/estacionamento-620x264.jpg\" alt=\"Estacionamento dos alunos com carros luxuosos\" width=\"620\" height=\"264\" srcset=\"https:\/\/rioonwatch.org.br\/wp-content\/uploads\/2017\/04\/estacionamento-620x264.jpg 620w, https:\/\/rioonwatch.org.br\/wp-content\/uploads\/2017\/04\/estacionamento-940x400.jpg 940w\" sizes=\"(max-width: 620px) 100vw, 620px\" \/><\/a><\/p>\n<p><span style=\"font-weight: 400;\">Sim, eu estava dentro da UERJ, mas era outra UERJ, composta dos alunos que possuem o privil\u00e9gio de frequentar \u00e0s aulas diante dessa crise de recursos, a parcela que n\u00e3o depende de ajuda de custos. <\/span><\/p>\n<p><span style=\"font-weight: 400;\">Nossa universidade foi a primeira institui\u00e7\u00e3o do pa\u00eds a implantar um <a href=\"http:\/\/bit.ly\/2cfnkrT\" target=\"_blank\" rel=\"noopener noreferrer\">sistema de cotas<\/a>. N\u00e3o tenho vergonha de falar que entrei l\u00e1 por esse sistema, por\u00e9m eu tenho orgulho de ter conseguido ser a segunda pessoa na minha fam\u00edlia (depois do meu irm\u00e3o), a cursar uma faculdade apesar de passar por uma <a href=\"http:\/\/bit.ly\/2dQJO4t\" target=\"_blank\" rel=\"noopener noreferrer\">rede p\u00fablica inadequada<\/a> e v\u00e1rias dificuldades dentro de casa.<\/span><\/p>\n<p><span style=\"font-weight: 400;\">Entretanto com esse retorno for\u00e7ado, somos exatamente n\u00f3s, estudantes cotistas, que estamos sendo exclu\u00eddos do <a href=\"http:\/\/bit.ly\/2oljQXB\" target=\"_blank\" rel=\"noopener noreferrer\">direito \u00e0 educa\u00e7\u00e3o<\/a>. Sem o custeio da bolsa e com o transporte cancelado, estamos sendo privados do nosso direito de frequentar \u00e0s aulas tamb\u00e9m.<\/span><\/p>\n<p><span style=\"font-weight: 400;\"><strong><a href=\"http:\/\/rioonwatch.org.br\/wp-content\/uploads\/2017\/04\/poster.jpg\"><img loading=\"lazy\" decoding=\"async\" class=\"alignright wp-image-25339\" title=\"Cartazes espalhados pelo campus reinvidicando direitos.\" src=\"http:\/\/rioonwatch.org.br\/wp-content\/uploads\/2017\/04\/poster.jpg\" alt=\"Cartazes espalhados pelo campus reinvidicando direitos.\" width=\"300\" height=\"420\" srcset=\"https:\/\/rioonwatch.org.br\/wp-content\/uploads\/2017\/04\/poster.jpg 714w, https:\/\/rioonwatch.org.br\/wp-content\/uploads\/2017\/04\/poster-188x264.jpg 188w, https:\/\/rioonwatch.org.br\/wp-content\/uploads\/2017\/04\/poster-443x620.jpg 443w\" sizes=\"(max-width: 300px) 100vw, 300px\" \/><\/a><\/strong>Diante de toda essa situa\u00e7\u00e3o, eu voltei para casa extremamente frustrada: em que pa\u00eds, em que faculdade, um aluno \u00e9 notificado do nada que o semestre de uma faculdade vai come\u00e7ar em quatro dias? E quanto a seus planos, seu emprego? Em que pa\u00eds, em que faculdade, as aulas ficam abertas s\u00f3 para os alunos que n\u00e3o precisam de bolsa (que est\u00e1 atrasada e ir\u00e1 continuar assim)? Em que pa\u00eds, em que faculdade, a reitoria deixa funcionar uma institui\u00e7\u00e3o totalmente sem condi\u00e7\u00f5es de pagar a manuten\u00e7\u00e3o das instala\u00e7\u00f5es, nem seus servidores? <\/span><\/p>\n<p><span style=\"font-weight: 400;\">Na ter\u00e7a \u00e0 noite, descobri minha resposta ao ver o calend\u00e1rio divulgado pela reitoria com as datas de dura\u00e7\u00e3o do semestre. Em sete meses, far\u00edamos tr\u00eas per\u00edodos: dois meses cada, e um tempinho para descansar, como se nossa universidade tivesse virado um supletivo, onde somente \u00e9 preciso aprender o b\u00e1sico, decorar, gravar e passar na prova. <\/span><\/p>\n<p><span style=\"font-weight: 400;\">Uma universidade que segue por esse rumo n\u00e3o forma intelectuais nem produz conhecimento. Ela somente entrega diplomas.<\/span><\/p>\n<p><span style=\"font-weight: 400;\">Nesse momento, percebi que nada disso tinha a ver com minha educa\u00e7\u00e3o, e nunca teve: tinha a ver com as negocia\u00e7\u00f5es pol\u00edticas entre a reitoria e o governador, com o dinheiro perdido nas Olimp\u00edadas, com o quanto a cidade do <a href=\"http:\/\/bit.ly\/1FM0mN6\" target=\"_blank\" rel=\"noopener noreferrer\">Rio de Janeiro e o Brasil poderia recuperar sua imagem na m\u00eddia<\/a> depois de tantos problemas em todas as esferas da sociedade.<\/span><\/p>\n<p><span style=\"font-weight: 400;\">E foi assim que lembrei onde eu moro: no Rio de Janeiro, a terra da p\u00f3s-Olimp\u00edadas. Terra onde a pol\u00edcia tem verba para uma pol\u00edtica que continua <a href=\"http:\/\/bit.ly\/2pxxfff\" target=\"_blank\" rel=\"noopener noreferrer\">matando meus vizinhos<\/a>. Onde os <a href=\"http:\/\/bit.ly\/2ch5feZ\" target=\"_blank\" rel=\"noopener noreferrer\">pol\u00edticos tem grana para dar aos seus amigos<\/a>, na forma de contratos de obra e cargos em seus gabinetes. Onde a universidade n\u00e3o tem verba para a educa\u00e7\u00e3o.<\/span><\/p>\n<p><em>Aline Galdino \u00e9 estudante universit\u00e1ria, aluna de Ci\u00eancia da Computa\u00e7\u00e3o na UERJ e moradora do Complexo da Mar\u00e9.<\/em><\/p>\n<!-- AddThis Advanced Settings generic via filter on the_content --><!-- AddThis Share Buttons generic via filter on the_content -->","protected":false},"excerpt":{"rendered":"<div class=\"mh-excerpt\"><p>Click Here for English Na favela onde moro, o governo gasta centenas de milhares de reais para a Pol\u00edcia Militar entrar com tanques de guerra e armamento pesado. Quem se importa se as balas perdidas <a class=\"mh-excerpt-more\" href=\"https:\/\/rioonwatch.org.br\/?p=25313\" title=\"UERJ em Crise: Cotistas Exclu\u00eddos do Direito \u00e0 Educa\u00e7\u00e3o [OPINI\u00c3O]\">[&#8230;]<\/a><!-- AddThis Advanced Settings generic via filter on get_the_excerpt --><!-- AddThis Share Buttons generic via filter on get_the_excerpt --><\/p>\n<\/div>","protected":false},"author":129,"featured_media":25318,"comment_status":"closed","ping_status":"closed","sticky":false,"template":"","format":"standard","meta":{"_acf_changed":false,"_monsterinsights_skip_tracking":false,"_monsterinsights_sitenote_active":false,"_monsterinsights_sitenote_note":"","_monsterinsights_sitenote_category":0,"footnotes":""},"categories":[2051,1621,346,1625,1630],"tags":[2402,620,310,1642,2070,316,113,1021,417,307,839,1164,2037,239],"writer":[2083],"translator":[],"source":[],"ilustrador":[],"fotografo":[],"class_list":{"0":"post-25313","1":"post","2":"type-post","3":"status-publish","4":"format-standard","5":"has-post-thumbnail","7":"category-olhonolegado","8":"category-destaque","9":"category-denuncias","10":"category-por-correspondentes-comunitarios","11":"category-opiniao","12":"tag-acesso-a-universidade","13":"tag-cedae","14":"tag-corrupcao","15":"tag-cotas","16":"tag-direito-a-educacao","17":"tag-educacao","18":"tag-juventude","19":"tag-mito-do-legado","20":"tag-negligencia-do-estado","21":"tag-opiniao","22":"tag-prioridades-publicas-equivocadas","23":"tag-privatizacao","24":"tag-uerj","25":"tag-universidade","26":"writer-aline-galdino"},"acf":[],"yoast_head":"<!-- This site is optimized with the Yoast SEO plugin v25.6 - https:\/\/yoast.com\/wordpress\/plugins\/seo\/ -->\n<title>UERJ em Crise: Cotistas Exclu\u00eddos do Direito \u00e0 Educa\u00e7\u00e3o [OPINI\u00c3O] - RioOnWatch<\/title>\n<meta name=\"robots\" content=\"index, follow, max-snippet:-1, max-image-preview:large, max-video-preview:-1\" \/>\n<link rel=\"canonical\" href=\"https:\/\/rioonwatch.org.br\/?p=25313\" \/>\n<meta property=\"og:locale\" content=\"pt_BR\" \/>\n<meta property=\"og:type\" content=\"article\" \/>\n<meta property=\"og:title\" content=\"UERJ em Crise: Cotistas Exclu\u00eddos do Direito \u00e0 Educa\u00e7\u00e3o [OPINI\u00c3O] - RioOnWatch\" \/>\n<meta property=\"og:description\" content=\"Click Here for English Na favela onde moro, o governo gasta centenas de milhares de reais para a Pol\u00edcia Militar entrar com tanques de guerra e armamento pesado. Quem se importa se as balas perdidas [...]\" \/>\n<meta property=\"og:url\" content=\"https:\/\/rioonwatch.org.br\/?p=25313\" \/>\n<meta property=\"og:site_name\" content=\"RioOnWatch\" \/>\n<meta property=\"article:published_time\" content=\"2017-04-19T11:56:45+00:00\" \/>\n<meta property=\"article:modified_time\" content=\"2018-07-10T12:50:03+00:00\" \/>\n<meta property=\"og:image\" content=\"https:\/\/rioonwatch.org.br\/wp-content\/uploads\/2017\/04\/3-scaled.jpg\" \/>\n\t<meta property=\"og:image:width\" content=\"2560\" \/>\n\t<meta property=\"og:image:height\" content=\"1440\" \/>\n\t<meta property=\"og:image:type\" content=\"image\/jpeg\" \/>\n<meta name=\"author\" content=\"Admin\" \/>\n<meta name=\"twitter:card\" content=\"summary_large_image\" \/>\n<meta name=\"twitter:label1\" content=\"Escrito por\" \/>\n\t<meta name=\"twitter:data1\" content=\"Admin\" \/>\n\t<meta name=\"twitter:label2\" content=\"Est. tempo de leitura\" \/>\n\t<meta name=\"twitter:data2\" content=\"5 minutos\" \/>\n<script type=\"application\/ld+json\" class=\"yoast-schema-graph\">{\"@context\":\"https:\/\/schema.org\",\"@graph\":[{\"@type\":\"Article\",\"@id\":\"https:\/\/rioonwatch.org.br\/?p=25313#article\",\"isPartOf\":{\"@id\":\"https:\/\/rioonwatch.org.br\/?p=25313\"},\"author\":{\"name\":\"Admin\",\"@id\":\"https:\/\/rioonwatch.org.br\/#\/schema\/person\/11d64c290506f9df50c71b850c473f68\"},\"headline\":\"UERJ em Crise: Cotistas Exclu\u00eddos do Direito \u00e0 Educa\u00e7\u00e3o [OPINI\u00c3O]\",\"datePublished\":\"2017-04-19T11:56:45+00:00\",\"dateModified\":\"2018-07-10T12:50:03+00:00\",\"mainEntityOfPage\":{\"@id\":\"https:\/\/rioonwatch.org.br\/?p=25313\"},\"wordCount\":1051,\"publisher\":{\"@id\":\"https:\/\/rioonwatch.org.br\/#organization\"},\"image\":{\"@id\":\"https:\/\/rioonwatch.org.br\/?p=25313#primaryimage\"},\"thumbnailUrl\":\"https:\/\/rioonwatch.org.br\/wp-content\/uploads\/2017\/04\/3-scaled.jpg\",\"keywords\":[\"acesso \u00e0 universidade\",\"CEDAE\",\"corrup\u00e7\u00e3o\",\"cotas\",\"direito \u00e0 educa\u00e7\u00e3o\",\"educa\u00e7\u00e3o\",\"juventude\",\"mito do legado\",\"Neglig\u00eancia do Estado\",\"opini\u00e3o\",\"prioridades p\u00fablicas equivocadas\",\"privatiza\u00e7\u00e3o\",\"UERJ\",\"universidade\"],\"articleSection\":[\"#OlhoNoLegado\",\"*Destaque\",\"Den\u00fancias\",\"Escrito por Comunicadores Populares\",\"Opini\u00e3o\"],\"inLanguage\":\"pt-BR\"},{\"@type\":\"WebPage\",\"@id\":\"https:\/\/rioonwatch.org.br\/?p=25313\",\"url\":\"https:\/\/rioonwatch.org.br\/?p=25313\",\"name\":\"UERJ em Crise: Cotistas Exclu\u00eddos do Direito \u00e0 Educa\u00e7\u00e3o [OPINI\u00c3O] - RioOnWatch\",\"isPartOf\":{\"@id\":\"https:\/\/rioonwatch.org.br\/#website\"},\"primaryImageOfPage\":{\"@id\":\"https:\/\/rioonwatch.org.br\/?p=25313#primaryimage\"},\"image\":{\"@id\":\"https:\/\/rioonwatch.org.br\/?p=25313#primaryimage\"},\"thumbnailUrl\":\"https:\/\/rioonwatch.org.br\/wp-content\/uploads\/2017\/04\/3-scaled.jpg\",\"datePublished\":\"2017-04-19T11:56:45+00:00\",\"dateModified\":\"2018-07-10T12:50:03+00:00\",\"breadcrumb\":{\"@id\":\"https:\/\/rioonwatch.org.br\/?p=25313#breadcrumb\"},\"inLanguage\":\"pt-BR\",\"potentialAction\":[{\"@type\":\"ReadAction\",\"target\":[\"https:\/\/rioonwatch.org.br\/?p=25313\"]}]},{\"@type\":\"ImageObject\",\"inLanguage\":\"pt-BR\",\"@id\":\"https:\/\/rioonwatch.org.br\/?p=25313#primaryimage\",\"url\":\"https:\/\/rioonwatch.org.br\/wp-content\/uploads\/2017\/04\/3-scaled.jpg\",\"contentUrl\":\"https:\/\/rioonwatch.org.br\/wp-content\/uploads\/2017\/04\/3-scaled.jpg\",\"width\":2560,\"height\":1440,\"caption\":\"Entrada principal - UERJ\"},{\"@type\":\"BreadcrumbList\",\"@id\":\"https:\/\/rioonwatch.org.br\/?p=25313#breadcrumb\",\"itemListElement\":[{\"@type\":\"ListItem\",\"position\":1,\"name\":\"In\u00edcio\",\"item\":\"https:\/\/rioonwatch.org.br\/\"},{\"@type\":\"ListItem\",\"position\":2,\"name\":\"UERJ em Crise: Cotistas Exclu\u00eddos do Direito \u00e0 Educa\u00e7\u00e3o [OPINI\u00c3O]\"}]},{\"@type\":\"WebSite\",\"@id\":\"https:\/\/rioonwatch.org.br\/#website\",\"url\":\"https:\/\/rioonwatch.org.br\/\",\"name\":\"RioOnWatch\",\"description\":\"relatos das favelas cariocas\",\"publisher\":{\"@id\":\"https:\/\/rioonwatch.org.br\/#organization\"},\"potentialAction\":[{\"@type\":\"SearchAction\",\"target\":{\"@type\":\"EntryPoint\",\"urlTemplate\":\"https:\/\/rioonwatch.org.br\/?s={search_term_string}\"},\"query-input\":{\"@type\":\"PropertyValueSpecification\",\"valueRequired\":true,\"valueName\":\"search_term_string\"}}],\"inLanguage\":\"pt-BR\"},{\"@type\":\"Organization\",\"@id\":\"https:\/\/rioonwatch.org.br\/#organization\",\"name\":\"RioOnWatch\",\"url\":\"https:\/\/rioonwatch.org.br\/\",\"logo\":{\"@type\":\"ImageObject\",\"inLanguage\":\"pt-BR\",\"@id\":\"https:\/\/rioonwatch.org.br\/#\/schema\/logo\/image\/\",\"url\":\"https:\/\/rioonwatch.org.br\/wp-content\/uploads\/2021\/06\/RioOnWatchcabecalhoPT11anos-2.png\",\"contentUrl\":\"https:\/\/rioonwatch.org.br\/wp-content\/uploads\/2021\/06\/RioOnWatchcabecalhoPT11anos-2.png\",\"width\":779,\"height\":277,\"caption\":\"RioOnWatch\"},\"image\":{\"@id\":\"https:\/\/rioonwatch.org.br\/#\/schema\/logo\/image\/\"}},{\"@type\":\"Person\",\"@id\":\"https:\/\/rioonwatch.org.br\/#\/schema\/person\/11d64c290506f9df50c71b850c473f68\",\"name\":\"Admin\",\"image\":{\"@type\":\"ImageObject\",\"inLanguage\":\"pt-BR\",\"@id\":\"https:\/\/rioonwatch.org.br\/#\/schema\/person\/image\/\",\"url\":\"https:\/\/secure.gravatar.com\/avatar\/56211ac74568383903349a1485e3c325?s=96&d=blank&r=g\",\"contentUrl\":\"https:\/\/secure.gravatar.com\/avatar\/56211ac74568383903349a1485e3c325?s=96&d=blank&r=g\",\"caption\":\"Admin\"},\"url\":\"https:\/\/rioonwatch.org.br\/?author=129\"}]}<\/script>\n<!-- \/ Yoast SEO plugin. -->","yoast_head_json":{"title":"UERJ em Crise: Cotistas Exclu\u00eddos do Direito \u00e0 Educa\u00e7\u00e3o [OPINI\u00c3O] - RioOnWatch","robots":{"index":"index","follow":"follow","max-snippet":"max-snippet:-1","max-image-preview":"max-image-preview:large","max-video-preview":"max-video-preview:-1"},"canonical":"https:\/\/rioonwatch.org.br\/?p=25313","og_locale":"pt_BR","og_type":"article","og_title":"UERJ em Crise: Cotistas Exclu\u00eddos do Direito \u00e0 Educa\u00e7\u00e3o [OPINI\u00c3O] - RioOnWatch","og_description":"Click Here for English Na favela onde moro, o governo gasta centenas de milhares de reais para a Pol\u00edcia Militar entrar com tanques de guerra e armamento pesado. Quem se importa se as balas perdidas [...]","og_url":"https:\/\/rioonwatch.org.br\/?p=25313","og_site_name":"RioOnWatch","article_published_time":"2017-04-19T11:56:45+00:00","article_modified_time":"2018-07-10T12:50:03+00:00","og_image":[{"width":2560,"height":1440,"url":"https:\/\/rioonwatch.org.br\/wp-content\/uploads\/2017\/04\/3-scaled.jpg","type":"image\/jpeg"}],"author":"Admin","twitter_card":"summary_large_image","twitter_misc":{"Escrito por":"Admin","Est. tempo de leitura":"5 minutos"},"schema":{"@context":"https:\/\/schema.org","@graph":[{"@type":"Article","@id":"https:\/\/rioonwatch.org.br\/?p=25313#article","isPartOf":{"@id":"https:\/\/rioonwatch.org.br\/?p=25313"},"author":{"name":"Admin","@id":"https:\/\/rioonwatch.org.br\/#\/schema\/person\/11d64c290506f9df50c71b850c473f68"},"headline":"UERJ em Crise: Cotistas Exclu\u00eddos do Direito \u00e0 Educa\u00e7\u00e3o [OPINI\u00c3O]","datePublished":"2017-04-19T11:56:45+00:00","dateModified":"2018-07-10T12:50:03+00:00","mainEntityOfPage":{"@id":"https:\/\/rioonwatch.org.br\/?p=25313"},"wordCount":1051,"publisher":{"@id":"https:\/\/rioonwatch.org.br\/#organization"},"image":{"@id":"https:\/\/rioonwatch.org.br\/?p=25313#primaryimage"},"thumbnailUrl":"https:\/\/rioonwatch.org.br\/wp-content\/uploads\/2017\/04\/3-scaled.jpg","keywords":["acesso \u00e0 universidade","CEDAE","corrup\u00e7\u00e3o","cotas","direito \u00e0 educa\u00e7\u00e3o","educa\u00e7\u00e3o","juventude","mito do legado","Neglig\u00eancia do Estado","opini\u00e3o","prioridades p\u00fablicas equivocadas","privatiza\u00e7\u00e3o","UERJ","universidade"],"articleSection":["#OlhoNoLegado","*Destaque","Den\u00fancias","Escrito por Comunicadores Populares","Opini\u00e3o"],"inLanguage":"pt-BR"},{"@type":"WebPage","@id":"https:\/\/rioonwatch.org.br\/?p=25313","url":"https:\/\/rioonwatch.org.br\/?p=25313","name":"UERJ em Crise: Cotistas Exclu\u00eddos do Direito \u00e0 Educa\u00e7\u00e3o [OPINI\u00c3O] - RioOnWatch","isPartOf":{"@id":"https:\/\/rioonwatch.org.br\/#website"},"primaryImageOfPage":{"@id":"https:\/\/rioonwatch.org.br\/?p=25313#primaryimage"},"image":{"@id":"https:\/\/rioonwatch.org.br\/?p=25313#primaryimage"},"thumbnailUrl":"https:\/\/rioonwatch.org.br\/wp-content\/uploads\/2017\/04\/3-scaled.jpg","datePublished":"2017-04-19T11:56:45+00:00","dateModified":"2018-07-10T12:50:03+00:00","breadcrumb":{"@id":"https:\/\/rioonwatch.org.br\/?p=25313#breadcrumb"},"inLanguage":"pt-BR","potentialAction":[{"@type":"ReadAction","target":["https:\/\/rioonwatch.org.br\/?p=25313"]}]},{"@type":"ImageObject","inLanguage":"pt-BR","@id":"https:\/\/rioonwatch.org.br\/?p=25313#primaryimage","url":"https:\/\/rioonwatch.org.br\/wp-content\/uploads\/2017\/04\/3-scaled.jpg","contentUrl":"https:\/\/rioonwatch.org.br\/wp-content\/uploads\/2017\/04\/3-scaled.jpg","width":2560,"height":1440,"caption":"Entrada principal - UERJ"},{"@type":"BreadcrumbList","@id":"https:\/\/rioonwatch.org.br\/?p=25313#breadcrumb","itemListElement":[{"@type":"ListItem","position":1,"name":"In\u00edcio","item":"https:\/\/rioonwatch.org.br\/"},{"@type":"ListItem","position":2,"name":"UERJ em Crise: Cotistas Exclu\u00eddos do Direito \u00e0 Educa\u00e7\u00e3o [OPINI\u00c3O]"}]},{"@type":"WebSite","@id":"https:\/\/rioonwatch.org.br\/#website","url":"https:\/\/rioonwatch.org.br\/","name":"RioOnWatch","description":"relatos das favelas cariocas","publisher":{"@id":"https:\/\/rioonwatch.org.br\/#organization"},"potentialAction":[{"@type":"SearchAction","target":{"@type":"EntryPoint","urlTemplate":"https:\/\/rioonwatch.org.br\/?s={search_term_string}"},"query-input":{"@type":"PropertyValueSpecification","valueRequired":true,"valueName":"search_term_string"}}],"inLanguage":"pt-BR"},{"@type":"Organization","@id":"https:\/\/rioonwatch.org.br\/#organization","name":"RioOnWatch","url":"https:\/\/rioonwatch.org.br\/","logo":{"@type":"ImageObject","inLanguage":"pt-BR","@id":"https:\/\/rioonwatch.org.br\/#\/schema\/logo\/image\/","url":"https:\/\/rioonwatch.org.br\/wp-content\/uploads\/2021\/06\/RioOnWatchcabecalhoPT11anos-2.png","contentUrl":"https:\/\/rioonwatch.org.br\/wp-content\/uploads\/2021\/06\/RioOnWatchcabecalhoPT11anos-2.png","width":779,"height":277,"caption":"RioOnWatch"},"image":{"@id":"https:\/\/rioonwatch.org.br\/#\/schema\/logo\/image\/"}},{"@type":"Person","@id":"https:\/\/rioonwatch.org.br\/#\/schema\/person\/11d64c290506f9df50c71b850c473f68","name":"Admin","image":{"@type":"ImageObject","inLanguage":"pt-BR","@id":"https:\/\/rioonwatch.org.br\/#\/schema\/person\/image\/","url":"https:\/\/secure.gravatar.com\/avatar\/56211ac74568383903349a1485e3c325?s=96&d=blank&r=g","contentUrl":"https:\/\/secure.gravatar.com\/avatar\/56211ac74568383903349a1485e3c325?s=96&d=blank&r=g","caption":"Admin"},"url":"https:\/\/rioonwatch.org.br\/?author=129"}]}},"_links":{"self":[{"href":"https:\/\/rioonwatch.org.br\/index.php?rest_route=\/wp\/v2\/posts\/25313"}],"collection":[{"href":"https:\/\/rioonwatch.org.br\/index.php?rest_route=\/wp\/v2\/posts"}],"about":[{"href":"https:\/\/rioonwatch.org.br\/index.php?rest_route=\/wp\/v2\/types\/post"}],"author":[{"embeddable":true,"href":"https:\/\/rioonwatch.org.br\/index.php?rest_route=\/wp\/v2\/users\/129"}],"replies":[{"embeddable":true,"href":"https:\/\/rioonwatch.org.br\/index.php?rest_route=%2Fwp%2Fv2%2Fcomments&post=25313"}],"version-history":[{"count":17,"href":"https:\/\/rioonwatch.org.br\/index.php?rest_route=\/wp\/v2\/posts\/25313\/revisions"}],"predecessor-version":[{"id":25386,"href":"https:\/\/rioonwatch.org.br\/index.php?rest_route=\/wp\/v2\/posts\/25313\/revisions\/25386"}],"wp:featuredmedia":[{"embeddable":true,"href":"https:\/\/rioonwatch.org.br\/index.php?rest_route=\/wp\/v2\/media\/25318"}],"wp:attachment":[{"href":"https:\/\/rioonwatch.org.br\/index.php?rest_route=%2Fwp%2Fv2%2Fmedia&parent=25313"}],"wp:term":[{"taxonomy":"category","embeddable":true,"href":"https:\/\/rioonwatch.org.br\/index.php?rest_route=%2Fwp%2Fv2%2Fcategories&post=25313"},{"taxonomy":"post_tag","embeddable":true,"href":"https:\/\/rioonwatch.org.br\/index.php?rest_route=%2Fwp%2Fv2%2Ftags&post=25313"},{"taxonomy":"writer","embeddable":true,"href":"https:\/\/rioonwatch.org.br\/index.php?rest_route=%2Fwp%2Fv2%2Fwriter&post=25313"},{"taxonomy":"translator","embeddable":true,"href":"https:\/\/rioonwatch.org.br\/index.php?rest_route=%2Fwp%2Fv2%2Ftranslator&post=25313"},{"taxonomy":"source","embeddable":true,"href":"https:\/\/rioonwatch.org.br\/index.php?rest_route=%2Fwp%2Fv2%2Fsource&post=25313"},{"taxonomy":"ilustrador","embeddable":true,"href":"https:\/\/rioonwatch.org.br\/index.php?rest_route=%2Fwp%2Fv2%2Filustrador&post=25313"},{"taxonomy":"fotografo","embeddable":true,"href":"https:\/\/rioonwatch.org.br\/index.php?rest_route=%2Fwp%2Fv2%2Ffotografo&post=25313"}],"curies":[{"name":"wp","href":"https:\/\/api.w.org\/{rel}","templated":true}]}}