{"id":25351,"date":"2017-04-21T12:49:58","date_gmt":"2017-04-21T15:49:58","guid":{"rendered":"http:\/\/rioonwatch.org.br\/?p=25351"},"modified":"2024-06-20T12:37:11","modified_gmt":"2024-06-20T15:37:11","slug":"historia-da-resistencia-nas-favelas-do-rio","status":"publish","type":"post","link":"https:\/\/rioonwatch.org.br\/?p=25351","title":{"rendered":"Hist\u00f3ria da Resist\u00eancia das Favelas do Rio [REFER\u00caNCIA]"},"content":{"rendered":"<p style=\"text-align: right;\"><em><strong><a href=\"http:\/\/bit.ly\/2pyzIGe\" target=\"_blank\" rel=\"noopener noreferrer\">Click Here for English<img decoding=\"async\" width=\"20\" height=\"20\" class=\"alignright wp-image-15790\" src=\"http:\/\/rioonwatch.org.br\/wp-content\/uploads\/2012\/08\/EN-standard-e1439583104716.jpg\" alt=\"\" \/><\/a><\/strong><\/em><\/p>\n<p><span style=\"font-weight: 400;\">Quarenta e tr\u00eas estudantes, moradores de favelas, pesquisadores e outros interessados participaram do curso &#8220;<a href=\"http:\/\/bit.ly\/2p5fMeR\" target=\"_blank\" rel=\"noopener noreferrer\">Hist\u00f3rias Vivas \u2013 O hist\u00f3rico de resist\u00eancia das favelas<\/a>&#8220;, organizado por <a href=\"http:\/\/bit.ly\/24KePW5\" target=\"_blank\" rel=\"noopener noreferrer\">Gizele Martins<\/a> e Anderson Caboi como parte da exposi\u00e7\u00e3o cultural e interdisciplinar &#8220;<a href=\"http:\/\/bit.ly\/2o3gbxc\" target=\"_blank\" rel=\"noopener noreferrer\">Que legado<\/a>&#8220;. Professores, l\u00edderes comunit\u00e1rios e estudantes da edi\u00e7\u00e3o do ano passado ajudaram na promo\u00e7\u00e3o do curso, que aconteceu durante tr\u00eas s\u00e1bados no Castelinho, no bairro do <a href=\"http:\/\/bit.ly\/2pJprrU\" target=\"_blank\" rel=\"noopener noreferrer\">Flamengo<\/a>, na<a href=\"http:\/\/bit.ly\/1mNsDyk\" target=\"_blank\" rel=\"noopener noreferrer\"> Zona Sul<\/a>.<\/span><\/p>\n<p><span style=\"font-weight: 400;\">Abrangendo uma variedade de t\u00f3picos, como o surgimento das favelas, o seu desenvolvimento ao longo do tempo, <a href=\"http:\/\/bit.ly\/14lMZGK\" target=\"_blank\" rel=\"noopener noreferrer\">saneamento<\/a>, <a href=\"http:\/\/bit.ly\/1acNApR\" target=\"_blank\" rel=\"noopener noreferrer\">educa\u00e7\u00e3o<\/a>, <a href=\"http:\/\/bit.ly\/1rKFP6K\" target=\"_blank\" rel=\"noopener noreferrer\">habita\u00e7\u00e3o<\/a>, <a href=\"http:\/\/bit.ly\/1fRNcBs\" target=\"_blank\" rel=\"noopener noreferrer\">seguran\u00e7a p\u00fablica<\/a>, <a href=\"http:\/\/bit.ly\/1jEgxaJ\" target=\"_blank\" rel=\"noopener noreferrer\">m\u00eddia comunit\u00e1ria<\/a> e <a href=\"http:\/\/bit.ly\/1a1M6kK\" target=\"_blank\" rel=\"noopener noreferrer\">cultura da favela<\/a>, o curso forneceu uma plataforma para moradores de favela e acad\u00eamicos contarem a hist\u00f3ria da <a href=\"http:\/\/bit.ly\/1piRAgk\" target=\"_blank\" rel=\"noopener noreferrer\">resist\u00eancia<\/a> das favelas a partir de m\u00faltiplas perspectivas.<\/span><\/p>\n<p><a href=\"http:\/\/rioonwatch.org.br\/wp-content\/uploads\/2017\/04\/curso-historias-vivas.jpg\"><img fetchpriority=\"high\" decoding=\"async\" class=\"aligncenter wp-image-25355 size-content\" title=\"Participantes do curso no Castelinho, no Flamengo. Foto de Anderson Caboi\" src=\"http:\/\/rioonwatch.org.br\/wp-content\/uploads\/2017\/04\/curso-historias-vivas-620x264.jpg\" alt=\"\" width=\"620\" height=\"264\" srcset=\"https:\/\/rioonwatch.org.br\/wp-content\/uploads\/2017\/04\/curso-historias-vivas-620x264.jpg 620w, https:\/\/rioonwatch.org.br\/wp-content\/uploads\/2017\/04\/curso-historias-vivas-940x400.jpg 940w\" sizes=\"(max-width: 620px) 100vw, 620px\" \/><\/a><\/p>\n<p><span style=\"font-weight: 400;\">O primeiro s\u00e1bado, 25 de mar\u00e7o, iniciou com a apresenta\u00e7\u00e3o do professor da PUC e advogado <a href=\"http:\/\/bit.ly\/2owtXYD\" target=\"_blank\" rel=\"noopener noreferrer\">Rafael Soares Gon\u00e7alves<\/a>. Ao discutir a hist\u00f3ria da emerg\u00eancia e desenvolvimento das favelas, ele buscou descrever e destacar a conex\u00e3o entre situa\u00e7\u00f5es passadas e atuais. Rafael\u00a0<a href=\"http:\/\/bit.ly\/2d30Pnn\" target=\"_blank\" rel=\"noopener noreferrer\">desconstruiu ideias comuns persistentes<\/a>, como por exemplo, mostrando que as favelas nunca foram realmente marcadas por uma completa aus\u00eancia do estado. Pelo contr\u00e1rio, o <a href=\"http:\/\/bit.ly\/2orRbRA\" target=\"_blank\" rel=\"noopener noreferrer\">estado tem tentado, ao longo da hist\u00f3ria, regular as favelas<\/a>.<\/span><\/p>\n<p><span style=\"font-weight: 400;\">No entanto, Rafael destacou a resist\u00eancia constante e as demandas de\u00a0moradores de\u00a0favelas, o que acabou gerando uma mudan\u00e7a na abordagem, do foco em remo\u00e7\u00f5es (<a href=\"http:\/\/bit.ly\/2gQ5jz4\" target=\"_blank\" rel=\"noopener noreferrer\">at\u00e9 os anos 80<\/a>) para o foco na urbaniza\u00e7\u00e3o, com o surgimento de programas como o <a href=\"http:\/\/bit.ly\/2p0WCcK\" target=\"_blank\" rel=\"noopener noreferrer\">Proface<\/a>\u00a0(instala\u00e7\u00e3o de infraestrutura sanit\u00e1ria), projetos para aumentar a cobertura de energia el\u00e9trica nas favelas, o maior programa de urbaniza\u00e7\u00e3o conhecido como <a href=\"http:\/\/bit.ly\/XVcGa0\" target=\"_blank\" rel=\"noopener noreferrer\">Favela-Bairro<\/a> na d\u00e9cada de 1990, o <a href=\"http:\/\/bit.ly\/NnSmIP\" target=\"_blank\" rel=\"noopener noreferrer\">PAC<\/a> e <a href=\"http:\/\/bit.ly\/104CmUd\" target=\"_blank\" rel=\"noopener noreferrer\">Morar Carioca<\/a>.<\/span><\/p>\n<p><a href=\"http:\/\/rioonwatch.org.br\/wp-content\/uploads\/2017\/04\/rafael-soares-goncalves-.jpg\"><img decoding=\"async\" class=\"aligncenter wp-image-25356 size-content\" title=\"Aula de abertura com Rafael Soares Gon\u00e7alves. Foto de Gizele Martins\" src=\"http:\/\/rioonwatch.org.br\/wp-content\/uploads\/2017\/04\/rafael-soares-goncalves--620x264.jpg\" alt=\"\" width=\"620\" height=\"264\" srcset=\"https:\/\/rioonwatch.org.br\/wp-content\/uploads\/2017\/04\/rafael-soares-goncalves--620x264.jpg 620w, https:\/\/rioonwatch.org.br\/wp-content\/uploads\/2017\/04\/rafael-soares-goncalves--940x400.jpg 940w\" sizes=\"(max-width: 620px) 100vw, 620px\" \/><\/a><\/p>\n<p><span style=\"font-weight: 400;\">No entanto, as remo\u00e7\u00f5es nunca desapareceram no Rio: <a href=\"http:\/\/bit.ly\/1THCRjN\" target=\"_blank\" rel=\"noopener noreferrer\">Sandra Maria<\/a>, da <a href=\"http:\/\/bit.ly\/Nfddvg\" target=\"_blank\" rel=\"noopener noreferrer\">Vila Aut\u00f3dromo<\/a>\u00a0na <a href=\"http:\/\/bit.ly\/11tBmFR\" target=\"_blank\" rel=\"noopener noreferrer\">Zona Oeste<\/a> da cidade, mostrou como as remo\u00e7\u00f5es ainda s\u00e3o uma realidade cruel para muitas favelas. Desde 1992, a tranquila favela com aproximadamente 700 fam\u00edlias em 2013,\u00a0<a href=\"http:\/\/bit.ly\/1rtuaxu\" target=\"_blank\" rel=\"noopener noreferrer\">lutou contra in\u00fameras tentativas de remo\u00e7\u00e3o<\/a>, sob v\u00e1rios pretextos, principalmente os\u00a0<a href=\"http:\/\/bit.ly\/PkLXlQ\" target=\"_blank\" rel=\"noopener noreferrer\">Jogos Ol\u00edmpicos<\/a>, que foi na verdade uma remo\u00e7\u00e3o para atender\u00a0<a href=\"http:\/\/bit.ly\/11tBtBo\" target=\"_blank\" rel=\"noopener noreferrer\">interesses imobili\u00e1rios<\/a> por <a href=\"http:\/\/bbc.in\/1DEagFx\" target=\"_blank\" rel=\"noopener noreferrer\">uma paisagem livre de\u00a0favelas na regi\u00e3o<\/a>. Sandra argumentou que &#8220;<\/span>os <a href=\"http:\/\/bit.ly\/1uZ9w6o\" target=\"_blank\" rel=\"noopener noreferrer\">megaeventos<\/a> s\u00e3o as <a href=\"http:\/\/bit.ly\/2oa5Tja\" target=\"_blank\" rel=\"noopener noreferrer\">armas mais poderosas<\/a> que o capitalismo tem hoje&#8221;\u00a0<span style=\"font-weight: 400;\">para remo\u00e7\u00f5es, acrescentando que o argumento de que as favelas s\u00e3o perigos ambientais \u00e9 falso, porque &#8220;<a href=\"http:\/\/bit.ly\/2nJVoyg\" target=\"_blank\" rel=\"noopener noreferrer\">eles ocupam estas \u00e1reas, desmatam e destroem<\/a><\/span>&#8221; depois que os moradores s\u00e3o removidos, impondo danos muito maiores ao meio ambiente. A sua apresenta\u00e7\u00e3o destacou particularmente a <a href=\"http:\/\/bit.ly\/1wLR1Ef\" target=\"_blank\" rel=\"noopener noreferrer\">viol\u00eancia<\/a> utilizada pela pol\u00edcia para combater a resist\u00eancia pac\u00edfica dos moradores, o uso de <a href=\"http:\/\/bit.ly\/2pXU7op\" target=\"_blank\" rel=\"noopener noreferrer\">press\u00e3o psicol\u00f3gica<\/a> e a forte organiza\u00e7\u00e3o interna da Vila Aut\u00f3dromo.<\/p>\n<p>Esta primeira sess\u00e3o do curso foi encerrada por uma atividade de chuva de ideias, liderada pelo\u00a0<a href=\"http:\/\/bit.ly\/2l07NfM\" target=\"_blank\" rel=\"noopener noreferrer\">morador da Provid\u00eancia, ativista e guia tur\u00edstico de favelas Cosme Felippsen<\/a>, sobre <a href=\"http:\/\/bit.ly\/2brHHyf\" target=\"_blank\" rel=\"noopener noreferrer\">o que &#8220;favela&#8221; significa<\/a> para cada um dos participantes. A atividade destacou a complexidade e a <a href=\"http:\/\/www.bit.ly\/WhatIsFavela\" target=\"_blank\" rel=\"noopener noreferrer\">multiplicidade que as favelas representam hoje<\/a>, com: &#8220;resili\u00eancia&#8221;, &#8220;favela como <a href=\"http:\/\/bit.ly\/2aegPFT\" target=\"_blank\" rel=\"noopener noreferrer\">solu\u00e7\u00e3o<\/a>&#8220;, &#8220;<a href=\"http:\/\/bit.ly\/1a1M6kK\" target=\"_blank\" rel=\"noopener noreferrer\">cultura<\/a>&#8220;, &#8220;<a href=\"http:\/\/bit.ly\/1piRAgk\" target=\"_blank\" rel=\"noopener noreferrer\">resist\u00eancia<\/a>&#8220;, &#8220;luta&#8221;, &#8220;<a href=\"http:\/\/bit.ly\/1thwVvp\" target=\"_blank\" rel=\"noopener noreferrer\">uni\u00e3o<\/a>&#8221; e &#8220;casa&#8221; entre as caracter\u00edsticas mais mencionadas.<\/p>\n<p>A aula seguinte aconteceu depois de uma semana de\u00a0<a href=\"http:\/\/bit.ly\/2pxxfff\" target=\"_blank\" rel=\"noopener noreferrer\">crescente viol\u00eancia e assassinatos em favelas do Rio<\/a>. Gizele Martins, que falou do &#8220;grande massacre&#8221; em sua comunidade, a <a href=\"http:\/\/bit.ly\/10BvARw\" target=\"_blank\" rel=\"noopener noreferrer\">Mar\u00e9<\/a>, compartilhou algumas observa\u00e7\u00f5es sobre a atual situa\u00e7\u00e3o alarmante nas favelas, onde &#8220;mais de 20 mortes ocorreram em apenas uma semana e 200 pessoas foram assassinadas dentro de tr\u00eas meses no Rio de Janeiro&#8221;.<\/p>\n<p><a href=\"http:\/\/rioonwatch.org.br\/wp-content\/uploads\/2017\/04\/20170401_111346.jpg\"><img loading=\"lazy\" decoding=\"async\" class=\"aligncenter wp-image-25357 size-content\" title=\"Mario Brum fala sobre estigmatiza\u00e7\u00e3o e regula\u00e7\u00e3o em favelas.\" src=\"http:\/\/rioonwatch.org.br\/wp-content\/uploads\/2017\/04\/20170401_111346-620x264.jpg\" alt=\"\" width=\"620\" height=\"264\" srcset=\"https:\/\/rioonwatch.org.br\/wp-content\/uploads\/2017\/04\/20170401_111346-620x264.jpg 620w, https:\/\/rioonwatch.org.br\/wp-content\/uploads\/2017\/04\/20170401_111346-940x400.jpg 940w\" sizes=\"(max-width: 620px) 100vw, 620px\" \/><\/a><\/p>\n<p><a href=\"http:\/\/bit.ly\/2orjSxR\" target=\"_blank\" rel=\"noopener noreferrer\">Mario Brum<\/a>, professor da UERJ, tra\u00e7ou o desenvolvimento de pol\u00edticas de\u00a0<a href=\"http:\/\/bit.ly\/X51Qvb\" target=\"_blank\" rel=\"noopener noreferrer\">remo\u00e7\u00f5es<\/a>, destacando a cont\u00ednua <a href=\"http:\/\/bit.ly\/P4itK0\" target=\"_blank\" rel=\"noopener noreferrer\">estigmatiza\u00e7\u00e3o<\/a> das favelas e referindo-se \u00e0 atual onda de viol\u00eancia contra os moradores. Similar ao caso da Vila Aut\u00f3dromo explicado anteriormente por Sandra, Mario salientou que desastres ambientais e megaeventos s\u00e3o freq\u00fcentemente usados como justificativas para remo\u00e7\u00f5es.<\/p>\n<p>Em seguida, Lu Brasil, do <a href=\"http:\/\/bit.ly\/2ouYTw8\" target=\"_blank\" rel=\"noopener noreferrer\">Coletivo Voz Urbana<\/a>, focou sua aula na densamente povoada <a href=\"http:\/\/bit.ly\/1IgJzSA\" target=\"_blank\" rel=\"noopener noreferrer\">Baixada Fluminense<\/a>. Com base no censo de 2010 do IBGE, destacou que <a href=\"http:\/\/bit.ly\/1IgJzSA\" target=\"_blank\" rel=\"noopener noreferrer\">70% dos moradores de favelas na Baixada vivem em apenas tr\u00eas de seus munic\u00edpios, cujas favelas acolhem mais de 200.000 pessoas<\/a>. Lu reside numa das mais populosas favelas da regi\u00e3o, a Vila Oper\u00e1ria (cerca de 9000 habitantes), considerada um modelo de urbaniza\u00e7\u00e3o comunit\u00e1ria devido ao seu bom acesso a\u00a0<a href=\"http:\/\/bit.ly\/1GyyKkX\" target=\"_blank\" rel=\"noopener noreferrer\">\u00e1gua<\/a>,\u00a0<a href=\"http:\/\/bit.ly\/1lqbsRD\" target=\"_blank\" rel=\"noopener noreferrer\">eletricidade<\/a>, <a href=\"http:\/\/bit.ly\/1ihqaYB\" target=\"_blank\" rel=\"noopener noreferrer\">coleta de lixo<\/a>, estradas pavimentadas, um elevado n\u00famero de escolas, cursos gratuitos de treinamento e certifica\u00e7\u00e3o, entre outros. Em 2006, esta favela recebeu mais aten\u00e7\u00e3o do p\u00fablico devido \u00e0 emerg\u00eancia e promo\u00e7\u00e3o do &#8220;<a href=\"http:\/\/bit.ly\/2nABs5t\" target=\"_blank\" rel=\"noopener noreferrer\">Meeting of Favela<\/a>&#8221; (MoF), um <a href=\"http:\/\/bit.ly\/2p1DPO8\" target=\"_blank\" rel=\"noopener noreferrer\">grupo de graffiti<\/a> baseado na Vila Oper\u00e1ria que &#8220;visa aumentar a visibilidade social e cultural e transformar a favela em uma galeria de arte a c\u00e9u aberto&#8221;.<\/p>\n<p><a href=\"http:\/\/rioonwatch.org.br\/wp-content\/uploads\/2017\/04\/1505123_690368271058078_4251984352953625868_n.jpg\"><img loading=\"lazy\" decoding=\"async\" class=\"aligncenter wp-image-25358 size-content\" title=\"Encontro de Favela - criando graffiti. Foto por George Fant\" src=\"http:\/\/rioonwatch.org.br\/wp-content\/uploads\/2017\/04\/1505123_690368271058078_4251984352953625868_n-620x264.jpg\" alt=\"\" width=\"620\" height=\"264\" srcset=\"https:\/\/rioonwatch.org.br\/wp-content\/uploads\/2017\/04\/1505123_690368271058078_4251984352953625868_n-620x264.jpg 620w, https:\/\/rioonwatch.org.br\/wp-content\/uploads\/2017\/04\/1505123_690368271058078_4251984352953625868_n-940x400.jpg 940w\" sizes=\"(max-width: 620px) 100vw, 620px\" \/><\/a><\/p>\n<p>A palestrante seguinte, Glaucia Marinho, da\u00a0<a href=\"http:\/\/bit.ly\/298vrkY\" target=\"_blank\" rel=\"noopener noreferrer\">Justi\u00e7a Global<\/a>, mudou o foco da Vila Oper\u00e1ria para o Centro do Rio e o programa de revitaliza\u00e7\u00e3o <a href=\"http:\/\/bit.ly\/2gF1ht7\" target=\"_blank\" rel=\"noopener noreferrer\">Porto Maravilha<\/a>. Muitos dos in\u00fameros edif\u00edcios abandonados na regi\u00e3o portu\u00e1ria da cidade eram &#8220;estruturas prontas para a habita\u00e7\u00e3o&#8221; e tinham sido oficialmente ocupados por fam\u00edlias a partir de 2004. A ocupa\u00e7\u00e3o oficial de edif\u00edcios\u00a0<a href=\"http:\/\/bit.ly\/29y4HuI\" target=\"_blank\" rel=\"noopener noreferrer\">nesta \u00e1rea &#8220;trouxe a mem\u00f3ria negra&#8221;<\/a> da cidade, de acordo com Glaucia. Pouco tempo depois, foi projetado e implementado o projeto Porto Maravilha, destinado a revitalizar a \u00e1rea, incluindo a elimina\u00e7\u00e3o dessas ocupa\u00e7\u00f5es e a remo\u00e7\u00e3o das fam\u00edlias que ali residiam. Como criticado por Glaucia, em muitos casos &#8220;n\u00e3o teve nenhuma comunica\u00e7\u00e3o de um representante oficial [com os moradores que] souberam a respeito [das remo\u00e7\u00f5es planejadas] <a href=\"http:\/\/bit.ly\/19UK9Xq\" target=\"_blank\" rel=\"noopener noreferrer\">atrav\u00e9s do jornal<\/a>&#8220;.<\/p>\n<p>Durante a \u00faltima aula, os participantes do curso exploraram o tema da <a href=\"http:\/\/bit.ly\/2aegnWH\" target=\"_blank\" rel=\"noopener noreferrer\">seguran\u00e7a p\u00fablica<\/a> em favelas atrav\u00e9s de apresenta\u00e7\u00f5es do professor Mauro Amoroso da UERJ, Frans\u00e9rgio Goulart (<a href=\"http:\/\/bit.ly\/2o9Uc8b\" target=\"_blank\" rel=\"noopener noreferrer\">Centro de Direitos Humanos da Diocese de Nova Igua\u00e7u<\/a>) e Carlos Gon\u00e7alves, morador da Mar\u00e9. Ao relatar <a href=\"http:\/\/bit.ly\/1jjhixT\" target=\"_blank\" rel=\"noopener noreferrer\">hist\u00f3rias da Pol\u00edcia Militar<\/a> em favelas, Mauro trouxe \u00e0 classe uma discuss\u00e3o sobre o significado do espa\u00e7o urbano, o impacto das a\u00e7\u00f5es da <a href=\"http:\/\/bit.ly\/1mtYvXK\" target=\"_blank\" rel=\"noopener noreferrer\">Pol\u00edcia Militar<\/a> sobre a cidade e os processos de <a href=\"http:\/\/bit.ly\/1hvVsxW\" target=\"_blank\" rel=\"noopener noreferrer\">segrega\u00e7\u00e3o<\/a> urbana, onde as pessoas das favelas s\u00e3o constantemente vistas como &#8220;<a href=\"http:\/\/bit.ly\/2kZlcpd\" target=\"_blank\" rel=\"noopener noreferrer\">outros<\/a>&#8220;. Frans\u00e9rgio acrescentou, dizendo que a Pol\u00edcia Militar segue frequentemente um processo sistem\u00e1tico de &#8220;interven\u00e7\u00e3o, estabiliza\u00e7\u00e3o e, por fim, normaliza\u00e7\u00e3o&#8221;.<\/p>\n<p>Para encerrar o curso com uma experi\u00eancia de aprendizado mais pr\u00e1tica, <a href=\"http:\/\/bit.ly\/2oEo7In\" target=\"_blank\" rel=\"noopener noreferrer\">no dia 15 de abril os participantes do curso interessados e o p\u00fablico em geral tiveram a oportunidade de participar de um passeio pela primeira favela do Brasil<\/a>,\u00a0o Morro da Provid\u00eancia, guiado por Cosme Felippsen. Cosme explicou os quase 120 anos de resist\u00eancia desta favela, que tem sido afetada pelo projeto Porto Maravilha. Esta parte final do curso &#8220;Hist\u00f3rias Vivas&#8221; contou tamb\u00e9m com a participa\u00e7\u00e3o de Gizele e Humberto Salustriano, um historiador e ativista Mar\u00e9.<\/p>\n<!-- AddThis Advanced Settings generic via filter on the_content --><!-- AddThis Share Buttons generic via filter on the_content -->","protected":false},"excerpt":{"rendered":"<div class=\"mh-excerpt\"><p>Click Here for English Quarenta e tr\u00eas estudantes, moradores de favelas, pesquisadores e outros interessados participaram do curso &#8220;Hist\u00f3rias Vivas \u2013 O hist\u00f3rico de resist\u00eancia das favelas&#8220;, organizado por Gizele Martins e Anderson Caboi como <a class=\"mh-excerpt-more\" href=\"https:\/\/rioonwatch.org.br\/?p=25351\" title=\"Hist\u00f3ria da Resist\u00eancia das Favelas do Rio [REFER\u00caNCIA]\">[&#8230;]<\/a><!-- AddThis Advanced Settings generic via filter on get_the_excerpt --><!-- AddThis Share Buttons generic via filter on get_the_excerpt --><\/p>\n<\/div>","protected":false},"author":129,"featured_media":25353,"comment_status":"closed","ping_status":"closed","sticky":false,"template":"","format":"standard","meta":{"_acf_changed":false,"_monsterinsights_skip_tracking":false,"_monsterinsights_sitenote_active":false,"_monsterinsights_sitenote_note":"","_monsterinsights_sitenote_category":0,"footnotes":""},"categories":[1621,1627,1615,1632,346,1626,1616,1612],"tags":[959,332,1917,421,709,316,271,1502,128,1637,1240,270,257,36,433,14,1966,432,814,499,55,1752,920,218,184,383],"writer":[2097],"translator":[1971],"source":[],"ilustrador":[],"fotografo":[],"class_list":{"0":"post-25351","1":"post","2":"type-post","3":"status-publish","4":"format-standard","5":"has-post-thumbnail","7":"category-destaque","8":"category-relato-de-evento","9":"category-cultura-da-favela","10":"category-pesquisa-e-analise","11":"category-denuncias","12":"category-por-observadores-internacionais","13":"category-qualidades-da-favela","14":"category-sociedade-civil","15":"tag-baixada-fluminense","16":"tag-complexo-da-mare","17":"tag-comunidade-x-academia","18":"tag-cultura-da-favela","19":"tag-debate","20":"tag-educacao","21":"tag-favela-bairro","22":"tag-flamengo","23":"tag-historia","24":"tag-referencia","25":"tag-megaeventos","26":"tag-morar-carioca","27":"tag-providencia","28":"tag-pac","29":"tag-porto-maravilha","30":"tag-remocao","31":"tag-resiliencia","32":"tag-resistencia","33":"tag-segregacao","34":"tag-terror-psicologico","35":"tag-vila-autodromo","36":"tag-vila-operaria","37":"tag-violencia-de-estado","38":"tag-zona-norte","39":"tag-zona-oeste","40":"tag-zona-sul","41":"writer-lisa-godde","42":"translator-geovanna-giannini"},"acf":[],"yoast_head":"<!-- This site is optimized with the Yoast SEO plugin v25.6 - https:\/\/yoast.com\/wordpress\/plugins\/seo\/ -->\n<title>Hist\u00f3ria da Resist\u00eancia das Favelas do Rio [REFER\u00caNCIA] - RioOnWatch<\/title>\n<meta name=\"robots\" content=\"index, follow, max-snippet:-1, max-image-preview:large, max-video-preview:-1\" \/>\n<link rel=\"canonical\" href=\"https:\/\/rioonwatch.org.br\/?p=25351\" \/>\n<meta property=\"og:locale\" content=\"pt_BR\" \/>\n<meta property=\"og:type\" content=\"article\" \/>\n<meta property=\"og:title\" content=\"Hist\u00f3ria da Resist\u00eancia das Favelas do Rio [REFER\u00caNCIA] - RioOnWatch\" \/>\n<meta property=\"og:description\" content=\"Click Here for English Quarenta e tr\u00eas estudantes, moradores de favelas, pesquisadores e outros interessados participaram do curso &#8220;Hist\u00f3rias Vivas \u2013 O hist\u00f3rico de resist\u00eancia das favelas&#8220;, organizado por Gizele Martins e Anderson Caboi como [...]\" \/>\n<meta property=\"og:url\" content=\"https:\/\/rioonwatch.org.br\/?p=25351\" \/>\n<meta property=\"og:site_name\" content=\"RioOnWatch\" \/>\n<meta property=\"article:published_time\" content=\"2017-04-21T15:49:58+00:00\" \/>\n<meta property=\"article:modified_time\" content=\"2024-06-20T15:37:11+00:00\" \/>\n<meta property=\"og:image\" content=\"https:\/\/rioonwatch.org.br\/wp-content\/uploads\/2017\/04\/Anthony-Leeds-image-of-men-building-favela-community.jpg\" \/>\n\t<meta property=\"og:image:width\" content=\"620\" \/>\n\t<meta property=\"og:image:height\" content=\"465\" \/>\n\t<meta property=\"og:image:type\" content=\"image\/jpeg\" \/>\n<meta name=\"author\" content=\"Admin\" \/>\n<meta name=\"twitter:card\" content=\"summary_large_image\" \/>\n<meta name=\"twitter:label1\" content=\"Escrito por\" \/>\n\t<meta name=\"twitter:data1\" content=\"Admin\" \/>\n\t<meta name=\"twitter:label2\" content=\"Est. tempo de leitura\" \/>\n\t<meta name=\"twitter:data2\" content=\"8 minutos\" \/>\n<script type=\"application\/ld+json\" class=\"yoast-schema-graph\">{\"@context\":\"https:\/\/schema.org\",\"@graph\":[{\"@type\":\"Article\",\"@id\":\"https:\/\/rioonwatch.org.br\/?p=25351#article\",\"isPartOf\":{\"@id\":\"https:\/\/rioonwatch.org.br\/?p=25351\"},\"author\":{\"name\":\"Admin\",\"@id\":\"https:\/\/rioonwatch.org.br\/#\/schema\/person\/11d64c290506f9df50c71b850c473f68\"},\"headline\":\"Hist\u00f3ria da Resist\u00eancia das Favelas do Rio [REFER\u00caNCIA]\",\"datePublished\":\"2017-04-21T15:49:58+00:00\",\"dateModified\":\"2024-06-20T15:37:11+00:00\",\"mainEntityOfPage\":{\"@id\":\"https:\/\/rioonwatch.org.br\/?p=25351\"},\"wordCount\":1211,\"publisher\":{\"@id\":\"https:\/\/rioonwatch.org.br\/#organization\"},\"image\":{\"@id\":\"https:\/\/rioonwatch.org.br\/?p=25351#primaryimage\"},\"thumbnailUrl\":\"https:\/\/rioonwatch.org.br\/wp-content\/uploads\/2017\/04\/Anthony-Leeds-image-of-men-building-favela-community.jpg\",\"keywords\":[\"Baixada Fluminense\",\"Complexo da Mar\u00e9\",\"comunidade x academia\",\"cultura da favela\",\"debate\",\"educa\u00e7\u00e3o\",\"Favela-Bairro\",\"Flamengo\",\"hist\u00f3ria\",\"Mat\u00e9rias de Refer\u00eancia\",\"Megaeventos\",\"Morar Carioca\",\"Morro da Provid\u00eancia\",\"PAC\",\"Porto Maravilha\",\"Remo\u00e7\u00e3o\",\"resili\u00eancia\",\"resist\u00eancia\",\"segrega\u00e7\u00e3o\",\"terror psicol\u00f3gico\",\"Vila Aut\u00f3dromo\",\"Vila Oper\u00e1ria\",\"viol\u00eancia de Estado\",\"Zona Norte\",\"Zona Oeste\",\"Zona Sul\"],\"articleSection\":[\"*Destaque\",\"Cobertura de Eventos\",\"Cultura da Favela\",\"Dados e Pesquisa\",\"Den\u00fancias\",\"Escrito por Aliados\",\"Qualidades da Favela\",\"Sociedade Civil\"],\"inLanguage\":\"pt-BR\"},{\"@type\":\"WebPage\",\"@id\":\"https:\/\/rioonwatch.org.br\/?p=25351\",\"url\":\"https:\/\/rioonwatch.org.br\/?p=25351\",\"name\":\"Hist\u00f3ria da Resist\u00eancia das Favelas do Rio [REFER\u00caNCIA] - RioOnWatch\",\"isPartOf\":{\"@id\":\"https:\/\/rioonwatch.org.br\/#website\"},\"primaryImageOfPage\":{\"@id\":\"https:\/\/rioonwatch.org.br\/?p=25351#primaryimage\"},\"image\":{\"@id\":\"https:\/\/rioonwatch.org.br\/?p=25351#primaryimage\"},\"thumbnailUrl\":\"https:\/\/rioonwatch.org.br\/wp-content\/uploads\/2017\/04\/Anthony-Leeds-image-of-men-building-favela-community.jpg\",\"datePublished\":\"2017-04-21T15:49:58+00:00\",\"dateModified\":\"2024-06-20T15:37:11+00:00\",\"breadcrumb\":{\"@id\":\"https:\/\/rioonwatch.org.br\/?p=25351#breadcrumb\"},\"inLanguage\":\"pt-BR\",\"potentialAction\":[{\"@type\":\"ReadAction\",\"target\":[\"https:\/\/rioonwatch.org.br\/?p=25351\"]}]},{\"@type\":\"ImageObject\",\"inLanguage\":\"pt-BR\",\"@id\":\"https:\/\/rioonwatch.org.br\/?p=25351#primaryimage\",\"url\":\"https:\/\/rioonwatch.org.br\/wp-content\/uploads\/2017\/04\/Anthony-Leeds-image-of-men-building-favela-community.jpg\",\"contentUrl\":\"https:\/\/rioonwatch.org.br\/wp-content\/uploads\/2017\/04\/Anthony-Leeds-image-of-men-building-favela-community.jpg\",\"width\":620,\"height\":465},{\"@type\":\"BreadcrumbList\",\"@id\":\"https:\/\/rioonwatch.org.br\/?p=25351#breadcrumb\",\"itemListElement\":[{\"@type\":\"ListItem\",\"position\":1,\"name\":\"In\u00edcio\",\"item\":\"https:\/\/rioonwatch.org.br\/\"},{\"@type\":\"ListItem\",\"position\":2,\"name\":\"Hist\u00f3ria da Resist\u00eancia das Favelas do Rio [REFER\u00caNCIA]\"}]},{\"@type\":\"WebSite\",\"@id\":\"https:\/\/rioonwatch.org.br\/#website\",\"url\":\"https:\/\/rioonwatch.org.br\/\",\"name\":\"RioOnWatch\",\"description\":\"relatos das favelas cariocas\",\"publisher\":{\"@id\":\"https:\/\/rioonwatch.org.br\/#organization\"},\"potentialAction\":[{\"@type\":\"SearchAction\",\"target\":{\"@type\":\"EntryPoint\",\"urlTemplate\":\"https:\/\/rioonwatch.org.br\/?s={search_term_string}\"},\"query-input\":{\"@type\":\"PropertyValueSpecification\",\"valueRequired\":true,\"valueName\":\"search_term_string\"}}],\"inLanguage\":\"pt-BR\"},{\"@type\":\"Organization\",\"@id\":\"https:\/\/rioonwatch.org.br\/#organization\",\"name\":\"RioOnWatch\",\"url\":\"https:\/\/rioonwatch.org.br\/\",\"logo\":{\"@type\":\"ImageObject\",\"inLanguage\":\"pt-BR\",\"@id\":\"https:\/\/rioonwatch.org.br\/#\/schema\/logo\/image\/\",\"url\":\"https:\/\/rioonwatch.org.br\/wp-content\/uploads\/2021\/06\/RioOnWatchcabecalhoPT11anos-2.png\",\"contentUrl\":\"https:\/\/rioonwatch.org.br\/wp-content\/uploads\/2021\/06\/RioOnWatchcabecalhoPT11anos-2.png\",\"width\":779,\"height\":277,\"caption\":\"RioOnWatch\"},\"image\":{\"@id\":\"https:\/\/rioonwatch.org.br\/#\/schema\/logo\/image\/\"}},{\"@type\":\"Person\",\"@id\":\"https:\/\/rioonwatch.org.br\/#\/schema\/person\/11d64c290506f9df50c71b850c473f68\",\"name\":\"Admin\",\"image\":{\"@type\":\"ImageObject\",\"inLanguage\":\"pt-BR\",\"@id\":\"https:\/\/rioonwatch.org.br\/#\/schema\/person\/image\/\",\"url\":\"https:\/\/secure.gravatar.com\/avatar\/56211ac74568383903349a1485e3c325?s=96&d=blank&r=g\",\"contentUrl\":\"https:\/\/secure.gravatar.com\/avatar\/56211ac74568383903349a1485e3c325?s=96&d=blank&r=g\",\"caption\":\"Admin\"},\"url\":\"https:\/\/rioonwatch.org.br\/?author=129\"}]}<\/script>\n<!-- \/ Yoast SEO plugin. -->","yoast_head_json":{"title":"Hist\u00f3ria da Resist\u00eancia das Favelas do Rio [REFER\u00caNCIA] - RioOnWatch","robots":{"index":"index","follow":"follow","max-snippet":"max-snippet:-1","max-image-preview":"max-image-preview:large","max-video-preview":"max-video-preview:-1"},"canonical":"https:\/\/rioonwatch.org.br\/?p=25351","og_locale":"pt_BR","og_type":"article","og_title":"Hist\u00f3ria da Resist\u00eancia das Favelas do Rio [REFER\u00caNCIA] - RioOnWatch","og_description":"Click Here for English Quarenta e tr\u00eas estudantes, moradores de favelas, pesquisadores e outros interessados participaram do curso &#8220;Hist\u00f3rias Vivas \u2013 O hist\u00f3rico de resist\u00eancia das favelas&#8220;, organizado por Gizele Martins e Anderson Caboi como [...]","og_url":"https:\/\/rioonwatch.org.br\/?p=25351","og_site_name":"RioOnWatch","article_published_time":"2017-04-21T15:49:58+00:00","article_modified_time":"2024-06-20T15:37:11+00:00","og_image":[{"width":620,"height":465,"url":"https:\/\/rioonwatch.org.br\/wp-content\/uploads\/2017\/04\/Anthony-Leeds-image-of-men-building-favela-community.jpg","type":"image\/jpeg"}],"author":"Admin","twitter_card":"summary_large_image","twitter_misc":{"Escrito por":"Admin","Est. tempo de leitura":"8 minutos"},"schema":{"@context":"https:\/\/schema.org","@graph":[{"@type":"Article","@id":"https:\/\/rioonwatch.org.br\/?p=25351#article","isPartOf":{"@id":"https:\/\/rioonwatch.org.br\/?p=25351"},"author":{"name":"Admin","@id":"https:\/\/rioonwatch.org.br\/#\/schema\/person\/11d64c290506f9df50c71b850c473f68"},"headline":"Hist\u00f3ria da Resist\u00eancia das Favelas do Rio [REFER\u00caNCIA]","datePublished":"2017-04-21T15:49:58+00:00","dateModified":"2024-06-20T15:37:11+00:00","mainEntityOfPage":{"@id":"https:\/\/rioonwatch.org.br\/?p=25351"},"wordCount":1211,"publisher":{"@id":"https:\/\/rioonwatch.org.br\/#organization"},"image":{"@id":"https:\/\/rioonwatch.org.br\/?p=25351#primaryimage"},"thumbnailUrl":"https:\/\/rioonwatch.org.br\/wp-content\/uploads\/2017\/04\/Anthony-Leeds-image-of-men-building-favela-community.jpg","keywords":["Baixada Fluminense","Complexo da Mar\u00e9","comunidade x academia","cultura da favela","debate","educa\u00e7\u00e3o","Favela-Bairro","Flamengo","hist\u00f3ria","Mat\u00e9rias de Refer\u00eancia","Megaeventos","Morar Carioca","Morro da Provid\u00eancia","PAC","Porto Maravilha","Remo\u00e7\u00e3o","resili\u00eancia","resist\u00eancia","segrega\u00e7\u00e3o","terror psicol\u00f3gico","Vila Aut\u00f3dromo","Vila Oper\u00e1ria","viol\u00eancia de Estado","Zona Norte","Zona Oeste","Zona Sul"],"articleSection":["*Destaque","Cobertura de Eventos","Cultura da Favela","Dados e Pesquisa","Den\u00fancias","Escrito por Aliados","Qualidades da Favela","Sociedade Civil"],"inLanguage":"pt-BR"},{"@type":"WebPage","@id":"https:\/\/rioonwatch.org.br\/?p=25351","url":"https:\/\/rioonwatch.org.br\/?p=25351","name":"Hist\u00f3ria da Resist\u00eancia das Favelas do Rio [REFER\u00caNCIA] - RioOnWatch","isPartOf":{"@id":"https:\/\/rioonwatch.org.br\/#website"},"primaryImageOfPage":{"@id":"https:\/\/rioonwatch.org.br\/?p=25351#primaryimage"},"image":{"@id":"https:\/\/rioonwatch.org.br\/?p=25351#primaryimage"},"thumbnailUrl":"https:\/\/rioonwatch.org.br\/wp-content\/uploads\/2017\/04\/Anthony-Leeds-image-of-men-building-favela-community.jpg","datePublished":"2017-04-21T15:49:58+00:00","dateModified":"2024-06-20T15:37:11+00:00","breadcrumb":{"@id":"https:\/\/rioonwatch.org.br\/?p=25351#breadcrumb"},"inLanguage":"pt-BR","potentialAction":[{"@type":"ReadAction","target":["https:\/\/rioonwatch.org.br\/?p=25351"]}]},{"@type":"ImageObject","inLanguage":"pt-BR","@id":"https:\/\/rioonwatch.org.br\/?p=25351#primaryimage","url":"https:\/\/rioonwatch.org.br\/wp-content\/uploads\/2017\/04\/Anthony-Leeds-image-of-men-building-favela-community.jpg","contentUrl":"https:\/\/rioonwatch.org.br\/wp-content\/uploads\/2017\/04\/Anthony-Leeds-image-of-men-building-favela-community.jpg","width":620,"height":465},{"@type":"BreadcrumbList","@id":"https:\/\/rioonwatch.org.br\/?p=25351#breadcrumb","itemListElement":[{"@type":"ListItem","position":1,"name":"In\u00edcio","item":"https:\/\/rioonwatch.org.br\/"},{"@type":"ListItem","position":2,"name":"Hist\u00f3ria da Resist\u00eancia das Favelas do Rio [REFER\u00caNCIA]"}]},{"@type":"WebSite","@id":"https:\/\/rioonwatch.org.br\/#website","url":"https:\/\/rioonwatch.org.br\/","name":"RioOnWatch","description":"relatos das favelas cariocas","publisher":{"@id":"https:\/\/rioonwatch.org.br\/#organization"},"potentialAction":[{"@type":"SearchAction","target":{"@type":"EntryPoint","urlTemplate":"https:\/\/rioonwatch.org.br\/?s={search_term_string}"},"query-input":{"@type":"PropertyValueSpecification","valueRequired":true,"valueName":"search_term_string"}}],"inLanguage":"pt-BR"},{"@type":"Organization","@id":"https:\/\/rioonwatch.org.br\/#organization","name":"RioOnWatch","url":"https:\/\/rioonwatch.org.br\/","logo":{"@type":"ImageObject","inLanguage":"pt-BR","@id":"https:\/\/rioonwatch.org.br\/#\/schema\/logo\/image\/","url":"https:\/\/rioonwatch.org.br\/wp-content\/uploads\/2021\/06\/RioOnWatchcabecalhoPT11anos-2.png","contentUrl":"https:\/\/rioonwatch.org.br\/wp-content\/uploads\/2021\/06\/RioOnWatchcabecalhoPT11anos-2.png","width":779,"height":277,"caption":"RioOnWatch"},"image":{"@id":"https:\/\/rioonwatch.org.br\/#\/schema\/logo\/image\/"}},{"@type":"Person","@id":"https:\/\/rioonwatch.org.br\/#\/schema\/person\/11d64c290506f9df50c71b850c473f68","name":"Admin","image":{"@type":"ImageObject","inLanguage":"pt-BR","@id":"https:\/\/rioonwatch.org.br\/#\/schema\/person\/image\/","url":"https:\/\/secure.gravatar.com\/avatar\/56211ac74568383903349a1485e3c325?s=96&d=blank&r=g","contentUrl":"https:\/\/secure.gravatar.com\/avatar\/56211ac74568383903349a1485e3c325?s=96&d=blank&r=g","caption":"Admin"},"url":"https:\/\/rioonwatch.org.br\/?author=129"}]}},"_links":{"self":[{"href":"https:\/\/rioonwatch.org.br\/index.php?rest_route=\/wp\/v2\/posts\/25351"}],"collection":[{"href":"https:\/\/rioonwatch.org.br\/index.php?rest_route=\/wp\/v2\/posts"}],"about":[{"href":"https:\/\/rioonwatch.org.br\/index.php?rest_route=\/wp\/v2\/types\/post"}],"author":[{"embeddable":true,"href":"https:\/\/rioonwatch.org.br\/index.php?rest_route=\/wp\/v2\/users\/129"}],"replies":[{"embeddable":true,"href":"https:\/\/rioonwatch.org.br\/index.php?rest_route=%2Fwp%2Fv2%2Fcomments&post=25351"}],"version-history":[{"count":13,"href":"https:\/\/rioonwatch.org.br\/index.php?rest_route=\/wp\/v2\/posts\/25351\/revisions"}],"predecessor-version":[{"id":74116,"href":"https:\/\/rioonwatch.org.br\/index.php?rest_route=\/wp\/v2\/posts\/25351\/revisions\/74116"}],"wp:featuredmedia":[{"embeddable":true,"href":"https:\/\/rioonwatch.org.br\/index.php?rest_route=\/wp\/v2\/media\/25353"}],"wp:attachment":[{"href":"https:\/\/rioonwatch.org.br\/index.php?rest_route=%2Fwp%2Fv2%2Fmedia&parent=25351"}],"wp:term":[{"taxonomy":"category","embeddable":true,"href":"https:\/\/rioonwatch.org.br\/index.php?rest_route=%2Fwp%2Fv2%2Fcategories&post=25351"},{"taxonomy":"post_tag","embeddable":true,"href":"https:\/\/rioonwatch.org.br\/index.php?rest_route=%2Fwp%2Fv2%2Ftags&post=25351"},{"taxonomy":"writer","embeddable":true,"href":"https:\/\/rioonwatch.org.br\/index.php?rest_route=%2Fwp%2Fv2%2Fwriter&post=25351"},{"taxonomy":"translator","embeddable":true,"href":"https:\/\/rioonwatch.org.br\/index.php?rest_route=%2Fwp%2Fv2%2Ftranslator&post=25351"},{"taxonomy":"source","embeddable":true,"href":"https:\/\/rioonwatch.org.br\/index.php?rest_route=%2Fwp%2Fv2%2Fsource&post=25351"},{"taxonomy":"ilustrador","embeddable":true,"href":"https:\/\/rioonwatch.org.br\/index.php?rest_route=%2Fwp%2Fv2%2Filustrador&post=25351"},{"taxonomy":"fotografo","embeddable":true,"href":"https:\/\/rioonwatch.org.br\/index.php?rest_route=%2Fwp%2Fv2%2Ffotografo&post=25351"}],"curies":[{"name":"wp","href":"https:\/\/api.w.org\/{rel}","templated":true}]}}