{"id":25393,"date":"2017-05-01T18:49:03","date_gmt":"2017-05-01T21:49:03","guid":{"rendered":"http:\/\/rioonwatch.org.br\/?p=25393"},"modified":"2024-06-20T12:36:52","modified_gmt":"2024-06-20T15:36:52","slug":"a-via-direta-escola-prisao-desigualdade-desde-a-pre-escola-dirige-o-encarceramento-nos-eua-e-no-brasil","status":"publish","type":"post","link":"https:\/\/rioonwatch.org.br\/?p=25393","title":{"rendered":"&#8216;Via Direta Escola-Pris\u00e3o&#8217;: Desigualdade Educacional Dirige Encarceramento nos EUA e Brasil [REFER\u00caNCIA]"},"content":{"rendered":"<p style=\"text-align: right;\"><em><strong><a href=\"http:\/\/bit.ly\/2oqIxT4\" target=\"_blank\" rel=\"noopener noreferrer\">Click Here for English<img decoding=\"async\" width=\"20\" height=\"20\" class=\"alignright wp-image-15790\" src=\"http:\/\/rioonwatch.org.br\/wp-content\/uploads\/2012\/08\/EN-standard-e1439583104716.jpg\" alt=\"\" \/><\/a><\/strong><\/em><\/p>\n<h4>Nos Estados Unidos e no Brasil, <a href=\"http:\/\/bit.ly\/2ahWez3\" target=\"_blank\" rel=\"noopener noreferrer\">dois pa\u00edses com hist\u00f3rias profundas de injusti\u00e7a racial<\/a>, disparidades nas oportunidades educacionais entre as minoridades raciais e a popula\u00e7\u00e3o branca se manifestam desde a pr\u00e9-escola. As chances de encarceramento aumentam significativamente entre as popula\u00e7\u00f5es negras pobres, muito em fun\u00e7\u00e3o de estruturas e pol\u00edticas que tem in\u00edcio no come\u00e7o da escolaridade formal. Esse padr\u00e3o tem sido chamado de <a href=\"http:\/\/bit.ly\/2nYFz6w\" target=\"_blank\" rel=\"noopener noreferrer\">School-to-Prison Pipeline<\/a>\u00a0em ingl\u00eas, traduz\u00edvel como &#8220;Via Direta Escola-Pris\u00e3o&#8221; e a Uni\u00e3o Americana pelas Liberdades Civis (ACLU) <a href=\"http:\/\/bit.ly\/2oeFT4l\" target=\"_blank\" rel=\"noopener noreferrer\">define essa Via como<\/a> \u201cas pol\u00edticas e as pr\u00e1ticas que impulsionam os alunos do pa\u00eds, especialmente as crian\u00e7as em maior situa\u00e7\u00e3o de risco, para fora das salas de aula e para dentro dos sistemas de justi\u00e7a criminal e juvenil&#8221;.<\/h4>\n<p><span style=\"font-weight: 400;\">Tanto no Brasil quanto nos Estados Unidos <a href=\"http:\/\/bit.ly\/2nHZxr0\" target=\"_blank\" rel=\"noopener noreferrer\">essa Via<\/a>\u00a0se inicia com recursos inadequados direcionados \u00e0s escolas p\u00fablicas de bairros vivendo sobre estresse. Devido \u00e0 falta de oportunidades educacionais\u00a0<a href=\"http:\/\/bit.ly\/2qkhTuZ\" target=\"_blank\" rel=\"noopener noreferrer\">combinado com pol\u00edticas de puni\u00e7\u00e3o rigorosas e muitas vezes injustas, muitos estudantes negros acabam deixando a escola<\/a> e, finalmente, se envolvendo em atividades criminosas. Nos Estados Unidos,\u00a0<a href=\"http:\/\/read.bi\/2pgRrly\" target=\"_blank\" rel=\"noopener noreferrer\">cerca de 1 milh\u00e3o de negros<\/a> representam 43% dos\u00a02,3 milh\u00f5es encarcerados. Os afro-brasileiros <a href=\"http:\/\/bit.ly\/2omcshf\" target=\"_blank\" rel=\"noopener noreferrer\">representam 61%<\/a> dos 622.200 encarcerados no Brasil.<\/span><\/p>\n<p><span style=\"font-weight: 400;\">Nos \u00faltimos anos, estat\u00edsticas chocantes que refletem as taxas de pris\u00e3o entre as comunidades negras ganharam aten\u00e7\u00e3o crescente. Mas n\u00e3o foi feito o suficiente para erradicar esses padr\u00f5es que se manifestam desde a pr\u00e9-escola. E embora ambos pa\u00edses reflitam semelhan\u00e7as flagrantes em termos de taxas de pris\u00e3o e disparidades educacionais, os Estados Unidos se diferencia do Brasil em termos de estrutura e pol\u00edticas p\u00fablicas relevantes.<\/span><\/p>\n<h3><strong>Contexto Hist\u00f3rico: Estados Unidos<\/strong><\/h3>\n<p><span style=\"font-weight: 400;\">A desigualdade de oportunidade nos Estados Unidos nasceu na escravid\u00e3o e se manteve depois disso. Ap\u00f3s a Guerra Civil, os estados do Sul promulgaram uma s\u00e9rie de leis para limitar os direitos civis e as oportunidades dos cidad\u00e3os negros. Essas pol\u00edticas, chamadas de <a href=\"http:\/\/bit.ly\/2fy96F2\" target=\"_blank\" rel=\"noopener noreferrer\">leis Jim Crow<\/a>, refor\u00e7aram a segrega\u00e7\u00e3o racial e impossibilitaram a popula\u00e7\u00e3o negra de votar em cargos p\u00fablicos, utilizar bens e servi\u00e7os p\u00fablicos e acessar a educa\u00e7\u00e3o. Crian\u00e7as negras e brancas eram proibidas de estudar nas mesmas escolas p\u00fablicas a fim de defender a ideologia \u201cseparados, mas iguais\u201d que fora apresentada pelos democratas do Sul na \u00e9poca. A segrega\u00e7\u00e3o racial nas escolas foi mantida por todo o pa\u00eds at\u00e9 a decis\u00e3o da Suprema Corte no caso <a href=\"http:\/\/bit.ly\/2olRO0K\" target=\"_blank\" rel=\"noopener noreferrer\">Brown contra o Conselho Educacional<\/a> em 1954 que determinou a segrega\u00e7\u00e3o como desigual e ordenou que as escolas fossem dessegregadas o mais r\u00e1pido poss\u00edvel. Contudo, apenas com a assinatura do <a href=\"http:\/\/bit.ly\/2odKTos\" target=\"_blank\" rel=\"noopener noreferrer\">Ato pelos Direitos Civis de 1964<\/a> que os cidad\u00e3os negros ganharam igual prote\u00e7\u00e3o sob a lei e liberdade de acesso aos mesmos locais que os cidad\u00e3os brancos, sem discrimina\u00e7\u00e3o. <\/span><\/p>\n<p><span style=\"font-weight: 400;\"><a href=\"http:\/\/rioonwatch.org.br\/wp-content\/uploads\/2017\/04\/Segregation-in-the-U.S-black-lives-matter-1.jpg\"><img fetchpriority=\"high\" decoding=\"async\" class=\"aligncenter wp-image-25400 size-content\" title=\"Tribunal p\u00f5em fim a segrega\u00e7\u00e3o nas escolas p\u00fablicas. Imagem de http:\/\/www.truevined.com\/2015\/08\/segregation-in-public-schools-isnt-just.html\" src=\"http:\/\/rioonwatch.org.br\/wp-content\/uploads\/2017\/04\/Segregation-in-the-U.S-black-lives-matter-1-620x264.jpg\" alt=\"\" width=\"620\" height=\"264\" srcset=\"https:\/\/rioonwatch.org.br\/wp-content\/uploads\/2017\/04\/Segregation-in-the-U.S-black-lives-matter-1-620x264.jpg 620w, https:\/\/rioonwatch.org.br\/wp-content\/uploads\/2017\/04\/Segregation-in-the-U.S-black-lives-matter-1-940x400.jpg 940w\" sizes=\"(max-width: 620px) 100vw, 620px\" \/><\/a><\/span><\/p>\n<p><span style=\"font-weight: 400;\">Embora 1964 tenha marcado uma nova era encerrando a discrimina\u00e7\u00e3o racial legal, os moradores negros continuaram a sofrer com pol\u00edticas racistas encobertas (e \u00e0s vezes completamente abertas), exacerbando as desigualdades sociais. Ao longo do s\u00e9culo XX, os <a href=\"http:\/\/bit.ly\/2o31EBV\" target=\"_blank\" rel=\"noopener noreferrer\">bancos recusaram consistentemente empr\u00e9stimos a propriet\u00e1rios de casas e futuros propriet\u00e1rios em bairros tradicionalmente negros<\/a> atrav\u00e9s de uma pr\u00e1tica chamada de &#8220;<a href=\"http:\/\/n.pr\/2nQJrq0\" target=\"_blank\" rel=\"noopener noreferrer\"><em>redlining<\/em><\/a>&#8221; (zona vermelha). Ag\u00eancias federais de habita\u00e7\u00e3o determinavam o quanto os bairros estavam aptos a receber investimento dos bancos e companhias de seguros com base em sua proximidade a bairros de negros; aqueles considerados inaptos a receber o investimento eram sombreados em vermelho. A demarca\u00e7\u00e3o exclu\u00eda as comunidades negras das oportunidades de crescimento e mobilidade financeira, prejudicando os neg\u00f3cios locais, os espa\u00e7os p\u00fablicos e as escolas dos bairros.<\/span><\/p>\n<figure id=\"attachment_25402\" aria-describedby=\"caption-attachment-25402\" style=\"width: 620px\" class=\"wp-caption aligncenter\"><a href=\"http:\/\/rioonwatch.org.br\/wp-content\/uploads\/2017\/04\/holc-scan-small2_custom-8531e66ab54655b6e42a854bf157a7acee06928c-s800-c85-2.jpg\"><img decoding=\"async\" class=\"wp-image-25402 size-content\" title=\"Um mapa de zona vermelha de Nova Orleans. Image de NPR http:\/\/n.pr\/2nQJrq0\" src=\"http:\/\/rioonwatch.org.br\/wp-content\/uploads\/2017\/04\/holc-scan-small2_custom-8531e66ab54655b6e42a854bf157a7acee06928c-s800-c85-2-620x264.jpg\" alt=\"\" width=\"620\" height=\"264\" srcset=\"https:\/\/rioonwatch.org.br\/wp-content\/uploads\/2017\/04\/holc-scan-small2_custom-8531e66ab54655b6e42a854bf157a7acee06928c-s800-c85-2-620x264.jpg 620w, https:\/\/rioonwatch.org.br\/wp-content\/uploads\/2017\/04\/holc-scan-small2_custom-8531e66ab54655b6e42a854bf157a7acee06928c-s800-c85-2-940x400.jpg 940w\" sizes=\"(max-width: 620px) 100vw, 620px\" \/><\/a><figcaption id=\"caption-attachment-25402\" class=\"wp-caption-text\">Um mapa de zona vermelha de Nova Orleans<\/figcaption><\/figure>\n<h3><strong>Situa\u00e7\u00e3o Atual: Estados Unidos<\/strong><\/h3>\n<p><span style=\"font-weight: 400;\">Nas \u00faltimas d\u00e9cadas, a exclus\u00e3o social e <a href=\"http:\/\/n.pr\/2pv7zjq\" target=\"_blank\" rel=\"noopener noreferrer\">racial se manifestam na determina\u00e7\u00e3o dos distritos escolares<\/a>. Nos Estados Unidos, os estudantes normalmente frequentam as escolas p\u00fablicas mais pr\u00f3ximas de onde moram e, devido as disparidades econ\u00f4micas e as hist\u00f3ricas pol\u00edticas de <a href=\"http:\/\/n.pr\/2oYVtmt\" target=\"_blank\" rel=\"noopener noreferrer\">segrega\u00e7\u00e3o habitacional<\/a> mencionadas anteriormente, as salas de aula costumam refletir uma falta de diversidade racial e econ\u00f4mica. <a href=\"http:\/\/n.pr\/2o7jTFv\" target=\"_blank\" rel=\"noopener noreferrer\">Para piorar as coisas, as escolas p\u00fablicas de distritos<\/a> com maiores porcentagens de estudantes de minorias raciais e negros quase que universalmente recebem menos financiamento do que as escolas com porcentagens mais altas de estudantes brancos, independentemente da situa\u00e7\u00e3o econ\u00f4mica do distrito. Nos Estados Unidos, uma grande parte do financiamento escolar prov\u00e9m do\u00a0IPTU e as fam\u00edlias de minorias raciais tendem a viver em bairros mais pobres. No entanto, \u201cse voc\u00ea codifica com cores os bairros com base em suas composi\u00e7\u00f5es raciais, voc\u00ea v\u00ea essa ruptura muito forte. Mesmo em qualquer n\u00edvel de pobreza, os distritos que tem uma maior propor\u00e7\u00e3o de estudantes brancos obt\u00e9m um financiamento substancialmente superior do que os distritos que possuem mais estudantes de minorias\u201d, disse o\u00a0<a href=\"http:\/\/theatln.tc\/2pgVZs2\" target=\"_blank\" rel=\"noopener noreferrer\">cientista de dados David Mosenkis<\/a>. O financiamento desigual para algumas popula\u00e7\u00f5es resulta em uma lacuna de conquistas raciais que coloca negros e estudantes de minorias em uma grande desvantagem. Com menos investimentos chegam professores de menor qualidade e menos recursos para prover aos estudantes as ferramentas que precisam para ter sucesso. <\/span><\/p>\n<p><iframe src=\"https:\/\/embed.ted.com\/talks\/alice_goffman_college_or_prison_two_destinies_one_blatant_injustice\" width=\"620\" height=\"340\" frameborder=\"0\" scrolling=\"no\" allowfullscreen=\"allowfullscreen\"><\/iframe><\/p>\n<p>J\u00e1 em dupla desvantagem (sendo discriminados e recebendo menos recursos educacionais), al\u00e9m disso existe uma tend\u00eancia comum de tens\u00e3o entre a institui\u00e7\u00e3o policial e as comunidades negras, em particular. Essas tens\u00f5es come\u00e7am a se construir em escolas e salas de aula, com suspens\u00f5es escolares j\u00e1 durante a pr\u00e9-escola. <a href=\"http:\/\/huff.to\/2oeDwyG\" target=\"_blank\" rel=\"noopener noreferrer\">De acordo com dados de 2014<\/a>, &#8220;estudantes negros representam 18% das crian\u00e7as matriculadas em pr\u00e9-escolas e 48% dessas crian\u00e7as j\u00e1 sofreram mais de uma suspens\u00e3o escolar. Estudantes brancos representam 43% das matr\u00edculas, mas correspondem a apenas 26% dos alunos com mais de uma <a href=\"http:\/\/n.pr\/2ou2Q3H\" target=\"_blank\" rel=\"noopener noreferrer\">suspens\u00e3o<\/a>&#8220;. Em escolas p\u00fablicas com baixos recursos, por todo o pa\u00eds, policiais interv\u00e9m desnecessariamente em situa\u00e7\u00f5es menores, criando uma din\u00e2mica de ressentimento em rela\u00e7\u00e3o \u00e0 aplica\u00e7\u00e3o da lei e ao tratamento injusto dos estudantes. <a href=\"http:\/\/bit.ly\/2oeEKKd\" target=\"_blank\" rel=\"noopener noreferrer\">De acordo com a ACLU<\/a>, \u201cmuitas escolas com poucos recursos depositam uma confian\u00e7a maior na pol\u00edcia do que nos professores e diretores para manter a disciplina. Um n\u00famero cada vez maior de distritos emprega agentes policiais como recurso escolar para patrulharem os corredores, normalmente com pouco ou nenhum treinamento para o trabalho com os jovens. Como resultado, as crian\u00e7as ficam muito mais propensas a serem sujeitas a deten\u00e7\u00f5es escolares&#8211;cuja maioria s\u00e3o relativas a ofensas n\u00e3o-violentas&#8221;.<\/p>\n<p><span style=\"font-weight: 400;\">O uso inapropriado de policiais nas escolas aumenta as tens\u00f5es entre as popula\u00e7\u00f5es de cor e a aplica\u00e7\u00e3o da lei, de forma geral. Segundo uma <a href=\"http:\/\/bit.ly\/2om51Xm\" target=\"_blank\" rel=\"noopener noreferrer\">pesquisa feita pelo Projeto de Avan\u00e7o<\/a>, \u201cem muitos lugares onde a utiliza\u00e7\u00e3o da pol\u00edcia \u00e9 feita de forma exagerada ou de forma inadequada, os jovens tamb\u00e9m come\u00e7am a se ressentir e a desconfiar deles. \u00c9 comum que os jovens percam a confian\u00e7a na boa vontade por parte da pol\u00edcia quando eles acreditam que est\u00e3o sendo tratados de forma injusta em suas escolas. E, infelizmente, esses sentimentos continuam para al\u00e9m das portas das escolas&#8221;.<\/span><\/p>\n<p><span style=\"font-weight: 400;\">Um dos principais efeitos colaterais da lacuna racial \u00e9 o aumento da probabilidade de abandono completo do ensino m\u00e9dio. Aqueles que abandonam a escola est\u00e3o mais suscet\u00edveis a recorrer \u00e0s atividades ilegais como forma de obter renda. <a href=\"http:\/\/bit.ly\/2om3wbN\" target=\"_blank\" rel=\"noopener noreferrer\">De acordo com um estudo feito pelo Departamento de Educa\u00e7\u00e3o dos Estados Unidos em 2013<\/a>, 86,6% dos estudantes brancos conclu\u00edram o ensino m\u00e9dio em compara\u00e7\u00e3o a apenas 71% dos estudantes negros. <\/span><\/p>\n<p><span style=\"font-weight: 400;\">Os Estados Unidos t\u00eam um hist\u00f3rico de \u00edndices desproporcionais de encarceramento de grupos raciais minorit\u00e1rios. Com base em dados da <a href=\"http:\/\/bit.ly\/2nu3teK\" target=\"_blank\" rel=\"noopener noreferrer\">Associa\u00e7\u00e3o Nacional para o Avan\u00e7o das Pessoas de Cor<\/a> (NAACP), \u201cafro-americanos e hisp\u00e2nicos compreenderam 58% de todos os prisioneiros em 2008, apesar dos afro-americanos e dos hisp\u00e2nicos representarem apenas um quarto da popula\u00e7\u00e3o dos EUA\u201d. Isso n\u00e3o significa necessariamente que as minorias est\u00e3o cometendo mais crimes. Por exemplo, \u201ccinco vezes mais brancos est\u00e3o consumindo drogas como negros, mas os negros s\u00e3o presos 10 vezes mais que os brancos por delitos relacionados \u00e0s drogas&#8221;. A fim de combater a Via Direta Escola-Pris\u00e3o\u00a0existente desde a pr\u00e9-escola nos Estados Unidos, devemos implementar pol\u00edticas para distribuir de forma justa os recursos para as escolas e analisar como estimulamos e repreendemos os alunos.<\/span><\/p>\n<h3><strong>Contexto Hist\u00f3rico: Brasil<\/strong><\/h3>\n<p><span style=\"font-weight: 400;\">Como os Estados Unidos, a desigualdade de oportunidades no Brasil <a href=\"http:\/\/bit.ly\/2oBmk8x\" target=\"_blank\" rel=\"noopener noreferrer\">remonta<\/a> aos tempos da escravid\u00e3o. O Brasil importou <a href=\"http:\/\/bit.ly\/2gUSg3q\" target=\"_blank\" rel=\"noopener noreferrer\">mais escravos do que qualquer outro pa\u00eds<\/a> na hist\u00f3ria mundial. Durante a monarquia constitucional, a coroa portuguesa temeu a exist\u00eancia de uma elite letrada e, portanto, <a href=\"http:\/\/bit.ly\/2o6GEdl\" target=\"_blank\" rel=\"noopener noreferrer\">nunca investiu em educa\u00e7\u00e3o<\/a>. Este pensamento estava intimamente ligado \u00e0 <a href=\"http:\/\/bit.ly\/2pEjMXg\" target=\"_blank\" rel=\"noopener noreferrer\">ideologia da pureza racial<\/a>, que mede o status de uma pessoa pelo n\u00edvel de sangue africano ou ind\u00edgena. Aqueles considerados &#8220;menos puros&#8221; e, portanto, <a href=\"http:\/\/bit.ly\/2pncYu2\" target=\"_blank\" rel=\"noopener noreferrer\">inferiores, foram exclu\u00eddos<\/a> do acesso \u00e0 educa\u00e7\u00e3o e \u00e0s oportunidades de emprego.<\/span><\/p>\n<p><span style=\"font-weight: 400;\">Em 1889, um ano ap\u00f3s a aboli\u00e7\u00e3o da escravid\u00e3o, a monarquia foi substitu\u00edda por um governo republicano. A Constitui\u00e7\u00e3o Republicana <a href=\"http:\/\/bit.ly\/2otasoc\" target=\"_blank\" rel=\"noopener noreferrer\">n\u00e3o estabeleceu a educa\u00e7\u00e3o como um direito b\u00e1sico para todos os cidad\u00e3os<\/a>. Os afro-brasileiros, que constitu\u00edam a maioria da popula\u00e7\u00e3o, foram exclu\u00eddos do acesso \u00e0 escola. Contudo, devido ao desejo de &#8220;europeizar&#8221; o Brasil, os l\u00edderes educacionais <a href=\"http:\/\/bit.ly\/2pmYEBN\" target=\"_blank\" rel=\"noopener noreferrer\">n\u00e3o impediram<\/a> que os afro-brasileiros fossem \u00e0 escola, pois viam a educa\u00e7\u00e3o como a solu\u00e7\u00e3o para a &#8220;degenera\u00e7\u00e3o cultural&#8221;. Embora o governo federal subsidiasse os estados para investimento escolar prim\u00e1rio e secund\u00e1rio, os fundos atingiam menos da metade da popula\u00e7\u00e3o. Devido \u00e0 press\u00e3o do grupo pol\u00edtico &#8220;<a href=\"http:\/\/bit.ly\/2prtSJS\" target=\"_blank\" rel=\"noopener noreferrer\">Pioneiros da Educa\u00e7\u00e3o Nova<\/a>&#8220;, a <a href=\"http:\/\/bit.ly\/2pmZpuD\" target=\"_blank\" rel=\"noopener noreferrer\">Constitui\u00e7\u00e3o de 1934<\/a> incluiu o direito universal \u00e0 educa\u00e7\u00e3o.<\/span><\/p>\n<p>A ditadura militar de Get\u00falio Vargas interrompeu todas as leis educacionais em 1937, levando a uma nova rodada de reformas. A reforma educacional foi estabelecida a n\u00edvel federal e um curr\u00edculo nacional foi desenvolvido para todas as faixas et\u00e1rias. Com o fim da ditadura ap\u00f3s a Segunda Guerra Mundial, a Constitui\u00e7\u00e3o de 1946 alterou as leis de educa\u00e7\u00e3o para quatro anos de ensino prim\u00e1rio gratuito e obrigat\u00f3rio para todas as crian\u00e7as de 7 anos ou mais. Entretanto, os que estavam em extrema pobreza foram exclu\u00eddos dessa obriga\u00e7\u00e3o.<\/p>\n<p><span style=\"font-weight: 400;\">A demanda popular por educa\u00e7\u00e3o no fim da <a href=\"http:\/\/bit.ly\/1nQlHQA\" target=\"_blank\" rel=\"noopener noreferrer\">ditadura militar<\/a>\u00a0(1964-1985) levou a um aumento da oportunidade de se matricular. Mas a qualidade da educa\u00e7\u00e3o diminuiu devido \u00e0 falta de investimento p\u00fablico.<\/span><\/p>\n<p><span style=\"font-weight: 400;\">Apenas ap\u00f3s a ratifica\u00e7\u00e3o da Constitui\u00e7\u00e3o de 1988 que a escola p\u00fablica passou a ser considerada um direito legal. Com o novo sistema democr\u00e1tico, <a href=\"http:\/\/bit.ly\/2nFAhh0\" target=\"_blank\" rel=\"noopener noreferrer\">18% do or\u00e7amento federal anual foi dedicado \u00e0s despesas com educa\u00e7\u00e3o<\/a>.<\/span><\/p>\n<p><a href=\"http:\/\/rioonwatch.org.br\/wp-content\/uploads\/2017\/04\/1988-Constitution.jpg\"><img loading=\"lazy\" decoding=\"async\" class=\"aligncenter wp-image-25409 size-content\" title=\"Ulysses Guimar\u00e3es, Presidente da Assembleia Nacional Constituinte, com a nova Constitui\u00e7\u00e3o assinada.\" src=\"http:\/\/rioonwatch.org.br\/wp-content\/uploads\/2017\/04\/1988-Constitution-620x264.jpg\" alt=\"\" width=\"620\" height=\"264\" srcset=\"https:\/\/rioonwatch.org.br\/wp-content\/uploads\/2017\/04\/1988-Constitution-620x264.jpg 620w, https:\/\/rioonwatch.org.br\/wp-content\/uploads\/2017\/04\/1988-Constitution-940x400.jpg 940w\" sizes=\"(max-width: 620px) 100vw, 620px\" \/><\/a><\/p>\n<h3><strong>Situa\u00e7\u00e3o Atual: Brasil<\/strong><\/h3>\n<p><span style=\"font-weight: 400;\">Nas \u00faltimas d\u00e9cadas, v\u00e1rios fatores agravaram a desigualdade educacional no Brasil. Um quarto das escolas no Brasil s\u00e3o privadas e atendem estudantes cujos pais podem pagar as mensalidades caras, enquanto as escolas p\u00fablicas costumam atender alunos de fam\u00edlias de baixa renda. O financiamento para estas escolas est\u00e1 ligado aos or\u00e7amentos estaduais e municipais, de modo que as escolas das cidades mais ricas s\u00e3o <a href=\"http:\/\/bit.ly\/2oBHR0u\" target=\"_blank\" rel=\"noopener noreferrer\">mais bem financiadas<\/a> do que as dos estados mais pobres e as \u00e1reas fora das grandes cidades.<\/span><\/p>\n<p><span style=\"font-weight: 400;\">A deficiente educa\u00e7\u00e3o p\u00fablica nos n\u00edveis prim\u00e1rio e secund\u00e1rio \u00e9 vis\u00edvel no n\u00famero de estudantes brasileiros analfabetos funcionais. Com base em <a href=\"http:\/\/bit.ly\/2nbo1J0\" target=\"_blank\" rel=\"noopener noreferrer\">um estudo<\/a> feito pelo Instituto Paulo Montenegro (IPM) em 2012, 65% dos alunos com diploma de ensino m\u00e9dio s\u00e3o <a href=\"http:\/\/bit.ly\/2oEEvJR\" target=\"_blank\" rel=\"noopener noreferrer\">incapazes de compreender<\/a> textos b\u00e1sicos. Na tentativa de combater estes n\u00fameros, o governo lan\u00e7ou o Plano Nacional de Educa\u00e7\u00e3o em 2014, no qual incluiu medidas para aumentar os anos de educa\u00e7\u00e3o obrigat\u00f3ria (agora de 4 a 17 anos), aumentar as taxas de matr\u00edcula e melhorar a qualifica\u00e7\u00e3o dos professores.<\/span><\/p>\n<figure id=\"attachment_25411\" aria-describedby=\"caption-attachment-25411\" style=\"width: 620px\" class=\"wp-caption aligncenter\"><a href=\"http:\/\/rioonwatch.org.br\/wp-content\/uploads\/2017\/04\/Jovens-de-15-a-17.jpg\"><img loading=\"lazy\" decoding=\"async\" class=\"wp-image-25411 size-medium\" title=\"(Fonte: Unibanco Institute from Pnad\/IBGE)\" src=\"http:\/\/rioonwatch.org.br\/wp-content\/uploads\/2017\/04\/Jovens-de-15-a-17-620x362.jpg\" alt=\"\" width=\"620\" height=\"362\" srcset=\"https:\/\/rioonwatch.org.br\/wp-content\/uploads\/2017\/04\/Jovens-de-15-a-17-620x362.jpg 620w, https:\/\/rioonwatch.org.br\/wp-content\/uploads\/2017\/04\/Jovens-de-15-a-17-452x264.jpg 452w, https:\/\/rioonwatch.org.br\/wp-content\/uploads\/2017\/04\/Jovens-de-15-a-17-768x448.jpg 768w, https:\/\/rioonwatch.org.br\/wp-content\/uploads\/2017\/04\/Jovens-de-15-a-17-1024x598.jpg 1024w, https:\/\/rioonwatch.org.br\/wp-content\/uploads\/2017\/04\/Jovens-de-15-a-17.jpg 1444w\" sizes=\"(max-width: 620px) 100vw, 620px\" \/><\/a><figcaption id=\"caption-attachment-25411\" class=\"wp-caption-text\">Desde 2001, o percentual de jovens negros do ensino m\u00e9dio dobrou, aumentando em 26%. No mesmo per\u00edodo, a propor\u00e7\u00e3o de jovens estudantes brancos do ensino m\u00e9dio aumentou 14%. A diferen\u00e7a entre os dois grupos diminuiu 26% para 14%.<\/figcaption><\/figure>\n<p><span style=\"font-weight: 400;\">Um <a href=\"http:\/\/bit.ly\/2oMGfOb\" target=\"_blank\" rel=\"noopener noreferrer\">relat\u00f3rio de 2015 do Instituto Unibanco<\/a> mostra que mais de metade dos estudantes negros ou pardos est\u00e3o agora matriculados em escolas secund\u00e1rias, mas que as lacunas nas matr\u00edculas raciais ainda s\u00e3o significativamente grandes. O Relat\u00f3rio do Programa de Avalia\u00e7\u00e3o Internacional de Estudantes (PISA) da <a href=\"http:\/\/bit.ly\/2oJIly7\">OCDE sobre o Brasil em 2015<\/a> concluiu que &#8220;os gastos com educa\u00e7\u00e3o aumentaram desde 2012, mas o Brasil ainda enfrenta o desafio de traduzir as despesas adicionais em melhores resultados de aprendizagem&#8221;. 71% dos jovens de 15 anos est\u00e3o agora na escola ou matriculados na 7\u00aa s\u00e9rie ou acima, 15% maior do que em 2003. No entanto, o Brasil tem uma grande porcentagem de alunos desfavorecidos. Os estudantes no Brasil obt\u00eam notas abaixo da m\u00e9dia da OCDE e compar\u00e1veis as da Indon\u00e9sia e do Peru. E &#8220;no Brasil, os diretores das escolas p\u00fablicas est\u00e3o mais preocupados com os recursos materiais em sua escola do que os diretores das escolas privadas&#8221;. O desempenho m\u00e9dio do Brasil permaneceu inalterado desde 2006.<\/span><\/p>\n<p><span style=\"font-weight: 400;\">\u00c9 importante ressaltar que os programas de matr\u00edcula obrigat\u00f3ria e\u00a0<a href=\"http:\/\/bit.ly\/1bVmvbP\" target=\"_blank\" rel=\"noopener noreferrer\">Bolsa Fam\u00edlia<\/a> t\u00eam incentivado a escolariza\u00e7\u00e3o no Brasil. De acordo com um\u00a0<a href=\"http:\/\/bit.ly\/2qdlKh8\" target=\"_blank\" rel=\"noopener noreferrer\">estudo realizado pelo Banco Mundial em 2007<\/a>, que assinala que &#8220;h\u00e1 uma rela\u00e7\u00e3o pr\u00f3xima entre educa\u00e7\u00e3o, condi\u00e7\u00f5es socioecon\u00f4micas e crime&#8221;, em S\u00e3o Paulo, de 20-25% dos crimes entre aqueles cujas idades s\u00e3o conhecidas, s\u00e3o cometidos por jovens com menos de 18 anos. Este estudo constatou que o Bolsa Fam\u00edlia, ao garantir uma renda b\u00e1sica e escolaridade em fam\u00edlias de baixa renda, efetivamente reduz as taxas de criminalidade entre 6-18%. <\/span><\/p>\n<p><span style=\"font-weight: 400;\">Contudo, continuam a faltar melhorias estruturais, o que afeta predominantemente as fam\u00edlias de baixa renda. Devido a escolas p\u00fablicas pobres, fam\u00edlias de classe m\u00e9dia e alta colocam seus filhos em escolas privadas, agravando as lacunas entre as conquistas. As diferen\u00e7as entre os estudantes das escolas p\u00fablicas e privadas se tornam ainda mais evidentes quando competem por um lugar nas universidades p\u00fablicas, especialmente agora que\u00a0<a href=\"https:\/\/glo.bo\/2pn5cR2\" target=\"_blank\" rel=\"noopener noreferrer\">mais crian\u00e7as de fam\u00edlias de baixa renda terminam o ensino m\u00e9dio<\/a>. No Brasil, as universidades mais competitivas s\u00e3o p\u00fablicas e tamb\u00e9m gratuitas. No entanto o vestibular para essas universidades \u00e9 formulado para aqueles com treinamento extensivo. As fam\u00edlias que podem investir em escolas privadas e pagar por um caro curso preparat\u00f3rio t\u00eam a melhor possibilidade de entrar em universidades p\u00fablicas, <a href=\"http:\/\/bit.ly\/2oOj30O\" target=\"_blank\" rel=\"noopener noreferrer\">comumente excluindo os estudantes de baixa forma\u00e7\u00e3o socioecon\u00f4mica<\/a>.<\/span><\/p>\n<p><span style=\"font-weight: 400;\">Como primeiro passo para diminuir a desigualdade educacional nas universidades, em <a href=\"http:\/\/bit.ly\/2pgV9eJ\" target=\"_blank\" rel=\"noopener noreferrer\">2012 o governo federal aprovou a Lei n\u00ba 12.711<\/a>\u00a0que aloca 50% das vagas das universidades federais para estudantes de escolas p\u00fablicas. Um certo n\u00famero dessas vagas foi destinado a estudantes com renda familiar igual ou inferior a um sal\u00e1rio m\u00ednimo e meio, e outra parte foi garantida para estudantes negros, mesti\u00e7os e ind\u00edgenas. Embora incrivelmente eficaz em fornecer acesso a estudantes de todas as origens raciais que chegam \u00e0 universidade, as cotas n\u00e3o abordam a maior responsabilidade do governo de melhorar a qualidade da educa\u00e7\u00e3o p\u00fablica no ensino fundamental e m\u00e9dio. <\/span><\/p>\n<p><span style=\"font-weight: 400;\">As escolas p\u00fablicas brasileiras tamb\u00e9m s\u00e3o marcadas por altas taxas de abandono escolar e de repeti\u00e7\u00e3o, muitas vezes devido \u00e0 falta de engajamento dos alunos. Entre jovens de\u00a0<a href=\"http:\/\/bit.ly\/2oMGfOb\" target=\"_blank\" rel=\"noopener noreferrer\">15-17 anos que n\u00e3o frequentam a escola p\u00fablica<\/a>, 19% tem\u00a0o diploma do ensino m\u00e9dio. Entre a popula\u00e7\u00e3o branca, esse n\u00famero \u00e9 de 28%, enquanto entre a popula\u00e7\u00e3o negra, \u00e9 de apenas 15%. <\/span><\/p>\n<p><span style=\"font-weight: 400;\">Existem in\u00fameros fatores que levam ao abandono escolar. Em muitos casos, os alunos perdem o interesse devido \u00e0 m\u00e1 qualidade do ensino e um curr\u00edculo r\u00edgido que permite pouca flexibilidade. Al\u00e9m disso, uma pesquisa de 2009 sobre o preconceito e a discrimina\u00e7\u00e3o em ambientes escolares concluiu que as taxas de falta de engajamento e abandono est\u00e3o ligadas \u00e0 discrimina\u00e7\u00e3o. O <a href=\"http:\/\/bit.ly\/2nOxGl7\" target=\"_blank\" rel=\"noopener noreferrer\">estudo<\/a> identificou a ra\u00e7a como uma das principais fontes de bullying, e descobriu que as taxas mais altas de abandono ocorreram em escolas com um maior n\u00edvel de preconceito.<\/span><\/p>\n<p><span style=\"font-weight: 400;\">Em 2015, a C\u00e2mara dos Deputados aprovou uma emenda constitucional (<a href=\"http:\/\/bit.ly\/2p6lDjc\" target=\"_blank\" rel=\"noopener noreferrer\">PEC 171\/93<\/a>)\u00a0que reduz a idade de responsabilidade criminal por crimes violentos <a href=\"http:\/\/bit.ly\/2p9bHbl\" target=\"_blank\" rel=\"noopener noreferrer\">de 18 para 16 anos<\/a>. Os opositores argumentam que reduzir a idade e aumentar a dura\u00e7\u00e3o das penas de pris\u00e3o s\u00f3 piora as disparidades raciais no sistema de justi\u00e7a brasileiro. Devido \u00e0 falta de oportunidades para ressocializa\u00e7\u00e3o, condenados libertados da pris\u00e3o possuem <a href=\"http:\/\/bit.ly\/2oOazbf\" target=\"_blank\" rel=\"noopener noreferrer\">70-80% de probabilidade de reincid\u00eancia<\/a>. <\/span><\/p>\n<p><span style=\"font-weight: 400;\">Devido a um legado colonial de desigualdades raciais e oportunidades inadequadas de educa\u00e7\u00e3o, certas popula\u00e7\u00f5es t\u00eam maior probabilidade de deixar a escola e acabar no sistema de justi\u00e7a criminal no Brasil. Embora a reforma ainda seja necess\u00e1ria, o governo teria que quase dobrar as despesas de educa\u00e7\u00e3o federal e estadual em 2017, a fim de cumprir as metas estabelecidas pelo governo no <a href=\"http:\/\/bit.ly\/2nXynZU\" target=\"_blank\" rel=\"noopener noreferrer\">Plano Nacional de Educa\u00e7\u00e3o<\/a>. Entretanto, no entanto, o governo federal recentemente aprovou a\u00a0<a href=\"http:\/\/bit.ly\/2nSIhuN\" target=\"_blank\" rel=\"noopener noreferrer\">emenda de austeridade PEC 55<\/a>, que criou um limite de 20 anos de gastos p\u00fablicos. At\u00e9 que o Brasil mude drasticamente sua abordagem da pol\u00edtica educacional, as estat\u00edsticas das pris\u00f5es continuar\u00e3o a refletir as lacunas de oportunidade raciais.<\/span><\/p>\n<h3><strong>Conclus\u00e3o<\/strong><\/h3>\n<p><span style=\"font-weight: 400;\">Embora as pol\u00edticas dos Estados Unidos e do Brasil tenham sido influenciadas por fatores hist\u00f3ricos \u00fanicos, ambos os pa\u00edses compartilham um racismo sist\u00eamico enraizado desde os tempos de escravid\u00e3o, com altas taxas de encarceramento e lacunas de acesso acad\u00eamico e conquistas. Ambos os pa\u00edses s\u00e3o caracterizados pela exist\u00eancia de uma Via Direta Escola-Pris\u00e3o. A \u201c<a href=\"http:\/\/ti.me\/2oS9dyM\" target=\"_blank\" rel=\"noopener noreferrer\">Guerra ao Crime<\/a>\u201d, uma iniciativa norte-americana iniciada pelo Presidente Johnson em 1965 para investir no combate ao crime a n\u00edvel federal, tomou for\u00e7a n\u00e3o s\u00f3 no pa\u00eds, mas no mundo todo. O movimento resultou em um crescimento exponencial das taxas de encarceramento, especificamente para crimes de drogas de pequeno porte. Hoje, os Estados Unidos e o Brasil s\u00e3o o lar de algumas das maiores popula\u00e7\u00f5es carcer\u00e1rias do mundo. Al\u00e9m de sistemas de justi\u00e7a objetivamente injustos em ambos os pa\u00edses, a falta de oportunidades educacionais agrava os padr\u00f5es de criminalidade e pris\u00e3o. Infelizmente, essas disparidades se manifestam desde o per\u00edodo pr\u00e9-escolar.<\/span><\/p>\n<!-- AddThis Advanced Settings generic via filter on the_content --><!-- AddThis Share Buttons generic via filter on the_content -->","protected":false},"excerpt":{"rendered":"<div class=\"mh-excerpt\"><p>Click Here for English Nos Estados Unidos e no Brasil, dois pa\u00edses com hist\u00f3rias profundas de injusti\u00e7a racial, disparidades nas oportunidades educacionais entre as minoridades raciais e a popula\u00e7\u00e3o branca se manifestam desde a pr\u00e9-escola. <a class=\"mh-excerpt-more\" href=\"https:\/\/rioonwatch.org.br\/?p=25393\" title=\"&#8216;Via Direta Escola-Pris\u00e3o&#8217;: Desigualdade Educacional Dirige Encarceramento nos EUA e Brasil [REFER\u00caNCIA]\">[&#8230;]<\/a><!-- AddThis Advanced Settings generic via filter on get_the_excerpt --><!-- AddThis Share Buttons generic via filter on get_the_excerpt --><\/p>\n<\/div>","protected":false},"author":129,"featured_media":25396,"comment_status":"closed","ping_status":"closed","sticky":false,"template":"","format":"standard","meta":{"_acf_changed":false,"_monsterinsights_skip_tracking":false,"_monsterinsights_sitenote_active":false,"_monsterinsights_sitenote_note":"","_monsterinsights_sitenote_category":0,"footnotes":""},"categories":[1621,1632,1631,1626,344],"tags":[3253,759,1226,413,2070,424,876,88,1023,316,818,755,1546,1637,2121,839,1721,936],"writer":[2075,2108],"translator":[1862],"source":[],"ilustrador":[],"fotografo":[],"class_list":{"0":"post-25393","1":"post","2":"type-post","3":"status-publish","4":"format-standard","5":"has-post-thumbnail","7":"category-destaque","8":"category-pesquisa-e-analise","9":"category-entendendo-o-rio","10":"category-por-observadores-internacionais","11":"category-politicas","12":"tag-antirracismo","13":"tag-comparacao-internacional","14":"tag-constituicao","15":"tag-desigualdade","16":"tag-direito-a-educacao","17":"tag-direito-a-moradia","18":"tag-direitos-da-crianca","19":"tag-direitos-humanos","20":"tag-ditadura-militar","21":"tag-educacao","22":"tag-eua","23":"tag-lei","24":"tag-maioridade-penal","25":"tag-referencia","26":"tag-mercado-financeiro","27":"tag-prioridades-publicas-equivocadas","28":"tag-prisoes","29":"tag-raca","30":"writer-emilia-sens","31":"writer-phie-van-rompu","32":"translator-caroline-quintanilha"},"acf":[],"yoast_head":"<!-- This site is optimized with the Yoast SEO plugin v25.6 - https:\/\/yoast.com\/wordpress\/plugins\/seo\/ -->\n<title>&#039;Via Direta Escola-Pris\u00e3o&#039;: Desigualdade Educacional Dirige Encarceramento nos EUA e Brasil [REFER\u00caNCIA] - RioOnWatch<\/title>\n<meta name=\"robots\" content=\"index, follow, max-snippet:-1, max-image-preview:large, max-video-preview:-1\" \/>\n<link rel=\"canonical\" href=\"https:\/\/rioonwatch.org.br\/?p=25393\" \/>\n<meta property=\"og:locale\" content=\"pt_BR\" \/>\n<meta property=\"og:type\" content=\"article\" \/>\n<meta property=\"og:title\" content=\"&#039;Via Direta Escola-Pris\u00e3o&#039;: Desigualdade Educacional Dirige Encarceramento nos EUA e Brasil [REFER\u00caNCIA] - RioOnWatch\" \/>\n<meta property=\"og:description\" content=\"Click Here for English Nos Estados Unidos e no Brasil, dois pa\u00edses com hist\u00f3rias profundas de injusti\u00e7a racial, disparidades nas oportunidades educacionais entre as minoridades raciais e a popula\u00e7\u00e3o branca se manifestam desde a pr\u00e9-escola. [...]\" \/>\n<meta property=\"og:url\" content=\"https:\/\/rioonwatch.org.br\/?p=25393\" \/>\n<meta property=\"og:site_name\" content=\"RioOnWatch\" \/>\n<meta property=\"article:published_time\" content=\"2017-05-01T21:49:03+00:00\" \/>\n<meta property=\"article:modified_time\" content=\"2024-06-20T15:36:52+00:00\" \/>\n<meta property=\"og:image\" content=\"https:\/\/rioonwatch.org.br\/wp-content\/uploads\/2017\/04\/school_to_prison_pipeline-576x324-1.jpg\" \/>\n\t<meta property=\"og:image:width\" content=\"1000\" \/>\n\t<meta property=\"og:image:height\" content=\"563\" \/>\n\t<meta property=\"og:image:type\" content=\"image\/jpeg\" \/>\n<meta name=\"author\" content=\"Admin\" \/>\n<meta name=\"twitter:card\" content=\"summary_large_image\" \/>\n<meta name=\"twitter:label1\" content=\"Escrito por\" \/>\n\t<meta name=\"twitter:data1\" content=\"Admin\" \/>\n\t<meta name=\"twitter:label2\" content=\"Est. tempo de leitura\" \/>\n\t<meta name=\"twitter:data2\" content=\"18 minutos\" \/>\n<script type=\"application\/ld+json\" class=\"yoast-schema-graph\">{\"@context\":\"https:\/\/schema.org\",\"@graph\":[{\"@type\":\"Article\",\"@id\":\"https:\/\/rioonwatch.org.br\/?p=25393#article\",\"isPartOf\":{\"@id\":\"https:\/\/rioonwatch.org.br\/?p=25393\"},\"author\":{\"name\":\"Admin\",\"@id\":\"https:\/\/rioonwatch.org.br\/#\/schema\/person\/11d64c290506f9df50c71b850c473f68\"},\"headline\":\"&#8216;Via Direta Escola-Pris\u00e3o&#8217;: Desigualdade Educacional Dirige Encarceramento nos EUA e Brasil [REFER\u00caNCIA]\",\"datePublished\":\"2017-05-01T21:49:03+00:00\",\"dateModified\":\"2024-06-20T15:36:52+00:00\",\"mainEntityOfPage\":{\"@id\":\"https:\/\/rioonwatch.org.br\/?p=25393\"},\"wordCount\":3175,\"publisher\":{\"@id\":\"https:\/\/rioonwatch.org.br\/#organization\"},\"image\":{\"@id\":\"https:\/\/rioonwatch.org.br\/?p=25393#primaryimage\"},\"thumbnailUrl\":\"https:\/\/rioonwatch.org.br\/wp-content\/uploads\/2017\/04\/school_to_prison_pipeline-576x324-1.jpg\",\"keywords\":[\"Antirracismo\",\"compara\u00e7\u00e3o internacional\",\"constitui\u00e7\u00e3o\",\"desigualdade\",\"direito \u00e0 educa\u00e7\u00e3o\",\"Direito \u00e0 Moradia\",\"direitos da crian\u00e7a\",\"Direitos Humanos\",\"Ditadura Militar\",\"educa\u00e7\u00e3o\",\"EUA\",\"lei\",\"maioridade penal\",\"Mat\u00e9rias de Refer\u00eancia\",\"mercado financeiro\",\"prioridades p\u00fablicas equivocadas\",\"pris\u00f5es\",\"ra\u00e7a\"],\"articleSection\":[\"*Destaque\",\"Dados e Pesquisa\",\"Entendendo o Rio\",\"Escrito por Aliados\",\"Pol\u00edticas\"],\"inLanguage\":\"pt-BR\"},{\"@type\":\"WebPage\",\"@id\":\"https:\/\/rioonwatch.org.br\/?p=25393\",\"url\":\"https:\/\/rioonwatch.org.br\/?p=25393\",\"name\":\"'Via Direta Escola-Pris\u00e3o': Desigualdade Educacional Dirige Encarceramento nos EUA e Brasil [REFER\u00caNCIA] - RioOnWatch\",\"isPartOf\":{\"@id\":\"https:\/\/rioonwatch.org.br\/#website\"},\"primaryImageOfPage\":{\"@id\":\"https:\/\/rioonwatch.org.br\/?p=25393#primaryimage\"},\"image\":{\"@id\":\"https:\/\/rioonwatch.org.br\/?p=25393#primaryimage\"},\"thumbnailUrl\":\"https:\/\/rioonwatch.org.br\/wp-content\/uploads\/2017\/04\/school_to_prison_pipeline-576x324-1.jpg\",\"datePublished\":\"2017-05-01T21:49:03+00:00\",\"dateModified\":\"2024-06-20T15:36:52+00:00\",\"breadcrumb\":{\"@id\":\"https:\/\/rioonwatch.org.br\/?p=25393#breadcrumb\"},\"inLanguage\":\"pt-BR\",\"potentialAction\":[{\"@type\":\"ReadAction\",\"target\":[\"https:\/\/rioonwatch.org.br\/?p=25393\"]}]},{\"@type\":\"ImageObject\",\"inLanguage\":\"pt-BR\",\"@id\":\"https:\/\/rioonwatch.org.br\/?p=25393#primaryimage\",\"url\":\"https:\/\/rioonwatch.org.br\/wp-content\/uploads\/2017\/04\/school_to_prison_pipeline-576x324-1.jpg\",\"contentUrl\":\"https:\/\/rioonwatch.org.br\/wp-content\/uploads\/2017\/04\/school_to_prison_pipeline-576x324-1.jpg\",\"width\":1000,\"height\":563},{\"@type\":\"BreadcrumbList\",\"@id\":\"https:\/\/rioonwatch.org.br\/?p=25393#breadcrumb\",\"itemListElement\":[{\"@type\":\"ListItem\",\"position\":1,\"name\":\"In\u00edcio\",\"item\":\"https:\/\/rioonwatch.org.br\/\"},{\"@type\":\"ListItem\",\"position\":2,\"name\":\"&#8216;Via Direta Escola-Pris\u00e3o&#8217;: Desigualdade Educacional Dirige Encarceramento nos EUA e Brasil [REFER\u00caNCIA]\"}]},{\"@type\":\"WebSite\",\"@id\":\"https:\/\/rioonwatch.org.br\/#website\",\"url\":\"https:\/\/rioonwatch.org.br\/\",\"name\":\"RioOnWatch\",\"description\":\"relatos das favelas cariocas\",\"publisher\":{\"@id\":\"https:\/\/rioonwatch.org.br\/#organization\"},\"potentialAction\":[{\"@type\":\"SearchAction\",\"target\":{\"@type\":\"EntryPoint\",\"urlTemplate\":\"https:\/\/rioonwatch.org.br\/?s={search_term_string}\"},\"query-input\":{\"@type\":\"PropertyValueSpecification\",\"valueRequired\":true,\"valueName\":\"search_term_string\"}}],\"inLanguage\":\"pt-BR\"},{\"@type\":\"Organization\",\"@id\":\"https:\/\/rioonwatch.org.br\/#organization\",\"name\":\"RioOnWatch\",\"url\":\"https:\/\/rioonwatch.org.br\/\",\"logo\":{\"@type\":\"ImageObject\",\"inLanguage\":\"pt-BR\",\"@id\":\"https:\/\/rioonwatch.org.br\/#\/schema\/logo\/image\/\",\"url\":\"https:\/\/rioonwatch.org.br\/wp-content\/uploads\/2021\/06\/RioOnWatchcabecalhoPT11anos-2.png\",\"contentUrl\":\"https:\/\/rioonwatch.org.br\/wp-content\/uploads\/2021\/06\/RioOnWatchcabecalhoPT11anos-2.png\",\"width\":779,\"height\":277,\"caption\":\"RioOnWatch\"},\"image\":{\"@id\":\"https:\/\/rioonwatch.org.br\/#\/schema\/logo\/image\/\"}},{\"@type\":\"Person\",\"@id\":\"https:\/\/rioonwatch.org.br\/#\/schema\/person\/11d64c290506f9df50c71b850c473f68\",\"name\":\"Admin\",\"image\":{\"@type\":\"ImageObject\",\"inLanguage\":\"pt-BR\",\"@id\":\"https:\/\/rioonwatch.org.br\/#\/schema\/person\/image\/\",\"url\":\"https:\/\/secure.gravatar.com\/avatar\/56211ac74568383903349a1485e3c325?s=96&d=blank&r=g\",\"contentUrl\":\"https:\/\/secure.gravatar.com\/avatar\/56211ac74568383903349a1485e3c325?s=96&d=blank&r=g\",\"caption\":\"Admin\"},\"url\":\"https:\/\/rioonwatch.org.br\/?author=129\"}]}<\/script>\n<!-- \/ Yoast SEO plugin. -->","yoast_head_json":{"title":"'Via Direta Escola-Pris\u00e3o': Desigualdade Educacional Dirige Encarceramento nos EUA e Brasil [REFER\u00caNCIA] - RioOnWatch","robots":{"index":"index","follow":"follow","max-snippet":"max-snippet:-1","max-image-preview":"max-image-preview:large","max-video-preview":"max-video-preview:-1"},"canonical":"https:\/\/rioonwatch.org.br\/?p=25393","og_locale":"pt_BR","og_type":"article","og_title":"'Via Direta Escola-Pris\u00e3o': Desigualdade Educacional Dirige Encarceramento nos EUA e Brasil [REFER\u00caNCIA] - RioOnWatch","og_description":"Click Here for English Nos Estados Unidos e no Brasil, dois pa\u00edses com hist\u00f3rias profundas de injusti\u00e7a racial, disparidades nas oportunidades educacionais entre as minoridades raciais e a popula\u00e7\u00e3o branca se manifestam desde a pr\u00e9-escola. [...]","og_url":"https:\/\/rioonwatch.org.br\/?p=25393","og_site_name":"RioOnWatch","article_published_time":"2017-05-01T21:49:03+00:00","article_modified_time":"2024-06-20T15:36:52+00:00","og_image":[{"width":1000,"height":563,"url":"https:\/\/rioonwatch.org.br\/wp-content\/uploads\/2017\/04\/school_to_prison_pipeline-576x324-1.jpg","type":"image\/jpeg"}],"author":"Admin","twitter_card":"summary_large_image","twitter_misc":{"Escrito por":"Admin","Est. tempo de leitura":"18 minutos"},"schema":{"@context":"https:\/\/schema.org","@graph":[{"@type":"Article","@id":"https:\/\/rioonwatch.org.br\/?p=25393#article","isPartOf":{"@id":"https:\/\/rioonwatch.org.br\/?p=25393"},"author":{"name":"Admin","@id":"https:\/\/rioonwatch.org.br\/#\/schema\/person\/11d64c290506f9df50c71b850c473f68"},"headline":"&#8216;Via Direta Escola-Pris\u00e3o&#8217;: Desigualdade Educacional Dirige Encarceramento nos EUA e Brasil [REFER\u00caNCIA]","datePublished":"2017-05-01T21:49:03+00:00","dateModified":"2024-06-20T15:36:52+00:00","mainEntityOfPage":{"@id":"https:\/\/rioonwatch.org.br\/?p=25393"},"wordCount":3175,"publisher":{"@id":"https:\/\/rioonwatch.org.br\/#organization"},"image":{"@id":"https:\/\/rioonwatch.org.br\/?p=25393#primaryimage"},"thumbnailUrl":"https:\/\/rioonwatch.org.br\/wp-content\/uploads\/2017\/04\/school_to_prison_pipeline-576x324-1.jpg","keywords":["Antirracismo","compara\u00e7\u00e3o internacional","constitui\u00e7\u00e3o","desigualdade","direito \u00e0 educa\u00e7\u00e3o","Direito \u00e0 Moradia","direitos da crian\u00e7a","Direitos Humanos","Ditadura Militar","educa\u00e7\u00e3o","EUA","lei","maioridade penal","Mat\u00e9rias de Refer\u00eancia","mercado financeiro","prioridades p\u00fablicas equivocadas","pris\u00f5es","ra\u00e7a"],"articleSection":["*Destaque","Dados e Pesquisa","Entendendo o Rio","Escrito por Aliados","Pol\u00edticas"],"inLanguage":"pt-BR"},{"@type":"WebPage","@id":"https:\/\/rioonwatch.org.br\/?p=25393","url":"https:\/\/rioonwatch.org.br\/?p=25393","name":"'Via Direta Escola-Pris\u00e3o': Desigualdade Educacional Dirige Encarceramento nos EUA e Brasil [REFER\u00caNCIA] - RioOnWatch","isPartOf":{"@id":"https:\/\/rioonwatch.org.br\/#website"},"primaryImageOfPage":{"@id":"https:\/\/rioonwatch.org.br\/?p=25393#primaryimage"},"image":{"@id":"https:\/\/rioonwatch.org.br\/?p=25393#primaryimage"},"thumbnailUrl":"https:\/\/rioonwatch.org.br\/wp-content\/uploads\/2017\/04\/school_to_prison_pipeline-576x324-1.jpg","datePublished":"2017-05-01T21:49:03+00:00","dateModified":"2024-06-20T15:36:52+00:00","breadcrumb":{"@id":"https:\/\/rioonwatch.org.br\/?p=25393#breadcrumb"},"inLanguage":"pt-BR","potentialAction":[{"@type":"ReadAction","target":["https:\/\/rioonwatch.org.br\/?p=25393"]}]},{"@type":"ImageObject","inLanguage":"pt-BR","@id":"https:\/\/rioonwatch.org.br\/?p=25393#primaryimage","url":"https:\/\/rioonwatch.org.br\/wp-content\/uploads\/2017\/04\/school_to_prison_pipeline-576x324-1.jpg","contentUrl":"https:\/\/rioonwatch.org.br\/wp-content\/uploads\/2017\/04\/school_to_prison_pipeline-576x324-1.jpg","width":1000,"height":563},{"@type":"BreadcrumbList","@id":"https:\/\/rioonwatch.org.br\/?p=25393#breadcrumb","itemListElement":[{"@type":"ListItem","position":1,"name":"In\u00edcio","item":"https:\/\/rioonwatch.org.br\/"},{"@type":"ListItem","position":2,"name":"&#8216;Via Direta Escola-Pris\u00e3o&#8217;: Desigualdade Educacional Dirige Encarceramento nos EUA e Brasil [REFER\u00caNCIA]"}]},{"@type":"WebSite","@id":"https:\/\/rioonwatch.org.br\/#website","url":"https:\/\/rioonwatch.org.br\/","name":"RioOnWatch","description":"relatos das favelas cariocas","publisher":{"@id":"https:\/\/rioonwatch.org.br\/#organization"},"potentialAction":[{"@type":"SearchAction","target":{"@type":"EntryPoint","urlTemplate":"https:\/\/rioonwatch.org.br\/?s={search_term_string}"},"query-input":{"@type":"PropertyValueSpecification","valueRequired":true,"valueName":"search_term_string"}}],"inLanguage":"pt-BR"},{"@type":"Organization","@id":"https:\/\/rioonwatch.org.br\/#organization","name":"RioOnWatch","url":"https:\/\/rioonwatch.org.br\/","logo":{"@type":"ImageObject","inLanguage":"pt-BR","@id":"https:\/\/rioonwatch.org.br\/#\/schema\/logo\/image\/","url":"https:\/\/rioonwatch.org.br\/wp-content\/uploads\/2021\/06\/RioOnWatchcabecalhoPT11anos-2.png","contentUrl":"https:\/\/rioonwatch.org.br\/wp-content\/uploads\/2021\/06\/RioOnWatchcabecalhoPT11anos-2.png","width":779,"height":277,"caption":"RioOnWatch"},"image":{"@id":"https:\/\/rioonwatch.org.br\/#\/schema\/logo\/image\/"}},{"@type":"Person","@id":"https:\/\/rioonwatch.org.br\/#\/schema\/person\/11d64c290506f9df50c71b850c473f68","name":"Admin","image":{"@type":"ImageObject","inLanguage":"pt-BR","@id":"https:\/\/rioonwatch.org.br\/#\/schema\/person\/image\/","url":"https:\/\/secure.gravatar.com\/avatar\/56211ac74568383903349a1485e3c325?s=96&d=blank&r=g","contentUrl":"https:\/\/secure.gravatar.com\/avatar\/56211ac74568383903349a1485e3c325?s=96&d=blank&r=g","caption":"Admin"},"url":"https:\/\/rioonwatch.org.br\/?author=129"}]}},"_links":{"self":[{"href":"https:\/\/rioonwatch.org.br\/index.php?rest_route=\/wp\/v2\/posts\/25393"}],"collection":[{"href":"https:\/\/rioonwatch.org.br\/index.php?rest_route=\/wp\/v2\/posts"}],"about":[{"href":"https:\/\/rioonwatch.org.br\/index.php?rest_route=\/wp\/v2\/types\/post"}],"author":[{"embeddable":true,"href":"https:\/\/rioonwatch.org.br\/index.php?rest_route=\/wp\/v2\/users\/129"}],"replies":[{"embeddable":true,"href":"https:\/\/rioonwatch.org.br\/index.php?rest_route=%2Fwp%2Fv2%2Fcomments&post=25393"}],"version-history":[{"count":31,"href":"https:\/\/rioonwatch.org.br\/index.php?rest_route=\/wp\/v2\/posts\/25393\/revisions"}],"predecessor-version":[{"id":74115,"href":"https:\/\/rioonwatch.org.br\/index.php?rest_route=\/wp\/v2\/posts\/25393\/revisions\/74115"}],"wp:featuredmedia":[{"embeddable":true,"href":"https:\/\/rioonwatch.org.br\/index.php?rest_route=\/wp\/v2\/media\/25396"}],"wp:attachment":[{"href":"https:\/\/rioonwatch.org.br\/index.php?rest_route=%2Fwp%2Fv2%2Fmedia&parent=25393"}],"wp:term":[{"taxonomy":"category","embeddable":true,"href":"https:\/\/rioonwatch.org.br\/index.php?rest_route=%2Fwp%2Fv2%2Fcategories&post=25393"},{"taxonomy":"post_tag","embeddable":true,"href":"https:\/\/rioonwatch.org.br\/index.php?rest_route=%2Fwp%2Fv2%2Ftags&post=25393"},{"taxonomy":"writer","embeddable":true,"href":"https:\/\/rioonwatch.org.br\/index.php?rest_route=%2Fwp%2Fv2%2Fwriter&post=25393"},{"taxonomy":"translator","embeddable":true,"href":"https:\/\/rioonwatch.org.br\/index.php?rest_route=%2Fwp%2Fv2%2Ftranslator&post=25393"},{"taxonomy":"source","embeddable":true,"href":"https:\/\/rioonwatch.org.br\/index.php?rest_route=%2Fwp%2Fv2%2Fsource&post=25393"},{"taxonomy":"ilustrador","embeddable":true,"href":"https:\/\/rioonwatch.org.br\/index.php?rest_route=%2Fwp%2Fv2%2Filustrador&post=25393"},{"taxonomy":"fotografo","embeddable":true,"href":"https:\/\/rioonwatch.org.br\/index.php?rest_route=%2Fwp%2Fv2%2Ffotografo&post=25393"}],"curies":[{"name":"wp","href":"https:\/\/api.w.org\/{rel}","templated":true}]}}