{"id":25424,"date":"2017-04-30T08:00:02","date_gmt":"2017-04-30T11:00:02","guid":{"rendered":"http:\/\/rioonwatch.org.br\/?p=25424"},"modified":"2017-05-08T07:22:58","modified_gmt":"2017-05-08T10:22:58","slug":"festival-rock-em-movimento-chega-a-sua-6o-edicao-na-mare","status":"publish","type":"post","link":"https:\/\/rioonwatch.org.br\/?p=25424","title":{"rendered":"Festival Rock em Movimento Chega a Sua 6\u00aa Edi\u00e7\u00e3o na Mar\u00e9"},"content":{"rendered":"<p style=\"text-align: right;\"><em><strong><a href=\"http:\/\/bit.ly\/2pT4ePh\" target=\"_blank\" rel=\"noopener noreferrer\">Click Here for English<img decoding=\"async\" width=\"20\" height=\"20\" class=\"alignright wp-image-15790\" src=\"http:\/\/rioonwatch.org.br\/wp-content\/uploads\/2012\/08\/EN-standard-e1439583104716.jpg\" alt=\"\" \/><\/a><\/strong><\/em><\/p>\n<p>Quem circula pela <a href=\"http:\/\/bit.ly\/2d1ZfGy\" target=\"_blank\" rel=\"noopener noreferrer\">Vila do Pinheiro<\/a> sexta \u00e0 noite, provavelmente j\u00e1 viu um show de rock independente organizado pelo <a href=\"http:\/\/bit.ly\/2oT95ek\" target=\"_blank\" rel=\"noopener noreferrer\">Festival Rock Em Movimento<\/a> A\u00e7\u00f5es Locais. O evento gratuito na <a href=\"http:\/\/bit.ly\/10BvARw\" target=\"_blank\" rel=\"noopener noreferrer\">Mar\u00e9<\/a> fecha a rua com um palco improvisado em frente \u00e0 Tabacaria Dreadlocks e disponibiliza todo equipamento musical para as tr\u00eas bandas independentes que agitam a noite tocando m\u00fasicas autorais.<\/p>\n<p>A fim de democratizar ainda mais o cen\u00e1rio underground, o microfone \u00e9 liberado para manifestos, produtores e artistas locais fazerem sua divulga\u00e7\u00e3o e entre um show e outro, o DJ toca os cl\u00e1ssicos. O \u00faltimo show da <a href=\"http:\/\/bit.ly\/2pvX4Qh\" target=\"_blank\" rel=\"noopener noreferrer\">6\u00aa edi\u00e7\u00e3o do Festival ser\u00e1 dia 5 de maio<\/a> \u00e0s 20h, com a apresenta\u00e7\u00e3o das bandas Banda Verbara, Valette Vulgar e Allira.<br \/>\nO coletivo Rock Em Movimento \u00e9 formado por m\u00fasicos das bandas ALGOZ e LEVANTE, que tamb\u00e9m coordenam o trabalho: Klaus Grunwald, Elza La Sombra, Diogo Nascimento e Reginaldo Costa; e tamb\u00e9m pelos colaboradores Rodrigo Cerqueira (Mariola); Flavio Nogueira (Dj Capacete) e AF Rodrigues.<\/p>\n<p>O movimento surgiu em 2009, a partir do sucesso do evento \u201cMar\u00e9 de Rock\u201d e da necessidade de expandir o movimento, mobilizando m\u00fasicos para ocupar espa\u00e7os p\u00fablicos com shows, pol\u00edtica e outras formas de cultura. Do seu in\u00edcio at\u00e9 hoje, o coletivo impressiona tamb\u00e9m pelos n\u00fameros: mais de 200 bandas autorais j\u00e1 se apresentaram dentro e fora da Mar\u00e9. Na edi\u00e7\u00e3o A\u00e7\u00f5es Locais, o Festival reuniu 15 bandas de diferentes cantos do Rio de Janeiro.<\/p>\n<p>Estudante de design Marcos Vinicius, 23, \u00e9 frequentador da Tabacaria h\u00e1 mais de um ano e acredita na m\u00fasica como parte mobilizadora: \u201cO Rock Em Movimento d\u00e1 espa\u00e7o pra bandas locais serem vistas. Eu tamb\u00e9m trabalho com arte e, deve ser muito gratificante, n\u00e3o s\u00f3 para o p\u00fablico mas tamb\u00e9m para quem organiza. Os artistas brasileiros deveriam ser mais reconhecidos e o reconhecimento que falo \u00e9 aquele que vem das pessoas\u201d.<\/p>\n<p><a href=\"http:\/\/rioonwatch.org.br\/wp-content\/uploads\/2017\/04\/Marcos-de-pe\u0301.jpg\"><img fetchpriority=\"high\" decoding=\"async\" class=\"aligncenter wp-image-25462\" title=\"Marcos Vinicius, de p\u00e9\" src=\"http:\/\/rioonwatch.org.br\/wp-content\/uploads\/2017\/04\/Marcos-de-pe\u0301.jpg\" alt=\"Marcos Vinicius, de p\u00e9\" width=\"620\" height=\"412\" srcset=\"https:\/\/rioonwatch.org.br\/wp-content\/uploads\/2017\/04\/Marcos-de-pe\u0301.jpg 1000w, https:\/\/rioonwatch.org.br\/wp-content\/uploads\/2017\/04\/Marcos-de-pe\u0301-397x264.jpg 397w, https:\/\/rioonwatch.org.br\/wp-content\/uploads\/2017\/04\/Marcos-de-pe\u0301-620x412.jpg 620w, https:\/\/rioonwatch.org.br\/wp-content\/uploads\/2017\/04\/Marcos-de-pe\u0301-768x511.jpg 768w\" sizes=\"(max-width: 620px) 100vw, 620px\" \/><\/a><\/p>\n<p>Pelo menos uma vez no m\u00eas ele marca presen\u00e7a com seu grupo de amigos, mas n\u00e3o ignora como a diversidade musical est\u00e1 presente por toda a Mar\u00e9. \u201cOutros g\u00eaneros est\u00e3o espalhados por aqui, como o rap no Pontilh\u00e3o, forr\u00f3 no <a href=\"http:\/\/bit.ly\/1YHFX7V\" target=\"_blank\" rel=\"noopener noreferrer\">Parque Uni\u00e3o<\/a> e o funk na Quadra da Paty. Acho que todo evento \u00e9 importante porque ajuda na forma\u00e7\u00e3o de culturas\u201d, afirma Marcos.<\/p>\n<p>Quem frequenta a mais tempo, vai perceber como a estrutura est\u00e1 mais organizada. E tem um motivo: a Secretaria Municipal de Cultura do Rio de Janeiro reconheceu o Rock Em Movimento como cultura local, atrav\u00e9s do <a href=\"http:\/\/bit.ly\/2pBc3bJ\" target=\"_blank\" rel=\"noopener noreferrer\">Pr\u00eamio A\u00e7\u00f5es Locais<\/a>, em 2015. A premia\u00e7\u00e3o foi a oportunidade do coletivo para ampliar o Festival com v\u00e1rias edi\u00e7\u00f5es,<br \/>\ngarantindo estrutura e qualidade t\u00e9cnica, registro de \u00e1udio e v\u00eddeo e ajuda de custo, uma forma de valorizar quem sempre foi volunt\u00e1rio.<\/p>\n<p>M\u00fasico e um dos coordenadores do Rock em Movimento, Reginaldo Costa de 35 anos, percebe como o projeto cresceu com o pr\u00eamio: \u201cA gente conseguiu ter uma estabilidade e qualidade t\u00e9cnica maior, coisa que no geral no cen\u00e1rio underground \u00e9 dif\u00edcil ter. E por entender a dificuldade do cen\u00e1rio de rock no Brasil, a gente se preocupou principalmente em garantir a qualidade do evento. E esse retorno tem como base os nossos amigos militantes que nos ajudam, sendo parte essencial para o funcionamento do Festival, assim como o com\u00e9rcio local, al\u00e9m da parceria que fizemos com a <a href=\"http:\/\/bit.ly\/2pvZdLB\" target=\"_blank\" rel=\"noopener noreferrer\">ONG Redes<\/a> e a <a href=\"http:\/\/bit.ly\/2qqmQm8\" target=\"_blank\" rel=\"noopener noreferrer\">Lona da Mar\u00e9<\/a>\u201d. Antes do pr\u00eamio, o grupo usava seu pr\u00f3prio equipamento.<\/p>\n<p><a href=\"http:\/\/rioonwatch.org.br\/wp-content\/uploads\/2017\/04\/Reginaldo-a-direita.jpg\"><img decoding=\"async\" class=\"aligncenter wp-image-25463 size-full\" title=\"Reginaldo Costa, \u00e0 direita\" src=\"http:\/\/rioonwatch.org.br\/wp-content\/uploads\/2017\/04\/Reginaldo-a-direita.jpg\" alt=\"Reginaldo Costa, \u00e0 direita\" width=\"620\" height=\"415\" srcset=\"https:\/\/rioonwatch.org.br\/wp-content\/uploads\/2017\/04\/Reginaldo-a-direita.jpg 620w, https:\/\/rioonwatch.org.br\/wp-content\/uploads\/2017\/04\/Reginaldo-a-direita-394x264.jpg 394w\" sizes=\"(max-width: 620px) 100vw, 620px\" \/><\/a><\/p>\n<p>Com a perspectiva de ampliar ainda mais o movimento, o Festival j\u00e1 marcou presen\u00e7a na Universidade Federal Fluminense (UFF) e na Biblioteca de Caxias. \u201cEssas parcerias locais s\u00e3o fundamentais, \u00e9 isso que cria uma rede com as pessoas e o com\u00e9rcio. Os shows sempre ficam muito cheios por dois motivos: ter um p\u00fablico muito forte de rock e uma car\u00eancia de espa\u00e7o. A galera fortalece o Festival, todo mundo mobiliza de alguma forma pro evento encher, chamando os vizinhos, amigos e conhecidos. O evento tem legitimidade porque \u00e9 feito, em sua maioria, por moradores. A gente n\u00e3o recebe visibilidade de fora, mas a aten\u00e7\u00e3o do territ\u00f3rio faz bastante diferen\u00e7a no cen\u00e1rio cultural\u201d, conta Reginaldo.<\/p>\n<p>Al\u00e9m da produ\u00e7\u00e3o de shows, o objetivo \u00e9 fazer um estudo do cen\u00e1rio atual: quais as dificuldades, incentivos e demandas, usando a experi\u00eancia vivida com as bandas participantes. Est\u00e3o produzindo tamb\u00e9m um mini-document\u00e1rio contando a trajet\u00f3ria do coletivo e a experi\u00eancia com a premia\u00e7\u00e3o. E para facilitar o acesso aos equipamentos de som de alto custo, realizaram seis oficinas de sonoriza\u00e7\u00e3o que formaram 10 moradores.<\/p>\n<p>Independente de patroc\u00ednio, pretendem continuar com shows e parcerias locais, como Tabacaria Dreadlocks, que oferece a cobertura do espa\u00e7o, ponto de luz e bar, restaurante Combo Louco e Laricas Bar. E sempre ocupar outros espa\u00e7os com apresenta\u00e7\u00f5es pelas ruas da cidade e em universidades p\u00fablicas.<\/p>\n<h3>SERVI\u00c7O<\/h3>\n<p>Festival Rock Em Movimento \u2014 Sexta edi\u00e7\u00e3o<br \/>\nEvento Gratuito<br \/>\nData: 05 de maio de 2017 \u00e0s 20h<br \/>\nLocal: Tabacaria Dreadlocks. Endere\u00e7o: Via B9, Bloco I \u2014 Vila do Pinheiro, Mar\u00e9 \u2014 RJ<\/p>\n<!-- AddThis Advanced Settings generic via filter on the_content --><!-- AddThis Share Buttons generic via filter on the_content -->","protected":false},"excerpt":{"rendered":"<div class=\"mh-excerpt\"><p>Click Here for English Quem circula pela Vila do Pinheiro sexta \u00e0 noite, provavelmente j\u00e1 viu um show de rock independente organizado pelo Festival Rock Em Movimento A\u00e7\u00f5es Locais. O evento gratuito na Mar\u00e9 fecha <a class=\"mh-excerpt-more\" href=\"https:\/\/rioonwatch.org.br\/?p=25424\" title=\"Festival Rock em Movimento Chega a Sua 6\u00aa Edi\u00e7\u00e3o na Mar\u00e9\">[&#8230;]<\/a><!-- AddThis Advanced Settings generic via filter on get_the_excerpt --><!-- AddThis Share Buttons generic via filter on get_the_excerpt --><\/p>\n<\/div>","protected":false},"author":3,"featured_media":25465,"comment_status":"closed","ping_status":"closed","sticky":false,"template":"","format":"standard","meta":{"_acf_changed":false,"_monsterinsights_skip_tracking":false,"_monsterinsights_sitenote_active":false,"_monsterinsights_sitenote_note":"","_monsterinsights_sitenote_category":0,"footnotes":""},"categories":[1627,1615,1625,1616],"tags":[332,81,421,20,349,2118,2119,1412,2117,1107,2120,1311,218],"writer":[1294],"translator":[],"source":[],"ilustrador":[],"fotografo":[],"class_list":{"0":"post-25424","1":"post","2":"type-post","3":"status-publish","4":"format-standard","5":"has-post-thumbnail","7":"category-relato-de-evento","8":"category-cultura-da-favela","9":"category-por-correspondentes-comunitarios","10":"category-qualidades-da-favela","11":"tag-complexo-da-mare","12":"tag-cultura","13":"tag-cultura-da-favela","14":"tag-musica","15":"tag-parque-uniao","16":"tag-pontilhao","17":"tag-premio-acoes-locais","18":"tag-producao-cultural","19":"tag-quadra-da-paty","20":"tag-redes-da-mare","21":"tag-secretaria-de-cultura","22":"tag-vila-do-pinheiro","23":"tag-zona-norte","24":"writer-thais-cavalcante"},"acf":[],"yoast_head":"<!-- This site is optimized with the Yoast SEO plugin v25.6 - https:\/\/yoast.com\/wordpress\/plugins\/seo\/ -->\n<title>Festival Rock em Movimento Chega a Sua 6\u00aa Edi\u00e7\u00e3o na Mar\u00e9 - RioOnWatch<\/title>\n<meta name=\"robots\" content=\"index, follow, max-snippet:-1, max-image-preview:large, max-video-preview:-1\" \/>\n<link rel=\"canonical\" href=\"https:\/\/rioonwatch.org.br\/?p=25424\" \/>\n<meta property=\"og:locale\" content=\"pt_BR\" \/>\n<meta property=\"og:type\" content=\"article\" \/>\n<meta property=\"og:title\" content=\"Festival Rock em Movimento Chega a Sua 6\u00aa Edi\u00e7\u00e3o na Mar\u00e9 - RioOnWatch\" \/>\n<meta property=\"og:description\" content=\"Click Here for English Quem circula pela Vila do Pinheiro sexta \u00e0 noite, provavelmente j\u00e1 viu um show de rock independente organizado pelo Festival Rock Em Movimento A\u00e7\u00f5es Locais. O evento gratuito na Mar\u00e9 fecha [...]\" \/>\n<meta property=\"og:url\" content=\"https:\/\/rioonwatch.org.br\/?p=25424\" \/>\n<meta property=\"og:site_name\" content=\"RioOnWatch\" \/>\n<meta property=\"article:published_time\" content=\"2017-04-30T11:00:02+00:00\" \/>\n<meta property=\"article:modified_time\" content=\"2017-05-08T10:22:58+00:00\" \/>\n<meta property=\"og:image\" content=\"https:\/\/rioonwatch.org.br\/wp-content\/uploads\/2017\/04\/Cartaz-Rock-em-Movimento.jpg\" \/>\n\t<meta property=\"og:image:width\" content=\"983\" \/>\n\t<meta property=\"og:image:height\" content=\"400\" \/>\n\t<meta property=\"og:image:type\" content=\"image\/jpeg\" \/>\n<meta name=\"author\" content=\"Admin\" \/>\n<meta name=\"twitter:card\" content=\"summary_large_image\" \/>\n<meta name=\"twitter:label1\" content=\"Escrito por\" \/>\n\t<meta name=\"twitter:data1\" content=\"Admin\" \/>\n\t<meta name=\"twitter:label2\" content=\"Est. tempo de leitura\" \/>\n\t<meta name=\"twitter:data2\" content=\"4 minutos\" \/>\n<script type=\"application\/ld+json\" class=\"yoast-schema-graph\">{\"@context\":\"https:\/\/schema.org\",\"@graph\":[{\"@type\":\"Article\",\"@id\":\"https:\/\/rioonwatch.org.br\/?p=25424#article\",\"isPartOf\":{\"@id\":\"https:\/\/rioonwatch.org.br\/?p=25424\"},\"author\":{\"name\":\"Admin\",\"@id\":\"https:\/\/rioonwatch.org.br\/#\/schema\/person\/c6c09a0b56b38f0157a45b963ef3f269\"},\"headline\":\"Festival Rock em Movimento Chega a Sua 6\u00aa Edi\u00e7\u00e3o na Mar\u00e9\",\"datePublished\":\"2017-04-30T11:00:02+00:00\",\"dateModified\":\"2017-05-08T10:22:58+00:00\",\"mainEntityOfPage\":{\"@id\":\"https:\/\/rioonwatch.org.br\/?p=25424\"},\"wordCount\":890,\"publisher\":{\"@id\":\"https:\/\/rioonwatch.org.br\/#organization\"},\"image\":{\"@id\":\"https:\/\/rioonwatch.org.br\/?p=25424#primaryimage\"},\"thumbnailUrl\":\"https:\/\/rioonwatch.org.br\/wp-content\/uploads\/2017\/04\/Cartaz-Rock-em-Movimento.jpg\",\"keywords\":[\"Complexo da Mar\u00e9\",\"cultura\",\"cultura da favela\",\"m\u00fasica\",\"Parque Uni\u00e3o\",\"Pontilh\u00e3o\",\"Pr\u00eamio A\u00e7\u00f5es Locais\",\"produ\u00e7\u00e3o cultural\",\"Quadra da Paty\",\"Redes da Mar\u00e9\",\"Secretaria de Cultura\",\"Vila do Pinheiro\",\"Zona Norte\"],\"articleSection\":[\"Cobertura de Eventos\",\"Cultura da Favela\",\"Escrito por Comunicadores Populares\",\"Qualidades da Favela\"],\"inLanguage\":\"pt-BR\"},{\"@type\":\"WebPage\",\"@id\":\"https:\/\/rioonwatch.org.br\/?p=25424\",\"url\":\"https:\/\/rioonwatch.org.br\/?p=25424\",\"name\":\"Festival Rock em Movimento Chega a Sua 6\u00aa Edi\u00e7\u00e3o na Mar\u00e9 - RioOnWatch\",\"isPartOf\":{\"@id\":\"https:\/\/rioonwatch.org.br\/#website\"},\"primaryImageOfPage\":{\"@id\":\"https:\/\/rioonwatch.org.br\/?p=25424#primaryimage\"},\"image\":{\"@id\":\"https:\/\/rioonwatch.org.br\/?p=25424#primaryimage\"},\"thumbnailUrl\":\"https:\/\/rioonwatch.org.br\/wp-content\/uploads\/2017\/04\/Cartaz-Rock-em-Movimento.jpg\",\"datePublished\":\"2017-04-30T11:00:02+00:00\",\"dateModified\":\"2017-05-08T10:22:58+00:00\",\"breadcrumb\":{\"@id\":\"https:\/\/rioonwatch.org.br\/?p=25424#breadcrumb\"},\"inLanguage\":\"pt-BR\",\"potentialAction\":[{\"@type\":\"ReadAction\",\"target\":[\"https:\/\/rioonwatch.org.br\/?p=25424\"]}]},{\"@type\":\"ImageObject\",\"inLanguage\":\"pt-BR\",\"@id\":\"https:\/\/rioonwatch.org.br\/?p=25424#primaryimage\",\"url\":\"https:\/\/rioonwatch.org.br\/wp-content\/uploads\/2017\/04\/Cartaz-Rock-em-Movimento.jpg\",\"contentUrl\":\"https:\/\/rioonwatch.org.br\/wp-content\/uploads\/2017\/04\/Cartaz-Rock-em-Movimento.jpg\",\"width\":983,\"height\":400},{\"@type\":\"BreadcrumbList\",\"@id\":\"https:\/\/rioonwatch.org.br\/?p=25424#breadcrumb\",\"itemListElement\":[{\"@type\":\"ListItem\",\"position\":1,\"name\":\"In\u00edcio\",\"item\":\"https:\/\/rioonwatch.org.br\/\"},{\"@type\":\"ListItem\",\"position\":2,\"name\":\"Festival Rock em Movimento Chega a Sua 6\u00aa Edi\u00e7\u00e3o na Mar\u00e9\"}]},{\"@type\":\"WebSite\",\"@id\":\"https:\/\/rioonwatch.org.br\/#website\",\"url\":\"https:\/\/rioonwatch.org.br\/\",\"name\":\"RioOnWatch\",\"description\":\"relatos das favelas cariocas\",\"publisher\":{\"@id\":\"https:\/\/rioonwatch.org.br\/#organization\"},\"potentialAction\":[{\"@type\":\"SearchAction\",\"target\":{\"@type\":\"EntryPoint\",\"urlTemplate\":\"https:\/\/rioonwatch.org.br\/?s={search_term_string}\"},\"query-input\":{\"@type\":\"PropertyValueSpecification\",\"valueRequired\":true,\"valueName\":\"search_term_string\"}}],\"inLanguage\":\"pt-BR\"},{\"@type\":\"Organization\",\"@id\":\"https:\/\/rioonwatch.org.br\/#organization\",\"name\":\"RioOnWatch\",\"url\":\"https:\/\/rioonwatch.org.br\/\",\"logo\":{\"@type\":\"ImageObject\",\"inLanguage\":\"pt-BR\",\"@id\":\"https:\/\/rioonwatch.org.br\/#\/schema\/logo\/image\/\",\"url\":\"https:\/\/rioonwatch.org.br\/wp-content\/uploads\/2021\/06\/RioOnWatchcabecalhoPT11anos-2.png\",\"contentUrl\":\"https:\/\/rioonwatch.org.br\/wp-content\/uploads\/2021\/06\/RioOnWatchcabecalhoPT11anos-2.png\",\"width\":779,\"height\":277,\"caption\":\"RioOnWatch\"},\"image\":{\"@id\":\"https:\/\/rioonwatch.org.br\/#\/schema\/logo\/image\/\"}},{\"@type\":\"Person\",\"@id\":\"https:\/\/rioonwatch.org.br\/#\/schema\/person\/c6c09a0b56b38f0157a45b963ef3f269\",\"name\":\"Admin\",\"image\":{\"@type\":\"ImageObject\",\"inLanguage\":\"pt-BR\",\"@id\":\"https:\/\/rioonwatch.org.br\/#\/schema\/person\/image\/\",\"url\":\"https:\/\/secure.gravatar.com\/avatar\/da45c89efd4810dc70c16a5da3419806?s=96&d=blank&r=g\",\"contentUrl\":\"https:\/\/secure.gravatar.com\/avatar\/da45c89efd4810dc70c16a5da3419806?s=96&d=blank&r=g\",\"caption\":\"Admin\"},\"url\":\"https:\/\/rioonwatch.org.br\/?author=3\"}]}<\/script>\n<!-- \/ Yoast SEO plugin. -->","yoast_head_json":{"title":"Festival Rock em Movimento Chega a Sua 6\u00aa Edi\u00e7\u00e3o na Mar\u00e9 - RioOnWatch","robots":{"index":"index","follow":"follow","max-snippet":"max-snippet:-1","max-image-preview":"max-image-preview:large","max-video-preview":"max-video-preview:-1"},"canonical":"https:\/\/rioonwatch.org.br\/?p=25424","og_locale":"pt_BR","og_type":"article","og_title":"Festival Rock em Movimento Chega a Sua 6\u00aa Edi\u00e7\u00e3o na Mar\u00e9 - RioOnWatch","og_description":"Click Here for English Quem circula pela Vila do Pinheiro sexta \u00e0 noite, provavelmente j\u00e1 viu um show de rock independente organizado pelo Festival Rock Em Movimento A\u00e7\u00f5es Locais. O evento gratuito na Mar\u00e9 fecha [...]","og_url":"https:\/\/rioonwatch.org.br\/?p=25424","og_site_name":"RioOnWatch","article_published_time":"2017-04-30T11:00:02+00:00","article_modified_time":"2017-05-08T10:22:58+00:00","og_image":[{"width":983,"height":400,"url":"https:\/\/rioonwatch.org.br\/wp-content\/uploads\/2017\/04\/Cartaz-Rock-em-Movimento.jpg","type":"image\/jpeg"}],"author":"Admin","twitter_card":"summary_large_image","twitter_misc":{"Escrito por":"Admin","Est. tempo de leitura":"4 minutos"},"schema":{"@context":"https:\/\/schema.org","@graph":[{"@type":"Article","@id":"https:\/\/rioonwatch.org.br\/?p=25424#article","isPartOf":{"@id":"https:\/\/rioonwatch.org.br\/?p=25424"},"author":{"name":"Admin","@id":"https:\/\/rioonwatch.org.br\/#\/schema\/person\/c6c09a0b56b38f0157a45b963ef3f269"},"headline":"Festival Rock em Movimento Chega a Sua 6\u00aa Edi\u00e7\u00e3o na Mar\u00e9","datePublished":"2017-04-30T11:00:02+00:00","dateModified":"2017-05-08T10:22:58+00:00","mainEntityOfPage":{"@id":"https:\/\/rioonwatch.org.br\/?p=25424"},"wordCount":890,"publisher":{"@id":"https:\/\/rioonwatch.org.br\/#organization"},"image":{"@id":"https:\/\/rioonwatch.org.br\/?p=25424#primaryimage"},"thumbnailUrl":"https:\/\/rioonwatch.org.br\/wp-content\/uploads\/2017\/04\/Cartaz-Rock-em-Movimento.jpg","keywords":["Complexo da Mar\u00e9","cultura","cultura da favela","m\u00fasica","Parque Uni\u00e3o","Pontilh\u00e3o","Pr\u00eamio A\u00e7\u00f5es Locais","produ\u00e7\u00e3o cultural","Quadra da Paty","Redes da Mar\u00e9","Secretaria de Cultura","Vila do Pinheiro","Zona Norte"],"articleSection":["Cobertura de Eventos","Cultura da Favela","Escrito por Comunicadores Populares","Qualidades da Favela"],"inLanguage":"pt-BR"},{"@type":"WebPage","@id":"https:\/\/rioonwatch.org.br\/?p=25424","url":"https:\/\/rioonwatch.org.br\/?p=25424","name":"Festival Rock em Movimento Chega a Sua 6\u00aa Edi\u00e7\u00e3o na Mar\u00e9 - RioOnWatch","isPartOf":{"@id":"https:\/\/rioonwatch.org.br\/#website"},"primaryImageOfPage":{"@id":"https:\/\/rioonwatch.org.br\/?p=25424#primaryimage"},"image":{"@id":"https:\/\/rioonwatch.org.br\/?p=25424#primaryimage"},"thumbnailUrl":"https:\/\/rioonwatch.org.br\/wp-content\/uploads\/2017\/04\/Cartaz-Rock-em-Movimento.jpg","datePublished":"2017-04-30T11:00:02+00:00","dateModified":"2017-05-08T10:22:58+00:00","breadcrumb":{"@id":"https:\/\/rioonwatch.org.br\/?p=25424#breadcrumb"},"inLanguage":"pt-BR","potentialAction":[{"@type":"ReadAction","target":["https:\/\/rioonwatch.org.br\/?p=25424"]}]},{"@type":"ImageObject","inLanguage":"pt-BR","@id":"https:\/\/rioonwatch.org.br\/?p=25424#primaryimage","url":"https:\/\/rioonwatch.org.br\/wp-content\/uploads\/2017\/04\/Cartaz-Rock-em-Movimento.jpg","contentUrl":"https:\/\/rioonwatch.org.br\/wp-content\/uploads\/2017\/04\/Cartaz-Rock-em-Movimento.jpg","width":983,"height":400},{"@type":"BreadcrumbList","@id":"https:\/\/rioonwatch.org.br\/?p=25424#breadcrumb","itemListElement":[{"@type":"ListItem","position":1,"name":"In\u00edcio","item":"https:\/\/rioonwatch.org.br\/"},{"@type":"ListItem","position":2,"name":"Festival Rock em Movimento Chega a Sua 6\u00aa Edi\u00e7\u00e3o na Mar\u00e9"}]},{"@type":"WebSite","@id":"https:\/\/rioonwatch.org.br\/#website","url":"https:\/\/rioonwatch.org.br\/","name":"RioOnWatch","description":"relatos das favelas cariocas","publisher":{"@id":"https:\/\/rioonwatch.org.br\/#organization"},"potentialAction":[{"@type":"SearchAction","target":{"@type":"EntryPoint","urlTemplate":"https:\/\/rioonwatch.org.br\/?s={search_term_string}"},"query-input":{"@type":"PropertyValueSpecification","valueRequired":true,"valueName":"search_term_string"}}],"inLanguage":"pt-BR"},{"@type":"Organization","@id":"https:\/\/rioonwatch.org.br\/#organization","name":"RioOnWatch","url":"https:\/\/rioonwatch.org.br\/","logo":{"@type":"ImageObject","inLanguage":"pt-BR","@id":"https:\/\/rioonwatch.org.br\/#\/schema\/logo\/image\/","url":"https:\/\/rioonwatch.org.br\/wp-content\/uploads\/2021\/06\/RioOnWatchcabecalhoPT11anos-2.png","contentUrl":"https:\/\/rioonwatch.org.br\/wp-content\/uploads\/2021\/06\/RioOnWatchcabecalhoPT11anos-2.png","width":779,"height":277,"caption":"RioOnWatch"},"image":{"@id":"https:\/\/rioonwatch.org.br\/#\/schema\/logo\/image\/"}},{"@type":"Person","@id":"https:\/\/rioonwatch.org.br\/#\/schema\/person\/c6c09a0b56b38f0157a45b963ef3f269","name":"Admin","image":{"@type":"ImageObject","inLanguage":"pt-BR","@id":"https:\/\/rioonwatch.org.br\/#\/schema\/person\/image\/","url":"https:\/\/secure.gravatar.com\/avatar\/da45c89efd4810dc70c16a5da3419806?s=96&d=blank&r=g","contentUrl":"https:\/\/secure.gravatar.com\/avatar\/da45c89efd4810dc70c16a5da3419806?s=96&d=blank&r=g","caption":"Admin"},"url":"https:\/\/rioonwatch.org.br\/?author=3"}]}},"_links":{"self":[{"href":"https:\/\/rioonwatch.org.br\/index.php?rest_route=\/wp\/v2\/posts\/25424"}],"collection":[{"href":"https:\/\/rioonwatch.org.br\/index.php?rest_route=\/wp\/v2\/posts"}],"about":[{"href":"https:\/\/rioonwatch.org.br\/index.php?rest_route=\/wp\/v2\/types\/post"}],"author":[{"embeddable":true,"href":"https:\/\/rioonwatch.org.br\/index.php?rest_route=\/wp\/v2\/users\/3"}],"replies":[{"embeddable":true,"href":"https:\/\/rioonwatch.org.br\/index.php?rest_route=%2Fwp%2Fv2%2Fcomments&post=25424"}],"version-history":[{"count":11,"href":"https:\/\/rioonwatch.org.br\/index.php?rest_route=\/wp\/v2\/posts\/25424\/revisions"}],"predecessor-version":[{"id":25483,"href":"https:\/\/rioonwatch.org.br\/index.php?rest_route=\/wp\/v2\/posts\/25424\/revisions\/25483"}],"wp:featuredmedia":[{"embeddable":true,"href":"https:\/\/rioonwatch.org.br\/index.php?rest_route=\/wp\/v2\/media\/25465"}],"wp:attachment":[{"href":"https:\/\/rioonwatch.org.br\/index.php?rest_route=%2Fwp%2Fv2%2Fmedia&parent=25424"}],"wp:term":[{"taxonomy":"category","embeddable":true,"href":"https:\/\/rioonwatch.org.br\/index.php?rest_route=%2Fwp%2Fv2%2Fcategories&post=25424"},{"taxonomy":"post_tag","embeddable":true,"href":"https:\/\/rioonwatch.org.br\/index.php?rest_route=%2Fwp%2Fv2%2Ftags&post=25424"},{"taxonomy":"writer","embeddable":true,"href":"https:\/\/rioonwatch.org.br\/index.php?rest_route=%2Fwp%2Fv2%2Fwriter&post=25424"},{"taxonomy":"translator","embeddable":true,"href":"https:\/\/rioonwatch.org.br\/index.php?rest_route=%2Fwp%2Fv2%2Ftranslator&post=25424"},{"taxonomy":"source","embeddable":true,"href":"https:\/\/rioonwatch.org.br\/index.php?rest_route=%2Fwp%2Fv2%2Fsource&post=25424"},{"taxonomy":"ilustrador","embeddable":true,"href":"https:\/\/rioonwatch.org.br\/index.php?rest_route=%2Fwp%2Fv2%2Filustrador&post=25424"},{"taxonomy":"fotografo","embeddable":true,"href":"https:\/\/rioonwatch.org.br\/index.php?rest_route=%2Fwp%2Fv2%2Ffotografo&post=25424"}],"curies":[{"name":"wp","href":"https:\/\/api.w.org\/{rel}","templated":true}]}}