{"id":25426,"date":"2017-04-29T10:36:17","date_gmt":"2017-04-29T13:36:17","guid":{"rendered":"http:\/\/rioonwatch.org.br\/?p=25426"},"modified":"2017-06-22T13:46:47","modified_gmt":"2017-06-22T16:46:47","slug":"audiencia-publica-pela-desocupacao-das-casas-invadidas-por-policiais-mostra-forca-dos-moradores-do-alemao","status":"publish","type":"post","link":"https:\/\/rioonwatch.org.br\/?p=25426","title":{"rendered":"Audi\u00eancia P\u00fablica Mostra For\u00e7a de Moradores do Alem\u00e3o"},"content":{"rendered":"<p style=\"text-align: right;\"><em><strong><a href=\"http:\/\/bit.ly\/2pBA4gr\" target=\"_blank\" rel=\"noopener noreferrer\">Click Here for English<img decoding=\"async\" width=\"20\" height=\"20\" class=\"alignright wp-image-15790\" src=\"http:\/\/rioonwatch.org.br\/wp-content\/uploads\/2012\/08\/EN-standard-e1439583104716.jpg\" alt=\"\" \/><\/a><\/strong><\/em><\/p>\n<p>A Audi\u00eancia P\u00fablica,\u00a0<a href=\"http:\/\/bit.ly\/2pp8W4r\" target=\"_blank\" rel=\"noopener noreferrer\">Casas Invadidas, Vidas Violadas e outros abusos Policiais no Complexo do Alem\u00e3o<\/a>, ocorrida na \u00faltima segunda-feira, dia 24, na <a href=\"http:\/\/bit.ly\/1kcl02n\" target=\"_blank\" rel=\"noopener noreferrer\">Defensoria P\u00fablica do Estado do Rio<\/a>, tomou como ponto de partida a <a href=\"http:\/\/glo.bo\/2l2Jx1q\" target=\"_blank\" rel=\"noopener noreferrer\">invas\u00e3o das casas de moradores do Complexo<\/a> para serem usadas como base policial, e seguiu para cobrir\u00a0o debate mais amplo acerca da arbitrariedade e <a href=\"http:\/\/bit.ly\/1i0t9Hc\" target=\"_blank\" rel=\"noopener noreferrer\">viol\u00eancia policial<\/a> praticadas na favela.<\/p>\n<p>Dado o estado de tens\u00f5es sobre o tema, <a href=\"http:\/\/bit.ly\/2q08SrO\" target=\"_blank\" rel=\"noopener noreferrer\">a audi\u00eancia foi altamente intensa<\/a>, emocionalmente carregada e as vezes combativa, apesar da insist\u00eancia da mesa, que foi formada por representantes da Defensoria P\u00fablica, da <a href=\"http:\/\/bit.ly\/2cYeoGh\" target=\"_blank\" rel=\"noopener noreferrer\">Comiss\u00e3o de Direitos Humanos da Alerj<\/a> e da C\u00e2mara dos Vereadores, das Secretarias de Seguran\u00e7a P\u00fablica e de Sa\u00fade, do Comando das Unidades de Pol\u00edcia Pacificadora (<a href=\"http:\/\/bit.ly\/1JqAv2B\" target=\"_blank\" rel=\"noopener noreferrer\">UPPs<\/a>), e de movimentos sociais do <a href=\"http:\/\/bit.ly\/U0MiGm\" target=\"_blank\" rel=\"noopener\">Complexo do Alem\u00e3o<\/a>, entre outros. A proposta inicial era um car\u00e1ter conciliat\u00f3rio para\u00a0audi\u00eancia, que deveria abrir um canal de di\u00e1logo entre moradores e policiais. <a href=\"http:\/\/bit.ly\/2cGt79l\" target=\"_blank\" rel=\"noopener noreferrer\">Marcelo Freixo<\/a>, na condi\u00e7\u00e3o de presidente da Comiss\u00e3o de Defesa dos Direitos Humanos e Cidadania da Assembleia Legislativa, afirmou: \u201cA gente precisa parar de querer saber de <a href=\"http:\/\/bit.ly\/2plE9nU\" target=\"_blank\" rel=\"noopener noreferrer\">que lado<\/a> se conta mais corpos. N\u00e3o tem vencedor\u201d.<\/p>\n<p><a href=\"http:\/\/rioonwatch.org.br\/wp-content\/uploads\/2017\/04\/Audie\u0302ncia-Pu\u0301blica-Alema\u0303o-8.jpg\"><img fetchpriority=\"high\" decoding=\"async\" class=\"aligncenter wp-image-25452 size-content\" title=\"A mesa contou com representantes da Defensoria P\u00fablica, da Comiss\u00e3o de Direitos Humanos da Alerj e da C\u00e2mara dos Vereadores, das Secretarias de Seguran\u00e7a P\u00fablica e de Sa\u00fade, do Comando das Unidades de Pol\u00edcia Pacificadora (UPPs), e de movimentos sociais do Complexo do Alem\u00e3o.\" src=\"http:\/\/rioonwatch.org.br\/wp-content\/uploads\/2017\/04\/Audie\u0302ncia-Pu\u0301blica-Alema\u0303o-8-620x264.jpg\" alt=\"A mesa contou com representantes da Defensoria P\u00fablica, da Comiss\u00e3o de Direitos Humanos da Alerj e da C\u00e2mara dos Vereadores, das Secretarias de Seguran\u00e7a P\u00fablica e de Sa\u00fade, do Comando das Unidades de Pol\u00edcia Pacificadora (UPPs), e de movimentos sociais do Complexo do Alem\u00e3o.\" width=\"620\" height=\"264\" \/><\/a><\/p>\n<p>\u201cTem lado A e lado B sim\u201d, gritava a plateia em resposta a tentativa de fomentar uma identifica\u00e7\u00e3o m\u00fatua entre os presentes como v\u00edtimas de uma mesma pol\u00edtica de seguran\u00e7a p\u00fablica falida. A divis\u00e3o era, inclusive, espacial: os cerca de trinta policiais, fardados, sentavam juntos de um lado da sala, enquanto moradores, portando cartazes, ocupavam o outro lado.<\/p>\n<p>\u201cA pol\u00edcia <a href=\"http:\/\/bit.ly\/2oqONME\" target=\"_blank\" rel=\"noopener noreferrer\">diz que a guerra \u00e9 contra as drogas, mas a guerra \u00e9 contra morador<\/a>. Bala perdida s\u00f3 encontra morador. A pol\u00edcia entra e tira as pessoas de casa para fazer base. Expulsaram um casal de idosos a pontap\u00e9s, fizeram xixi em cima da televis\u00e3o de morador, tomaram o iogurte da crian\u00e7a e apontaram o fuzil pra ela dizendo \u2018Se n\u00e3o calar a boca, vou calar\u2019. N\u00e3o protejo bandido, mas traficante nenhum nunca tirou ningu\u00e9m de casa\u201d, denunciou Cleonice Madalena, moradora e volunt\u00e1ria do projeto FavelArte. O pastor Jorge Felix contou que precisou se mudar da favela: \u201cA casa virou ponto estrat\u00e9gico da PM, que faz trocas de plant\u00e3o na minha <a href=\"http:\/\/bit.ly\/2mmOQb3\" target=\"_blank\" rel=\"noopener noreferrer\">laje<\/a>. Eles alegam que o momento \u00e9 de guerra e que t\u00eam ordem superior para ficar l\u00e1\u201d.<\/p>\n<p><a href=\"http:\/\/rioonwatch.org.br\/wp-content\/uploads\/2017\/04\/Audiencia-Publica-Alemao-3.jpg\"><img decoding=\"async\" class=\"aligncenter wp-image-25450 size-content\" title=\"Moradores levantam cartazes pedindo o fim da viol\u00eancia.\" src=\"http:\/\/rioonwatch.org.br\/wp-content\/uploads\/2017\/04\/Audiencia-Publica-Alemao-3-620x264.jpg\" alt=\"Moradores levantam cartazes pedindo o fim da viol\u00eancia.\" width=\"620\" height=\"264\" \/><\/a><\/p>\n<p>Sentado \u00e0 mesa, o tenente-coronel Marcos Borges, subcomandante da UPP, tentou justificar a invas\u00e3o das casas na Pra\u00e7a do Samba como uma atividade tempor\u00e1ria na aus\u00eancia de uma base militar na qual os policiais pudessem se proteger.<\/p>\n<p>\u201cUma casa no Complexo do Alem\u00e3o tem que ser t\u00e3o respeitada como uma casa no Leblon. N\u00e3o d\u00e1 mais para a gente restringir o territ\u00f3rio da guerra\u201d, colocou Freixo.<\/p>\n<p>O estabelecimento de bases no Alem\u00e3o \u00e9 historicamente pol\u00eamico, j\u00e1 tendo sido usadas para bases de UPP <a href=\"http:\/\/bit.ly\/1N01wYR\" target=\"_blank\" rel=\"noopener noreferrer\">parte do terreno de uma escola<\/a> e uma quadra esportiva. Essas a\u00e7\u00f5es restringiram o acesso das crian\u00e7as \u00e0 educa\u00e7\u00e3o e lazer, ilustrando a hierarquiza\u00e7\u00e3o de pol\u00edticas p\u00fablicas que \u00e9 feita pelo Estado: servi\u00e7os b\u00e1sicos s\u00e3o subordinados a din\u00e2micas policiais.<\/p>\n<p><a href=\"http:\/\/rioonwatch.org.br\/wp-content\/uploads\/2017\/04\/Audie\u0302ncia-Pu\u0301blica-Alema\u0303o-7.jpg\"><img loading=\"lazy\" decoding=\"async\" class=\"aligncenter wp-image-25454 size-content\" title=\"&quot;N\u00e3o existe bala perdida com tiroteio em beco estreito&quot;, dizia um dos banners levados pelo coletivo Juntos pelo Complexo.\" src=\"http:\/\/rioonwatch.org.br\/wp-content\/uploads\/2017\/04\/Audie\u0302ncia-Pu\u0301blica-Alema\u0303o-7-620x264.jpg\" alt=\"&quot;N\u00e3o existe bala perdida com tiroteio em beco estreito&quot;, dizia um dos banners levados pelo coletivo Juntos pelo Complexo.\" width=\"620\" height=\"264\" \/><\/a><\/p>\n<p>Algumas dessas casas est\u00e3o ocupadas desde janeiro, mas a hist\u00f3ria recente de terror no Alem\u00e3o pode ser tra\u00e7ada \u00e0s ocupa\u00e7\u00f5es de 2010, quando blindados das for\u00e7as armadas adentraram a favela e a <a href=\"http:\/\/bit.ly\/1mtYvXK\" target=\"_blank\" rel=\"noopener noreferrer\">Pol\u00edcia Militar<\/a> hasteou uma bandeira no alto do telef\u00e9rico como s\u00edmbolo da retomada territorial. <a href=\"http:\/\/bit.ly\/2hONhhc\" target=\"_blank\" rel=\"noopener noreferrer\">Raull Santiago<\/a>, ativista do coletivo <a href=\"http:\/\/on.fb.me\/1HZJ30x\" target=\"_blank\" rel=\"noopener noreferrer\">Juntos pelo Complexo<\/a> e um dos membros da mesa, disse: \u201cAs opera\u00e7\u00f5es funcionam segundo a l\u00f3gica do medo. Em 2010 eles vieram com um novo discurso e repetiram o erro\u2013ou o acerto\u2013e reafirmaram a pol\u00edcia como a \u00fanica pol\u00edtica p\u00fablica que chega na favela. A <a href=\"http:\/\/bit.ly\/2d6d4yo\" target=\"_blank\" rel=\"noopener noreferrer\">pol\u00edcia foi mandada para impedir as ocupa\u00e7\u00f5es de moradores da favelinha da Skol<\/a>, mas hoje a pol\u00edcia ocupa 3 casas no alto da Alvorada e ningu\u00e9m fala da propriedade privada, porque a propriedade privada do pobre n\u00e3o vale nada\u201d.<\/p>\n<p>Desde o estabelecimento das UPPs no Complexo, a hist\u00f3ria se repete: assim como vem acontecendo nas \u00faltimas semanas, em 2014 e 2015, <a href=\"http:\/\/bit.ly\/19QHUcr\" target=\"_blank\" rel=\"noopener noreferrer\">um n\u00famero elevado de mortes decorrente de opera\u00e7\u00f5es policiais<\/a>, <a href=\"http:\/\/bit.ly\/1Dpu2R2\" target=\"_blank\" rel=\"noopener noreferrer\">protestos pela paz<\/a> e <a href=\"http:\/\/bit.ly\/1ot23tf\" target=\"_blank\" rel=\"noopener noreferrer\">mobiliza\u00e7\u00e3o nas m\u00eddias sociais<\/a> j\u00e1 eram realidades, assim como encontros como essa Audi\u00eancia P\u00fablica, que <a href=\"http:\/\/bit.ly\/1b3U4PY\" target=\"_blank\" rel=\"noopener noreferrer\">recomendavam a sa\u00edda da UPP da comunidade e que acabavam em tens\u00e3o e troca de acusa\u00e7\u00f5es<\/a>.<\/p>\n<p>Essa hist\u00f3ria \u00e9, no entanto, muito mais antiga, fruto de um pensar a pol\u00edtica de seguran\u00e7a p\u00fablica como uma guerra entre v\u00edtimas e vil\u00f5es, como lembrou um v\u00eddeo exibido no in\u00edcio da audi\u00eancia. O v\u00eddeo tra\u00e7ou um panorama hist\u00f3rico das opera\u00e7\u00f5es na favela, lembrando de pol\u00edticas que predominaram na d\u00e9cada de 90, como a bonifica\u00e7\u00e3o dada a policiais por n\u00famero de mortes, at\u00e9 a ocupa\u00e7\u00e3o de 2010, refor\u00e7ando uma ideia que foi repetida por diversos moradores ao longo da tarde: \u201co Estado normaliza a morte\u201d, especialmente a morte de negros, pobres e perif\u00e9ricos.<\/p>\n<p>\u201cMais do que desocupar as casas, a gente quer poupar a vida das pessoas\u201d, disse <a href=\"http:\/\/bit.ly\/2g2qC4k\" target=\"_blank\" rel=\"noopener noreferrer\">Alan Brum<\/a>, morador e ativista da ONG <a href=\"http:\/\/bit.ly\/2dvJNmU\" target=\"_blank\" rel=\"noopener noreferrer\">Ra\u00edzes em Movimento<\/a>. Nesse sentido, a audi\u00eancia lembrou alguns dos que perderam suas vidas ou sua liberdade nesse confronto. Aclama\u00e7\u00f5es como \u201c<a href=\"http:\/\/bit.ly\/1Ww152i\" target=\"_blank\" rel=\"noopener noreferrer\">Eduardo, presente!<\/a>\u201d e \u201c<a href=\"http:\/\/bit.ly\/1Vi4twf\" target=\"_blank\" rel=\"noopener noreferrer\">Liberdade para Rafael Braga<\/a>\u201d iniciavam a fala de muitos dos moradores, como forma de lembrar e honrar os seus. Terezinha, m\u00e3e do menino Eduardo reiterou em seu discurso sua falta de confian\u00e7a na institui\u00e7\u00e3o policial. Dalva, que tamb\u00e9m teve o filho assassinado pela pol\u00edcia no morro do Borel, diz que a favela \u00e9 criminalizada e que \u201ca guerra n\u00e3o \u00e9 de combate \u00e0s drogas, mas \u00e0s vidas\u201d. Raull lembrou: \u201c<a href=\"http:\/\/bit.ly\/2qeCUel\" target=\"_blank\" rel=\"noopener noreferrer\">O Bruno morreu dentro de casa, o Gustavo indo trabalhar<\/a>. Hoje faz um ano do enterro do mototaxista Shrek, que o policial abriu fogo primeiro antes de perguntar quem era, padr\u00e3o na a\u00e7\u00e3o da pol\u00edcia\u201d.<\/p>\n<p><a href=\"http:\/\/rioonwatch.org.br\/wp-content\/uploads\/2017\/04\/Audi\u00eancia-P\u00fablica-Alem\u00e3o-4.jpg\"><img loading=\"lazy\" decoding=\"async\" class=\"aligncenter wp-image-25430 size-content\" title=\"Policial sugere que moradores filmem tamb\u00e9m traficantes.\" src=\"http:\/\/rioonwatch.org.br\/wp-content\/uploads\/2017\/04\/Audi\u00eancia-P\u00fablica-Alem\u00e3o-4-620x264.jpg\" alt=\"Policial sugere que moradores filmem tamb\u00e9m traficantes.\" width=\"620\" height=\"264\" \/><\/a><\/p>\n<p>A aus\u00eancia do governador ou de um representante executivo do governo do estado, respons\u00e1vel pela pol\u00edtica de seguran\u00e7a p\u00fablica e a gest\u00e3o da Pol\u00edcia Militar, n\u00e3o passou despercebida. Faltaram tamb\u00e9m representantes das secretarias de educa\u00e7\u00e3o e cultura, essenciais para se pensar uma pol\u00edtica para as favelas humana e integrada. A aus\u00eancia do <a href=\"http:\/\/bit.ly\/2fFjBCs\" target=\"_blank\" rel=\"noopener noreferrer\">Prefeito Crivella<\/a> tamb\u00e9m foi notada, j\u00e1 que a\u00e7\u00f5es da prefeitura, como as a\u00e7\u00f5es de infraestrutura recentemente propostas pelo prefeito, podem mitigar ou refor\u00e7ar a sensa\u00e7\u00e3o de inseguran\u00e7a. \u201cT\u00f4 doida para que o Crivella apare\u00e7a aqui para eu perguntar pra ele se, al\u00e9m de <a href=\"http:\/\/bit.ly\/2nb4gkK\" target=\"_blank\" rel=\"noopener noreferrer\">blindar as escolas<\/a>, ele tamb\u00e9m vai blindar os barracos, as pr\u00f3prias crian\u00e7as que s\u00e3o baleadas no acesso \u00e0 escola. Isso \u00e9 demagogia barata\u201d, disse Cleonice.<\/p>\n<p>O desentendimento central come\u00e7ou quando um policial pediu a palavra para refutar acusa\u00e7\u00f5es de que a pol\u00edcia seria genocida por parte dos moradores. \u201cEm uma guerra, precisamos escolher um lado\u201d, ele afirmou, defendendo que, assim como os moradores est\u00e3o aprendendo a filmar a a\u00e7\u00e3o policial, um direito garantido por lei, eles deveriam filmar tamb\u00e9m a a\u00e7\u00e3o de traficantes. O coment\u00e1rio foi recebido por vaias da plateia, que gritava que o morador n\u00e3o estava l\u00e1 para fazer o trabalho da pol\u00edcia. O coment\u00e1rio mostra, ainda, uma insensibilidade tamanha por parte do policial, que pede que os moradores coloquem sua seguran\u00e7a e integridade f\u00edsica em risco ao propor coloca-los frente a frente com traficantes, e iguala as duas a\u00e7\u00f5es. Pois filmar a atividade policial n\u00e3o deveria ser um risco se eles operam dentro da lei e seu mandato \u00e9 a prote\u00e7\u00e3o dos cidad\u00e3os. As partes trocaram ent\u00e3o acusa\u00e7\u00f5es de \u201cassassinos\u201d e \u201cc\u00famplices do tr\u00e1fico\u201d.<\/p>\n<p>Ao abandono dos policiais da sala da audi\u00eancia se seguiu o abandono da m\u00eddia, que estava presente em peso at\u00e9 este ponto. Enquanto moradores ocupavam seu espa\u00e7o no microfone para relatar suas experi\u00eancias, todas as c\u00e2meras e microfones estavam voltados para o Capit\u00e3o Zuma, comandante da UPP do Alem\u00e3o, que mostrava fotos impressas de traficantes armados e insistia que somente uma casa, anteriormente abandonada, havia sido ocupada, enquanto a Defensoria P\u00fablica identificou no m\u00ednimo cinco. Na tentativa de justificar a a\u00e7\u00e3o, ele alegava que dentro do Largo do Samba \u201chavia uma imensa boca de fumo\u201d e v\u00e1rias casas abandonadas, crivadas por bala. Ele alegou colocar sua carreira em risco para proteger a vida dos policiais, que estavam sendo atacados por traficantes, e evitou uma pergunta insistente por parte de um dos presentes: \u201cA lei foi observada nesse processo?\u201d.<\/p>\n<p><a href=\"http:\/\/rioonwatch.org.br\/wp-content\/uploads\/2017\/04\/Audiencia-Publica-Alemao-6.jpg\"><img loading=\"lazy\" decoding=\"async\" class=\"alignright wp-image-25447\" title=\"Capit\u00e3o Zuma, comandante da UPP de Nova Bras\u00edlia, exibe fotos de traficantes armados.\" src=\"http:\/\/rioonwatch.org.br\/wp-content\/uploads\/2017\/04\/Audiencia-Publica-Alemao-6.jpg\" alt=\"Capit\u00e3o Zuma, comandante da UPP de Nova Bras\u00edlia, exibe fotos de traficantes armados.\" width=\"300\" height=\"312\" srcset=\"https:\/\/rioonwatch.org.br\/wp-content\/uploads\/2017\/04\/Audiencia-Publica-Alemao-6.jpg 385w, https:\/\/rioonwatch.org.br\/wp-content\/uploads\/2017\/04\/Audiencia-Publica-Alemao-6-254x264.jpg 254w\" sizes=\"(max-width: 300px) 100vw, 300px\" \/><\/a>Os moradores contam uma hist\u00f3ria diferente, comprovada pela Dra. L\u00edvia Casseres, representante da Defensoria P\u00fablica na mesa. Ela conta que o N\u00facleo de Defesa foi procurado em janeiro por fam\u00edlias que alegavam ter tido seus cadeados rompidos e acusavam a presen\u00e7a constante de policiais em suas lajes. Imagens a\u00e9reas e a presen\u00e7a de eletrodom\u00e9sticos sugeriam que as casas n\u00e3o estavam abandonadas e, mesmo que estivessem, o c\u00f3digo legal brasileiro garante a posse mesmo em caso de desocupa\u00e7\u00e3o. Segundo ela, a UPP da Nova Bras\u00edlia foi procurada, mas n\u00e3o houve concilia\u00e7\u00e3o. Ao fim da audi\u00eancia, a Defensoria recomendou a desocupa\u00e7\u00e3o imediata e indeniza\u00e7\u00e3o por preju\u00edzos sofridos, inclusive eletrodom\u00e9sticos danificados.<\/p>\n<p>Moradores clamavam, inclusive, pela pris\u00e3o no ato do subcomandante das UPPs, que admitiu a invas\u00e3o, declarada inconstitucional, das casas. Marcos disse ainda que a postura inicial de \u201cpromo\u00e7\u00e3o da paz e preserva\u00e7\u00e3o da vida\u201d teve que ser abandonada. \u201cO crescimento da criminalidade nos demandou outras atitudes\u201d, disse ele. Ele seguiu o discurso do capit\u00e3o Zuma de que a invas\u00e3o das casas se deu para a prote\u00e7\u00e3o do policial. A sa\u00edda est\u00e1 sendo providenciada, mas, diferentemente da entrada, precisa seguir um planejamento. \u201cA gente ia retirar eles hoje, mas choveu muito no final de semana\u201d, foi a sua justificativa.<\/p>\n<p>Ele disse, ainda, que a pol\u00edcia tem uma comiss\u00e3o para reavaliar a perman\u00eancia das UPPs e para apurar abusos policiais. \u201c\u00c9 l\u00e1 que voc\u00eas decidem se a gente vive ou morre, Coronel? Me conta ent\u00e3o onde essa comiss\u00e3o se re\u00fane\u201d, exigiu <a href=\"http:\/\/bit.ly\/1YbLAKl\" target=\"_blank\" rel=\"noopener noreferrer\">Mariluce Mari\u00e1<\/a>, coordenadora do FavelaArte.<\/p>\n<p>Esperar que moradores denunciem a pol\u00edcia para a pr\u00f3pria pol\u00edcia \u00e9 um tanto irreal, seja em termos da falta de confian\u00e7a na institui\u00e7\u00e3o policial para investiga-la, seja pelo medo de retalia\u00e7\u00e3o. Um dos moradores inscritos na lista de oradores, que teve a sua casa invadida, desistiu de dar o seu relato devido \u00e0 presen\u00e7a policial no local. Leonardo Souza, morador e ativista do <a href=\"http:\/\/bit.ly\/2pJsdxw\" target=\"_blank\" rel=\"noopener noreferrer\">Ocupa Alem\u00e3o<\/a>, questionou essa presen\u00e7a: \u201cPara mim, policial estar presente no espa\u00e7o onde ele est\u00e1 sendo acusado s\u00f3 serve um prop\u00f3sito: coa\u00e7\u00e3o\u201d. Para ele, a audi\u00eancia n\u00e3o deveria ter fun\u00e7\u00e3o de reconcilia\u00e7\u00e3o, mas de den\u00fancia: \u201cAs armas e drogas entram no Alem\u00e3o com o aval e pela corrup\u00e7\u00e3o da pol\u00edcia\u201d.<\/p>\n<p><a href=\"http:\/\/rioonwatch.org.br\/wp-content\/uploads\/2017\/04\/Audiencia-Publica-Alemao-2.jpg\"><img loading=\"lazy\" decoding=\"async\" class=\"aligncenter wp-image-25456 size-content\" title=\"Mariluce mostra trabalho feito pelas crian\u00e7as do seu projeto social: &quot;Eu n\u00e3o quero morrer crian\u00e7a.&quot; Foto de RioRealBlog\" src=\"http:\/\/rioonwatch.org.br\/wp-content\/uploads\/2017\/04\/Audiencia-Publica-Alemao-2-620x264.jpg\" alt=\"Mariluce mostra trabalho feito pelas crian\u00e7as do seu projeto social: &quot;Eu n\u00e3o quero morrer crian\u00e7a.&quot; Foto de RioRealBlog\" width=\"620\" height=\"264\" srcset=\"https:\/\/rioonwatch.org.br\/wp-content\/uploads\/2017\/04\/Audiencia-Publica-Alemao-2-620x264.jpg 620w, https:\/\/rioonwatch.org.br\/wp-content\/uploads\/2017\/04\/Audiencia-Publica-Alemao-2-940x400.jpg 940w\" sizes=\"(max-width: 620px) 100vw, 620px\" \/><\/a><\/p>\n<p>Frans\u00e9rgio Goulart, ativista do <a href=\"http:\/\/bit.ly\/1YaKfCV\" target=\"_blank\" rel=\"noopener noreferrer\">F\u00f3rum de Juventudes<\/a>, relatou que nada aconteceu depois de sucessivas audi\u00eancias p\u00fablicas em 2015 e 2016. \u201cA \u00fanica coisa que mudou \u00e9 que o n\u00famero de mortos \u00e9 maior\u201d, colocou Raull. \u201cEsse espa\u00e7o n\u00e3o t\u00e1 resolvendo, mas o que tem de positivo aqui \u00e9 o espa\u00e7o terap\u00eautico. A comunidade vem aqui e berra, grita, e os policiais t\u00eam que escutar calados. Aqui voc\u00eas n\u00e3o v\u00e3o me matar\u201d, completou Frans\u00e9rgio.<\/p>\n<p>Enquanto a audi\u00eancia acontecia, a p\u00e1gina do\u00a0<a href=\"http:\/\/bit.ly\/2j30cx7\" target=\"_blank\" rel=\"noopener noreferrer\">Coletivo Papo Reto<\/a> denunciava a presen\u00e7a de policiais militares e do BOPE no Alem\u00e3o, que teriam fechado a rua principal da Alvorada para constru\u00edrem a tal base policial. O saldo da opera\u00e7\u00e3o foram dois policiais baleados, um morador morto e pelo menos uma casa invadida. O morador, o jovem <a href=\"https:\/\/glo.bo\/2ppINEt\" target=\"_blank\" rel=\"noopener noreferrer\">Paulo Henrique<\/a>, de 13 anos, <a href=\"http:\/\/bit.ly\/2pwW8vw\" target=\"_blank\" rel=\"noopener noreferrer\">se somou ao Gustavo, de 17, ao Bruno, de 22<\/a>, mortos na sexta-feira (21) e \u00e0 Dona Bernadete, 68 anos, que caiu da laje assustada com os barulhos de tiro e tamb\u00e9m veio a \u00f3bito.<\/p>\n<p><a href=\"http:\/\/rioonwatch.org.br\/wp-content\/uploads\/2017\/04\/CPX-manifesta\u00e7\u00e3o.jpg\"><img loading=\"lazy\" decoding=\"async\" class=\"aligncenter wp-image-25429 size-content\" title=\"Crian\u00e7as participam da manifesta\u00e7\u00e3o pela paz nessa ter\u00e7a-feira. Foto: M\u00eddia1508\" src=\"http:\/\/rioonwatch.org.br\/wp-content\/uploads\/2017\/04\/CPX-manifesta\u00e7\u00e3o-620x264.jpg\" alt=\"Crian\u00e7as participam da manifesta\u00e7\u00e3o pela paz nessa ter\u00e7a-feira. Foto: M\u00eddia1508\" width=\"620\" height=\"264\" srcset=\"https:\/\/rioonwatch.org.br\/wp-content\/uploads\/2017\/04\/CPX-manifesta\u00e7\u00e3o-620x264.jpg 620w, https:\/\/rioonwatch.org.br\/wp-content\/uploads\/2017\/04\/CPX-manifesta\u00e7\u00e3o-940x400.jpg 940w\" sizes=\"(max-width: 620px) 100vw, 620px\" \/><\/a><\/p>\n<p>No dia seguinte \u00e0 audi\u00eancia, moradores se organizaram em uma caminhada com o tema \u201c<a href=\"http:\/\/bit.ly\/2ptAHe9\" target=\"_blank\" rel=\"noopener noreferrer\">Vidas nas Favelas Importam<\/a>\u201d. Tamb\u00e9m nesse dia, <a href=\"https:\/\/glo.bo\/2oQ6Ok6\" target=\"_blank\" rel=\"noopener noreferrer\">mais de 4 mil crian\u00e7as ficaram sem aula devido \u00e0 opera\u00e7\u00e3o policial<\/a>, que vitimou o jovem <a href=\"https:\/\/glo.bo\/2ptun6b\" target=\"_blank\" rel=\"noopener noreferrer\">Felipe Farias<\/a>. Na quinta-feira, dia 27, <a href=\"http:\/\/bit.ly\/2pbVrGO\" target=\"_blank\" rel=\"noopener noreferrer\">tiroteios nas ruas exigiram que professores corressem para colocar as crian\u00e7as para dentro da escola no momento da chegada ao col\u00e9gio<\/a>\u2013o que corrobora\u00a0uma cr\u00edtica feita na audi\u00eancia que muitas opera\u00e7\u00f5es policiais s\u00e3o feitas na hora de entrada e sa\u00edda\u00a0da escola.<\/p>\n<p>Logo ap\u00f3s a audi\u00eancia, Mariluce lan\u00e7ou a seus amigos no Facebook a pergunta \u201c<a href=\"http:\/\/bit.ly\/2qf1Rn4\" target=\"_blank\" rel=\"noopener noreferrer\">Se voc\u00ea pudesse, iria embora do morro?<\/a>\u201d, ao que a grande maioria ressaltou seus la\u00e7os afetivos com a comunidade, mas disse que j\u00e1 sa\u00edra ou sairia se tivesse oportunidade, devido \u00e0s dificuldades vividas, \u00e0 sensa\u00e7\u00e3o de inseguran\u00e7a e \u00e0 falta de confian\u00e7a nas institui\u00e7\u00f5es. Alguns discordaram: \u201cJamais me renderei pra esse estado falido e de uma pol\u00edcia assassina e corrupta\u201d, disse o usu\u00e1rio Elilton Moreira.<\/p>\n<p>Ao fim da audi\u00eancia, moradores demonstraram medo de deixar o local devido \u00e0 presen\u00e7a policial na porta do edif\u00edcio e de chegar em casa, pois a articula\u00e7\u00e3o via rede social com outros moradores informou que estava acontecendo tiroteios naquele momento.<\/p>\n<p><a href=\"http:\/\/rioonwatch.org.br\/wp-content\/uploads\/2017\/04\/fuzil-CPX.jpg\"><img loading=\"lazy\" decoding=\"async\" class=\"aligncenter wp-image-25427 size-content\" title=\"Policiais em casa invadida no Largo do Samba colocam fuzis para o alto durante manifesta\u00e7\u00e3o dos moradores. Foto: Raull Santiago | Glaucia Gervasio.\" src=\"http:\/\/rioonwatch.org.br\/wp-content\/uploads\/2017\/04\/fuzil-CPX-620x264.jpg\" alt=\"Policiais em casa invadida no Largo do Samba colocam fuzis para o alto durante manifesta\u00e7\u00e3o dos moradores. Foto: Raull Santiago | Glaucia Gervasio.\" width=\"620\" height=\"264\" srcset=\"https:\/\/rioonwatch.org.br\/wp-content\/uploads\/2017\/04\/fuzil-CPX-620x264.jpg 620w, https:\/\/rioonwatch.org.br\/wp-content\/uploads\/2017\/04\/fuzil-CPX-940x400.jpg 940w\" sizes=\"(max-width: 620px) 100vw, 620px\" \/><\/a><\/p>\n<p>Recomenda\u00e7\u00f5es feitas pelos moradores inclu\u00edram o fim das opera\u00e7\u00f5es em hor\u00e1rios de alta circula\u00e7\u00e3o de pessoas, o fim do uso do caveir\u00e3o e das revistas arbitr\u00e1rias de moradores, a entrada nas casas somente mediante mandados de busca, o afastamento imediato de policiais sendo investigados em processos de autos de resist\u00eancia, a constru\u00e7\u00e3o de um memorial para v\u00edtimas de viol\u00eancia policial e o fim da cumplicidade do judici\u00e1rio com a viol\u00eancia policial.<\/p>\n<p>Apesar da d\u00favida de que a audi\u00eancia serviu para seu prop\u00f3sito conciliat\u00f3rio, ela foi efetiva em trazer a <a href=\"https:\/\/glo.bo\/2orBGfu\" target=\"_blank\" rel=\"noopener noreferrer\">aten\u00e7\u00e3o da grande m\u00eddia<\/a> para os abusos policiais ocorrendo no Alem\u00e3o, e arrancou do subcomandante da UPP um <a href=\"https:\/\/glo.bo\/2pePutc\" target=\"_blank\" rel=\"noopener noreferrer\">compromisso p\u00fablico<\/a> e, portanto, cobr\u00e1vel, de retirar os policiais das casas ocupadas at\u00e9 a ter\u00e7a-feira (<a href=\"https:\/\/glo.bo\/2oMRXa6\" target=\"_blank\" rel=\"noopener noreferrer\">que n\u00e3o foi cumprido<\/a>, como alegaram moradores na quinta-feira).<\/p>\n<p>E\u00a0ontem, sexta-feira (28), foi aprovada, em\u00a0<a href=\"https:\/\/glo.bo\/2oQKruN\" target=\"_blank\" rel=\"noopener noreferrer\">decis\u00e3o hist\u00f3rica da\u00a0ju\u00edza Roseli Nalin<\/a>,\u00a0uma liminar baseada <a href=\"http:\/\/bit.ly\/2pG65a6\" target=\"_blank\" rel=\"noopener noreferrer\">na a\u00e7\u00e3o proposta pela Defensoria<\/a>\u00a0determinando a desocupa\u00e7\u00e3o imediata. Al\u00e9m disso, a audi\u00eancia demonstrou a for\u00e7a pol\u00edtica de um grupo de moradores que n\u00e3o ir\u00e1 se calar frente \u00e0 viol\u00eancia policial e que se organiza para filmar, denunciar, constranger e cobrar os seus direitos.<\/p>\n<!-- AddThis Advanced Settings generic via filter on the_content --><!-- AddThis Share Buttons generic via filter on the_content -->","protected":false},"excerpt":{"rendered":"<div class=\"mh-excerpt\"><p>Click Here for English A Audi\u00eancia P\u00fablica,\u00a0Casas Invadidas, Vidas Violadas e outros abusos Policiais no Complexo do Alem\u00e3o, ocorrida na \u00faltima segunda-feira, dia 24, na Defensoria P\u00fablica do Estado do Rio, tomou como ponto de <a class=\"mh-excerpt-more\" href=\"https:\/\/rioonwatch.org.br\/?p=25426\" title=\"Audi\u00eancia P\u00fablica Mostra For\u00e7a de Moradores do Alem\u00e3o\">[&#8230;]<\/a><!-- AddThis Advanced Settings generic via filter on get_the_excerpt --><!-- AddThis Share Buttons generic via filter on get_the_excerpt --><\/p>\n<\/div>","protected":false},"author":152,"featured_media":25450,"comment_status":"closed","ping_status":"closed","sticky":false,"template":"","format":"standard","meta":{"_acf_changed":false,"_monsterinsights_skip_tracking":false,"_monsterinsights_sitenote_active":false,"_monsterinsights_sitenote_note":"","_monsterinsights_sitenote_category":0,"footnotes":""},"categories":[1621,1627,346,344,1620,1612],"tags":[1754,259,1515,217,1471,90,2070,937,88,418,316,1527,662,1512,1418,1024,1443,1982,483,1068,774,2122,919,2116,2115,672,562,92,920,52],"writer":[1994],"translator":[],"source":[],"ilustrador":[],"fotografo":[],"class_list":{"0":"post-25426","1":"post","2":"type-post","3":"status-publish","4":"format-standard","5":"has-post-thumbnail","7":"category-destaque","8":"category-relato-de-evento","9":"category-denuncias","10":"category-politicas","11":"category-olhonaupp","12":"category-sociedade-civil","13":"tag-camara-dos-vereadores","14":"tag-centro","15":"tag-comissao-de-direitos-humanos-alerj","16":"tag-complexo-do-alemao","17":"tag-corrupcao-policial","18":"tag-defensoria-publica","19":"tag-direito-a-educacao","20":"tag-direito-de-ir-e-vir","21":"tag-direitos-humanos","22":"tag-drogas","23":"tag-educacao","24":"tag-favela-da-skol","25":"tag-forum-de-juventude-do-rio-de-janeiro","26":"tag-governador-pezao","27":"tag-coletivo-papo-reto","28":"tag-intimidacao-policial","29":"tag-laje","30":"tag-marcelo-crivella","31":"tag-marcelo-freixo","32":"tag-ocupacao-policial","33":"tag-policia-militar","34":"tag-praca-do-samba","35":"tag-reforma-da-policia","36":"tag-secretaria-de-saude","37":"tag-secretaria-de-seguranca","38":"tag-seguranca-publica","39":"tag-trafico-de-drogas","40":"tag-upp","41":"tag-violencia-de-estado","42":"tag-violencia-policial","43":"writer-luisa-fenizola"},"acf":[],"yoast_head":"<!-- This site is optimized with the Yoast SEO plugin v25.6 - https:\/\/yoast.com\/wordpress\/plugins\/seo\/ -->\n<title>Audi\u00eancia P\u00fablica Mostra For\u00e7a de Moradores do Alem\u00e3o - RioOnWatch<\/title>\n<meta name=\"robots\" content=\"index, follow, max-snippet:-1, max-image-preview:large, max-video-preview:-1\" \/>\n<link rel=\"canonical\" href=\"https:\/\/rioonwatch.org.br\/?p=25426\" \/>\n<meta property=\"og:locale\" content=\"pt_BR\" \/>\n<meta property=\"og:type\" content=\"article\" \/>\n<meta property=\"og:title\" content=\"Audi\u00eancia P\u00fablica Mostra For\u00e7a de Moradores do Alem\u00e3o - RioOnWatch\" \/>\n<meta property=\"og:description\" content=\"Click Here for English A Audi\u00eancia P\u00fablica,\u00a0Casas Invadidas, Vidas Violadas e outros abusos Policiais no Complexo do Alem\u00e3o, ocorrida na \u00faltima segunda-feira, dia 24, na Defensoria P\u00fablica do Estado do Rio, tomou como ponto de [...]\" \/>\n<meta property=\"og:url\" content=\"https:\/\/rioonwatch.org.br\/?p=25426\" \/>\n<meta property=\"og:site_name\" content=\"RioOnWatch\" \/>\n<meta property=\"article:published_time\" content=\"2017-04-29T13:36:17+00:00\" \/>\n<meta property=\"article:modified_time\" content=\"2017-06-22T16:46:47+00:00\" \/>\n<meta property=\"og:image\" content=\"https:\/\/rioonwatch.org.br\/wp-content\/uploads\/2017\/04\/Audiencia-Publica-Alemao-3.jpg\" \/>\n\t<meta property=\"og:image:width\" content=\"719\" \/>\n\t<meta property=\"og:image:height\" content=\"351\" \/>\n\t<meta property=\"og:image:type\" content=\"image\/jpeg\" \/>\n<meta name=\"author\" content=\"Luisa Fenizola\" \/>\n<meta name=\"twitter:card\" content=\"summary_large_image\" \/>\n<meta name=\"twitter:label1\" content=\"Escrito por\" \/>\n\t<meta name=\"twitter:data1\" content=\"Luisa Fenizola\" \/>\n\t<meta name=\"twitter:label2\" content=\"Est. tempo de leitura\" \/>\n\t<meta name=\"twitter:data2\" content=\"13 minutos\" \/>\n<script type=\"application\/ld+json\" class=\"yoast-schema-graph\">{\"@context\":\"https:\/\/schema.org\",\"@graph\":[{\"@type\":\"Article\",\"@id\":\"https:\/\/rioonwatch.org.br\/?p=25426#article\",\"isPartOf\":{\"@id\":\"https:\/\/rioonwatch.org.br\/?p=25426\"},\"author\":{\"name\":\"Luisa Fenizola\",\"@id\":\"https:\/\/rioonwatch.org.br\/#\/schema\/person\/f443c6b55bb6e80842280318076491c5\"},\"headline\":\"Audi\u00eancia P\u00fablica Mostra For\u00e7a de Moradores do Alem\u00e3o\",\"datePublished\":\"2017-04-29T13:36:17+00:00\",\"dateModified\":\"2017-06-22T16:46:47+00:00\",\"mainEntityOfPage\":{\"@id\":\"https:\/\/rioonwatch.org.br\/?p=25426\"},\"wordCount\":2573,\"publisher\":{\"@id\":\"https:\/\/rioonwatch.org.br\/#organization\"},\"image\":{\"@id\":\"https:\/\/rioonwatch.org.br\/?p=25426#primaryimage\"},\"thumbnailUrl\":\"https:\/\/rioonwatch.org.br\/wp-content\/uploads\/2017\/04\/Audiencia-Publica-Alemao-3.jpg\",\"keywords\":[\"C\u00e2mara dos Vereadores\",\"Centro\",\"Comiss\u00e3o de Direitos Humanos - Alerj\",\"Complexo do Alem\u00e3o\",\"corrup\u00e7\u00e3o policial\",\"Defensoria P\u00fablica\",\"direito \u00e0 educa\u00e7\u00e3o\",\"direito de ir e vir\",\"Direitos Humanos\",\"drogas\",\"educa\u00e7\u00e3o\",\"Favela da Skol\",\"Forum de Juventudes do Rio de Janeiro\",\"Governador Pez\u00e3o\",\"Instituto Papo Reto\",\"intimida\u00e7\u00e3o policial\",\"laje\",\"Marcelo Crivella\",\"Marcelo Freixo\",\"ocupa\u00e7\u00e3o policial\",\"Pol\u00edcia Militar\",\"Pra\u00e7a do Samba\",\"reforma da pol\u00edcia\",\"Secretaria de Sa\u00fade\",\"Secretaria de Seguran\u00e7a\",\"seguran\u00e7a p\u00fablica\",\"tr\u00e1fico de drogas\",\"UPP\",\"viol\u00eancia de Estado\",\"viol\u00eancia policial\"],\"articleSection\":[\"*Destaque\",\"Cobertura de Eventos\",\"Den\u00fancias\",\"Pol\u00edticas\",\"Seguran\u00e7a P\u00fablica\",\"Sociedade Civil\"],\"inLanguage\":\"pt-BR\"},{\"@type\":\"WebPage\",\"@id\":\"https:\/\/rioonwatch.org.br\/?p=25426\",\"url\":\"https:\/\/rioonwatch.org.br\/?p=25426\",\"name\":\"Audi\u00eancia P\u00fablica Mostra For\u00e7a de Moradores do Alem\u00e3o - RioOnWatch\",\"isPartOf\":{\"@id\":\"https:\/\/rioonwatch.org.br\/#website\"},\"primaryImageOfPage\":{\"@id\":\"https:\/\/rioonwatch.org.br\/?p=25426#primaryimage\"},\"image\":{\"@id\":\"https:\/\/rioonwatch.org.br\/?p=25426#primaryimage\"},\"thumbnailUrl\":\"https:\/\/rioonwatch.org.br\/wp-content\/uploads\/2017\/04\/Audiencia-Publica-Alemao-3.jpg\",\"datePublished\":\"2017-04-29T13:36:17+00:00\",\"dateModified\":\"2017-06-22T16:46:47+00:00\",\"breadcrumb\":{\"@id\":\"https:\/\/rioonwatch.org.br\/?p=25426#breadcrumb\"},\"inLanguage\":\"pt-BR\",\"potentialAction\":[{\"@type\":\"ReadAction\",\"target\":[\"https:\/\/rioonwatch.org.br\/?p=25426\"]}]},{\"@type\":\"ImageObject\",\"inLanguage\":\"pt-BR\",\"@id\":\"https:\/\/rioonwatch.org.br\/?p=25426#primaryimage\",\"url\":\"https:\/\/rioonwatch.org.br\/wp-content\/uploads\/2017\/04\/Audiencia-Publica-Alemao-3.jpg\",\"contentUrl\":\"https:\/\/rioonwatch.org.br\/wp-content\/uploads\/2017\/04\/Audiencia-Publica-Alemao-3.jpg\",\"width\":719,\"height\":351,\"caption\":\"Moradores levantam cartazes pedindo o fim da viol\u00eancia.\"},{\"@type\":\"BreadcrumbList\",\"@id\":\"https:\/\/rioonwatch.org.br\/?p=25426#breadcrumb\",\"itemListElement\":[{\"@type\":\"ListItem\",\"position\":1,\"name\":\"In\u00edcio\",\"item\":\"https:\/\/rioonwatch.org.br\/\"},{\"@type\":\"ListItem\",\"position\":2,\"name\":\"Audi\u00eancia P\u00fablica Mostra For\u00e7a de Moradores do Alem\u00e3o\"}]},{\"@type\":\"WebSite\",\"@id\":\"https:\/\/rioonwatch.org.br\/#website\",\"url\":\"https:\/\/rioonwatch.org.br\/\",\"name\":\"RioOnWatch\",\"description\":\"relatos das favelas cariocas\",\"publisher\":{\"@id\":\"https:\/\/rioonwatch.org.br\/#organization\"},\"potentialAction\":[{\"@type\":\"SearchAction\",\"target\":{\"@type\":\"EntryPoint\",\"urlTemplate\":\"https:\/\/rioonwatch.org.br\/?s={search_term_string}\"},\"query-input\":{\"@type\":\"PropertyValueSpecification\",\"valueRequired\":true,\"valueName\":\"search_term_string\"}}],\"inLanguage\":\"pt-BR\"},{\"@type\":\"Organization\",\"@id\":\"https:\/\/rioonwatch.org.br\/#organization\",\"name\":\"RioOnWatch\",\"url\":\"https:\/\/rioonwatch.org.br\/\",\"logo\":{\"@type\":\"ImageObject\",\"inLanguage\":\"pt-BR\",\"@id\":\"https:\/\/rioonwatch.org.br\/#\/schema\/logo\/image\/\",\"url\":\"https:\/\/rioonwatch.org.br\/wp-content\/uploads\/2021\/06\/RioOnWatchcabecalhoPT11anos-2.png\",\"contentUrl\":\"https:\/\/rioonwatch.org.br\/wp-content\/uploads\/2021\/06\/RioOnWatchcabecalhoPT11anos-2.png\",\"width\":779,\"height\":277,\"caption\":\"RioOnWatch\"},\"image\":{\"@id\":\"https:\/\/rioonwatch.org.br\/#\/schema\/logo\/image\/\"}},{\"@type\":\"Person\",\"@id\":\"https:\/\/rioonwatch.org.br\/#\/schema\/person\/f443c6b55bb6e80842280318076491c5\",\"name\":\"Luisa Fenizola\",\"image\":{\"@type\":\"ImageObject\",\"inLanguage\":\"pt-BR\",\"@id\":\"https:\/\/rioonwatch.org.br\/#\/schema\/person\/image\/\",\"url\":\"https:\/\/secure.gravatar.com\/avatar\/a3d551110162b9f876cbbdaaecf75663?s=96&d=blank&r=g\",\"contentUrl\":\"https:\/\/secure.gravatar.com\/avatar\/a3d551110162b9f876cbbdaaecf75663?s=96&d=blank&r=g\",\"caption\":\"Luisa Fenizola\"},\"url\":\"https:\/\/rioonwatch.org.br\/?author=152\"}]}<\/script>\n<!-- \/ Yoast SEO plugin. -->","yoast_head_json":{"title":"Audi\u00eancia P\u00fablica Mostra For\u00e7a de Moradores do Alem\u00e3o - RioOnWatch","robots":{"index":"index","follow":"follow","max-snippet":"max-snippet:-1","max-image-preview":"max-image-preview:large","max-video-preview":"max-video-preview:-1"},"canonical":"https:\/\/rioonwatch.org.br\/?p=25426","og_locale":"pt_BR","og_type":"article","og_title":"Audi\u00eancia P\u00fablica Mostra For\u00e7a de Moradores do Alem\u00e3o - RioOnWatch","og_description":"Click Here for English A Audi\u00eancia P\u00fablica,\u00a0Casas Invadidas, Vidas Violadas e outros abusos Policiais no Complexo do Alem\u00e3o, ocorrida na \u00faltima segunda-feira, dia 24, na Defensoria P\u00fablica do Estado do Rio, tomou como ponto de [...]","og_url":"https:\/\/rioonwatch.org.br\/?p=25426","og_site_name":"RioOnWatch","article_published_time":"2017-04-29T13:36:17+00:00","article_modified_time":"2017-06-22T16:46:47+00:00","og_image":[{"width":719,"height":351,"url":"https:\/\/rioonwatch.org.br\/wp-content\/uploads\/2017\/04\/Audiencia-Publica-Alemao-3.jpg","type":"image\/jpeg"}],"author":"Luisa Fenizola","twitter_card":"summary_large_image","twitter_misc":{"Escrito por":"Luisa Fenizola","Est. tempo de leitura":"13 minutos"},"schema":{"@context":"https:\/\/schema.org","@graph":[{"@type":"Article","@id":"https:\/\/rioonwatch.org.br\/?p=25426#article","isPartOf":{"@id":"https:\/\/rioonwatch.org.br\/?p=25426"},"author":{"name":"Luisa Fenizola","@id":"https:\/\/rioonwatch.org.br\/#\/schema\/person\/f443c6b55bb6e80842280318076491c5"},"headline":"Audi\u00eancia P\u00fablica Mostra For\u00e7a de Moradores do Alem\u00e3o","datePublished":"2017-04-29T13:36:17+00:00","dateModified":"2017-06-22T16:46:47+00:00","mainEntityOfPage":{"@id":"https:\/\/rioonwatch.org.br\/?p=25426"},"wordCount":2573,"publisher":{"@id":"https:\/\/rioonwatch.org.br\/#organization"},"image":{"@id":"https:\/\/rioonwatch.org.br\/?p=25426#primaryimage"},"thumbnailUrl":"https:\/\/rioonwatch.org.br\/wp-content\/uploads\/2017\/04\/Audiencia-Publica-Alemao-3.jpg","keywords":["C\u00e2mara dos Vereadores","Centro","Comiss\u00e3o de Direitos Humanos - Alerj","Complexo do Alem\u00e3o","corrup\u00e7\u00e3o policial","Defensoria P\u00fablica","direito \u00e0 educa\u00e7\u00e3o","direito de ir e vir","Direitos Humanos","drogas","educa\u00e7\u00e3o","Favela da Skol","Forum de Juventudes do Rio de Janeiro","Governador Pez\u00e3o","Instituto Papo Reto","intimida\u00e7\u00e3o policial","laje","Marcelo Crivella","Marcelo Freixo","ocupa\u00e7\u00e3o policial","Pol\u00edcia Militar","Pra\u00e7a do Samba","reforma da pol\u00edcia","Secretaria de Sa\u00fade","Secretaria de Seguran\u00e7a","seguran\u00e7a p\u00fablica","tr\u00e1fico de drogas","UPP","viol\u00eancia de Estado","viol\u00eancia policial"],"articleSection":["*Destaque","Cobertura de Eventos","Den\u00fancias","Pol\u00edticas","Seguran\u00e7a P\u00fablica","Sociedade Civil"],"inLanguage":"pt-BR"},{"@type":"WebPage","@id":"https:\/\/rioonwatch.org.br\/?p=25426","url":"https:\/\/rioonwatch.org.br\/?p=25426","name":"Audi\u00eancia P\u00fablica Mostra For\u00e7a de Moradores do Alem\u00e3o - RioOnWatch","isPartOf":{"@id":"https:\/\/rioonwatch.org.br\/#website"},"primaryImageOfPage":{"@id":"https:\/\/rioonwatch.org.br\/?p=25426#primaryimage"},"image":{"@id":"https:\/\/rioonwatch.org.br\/?p=25426#primaryimage"},"thumbnailUrl":"https:\/\/rioonwatch.org.br\/wp-content\/uploads\/2017\/04\/Audiencia-Publica-Alemao-3.jpg","datePublished":"2017-04-29T13:36:17+00:00","dateModified":"2017-06-22T16:46:47+00:00","breadcrumb":{"@id":"https:\/\/rioonwatch.org.br\/?p=25426#breadcrumb"},"inLanguage":"pt-BR","potentialAction":[{"@type":"ReadAction","target":["https:\/\/rioonwatch.org.br\/?p=25426"]}]},{"@type":"ImageObject","inLanguage":"pt-BR","@id":"https:\/\/rioonwatch.org.br\/?p=25426#primaryimage","url":"https:\/\/rioonwatch.org.br\/wp-content\/uploads\/2017\/04\/Audiencia-Publica-Alemao-3.jpg","contentUrl":"https:\/\/rioonwatch.org.br\/wp-content\/uploads\/2017\/04\/Audiencia-Publica-Alemao-3.jpg","width":719,"height":351,"caption":"Moradores levantam cartazes pedindo o fim da viol\u00eancia."},{"@type":"BreadcrumbList","@id":"https:\/\/rioonwatch.org.br\/?p=25426#breadcrumb","itemListElement":[{"@type":"ListItem","position":1,"name":"In\u00edcio","item":"https:\/\/rioonwatch.org.br\/"},{"@type":"ListItem","position":2,"name":"Audi\u00eancia P\u00fablica Mostra For\u00e7a de Moradores do Alem\u00e3o"}]},{"@type":"WebSite","@id":"https:\/\/rioonwatch.org.br\/#website","url":"https:\/\/rioonwatch.org.br\/","name":"RioOnWatch","description":"relatos das favelas cariocas","publisher":{"@id":"https:\/\/rioonwatch.org.br\/#organization"},"potentialAction":[{"@type":"SearchAction","target":{"@type":"EntryPoint","urlTemplate":"https:\/\/rioonwatch.org.br\/?s={search_term_string}"},"query-input":{"@type":"PropertyValueSpecification","valueRequired":true,"valueName":"search_term_string"}}],"inLanguage":"pt-BR"},{"@type":"Organization","@id":"https:\/\/rioonwatch.org.br\/#organization","name":"RioOnWatch","url":"https:\/\/rioonwatch.org.br\/","logo":{"@type":"ImageObject","inLanguage":"pt-BR","@id":"https:\/\/rioonwatch.org.br\/#\/schema\/logo\/image\/","url":"https:\/\/rioonwatch.org.br\/wp-content\/uploads\/2021\/06\/RioOnWatchcabecalhoPT11anos-2.png","contentUrl":"https:\/\/rioonwatch.org.br\/wp-content\/uploads\/2021\/06\/RioOnWatchcabecalhoPT11anos-2.png","width":779,"height":277,"caption":"RioOnWatch"},"image":{"@id":"https:\/\/rioonwatch.org.br\/#\/schema\/logo\/image\/"}},{"@type":"Person","@id":"https:\/\/rioonwatch.org.br\/#\/schema\/person\/f443c6b55bb6e80842280318076491c5","name":"Luisa Fenizola","image":{"@type":"ImageObject","inLanguage":"pt-BR","@id":"https:\/\/rioonwatch.org.br\/#\/schema\/person\/image\/","url":"https:\/\/secure.gravatar.com\/avatar\/a3d551110162b9f876cbbdaaecf75663?s=96&d=blank&r=g","contentUrl":"https:\/\/secure.gravatar.com\/avatar\/a3d551110162b9f876cbbdaaecf75663?s=96&d=blank&r=g","caption":"Luisa Fenizola"},"url":"https:\/\/rioonwatch.org.br\/?author=152"}]}},"_links":{"self":[{"href":"https:\/\/rioonwatch.org.br\/index.php?rest_route=\/wp\/v2\/posts\/25426"}],"collection":[{"href":"https:\/\/rioonwatch.org.br\/index.php?rest_route=\/wp\/v2\/posts"}],"about":[{"href":"https:\/\/rioonwatch.org.br\/index.php?rest_route=\/wp\/v2\/types\/post"}],"author":[{"embeddable":true,"href":"https:\/\/rioonwatch.org.br\/index.php?rest_route=\/wp\/v2\/users\/152"}],"replies":[{"embeddable":true,"href":"https:\/\/rioonwatch.org.br\/index.php?rest_route=%2Fwp%2Fv2%2Fcomments&post=25426"}],"version-history":[{"count":23,"href":"https:\/\/rioonwatch.org.br\/index.php?rest_route=\/wp\/v2\/posts\/25426\/revisions"}],"predecessor-version":[{"id":26458,"href":"https:\/\/rioonwatch.org.br\/index.php?rest_route=\/wp\/v2\/posts\/25426\/revisions\/26458"}],"wp:featuredmedia":[{"embeddable":true,"href":"https:\/\/rioonwatch.org.br\/index.php?rest_route=\/wp\/v2\/media\/25450"}],"wp:attachment":[{"href":"https:\/\/rioonwatch.org.br\/index.php?rest_route=%2Fwp%2Fv2%2Fmedia&parent=25426"}],"wp:term":[{"taxonomy":"category","embeddable":true,"href":"https:\/\/rioonwatch.org.br\/index.php?rest_route=%2Fwp%2Fv2%2Fcategories&post=25426"},{"taxonomy":"post_tag","embeddable":true,"href":"https:\/\/rioonwatch.org.br\/index.php?rest_route=%2Fwp%2Fv2%2Ftags&post=25426"},{"taxonomy":"writer","embeddable":true,"href":"https:\/\/rioonwatch.org.br\/index.php?rest_route=%2Fwp%2Fv2%2Fwriter&post=25426"},{"taxonomy":"translator","embeddable":true,"href":"https:\/\/rioonwatch.org.br\/index.php?rest_route=%2Fwp%2Fv2%2Ftranslator&post=25426"},{"taxonomy":"source","embeddable":true,"href":"https:\/\/rioonwatch.org.br\/index.php?rest_route=%2Fwp%2Fv2%2Fsource&post=25426"},{"taxonomy":"ilustrador","embeddable":true,"href":"https:\/\/rioonwatch.org.br\/index.php?rest_route=%2Fwp%2Fv2%2Filustrador&post=25426"},{"taxonomy":"fotografo","embeddable":true,"href":"https:\/\/rioonwatch.org.br\/index.php?rest_route=%2Fwp%2Fv2%2Ffotografo&post=25426"}],"curies":[{"name":"wp","href":"https:\/\/api.w.org\/{rel}","templated":true}]}}