{"id":25518,"date":"2017-05-09T10:36:44","date_gmt":"2017-05-09T13:36:44","guid":{"rendered":"http:\/\/rioonwatch.org.br\/?p=25518"},"modified":"2017-05-10T12:48:02","modified_gmt":"2017-05-10T15:48:02","slug":"plantando-futuro-projeto-horta-inteligente-leva-educacao-ambiental-para-criancas-da-providencia","status":"publish","type":"post","link":"https:\/\/rioonwatch.org.br\/?p=25518","title":{"rendered":"Plantando Futuro: &#8216;Horta Inteligente&#8217; Traz Educa\u00e7\u00e3o Ambiental para Crian\u00e7as da Provid\u00eancia"},"content":{"rendered":"<p style=\"text-align: right;\"><em><strong><a href=\"http:\/\/bit.ly\/2p5QnAn\" target=\"_blank\" rel=\"noopener noreferrer\">Click Here for English<img decoding=\"async\" width=\"20\" height=\"20\" class=\"alignright wp-image-15790\" src=\"http:\/\/rioonwatch.org.br\/wp-content\/uploads\/2012\/08\/EN-standard-e1439583104716.jpg\" alt=\"\" \/><\/a><\/strong><\/em><\/p>\n<p><span style=\"font-weight: 400;\">N\u00e3o \u00e9 uma tarefa simples manter a aten\u00e7\u00e3o de vinte crian\u00e7as entre dois e tr\u00eas anos de idade. Mas, em uma tarde de segunda-feira, um p\u00fablico infantil senta-se em linha reta em um pequeno quintal de concreto da creche p\u00fablica <a href=\"http:\/\/bit.ly\/2q5JAZg\" target=\"_blank\" rel=\"noopener noreferrer\">Tia Dora<\/a><\/span><span style=\"font-weight: 400;\">\u00a0na <\/span><a href=\"http:\/\/bit.ly\/2cUojex\" target=\"_blank\" rel=\"noopener noreferrer\"><span style=\"font-weight: 400;\">Provid\u00eancia<\/span><\/a><span style=\"font-weight: 400;\">. Um balde cheio de terra, trazido por Elis\u00e2ngela Almeida Oliveira, \u00e9 a\u00a0atra\u00e7\u00e3o dos olhares das crian\u00e7as.<\/span><\/p>\n<p><span style=\"font-weight: 400;\">Elis\u00e2ngela \u00e9 coordenadora e fundadora da <a href=\"http:\/\/bit.ly\/2qeKDFD\" target=\"_blank\" rel=\"noopener noreferrer\">Horta Inteligente<\/a><\/span><span style=\"font-weight: 400;\">, uma ONG comunit\u00e1ria cujo objetivo \u00e9 levar educa\u00e7\u00e3o ambiental para crian\u00e7as. Al\u00e9m do balde, ela trouxe alguns potes pintados feitos de antigas garrafas PET e sementes de feij\u00e3o branco. Quando solicitadas, cada crian\u00e7a pode pegar uma p\u00e1 e colocar um pouco de terra e um gr\u00e3o de feij\u00e3o em seus potes. Com orgulho e com o pote, elas retornam para seus lugares e esperam at\u00e9 que seja hora de regar suas plantas.<\/span><\/p>\n<p><span style=\"font-weight: 400;\">\u201cAqui na Provid\u00eancia, as crian\u00e7as n\u00e3o t\u00eam muito contato com a natureza\u201d, explica Elis\u00e2ngela. \u201cN\u00e3o existe muito espa\u00e7o p\u00fablico verde. \u00c9 a primeira vez que algumas crian\u00e7as daqui colocam suas m\u00e3os na terra e brincam com o barro. Elas n\u00e3o sabem sobre o que elas comem, de onde suas comidas v\u00eam, e elas n\u00e3o comem muitos legumes e frutas. Para seus pais, \u00e9 muito caro\u201d.<\/span><\/p>\n<p><a href=\"http:\/\/rioonwatch.org.br\/wp-content\/uploads\/2017\/05\/IMG_6366-e1493221071883.jpg\"><img fetchpriority=\"high\" decoding=\"async\" class=\"aligncenter wp-image-25526 size-content\" title=\"As crian\u00e7as pintaram os potes feitos de antigas garrafas de pl\u00e1stico.\" src=\"http:\/\/rioonwatch.org.br\/wp-content\/uploads\/2017\/05\/IMG_6366-e1493221071883-620x264.jpg\" alt=\"\" width=\"620\" height=\"264\" srcset=\"https:\/\/rioonwatch.org.br\/wp-content\/uploads\/2017\/05\/IMG_6366-e1493221071883-620x264.jpg 620w, https:\/\/rioonwatch.org.br\/wp-content\/uploads\/2017\/05\/IMG_6366-e1493221071883-940x400.jpg 940w\" sizes=\"(max-width: 620px) 100vw, 620px\" \/><\/a><\/p>\n<p><span style=\"font-weight: 400;\">Apesar de ser moradora da <\/span><a href=\"http:\/\/bit.ly\/UBMUVJ\" target=\"_blank\" rel=\"noopener noreferrer\"><span style=\"font-weight: 400;\">Provid\u00eancia<\/span><\/a><span style=\"font-weight: 400;\">, a inf\u00e2ncia de Elis\u00e2ngela foi diferente. Antes de vir para o Rio com sua m\u00e3e e quatro irm\u00e3os, Elis\u00e2ngela morou em Vit\u00f3ria da Conquista, na Bahia. A falta de infraestrutura e perspectiva os trouxeram para a cidade, mas Elis\u00e2ngela ainda lembra o quanto ela era feliz ao ver uma melancia crescendo em seu jardim quando ela era mais nova.<\/span><\/p>\n<p><span style=\"font-weight: 400;\">Dito isto, a <a href=\"http:\/\/bit.ly\/2c2vmRG\" target=\"_blank\" rel=\"noopener noreferrer\">Horta Inteligente<\/a><\/span><span style=\"font-weight: 400;\">\u00a0\u00e9 mais do que cultivar frutas e legumes. Quando Elis\u00e2ngela come\u00e7ou a ONG h\u00e1 dois anos, ela na verdade tinha algo diferente em mente. Enquanto era uma bolsista\u00a0da <a href=\"http:\/\/bit.ly\/2nCLouC\" target=\"_blank\" rel=\"noopener noreferrer\">Ag\u00eancia Redes para a Juventude<\/a><\/span><span style=\"font-weight: 400;\">, ela planejou come\u00e7ar um projeto comunit\u00e1rio de reciclagem. Por\u00e9m, ela percebeu o qu\u00e3o dif\u00edcil era mudar h\u00e1bitos j\u00e1 fixados dos adultos. \u201cIsso levar\u00e1 trinta anos\u201d, disseram para ela. \u201cEnt\u00e3o, eu tive a ideia de criar um projeto de jardinagem para crian\u00e7as e dentro da metodologia ensin\u00e1-los a n\u00e3o jogar lixo nas ruas\u201d.<\/span><\/p>\n<p><span style=\"font-weight: 400;\">Desde ent\u00e3o, Elis\u00e2ngela estabeleceu um ciclo do projeto educacional de at\u00e9 dois meses. Dentro desse per\u00edodo, ela combina aulas de pinturas em potes, cozimento de legumes, jardinagem e reciclagem. No final, tanto as crian\u00e7as como seus pais s\u00e3o questionados sobre o quanto gostaram do projeto e como foi o impacto.<\/span><\/p>\n<p><span style=\"font-weight: 400;\">\u201cEu realmente amo crian\u00e7as. Elas me inspiram, porque elas absorvem tudo\u201d, Elis\u00e2ngela explica. \u201cQuando voc\u00ea diz a elas algo, como por exemplo, que elas n\u00e3o deveriam jogar lixo na rua, elas ficam com isso na cabe\u00e7a. E quando elas veem seus pais fazendo isso, elas falam para eles n\u00e3o fazerem. Elas s\u00e3o muito inteligentes.\u201d<\/span><\/p>\n<p><a href=\"http:\/\/rioonwatch.org.br\/wp-content\/uploads\/2017\/05\/IMG_6377-e1493220997708.jpg\"><img decoding=\"async\" class=\"aligncenter wp-image-25528 size-content\" title=\"Li\u00e7\u00e3o final do dia: regar as plantas.\" src=\"http:\/\/rioonwatch.org.br\/wp-content\/uploads\/2017\/05\/IMG_6377-e1493220997708-620x264.jpg\" alt=\"\" width=\"620\" height=\"264\" srcset=\"https:\/\/rioonwatch.org.br\/wp-content\/uploads\/2017\/05\/IMG_6377-e1493220997708-620x264.jpg 620w, https:\/\/rioonwatch.org.br\/wp-content\/uploads\/2017\/05\/IMG_6377-e1493220997708-940x400.jpg 940w\" sizes=\"(max-width: 620px) 100vw, 620px\" \/><\/a><\/p>\n<p><span style=\"font-weight: 400;\">Mais de 400 crian\u00e7as passaram pelo treinamento na Horta Inteligente nos dois primeiros anos. Algumas delas obtiveram o processo educativo dentro da creche, outras participaram de oficinas que a Horta Inteligente oferece durante feiras ou no pequeno jardim da Centen\u00e1ria Igreja Metodista na Gamboa. Antes de ser transformado em um jardim comunit\u00e1rio, a \u00e1rea estava abandonada e cheia de lixo. Atrav\u00e9s de um <a href=\"http:\/\/bit.ly\/1thwVvp\" target=\"_blank\" rel=\"noopener noreferrer\">mutir\u00e3o<\/a>, eles limparam o espa\u00e7o e abriram para o p\u00fablico.<\/span><\/p>\n<p><span style=\"font-weight: 400;\">Todos os fundos para a Horta Inteligente atualmente v\u00eam da venda do programa educacional para escolas privadas e mudas em feiras como <a href=\"http:\/\/bit.ly\/2oXwaBM\" target=\"_blank\" rel=\"noopener noreferrer\">Ekob\u00e9<\/a><\/span><span style=\"font-weight: 400;\">, pr\u00f3ximo a Pra\u00e7a Mau\u00e1. Elas utilizam a rede social\u00a0<a href=\"http:\/\/bit.ly\/2q5I5Ko\" target=\"_blank\" rel=\"noopener noreferrer\">Atados<\/a><\/span><span style=\"font-weight: 400;\">\u00a0para se conectar com volunt\u00e1rios de fora.<\/span><\/p>\n<p><a href=\"http:\/\/rioonwatch.org.br\/wp-content\/uploads\/2017\/05\/IMG_6374-e1493221139565.jpg\"><img loading=\"lazy\" decoding=\"async\" class=\"aligncenter wp-image-25529 size-content\" title=\"N\u00e3o h\u00e1 muito espa\u00e7o p\u00fablico verde na Provid\u00eancia. O pequeno jardim na creche Tia Dora \u00e9 muito apreciada.\" src=\"http:\/\/rioonwatch.org.br\/wp-content\/uploads\/2017\/05\/IMG_6374-e1493221139565-620x264.jpg\" alt=\"\" width=\"620\" height=\"264\" srcset=\"https:\/\/rioonwatch.org.br\/wp-content\/uploads\/2017\/05\/IMG_6374-e1493221139565-620x264.jpg 620w, https:\/\/rioonwatch.org.br\/wp-content\/uploads\/2017\/05\/IMG_6374-e1493221139565-940x400.jpg 940w\" sizes=\"(max-width: 620px) 100vw, 620px\" \/><\/a><\/p>\n<p><span style=\"font-weight: 400;\">Atualmente, o programa \u00e9 liderado por volunt\u00e1rios, Elis\u00e2ngela gerencia-o junto com sua parceira Lorena, uma engenheira ambiental de Niter\u00f3i. Entretanto, Elis\u00e2ngela considera a possibilidade da Horta Inteligente se desenvolver em uma carreira. Com somente 20 e Lorena com 24 anos, as duas e o projeto delas est\u00e3o cheios de potencial: \u201cN\u00f3s ainda somos jovens e muitas pessoas n\u00e3o acreditam na gente\u201d, elas dizem. &#8220;&#8216;Como voc\u00eas ir\u00e3o conseguir fazer isso?&#8217;, nos perguntam. Mas, eu digo, &#8216;Claro que conseguiremos!'&#8221;. <\/span><\/p>\n<!-- AddThis Advanced Settings generic via filter on the_content --><!-- AddThis Share Buttons generic via filter on the_content -->","protected":false},"excerpt":{"rendered":"<div class=\"mh-excerpt\"><p>Click Here for English N\u00e3o \u00e9 uma tarefa simples manter a aten\u00e7\u00e3o de vinte crian\u00e7as entre dois e tr\u00eas anos de idade. Mas, em uma tarde de segunda-feira, um p\u00fablico infantil senta-se em linha reta <a class=\"mh-excerpt-more\" href=\"https:\/\/rioonwatch.org.br\/?p=25518\" title=\"Plantando Futuro: &#8216;Horta Inteligente&#8217; Traz Educa\u00e7\u00e3o Ambiental para Crian\u00e7as da Provid\u00eancia\">[&#8230;]<\/a><!-- AddThis Advanced Settings generic via filter on get_the_excerpt --><!-- AddThis Share Buttons generic via filter on get_the_excerpt --><\/p>\n<\/div>","protected":false},"author":129,"featured_media":25522,"comment_status":"closed","ping_status":"closed","sticky":false,"template":"","format":"standard","meta":{"_acf_changed":false,"_monsterinsights_skip_tracking":false,"_monsterinsights_sitenote_active":false,"_monsterinsights_sitenote_note":"","_monsterinsights_sitenote_category":0,"footnotes":""},"categories":[1621,1626,1388,1616,1612,342,1639],"tags":[1117,302,299,259,363,811,1147,1554,1097,2036,113,360,106,257,276,358,361,494,1347,404],"writer":[1972],"translator":[1870],"source":[],"ilustrador":[],"fotografo":[],"class_list":{"0":"post-25518","1":"post","2":"type-post","3":"status-publish","4":"format-standard","5":"has-post-thumbnail","7":"category-destaque","8":"category-por-observadores-internacionais","9":"category-formas-de-apoiar","10":"category-qualidades-da-favela","11":"category-sociedade-civil","12":"category-solucoes","13":"category-sustentabilidade","14":"tag-agencia-de-redes-para-juventude","15":"tag-agricultura-urbana","16":"tag-alimentacao","17":"tag-centro","18":"tag-educacao-ambiental","19":"tag-espaco-publico","20":"tag-espacos-verdes","21":"tag-gestao-de-residuos","22":"tag-horta-comunitaria","23":"tag-jardim","24":"tag-juventude","25":"tag-lixo","26":"tag-meio-ambiente","27":"tag-providencia","28":"tag-mutirao","29":"tag-organizacao-comunitaria","30":"tag-reciclagem","31":"tag-regiao-do-porto","32":"tag-solucao","33":"tag-sustentabilidade","34":"writer-lisa-hollenbach","35":"translator-halina-machado"},"acf":[],"yoast_head":"<!-- This site is optimized with the Yoast SEO plugin v25.6 - https:\/\/yoast.com\/wordpress\/plugins\/seo\/ -->\n<title>Plantando Futuro: &#039;Horta Inteligente&#039; Traz Educa\u00e7\u00e3o Ambiental para Crian\u00e7as da Provid\u00eancia - RioOnWatch<\/title>\n<meta name=\"robots\" content=\"index, follow, max-snippet:-1, max-image-preview:large, max-video-preview:-1\" \/>\n<link rel=\"canonical\" href=\"https:\/\/rioonwatch.org.br\/?p=25518\" \/>\n<meta property=\"og:locale\" content=\"pt_BR\" \/>\n<meta property=\"og:type\" content=\"article\" \/>\n<meta property=\"og:title\" content=\"Plantando Futuro: &#039;Horta Inteligente&#039; Traz Educa\u00e7\u00e3o Ambiental para Crian\u00e7as da Provid\u00eancia - RioOnWatch\" \/>\n<meta property=\"og:description\" content=\"Click Here for English N\u00e3o \u00e9 uma tarefa simples manter a aten\u00e7\u00e3o de vinte crian\u00e7as entre dois e tr\u00eas anos de idade. Mas, em uma tarde de segunda-feira, um p\u00fablico infantil senta-se em linha reta [...]\" \/>\n<meta property=\"og:url\" content=\"https:\/\/rioonwatch.org.br\/?p=25518\" \/>\n<meta property=\"og:site_name\" content=\"RioOnWatch\" \/>\n<meta property=\"article:published_time\" content=\"2017-05-09T13:36:44+00:00\" \/>\n<meta property=\"article:modified_time\" content=\"2017-05-10T15:48:02+00:00\" \/>\n<meta property=\"og:image\" content=\"https:\/\/rioonwatch.org.br\/wp-content\/uploads\/2017\/05\/IMG_6355-e1493220220833-1.jpg\" \/>\n\t<meta property=\"og:image:width\" content=\"1000\" \/>\n\t<meta property=\"og:image:height\" content=\"750\" \/>\n\t<meta property=\"og:image:type\" content=\"image\/jpeg\" \/>\n<meta name=\"author\" content=\"Admin\" \/>\n<meta name=\"twitter:card\" content=\"summary_large_image\" \/>\n<meta name=\"twitter:label1\" content=\"Escrito por\" \/>\n\t<meta name=\"twitter:data1\" content=\"Admin\" \/>\n\t<meta name=\"twitter:label2\" content=\"Est. tempo de leitura\" \/>\n\t<meta name=\"twitter:data2\" content=\"4 minutos\" \/>\n<script type=\"application\/ld+json\" class=\"yoast-schema-graph\">{\"@context\":\"https:\/\/schema.org\",\"@graph\":[{\"@type\":\"Article\",\"@id\":\"https:\/\/rioonwatch.org.br\/?p=25518#article\",\"isPartOf\":{\"@id\":\"https:\/\/rioonwatch.org.br\/?p=25518\"},\"author\":{\"name\":\"Admin\",\"@id\":\"https:\/\/rioonwatch.org.br\/#\/schema\/person\/11d64c290506f9df50c71b850c473f68\"},\"headline\":\"Plantando Futuro: &#8216;Horta Inteligente&#8217; Traz Educa\u00e7\u00e3o Ambiental para Crian\u00e7as da Provid\u00eancia\",\"datePublished\":\"2017-05-09T13:36:44+00:00\",\"dateModified\":\"2017-05-10T15:48:02+00:00\",\"mainEntityOfPage\":{\"@id\":\"https:\/\/rioonwatch.org.br\/?p=25518\"},\"wordCount\":749,\"publisher\":{\"@id\":\"https:\/\/rioonwatch.org.br\/#organization\"},\"image\":{\"@id\":\"https:\/\/rioonwatch.org.br\/?p=25518#primaryimage\"},\"thumbnailUrl\":\"https:\/\/rioonwatch.org.br\/wp-content\/uploads\/2017\/05\/IMG_6355-e1493220220833-1.jpg\",\"keywords\":[\"Ag\u00eancia de Redes para Juventude\",\"agricultura urbana\",\"alimenta\u00e7\u00e3o\",\"Centro\",\"educa\u00e7\u00e3o ambiental\",\"espa\u00e7o p\u00fablico\",\"espa\u00e7os verdes\",\"gest\u00e3o de res\u00edduos\",\"horta comunit\u00e1ria\",\"jardim\",\"juventude\",\"lixo\",\"meio ambiente\",\"Morro da Provid\u00eancia\",\"mutir\u00e3o\",\"organiza\u00e7\u00e3o comunit\u00e1ria\",\"reciclagem\",\"Regi\u00e3o do Porto\",\"solu\u00e7\u00e3o\",\"sustentabilidade\"],\"articleSection\":[\"*Destaque\",\"Escrito por Aliados\",\"Formas de Apoiar\",\"Qualidades da Favela\",\"Sociedade Civil\",\"Solu\u00e7\u00f5es\",\"Sustentabilidade\"],\"inLanguage\":\"pt-BR\"},{\"@type\":\"WebPage\",\"@id\":\"https:\/\/rioonwatch.org.br\/?p=25518\",\"url\":\"https:\/\/rioonwatch.org.br\/?p=25518\",\"name\":\"Plantando Futuro: 'Horta Inteligente' Traz Educa\u00e7\u00e3o Ambiental para Crian\u00e7as da Provid\u00eancia - RioOnWatch\",\"isPartOf\":{\"@id\":\"https:\/\/rioonwatch.org.br\/#website\"},\"primaryImageOfPage\":{\"@id\":\"https:\/\/rioonwatch.org.br\/?p=25518#primaryimage\"},\"image\":{\"@id\":\"https:\/\/rioonwatch.org.br\/?p=25518#primaryimage\"},\"thumbnailUrl\":\"https:\/\/rioonwatch.org.br\/wp-content\/uploads\/2017\/05\/IMG_6355-e1493220220833-1.jpg\",\"datePublished\":\"2017-05-09T13:36:44+00:00\",\"dateModified\":\"2017-05-10T15:48:02+00:00\",\"breadcrumb\":{\"@id\":\"https:\/\/rioonwatch.org.br\/?p=25518#breadcrumb\"},\"inLanguage\":\"pt-BR\",\"potentialAction\":[{\"@type\":\"ReadAction\",\"target\":[\"https:\/\/rioonwatch.org.br\/?p=25518\"]}]},{\"@type\":\"ImageObject\",\"inLanguage\":\"pt-BR\",\"@id\":\"https:\/\/rioonwatch.org.br\/?p=25518#primaryimage\",\"url\":\"https:\/\/rioonwatch.org.br\/wp-content\/uploads\/2017\/05\/IMG_6355-e1493220220833-1.jpg\",\"contentUrl\":\"https:\/\/rioonwatch.org.br\/wp-content\/uploads\/2017\/05\/IMG_6355-e1493220220833-1.jpg\",\"width\":1000,\"height\":750},{\"@type\":\"BreadcrumbList\",\"@id\":\"https:\/\/rioonwatch.org.br\/?p=25518#breadcrumb\",\"itemListElement\":[{\"@type\":\"ListItem\",\"position\":1,\"name\":\"In\u00edcio\",\"item\":\"https:\/\/rioonwatch.org.br\/\"},{\"@type\":\"ListItem\",\"position\":2,\"name\":\"Plantando Futuro: &#8216;Horta Inteligente&#8217; Traz Educa\u00e7\u00e3o Ambiental para Crian\u00e7as da Provid\u00eancia\"}]},{\"@type\":\"WebSite\",\"@id\":\"https:\/\/rioonwatch.org.br\/#website\",\"url\":\"https:\/\/rioonwatch.org.br\/\",\"name\":\"RioOnWatch\",\"description\":\"relatos das favelas cariocas\",\"publisher\":{\"@id\":\"https:\/\/rioonwatch.org.br\/#organization\"},\"potentialAction\":[{\"@type\":\"SearchAction\",\"target\":{\"@type\":\"EntryPoint\",\"urlTemplate\":\"https:\/\/rioonwatch.org.br\/?s={search_term_string}\"},\"query-input\":{\"@type\":\"PropertyValueSpecification\",\"valueRequired\":true,\"valueName\":\"search_term_string\"}}],\"inLanguage\":\"pt-BR\"},{\"@type\":\"Organization\",\"@id\":\"https:\/\/rioonwatch.org.br\/#organization\",\"name\":\"RioOnWatch\",\"url\":\"https:\/\/rioonwatch.org.br\/\",\"logo\":{\"@type\":\"ImageObject\",\"inLanguage\":\"pt-BR\",\"@id\":\"https:\/\/rioonwatch.org.br\/#\/schema\/logo\/image\/\",\"url\":\"https:\/\/rioonwatch.org.br\/wp-content\/uploads\/2021\/06\/RioOnWatchcabecalhoPT11anos-2.png\",\"contentUrl\":\"https:\/\/rioonwatch.org.br\/wp-content\/uploads\/2021\/06\/RioOnWatchcabecalhoPT11anos-2.png\",\"width\":779,\"height\":277,\"caption\":\"RioOnWatch\"},\"image\":{\"@id\":\"https:\/\/rioonwatch.org.br\/#\/schema\/logo\/image\/\"}},{\"@type\":\"Person\",\"@id\":\"https:\/\/rioonwatch.org.br\/#\/schema\/person\/11d64c290506f9df50c71b850c473f68\",\"name\":\"Admin\",\"image\":{\"@type\":\"ImageObject\",\"inLanguage\":\"pt-BR\",\"@id\":\"https:\/\/rioonwatch.org.br\/#\/schema\/person\/image\/\",\"url\":\"https:\/\/secure.gravatar.com\/avatar\/56211ac74568383903349a1485e3c325?s=96&d=blank&r=g\",\"contentUrl\":\"https:\/\/secure.gravatar.com\/avatar\/56211ac74568383903349a1485e3c325?s=96&d=blank&r=g\",\"caption\":\"Admin\"},\"url\":\"https:\/\/rioonwatch.org.br\/?author=129\"}]}<\/script>\n<!-- \/ Yoast SEO plugin. -->","yoast_head_json":{"title":"Plantando Futuro: 'Horta Inteligente' Traz Educa\u00e7\u00e3o Ambiental para Crian\u00e7as da Provid\u00eancia - RioOnWatch","robots":{"index":"index","follow":"follow","max-snippet":"max-snippet:-1","max-image-preview":"max-image-preview:large","max-video-preview":"max-video-preview:-1"},"canonical":"https:\/\/rioonwatch.org.br\/?p=25518","og_locale":"pt_BR","og_type":"article","og_title":"Plantando Futuro: 'Horta Inteligente' Traz Educa\u00e7\u00e3o Ambiental para Crian\u00e7as da Provid\u00eancia - RioOnWatch","og_description":"Click Here for English N\u00e3o \u00e9 uma tarefa simples manter a aten\u00e7\u00e3o de vinte crian\u00e7as entre dois e tr\u00eas anos de idade. Mas, em uma tarde de segunda-feira, um p\u00fablico infantil senta-se em linha reta [...]","og_url":"https:\/\/rioonwatch.org.br\/?p=25518","og_site_name":"RioOnWatch","article_published_time":"2017-05-09T13:36:44+00:00","article_modified_time":"2017-05-10T15:48:02+00:00","og_image":[{"width":1000,"height":750,"url":"https:\/\/rioonwatch.org.br\/wp-content\/uploads\/2017\/05\/IMG_6355-e1493220220833-1.jpg","type":"image\/jpeg"}],"author":"Admin","twitter_card":"summary_large_image","twitter_misc":{"Escrito por":"Admin","Est. tempo de leitura":"4 minutos"},"schema":{"@context":"https:\/\/schema.org","@graph":[{"@type":"Article","@id":"https:\/\/rioonwatch.org.br\/?p=25518#article","isPartOf":{"@id":"https:\/\/rioonwatch.org.br\/?p=25518"},"author":{"name":"Admin","@id":"https:\/\/rioonwatch.org.br\/#\/schema\/person\/11d64c290506f9df50c71b850c473f68"},"headline":"Plantando Futuro: &#8216;Horta Inteligente&#8217; Traz Educa\u00e7\u00e3o Ambiental para Crian\u00e7as da Provid\u00eancia","datePublished":"2017-05-09T13:36:44+00:00","dateModified":"2017-05-10T15:48:02+00:00","mainEntityOfPage":{"@id":"https:\/\/rioonwatch.org.br\/?p=25518"},"wordCount":749,"publisher":{"@id":"https:\/\/rioonwatch.org.br\/#organization"},"image":{"@id":"https:\/\/rioonwatch.org.br\/?p=25518#primaryimage"},"thumbnailUrl":"https:\/\/rioonwatch.org.br\/wp-content\/uploads\/2017\/05\/IMG_6355-e1493220220833-1.jpg","keywords":["Ag\u00eancia de Redes para Juventude","agricultura urbana","alimenta\u00e7\u00e3o","Centro","educa\u00e7\u00e3o ambiental","espa\u00e7o p\u00fablico","espa\u00e7os verdes","gest\u00e3o de res\u00edduos","horta comunit\u00e1ria","jardim","juventude","lixo","meio ambiente","Morro da Provid\u00eancia","mutir\u00e3o","organiza\u00e7\u00e3o comunit\u00e1ria","reciclagem","Regi\u00e3o do Porto","solu\u00e7\u00e3o","sustentabilidade"],"articleSection":["*Destaque","Escrito por Aliados","Formas de Apoiar","Qualidades da Favela","Sociedade Civil","Solu\u00e7\u00f5es","Sustentabilidade"],"inLanguage":"pt-BR"},{"@type":"WebPage","@id":"https:\/\/rioonwatch.org.br\/?p=25518","url":"https:\/\/rioonwatch.org.br\/?p=25518","name":"Plantando Futuro: 'Horta Inteligente' Traz Educa\u00e7\u00e3o Ambiental para Crian\u00e7as da Provid\u00eancia - RioOnWatch","isPartOf":{"@id":"https:\/\/rioonwatch.org.br\/#website"},"primaryImageOfPage":{"@id":"https:\/\/rioonwatch.org.br\/?p=25518#primaryimage"},"image":{"@id":"https:\/\/rioonwatch.org.br\/?p=25518#primaryimage"},"thumbnailUrl":"https:\/\/rioonwatch.org.br\/wp-content\/uploads\/2017\/05\/IMG_6355-e1493220220833-1.jpg","datePublished":"2017-05-09T13:36:44+00:00","dateModified":"2017-05-10T15:48:02+00:00","breadcrumb":{"@id":"https:\/\/rioonwatch.org.br\/?p=25518#breadcrumb"},"inLanguage":"pt-BR","potentialAction":[{"@type":"ReadAction","target":["https:\/\/rioonwatch.org.br\/?p=25518"]}]},{"@type":"ImageObject","inLanguage":"pt-BR","@id":"https:\/\/rioonwatch.org.br\/?p=25518#primaryimage","url":"https:\/\/rioonwatch.org.br\/wp-content\/uploads\/2017\/05\/IMG_6355-e1493220220833-1.jpg","contentUrl":"https:\/\/rioonwatch.org.br\/wp-content\/uploads\/2017\/05\/IMG_6355-e1493220220833-1.jpg","width":1000,"height":750},{"@type":"BreadcrumbList","@id":"https:\/\/rioonwatch.org.br\/?p=25518#breadcrumb","itemListElement":[{"@type":"ListItem","position":1,"name":"In\u00edcio","item":"https:\/\/rioonwatch.org.br\/"},{"@type":"ListItem","position":2,"name":"Plantando Futuro: &#8216;Horta Inteligente&#8217; Traz Educa\u00e7\u00e3o Ambiental para Crian\u00e7as da Provid\u00eancia"}]},{"@type":"WebSite","@id":"https:\/\/rioonwatch.org.br\/#website","url":"https:\/\/rioonwatch.org.br\/","name":"RioOnWatch","description":"relatos das favelas cariocas","publisher":{"@id":"https:\/\/rioonwatch.org.br\/#organization"},"potentialAction":[{"@type":"SearchAction","target":{"@type":"EntryPoint","urlTemplate":"https:\/\/rioonwatch.org.br\/?s={search_term_string}"},"query-input":{"@type":"PropertyValueSpecification","valueRequired":true,"valueName":"search_term_string"}}],"inLanguage":"pt-BR"},{"@type":"Organization","@id":"https:\/\/rioonwatch.org.br\/#organization","name":"RioOnWatch","url":"https:\/\/rioonwatch.org.br\/","logo":{"@type":"ImageObject","inLanguage":"pt-BR","@id":"https:\/\/rioonwatch.org.br\/#\/schema\/logo\/image\/","url":"https:\/\/rioonwatch.org.br\/wp-content\/uploads\/2021\/06\/RioOnWatchcabecalhoPT11anos-2.png","contentUrl":"https:\/\/rioonwatch.org.br\/wp-content\/uploads\/2021\/06\/RioOnWatchcabecalhoPT11anos-2.png","width":779,"height":277,"caption":"RioOnWatch"},"image":{"@id":"https:\/\/rioonwatch.org.br\/#\/schema\/logo\/image\/"}},{"@type":"Person","@id":"https:\/\/rioonwatch.org.br\/#\/schema\/person\/11d64c290506f9df50c71b850c473f68","name":"Admin","image":{"@type":"ImageObject","inLanguage":"pt-BR","@id":"https:\/\/rioonwatch.org.br\/#\/schema\/person\/image\/","url":"https:\/\/secure.gravatar.com\/avatar\/56211ac74568383903349a1485e3c325?s=96&d=blank&r=g","contentUrl":"https:\/\/secure.gravatar.com\/avatar\/56211ac74568383903349a1485e3c325?s=96&d=blank&r=g","caption":"Admin"},"url":"https:\/\/rioonwatch.org.br\/?author=129"}]}},"_links":{"self":[{"href":"https:\/\/rioonwatch.org.br\/index.php?rest_route=\/wp\/v2\/posts\/25518"}],"collection":[{"href":"https:\/\/rioonwatch.org.br\/index.php?rest_route=\/wp\/v2\/posts"}],"about":[{"href":"https:\/\/rioonwatch.org.br\/index.php?rest_route=\/wp\/v2\/types\/post"}],"author":[{"embeddable":true,"href":"https:\/\/rioonwatch.org.br\/index.php?rest_route=\/wp\/v2\/users\/129"}],"replies":[{"embeddable":true,"href":"https:\/\/rioonwatch.org.br\/index.php?rest_route=%2Fwp%2Fv2%2Fcomments&post=25518"}],"version-history":[{"count":13,"href":"https:\/\/rioonwatch.org.br\/index.php?rest_route=\/wp\/v2\/posts\/25518\/revisions"}],"predecessor-version":[{"id":25592,"href":"https:\/\/rioonwatch.org.br\/index.php?rest_route=\/wp\/v2\/posts\/25518\/revisions\/25592"}],"wp:featuredmedia":[{"embeddable":true,"href":"https:\/\/rioonwatch.org.br\/index.php?rest_route=\/wp\/v2\/media\/25522"}],"wp:attachment":[{"href":"https:\/\/rioonwatch.org.br\/index.php?rest_route=%2Fwp%2Fv2%2Fmedia&parent=25518"}],"wp:term":[{"taxonomy":"category","embeddable":true,"href":"https:\/\/rioonwatch.org.br\/index.php?rest_route=%2Fwp%2Fv2%2Fcategories&post=25518"},{"taxonomy":"post_tag","embeddable":true,"href":"https:\/\/rioonwatch.org.br\/index.php?rest_route=%2Fwp%2Fv2%2Ftags&post=25518"},{"taxonomy":"writer","embeddable":true,"href":"https:\/\/rioonwatch.org.br\/index.php?rest_route=%2Fwp%2Fv2%2Fwriter&post=25518"},{"taxonomy":"translator","embeddable":true,"href":"https:\/\/rioonwatch.org.br\/index.php?rest_route=%2Fwp%2Fv2%2Ftranslator&post=25518"},{"taxonomy":"source","embeddable":true,"href":"https:\/\/rioonwatch.org.br\/index.php?rest_route=%2Fwp%2Fv2%2Fsource&post=25518"},{"taxonomy":"ilustrador","embeddable":true,"href":"https:\/\/rioonwatch.org.br\/index.php?rest_route=%2Fwp%2Fv2%2Filustrador&post=25518"},{"taxonomy":"fotografo","embeddable":true,"href":"https:\/\/rioonwatch.org.br\/index.php?rest_route=%2Fwp%2Fv2%2Ffotografo&post=25518"}],"curies":[{"name":"wp","href":"https:\/\/api.w.org\/{rel}","templated":true}]}}