{"id":25567,"date":"2017-05-10T12:39:45","date_gmt":"2017-05-10T15:39:45","guid":{"rendered":"http:\/\/rioonwatch.org.br\/?p=25567"},"modified":"2017-05-12T10:56:36","modified_gmt":"2017-05-12T13:56:36","slug":"audiencia-comunitaria-pela-vida-em-acari-debate-violacoes-policiais","status":"publish","type":"post","link":"https:\/\/rioonwatch.org.br\/?p=25567","title":{"rendered":"Audi\u00eancia Comunit\u00e1ria pela Vida em Acari Debate Viola\u00e7\u00f5es Policiais"},"content":{"rendered":"<p style=\"text-align: right;\"><em><strong><a href=\"http:\/\/bit.ly\/2r4tYET\" target=\"_blank\" rel=\"noopener noreferrer\">Click Here for English<img decoding=\"async\" width=\"20\" height=\"20\" class=\"alignright wp-image-15790\" src=\"http:\/\/rioonwatch.org.br\/wp-content\/uploads\/2012\/08\/EN-standard-e1439583104716.jpg\" alt=\"\" \/><\/a><\/strong><\/em><\/p>\n<p>No \u00faltimo s\u00e1bado, dia 7 de maio, o <a href=\"http:\/\/bit.ly\/2qXwltl\" target=\"_blank\" rel=\"noopener noreferrer\">Coletivo Fala Akari<\/a> e a Associa\u00e7\u00e3o de Moradores de <a href=\"http:\/\/bit.ly\/13ZsHgY\" target=\"_blank\" rel=\"noopener noreferrer\">Acari<\/a> organizaram uma <a href=\"http:\/\/bit.ly\/2qrKS3Y\" target=\"_blank\" rel=\"noopener noreferrer\">Audi\u00eancia P\u00fablica na Favela de Acari<\/a>, a fim de ouvir moradores e denunciar crimes promovidos na comunidade pelo Estado. O local escolhido para o evento, a quadra da <a href=\"http:\/\/bit.ly\/2qZwY6c\" target=\"_blank\" rel=\"noopener noreferrer\">Escola de Samba Favo de Acari<\/a>, \u00e9 simb\u00f3lico, pois foi onde ocorreu <a href=\"https:\/\/glo.bo\/2pZSHN7\" target=\"_blank\" rel=\"noopener noreferrer\">o evento que marcou os 20 anos<\/a> da <a href=\"http:\/\/bit.ly\/1oyHpes\" target=\"_blank\" rel=\"noopener noreferrer\">Chacina de Acari<\/a>, <a href=\"http:\/\/glo.bo\/238kolJ\" target=\"_blank\" rel=\"noopener noreferrer\">cometida em 1990 por policiais que at\u00e9 hoje n\u00e3o foram punidos<\/a>. O evento come\u00e7ou com uma lembran\u00e7a \u00e0s v\u00edtimas de <a href=\"http:\/\/bit.ly\/1i0t9Hc\" target=\"_blank\" rel=\"noopener noreferrer\">viol\u00eancia policial<\/a> na favela, chamadas pelo nome e aclamadas com gritos de &#8220;presente&#8221;.<\/p>\n<p><a href=\"http:\/\/rioonwatch.org.br\/wp-content\/uploads\/2017\/05\/Audiencia-Acari.jpg\"><img fetchpriority=\"high\" decoding=\"async\" class=\"aligncenter wp-image-25569 size-content\" title=\"Fotos espalhadas no local lembram as v\u00edtimas de viol\u00eancia policial. Foto: Bentto F\u00e1bio\" src=\"http:\/\/rioonwatch.org.br\/wp-content\/uploads\/2017\/05\/Audiencia-Acari-620x264.jpg\" alt=\"\" width=\"620\" height=\"264\" srcset=\"https:\/\/rioonwatch.org.br\/wp-content\/uploads\/2017\/05\/Audiencia-Acari-620x264.jpg 620w, https:\/\/rioonwatch.org.br\/wp-content\/uploads\/2017\/05\/Audiencia-Acari-940x400.jpg 940w\" sizes=\"(max-width: 620px) 100vw, 620px\" \/><\/a><\/p>\n<p>Para al\u00e9m desse crime n\u00e3o solucionado, <a href=\"http:\/\/bit.ly\/2qTAqCd\" target=\"_blank\" rel=\"noopener noreferrer\">os moradores utilizaram o espa\u00e7o da audi\u00eancia<\/a> para denunciar outros, como a morte de Maria Eduarda, 13 anos, <a href=\"http:\/\/bit.ly\/2oAkAeb\" target=\"_blank\" rel=\"noopener noreferrer\">atingida por 4 tiros durante a aula em\u00a0uma escola da comunidade<\/a>. \u201cAntes eu n\u00e3o tinha medo de falar, agora que eu n\u00e3o tenho mesmo. Ningu\u00e9m vai me calar\u201d, disse Rosilene, a m\u00e3e da menina, ao\u00a0microfone. \u201cQuando <a href=\"http:\/\/bit.ly\/2nb4gkK\" target=\"_blank\" rel=\"noopener noreferrer\">o prefeito diz que vai blindar as escolas<\/a> \u00e9 <a href=\"http:\/\/bit.ly\/2nb4gkK\" target=\"_blank\" rel=\"noopener noreferrer\">ris\u00edvel<\/a>. N\u00f3s n\u00e3o queremos isso, queremos uma blindagem social. Queremos a presen\u00e7a da prefeitura <a href=\"http:\/\/bit.ly\/2oqONME\" target=\"_blank\" rel=\"noopener noreferrer\">para al\u00e9m da pol\u00edcia<\/a>\u201d, colocou\u00a0Leonardo, professor da escola municipal\u00a0onde Eduarda foi assassinada.<\/p>\n<p><iframe style=\"border: none; overflow: hidden;\" src=\"https:\/\/www.facebook.com\/plugins\/video.php?href=https%3A%2F%2Fwww.facebook.com%2FMutiraoLab%2Fvideos%2F252194191854771%2F&amp;show_text=0&amp;width=560\" width=\"560\" height=\"315\" frameborder=\"0\" scrolling=\"no\" allowfullscreen=\"allowfullscreen\"><\/iframe><\/p>\n<p>V\u00e1rias falas ecoaram essa necessidade de se encontrar uma sa\u00edda que n\u00e3o seja pelo policiamento, mas pelo investimento em sa\u00fade, principalmente <a href=\"http:\/\/bit.ly\/2jTRAbr\" target=\"_blank\" rel=\"noopener noreferrer\">mental<\/a>, e <a href=\"http:\/\/bit.ly\/1acNApR\" target=\"_blank\" rel=\"noopener noreferrer\">educa\u00e7\u00e3o<\/a>. \u201cPor que n\u00e3o tem escola t\u00e9cnica e nem universidade na favela se tem dinheiro para opera\u00e7\u00e3o policial?\u201d, provocou o morador Estev\u00e3o. Outros moradores reclamaram\u00a0que o Hospital Municipal Ronaldo Gazolla, <a href=\"http:\/\/bit.ly\/2qWRdko\" target=\"_blank\" rel=\"noopener noreferrer\">cuja ger\u00eancia esteve envolvida em 2015 em esc\u00e2ndalos de desvio de dinheiro<\/a>, n\u00e3o possui servi\u00e7o psicol\u00f3gico e n\u00e3o passa de um \u201celefante branco\u201d, e que as escolas e creches locais, j\u00e1 em n\u00famero insuficiente, sofrem com um problema cr\u00f4nico de falta de aulas pela falta de professores. Lennon, membro do <a href=\"http:\/\/bit.ly\/2pwQfLo\" target=\"_blank\" rel=\"noopener noreferrer\">Centro Cultural Poeta Deley de Acari<\/a> (CCPD), denunciou tamb\u00e9m o esvaziamento do primeiro curso pr\u00e9-vestibular da comunidade devido \u00e0 viol\u00eancia. \u201cComo manter a pol\u00edtica de <a href=\"http:\/\/bit.ly\/1fRNcBs\" target=\"_blank\" rel=\"noopener noreferrer\">seguran\u00e7a p\u00fablica<\/a> sem interferir na <a href=\"http:\/\/bit.ly\/2pz2EPy\" target=\"_blank\" rel=\"noopener noreferrer\">continuidade do calend\u00e1rio escolar<\/a>, ante a presen\u00e7a de conflitos armados?\u201d era uma das perguntas de uma ficha orientadora para a discuss\u00e3o preparada pelos organizadores.<\/p>\n<p><a href=\"http:\/\/rioonwatch.org.br\/wp-content\/uploads\/2017\/05\/Audiencia-Acari-2.jpg\"><img decoding=\"async\" class=\"aligncenter wp-image-25571 size-content\" title=\"P\u00fablico da audi\u00eancia ouve a fala de moradores. Foto: Bentto F\u00e1bio\" src=\"http:\/\/rioonwatch.org.br\/wp-content\/uploads\/2017\/05\/Audiencia-Acari-2-620x264.jpg\" alt=\"\" width=\"620\" height=\"264\" srcset=\"https:\/\/rioonwatch.org.br\/wp-content\/uploads\/2017\/05\/Audiencia-Acari-2-620x264.jpg 620w, https:\/\/rioonwatch.org.br\/wp-content\/uploads\/2017\/05\/Audiencia-Acari-2-940x400.jpg 940w\" sizes=\"(max-width: 620px) 100vw, 620px\" \/><\/a><\/p>\n<p>A recorrente invas\u00e3o de resid\u00eancias <a href=\"http:\/\/bit.ly\/2hD60QM\" target=\"_blank\" rel=\"noopener noreferrer\">sem mandado judicial<\/a>, pela viola\u00e7\u00e3o de cadeados ou pela utiliza\u00e7\u00e3o de <a href=\"http:\/\/bit.ly\/2phBq33\" target=\"_blank\" rel=\"noopener noreferrer\">chaves micha<\/a>, tamb\u00e9m apareceu na fala de diversos moradores. \u201cQuando a gente chega em casa t\u00e1 tudo revirado, a gente sai pra trabalhar j\u00e1 com medo\u201d, disse Janete. Moradores alegam que a invas\u00e3o frequentemente \u00e9 seguida pela apreens\u00e3o de documentos pessoais, <a href=\"https:\/\/glo.bo\/2misHuC\" target=\"_blank\" rel=\"noopener noreferrer\">utiliza\u00e7\u00e3o da resid\u00eancia como esconderijo<\/a>\u00a0e at\u00e9 mesmo realiza\u00e7\u00e3o de c\u00e1rcere privado.<\/p>\n<p>A regi\u00e3o de Acari registra um dos <a href=\"http:\/\/bit.ly\/2q1nPME\" target=\"_blank\" rel=\"noopener noreferrer\">mais elevados \u00edndices de morte por decorr\u00eancia de a\u00e7\u00e3o policial<\/a> (novo termo para\u00a0<a href=\"http:\/\/bit.ly\/1ORMTgw\" target=\"_blank\" rel=\"noopener noreferrer\">os antigos &#8220;autos de resist\u00eancia&#8221;<\/a>) da cidade. O 41\u00b0 Batalh\u00e3o da Pol\u00edcia Militar, que atende o local, \u00e9\u00a0considerado <a href=\"https:\/\/glo.bo\/2phEvQM\" target=\"_blank\" rel=\"noopener noreferrer\">o batalh\u00e3o mais letal do Rio de Janeiro<\/a>, e os moradores contam que ele \u00e9 conhecido pela pr\u00e1tica de\u00a0um policiamento ostensivo e por absorver os policiais de outros batalh\u00f5es que se envolvem em problemas, inclusive policiais que est\u00e3o sendo investigados. S\u00f3 nos tr\u00eas primeiros meses de 2017, o <a href=\"https:\/\/glo.bo\/2nxzsG1\" target=\"_blank\" rel=\"noopener noreferrer\">batalh\u00e3o executou ao menos 36\u00a0pessoas<\/a>.<\/p>\n<p><a href=\"http:\/\/rioonwatch.org.br\/wp-content\/uploads\/2017\/05\/41-Batalhao.jpg\"><img loading=\"lazy\" decoding=\"async\" class=\"aligncenter wp-image-25570 size-content\" title=\"Moradora apresenta n\u00fameros de mortos pelo 41\u00b0 Batalh\u00e3o. Foto: Bentto F\u00e1bio\" src=\"http:\/\/rioonwatch.org.br\/wp-content\/uploads\/2017\/05\/41-Batalhao-620x264.jpg\" alt=\"\" width=\"620\" height=\"264\" srcset=\"https:\/\/rioonwatch.org.br\/wp-content\/uploads\/2017\/05\/41-Batalhao-620x264.jpg 620w, https:\/\/rioonwatch.org.br\/wp-content\/uploads\/2017\/05\/41-Batalhao-940x400.jpg 940w\" sizes=\"(max-width: 620px) 100vw, 620px\" \/><\/a><\/p>\n<p>Estev\u00e3o denunciou: \u201cTodo mundo que mora aqui j\u00e1 viu uma po\u00e7a de sangue ou um corpo ca\u00eddo. Venda e consumo de droga tem na Barra, no Leblon. <a href=\"http:\/\/bit.ly\/1brTfez\" target=\"_blank\" rel=\"noopener noreferrer\">Mas \u00e9 aqui que tem tiro, morte<\/a>. A gente \u00e0s vezes se convence que a guerra \u00e9 normal, mas ela \u00e9 parte de um sistema que t\u00e1 botando dinheiro no bolso de algu\u00e9m, e n\u00e3o \u00e9 no nosso. <a href=\"http:\/\/bit.ly\/1TkAKCu\" target=\"_blank\" rel=\"noopener noreferrer\">Essa guerra envolve todo o mundo<\/a>, mas ela se efetiva aqui&#8221;. Outro morador completou: \u201cA forma de repress\u00e3o ao tr\u00e1fico \u00e9 uma escolha pol\u00edtica. Se o tr\u00e1fico acabasse, <a href=\"http:\/\/bit.ly\/2pxxfff\" target=\"_blank\" rel=\"noopener noreferrer\">eles encontrariam outro motivo para nos matar<\/a>&#8220;.<\/p>\n<!-- AddThis Advanced Settings generic via filter on the_content --><!-- AddThis Share Buttons generic via filter on the_content -->","protected":false},"excerpt":{"rendered":"<div class=\"mh-excerpt\"><p>Click Here for English No \u00faltimo s\u00e1bado, dia 7 de maio, o Coletivo Fala Akari e a Associa\u00e7\u00e3o de Moradores de Acari organizaram uma Audi\u00eancia P\u00fablica na Favela de Acari, a fim de ouvir moradores <a class=\"mh-excerpt-more\" href=\"https:\/\/rioonwatch.org.br\/?p=25567\" title=\"Audi\u00eancia Comunit\u00e1ria pela Vida em Acari Debate Viola\u00e7\u00f5es Policiais\">[&#8230;]<\/a><!-- AddThis Advanced Settings generic via filter on get_the_excerpt --><!-- AddThis Share Buttons generic via filter on get_the_excerpt --><\/p>\n<\/div>","protected":false},"author":152,"featured_media":25572,"comment_status":"closed","ping_status":"closed","sticky":false,"template":"","format":"standard","meta":{"_acf_changed":false,"_monsterinsights_skip_tracking":false,"_monsterinsights_sitenote_active":false,"_monsterinsights_sitenote_note":"","_monsterinsights_sitenote_category":0,"footnotes":""},"categories":[1621,1627,346,1620,1612],"tags":[592,2123,90,88,1024,358,774,839,672,1364,920,52,218],"writer":[1994],"translator":[],"source":[],"ilustrador":[],"fotografo":[],"class_list":{"0":"post-25567","1":"post","2":"type-post","3":"status-publish","4":"format-standard","5":"has-post-thumbnail","7":"category-destaque","8":"category-relato-de-evento","9":"category-denuncias","10":"category-olhonaupp","11":"category-sociedade-civil","12":"tag-acari","13":"tag-auto-de-resistencia","14":"tag-defensoria-publica","15":"tag-direitos-humanos","16":"tag-intimidacao-policial","17":"tag-organizacao-comunitaria","18":"tag-policia-militar","19":"tag-prioridades-publicas-equivocadas","20":"tag-seguranca-publica","21":"tag-violacoes","22":"tag-violencia-de-estado","23":"tag-violencia-policial","24":"tag-zona-norte","25":"writer-luisa-fenizola"},"acf":[],"yoast_head":"<!-- This site is optimized with the Yoast SEO plugin v25.6 - https:\/\/yoast.com\/wordpress\/plugins\/seo\/ -->\n<title>Audi\u00eancia Comunit\u00e1ria pela Vida em Acari Debate Viola\u00e7\u00f5es Policiais - RioOnWatch<\/title>\n<meta name=\"robots\" content=\"index, follow, max-snippet:-1, max-image-preview:large, max-video-preview:-1\" \/>\n<link rel=\"canonical\" href=\"https:\/\/rioonwatch.org.br\/?p=25567\" \/>\n<meta property=\"og:locale\" content=\"pt_BR\" \/>\n<meta property=\"og:type\" content=\"article\" \/>\n<meta property=\"og:title\" content=\"Audi\u00eancia Comunit\u00e1ria pela Vida em Acari Debate Viola\u00e7\u00f5es Policiais - RioOnWatch\" \/>\n<meta property=\"og:description\" content=\"Click Here for English No \u00faltimo s\u00e1bado, dia 7 de maio, o Coletivo Fala Akari e a Associa\u00e7\u00e3o de Moradores de Acari organizaram uma Audi\u00eancia P\u00fablica na Favela de Acari, a fim de ouvir moradores [...]\" \/>\n<meta property=\"og:url\" content=\"https:\/\/rioonwatch.org.br\/?p=25567\" \/>\n<meta property=\"og:site_name\" content=\"RioOnWatch\" \/>\n<meta property=\"article:published_time\" content=\"2017-05-10T15:39:45+00:00\" \/>\n<meta property=\"article:modified_time\" content=\"2017-05-12T13:56:36+00:00\" \/>\n<meta property=\"og:image\" content=\"https:\/\/rioonwatch.org.br\/wp-content\/uploads\/2017\/05\/Audiencia-Acari-3.jpg\" \/>\n\t<meta property=\"og:image:width\" content=\"960\" \/>\n\t<meta property=\"og:image:height\" content=\"640\" \/>\n\t<meta property=\"og:image:type\" content=\"image\/jpeg\" \/>\n<meta name=\"author\" content=\"Luisa Fenizola\" \/>\n<meta name=\"twitter:card\" content=\"summary_large_image\" \/>\n<meta name=\"twitter:label1\" content=\"Escrito por\" \/>\n\t<meta name=\"twitter:data1\" content=\"Luisa Fenizola\" \/>\n\t<meta name=\"twitter:label2\" content=\"Est. tempo de leitura\" \/>\n\t<meta name=\"twitter:data2\" content=\"3 minutos\" \/>\n<script type=\"application\/ld+json\" class=\"yoast-schema-graph\">{\"@context\":\"https:\/\/schema.org\",\"@graph\":[{\"@type\":\"Article\",\"@id\":\"https:\/\/rioonwatch.org.br\/?p=25567#article\",\"isPartOf\":{\"@id\":\"https:\/\/rioonwatch.org.br\/?p=25567\"},\"author\":{\"name\":\"Luisa Fenizola\",\"@id\":\"https:\/\/rioonwatch.org.br\/#\/schema\/person\/f443c6b55bb6e80842280318076491c5\"},\"headline\":\"Audi\u00eancia Comunit\u00e1ria pela Vida em Acari Debate Viola\u00e7\u00f5es Policiais\",\"datePublished\":\"2017-05-10T15:39:45+00:00\",\"dateModified\":\"2017-05-12T13:56:36+00:00\",\"mainEntityOfPage\":{\"@id\":\"https:\/\/rioonwatch.org.br\/?p=25567\"},\"wordCount\":702,\"publisher\":{\"@id\":\"https:\/\/rioonwatch.org.br\/#organization\"},\"image\":{\"@id\":\"https:\/\/rioonwatch.org.br\/?p=25567#primaryimage\"},\"thumbnailUrl\":\"https:\/\/rioonwatch.org.br\/wp-content\/uploads\/2017\/05\/Audiencia-Acari-3.jpg\",\"keywords\":[\"Acari\",\"auto de resist\u00eancia\",\"Defensoria P\u00fablica\",\"Direitos Humanos\",\"intimida\u00e7\u00e3o policial\",\"organiza\u00e7\u00e3o comunit\u00e1ria\",\"Pol\u00edcia Militar\",\"prioridades p\u00fablicas equivocadas\",\"seguran\u00e7a p\u00fablica\",\"viola\u00e7\u00f5es\",\"viol\u00eancia de Estado\",\"viol\u00eancia policial\",\"Zona Norte\"],\"articleSection\":[\"*Destaque\",\"Cobertura de Eventos\",\"Den\u00fancias\",\"Seguran\u00e7a P\u00fablica\",\"Sociedade Civil\"],\"inLanguage\":\"pt-BR\"},{\"@type\":\"WebPage\",\"@id\":\"https:\/\/rioonwatch.org.br\/?p=25567\",\"url\":\"https:\/\/rioonwatch.org.br\/?p=25567\",\"name\":\"Audi\u00eancia Comunit\u00e1ria pela Vida em Acari Debate Viola\u00e7\u00f5es Policiais - RioOnWatch\",\"isPartOf\":{\"@id\":\"https:\/\/rioonwatch.org.br\/#website\"},\"primaryImageOfPage\":{\"@id\":\"https:\/\/rioonwatch.org.br\/?p=25567#primaryimage\"},\"image\":{\"@id\":\"https:\/\/rioonwatch.org.br\/?p=25567#primaryimage\"},\"thumbnailUrl\":\"https:\/\/rioonwatch.org.br\/wp-content\/uploads\/2017\/05\/Audiencia-Acari-3.jpg\",\"datePublished\":\"2017-05-10T15:39:45+00:00\",\"dateModified\":\"2017-05-12T13:56:36+00:00\",\"breadcrumb\":{\"@id\":\"https:\/\/rioonwatch.org.br\/?p=25567#breadcrumb\"},\"inLanguage\":\"pt-BR\",\"potentialAction\":[{\"@type\":\"ReadAction\",\"target\":[\"https:\/\/rioonwatch.org.br\/?p=25567\"]}]},{\"@type\":\"ImageObject\",\"inLanguage\":\"pt-BR\",\"@id\":\"https:\/\/rioonwatch.org.br\/?p=25567#primaryimage\",\"url\":\"https:\/\/rioonwatch.org.br\/wp-content\/uploads\/2017\/05\/Audiencia-Acari-3.jpg\",\"contentUrl\":\"https:\/\/rioonwatch.org.br\/wp-content\/uploads\/2017\/05\/Audiencia-Acari-3.jpg\",\"width\":960,\"height\":640,\"caption\":\"Rosilene, m\u00e3e da Eduarda, mostra fotos e as medalhas da filha. Foto: Bentto F\u00e1bio\"},{\"@type\":\"BreadcrumbList\",\"@id\":\"https:\/\/rioonwatch.org.br\/?p=25567#breadcrumb\",\"itemListElement\":[{\"@type\":\"ListItem\",\"position\":1,\"name\":\"In\u00edcio\",\"item\":\"https:\/\/rioonwatch.org.br\/\"},{\"@type\":\"ListItem\",\"position\":2,\"name\":\"Audi\u00eancia Comunit\u00e1ria pela Vida em Acari Debate Viola\u00e7\u00f5es Policiais\"}]},{\"@type\":\"WebSite\",\"@id\":\"https:\/\/rioonwatch.org.br\/#website\",\"url\":\"https:\/\/rioonwatch.org.br\/\",\"name\":\"RioOnWatch\",\"description\":\"relatos das favelas cariocas\",\"publisher\":{\"@id\":\"https:\/\/rioonwatch.org.br\/#organization\"},\"potentialAction\":[{\"@type\":\"SearchAction\",\"target\":{\"@type\":\"EntryPoint\",\"urlTemplate\":\"https:\/\/rioonwatch.org.br\/?s={search_term_string}\"},\"query-input\":{\"@type\":\"PropertyValueSpecification\",\"valueRequired\":true,\"valueName\":\"search_term_string\"}}],\"inLanguage\":\"pt-BR\"},{\"@type\":\"Organization\",\"@id\":\"https:\/\/rioonwatch.org.br\/#organization\",\"name\":\"RioOnWatch\",\"url\":\"https:\/\/rioonwatch.org.br\/\",\"logo\":{\"@type\":\"ImageObject\",\"inLanguage\":\"pt-BR\",\"@id\":\"https:\/\/rioonwatch.org.br\/#\/schema\/logo\/image\/\",\"url\":\"https:\/\/rioonwatch.org.br\/wp-content\/uploads\/2021\/06\/RioOnWatchcabecalhoPT11anos-2.png\",\"contentUrl\":\"https:\/\/rioonwatch.org.br\/wp-content\/uploads\/2021\/06\/RioOnWatchcabecalhoPT11anos-2.png\",\"width\":779,\"height\":277,\"caption\":\"RioOnWatch\"},\"image\":{\"@id\":\"https:\/\/rioonwatch.org.br\/#\/schema\/logo\/image\/\"}},{\"@type\":\"Person\",\"@id\":\"https:\/\/rioonwatch.org.br\/#\/schema\/person\/f443c6b55bb6e80842280318076491c5\",\"name\":\"Luisa Fenizola\",\"image\":{\"@type\":\"ImageObject\",\"inLanguage\":\"pt-BR\",\"@id\":\"https:\/\/rioonwatch.org.br\/#\/schema\/person\/image\/\",\"url\":\"https:\/\/secure.gravatar.com\/avatar\/a3d551110162b9f876cbbdaaecf75663?s=96&d=blank&r=g\",\"contentUrl\":\"https:\/\/secure.gravatar.com\/avatar\/a3d551110162b9f876cbbdaaecf75663?s=96&d=blank&r=g\",\"caption\":\"Luisa Fenizola\"},\"url\":\"https:\/\/rioonwatch.org.br\/?author=152\"}]}<\/script>\n<!-- \/ Yoast SEO plugin. -->","yoast_head_json":{"title":"Audi\u00eancia Comunit\u00e1ria pela Vida em Acari Debate Viola\u00e7\u00f5es Policiais - RioOnWatch","robots":{"index":"index","follow":"follow","max-snippet":"max-snippet:-1","max-image-preview":"max-image-preview:large","max-video-preview":"max-video-preview:-1"},"canonical":"https:\/\/rioonwatch.org.br\/?p=25567","og_locale":"pt_BR","og_type":"article","og_title":"Audi\u00eancia Comunit\u00e1ria pela Vida em Acari Debate Viola\u00e7\u00f5es Policiais - RioOnWatch","og_description":"Click Here for English No \u00faltimo s\u00e1bado, dia 7 de maio, o Coletivo Fala Akari e a Associa\u00e7\u00e3o de Moradores de Acari organizaram uma Audi\u00eancia P\u00fablica na Favela de Acari, a fim de ouvir moradores [...]","og_url":"https:\/\/rioonwatch.org.br\/?p=25567","og_site_name":"RioOnWatch","article_published_time":"2017-05-10T15:39:45+00:00","article_modified_time":"2017-05-12T13:56:36+00:00","og_image":[{"width":960,"height":640,"url":"https:\/\/rioonwatch.org.br\/wp-content\/uploads\/2017\/05\/Audiencia-Acari-3.jpg","type":"image\/jpeg"}],"author":"Luisa Fenizola","twitter_card":"summary_large_image","twitter_misc":{"Escrito por":"Luisa Fenizola","Est. tempo de leitura":"3 minutos"},"schema":{"@context":"https:\/\/schema.org","@graph":[{"@type":"Article","@id":"https:\/\/rioonwatch.org.br\/?p=25567#article","isPartOf":{"@id":"https:\/\/rioonwatch.org.br\/?p=25567"},"author":{"name":"Luisa Fenizola","@id":"https:\/\/rioonwatch.org.br\/#\/schema\/person\/f443c6b55bb6e80842280318076491c5"},"headline":"Audi\u00eancia Comunit\u00e1ria pela Vida em Acari Debate Viola\u00e7\u00f5es Policiais","datePublished":"2017-05-10T15:39:45+00:00","dateModified":"2017-05-12T13:56:36+00:00","mainEntityOfPage":{"@id":"https:\/\/rioonwatch.org.br\/?p=25567"},"wordCount":702,"publisher":{"@id":"https:\/\/rioonwatch.org.br\/#organization"},"image":{"@id":"https:\/\/rioonwatch.org.br\/?p=25567#primaryimage"},"thumbnailUrl":"https:\/\/rioonwatch.org.br\/wp-content\/uploads\/2017\/05\/Audiencia-Acari-3.jpg","keywords":["Acari","auto de resist\u00eancia","Defensoria P\u00fablica","Direitos Humanos","intimida\u00e7\u00e3o policial","organiza\u00e7\u00e3o comunit\u00e1ria","Pol\u00edcia Militar","prioridades p\u00fablicas equivocadas","seguran\u00e7a p\u00fablica","viola\u00e7\u00f5es","viol\u00eancia de Estado","viol\u00eancia policial","Zona Norte"],"articleSection":["*Destaque","Cobertura de Eventos","Den\u00fancias","Seguran\u00e7a P\u00fablica","Sociedade Civil"],"inLanguage":"pt-BR"},{"@type":"WebPage","@id":"https:\/\/rioonwatch.org.br\/?p=25567","url":"https:\/\/rioonwatch.org.br\/?p=25567","name":"Audi\u00eancia Comunit\u00e1ria pela Vida em Acari Debate Viola\u00e7\u00f5es Policiais - RioOnWatch","isPartOf":{"@id":"https:\/\/rioonwatch.org.br\/#website"},"primaryImageOfPage":{"@id":"https:\/\/rioonwatch.org.br\/?p=25567#primaryimage"},"image":{"@id":"https:\/\/rioonwatch.org.br\/?p=25567#primaryimage"},"thumbnailUrl":"https:\/\/rioonwatch.org.br\/wp-content\/uploads\/2017\/05\/Audiencia-Acari-3.jpg","datePublished":"2017-05-10T15:39:45+00:00","dateModified":"2017-05-12T13:56:36+00:00","breadcrumb":{"@id":"https:\/\/rioonwatch.org.br\/?p=25567#breadcrumb"},"inLanguage":"pt-BR","potentialAction":[{"@type":"ReadAction","target":["https:\/\/rioonwatch.org.br\/?p=25567"]}]},{"@type":"ImageObject","inLanguage":"pt-BR","@id":"https:\/\/rioonwatch.org.br\/?p=25567#primaryimage","url":"https:\/\/rioonwatch.org.br\/wp-content\/uploads\/2017\/05\/Audiencia-Acari-3.jpg","contentUrl":"https:\/\/rioonwatch.org.br\/wp-content\/uploads\/2017\/05\/Audiencia-Acari-3.jpg","width":960,"height":640,"caption":"Rosilene, m\u00e3e da Eduarda, mostra fotos e as medalhas da filha. Foto: Bentto F\u00e1bio"},{"@type":"BreadcrumbList","@id":"https:\/\/rioonwatch.org.br\/?p=25567#breadcrumb","itemListElement":[{"@type":"ListItem","position":1,"name":"In\u00edcio","item":"https:\/\/rioonwatch.org.br\/"},{"@type":"ListItem","position":2,"name":"Audi\u00eancia Comunit\u00e1ria pela Vida em Acari Debate Viola\u00e7\u00f5es Policiais"}]},{"@type":"WebSite","@id":"https:\/\/rioonwatch.org.br\/#website","url":"https:\/\/rioonwatch.org.br\/","name":"RioOnWatch","description":"relatos das favelas cariocas","publisher":{"@id":"https:\/\/rioonwatch.org.br\/#organization"},"potentialAction":[{"@type":"SearchAction","target":{"@type":"EntryPoint","urlTemplate":"https:\/\/rioonwatch.org.br\/?s={search_term_string}"},"query-input":{"@type":"PropertyValueSpecification","valueRequired":true,"valueName":"search_term_string"}}],"inLanguage":"pt-BR"},{"@type":"Organization","@id":"https:\/\/rioonwatch.org.br\/#organization","name":"RioOnWatch","url":"https:\/\/rioonwatch.org.br\/","logo":{"@type":"ImageObject","inLanguage":"pt-BR","@id":"https:\/\/rioonwatch.org.br\/#\/schema\/logo\/image\/","url":"https:\/\/rioonwatch.org.br\/wp-content\/uploads\/2021\/06\/RioOnWatchcabecalhoPT11anos-2.png","contentUrl":"https:\/\/rioonwatch.org.br\/wp-content\/uploads\/2021\/06\/RioOnWatchcabecalhoPT11anos-2.png","width":779,"height":277,"caption":"RioOnWatch"},"image":{"@id":"https:\/\/rioonwatch.org.br\/#\/schema\/logo\/image\/"}},{"@type":"Person","@id":"https:\/\/rioonwatch.org.br\/#\/schema\/person\/f443c6b55bb6e80842280318076491c5","name":"Luisa Fenizola","image":{"@type":"ImageObject","inLanguage":"pt-BR","@id":"https:\/\/rioonwatch.org.br\/#\/schema\/person\/image\/","url":"https:\/\/secure.gravatar.com\/avatar\/a3d551110162b9f876cbbdaaecf75663?s=96&d=blank&r=g","contentUrl":"https:\/\/secure.gravatar.com\/avatar\/a3d551110162b9f876cbbdaaecf75663?s=96&d=blank&r=g","caption":"Luisa Fenizola"},"url":"https:\/\/rioonwatch.org.br\/?author=152"}]}},"_links":{"self":[{"href":"https:\/\/rioonwatch.org.br\/index.php?rest_route=\/wp\/v2\/posts\/25567"}],"collection":[{"href":"https:\/\/rioonwatch.org.br\/index.php?rest_route=\/wp\/v2\/posts"}],"about":[{"href":"https:\/\/rioonwatch.org.br\/index.php?rest_route=\/wp\/v2\/types\/post"}],"author":[{"embeddable":true,"href":"https:\/\/rioonwatch.org.br\/index.php?rest_route=\/wp\/v2\/users\/152"}],"replies":[{"embeddable":true,"href":"https:\/\/rioonwatch.org.br\/index.php?rest_route=%2Fwp%2Fv2%2Fcomments&post=25567"}],"version-history":[{"count":20,"href":"https:\/\/rioonwatch.org.br\/index.php?rest_route=\/wp\/v2\/posts\/25567\/revisions"}],"predecessor-version":[{"id":25619,"href":"https:\/\/rioonwatch.org.br\/index.php?rest_route=\/wp\/v2\/posts\/25567\/revisions\/25619"}],"wp:featuredmedia":[{"embeddable":true,"href":"https:\/\/rioonwatch.org.br\/index.php?rest_route=\/wp\/v2\/media\/25572"}],"wp:attachment":[{"href":"https:\/\/rioonwatch.org.br\/index.php?rest_route=%2Fwp%2Fv2%2Fmedia&parent=25567"}],"wp:term":[{"taxonomy":"category","embeddable":true,"href":"https:\/\/rioonwatch.org.br\/index.php?rest_route=%2Fwp%2Fv2%2Fcategories&post=25567"},{"taxonomy":"post_tag","embeddable":true,"href":"https:\/\/rioonwatch.org.br\/index.php?rest_route=%2Fwp%2Fv2%2Ftags&post=25567"},{"taxonomy":"writer","embeddable":true,"href":"https:\/\/rioonwatch.org.br\/index.php?rest_route=%2Fwp%2Fv2%2Fwriter&post=25567"},{"taxonomy":"translator","embeddable":true,"href":"https:\/\/rioonwatch.org.br\/index.php?rest_route=%2Fwp%2Fv2%2Ftranslator&post=25567"},{"taxonomy":"source","embeddable":true,"href":"https:\/\/rioonwatch.org.br\/index.php?rest_route=%2Fwp%2Fv2%2Fsource&post=25567"},{"taxonomy":"ilustrador","embeddable":true,"href":"https:\/\/rioonwatch.org.br\/index.php?rest_route=%2Fwp%2Fv2%2Filustrador&post=25567"},{"taxonomy":"fotografo","embeddable":true,"href":"https:\/\/rioonwatch.org.br\/index.php?rest_route=%2Fwp%2Fv2%2Ffotografo&post=25567"}],"curies":[{"name":"wp","href":"https:\/\/api.w.org\/{rel}","templated":true}]}}