{"id":25627,"date":"2017-05-16T07:54:11","date_gmt":"2017-05-16T10:54:11","guid":{"rendered":"http:\/\/rioonwatch.org.br\/?p=25627"},"modified":"2024-05-24T12:40:37","modified_gmt":"2024-05-24T15:40:37","slug":"manifestantes-exigem-liberdade-para-rafael-braga-simbolo-da-criminalizacao-da-pobreza-no-brasil","status":"publish","type":"post","link":"https:\/\/rioonwatch.org.br\/?p=25627","title":{"rendered":"Manifestantes Exigem Liberdade para Rafael Braga, S\u00edmbolo da Criminaliza\u00e7\u00e3o da Pobreza no Brasil"},"content":{"rendered":"<p style=\"text-align: right;\"><em><strong><a href=\"http:\/\/bit.ly\/2qvQHxB\" target=\"_blank\" rel=\"noopener noreferrer\">Click Here for English<img decoding=\"async\" width=\"20\" height=\"20\" class=\"alignright wp-image-15790\" src=\"http:\/\/rioonwatch.org.br\/wp-content\/uploads\/2012\/08\/EN-standard-e1439583104716.jpg\" alt=\"\" \/><\/a><\/strong><\/em><\/p>\n<p><span style=\"font-weight: 400;\">No dia 4 de maio, manifestantes reuniram-se frente ao Tribunal da Justi\u00e7a do Estado do Rio de Janeiro para protestar contra a condena\u00e7\u00e3o de <\/span><a href=\"http:\/\/bit.ly\/2qyt33j\" target=\"_blank\" rel=\"noopener noreferrer\"><span style=\"font-weight: 400;\">Rafael Braga<\/span><\/a><span style=\"font-weight: 400;\">, que no dia 20 de abril foi <\/span><a href=\"http:\/\/bit.ly\/2qaffsX\" target=\"_blank\" rel=\"noopener noreferrer\"><span style=\"font-weight: 400;\">condenado a 11 anos de pris\u00e3o por tr\u00e1fico de drogas<\/span><\/a><span style=\"font-weight: 400;\">. Este foi o \u00faltimo acontecimento em uma sequ\u00eancia de tratamento abusivo da pol\u00edcia e de outros membros do sistema de justi\u00e7a brasileiro que remonta a junho de 2013 quando Braga, um <\/span><a href=\"http:\/\/bit.ly\/2buISj2\" target=\"_blank\" rel=\"noopener noreferrer\"><span style=\"font-weight: 400;\">homem negro, sem-teto na \u00e9poca<\/span><span style=\"font-weight: 400;\">, <\/span><span style=\"font-weight: 400;\">foi falsamente<\/span><span style=\"font-weight: 400;\"> acusado<\/span><\/a> <span style=\"font-weight: 400;\">de<\/span><span style=\"font-weight: 400;\"> possuir materiais explosivos ap\u00f3s uma <\/span><a href=\"http:\/\/bit.ly\/11SkR77\" target=\"_blank\" rel=\"noopener noreferrer\"><span style=\"font-weight: 400;\">enorme manifesta\u00e7\u00e3o<\/span><\/a><span style=\"font-weight: 400;\">\u00a0<\/span><span style=\"font-weight: 400;\">no Centro do Rio.<\/span><\/p>\n<p><span style=\"font-weight: 400;\">Braga, que n\u00e3o participava dos protestos, foi detido pela pol\u00edcia por carregar uma garrafa do produto de limpeza Pinho Sol, que mais tarde foi verificado que dificilmente poderia ser usado como explosivo. Apesar disso, foi considerado culpado de portar um &#8220;artefato explosivo ou incendi\u00e1rio, sem autoriza\u00e7\u00e3o ou em desacordo com determina\u00e7\u00e3o legal ou regulamentar&#8221; e condenado a cinco anos e 10 meses de pris\u00e3o.<\/span><\/p>\n<p><a href=\"http:\/\/rioonwatch.org.br\/wp-content\/uploads\/2017\/05\/Tribunal.jpg\"><img fetchpriority=\"high\" decoding=\"async\" class=\"aligncenter wp-image-25638 size-content\" title=\"Protesto saindo do Tribunal Militar. Foto de Maur\u00edcio Campos Dos Santos.\" src=\"http:\/\/rioonwatch.org.br\/wp-content\/uploads\/2017\/05\/Tribunal-620x264.jpg\" alt=\"\" width=\"620\" height=\"264\" srcset=\"https:\/\/rioonwatch.org.br\/wp-content\/uploads\/2017\/05\/Tribunal-620x264.jpg 620w, https:\/\/rioonwatch.org.br\/wp-content\/uploads\/2017\/05\/Tribunal-940x400.jpg 940w\" sizes=\"(max-width: 620px) 100vw, 620px\" \/><\/a><\/p>\n<p><span style=\"font-weight: 400;\">Representado pelo <\/span><a href=\"http:\/\/bit.ly\/2q6FTo1\" target=\"_blank\" rel=\"noopener noreferrer\"><span style=\"font-weight: 400;\">Instituto de Defensores de Direitos Humanos<\/span><\/a><span style=\"font-weight: 400;\">, a sua senten\u00e7a, finalmente, foi reduzida e em outubro de 2014 e Rafael obteve privil\u00e9gios &#8220;semi-abertos&#8221;, que lhe permitiram come\u00e7ar a trabalhar num escrit\u00f3rio de advocacia. No entanto, ap\u00f3s a postagem de uma imagem nas m\u00eddias sociais exibindo-o ao lado de um grafiti que dizia, &#8220;Voc\u00ea s\u00f3 olha da esquerda para a direita, o Estado te esmaga de cima para baixo&#8221;, a condi\u00e7\u00e3o semi-aberta de Braga foi revogada e ele foi colocado na solit\u00e1ria durante um m\u00eas. Depois que foi solto com um monitor eletr\u00f4nico no tornozelo em dezembro de 2015, a pol\u00edcia abordou-o novamente no caminho de uma padaria perto da sua casa e desta vez acusou-o de tr\u00e1fico de drogas. Acredita-se que os policiais o for\u00e7aram a confessar e fabricaram a posse de coca\u00edna e maconha para provar a alega\u00e7\u00e3o. No dia 20 de abril Rafael Braga foi condenado a 11 anos de pris\u00e3o, uma decis\u00e3o da qual os seus advogados pretendem recorrer.<\/span><\/p>\n<p><a href=\"http:\/\/rioonwatch.org.br\/wp-content\/uploads\/2017\/05\/Amnesty.jpg\"><img decoding=\"async\" class=\"alignright wp-image-25639\" title=\"Cartaz da Anistia Internacional: Rafael Braga Vieira N\u00e3o Esquecemos de Voc\u00ea\" src=\"http:\/\/rioonwatch.org.br\/wp-content\/uploads\/2017\/05\/Amnesty.jpg\" alt=\"\" width=\"300\" height=\"300\" srcset=\"https:\/\/rioonwatch.org.br\/wp-content\/uploads\/2017\/05\/Amnesty.jpg 800w, https:\/\/rioonwatch.org.br\/wp-content\/uploads\/2017\/05\/Amnesty-264x264.jpg 264w, https:\/\/rioonwatch.org.br\/wp-content\/uploads\/2017\/05\/Amnesty-620x620.jpg 620w, https:\/\/rioonwatch.org.br\/wp-content\/uploads\/2017\/05\/Amnesty-768x768.jpg 768w\" sizes=\"(max-width: 300px) 100vw, 300px\" \/><\/a><\/p>\n<p><span style=\"font-weight: 400;\">Havia muita tens\u00e3o na quinta-feira quando os manifestantes marcharam do Tribunal de Justi\u00e7a aos Arcos da Lapa, entoando c\u00e2nticos como &#8220;n\u00e3o acabou, tem que acabar, eu quero o fim da <\/span><span style=\"font-weight: 400;\"><a href=\"http:\/\/bit.ly\/1mtYvXK\" target=\"_blank\" rel=\"noopener noreferrer\">Pol\u00edcia Militar<\/a>!&#8221;,<\/span><span style=\"font-weight: 400;\">\u00a0enquanto policiais fortemente armados seguiam ao lado. Os l\u00edderes do <\/span><a href=\"http:\/\/bit.ly\/2r5alh1\" target=\"_blank\" rel=\"noopener noreferrer\"><span style=\"font-weight: 400;\">Movimento pela Liberdade de Rafael Braga<\/span><\/a><span style=\"font-weight: 400;\">, que organizaram o evento, condenavam as a\u00e7\u00f5es da pol\u00edcia pelos alto-falantes:\u00a0<\/span><span style=\"font-weight: 400;\">&#8220;<a href=\"http:\/\/bit.ly\/2pqlsDL\" target=\"_blank\" rel=\"noopener noreferrer\">Rafael Braga<\/a>, ele \u00e9 um s\u00edmbolo, o Rafael Braga e v\u00e1rias pessoas que s\u00e3o presas, que s\u00e3o forjados, e que s\u00e3o inocentes. At\u00e9 quando isto vai continuar? At\u00e9 quando vamos permitir isso?&#8221; Brenner, um membro do movimento, reafirmou o compromisso do grupo para libertar Braga: &#8220;N\u00e3o vamos deixar que mais humanos sejam encarcerados, que mais humanos sejam mortos. Para n\u00f3s esta \u00e9 uma luta nacionalizada e internacionalizada pela liberdade de Rafael Braga&#8221;.<\/span><\/p>\n<p><span style=\"font-weight: 400;\">A atual enxurrada de acusa\u00e7\u00f5es de corrup\u00e7\u00e3o no governo brasileiro bem como <\/span><a href=\"http:\/\/bit.ly\/2cjoeB8\" target=\"_blank\" rel=\"noopener noreferrer\"><span style=\"font-weight: 400;\">as altas taxas de mortes extrajudiciais<\/span><\/a><span style=\"font-weight: 400;\"> no Rio nos \u00faltimos anos desgastou a confian\u00e7a na integridade das for\u00e7as de seguran\u00e7a. &#8220;Simplesmente pelo fato dele ser catador de material reciclado. Isso fez com que ele fosse preso. Por isso a pol\u00edcia chegou nele, por isso a pol\u00edcia forjou o que aconteceu&#8221;, comenta Jo\u00e3o, outro membro do Movimento pela Liberdade de Rafael Braga e volunt\u00e1rio na manifesta\u00e7\u00e3o. Ele continuou explicando a regularidade do comportamento opressivo da pol\u00edcia: &#8220;a<\/span><span style=\"font-weight: 400;\">\u00a0pol\u00edcia <a href=\"http:\/\/bit.ly\/29GfPqt\" target=\"_blank\" rel=\"noopener noreferrer\">mata negros todos os dias<\/a>, a pol\u00edcia do Rio de Janeiro mata mais do que em qualquer outro lugar do mundo, eles n\u00e3o t\u00eam direito de <a href=\"http:\/\/bit.ly\/2aQuCis\" target=\"_blank\" rel=\"noopener noreferrer\">aterrorizar o p\u00fablico<\/a>&#8220;.<\/span><\/p>\n<p><a href=\"http:\/\/rioonwatch.org.br\/wp-content\/uploads\/2017\/05\/Protest.jpg\"><img loading=\"lazy\" decoding=\"async\" class=\"aligncenter wp-image-25641 size-content\" title=\"Protesto caminha atrav\u00e9s do Centro da cidade. Foto de Maur\u00edcio Campos Dos Santos.\" src=\"http:\/\/rioonwatch.org.br\/wp-content\/uploads\/2017\/05\/Protest-620x264.jpg\" alt=\"\" width=\"620\" height=\"264\" srcset=\"https:\/\/rioonwatch.org.br\/wp-content\/uploads\/2017\/05\/Protest-620x264.jpg 620w, https:\/\/rioonwatch.org.br\/wp-content\/uploads\/2017\/05\/Protest-940x400.jpg 940w\" sizes=\"(max-width: 620px) 100vw, 620px\" \/><\/a><\/p>\n<p><a href=\"http:\/\/bit.ly\/2oqONME\" target=\"_blank\" rel=\"noopener noreferrer\"><span style=\"font-weight: 400;\">Moradores de\u00a0favela s\u00e3o frequentemente os mais afetados<\/span><\/a><span style=\"font-weight: 400;\"> por estas a\u00e7\u00f5es opressivas, especialmente pelas <\/span><span style=\"font-weight: 400;\"><a href=\"http:\/\/bit.ly\/2j3iT3H\" target=\"_blank\" rel=\"noopener noreferrer\">UPPs<\/a><\/span><span style=\"font-weight: 400;\">. Laya, membro de uma rede de educa\u00e7\u00e3o, comentou sobre esta rela\u00e7\u00e3o: &#8220;Eu sou uma mulher negra, moradora de uma comunidade, aqui no Rio de Janeiro, onde os moradores s\u00e3o agredidos todos os dias por policiais militares. Onde tem UPP piorou a situa\u00e7\u00e3o, eles nos confrontam todos os dias&#8221;.<\/span><\/p>\n<p><span style=\"font-weight: 400;\">Enquanto as tens\u00f5es estavam no auge devido a uma aparente longa luta \u00e0 frente, a manifesta\u00e7\u00e3o serviu para mostrar a resili\u00eancia e solidariedade de cidad\u00e3os\u00a0que est\u00e3o comprometidos com a busca \u00a0por justi\u00e7a na sua cidade. Uma mulher que veio \u00e0 manifesta\u00e7\u00e3o como membro do\u00a0<\/span><a href=\"http:\/\/bit.ly\/2poePC3\" target=\"_blank\" rel=\"noopener noreferrer\"><span style=\"font-weight: 400;\">Movimento Negro Unificado<\/span><\/a><span style=\"font-weight: 400;\">, disse que: \u201cN\u00f3s brasileiros, negros e brancos, que acreditamos ser poss\u00edvel transformar estas coisas, marcharemos nas ruas at\u00e9 que a justi\u00e7a seja feita&#8221;.<\/span><\/p>\n<p><a href=\"http:\/\/rioonwatch.org.br\/wp-content\/uploads\/2017\/05\/Lapa.jpg\"><img loading=\"lazy\" decoding=\"async\" class=\"aligncenter wp-image-25642 size-content\" title=\"O protesto chega aos arcos da Lapa. Foto de Maur\u00edcio Campos Dos Santos.\" src=\"http:\/\/rioonwatch.org.br\/wp-content\/uploads\/2017\/05\/Lapa-620x264.jpg\" alt=\"\" width=\"620\" height=\"264\" srcset=\"https:\/\/rioonwatch.org.br\/wp-content\/uploads\/2017\/05\/Lapa-620x264.jpg 620w, https:\/\/rioonwatch.org.br\/wp-content\/uploads\/2017\/05\/Lapa-940x400.jpg 940w\" sizes=\"(max-width: 620px) 100vw, 620px\" \/><\/a><\/p>\n<!-- AddThis Advanced Settings generic via filter on the_content --><!-- AddThis Share Buttons generic via filter on the_content -->","protected":false},"excerpt":{"rendered":"<div class=\"mh-excerpt\"><p>Click Here for English No dia 4 de maio, manifestantes reuniram-se frente ao Tribunal da Justi\u00e7a do Estado do Rio de Janeiro para protestar contra a condena\u00e7\u00e3o de Rafael Braga, que no dia 20 de <a class=\"mh-excerpt-more\" href=\"https:\/\/rioonwatch.org.br\/?p=25627\" title=\"Manifestantes Exigem Liberdade para Rafael Braga, S\u00edmbolo da Criminaliza\u00e7\u00e3o da Pobreza no Brasil\">[&#8230;]<\/a><!-- AddThis Advanced Settings generic via filter on get_the_excerpt --><!-- AddThis Share Buttons generic via filter on get_the_excerpt --><\/p>\n<\/div>","protected":false},"author":129,"featured_media":25629,"comment_status":"closed","ping_status":"closed","sticky":false,"template":"","format":"standard","meta":{"_acf_changed":false,"_monsterinsights_skip_tracking":false,"_monsterinsights_sitenote_active":false,"_monsterinsights_sitenote_note":"","_monsterinsights_sitenote_category":0,"footnotes":""},"categories":[1627,346,1626,344,1612],"tags":[3253,259,310,1471,1239,88,755,774,763,936,2181,406,1109,92],"writer":[2110],"translator":[1875],"source":[],"ilustrador":[],"fotografo":[],"class_list":{"0":"post-25627","1":"post","2":"type-post","3":"status-publish","4":"format-standard","5":"has-post-thumbnail","7":"category-relato-de-evento","8":"category-denuncias","9":"category-por-observadores-internacionais","10":"category-politicas","11":"category-sociedade-civil","12":"tag-antirracismo","13":"tag-centro","14":"tag-corrupcao","15":"tag-corrupcao-policial","16":"tag-criminalizacao-da-pobreza","17":"tag-direitos-humanos","18":"tag-lei","19":"tag-policia-militar","20":"tag-protesto","21":"tag-raca","22":"tag-rafael-braga","23":"tag-sem-teto","24":"tag-sociedade-civil","25":"tag-upp","26":"writer-brian-mcnamara","27":"translator-marina-hennies"},"acf":[],"yoast_head":"<!-- This site is optimized with the Yoast SEO plugin v25.6 - https:\/\/yoast.com\/wordpress\/plugins\/seo\/ -->\n<title>Manifestantes Exigem Liberdade para Rafael Braga, S\u00edmbolo da Criminaliza\u00e7\u00e3o da Pobreza no Brasil - RioOnWatch<\/title>\n<meta name=\"robots\" content=\"index, follow, max-snippet:-1, max-image-preview:large, max-video-preview:-1\" \/>\n<link rel=\"canonical\" href=\"https:\/\/rioonwatch.org.br\/?p=25627\" \/>\n<meta property=\"og:locale\" content=\"pt_BR\" \/>\n<meta property=\"og:type\" content=\"article\" \/>\n<meta property=\"og:title\" content=\"Manifestantes Exigem Liberdade para Rafael Braga, S\u00edmbolo da Criminaliza\u00e7\u00e3o da Pobreza no Brasil - RioOnWatch\" \/>\n<meta property=\"og:description\" content=\"Click Here for English No dia 4 de maio, manifestantes reuniram-se frente ao Tribunal da Justi\u00e7a do Estado do Rio de Janeiro para protestar contra a condena\u00e7\u00e3o de Rafael Braga, que no dia 20 de [...]\" \/>\n<meta property=\"og:url\" content=\"https:\/\/rioonwatch.org.br\/?p=25627\" \/>\n<meta property=\"og:site_name\" content=\"RioOnWatch\" \/>\n<meta property=\"article:published_time\" content=\"2017-05-16T10:54:11+00:00\" \/>\n<meta property=\"article:modified_time\" content=\"2024-05-24T15:40:37+00:00\" \/>\n<meta property=\"og:image\" content=\"https:\/\/rioonwatch.org.br\/wp-content\/uploads\/2017\/05\/Rafael-Braga-Cover--scaled.jpg\" \/>\n\t<meta property=\"og:image:width\" content=\"2560\" \/>\n\t<meta property=\"og:image:height\" content=\"1920\" \/>\n\t<meta property=\"og:image:type\" content=\"image\/jpeg\" \/>\n<meta name=\"author\" content=\"Admin\" \/>\n<meta name=\"twitter:card\" content=\"summary_large_image\" \/>\n<meta name=\"twitter:label1\" content=\"Escrito por\" \/>\n\t<meta name=\"twitter:data1\" content=\"Admin\" \/>\n\t<meta name=\"twitter:label2\" content=\"Est. tempo de leitura\" \/>\n\t<meta name=\"twitter:data2\" content=\"4 minutos\" \/>\n<script type=\"application\/ld+json\" class=\"yoast-schema-graph\">{\"@context\":\"https:\/\/schema.org\",\"@graph\":[{\"@type\":\"Article\",\"@id\":\"https:\/\/rioonwatch.org.br\/?p=25627#article\",\"isPartOf\":{\"@id\":\"https:\/\/rioonwatch.org.br\/?p=25627\"},\"author\":{\"name\":\"Admin\",\"@id\":\"https:\/\/rioonwatch.org.br\/#\/schema\/person\/11d64c290506f9df50c71b850c473f68\"},\"headline\":\"Manifestantes Exigem Liberdade para Rafael Braga, S\u00edmbolo da Criminaliza\u00e7\u00e3o da Pobreza no Brasil\",\"datePublished\":\"2017-05-16T10:54:11+00:00\",\"dateModified\":\"2024-05-24T15:40:37+00:00\",\"mainEntityOfPage\":{\"@id\":\"https:\/\/rioonwatch.org.br\/?p=25627\"},\"wordCount\":789,\"publisher\":{\"@id\":\"https:\/\/rioonwatch.org.br\/#organization\"},\"image\":{\"@id\":\"https:\/\/rioonwatch.org.br\/?p=25627#primaryimage\"},\"thumbnailUrl\":\"https:\/\/rioonwatch.org.br\/wp-content\/uploads\/2017\/05\/Rafael-Braga-Cover--scaled.jpg\",\"keywords\":[\"Antirracismo\",\"Centro\",\"corrup\u00e7\u00e3o\",\"corrup\u00e7\u00e3o policial\",\"criminaliza\u00e7\u00e3o da pobreza\",\"Direitos Humanos\",\"lei\",\"Pol\u00edcia Militar\",\"protesto\",\"ra\u00e7a\",\"Rafael Braga\",\"sem-teto\",\"sociedade civil\",\"UPP\"],\"articleSection\":[\"Cobertura de Eventos\",\"Den\u00fancias\",\"Escrito por Aliados\",\"Pol\u00edticas\",\"Sociedade Civil\"],\"inLanguage\":\"pt-BR\"},{\"@type\":\"WebPage\",\"@id\":\"https:\/\/rioonwatch.org.br\/?p=25627\",\"url\":\"https:\/\/rioonwatch.org.br\/?p=25627\",\"name\":\"Manifestantes Exigem Liberdade para Rafael Braga, S\u00edmbolo da Criminaliza\u00e7\u00e3o da Pobreza no Brasil - RioOnWatch\",\"isPartOf\":{\"@id\":\"https:\/\/rioonwatch.org.br\/#website\"},\"primaryImageOfPage\":{\"@id\":\"https:\/\/rioonwatch.org.br\/?p=25627#primaryimage\"},\"image\":{\"@id\":\"https:\/\/rioonwatch.org.br\/?p=25627#primaryimage\"},\"thumbnailUrl\":\"https:\/\/rioonwatch.org.br\/wp-content\/uploads\/2017\/05\/Rafael-Braga-Cover--scaled.jpg\",\"datePublished\":\"2017-05-16T10:54:11+00:00\",\"dateModified\":\"2024-05-24T15:40:37+00:00\",\"breadcrumb\":{\"@id\":\"https:\/\/rioonwatch.org.br\/?p=25627#breadcrumb\"},\"inLanguage\":\"pt-BR\",\"potentialAction\":[{\"@type\":\"ReadAction\",\"target\":[\"https:\/\/rioonwatch.org.br\/?p=25627\"]}]},{\"@type\":\"ImageObject\",\"inLanguage\":\"pt-BR\",\"@id\":\"https:\/\/rioonwatch.org.br\/?p=25627#primaryimage\",\"url\":\"https:\/\/rioonwatch.org.br\/wp-content\/uploads\/2017\/05\/Rafael-Braga-Cover--scaled.jpg\",\"contentUrl\":\"https:\/\/rioonwatch.org.br\/wp-content\/uploads\/2017\/05\/Rafael-Braga-Cover--scaled.jpg\",\"width\":2560,\"height\":1920},{\"@type\":\"BreadcrumbList\",\"@id\":\"https:\/\/rioonwatch.org.br\/?p=25627#breadcrumb\",\"itemListElement\":[{\"@type\":\"ListItem\",\"position\":1,\"name\":\"In\u00edcio\",\"item\":\"https:\/\/rioonwatch.org.br\/\"},{\"@type\":\"ListItem\",\"position\":2,\"name\":\"Manifestantes Exigem Liberdade para Rafael Braga, S\u00edmbolo da Criminaliza\u00e7\u00e3o da Pobreza no Brasil\"}]},{\"@type\":\"WebSite\",\"@id\":\"https:\/\/rioonwatch.org.br\/#website\",\"url\":\"https:\/\/rioonwatch.org.br\/\",\"name\":\"RioOnWatch\",\"description\":\"relatos das favelas cariocas\",\"publisher\":{\"@id\":\"https:\/\/rioonwatch.org.br\/#organization\"},\"potentialAction\":[{\"@type\":\"SearchAction\",\"target\":{\"@type\":\"EntryPoint\",\"urlTemplate\":\"https:\/\/rioonwatch.org.br\/?s={search_term_string}\"},\"query-input\":{\"@type\":\"PropertyValueSpecification\",\"valueRequired\":true,\"valueName\":\"search_term_string\"}}],\"inLanguage\":\"pt-BR\"},{\"@type\":\"Organization\",\"@id\":\"https:\/\/rioonwatch.org.br\/#organization\",\"name\":\"RioOnWatch\",\"url\":\"https:\/\/rioonwatch.org.br\/\",\"logo\":{\"@type\":\"ImageObject\",\"inLanguage\":\"pt-BR\",\"@id\":\"https:\/\/rioonwatch.org.br\/#\/schema\/logo\/image\/\",\"url\":\"https:\/\/rioonwatch.org.br\/wp-content\/uploads\/2021\/06\/RioOnWatchcabecalhoPT11anos-2.png\",\"contentUrl\":\"https:\/\/rioonwatch.org.br\/wp-content\/uploads\/2021\/06\/RioOnWatchcabecalhoPT11anos-2.png\",\"width\":779,\"height\":277,\"caption\":\"RioOnWatch\"},\"image\":{\"@id\":\"https:\/\/rioonwatch.org.br\/#\/schema\/logo\/image\/\"}},{\"@type\":\"Person\",\"@id\":\"https:\/\/rioonwatch.org.br\/#\/schema\/person\/11d64c290506f9df50c71b850c473f68\",\"name\":\"Admin\",\"image\":{\"@type\":\"ImageObject\",\"inLanguage\":\"pt-BR\",\"@id\":\"https:\/\/rioonwatch.org.br\/#\/schema\/person\/image\/\",\"url\":\"https:\/\/secure.gravatar.com\/avatar\/56211ac74568383903349a1485e3c325?s=96&d=blank&r=g\",\"contentUrl\":\"https:\/\/secure.gravatar.com\/avatar\/56211ac74568383903349a1485e3c325?s=96&d=blank&r=g\",\"caption\":\"Admin\"},\"url\":\"https:\/\/rioonwatch.org.br\/?author=129\"}]}<\/script>\n<!-- \/ Yoast SEO plugin. -->","yoast_head_json":{"title":"Manifestantes Exigem Liberdade para Rafael Braga, S\u00edmbolo da Criminaliza\u00e7\u00e3o da Pobreza no Brasil - RioOnWatch","robots":{"index":"index","follow":"follow","max-snippet":"max-snippet:-1","max-image-preview":"max-image-preview:large","max-video-preview":"max-video-preview:-1"},"canonical":"https:\/\/rioonwatch.org.br\/?p=25627","og_locale":"pt_BR","og_type":"article","og_title":"Manifestantes Exigem Liberdade para Rafael Braga, S\u00edmbolo da Criminaliza\u00e7\u00e3o da Pobreza no Brasil - RioOnWatch","og_description":"Click Here for English No dia 4 de maio, manifestantes reuniram-se frente ao Tribunal da Justi\u00e7a do Estado do Rio de Janeiro para protestar contra a condena\u00e7\u00e3o de Rafael Braga, que no dia 20 de [...]","og_url":"https:\/\/rioonwatch.org.br\/?p=25627","og_site_name":"RioOnWatch","article_published_time":"2017-05-16T10:54:11+00:00","article_modified_time":"2024-05-24T15:40:37+00:00","og_image":[{"width":2560,"height":1920,"url":"https:\/\/rioonwatch.org.br\/wp-content\/uploads\/2017\/05\/Rafael-Braga-Cover--scaled.jpg","type":"image\/jpeg"}],"author":"Admin","twitter_card":"summary_large_image","twitter_misc":{"Escrito por":"Admin","Est. tempo de leitura":"4 minutos"},"schema":{"@context":"https:\/\/schema.org","@graph":[{"@type":"Article","@id":"https:\/\/rioonwatch.org.br\/?p=25627#article","isPartOf":{"@id":"https:\/\/rioonwatch.org.br\/?p=25627"},"author":{"name":"Admin","@id":"https:\/\/rioonwatch.org.br\/#\/schema\/person\/11d64c290506f9df50c71b850c473f68"},"headline":"Manifestantes Exigem Liberdade para Rafael Braga, S\u00edmbolo da Criminaliza\u00e7\u00e3o da Pobreza no Brasil","datePublished":"2017-05-16T10:54:11+00:00","dateModified":"2024-05-24T15:40:37+00:00","mainEntityOfPage":{"@id":"https:\/\/rioonwatch.org.br\/?p=25627"},"wordCount":789,"publisher":{"@id":"https:\/\/rioonwatch.org.br\/#organization"},"image":{"@id":"https:\/\/rioonwatch.org.br\/?p=25627#primaryimage"},"thumbnailUrl":"https:\/\/rioonwatch.org.br\/wp-content\/uploads\/2017\/05\/Rafael-Braga-Cover--scaled.jpg","keywords":["Antirracismo","Centro","corrup\u00e7\u00e3o","corrup\u00e7\u00e3o policial","criminaliza\u00e7\u00e3o da pobreza","Direitos Humanos","lei","Pol\u00edcia Militar","protesto","ra\u00e7a","Rafael Braga","sem-teto","sociedade civil","UPP"],"articleSection":["Cobertura de Eventos","Den\u00fancias","Escrito por Aliados","Pol\u00edticas","Sociedade Civil"],"inLanguage":"pt-BR"},{"@type":"WebPage","@id":"https:\/\/rioonwatch.org.br\/?p=25627","url":"https:\/\/rioonwatch.org.br\/?p=25627","name":"Manifestantes Exigem Liberdade para Rafael Braga, S\u00edmbolo da Criminaliza\u00e7\u00e3o da Pobreza no Brasil - RioOnWatch","isPartOf":{"@id":"https:\/\/rioonwatch.org.br\/#website"},"primaryImageOfPage":{"@id":"https:\/\/rioonwatch.org.br\/?p=25627#primaryimage"},"image":{"@id":"https:\/\/rioonwatch.org.br\/?p=25627#primaryimage"},"thumbnailUrl":"https:\/\/rioonwatch.org.br\/wp-content\/uploads\/2017\/05\/Rafael-Braga-Cover--scaled.jpg","datePublished":"2017-05-16T10:54:11+00:00","dateModified":"2024-05-24T15:40:37+00:00","breadcrumb":{"@id":"https:\/\/rioonwatch.org.br\/?p=25627#breadcrumb"},"inLanguage":"pt-BR","potentialAction":[{"@type":"ReadAction","target":["https:\/\/rioonwatch.org.br\/?p=25627"]}]},{"@type":"ImageObject","inLanguage":"pt-BR","@id":"https:\/\/rioonwatch.org.br\/?p=25627#primaryimage","url":"https:\/\/rioonwatch.org.br\/wp-content\/uploads\/2017\/05\/Rafael-Braga-Cover--scaled.jpg","contentUrl":"https:\/\/rioonwatch.org.br\/wp-content\/uploads\/2017\/05\/Rafael-Braga-Cover--scaled.jpg","width":2560,"height":1920},{"@type":"BreadcrumbList","@id":"https:\/\/rioonwatch.org.br\/?p=25627#breadcrumb","itemListElement":[{"@type":"ListItem","position":1,"name":"In\u00edcio","item":"https:\/\/rioonwatch.org.br\/"},{"@type":"ListItem","position":2,"name":"Manifestantes Exigem Liberdade para Rafael Braga, S\u00edmbolo da Criminaliza\u00e7\u00e3o da Pobreza no Brasil"}]},{"@type":"WebSite","@id":"https:\/\/rioonwatch.org.br\/#website","url":"https:\/\/rioonwatch.org.br\/","name":"RioOnWatch","description":"relatos das favelas cariocas","publisher":{"@id":"https:\/\/rioonwatch.org.br\/#organization"},"potentialAction":[{"@type":"SearchAction","target":{"@type":"EntryPoint","urlTemplate":"https:\/\/rioonwatch.org.br\/?s={search_term_string}"},"query-input":{"@type":"PropertyValueSpecification","valueRequired":true,"valueName":"search_term_string"}}],"inLanguage":"pt-BR"},{"@type":"Organization","@id":"https:\/\/rioonwatch.org.br\/#organization","name":"RioOnWatch","url":"https:\/\/rioonwatch.org.br\/","logo":{"@type":"ImageObject","inLanguage":"pt-BR","@id":"https:\/\/rioonwatch.org.br\/#\/schema\/logo\/image\/","url":"https:\/\/rioonwatch.org.br\/wp-content\/uploads\/2021\/06\/RioOnWatchcabecalhoPT11anos-2.png","contentUrl":"https:\/\/rioonwatch.org.br\/wp-content\/uploads\/2021\/06\/RioOnWatchcabecalhoPT11anos-2.png","width":779,"height":277,"caption":"RioOnWatch"},"image":{"@id":"https:\/\/rioonwatch.org.br\/#\/schema\/logo\/image\/"}},{"@type":"Person","@id":"https:\/\/rioonwatch.org.br\/#\/schema\/person\/11d64c290506f9df50c71b850c473f68","name":"Admin","image":{"@type":"ImageObject","inLanguage":"pt-BR","@id":"https:\/\/rioonwatch.org.br\/#\/schema\/person\/image\/","url":"https:\/\/secure.gravatar.com\/avatar\/56211ac74568383903349a1485e3c325?s=96&d=blank&r=g","contentUrl":"https:\/\/secure.gravatar.com\/avatar\/56211ac74568383903349a1485e3c325?s=96&d=blank&r=g","caption":"Admin"},"url":"https:\/\/rioonwatch.org.br\/?author=129"}]}},"_links":{"self":[{"href":"https:\/\/rioonwatch.org.br\/index.php?rest_route=\/wp\/v2\/posts\/25627"}],"collection":[{"href":"https:\/\/rioonwatch.org.br\/index.php?rest_route=\/wp\/v2\/posts"}],"about":[{"href":"https:\/\/rioonwatch.org.br\/index.php?rest_route=\/wp\/v2\/types\/post"}],"author":[{"embeddable":true,"href":"https:\/\/rioonwatch.org.br\/index.php?rest_route=\/wp\/v2\/users\/129"}],"replies":[{"embeddable":true,"href":"https:\/\/rioonwatch.org.br\/index.php?rest_route=%2Fwp%2Fv2%2Fcomments&post=25627"}],"version-history":[{"count":11,"href":"https:\/\/rioonwatch.org.br\/index.php?rest_route=\/wp\/v2\/posts\/25627\/revisions"}],"predecessor-version":[{"id":25682,"href":"https:\/\/rioonwatch.org.br\/index.php?rest_route=\/wp\/v2\/posts\/25627\/revisions\/25682"}],"wp:featuredmedia":[{"embeddable":true,"href":"https:\/\/rioonwatch.org.br\/index.php?rest_route=\/wp\/v2\/media\/25629"}],"wp:attachment":[{"href":"https:\/\/rioonwatch.org.br\/index.php?rest_route=%2Fwp%2Fv2%2Fmedia&parent=25627"}],"wp:term":[{"taxonomy":"category","embeddable":true,"href":"https:\/\/rioonwatch.org.br\/index.php?rest_route=%2Fwp%2Fv2%2Fcategories&post=25627"},{"taxonomy":"post_tag","embeddable":true,"href":"https:\/\/rioonwatch.org.br\/index.php?rest_route=%2Fwp%2Fv2%2Ftags&post=25627"},{"taxonomy":"writer","embeddable":true,"href":"https:\/\/rioonwatch.org.br\/index.php?rest_route=%2Fwp%2Fv2%2Fwriter&post=25627"},{"taxonomy":"translator","embeddable":true,"href":"https:\/\/rioonwatch.org.br\/index.php?rest_route=%2Fwp%2Fv2%2Ftranslator&post=25627"},{"taxonomy":"source","embeddable":true,"href":"https:\/\/rioonwatch.org.br\/index.php?rest_route=%2Fwp%2Fv2%2Fsource&post=25627"},{"taxonomy":"ilustrador","embeddable":true,"href":"https:\/\/rioonwatch.org.br\/index.php?rest_route=%2Fwp%2Fv2%2Filustrador&post=25627"},{"taxonomy":"fotografo","embeddable":true,"href":"https:\/\/rioonwatch.org.br\/index.php?rest_route=%2Fwp%2Fv2%2Ffotografo&post=25627"}],"curies":[{"name":"wp","href":"https:\/\/api.w.org\/{rel}","templated":true}]}}