{"id":25654,"date":"2017-05-26T08:00:56","date_gmt":"2017-05-26T11:00:56","guid":{"rendered":"http:\/\/rioonwatch.org.br\/?p=25654"},"modified":"2022-03-09T11:11:13","modified_gmt":"2022-03-09T14:11:13","slug":"agricultura-periurbana-incentivo-as-hortas-comunitarias-nas-favelas","status":"publish","type":"post","link":"https:\/\/rioonwatch.org.br\/?p=25654","title":{"rendered":"Agricultura Urbana e Periurbana e o Crescimento das Hortas Comunit\u00e1rias em Favelas do Rio"},"content":{"rendered":"<p style=\"text-align: right;\"><em><strong><a href=\"http:\/\/bit.ly\/2rYZTdM\" target=\"_blank\" rel=\"noopener noreferrer\">Click Here for English<img decoding=\"async\" width=\"20\" height=\"20\" class=\"alignright wp-image-15790\" src=\"http:\/\/rioonwatch.org.br\/wp-content\/uploads\/2012\/08\/EN-standard-e1439583104716.jpg\" alt=\"\" \/><\/a><\/strong><\/em><\/p>\n<p>A maioria da popula\u00e7\u00e3o mundial atualmente reside em meio urbano. Como nos distanciamos da vida no campo, tamb\u00e9m perdemos contato direto com todo o processo da <a href=\"http:\/\/bit.ly\/1HmNNOX\" target=\"_blank\" rel=\"noopener noreferrer\">alimenta\u00e7\u00e3o<\/a>, <a href=\"http:\/\/bit.ly\/2prkLWe\" target=\"_blank\" rel=\"noopener noreferrer\">desde o plantio<\/a>. As \u00e1reas livres est\u00e3o cada vez mais escassas no meio urbano.<\/p>\n<p>Ainda que se viva em um pa\u00eds tropical privilegiado de \u00e1reas verdes, poucos t\u00eam disponibilidade de usufruir da natureza como <a href=\"http:\/\/bit.ly\/2adgQWM\" target=\"_blank\" rel=\"noopener noreferrer\">lazer<\/a>. Compramos mercadorias desconhecidas j\u00e1 embaladas e adulteradas com agentes t\u00f3xicos. O consumo de org\u00e2nicos ainda \u00e9 muito inacess\u00edvel tanto do ponto de vista log\u00edstico quanto financeiro para boa parte da popula\u00e7\u00e3o, em especial os moradores de favelas.<\/p>\n<p>A <a href=\"http:\/\/bit.ly\/1kzUmMv\" target=\"_blank\" rel=\"noopener noreferrer\">sa\u00fade<\/a> come\u00e7a a partir da boa alimenta\u00e7\u00e3o. \u00c9 essencial saber mais sobre nutri\u00e7\u00e3o e os processos de cultivo e industrializa\u00e7\u00e3o. A falta de acesso \u00e0 informa\u00e7\u00e3o nas escolas e, consequentemente, em casa, dificulta os bons h\u00e1bitos alimentares. Portanto,\u00a0iniciativas de\u00a0<a href=\"http:\/\/bit.ly\/2rBUppD\" target=\"_blank\" rel=\"noopener noreferrer\">hortas caseiras e comunit\u00e1rias<\/a> t\u00eam crescido de acordo com a demanda e acesso de informa\u00e7\u00e3o.<\/p>\n<p><a href=\"http:\/\/rioonwatch.org.br\/wp-content\/uploads\/2017\/05\/17952442_413646952339820_8567390687637207044_n-1-e1495054749235.jpg\"><img fetchpriority=\"high\" decoding=\"async\" class=\"aligncenter wp-image-25708 size-content\" title=\"Mudinha de alface lisa\" src=\"http:\/\/rioonwatch.org.br\/wp-content\/uploads\/2017\/05\/17952442_413646952339820_8567390687637207044_n-1-e1495054749235-620x264.jpg\" alt=\"\" width=\"620\" height=\"264\" srcset=\"https:\/\/rioonwatch.org.br\/wp-content\/uploads\/2017\/05\/17952442_413646952339820_8567390687637207044_n-1-e1495054749235-620x264.jpg 620w, https:\/\/rioonwatch.org.br\/wp-content\/uploads\/2017\/05\/17952442_413646952339820_8567390687637207044_n-1-e1495054749235-940x400.jpg 940w\" sizes=\"(max-width: 620px) 100vw, 620px\" \/><\/a><\/p>\n<p><a href=\"http:\/\/bit.ly\/2qyFMlJ\" target=\"_blank\" rel=\"noopener noreferrer\">Agricultura urbana<\/a> \u00e9\u00a0o processo de cultivo e distribui\u00e7\u00e3o de produtos, utilizando recursos humanos e materiais locais da \u00e1rea em que est\u00e1 inserida, e <a href=\"http:\/\/bit.ly\/2rwX5B9\" target=\"_blank\" rel=\"noopener noreferrer\">divide-se em intra, quando ocorre dentro, e periurbana<\/a> quando ocorre em periferias e comunidades da metr\u00f3pole. A agricultura urbana \u00e9 realizada geralmente em pequenas \u00e1reas como quintais, terra\u00e7os ou p\u00e1tios, e destina-se sobretudo a subsist\u00eancia ou venda em pequena escala, em mercados locais. H\u00e1 <a href=\"http:\/\/bit.ly\/2nL4SKL\" target=\"_blank\" rel=\"noopener noreferrer\">iniciativas mais ambiciosas de hortas urbanas<\/a> em espa\u00e7os comunit\u00e1rios ou p\u00fablicos n\u00e3o urbanizados. O objetivo de incentivar a pr\u00e1tica da agricultura urbana \u00e9 oferecer g\u00eaneros aliment\u00edcios de qualidade a custo acess\u00edvel especialmente para popula\u00e7\u00f5es com pouco acesso, promover o desenvolvimento s\u00f3cio-econ\u00f4mico e seguran\u00e7a alimentar, al\u00e9m da melhoria da <a href=\"http:\/\/bit.ly\/2ksCmOD\" target=\"_blank\" rel=\"noopener noreferrer\">resili\u00eancia<\/a> do <a href=\"http:\/\/bit.ly\/VxnHgj\" target=\"_blank\" rel=\"noopener noreferrer\">meio ambiente<\/a> como o aumento da capacidade de infiltra\u00e7\u00e3o no solo, conserva\u00e7\u00e3o da <a href=\"http:\/\/bit.ly\/2q1N8up\" target=\"_blank\" rel=\"noopener noreferrer\">biodiversidade<\/a> e diminui\u00e7\u00e3o da <a href=\"http:\/\/bit.ly\/1MUNDKv\" target=\"_blank\" rel=\"noopener noreferrer\">polui\u00e7\u00e3o<\/a>.<\/p>\n<p>A arquitetura das favelas, muitas vezes, \u00e9 moldada a partir do adensamento e carece de\u00a0espa\u00e7os livres dedicados ao lazer ou especialmente para uma horta, mas nada que n\u00e3o poderia ser improvisado para delimitar um espa\u00e7o para \u00e1rea de plantio, como por exemplo uma <a href=\"http:\/\/bit.ly\/2mmOQb3\" target=\"_blank\" rel=\"noopener noreferrer\">laje<\/a>, que \u00e9 em geral uma superf\u00edcie regular e ensolarada. Caso n\u00e3o haja a possibilidade, pode-se verticalizar e fazer uma parede com suportes para o cultivo das mudas. O sistema b\u00e1sico de <a href=\"http:\/\/bit.ly\/2rxdju8\" target=\"_blank\" rel=\"noopener noreferrer\">compostagem<\/a> pode ser feito em casa, com terra e res\u00edduos org\u00e2nicos das fam\u00edlias, diminuindo consequentemente a quantidade de <a href=\"http:\/\/bit.ly\/1de5jWM\" target=\"_blank\" rel=\"noopener noreferrer\">lixo<\/a> produzido nas favelas. H\u00e1 muitas t\u00e9cnicas simples e acess\u00edveis que facilitam a pr\u00e1tica, como no caso do\u00a0<a href=\"http:\/\/bit.ly\/18YNox0\" target=\"_blank\" rel=\"noopener noreferrer\">Vale Encantado com o seu saneamento sustent\u00e1vel<\/a>, que mostra o tanto que \u00e9 poss\u00edvel uma comunidade fazer, inclusive\u00a0quando a prefeitura n\u00e3o consegue chegar com os seus\u00a0<a href=\"http:\/\/bit.ly\/2rtF87b\" target=\"_blank\" rel=\"noopener noreferrer\">servi\u00e7os p\u00fablicos<\/a>,\u00a0ao seu p\u00fablico.<\/p>\n<p><a href=\"http:\/\/rioonwatch.org.br\/wp-content\/uploads\/2017\/05\/alho-e-abacate-1-e1495054820855.jpg\"><img decoding=\"async\" class=\"alignright wp-image-25709\" title=\"Mudas rec\u00e9m plantadas de abacate e alho.\" src=\"http:\/\/rioonwatch.org.br\/wp-content\/uploads\/2017\/05\/alho-e-abacate-1.jpg\" alt=\"\" width=\"301\" height=\"302\" \/><\/a><\/p>\n<p>Conversar em sua comunidade sobre as vantagens de se ter uma horta e produzir seu pr\u00f3prio alimento \u00e9 o in\u00edcio. Experimentar em pequena escala o cultivo de temperos e pequenas ervas e depois expandir para demais variedades, e conhecer um pouco de cada esp\u00e9cie, \u00e9 uma boa iniciativa pessoal, que, dando certo, pode\u00a0ser apresentada aos vizinhos. Trocar experi\u00eancias \u00e9 importante para alcan\u00e7armos al\u00e9m do indiv\u00edduo.<\/p>\n<p>O projeto\u00a0<a href=\"http:\/\/bit.ly\/2qC8xfu\" target=\"_blank\" rel=\"noopener noreferrer\">Favela Org\u00e2nica<\/a>\u00a0localizado\u00a0na comunidade da <a href=\"http:\/\/bit.ly\/110zVNZ\" target=\"_blank\" rel=\"noopener noreferrer\">Babil\u00f4nia<\/a> e <a href=\"http:\/\/bit.ly\/15YFPnL\" target=\"_blank\" rel=\"noopener noreferrer\">Chap\u00e9u Mangueira<\/a>, na <a href=\"http:\/\/bit.ly\/1mNsDyk\" target=\"_blank\" rel=\"noopener noreferrer\">Zona Sul<\/a> do Rio de Janeiro foi implementado em 2011 com um pequeno or\u00e7amento com o objetivo de ensinar moradores da regi\u00e3o a aproveitarem os alimentos em sua totalidade. Al\u00e9m de promover aulas com as diretrizes do consumo consciente, gastronomia alternativa, e compostagem caseira, o Favela Org\u00e2nica promove iniciativas de hortas caseiras nas favelas mostrando que todos somos capazes de produzir alimento, independentemente do espa\u00e7o que temos em casa. Basta conhecermos e respeitarmos a natureza e o seu ciclo. O projeto j\u00e1 levou suas oficinas para outros diferentes estados do\u00a0Brasil<\/p>\n<p><a href=\"http:\/\/rioonwatch.org.br\/wp-content\/uploads\/2017\/05\/mudinhas-1.jpg\"><img loading=\"lazy\" decoding=\"async\" class=\"alignright wp-image-25710\" title=\"Horta caseira vertical.\" src=\"http:\/\/rioonwatch.org.br\/wp-content\/uploads\/2017\/05\/mudinhas-1.jpg\" alt=\"\" width=\"300\" height=\"226\" srcset=\"https:\/\/rioonwatch.org.br\/wp-content\/uploads\/2017\/05\/mudinhas-1.jpg 598w, https:\/\/rioonwatch.org.br\/wp-content\/uploads\/2017\/05\/mudinhas-1-351x264.jpg 351w, https:\/\/rioonwatch.org.br\/wp-content\/uploads\/2017\/05\/mudinhas-1-174x131.jpg 174w, https:\/\/rioonwatch.org.br\/wp-content\/uploads\/2017\/05\/mudinhas-1-300x225.jpg 300w, https:\/\/rioonwatch.org.br\/wp-content\/uploads\/2017\/05\/mudinhas-1-70x53.jpg 70w\" sizes=\"(max-width: 300px) 100vw, 300px\" \/><\/a><\/p>\n<p>Hortas, quando a n\u00edvel comunit\u00e1rio, fortalecem\u00a0a <a href=\"http:\/\/bit.ly\/1DLIFlK\" target=\"_blank\" rel=\"noopener noreferrer\">solidariedade<\/a> e o senso de coletividade: crian\u00e7as e idosos podem participar igualmente de todo o processo, e assim aprender e poder ensinar aos demais sobre a import\u00e2ncia de conhecer e cultivar seu pr\u00f3prio alimento. Depois podem todos desfrutarem a colheita enquanto conhecem um pouco mais sobre a natureza, quais esp\u00e9cies s\u00e3o mais apropriadas em determinadas esta\u00e7\u00f5es do ano, al\u00e9m de quais promovem a sa\u00fade.<\/p>\n<p>H\u00e1 princ\u00edpios fortes implementados nas favelas, como destacados\u00a0no document\u00e1rio de 2012,\u00a0<a href=\"http:\/\/bit.ly\/FavelaModelo\" target=\"_blank\" rel=\"noopener noreferrer\">Favela como Modelo Sustent\u00e1vel<\/a>. Mas\u00a0muitos s\u00e3o ainda desconhecidos. Organiza\u00e7\u00f5es diretamente voltadas ao ensino de jardinagem e agricultura urbana ensinam t\u00e9cnicas, distribuem sementes e mudas, organizam <a href=\"http:\/\/bit.ly\/1thwVvp\" target=\"_blank\" rel=\"noopener noreferrer\">mutir\u00f5es<\/a> de plantio e palestras&#8211;pode-se buscar informa\u00e7\u00e3o em <a href=\"http:\/\/bit.ly\/2q1JpwT\" target=\"_blank\" rel=\"noopener noreferrer\">feiras org\u00e2nicas<\/a>\u00a0hoje em v\u00e1rios pontos da cidade.<\/p>\n<p><a href=\"http:\/\/rioonwatch.org.br\/wp-content\/uploads\/2017\/05\/favela3.jpg\"><img loading=\"lazy\" decoding=\"async\" class=\"aligncenter wp-image-25726 size-content\" title=\"Horta Carioca - Morro da Babil\u00f4nia (foto: Gui Mattoso)\" src=\"http:\/\/rioonwatch.org.br\/wp-content\/uploads\/2017\/05\/favela3-620x264.jpg\" alt=\"\" width=\"620\" height=\"264\" \/><\/a><\/p>\n<p>O projeto <a href=\"http:\/\/bit.ly\/2qXFIgz\" target=\"_blank\" rel=\"noopener noreferrer\">Hortas Cariocas<\/a>, criado pela Prefeitura do Rio de Janeiro, investe na agricultura urbana e j\u00e1 administra 30 hortas implementadas em \u00e1reas p\u00fablicas (sendo 17 em escolas) de v\u00e1rias favelas da capital fluminense. As planta\u00e7\u00f5es urbanas t\u00eam metade da produ\u00e7\u00e3o doada para as escolas do bairro e \u00e0s fam\u00edlias mais pobres, indicadas por\u00a0<a href=\"http:\/\/bit.ly\/1yiwr0i\" target=\"_blank\" rel=\"noopener noreferrer\">Associa\u00e7\u00f5es de\u00a0Moradores<\/a>. A outra parte pode ser comercializada pelas equipes e o lucro \u00e9 dividido entre os cuidadores, empregando inclusive ex-presidi\u00e1rios. A prefeitura fornece sementes, uniformes, equipamento de prote\u00e7\u00e3o individual, material para m\u00e3o de obra no cultivo, equipamentos e fertilizantes org\u00e2nicos. Cada colaborador e coordenador das Hortas Cariocas recebe uma mensalidade como respons\u00e1vel pelas atividades e fun\u00e7\u00f5es administrativas. A ambi\u00e7\u00e3o do projeto \u00e9 promover em m\u00e9dio prazo a emancipa\u00e7\u00e3o das hortas, quando as mesmas atingirem um n\u00edvel de produ\u00e7\u00e3o cujo lucro seja maior vendendo do que recebendo a bolsa da prefeitura.<\/p>\n<p>Em <a href=\"http:\/\/bit.ly\/ZC9b6z\" target=\"_blank\" rel=\"noopener noreferrer\">Manguinhos<\/a>, na <a href=\"http:\/\/bit.ly\/WximDf\" target=\"_blank\" rel=\"noopener noreferrer\">Zona Norte<\/a> da cidade do Rio de Janeiro foi <a href=\"http:\/\/glo.bo\/1cWf5qq\" target=\"_blank\" rel=\"noopener noreferrer\">realizada uma grande obra de infraestrutura<\/a> p\u00fablica destinada a abertura de ruas, coleta de lixo, servi\u00e7o de <a href=\"http:\/\/bit.ly\/1GyyKkX\" target=\"_blank\" rel=\"noopener noreferrer\">\u00e1gua<\/a> e <a href=\"http:\/\/bit.ly\/1TpORFB\" target=\"_blank\" rel=\"noopener noreferrer\">esgoto<\/a>. Neste processo foi removida uma camada de terra contaminada que era\u00a0preenchida com saibro, brita e p\u00f3 de pedra, usados para evitar mato e lama. Ao remover o material, foi levado a\u00a0terra, composto e mudas, e\u00a0um sistema de \u00e1gua e de drenagem foi montado. O local hoje abriga\u00a0a <a href=\"http:\/\/bit.ly\/1UsHXzu\" target=\"_blank\" rel=\"noopener noreferrer\">maior horta urbana comunit\u00e1ria da Am\u00e9rica Latina<\/a>.\u00a0O ambiente \u00e9 ocupado por mais de 300 canteiros, com 160 em produ\u00e7\u00e3o. Contam com a m\u00e3o de obra de 27 novos hortel\u00e3os. Todos aprenderam o of\u00edcio durante o projeto, ningu\u00e9m era do ramo.<\/p>\n","protected":false},"excerpt":{"rendered":"<div class=\"mh-excerpt\"><p>Click Here for English A maioria da popula\u00e7\u00e3o mundial atualmente reside em meio urbano. Como nos distanciamos da vida no campo, tamb\u00e9m perdemos contato direto com todo o processo da alimenta\u00e7\u00e3o, desde o plantio. As <a class=\"mh-excerpt-more\" href=\"https:\/\/rioonwatch.org.br\/?p=25654\" title=\"Agricultura Urbana e Periurbana e o Crescimento das Hortas Comunit\u00e1rias em Favelas do Rio\">[&#8230;]<\/a><\/p>\n<\/div>","protected":false},"author":185,"featured_media":25749,"comment_status":"closed","ping_status":"closed","sticky":false,"template":"","format":"standard","meta":{"_acf_changed":false,"_monsterinsights_skip_tracking":false,"_monsterinsights_sitenote_active":false,"_monsterinsights_sitenote_note":"","_monsterinsights_sitenote_category":0,"footnotes":""},"categories":[1621,1616,342,1639],"tags":[302,301,299,1235,630,1442,1147,1096,2126,1097,1443,360,636,106,708,276,41,1966,294,380,476,1441,820,218],"writer":[2128],"translator":[],"source":[],"ilustrador":[],"fotografo":[],"class_list":{"0":"post-25654","1":"post","2":"type-post","3":"status-publish","4":"format-standard","5":"has-post-thumbnail","7":"category-destaque","8":"category-qualidades-da-favela","9":"category-solucoes","10":"category-sustentabilidade","11":"tag-agricultura-urbana","12":"tag-agroecologia","13":"tag-alimentacao","14":"tag-biodiversidade","15":"tag-chapeu-mangueira","16":"tag-compostagem","17":"tag-espacos-verdes","18":"tag-favela-como-modelo-sustentavel","19":"tag-feira-organica","20":"tag-horta-comunitaria","21":"tag-laje","22":"tag-lixo","23":"tag-manguinhos","24":"tag-meio-ambiente","25":"tag-morro-da-babilonia","26":"tag-mutirao","27":"tag-organicos","28":"tag-resiliencia","29":"tag-saude","30":"tag-solidariedade","31":"tag-solucao-comunitaria","32":"tag-teto-verde","33":"tag-vale-encantado","34":"tag-zona-norte","35":"writer-juliana-torres"},"acf":[],"yoast_head":"<!-- This site is optimized with the Yoast SEO plugin v25.6 - https:\/\/yoast.com\/wordpress\/plugins\/seo\/ -->\n<title>Agricultura Urbana e Periurbana e o Crescimento das Hortas Comunit\u00e1rias em Favelas do Rio - RioOnWatch<\/title>\n<meta name=\"robots\" content=\"index, follow, max-snippet:-1, max-image-preview:large, max-video-preview:-1\" \/>\n<link rel=\"canonical\" href=\"https:\/\/rioonwatch.org.br\/?p=25654\" \/>\n<meta property=\"og:locale\" content=\"pt_BR\" \/>\n<meta property=\"og:type\" content=\"article\" \/>\n<meta property=\"og:title\" content=\"Agricultura Urbana e Periurbana e o Crescimento das Hortas Comunit\u00e1rias em Favelas do Rio - RioOnWatch\" \/>\n<meta property=\"og:description\" content=\"Click Here for English A maioria da popula\u00e7\u00e3o mundial atualmente reside em meio urbano. Como nos distanciamos da vida no campo, tamb\u00e9m perdemos contato direto com todo o processo da alimenta\u00e7\u00e3o, desde o plantio. As [...]\" \/>\n<meta property=\"og:url\" content=\"https:\/\/rioonwatch.org.br\/?p=25654\" \/>\n<meta property=\"og:site_name\" content=\"RioOnWatch\" \/>\n<meta property=\"article:published_time\" content=\"2017-05-26T11:00:56+00:00\" \/>\n<meta property=\"article:modified_time\" content=\"2022-03-09T14:11:13+00:00\" \/>\n<meta property=\"og:image\" content=\"https:\/\/rioonwatch.org.br\/wp-content\/uploads\/2017\/05\/1240108_368879419882507_438958139_n-e1495054643629.jpg\" \/>\n\t<meta property=\"og:image:width\" content=\"952\" \/>\n\t<meta property=\"og:image:height\" content=\"645\" \/>\n\t<meta property=\"og:image:type\" content=\"image\/jpeg\" \/>\n<meta name=\"author\" content=\"Ex Intern\" \/>\n<meta name=\"twitter:card\" content=\"summary_large_image\" \/>\n<meta name=\"twitter:label1\" content=\"Escrito por\" \/>\n\t<meta name=\"twitter:data1\" content=\"Ex Intern\" \/>\n\t<meta name=\"twitter:label2\" content=\"Est. tempo de leitura\" \/>\n\t<meta name=\"twitter:data2\" content=\"6 minutos\" \/>\n<script type=\"application\/ld+json\" class=\"yoast-schema-graph\">{\"@context\":\"https:\/\/schema.org\",\"@graph\":[{\"@type\":\"Article\",\"@id\":\"https:\/\/rioonwatch.org.br\/?p=25654#article\",\"isPartOf\":{\"@id\":\"https:\/\/rioonwatch.org.br\/?p=25654\"},\"author\":{\"name\":\"Ex Intern\",\"@id\":\"https:\/\/rioonwatch.org.br\/#\/schema\/person\/d9d9b44e2e2b3c7ece6b2117097ced03\"},\"headline\":\"Agricultura Urbana e Periurbana e o Crescimento das Hortas Comunit\u00e1rias em Favelas do Rio\",\"datePublished\":\"2017-05-26T11:00:56+00:00\",\"dateModified\":\"2022-03-09T14:11:13+00:00\",\"mainEntityOfPage\":{\"@id\":\"https:\/\/rioonwatch.org.br\/?p=25654\"},\"wordCount\":1121,\"publisher\":{\"@id\":\"https:\/\/rioonwatch.org.br\/#organization\"},\"image\":{\"@id\":\"https:\/\/rioonwatch.org.br\/?p=25654#primaryimage\"},\"thumbnailUrl\":\"https:\/\/rioonwatch.org.br\/wp-content\/uploads\/2017\/05\/1240108_368879419882507_438958139_n-e1495054643629.jpg\",\"keywords\":[\"agricultura urbana\",\"agroecologia\",\"alimenta\u00e7\u00e3o\",\"biodiversidade\",\"Chap\u00e9u Mangueira\",\"compostagem\",\"espa\u00e7os verdes\",\"Favela Como Modelo Sustent\u00e1vel\",\"feira org\u00e2nica\",\"horta comunit\u00e1ria\",\"laje\",\"lixo\",\"Manguinhos\",\"meio ambiente\",\"Morro da Babil\u00f4nia\",\"mutir\u00e3o\",\"org\u00e2nico\",\"resili\u00eancia\",\"sa\u00fade\",\"solidariedade\",\"solu\u00e7\u00e3o comunit\u00e1ria\",\"teto verde\",\"Vale Encantado\",\"Zona Norte\"],\"articleSection\":[\"*Destaque\",\"Qualidades da Favela\",\"Solu\u00e7\u00f5es\",\"Sustentabilidade\"],\"inLanguage\":\"pt-BR\"},{\"@type\":\"WebPage\",\"@id\":\"https:\/\/rioonwatch.org.br\/?p=25654\",\"url\":\"https:\/\/rioonwatch.org.br\/?p=25654\",\"name\":\"Agricultura Urbana e Periurbana e o Crescimento das Hortas Comunit\u00e1rias em Favelas do Rio - RioOnWatch\",\"isPartOf\":{\"@id\":\"https:\/\/rioonwatch.org.br\/#website\"},\"primaryImageOfPage\":{\"@id\":\"https:\/\/rioonwatch.org.br\/?p=25654#primaryimage\"},\"image\":{\"@id\":\"https:\/\/rioonwatch.org.br\/?p=25654#primaryimage\"},\"thumbnailUrl\":\"https:\/\/rioonwatch.org.br\/wp-content\/uploads\/2017\/05\/1240108_368879419882507_438958139_n-e1495054643629.jpg\",\"datePublished\":\"2017-05-26T11:00:56+00:00\",\"dateModified\":\"2022-03-09T14:11:13+00:00\",\"breadcrumb\":{\"@id\":\"https:\/\/rioonwatch.org.br\/?p=25654#breadcrumb\"},\"inLanguage\":\"pt-BR\",\"potentialAction\":[{\"@type\":\"ReadAction\",\"target\":[\"https:\/\/rioonwatch.org.br\/?p=25654\"]}]},{\"@type\":\"ImageObject\",\"inLanguage\":\"pt-BR\",\"@id\":\"https:\/\/rioonwatch.org.br\/?p=25654#primaryimage\",\"url\":\"https:\/\/rioonwatch.org.br\/wp-content\/uploads\/2017\/05\/1240108_368879419882507_438958139_n-e1495054643629.jpg\",\"contentUrl\":\"https:\/\/rioonwatch.org.br\/wp-content\/uploads\/2017\/05\/1240108_368879419882507_438958139_n-e1495054643629.jpg\",\"width\":952,\"height\":645,\"caption\":\"Horta Urbana Comunit\u00e1ria de Manguinhos, a maior da Am\u00e9rica Latina. Reprodu\u00e7\u00e3o\"},{\"@type\":\"BreadcrumbList\",\"@id\":\"https:\/\/rioonwatch.org.br\/?p=25654#breadcrumb\",\"itemListElement\":[{\"@type\":\"ListItem\",\"position\":1,\"name\":\"In\u00edcio\",\"item\":\"https:\/\/rioonwatch.org.br\/\"},{\"@type\":\"ListItem\",\"position\":2,\"name\":\"Agricultura Urbana e Periurbana e o Crescimento das Hortas Comunit\u00e1rias em Favelas do Rio\"}]},{\"@type\":\"WebSite\",\"@id\":\"https:\/\/rioonwatch.org.br\/#website\",\"url\":\"https:\/\/rioonwatch.org.br\/\",\"name\":\"RioOnWatch\",\"description\":\"relatos das favelas cariocas\",\"publisher\":{\"@id\":\"https:\/\/rioonwatch.org.br\/#organization\"},\"potentialAction\":[{\"@type\":\"SearchAction\",\"target\":{\"@type\":\"EntryPoint\",\"urlTemplate\":\"https:\/\/rioonwatch.org.br\/?s={search_term_string}\"},\"query-input\":{\"@type\":\"PropertyValueSpecification\",\"valueRequired\":true,\"valueName\":\"search_term_string\"}}],\"inLanguage\":\"pt-BR\"},{\"@type\":\"Organization\",\"@id\":\"https:\/\/rioonwatch.org.br\/#organization\",\"name\":\"RioOnWatch\",\"url\":\"https:\/\/rioonwatch.org.br\/\",\"logo\":{\"@type\":\"ImageObject\",\"inLanguage\":\"pt-BR\",\"@id\":\"https:\/\/rioonwatch.org.br\/#\/schema\/logo\/image\/\",\"url\":\"https:\/\/rioonwatch.org.br\/wp-content\/uploads\/2021\/06\/RioOnWatchcabecalhoPT11anos-2.png\",\"contentUrl\":\"https:\/\/rioonwatch.org.br\/wp-content\/uploads\/2021\/06\/RioOnWatchcabecalhoPT11anos-2.png\",\"width\":779,\"height\":277,\"caption\":\"RioOnWatch\"},\"image\":{\"@id\":\"https:\/\/rioonwatch.org.br\/#\/schema\/logo\/image\/\"}},{\"@type\":\"Person\",\"@id\":\"https:\/\/rioonwatch.org.br\/#\/schema\/person\/d9d9b44e2e2b3c7ece6b2117097ced03\",\"name\":\"Ex Intern\",\"image\":{\"@type\":\"ImageObject\",\"inLanguage\":\"pt-BR\",\"@id\":\"https:\/\/rioonwatch.org.br\/#\/schema\/person\/image\/\",\"url\":\"https:\/\/secure.gravatar.com\/avatar\/7bfc488c898c6fb478cd556f856fbbe0?s=96&d=blank&r=g\",\"contentUrl\":\"https:\/\/secure.gravatar.com\/avatar\/7bfc488c898c6fb478cd556f856fbbe0?s=96&d=blank&r=g\",\"caption\":\"Ex Intern\"},\"url\":\"https:\/\/rioonwatch.org.br\/?author=185\"}]}<\/script>\n<!-- \/ Yoast SEO plugin. -->","yoast_head_json":{"title":"Agricultura Urbana e Periurbana e o Crescimento das Hortas Comunit\u00e1rias em Favelas do Rio - RioOnWatch","robots":{"index":"index","follow":"follow","max-snippet":"max-snippet:-1","max-image-preview":"max-image-preview:large","max-video-preview":"max-video-preview:-1"},"canonical":"https:\/\/rioonwatch.org.br\/?p=25654","og_locale":"pt_BR","og_type":"article","og_title":"Agricultura Urbana e Periurbana e o Crescimento das Hortas Comunit\u00e1rias em Favelas do Rio - RioOnWatch","og_description":"Click Here for English A maioria da popula\u00e7\u00e3o mundial atualmente reside em meio urbano. Como nos distanciamos da vida no campo, tamb\u00e9m perdemos contato direto com todo o processo da alimenta\u00e7\u00e3o, desde o plantio. As [...]","og_url":"https:\/\/rioonwatch.org.br\/?p=25654","og_site_name":"RioOnWatch","article_published_time":"2017-05-26T11:00:56+00:00","article_modified_time":"2022-03-09T14:11:13+00:00","og_image":[{"width":952,"height":645,"url":"https:\/\/rioonwatch.org.br\/wp-content\/uploads\/2017\/05\/1240108_368879419882507_438958139_n-e1495054643629.jpg","type":"image\/jpeg"}],"author":"Ex Intern","twitter_card":"summary_large_image","twitter_misc":{"Escrito por":"Ex Intern","Est. tempo de leitura":"6 minutos"},"schema":{"@context":"https:\/\/schema.org","@graph":[{"@type":"Article","@id":"https:\/\/rioonwatch.org.br\/?p=25654#article","isPartOf":{"@id":"https:\/\/rioonwatch.org.br\/?p=25654"},"author":{"name":"Ex Intern","@id":"https:\/\/rioonwatch.org.br\/#\/schema\/person\/d9d9b44e2e2b3c7ece6b2117097ced03"},"headline":"Agricultura Urbana e Periurbana e o Crescimento das Hortas Comunit\u00e1rias em Favelas do Rio","datePublished":"2017-05-26T11:00:56+00:00","dateModified":"2022-03-09T14:11:13+00:00","mainEntityOfPage":{"@id":"https:\/\/rioonwatch.org.br\/?p=25654"},"wordCount":1121,"publisher":{"@id":"https:\/\/rioonwatch.org.br\/#organization"},"image":{"@id":"https:\/\/rioonwatch.org.br\/?p=25654#primaryimage"},"thumbnailUrl":"https:\/\/rioonwatch.org.br\/wp-content\/uploads\/2017\/05\/1240108_368879419882507_438958139_n-e1495054643629.jpg","keywords":["agricultura urbana","agroecologia","alimenta\u00e7\u00e3o","biodiversidade","Chap\u00e9u Mangueira","compostagem","espa\u00e7os verdes","Favela Como Modelo Sustent\u00e1vel","feira org\u00e2nica","horta comunit\u00e1ria","laje","lixo","Manguinhos","meio ambiente","Morro da Babil\u00f4nia","mutir\u00e3o","org\u00e2nico","resili\u00eancia","sa\u00fade","solidariedade","solu\u00e7\u00e3o comunit\u00e1ria","teto verde","Vale Encantado","Zona Norte"],"articleSection":["*Destaque","Qualidades da Favela","Solu\u00e7\u00f5es","Sustentabilidade"],"inLanguage":"pt-BR"},{"@type":"WebPage","@id":"https:\/\/rioonwatch.org.br\/?p=25654","url":"https:\/\/rioonwatch.org.br\/?p=25654","name":"Agricultura Urbana e Periurbana e o Crescimento das Hortas Comunit\u00e1rias em Favelas do Rio - RioOnWatch","isPartOf":{"@id":"https:\/\/rioonwatch.org.br\/#website"},"primaryImageOfPage":{"@id":"https:\/\/rioonwatch.org.br\/?p=25654#primaryimage"},"image":{"@id":"https:\/\/rioonwatch.org.br\/?p=25654#primaryimage"},"thumbnailUrl":"https:\/\/rioonwatch.org.br\/wp-content\/uploads\/2017\/05\/1240108_368879419882507_438958139_n-e1495054643629.jpg","datePublished":"2017-05-26T11:00:56+00:00","dateModified":"2022-03-09T14:11:13+00:00","breadcrumb":{"@id":"https:\/\/rioonwatch.org.br\/?p=25654#breadcrumb"},"inLanguage":"pt-BR","potentialAction":[{"@type":"ReadAction","target":["https:\/\/rioonwatch.org.br\/?p=25654"]}]},{"@type":"ImageObject","inLanguage":"pt-BR","@id":"https:\/\/rioonwatch.org.br\/?p=25654#primaryimage","url":"https:\/\/rioonwatch.org.br\/wp-content\/uploads\/2017\/05\/1240108_368879419882507_438958139_n-e1495054643629.jpg","contentUrl":"https:\/\/rioonwatch.org.br\/wp-content\/uploads\/2017\/05\/1240108_368879419882507_438958139_n-e1495054643629.jpg","width":952,"height":645,"caption":"Horta Urbana Comunit\u00e1ria de Manguinhos, a maior da Am\u00e9rica Latina. Reprodu\u00e7\u00e3o"},{"@type":"BreadcrumbList","@id":"https:\/\/rioonwatch.org.br\/?p=25654#breadcrumb","itemListElement":[{"@type":"ListItem","position":1,"name":"In\u00edcio","item":"https:\/\/rioonwatch.org.br\/"},{"@type":"ListItem","position":2,"name":"Agricultura Urbana e Periurbana e o Crescimento das Hortas Comunit\u00e1rias em Favelas do Rio"}]},{"@type":"WebSite","@id":"https:\/\/rioonwatch.org.br\/#website","url":"https:\/\/rioonwatch.org.br\/","name":"RioOnWatch","description":"relatos das favelas cariocas","publisher":{"@id":"https:\/\/rioonwatch.org.br\/#organization"},"potentialAction":[{"@type":"SearchAction","target":{"@type":"EntryPoint","urlTemplate":"https:\/\/rioonwatch.org.br\/?s={search_term_string}"},"query-input":{"@type":"PropertyValueSpecification","valueRequired":true,"valueName":"search_term_string"}}],"inLanguage":"pt-BR"},{"@type":"Organization","@id":"https:\/\/rioonwatch.org.br\/#organization","name":"RioOnWatch","url":"https:\/\/rioonwatch.org.br\/","logo":{"@type":"ImageObject","inLanguage":"pt-BR","@id":"https:\/\/rioonwatch.org.br\/#\/schema\/logo\/image\/","url":"https:\/\/rioonwatch.org.br\/wp-content\/uploads\/2021\/06\/RioOnWatchcabecalhoPT11anos-2.png","contentUrl":"https:\/\/rioonwatch.org.br\/wp-content\/uploads\/2021\/06\/RioOnWatchcabecalhoPT11anos-2.png","width":779,"height":277,"caption":"RioOnWatch"},"image":{"@id":"https:\/\/rioonwatch.org.br\/#\/schema\/logo\/image\/"}},{"@type":"Person","@id":"https:\/\/rioonwatch.org.br\/#\/schema\/person\/d9d9b44e2e2b3c7ece6b2117097ced03","name":"Ex Intern","image":{"@type":"ImageObject","inLanguage":"pt-BR","@id":"https:\/\/rioonwatch.org.br\/#\/schema\/person\/image\/","url":"https:\/\/secure.gravatar.com\/avatar\/7bfc488c898c6fb478cd556f856fbbe0?s=96&d=blank&r=g","contentUrl":"https:\/\/secure.gravatar.com\/avatar\/7bfc488c898c6fb478cd556f856fbbe0?s=96&d=blank&r=g","caption":"Ex Intern"},"url":"https:\/\/rioonwatch.org.br\/?author=185"}]}},"_links":{"self":[{"href":"https:\/\/rioonwatch.org.br\/index.php?rest_route=\/wp\/v2\/posts\/25654"}],"collection":[{"href":"https:\/\/rioonwatch.org.br\/index.php?rest_route=\/wp\/v2\/posts"}],"about":[{"href":"https:\/\/rioonwatch.org.br\/index.php?rest_route=\/wp\/v2\/types\/post"}],"author":[{"embeddable":true,"href":"https:\/\/rioonwatch.org.br\/index.php?rest_route=\/wp\/v2\/users\/185"}],"replies":[{"embeddable":true,"href":"https:\/\/rioonwatch.org.br\/index.php?rest_route=%2Fwp%2Fv2%2Fcomments&post=25654"}],"version-history":[{"count":27,"href":"https:\/\/rioonwatch.org.br\/index.php?rest_route=\/wp\/v2\/posts\/25654\/revisions"}],"predecessor-version":[{"id":26245,"href":"https:\/\/rioonwatch.org.br\/index.php?rest_route=\/wp\/v2\/posts\/25654\/revisions\/26245"}],"wp:featuredmedia":[{"embeddable":true,"href":"https:\/\/rioonwatch.org.br\/index.php?rest_route=\/wp\/v2\/media\/25749"}],"wp:attachment":[{"href":"https:\/\/rioonwatch.org.br\/index.php?rest_route=%2Fwp%2Fv2%2Fmedia&parent=25654"}],"wp:term":[{"taxonomy":"category","embeddable":true,"href":"https:\/\/rioonwatch.org.br\/index.php?rest_route=%2Fwp%2Fv2%2Fcategories&post=25654"},{"taxonomy":"post_tag","embeddable":true,"href":"https:\/\/rioonwatch.org.br\/index.php?rest_route=%2Fwp%2Fv2%2Ftags&post=25654"},{"taxonomy":"writer","embeddable":true,"href":"https:\/\/rioonwatch.org.br\/index.php?rest_route=%2Fwp%2Fv2%2Fwriter&post=25654"},{"taxonomy":"translator","embeddable":true,"href":"https:\/\/rioonwatch.org.br\/index.php?rest_route=%2Fwp%2Fv2%2Ftranslator&post=25654"},{"taxonomy":"source","embeddable":true,"href":"https:\/\/rioonwatch.org.br\/index.php?rest_route=%2Fwp%2Fv2%2Fsource&post=25654"},{"taxonomy":"ilustrador","embeddable":true,"href":"https:\/\/rioonwatch.org.br\/index.php?rest_route=%2Fwp%2Fv2%2Filustrador&post=25654"},{"taxonomy":"fotografo","embeddable":true,"href":"https:\/\/rioonwatch.org.br\/index.php?rest_route=%2Fwp%2Fv2%2Ffotografo&post=25654"}],"curies":[{"name":"wp","href":"https:\/\/api.w.org\/{rel}","templated":true}]}}