{"id":25664,"date":"2017-05-16T08:40:26","date_gmt":"2017-05-16T11:40:26","guid":{"rendered":"http:\/\/rioonwatch.org.br\/?p=25664"},"modified":"2024-06-20T15:55:41","modified_gmt":"2024-06-20T18:55:41","slug":"baixada-nunca-se-rende-coletivo-cultural-patrocinado-pela-onu-e-destaque-em-novo-documentario","status":"publish","type":"post","link":"https:\/\/rioonwatch.org.br\/?p=25664","title":{"rendered":"Baixada Nunca Se Rende: Coletivo Cultural \u00e9 Destaque em Novo Document\u00e1rio da ONU"},"content":{"rendered":"<p style=\"text-align: right;\"><em><strong><a href=\"http:\/\/bit.ly\/2qCZMVb\" target=\"_blank\" rel=\"noopener noreferrer\">Click Here for English<img decoding=\"async\" width=\"20\" height=\"20\" class=\"alignright wp-image-15790\" src=\"http:\/\/rioonwatch.org.br\/wp-content\/uploads\/2012\/08\/EN-standard-e1439583104716.jpg\" alt=\"\" \/><\/a><\/strong><\/em><\/p>\n<p><span style=\"font-weight: 400;\">No dia 9 de maio, jornalistas foram convidados para o pr\u00e9-lan\u00e7amento\u00a0do document\u00e1rio &#8220;A Baixada Nunca Se Rende&#8221;. O filme, dirigido pelo italiano\u00a0Christian Tragni e a brasileira Juliana Spinola, apresenta ao mundo o\u00a0<em><a href=\"http:\/\/bit.ly\/2q6krzC\" target=\"_blank\" rel=\"noopener noreferrer\">Baixada Nunca Se Rende<\/a>\u00a0<\/em>(ou BXD), que vem a ser o primeiro coletivo de artistas e m\u00fasicos da <a href=\"http:\/\/bit.ly\/1IgJzSA\" target=\"_blank\" rel=\"noopener noreferrer\">Baixada Fluminense<\/a>, patrocinado pelo Programa das Na\u00e7\u00f5es Unidas para o Desenvolvimento (PNUD)<\/span><span style=\"font-weight: 400;\">. Composta por produtores culturais de toda a Baixada Fluminense, o coletivo \u00e9 baseado em <\/span><a href=\"http:\/\/bit.ly\/1f29MNz\" target=\"_blank\" rel=\"noopener noreferrer\"><span style=\"font-weight: 400;\">Belford Roxo<\/span><\/a><span style=\"font-weight: 400;\"> e re\u00fane-se no <\/span><a href=\"http:\/\/bit.ly\/2pB7qKR\" target=\"_blank\" rel=\"noopener noreferrer\"><span style=\"font-weight: 400;\">Centro Cultural Donana<\/span><\/a><span style=\"font-weight: 400;\">, um importante local de express\u00e3o art\u00edstica na Baixada desde os anos 80.<\/span><\/p>\n<p><span style=\"font-weight: 400;\">A estreia p\u00fablica do filme\u00a0<\/span><a href=\"http:\/\/bit.ly\/2qXBtRX\" target=\"_blank\" rel=\"noopener noreferrer\"><span style=\"font-weight: 400;\">ser\u00e1 amanh\u00e3,\u00a0quarta-feira, 17 de maio<\/span><\/a><span style=\"font-weight: 400;\">, no Cine Odeon no Centro do Rio com apresenta\u00e7\u00f5es ao vivo dos membros da BXD.<\/span><\/p>\n<p><a href=\"http:\/\/rioonwatch.org.br\/wp-content\/uploads\/2017\/05\/18216642_547777718944800_6465255241650323788_o.jpg\"><img fetchpriority=\"high\" decoding=\"async\" class=\"aligncenter size-content wp-image-25671\" src=\"http:\/\/rioonwatch.org.br\/wp-content\/uploads\/2017\/05\/18216642_547777718944800_6465255241650323788_o-620x264.jpg\" alt=\"\" width=\"620\" height=\"264\" srcset=\"https:\/\/rioonwatch.org.br\/wp-content\/uploads\/2017\/05\/18216642_547777718944800_6465255241650323788_o-620x264.jpg 620w, https:\/\/rioonwatch.org.br\/wp-content\/uploads\/2017\/05\/18216642_547777718944800_6465255241650323788_o-940x400.jpg 940w\" sizes=\"(max-width: 620px) 100vw, 620px\" \/><\/a><\/p>\n<p><span style=\"font-weight: 400;\">Na <\/span><a href=\"http:\/\/bit.ly\/2q8ZOBm\" target=\"_blank\" rel=\"noopener noreferrer\"><span style=\"font-weight: 400;\">m\u00eddia local e internacional<\/span><\/a><span style=\"font-weight: 400;\">, a <\/span><a href=\"http:\/\/bit.ly\/NjmYR6\" target=\"_blank\" rel=\"noopener noreferrer\"><span style=\"font-weight: 400;\">Baixada Fluminense<\/span><\/a><span style=\"font-weight: 400;\"> tem sido <\/span><a href=\"http:\/\/bit.ly\/1IgJzSA\" target=\"_blank\" rel=\"noopener noreferrer\"><span style=\"font-weight: 400;\">sensacionalizada e estigmatizada<\/span><\/a><span style=\"font-weight: 400;\"> h\u00e1 muito tempo como uma regi\u00e3o dominada pela viol\u00eancia&#8211;<\/span><a href=\"http:\/\/bit.ly\/2pCFSFK\" target=\"_blank\" rel=\"noopener noreferrer\"><span style=\"font-weight: 400;\">Belford Roxo foi considerada pela ONU uma das cidades mais perigosas do mundo nos anos 80<\/span><\/a><span style=\"font-weight: 400;\">. Abrigando quase 4 milh\u00f5es de pessoas, os 13 munic\u00edpios da Baixada s\u00e3o uma parte integrante do passado, presente e futuro cultural, econ\u00f4mico e social da Regi\u00e3o Metropolitana do Rio. No entanto <\/span><a href=\"http:\/\/bit.ly\/2cKs4Ch\" target=\"_blank\" rel=\"noopener noreferrer\"><span style=\"font-weight: 400;\">as taxas de homic\u00eddio que em muito ultrapassam o pr\u00f3prio Rio<\/span><\/a><span style=\"font-weight: 400;\">&#8211;com uma popula\u00e7\u00e3o de 6 milh\u00f5es&#8211;juntamente com servi\u00e7os p\u00fablicos deficientes e formuladores de pol\u00edticas negligentes, deixaram os moradores em uma <\/span><a href=\"http:\/\/bit.ly\/2d5GaAt\" target=\"_blank\" rel=\"noopener noreferrer\"><span style=\"font-weight: 400;\">situa\u00e7\u00e3o prec\u00e1ria quanto aos seus\u00a0direitos humanos durante d\u00e9cadas<\/span><\/a><span style=\"font-weight: 400;\">. A parceria entre o PNUD, atrav\u00e9s do <\/span><a href=\"http:\/\/bit.ly\/2qm25v8\" target=\"_blank\" rel=\"noopener noreferrer\"><span style=\"font-weight: 400;\">Centro Rio+<\/span><\/a><span style=\"font-weight: 400;\">, almeja ressaltar o potencial cultural das periferias urbanas abordando as preocupa\u00e7\u00f5es mais graves dos moradores, incluindo a viol\u00eancia, o acesso aos servi\u00e7os p\u00fablicos como sa\u00fade e educa\u00e7\u00e3o, o investimento em programas culturais, oportunidades econ\u00f4micas locais e a transpar\u00eancia e presta\u00e7\u00e3o de contas do governo.<\/span><\/p>\n<p><span style=\"font-weight: 400;\">&#8220;S\u00e3o m\u00fasicas que denunciam ou que mostram alguns problemas que existem aqui&#8221;, explica o vocalista da banda Rota Spiral e professor de literatura da escola p\u00fablica, Renato Aranha, &#8220;mas que s\u00e3o comuns a qualquer lugar do mundo porque a periferia \u00e9 sempre uma periferia&#8221;.<\/span><\/p>\n<p><a href=\"http:\/\/rioonwatch.org.br\/wp-content\/uploads\/2017\/05\/BXD-event.jpg\"><img decoding=\"async\" class=\"aligncenter size-content wp-image-25672\" src=\"http:\/\/rioonwatch.org.br\/wp-content\/uploads\/2017\/05\/BXD-event-620x264.jpg\" alt=\"\" width=\"620\" height=\"264\" srcset=\"https:\/\/rioonwatch.org.br\/wp-content\/uploads\/2017\/05\/BXD-event-620x264.jpg 620w, https:\/\/rioonwatch.org.br\/wp-content\/uploads\/2017\/05\/BXD-event-940x400.jpg 940w\" sizes=\"(max-width: 620px) 100vw, 620px\" \/><\/a><\/p>\n<p><span style=\"font-weight: 400;\">A parceria ressalta o esp\u00edrito de &#8220;<a href=\"http:\/\/bit.ly\/2rkltpx\" target=\"_blank\" rel=\"noopener noreferrer\">n\u00e3o deixar ningu\u00e9m para tr\u00e1s<\/a>&#8221; dos\u00a0<\/span><a href=\"http:\/\/bit.ly\/2pEKejJ\" target=\"_blank\" rel=\"noopener noreferrer\"><span style=\"font-weight: 400;\">17 objetivos da Agenda 2030 para o Desenvolvimento Sustent\u00e1vel das Na\u00e7\u00f5es Unidas<\/span><\/a><span style=\"font-weight: 400;\">&#8211;a <a href=\"http:\/\/bit.ly\/2qXDPAe\" target=\"_blank\" rel=\"noopener noreferrer\">sucessora dos Objetivos de Desenvolvimento das Na\u00e7\u00f5es Unidas<\/a>\u00a0que foram acordadas por todos os 193 Estados Membros e entraram em vigor em 1 de janeiro de 2016&#8211;que almeja\u00a0<\/span><span style=\"font-weight: 400;\"><a href=\"http:\/\/bit.ly\/2qXsQ9G\" target=\"_blank\" rel=\"noopener noreferrer\">tornar o desenvolvimento sustent\u00e1vel uma realidade para todos independentemente da ra\u00e7a, religi\u00e3o, g\u00eanero ou localiza\u00e7\u00e3o<\/a>.<\/span><\/p>\n<p><span style=\"font-weight: 400;\">Layla Raad, Vice-Diretora do Centro Mundial Rio+ para Desenvolvimento Sustent\u00e1vel, cita o Rio como o ber\u00e7o da Agenda de 2030 para o Desenvolvimento Sustent\u00e1vel na sequ\u00eancia da Confer\u00eancia Rio+20 em 2012, e fala no filme sobre o orgulho que a ONU sente ao lan\u00e7ar uma iniciativa global na Baixada. A parceria com <em>Baixada Nunca Se Rende<\/em> \u00e9 um programa piloto que ser\u00e1 replicado nos escrit\u00f3rios do PNUD\u00a0em 166 pa\u00edses em desenvolvimento, com o objetivo de usar a m\u00fasica e a arte &#8220;para trabalhar mais estreitamente com os cidad\u00e3os dos sub\u00farbios na implementa\u00e7\u00e3o da agenda do desenvolvimento sustent\u00e1vel e para acionar maior presta\u00e7\u00e3o de contas e transpar\u00eancia do governo&#8221;.<\/span><\/p>\n<p><span style=\"font-weight: 400;\">Atrav\u00e9s da m\u00fasica, os artistas abordam as quest\u00f5es do <\/span><a href=\"http:\/\/bit.ly\/1KiFeTl\" target=\"_blank\" rel=\"noopener noreferrer\"><span style=\"font-weight: 400;\">racismo<\/span><\/a><span style=\"font-weight: 400;\">, <\/span><a href=\"http:\/\/bit.ly\/P4itK0\" target=\"_blank\" rel=\"noopener noreferrer\"><span style=\"font-weight: 400;\">da estigmatiza\u00e7\u00e3o<\/span><\/a><span style=\"font-weight: 400;\">, <\/span><a href=\"http:\/\/bit.ly\/1i0t9Hc\" target=\"_blank\" rel=\"noopener noreferrer\"><span style=\"font-weight: 400;\">da viol\u00eancia policial<\/span><\/a><span style=\"font-weight: 400;\">, <\/span><a href=\"http:\/\/bit.ly\/VxnHgj\" target=\"_blank\" rel=\"noopener noreferrer\"><span style=\"font-weight: 400;\">da conserva\u00e7\u00e3o ambiental<\/span><\/a><span style=\"font-weight: 400;\">, e o <a href=\"http:\/\/bit.ly\/1Uabnln\" target=\"_blank\" rel=\"noopener noreferrer\">papel das mulheres<\/a> para criar regi\u00f5es metropolitanas mais justas e sustent\u00e1veis.<\/span><\/p>\n<p><span style=\"font-weight: 400;\">Ao lhe perguntarem como era ver o filme pela primeira vez, Wallace Cruz, da <\/span><span style=\"font-weight: 400;\">banda baseada <\/span><span style=\"font-weight: 400;\">em <a href=\"http:\/\/bit.ly\/1K6OhGm\" target=\"_blank\" rel=\"noopener noreferrer\">Mesquita<\/a>,\u00a0<\/span><em><a href=\"http:\/\/bit.ly\/2r3RwtF\" target=\"_blank\" rel=\"noopener noreferrer\"><span style=\"font-weight: 400;\">Gente<\/span><\/a><\/em><span style=\"font-weight: 400;\">, cuja can\u00e7\u00e3o <\/span><em><a href=\"http:\/\/bit.ly\/2qvzVP8\" target=\"_blank\" rel=\"noopener noreferrer\"><span style=\"font-weight: 400;\">Rede<\/span><\/a><\/em><span style=\"font-weight: 400;\"> sobre viol\u00eancia policial aparece no filme, disse, &#8220;\u00e9 muito para processar, mas me sinto de certa forma representado&#8221;.<\/span><\/p>\n<h3>Assista o teaser aqui:<\/h3>\n<p><iframe src=\"https:\/\/www.youtube.com\/embed\/qR6EmWLL2OI\" width=\"620\" height=\"349\" frameborder=\"0\" allowfullscreen=\"allowfullscreen\"><\/iframe><\/p>\n<!-- AddThis Advanced Settings generic via filter on the_content --><!-- AddThis Share Buttons generic via filter on the_content -->","protected":false},"excerpt":{"rendered":"<div class=\"mh-excerpt\"><p>Click Here for English No dia 9 de maio, jornalistas foram convidados para o pr\u00e9-lan\u00e7amento\u00a0do document\u00e1rio &#8220;A Baixada Nunca Se Rende&#8221;. O filme, dirigido pelo italiano\u00a0Christian Tragni e a brasileira Juliana Spinola, apresenta ao mundo <a class=\"mh-excerpt-more\" href=\"https:\/\/rioonwatch.org.br\/?p=25664\" title=\"Baixada Nunca Se Rende: Coletivo Cultural \u00e9 Destaque em Novo Document\u00e1rio da ONU\">[&#8230;]<\/a><!-- AddThis Advanced Settings generic via filter on get_the_excerpt --><!-- AddThis Share Buttons generic via filter on get_the_excerpt --><\/p>\n<\/div>","protected":false},"author":129,"featured_media":25667,"comment_status":"closed","ping_status":"closed","sticky":false,"template":"","format":"standard","meta":{"_acf_changed":false,"_monsterinsights_skip_tracking":false,"_monsterinsights_sitenote_active":false,"_monsterinsights_sitenote_note":"","_monsterinsights_sitenote_category":0,"footnotes":""},"categories":[1627,1615,1626,1624,1612],"tags":[959,1579,81,421,88,1368,1586,2388,1722,2127,1412,3437,1109,404],"writer":[1577],"translator":[1875],"source":[],"ilustrador":[],"fotografo":[],"class_list":{"0":"post-25664","1":"post","2":"type-post","3":"status-publish","4":"format-standard","5":"has-post-thumbnail","7":"category-relato-de-evento","8":"category-cultura-da-favela","9":"category-por-observadores-internacionais","10":"category-resenha","11":"category-sociedade-civil","12":"tag-baixada-fluminense","13":"tag-belford-roxo","14":"tag-cultura","15":"tag-cultura-da-favela","16":"tag-direitos-humanos","17":"tag-filme","18":"tag-mesquita","19":"tag-objetivos-de-desenvolvimento-sustentavel","20":"tag-onu","21":"tag-pnud","22":"tag-producao-cultural","23":"tag-resenha-de-filme","24":"tag-sociedade-civil","25":"tag-sustentabilidade","26":"writer-stephanie-reist","27":"translator-marina-hennies"},"acf":[],"yoast_head":"<!-- This site is optimized with the Yoast SEO plugin v25.6 - https:\/\/yoast.com\/wordpress\/plugins\/seo\/ -->\n<title>Baixada Nunca Se Rende: Coletivo Cultural \u00e9 Destaque em Novo Document\u00e1rio da ONU - RioOnWatch<\/title>\n<meta name=\"robots\" content=\"index, follow, max-snippet:-1, max-image-preview:large, max-video-preview:-1\" \/>\n<link rel=\"canonical\" href=\"https:\/\/rioonwatch.org.br\/?p=25664\" \/>\n<meta property=\"og:locale\" content=\"pt_BR\" \/>\n<meta property=\"og:type\" content=\"article\" \/>\n<meta property=\"og:title\" content=\"Baixada Nunca Se Rende: Coletivo Cultural \u00e9 Destaque em Novo Document\u00e1rio da ONU - RioOnWatch\" \/>\n<meta property=\"og:description\" content=\"Click Here for English No dia 9 de maio, jornalistas foram convidados para o pr\u00e9-lan\u00e7amento\u00a0do document\u00e1rio &#8220;A Baixada Nunca Se Rende&#8221;. O filme, dirigido pelo italiano\u00a0Christian Tragni e a brasileira Juliana Spinola, apresenta ao mundo [...]\" \/>\n<meta property=\"og:url\" content=\"https:\/\/rioonwatch.org.br\/?p=25664\" \/>\n<meta property=\"og:site_name\" content=\"RioOnWatch\" \/>\n<meta property=\"article:published_time\" content=\"2017-05-16T11:40:26+00:00\" \/>\n<meta property=\"article:modified_time\" content=\"2024-06-20T18:55:41+00:00\" \/>\n<meta property=\"og:image\" content=\"https:\/\/rioonwatch.org.br\/wp-content\/uploads\/2017\/05\/Baixada-Nunca-Se-Rende.jpg\" \/>\n\t<meta property=\"og:image:width\" content=\"600\" \/>\n\t<meta property=\"og:image:height\" content=\"600\" \/>\n\t<meta property=\"og:image:type\" content=\"image\/jpeg\" \/>\n<meta name=\"author\" content=\"Admin\" \/>\n<meta name=\"twitter:card\" content=\"summary_large_image\" \/>\n<meta name=\"twitter:label1\" content=\"Escrito por\" \/>\n\t<meta name=\"twitter:data1\" content=\"Admin\" \/>\n\t<meta name=\"twitter:label2\" content=\"Est. tempo de leitura\" \/>\n\t<meta name=\"twitter:data2\" content=\"3 minutos\" \/>\n<script type=\"application\/ld+json\" class=\"yoast-schema-graph\">{\"@context\":\"https:\/\/schema.org\",\"@graph\":[{\"@type\":\"Article\",\"@id\":\"https:\/\/rioonwatch.org.br\/?p=25664#article\",\"isPartOf\":{\"@id\":\"https:\/\/rioonwatch.org.br\/?p=25664\"},\"author\":{\"name\":\"Admin\",\"@id\":\"https:\/\/rioonwatch.org.br\/#\/schema\/person\/11d64c290506f9df50c71b850c473f68\"},\"headline\":\"Baixada Nunca Se Rende: Coletivo Cultural \u00e9 Destaque em Novo Document\u00e1rio da ONU\",\"datePublished\":\"2017-05-16T11:40:26+00:00\",\"dateModified\":\"2024-06-20T18:55:41+00:00\",\"mainEntityOfPage\":{\"@id\":\"https:\/\/rioonwatch.org.br\/?p=25664\"},\"wordCount\":660,\"publisher\":{\"@id\":\"https:\/\/rioonwatch.org.br\/#organization\"},\"image\":{\"@id\":\"https:\/\/rioonwatch.org.br\/?p=25664#primaryimage\"},\"thumbnailUrl\":\"https:\/\/rioonwatch.org.br\/wp-content\/uploads\/2017\/05\/Baixada-Nunca-Se-Rende.jpg\",\"keywords\":[\"Baixada Fluminense\",\"Belford Roxo\",\"cultura\",\"cultura da favela\",\"Direitos Humanos\",\"filme\",\"Mesquita\",\"Objetivos de Desenvolvimento Sustent\u00e1vel\",\"ONU\",\"PNUD\",\"produ\u00e7\u00e3o cultural\",\"Resenha de filme\",\"sociedade civil\",\"sustentabilidade\"],\"articleSection\":[\"Cobertura de Eventos\",\"Cultura da Favela\",\"Escrito por Aliados\",\"Resenhas\",\"Sociedade Civil\"],\"inLanguage\":\"pt-BR\"},{\"@type\":\"WebPage\",\"@id\":\"https:\/\/rioonwatch.org.br\/?p=25664\",\"url\":\"https:\/\/rioonwatch.org.br\/?p=25664\",\"name\":\"Baixada Nunca Se Rende: Coletivo Cultural \u00e9 Destaque em Novo Document\u00e1rio da ONU - RioOnWatch\",\"isPartOf\":{\"@id\":\"https:\/\/rioonwatch.org.br\/#website\"},\"primaryImageOfPage\":{\"@id\":\"https:\/\/rioonwatch.org.br\/?p=25664#primaryimage\"},\"image\":{\"@id\":\"https:\/\/rioonwatch.org.br\/?p=25664#primaryimage\"},\"thumbnailUrl\":\"https:\/\/rioonwatch.org.br\/wp-content\/uploads\/2017\/05\/Baixada-Nunca-Se-Rende.jpg\",\"datePublished\":\"2017-05-16T11:40:26+00:00\",\"dateModified\":\"2024-06-20T18:55:41+00:00\",\"breadcrumb\":{\"@id\":\"https:\/\/rioonwatch.org.br\/?p=25664#breadcrumb\"},\"inLanguage\":\"pt-BR\",\"potentialAction\":[{\"@type\":\"ReadAction\",\"target\":[\"https:\/\/rioonwatch.org.br\/?p=25664\"]}]},{\"@type\":\"ImageObject\",\"inLanguage\":\"pt-BR\",\"@id\":\"https:\/\/rioonwatch.org.br\/?p=25664#primaryimage\",\"url\":\"https:\/\/rioonwatch.org.br\/wp-content\/uploads\/2017\/05\/Baixada-Nunca-Se-Rende.jpg\",\"contentUrl\":\"https:\/\/rioonwatch.org.br\/wp-content\/uploads\/2017\/05\/Baixada-Nunca-Se-Rende.jpg\",\"width\":600,\"height\":600},{\"@type\":\"BreadcrumbList\",\"@id\":\"https:\/\/rioonwatch.org.br\/?p=25664#breadcrumb\",\"itemListElement\":[{\"@type\":\"ListItem\",\"position\":1,\"name\":\"In\u00edcio\",\"item\":\"https:\/\/rioonwatch.org.br\/\"},{\"@type\":\"ListItem\",\"position\":2,\"name\":\"Baixada Nunca Se Rende: Coletivo Cultural \u00e9 Destaque em Novo Document\u00e1rio da ONU\"}]},{\"@type\":\"WebSite\",\"@id\":\"https:\/\/rioonwatch.org.br\/#website\",\"url\":\"https:\/\/rioonwatch.org.br\/\",\"name\":\"RioOnWatch\",\"description\":\"relatos das favelas cariocas\",\"publisher\":{\"@id\":\"https:\/\/rioonwatch.org.br\/#organization\"},\"potentialAction\":[{\"@type\":\"SearchAction\",\"target\":{\"@type\":\"EntryPoint\",\"urlTemplate\":\"https:\/\/rioonwatch.org.br\/?s={search_term_string}\"},\"query-input\":{\"@type\":\"PropertyValueSpecification\",\"valueRequired\":true,\"valueName\":\"search_term_string\"}}],\"inLanguage\":\"pt-BR\"},{\"@type\":\"Organization\",\"@id\":\"https:\/\/rioonwatch.org.br\/#organization\",\"name\":\"RioOnWatch\",\"url\":\"https:\/\/rioonwatch.org.br\/\",\"logo\":{\"@type\":\"ImageObject\",\"inLanguage\":\"pt-BR\",\"@id\":\"https:\/\/rioonwatch.org.br\/#\/schema\/logo\/image\/\",\"url\":\"https:\/\/rioonwatch.org.br\/wp-content\/uploads\/2021\/06\/RioOnWatchcabecalhoPT11anos-2.png\",\"contentUrl\":\"https:\/\/rioonwatch.org.br\/wp-content\/uploads\/2021\/06\/RioOnWatchcabecalhoPT11anos-2.png\",\"width\":779,\"height\":277,\"caption\":\"RioOnWatch\"},\"image\":{\"@id\":\"https:\/\/rioonwatch.org.br\/#\/schema\/logo\/image\/\"}},{\"@type\":\"Person\",\"@id\":\"https:\/\/rioonwatch.org.br\/#\/schema\/person\/11d64c290506f9df50c71b850c473f68\",\"name\":\"Admin\",\"image\":{\"@type\":\"ImageObject\",\"inLanguage\":\"pt-BR\",\"@id\":\"https:\/\/rioonwatch.org.br\/#\/schema\/person\/image\/\",\"url\":\"https:\/\/secure.gravatar.com\/avatar\/56211ac74568383903349a1485e3c325?s=96&d=blank&r=g\",\"contentUrl\":\"https:\/\/secure.gravatar.com\/avatar\/56211ac74568383903349a1485e3c325?s=96&d=blank&r=g\",\"caption\":\"Admin\"},\"url\":\"https:\/\/rioonwatch.org.br\/?author=129\"}]}<\/script>\n<!-- \/ Yoast SEO plugin. -->","yoast_head_json":{"title":"Baixada Nunca Se Rende: Coletivo Cultural \u00e9 Destaque em Novo Document\u00e1rio da ONU - RioOnWatch","robots":{"index":"index","follow":"follow","max-snippet":"max-snippet:-1","max-image-preview":"max-image-preview:large","max-video-preview":"max-video-preview:-1"},"canonical":"https:\/\/rioonwatch.org.br\/?p=25664","og_locale":"pt_BR","og_type":"article","og_title":"Baixada Nunca Se Rende: Coletivo Cultural \u00e9 Destaque em Novo Document\u00e1rio da ONU - RioOnWatch","og_description":"Click Here for English No dia 9 de maio, jornalistas foram convidados para o pr\u00e9-lan\u00e7amento\u00a0do document\u00e1rio &#8220;A Baixada Nunca Se Rende&#8221;. O filme, dirigido pelo italiano\u00a0Christian Tragni e a brasileira Juliana Spinola, apresenta ao mundo [...]","og_url":"https:\/\/rioonwatch.org.br\/?p=25664","og_site_name":"RioOnWatch","article_published_time":"2017-05-16T11:40:26+00:00","article_modified_time":"2024-06-20T18:55:41+00:00","og_image":[{"width":600,"height":600,"url":"https:\/\/rioonwatch.org.br\/wp-content\/uploads\/2017\/05\/Baixada-Nunca-Se-Rende.jpg","type":"image\/jpeg"}],"author":"Admin","twitter_card":"summary_large_image","twitter_misc":{"Escrito por":"Admin","Est. tempo de leitura":"3 minutos"},"schema":{"@context":"https:\/\/schema.org","@graph":[{"@type":"Article","@id":"https:\/\/rioonwatch.org.br\/?p=25664#article","isPartOf":{"@id":"https:\/\/rioonwatch.org.br\/?p=25664"},"author":{"name":"Admin","@id":"https:\/\/rioonwatch.org.br\/#\/schema\/person\/11d64c290506f9df50c71b850c473f68"},"headline":"Baixada Nunca Se Rende: Coletivo Cultural \u00e9 Destaque em Novo Document\u00e1rio da ONU","datePublished":"2017-05-16T11:40:26+00:00","dateModified":"2024-06-20T18:55:41+00:00","mainEntityOfPage":{"@id":"https:\/\/rioonwatch.org.br\/?p=25664"},"wordCount":660,"publisher":{"@id":"https:\/\/rioonwatch.org.br\/#organization"},"image":{"@id":"https:\/\/rioonwatch.org.br\/?p=25664#primaryimage"},"thumbnailUrl":"https:\/\/rioonwatch.org.br\/wp-content\/uploads\/2017\/05\/Baixada-Nunca-Se-Rende.jpg","keywords":["Baixada Fluminense","Belford Roxo","cultura","cultura da favela","Direitos Humanos","filme","Mesquita","Objetivos de Desenvolvimento Sustent\u00e1vel","ONU","PNUD","produ\u00e7\u00e3o cultural","Resenha de filme","sociedade civil","sustentabilidade"],"articleSection":["Cobertura de Eventos","Cultura da Favela","Escrito por Aliados","Resenhas","Sociedade Civil"],"inLanguage":"pt-BR"},{"@type":"WebPage","@id":"https:\/\/rioonwatch.org.br\/?p=25664","url":"https:\/\/rioonwatch.org.br\/?p=25664","name":"Baixada Nunca Se Rende: Coletivo Cultural \u00e9 Destaque em Novo Document\u00e1rio da ONU - RioOnWatch","isPartOf":{"@id":"https:\/\/rioonwatch.org.br\/#website"},"primaryImageOfPage":{"@id":"https:\/\/rioonwatch.org.br\/?p=25664#primaryimage"},"image":{"@id":"https:\/\/rioonwatch.org.br\/?p=25664#primaryimage"},"thumbnailUrl":"https:\/\/rioonwatch.org.br\/wp-content\/uploads\/2017\/05\/Baixada-Nunca-Se-Rende.jpg","datePublished":"2017-05-16T11:40:26+00:00","dateModified":"2024-06-20T18:55:41+00:00","breadcrumb":{"@id":"https:\/\/rioonwatch.org.br\/?p=25664#breadcrumb"},"inLanguage":"pt-BR","potentialAction":[{"@type":"ReadAction","target":["https:\/\/rioonwatch.org.br\/?p=25664"]}]},{"@type":"ImageObject","inLanguage":"pt-BR","@id":"https:\/\/rioonwatch.org.br\/?p=25664#primaryimage","url":"https:\/\/rioonwatch.org.br\/wp-content\/uploads\/2017\/05\/Baixada-Nunca-Se-Rende.jpg","contentUrl":"https:\/\/rioonwatch.org.br\/wp-content\/uploads\/2017\/05\/Baixada-Nunca-Se-Rende.jpg","width":600,"height":600},{"@type":"BreadcrumbList","@id":"https:\/\/rioonwatch.org.br\/?p=25664#breadcrumb","itemListElement":[{"@type":"ListItem","position":1,"name":"In\u00edcio","item":"https:\/\/rioonwatch.org.br\/"},{"@type":"ListItem","position":2,"name":"Baixada Nunca Se Rende: Coletivo Cultural \u00e9 Destaque em Novo Document\u00e1rio da ONU"}]},{"@type":"WebSite","@id":"https:\/\/rioonwatch.org.br\/#website","url":"https:\/\/rioonwatch.org.br\/","name":"RioOnWatch","description":"relatos das favelas cariocas","publisher":{"@id":"https:\/\/rioonwatch.org.br\/#organization"},"potentialAction":[{"@type":"SearchAction","target":{"@type":"EntryPoint","urlTemplate":"https:\/\/rioonwatch.org.br\/?s={search_term_string}"},"query-input":{"@type":"PropertyValueSpecification","valueRequired":true,"valueName":"search_term_string"}}],"inLanguage":"pt-BR"},{"@type":"Organization","@id":"https:\/\/rioonwatch.org.br\/#organization","name":"RioOnWatch","url":"https:\/\/rioonwatch.org.br\/","logo":{"@type":"ImageObject","inLanguage":"pt-BR","@id":"https:\/\/rioonwatch.org.br\/#\/schema\/logo\/image\/","url":"https:\/\/rioonwatch.org.br\/wp-content\/uploads\/2021\/06\/RioOnWatchcabecalhoPT11anos-2.png","contentUrl":"https:\/\/rioonwatch.org.br\/wp-content\/uploads\/2021\/06\/RioOnWatchcabecalhoPT11anos-2.png","width":779,"height":277,"caption":"RioOnWatch"},"image":{"@id":"https:\/\/rioonwatch.org.br\/#\/schema\/logo\/image\/"}},{"@type":"Person","@id":"https:\/\/rioonwatch.org.br\/#\/schema\/person\/11d64c290506f9df50c71b850c473f68","name":"Admin","image":{"@type":"ImageObject","inLanguage":"pt-BR","@id":"https:\/\/rioonwatch.org.br\/#\/schema\/person\/image\/","url":"https:\/\/secure.gravatar.com\/avatar\/56211ac74568383903349a1485e3c325?s=96&d=blank&r=g","contentUrl":"https:\/\/secure.gravatar.com\/avatar\/56211ac74568383903349a1485e3c325?s=96&d=blank&r=g","caption":"Admin"},"url":"https:\/\/rioonwatch.org.br\/?author=129"}]}},"_links":{"self":[{"href":"https:\/\/rioonwatch.org.br\/index.php?rest_route=\/wp\/v2\/posts\/25664"}],"collection":[{"href":"https:\/\/rioonwatch.org.br\/index.php?rest_route=\/wp\/v2\/posts"}],"about":[{"href":"https:\/\/rioonwatch.org.br\/index.php?rest_route=\/wp\/v2\/types\/post"}],"author":[{"embeddable":true,"href":"https:\/\/rioonwatch.org.br\/index.php?rest_route=\/wp\/v2\/users\/129"}],"replies":[{"embeddable":true,"href":"https:\/\/rioonwatch.org.br\/index.php?rest_route=%2Fwp%2Fv2%2Fcomments&post=25664"}],"version-history":[{"count":17,"href":"https:\/\/rioonwatch.org.br\/index.php?rest_route=\/wp\/v2\/posts\/25664\/revisions"}],"predecessor-version":[{"id":28050,"href":"https:\/\/rioonwatch.org.br\/index.php?rest_route=\/wp\/v2\/posts\/25664\/revisions\/28050"}],"wp:featuredmedia":[{"embeddable":true,"href":"https:\/\/rioonwatch.org.br\/index.php?rest_route=\/wp\/v2\/media\/25667"}],"wp:attachment":[{"href":"https:\/\/rioonwatch.org.br\/index.php?rest_route=%2Fwp%2Fv2%2Fmedia&parent=25664"}],"wp:term":[{"taxonomy":"category","embeddable":true,"href":"https:\/\/rioonwatch.org.br\/index.php?rest_route=%2Fwp%2Fv2%2Fcategories&post=25664"},{"taxonomy":"post_tag","embeddable":true,"href":"https:\/\/rioonwatch.org.br\/index.php?rest_route=%2Fwp%2Fv2%2Ftags&post=25664"},{"taxonomy":"writer","embeddable":true,"href":"https:\/\/rioonwatch.org.br\/index.php?rest_route=%2Fwp%2Fv2%2Fwriter&post=25664"},{"taxonomy":"translator","embeddable":true,"href":"https:\/\/rioonwatch.org.br\/index.php?rest_route=%2Fwp%2Fv2%2Ftranslator&post=25664"},{"taxonomy":"source","embeddable":true,"href":"https:\/\/rioonwatch.org.br\/index.php?rest_route=%2Fwp%2Fv2%2Fsource&post=25664"},{"taxonomy":"ilustrador","embeddable":true,"href":"https:\/\/rioonwatch.org.br\/index.php?rest_route=%2Fwp%2Fv2%2Filustrador&post=25664"},{"taxonomy":"fotografo","embeddable":true,"href":"https:\/\/rioonwatch.org.br\/index.php?rest_route=%2Fwp%2Fv2%2Ffotografo&post=25664"}],"curies":[{"name":"wp","href":"https:\/\/api.w.org\/{rel}","templated":true}]}}