{"id":25687,"date":"2017-06-25T11:31:55","date_gmt":"2017-06-25T14:31:55","guid":{"rendered":"http:\/\/rioonwatch.org.br\/?p=25687"},"modified":"2017-10-16T09:40:19","modified_gmt":"2017-10-16T12:40:19","slug":"conexao-maputo-rio-de-janeiro-parte-1-o-canico-encontra-a-favela","status":"publish","type":"post","link":"https:\/\/rioonwatch.org.br\/?p=25687","title":{"rendered":"Conex\u00e3o Maputo-Rio de Janeiro Parte 1: O Cani\u00e7o Encontra a Favela"},"content":{"rendered":"<p style=\"text-align: right;\"><em><strong><a href=\"http:\/\/bit.ly\/2ycjnie\" target=\"_blank\" rel=\"noopener noreferrer\">Click Here for English<img decoding=\"async\" width=\"20\" height=\"20\" class=\"alignright wp-image-15790\" src=\"http:\/\/rioonwatch.org.br\/wp-content\/uploads\/2012\/08\/EN-standard-e1439583104716.jpg\" alt=\"\" \/><\/a><\/strong><\/em><\/p>\n<p><em>Esta \u00e9 a primeira mat\u00e9ria de uma <a href=\"http:\/\/bit.ly\/2sYTUGm\" target=\"_blank\" rel=\"noopener noreferrer\">s\u00e9rie de tr\u00eas sobre conex\u00f5es entre as favelas cariocas e os cani\u00e7os maputenses<\/a>\u00a0que enfocam hist\u00f3ria, regulariza\u00e7\u00e3o e cultura.<\/em><\/p>\n<p><span style=\"font-weight: 400;\">Mais do que o portugu\u00eas como l\u00edngua oficial, Mo\u00e7ambique compartilha in\u00fameras semelhan\u00e7as com o Brasil. As mais evidentes, especialmente no contexto urbano da capital Maputo, s\u00e3o a paix\u00e3o pelas novelas da <a href=\"http:\/\/bit.ly\/2rbMCi4\" target=\"_blank\" rel=\"noopener noreferrer\">Globo<\/a> e da <a href=\"https:\/\/pt.wikipedia.org\/wiki\/Grupo_Record\" target=\"_blank\" rel=\"noopener noreferrer\">Record<\/a> e a permeabilidade das igrejas evang\u00e9licas (inclusive, as mesmas <a href=\"https:\/\/pt.wikipedia.org\/wiki\/Igreja_Universal_do_Reino_de_Deus\" target=\"_blank\" rel=\"noopener noreferrer\">Igreja Universal<\/a>, <a href=\"http:\/\/bit.ly\/CrivellaROW\" target=\"_blank\" rel=\"noopener noreferrer\">da qual o prefeito do Rio de Janeiro \u00e9 bispo<\/a>, e <a href=\"http:\/\/bit.ly\/2rmyrTE\" target=\"_blank\" rel=\"noopener noreferrer\">Assembleia de Deus<\/a> do Brasil). Mas os paralelos tamb\u00e9m se estendem para o desafio de regulamenta\u00e7\u00e3o territorial e o potencial criativo de suas comunidades.<\/span><\/p>\n<p><a href=\"http:\/\/rioonwatch.org.br\/wp-content\/uploads\/2017\/05\/Fila-10-mandamentos-Universal.jpg\"><img fetchpriority=\"high\" decoding=\"async\" class=\"aligncenter wp-image-25734 size-content\" title=\"Fila para compra de ingresso para o filme \u201cOs 10 Mandamentos\u201d, da Rede Record, em Mo\u00e7ambique conhecida como TV Miramar. Cr\u00e9ditos: Universal Mo\u00e7ambique.\" src=\"http:\/\/rioonwatch.org.br\/wp-content\/uploads\/2017\/05\/Fila-10-mandamentos-Universal-620x264.jpg\" alt=\"\" width=\"620\" height=\"264\" \/><\/a><\/p>\n<p><span style=\"font-weight: 400;\">Maputo, quando ainda era conhecida como Louren\u00e7o Marques na \u00e9poca da coloniza\u00e7\u00e3o portuguesa (que s\u00f3 acabou em 1975 com a declara\u00e7\u00e3o de independ\u00eancia), era dividida entre a &#8216;<\/span><span style=\"font-weight: 400;\">cidade cimento&#8217;<\/span><span style=\"font-weight: 400;\"> e &#8216;<\/span><span style=\"font-weight: 400;\">cidade cani\u00e7o&#8217;<\/span><span style=\"font-weight: 400;\">. A cidade cimento refletia o material utilizado nessa parte da cidade e fazia alus\u00e3o \u00e0 perman\u00eancia da cidade constru\u00edda para os colonos. Por sua vez, o cani\u00e7o, planta semelhante \u00e0 cana, fazia refer\u00eancia a um dos materiais utilizados nas casas do entorno da cidade em si, refor\u00e7ando a efemeridade de uma cidade constru\u00edda para ser removida a qualquer momento, de forma a permitir a expans\u00e3o da cidade de cimento. As comunidades urbanas perif\u00e9ricas j\u00e1 nasciam, portanto, em meio \u00e0 incerteza da perman\u00eancia e ao medo da <a href=\"http:\/\/bit.ly\/X51Qvb\" target=\"_blank\" rel=\"noopener noreferrer\">remo\u00e7\u00e3o<\/a>.<\/span><\/p>\n<p><span style=\"font-weight: 400;\">A circula\u00e7\u00e3o entre as duas partes da cidade era limitada: do cani\u00e7o para o cimento <a href=\"http:\/\/bit.ly\/1wt8EWG\" target=\"_blank\" rel=\"noopener noreferrer\">s\u00f3 poderiam passar<\/a> negros &#8220;assimilados&#8221;, aqueles considerados suficientemente civilizados e bem comportados para tal. Nos padr\u00f5es europeus, isso significava que s\u00f3 eram permitidos aqueles que <a href=\"http:\/\/bit.ly\/2rmPLZA\" target=\"_blank\" rel=\"noopener noreferrer\">falavam portugu\u00eas, que eram crist\u00e3os, de boa \u00edndole e que comiam e se vestiam\u00a0como portugueses<\/a><\/span><span style=\"font-weight: 400;\">. Aos negros considerados &#8220;ind\u00edgenas&#8221;, de menor instru\u00e7\u00e3o, s\u00f3 era permitido o acesso diante da apresenta\u00e7\u00e3o de documenta\u00e7\u00e3o carimbada pelo patr\u00e3o. Os brancos do cimento frequentavam os cani\u00e7os atr\u00e1s de neg\u00f3cios e, muitas vezes, de prost\u00edbulos. Tamb\u00e9m flu\u00edam para os cani\u00e7os migrantes advindos do campo ou de outras cidades\u00a0do pa\u00eds, muitas vezes de origens \u00e9tnicas e lingu\u00edsticas diferentes. Assim, os cani\u00e7os se constitu\u00edram, de maneira similar \u00e0s favelas, como o espa\u00e7o do encontro, da <a href=\"http:\/\/bit.ly\/2flSiMT\" target=\"_blank\" rel=\"noopener noreferrer\">diversidade<\/a>, da miscigena\u00e7\u00e3o, refletido nas suas intensas manifesta\u00e7\u00f5es culturais.<\/span><\/p>\n<p><span style=\"font-weight: 400;\">Embora j\u00e1 n\u00e3o exista essa distin\u00e7\u00e3o de material utilizado e a cidade tenha se expandido para al\u00e9m dos limites da cidade cani\u00e7o, essa dicotomia at\u00e9 hoje est\u00e1 presente no imagin\u00e1rio da popula\u00e7\u00e3o e nos nomes de bairros como Polana Cimento, um bairro de elite onde se encontra a maior parte da comunidade expatriada e escrit\u00f3rios do governo, e Polana Cani\u00e7o, um bairro de classe m\u00e9dia baixa, mas que vem sofrendo forte <a href=\"http:\/\/bit.ly\/11tBtBo\" target=\"_blank\" rel=\"noopener noreferrer\">valoriza\u00e7\u00e3o devido a novos empreendimentos imobili\u00e1rios<\/a>.<\/span><\/p>\n<p><a href=\"http:\/\/rioonwatch.org.br\/wp-content\/uploads\/2017\/05\/maputo-\u00e1ereo.jpg\"><img decoding=\"async\" class=\"aligncenter wp-image-25736 size-content\" title=\"Vista a\u00e9rea da cidade cimento. Foto: Pinterest.\" src=\"http:\/\/rioonwatch.org.br\/wp-content\/uploads\/2017\/05\/maputo-\u00e1ereo-620x264.jpg\" alt=\"\" width=\"620\" height=\"264\" srcset=\"https:\/\/rioonwatch.org.br\/wp-content\/uploads\/2017\/05\/maputo-\u00e1ereo-620x264.jpg 620w, https:\/\/rioonwatch.org.br\/wp-content\/uploads\/2017\/05\/maputo-\u00e1ereo-940x400.jpg 940w\" sizes=\"(max-width: 620px) 100vw, 620px\" \/><\/a><\/p>\n<p><span style=\"font-weight: 400;\">Essa cidade dividida lembra outra,\u00a0do outro lado do oceano: a <a href=\"http:\/\/bit.ly\/1Y4mr4h\" target=\"_blank\" rel=\"noopener noreferrer\">cidade partida<\/a> do Rio de Janeiro <a href=\"http:\/\/bit.ly\/1k9v77u\" target=\"_blank\" rel=\"noopener noreferrer\">do asfalto e da favela<\/a>. Embora n\u00e3o institucionalizadas na forma de exames que medissem as qualidades morais dos indiv\u00edduos, barreiras estruturais agiam e continuam agindo e constrangendo o acesso de\u00a0moradores de favela ao resto da cidade, permitido em geral apenas no hor\u00e1rio do expediente. A presen\u00e7a do morador de favela fora do espa\u00e7o da favela \u00e9 dificultada pelo pre\u00e7o do transporte, pelos olhares enviesados e pela <a href=\"http:\/\/bit.ly\/LHkZFh\" target=\"_blank\" rel=\"noopener noreferrer\">a\u00e7\u00e3o dos seguran\u00e7as de shoppings<\/a>, por exemplo.<\/span><\/p>\n<p><span style=\"font-weight: 400;\">Estima-se que <a href=\"http:\/\/bit.ly\/2rmPLZA\" target=\"_blank\" rel=\"noopener noreferrer\">80% da popula\u00e7\u00e3o maputense viva nos chamados assentamentos informais<\/a>, contra <a href=\"http:\/\/glo.bo\/2dpB44V\" target=\"_blank\" rel=\"noopener noreferrer\">23% da popula\u00e7\u00e3o carioca<\/a>. Em n\u00fameros absolutos, isso significa quase 1 milh\u00e3o de pessoas em Maputo, e cerca de 1,5 milh\u00e3o no Rio de Janeiro. Os desafios enfrentados pelas comunidades em Maputo adv\u00eam da falta de investimento p\u00fablico nessas densas \u00e1reas e incluem a\u00a0falta de vias de acesso e\u00a0de servi\u00e7os b\u00e1sicos, como coleta de lixo e sistema de <a href=\"http:\/\/bit.ly\/1TpORFB\" target=\"_blank\" rel=\"noopener noreferrer\">esgoto<\/a>, falta de um sistema de drenagem gerando frequentes inunda\u00e7\u00f5es, e <a href=\"http:\/\/bit.ly\/1V7tTwH\" target=\"_blank\" rel=\"noopener noreferrer\">fornecimento de \u00e1gua e energia fragilizado<\/a>.<\/span><\/p>\n<p><em>Esta \u00e9 a primeira mat\u00e9ria de uma <a href=\"http:\/\/bit.ly\/2sYTUGm\" target=\"_blank\" rel=\"noopener noreferrer\">s\u00e9rie de tr\u00eas sobre conex\u00f5es entre as favelas cariocas e os cani\u00e7os maputenses<\/a>\u00a0que enfocam hist\u00f3ria, regulariza\u00e7\u00e3o e cultura.<\/em><\/p>\n<!-- AddThis Advanced Settings generic via filter on the_content --><!-- AddThis Share Buttons generic via filter on the_content -->","protected":false},"excerpt":{"rendered":"<div class=\"mh-excerpt\"><p>Click Here for English Esta \u00e9 a primeira mat\u00e9ria de uma s\u00e9rie de tr\u00eas sobre conex\u00f5es entre as favelas cariocas e os cani\u00e7os maputenses\u00a0que enfocam hist\u00f3ria, regulariza\u00e7\u00e3o e cultura. Mais do que o portugu\u00eas como <a class=\"mh-excerpt-more\" href=\"https:\/\/rioonwatch.org.br\/?p=25687\" title=\"Conex\u00e3o Maputo-Rio de Janeiro Parte 1: O Cani\u00e7o Encontra a Favela\">[&#8230;]<\/a><!-- AddThis Advanced Settings generic via filter on get_the_excerpt --><!-- AddThis Share Buttons generic via filter on get_the_excerpt --><\/p>\n<\/div>","protected":false},"author":152,"featured_media":25741,"comment_status":"closed","ping_status":"closed","sticky":false,"template":"","format":"standard","meta":{"_acf_changed":false,"_monsterinsights_skip_tracking":false,"_monsterinsights_sitenote_active":false,"_monsterinsights_sitenote_note":"","_monsterinsights_sitenote_category":0,"footnotes":""},"categories":[1621,1632],"tags":[1006,759,656,413,396,128,330,246,2145,2040,839,936,125,2144,999,900],"writer":[1994],"translator":[],"source":[],"ilustrador":[],"fotografo":[],"class_list":{"0":"post-25687","1":"post","2":"type-post","3":"status-publish","4":"format-standard","5":"has-post-thumbnail","7":"category-destaque","8":"category-pesquisa-e-analise","9":"tag-asfalto-x-favela","10":"tag-comparacao-internacional","11":"tag-concessao-de-uso","12":"tag-desigualdade","13":"tag-especulacao-imobiliaria","14":"tag-historia","15":"tag-imigracao","16":"tag-minha-casa-minha-vida","17":"tag-mocambique","18":"tag-museu-das-remocoes","19":"tag-prioridades-publicas-equivocadas","20":"tag-raca","21":"tag-religiao","22":"tag-serie-maputo-rio","23":"tag-shopping","24":"tag-titulacao-de-terras","25":"writer-luisa-fenizola"},"acf":[],"yoast_head":"<!-- This site is optimized with the Yoast SEO plugin v25.6 - https:\/\/yoast.com\/wordpress\/plugins\/seo\/ -->\n<title>Conex\u00e3o Maputo-Rio de Janeiro Parte 1: O Cani\u00e7o Encontra a Favela - RioOnWatch<\/title>\n<meta name=\"robots\" content=\"index, follow, max-snippet:-1, max-image-preview:large, max-video-preview:-1\" \/>\n<link rel=\"canonical\" href=\"https:\/\/rioonwatch.org.br\/?p=25687\" \/>\n<meta property=\"og:locale\" content=\"pt_BR\" \/>\n<meta property=\"og:type\" content=\"article\" \/>\n<meta property=\"og:title\" content=\"Conex\u00e3o Maputo-Rio de Janeiro Parte 1: O Cani\u00e7o Encontra a Favela - RioOnWatch\" \/>\n<meta property=\"og:description\" content=\"Click Here for English Esta \u00e9 a primeira mat\u00e9ria de uma s\u00e9rie de tr\u00eas sobre conex\u00f5es entre as favelas cariocas e os cani\u00e7os maputenses\u00a0que enfocam hist\u00f3ria, regulariza\u00e7\u00e3o e cultura. Mais do que o portugu\u00eas como [...]\" \/>\n<meta property=\"og:url\" content=\"https:\/\/rioonwatch.org.br\/?p=25687\" \/>\n<meta property=\"og:site_name\" content=\"RioOnWatch\" \/>\n<meta property=\"article:published_time\" content=\"2017-06-25T14:31:55+00:00\" \/>\n<meta property=\"article:modified_time\" content=\"2017-10-16T12:40:19+00:00\" \/>\n<meta property=\"og:image\" content=\"https:\/\/rioonwatch.org.br\/wp-content\/uploads\/2017\/05\/Casa-de-cani\u00e7o-scaled.jpg\" \/>\n\t<meta property=\"og:image:width\" content=\"2560\" \/>\n\t<meta property=\"og:image:height\" content=\"1707\" \/>\n\t<meta property=\"og:image:type\" content=\"image\/jpeg\" \/>\n<meta name=\"author\" content=\"Luisa Fenizola\" \/>\n<meta name=\"twitter:card\" content=\"summary_large_image\" \/>\n<meta name=\"twitter:label1\" content=\"Escrito por\" \/>\n\t<meta name=\"twitter:data1\" content=\"Luisa Fenizola\" \/>\n\t<meta name=\"twitter:label2\" content=\"Est. tempo de leitura\" \/>\n\t<meta name=\"twitter:data2\" content=\"4 minutos\" \/>\n<script type=\"application\/ld+json\" class=\"yoast-schema-graph\">{\"@context\":\"https:\/\/schema.org\",\"@graph\":[{\"@type\":\"Article\",\"@id\":\"https:\/\/rioonwatch.org.br\/?p=25687#article\",\"isPartOf\":{\"@id\":\"https:\/\/rioonwatch.org.br\/?p=25687\"},\"author\":{\"name\":\"Luisa Fenizola\",\"@id\":\"https:\/\/rioonwatch.org.br\/#\/schema\/person\/f443c6b55bb6e80842280318076491c5\"},\"headline\":\"Conex\u00e3o Maputo-Rio de Janeiro Parte 1: O Cani\u00e7o Encontra a Favela\",\"datePublished\":\"2017-06-25T14:31:55+00:00\",\"dateModified\":\"2017-10-16T12:40:19+00:00\",\"mainEntityOfPage\":{\"@id\":\"https:\/\/rioonwatch.org.br\/?p=25687\"},\"wordCount\":747,\"publisher\":{\"@id\":\"https:\/\/rioonwatch.org.br\/#organization\"},\"image\":{\"@id\":\"https:\/\/rioonwatch.org.br\/?p=25687#primaryimage\"},\"thumbnailUrl\":\"https:\/\/rioonwatch.org.br\/wp-content\/uploads\/2017\/05\/Casa-de-cani\u00e7o-scaled.jpg\",\"keywords\":[\"asfalto x favela\",\"compara\u00e7\u00e3o internacional\",\"concess\u00e3o de uso\",\"desigualdade\",\"especula\u00e7\u00e3o imobili\u00e1ria\",\"hist\u00f3ria\",\"imigra\u00e7\u00e3o\",\"Minha Casa Minha Vida\",\"Mo\u00e7ambique\",\"Museu das Remo\u00e7\u00f5es\",\"prioridades p\u00fablicas equivocadas\",\"ra\u00e7a\",\"religi\u00e3o\",\"S\u00e9rie: Maputo-Rio\",\"shopping\",\"titula\u00e7\u00e3o de terras\"],\"articleSection\":[\"*Destaque\",\"Dados e Pesquisa\"],\"inLanguage\":\"pt-BR\"},{\"@type\":\"WebPage\",\"@id\":\"https:\/\/rioonwatch.org.br\/?p=25687\",\"url\":\"https:\/\/rioonwatch.org.br\/?p=25687\",\"name\":\"Conex\u00e3o Maputo-Rio de Janeiro Parte 1: O Cani\u00e7o Encontra a Favela - RioOnWatch\",\"isPartOf\":{\"@id\":\"https:\/\/rioonwatch.org.br\/#website\"},\"primaryImageOfPage\":{\"@id\":\"https:\/\/rioonwatch.org.br\/?p=25687#primaryimage\"},\"image\":{\"@id\":\"https:\/\/rioonwatch.org.br\/?p=25687#primaryimage\"},\"thumbnailUrl\":\"https:\/\/rioonwatch.org.br\/wp-content\/uploads\/2017\/05\/Casa-de-cani\u00e7o-scaled.jpg\",\"datePublished\":\"2017-06-25T14:31:55+00:00\",\"dateModified\":\"2017-10-16T12:40:19+00:00\",\"breadcrumb\":{\"@id\":\"https:\/\/rioonwatch.org.br\/?p=25687#breadcrumb\"},\"inLanguage\":\"pt-BR\",\"potentialAction\":[{\"@type\":\"ReadAction\",\"target\":[\"https:\/\/rioonwatch.org.br\/?p=25687\"]}]},{\"@type\":\"ImageObject\",\"inLanguage\":\"pt-BR\",\"@id\":\"https:\/\/rioonwatch.org.br\/?p=25687#primaryimage\",\"url\":\"https:\/\/rioonwatch.org.br\/wp-content\/uploads\/2017\/05\/Casa-de-cani\u00e7o-scaled.jpg\",\"contentUrl\":\"https:\/\/rioonwatch.org.br\/wp-content\/uploads\/2017\/05\/Casa-de-cani\u00e7o-scaled.jpg\",\"width\":2560,\"height\":1707},{\"@type\":\"BreadcrumbList\",\"@id\":\"https:\/\/rioonwatch.org.br\/?p=25687#breadcrumb\",\"itemListElement\":[{\"@type\":\"ListItem\",\"position\":1,\"name\":\"In\u00edcio\",\"item\":\"https:\/\/rioonwatch.org.br\/\"},{\"@type\":\"ListItem\",\"position\":2,\"name\":\"Conex\u00e3o Maputo-Rio de Janeiro Parte 1: O Cani\u00e7o Encontra a Favela\"}]},{\"@type\":\"WebSite\",\"@id\":\"https:\/\/rioonwatch.org.br\/#website\",\"url\":\"https:\/\/rioonwatch.org.br\/\",\"name\":\"RioOnWatch\",\"description\":\"relatos das favelas cariocas\",\"publisher\":{\"@id\":\"https:\/\/rioonwatch.org.br\/#organization\"},\"potentialAction\":[{\"@type\":\"SearchAction\",\"target\":{\"@type\":\"EntryPoint\",\"urlTemplate\":\"https:\/\/rioonwatch.org.br\/?s={search_term_string}\"},\"query-input\":{\"@type\":\"PropertyValueSpecification\",\"valueRequired\":true,\"valueName\":\"search_term_string\"}}],\"inLanguage\":\"pt-BR\"},{\"@type\":\"Organization\",\"@id\":\"https:\/\/rioonwatch.org.br\/#organization\",\"name\":\"RioOnWatch\",\"url\":\"https:\/\/rioonwatch.org.br\/\",\"logo\":{\"@type\":\"ImageObject\",\"inLanguage\":\"pt-BR\",\"@id\":\"https:\/\/rioonwatch.org.br\/#\/schema\/logo\/image\/\",\"url\":\"https:\/\/rioonwatch.org.br\/wp-content\/uploads\/2021\/06\/RioOnWatchcabecalhoPT11anos-2.png\",\"contentUrl\":\"https:\/\/rioonwatch.org.br\/wp-content\/uploads\/2021\/06\/RioOnWatchcabecalhoPT11anos-2.png\",\"width\":779,\"height\":277,\"caption\":\"RioOnWatch\"},\"image\":{\"@id\":\"https:\/\/rioonwatch.org.br\/#\/schema\/logo\/image\/\"}},{\"@type\":\"Person\",\"@id\":\"https:\/\/rioonwatch.org.br\/#\/schema\/person\/f443c6b55bb6e80842280318076491c5\",\"name\":\"Luisa Fenizola\",\"image\":{\"@type\":\"ImageObject\",\"inLanguage\":\"pt-BR\",\"@id\":\"https:\/\/rioonwatch.org.br\/#\/schema\/person\/image\/\",\"url\":\"https:\/\/secure.gravatar.com\/avatar\/a3d551110162b9f876cbbdaaecf75663?s=96&d=blank&r=g\",\"contentUrl\":\"https:\/\/secure.gravatar.com\/avatar\/a3d551110162b9f876cbbdaaecf75663?s=96&d=blank&r=g\",\"caption\":\"Luisa Fenizola\"},\"url\":\"https:\/\/rioonwatch.org.br\/?author=152\"}]}<\/script>\n<!-- \/ Yoast SEO plugin. -->","yoast_head_json":{"title":"Conex\u00e3o Maputo-Rio de Janeiro Parte 1: O Cani\u00e7o Encontra a Favela - RioOnWatch","robots":{"index":"index","follow":"follow","max-snippet":"max-snippet:-1","max-image-preview":"max-image-preview:large","max-video-preview":"max-video-preview:-1"},"canonical":"https:\/\/rioonwatch.org.br\/?p=25687","og_locale":"pt_BR","og_type":"article","og_title":"Conex\u00e3o Maputo-Rio de Janeiro Parte 1: O Cani\u00e7o Encontra a Favela - RioOnWatch","og_description":"Click Here for English Esta \u00e9 a primeira mat\u00e9ria de uma s\u00e9rie de tr\u00eas sobre conex\u00f5es entre as favelas cariocas e os cani\u00e7os maputenses\u00a0que enfocam hist\u00f3ria, regulariza\u00e7\u00e3o e cultura. Mais do que o portugu\u00eas como [...]","og_url":"https:\/\/rioonwatch.org.br\/?p=25687","og_site_name":"RioOnWatch","article_published_time":"2017-06-25T14:31:55+00:00","article_modified_time":"2017-10-16T12:40:19+00:00","og_image":[{"width":2560,"height":1707,"url":"https:\/\/rioonwatch.org.br\/wp-content\/uploads\/2017\/05\/Casa-de-cani\u00e7o-scaled.jpg","type":"image\/jpeg"}],"author":"Luisa Fenizola","twitter_card":"summary_large_image","twitter_misc":{"Escrito por":"Luisa Fenizola","Est. tempo de leitura":"4 minutos"},"schema":{"@context":"https:\/\/schema.org","@graph":[{"@type":"Article","@id":"https:\/\/rioonwatch.org.br\/?p=25687#article","isPartOf":{"@id":"https:\/\/rioonwatch.org.br\/?p=25687"},"author":{"name":"Luisa Fenizola","@id":"https:\/\/rioonwatch.org.br\/#\/schema\/person\/f443c6b55bb6e80842280318076491c5"},"headline":"Conex\u00e3o Maputo-Rio de Janeiro Parte 1: O Cani\u00e7o Encontra a Favela","datePublished":"2017-06-25T14:31:55+00:00","dateModified":"2017-10-16T12:40:19+00:00","mainEntityOfPage":{"@id":"https:\/\/rioonwatch.org.br\/?p=25687"},"wordCount":747,"publisher":{"@id":"https:\/\/rioonwatch.org.br\/#organization"},"image":{"@id":"https:\/\/rioonwatch.org.br\/?p=25687#primaryimage"},"thumbnailUrl":"https:\/\/rioonwatch.org.br\/wp-content\/uploads\/2017\/05\/Casa-de-cani\u00e7o-scaled.jpg","keywords":["asfalto x favela","compara\u00e7\u00e3o internacional","concess\u00e3o de uso","desigualdade","especula\u00e7\u00e3o imobili\u00e1ria","hist\u00f3ria","imigra\u00e7\u00e3o","Minha Casa Minha Vida","Mo\u00e7ambique","Museu das Remo\u00e7\u00f5es","prioridades p\u00fablicas equivocadas","ra\u00e7a","religi\u00e3o","S\u00e9rie: Maputo-Rio","shopping","titula\u00e7\u00e3o de terras"],"articleSection":["*Destaque","Dados e Pesquisa"],"inLanguage":"pt-BR"},{"@type":"WebPage","@id":"https:\/\/rioonwatch.org.br\/?p=25687","url":"https:\/\/rioonwatch.org.br\/?p=25687","name":"Conex\u00e3o Maputo-Rio de Janeiro Parte 1: O Cani\u00e7o Encontra a Favela - RioOnWatch","isPartOf":{"@id":"https:\/\/rioonwatch.org.br\/#website"},"primaryImageOfPage":{"@id":"https:\/\/rioonwatch.org.br\/?p=25687#primaryimage"},"image":{"@id":"https:\/\/rioonwatch.org.br\/?p=25687#primaryimage"},"thumbnailUrl":"https:\/\/rioonwatch.org.br\/wp-content\/uploads\/2017\/05\/Casa-de-cani\u00e7o-scaled.jpg","datePublished":"2017-06-25T14:31:55+00:00","dateModified":"2017-10-16T12:40:19+00:00","breadcrumb":{"@id":"https:\/\/rioonwatch.org.br\/?p=25687#breadcrumb"},"inLanguage":"pt-BR","potentialAction":[{"@type":"ReadAction","target":["https:\/\/rioonwatch.org.br\/?p=25687"]}]},{"@type":"ImageObject","inLanguage":"pt-BR","@id":"https:\/\/rioonwatch.org.br\/?p=25687#primaryimage","url":"https:\/\/rioonwatch.org.br\/wp-content\/uploads\/2017\/05\/Casa-de-cani\u00e7o-scaled.jpg","contentUrl":"https:\/\/rioonwatch.org.br\/wp-content\/uploads\/2017\/05\/Casa-de-cani\u00e7o-scaled.jpg","width":2560,"height":1707},{"@type":"BreadcrumbList","@id":"https:\/\/rioonwatch.org.br\/?p=25687#breadcrumb","itemListElement":[{"@type":"ListItem","position":1,"name":"In\u00edcio","item":"https:\/\/rioonwatch.org.br\/"},{"@type":"ListItem","position":2,"name":"Conex\u00e3o Maputo-Rio de Janeiro Parte 1: O Cani\u00e7o Encontra a Favela"}]},{"@type":"WebSite","@id":"https:\/\/rioonwatch.org.br\/#website","url":"https:\/\/rioonwatch.org.br\/","name":"RioOnWatch","description":"relatos das favelas cariocas","publisher":{"@id":"https:\/\/rioonwatch.org.br\/#organization"},"potentialAction":[{"@type":"SearchAction","target":{"@type":"EntryPoint","urlTemplate":"https:\/\/rioonwatch.org.br\/?s={search_term_string}"},"query-input":{"@type":"PropertyValueSpecification","valueRequired":true,"valueName":"search_term_string"}}],"inLanguage":"pt-BR"},{"@type":"Organization","@id":"https:\/\/rioonwatch.org.br\/#organization","name":"RioOnWatch","url":"https:\/\/rioonwatch.org.br\/","logo":{"@type":"ImageObject","inLanguage":"pt-BR","@id":"https:\/\/rioonwatch.org.br\/#\/schema\/logo\/image\/","url":"https:\/\/rioonwatch.org.br\/wp-content\/uploads\/2021\/06\/RioOnWatchcabecalhoPT11anos-2.png","contentUrl":"https:\/\/rioonwatch.org.br\/wp-content\/uploads\/2021\/06\/RioOnWatchcabecalhoPT11anos-2.png","width":779,"height":277,"caption":"RioOnWatch"},"image":{"@id":"https:\/\/rioonwatch.org.br\/#\/schema\/logo\/image\/"}},{"@type":"Person","@id":"https:\/\/rioonwatch.org.br\/#\/schema\/person\/f443c6b55bb6e80842280318076491c5","name":"Luisa Fenizola","image":{"@type":"ImageObject","inLanguage":"pt-BR","@id":"https:\/\/rioonwatch.org.br\/#\/schema\/person\/image\/","url":"https:\/\/secure.gravatar.com\/avatar\/a3d551110162b9f876cbbdaaecf75663?s=96&d=blank&r=g","contentUrl":"https:\/\/secure.gravatar.com\/avatar\/a3d551110162b9f876cbbdaaecf75663?s=96&d=blank&r=g","caption":"Luisa Fenizola"},"url":"https:\/\/rioonwatch.org.br\/?author=152"}]}},"_links":{"self":[{"href":"https:\/\/rioonwatch.org.br\/index.php?rest_route=\/wp\/v2\/posts\/25687"}],"collection":[{"href":"https:\/\/rioonwatch.org.br\/index.php?rest_route=\/wp\/v2\/posts"}],"about":[{"href":"https:\/\/rioonwatch.org.br\/index.php?rest_route=\/wp\/v2\/types\/post"}],"author":[{"embeddable":true,"href":"https:\/\/rioonwatch.org.br\/index.php?rest_route=\/wp\/v2\/users\/152"}],"replies":[{"embeddable":true,"href":"https:\/\/rioonwatch.org.br\/index.php?rest_route=%2Fwp%2Fv2%2Fcomments&post=25687"}],"version-history":[{"count":27,"href":"https:\/\/rioonwatch.org.br\/index.php?rest_route=\/wp\/v2\/posts\/25687\/revisions"}],"predecessor-version":[{"id":28934,"href":"https:\/\/rioonwatch.org.br\/index.php?rest_route=\/wp\/v2\/posts\/25687\/revisions\/28934"}],"wp:featuredmedia":[{"embeddable":true,"href":"https:\/\/rioonwatch.org.br\/index.php?rest_route=\/wp\/v2\/media\/25741"}],"wp:attachment":[{"href":"https:\/\/rioonwatch.org.br\/index.php?rest_route=%2Fwp%2Fv2%2Fmedia&parent=25687"}],"wp:term":[{"taxonomy":"category","embeddable":true,"href":"https:\/\/rioonwatch.org.br\/index.php?rest_route=%2Fwp%2Fv2%2Fcategories&post=25687"},{"taxonomy":"post_tag","embeddable":true,"href":"https:\/\/rioonwatch.org.br\/index.php?rest_route=%2Fwp%2Fv2%2Ftags&post=25687"},{"taxonomy":"writer","embeddable":true,"href":"https:\/\/rioonwatch.org.br\/index.php?rest_route=%2Fwp%2Fv2%2Fwriter&post=25687"},{"taxonomy":"translator","embeddable":true,"href":"https:\/\/rioonwatch.org.br\/index.php?rest_route=%2Fwp%2Fv2%2Ftranslator&post=25687"},{"taxonomy":"source","embeddable":true,"href":"https:\/\/rioonwatch.org.br\/index.php?rest_route=%2Fwp%2Fv2%2Fsource&post=25687"},{"taxonomy":"ilustrador","embeddable":true,"href":"https:\/\/rioonwatch.org.br\/index.php?rest_route=%2Fwp%2Fv2%2Filustrador&post=25687"},{"taxonomy":"fotografo","embeddable":true,"href":"https:\/\/rioonwatch.org.br\/index.php?rest_route=%2Fwp%2Fv2%2Ffotografo&post=25687"}],"curies":[{"name":"wp","href":"https:\/\/api.w.org\/{rel}","templated":true}]}}