{"id":25701,"date":"2017-05-17T08:55:19","date_gmt":"2017-05-17T11:55:19","guid":{"rendered":"http:\/\/rioonwatch.org.br\/?p=25701"},"modified":"2024-06-20T16:24:37","modified_gmt":"2024-06-20T19:24:37","slug":"o-maior-cemiterio-e-museu-de-escravos-do-mundo-batalha-para-continuar-a-dizer-o-indizivel-durante-a-semana-do-museu-de-2017","status":"publish","type":"post","link":"https:\/\/rioonwatch.org.br\/?p=25701","title":{"rendered":"Instituto Pretos Novos Batalha para Continuar &#8216;Dizendo o Indiz\u00edvel&#8217; Essa Semana do Museu"},"content":{"rendered":"<p style=\"text-align: right;\"><em><strong><a href=\"http:\/\/bit.ly\/2qnDUfw\" target=\"_blank\" rel=\"noopener noreferrer\">Click Here for English<img decoding=\"async\" width=\"20\" height=\"20\" class=\"alignright wp-image-15790\" src=\"http:\/\/rioonwatch.org.br\/wp-content\/uploads\/2012\/08\/EN-standard-e1439583104716.jpg\" alt=\"\" \/><\/a><\/strong><\/em><\/p>\n<p><span style=\"font-weight: 400;\">O <\/span><a href=\"http:\/\/bit.ly\/1DhHrsS\" target=\"_blank\" rel=\"noopener noreferrer\"><span style=\"font-weight: 400;\">Instituto Pretos Novos<\/span><\/a><span style=\"font-weight: 400;\"> ou <\/span><a href=\"http:\/\/bit.ly\/2ot23xl\" target=\"_blank\" rel=\"noopener noreferrer\"><span style=\"font-weight: 400;\">IPN<\/span><\/a><span style=\"font-weight: 400;\">, um museu na <\/span><a href=\"http:\/\/bit.ly\/1cVBDvL\" target=\"_blank\" rel=\"noopener noreferrer\"><span style=\"font-weight: 400;\">Regi\u00e3o Portu\u00e1ria<\/span><\/a><span style=\"font-weight: 400;\"> do Rio, que abriga o maior cemit\u00e9rio de escravos das Am\u00e9ricas e \u00e9 um dos principais locais que preservam o legado da cidade como o <\/span><a href=\"http:\/\/bit.ly\/1S9AAtc\" target=\"_blank\" rel=\"noopener noreferrer\"><span style=\"font-weight: 400;\">maior porto de escravos na hist\u00f3ria do mundo<\/span><\/a><span style=\"font-weight: 400;\">, vem <\/span><a href=\"http:\/\/bit.ly\/2nHyH12\"><span style=\"font-weight: 400;\">lutando pela sua sobreviv\u00eancia desde o in\u00edcio deste ano quando a Prefeitura do Rio cortou o financiamento do Instituto<\/span><\/a><span style=\"font-weight: 400;\">. Apesar deste desafio, o IPN continua recebendo visitantes e sediando programa\u00e7\u00f5es, e esta semana est\u00e1 participando da <\/span><a href=\"http:\/\/bit.ly\/2rlRH3D\" target=\"_blank\" rel=\"noopener noreferrer\"><span style=\"font-weight: 400;\">Semana Internacional do Museu<\/span><\/a><span style=\"font-weight: 400;\"> com cinco dias de eventos.<\/span><\/p>\n<p><span style=\"font-weight: 400;\">O IPN tem recebido financiamento da <\/span><a href=\"http:\/\/bit.ly\/1MLiE7L\" target=\"_blank\" rel=\"noopener noreferrer\"><span style=\"font-weight: 400;\">Companhia de Desenvolvimento Urbano da Regi\u00e3o Portu\u00e1ria<\/span> <\/a><span style=\"font-weight: 400;\">\u00a0(<\/span><a href=\"http:\/\/bit.ly\/2pM383x\"><span style=\"font-weight: 400;\">CDURP<\/span><\/a><span style=\"font-weight: 400;\">) como parte do <\/span><a href=\"http:\/\/bit.ly\/2roWPVH\" target=\"_blank\" rel=\"noopener noreferrer\"><span style=\"font-weight: 400;\">Circuito do Patrim\u00f4nio Africano<\/span><\/a><span style=\"font-weight: 400;\"> do Centro. Ap\u00f3s ser avisado no final de 2016 que o seu financiamento seria descontinuado, o IPN come\u00e7ou a procurar meios para obter financiamento de outras fontes. Em janeiro e fevereiro, o Instituto sediou cursos pagos sobre t\u00f3picos hist\u00f3ricos, e usou as taxas de inscri\u00e7\u00e3o para pagar as contas b\u00e1sicas. Um curso sobre a funda\u00e7\u00e3o da cidade sob a perspectiva preta, por exemplo, pagou os materiais de limpeza, enquanto um sobre a hist\u00f3ria afro-brasileira do carnaval financiou uma reforma no banheiro feminino do museu.<\/span><\/p>\n<p><a href=\"http:\/\/rioonwatch.org.br\/wp-content\/uploads\/2017\/05\/IPN-entrance.jpg\"><img fetchpriority=\"high\" decoding=\"async\" class=\"wp-image-25712 alignright\" src=\"http:\/\/rioonwatch.org.br\/wp-content\/uploads\/2017\/05\/IPN-entrance.jpg\" alt=\"\" width=\"233\" height=\"300\" srcset=\"https:\/\/rioonwatch.org.br\/wp-content\/uploads\/2017\/05\/IPN-entrance.jpg 609w, https:\/\/rioonwatch.org.br\/wp-content\/uploads\/2017\/05\/IPN-entrance-205x264.jpg 205w, https:\/\/rioonwatch.org.br\/wp-content\/uploads\/2017\/05\/IPN-entrance-482x620.jpg 482w\" sizes=\"(max-width: 233px) 100vw, 233px\" \/><\/a><\/p>\n<p><span style=\"font-weight: 400;\">Ap\u00f3s uma reuni\u00e3o com os representantes da prefeitura no dia 3 de mar\u00e7o, o IPN foi informado que teria que funcionar sem o financiamento do governo pelo menos at\u00e9 junho, quando h\u00e1 outra reuni\u00e3o agendada. O IPN protestou contra estas condi\u00e7\u00f5es, lan\u00e7ando a campanha <\/span><a href=\"http:\/\/bit.ly\/2nv0Fwd\" target=\"_blank\" rel=\"noopener noreferrer\"><span style=\"font-weight: 400;\">#IPNResiste<\/span><\/a><span style=\"font-weight: 400;\"> para chamar a aten\u00e7\u00e3o para a <\/span><a href=\"http:\/\/bit.ly\/1K8LVUg\" target=\"_blank\" rel=\"noopener noreferrer\"><span style=\"font-weight: 400;\">neglig\u00eancia do governo<\/span><\/a><span style=\"font-weight: 400;\">. A iniciativa gerou financiamento\u00a0de doadores individuais, mas por enquanto a prefeitura se recusa a mudar a sua posi\u00e7\u00e3o oficial quanto ao museu.<\/span><\/p>\n<p><span style=\"font-weight: 400;\">Os representantes do governo municipal apontam a crise econ\u00f4mica e pol\u00edtica atual no Brasil e as dificuldades p\u00f3s-Ol\u00edmpicas da Prefeitura do Rio como sendo o motivo para a falta de financiamento para o museu. Do ponto de vista do IPN, no entanto, &#8220;esta crise \u00e9 do governo, enquanto isso as pessoas precisam continuar a fazer as coisas como sempre fizeram&#8221;. Al\u00e9m de manter o espa\u00e7o f\u00edsico do museu, o IPN depende de financiamento para inaugurar novas exposi\u00e7\u00f5es e continuar sendo um recurso de primeira linha para pesquisadores de hist\u00f3ria.<\/span><\/p>\n<p><span style=\"font-weight: 400;\">Desde que o Rio obteve a candidatura das Olimp\u00edadas em 2010 e iniciou o projeto <\/span><a href=\"http:\/\/bit.ly\/UR7rn7\" target=\"_blank\" rel=\"noopener noreferrer\"><span style=\"font-weight: 400;\">Porto Maravilha<\/span><\/a><span style=\"font-weight: 400;\">, a Regi\u00e3o Portu\u00e1ria tornou-se uma <\/span><a href=\"http:\/\/bit.ly\/1RTBEUi\" target=\"_blank\" rel=\"noopener noreferrer\"><span style=\"font-weight: 400;\">\u00e1rea cada vez mais popular para a cria\u00e7\u00e3o de novos museus<\/span><\/a><span style=\"font-weight: 400;\">. O IPN espera ser um membro ativo desse circuito, respeitado e financiado pela prefeitura tanto quanto qualquer outro instituto. O governo municipal tem provido o IPN de algumas maneiras, estabelecendo o <\/span><a href=\"http:\/\/bit.ly\/2qhmVv8\" target=\"_blank\" rel=\"noopener noreferrer\"><span style=\"font-weight: 400;\">Circuito do Patrim\u00f4nio Africano<\/span><\/a><span style=\"font-weight: 400;\"> em 2011, uma a\u00e7\u00e3o que trouxe mais publicidade e financiamento ao museu. De outras maneiras, no entanto, <\/span><a href=\"http:\/\/bit.ly\/16bu0AT\" target=\"_blank\" rel=\"noopener noreferrer\"><span style=\"font-weight: 400;\">o IPN e locais como ele tem sido menosprezados<\/span><\/a><span style=\"font-weight: 400;\">. A prefeitura demonstrou prefer\u00eancia por projetos mais novos, como foi noticiado no in\u00edcio deste ano que <\/span><a href=\"http:\/\/bit.ly\/2q6wHhl\" target=\"_blank\" rel=\"noopener noreferrer\"><span style=\"font-weight: 400;\">mais de um milh\u00e3o de reais destinados aos projetos na favela Morro do Pinto foram realocados<\/span><\/a><span style=\"font-weight: 400;\"> para o <\/span><a href=\"http:\/\/bit.ly\/1RTBEUi\" target=\"_blank\" rel=\"noopener noreferrer\"><span style=\"font-weight: 400;\">Museu do Amanh\u00e3<\/span><\/a><span style=\"font-weight: 400;\">.<\/span><\/p>\n<p><span style=\"font-weight: 400;\">O IPN tamb\u00e9m encontrou um obst\u00e1culo legal para continuar em funcionamento, com uma lei obscura que impede o uso de financiamento externo para pagar contas como os custos de \u00e1gua e luz\u00a0do museu. A CDURP pagou estas despesas at\u00e9 o in\u00edcio deste ano, mas agora que n\u00e3o h\u00e1 mais financiamento, o IPN est\u00e1 enfrentando a perspectiva de ser incapaz de usar o dinheiro que recebe para aquilo que \u00e9 mais necess\u00e1rio. Em resposta a esta situa\u00e7\u00e3o cada vez mais insustent\u00e1vel, o IPN est\u00e1 considerando iniciar um &#8220;fechamento de protesto&#8221; simb\u00f3lico este m\u00eas, se estes problemas n\u00e3o forem resolvidos. Este ato de protesto significar\u00e1 que o <\/span><a href=\"http:\/\/bit.ly\/1UpPqNs\" target=\"_blank\" rel=\"noopener noreferrer\"><span style=\"font-weight: 400;\">IPN se encarregar\u00e1 do seu futuro da sua maneira<\/span><\/a><span style=\"font-weight: 400;\"> e chamar\u00e1 mais aten\u00e7\u00e3o para a luta cont\u00ednua. O trabalho do IPN tamb\u00e9m n\u00e3o ir\u00e1 parar durante este per\u00edodo de protesto: &#8220;Se as pessoas vierem, estaremos aqui&#8221;.<\/span><\/p>\n<p><span style=\"font-weight: 400;\">Uma parte do compromisso do IPN de continuar as suas atividades, t\u00e3o normalmente quanto poss\u00edvel, \u00e9 a sua participa\u00e7\u00e3o na <\/span><a href=\"http:\/\/bit.ly\/2pMeBzV\" target=\"_blank\" rel=\"noopener noreferrer\"><span style=\"font-weight: 400;\">edi\u00e7\u00e3o da Semana Internacional do Museu no Rio<\/span><\/a><span style=\"font-weight: 400;\">, que acontece esta semana. Na segunda-feira, 15 de maio e na ter\u00e7a-feira, 16 de maio, o IPN levou o seu trabalho para fora do museu, primeiro ao Centro Cultural do Banco do Brasil (CCBB) no Centro do Rio e depois para a cidade vizinha de Saquarema. Hoje,\u00a0quarta-feira, o museu sedia um semin\u00e1rio sobre arqueologia, museologia, e comunidade. Na quinta-feira, 18 de maio, a ex-<\/span><a href=\"http:\/\/bit.ly\/2pLhHFd\" target=\"_blank\" rel=\"noopener noreferrer\"><span style=\"font-weight: 400;\">professora da Universidade de Columbia Hebbe Mattos<\/span><\/a><span style=\"font-weight: 400;\"> dar\u00e1 uma palestra sobre repara\u00e7\u00f5es e a hist\u00f3ria dos direitos humanos dos pretos. Finalmente, na sexta-feira o IPN sediar\u00e1 um evento sobre a &#8220;<\/span><span style=\"font-weight: 400;\"><a href=\"http:\/\/bit.ly\/2gUSg3q\" target=\"_blank\" rel=\"noopener noreferrer\">patrimonializa\u00e7\u00e3o da dor, horror, e terror<\/a>&#8220;.<\/span><\/p>\n<p><a href=\"http:\/\/rioonwatch.org.br\/wp-content\/uploads\/2017\/05\/IPN-maus-tratos.jpg\"><img decoding=\"async\" class=\"aligncenter wp-image-25715 size-medium\" title=\"Devido aos maus cuidados, muitos homens, mulheres e crian\u00e7as morreram antes de serem vendidos no mercado de escravos do Rio. Estes corpos foram depositados em uma cova em massa, ou o Cemit\u00e9rio dos Pretos Novos.\" src=\"http:\/\/rioonwatch.org.br\/wp-content\/uploads\/2017\/05\/IPN-maus-tratos-620x372.jpg\" alt=\"\" width=\"620\" height=\"372\" srcset=\"https:\/\/rioonwatch.org.br\/wp-content\/uploads\/2017\/05\/IPN-maus-tratos-620x372.jpg 620w, https:\/\/rioonwatch.org.br\/wp-content\/uploads\/2017\/05\/IPN-maus-tratos-440x264.jpg 440w, https:\/\/rioonwatch.org.br\/wp-content\/uploads\/2017\/05\/IPN-maus-tratos-768x461.jpg 768w, https:\/\/rioonwatch.org.br\/wp-content\/uploads\/2017\/05\/IPN-maus-tratos.jpg 817w\" sizes=\"(max-width: 620px) 100vw, 620px\" \/><\/a><\/p>\n<p><span style=\"font-weight: 400;\">O tema deste ano para a Semana do Museu, <\/span><a href=\"http:\/\/bit.ly\/2r6OuIR\" target=\"_blank\" rel=\"noopener noreferrer\"><span style=\"font-weight: 400;\">dizer o indiz\u00edvel em museus<\/span><\/a><span style=\"font-weight: 400;\">, \u00e9 especialmente significativo para o IPN. Os africanos escravizados que foram enterrados em massa onde agora \u00e9 o local do museu tiveram as suas vozes caladas, assim como as suas vidas apagadas, pelos traficantes de escravos que os trouxeram ao Brasil. Em um sentido mais amplo, todos os africanos escravizados no Brasil, mesmo os que sobreviveram \u00e0 travessia do Atl\u00e2ntico, n\u00e3o tinham voz oficial at\u00e9 a aboli\u00e7\u00e3o da escravatura em 1888 (um evento cujo anivers\u00e1rio em 13 de maio cai um pouco antes da Semana do Museu). Mesmo hoje em dia, a hist\u00f3ria da escravid\u00e3o e a experi\u00eancia dos africanos e afrodescendentes no Brasil <\/span><a href=\"http:\/\/bit.ly\/1G0pp5a\" target=\"_blank\" rel=\"noopener noreferrer\"><span style=\"font-weight: 400;\">permanecem como t\u00f3picos raramente discutidos<\/span><\/a><span style=\"font-weight: 400;\">&#8211;at\u00e9 mesmo indiz\u00edveis, <\/span><a href=\"http:\/\/bit.ly\/1G0pp5a\" target=\"_blank\" rel=\"noopener noreferrer\"><span style=\"font-weight: 400;\">pelo menos n\u00e3o falados com a frequ\u00eancia necess\u00e1ria<\/span><\/a><span style=\"font-weight: 400;\">. O IPN existe, e lutar\u00e1 para continuar a existir, para corrigir este desequil\u00edbrio.<\/span><\/p>\n<p><span style=\"font-weight: 400;\">A Semana do Museu tamb\u00e9m representa uma oportunidade para &#8220;repensar o pr\u00f3prio IPN ap\u00f3s seus 21 anos de exist\u00eancia&#8221;.\u00a0<\/span><a href=\"http:\/\/bit.ly\/1UpPqNs\" target=\"_blank\" rel=\"noopener noreferrer\"><span style=\"font-weight: 400;\">Como o Instituto entra na sua terceira d\u00e9cada<\/span><\/a><span style=\"font-weight: 400;\">, ele continua determinado a manter-se constantemente atualizado e focado na sua miss\u00e3o de fornecer um servi\u00e7o hist\u00f3rico crucial aos cidad\u00e3os do Rio, do Brasil e do mundo. O quarto est\u00e1gio do processo de escava\u00e7\u00e3o em grande escala que vem acontecendo no local desde o seu descobrimento em 1996 est\u00e1 previsto a ser completado ainda este m\u00eas. A determina\u00e7\u00e3o do IPN e a dedica\u00e7\u00e3o dos seus diretores e muitos colaboradores asseguram a continuidade da atividade, mesmo em face de tantas incertezas.<\/span><\/p>\n<!-- AddThis Advanced Settings generic via filter on the_content --><!-- AddThis Share Buttons generic via filter on the_content -->","protected":false},"excerpt":{"rendered":"<div class=\"mh-excerpt\"><p>Click Here for English O Instituto Pretos Novos ou IPN, um museu na Regi\u00e3o Portu\u00e1ria do Rio, que abriga o maior cemit\u00e9rio de escravos das Am\u00e9ricas e \u00e9 um dos principais locais que preservam o <a class=\"mh-excerpt-more\" href=\"https:\/\/rioonwatch.org.br\/?p=25701\" title=\"Instituto Pretos Novos Batalha para Continuar &#8216;Dizendo o Indiz\u00edvel&#8217; Essa Semana do Museu\">[&#8230;]<\/a><!-- AddThis Advanced Settings generic via filter on get_the_excerpt --><!-- AddThis Share Buttons generic via filter on get_the_excerpt --><\/p>\n<\/div>","protected":false},"author":129,"featured_media":25703,"comment_status":"closed","ping_status":"closed","sticky":false,"template":"","format":"standard","meta":{"_acf_changed":false,"_monsterinsights_skip_tracking":false,"_monsterinsights_sitenote_active":false,"_monsterinsights_sitenote_note":"","_monsterinsights_sitenote_category":0,"footnotes":""},"categories":[1617,1621,1626,1612],"tags":[1568,1402,333,128,448,1240,1111,417,78,1194,936,494,432],"writer":[2109],"translator":[1875],"source":[],"ilustrador":[],"fotografo":[],"class_list":{"0":"post-25701","1":"post","2":"type-post","3":"status-publish","4":"format-standard","5":"has-post-thumbnail","7":"category-olhonagentrificacao","8":"category-destaque","9":"category-por-observadores-internacionais","10":"category-sociedade-civil","11":"tag-cdurp","12":"tag-circuito-da-heranca-africana","13":"tag-diaspora","14":"tag-historia","15":"tag-lideranca","16":"tag-megaeventos","17":"tag-museu","18":"tag-negligencia-do-estado","19":"tag-olimpiadas","20":"tag-pretos-novos","21":"tag-raca","22":"tag-regiao-do-porto","23":"tag-resistencia","24":"writer-claire-jones","25":"translator-marina-hennies"},"acf":[],"yoast_head":"<!-- This site is optimized with the Yoast SEO plugin v25.6 - https:\/\/yoast.com\/wordpress\/plugins\/seo\/ -->\n<title>Instituto Pretos Novos Batalha para Continuar &#039;Dizendo o Indiz\u00edvel&#039; Essa Semana do Museu - RioOnWatch<\/title>\n<meta name=\"robots\" content=\"index, follow, max-snippet:-1, max-image-preview:large, max-video-preview:-1\" \/>\n<link rel=\"canonical\" href=\"https:\/\/rioonwatch.org.br\/?p=25701\" \/>\n<meta property=\"og:locale\" content=\"pt_BR\" \/>\n<meta property=\"og:type\" content=\"article\" \/>\n<meta property=\"og:title\" content=\"Instituto Pretos Novos Batalha para Continuar &#039;Dizendo o Indiz\u00edvel&#039; Essa Semana do Museu - RioOnWatch\" \/>\n<meta property=\"og:description\" content=\"Click Here for English O Instituto Pretos Novos ou IPN, um museu na Regi\u00e3o Portu\u00e1ria do Rio, que abriga o maior cemit\u00e9rio de escravos das Am\u00e9ricas e \u00e9 um dos principais locais que preservam o [...]\" \/>\n<meta property=\"og:url\" content=\"https:\/\/rioonwatch.org.br\/?p=25701\" \/>\n<meta property=\"og:site_name\" content=\"RioOnWatch\" \/>\n<meta property=\"article:published_time\" content=\"2017-05-17T11:55:19+00:00\" \/>\n<meta property=\"article:modified_time\" content=\"2024-06-20T19:24:37+00:00\" \/>\n<meta property=\"og:image\" content=\"https:\/\/rioonwatch.org.br\/wp-content\/uploads\/2017\/05\/IPN.jpg\" \/>\n\t<meta property=\"og:image:width\" content=\"1000\" \/>\n\t<meta property=\"og:image:height\" content=\"666\" \/>\n\t<meta property=\"og:image:type\" content=\"image\/jpeg\" \/>\n<meta name=\"author\" content=\"Admin\" \/>\n<meta name=\"twitter:card\" content=\"summary_large_image\" \/>\n<meta name=\"twitter:label1\" content=\"Escrito por\" \/>\n\t<meta name=\"twitter:data1\" content=\"Admin\" \/>\n\t<meta name=\"twitter:label2\" content=\"Est. tempo de leitura\" \/>\n\t<meta name=\"twitter:data2\" content=\"5 minutos\" \/>\n<script type=\"application\/ld+json\" class=\"yoast-schema-graph\">{\"@context\":\"https:\/\/schema.org\",\"@graph\":[{\"@type\":\"Article\",\"@id\":\"https:\/\/rioonwatch.org.br\/?p=25701#article\",\"isPartOf\":{\"@id\":\"https:\/\/rioonwatch.org.br\/?p=25701\"},\"author\":{\"name\":\"Admin\",\"@id\":\"https:\/\/rioonwatch.org.br\/#\/schema\/person\/11d64c290506f9df50c71b850c473f68\"},\"headline\":\"Instituto Pretos Novos Batalha para Continuar &#8216;Dizendo o Indiz\u00edvel&#8217; Essa Semana do Museu\",\"datePublished\":\"2017-05-17T11:55:19+00:00\",\"dateModified\":\"2024-06-20T19:24:37+00:00\",\"mainEntityOfPage\":{\"@id\":\"https:\/\/rioonwatch.org.br\/?p=25701\"},\"wordCount\":1115,\"publisher\":{\"@id\":\"https:\/\/rioonwatch.org.br\/#organization\"},\"image\":{\"@id\":\"https:\/\/rioonwatch.org.br\/?p=25701#primaryimage\"},\"thumbnailUrl\":\"https:\/\/rioonwatch.org.br\/wp-content\/uploads\/2017\/05\/IPN.jpg\",\"keywords\":[\"CDURP\",\"Circuito da Heran\u00e7a Africana\",\"Di\u00e1spora Africana\",\"hist\u00f3ria\",\"lideran\u00e7a\",\"Megaeventos\",\"museu\",\"Neglig\u00eancia do Estado\",\"Olimp\u00edadas\",\"Pretos Novos\",\"ra\u00e7a\",\"Regi\u00e3o do Porto\",\"resist\u00eancia\"],\"articleSection\":[\"#OlhoNaGentrifica\u00e7\u00e3o\",\"*Destaque\",\"Escrito por Aliados\",\"Sociedade Civil\"],\"inLanguage\":\"pt-BR\"},{\"@type\":\"WebPage\",\"@id\":\"https:\/\/rioonwatch.org.br\/?p=25701\",\"url\":\"https:\/\/rioonwatch.org.br\/?p=25701\",\"name\":\"Instituto Pretos Novos Batalha para Continuar 'Dizendo o Indiz\u00edvel' Essa Semana do Museu - RioOnWatch\",\"isPartOf\":{\"@id\":\"https:\/\/rioonwatch.org.br\/#website\"},\"primaryImageOfPage\":{\"@id\":\"https:\/\/rioonwatch.org.br\/?p=25701#primaryimage\"},\"image\":{\"@id\":\"https:\/\/rioonwatch.org.br\/?p=25701#primaryimage\"},\"thumbnailUrl\":\"https:\/\/rioonwatch.org.br\/wp-content\/uploads\/2017\/05\/IPN.jpg\",\"datePublished\":\"2017-05-17T11:55:19+00:00\",\"dateModified\":\"2024-06-20T19:24:37+00:00\",\"breadcrumb\":{\"@id\":\"https:\/\/rioonwatch.org.br\/?p=25701#breadcrumb\"},\"inLanguage\":\"pt-BR\",\"potentialAction\":[{\"@type\":\"ReadAction\",\"target\":[\"https:\/\/rioonwatch.org.br\/?p=25701\"]}]},{\"@type\":\"ImageObject\",\"inLanguage\":\"pt-BR\",\"@id\":\"https:\/\/rioonwatch.org.br\/?p=25701#primaryimage\",\"url\":\"https:\/\/rioonwatch.org.br\/wp-content\/uploads\/2017\/05\/IPN.jpg\",\"contentUrl\":\"https:\/\/rioonwatch.org.br\/wp-content\/uploads\/2017\/05\/IPN.jpg\",\"width\":1000,\"height\":666},{\"@type\":\"BreadcrumbList\",\"@id\":\"https:\/\/rioonwatch.org.br\/?p=25701#breadcrumb\",\"itemListElement\":[{\"@type\":\"ListItem\",\"position\":1,\"name\":\"In\u00edcio\",\"item\":\"https:\/\/rioonwatch.org.br\/\"},{\"@type\":\"ListItem\",\"position\":2,\"name\":\"Instituto Pretos Novos Batalha para Continuar &#8216;Dizendo o Indiz\u00edvel&#8217; Essa Semana do Museu\"}]},{\"@type\":\"WebSite\",\"@id\":\"https:\/\/rioonwatch.org.br\/#website\",\"url\":\"https:\/\/rioonwatch.org.br\/\",\"name\":\"RioOnWatch\",\"description\":\"relatos das favelas cariocas\",\"publisher\":{\"@id\":\"https:\/\/rioonwatch.org.br\/#organization\"},\"potentialAction\":[{\"@type\":\"SearchAction\",\"target\":{\"@type\":\"EntryPoint\",\"urlTemplate\":\"https:\/\/rioonwatch.org.br\/?s={search_term_string}\"},\"query-input\":{\"@type\":\"PropertyValueSpecification\",\"valueRequired\":true,\"valueName\":\"search_term_string\"}}],\"inLanguage\":\"pt-BR\"},{\"@type\":\"Organization\",\"@id\":\"https:\/\/rioonwatch.org.br\/#organization\",\"name\":\"RioOnWatch\",\"url\":\"https:\/\/rioonwatch.org.br\/\",\"logo\":{\"@type\":\"ImageObject\",\"inLanguage\":\"pt-BR\",\"@id\":\"https:\/\/rioonwatch.org.br\/#\/schema\/logo\/image\/\",\"url\":\"https:\/\/rioonwatch.org.br\/wp-content\/uploads\/2021\/06\/RioOnWatchcabecalhoPT11anos-2.png\",\"contentUrl\":\"https:\/\/rioonwatch.org.br\/wp-content\/uploads\/2021\/06\/RioOnWatchcabecalhoPT11anos-2.png\",\"width\":779,\"height\":277,\"caption\":\"RioOnWatch\"},\"image\":{\"@id\":\"https:\/\/rioonwatch.org.br\/#\/schema\/logo\/image\/\"}},{\"@type\":\"Person\",\"@id\":\"https:\/\/rioonwatch.org.br\/#\/schema\/person\/11d64c290506f9df50c71b850c473f68\",\"name\":\"Admin\",\"image\":{\"@type\":\"ImageObject\",\"inLanguage\":\"pt-BR\",\"@id\":\"https:\/\/rioonwatch.org.br\/#\/schema\/person\/image\/\",\"url\":\"https:\/\/secure.gravatar.com\/avatar\/56211ac74568383903349a1485e3c325?s=96&d=blank&r=g\",\"contentUrl\":\"https:\/\/secure.gravatar.com\/avatar\/56211ac74568383903349a1485e3c325?s=96&d=blank&r=g\",\"caption\":\"Admin\"},\"url\":\"https:\/\/rioonwatch.org.br\/?author=129\"}]}<\/script>\n<!-- \/ Yoast SEO plugin. -->","yoast_head_json":{"title":"Instituto Pretos Novos Batalha para Continuar 'Dizendo o Indiz\u00edvel' Essa Semana do Museu - RioOnWatch","robots":{"index":"index","follow":"follow","max-snippet":"max-snippet:-1","max-image-preview":"max-image-preview:large","max-video-preview":"max-video-preview:-1"},"canonical":"https:\/\/rioonwatch.org.br\/?p=25701","og_locale":"pt_BR","og_type":"article","og_title":"Instituto Pretos Novos Batalha para Continuar 'Dizendo o Indiz\u00edvel' Essa Semana do Museu - RioOnWatch","og_description":"Click Here for English O Instituto Pretos Novos ou IPN, um museu na Regi\u00e3o Portu\u00e1ria do Rio, que abriga o maior cemit\u00e9rio de escravos das Am\u00e9ricas e \u00e9 um dos principais locais que preservam o [...]","og_url":"https:\/\/rioonwatch.org.br\/?p=25701","og_site_name":"RioOnWatch","article_published_time":"2017-05-17T11:55:19+00:00","article_modified_time":"2024-06-20T19:24:37+00:00","og_image":[{"width":1000,"height":666,"url":"https:\/\/rioonwatch.org.br\/wp-content\/uploads\/2017\/05\/IPN.jpg","type":"image\/jpeg"}],"author":"Admin","twitter_card":"summary_large_image","twitter_misc":{"Escrito por":"Admin","Est. tempo de leitura":"5 minutos"},"schema":{"@context":"https:\/\/schema.org","@graph":[{"@type":"Article","@id":"https:\/\/rioonwatch.org.br\/?p=25701#article","isPartOf":{"@id":"https:\/\/rioonwatch.org.br\/?p=25701"},"author":{"name":"Admin","@id":"https:\/\/rioonwatch.org.br\/#\/schema\/person\/11d64c290506f9df50c71b850c473f68"},"headline":"Instituto Pretos Novos Batalha para Continuar &#8216;Dizendo o Indiz\u00edvel&#8217; Essa Semana do Museu","datePublished":"2017-05-17T11:55:19+00:00","dateModified":"2024-06-20T19:24:37+00:00","mainEntityOfPage":{"@id":"https:\/\/rioonwatch.org.br\/?p=25701"},"wordCount":1115,"publisher":{"@id":"https:\/\/rioonwatch.org.br\/#organization"},"image":{"@id":"https:\/\/rioonwatch.org.br\/?p=25701#primaryimage"},"thumbnailUrl":"https:\/\/rioonwatch.org.br\/wp-content\/uploads\/2017\/05\/IPN.jpg","keywords":["CDURP","Circuito da Heran\u00e7a Africana","Di\u00e1spora Africana","hist\u00f3ria","lideran\u00e7a","Megaeventos","museu","Neglig\u00eancia do Estado","Olimp\u00edadas","Pretos Novos","ra\u00e7a","Regi\u00e3o do Porto","resist\u00eancia"],"articleSection":["#OlhoNaGentrifica\u00e7\u00e3o","*Destaque","Escrito por Aliados","Sociedade Civil"],"inLanguage":"pt-BR"},{"@type":"WebPage","@id":"https:\/\/rioonwatch.org.br\/?p=25701","url":"https:\/\/rioonwatch.org.br\/?p=25701","name":"Instituto Pretos Novos Batalha para Continuar 'Dizendo o Indiz\u00edvel' Essa Semana do Museu - RioOnWatch","isPartOf":{"@id":"https:\/\/rioonwatch.org.br\/#website"},"primaryImageOfPage":{"@id":"https:\/\/rioonwatch.org.br\/?p=25701#primaryimage"},"image":{"@id":"https:\/\/rioonwatch.org.br\/?p=25701#primaryimage"},"thumbnailUrl":"https:\/\/rioonwatch.org.br\/wp-content\/uploads\/2017\/05\/IPN.jpg","datePublished":"2017-05-17T11:55:19+00:00","dateModified":"2024-06-20T19:24:37+00:00","breadcrumb":{"@id":"https:\/\/rioonwatch.org.br\/?p=25701#breadcrumb"},"inLanguage":"pt-BR","potentialAction":[{"@type":"ReadAction","target":["https:\/\/rioonwatch.org.br\/?p=25701"]}]},{"@type":"ImageObject","inLanguage":"pt-BR","@id":"https:\/\/rioonwatch.org.br\/?p=25701#primaryimage","url":"https:\/\/rioonwatch.org.br\/wp-content\/uploads\/2017\/05\/IPN.jpg","contentUrl":"https:\/\/rioonwatch.org.br\/wp-content\/uploads\/2017\/05\/IPN.jpg","width":1000,"height":666},{"@type":"BreadcrumbList","@id":"https:\/\/rioonwatch.org.br\/?p=25701#breadcrumb","itemListElement":[{"@type":"ListItem","position":1,"name":"In\u00edcio","item":"https:\/\/rioonwatch.org.br\/"},{"@type":"ListItem","position":2,"name":"Instituto Pretos Novos Batalha para Continuar &#8216;Dizendo o Indiz\u00edvel&#8217; Essa Semana do Museu"}]},{"@type":"WebSite","@id":"https:\/\/rioonwatch.org.br\/#website","url":"https:\/\/rioonwatch.org.br\/","name":"RioOnWatch","description":"relatos das favelas cariocas","publisher":{"@id":"https:\/\/rioonwatch.org.br\/#organization"},"potentialAction":[{"@type":"SearchAction","target":{"@type":"EntryPoint","urlTemplate":"https:\/\/rioonwatch.org.br\/?s={search_term_string}"},"query-input":{"@type":"PropertyValueSpecification","valueRequired":true,"valueName":"search_term_string"}}],"inLanguage":"pt-BR"},{"@type":"Organization","@id":"https:\/\/rioonwatch.org.br\/#organization","name":"RioOnWatch","url":"https:\/\/rioonwatch.org.br\/","logo":{"@type":"ImageObject","inLanguage":"pt-BR","@id":"https:\/\/rioonwatch.org.br\/#\/schema\/logo\/image\/","url":"https:\/\/rioonwatch.org.br\/wp-content\/uploads\/2021\/06\/RioOnWatchcabecalhoPT11anos-2.png","contentUrl":"https:\/\/rioonwatch.org.br\/wp-content\/uploads\/2021\/06\/RioOnWatchcabecalhoPT11anos-2.png","width":779,"height":277,"caption":"RioOnWatch"},"image":{"@id":"https:\/\/rioonwatch.org.br\/#\/schema\/logo\/image\/"}},{"@type":"Person","@id":"https:\/\/rioonwatch.org.br\/#\/schema\/person\/11d64c290506f9df50c71b850c473f68","name":"Admin","image":{"@type":"ImageObject","inLanguage":"pt-BR","@id":"https:\/\/rioonwatch.org.br\/#\/schema\/person\/image\/","url":"https:\/\/secure.gravatar.com\/avatar\/56211ac74568383903349a1485e3c325?s=96&d=blank&r=g","contentUrl":"https:\/\/secure.gravatar.com\/avatar\/56211ac74568383903349a1485e3c325?s=96&d=blank&r=g","caption":"Admin"},"url":"https:\/\/rioonwatch.org.br\/?author=129"}]}},"_links":{"self":[{"href":"https:\/\/rioonwatch.org.br\/index.php?rest_route=\/wp\/v2\/posts\/25701"}],"collection":[{"href":"https:\/\/rioonwatch.org.br\/index.php?rest_route=\/wp\/v2\/posts"}],"about":[{"href":"https:\/\/rioonwatch.org.br\/index.php?rest_route=\/wp\/v2\/types\/post"}],"author":[{"embeddable":true,"href":"https:\/\/rioonwatch.org.br\/index.php?rest_route=\/wp\/v2\/users\/129"}],"replies":[{"embeddable":true,"href":"https:\/\/rioonwatch.org.br\/index.php?rest_route=%2Fwp%2Fv2%2Fcomments&post=25701"}],"version-history":[{"count":18,"href":"https:\/\/rioonwatch.org.br\/index.php?rest_route=\/wp\/v2\/posts\/25701\/revisions"}],"predecessor-version":[{"id":25839,"href":"https:\/\/rioonwatch.org.br\/index.php?rest_route=\/wp\/v2\/posts\/25701\/revisions\/25839"}],"wp:featuredmedia":[{"embeddable":true,"href":"https:\/\/rioonwatch.org.br\/index.php?rest_route=\/wp\/v2\/media\/25703"}],"wp:attachment":[{"href":"https:\/\/rioonwatch.org.br\/index.php?rest_route=%2Fwp%2Fv2%2Fmedia&parent=25701"}],"wp:term":[{"taxonomy":"category","embeddable":true,"href":"https:\/\/rioonwatch.org.br\/index.php?rest_route=%2Fwp%2Fv2%2Fcategories&post=25701"},{"taxonomy":"post_tag","embeddable":true,"href":"https:\/\/rioonwatch.org.br\/index.php?rest_route=%2Fwp%2Fv2%2Ftags&post=25701"},{"taxonomy":"writer","embeddable":true,"href":"https:\/\/rioonwatch.org.br\/index.php?rest_route=%2Fwp%2Fv2%2Fwriter&post=25701"},{"taxonomy":"translator","embeddable":true,"href":"https:\/\/rioonwatch.org.br\/index.php?rest_route=%2Fwp%2Fv2%2Ftranslator&post=25701"},{"taxonomy":"source","embeddable":true,"href":"https:\/\/rioonwatch.org.br\/index.php?rest_route=%2Fwp%2Fv2%2Fsource&post=25701"},{"taxonomy":"ilustrador","embeddable":true,"href":"https:\/\/rioonwatch.org.br\/index.php?rest_route=%2Fwp%2Fv2%2Filustrador&post=25701"},{"taxonomy":"fotografo","embeddable":true,"href":"https:\/\/rioonwatch.org.br\/index.php?rest_route=%2Fwp%2Fv2%2Ffotografo&post=25701"}],"curies":[{"name":"wp","href":"https:\/\/api.w.org\/{rel}","templated":true}]}}