{"id":25789,"date":"2017-05-24T09:35:15","date_gmt":"2017-05-24T12:35:15","guid":{"rendered":"http:\/\/rioonwatch.org.br\/?p=25789"},"modified":"2024-06-20T16:24:37","modified_gmt":"2024-06-20T19:24:37","slug":"museu-historico-nacional-recebe-acervo-documentando-a-resistencia-da-vila-autodromo-a-remocao-olimpica","status":"publish","type":"post","link":"https:\/\/rioonwatch.org.br\/?p=25789","title":{"rendered":"Museu Hist\u00f3rico Nacional Recebe Acervo Documentando Resist\u00eancia da Vila Aut\u00f3dromo"},"content":{"rendered":"<p style=\"text-align: right;\"><em><strong><a href=\"http:\/\/bit.ly\/2q9kk34\" target=\"_blank\" rel=\"noopener noreferrer\">Click Here for English<img decoding=\"async\" width=\"20\" height=\"20\" class=\"alignright wp-image-15790\" src=\"http:\/\/rioonwatch.org.br\/wp-content\/uploads\/2012\/08\/EN-standard-e1439583104716.jpg\" alt=\"\" \/><\/a><\/strong><\/em><\/p>\n<p>Emo\u00e7\u00e3o e empolga\u00e7\u00e3o preencheram o audit\u00f3rio Gilberto Gil no <a href=\"http:\/\/bit.ly\/2q6oUzH\" target=\"_blank\" rel=\"noopener noreferrer\">Museu Hist\u00f3rico Nacional do Rio<\/a> (MHN) no dia 18 de maio, Dia Internacional dos Museus, quando o <a href=\"http:\/\/bit.ly\/2r9oflm\" target=\"_blank\" rel=\"noopener noreferrer\">museu recebeu<\/a> o acervo da <a href=\"http:\/\/bit.ly\/Nfddvg\" target=\"_blank\" rel=\"noopener noreferrer\">Vila Aut\u00f3dromo<\/a> que <a href=\"http:\/\/bit.ly\/1rtuaxu\" target=\"_blank\" rel=\"noopener noreferrer\">documenta a hist\u00f3ria<\/a> da <a href=\"http:\/\/bit.ly\/2nTDJqX\" target=\"_blank\" rel=\"noopener noreferrer\">luta da comunidade contra a remo\u00e7\u00e3o<\/a>. A favela, localizada ao lado do <a href=\"http:\/\/bit.ly\/PkLXlQ\" target=\"_blank\" rel=\"noopener noreferrer\">Parque Ol\u00edmpico<\/a> do Rio, enfrentou enormes press\u00f5es para a remo\u00e7\u00e3o por parte da prefeitura, mas um pequeno grupo de fam\u00edlias conseguiu permanecer at\u00e9 o fim. Toda a comunidade&#8211;com exce\u00e7\u00e3o da Igreja Cat\u00f3lica e uma casa que continua lutando na justi\u00e7a&#8211;foi demolida, e apenas vinte fam\u00edlias conseguiram ficar em casas rec\u00e9m constru\u00eddas no local. A cerim\u00f4nia marcou um momento simb\u00f3lico na hist\u00f3ria do Brasil, onde, pela primeira vez, o MHN envolveu-se em um processo coletivo para criar um espa\u00e7o de a\u00e7\u00e3o e resist\u00eancia, al\u00e9m da tradicional exposi\u00e7\u00e3o do museu. Como afirmou a moradora e ativista <a href=\"http:\/\/bit.ly\/1pcDODu\" target=\"_blank\" rel=\"noopener noreferrer\">Maria da Penha<\/a>, &#8220;o acervo serve mais como uma ferramenta de resist\u00eancia do que simplesmente para preserva\u00e7\u00e3o de mem\u00f3ria&#8221;.<\/p>\n<p><a href=\"http:\/\/rioonwatch.org.br\/wp-content\/uploads\/2017\/05\/Celebrate-1.png\"><img fetchpriority=\"high\" decoding=\"async\" class=\"aligncenter wp-image-25792 size-medium\" title=\"Moradores do Vila Aut\u00f3dromo celebram a exposi\u00e7\u00e3o sobre a poderosa resist\u00eancia da comunidade.\" src=\"http:\/\/rioonwatch.org.br\/wp-content\/uploads\/2017\/05\/Celebrate-1-620x302.png\" alt=\"\" width=\"620\" height=\"302\" srcset=\"https:\/\/rioonwatch.org.br\/wp-content\/uploads\/2017\/05\/Celebrate-1-620x302.png 620w, https:\/\/rioonwatch.org.br\/wp-content\/uploads\/2017\/05\/Celebrate-1-541x264.png 541w, https:\/\/rioonwatch.org.br\/wp-content\/uploads\/2017\/05\/Celebrate-1-768x375.png 768w, https:\/\/rioonwatch.org.br\/wp-content\/uploads\/2017\/05\/Celebrate-1-1024x499.png 1024w, https:\/\/rioonwatch.org.br\/wp-content\/uploads\/2017\/05\/Celebrate-1.png 1749w\" sizes=\"(max-width: 620px) 100vw, 620px\" \/><\/a><\/p>\n<p>Membros do MHN e moradores da Vila Aut\u00f3dromo se reuniram v\u00e1rias vezes para discutir o acervo e quais pe\u00e7as deveriam ser exibidas e preservadas. Como disse o representante da MHN, &#8220;o objetivo vai al\u00e9m de levar um movimento social ao MHN, mas construir coletivamente o espa\u00e7o com a participa\u00e7\u00e3o do movimento da Vila Aut\u00f3dromo&#8221;. Esta nova forma participativa de museologia se concentra na resist\u00eancia e na a\u00e7\u00e3o e acrescenta ainda outro avan\u00e7o \u00e0\u00a0longa lista de impactos que v\u00eam da luta da Vila Aut\u00f3dromo. Para os moradores que tanto lutaram contra as <a href=\"http:\/\/bit.ly\/1ypI59S\" target=\"_blank\" rel=\"noopener noreferrer\">t\u00e1ticas perversas<\/a> de remo\u00e7\u00e3o da prefeitura, a presen\u00e7a do acervo no Museu Hist\u00f3rico Nacional \u00e9 um s\u00edmbolo de for\u00e7a e resist\u00eancia.<\/p>\n<p><a href=\"http:\/\/rioonwatch.org.br\/wp-content\/uploads\/2017\/05\/MHN-Vila-Autodromo2.jpg\"><img decoding=\"async\" class=\"aligncenter wp-image-25798 size-content\" title=\"Moradora e ativista Sandra Maria apresenta fotos da luta de Vila Aut\u00f3dromo contra a viol\u00eancia do Estado.\" src=\"http:\/\/rioonwatch.org.br\/wp-content\/uploads\/2017\/05\/MHN-Vila-Autodromo2-620x264.jpg\" alt=\"\" width=\"620\" height=\"264\" srcset=\"https:\/\/rioonwatch.org.br\/wp-content\/uploads\/2017\/05\/MHN-Vila-Autodromo2-620x264.jpg 620w, https:\/\/rioonwatch.org.br\/wp-content\/uploads\/2017\/05\/MHN-Vila-Autodromo2-940x400.jpg 940w\" sizes=\"(max-width: 620px) 100vw, 620px\" \/><\/a><\/p>\n<p>Junto com documentos e fotografias, os \u00faltimas restos da Vila Aut\u00f3dromo original foram doados ao museu. Estes materiais incluem, entre outros, uma grade de janela da casa antiga, de muitos anos, de Mainha, na Rua\u00a0Gilles Villeneuve, uma das \u00faltimas casas demolidas. Mainha j\u00e1 havia sido removida da favela Via Parque, na Barra da Tijuca, antes de se mudar para a Vila Aut\u00f3dromo. Pedras hexagonais, anteriormente parte da cal\u00e7ada da resid\u00eancia de Ad\u00e3o, morador da Vila h\u00e1 muitos anos, na estrada do Rio Beiro, cuja casa servia como um centro espiritual tamb\u00e9m foram apresentados, e mais uma bomba sapo pertencente a <a href=\"http:\/\/bit.ly\/1THCRjN\" target=\"_blank\" rel=\"noopener noreferrer\">Sandra Maria<\/a>, que era constantemente compartilhada entre os vizinhos como uma ferramenta de sustentabilidade para limpar o ambiente e trazer \u00e1gua pot\u00e1vel para a comunidade. Ao longo do processo de remo\u00e7\u00e3o, o ex-prefeito do Rio <a href=\"http:\/\/bit.ly\/1k4eA6c\" target=\"_blank\" rel=\"noopener noreferrer\">Eduardo Paes<\/a> acusou constantemente a Vila Aut\u00f3dromo de causar danos ambientais, quando de fato a comunidade participa de v\u00e1rios <a href=\"http:\/\/bit.ly\/1ccQTyp\" target=\"_blank\" rel=\"noopener noreferrer\">projetos<\/a> de\u00a0<a href=\"http:\/\/bit.ly\/25y5Vx4\" target=\"_blank\" rel=\"noopener noreferrer\">sustentabilidade<\/a> sem qualquer ajuda do Estado.<\/p>\n<p>Um dos itens mais simb\u00f3licos entregue ao MHN foi um tijolo encontrado nas ru\u00ednas ap\u00f3s a demoli\u00e7\u00e3o, e cujo propriet\u00e1rio \u00e9 an\u00f4nimo. Cerca de 700 fam\u00edlias foram removidas, e apenas 20 permaneceram, portanto muitas das ru\u00ednas tinham propriet\u00e1rios desconhecidos. Este tijolo &#8220;an\u00f4nimo&#8221; \u00e9 um s\u00edmbolo para todos aqueles &#8220;an\u00f4nimos&#8221; que <a href=\"http:\/\/bit.ly\/1Knx3UB\" target=\"_blank\" rel=\"noopener noreferrer\">foram removidos de dentro e de fora da Vila Aut\u00f3dromo<\/a>, e marca a import\u00e2ncia da luta que tantos moradores de favelas enfrentam.<\/p>\n<p><a href=\"http:\/\/rioonwatch.org.br\/wp-content\/uploads\/2017\/05\/MHN-Vila-Autodromo3.jpg\"><img loading=\"lazy\" decoding=\"async\" class=\"aligncenter wp-image-25801 size-medium\" title=\"Sandra Maria apresenta e compartilha hist\u00f3ria dos restos da demoli\u00e7\u00e3o.\" src=\"http:\/\/rioonwatch.org.br\/wp-content\/uploads\/2017\/05\/MHN-Vila-Autodromo3-620x465.jpg\" alt=\"\" width=\"620\" height=\"465\" srcset=\"https:\/\/rioonwatch.org.br\/wp-content\/uploads\/2017\/05\/MHN-Vila-Autodromo3-620x465.jpg 620w, https:\/\/rioonwatch.org.br\/wp-content\/uploads\/2017\/05\/MHN-Vila-Autodromo3-352x264.jpg 352w, https:\/\/rioonwatch.org.br\/wp-content\/uploads\/2017\/05\/MHN-Vila-Autodromo3-768x576.jpg 768w, https:\/\/rioonwatch.org.br\/wp-content\/uploads\/2017\/05\/MHN-Vila-Autodromo3-1024x768.jpg 1024w, https:\/\/rioonwatch.org.br\/wp-content\/uploads\/2017\/05\/MHN-Vila-Autodromo3-174x131.jpg 174w, https:\/\/rioonwatch.org.br\/wp-content\/uploads\/2017\/05\/MHN-Vila-Autodromo3-300x225.jpg 300w, https:\/\/rioonwatch.org.br\/wp-content\/uploads\/2017\/05\/MHN-Vila-Autodromo3-70x53.jpg 70w, https:\/\/rioonwatch.org.br\/wp-content\/uploads\/2017\/05\/MHN-Vila-Autodromo3.jpg 1440w\" sizes=\"(max-width: 620px) 100vw, 620px\" \/><\/a><\/p>\n<p>Para completar o motivo de celebra\u00e7\u00e3o, o dia 18 de maio tamb\u00e9m marcou o anivers\u00e1rio de um ano da funda\u00e7\u00e3o do <a href=\"http:\/\/bit.ly\/1NLYyxD\" target=\"_blank\" rel=\"noopener noreferrer\">Museu das Remo\u00e7\u00f5es<\/a>, um museu criado pela Vila Aut\u00f3dromo e outros moradores de favelas, universidades e ONGs parceiras, como ferramenta de resist\u00eancia ao documentar a luta da comunidade para permanecer na sua terra, o seu direito de existir e a beleza da comunidade, dos seus moradores, da sua cultura e da dedica\u00e7\u00e3o \u00e0 justi\u00e7a social e ambiental. O museu foi criado como mais um espa\u00e7o para preservar a mem\u00f3ria e a hist\u00f3ria; ele tamb\u00e9m alcan\u00e7a comunidades que, anteriormente ou atualmente vivem a experi\u00eancia de remo\u00e7\u00e3o. Ao longo da cerim\u00f4nia, foram lembradas favelas como Via Parque, <a href=\"http:\/\/bit.ly\/10BzE4e\" target=\"_blank\" rel=\"noopener noreferrer\">Cidade de Deus<\/a> e Morro do Castelo. Foi importante para os moradores da Vila Aut\u00f3dromo que seu <a href=\"http:\/\/bit.ly\/2rPGSHs\" target=\"_blank\" rel=\"noopener noreferrer\">Museu das Remo\u00e7\u00f5es<\/a>\u00a0tenha transcendido o espa\u00e7o e, al\u00e9m do acervo, a MHN reservou um espa\u00e7o, para o Museu das Remo\u00e7\u00f5es, na sua pr\u00f3xima exposi\u00e7\u00e3o de longo prazo intitulada Cidadania em Constru\u00e7\u00e3o. Como ressaltou o representante da MHN na cerim\u00f4nia, esse espa\u00e7o &#8220;n\u00e3o ser\u00e1 uma inven\u00e7\u00e3o da MHN, mas uma contribui\u00e7\u00e3o da Vila Aut\u00f3dromo para o MHN&#8221;.<\/p>\n<p><a href=\"http:\/\/rioonwatch.org.br\/wp-content\/uploads\/2017\/05\/MHN-Vila-Autodromo.jpg\"><img loading=\"lazy\" decoding=\"async\" class=\"aligncenter size-medium wp-image-25802\" src=\"http:\/\/rioonwatch.org.br\/wp-content\/uploads\/2017\/05\/MHN-Vila-Autodromo-620x465.jpg\" alt=\"\" width=\"620\" height=\"465\" srcset=\"https:\/\/rioonwatch.org.br\/wp-content\/uploads\/2017\/05\/MHN-Vila-Autodromo-620x465.jpg 620w, https:\/\/rioonwatch.org.br\/wp-content\/uploads\/2017\/05\/MHN-Vila-Autodromo-352x264.jpg 352w, https:\/\/rioonwatch.org.br\/wp-content\/uploads\/2017\/05\/MHN-Vila-Autodromo-768x576.jpg 768w, https:\/\/rioonwatch.org.br\/wp-content\/uploads\/2017\/05\/MHN-Vila-Autodromo-1024x768.jpg 1024w, https:\/\/rioonwatch.org.br\/wp-content\/uploads\/2017\/05\/MHN-Vila-Autodromo-174x131.jpg 174w, https:\/\/rioonwatch.org.br\/wp-content\/uploads\/2017\/05\/MHN-Vila-Autodromo-300x225.jpg 300w, https:\/\/rioonwatch.org.br\/wp-content\/uploads\/2017\/05\/MHN-Vila-Autodromo-70x53.jpg 70w, https:\/\/rioonwatch.org.br\/wp-content\/uploads\/2017\/05\/MHN-Vila-Autodromo.jpg 1440w\" sizes=\"(max-width: 620px) 100vw, 620px\" \/><\/a><\/p>\n<p>Apesar da dolorosa lembran\u00e7a da luta da Vila Aut\u00f3dromo mostrada na apresenta\u00e7\u00e3o feita por Sandra Maria, a cerim\u00f4nia tamb\u00e9m contou com muita alegria, determina\u00e7\u00e3o e esperan\u00e7a. A Vila Aut\u00f3dromo e a luta que ela representa transcendem espa\u00e7os, agora ocupa o Museu Hist\u00f3rico Nacional, trazendo mais esperan\u00e7a para a mobiliza\u00e7\u00e3o e capacita\u00e7\u00e3o de\u00a0moradores de\u00a0favelas e para uma eventual transforma\u00e7\u00e3o social. Como defendem os moradores da Vila Aut\u00f3dromo: &#8220;a hist\u00f3ria n\u00e3o deve ser apagada&#8221;.<\/p>\n<!-- AddThis Advanced Settings generic via filter on the_content --><!-- AddThis Share Buttons generic via filter on the_content -->","protected":false},"excerpt":{"rendered":"<div class=\"mh-excerpt\"><p>Click Here for English Emo\u00e7\u00e3o e empolga\u00e7\u00e3o preencheram o audit\u00f3rio Gilberto Gil no Museu Hist\u00f3rico Nacional do Rio (MHN) no dia 18 de maio, Dia Internacional dos Museus, quando o museu recebeu o acervo da <a class=\"mh-excerpt-more\" href=\"https:\/\/rioonwatch.org.br\/?p=25789\" title=\"Museu Hist\u00f3rico Nacional Recebe Acervo Documentando Resist\u00eancia da Vila Aut\u00f3dromo\">[&#8230;]<\/a><!-- AddThis Advanced Settings generic via filter on get_the_excerpt --><!-- AddThis Share Buttons generic via filter on get_the_excerpt --><\/p>\n<\/div>","protected":false},"author":129,"featured_media":25791,"comment_status":"closed","ping_status":"closed","sticky":false,"template":"","format":"standard","meta":{"_acf_changed":false,"_monsterinsights_skip_tracking":false,"_monsterinsights_sitenote_active":false,"_monsterinsights_sitenote_note":"","_monsterinsights_sitenote_category":0,"footnotes":""},"categories":[1614,1635,1621,1627,1626,1616,1612,342],"tags":[424,88,484,128,1240,469,2132,2131,2188,1111,2040,78,358,14,432,1347,476,2130,55,184],"writer":[2129],"translator":[1491],"source":[],"ilustrador":[],"fotografo":[],"class_list":{"0":"post-25789","1":"post","2":"type-post","3":"status-publish","4":"format-standard","5":"has-post-thumbnail","7":"category-olhonasremocoes","8":"category-1635","9":"category-destaque","10":"category-relato-de-evento","11":"category-por-observadores-internacionais","12":"category-qualidades-da-favela","13":"category-sociedade-civil","14":"category-solucoes","15":"tag-direito-a-moradia","16":"tag-direitos-humanos","17":"tag-prefeito-eduardo-paes","18":"tag-historia","19":"tag-megaeventos","20":"tag-memoria","21":"tag-semana-de-museus","22":"tag-morro-do-castelo","23":"tag-museologia-social","24":"tag-museu","25":"tag-museu-das-remocoes","26":"tag-olimpiadas","27":"tag-organizacao-comunitaria","28":"tag-remocao","29":"tag-resistencia","30":"tag-solucao","31":"tag-solucao-comunitaria","32":"tag-via-parque","33":"tag-vila-autodromo","34":"tag-zona-oeste","35":"writer-chloe-villalobos","36":"translator-patricia-gomes"},"acf":[],"yoast_head":"<!-- This site is optimized with the Yoast SEO plugin v25.6 - https:\/\/yoast.com\/wordpress\/plugins\/seo\/ -->\n<title>Museu Hist\u00f3rico Nacional Recebe Acervo Documentando Resist\u00eancia da Vila Aut\u00f3dromo - RioOnWatch<\/title>\n<meta name=\"robots\" content=\"index, follow, max-snippet:-1, max-image-preview:large, max-video-preview:-1\" \/>\n<link rel=\"canonical\" href=\"https:\/\/rioonwatch.org.br\/?p=25789\" \/>\n<meta property=\"og:locale\" content=\"pt_BR\" \/>\n<meta property=\"og:type\" content=\"article\" \/>\n<meta property=\"og:title\" content=\"Museu Hist\u00f3rico Nacional Recebe Acervo Documentando Resist\u00eancia da Vila Aut\u00f3dromo - RioOnWatch\" \/>\n<meta property=\"og:description\" content=\"Click Here for English Emo\u00e7\u00e3o e empolga\u00e7\u00e3o preencheram o audit\u00f3rio Gilberto Gil no Museu Hist\u00f3rico Nacional do Rio (MHN) no dia 18 de maio, Dia Internacional dos Museus, quando o museu recebeu o acervo da [...]\" \/>\n<meta property=\"og:url\" content=\"https:\/\/rioonwatch.org.br\/?p=25789\" \/>\n<meta property=\"og:site_name\" content=\"RioOnWatch\" \/>\n<meta property=\"article:published_time\" content=\"2017-05-24T12:35:15+00:00\" \/>\n<meta property=\"article:modified_time\" content=\"2024-06-20T19:24:37+00:00\" \/>\n<meta property=\"og:image\" content=\"https:\/\/rioonwatch.org.br\/wp-content\/uploads\/2017\/05\/Celebrate-1290x629.png\" \/>\n\t<meta property=\"og:image:width\" content=\"1290\" \/>\n\t<meta property=\"og:image:height\" content=\"629\" \/>\n\t<meta property=\"og:image:type\" content=\"image\/png\" \/>\n<meta name=\"author\" content=\"Admin\" \/>\n<meta name=\"twitter:card\" content=\"summary_large_image\" \/>\n<meta name=\"twitter:label1\" content=\"Escrito por\" \/>\n\t<meta name=\"twitter:data1\" content=\"Admin\" \/>\n\t<meta name=\"twitter:label2\" content=\"Est. tempo de leitura\" \/>\n\t<meta name=\"twitter:data2\" content=\"4 minutos\" \/>\n<script type=\"application\/ld+json\" class=\"yoast-schema-graph\">{\"@context\":\"https:\/\/schema.org\",\"@graph\":[{\"@type\":\"Article\",\"@id\":\"https:\/\/rioonwatch.org.br\/?p=25789#article\",\"isPartOf\":{\"@id\":\"https:\/\/rioonwatch.org.br\/?p=25789\"},\"author\":{\"name\":\"Admin\",\"@id\":\"https:\/\/rioonwatch.org.br\/#\/schema\/person\/11d64c290506f9df50c71b850c473f68\"},\"headline\":\"Museu Hist\u00f3rico Nacional Recebe Acervo Documentando Resist\u00eancia da Vila Aut\u00f3dromo\",\"datePublished\":\"2017-05-24T12:35:15+00:00\",\"dateModified\":\"2024-06-20T19:24:37+00:00\",\"mainEntityOfPage\":{\"@id\":\"https:\/\/rioonwatch.org.br\/?p=25789\"},\"wordCount\":903,\"publisher\":{\"@id\":\"https:\/\/rioonwatch.org.br\/#organization\"},\"image\":{\"@id\":\"https:\/\/rioonwatch.org.br\/?p=25789#primaryimage\"},\"thumbnailUrl\":\"https:\/\/rioonwatch.org.br\/wp-content\/uploads\/2017\/05\/Celebrate.png\",\"keywords\":[\"Direito \u00e0 Moradia\",\"Direitos Humanos\",\"Eduardo Paes\",\"hist\u00f3ria\",\"Megaeventos\",\"Mem\u00f3rias Faveladas\",\"M\u00eas dos Museus\",\"Morro do Castelo\",\"museologia social\",\"museu\",\"Museu das Remo\u00e7\u00f5es\",\"Olimp\u00edadas\",\"organiza\u00e7\u00e3o comunit\u00e1ria\",\"Remo\u00e7\u00e3o\",\"resist\u00eancia\",\"solu\u00e7\u00e3o\",\"solu\u00e7\u00e3o comunit\u00e1ria\",\"Via Parque\",\"Vila Aut\u00f3dromo\",\"Zona Oeste\"],\"articleSection\":[\"#OlhoNasRemo\u00e7\u00f5es\",\"#Rio2016\",\"*Destaque\",\"Cobertura de Eventos\",\"Escrito por Aliados\",\"Qualidades da Favela\",\"Sociedade Civil\",\"Solu\u00e7\u00f5es\"],\"inLanguage\":\"pt-BR\"},{\"@type\":\"WebPage\",\"@id\":\"https:\/\/rioonwatch.org.br\/?p=25789\",\"url\":\"https:\/\/rioonwatch.org.br\/?p=25789\",\"name\":\"Museu Hist\u00f3rico Nacional Recebe Acervo Documentando Resist\u00eancia da Vila Aut\u00f3dromo - RioOnWatch\",\"isPartOf\":{\"@id\":\"https:\/\/rioonwatch.org.br\/#website\"},\"primaryImageOfPage\":{\"@id\":\"https:\/\/rioonwatch.org.br\/?p=25789#primaryimage\"},\"image\":{\"@id\":\"https:\/\/rioonwatch.org.br\/?p=25789#primaryimage\"},\"thumbnailUrl\":\"https:\/\/rioonwatch.org.br\/wp-content\/uploads\/2017\/05\/Celebrate.png\",\"datePublished\":\"2017-05-24T12:35:15+00:00\",\"dateModified\":\"2024-06-20T19:24:37+00:00\",\"breadcrumb\":{\"@id\":\"https:\/\/rioonwatch.org.br\/?p=25789#breadcrumb\"},\"inLanguage\":\"pt-BR\",\"potentialAction\":[{\"@type\":\"ReadAction\",\"target\":[\"https:\/\/rioonwatch.org.br\/?p=25789\"]}]},{\"@type\":\"ImageObject\",\"inLanguage\":\"pt-BR\",\"@id\":\"https:\/\/rioonwatch.org.br\/?p=25789#primaryimage\",\"url\":\"https:\/\/rioonwatch.org.br\/wp-content\/uploads\/2017\/05\/Celebrate.png\",\"contentUrl\":\"https:\/\/rioonwatch.org.br\/wp-content\/uploads\/2017\/05\/Celebrate.png\",\"width\":1749,\"height\":853},{\"@type\":\"BreadcrumbList\",\"@id\":\"https:\/\/rioonwatch.org.br\/?p=25789#breadcrumb\",\"itemListElement\":[{\"@type\":\"ListItem\",\"position\":1,\"name\":\"In\u00edcio\",\"item\":\"https:\/\/rioonwatch.org.br\/\"},{\"@type\":\"ListItem\",\"position\":2,\"name\":\"Museu Hist\u00f3rico Nacional Recebe Acervo Documentando Resist\u00eancia da Vila Aut\u00f3dromo\"}]},{\"@type\":\"WebSite\",\"@id\":\"https:\/\/rioonwatch.org.br\/#website\",\"url\":\"https:\/\/rioonwatch.org.br\/\",\"name\":\"RioOnWatch\",\"description\":\"relatos das favelas cariocas\",\"publisher\":{\"@id\":\"https:\/\/rioonwatch.org.br\/#organization\"},\"potentialAction\":[{\"@type\":\"SearchAction\",\"target\":{\"@type\":\"EntryPoint\",\"urlTemplate\":\"https:\/\/rioonwatch.org.br\/?s={search_term_string}\"},\"query-input\":{\"@type\":\"PropertyValueSpecification\",\"valueRequired\":true,\"valueName\":\"search_term_string\"}}],\"inLanguage\":\"pt-BR\"},{\"@type\":\"Organization\",\"@id\":\"https:\/\/rioonwatch.org.br\/#organization\",\"name\":\"RioOnWatch\",\"url\":\"https:\/\/rioonwatch.org.br\/\",\"logo\":{\"@type\":\"ImageObject\",\"inLanguage\":\"pt-BR\",\"@id\":\"https:\/\/rioonwatch.org.br\/#\/schema\/logo\/image\/\",\"url\":\"https:\/\/rioonwatch.org.br\/wp-content\/uploads\/2021\/06\/RioOnWatchcabecalhoPT11anos-2.png\",\"contentUrl\":\"https:\/\/rioonwatch.org.br\/wp-content\/uploads\/2021\/06\/RioOnWatchcabecalhoPT11anos-2.png\",\"width\":779,\"height\":277,\"caption\":\"RioOnWatch\"},\"image\":{\"@id\":\"https:\/\/rioonwatch.org.br\/#\/schema\/logo\/image\/\"}},{\"@type\":\"Person\",\"@id\":\"https:\/\/rioonwatch.org.br\/#\/schema\/person\/11d64c290506f9df50c71b850c473f68\",\"name\":\"Admin\",\"image\":{\"@type\":\"ImageObject\",\"inLanguage\":\"pt-BR\",\"@id\":\"https:\/\/rioonwatch.org.br\/#\/schema\/person\/image\/\",\"url\":\"https:\/\/secure.gravatar.com\/avatar\/56211ac74568383903349a1485e3c325?s=96&d=blank&r=g\",\"contentUrl\":\"https:\/\/secure.gravatar.com\/avatar\/56211ac74568383903349a1485e3c325?s=96&d=blank&r=g\",\"caption\":\"Admin\"},\"url\":\"https:\/\/rioonwatch.org.br\/?author=129\"}]}<\/script>\n<!-- \/ Yoast SEO plugin. -->","yoast_head_json":{"title":"Museu Hist\u00f3rico Nacional Recebe Acervo Documentando Resist\u00eancia da Vila Aut\u00f3dromo - RioOnWatch","robots":{"index":"index","follow":"follow","max-snippet":"max-snippet:-1","max-image-preview":"max-image-preview:large","max-video-preview":"max-video-preview:-1"},"canonical":"https:\/\/rioonwatch.org.br\/?p=25789","og_locale":"pt_BR","og_type":"article","og_title":"Museu Hist\u00f3rico Nacional Recebe Acervo Documentando Resist\u00eancia da Vila Aut\u00f3dromo - RioOnWatch","og_description":"Click Here for English Emo\u00e7\u00e3o e empolga\u00e7\u00e3o preencheram o audit\u00f3rio Gilberto Gil no Museu Hist\u00f3rico Nacional do Rio (MHN) no dia 18 de maio, Dia Internacional dos Museus, quando o museu recebeu o acervo da [...]","og_url":"https:\/\/rioonwatch.org.br\/?p=25789","og_site_name":"RioOnWatch","article_published_time":"2017-05-24T12:35:15+00:00","article_modified_time":"2024-06-20T19:24:37+00:00","og_image":[{"width":1290,"height":629,"url":"https:\/\/rioonwatch.org.br\/wp-content\/uploads\/2017\/05\/Celebrate-1290x629.png","type":"image\/png"}],"author":"Admin","twitter_card":"summary_large_image","twitter_misc":{"Escrito por":"Admin","Est. tempo de leitura":"4 minutos"},"schema":{"@context":"https:\/\/schema.org","@graph":[{"@type":"Article","@id":"https:\/\/rioonwatch.org.br\/?p=25789#article","isPartOf":{"@id":"https:\/\/rioonwatch.org.br\/?p=25789"},"author":{"name":"Admin","@id":"https:\/\/rioonwatch.org.br\/#\/schema\/person\/11d64c290506f9df50c71b850c473f68"},"headline":"Museu Hist\u00f3rico Nacional Recebe Acervo Documentando Resist\u00eancia da Vila Aut\u00f3dromo","datePublished":"2017-05-24T12:35:15+00:00","dateModified":"2024-06-20T19:24:37+00:00","mainEntityOfPage":{"@id":"https:\/\/rioonwatch.org.br\/?p=25789"},"wordCount":903,"publisher":{"@id":"https:\/\/rioonwatch.org.br\/#organization"},"image":{"@id":"https:\/\/rioonwatch.org.br\/?p=25789#primaryimage"},"thumbnailUrl":"https:\/\/rioonwatch.org.br\/wp-content\/uploads\/2017\/05\/Celebrate.png","keywords":["Direito \u00e0 Moradia","Direitos Humanos","Eduardo Paes","hist\u00f3ria","Megaeventos","Mem\u00f3rias Faveladas","M\u00eas dos Museus","Morro do Castelo","museologia social","museu","Museu das Remo\u00e7\u00f5es","Olimp\u00edadas","organiza\u00e7\u00e3o comunit\u00e1ria","Remo\u00e7\u00e3o","resist\u00eancia","solu\u00e7\u00e3o","solu\u00e7\u00e3o comunit\u00e1ria","Via Parque","Vila Aut\u00f3dromo","Zona Oeste"],"articleSection":["#OlhoNasRemo\u00e7\u00f5es","#Rio2016","*Destaque","Cobertura de Eventos","Escrito por Aliados","Qualidades da Favela","Sociedade Civil","Solu\u00e7\u00f5es"],"inLanguage":"pt-BR"},{"@type":"WebPage","@id":"https:\/\/rioonwatch.org.br\/?p=25789","url":"https:\/\/rioonwatch.org.br\/?p=25789","name":"Museu Hist\u00f3rico Nacional Recebe Acervo Documentando Resist\u00eancia da Vila Aut\u00f3dromo - RioOnWatch","isPartOf":{"@id":"https:\/\/rioonwatch.org.br\/#website"},"primaryImageOfPage":{"@id":"https:\/\/rioonwatch.org.br\/?p=25789#primaryimage"},"image":{"@id":"https:\/\/rioonwatch.org.br\/?p=25789#primaryimage"},"thumbnailUrl":"https:\/\/rioonwatch.org.br\/wp-content\/uploads\/2017\/05\/Celebrate.png","datePublished":"2017-05-24T12:35:15+00:00","dateModified":"2024-06-20T19:24:37+00:00","breadcrumb":{"@id":"https:\/\/rioonwatch.org.br\/?p=25789#breadcrumb"},"inLanguage":"pt-BR","potentialAction":[{"@type":"ReadAction","target":["https:\/\/rioonwatch.org.br\/?p=25789"]}]},{"@type":"ImageObject","inLanguage":"pt-BR","@id":"https:\/\/rioonwatch.org.br\/?p=25789#primaryimage","url":"https:\/\/rioonwatch.org.br\/wp-content\/uploads\/2017\/05\/Celebrate.png","contentUrl":"https:\/\/rioonwatch.org.br\/wp-content\/uploads\/2017\/05\/Celebrate.png","width":1749,"height":853},{"@type":"BreadcrumbList","@id":"https:\/\/rioonwatch.org.br\/?p=25789#breadcrumb","itemListElement":[{"@type":"ListItem","position":1,"name":"In\u00edcio","item":"https:\/\/rioonwatch.org.br\/"},{"@type":"ListItem","position":2,"name":"Museu Hist\u00f3rico Nacional Recebe Acervo Documentando Resist\u00eancia da Vila Aut\u00f3dromo"}]},{"@type":"WebSite","@id":"https:\/\/rioonwatch.org.br\/#website","url":"https:\/\/rioonwatch.org.br\/","name":"RioOnWatch","description":"relatos das favelas cariocas","publisher":{"@id":"https:\/\/rioonwatch.org.br\/#organization"},"potentialAction":[{"@type":"SearchAction","target":{"@type":"EntryPoint","urlTemplate":"https:\/\/rioonwatch.org.br\/?s={search_term_string}"},"query-input":{"@type":"PropertyValueSpecification","valueRequired":true,"valueName":"search_term_string"}}],"inLanguage":"pt-BR"},{"@type":"Organization","@id":"https:\/\/rioonwatch.org.br\/#organization","name":"RioOnWatch","url":"https:\/\/rioonwatch.org.br\/","logo":{"@type":"ImageObject","inLanguage":"pt-BR","@id":"https:\/\/rioonwatch.org.br\/#\/schema\/logo\/image\/","url":"https:\/\/rioonwatch.org.br\/wp-content\/uploads\/2021\/06\/RioOnWatchcabecalhoPT11anos-2.png","contentUrl":"https:\/\/rioonwatch.org.br\/wp-content\/uploads\/2021\/06\/RioOnWatchcabecalhoPT11anos-2.png","width":779,"height":277,"caption":"RioOnWatch"},"image":{"@id":"https:\/\/rioonwatch.org.br\/#\/schema\/logo\/image\/"}},{"@type":"Person","@id":"https:\/\/rioonwatch.org.br\/#\/schema\/person\/11d64c290506f9df50c71b850c473f68","name":"Admin","image":{"@type":"ImageObject","inLanguage":"pt-BR","@id":"https:\/\/rioonwatch.org.br\/#\/schema\/person\/image\/","url":"https:\/\/secure.gravatar.com\/avatar\/56211ac74568383903349a1485e3c325?s=96&d=blank&r=g","contentUrl":"https:\/\/secure.gravatar.com\/avatar\/56211ac74568383903349a1485e3c325?s=96&d=blank&r=g","caption":"Admin"},"url":"https:\/\/rioonwatch.org.br\/?author=129"}]}},"_links":{"self":[{"href":"https:\/\/rioonwatch.org.br\/index.php?rest_route=\/wp\/v2\/posts\/25789"}],"collection":[{"href":"https:\/\/rioonwatch.org.br\/index.php?rest_route=\/wp\/v2\/posts"}],"about":[{"href":"https:\/\/rioonwatch.org.br\/index.php?rest_route=\/wp\/v2\/types\/post"}],"author":[{"embeddable":true,"href":"https:\/\/rioonwatch.org.br\/index.php?rest_route=\/wp\/v2\/users\/129"}],"replies":[{"embeddable":true,"href":"https:\/\/rioonwatch.org.br\/index.php?rest_route=%2Fwp%2Fv2%2Fcomments&post=25789"}],"version-history":[{"count":18,"href":"https:\/\/rioonwatch.org.br\/index.php?rest_route=\/wp\/v2\/posts\/25789\/revisions"}],"predecessor-version":[{"id":25889,"href":"https:\/\/rioonwatch.org.br\/index.php?rest_route=\/wp\/v2\/posts\/25789\/revisions\/25889"}],"wp:featuredmedia":[{"embeddable":true,"href":"https:\/\/rioonwatch.org.br\/index.php?rest_route=\/wp\/v2\/media\/25791"}],"wp:attachment":[{"href":"https:\/\/rioonwatch.org.br\/index.php?rest_route=%2Fwp%2Fv2%2Fmedia&parent=25789"}],"wp:term":[{"taxonomy":"category","embeddable":true,"href":"https:\/\/rioonwatch.org.br\/index.php?rest_route=%2Fwp%2Fv2%2Fcategories&post=25789"},{"taxonomy":"post_tag","embeddable":true,"href":"https:\/\/rioonwatch.org.br\/index.php?rest_route=%2Fwp%2Fv2%2Ftags&post=25789"},{"taxonomy":"writer","embeddable":true,"href":"https:\/\/rioonwatch.org.br\/index.php?rest_route=%2Fwp%2Fv2%2Fwriter&post=25789"},{"taxonomy":"translator","embeddable":true,"href":"https:\/\/rioonwatch.org.br\/index.php?rest_route=%2Fwp%2Fv2%2Ftranslator&post=25789"},{"taxonomy":"source","embeddable":true,"href":"https:\/\/rioonwatch.org.br\/index.php?rest_route=%2Fwp%2Fv2%2Fsource&post=25789"},{"taxonomy":"ilustrador","embeddable":true,"href":"https:\/\/rioonwatch.org.br\/index.php?rest_route=%2Fwp%2Fv2%2Filustrador&post=25789"},{"taxonomy":"fotografo","embeddable":true,"href":"https:\/\/rioonwatch.org.br\/index.php?rest_route=%2Fwp%2Fv2%2Ffotografo&post=25789"}],"curies":[{"name":"wp","href":"https:\/\/api.w.org\/{rel}","templated":true}]}}