{"id":258,"date":"2010-05-18T19:21:25","date_gmt":"2010-05-18T22:21:25","guid":{"rendered":"http:\/\/favela.info\/?p=258"},"modified":"2015-08-14T14:52:12","modified_gmt":"2015-08-14T17:52:12","slug":"apos-um-mes-familias-ainda-sem-aluguel-social-no-morro-do-fogueteiro","status":"publish","type":"post","link":"https:\/\/rioonwatch.org.br\/?p=258","title":{"rendered":"Ap\u00f3s um m\u00eas, fam\u00edlias ainda sem Aluguel Social no Morro do Fogueteiro"},"content":{"rendered":"<figure id=\"attachment_280\" aria-describedby=\"caption-attachment-280\" style=\"width: 160px\" class=\"wp-caption alignleft\"><a href=\"http:\/\/favela.info\/wp-content\/uploads\/2010\/05\/Z1o7gd981.jpg\"><img decoding=\"async\" class=\"size-full wp-image-280\" src=\"http:\/\/favela.info\/wp-content\/uploads\/2010\/05\/Z1o7gd981.jpg\" alt=\"\" width=\"160\" height=\"120\" srcset=\"https:\/\/rioonwatch.org.br\/wp-content\/uploads\/2010\/05\/Z1o7gd981.jpg 160w, https:\/\/rioonwatch.org.br\/wp-content\/uploads\/2010\/05\/Z1o7gd981-80x60.jpg 80w, https:\/\/rioonwatch.org.br\/wp-content\/uploads\/2010\/05\/Z1o7gd981-70x53.jpg 70w\" sizes=\"(max-width: 160px) 100vw, 160px\" \/><\/a><figcaption id=\"caption-attachment-280\" class=\"wp-caption-text\">Casa de moradora completamente pendurada<\/figcaption><\/figure>\n<p>Na Comunidade do Morro do Fogueteiro, Santa Teresa, os moradores que\u00a0perderam suas casas com as chuvas ainda continuam sem o amparo da Prefeitura. Um m\u00eas e uma semana ap\u00f3s o terr\u00edvel desastre das chuvas que assolaram o Rio de Janeiro, ainda h\u00e1 moradores que est\u00e3o com suas vidas desordenadas e morando dentro da creche da comunidade, na quadra de esportes ou em garagens e casas de vizinhos.<\/p>\n<p>No s\u00e1bado dia 08 deste m\u00eas, a comunidade recebeu a visita do Secret\u00e1rio de Assist\u00eancia Social (Fernando Willian), Secret\u00e1rio de Habita\u00e7\u00e3o (Pierre), Engenheiro chefe da GEO RIO (Ernesto) e o Subprefeito da regi\u00e3o Centro (Thiago Barcellos). A<\/p>\n<figure id=\"attachment_282\" aria-describedby=\"caption-attachment-282\" style=\"width: 160px\" class=\"wp-caption alignright\"><a href=\"http:\/\/favela.info\/wp-content\/uploads\/2010\/05\/Zejl2pb1.jpg\"><img decoding=\"async\" class=\"size-full wp-image-282\" src=\"http:\/\/favela.info\/wp-content\/uploads\/2010\/05\/Zejl2pb1.jpg\" alt=\"\" width=\"160\" height=\"120\" srcset=\"https:\/\/rioonwatch.org.br\/wp-content\/uploads\/2010\/05\/Zejl2pb1.jpg 160w, https:\/\/rioonwatch.org.br\/wp-content\/uploads\/2010\/05\/Zejl2pb1-70x53.jpg 70w\" sizes=\"(max-width: 160px) 100vw, 160px\" \/><\/a><figcaption id=\"caption-attachment-282\" class=\"wp-caption-text\">Local onde 6 casas ficaram totalmente soterradas<\/figcaption><\/figure>\n<p>reuni\u00e3o foi em clima amig\u00e1vel e aparentemente de solu\u00e7\u00f5es por\u00e9m, n\u00e3o foi o que aconteceu. Somente ontem que nove moradores da comunidade tiveram seu cheque liberado e assim mesmo n\u00e3o s\u00e3o os cheques das pessoas desabrigas e sim os cheques das pessoas que eles querem reassentar, mas n\u00e3o perderam suas casas e nem mesmo est\u00e3o em situa\u00e7\u00e3o de risco iminente!<\/p>\n<p>H\u00e1 uma pol\u00edtica de reassentamento de mais da metade da comunidade, mas nem todos querem deixar suas casas. Estamos falando de pessoas que construiram seu lar, seu sonho e que vivem uma vida inteira dentro da comunidade junto aos seus parentes e amigos. Mexer com a vida das pessoas desta forma, com a pressa e descaso que eles est\u00e3o tendo, \u00e9 muito complicado! Precisamos amparar e dar um rumo \u00e0s fam\u00edlias que perderam suas casas no desabamento, retirar as que est\u00e3o em risco iminente e fazer obras de conten\u00e7\u00e3o de encostas para as que ainda podem permanecer em seus im\u00f3veis!<\/p>\n<!-- AddThis Advanced Settings generic via filter on the_content --><!-- AddThis Share Buttons generic via filter on the_content -->","protected":false},"excerpt":{"rendered":"<div class=\"mh-excerpt\"><p>Na Comunidade do Morro do Fogueteiro, Santa Teresa, os moradores que\u00a0perderam suas casas com as chuvas ainda continuam sem o amparo da Prefeitura. Um m\u00eas e uma semana ap\u00f3s o terr\u00edvel desastre das chuvas que <a class=\"mh-excerpt-more\" href=\"https:\/\/rioonwatch.org.br\/?p=258\" title=\"Ap\u00f3s um m\u00eas, fam\u00edlias ainda sem Aluguel Social no Morro do Fogueteiro\">[&#8230;]<\/a><!-- AddThis Advanced Settings generic via filter on get_the_excerpt --><!-- AddThis Share Buttons generic via filter on get_the_excerpt --><\/p>\n<\/div>","protected":false},"author":5,"featured_media":280,"comment_status":"open","ping_status":"open","sticky":false,"template":"","format":"standard","meta":{"_acf_changed":false,"_monsterinsights_skip_tracking":false,"_monsterinsights_sitenote_active":false,"_monsterinsights_sitenote_note":"","_monsterinsights_sitenote_category":0,"footnotes":""},"categories":[1625],"tags":[17,259,75,76,35],"writer":[161],"translator":[],"source":[],"ilustrador":[],"fotografo":[],"class_list":{"0":"post-258","1":"post","2":"type-post","3":"status-publish","4":"format-standard","5":"has-post-thumbnail","7":"category-por-correspondentes-comunitarios","8":"tag-aluguel-social","9":"tag-centro","10":"tag-fogueteiro","11":"tag-reassentamento","12":"tag-santa-teresa","13":"writer-cintia-luna"},"acf":[],"yoast_head":"<!-- This site is optimized with the Yoast SEO plugin v25.6 - https:\/\/yoast.com\/wordpress\/plugins\/seo\/ -->\n<title>Ap\u00f3s um m\u00eas, fam\u00edlias ainda sem Aluguel Social no Morro do Fogueteiro - RioOnWatch<\/title>\n<meta name=\"robots\" content=\"index, follow, max-snippet:-1, max-image-preview:large, max-video-preview:-1\" \/>\n<link rel=\"canonical\" href=\"https:\/\/rioonwatch.org.br\/?p=258\" \/>\n<meta property=\"og:locale\" content=\"pt_BR\" \/>\n<meta property=\"og:type\" content=\"article\" \/>\n<meta property=\"og:title\" content=\"Ap\u00f3s um m\u00eas, fam\u00edlias ainda sem Aluguel Social no Morro do Fogueteiro - RioOnWatch\" \/>\n<meta property=\"og:description\" content=\"Na Comunidade do Morro do Fogueteiro, Santa Teresa, os moradores que\u00a0perderam suas casas com as chuvas ainda continuam sem o amparo da Prefeitura. Um m\u00eas e uma semana ap\u00f3s o terr\u00edvel desastre das chuvas que [...]\" \/>\n<meta property=\"og:url\" content=\"https:\/\/rioonwatch.org.br\/?p=258\" \/>\n<meta property=\"og:site_name\" content=\"RioOnWatch\" \/>\n<meta property=\"article:published_time\" content=\"2010-05-18T22:21:25+00:00\" \/>\n<meta property=\"article:modified_time\" content=\"2015-08-14T17:52:12+00:00\" \/>\n<meta property=\"og:image\" content=\"https:\/\/rioonwatch.org.br\/wp-content\/uploads\/2010\/05\/Z1o7gd981.jpg\" \/>\n\t<meta property=\"og:image:width\" content=\"160\" \/>\n\t<meta property=\"og:image:height\" content=\"120\" \/>\n\t<meta property=\"og:image:type\" content=\"image\/jpeg\" \/>\n<meta name=\"author\" content=\"Tiago\" \/>\n<meta name=\"twitter:card\" content=\"summary_large_image\" \/>\n<meta name=\"twitter:label1\" content=\"Escrito por\" \/>\n\t<meta name=\"twitter:data1\" content=\"Tiago\" \/>\n\t<meta name=\"twitter:label2\" content=\"Est. tempo de leitura\" \/>\n\t<meta name=\"twitter:data2\" content=\"2 minutos\" \/>\n<script type=\"application\/ld+json\" class=\"yoast-schema-graph\">{\"@context\":\"https:\/\/schema.org\",\"@graph\":[{\"@type\":\"Article\",\"@id\":\"https:\/\/rioonwatch.org.br\/?p=258#article\",\"isPartOf\":{\"@id\":\"https:\/\/rioonwatch.org.br\/?p=258\"},\"author\":{\"name\":\"Tiago\",\"@id\":\"https:\/\/rioonwatch.org.br\/#\/schema\/person\/7c54ce0a929f914709db001584daa6ee\"},\"headline\":\"Ap\u00f3s um m\u00eas, fam\u00edlias ainda sem Aluguel Social no Morro do Fogueteiro\",\"datePublished\":\"2010-05-18T22:21:25+00:00\",\"dateModified\":\"2015-08-14T17:52:12+00:00\",\"mainEntityOfPage\":{\"@id\":\"https:\/\/rioonwatch.org.br\/?p=258\"},\"wordCount\":332,\"commentCount\":0,\"publisher\":{\"@id\":\"https:\/\/rioonwatch.org.br\/#organization\"},\"image\":{\"@id\":\"https:\/\/rioonwatch.org.br\/?p=258#primaryimage\"},\"thumbnailUrl\":\"https:\/\/rioonwatch.org.br\/wp-content\/uploads\/2010\/05\/Z1o7gd981.jpg\",\"keywords\":[\"Aluguel social\",\"Centro\",\"Fogueteiro\",\"reassentamento\",\"Santa Teresa\"],\"articleSection\":[\"Escrito por Comunicadores Populares\"],\"inLanguage\":\"pt-BR\",\"potentialAction\":[{\"@type\":\"CommentAction\",\"name\":\"Comment\",\"target\":[\"https:\/\/rioonwatch.org.br\/?p=258#respond\"]}]},{\"@type\":\"WebPage\",\"@id\":\"https:\/\/rioonwatch.org.br\/?p=258\",\"url\":\"https:\/\/rioonwatch.org.br\/?p=258\",\"name\":\"Ap\u00f3s um m\u00eas, fam\u00edlias ainda sem Aluguel Social no Morro do Fogueteiro - RioOnWatch\",\"isPartOf\":{\"@id\":\"https:\/\/rioonwatch.org.br\/#website\"},\"primaryImageOfPage\":{\"@id\":\"https:\/\/rioonwatch.org.br\/?p=258#primaryimage\"},\"image\":{\"@id\":\"https:\/\/rioonwatch.org.br\/?p=258#primaryimage\"},\"thumbnailUrl\":\"https:\/\/rioonwatch.org.br\/wp-content\/uploads\/2010\/05\/Z1o7gd981.jpg\",\"datePublished\":\"2010-05-18T22:21:25+00:00\",\"dateModified\":\"2015-08-14T17:52:12+00:00\",\"breadcrumb\":{\"@id\":\"https:\/\/rioonwatch.org.br\/?p=258#breadcrumb\"},\"inLanguage\":\"pt-BR\",\"potentialAction\":[{\"@type\":\"ReadAction\",\"target\":[\"https:\/\/rioonwatch.org.br\/?p=258\"]}]},{\"@type\":\"ImageObject\",\"inLanguage\":\"pt-BR\",\"@id\":\"https:\/\/rioonwatch.org.br\/?p=258#primaryimage\",\"url\":\"https:\/\/rioonwatch.org.br\/wp-content\/uploads\/2010\/05\/Z1o7gd981.jpg\",\"contentUrl\":\"https:\/\/rioonwatch.org.br\/wp-content\/uploads\/2010\/05\/Z1o7gd981.jpg\",\"width\":160,\"height\":120,\"caption\":\"Casa de moradora completamente pendurada\"},{\"@type\":\"BreadcrumbList\",\"@id\":\"https:\/\/rioonwatch.org.br\/?p=258#breadcrumb\",\"itemListElement\":[{\"@type\":\"ListItem\",\"position\":1,\"name\":\"In\u00edcio\",\"item\":\"https:\/\/rioonwatch.org.br\/\"},{\"@type\":\"ListItem\",\"position\":2,\"name\":\"Ap\u00f3s um m\u00eas, fam\u00edlias ainda sem Aluguel Social no Morro do Fogueteiro\"}]},{\"@type\":\"WebSite\",\"@id\":\"https:\/\/rioonwatch.org.br\/#website\",\"url\":\"https:\/\/rioonwatch.org.br\/\",\"name\":\"RioOnWatch\",\"description\":\"relatos das favelas cariocas\",\"publisher\":{\"@id\":\"https:\/\/rioonwatch.org.br\/#organization\"},\"potentialAction\":[{\"@type\":\"SearchAction\",\"target\":{\"@type\":\"EntryPoint\",\"urlTemplate\":\"https:\/\/rioonwatch.org.br\/?s={search_term_string}\"},\"query-input\":{\"@type\":\"PropertyValueSpecification\",\"valueRequired\":true,\"valueName\":\"search_term_string\"}}],\"inLanguage\":\"pt-BR\"},{\"@type\":\"Organization\",\"@id\":\"https:\/\/rioonwatch.org.br\/#organization\",\"name\":\"RioOnWatch\",\"url\":\"https:\/\/rioonwatch.org.br\/\",\"logo\":{\"@type\":\"ImageObject\",\"inLanguage\":\"pt-BR\",\"@id\":\"https:\/\/rioonwatch.org.br\/#\/schema\/logo\/image\/\",\"url\":\"https:\/\/rioonwatch.org.br\/wp-content\/uploads\/2021\/06\/RioOnWatchcabecalhoPT11anos-2.png\",\"contentUrl\":\"https:\/\/rioonwatch.org.br\/wp-content\/uploads\/2021\/06\/RioOnWatchcabecalhoPT11anos-2.png\",\"width\":779,\"height\":277,\"caption\":\"RioOnWatch\"},\"image\":{\"@id\":\"https:\/\/rioonwatch.org.br\/#\/schema\/logo\/image\/\"}},{\"@type\":\"Person\",\"@id\":\"https:\/\/rioonwatch.org.br\/#\/schema\/person\/7c54ce0a929f914709db001584daa6ee\",\"name\":\"Tiago\",\"image\":{\"@type\":\"ImageObject\",\"inLanguage\":\"pt-BR\",\"@id\":\"https:\/\/rioonwatch.org.br\/#\/schema\/person\/image\/\",\"url\":\"https:\/\/secure.gravatar.com\/avatar\/886b123583861b1f9e1b1393972b9aeb?s=96&d=blank&r=g\",\"contentUrl\":\"https:\/\/secure.gravatar.com\/avatar\/886b123583861b1f9e1b1393972b9aeb?s=96&d=blank&r=g\",\"caption\":\"Tiago\"},\"url\":\"https:\/\/rioonwatch.org.br\/?author=5\"}]}<\/script>\n<!-- \/ Yoast SEO plugin. -->","yoast_head_json":{"title":"Ap\u00f3s um m\u00eas, fam\u00edlias ainda sem Aluguel Social no Morro do Fogueteiro - RioOnWatch","robots":{"index":"index","follow":"follow","max-snippet":"max-snippet:-1","max-image-preview":"max-image-preview:large","max-video-preview":"max-video-preview:-1"},"canonical":"https:\/\/rioonwatch.org.br\/?p=258","og_locale":"pt_BR","og_type":"article","og_title":"Ap\u00f3s um m\u00eas, fam\u00edlias ainda sem Aluguel Social no Morro do Fogueteiro - RioOnWatch","og_description":"Na Comunidade do Morro do Fogueteiro, Santa Teresa, os moradores que\u00a0perderam suas casas com as chuvas ainda continuam sem o amparo da Prefeitura. Um m\u00eas e uma semana ap\u00f3s o terr\u00edvel desastre das chuvas que [...]","og_url":"https:\/\/rioonwatch.org.br\/?p=258","og_site_name":"RioOnWatch","article_published_time":"2010-05-18T22:21:25+00:00","article_modified_time":"2015-08-14T17:52:12+00:00","og_image":[{"width":160,"height":120,"url":"https:\/\/rioonwatch.org.br\/wp-content\/uploads\/2010\/05\/Z1o7gd981.jpg","type":"image\/jpeg"}],"author":"Tiago","twitter_card":"summary_large_image","twitter_misc":{"Escrito por":"Tiago","Est. tempo de leitura":"2 minutos"},"schema":{"@context":"https:\/\/schema.org","@graph":[{"@type":"Article","@id":"https:\/\/rioonwatch.org.br\/?p=258#article","isPartOf":{"@id":"https:\/\/rioonwatch.org.br\/?p=258"},"author":{"name":"Tiago","@id":"https:\/\/rioonwatch.org.br\/#\/schema\/person\/7c54ce0a929f914709db001584daa6ee"},"headline":"Ap\u00f3s um m\u00eas, fam\u00edlias ainda sem Aluguel Social no Morro do Fogueteiro","datePublished":"2010-05-18T22:21:25+00:00","dateModified":"2015-08-14T17:52:12+00:00","mainEntityOfPage":{"@id":"https:\/\/rioonwatch.org.br\/?p=258"},"wordCount":332,"commentCount":0,"publisher":{"@id":"https:\/\/rioonwatch.org.br\/#organization"},"image":{"@id":"https:\/\/rioonwatch.org.br\/?p=258#primaryimage"},"thumbnailUrl":"https:\/\/rioonwatch.org.br\/wp-content\/uploads\/2010\/05\/Z1o7gd981.jpg","keywords":["Aluguel social","Centro","Fogueteiro","reassentamento","Santa Teresa"],"articleSection":["Escrito por Comunicadores Populares"],"inLanguage":"pt-BR","potentialAction":[{"@type":"CommentAction","name":"Comment","target":["https:\/\/rioonwatch.org.br\/?p=258#respond"]}]},{"@type":"WebPage","@id":"https:\/\/rioonwatch.org.br\/?p=258","url":"https:\/\/rioonwatch.org.br\/?p=258","name":"Ap\u00f3s um m\u00eas, fam\u00edlias ainda sem Aluguel Social no Morro do Fogueteiro - RioOnWatch","isPartOf":{"@id":"https:\/\/rioonwatch.org.br\/#website"},"primaryImageOfPage":{"@id":"https:\/\/rioonwatch.org.br\/?p=258#primaryimage"},"image":{"@id":"https:\/\/rioonwatch.org.br\/?p=258#primaryimage"},"thumbnailUrl":"https:\/\/rioonwatch.org.br\/wp-content\/uploads\/2010\/05\/Z1o7gd981.jpg","datePublished":"2010-05-18T22:21:25+00:00","dateModified":"2015-08-14T17:52:12+00:00","breadcrumb":{"@id":"https:\/\/rioonwatch.org.br\/?p=258#breadcrumb"},"inLanguage":"pt-BR","potentialAction":[{"@type":"ReadAction","target":["https:\/\/rioonwatch.org.br\/?p=258"]}]},{"@type":"ImageObject","inLanguage":"pt-BR","@id":"https:\/\/rioonwatch.org.br\/?p=258#primaryimage","url":"https:\/\/rioonwatch.org.br\/wp-content\/uploads\/2010\/05\/Z1o7gd981.jpg","contentUrl":"https:\/\/rioonwatch.org.br\/wp-content\/uploads\/2010\/05\/Z1o7gd981.jpg","width":160,"height":120,"caption":"Casa de moradora completamente pendurada"},{"@type":"BreadcrumbList","@id":"https:\/\/rioonwatch.org.br\/?p=258#breadcrumb","itemListElement":[{"@type":"ListItem","position":1,"name":"In\u00edcio","item":"https:\/\/rioonwatch.org.br\/"},{"@type":"ListItem","position":2,"name":"Ap\u00f3s um m\u00eas, fam\u00edlias ainda sem Aluguel Social no Morro do Fogueteiro"}]},{"@type":"WebSite","@id":"https:\/\/rioonwatch.org.br\/#website","url":"https:\/\/rioonwatch.org.br\/","name":"RioOnWatch","description":"relatos das favelas cariocas","publisher":{"@id":"https:\/\/rioonwatch.org.br\/#organization"},"potentialAction":[{"@type":"SearchAction","target":{"@type":"EntryPoint","urlTemplate":"https:\/\/rioonwatch.org.br\/?s={search_term_string}"},"query-input":{"@type":"PropertyValueSpecification","valueRequired":true,"valueName":"search_term_string"}}],"inLanguage":"pt-BR"},{"@type":"Organization","@id":"https:\/\/rioonwatch.org.br\/#organization","name":"RioOnWatch","url":"https:\/\/rioonwatch.org.br\/","logo":{"@type":"ImageObject","inLanguage":"pt-BR","@id":"https:\/\/rioonwatch.org.br\/#\/schema\/logo\/image\/","url":"https:\/\/rioonwatch.org.br\/wp-content\/uploads\/2021\/06\/RioOnWatchcabecalhoPT11anos-2.png","contentUrl":"https:\/\/rioonwatch.org.br\/wp-content\/uploads\/2021\/06\/RioOnWatchcabecalhoPT11anos-2.png","width":779,"height":277,"caption":"RioOnWatch"},"image":{"@id":"https:\/\/rioonwatch.org.br\/#\/schema\/logo\/image\/"}},{"@type":"Person","@id":"https:\/\/rioonwatch.org.br\/#\/schema\/person\/7c54ce0a929f914709db001584daa6ee","name":"Tiago","image":{"@type":"ImageObject","inLanguage":"pt-BR","@id":"https:\/\/rioonwatch.org.br\/#\/schema\/person\/image\/","url":"https:\/\/secure.gravatar.com\/avatar\/886b123583861b1f9e1b1393972b9aeb?s=96&d=blank&r=g","contentUrl":"https:\/\/secure.gravatar.com\/avatar\/886b123583861b1f9e1b1393972b9aeb?s=96&d=blank&r=g","caption":"Tiago"},"url":"https:\/\/rioonwatch.org.br\/?author=5"}]}},"_links":{"self":[{"href":"https:\/\/rioonwatch.org.br\/index.php?rest_route=\/wp\/v2\/posts\/258"}],"collection":[{"href":"https:\/\/rioonwatch.org.br\/index.php?rest_route=\/wp\/v2\/posts"}],"about":[{"href":"https:\/\/rioonwatch.org.br\/index.php?rest_route=\/wp\/v2\/types\/post"}],"author":[{"embeddable":true,"href":"https:\/\/rioonwatch.org.br\/index.php?rest_route=\/wp\/v2\/users\/5"}],"replies":[{"embeddable":true,"href":"https:\/\/rioonwatch.org.br\/index.php?rest_route=%2Fwp%2Fv2%2Fcomments&post=258"}],"version-history":[{"count":11,"href":"https:\/\/rioonwatch.org.br\/index.php?rest_route=\/wp\/v2\/posts\/258\/revisions"}],"predecessor-version":[{"id":2072,"href":"https:\/\/rioonwatch.org.br\/index.php?rest_route=\/wp\/v2\/posts\/258\/revisions\/2072"}],"wp:featuredmedia":[{"embeddable":true,"href":"https:\/\/rioonwatch.org.br\/index.php?rest_route=\/wp\/v2\/media\/280"}],"wp:attachment":[{"href":"https:\/\/rioonwatch.org.br\/index.php?rest_route=%2Fwp%2Fv2%2Fmedia&parent=258"}],"wp:term":[{"taxonomy":"category","embeddable":true,"href":"https:\/\/rioonwatch.org.br\/index.php?rest_route=%2Fwp%2Fv2%2Fcategories&post=258"},{"taxonomy":"post_tag","embeddable":true,"href":"https:\/\/rioonwatch.org.br\/index.php?rest_route=%2Fwp%2Fv2%2Ftags&post=258"},{"taxonomy":"writer","embeddable":true,"href":"https:\/\/rioonwatch.org.br\/index.php?rest_route=%2Fwp%2Fv2%2Fwriter&post=258"},{"taxonomy":"translator","embeddable":true,"href":"https:\/\/rioonwatch.org.br\/index.php?rest_route=%2Fwp%2Fv2%2Ftranslator&post=258"},{"taxonomy":"source","embeddable":true,"href":"https:\/\/rioonwatch.org.br\/index.php?rest_route=%2Fwp%2Fv2%2Fsource&post=258"},{"taxonomy":"ilustrador","embeddable":true,"href":"https:\/\/rioonwatch.org.br\/index.php?rest_route=%2Fwp%2Fv2%2Filustrador&post=258"},{"taxonomy":"fotografo","embeddable":true,"href":"https:\/\/rioonwatch.org.br\/index.php?rest_route=%2Fwp%2Fv2%2Ffotografo&post=258"}],"curies":[{"name":"wp","href":"https:\/\/api.w.org\/{rel}","templated":true}]}}