{"id":25805,"date":"2017-05-27T09:52:58","date_gmt":"2017-05-27T12:52:58","guid":{"rendered":"http:\/\/rioonwatch.org.br\/?p=25805"},"modified":"2017-05-27T09:52:58","modified_gmt":"2017-05-27T12:52:58","slug":"fechamentos-de-escolas-prejudicam-alunos-professores-e-familias-em-todo-o-rio","status":"publish","type":"post","link":"https:\/\/rioonwatch.org.br\/?p=25805","title":{"rendered":"Fechamentos de Escolas Prejudicam Alunos, Professores e Fam\u00edlias em Todo o Rio"},"content":{"rendered":"<p style=\"text-align: right;\"><em><strong><a href=\"http:\/\/bit.ly\/2pKl8Qt\" target=\"_blank\" rel=\"noopener noreferrer\">Click Here for English<img decoding=\"async\" width=\"20\" height=\"20\" class=\"alignright wp-image-15790\" src=\"http:\/\/rioonwatch.org.br\/wp-content\/uploads\/2012\/08\/EN-standard-e1439583104716.jpg\" alt=\"\" \/><\/a><\/strong><\/em><\/p>\n<p><span style=\"font-weight: 400;\">Com o Rio de Janeiro estando cada vez mais imerso na crise financeira, o setor de <a href=\"http:\/\/bit.ly\/1acNApR\" target=\"_blank\" rel=\"noopener noreferrer\">educa\u00e7\u00e3o<\/a>\u00a0do estado tem sofrido grandes retrocessos. Para combater a possibilidade de fal\u00eancia, o Estado anunciou que at\u00e9 <a href=\"http:\/\/bit.ly\/2qtqQWZ\" target=\"_blank\" rel=\"noopener noreferrer\">1.000 escolas p\u00fablicas<\/a> seriam fechadas nesse pr\u00f3ximo ano. Enquanto professores, estudantes e grupos de defesa do Rio t\u00eam <a href=\"http:\/\/bit.ly\/2qSw9wD\" target=\"_blank\" rel=\"noopener noreferrer\">lutado arduamente<\/a> contra os fechamentos de escolas em massa, o sistema de <a href=\"http:\/\/bit.ly\/2pz2EPy\" target=\"_blank\" rel=\"noopener noreferrer\">educa\u00e7\u00e3o p\u00fablica parece estar\u00a0perdendo o controle<\/a>.<\/span><\/p>\n<p><span style=\"font-weight: 400;\">O Estado do Rio nunca \u00e9 aleat\u00f3rio ao escolher quais escolas fechar. De acordo com Luiza*, professora de uma escola p\u00fablica na <a href=\"http:\/\/bit.ly\/1mNsDyk\" target=\"_blank\" rel=\"noopener noreferrer\">Zona Sul<\/a>, o governo pensa duas vezes antes de fechar uma escola em uma \u00e1rea nobre, ao passo que fechar uma escola em uma favela ou bairro de baixa renda tornou-se algo facilmente resolv\u00edvel. &#8220;Voc\u00ea fecha muito mais tranquilamente uma escola onde as pessoas ricas n\u00e3o veem. A pol\u00edtica \u00e9 de\u00a0<a href=\"http:\/\/bit.ly\/2buISj2\" target=\"_blank\" rel=\"noopener noreferrer\">criminaliza\u00e7\u00e3o da pobreza<\/a>.&#8221; Quando uma escola fecha, os alunos s\u00e3o mandados para outra escola p\u00fablica que tem espa\u00e7o, mas n\u00e3o necessariamente na mesma regi\u00e3o. Muitas vezes, esses alunos t\u00eam de viajar mais de uma hora para chegar \u00e0 escola. &#8220;A gente recebe alunos de muitos lugares diferentes. Quando eles fecham escolas em <a href=\"http:\/\/bit.ly\/2rPF0hC\" target=\"_blank\" rel=\"noopener noreferrer\">bairros perif\u00e9ricos<\/a>, os alunos v\u00eam para a Zona Sul.&#8221; A mistura dos alunos, em seguida, cria uma quest\u00e3o de <a href=\"http:\/\/bit.ly\/2rx2Keh\" target=\"_blank\" rel=\"noopener noreferrer\">superlota\u00e7\u00e3o<\/a>. &#8220;Muitos lugares funcionam como duas escolas em uma&#8221;, disse Luiza.<\/span><\/p>\n<p><a href=\"http:\/\/rioonwatch.org.br\/wp-content\/uploads\/2017\/05\/2016-12-13-OcupaRegional.jpg\"><img fetchpriority=\"high\" decoding=\"async\" class=\"aligncenter wp-image-25809 size-medium\" title=\"Porta de escola ocupada no Rio de Janeiro. Fonte: Centro de M\u00eddia Independente\" src=\"http:\/\/rioonwatch.org.br\/wp-content\/uploads\/2017\/05\/2016-12-13-OcupaRegional-620x414.jpg\" alt=\"\" width=\"620\" height=\"414\" srcset=\"https:\/\/rioonwatch.org.br\/wp-content\/uploads\/2017\/05\/2016-12-13-OcupaRegional-620x414.jpg 620w, https:\/\/rioonwatch.org.br\/wp-content\/uploads\/2017\/05\/2016-12-13-OcupaRegional-396x264.jpg 396w, https:\/\/rioonwatch.org.br\/wp-content\/uploads\/2017\/05\/2016-12-13-OcupaRegional-768x512.jpg 768w, https:\/\/rioonwatch.org.br\/wp-content\/uploads\/2017\/05\/2016-12-13-OcupaRegional.jpg 1000w\" sizes=\"(max-width: 620px) 100vw, 620px\" \/><\/a><\/p>\n<p><span style=\"font-weight: 400;\"><a href=\"http:\/\/bit.ly\/2q4pVew\" target=\"_blank\" rel=\"noopener noreferrer\">Em novembro de 2016<\/a>, alunos e professores realizaram uma audi\u00eancia com o Secret\u00e1rio de Educa\u00e7\u00e3o convocada pela Comiss\u00e3o de Educa\u00e7\u00e3o da Assembl\u00e9ia Legislativa do Rio de Janeiro (<a href=\"http:\/\/bit.ly\/2ac6D1z\" target=\"_blank\" rel=\"noopener noreferrer\">Alerj<\/a>) para discutir o estado das escolas p\u00fablicas, especialmente os fechamentos. Elaine Melchiades, uma aluna de 16 anos de um col\u00e9gio fechado recentemente em Novo Friburgo, <a href=\"http:\/\/bit.ly\/2pyRrNq\" target=\"_blank\" rel=\"noopener noreferrer\">expressou preocupa\u00e7\u00e3o<\/a> com os direitos de seus companheiros de classe e professores. &#8220;Somos pessoas, somos ideias! Se a democracia tem que ser feita, que ela seja feita corretamente. Principalmente com as pessoas que v\u00e3o usufruir disso que est\u00e3o nos oferecendo&#8221;, disse Elaine Melchiades.<\/span><\/p>\n<p><span style=\"font-weight: 400;\">A professora de hist\u00f3ria Simone Duarte, que tamb\u00e9m estava na reuni\u00e3o, descreveu alguns aspectos da realidade que os membros da comunidade enfrentam quando uma escola de bairro \u00e9 fechada. No ano passado, a escola na qual\u00a0Simone ensinava em <a href=\"http:\/\/bit.ly\/1xpT8yS\" target=\"_blank\" rel=\"noopener noreferrer\">Niter\u00f3i<\/a> foi fechada indeterminadamente, e ela viu os efeitos em primeira m\u00e3o. As repercuss\u00f5es dessa decis\u00e3o, ela explicou, eram enormes. &#8220;<\/span><span style=\"font-weight: 400;\">O problema \u00e9 a ideia de pertencimento. A escola atende a comunidade h\u00e1 102 anos, \u00e9 centen\u00e1ria, s\u00f3 nesse pr\u00e9dio a gente est\u00e1 h\u00e1 48 anos. A comunidade tem a escola como refer\u00eancia. Os alunos ficam de\u00a0fora (das decis\u00f5es), os pais dos alunos, que tamb\u00e9m foram alunos da escola, ficam de fora. N\u00e3o houve comunica\u00e7\u00e3o, n\u00e3o houve consulta popular com a\u00a0comunidade. O governo quer ignorar tamb\u00e9m a ideia da diferen\u00e7a entre as comunidades. O que se oferece aos alunos \u00e9 uma escola que fica em uma outra comunidade, isso traz para o aluno e para a fam\u00edlia esse sentimento de inseguran\u00e7a e medo\u201d, disse Simone Duarte.\u00a0<\/span><\/p>\n<p><a href=\"http:\/\/rioonwatch.org.br\/wp-content\/uploads\/2017\/05\/30112016_135017comedu_geral_octaciliobarbosa_30_11_16-e1494465284859.jpg\"><img decoding=\"async\" class=\"aligncenter wp-image-25813 size-medium\" title=\"Reuni\u00e3o com a Secretaria de Educa\u00e7\u00e3o. Fonte: Alerj\" src=\"http:\/\/rioonwatch.org.br\/wp-content\/uploads\/2017\/05\/30112016_135017comedu_geral_octaciliobarbosa_30_11_16-e1494465284859-620x413.jpg\" alt=\"\" width=\"620\" height=\"413\" srcset=\"https:\/\/rioonwatch.org.br\/wp-content\/uploads\/2017\/05\/30112016_135017comedu_geral_octaciliobarbosa_30_11_16-e1494465284859-620x413.jpg 620w, https:\/\/rioonwatch.org.br\/wp-content\/uploads\/2017\/05\/30112016_135017comedu_geral_octaciliobarbosa_30_11_16-e1494465284859-396x264.jpg 396w, https:\/\/rioonwatch.org.br\/wp-content\/uploads\/2017\/05\/30112016_135017comedu_geral_octaciliobarbosa_30_11_16-e1494465284859-768x511.jpg 768w, https:\/\/rioonwatch.org.br\/wp-content\/uploads\/2017\/05\/30112016_135017comedu_geral_octaciliobarbosa_30_11_16-e1494465284859.jpg 1000w\" sizes=\"(max-width: 620px) 100vw, 620px\" \/><\/a><\/p>\n<p><span style=\"font-weight: 400;\">O fechamento de escolas \u00e9 apenas um aspecto dos muitos problemas enfrentados pelo <a href=\"http:\/\/bit.ly\/2qLRbi7\" target=\"_blank\" rel=\"noopener noreferrer\">sistema de escolas p\u00fablicas<\/a> no Rio hoje. Embora seja muito improv\u00e1vel que o governo feche a escola de Luiza na Zona Sul, as condi\u00e7\u00f5es de trabalho tornaram-se praticamente insuport\u00e1veis. Ela mencionou que seu sal\u00e1rio em uma escola n\u00e3o \u00e9 suficiente para pagar o aluguel, ent\u00e3o ela trabalha em mais de uma. Uma das escolas que ela est\u00e1 trabalhando agora n\u00e3o tem dinheiro suficiente para contratar o pessoal administrativo b\u00e1sico&#8211;nem mesmo um porteiro ou pessoal de limpeza. A qualidade do ensino tamb\u00e9m \u00e9 extremamente preocupante. &#8220;Praticamente n\u00e3o h\u00e1 mais professores de f\u00edsica ou qu\u00edmica no sistema de ensino p\u00fablico, todos os qualificados est\u00e3o encontrando outros empregos melhor remunerados.&#8221;<\/span><\/p>\n<p><a href=\"http:\/\/rioonwatch.org.br\/wp-content\/uploads\/2017\/05\/greveProfessoresRio.jpg\"><img loading=\"lazy\" decoding=\"async\" class=\"aligncenter wp-image-25814 size-content\" title=\"Greve pela educa\u00e7\u00e3o. Fonte: Centro de M\u00eddia Independente\" src=\"http:\/\/rioonwatch.org.br\/wp-content\/uploads\/2017\/05\/greveProfessoresRio-620x264.jpg\" alt=\"\" width=\"620\" height=\"264\" srcset=\"https:\/\/rioonwatch.org.br\/wp-content\/uploads\/2017\/05\/greveProfessoresRio-620x264.jpg 620w, https:\/\/rioonwatch.org.br\/wp-content\/uploads\/2017\/05\/greveProfessoresRio-940x400.jpg 940w\" sizes=\"(max-width: 620px) 100vw, 620px\" \/><\/a><\/p>\n<p><span style=\"font-weight: 400;\">Embora a atual crise financeira tenha afetado a grande maioria das pessoas em todo o estado do Rio de Janeiro, as comunidades de baixa renda t\u00eam sido as mais atingidas. Luiza expressou sua frustra\u00e7\u00e3o com a decis\u00e3o da prefeitura de realizar os\u00a0<a href=\"http:\/\/bit.ly\/1uZ9w6o\" target=\"_blank\" rel=\"noopener noreferrer\">megaeventos<\/a> recentes, apesar de sua incapacidade de fornecer servi\u00e7os b\u00e1sicos para os cidad\u00e3os. &#8220;No meu entender, n\u00f3s tivemos a <a href=\"http:\/\/bit.ly\/WfaiMR\" target=\"_blank\" rel=\"noopener noreferrer\">Copa<\/a> que demonstra que a gente n\u00e3o estava sem dinheiro. Agora chegou a hora do governo pagar a conta. Mas est\u00e1 usando o dinheiro das pessoas que precisam. \u00c9 uma crise de moral, mais de moral do que econ\u00f4mica. Tiram dinheiro da educa\u00e7\u00e3o. N\u00f3s estamos lidando com alguns problemas muito s\u00e9rios.&#8221;<\/span><\/p>\n<p><span style=\"font-weight: 400;\">*Alguns nomes neste artigo foram alterados para proteger os entrevistados.<\/span><\/p>\n<!-- AddThis Advanced Settings generic via filter on the_content --><!-- AddThis Share Buttons generic via filter on the_content -->","protected":false},"excerpt":{"rendered":"<div class=\"mh-excerpt\"><p>Click Here for English Com o Rio de Janeiro estando cada vez mais imerso na crise financeira, o setor de educa\u00e7\u00e3o\u00a0do estado tem sofrido grandes retrocessos. Para combater a possibilidade de fal\u00eancia, o Estado anunciou <a class=\"mh-excerpt-more\" href=\"https:\/\/rioonwatch.org.br\/?p=25805\" title=\"Fechamentos de Escolas Prejudicam Alunos, Professores e Fam\u00edlias em Todo o Rio\">[&#8230;]<\/a><!-- AddThis Advanced Settings generic via filter on get_the_excerpt --><!-- AddThis Share Buttons generic via filter on get_the_excerpt --><\/p>\n<\/div>","protected":false},"author":129,"featured_media":25807,"comment_status":"closed","ping_status":"closed","sticky":false,"template":"","format":"standard","meta":{"_acf_changed":false,"_monsterinsights_skip_tracking":false,"_monsterinsights_sitenote_active":false,"_monsterinsights_sitenote_note":"","_monsterinsights_sitenote_category":0,"footnotes":""},"categories":[346,1626,344],"tags":[1239,2134,413,316,1258,10,838,839,763,383],"writer":[2075],"translator":[1971],"source":[],"ilustrador":[],"fotografo":[],"class_list":{"0":"post-25805","1":"post","2":"type-post","3":"status-publish","4":"format-standard","5":"has-post-thumbnail","7":"category-denuncias","8":"category-por-observadores-internacionais","9":"category-politicas","10":"tag-criminalizacao-da-pobreza","11":"tag-crise-fiscal","12":"tag-desigualdade","13":"tag-educacao","14":"tag-entrevista","15":"tag-niteroi","16":"tag-politica-publica","17":"tag-prioridades-publicas-equivocadas","18":"tag-protesto","19":"tag-zona-sul","20":"writer-emilia-sens","21":"translator-geovanna-giannini"},"acf":[],"yoast_head":"<!-- This site is optimized with the Yoast SEO plugin v25.6 - https:\/\/yoast.com\/wordpress\/plugins\/seo\/ -->\n<title>Fechamentos de Escolas Prejudicam Alunos, Professores e Fam\u00edlias em Todo o Rio - RioOnWatch<\/title>\n<meta name=\"robots\" content=\"index, follow, max-snippet:-1, max-image-preview:large, max-video-preview:-1\" \/>\n<link rel=\"canonical\" href=\"https:\/\/rioonwatch.org.br\/?p=25805\" \/>\n<meta property=\"og:locale\" content=\"pt_BR\" \/>\n<meta property=\"og:type\" content=\"article\" \/>\n<meta property=\"og:title\" content=\"Fechamentos de Escolas Prejudicam Alunos, Professores e Fam\u00edlias em Todo o Rio - RioOnWatch\" \/>\n<meta property=\"og:description\" content=\"Click Here for English Com o Rio de Janeiro estando cada vez mais imerso na crise financeira, o setor de educa\u00e7\u00e3o\u00a0do estado tem sofrido grandes retrocessos. Para combater a possibilidade de fal\u00eancia, o Estado anunciou [...]\" \/>\n<meta property=\"og:url\" content=\"https:\/\/rioonwatch.org.br\/?p=25805\" \/>\n<meta property=\"og:site_name\" content=\"RioOnWatch\" \/>\n<meta property=\"article:published_time\" content=\"2017-05-27T12:52:58+00:00\" \/>\n<meta property=\"og:image\" content=\"https:\/\/rioonwatch.org.br\/wp-content\/uploads\/2017\/05\/prov_rj_est54-scaled.jpg\" \/>\n\t<meta property=\"og:image:width\" content=\"2560\" \/>\n\t<meta property=\"og:image:height\" content=\"1707\" \/>\n\t<meta property=\"og:image:type\" content=\"image\/jpeg\" \/>\n<meta name=\"author\" content=\"Admin\" \/>\n<meta name=\"twitter:card\" content=\"summary_large_image\" \/>\n<meta name=\"twitter:label1\" content=\"Escrito por\" \/>\n\t<meta name=\"twitter:data1\" content=\"Admin\" \/>\n\t<meta name=\"twitter:label2\" content=\"Est. tempo de leitura\" \/>\n\t<meta name=\"twitter:data2\" content=\"4 minutos\" \/>\n<script type=\"application\/ld+json\" class=\"yoast-schema-graph\">{\"@context\":\"https:\/\/schema.org\",\"@graph\":[{\"@type\":\"Article\",\"@id\":\"https:\/\/rioonwatch.org.br\/?p=25805#article\",\"isPartOf\":{\"@id\":\"https:\/\/rioonwatch.org.br\/?p=25805\"},\"author\":{\"name\":\"Admin\",\"@id\":\"https:\/\/rioonwatch.org.br\/#\/schema\/person\/11d64c290506f9df50c71b850c473f68\"},\"headline\":\"Fechamentos de Escolas Prejudicam Alunos, Professores e Fam\u00edlias em Todo o Rio\",\"datePublished\":\"2017-05-27T12:52:58+00:00\",\"mainEntityOfPage\":{\"@id\":\"https:\/\/rioonwatch.org.br\/?p=25805\"},\"wordCount\":812,\"publisher\":{\"@id\":\"https:\/\/rioonwatch.org.br\/#organization\"},\"image\":{\"@id\":\"https:\/\/rioonwatch.org.br\/?p=25805#primaryimage\"},\"thumbnailUrl\":\"https:\/\/rioonwatch.org.br\/wp-content\/uploads\/2017\/05\/prov_rj_est54-scaled.jpg\",\"keywords\":[\"criminaliza\u00e7\u00e3o da pobreza\",\"crise fiscal\",\"desigualdade\",\"educa\u00e7\u00e3o\",\"entrevista\",\"Niter\u00f3i\",\"pol\u00edtica p\u00fablica\",\"prioridades p\u00fablicas equivocadas\",\"protesto\",\"Zona Sul\"],\"articleSection\":[\"Den\u00fancias\",\"Escrito por Aliados\",\"Pol\u00edticas\"],\"inLanguage\":\"pt-BR\"},{\"@type\":\"WebPage\",\"@id\":\"https:\/\/rioonwatch.org.br\/?p=25805\",\"url\":\"https:\/\/rioonwatch.org.br\/?p=25805\",\"name\":\"Fechamentos de Escolas Prejudicam Alunos, Professores e Fam\u00edlias em Todo o Rio - RioOnWatch\",\"isPartOf\":{\"@id\":\"https:\/\/rioonwatch.org.br\/#website\"},\"primaryImageOfPage\":{\"@id\":\"https:\/\/rioonwatch.org.br\/?p=25805#primaryimage\"},\"image\":{\"@id\":\"https:\/\/rioonwatch.org.br\/?p=25805#primaryimage\"},\"thumbnailUrl\":\"https:\/\/rioonwatch.org.br\/wp-content\/uploads\/2017\/05\/prov_rj_est54-scaled.jpg\",\"datePublished\":\"2017-05-27T12:52:58+00:00\",\"breadcrumb\":{\"@id\":\"https:\/\/rioonwatch.org.br\/?p=25805#breadcrumb\"},\"inLanguage\":\"pt-BR\",\"potentialAction\":[{\"@type\":\"ReadAction\",\"target\":[\"https:\/\/rioonwatch.org.br\/?p=25805\"]}]},{\"@type\":\"ImageObject\",\"inLanguage\":\"pt-BR\",\"@id\":\"https:\/\/rioonwatch.org.br\/?p=25805#primaryimage\",\"url\":\"https:\/\/rioonwatch.org.br\/wp-content\/uploads\/2017\/05\/prov_rj_est54-scaled.jpg\",\"contentUrl\":\"https:\/\/rioonwatch.org.br\/wp-content\/uploads\/2017\/05\/prov_rj_est54-scaled.jpg\",\"width\":2560,\"height\":1707,\"caption\":\"Escola P\u00fablica Estadual. Fonte: Universidade do Cotidiano\"},{\"@type\":\"BreadcrumbList\",\"@id\":\"https:\/\/rioonwatch.org.br\/?p=25805#breadcrumb\",\"itemListElement\":[{\"@type\":\"ListItem\",\"position\":1,\"name\":\"In\u00edcio\",\"item\":\"https:\/\/rioonwatch.org.br\/\"},{\"@type\":\"ListItem\",\"position\":2,\"name\":\"Fechamentos de Escolas Prejudicam Alunos, Professores e Fam\u00edlias em Todo o Rio\"}]},{\"@type\":\"WebSite\",\"@id\":\"https:\/\/rioonwatch.org.br\/#website\",\"url\":\"https:\/\/rioonwatch.org.br\/\",\"name\":\"RioOnWatch\",\"description\":\"relatos das favelas cariocas\",\"publisher\":{\"@id\":\"https:\/\/rioonwatch.org.br\/#organization\"},\"potentialAction\":[{\"@type\":\"SearchAction\",\"target\":{\"@type\":\"EntryPoint\",\"urlTemplate\":\"https:\/\/rioonwatch.org.br\/?s={search_term_string}\"},\"query-input\":{\"@type\":\"PropertyValueSpecification\",\"valueRequired\":true,\"valueName\":\"search_term_string\"}}],\"inLanguage\":\"pt-BR\"},{\"@type\":\"Organization\",\"@id\":\"https:\/\/rioonwatch.org.br\/#organization\",\"name\":\"RioOnWatch\",\"url\":\"https:\/\/rioonwatch.org.br\/\",\"logo\":{\"@type\":\"ImageObject\",\"inLanguage\":\"pt-BR\",\"@id\":\"https:\/\/rioonwatch.org.br\/#\/schema\/logo\/image\/\",\"url\":\"https:\/\/rioonwatch.org.br\/wp-content\/uploads\/2021\/06\/RioOnWatchcabecalhoPT11anos-2.png\",\"contentUrl\":\"https:\/\/rioonwatch.org.br\/wp-content\/uploads\/2021\/06\/RioOnWatchcabecalhoPT11anos-2.png\",\"width\":779,\"height\":277,\"caption\":\"RioOnWatch\"},\"image\":{\"@id\":\"https:\/\/rioonwatch.org.br\/#\/schema\/logo\/image\/\"}},{\"@type\":\"Person\",\"@id\":\"https:\/\/rioonwatch.org.br\/#\/schema\/person\/11d64c290506f9df50c71b850c473f68\",\"name\":\"Admin\",\"image\":{\"@type\":\"ImageObject\",\"inLanguage\":\"pt-BR\",\"@id\":\"https:\/\/rioonwatch.org.br\/#\/schema\/person\/image\/\",\"url\":\"https:\/\/secure.gravatar.com\/avatar\/56211ac74568383903349a1485e3c325?s=96&d=blank&r=g\",\"contentUrl\":\"https:\/\/secure.gravatar.com\/avatar\/56211ac74568383903349a1485e3c325?s=96&d=blank&r=g\",\"caption\":\"Admin\"},\"url\":\"https:\/\/rioonwatch.org.br\/?author=129\"}]}<\/script>\n<!-- \/ Yoast SEO plugin. -->","yoast_head_json":{"title":"Fechamentos de Escolas Prejudicam Alunos, Professores e Fam\u00edlias em Todo o Rio - RioOnWatch","robots":{"index":"index","follow":"follow","max-snippet":"max-snippet:-1","max-image-preview":"max-image-preview:large","max-video-preview":"max-video-preview:-1"},"canonical":"https:\/\/rioonwatch.org.br\/?p=25805","og_locale":"pt_BR","og_type":"article","og_title":"Fechamentos de Escolas Prejudicam Alunos, Professores e Fam\u00edlias em Todo o Rio - RioOnWatch","og_description":"Click Here for English Com o Rio de Janeiro estando cada vez mais imerso na crise financeira, o setor de educa\u00e7\u00e3o\u00a0do estado tem sofrido grandes retrocessos. Para combater a possibilidade de fal\u00eancia, o Estado anunciou [...]","og_url":"https:\/\/rioonwatch.org.br\/?p=25805","og_site_name":"RioOnWatch","article_published_time":"2017-05-27T12:52:58+00:00","og_image":[{"width":2560,"height":1707,"url":"https:\/\/rioonwatch.org.br\/wp-content\/uploads\/2017\/05\/prov_rj_est54-scaled.jpg","type":"image\/jpeg"}],"author":"Admin","twitter_card":"summary_large_image","twitter_misc":{"Escrito por":"Admin","Est. tempo de leitura":"4 minutos"},"schema":{"@context":"https:\/\/schema.org","@graph":[{"@type":"Article","@id":"https:\/\/rioonwatch.org.br\/?p=25805#article","isPartOf":{"@id":"https:\/\/rioonwatch.org.br\/?p=25805"},"author":{"name":"Admin","@id":"https:\/\/rioonwatch.org.br\/#\/schema\/person\/11d64c290506f9df50c71b850c473f68"},"headline":"Fechamentos de Escolas Prejudicam Alunos, Professores e Fam\u00edlias em Todo o Rio","datePublished":"2017-05-27T12:52:58+00:00","mainEntityOfPage":{"@id":"https:\/\/rioonwatch.org.br\/?p=25805"},"wordCount":812,"publisher":{"@id":"https:\/\/rioonwatch.org.br\/#organization"},"image":{"@id":"https:\/\/rioonwatch.org.br\/?p=25805#primaryimage"},"thumbnailUrl":"https:\/\/rioonwatch.org.br\/wp-content\/uploads\/2017\/05\/prov_rj_est54-scaled.jpg","keywords":["criminaliza\u00e7\u00e3o da pobreza","crise fiscal","desigualdade","educa\u00e7\u00e3o","entrevista","Niter\u00f3i","pol\u00edtica p\u00fablica","prioridades p\u00fablicas equivocadas","protesto","Zona Sul"],"articleSection":["Den\u00fancias","Escrito por Aliados","Pol\u00edticas"],"inLanguage":"pt-BR"},{"@type":"WebPage","@id":"https:\/\/rioonwatch.org.br\/?p=25805","url":"https:\/\/rioonwatch.org.br\/?p=25805","name":"Fechamentos de Escolas Prejudicam Alunos, Professores e Fam\u00edlias em Todo o Rio - RioOnWatch","isPartOf":{"@id":"https:\/\/rioonwatch.org.br\/#website"},"primaryImageOfPage":{"@id":"https:\/\/rioonwatch.org.br\/?p=25805#primaryimage"},"image":{"@id":"https:\/\/rioonwatch.org.br\/?p=25805#primaryimage"},"thumbnailUrl":"https:\/\/rioonwatch.org.br\/wp-content\/uploads\/2017\/05\/prov_rj_est54-scaled.jpg","datePublished":"2017-05-27T12:52:58+00:00","breadcrumb":{"@id":"https:\/\/rioonwatch.org.br\/?p=25805#breadcrumb"},"inLanguage":"pt-BR","potentialAction":[{"@type":"ReadAction","target":["https:\/\/rioonwatch.org.br\/?p=25805"]}]},{"@type":"ImageObject","inLanguage":"pt-BR","@id":"https:\/\/rioonwatch.org.br\/?p=25805#primaryimage","url":"https:\/\/rioonwatch.org.br\/wp-content\/uploads\/2017\/05\/prov_rj_est54-scaled.jpg","contentUrl":"https:\/\/rioonwatch.org.br\/wp-content\/uploads\/2017\/05\/prov_rj_est54-scaled.jpg","width":2560,"height":1707,"caption":"Escola P\u00fablica Estadual. Fonte: Universidade do Cotidiano"},{"@type":"BreadcrumbList","@id":"https:\/\/rioonwatch.org.br\/?p=25805#breadcrumb","itemListElement":[{"@type":"ListItem","position":1,"name":"In\u00edcio","item":"https:\/\/rioonwatch.org.br\/"},{"@type":"ListItem","position":2,"name":"Fechamentos de Escolas Prejudicam Alunos, Professores e Fam\u00edlias em Todo o Rio"}]},{"@type":"WebSite","@id":"https:\/\/rioonwatch.org.br\/#website","url":"https:\/\/rioonwatch.org.br\/","name":"RioOnWatch","description":"relatos das favelas cariocas","publisher":{"@id":"https:\/\/rioonwatch.org.br\/#organization"},"potentialAction":[{"@type":"SearchAction","target":{"@type":"EntryPoint","urlTemplate":"https:\/\/rioonwatch.org.br\/?s={search_term_string}"},"query-input":{"@type":"PropertyValueSpecification","valueRequired":true,"valueName":"search_term_string"}}],"inLanguage":"pt-BR"},{"@type":"Organization","@id":"https:\/\/rioonwatch.org.br\/#organization","name":"RioOnWatch","url":"https:\/\/rioonwatch.org.br\/","logo":{"@type":"ImageObject","inLanguage":"pt-BR","@id":"https:\/\/rioonwatch.org.br\/#\/schema\/logo\/image\/","url":"https:\/\/rioonwatch.org.br\/wp-content\/uploads\/2021\/06\/RioOnWatchcabecalhoPT11anos-2.png","contentUrl":"https:\/\/rioonwatch.org.br\/wp-content\/uploads\/2021\/06\/RioOnWatchcabecalhoPT11anos-2.png","width":779,"height":277,"caption":"RioOnWatch"},"image":{"@id":"https:\/\/rioonwatch.org.br\/#\/schema\/logo\/image\/"}},{"@type":"Person","@id":"https:\/\/rioonwatch.org.br\/#\/schema\/person\/11d64c290506f9df50c71b850c473f68","name":"Admin","image":{"@type":"ImageObject","inLanguage":"pt-BR","@id":"https:\/\/rioonwatch.org.br\/#\/schema\/person\/image\/","url":"https:\/\/secure.gravatar.com\/avatar\/56211ac74568383903349a1485e3c325?s=96&d=blank&r=g","contentUrl":"https:\/\/secure.gravatar.com\/avatar\/56211ac74568383903349a1485e3c325?s=96&d=blank&r=g","caption":"Admin"},"url":"https:\/\/rioonwatch.org.br\/?author=129"}]}},"_links":{"self":[{"href":"https:\/\/rioonwatch.org.br\/index.php?rest_route=\/wp\/v2\/posts\/25805"}],"collection":[{"href":"https:\/\/rioonwatch.org.br\/index.php?rest_route=\/wp\/v2\/posts"}],"about":[{"href":"https:\/\/rioonwatch.org.br\/index.php?rest_route=\/wp\/v2\/types\/post"}],"author":[{"embeddable":true,"href":"https:\/\/rioonwatch.org.br\/index.php?rest_route=\/wp\/v2\/users\/129"}],"replies":[{"embeddable":true,"href":"https:\/\/rioonwatch.org.br\/index.php?rest_route=%2Fwp%2Fv2%2Fcomments&post=25805"}],"version-history":[{"count":11,"href":"https:\/\/rioonwatch.org.br\/index.php?rest_route=\/wp\/v2\/posts\/25805\/revisions"}],"predecessor-version":[{"id":25948,"href":"https:\/\/rioonwatch.org.br\/index.php?rest_route=\/wp\/v2\/posts\/25805\/revisions\/25948"}],"wp:featuredmedia":[{"embeddable":true,"href":"https:\/\/rioonwatch.org.br\/index.php?rest_route=\/wp\/v2\/media\/25807"}],"wp:attachment":[{"href":"https:\/\/rioonwatch.org.br\/index.php?rest_route=%2Fwp%2Fv2%2Fmedia&parent=25805"}],"wp:term":[{"taxonomy":"category","embeddable":true,"href":"https:\/\/rioonwatch.org.br\/index.php?rest_route=%2Fwp%2Fv2%2Fcategories&post=25805"},{"taxonomy":"post_tag","embeddable":true,"href":"https:\/\/rioonwatch.org.br\/index.php?rest_route=%2Fwp%2Fv2%2Ftags&post=25805"},{"taxonomy":"writer","embeddable":true,"href":"https:\/\/rioonwatch.org.br\/index.php?rest_route=%2Fwp%2Fv2%2Fwriter&post=25805"},{"taxonomy":"translator","embeddable":true,"href":"https:\/\/rioonwatch.org.br\/index.php?rest_route=%2Fwp%2Fv2%2Ftranslator&post=25805"},{"taxonomy":"source","embeddable":true,"href":"https:\/\/rioonwatch.org.br\/index.php?rest_route=%2Fwp%2Fv2%2Fsource&post=25805"},{"taxonomy":"ilustrador","embeddable":true,"href":"https:\/\/rioonwatch.org.br\/index.php?rest_route=%2Fwp%2Fv2%2Filustrador&post=25805"},{"taxonomy":"fotografo","embeddable":true,"href":"https:\/\/rioonwatch.org.br\/index.php?rest_route=%2Fwp%2Fv2%2Ffotografo&post=25805"}],"curies":[{"name":"wp","href":"https:\/\/api.w.org\/{rel}","templated":true}]}}