{"id":25851,"date":"2017-05-25T07:49:32","date_gmt":"2017-05-25T10:49:32","guid":{"rendered":"http:\/\/rioonwatch.org.br\/?p=25851"},"modified":"2017-05-27T09:53:22","modified_gmt":"2017-05-27T12:53:22","slug":"centro-de-arte-da-mare-sedia-a-1a-mostra-de-cultura-lgbt","status":"publish","type":"post","link":"https:\/\/rioonwatch.org.br\/?p=25851","title":{"rendered":"Centro de Artes da Mar\u00e9 Sedia 1\u00aa Mostra de Cultura e Cidadania LGBT de Favelas"},"content":{"rendered":"<p style=\"text-align: right;\"><em><strong><a href=\"http:\/\/bit.ly\/2rIthSW\" target=\"_blank\" rel=\"noopener noreferrer\">Click Here for English<img decoding=\"async\" width=\"20\" height=\"20\" class=\"alignright wp-image-15790\" src=\"http:\/\/rioonwatch.org.br\/wp-content\/uploads\/2012\/08\/EN-standard-e1439583104716.jpg\" alt=\"\" \/><\/a><\/strong><\/em><\/p>\n<p><span style=\"font-weight: 400;\">O <\/span><a href=\"http:\/\/bit.ly\/2rKMv9H\" target=\"_blank\" rel=\"noopener noreferrer\"><span style=\"font-weight: 400;\">Centro de Artes da Mar\u00e9<\/span><\/a> <span style=\"font-weight: 400;\">estava lotado na \u00faltima quinta-feira, dia 18 de maio, quando o Laborat\u00f3rio LGBT de\u00a0<\/span><a href=\"http:\/\/bit.ly\/2hKr5cm\" target=\"_blank\" rel=\"noopener noreferrer\"><span style=\"font-weight: 400;\">Teatro do Oprimido<\/span><\/a><span style=\"font-weight: 400;\">\u00a0e <a href=\"http:\/\/bit.ly\/2cvN81S\" target=\"_blank\" rel=\"noopener noreferrer\">Grupo Conex\u00e3o G de Cidadania LGBT de Favelas<\/a> sediaram a <\/span><a href=\"http:\/\/bit.ly\/2qHkSAM\" target=\"_blank\" rel=\"noopener noreferrer\"><span style=\"font-weight: 400;\">Primeira Mostra\u00a0de Cultura e Cidadania LGBT de Favelas<\/span><\/a><span style=\"font-weight: 400;\">. Os participantes, desde estudantes do ensino\u00a0m\u00e9dio a ativistas e pesquisadores universit\u00e1rios tomaram parte de uma extensa gama de atividades incluindo apresenta\u00e7\u00f5es de teatro e capoeira, apresenta\u00e7\u00f5es de livros e uma discuss\u00e3o em mesa redonda. Espera-se que este tenha sido o primeiro, de muitos mais eventos deste tipo, a ser sediado na <\/span><a href=\"http:\/\/bit.ly\/10BvARw\" target=\"_blank\" rel=\"noopener noreferrer\"><span style=\"font-weight: 400;\">Mar\u00e9<\/span><\/a><span style=\"font-weight: 400;\">, na <\/span><a href=\"http:\/\/bit.ly\/WximDf\" target=\"_blank\" rel=\"noopener noreferrer\"><span style=\"font-weight: 400;\">Zona Norte<\/span><\/a> <span style=\"font-weight: 400;\">do Rio de Janeiro.<\/span><\/p>\n<p><span style=\"font-weight: 400;\">O Rio \u00e9 frequentemente visto pelas pessoas de fora como um para\u00edso gay com as suas praias extensas e a famosa comemora\u00e7\u00e3o do Carnaval, mas para muitos indiv\u00edduos LGBT que moram na cidade a realidade est\u00e1 longe deste quadro. Este \u00e9 um motivo pelo qual os organizadores decidiram sediar o evento de quinta-feira. Ainda que\u00a0<\/span><a href=\"http:\/\/bit.ly\/2qkxVEK\" target=\"_blank\" rel=\"noopener noreferrer\"><span style=\"font-weight: 400;\">as quest\u00f5es LGBT n\u00e3o sejam novidade<\/span><\/a> <span style=\"font-weight: 400;\">para os brasileiros ou para os moradores do Rio, \u201co<\/span><span style=\"font-weight: 400;\">\u00a0movimento ainda est\u00e1 muito pautado em uma constru\u00e7\u00e3o branca, europeia\u201d,\u00a0<\/span><span style=\"font-weight: 400;\">explicou Wallace Lino, um ator do grupo.\u00a0<\/span><span style=\"font-weight: 400;\">Muitos participantes sentiram que as discuss\u00f5es em torno das quest\u00f5es LGBT n\u00e3o abrangem a sua experi\u00eancia, que pode\u00a0divergir drasticamente at\u00e9 dentro de uma s\u00f3 comunidade. Enquanto que frequentemente as conversas centram ao redor de uma injusti\u00e7a singular&#8211;os direitos dos gays por exemplo&#8211;os participantes falaram sobre o fato que moradores de\u00a0favelas <\/span><a href=\"http:\/\/bbc.in\/1l31yHY\" target=\"_blank\" rel=\"noopener noreferrer\"><span style=\"font-weight: 400;\">n\u00e3o t\u00eam o privil\u00e9gio de ignorar discuss\u00f5es m\u00faltiplas<\/span><\/a>\u00a0que ocorrem\u00a0<span style=\"font-weight: 400;\">de uma s\u00f3 vez.<\/span><\/p>\n<p><a href=\"http:\/\/rioonwatch.org.br\/wp-content\/uploads\/2017\/05\/marelgbt2.jpg\"><img fetchpriority=\"high\" decoding=\"async\" class=\"aligncenter wp-image-25862 size-content\" title=\"Performance teatral no evento LGBT na Mar\u00e9 - Foto por Douglas Lopes\" src=\"http:\/\/rioonwatch.org.br\/wp-content\/uploads\/2017\/05\/marelgbt2-620x264.jpg\" alt=\"\" width=\"620\" height=\"264\" srcset=\"https:\/\/rioonwatch.org.br\/wp-content\/uploads\/2017\/05\/marelgbt2-620x264.jpg 620w, https:\/\/rioonwatch.org.br\/wp-content\/uploads\/2017\/05\/marelgbt2-1030x438.jpg 1030w, https:\/\/rioonwatch.org.br\/wp-content\/uploads\/2017\/05\/marelgbt2-940x400.jpg 940w\" sizes=\"(max-width: 620px) 100vw, 620px\" \/><\/a><\/p>\n<p><span style=\"font-weight: 400;\">\u00c9 por isso que <\/span><a href=\"http:\/\/bit.ly\/161aJB4\" target=\"_blank\" rel=\"noopener noreferrer\"><span style=\"font-weight: 400;\">o espa\u00e7o para se reunirem\u00a0\u00e9 t\u00e3o importante<\/span><\/a><span style=\"font-weight: 400;\">. Os participantes levantaram problemas que eles e os outros enfrentam nas suas comunidades inclusive a discrimina\u00e7\u00e3o por administradores das escolas, falta de acesso \u00e0 educa\u00e7\u00e3o de qualidade, visibilidade reduzida, a ignor\u00e2ncia dos <\/span><a href=\"http:\/\/bit.ly\/2jTRAbr\" target=\"_blank\" rel=\"noopener noreferrer\"><span style=\"font-weight: 400;\">profissionais de sa\u00fade<\/span><\/a><span style=\"font-weight: 400;\"> e a falta de apoio. A atriz Dandara Vital lembrou, \u201cdepois que eu transicionei e fui expulsa de casa, quem abriu os bra\u00e7os para mim foi a favela\u201d. A Coordenadora do Projeto <\/span><a href=\"http:\/\/bit.ly\/1Ae6f5T\" target=\"_blank\" rel=\"noopener noreferrer\"><span style=\"font-weight: 400;\">Al\u00e9m do Arco-\u00cdris<\/span><\/a><span style=\"font-weight: 400;\">, Laura Mendes, enfatizou declarando que quando era adolescente era obrigada a <\/span><a href=\"http:\/\/bit.ly\/2fe8Mdd\" target=\"_blank\" rel=\"noopener noreferrer\"><span style=\"font-weight: 400;\">trabalhar com sexo<\/span><\/a><span style=\"font-weight: 400;\"> nas ruas, enfrentando ass\u00e9dio e discrimina\u00e7\u00e3o quando muito jovem. \u201cA expectativa de vida de trans \u00e9 35. Sou uma sobrevivente\u201d. Ela continuou explicando que j\u00e1 que muitas pessoas transexuais s\u00e3o expulsas das suas casas, \u00e9 dif\u00edcil para elas terminarem a escola ou conseguir um bom emprego, e muitas acabam passando tempo na pris\u00e3o. &#8220;<\/span><span style=\"font-weight: 400;\">Quando a <a href=\"http:\/\/bit.ly\/1acNApR\" target=\"_blank\" rel=\"noopener noreferrer\">educa\u00e7\u00e3o<\/a> n\u00e3o \u00e9 verdadeira, o sonho do oprimido \u00e9 ser o opressor.&#8221;<\/span><\/p>\n<p><span style=\"font-weight: 400;\">Alessandra Ramos, produtora cultural, introduziu a ideia da interseccionalidade e como estes espa\u00e7os s\u00e3o importantes para discutir as diferen\u00e7as dentro da comunidade LGBT. \u201cEles est\u00e3o organizados para nos atropelar\u201d, ela disse sobre o bloco pol\u00edtico conservador dentro da prefeitura conduzido pelo prefeito evang\u00e9lico <\/span><a href=\"http:\/\/bit.ly\/2cIlnDw\" target=\"_blank\" rel=\"noopener noreferrer\"><span style=\"font-weight: 400;\">Marcelo Crivella<\/span><\/a><span style=\"font-weight: 400;\"> que est\u00e1 tentando cancelar a <a href=\"http:\/\/bit.ly\/2qSd92I\" target=\"_blank\" rel=\"noopener noreferrer\">Parada do Orgulho LGBT<\/a>\u00a0deste ano. Ela continuou comentando como \u00e9 importante manter uma frente unida na luta pelos direitos, mas como \u00e9 dif\u00edcil sem espa\u00e7os desconstruir a ignor\u00e2ncia que existe dentro da pr\u00f3pria comunidade. A contribuinte da mesa-redonda Dayana Gusm\u00e3o mencionou que todos sofrem com a ignor\u00e2ncia, e que \u00e0s vezes \u00e9 necess\u00e1rio se auto-desconstruir.<\/span><\/p>\n<p><a href=\"http:\/\/rioonwatch.org.br\/wp-content\/uploads\/2017\/05\/marelgbt4.jpg\"><img decoding=\"async\" class=\"aligncenter wp-image-25864 size-content\" title=\"Performance no evento LGBT na Mar\u00e9 - Foto por Douglas Lopes\" src=\"http:\/\/rioonwatch.org.br\/wp-content\/uploads\/2017\/05\/marelgbt4-620x264.jpg\" alt=\"\" width=\"620\" height=\"264\" srcset=\"https:\/\/rioonwatch.org.br\/wp-content\/uploads\/2017\/05\/marelgbt4-620x264.jpg 620w, https:\/\/rioonwatch.org.br\/wp-content\/uploads\/2017\/05\/marelgbt4-940x400.jpg 940w\" sizes=\"(max-width: 620px) 100vw, 620px\" \/><\/a><\/p>\n<p><span style=\"font-weight: 400;\">No Brasil, uma pessoa LGBT \u00e9 assassinada a cada <\/span><a href=\"http:\/\/bit.ly\/2ri5fkT\" target=\"_blank\" rel=\"noopener noreferrer\"><span style=\"font-weight: 400;\">25 horas<\/span><\/a><span style=\"font-weight: 400;\">, um jovem negro \u00e9 morto a cada <\/span><a href=\"http:\/\/bbc.in\/2qWP8bq\" target=\"_blank\" rel=\"noopener noreferrer\"><span style=\"font-weight: 400;\">23 minutos<\/span><\/a><span style=\"font-weight: 400;\">, e uma mulher \u00e9 agredida a cada <\/span><a href=\"http:\/\/bit.ly\/2qX2kgg\" target=\"_blank\" rel=\"noopener noreferrer\"><span style=\"font-weight: 400;\">15 segundos<\/span><\/a><span style=\"font-weight: 400;\">. Estes fatos convergem para moradores das favelas em todo o Rio. Na Mar\u00e9, o problema \u00e9 agravado pela ocupa\u00e7\u00e3o cont\u00ednua da pol\u00edcia que tem custado ao governo em m\u00e9dia <\/span><a href=\"http:\/\/bit.ly\/2q4umU5\" target=\"_blank\" rel=\"noopener noreferrer\"><span style=\"font-weight: 400;\">R$1,6 milh\u00f5es<\/span><\/a><span style=\"font-weight: 400;\"> por dia (R$600 milh\u00f5es em 15 meses) e j\u00e1 resultou em 13 mortes em 2017, enquanto o governo gastou l\u00e1 apenas R$303,6 milh\u00f5es em investimentos sociais em seis anos. Como Gusm\u00e3o observou, \u201cN\u00f3s fomos forjados na dor. Nada para a gente veio de gra\u00e7a\u201d. Se voc\u00ea \u00e9 um morador da Mar\u00e9 e gostaria de se envolver, ou um leitor que simplesmente gostaria de fazer uma doa\u00e7\u00e3o, entre em contato com o grupo\u00a0<\/span><a href=\"http:\/\/bit.ly\/2cvN81S\" target=\"_blank\" rel=\"noopener noreferrer\"><span style=\"font-weight: 400;\">Conex\u00e3o G<\/span><\/a><span style=\"font-weight: 400;\">.<\/span><\/p>\n<p><a href=\"http:\/\/rioonwatch.org.br\/wp-content\/uploads\/2017\/05\/marelgbt1.jpg\"><img loading=\"lazy\" decoding=\"async\" class=\"aligncenter wp-image-25867 size-content\" title=\"Mesa redonda no evento LGBT na Mar\u00e9 - Foto por Douglas Lopes\" src=\"http:\/\/rioonwatch.org.br\/wp-content\/uploads\/2017\/05\/marelgbt1-620x264.jpg\" alt=\"\" width=\"620\" height=\"264\" srcset=\"https:\/\/rioonwatch.org.br\/wp-content\/uploads\/2017\/05\/marelgbt1-620x264.jpg 620w, https:\/\/rioonwatch.org.br\/wp-content\/uploads\/2017\/05\/marelgbt1-940x400.jpg 940w\" sizes=\"(max-width: 620px) 100vw, 620px\" \/><\/a><\/p>\n<!-- AddThis Advanced Settings generic via filter on the_content --><!-- AddThis Share Buttons generic via filter on the_content -->","protected":false},"excerpt":{"rendered":"<div class=\"mh-excerpt\"><p>Click Here for English O Centro de Artes da Mar\u00e9 estava lotado na \u00faltima quinta-feira, dia 18 de maio, quando o Laborat\u00f3rio LGBT de\u00a0Teatro do Oprimido\u00a0e Grupo Conex\u00e3o G de Cidadania LGBT de Favelas sediaram <a class=\"mh-excerpt-more\" href=\"https:\/\/rioonwatch.org.br\/?p=25851\" title=\"Centro de Artes da Mar\u00e9 Sedia 1\u00aa Mostra de Cultura e Cidadania LGBT de Favelas\">[&#8230;]<\/a><!-- AddThis Advanced Settings generic via filter on get_the_excerpt --><!-- AddThis Share Buttons generic via filter on get_the_excerpt --><\/p>\n<\/div>","protected":false},"author":129,"featured_media":25856,"comment_status":"closed","ping_status":"closed","sticky":false,"template":"","format":"standard","meta":{"_acf_changed":false,"_monsterinsights_skip_tracking":false,"_monsterinsights_sitenote_active":false,"_monsterinsights_sitenote_note":"","_monsterinsights_sitenote_category":0,"footnotes":""},"categories":[1621,1627,1615,1626,1612,342],"tags":[332,81,421,709,1110,88,1398,1721,1109,476,335,2055,218],"writer":[2133],"translator":[1875],"source":[],"ilustrador":[],"fotografo":[],"class_list":{"0":"post-25851","1":"post","2":"type-post","3":"status-publish","4":"format-standard","5":"has-post-thumbnail","7":"category-destaque","8":"category-relato-de-evento","9":"category-cultura-da-favela","10":"category-por-observadores-internacionais","11":"category-sociedade-civil","12":"category-solucoes","13":"tag-complexo-da-mare","14":"tag-cultura","15":"tag-cultura-da-favela","16":"tag-debate","17":"tag-direitos-dos-homossexuais","18":"tag-direitos-humanos","19":"tag-lgbt","20":"tag-prisoes","21":"tag-sociedade-civil","22":"tag-solucao-comunitaria","23":"tag-teatro","24":"tag-teatro-do-oprimido","25":"tag-zona-norte","26":"writer-tyler-strobl","27":"translator-marina-hennies"},"acf":[],"yoast_head":"<!-- This site is optimized with the Yoast SEO plugin v25.6 - https:\/\/yoast.com\/wordpress\/plugins\/seo\/ -->\n<title>Centro de Artes da Mar\u00e9 Sedia 1\u00aa Mostra de Cultura e Cidadania LGBT de Favelas - RioOnWatch<\/title>\n<meta name=\"robots\" content=\"index, follow, max-snippet:-1, max-image-preview:large, max-video-preview:-1\" \/>\n<link rel=\"canonical\" href=\"https:\/\/rioonwatch.org.br\/?p=25851\" \/>\n<meta property=\"og:locale\" content=\"pt_BR\" \/>\n<meta property=\"og:type\" content=\"article\" \/>\n<meta property=\"og:title\" content=\"Centro de Artes da Mar\u00e9 Sedia 1\u00aa Mostra de Cultura e Cidadania LGBT de Favelas - RioOnWatch\" \/>\n<meta property=\"og:description\" content=\"Click Here for English O Centro de Artes da Mar\u00e9 estava lotado na \u00faltima quinta-feira, dia 18 de maio, quando o Laborat\u00f3rio LGBT de\u00a0Teatro do Oprimido\u00a0e Grupo Conex\u00e3o G de Cidadania LGBT de Favelas sediaram [...]\" \/>\n<meta property=\"og:url\" content=\"https:\/\/rioonwatch.org.br\/?p=25851\" \/>\n<meta property=\"og:site_name\" content=\"RioOnWatch\" \/>\n<meta property=\"article:published_time\" content=\"2017-05-25T10:49:32+00:00\" \/>\n<meta property=\"article:modified_time\" content=\"2017-05-27T12:53:22+00:00\" \/>\n<meta property=\"og:image\" content=\"https:\/\/rioonwatch.org.br\/wp-content\/uploads\/2017\/05\/marelgbt3.jpg\" \/>\n\t<meta property=\"og:image:width\" content=\"1223\" \/>\n\t<meta property=\"og:image:height\" content=\"613\" \/>\n\t<meta property=\"og:image:type\" content=\"image\/jpeg\" \/>\n<meta name=\"author\" content=\"Admin\" \/>\n<meta name=\"twitter:card\" content=\"summary_large_image\" \/>\n<meta name=\"twitter:label1\" content=\"Escrito por\" \/>\n\t<meta name=\"twitter:data1\" content=\"Admin\" \/>\n\t<meta name=\"twitter:label2\" content=\"Est. tempo de leitura\" \/>\n\t<meta name=\"twitter:data2\" content=\"4 minutos\" \/>\n<script type=\"application\/ld+json\" class=\"yoast-schema-graph\">{\"@context\":\"https:\/\/schema.org\",\"@graph\":[{\"@type\":\"Article\",\"@id\":\"https:\/\/rioonwatch.org.br\/?p=25851#article\",\"isPartOf\":{\"@id\":\"https:\/\/rioonwatch.org.br\/?p=25851\"},\"author\":{\"name\":\"Admin\",\"@id\":\"https:\/\/rioonwatch.org.br\/#\/schema\/person\/11d64c290506f9df50c71b850c473f68\"},\"headline\":\"Centro de Artes da Mar\u00e9 Sedia 1\u00aa Mostra de Cultura e Cidadania LGBT de Favelas\",\"datePublished\":\"2017-05-25T10:49:32+00:00\",\"dateModified\":\"2017-05-27T12:53:22+00:00\",\"mainEntityOfPage\":{\"@id\":\"https:\/\/rioonwatch.org.br\/?p=25851\"},\"wordCount\":717,\"publisher\":{\"@id\":\"https:\/\/rioonwatch.org.br\/#organization\"},\"image\":{\"@id\":\"https:\/\/rioonwatch.org.br\/?p=25851#primaryimage\"},\"thumbnailUrl\":\"https:\/\/rioonwatch.org.br\/wp-content\/uploads\/2017\/05\/marelgbt3.jpg\",\"keywords\":[\"Complexo da Mar\u00e9\",\"cultura\",\"cultura da favela\",\"debate\",\"direitos dos homossexuais\",\"Direitos Humanos\",\"LGBTQIAPN+\",\"pris\u00f5es\",\"sociedade civil\",\"solu\u00e7\u00e3o comunit\u00e1ria\",\"teatro\",\"Teatro do Oprimido\",\"Zona Norte\"],\"articleSection\":[\"*Destaque\",\"Cobertura de Eventos\",\"Cultura da Favela\",\"Escrito por Aliados\",\"Sociedade Civil\",\"Solu\u00e7\u00f5es\"],\"inLanguage\":\"pt-BR\"},{\"@type\":\"WebPage\",\"@id\":\"https:\/\/rioonwatch.org.br\/?p=25851\",\"url\":\"https:\/\/rioonwatch.org.br\/?p=25851\",\"name\":\"Centro de Artes da Mar\u00e9 Sedia 1\u00aa Mostra de Cultura e Cidadania LGBT de Favelas - RioOnWatch\",\"isPartOf\":{\"@id\":\"https:\/\/rioonwatch.org.br\/#website\"},\"primaryImageOfPage\":{\"@id\":\"https:\/\/rioonwatch.org.br\/?p=25851#primaryimage\"},\"image\":{\"@id\":\"https:\/\/rioonwatch.org.br\/?p=25851#primaryimage\"},\"thumbnailUrl\":\"https:\/\/rioonwatch.org.br\/wp-content\/uploads\/2017\/05\/marelgbt3.jpg\",\"datePublished\":\"2017-05-25T10:49:32+00:00\",\"dateModified\":\"2017-05-27T12:53:22+00:00\",\"breadcrumb\":{\"@id\":\"https:\/\/rioonwatch.org.br\/?p=25851#breadcrumb\"},\"inLanguage\":\"pt-BR\",\"potentialAction\":[{\"@type\":\"ReadAction\",\"target\":[\"https:\/\/rioonwatch.org.br\/?p=25851\"]}]},{\"@type\":\"ImageObject\",\"inLanguage\":\"pt-BR\",\"@id\":\"https:\/\/rioonwatch.org.br\/?p=25851#primaryimage\",\"url\":\"https:\/\/rioonwatch.org.br\/wp-content\/uploads\/2017\/05\/marelgbt3.jpg\",\"contentUrl\":\"https:\/\/rioonwatch.org.br\/wp-content\/uploads\/2017\/05\/marelgbt3.jpg\",\"width\":1223,\"height\":613},{\"@type\":\"BreadcrumbList\",\"@id\":\"https:\/\/rioonwatch.org.br\/?p=25851#breadcrumb\",\"itemListElement\":[{\"@type\":\"ListItem\",\"position\":1,\"name\":\"In\u00edcio\",\"item\":\"https:\/\/rioonwatch.org.br\/\"},{\"@type\":\"ListItem\",\"position\":2,\"name\":\"Centro de Artes da Mar\u00e9 Sedia 1\u00aa Mostra de Cultura e Cidadania LGBT de Favelas\"}]},{\"@type\":\"WebSite\",\"@id\":\"https:\/\/rioonwatch.org.br\/#website\",\"url\":\"https:\/\/rioonwatch.org.br\/\",\"name\":\"RioOnWatch\",\"description\":\"relatos das favelas cariocas\",\"publisher\":{\"@id\":\"https:\/\/rioonwatch.org.br\/#organization\"},\"potentialAction\":[{\"@type\":\"SearchAction\",\"target\":{\"@type\":\"EntryPoint\",\"urlTemplate\":\"https:\/\/rioonwatch.org.br\/?s={search_term_string}\"},\"query-input\":{\"@type\":\"PropertyValueSpecification\",\"valueRequired\":true,\"valueName\":\"search_term_string\"}}],\"inLanguage\":\"pt-BR\"},{\"@type\":\"Organization\",\"@id\":\"https:\/\/rioonwatch.org.br\/#organization\",\"name\":\"RioOnWatch\",\"url\":\"https:\/\/rioonwatch.org.br\/\",\"logo\":{\"@type\":\"ImageObject\",\"inLanguage\":\"pt-BR\",\"@id\":\"https:\/\/rioonwatch.org.br\/#\/schema\/logo\/image\/\",\"url\":\"https:\/\/rioonwatch.org.br\/wp-content\/uploads\/2021\/06\/RioOnWatchcabecalhoPT11anos-2.png\",\"contentUrl\":\"https:\/\/rioonwatch.org.br\/wp-content\/uploads\/2021\/06\/RioOnWatchcabecalhoPT11anos-2.png\",\"width\":779,\"height\":277,\"caption\":\"RioOnWatch\"},\"image\":{\"@id\":\"https:\/\/rioonwatch.org.br\/#\/schema\/logo\/image\/\"}},{\"@type\":\"Person\",\"@id\":\"https:\/\/rioonwatch.org.br\/#\/schema\/person\/11d64c290506f9df50c71b850c473f68\",\"name\":\"Admin\",\"image\":{\"@type\":\"ImageObject\",\"inLanguage\":\"pt-BR\",\"@id\":\"https:\/\/rioonwatch.org.br\/#\/schema\/person\/image\/\",\"url\":\"https:\/\/secure.gravatar.com\/avatar\/56211ac74568383903349a1485e3c325?s=96&d=blank&r=g\",\"contentUrl\":\"https:\/\/secure.gravatar.com\/avatar\/56211ac74568383903349a1485e3c325?s=96&d=blank&r=g\",\"caption\":\"Admin\"},\"url\":\"https:\/\/rioonwatch.org.br\/?author=129\"}]}<\/script>\n<!-- \/ Yoast SEO plugin. -->","yoast_head_json":{"title":"Centro de Artes da Mar\u00e9 Sedia 1\u00aa Mostra de Cultura e Cidadania LGBT de Favelas - RioOnWatch","robots":{"index":"index","follow":"follow","max-snippet":"max-snippet:-1","max-image-preview":"max-image-preview:large","max-video-preview":"max-video-preview:-1"},"canonical":"https:\/\/rioonwatch.org.br\/?p=25851","og_locale":"pt_BR","og_type":"article","og_title":"Centro de Artes da Mar\u00e9 Sedia 1\u00aa Mostra de Cultura e Cidadania LGBT de Favelas - RioOnWatch","og_description":"Click Here for English O Centro de Artes da Mar\u00e9 estava lotado na \u00faltima quinta-feira, dia 18 de maio, quando o Laborat\u00f3rio LGBT de\u00a0Teatro do Oprimido\u00a0e Grupo Conex\u00e3o G de Cidadania LGBT de Favelas sediaram [...]","og_url":"https:\/\/rioonwatch.org.br\/?p=25851","og_site_name":"RioOnWatch","article_published_time":"2017-05-25T10:49:32+00:00","article_modified_time":"2017-05-27T12:53:22+00:00","og_image":[{"width":1223,"height":613,"url":"https:\/\/rioonwatch.org.br\/wp-content\/uploads\/2017\/05\/marelgbt3.jpg","type":"image\/jpeg"}],"author":"Admin","twitter_card":"summary_large_image","twitter_misc":{"Escrito por":"Admin","Est. tempo de leitura":"4 minutos"},"schema":{"@context":"https:\/\/schema.org","@graph":[{"@type":"Article","@id":"https:\/\/rioonwatch.org.br\/?p=25851#article","isPartOf":{"@id":"https:\/\/rioonwatch.org.br\/?p=25851"},"author":{"name":"Admin","@id":"https:\/\/rioonwatch.org.br\/#\/schema\/person\/11d64c290506f9df50c71b850c473f68"},"headline":"Centro de Artes da Mar\u00e9 Sedia 1\u00aa Mostra de Cultura e Cidadania LGBT de Favelas","datePublished":"2017-05-25T10:49:32+00:00","dateModified":"2017-05-27T12:53:22+00:00","mainEntityOfPage":{"@id":"https:\/\/rioonwatch.org.br\/?p=25851"},"wordCount":717,"publisher":{"@id":"https:\/\/rioonwatch.org.br\/#organization"},"image":{"@id":"https:\/\/rioonwatch.org.br\/?p=25851#primaryimage"},"thumbnailUrl":"https:\/\/rioonwatch.org.br\/wp-content\/uploads\/2017\/05\/marelgbt3.jpg","keywords":["Complexo da Mar\u00e9","cultura","cultura da favela","debate","direitos dos homossexuais","Direitos Humanos","LGBTQIAPN+","pris\u00f5es","sociedade civil","solu\u00e7\u00e3o comunit\u00e1ria","teatro","Teatro do Oprimido","Zona Norte"],"articleSection":["*Destaque","Cobertura de Eventos","Cultura da Favela","Escrito por Aliados","Sociedade Civil","Solu\u00e7\u00f5es"],"inLanguage":"pt-BR"},{"@type":"WebPage","@id":"https:\/\/rioonwatch.org.br\/?p=25851","url":"https:\/\/rioonwatch.org.br\/?p=25851","name":"Centro de Artes da Mar\u00e9 Sedia 1\u00aa Mostra de Cultura e Cidadania LGBT de Favelas - RioOnWatch","isPartOf":{"@id":"https:\/\/rioonwatch.org.br\/#website"},"primaryImageOfPage":{"@id":"https:\/\/rioonwatch.org.br\/?p=25851#primaryimage"},"image":{"@id":"https:\/\/rioonwatch.org.br\/?p=25851#primaryimage"},"thumbnailUrl":"https:\/\/rioonwatch.org.br\/wp-content\/uploads\/2017\/05\/marelgbt3.jpg","datePublished":"2017-05-25T10:49:32+00:00","dateModified":"2017-05-27T12:53:22+00:00","breadcrumb":{"@id":"https:\/\/rioonwatch.org.br\/?p=25851#breadcrumb"},"inLanguage":"pt-BR","potentialAction":[{"@type":"ReadAction","target":["https:\/\/rioonwatch.org.br\/?p=25851"]}]},{"@type":"ImageObject","inLanguage":"pt-BR","@id":"https:\/\/rioonwatch.org.br\/?p=25851#primaryimage","url":"https:\/\/rioonwatch.org.br\/wp-content\/uploads\/2017\/05\/marelgbt3.jpg","contentUrl":"https:\/\/rioonwatch.org.br\/wp-content\/uploads\/2017\/05\/marelgbt3.jpg","width":1223,"height":613},{"@type":"BreadcrumbList","@id":"https:\/\/rioonwatch.org.br\/?p=25851#breadcrumb","itemListElement":[{"@type":"ListItem","position":1,"name":"In\u00edcio","item":"https:\/\/rioonwatch.org.br\/"},{"@type":"ListItem","position":2,"name":"Centro de Artes da Mar\u00e9 Sedia 1\u00aa Mostra de Cultura e Cidadania LGBT de Favelas"}]},{"@type":"WebSite","@id":"https:\/\/rioonwatch.org.br\/#website","url":"https:\/\/rioonwatch.org.br\/","name":"RioOnWatch","description":"relatos das favelas cariocas","publisher":{"@id":"https:\/\/rioonwatch.org.br\/#organization"},"potentialAction":[{"@type":"SearchAction","target":{"@type":"EntryPoint","urlTemplate":"https:\/\/rioonwatch.org.br\/?s={search_term_string}"},"query-input":{"@type":"PropertyValueSpecification","valueRequired":true,"valueName":"search_term_string"}}],"inLanguage":"pt-BR"},{"@type":"Organization","@id":"https:\/\/rioonwatch.org.br\/#organization","name":"RioOnWatch","url":"https:\/\/rioonwatch.org.br\/","logo":{"@type":"ImageObject","inLanguage":"pt-BR","@id":"https:\/\/rioonwatch.org.br\/#\/schema\/logo\/image\/","url":"https:\/\/rioonwatch.org.br\/wp-content\/uploads\/2021\/06\/RioOnWatchcabecalhoPT11anos-2.png","contentUrl":"https:\/\/rioonwatch.org.br\/wp-content\/uploads\/2021\/06\/RioOnWatchcabecalhoPT11anos-2.png","width":779,"height":277,"caption":"RioOnWatch"},"image":{"@id":"https:\/\/rioonwatch.org.br\/#\/schema\/logo\/image\/"}},{"@type":"Person","@id":"https:\/\/rioonwatch.org.br\/#\/schema\/person\/11d64c290506f9df50c71b850c473f68","name":"Admin","image":{"@type":"ImageObject","inLanguage":"pt-BR","@id":"https:\/\/rioonwatch.org.br\/#\/schema\/person\/image\/","url":"https:\/\/secure.gravatar.com\/avatar\/56211ac74568383903349a1485e3c325?s=96&d=blank&r=g","contentUrl":"https:\/\/secure.gravatar.com\/avatar\/56211ac74568383903349a1485e3c325?s=96&d=blank&r=g","caption":"Admin"},"url":"https:\/\/rioonwatch.org.br\/?author=129"}]}},"_links":{"self":[{"href":"https:\/\/rioonwatch.org.br\/index.php?rest_route=\/wp\/v2\/posts\/25851"}],"collection":[{"href":"https:\/\/rioonwatch.org.br\/index.php?rest_route=\/wp\/v2\/posts"}],"about":[{"href":"https:\/\/rioonwatch.org.br\/index.php?rest_route=\/wp\/v2\/types\/post"}],"author":[{"embeddable":true,"href":"https:\/\/rioonwatch.org.br\/index.php?rest_route=\/wp\/v2\/users\/129"}],"replies":[{"embeddable":true,"href":"https:\/\/rioonwatch.org.br\/index.php?rest_route=%2Fwp%2Fv2%2Fcomments&post=25851"}],"version-history":[{"count":20,"href":"https:\/\/rioonwatch.org.br\/index.php?rest_route=\/wp\/v2\/posts\/25851\/revisions"}],"predecessor-version":[{"id":28097,"href":"https:\/\/rioonwatch.org.br\/index.php?rest_route=\/wp\/v2\/posts\/25851\/revisions\/28097"}],"wp:featuredmedia":[{"embeddable":true,"href":"https:\/\/rioonwatch.org.br\/index.php?rest_route=\/wp\/v2\/media\/25856"}],"wp:attachment":[{"href":"https:\/\/rioonwatch.org.br\/index.php?rest_route=%2Fwp%2Fv2%2Fmedia&parent=25851"}],"wp:term":[{"taxonomy":"category","embeddable":true,"href":"https:\/\/rioonwatch.org.br\/index.php?rest_route=%2Fwp%2Fv2%2Fcategories&post=25851"},{"taxonomy":"post_tag","embeddable":true,"href":"https:\/\/rioonwatch.org.br\/index.php?rest_route=%2Fwp%2Fv2%2Ftags&post=25851"},{"taxonomy":"writer","embeddable":true,"href":"https:\/\/rioonwatch.org.br\/index.php?rest_route=%2Fwp%2Fv2%2Fwriter&post=25851"},{"taxonomy":"translator","embeddable":true,"href":"https:\/\/rioonwatch.org.br\/index.php?rest_route=%2Fwp%2Fv2%2Ftranslator&post=25851"},{"taxonomy":"source","embeddable":true,"href":"https:\/\/rioonwatch.org.br\/index.php?rest_route=%2Fwp%2Fv2%2Fsource&post=25851"},{"taxonomy":"ilustrador","embeddable":true,"href":"https:\/\/rioonwatch.org.br\/index.php?rest_route=%2Fwp%2Fv2%2Filustrador&post=25851"},{"taxonomy":"fotografo","embeddable":true,"href":"https:\/\/rioonwatch.org.br\/index.php?rest_route=%2Fwp%2Fv2%2Ffotografo&post=25851"}],"curies":[{"name":"wp","href":"https:\/\/api.w.org\/{rel}","templated":true}]}}