{"id":25955,"date":"2017-05-30T14:38:08","date_gmt":"2017-05-30T17:38:08","guid":{"rendered":"http:\/\/rioonwatch.org.br\/?p=25955"},"modified":"2024-06-20T16:24:36","modified_gmt":"2024-06-20T19:24:36","slug":"museologia-social-na-vila-autodromo-um-novo-jeito-de-pensar-museus","status":"publish","type":"post","link":"https:\/\/rioonwatch.org.br\/?p=25955","title":{"rendered":"Museologia Social na Vila Aut\u00f3dromo: Um Novo Jeito de Pensar Museus"},"content":{"rendered":"<p style=\"text-align: right;\"><em><strong><a href=\"http:\/\/bit.ly\/2rYkefY\" target=\"_blank\" rel=\"noopener noreferrer\">Click Here for English<img decoding=\"async\" width=\"20\" height=\"20\" class=\"alignright wp-image-15790\" src=\"http:\/\/rioonwatch.org.br\/wp-content\/uploads\/2012\/08\/EN-standard-e1439583104716.jpg\" alt=\"\" \/><\/a><\/strong><\/em><\/p>\n<p><span style=\"font-weight: 400;\">Lutando para continuar dando voz \u00e0queles que geralmente s\u00e3o silenciados, o <a href=\"http:\/\/bit.ly\/2rPGSHs\" target=\"_blank\" rel=\"noopener noreferrer\">Museu das Remo\u00e7\u00f5es<\/a>, a <a href=\"http:\/\/bit.ly\/Nfddvg\" target=\"_blank\" rel=\"noopener noreferrer\">Vila Aut\u00f3dromo<\/a>\u00a0e a <a href=\"http:\/\/bit.ly\/2q6MYXg\" target=\"_blank\" rel=\"noopener noreferrer\">Rede de Museologia Social do Rio de Janeiro<\/a> se uniram para oferecer um curso de tr\u00eas dias denominado &#8220;<a href=\"http:\/\/bit.ly\/2rw8Yep\" target=\"_blank\" rel=\"noopener noreferrer\">Museologia Social: Po\u00e9ticas e Pol\u00edticas em Movimento, A Partir de Experi\u00eancias Concretas<\/a>&#8220;. O evento aconteceu entre 19 e 21 de maio, na <a href=\"http:\/\/bit.ly\/2nTDJqX\" target=\"_blank\" rel=\"noopener noreferrer\">Igreja da Vila Aut\u00f3dromo<\/a>, o \u00fanico pr\u00e9dio preservado ap\u00f3s \u00e0s remo\u00e7\u00f5es e demoli\u00e7\u00f5es que antecederam os <a href=\"http:\/\/bit.ly\/1EYRaXr\" target=\"_blank\" rel=\"noopener noreferrer\">Jogos Ol\u00edmpicos<\/a> e um s\u00edmbolo de resist\u00eancia da comunidade. Durante as demoli\u00e7\u00f5es, a igreja serviu como dep\u00f3sito, abrigando m\u00f3veis de\u00a0moradores e servindo com a nova sede da associa\u00e7\u00e3o de moradores, e\u00a0atualmente faz parte do Museu das Remo\u00e7\u00f5es.<\/span><\/p>\n<p><a href=\"http:\/\/rioonwatch.org.br\/wp-content\/uploads\/2017\/05\/Vila-Autodromo-Museologia-Social-3-e1495540244182.jpg\"><img fetchpriority=\"high\" decoding=\"async\" class=\"aligncenter wp-image-25961 size-content\" title=\"Igreja Cat\u00f3lica S\u00e3o Jos\u00e9 Oper\u00e1rio na Vila Aut\u00f3dromo\" src=\"http:\/\/rioonwatch.org.br\/wp-content\/uploads\/2017\/05\/Vila-Autodromo-Museologia-Social-3-e1495540244182-620x264.jpg\" alt=\"\" width=\"620\" height=\"264\" srcset=\"https:\/\/rioonwatch.org.br\/wp-content\/uploads\/2017\/05\/Vila-Autodromo-Museologia-Social-3-e1495540244182-620x264.jpg 620w, https:\/\/rioonwatch.org.br\/wp-content\/uploads\/2017\/05\/Vila-Autodromo-Museologia-Social-3-e1495540244182-940x400.jpg 940w\" sizes=\"(max-width: 620px) 100vw, 620px\" \/><\/a><\/p>\n<p><span style=\"font-weight: 400;\">Estudantes, museologistas, moradores da Vila Aut\u00f3dromo, membros de \u00a0outros <a href=\"http:\/\/bit.ly\/V0UrTq\" target=\"_blank\" rel=\"noopener noreferrer\">museus de favelas<\/a>, ativistas e at\u00e9 mesmo alguns animais de estima\u00e7\u00e3o da comunidade (c\u00e3es abandonados durante o processo de remo\u00e7\u00e3o acabaram sendo adotados e cuidados por <\/span><span style=\"font-weight: 400;\">moradores remanescentes) encheram a igreja num final de semana chuvoso.\u00a0A ativista e moradora\u00a0<a href=\"http:\/\/bit.ly\/1pcDODu\" target=\"_blank\" rel=\"noopener noreferrer\">Maria da Penha<\/a> dava as boas-vindas aos convidados na entrada, aproveitando para ressaltar a import\u00e2ncia do Museu das Remo\u00e7\u00f5es e do acervo, apresentados no <a href=\"http:\/\/bit.ly\/2rzG2SJ\" target=\"_blank\" rel=\"noopener noreferrer\">Museu Hist\u00f3rico Nacional<\/a>\u00a0(MHN) no dia anterior. \u201cMeu sonho \u00e9 que, atrav\u00e9s da nossa luta, outras comunidades n\u00e3o sofram remo\u00e7\u00f5es\u201d, explicou Penha.<\/span><\/p>\n<p><a href=\"http:\/\/rioonwatch.org.br\/wp-content\/uploads\/2017\/05\/Vila-Autodromo-Museologia-Social-6-e1495540332132.jpg\"><img decoding=\"async\" class=\"aligncenter wp-image-25963 size-content\" title=\"Mario Chagas fala ao p\u00fablico\" src=\"http:\/\/rioonwatch.org.br\/wp-content\/uploads\/2017\/05\/Vila-Autodromo-Museologia-Social-6-e1495540332132-620x264.jpg\" alt=\"\" width=\"620\" height=\"264\" srcset=\"https:\/\/rioonwatch.org.br\/wp-content\/uploads\/2017\/05\/Vila-Autodromo-Museologia-Social-6-e1495540332132-620x264.jpg 620w, https:\/\/rioonwatch.org.br\/wp-content\/uploads\/2017\/05\/Vila-Autodromo-Museologia-Social-6-e1495540332132-940x400.jpg 940w\" sizes=\"(max-width: 620px) 100vw, 620px\" \/><\/a><\/p>\n<p><span style=\"font-weight: 400;\">Museologia como resist\u00eancia foi o tema \u00a0em destaque pelo resto do dia. O Dr. Mario de Souza Chagas, que esteve\u00a0envolvido na cria\u00e7\u00e3o de diversos museus comunit\u00e1rios\u00a0no Rio, falou sobre a import\u00e2ncia dos museus como um \u201ccompromisso com a vida e a transforma\u00e7\u00e3o social\u201d. Durante os dois primeiros dias do curso Mario, que \u00e9 poeta, museologista e professor de Ci\u00eancias Sociais, apresentou um semin\u00e1rio originalmente apresentado\u00a0<a href=\"http:\/\/bit.ly\/2rw9Rn2\" target=\"_blank\" rel=\"noopener noreferrer\">na \u00c9cole du Louvre<\/a> em Paris. Com m\u00f3dulos voltados para a descoloniza\u00e7\u00e3o da museologia, mem\u00f3ria e museologia social, e museologia social praticada nos museus comunit\u00e1rios do Rio, as apresenta\u00e7\u00f5es de Mario enfatizaram continuamente a ideia de que \u201ca museologia que n\u00e3o serve \u00e0 vida, tanto org\u00e2nica como social, de nada serve\u201d. \u00a0<\/span><\/p>\n<p><span style=\"font-weight: 400;\">Como anfitri\u00f5es do evento, vozes da Vila Aut\u00f3dromo tiveram destaque durante todo o semin\u00e1rio. Na sexta-feira, <a href=\"http:\/\/bit.ly\/2ozYpli\" target=\"_blank\" rel=\"noopener noreferrer\">Sandra Maria<\/a>, moradora e ativista, apresentou a hist\u00f3ria da comunidade bem como pe\u00e7as restantes dos processos de remo\u00e7\u00f5es que agora integram a cole\u00e7\u00e3o exibida no MHN. No s\u00e1bado os participantes do semin\u00e1rio fizeram um tour pela Vila Aut\u00f3dromo. A comunidade como um todo faz parte do arcervo dos elementos territoriais do Museu das Remo\u00e7\u00f5es, um testemunho da resist\u00eancia e resili\u00eancia da comunidade diante do <a href=\"http:\/\/bit.ly\/2biBczj\" target=\"_blank\" rel=\"noopener noreferrer\">trauma<\/a>. Uma das pe\u00e7as da cole\u00e7\u00e3o do museu, por exemplo, \u00e9 uma <a href=\"http:\/\/bit.ly\/2s80OX3\" target=\"_blank\" rel=\"noopener noreferrer\">barricada<\/a> colocada por membros da comunidade durante os Jogos Ol\u00edmpicos, quando carros e \u00f4nibus utilizavam a via principal da Vila Aut\u00f3dromo para encurtar caminho at\u00e9 o Parque Ol\u00edmpico, colocando em risco crian\u00e7as e animais da comunidade. Essa estrutura, constru\u00edda de acordo com a necessidade, permanece l\u00e1 como parte da paisagem da comunidade, como parte de um museu a c\u00e9u aberto que ativa a mem\u00f3ria em meio \u00e0 rotina di\u00e1ria.<\/span><\/p>\n<p><a href=\"http:\/\/rioonwatch.org.br\/wp-content\/uploads\/2017\/05\/Vila-Autodromo-Museologia-Social-5-e1495540309707.jpg\"><img loading=\"lazy\" decoding=\"async\" class=\"aligncenter wp-image-25965 size-content\" title=\"Uma das v\u00e1rias barricadas constru\u00eddas na Vila Aut\u00f3dromo para obstruir os trabalhadores municipais.\" src=\"http:\/\/rioonwatch.org.br\/wp-content\/uploads\/2017\/05\/Vila-Autodromo-Museologia-Social-5-e1495540309707-620x264.jpg\" alt=\"\" width=\"620\" height=\"264\" srcset=\"https:\/\/rioonwatch.org.br\/wp-content\/uploads\/2017\/05\/Vila-Autodromo-Museologia-Social-5-e1495540309707-620x264.jpg 620w, https:\/\/rioonwatch.org.br\/wp-content\/uploads\/2017\/05\/Vila-Autodromo-Museologia-Social-5-e1495540309707-940x400.jpg 940w\" sizes=\"(max-width: 620px) 100vw, 620px\" \/><\/a><\/p>\n<p><span style=\"font-weight: 400;\">O curso exibido para o grande p\u00fablico foi um marco n\u00e3o s\u00f3 para o Museu das Remo\u00e7\u00f5es da Vila Aut\u00f3dromo mas tamb\u00e9m para a Rede de Museologia Social, um grupo fundado em 2013 que conecta <a href=\"http:\/\/bit.ly\/2s7W8QX\" target=\"_blank\" rel=\"noopener noreferrer\">museus comunit\u00e1rios em todo o Rio de Janeiro<\/a>. Anteriormente tratado como um fen\u00f4meno relativamente obscuro, os museus comunit\u00e1rios v\u00eam se tornando cada vez mais vis\u00edveis nos \u00faltimos anos, mesmo quando suas pr\u00f3prias estruturas f\u00edsicas enfrentam problemas como d\u00edvidas e <a href=\"http:\/\/bit.ly\/1Vpv7n2\" target=\"_blank\" rel=\"noopener noreferrer\">amea\u00e7as<\/a> de remo\u00e7\u00e3o. O evento na Vila Aut\u00f3dromo uniu o\u00a0<a href=\"http:\/\/bit.ly\/1qhz1JJ\" target=\"_blank\" rel=\"noopener noreferrer\">Museu da Mar\u00e9<\/a>, o <a href=\"http:\/\/bit.ly\/2qKE7te\" target=\"_blank\" rel=\"noopener noreferrer\">Museu Vivo do S\u00e3o Bento<\/a> em Duque de Caxias, o <a href=\"http:\/\/bit.ly\/1MXq2w7\" target=\"_blank\" rel=\"noopener noreferrer\">Museu de Favela<\/a> (MUF) no Pav\u00e3o-Pav\u00e3ozinho e Cantagalo, o <a href=\"http:\/\/bit.ly\/2dQ4d70\" target=\"_blank\" rel=\"noopener noreferrer\">Museu Sakofa<\/a> na Rocinha, o <a href=\"http:\/\/bit.ly\/18g1cYP\" target=\"_blank\" rel=\"noopener noreferrer\">Ecomuseu Nega Vilma no Santa Marta<\/a>, o <a href=\"http:\/\/bit.ly\/2qQRuIF\" target=\"_blank\" rel=\"noopener noreferrer\">Ecomuseu Amigos do Rio Joana<\/a>, o <a href=\"http:\/\/bit.ly\/2qcva97\" target=\"_blank\" rel=\"noopener noreferrer\">Ecomuseu de Manguinhos<\/a>, o <a href=\"http:\/\/bit.ly\/2bYn6qA\" target=\"_blank\" rel=\"noopener noreferrer\">Museu do Horto<\/a>\u00a0e o <a href=\"http:\/\/bit.ly\/2rPGSHs\" target=\"_blank\" rel=\"noopener noreferrer\">Museu das Remo\u00e7\u00f5es<\/a>, colocando-os como s\u00edmbolos de uma \u201cnova forma de se imaginar o museu\u201d, que possuem profundas ra\u00edzes hist\u00f3ricas no Rio e em outros exemplos contempor\u00e2neos ao redor do mundo, indo da <a href=\"http:\/\/bit.ly\/2rM1wJe\" target=\"_blank\" rel=\"noopener noreferrer\">Nig\u00e9ria<\/a>\u00a0at\u00e9 os\u00a0<a href=\"http:\/\/s.si.edu\/2rLAp0R\" target=\"_blank\" rel=\"noopener noreferrer\">Estados Unidos<\/a> e o\u00a0<a href=\"http:\/\/bit.ly\/2rcNdk0\" target=\"_blank\" rel=\"noopener noreferrer\">Chile<\/a>. O aumento da comunica\u00e7\u00e3o entre esses museus ir\u00e1 ajud\u00e1-los n\u00e3o s\u00f3 a lutar de forma mais eficaz pela sua perman\u00eancia, mas tamb\u00e9m no compartilhamento de informa\u00e7\u00f5es e ideias e na articula\u00e7\u00e3o de suas mensagens de forma mais clara.<\/span><\/p>\n<p><a href=\"http:\/\/rioonwatch.org.br\/wp-content\/uploads\/2017\/05\/Vila-Autodromo-Museologia-Social-4-e1495540273692-940x400.jpg\"><img loading=\"lazy\" decoding=\"async\" class=\"aligncenter size-content wp-image-25970\" src=\"http:\/\/rioonwatch.org.br\/wp-content\/uploads\/2017\/05\/Vila-Autodromo-Museologia-Social-4-e1495540273692-940x400-620x264.jpg\" alt=\"\" width=\"620\" height=\"264\" srcset=\"https:\/\/rioonwatch.org.br\/wp-content\/uploads\/2017\/05\/Vila-Autodromo-Museologia-Social-4-e1495540273692-940x400-620x264.jpg 620w, https:\/\/rioonwatch.org.br\/wp-content\/uploads\/2017\/05\/Vila-Autodromo-Museologia-Social-4-e1495540273692-940x400-768x327.jpg 768w, https:\/\/rioonwatch.org.br\/wp-content\/uploads\/2017\/05\/Vila-Autodromo-Museologia-Social-4-e1495540273692-940x400.jpg 940w\" sizes=\"(max-width: 620px) 100vw, 620px\" \/><\/a><\/p>\n<p><span style=\"font-weight: 400;\">O terceiro dia de curso colocou em pr\u00e1tica as ideias at\u00e9 ent\u00e3o apresentadas, com participantes trazendo objetos associados com a sua mem\u00f3ria pessoal e os exibindo de forma improvisada e depois, fazendo o mesmo com placas que marcam partes demolidas da Vila Aut\u00f3dromo. O fim de semana terminou com a exibi\u00e7\u00e3o de \u201c<a href=\"http:\/\/bit.ly\/2qclXhd\" target=\"_blank\" rel=\"noopener noreferrer\">Resist\u00eancia<\/a>\u201d, um document\u00e1rio dirigido por Eliza Capai sobre protestos ocorridos durante a atual crise pol\u00edtica brasileira.<\/span><\/p>\n<p><span style=\"font-weight: 400;\">Durante esses tr\u00eas dias, o curso fixou a ideia de museu como um lugar n\u00e3o s\u00f3 para mem\u00f3rias, mas tamb\u00e9m para a\u00e7\u00e3o, um \u201cespa\u00e7o para fazer pol\u00edtica\u201d bem como \u201cum pretexto para a celebrar a vida\u201d. Museus comunit\u00e1rios de favelas s\u00e3o espa\u00e7os cruciais para que vozes comunit\u00e1rias\u00a0se fa\u00e7am ouvir, bem como para trazer quest\u00f5es \u00e0 respeito da vida contempor\u00e2nea. A filosofia subjacente a estes espa\u00e7os se baseia na participa\u00e7\u00e3o ativa entre o museu e os seus visitantes, uma vez que afetam e s\u00e3o afetados uns pelos outros. \u00c0 medida em que as vozes dos museus comunit\u00e1rios v\u00e3o se fortalecendo, essa concep\u00e7\u00e3o vibrante e \u00edntima da mem\u00f3ria e essa experi\u00eancia de museu se tornar\u00e3o mais proeminente, e inspirar\u00e3o tanto moradores de favela como visitantes a pensar sobre o passado, presente e futuro de novas formas.<\/span><\/p>\n<!-- AddThis Advanced Settings generic via filter on the_content --><!-- AddThis Share Buttons generic via filter on the_content -->","protected":false},"excerpt":{"rendered":"<div class=\"mh-excerpt\"><p>Click Here for English Lutando para continuar dando voz \u00e0queles que geralmente s\u00e3o silenciados, o Museu das Remo\u00e7\u00f5es, a Vila Aut\u00f3dromo\u00a0e a Rede de Museologia Social do Rio de Janeiro se uniram para oferecer um <a class=\"mh-excerpt-more\" href=\"https:\/\/rioonwatch.org.br\/?p=25955\" title=\"Museologia Social na Vila Aut\u00f3dromo: Um Novo Jeito de Pensar Museus\">[&#8230;]<\/a><!-- AddThis Advanced Settings generic via filter on get_the_excerpt --><!-- AddThis Share Buttons generic via filter on get_the_excerpt --><\/p>\n<\/div>","protected":false},"author":129,"featured_media":25957,"comment_status":"closed","ping_status":"closed","sticky":false,"template":"","format":"standard","meta":{"_acf_changed":false,"_monsterinsights_skip_tracking":false,"_monsterinsights_sitenote_active":false,"_monsterinsights_sitenote_note":"","_monsterinsights_sitenote_category":0,"footnotes":""},"categories":[1618,1635,1621,1627,1626,1616,1612,342,1628],"tags":[229,759,424,128,636,1240,469,2188,1111,1106,1206,2040,1193,1191,78,358,404,55,218,184],"writer":[2129,2109],"translator":[1959],"source":[],"ilustrador":[],"fotografo":[],"class_list":{"0":"post-25955","1":"post","2":"type-post","3":"status-publish","4":"format-standard","5":"has-post-thumbnail","7":"category-olhonaparticipacao","8":"category-1635","9":"category-destaque","10":"category-relato-de-evento","11":"category-por-observadores-internacionais","12":"category-qualidades-da-favela","13":"category-sociedade-civil","14":"category-solucoes","15":"category-turismo-na-favela","16":"tag-cantagalo","17":"tag-comparacao-internacional","18":"tag-direito-a-moradia","19":"tag-historia","20":"tag-manguinhos","21":"tag-megaeventos","22":"tag-memoria","23":"tag-museologia-social","24":"tag-museu","25":"tag-museu-da-mare","26":"tag-museu-da-rocinha-sankofa","27":"tag-museu-das-remocoes","28":"tag-museu-de-favela","29":"tag-museu-do-horto","30":"tag-olimpiadas","31":"tag-organizacao-comunitaria","32":"tag-sustentabilidade","33":"tag-vila-autodromo","34":"tag-zona-norte","35":"tag-zona-oeste","36":"writer-chloe-villalobos","37":"writer-claire-jones","38":"translator-paula-varajao"},"acf":[],"yoast_head":"<!-- This site is optimized with the Yoast SEO plugin v25.6 - https:\/\/yoast.com\/wordpress\/plugins\/seo\/ -->\n<title>Museologia Social na Vila Aut\u00f3dromo: Um Novo Jeito de Pensar Museus - RioOnWatch<\/title>\n<meta name=\"robots\" content=\"index, follow, max-snippet:-1, max-image-preview:large, max-video-preview:-1\" \/>\n<link rel=\"canonical\" href=\"https:\/\/rioonwatch.org.br\/?p=25955\" \/>\n<meta property=\"og:locale\" content=\"pt_BR\" \/>\n<meta property=\"og:type\" content=\"article\" \/>\n<meta property=\"og:title\" content=\"Museologia Social na Vila Aut\u00f3dromo: Um Novo Jeito de Pensar Museus - RioOnWatch\" \/>\n<meta property=\"og:description\" content=\"Click Here for English Lutando para continuar dando voz \u00e0queles que geralmente s\u00e3o silenciados, o Museu das Remo\u00e7\u00f5es, a Vila Aut\u00f3dromo\u00a0e a Rede de Museologia Social do Rio de Janeiro se uniram para oferecer um [...]\" \/>\n<meta property=\"og:url\" content=\"https:\/\/rioonwatch.org.br\/?p=25955\" \/>\n<meta property=\"og:site_name\" content=\"RioOnWatch\" \/>\n<meta property=\"article:published_time\" content=\"2017-05-30T17:38:08+00:00\" \/>\n<meta property=\"article:modified_time\" content=\"2024-06-20T19:24:36+00:00\" \/>\n<meta property=\"og:image\" content=\"https:\/\/rioonwatch.org.br\/wp-content\/uploads\/2017\/05\/Vila-Autodromo-Museologia-Social-scaled.jpg\" \/>\n\t<meta property=\"og:image:width\" content=\"2560\" \/>\n\t<meta property=\"og:image:height\" content=\"1920\" \/>\n\t<meta property=\"og:image:type\" content=\"image\/jpeg\" \/>\n<meta name=\"author\" content=\"Admin\" \/>\n<meta name=\"twitter:card\" content=\"summary_large_image\" \/>\n<meta name=\"twitter:label1\" content=\"Escrito por\" \/>\n\t<meta name=\"twitter:data1\" content=\"Admin\" \/>\n\t<meta name=\"twitter:label2\" content=\"Est. tempo de leitura\" \/>\n\t<meta name=\"twitter:data2\" content=\"5 minutos\" \/>\n<script type=\"application\/ld+json\" class=\"yoast-schema-graph\">{\"@context\":\"https:\/\/schema.org\",\"@graph\":[{\"@type\":\"Article\",\"@id\":\"https:\/\/rioonwatch.org.br\/?p=25955#article\",\"isPartOf\":{\"@id\":\"https:\/\/rioonwatch.org.br\/?p=25955\"},\"author\":{\"name\":\"Admin\",\"@id\":\"https:\/\/rioonwatch.org.br\/#\/schema\/person\/11d64c290506f9df50c71b850c473f68\"},\"headline\":\"Museologia Social na Vila Aut\u00f3dromo: Um Novo Jeito de Pensar Museus\",\"datePublished\":\"2017-05-30T17:38:08+00:00\",\"dateModified\":\"2024-06-20T19:24:36+00:00\",\"mainEntityOfPage\":{\"@id\":\"https:\/\/rioonwatch.org.br\/?p=25955\"},\"wordCount\":1041,\"publisher\":{\"@id\":\"https:\/\/rioonwatch.org.br\/#organization\"},\"image\":{\"@id\":\"https:\/\/rioonwatch.org.br\/?p=25955#primaryimage\"},\"thumbnailUrl\":\"https:\/\/rioonwatch.org.br\/wp-content\/uploads\/2017\/05\/Vila-Autodromo-Museologia-Social-scaled.jpg\",\"keywords\":[\"Cantagalo\",\"compara\u00e7\u00e3o internacional\",\"Direito \u00e0 Moradia\",\"hist\u00f3ria\",\"Manguinhos\",\"Megaeventos\",\"Mem\u00f3rias Faveladas\",\"museologia social\",\"museu\",\"Museu da Mar\u00e9\",\"Museu da Rocinha Sankofa\",\"Museu das Remo\u00e7\u00f5es\",\"Museu de Favela\",\"Museu do Horto\",\"Olimp\u00edadas\",\"organiza\u00e7\u00e3o comunit\u00e1ria\",\"sustentabilidade\",\"Vila Aut\u00f3dromo\",\"Zona Norte\",\"Zona Oeste\"],\"articleSection\":[\"#OlhoNaParticipa\u00e7\u00e3o\",\"#Rio2016\",\"*Destaque\",\"Cobertura de Eventos\",\"Escrito por Aliados\",\"Qualidades da Favela\",\"Sociedade Civil\",\"Solu\u00e7\u00f5es\",\"Turismo na Favela\"],\"inLanguage\":\"pt-BR\"},{\"@type\":\"WebPage\",\"@id\":\"https:\/\/rioonwatch.org.br\/?p=25955\",\"url\":\"https:\/\/rioonwatch.org.br\/?p=25955\",\"name\":\"Museologia Social na Vila Aut\u00f3dromo: Um Novo Jeito de Pensar Museus - RioOnWatch\",\"isPartOf\":{\"@id\":\"https:\/\/rioonwatch.org.br\/#website\"},\"primaryImageOfPage\":{\"@id\":\"https:\/\/rioonwatch.org.br\/?p=25955#primaryimage\"},\"image\":{\"@id\":\"https:\/\/rioonwatch.org.br\/?p=25955#primaryimage\"},\"thumbnailUrl\":\"https:\/\/rioonwatch.org.br\/wp-content\/uploads\/2017\/05\/Vila-Autodromo-Museologia-Social-scaled.jpg\",\"datePublished\":\"2017-05-30T17:38:08+00:00\",\"dateModified\":\"2024-06-20T19:24:36+00:00\",\"breadcrumb\":{\"@id\":\"https:\/\/rioonwatch.org.br\/?p=25955#breadcrumb\"},\"inLanguage\":\"pt-BR\",\"potentialAction\":[{\"@type\":\"ReadAction\",\"target\":[\"https:\/\/rioonwatch.org.br\/?p=25955\"]}]},{\"@type\":\"ImageObject\",\"inLanguage\":\"pt-BR\",\"@id\":\"https:\/\/rioonwatch.org.br\/?p=25955#primaryimage\",\"url\":\"https:\/\/rioonwatch.org.br\/wp-content\/uploads\/2017\/05\/Vila-Autodromo-Museologia-Social-scaled.jpg\",\"contentUrl\":\"https:\/\/rioonwatch.org.br\/wp-content\/uploads\/2017\/05\/Vila-Autodromo-Museologia-Social-scaled.jpg\",\"width\":2560,\"height\":1920},{\"@type\":\"BreadcrumbList\",\"@id\":\"https:\/\/rioonwatch.org.br\/?p=25955#breadcrumb\",\"itemListElement\":[{\"@type\":\"ListItem\",\"position\":1,\"name\":\"In\u00edcio\",\"item\":\"https:\/\/rioonwatch.org.br\/\"},{\"@type\":\"ListItem\",\"position\":2,\"name\":\"Museologia Social na Vila Aut\u00f3dromo: Um Novo Jeito de Pensar Museus\"}]},{\"@type\":\"WebSite\",\"@id\":\"https:\/\/rioonwatch.org.br\/#website\",\"url\":\"https:\/\/rioonwatch.org.br\/\",\"name\":\"RioOnWatch\",\"description\":\"relatos das favelas cariocas\",\"publisher\":{\"@id\":\"https:\/\/rioonwatch.org.br\/#organization\"},\"potentialAction\":[{\"@type\":\"SearchAction\",\"target\":{\"@type\":\"EntryPoint\",\"urlTemplate\":\"https:\/\/rioonwatch.org.br\/?s={search_term_string}\"},\"query-input\":{\"@type\":\"PropertyValueSpecification\",\"valueRequired\":true,\"valueName\":\"search_term_string\"}}],\"inLanguage\":\"pt-BR\"},{\"@type\":\"Organization\",\"@id\":\"https:\/\/rioonwatch.org.br\/#organization\",\"name\":\"RioOnWatch\",\"url\":\"https:\/\/rioonwatch.org.br\/\",\"logo\":{\"@type\":\"ImageObject\",\"inLanguage\":\"pt-BR\",\"@id\":\"https:\/\/rioonwatch.org.br\/#\/schema\/logo\/image\/\",\"url\":\"https:\/\/rioonwatch.org.br\/wp-content\/uploads\/2021\/06\/RioOnWatchcabecalhoPT11anos-2.png\",\"contentUrl\":\"https:\/\/rioonwatch.org.br\/wp-content\/uploads\/2021\/06\/RioOnWatchcabecalhoPT11anos-2.png\",\"width\":779,\"height\":277,\"caption\":\"RioOnWatch\"},\"image\":{\"@id\":\"https:\/\/rioonwatch.org.br\/#\/schema\/logo\/image\/\"}},{\"@type\":\"Person\",\"@id\":\"https:\/\/rioonwatch.org.br\/#\/schema\/person\/11d64c290506f9df50c71b850c473f68\",\"name\":\"Admin\",\"image\":{\"@type\":\"ImageObject\",\"inLanguage\":\"pt-BR\",\"@id\":\"https:\/\/rioonwatch.org.br\/#\/schema\/person\/image\/\",\"url\":\"https:\/\/secure.gravatar.com\/avatar\/56211ac74568383903349a1485e3c325?s=96&d=blank&r=g\",\"contentUrl\":\"https:\/\/secure.gravatar.com\/avatar\/56211ac74568383903349a1485e3c325?s=96&d=blank&r=g\",\"caption\":\"Admin\"},\"url\":\"https:\/\/rioonwatch.org.br\/?author=129\"}]}<\/script>\n<!-- \/ Yoast SEO plugin. -->","yoast_head_json":{"title":"Museologia Social na Vila Aut\u00f3dromo: Um Novo Jeito de Pensar Museus - RioOnWatch","robots":{"index":"index","follow":"follow","max-snippet":"max-snippet:-1","max-image-preview":"max-image-preview:large","max-video-preview":"max-video-preview:-1"},"canonical":"https:\/\/rioonwatch.org.br\/?p=25955","og_locale":"pt_BR","og_type":"article","og_title":"Museologia Social na Vila Aut\u00f3dromo: Um Novo Jeito de Pensar Museus - RioOnWatch","og_description":"Click Here for English Lutando para continuar dando voz \u00e0queles que geralmente s\u00e3o silenciados, o Museu das Remo\u00e7\u00f5es, a Vila Aut\u00f3dromo\u00a0e a Rede de Museologia Social do Rio de Janeiro se uniram para oferecer um [...]","og_url":"https:\/\/rioonwatch.org.br\/?p=25955","og_site_name":"RioOnWatch","article_published_time":"2017-05-30T17:38:08+00:00","article_modified_time":"2024-06-20T19:24:36+00:00","og_image":[{"width":2560,"height":1920,"url":"https:\/\/rioonwatch.org.br\/wp-content\/uploads\/2017\/05\/Vila-Autodromo-Museologia-Social-scaled.jpg","type":"image\/jpeg"}],"author":"Admin","twitter_card":"summary_large_image","twitter_misc":{"Escrito por":"Admin","Est. tempo de leitura":"5 minutos"},"schema":{"@context":"https:\/\/schema.org","@graph":[{"@type":"Article","@id":"https:\/\/rioonwatch.org.br\/?p=25955#article","isPartOf":{"@id":"https:\/\/rioonwatch.org.br\/?p=25955"},"author":{"name":"Admin","@id":"https:\/\/rioonwatch.org.br\/#\/schema\/person\/11d64c290506f9df50c71b850c473f68"},"headline":"Museologia Social na Vila Aut\u00f3dromo: Um Novo Jeito de Pensar Museus","datePublished":"2017-05-30T17:38:08+00:00","dateModified":"2024-06-20T19:24:36+00:00","mainEntityOfPage":{"@id":"https:\/\/rioonwatch.org.br\/?p=25955"},"wordCount":1041,"publisher":{"@id":"https:\/\/rioonwatch.org.br\/#organization"},"image":{"@id":"https:\/\/rioonwatch.org.br\/?p=25955#primaryimage"},"thumbnailUrl":"https:\/\/rioonwatch.org.br\/wp-content\/uploads\/2017\/05\/Vila-Autodromo-Museologia-Social-scaled.jpg","keywords":["Cantagalo","compara\u00e7\u00e3o internacional","Direito \u00e0 Moradia","hist\u00f3ria","Manguinhos","Megaeventos","Mem\u00f3rias Faveladas","museologia social","museu","Museu da Mar\u00e9","Museu da Rocinha Sankofa","Museu das Remo\u00e7\u00f5es","Museu de Favela","Museu do Horto","Olimp\u00edadas","organiza\u00e7\u00e3o comunit\u00e1ria","sustentabilidade","Vila Aut\u00f3dromo","Zona Norte","Zona Oeste"],"articleSection":["#OlhoNaParticipa\u00e7\u00e3o","#Rio2016","*Destaque","Cobertura de Eventos","Escrito por Aliados","Qualidades da Favela","Sociedade Civil","Solu\u00e7\u00f5es","Turismo na Favela"],"inLanguage":"pt-BR"},{"@type":"WebPage","@id":"https:\/\/rioonwatch.org.br\/?p=25955","url":"https:\/\/rioonwatch.org.br\/?p=25955","name":"Museologia Social na Vila Aut\u00f3dromo: Um Novo Jeito de Pensar Museus - RioOnWatch","isPartOf":{"@id":"https:\/\/rioonwatch.org.br\/#website"},"primaryImageOfPage":{"@id":"https:\/\/rioonwatch.org.br\/?p=25955#primaryimage"},"image":{"@id":"https:\/\/rioonwatch.org.br\/?p=25955#primaryimage"},"thumbnailUrl":"https:\/\/rioonwatch.org.br\/wp-content\/uploads\/2017\/05\/Vila-Autodromo-Museologia-Social-scaled.jpg","datePublished":"2017-05-30T17:38:08+00:00","dateModified":"2024-06-20T19:24:36+00:00","breadcrumb":{"@id":"https:\/\/rioonwatch.org.br\/?p=25955#breadcrumb"},"inLanguage":"pt-BR","potentialAction":[{"@type":"ReadAction","target":["https:\/\/rioonwatch.org.br\/?p=25955"]}]},{"@type":"ImageObject","inLanguage":"pt-BR","@id":"https:\/\/rioonwatch.org.br\/?p=25955#primaryimage","url":"https:\/\/rioonwatch.org.br\/wp-content\/uploads\/2017\/05\/Vila-Autodromo-Museologia-Social-scaled.jpg","contentUrl":"https:\/\/rioonwatch.org.br\/wp-content\/uploads\/2017\/05\/Vila-Autodromo-Museologia-Social-scaled.jpg","width":2560,"height":1920},{"@type":"BreadcrumbList","@id":"https:\/\/rioonwatch.org.br\/?p=25955#breadcrumb","itemListElement":[{"@type":"ListItem","position":1,"name":"In\u00edcio","item":"https:\/\/rioonwatch.org.br\/"},{"@type":"ListItem","position":2,"name":"Museologia Social na Vila Aut\u00f3dromo: Um Novo Jeito de Pensar Museus"}]},{"@type":"WebSite","@id":"https:\/\/rioonwatch.org.br\/#website","url":"https:\/\/rioonwatch.org.br\/","name":"RioOnWatch","description":"relatos das favelas cariocas","publisher":{"@id":"https:\/\/rioonwatch.org.br\/#organization"},"potentialAction":[{"@type":"SearchAction","target":{"@type":"EntryPoint","urlTemplate":"https:\/\/rioonwatch.org.br\/?s={search_term_string}"},"query-input":{"@type":"PropertyValueSpecification","valueRequired":true,"valueName":"search_term_string"}}],"inLanguage":"pt-BR"},{"@type":"Organization","@id":"https:\/\/rioonwatch.org.br\/#organization","name":"RioOnWatch","url":"https:\/\/rioonwatch.org.br\/","logo":{"@type":"ImageObject","inLanguage":"pt-BR","@id":"https:\/\/rioonwatch.org.br\/#\/schema\/logo\/image\/","url":"https:\/\/rioonwatch.org.br\/wp-content\/uploads\/2021\/06\/RioOnWatchcabecalhoPT11anos-2.png","contentUrl":"https:\/\/rioonwatch.org.br\/wp-content\/uploads\/2021\/06\/RioOnWatchcabecalhoPT11anos-2.png","width":779,"height":277,"caption":"RioOnWatch"},"image":{"@id":"https:\/\/rioonwatch.org.br\/#\/schema\/logo\/image\/"}},{"@type":"Person","@id":"https:\/\/rioonwatch.org.br\/#\/schema\/person\/11d64c290506f9df50c71b850c473f68","name":"Admin","image":{"@type":"ImageObject","inLanguage":"pt-BR","@id":"https:\/\/rioonwatch.org.br\/#\/schema\/person\/image\/","url":"https:\/\/secure.gravatar.com\/avatar\/56211ac74568383903349a1485e3c325?s=96&d=blank&r=g","contentUrl":"https:\/\/secure.gravatar.com\/avatar\/56211ac74568383903349a1485e3c325?s=96&d=blank&r=g","caption":"Admin"},"url":"https:\/\/rioonwatch.org.br\/?author=129"}]}},"_links":{"self":[{"href":"https:\/\/rioonwatch.org.br\/index.php?rest_route=\/wp\/v2\/posts\/25955"}],"collection":[{"href":"https:\/\/rioonwatch.org.br\/index.php?rest_route=\/wp\/v2\/posts"}],"about":[{"href":"https:\/\/rioonwatch.org.br\/index.php?rest_route=\/wp\/v2\/types\/post"}],"author":[{"embeddable":true,"href":"https:\/\/rioonwatch.org.br\/index.php?rest_route=\/wp\/v2\/users\/129"}],"replies":[{"embeddable":true,"href":"https:\/\/rioonwatch.org.br\/index.php?rest_route=%2Fwp%2Fv2%2Fcomments&post=25955"}],"version-history":[{"count":19,"href":"https:\/\/rioonwatch.org.br\/index.php?rest_route=\/wp\/v2\/posts\/25955\/revisions"}],"predecessor-version":[{"id":26017,"href":"https:\/\/rioonwatch.org.br\/index.php?rest_route=\/wp\/v2\/posts\/25955\/revisions\/26017"}],"wp:featuredmedia":[{"embeddable":true,"href":"https:\/\/rioonwatch.org.br\/index.php?rest_route=\/wp\/v2\/media\/25957"}],"wp:attachment":[{"href":"https:\/\/rioonwatch.org.br\/index.php?rest_route=%2Fwp%2Fv2%2Fmedia&parent=25955"}],"wp:term":[{"taxonomy":"category","embeddable":true,"href":"https:\/\/rioonwatch.org.br\/index.php?rest_route=%2Fwp%2Fv2%2Fcategories&post=25955"},{"taxonomy":"post_tag","embeddable":true,"href":"https:\/\/rioonwatch.org.br\/index.php?rest_route=%2Fwp%2Fv2%2Ftags&post=25955"},{"taxonomy":"writer","embeddable":true,"href":"https:\/\/rioonwatch.org.br\/index.php?rest_route=%2Fwp%2Fv2%2Fwriter&post=25955"},{"taxonomy":"translator","embeddable":true,"href":"https:\/\/rioonwatch.org.br\/index.php?rest_route=%2Fwp%2Fv2%2Ftranslator&post=25955"},{"taxonomy":"source","embeddable":true,"href":"https:\/\/rioonwatch.org.br\/index.php?rest_route=%2Fwp%2Fv2%2Fsource&post=25955"},{"taxonomy":"ilustrador","embeddable":true,"href":"https:\/\/rioonwatch.org.br\/index.php?rest_route=%2Fwp%2Fv2%2Filustrador&post=25955"},{"taxonomy":"fotografo","embeddable":true,"href":"https:\/\/rioonwatch.org.br\/index.php?rest_route=%2Fwp%2Fv2%2Ffotografo&post=25955"}],"curies":[{"name":"wp","href":"https:\/\/api.w.org\/{rel}","templated":true}]}}