{"id":25991,"date":"2017-06-01T11:42:24","date_gmt":"2017-06-01T14:42:24","guid":{"rendered":"http:\/\/rioonwatch.org.br\/?p=25991"},"modified":"2017-06-02T12:07:42","modified_gmt":"2017-06-02T15:07:42","slug":"encontro-nacional-no-rio-une-maes-de-vitimas-de-violencia-do-estado","status":"publish","type":"post","link":"https:\/\/rioonwatch.org.br\/?p=25991","title":{"rendered":"Encontro Nacional no Rio Une M\u00e3es de V\u00edtimas de Viol\u00eancia do Estado"},"content":{"rendered":"<p style=\"text-align: right;\"><em><strong><a href=\"http:\/\/bit.ly\/2qOSZqx\" target=\"_blank\" rel=\"noopener noreferrer\">Click Here for English<img decoding=\"async\" width=\"20\" height=\"20\" class=\"alignright wp-image-15790\" src=\"http:\/\/rioonwatch.org.br\/wp-content\/uploads\/2012\/08\/EN-standard-e1439583104716.jpg\" alt=\"\" \/><\/a><\/strong><\/em><\/p>\n<p><span style=\"font-weight: 400;\">Chovia torrencialmente na tarde do dia 19 de maio, quando m\u00e3es, parentes e amigos reuniram-se na Avenida Rio Branco, ao lado da Igreja da Candel\u00e1ria no <a href=\"http:\/\/bit.ly\/1qX7nZG\" target=\"_blank\" rel=\"noopener noreferrer\">Centro<\/a><\/span><span style=\"font-weight: 400;\">\u00a0do Rio, para protestar contra a matan\u00e7a ilegal dos seus filhos, parentes e entes queridos.\u00a0Eles portavam faixas, placas e fotos daqueles que haviam perdido devido \u00e0 viol\u00eancia policial, incentivando os espectadores a se manifestarem contra as injusti\u00e7as e as viola\u00e7\u00f5es do Estado aos direitos b\u00e1sicos garantidos pelo pr\u00f3prio Estado.\u00a0Uma das manifestantes declarou: \u201cQueremos dizer que os nossos mortos t\u00eam voz. Que as nossas vidas valem muito\u2026 Que os nossos filhos t\u00eam sonhos, que os nossos filhos t\u00eam o direito de viver\u2026 Estamos aqui para mostrar a voc\u00eas que o m\u00eas de maio \u00e9 o m\u00eas das m\u00e3es e enquanto as m\u00e3es est\u00e3o chorando os seus mortos, n\u00f3s estamos aqui para mostrar para a sociedade que os nossos jovens s\u00e3o jovens sonhadores, e acima de tudo brasileiros&#8221;.<\/span><\/p>\n<p><a href=\"http:\/\/rioonwatch.org.br\/wp-content\/uploads\/2017\/05\/18556112_10206670073589027_1158629294847181986_n.jpg\"><img fetchpriority=\"high\" decoding=\"async\" class=\"aligncenter wp-image-25995 size-content\" title=\"M\u00e3es no protesto no dia 19 de maio, no Centro. Foto de Ailton Martins\" src=\"http:\/\/rioonwatch.org.br\/wp-content\/uploads\/2017\/05\/18556112_10206670073589027_1158629294847181986_n-620x264.jpg\" alt=\"\" width=\"620\" height=\"264\" srcset=\"https:\/\/rioonwatch.org.br\/wp-content\/uploads\/2017\/05\/18556112_10206670073589027_1158629294847181986_n-620x264.jpg 620w, https:\/\/rioonwatch.org.br\/wp-content\/uploads\/2017\/05\/18556112_10206670073589027_1158629294847181986_n-940x400.jpg 940w\" sizes=\"(max-width: 620px) 100vw, 620px\" \/><\/a><\/p>\n<p><span style=\"font-weight: 400;\">A manifesta\u00e7\u00e3o no dia 19 foi o primeiro evento do <\/span><span style=\"font-weight: 400;\"><a href=\"http:\/\/bit.ly\/2rKjTOA\" target=\"_blank\" rel=\"noopener noreferrer\">Segundo Encontro da Rede Nacional de M\u00e3es e Familiares de V\u00edtimas do Terrorismo do Estado<\/a>.\u00a0As fam\u00edlias das v\u00edtimas de todo o Brasil se reuniram com organiza\u00e7\u00f5es como a <a href=\"http:\/\/bit.ly\/1On4Hwl\" target=\"_blank\" rel=\"noopener noreferrer\">Rede de Comunidades e Movimentos contra a Viol\u00eancia<\/a>, <a href=\"http:\/\/bit.ly\/2r7gdJO\" target=\"_blank\" rel=\"noopener noreferrer\">Movimento M\u00e3es de Maio de S\u00e3o Paulo<\/a>, <a href=\"http:\/\/bit.ly\/2roDPJ2\" target=\"_blank\" rel=\"noopener noreferrer\">M\u00e3es de Manguinhos<\/a>, <a href=\"http:\/\/bit.ly\/2o9Uc8b\" target=\"_blank\" rel=\"noopener noreferrer\">Centro dos Direitos Humanos da Diocese de Nova Igua\u00e7u<\/a>, <a href=\"http:\/\/bit.ly\/2rb1xcB\" target=\"_blank\" rel=\"noopener noreferrer\">F\u00f3rum Grita Baixada<\/a>, <a href=\"http:\/\/bit.ly\/1pK8M6N\" target=\"_blank\" rel=\"noopener noreferrer\">F\u00f3rum de Juventudes do Rio de Janeiro<\/a>, <a href=\"https:\/\/glo.bo\/2qaXJnw\" target=\"_blank\" rel=\"noopener noreferrer\">M\u00e3es do Cear\u00e1<\/a>, <a href=\"http:\/\/bit.ly\/2q59eB7\" target=\"_blank\" rel=\"noopener noreferrer\">Associa\u00e7\u00e3o das M\u00e3es e Familiares de V\u00edtimas de Viol\u00eancia do Estado do Esp\u00edrito Santo<\/a>, e M\u00e3es de Belo Horizonte que estavam presentes.\u00a0Os parentes entregaram uma caneta simb\u00f3lica \u00e0 Assembl\u00e9ia Legislativa na esperan\u00e7a de que os seus pedidos se transformem em lei. Suas\u00a0metas incluem a cria\u00e7\u00e3o de um fundo de repara\u00e7\u00e3o \u00e0s fam\u00edlias daqueles que foram mortos, o estabelecimento de uma semana reconhecida pelo Estado para a luta de\u00a0m\u00e3es e parentes das v\u00edtimas de viol\u00eancia do Estado e o apoio para a lei 182\/2\/15, que destituiria os policiais que n\u00e3o apoiam a justi\u00e7a.<\/span><\/p>\n<p><span style=\"font-weight: 400;\">Em 2015, <a href=\"http:\/\/bit.ly\/2smNSvH\" target=\"_blank\" rel=\"noopener noreferrer\">3.345<\/a>\u00a0<\/span><span style=\"font-weight: 400;\">pessoas foram mortas pela pol\u00edcia em todo o Brasil.\u00a0Apenas no estado do Rio de Janeiro,\u00a0foram mortas <a href=\"http:\/\/bit.ly\/2dS2gqP\" target=\"_blank\" rel=\"noopener noreferrer\">645<\/a>.\u00a0Homens negros jovens s\u00e3o desproporcionalmente afetados, compondo<a href=\"http:\/\/bit.ly\/2dS2gqP\" target=\"_blank\" rel=\"noopener noreferrer\"> 75%<\/a> dos n\u00fameros do estado do Rio de Janeiro.\u00a0As M\u00e3es de Maio de S\u00e3o Paulo ainda esperam por <a href=\"http:\/\/bit.ly\/2q0qnM9\" target=\"_blank\" rel=\"noopener noreferrer\">justi\u00e7a aos seus parentes<\/a>\u00a0perdidos com a viol\u00eancia de maio de 2006, quando a pol\u00edcia e membros de fac\u00e7\u00f5es\u00a0se confrontaram durante todo o m\u00eas.\u00a0N\u00e3o se conhece o n\u00famero exato de mortes durante os eventos, mas calcula-se que foram entre <a href=\"https:\/\/glo.bo\/2rryamc\" target=\"_blank\" rel=\"noopener noreferrer\">264 e 600<\/a>.\u00a0No Rio, os assassinatos pela pol\u00edcia <a href=\"http:\/\/bit.ly\/2dS2gqP\" target=\"_blank\" rel=\"noopener noreferrer\">amplificaram-se antes dos Jogos Ol\u00edmpicos<\/a>.\u00a0O Encontro Nacional homenageou especialmente os legados de <a href=\"http:\/\/bit.ly\/1lp79mh\" target=\"_blank\" rel=\"noopener noreferrer\">Jonatan de Oliveira<\/a>\u00a0da favela de <a href=\"http:\/\/bit.ly\/ZC9b6z\" target=\"_blank\" rel=\"noopener noreferrer\">Manguinhos<\/a> e <a href=\"http:\/\/bit.ly\/2r7sy0t\" target=\"_blank\" rel=\"noopener noreferrer\">Vitor Hugo da Cunha<\/a>\u00a0da favela de <a href=\"http:\/\/bit.ly\/13ZsHgY\" target=\"_blank\" rel=\"noopener noreferrer\">Acari<\/a>, cujas mortes deixaram as <a href=\"http:\/\/bit.ly\/2qWcJWq\" target=\"_blank\" rel=\"noopener noreferrer\">comunidades de luto<\/a>.<\/span><\/p>\n<p><span style=\"font-weight: 400;\">O Encontro Nacional continuou no s\u00e1bado \u00e0 tarde com um evento entre gera\u00e7\u00f5es no <a href=\"http:\/\/bit.ly\/2rMY5RH\" target=\"_blank\" rel=\"noopener noreferrer\">Campo Society<\/a><\/span><span style=\"font-weight: 400;\">\u00a0<\/span><span style=\"font-weight: 400;\">em Manguinhos na <\/span><span style=\"font-weight: 400;\"><a href=\"http:\/\/bit.ly\/137W3d8\" target=\"_blank\" rel=\"noopener noreferrer\">Zona Norte<\/a>.\u00a0O evento teve in\u00edcio com a apresenta\u00e7\u00e3o das m\u00e3es e parentes, quando cada uma compartilhou hist\u00f3rias das suas perdas e a busca por justi\u00e7a.\u00a0Tamb\u00e9m houve refer\u00eancia \u00e0 import\u00e2ncia do m\u00eas de maio:\u00a0\u201cMaio \u00e9 um m\u00eas simb\u00f3lico. \u00c9 um m\u00eas em que as mulheres est\u00e3o em luta em todos os seus territ\u00f3rios\u201d, explicou uma das oradoras.\u00a0As m\u00e3es explicaram que o evento tamb\u00e9m representava um dos muitos esfor\u00e7os para a \u201cdesmilitariza\u00e7\u00e3o das Am\u00e9ricas\u201d, e manifestou solidariedade aos movimentos na Col\u00f4mbia, nos <a href=\"http:\/\/bit.ly\/2rfjUM8\" target=\"_blank\" rel=\"noopener noreferrer\">Estados Unidos<\/a> e outros.<\/span><\/p>\n<p><span style=\"font-weight: 400;\">Deborah, m\u00e3e e l\u00edder na organiza\u00e7\u00e3o <\/span><span style=\"font-weight: 400;\"><a href=\"http:\/\/bit.ly\/2qGg8b6\" target=\"_blank\" rel=\"noopener noreferrer\">M\u00e3es de Maio<\/a>\u00a0<\/span><span style=\"font-weight: 400;\">apresentou o movimento, fundado na sequ\u00eancia dos acontecimentos de maio de 2006 em S\u00e3o Paulo.\u00a0O movimento pressiona por mais transpar\u00eancia quanto \u00e0 viol\u00eancia e \u00e0s investiga\u00e7\u00f5es da pol\u00edcia.\u00a0Ela compartilhou com as m\u00e3es que elas precisam agir: \u201cReaja, voc\u00eas t\u00eam uma for\u00e7a que nem voc\u00eas sabem que t\u00eam\u201d. Ela liderou o grupo em uma can\u00e7\u00e3o ind\u00edgena para homenagear um outro movimento de resist\u00eancia que enfrenta a cont\u00ednua oposi\u00e7\u00e3o.<\/span><\/p>\n<p><span style=\"font-weight: 400;\">Em seguida, o Reverendo Geraldo, um l\u00edder religioso na favela de Manguinhos, liderou um c\u00edrculo de ora\u00e7\u00e3o e canto.\u00a0Durante o evento, foram realizadas in\u00fameras oficinas para compartilhar habilidades, como um grupo de jovens representando um projeto de <a href=\"http:\/\/bit.ly\/2qyFMlJ\" target=\"_blank\" rel=\"noopener noreferrer\">agricultura urbana<\/a> e uma cabine montada para cuidar dos cabelos.\u00a0O espa\u00e7o do evento tamb\u00e9m permitiu o engajamento inter-geracional&#8211;as crian\u00e7as brincavam no espa\u00e7o livremente e podiam participar do programa como\u00a0escolhiam.<\/span><\/p>\n<p><span style=\"font-weight: 400;\">Carlos Gon\u00e7alves deu uma palestra sobre os efeitos dos <\/span><span style=\"font-weight: 400;\"><a href=\"http:\/\/bit.ly\/1ACiqeb\" target=\"_blank\" rel=\"noopener noreferrer\">megaeventos<\/a> n<\/span><span style=\"font-weight: 400;\">as tens\u00f5es atuais no Rio de Janeiro, explicando como d\u00e9cadas de pol\u00edticas levaram \u00e0 situa\u00e7\u00e3o atual. De acordo com Carlos, o sistema deve ser mudado na sua ess\u00eancia para come\u00e7ar a abordar as necessidades das\u00a0comunidades: \u201cestas reformas n\u00e3o ser\u00e3o suficientes para dar legitimidade para uma solu\u00e7\u00e3o\u201d.<\/span><\/p>\n<p><a href=\"http:\/\/rioonwatch.org.br\/wp-content\/uploads\/2017\/05\/d9ad3ceb-449a-4dff-a70c-6e4f1a0f38b8-1.jpg\"><img decoding=\"async\" class=\"aligncenter wp-image-25998 size-content\" title=\"Faixa expressa o compromisso das m\u00e3es em clamar: &quot;Nossos Mortos T\u00eam Voz!&quot;\" src=\"http:\/\/rioonwatch.org.br\/wp-content\/uploads\/2017\/05\/d9ad3ceb-449a-4dff-a70c-6e4f1a0f38b8-1-620x264.jpg\" alt=\"\" width=\"620\" height=\"264\" srcset=\"https:\/\/rioonwatch.org.br\/wp-content\/uploads\/2017\/05\/d9ad3ceb-449a-4dff-a70c-6e4f1a0f38b8-1-620x264.jpg 620w, https:\/\/rioonwatch.org.br\/wp-content\/uploads\/2017\/05\/d9ad3ceb-449a-4dff-a70c-6e4f1a0f38b8-1-940x400.jpg 940w\" sizes=\"(max-width: 620px) 100vw, 620px\" \/><\/a><\/p>\n<p><span style=\"font-weight: 400;\">Marina Ribeiro prosseguiu, ap\u00f3s a palestra do Carlos, discutindo a import\u00e2ncia de\u00a0outras quest\u00f5es das mulheres, inclusive a sa\u00fade maternal, e como o racismo institucional pode intersectar com a sa\u00fade.\u00a0Ela contou uma anedota sobre uma jovem mulher que morreu ao dar \u00e0 luz devido a erro m\u00e9dico, um exemplo do grave pre\u00e7o do racismo institucional.\u00a0Ela explica que \u00e9 importante reconhecer como o racismo \u00e9 perpetuado: &#8220;\u00e9\u00a0uma sociedade racista, mas n\u00e3o pelo vi\u00e9s de quem sofre o racismo, mas pelo vi\u00e9s de quem sustenta o racismo&#8221;.<\/span><\/p>\n<p><span style=\"font-weight: 400;\">O programa foi conclu\u00eddo com v\u00e1rias apresenta\u00e7\u00f5es musicais e o grupo soltando bal\u00f5es.\u00a0Como um todo, o Encontro Nacional mostrou o profundo poder destas m\u00e3es nos movimentos locais, nacionais e internacionais.\u00a0A rede das m\u00e3es compartilhar\u00e1 recursos e t\u00e1ticas, apoiando e encorajando-se mutuamente, e servindo como vozes para os seus filhos, at\u00e9 que as suas metas pol\u00edticas e sociais sejam alcan\u00e7adas.<\/span><\/p>\n<!-- AddThis Advanced Settings generic via filter on the_content --><!-- AddThis Share Buttons generic via filter on the_content -->","protected":false},"excerpt":{"rendered":"<div class=\"mh-excerpt\"><p>Click Here for English Chovia torrencialmente na tarde do dia 19 de maio, quando m\u00e3es, parentes e amigos reuniram-se na Avenida Rio Branco, ao lado da Igreja da Candel\u00e1ria no Centro\u00a0do Rio, para protestar contra <a class=\"mh-excerpt-more\" href=\"https:\/\/rioonwatch.org.br\/?p=25991\" title=\"Encontro Nacional no Rio Une M\u00e3es de V\u00edtimas de Viol\u00eancia do Estado\">[&#8230;]<\/a><!-- AddThis Advanced Settings generic via filter on get_the_excerpt --><!-- AddThis Share Buttons generic via filter on get_the_excerpt --><\/p>\n<\/div>","protected":false},"author":129,"featured_media":25993,"comment_status":"closed","ping_status":"closed","sticky":false,"template":"","format":"standard","meta":{"_acf_changed":false,"_monsterinsights_skip_tracking":false,"_monsterinsights_sitenote_active":false,"_monsterinsights_sitenote_note":"","_monsterinsights_sitenote_category":0,"footnotes":""},"categories":[1621,1627,346,1626,1612,342],"tags":[592,259,88,662,42,113,636,1151,763,283,919,920,52,218],"writer":[2124],"translator":[1875],"source":[],"ilustrador":[],"fotografo":[],"class_list":{"0":"post-25991","1":"post","2":"type-post","3":"status-publish","4":"format-standard","5":"has-post-thumbnail","7":"category-destaque","8":"category-relato-de-evento","9":"category-denuncias","10":"category-por-observadores-internacionais","11":"category-sociedade-civil","12":"category-solucoes","13":"tag-acari","14":"tag-centro","15":"tag-direitos-humanos","16":"tag-forum-de-juventude-do-rio-de-janeiro","17":"tag-genero","18":"tag-juventude","19":"tag-manguinhos","20":"tag-organizacao","21":"tag-protesto","22":"tag-rede-contra-violencia","23":"tag-reforma-da-policia","24":"tag-violencia-de-estado","25":"tag-violencia-policial","26":"tag-zona-norte","27":"writer-raine-robichaud","28":"translator-marina-hennies"},"acf":[],"yoast_head":"<!-- This site is optimized with the Yoast SEO plugin v25.6 - https:\/\/yoast.com\/wordpress\/plugins\/seo\/ -->\n<title>Encontro Nacional no Rio Une M\u00e3es de V\u00edtimas de Viol\u00eancia do Estado - RioOnWatch<\/title>\n<meta name=\"robots\" content=\"index, follow, max-snippet:-1, max-image-preview:large, max-video-preview:-1\" \/>\n<link rel=\"canonical\" href=\"https:\/\/rioonwatch.org.br\/?p=25991\" \/>\n<meta property=\"og:locale\" content=\"pt_BR\" \/>\n<meta property=\"og:type\" content=\"article\" \/>\n<meta property=\"og:title\" content=\"Encontro Nacional no Rio Une M\u00e3es de V\u00edtimas de Viol\u00eancia do Estado - RioOnWatch\" \/>\n<meta property=\"og:description\" content=\"Click Here for English Chovia torrencialmente na tarde do dia 19 de maio, quando m\u00e3es, parentes e amigos reuniram-se na Avenida Rio Branco, ao lado da Igreja da Candel\u00e1ria no Centro\u00a0do Rio, para protestar contra [...]\" \/>\n<meta property=\"og:url\" content=\"https:\/\/rioonwatch.org.br\/?p=25991\" \/>\n<meta property=\"og:site_name\" content=\"RioOnWatch\" \/>\n<meta property=\"article:published_time\" content=\"2017-06-01T14:42:24+00:00\" \/>\n<meta property=\"article:modified_time\" content=\"2017-06-02T15:07:42+00:00\" \/>\n<meta property=\"og:image\" content=\"https:\/\/rioonwatch.org.br\/wp-content\/uploads\/2017\/05\/d9ad3ceb-449a-4dff-a70c-6e4f1a0f38b8.jpg\" \/>\n\t<meta property=\"og:image:width\" content=\"1280\" \/>\n\t<meta property=\"og:image:height\" content=\"720\" \/>\n\t<meta property=\"og:image:type\" content=\"image\/jpeg\" \/>\n<meta name=\"author\" content=\"Admin\" \/>\n<meta name=\"twitter:card\" content=\"summary_large_image\" \/>\n<meta name=\"twitter:label1\" content=\"Escrito por\" \/>\n\t<meta name=\"twitter:data1\" content=\"Admin\" \/>\n\t<meta name=\"twitter:label2\" content=\"Est. tempo de leitura\" \/>\n\t<meta name=\"twitter:data2\" content=\"5 minutos\" \/>\n<script type=\"application\/ld+json\" class=\"yoast-schema-graph\">{\"@context\":\"https:\/\/schema.org\",\"@graph\":[{\"@type\":\"Article\",\"@id\":\"https:\/\/rioonwatch.org.br\/?p=25991#article\",\"isPartOf\":{\"@id\":\"https:\/\/rioonwatch.org.br\/?p=25991\"},\"author\":{\"name\":\"Admin\",\"@id\":\"https:\/\/rioonwatch.org.br\/#\/schema\/person\/11d64c290506f9df50c71b850c473f68\"},\"headline\":\"Encontro Nacional no Rio Une M\u00e3es de V\u00edtimas de Viol\u00eancia do Estado\",\"datePublished\":\"2017-06-01T14:42:24+00:00\",\"dateModified\":\"2017-06-02T15:07:42+00:00\",\"mainEntityOfPage\":{\"@id\":\"https:\/\/rioonwatch.org.br\/?p=25991\"},\"wordCount\":1063,\"publisher\":{\"@id\":\"https:\/\/rioonwatch.org.br\/#organization\"},\"image\":{\"@id\":\"https:\/\/rioonwatch.org.br\/?p=25991#primaryimage\"},\"thumbnailUrl\":\"https:\/\/rioonwatch.org.br\/wp-content\/uploads\/2017\/05\/d9ad3ceb-449a-4dff-a70c-6e4f1a0f38b8.jpg\",\"keywords\":[\"Acari\",\"Centro\",\"Direitos Humanos\",\"Forum de Juventudes do Rio de Janeiro\",\"g\u00eanero\",\"juventude\",\"Manguinhos\",\"mobiliza\u00e7\u00e3o\",\"protesto\",\"Rede Contra Viol\u00eancia\",\"reforma da pol\u00edcia\",\"viol\u00eancia de Estado\",\"viol\u00eancia policial\",\"Zona Norte\"],\"articleSection\":[\"*Destaque\",\"Cobertura de Eventos\",\"Den\u00fancias\",\"Escrito por Aliados\",\"Sociedade Civil\",\"Solu\u00e7\u00f5es\"],\"inLanguage\":\"pt-BR\"},{\"@type\":\"WebPage\",\"@id\":\"https:\/\/rioonwatch.org.br\/?p=25991\",\"url\":\"https:\/\/rioonwatch.org.br\/?p=25991\",\"name\":\"Encontro Nacional no Rio Une M\u00e3es de V\u00edtimas de Viol\u00eancia do Estado - RioOnWatch\",\"isPartOf\":{\"@id\":\"https:\/\/rioonwatch.org.br\/#website\"},\"primaryImageOfPage\":{\"@id\":\"https:\/\/rioonwatch.org.br\/?p=25991#primaryimage\"},\"image\":{\"@id\":\"https:\/\/rioonwatch.org.br\/?p=25991#primaryimage\"},\"thumbnailUrl\":\"https:\/\/rioonwatch.org.br\/wp-content\/uploads\/2017\/05\/d9ad3ceb-449a-4dff-a70c-6e4f1a0f38b8.jpg\",\"datePublished\":\"2017-06-01T14:42:24+00:00\",\"dateModified\":\"2017-06-02T15:07:42+00:00\",\"breadcrumb\":{\"@id\":\"https:\/\/rioonwatch.org.br\/?p=25991#breadcrumb\"},\"inLanguage\":\"pt-BR\",\"potentialAction\":[{\"@type\":\"ReadAction\",\"target\":[\"https:\/\/rioonwatch.org.br\/?p=25991\"]}]},{\"@type\":\"ImageObject\",\"inLanguage\":\"pt-BR\",\"@id\":\"https:\/\/rioonwatch.org.br\/?p=25991#primaryimage\",\"url\":\"https:\/\/rioonwatch.org.br\/wp-content\/uploads\/2017\/05\/d9ad3ceb-449a-4dff-a70c-6e4f1a0f38b8.jpg\",\"contentUrl\":\"https:\/\/rioonwatch.org.br\/wp-content\/uploads\/2017\/05\/d9ad3ceb-449a-4dff-a70c-6e4f1a0f38b8.jpg\",\"width\":1280,\"height\":720},{\"@type\":\"BreadcrumbList\",\"@id\":\"https:\/\/rioonwatch.org.br\/?p=25991#breadcrumb\",\"itemListElement\":[{\"@type\":\"ListItem\",\"position\":1,\"name\":\"In\u00edcio\",\"item\":\"https:\/\/rioonwatch.org.br\/\"},{\"@type\":\"ListItem\",\"position\":2,\"name\":\"Encontro Nacional no Rio Une M\u00e3es de V\u00edtimas de Viol\u00eancia do Estado\"}]},{\"@type\":\"WebSite\",\"@id\":\"https:\/\/rioonwatch.org.br\/#website\",\"url\":\"https:\/\/rioonwatch.org.br\/\",\"name\":\"RioOnWatch\",\"description\":\"relatos das favelas cariocas\",\"publisher\":{\"@id\":\"https:\/\/rioonwatch.org.br\/#organization\"},\"potentialAction\":[{\"@type\":\"SearchAction\",\"target\":{\"@type\":\"EntryPoint\",\"urlTemplate\":\"https:\/\/rioonwatch.org.br\/?s={search_term_string}\"},\"query-input\":{\"@type\":\"PropertyValueSpecification\",\"valueRequired\":true,\"valueName\":\"search_term_string\"}}],\"inLanguage\":\"pt-BR\"},{\"@type\":\"Organization\",\"@id\":\"https:\/\/rioonwatch.org.br\/#organization\",\"name\":\"RioOnWatch\",\"url\":\"https:\/\/rioonwatch.org.br\/\",\"logo\":{\"@type\":\"ImageObject\",\"inLanguage\":\"pt-BR\",\"@id\":\"https:\/\/rioonwatch.org.br\/#\/schema\/logo\/image\/\",\"url\":\"https:\/\/rioonwatch.org.br\/wp-content\/uploads\/2021\/06\/RioOnWatchcabecalhoPT11anos-2.png\",\"contentUrl\":\"https:\/\/rioonwatch.org.br\/wp-content\/uploads\/2021\/06\/RioOnWatchcabecalhoPT11anos-2.png\",\"width\":779,\"height\":277,\"caption\":\"RioOnWatch\"},\"image\":{\"@id\":\"https:\/\/rioonwatch.org.br\/#\/schema\/logo\/image\/\"}},{\"@type\":\"Person\",\"@id\":\"https:\/\/rioonwatch.org.br\/#\/schema\/person\/11d64c290506f9df50c71b850c473f68\",\"name\":\"Admin\",\"image\":{\"@type\":\"ImageObject\",\"inLanguage\":\"pt-BR\",\"@id\":\"https:\/\/rioonwatch.org.br\/#\/schema\/person\/image\/\",\"url\":\"https:\/\/secure.gravatar.com\/avatar\/56211ac74568383903349a1485e3c325?s=96&d=blank&r=g\",\"contentUrl\":\"https:\/\/secure.gravatar.com\/avatar\/56211ac74568383903349a1485e3c325?s=96&d=blank&r=g\",\"caption\":\"Admin\"},\"url\":\"https:\/\/rioonwatch.org.br\/?author=129\"}]}<\/script>\n<!-- \/ Yoast SEO plugin. -->","yoast_head_json":{"title":"Encontro Nacional no Rio Une M\u00e3es de V\u00edtimas de Viol\u00eancia do Estado - RioOnWatch","robots":{"index":"index","follow":"follow","max-snippet":"max-snippet:-1","max-image-preview":"max-image-preview:large","max-video-preview":"max-video-preview:-1"},"canonical":"https:\/\/rioonwatch.org.br\/?p=25991","og_locale":"pt_BR","og_type":"article","og_title":"Encontro Nacional no Rio Une M\u00e3es de V\u00edtimas de Viol\u00eancia do Estado - RioOnWatch","og_description":"Click Here for English Chovia torrencialmente na tarde do dia 19 de maio, quando m\u00e3es, parentes e amigos reuniram-se na Avenida Rio Branco, ao lado da Igreja da Candel\u00e1ria no Centro\u00a0do Rio, para protestar contra [...]","og_url":"https:\/\/rioonwatch.org.br\/?p=25991","og_site_name":"RioOnWatch","article_published_time":"2017-06-01T14:42:24+00:00","article_modified_time":"2017-06-02T15:07:42+00:00","og_image":[{"width":1280,"height":720,"url":"https:\/\/rioonwatch.org.br\/wp-content\/uploads\/2017\/05\/d9ad3ceb-449a-4dff-a70c-6e4f1a0f38b8.jpg","type":"image\/jpeg"}],"author":"Admin","twitter_card":"summary_large_image","twitter_misc":{"Escrito por":"Admin","Est. tempo de leitura":"5 minutos"},"schema":{"@context":"https:\/\/schema.org","@graph":[{"@type":"Article","@id":"https:\/\/rioonwatch.org.br\/?p=25991#article","isPartOf":{"@id":"https:\/\/rioonwatch.org.br\/?p=25991"},"author":{"name":"Admin","@id":"https:\/\/rioonwatch.org.br\/#\/schema\/person\/11d64c290506f9df50c71b850c473f68"},"headline":"Encontro Nacional no Rio Une M\u00e3es de V\u00edtimas de Viol\u00eancia do Estado","datePublished":"2017-06-01T14:42:24+00:00","dateModified":"2017-06-02T15:07:42+00:00","mainEntityOfPage":{"@id":"https:\/\/rioonwatch.org.br\/?p=25991"},"wordCount":1063,"publisher":{"@id":"https:\/\/rioonwatch.org.br\/#organization"},"image":{"@id":"https:\/\/rioonwatch.org.br\/?p=25991#primaryimage"},"thumbnailUrl":"https:\/\/rioonwatch.org.br\/wp-content\/uploads\/2017\/05\/d9ad3ceb-449a-4dff-a70c-6e4f1a0f38b8.jpg","keywords":["Acari","Centro","Direitos Humanos","Forum de Juventudes do Rio de Janeiro","g\u00eanero","juventude","Manguinhos","mobiliza\u00e7\u00e3o","protesto","Rede Contra Viol\u00eancia","reforma da pol\u00edcia","viol\u00eancia de Estado","viol\u00eancia policial","Zona Norte"],"articleSection":["*Destaque","Cobertura de Eventos","Den\u00fancias","Escrito por Aliados","Sociedade Civil","Solu\u00e7\u00f5es"],"inLanguage":"pt-BR"},{"@type":"WebPage","@id":"https:\/\/rioonwatch.org.br\/?p=25991","url":"https:\/\/rioonwatch.org.br\/?p=25991","name":"Encontro Nacional no Rio Une M\u00e3es de V\u00edtimas de Viol\u00eancia do Estado - RioOnWatch","isPartOf":{"@id":"https:\/\/rioonwatch.org.br\/#website"},"primaryImageOfPage":{"@id":"https:\/\/rioonwatch.org.br\/?p=25991#primaryimage"},"image":{"@id":"https:\/\/rioonwatch.org.br\/?p=25991#primaryimage"},"thumbnailUrl":"https:\/\/rioonwatch.org.br\/wp-content\/uploads\/2017\/05\/d9ad3ceb-449a-4dff-a70c-6e4f1a0f38b8.jpg","datePublished":"2017-06-01T14:42:24+00:00","dateModified":"2017-06-02T15:07:42+00:00","breadcrumb":{"@id":"https:\/\/rioonwatch.org.br\/?p=25991#breadcrumb"},"inLanguage":"pt-BR","potentialAction":[{"@type":"ReadAction","target":["https:\/\/rioonwatch.org.br\/?p=25991"]}]},{"@type":"ImageObject","inLanguage":"pt-BR","@id":"https:\/\/rioonwatch.org.br\/?p=25991#primaryimage","url":"https:\/\/rioonwatch.org.br\/wp-content\/uploads\/2017\/05\/d9ad3ceb-449a-4dff-a70c-6e4f1a0f38b8.jpg","contentUrl":"https:\/\/rioonwatch.org.br\/wp-content\/uploads\/2017\/05\/d9ad3ceb-449a-4dff-a70c-6e4f1a0f38b8.jpg","width":1280,"height":720},{"@type":"BreadcrumbList","@id":"https:\/\/rioonwatch.org.br\/?p=25991#breadcrumb","itemListElement":[{"@type":"ListItem","position":1,"name":"In\u00edcio","item":"https:\/\/rioonwatch.org.br\/"},{"@type":"ListItem","position":2,"name":"Encontro Nacional no Rio Une M\u00e3es de V\u00edtimas de Viol\u00eancia do Estado"}]},{"@type":"WebSite","@id":"https:\/\/rioonwatch.org.br\/#website","url":"https:\/\/rioonwatch.org.br\/","name":"RioOnWatch","description":"relatos das favelas cariocas","publisher":{"@id":"https:\/\/rioonwatch.org.br\/#organization"},"potentialAction":[{"@type":"SearchAction","target":{"@type":"EntryPoint","urlTemplate":"https:\/\/rioonwatch.org.br\/?s={search_term_string}"},"query-input":{"@type":"PropertyValueSpecification","valueRequired":true,"valueName":"search_term_string"}}],"inLanguage":"pt-BR"},{"@type":"Organization","@id":"https:\/\/rioonwatch.org.br\/#organization","name":"RioOnWatch","url":"https:\/\/rioonwatch.org.br\/","logo":{"@type":"ImageObject","inLanguage":"pt-BR","@id":"https:\/\/rioonwatch.org.br\/#\/schema\/logo\/image\/","url":"https:\/\/rioonwatch.org.br\/wp-content\/uploads\/2021\/06\/RioOnWatchcabecalhoPT11anos-2.png","contentUrl":"https:\/\/rioonwatch.org.br\/wp-content\/uploads\/2021\/06\/RioOnWatchcabecalhoPT11anos-2.png","width":779,"height":277,"caption":"RioOnWatch"},"image":{"@id":"https:\/\/rioonwatch.org.br\/#\/schema\/logo\/image\/"}},{"@type":"Person","@id":"https:\/\/rioonwatch.org.br\/#\/schema\/person\/11d64c290506f9df50c71b850c473f68","name":"Admin","image":{"@type":"ImageObject","inLanguage":"pt-BR","@id":"https:\/\/rioonwatch.org.br\/#\/schema\/person\/image\/","url":"https:\/\/secure.gravatar.com\/avatar\/56211ac74568383903349a1485e3c325?s=96&d=blank&r=g","contentUrl":"https:\/\/secure.gravatar.com\/avatar\/56211ac74568383903349a1485e3c325?s=96&d=blank&r=g","caption":"Admin"},"url":"https:\/\/rioonwatch.org.br\/?author=129"}]}},"_links":{"self":[{"href":"https:\/\/rioonwatch.org.br\/index.php?rest_route=\/wp\/v2\/posts\/25991"}],"collection":[{"href":"https:\/\/rioonwatch.org.br\/index.php?rest_route=\/wp\/v2\/posts"}],"about":[{"href":"https:\/\/rioonwatch.org.br\/index.php?rest_route=\/wp\/v2\/types\/post"}],"author":[{"embeddable":true,"href":"https:\/\/rioonwatch.org.br\/index.php?rest_route=\/wp\/v2\/users\/129"}],"replies":[{"embeddable":true,"href":"https:\/\/rioonwatch.org.br\/index.php?rest_route=%2Fwp%2Fv2%2Fcomments&post=25991"}],"version-history":[{"count":16,"href":"https:\/\/rioonwatch.org.br\/index.php?rest_route=\/wp\/v2\/posts\/25991\/revisions"}],"predecessor-version":[{"id":26061,"href":"https:\/\/rioonwatch.org.br\/index.php?rest_route=\/wp\/v2\/posts\/25991\/revisions\/26061"}],"wp:featuredmedia":[{"embeddable":true,"href":"https:\/\/rioonwatch.org.br\/index.php?rest_route=\/wp\/v2\/media\/25993"}],"wp:attachment":[{"href":"https:\/\/rioonwatch.org.br\/index.php?rest_route=%2Fwp%2Fv2%2Fmedia&parent=25991"}],"wp:term":[{"taxonomy":"category","embeddable":true,"href":"https:\/\/rioonwatch.org.br\/index.php?rest_route=%2Fwp%2Fv2%2Fcategories&post=25991"},{"taxonomy":"post_tag","embeddable":true,"href":"https:\/\/rioonwatch.org.br\/index.php?rest_route=%2Fwp%2Fv2%2Ftags&post=25991"},{"taxonomy":"writer","embeddable":true,"href":"https:\/\/rioonwatch.org.br\/index.php?rest_route=%2Fwp%2Fv2%2Fwriter&post=25991"},{"taxonomy":"translator","embeddable":true,"href":"https:\/\/rioonwatch.org.br\/index.php?rest_route=%2Fwp%2Fv2%2Ftranslator&post=25991"},{"taxonomy":"source","embeddable":true,"href":"https:\/\/rioonwatch.org.br\/index.php?rest_route=%2Fwp%2Fv2%2Fsource&post=25991"},{"taxonomy":"ilustrador","embeddable":true,"href":"https:\/\/rioonwatch.org.br\/index.php?rest_route=%2Fwp%2Fv2%2Filustrador&post=25991"},{"taxonomy":"fotografo","embeddable":true,"href":"https:\/\/rioonwatch.org.br\/index.php?rest_route=%2Fwp%2Fv2%2Ffotografo&post=25991"}],"curies":[{"name":"wp","href":"https:\/\/api.w.org\/{rel}","templated":true}]}}