{"id":26042,"date":"2017-06-02T12:02:56","date_gmt":"2017-06-02T15:02:56","guid":{"rendered":"http:\/\/rioonwatch.org.br\/?p=26042"},"modified":"2024-05-24T12:40:37","modified_gmt":"2024-05-24T15:40:37","slug":"puc-sedia-debate-sobre-branquitude-na-experiencia-universitaria","status":"publish","type":"post","link":"https:\/\/rioonwatch.org.br\/?p=26042","title":{"rendered":"PUC Sedia Debate Sobre &#8216;Branquitude&#8217; na Experi\u00eancia Universit\u00e1ria"},"content":{"rendered":"<p style=\"text-align: right;\"><em><strong><a href=\"http:\/\/bit.ly\/2qDbLO9\" target=\"_blank\" rel=\"noopener noreferrer\">Click Here for English<img decoding=\"async\" width=\"20\" height=\"20\" class=\"alignright wp-image-15790\" src=\"http:\/\/rioonwatch.org.br\/wp-content\/uploads\/2012\/08\/EN-standard-e1439583104716.jpg\" alt=\"\" \/><\/a><\/strong><\/em><\/p>\n<p><span style=\"font-weight: 400;\">No dia 23 de maio, o Departamento de Rela\u00e7\u00f5es Internacionais da <a href=\"http:\/\/bit.ly\/2qijLVq\" target=\"_blank\" rel=\"noopener noreferrer\">Pontif\u00edcia Universidade Cat\u00f3lica do Rio de Janeiro<\/a> (PUC-Rio) realizou uma mesa redonda para discutir o racismo e \u201cbranquitude\u201d no ambiente universit\u00e1rio. O evento foi mediado pela estudante de Rela\u00e7\u00f5es Internacionais Bruna Silva, e foi realizado em uma sala de aula no campus das 15 \u00e0s 17h. Os palestrantes do evento inclu\u00edam Louren\u00e7o Cardoso, professor adjunto na <a href=\"http:\/\/bit.ly\/2rxZDTC\" target=\"_blank\" rel=\"noopener noreferrer\">Universidade da Integra\u00e7\u00e3o Internacional da Lusofonia Afro-Brasileira<\/a> (Unilab); Natany Luiz, estudante de Rela\u00e7\u00f5es Internacionais da PUC-Rio e membro do <a href=\"http:\/\/bit.ly\/2quTseH\" target=\"_blank\" rel=\"noopener noreferrer\">Coletivo Nuvem Negra<\/a>\u00a0(CNN); e Frans\u00e9rgio Goulart, historiador e membro do <a href=\"http:\/\/bit.ly\/2bBKqrV\" target=\"_blank\" rel=\"noopener noreferrer\">F\u00f3rum Social de Manguinhos<\/a>. <\/span><\/p>\n<p><a href=\"http:\/\/rioonwatch.org.br\/wp-content\/uploads\/2017\/05\/CNN.jpg\"><img fetchpriority=\"high\" decoding=\"async\" class=\"aligncenter wp-image-26047 size-medium\" title=\"Debate com o Coletivo Nuvem Negra na PUC-Rio\" src=\"http:\/\/rioonwatch.org.br\/wp-content\/uploads\/2017\/05\/CNN-620x412.jpg\" alt=\"\" width=\"620\" height=\"412\" srcset=\"https:\/\/rioonwatch.org.br\/wp-content\/uploads\/2017\/05\/CNN-620x412.jpg 620w, https:\/\/rioonwatch.org.br\/wp-content\/uploads\/2017\/05\/CNN-397x264.jpg 397w, https:\/\/rioonwatch.org.br\/wp-content\/uploads\/2017\/05\/CNN-768x510.jpg 768w, https:\/\/rioonwatch.org.br\/wp-content\/uploads\/2017\/05\/CNN.jpg 960w\" sizes=\"(max-width: 620px) 100vw, 620px\" \/><\/a><\/p>\n<p><span style=\"font-weight: 400;\">O prop\u00f3sito do evento era questionar como as universidades no Rio de Janeiro, especificamente a PUC-Rio, perpetuam a domina\u00e7\u00e3o branca juntamente com a conex\u00e3o da <a href=\"http:\/\/bit.ly\/2nykUtN\" target=\"_blank\" rel=\"noopener noreferrer\">coloniza\u00e7\u00e3o epist\u00eamica<\/a> e o <a href=\"http:\/\/bit.ly\/2kMXvQK\" target=\"_blank\" rel=\"noopener noreferrer\">racismo<\/a> no ambiente da sala de aula. Infelizmente, aqui no Rio de Janeiro as <a href=\"http:\/\/bit.ly\/1OOlg7r\" target=\"_blank\" rel=\"noopener noreferrer\">disparidades raciais e econ\u00f4micas<\/a> permanecem predominantes e essas desigualdades est\u00e3o comumente refletidas na composi\u00e7\u00e3o das faculdades e universidades. Ao longo da \u00faltima d\u00e9cada, o Brasil implementou um programa de <a href=\"http:\/\/bit.ly\/2cfnkrT\" target=\"_blank\" rel=\"noopener noreferrer\">cotas<\/a> reservando 50% das vagas em universidades p\u00fablicas para estudantes de escolas p\u00fablicas, fam\u00edlias de baixa renda ou descendentes africanos ou ind\u00edgenas. A PUC-Rio, entretanto, \u00e9 uma universidade privada e sem fins lucrativos, ent\u00e3o as <a href=\"http:\/\/bit.ly\/2rda8KC\" target=\"_blank\" rel=\"noopener noreferrer\">cotas das universidades p\u00fablicas<\/a> n\u00e3o se aplicam a este caso. Ao inv\u00e9s disso, a <a href=\"http:\/\/bit.ly\/2qCPYX6\" target=\"_blank\" rel=\"noopener noreferrer\">PUC oferece bolsas de estudo e assist\u00eancia financeira<\/a> a estudantes de baixa renda. <\/span><\/p>\n<p><span style=\"font-weight: 400;\">Frans\u00e9rgio Goulart, nesta discuss\u00e3o, apontou que o reconhecimento do privil\u00e9gio n\u00e3o \u00e9 suficiente para acabar com o racismo nas universidades e mencionou como deve haver mais a\u00e7\u00e3o por parte dos estudantes e professores para mudar essas din\u00e2micas. Natany Luiz, que falou em seguida, destacou diversas de suas pr\u00f3prias experi\u00eancias enquanto estudante negra em uma universidade predominantemente branca como a PUC-Rio. Ela explicou como muitos estudantes negros sofrem de baixa autoestima acad\u00eamica e frequentemente pensam em largar a faculdade. Ela ent\u00e3o continuou mencionando diversas formas de <a href=\"http:\/\/bit.ly\/1wLR1Ef\" target=\"_blank\" rel=\"noopener noreferrer\">viol\u00eancia<\/a> (n\u00e3o necessariamente f\u00edsica) que estudantes negros enfrentam nas salas de aula, seja por meio de coment\u00e1rios ou a\u00e7\u00f5es por parte dos professores e dos colegas estudantes. Fazer queixas formais, de acordo com Natany, apenas piora a situa\u00e7\u00e3o. \u201cOs professores acham que voc\u00ea est\u00e1 se vitimizando\u201d, ela explicou. \u201cEles tamb\u00e9m pensam que \u00e9 racismo reverso&#8221;.<\/span><\/p>\n<p><a href=\"http:\/\/rioonwatch.org.br\/wp-content\/uploads\/2017\/05\/18320911_1886725314920947_4860305866114212505_o.jpg\"><img decoding=\"async\" class=\"aligncenter wp-image-26051 size-medium\" title=\"Natany Luiz com o Coletivo Nuvem Negra\" src=\"http:\/\/rioonwatch.org.br\/wp-content\/uploads\/2017\/05\/18320911_1886725314920947_4860305866114212505_o-620x414.jpg\" alt=\"\" width=\"620\" height=\"414\" srcset=\"https:\/\/rioonwatch.org.br\/wp-content\/uploads\/2017\/05\/18320911_1886725314920947_4860305866114212505_o-620x414.jpg 620w, https:\/\/rioonwatch.org.br\/wp-content\/uploads\/2017\/05\/18320911_1886725314920947_4860305866114212505_o-396x264.jpg 396w, https:\/\/rioonwatch.org.br\/wp-content\/uploads\/2017\/05\/18320911_1886725314920947_4860305866114212505_o-768x512.jpg 768w, https:\/\/rioonwatch.org.br\/wp-content\/uploads\/2017\/05\/18320911_1886725314920947_4860305866114212505_o.jpg 1000w\" sizes=\"(max-width: 620px) 100vw, 620px\" \/><\/a><\/p>\n<p><span style=\"font-weight: 400;\">Finalmente, Louren\u00e7o Cardoso adentrou em uma discuss\u00e3o mais te\u00f3rica e deu um contexto hist\u00f3rico ao problema em quest\u00e3o. \u201cO que n\u00f3s estamos vendo aqui \u00e9 um re-colonialismo em vez de p\u00f3s-colonialismo\u201d. Entretanto, ele fez quest\u00e3o de tocar na principal quest\u00e3o enfrentada por muitos estudantes nas universidades brasileiras atualmente: \u201cUniversidades s\u00e3o lugares onde pessoas brancas se sentem bem. Deveriam ser um lugar onde todo mundo se sente bem. Existe uma dualidade entre a experi\u00eancia branca e a experi\u00eancia negra&#8221;.<\/span><\/p>\n<p><span style=\"font-weight: 400;\">O evento terminou com v\u00e1rias perguntas da plat\u00e9ia, que foram todas respondidas por Louren\u00e7o, Frans\u00e9rgio, Natany e Bruna. Durante o restante da semana, Louren\u00e7o Cardoso tamb\u00e9m realizou um mini-curso de dois dias na PUC-Rio: \u201c<a href=\"http:\/\/bit.ly\/2qvnO0G\" target=\"_blank\" rel=\"noopener noreferrer\">Branquitude, Identidade Branca e Branquidade<\/a>\u201d, que incluiu uma discuss\u00e3o te\u00f3rica acerca do significado de identidade branca. <\/span><\/p>\n<!-- AddThis Advanced Settings generic via filter on the_content --><!-- AddThis Share Buttons generic via filter on the_content -->","protected":false},"excerpt":{"rendered":"<div class=\"mh-excerpt\"><p>Click Here for English No dia 23 de maio, o Departamento de Rela\u00e7\u00f5es Internacionais da Pontif\u00edcia Universidade Cat\u00f3lica do Rio de Janeiro (PUC-Rio) realizou uma mesa redonda para discutir o racismo e \u201cbranquitude\u201d no ambiente <a class=\"mh-excerpt-more\" href=\"https:\/\/rioonwatch.org.br\/?p=26042\" title=\"PUC Sedia Debate Sobre &#8216;Branquitude&#8217; na Experi\u00eancia Universit\u00e1ria\">[&#8230;]<\/a><!-- AddThis Advanced Settings generic via filter on get_the_excerpt --><!-- AddThis Share Buttons generic via filter on get_the_excerpt --><\/p>\n<\/div>","protected":false},"author":129,"featured_media":26044,"comment_status":"closed","ping_status":"closed","sticky":false,"template":"","format":"standard","meta":{"_acf_changed":false,"_monsterinsights_skip_tracking":false,"_monsterinsights_sitenote_active":false,"_monsterinsights_sitenote_note":"","_monsterinsights_sitenote_category":0,"footnotes":""},"categories":[1621,1627,1626],"tags":[934,2402,3253,2980,1642,709,413,316,802,1545,239,383],"writer":[2075],"translator":[1862],"source":[],"ilustrador":[],"fotografo":[],"class_list":{"0":"post-26042","1":"post","2":"type-post","3":"status-publish","4":"format-standard","5":"has-post-thumbnail","7":"category-destaque","8":"category-relato-de-evento","9":"category-por-observadores-internacionais","10":"tag-acesso","11":"tag-acesso-a-universidade","12":"tag-antirracismo","13":"tag-branquitude","14":"tag-cotas","15":"tag-debate","16":"tag-desigualdade","17":"tag-educacao","18":"tag-forum-de-manguinhos","19":"tag-puc","20":"tag-universidade","21":"tag-zona-sul","22":"writer-emilia-sens","23":"translator-caroline-quintanilha"},"acf":[],"yoast_head":"<!-- This site is optimized with the Yoast SEO plugin v25.6 - https:\/\/yoast.com\/wordpress\/plugins\/seo\/ -->\n<title>PUC Sedia Debate Sobre &#039;Branquitude&#039; na Experi\u00eancia Universit\u00e1ria - RioOnWatch<\/title>\n<meta name=\"robots\" content=\"index, follow, max-snippet:-1, max-image-preview:large, max-video-preview:-1\" \/>\n<link rel=\"canonical\" href=\"https:\/\/rioonwatch.org.br\/?p=26042\" \/>\n<meta property=\"og:locale\" content=\"pt_BR\" \/>\n<meta property=\"og:type\" content=\"article\" \/>\n<meta property=\"og:title\" content=\"PUC Sedia Debate Sobre &#039;Branquitude&#039; na Experi\u00eancia Universit\u00e1ria - RioOnWatch\" \/>\n<meta property=\"og:description\" content=\"Click Here for English No dia 23 de maio, o Departamento de Rela\u00e7\u00f5es Internacionais da Pontif\u00edcia Universidade Cat\u00f3lica do Rio de Janeiro (PUC-Rio) realizou uma mesa redonda para discutir o racismo e \u201cbranquitude\u201d no ambiente [...]\" \/>\n<meta property=\"og:url\" content=\"https:\/\/rioonwatch.org.br\/?p=26042\" \/>\n<meta property=\"og:site_name\" content=\"RioOnWatch\" \/>\n<meta property=\"article:published_time\" content=\"2017-06-02T15:02:56+00:00\" \/>\n<meta property=\"article:modified_time\" content=\"2024-05-24T15:40:37+00:00\" \/>\n<meta property=\"og:image\" content=\"https:\/\/rioonwatch.org.br\/wp-content\/uploads\/2017\/05\/Whiteness.png\" \/>\n\t<meta property=\"og:image:width\" content=\"815\" \/>\n\t<meta property=\"og:image:height\" content=\"418\" \/>\n\t<meta property=\"og:image:type\" content=\"image\/png\" \/>\n<meta name=\"author\" content=\"Admin\" \/>\n<meta name=\"twitter:card\" content=\"summary_large_image\" \/>\n<meta name=\"twitter:label1\" content=\"Escrito por\" \/>\n\t<meta name=\"twitter:data1\" content=\"Admin\" \/>\n\t<meta name=\"twitter:label2\" content=\"Est. tempo de leitura\" \/>\n\t<meta name=\"twitter:data2\" content=\"3 minutos\" \/>\n<script type=\"application\/ld+json\" class=\"yoast-schema-graph\">{\"@context\":\"https:\/\/schema.org\",\"@graph\":[{\"@type\":\"Article\",\"@id\":\"https:\/\/rioonwatch.org.br\/?p=26042#article\",\"isPartOf\":{\"@id\":\"https:\/\/rioonwatch.org.br\/?p=26042\"},\"author\":{\"name\":\"Admin\",\"@id\":\"https:\/\/rioonwatch.org.br\/#\/schema\/person\/11d64c290506f9df50c71b850c473f68\"},\"headline\":\"PUC Sedia Debate Sobre &#8216;Branquitude&#8217; na Experi\u00eancia Universit\u00e1ria\",\"datePublished\":\"2017-06-02T15:02:56+00:00\",\"dateModified\":\"2024-05-24T15:40:37+00:00\",\"mainEntityOfPage\":{\"@id\":\"https:\/\/rioonwatch.org.br\/?p=26042\"},\"wordCount\":576,\"publisher\":{\"@id\":\"https:\/\/rioonwatch.org.br\/#organization\"},\"image\":{\"@id\":\"https:\/\/rioonwatch.org.br\/?p=26042#primaryimage\"},\"thumbnailUrl\":\"https:\/\/rioonwatch.org.br\/wp-content\/uploads\/2017\/05\/Whiteness.png\",\"keywords\":[\"acesso\",\"acesso \u00e0 universidade\",\"Antirracismo\",\"branquitude\",\"cotas\",\"debate\",\"desigualdade\",\"educa\u00e7\u00e3o\",\"F\u00f3rum de Manguinhos\",\"PUC\",\"universidade\",\"Zona Sul\"],\"articleSection\":[\"*Destaque\",\"Cobertura de Eventos\",\"Escrito por Aliados\"],\"inLanguage\":\"pt-BR\"},{\"@type\":\"WebPage\",\"@id\":\"https:\/\/rioonwatch.org.br\/?p=26042\",\"url\":\"https:\/\/rioonwatch.org.br\/?p=26042\",\"name\":\"PUC Sedia Debate Sobre 'Branquitude' na Experi\u00eancia Universit\u00e1ria - RioOnWatch\",\"isPartOf\":{\"@id\":\"https:\/\/rioonwatch.org.br\/#website\"},\"primaryImageOfPage\":{\"@id\":\"https:\/\/rioonwatch.org.br\/?p=26042#primaryimage\"},\"image\":{\"@id\":\"https:\/\/rioonwatch.org.br\/?p=26042#primaryimage\"},\"thumbnailUrl\":\"https:\/\/rioonwatch.org.br\/wp-content\/uploads\/2017\/05\/Whiteness.png\",\"datePublished\":\"2017-06-02T15:02:56+00:00\",\"dateModified\":\"2024-05-24T15:40:37+00:00\",\"breadcrumb\":{\"@id\":\"https:\/\/rioonwatch.org.br\/?p=26042#breadcrumb\"},\"inLanguage\":\"pt-BR\",\"potentialAction\":[{\"@type\":\"ReadAction\",\"target\":[\"https:\/\/rioonwatch.org.br\/?p=26042\"]}]},{\"@type\":\"ImageObject\",\"inLanguage\":\"pt-BR\",\"@id\":\"https:\/\/rioonwatch.org.br\/?p=26042#primaryimage\",\"url\":\"https:\/\/rioonwatch.org.br\/wp-content\/uploads\/2017\/05\/Whiteness.png\",\"contentUrl\":\"https:\/\/rioonwatch.org.br\/wp-content\/uploads\/2017\/05\/Whiteness.png\",\"width\":815,\"height\":418},{\"@type\":\"BreadcrumbList\",\"@id\":\"https:\/\/rioonwatch.org.br\/?p=26042#breadcrumb\",\"itemListElement\":[{\"@type\":\"ListItem\",\"position\":1,\"name\":\"In\u00edcio\",\"item\":\"https:\/\/rioonwatch.org.br\/\"},{\"@type\":\"ListItem\",\"position\":2,\"name\":\"PUC Sedia Debate Sobre &#8216;Branquitude&#8217; na Experi\u00eancia Universit\u00e1ria\"}]},{\"@type\":\"WebSite\",\"@id\":\"https:\/\/rioonwatch.org.br\/#website\",\"url\":\"https:\/\/rioonwatch.org.br\/\",\"name\":\"RioOnWatch\",\"description\":\"relatos das favelas cariocas\",\"publisher\":{\"@id\":\"https:\/\/rioonwatch.org.br\/#organization\"},\"potentialAction\":[{\"@type\":\"SearchAction\",\"target\":{\"@type\":\"EntryPoint\",\"urlTemplate\":\"https:\/\/rioonwatch.org.br\/?s={search_term_string}\"},\"query-input\":{\"@type\":\"PropertyValueSpecification\",\"valueRequired\":true,\"valueName\":\"search_term_string\"}}],\"inLanguage\":\"pt-BR\"},{\"@type\":\"Organization\",\"@id\":\"https:\/\/rioonwatch.org.br\/#organization\",\"name\":\"RioOnWatch\",\"url\":\"https:\/\/rioonwatch.org.br\/\",\"logo\":{\"@type\":\"ImageObject\",\"inLanguage\":\"pt-BR\",\"@id\":\"https:\/\/rioonwatch.org.br\/#\/schema\/logo\/image\/\",\"url\":\"https:\/\/rioonwatch.org.br\/wp-content\/uploads\/2021\/06\/RioOnWatchcabecalhoPT11anos-2.png\",\"contentUrl\":\"https:\/\/rioonwatch.org.br\/wp-content\/uploads\/2021\/06\/RioOnWatchcabecalhoPT11anos-2.png\",\"width\":779,\"height\":277,\"caption\":\"RioOnWatch\"},\"image\":{\"@id\":\"https:\/\/rioonwatch.org.br\/#\/schema\/logo\/image\/\"}},{\"@type\":\"Person\",\"@id\":\"https:\/\/rioonwatch.org.br\/#\/schema\/person\/11d64c290506f9df50c71b850c473f68\",\"name\":\"Admin\",\"image\":{\"@type\":\"ImageObject\",\"inLanguage\":\"pt-BR\",\"@id\":\"https:\/\/rioonwatch.org.br\/#\/schema\/person\/image\/\",\"url\":\"https:\/\/secure.gravatar.com\/avatar\/56211ac74568383903349a1485e3c325?s=96&d=blank&r=g\",\"contentUrl\":\"https:\/\/secure.gravatar.com\/avatar\/56211ac74568383903349a1485e3c325?s=96&d=blank&r=g\",\"caption\":\"Admin\"},\"url\":\"https:\/\/rioonwatch.org.br\/?author=129\"}]}<\/script>\n<!-- \/ Yoast SEO plugin. -->","yoast_head_json":{"title":"PUC Sedia Debate Sobre 'Branquitude' na Experi\u00eancia Universit\u00e1ria - RioOnWatch","robots":{"index":"index","follow":"follow","max-snippet":"max-snippet:-1","max-image-preview":"max-image-preview:large","max-video-preview":"max-video-preview:-1"},"canonical":"https:\/\/rioonwatch.org.br\/?p=26042","og_locale":"pt_BR","og_type":"article","og_title":"PUC Sedia Debate Sobre 'Branquitude' na Experi\u00eancia Universit\u00e1ria - RioOnWatch","og_description":"Click Here for English No dia 23 de maio, o Departamento de Rela\u00e7\u00f5es Internacionais da Pontif\u00edcia Universidade Cat\u00f3lica do Rio de Janeiro (PUC-Rio) realizou uma mesa redonda para discutir o racismo e \u201cbranquitude\u201d no ambiente [...]","og_url":"https:\/\/rioonwatch.org.br\/?p=26042","og_site_name":"RioOnWatch","article_published_time":"2017-06-02T15:02:56+00:00","article_modified_time":"2024-05-24T15:40:37+00:00","og_image":[{"width":815,"height":418,"url":"https:\/\/rioonwatch.org.br\/wp-content\/uploads\/2017\/05\/Whiteness.png","type":"image\/png"}],"author":"Admin","twitter_card":"summary_large_image","twitter_misc":{"Escrito por":"Admin","Est. tempo de leitura":"3 minutos"},"schema":{"@context":"https:\/\/schema.org","@graph":[{"@type":"Article","@id":"https:\/\/rioonwatch.org.br\/?p=26042#article","isPartOf":{"@id":"https:\/\/rioonwatch.org.br\/?p=26042"},"author":{"name":"Admin","@id":"https:\/\/rioonwatch.org.br\/#\/schema\/person\/11d64c290506f9df50c71b850c473f68"},"headline":"PUC Sedia Debate Sobre &#8216;Branquitude&#8217; na Experi\u00eancia Universit\u00e1ria","datePublished":"2017-06-02T15:02:56+00:00","dateModified":"2024-05-24T15:40:37+00:00","mainEntityOfPage":{"@id":"https:\/\/rioonwatch.org.br\/?p=26042"},"wordCount":576,"publisher":{"@id":"https:\/\/rioonwatch.org.br\/#organization"},"image":{"@id":"https:\/\/rioonwatch.org.br\/?p=26042#primaryimage"},"thumbnailUrl":"https:\/\/rioonwatch.org.br\/wp-content\/uploads\/2017\/05\/Whiteness.png","keywords":["acesso","acesso \u00e0 universidade","Antirracismo","branquitude","cotas","debate","desigualdade","educa\u00e7\u00e3o","F\u00f3rum de Manguinhos","PUC","universidade","Zona Sul"],"articleSection":["*Destaque","Cobertura de Eventos","Escrito por Aliados"],"inLanguage":"pt-BR"},{"@type":"WebPage","@id":"https:\/\/rioonwatch.org.br\/?p=26042","url":"https:\/\/rioonwatch.org.br\/?p=26042","name":"PUC Sedia Debate Sobre 'Branquitude' na Experi\u00eancia Universit\u00e1ria - RioOnWatch","isPartOf":{"@id":"https:\/\/rioonwatch.org.br\/#website"},"primaryImageOfPage":{"@id":"https:\/\/rioonwatch.org.br\/?p=26042#primaryimage"},"image":{"@id":"https:\/\/rioonwatch.org.br\/?p=26042#primaryimage"},"thumbnailUrl":"https:\/\/rioonwatch.org.br\/wp-content\/uploads\/2017\/05\/Whiteness.png","datePublished":"2017-06-02T15:02:56+00:00","dateModified":"2024-05-24T15:40:37+00:00","breadcrumb":{"@id":"https:\/\/rioonwatch.org.br\/?p=26042#breadcrumb"},"inLanguage":"pt-BR","potentialAction":[{"@type":"ReadAction","target":["https:\/\/rioonwatch.org.br\/?p=26042"]}]},{"@type":"ImageObject","inLanguage":"pt-BR","@id":"https:\/\/rioonwatch.org.br\/?p=26042#primaryimage","url":"https:\/\/rioonwatch.org.br\/wp-content\/uploads\/2017\/05\/Whiteness.png","contentUrl":"https:\/\/rioonwatch.org.br\/wp-content\/uploads\/2017\/05\/Whiteness.png","width":815,"height":418},{"@type":"BreadcrumbList","@id":"https:\/\/rioonwatch.org.br\/?p=26042#breadcrumb","itemListElement":[{"@type":"ListItem","position":1,"name":"In\u00edcio","item":"https:\/\/rioonwatch.org.br\/"},{"@type":"ListItem","position":2,"name":"PUC Sedia Debate Sobre &#8216;Branquitude&#8217; na Experi\u00eancia Universit\u00e1ria"}]},{"@type":"WebSite","@id":"https:\/\/rioonwatch.org.br\/#website","url":"https:\/\/rioonwatch.org.br\/","name":"RioOnWatch","description":"relatos das favelas cariocas","publisher":{"@id":"https:\/\/rioonwatch.org.br\/#organization"},"potentialAction":[{"@type":"SearchAction","target":{"@type":"EntryPoint","urlTemplate":"https:\/\/rioonwatch.org.br\/?s={search_term_string}"},"query-input":{"@type":"PropertyValueSpecification","valueRequired":true,"valueName":"search_term_string"}}],"inLanguage":"pt-BR"},{"@type":"Organization","@id":"https:\/\/rioonwatch.org.br\/#organization","name":"RioOnWatch","url":"https:\/\/rioonwatch.org.br\/","logo":{"@type":"ImageObject","inLanguage":"pt-BR","@id":"https:\/\/rioonwatch.org.br\/#\/schema\/logo\/image\/","url":"https:\/\/rioonwatch.org.br\/wp-content\/uploads\/2021\/06\/RioOnWatchcabecalhoPT11anos-2.png","contentUrl":"https:\/\/rioonwatch.org.br\/wp-content\/uploads\/2021\/06\/RioOnWatchcabecalhoPT11anos-2.png","width":779,"height":277,"caption":"RioOnWatch"},"image":{"@id":"https:\/\/rioonwatch.org.br\/#\/schema\/logo\/image\/"}},{"@type":"Person","@id":"https:\/\/rioonwatch.org.br\/#\/schema\/person\/11d64c290506f9df50c71b850c473f68","name":"Admin","image":{"@type":"ImageObject","inLanguage":"pt-BR","@id":"https:\/\/rioonwatch.org.br\/#\/schema\/person\/image\/","url":"https:\/\/secure.gravatar.com\/avatar\/56211ac74568383903349a1485e3c325?s=96&d=blank&r=g","contentUrl":"https:\/\/secure.gravatar.com\/avatar\/56211ac74568383903349a1485e3c325?s=96&d=blank&r=g","caption":"Admin"},"url":"https:\/\/rioonwatch.org.br\/?author=129"}]}},"_links":{"self":[{"href":"https:\/\/rioonwatch.org.br\/index.php?rest_route=\/wp\/v2\/posts\/26042"}],"collection":[{"href":"https:\/\/rioonwatch.org.br\/index.php?rest_route=\/wp\/v2\/posts"}],"about":[{"href":"https:\/\/rioonwatch.org.br\/index.php?rest_route=\/wp\/v2\/types\/post"}],"author":[{"embeddable":true,"href":"https:\/\/rioonwatch.org.br\/index.php?rest_route=\/wp\/v2\/users\/129"}],"replies":[{"embeddable":true,"href":"https:\/\/rioonwatch.org.br\/index.php?rest_route=%2Fwp%2Fv2%2Fcomments&post=26042"}],"version-history":[{"count":18,"href":"https:\/\/rioonwatch.org.br\/index.php?rest_route=\/wp\/v2\/posts\/26042\/revisions"}],"predecessor-version":[{"id":26111,"href":"https:\/\/rioonwatch.org.br\/index.php?rest_route=\/wp\/v2\/posts\/26042\/revisions\/26111"}],"wp:featuredmedia":[{"embeddable":true,"href":"https:\/\/rioonwatch.org.br\/index.php?rest_route=\/wp\/v2\/media\/26044"}],"wp:attachment":[{"href":"https:\/\/rioonwatch.org.br\/index.php?rest_route=%2Fwp%2Fv2%2Fmedia&parent=26042"}],"wp:term":[{"taxonomy":"category","embeddable":true,"href":"https:\/\/rioonwatch.org.br\/index.php?rest_route=%2Fwp%2Fv2%2Fcategories&post=26042"},{"taxonomy":"post_tag","embeddable":true,"href":"https:\/\/rioonwatch.org.br\/index.php?rest_route=%2Fwp%2Fv2%2Ftags&post=26042"},{"taxonomy":"writer","embeddable":true,"href":"https:\/\/rioonwatch.org.br\/index.php?rest_route=%2Fwp%2Fv2%2Fwriter&post=26042"},{"taxonomy":"translator","embeddable":true,"href":"https:\/\/rioonwatch.org.br\/index.php?rest_route=%2Fwp%2Fv2%2Ftranslator&post=26042"},{"taxonomy":"source","embeddable":true,"href":"https:\/\/rioonwatch.org.br\/index.php?rest_route=%2Fwp%2Fv2%2Fsource&post=26042"},{"taxonomy":"ilustrador","embeddable":true,"href":"https:\/\/rioonwatch.org.br\/index.php?rest_route=%2Fwp%2Fv2%2Filustrador&post=26042"},{"taxonomy":"fotografo","embeddable":true,"href":"https:\/\/rioonwatch.org.br\/index.php?rest_route=%2Fwp%2Fv2%2Ffotografo&post=26042"}],"curies":[{"name":"wp","href":"https:\/\/api.w.org\/{rel}","templated":true}]}}