{"id":26083,"date":"2017-06-05T13:22:00","date_gmt":"2017-06-05T16:22:00","guid":{"rendered":"http:\/\/rioonwatch.org.br\/?p=26083"},"modified":"2023-05-09T09:57:09","modified_gmt":"2023-05-09T12:57:09","slug":"aprovacao-da-mp-da-regularizacao-fundiaria-avanco-ou-retrocesso","status":"publish","type":"post","link":"https:\/\/rioonwatch.org.br\/?p=26083","title":{"rendered":"Aprova\u00e7\u00e3o da MP da Regulariza\u00e7\u00e3o Fundi\u00e1ria: Avan\u00e7o ou Retrocesso?"},"content":{"rendered":"<p style=\"text-align: right;\"><em><strong><a href=\"http:\/\/bit.ly\/2ssPmbS\" target=\"_blank\" rel=\"noopener noreferrer\">Click Here for English<img decoding=\"async\" width=\"20\" height=\"20\" class=\"alignright wp-image-15790\" src=\"http:\/\/rioonwatch.org.br\/wp-content\/uploads\/2012\/08\/EN-standard-e1439583104716.jpg\" alt=\"\" \/><\/a><\/strong><\/em><\/p>\n<p><span style=\"font-weight: 400;\">Foi aprovada no Senado na \u00faltima quarta-feira, dia 31 de maio, a <a href=\"http:\/\/bit.ly\/2oyufTE\" target=\"_blank\" rel=\"noopener noreferrer\">MP 759\/2016<\/a>, que trata da <a href=\"http:\/\/bit.ly\/1g5NTqt\" target=\"_blank\" rel=\"noopener noreferrer\">regulariza\u00e7\u00e3o fundi\u00e1ria<\/a> em <a href=\"http:\/\/bit.ly\/2nrxxHc\" target=\"_blank\" rel=\"noopener noreferrer\">terras rurais, urbanas e na Amaz\u00f4nia<\/a>. Agora ela segue para aprova\u00e7\u00e3o presidencial. A medida enfrenta\u00a0<a href=\"http:\/\/bit.ly\/2rL93eI\" target=\"_blank\" rel=\"noopener noreferrer\">duras cr\u00edticas de oposi\u00e7\u00e3o no Senado, principalmente no que diz respeito ao efeito da nova legisla\u00e7\u00e3o sobre a \u00e1rea rural<\/a>, que alega que ela ir\u00e1 fragilizar os pequenos propriet\u00e1rios e incentivar a reconcentra\u00e7\u00e3o de terras e, no m\u00ednimo, aumentar o \u00eaxodo rural e a press\u00e3o sobre as \u00e1reas urbanas.<\/span><span style=\"font-weight: 400;\">\u00a0A medida, apesar de propor inova\u00e7\u00f5es como o \u201c<a href=\"http:\/\/bit.ly\/2kS2NNs\" target=\"_blank\" rel=\"noopener noreferrer\">direito real de laje<\/a>\u201d e a simplifica\u00e7\u00e3o de processos de <a href=\"http:\/\/bit.ly\/1rHP7BG\" target=\"_blank\" rel=\"noopener noreferrer\">obten\u00e7\u00e3o de t\u00edtulos<\/a>, est\u00e1 sendo questionada por <a href=\"http:\/\/bit.ly\/1XjdXct\" target=\"_blank\" rel=\"noopener noreferrer\">movimentos sociais<\/a>, que alegam que, na pr\u00e1tica, ela vai tornar fam\u00edlias de baixa renda mais vulner\u00e1veis e a habita\u00e7\u00e3o mais sujeita ao <a href=\"http:\/\/bit.ly\/1XkzywK\" target=\"_blank\" rel=\"noopener noreferrer\">capital imobili\u00e1rio especulativo<\/a>.<\/span><\/p>\n<p><span style=\"font-weight: 400;\">Segundo Rodrigo Numeriano, do Minist\u00e9rio das Cidades, a MP traz um avan\u00e7o sobre a legisla\u00e7\u00e3o existente, ao estender o escopo da categoria \u201c\u00e1rea urbana\u201d a todas aquelas que exercem fun\u00e7\u00e3o urbana e ao inaugurar uma pol\u00edtica de regulariza\u00e7\u00e3o fundi\u00e1ria para al\u00e9m da mera <a href=\"http:\/\/bit.ly\/1rHP7BG\" target=\"_blank\" rel=\"noopener noreferrer\">concess\u00e3o de t\u00edtulos de propriedade<\/a>. A principal novidade no \u00e2mbito da regulariza\u00e7\u00e3o fundi\u00e1ria urbana \u00e9 o reconhecimento do chamado \u201c<a href=\"http:\/\/bit.ly\/2nrxxHc\" target=\"_blank\" rel=\"noopener noreferrer\">direito de laje<\/a>\u201d. A posse da propriedade de acordo com essa medida provis\u00f3ria n\u00e3o estar\u00e1 mais vinculada a uma fra\u00e7\u00e3o do solo natural, podendo tamb\u00e9m vincular-se ao solo artificial, ou seja, \u00e0 <a href=\"http:\/\/bit.ly\/2mmOQb3\" target=\"_blank\" rel=\"noopener noreferrer\">laje<\/a>. Assim, um im\u00f3vel constru\u00eddo sobre uma laje torna-se uma unidade independente, sujeita \u00e0 tributa\u00e7\u00e3o. N\u00e3o s\u00f3 a laje, mas tamb\u00e9m o puxadinho horizontal passa a ser regulariz\u00e1vel como im\u00f3vel independente, desde que possua acesso \u00e0 via p\u00fablica.<\/span><\/p>\n<p><a href=\"http:\/\/rioonwatch.org.br\/wp-content\/uploads\/2016\/06\/5-Horto-300x2241.jpg\"><img fetchpriority=\"high\" decoding=\"async\" class=\"aligncenter size-content wp-image-20495\" src=\"http:\/\/rioonwatch.org.br\/wp-content\/uploads\/2016\/06\/5-Horto-300x2241-620x264.jpg\" alt=\"\" width=\"620\" height=\"264\" srcset=\"https:\/\/rioonwatch.org.br\/wp-content\/uploads\/2016\/06\/5-Horto-300x2241-620x264.jpg 620w, https:\/\/rioonwatch.org.br\/wp-content\/uploads\/2016\/06\/5-Horto-300x2241-1030x438.jpg 1030w, https:\/\/rioonwatch.org.br\/wp-content\/uploads\/2016\/06\/5-Horto-300x2241-940x400.jpg 940w\" sizes=\"(max-width: 620px) 100vw, 620px\" \/><\/a><\/p>\n<p><span style=\"font-weight: 400;\">\u201c\u00c9 o curvamento do direito civil \u00e0 realidade\u201d, diz Rodrigo, ressaltando como as leis por vezes se distanciam da experi\u00eancia real das pessoas. Ainda assim, ele diz que alguns juristas ficaram incomodados com a inclus\u00e3o do termo \u201claje\u201d em um mecanismo legal formal <a href=\"http:\/\/bit.ly\/1H2JyaW\" target=\"_blank\" rel=\"noopener noreferrer\">pela sua falta de \u201cnobilidade\u201d<\/a>. Esses propunham uma <a href=\"http:\/\/bit.ly\/1LiSfzK\" target=\"_blank\" rel=\"noopener noreferrer\">nomenclatura<\/a> que argumentavam ser\u00a0mais adequada: direito de superf\u00edcie e de sobreleva\u00e7\u00e3o. Isso ilustra bem a <a href=\"http:\/\/bit.ly\/1hvVsxW\" target=\"_blank\" rel=\"noopener noreferrer\">segrega\u00e7\u00e3o<\/a> institucional e a <a href=\"http:\/\/bit.ly\/P4itK0\" target=\"_blank\" rel=\"noopener noreferrer\">estigmatiza\u00e7\u00e3o<\/a>, para al\u00e9m da segrega\u00e7\u00e3o socioespacial, que sofrem os moradores de favelas: uma realidade social, que pode ser <a href=\"http:\/\/bit.ly\/2nykUtN\" target=\"_blank\" rel=\"noopener noreferrer\">teorizada academicamente<\/a> e pode ser objeto de regula\u00e7\u00e3o, n\u00e3o tem dignidade suficiente para integrar a lei. \u00c9 mais uma faceta da <a href=\"http:\/\/bit.ly\/2buISj2\" target=\"_blank\" rel=\"noopener noreferrer\">criminaliza\u00e7\u00e3o da pobreza<\/a>.<\/span><\/p>\n<p><span style=\"font-weight: 400;\">Outra quest\u00e3o de nomenclatura est\u00e1 na mudan\u00e7a proposta na MP de\u00a0substitui\u00e7\u00e3o do termo antiquado \u201cassentamentos informais\u201d por \u201cn\u00facleos urbanos informais consolidados\u201d. Essa mudan\u00e7a, no entanto, n\u00e3o resolve a problem\u00e1tica essencial do termo, contida no termo informal, que\u00a0pode ser entendido como denotando precariedade e transitoriedade, como se as favelas, em sua diversidade, n\u00e3o contassem com moradias t\u00e3o formalmente constru\u00eddas como quaisquer outras, n\u00e3o fossem t\u00e3o formais quanto qualquer outra parte da cidade.<\/span><\/p>\n<p><span style=\"font-weight: 400;\">Al\u00e9m do direito de laje, a regulariza\u00e7\u00e3o fundi\u00e1ria de interesse social (para fam\u00edlias de baixa renda) ser\u00e1 gratuita, n\u00e3o ser\u00e1 permitida a cobran\u00e7a de impostos de doa\u00e7\u00e3o sobre terrenos que forem transferidos da Uni\u00e3o para uso social, o registro de <a href=\"http:\/\/bit.ly\/1XDCiYp\" target=\"_blank\" rel=\"noopener noreferrer\">usucapi\u00e3o<\/a> ser\u00e1 convertido automaticamente em registro de posse ap\u00f3s transcorrer o per\u00edodo definido em lei (5 anos para \u00e1reas urbanas), e o processo cartorial para obten\u00e7\u00e3o de titula\u00e7\u00e3o ser\u00e1 simplificado.<\/span><\/p>\n<p><a href=\"http:\/\/rioonwatch.org.br\/wp-content\/uploads\/2017\/06\/abandonado2.jpg\"><img decoding=\"async\" class=\"aligncenter size-content wp-image-26087\" src=\"http:\/\/rioonwatch.org.br\/wp-content\/uploads\/2017\/06\/abandonado2-620x264.jpg\" alt=\"\" width=\"620\" height=\"264\" srcset=\"https:\/\/rioonwatch.org.br\/wp-content\/uploads\/2017\/06\/abandonado2-620x264.jpg 620w, https:\/\/rioonwatch.org.br\/wp-content\/uploads\/2017\/06\/abandonado2-940x400.jpg 940w\" sizes=\"(max-width: 620px) 100vw, 620px\" \/><\/a><\/p>\n<p><span style=\"font-weight: 400;\">Outra mudan\u00e7a poder\u00e1 ter impacto na habita\u00e7\u00e3o social. Antes, quando o governo arrecadava um im\u00f3vel abandonado, ele tinha pouco incentivo para realizar melhorias estruturais nele e arrend\u00e1-lo para moradia social, porque dentro do per\u00edodo de tr\u00eas anos o propriet\u00e1rio podia entrar na justi\u00e7a para reav\u00ea-lo, junto com\u00a0o investimento nele feito. A MP prop\u00f5e que o propriet\u00e1rio s\u00f3 passe a reaver o im\u00f3vel se ressarcir o governo pelas melhorias feitas.<\/span><\/p>\n<p><span style=\"font-weight: 400;\">\u201cA quest\u00e3o da regulariza\u00e7\u00e3o, da formaliza\u00e7\u00e3o, n\u00e3o \u00e9 a prioridade pol\u00edtica da maioria dos moradores, mas a provis\u00e3o de servi\u00e7os, a garantia de direitos (\u00e9 a prioridade)\u201d, argumenta Rafael Soares, professor de Servi\u00e7o Social da PUC-Rio. \u201cCompra, venda e aluguel sempre existiu nas favelas, regularizados ou n\u00e3o.\u201d Para ele, enquanto a regulariza\u00e7\u00e3o fundi\u00e1ria surgir como um programa pontual, e n\u00e3o uma pol\u00edtica permanente e integrada, ela n\u00e3o vai gerar bons frutos.<\/span><\/p>\n<p><span style=\"font-weight: 400;\">Andreia, doutorando em Servi\u00e7o Social e moradora do Cantagalo, v\u00ea a regulariza\u00e7\u00e3o fundi\u00e1ria como uma amea\u00e7a. \u201cAl\u00e9m de aumentar os custos de vida, pela cobran\u00e7a de impostos, isso significa que se a pessoa n\u00e3o tem condi\u00e7\u00e3o de pagar, o Estado vai poder vir e tirar a casa dessa pessoa. E ainda abre caminho para o <a href=\"http:\/\/bit.ly\/2suSSyl\" target=\"_blank\" rel=\"noopener noreferrer\">capital imobili\u00e1rio<\/a>, para a <a href=\"http:\/\/bit.ly\/184FqS4\" target=\"_blank\" rel=\"noopener noreferrer\">gentrifica\u00e7\u00e3o<\/a>\u201d, disse ela. Segundo analistas, as <a href=\"http:\/\/bit.ly\/1Rq1j7H\" target=\"_blank\" rel=\"noopener noreferrer\">parcerias p\u00fablico-privadas<\/a> ser\u00e3o facilitadas por essa medida provis\u00f3ria e a regula\u00e7\u00e3o de empreendimentos imobili\u00e1rios de alto padr\u00e3o ser\u00e3o flexibilizadas pela cria\u00e7\u00e3o de mecanismos de regula\u00e7\u00e3o distintos para propriet\u00e1rios de baixa e de alta renda, o que \u00e9 perigoso pois subordina servi\u00e7os p\u00fablicos \u00e0 l\u00f3gica do mercado e anistia o <a href=\"http:\/\/bit.ly\/11tBtBo\" target=\"_blank\" rel=\"noopener noreferrer\">mercado imobili\u00e1rio especulativo<\/a>. &#8220;Essas\u00a0<span lang=\"PT-BR\">\u00e1reas ainda n\u00e3o possuem condi\u00e7\u00f5es socioecon\u00f4micas de disputar com uma l\u00f3gica de mercado, uma l\u00f3gica perversa dentro de uma \u00f3tica neoliberal que n\u00e3o garante nenhum direito. As fam\u00edlias v\u00e3o passar a sofrer uma press\u00e3o brutal do capital, v\u00e3o ter menor probabilidade de manter essas terras&#8221;, diz <\/span>Maria L\u00facia Pontes, do N\u00facleo de Terras e Habita\u00e7\u00e3o (NUTH) da <a href=\"http:\/\/bit.ly\/1kcl02n\" target=\"_blank\" rel=\"noopener noreferrer\">Defensoria P\u00fablica<\/a>\u00a0do Rio de Janeiro.<\/span><\/p>\n<p><span style=\"font-weight: 400;\">\u201cDar t\u00edtulos de propriedade transfere um problema que \u00e9 do Estado para o indiv\u00edduo\u201d, diz Rafael, defendendo que a propriedade privada n\u00e3o pode ser encarada como a grande solu\u00e7\u00e3o para a regulariza\u00e7\u00e3o fundi\u00e1ria. \u00c9 clara a rela\u00e7\u00e3o causal entre per\u00edodos de crescimento econ\u00f4mico e expans\u00e3o imobili\u00e1ria e remo\u00e7\u00f5es, e entre per\u00edodos de recess\u00e3o e esfor\u00e7os na dire\u00e7\u00e3o da regulariza\u00e7\u00e3o&#8211;que coloca mais terras no mercado e retira do Estado certas responsabilidades. Para Rafael, a aposta deve ser feita no <a href=\"http:\/\/bit.ly\/UBbISE\" target=\"_blank\" rel=\"noopener noreferrer\">aluguel social<\/a>, combinado \u00e0 provis\u00e3o de <a href=\"http:\/\/bit.ly\/1Vz7dGF\" target=\"_blank\" rel=\"noopener noreferrer\">infraestrutura<\/a> (como de <a href=\"http:\/\/bit.ly\/1yzeVVK\" target=\"_blank\" rel=\"noopener noreferrer\">transporte<\/a>) e servi\u00e7os (<a href=\"http:\/\/bit.ly\/14lMZGK\" target=\"_blank\" rel=\"noopener noreferrer\">saneamento<\/a>, <a href=\"http:\/\/bit.ly\/1fRNcBs\" target=\"_blank\" rel=\"noopener noreferrer\">seguran\u00e7a<\/a>, coleta de lixo, entre outros).<\/span><\/p>\n<p><span style=\"font-weight: 400;\">Outras cr\u00edticas \u00e0 MP est\u00e3o na fragiliza\u00e7\u00e3o das <a href=\"http:\/\/bit.ly\/2izP6C1\" target=\"_blank\" rel=\"noopener noreferrer\">\u00c1reas de Especial Interesse Social<\/a>, ou AEIS (extinguindo alguns crit\u00e9rios que permitiam a sua defini\u00e7\u00e3o como tal e acabando com o tratamento priorit\u00e1rio a essas \u00e1reas por parte do poder p\u00fablico, que foi um grande avan\u00e7o das legisla\u00e7\u00f5es anteriores), a <a href=\"http:\/\/bit.ly\/1XkzywK\" target=\"_blank\" rel=\"noopener noreferrer\">facilita\u00e7\u00e3o da transfer\u00eancia de terras p\u00fablicas para o setor privado<\/a> (amea\u00e7ando o cumprimento da fun\u00e7\u00e3o social dessas e amea\u00e7ando especificamente as favelas situadas em terrenos p\u00fablicos) e o fato dela n\u00e3o conter em si os mecanismos regulat\u00f3rios para a implementa\u00e7\u00e3o daquilo que ela mesma prop\u00f5e. Essa falta de clareza deixa as suas proposi\u00e7\u00f5es sujeitas a regulamenta\u00e7\u00f5es futuras, a leis locais e a a\u00e7\u00f5es arbitr\u00e1rias do poder p\u00fablico, fragilizando a sua aplica\u00e7\u00e3o, diferente dos mecanismos legais anteriores, que eram autoaplic\u00e1veis, ou seja, continham em si toda a regulamenta\u00e7\u00e3o necess\u00e1ria para sua aplica\u00e7\u00e3o.<\/span><\/p>\n<p><a href=\"http:\/\/rioonwatch.org.br\/wp-content\/uploads\/2017\/06\/carta-brasil.png\"><img loading=\"lazy\" decoding=\"async\" class=\"aligncenter wp-image-26085 size-medium\" src=\"http:\/\/rioonwatch.org.br\/wp-content\/uploads\/2017\/06\/carta-brasil-620x363.png\" alt=\"\" width=\"620\" height=\"363\" srcset=\"https:\/\/rioonwatch.org.br\/wp-content\/uploads\/2017\/06\/carta-brasil-620x363.png 620w, https:\/\/rioonwatch.org.br\/wp-content\/uploads\/2017\/06\/carta-brasil-451x264.png 451w, https:\/\/rioonwatch.org.br\/wp-content\/uploads\/2017\/06\/carta-brasil-768x450.png 768w, https:\/\/rioonwatch.org.br\/wp-content\/uploads\/2017\/06\/carta-brasil-1024x600.png 1024w, https:\/\/rioonwatch.org.br\/wp-content\/uploads\/2017\/06\/carta-brasil.png 1029w\" sizes=\"(max-width: 620px) 100vw, 620px\" \/><\/a><\/p>\n<p><span style=\"font-weight: 400;\">Uma <a href=\"http:\/\/bit.ly\/2sku8K0\" target=\"_blank\" rel=\"noopener noreferrer\">carta aberta contra a medida provis\u00f3ria<\/a>\u00a0assinada por diversos movimentos sociais e institui\u00e7\u00f5es p\u00fablicas, incluindo o NUTH, denuncia\u00a0os seus retrocessos. Ela coloca que n\u00e3o h\u00e1 urg\u00eancia para a aprova\u00e7\u00e3o dessa MP devido \u00e0 exist\u00eancia dessas legisla\u00e7\u00f5es anteriores e que sua publica\u00e7\u00e3o no dia 22 de dezembro \u00e9 suspeita. Uma nova legisla\u00e7\u00e3o \u00e9 necess\u00e1ria, mas \u00e9 prefer\u00edvel manter as <a href=\"http:\/\/bit.ly\/2gQ5jz4\" target=\"_blank\" rel=\"noopener noreferrer\">antigas que t\u00eam garantias robustas<\/a> de implementa\u00e7\u00e3o enquanto a mudan\u00e7a \u00e9 discutida em um <a href=\"http:\/\/bit.ly\/1rOePGu\" target=\"_blank\" rel=\"noopener noreferrer\">processo participativo<\/a> e integrado.<\/span><\/p>\n<p><span style=\"font-weight: 400;\">Outras mudan\u00e7as previstas na medida provis\u00f3ria podem ser encontradas no <a href=\"http:\/\/bit.ly\/2rL93eI\" target=\"_blank\" rel=\"noopener noreferrer\">site do Senado<\/a>.<\/span><\/p>\n<!-- AddThis Advanced Settings generic via filter on the_content --><!-- AddThis Share Buttons generic via filter on the_content -->","protected":false},"excerpt":{"rendered":"<div class=\"mh-excerpt\"><p>Click Here for English Foi aprovada no Senado na \u00faltima quarta-feira, dia 31 de maio, a MP 759\/2016, que trata da regulariza\u00e7\u00e3o fundi\u00e1ria em terras rurais, urbanas e na Amaz\u00f4nia. Agora ela segue para aprova\u00e7\u00e3o <a class=\"mh-excerpt-more\" href=\"https:\/\/rioonwatch.org.br\/?p=26083\" title=\"Aprova\u00e7\u00e3o da MP da Regulariza\u00e7\u00e3o Fundi\u00e1ria: Avan\u00e7o ou Retrocesso?\">[&#8230;]<\/a><!-- AddThis Advanced Settings generic via filter on get_the_excerpt --><!-- AddThis Share Buttons generic via filter on get_the_excerpt --><\/p>\n<\/div>","protected":false},"author":152,"featured_media":23753,"comment_status":"closed","ping_status":"closed","sticky":false,"template":"","format":"standard","meta":{"_acf_changed":false,"_monsterinsights_skip_tracking":false,"_monsterinsights_sitenote_active":false,"_monsterinsights_sitenote_note":"","_monsterinsights_sitenote_category":0,"footnotes":""},"categories":[1617,1857,1621,344],"tags":[386,2056,17,1239,90,424,396,395,1162,1443,1037,797,2086,505,82,814,900,339],"writer":[1994],"translator":[],"source":[],"ilustrador":[],"fotografo":[],"class_list":{"0":"post-26083","1":"post","2":"type-post","3":"status-publish","4":"format-standard","5":"has-post-thumbnail","7":"category-olhonagentrificacao","8":"category-olhonaurbanizacao","9":"category-destaque","10":"category-politicas","11":"tag-estigma","12":"tag-aeis-zeis","13":"tag-aluguel-social","14":"tag-criminalizacao-da-pobreza","15":"tag-defensoria-publica","16":"tag-direito-a-moradia","17":"tag-especulacao-imobiliaria","18":"tag-gentrificacao-remocao-branca","19":"tag-governo-federal","20":"tag-laje","21":"tag-moradia","22":"tag-movimentos-sociais","23":"tag-mp-759","24":"tag-parceria-publico-privado","25":"tag-regularizacao-fundiaria","26":"tag-segregacao","27":"tag-titulacao-de-terras","28":"tag-usucapiao","29":"writer-luisa-fenizola"},"acf":[],"yoast_head":"<!-- This site is optimized with the Yoast SEO plugin v25.6 - https:\/\/yoast.com\/wordpress\/plugins\/seo\/ -->\n<title>Aprova\u00e7\u00e3o da MP da Regulariza\u00e7\u00e3o Fundi\u00e1ria: Avan\u00e7o ou Retrocesso? - RioOnWatch<\/title>\n<meta name=\"robots\" content=\"index, follow, max-snippet:-1, max-image-preview:large, max-video-preview:-1\" \/>\n<link rel=\"canonical\" href=\"https:\/\/rioonwatch.org.br\/?p=26083\" \/>\n<meta property=\"og:locale\" content=\"pt_BR\" \/>\n<meta property=\"og:type\" content=\"article\" \/>\n<meta property=\"og:title\" content=\"Aprova\u00e7\u00e3o da MP da Regulariza\u00e7\u00e3o Fundi\u00e1ria: Avan\u00e7o ou Retrocesso? - RioOnWatch\" \/>\n<meta property=\"og:description\" content=\"Click Here for English Foi aprovada no Senado na \u00faltima quarta-feira, dia 31 de maio, a MP 759\/2016, que trata da regulariza\u00e7\u00e3o fundi\u00e1ria em terras rurais, urbanas e na Amaz\u00f4nia. Agora ela segue para aprova\u00e7\u00e3o [...]\" \/>\n<meta property=\"og:url\" content=\"https:\/\/rioonwatch.org.br\/?p=26083\" \/>\n<meta property=\"og:site_name\" content=\"RioOnWatch\" \/>\n<meta property=\"article:published_time\" content=\"2017-06-05T16:22:00+00:00\" \/>\n<meta property=\"article:modified_time\" content=\"2023-05-09T12:57:09+00:00\" \/>\n<meta property=\"og:image\" content=\"https:\/\/rioonwatch.org.br\/wp-content\/uploads\/2016\/12\/Favela.jpg\" \/>\n\t<meta property=\"og:image:width\" content=\"900\" \/>\n\t<meta property=\"og:image:height\" content=\"442\" \/>\n\t<meta property=\"og:image:type\" content=\"image\/jpeg\" \/>\n<meta name=\"author\" content=\"Luisa Fenizola\" \/>\n<meta name=\"twitter:card\" content=\"summary_large_image\" \/>\n<meta name=\"twitter:label1\" content=\"Escrito por\" \/>\n\t<meta name=\"twitter:data1\" content=\"Luisa Fenizola\" \/>\n\t<meta name=\"twitter:label2\" content=\"Est. tempo de leitura\" \/>\n\t<meta name=\"twitter:data2\" content=\"7 minutos\" \/>\n<script type=\"application\/ld+json\" class=\"yoast-schema-graph\">{\"@context\":\"https:\/\/schema.org\",\"@graph\":[{\"@type\":\"Article\",\"@id\":\"https:\/\/rioonwatch.org.br\/?p=26083#article\",\"isPartOf\":{\"@id\":\"https:\/\/rioonwatch.org.br\/?p=26083\"},\"author\":{\"name\":\"Luisa Fenizola\",\"@id\":\"https:\/\/rioonwatch.org.br\/#\/schema\/person\/f443c6b55bb6e80842280318076491c5\"},\"headline\":\"Aprova\u00e7\u00e3o da MP da Regulariza\u00e7\u00e3o Fundi\u00e1ria: Avan\u00e7o ou Retrocesso?\",\"datePublished\":\"2017-06-05T16:22:00+00:00\",\"dateModified\":\"2023-05-09T12:57:09+00:00\",\"mainEntityOfPage\":{\"@id\":\"https:\/\/rioonwatch.org.br\/?p=26083\"},\"wordCount\":1375,\"publisher\":{\"@id\":\"https:\/\/rioonwatch.org.br\/#organization\"},\"image\":{\"@id\":\"https:\/\/rioonwatch.org.br\/?p=26083#primaryimage\"},\"thumbnailUrl\":\"https:\/\/rioonwatch.org.br\/wp-content\/uploads\/2016\/12\/Favela.jpg\",\"keywords\":[\"#StopFavelaStigma\",\"AEIS \/ ZEIS\",\"Aluguel social\",\"criminaliza\u00e7\u00e3o da pobreza\",\"Defensoria P\u00fablica\",\"Direito \u00e0 Moradia\",\"especula\u00e7\u00e3o imobili\u00e1ria\",\"gentrifica\u00e7\u00e3o\",\"Governo Federal\",\"laje\",\"moradia\",\"movimentos sociais\",\"MP 759 \/ Lei 13.465\",\"Parceria P\u00fablico-Privada\",\"regulariza\u00e7\u00e3o fundi\u00e1ria\",\"segrega\u00e7\u00e3o\",\"titula\u00e7\u00e3o de terras\",\"usucapi\u00e3o\"],\"articleSection\":[\"#OlhoNaGentrifica\u00e7\u00e3o\",\"#OlhoNaUrbaniza\u00e7\u00e3o\",\"*Destaque\",\"Pol\u00edticas\"],\"inLanguage\":\"pt-BR\"},{\"@type\":\"WebPage\",\"@id\":\"https:\/\/rioonwatch.org.br\/?p=26083\",\"url\":\"https:\/\/rioonwatch.org.br\/?p=26083\",\"name\":\"Aprova\u00e7\u00e3o da MP da Regulariza\u00e7\u00e3o Fundi\u00e1ria: Avan\u00e7o ou Retrocesso? - RioOnWatch\",\"isPartOf\":{\"@id\":\"https:\/\/rioonwatch.org.br\/#website\"},\"primaryImageOfPage\":{\"@id\":\"https:\/\/rioonwatch.org.br\/?p=26083#primaryimage\"},\"image\":{\"@id\":\"https:\/\/rioonwatch.org.br\/?p=26083#primaryimage\"},\"thumbnailUrl\":\"https:\/\/rioonwatch.org.br\/wp-content\/uploads\/2016\/12\/Favela.jpg\",\"datePublished\":\"2017-06-05T16:22:00+00:00\",\"dateModified\":\"2023-05-09T12:57:09+00:00\",\"breadcrumb\":{\"@id\":\"https:\/\/rioonwatch.org.br\/?p=26083#breadcrumb\"},\"inLanguage\":\"pt-BR\",\"potentialAction\":[{\"@type\":\"ReadAction\",\"target\":[\"https:\/\/rioonwatch.org.br\/?p=26083\"]}]},{\"@type\":\"ImageObject\",\"inLanguage\":\"pt-BR\",\"@id\":\"https:\/\/rioonwatch.org.br\/?p=26083#primaryimage\",\"url\":\"https:\/\/rioonwatch.org.br\/wp-content\/uploads\/2016\/12\/Favela.jpg\",\"contentUrl\":\"https:\/\/rioonwatch.org.br\/wp-content\/uploads\/2016\/12\/Favela.jpg\",\"width\":900,\"height\":442},{\"@type\":\"BreadcrumbList\",\"@id\":\"https:\/\/rioonwatch.org.br\/?p=26083#breadcrumb\",\"itemListElement\":[{\"@type\":\"ListItem\",\"position\":1,\"name\":\"In\u00edcio\",\"item\":\"https:\/\/rioonwatch.org.br\/\"},{\"@type\":\"ListItem\",\"position\":2,\"name\":\"Aprova\u00e7\u00e3o da MP da Regulariza\u00e7\u00e3o Fundi\u00e1ria: Avan\u00e7o ou Retrocesso?\"}]},{\"@type\":\"WebSite\",\"@id\":\"https:\/\/rioonwatch.org.br\/#website\",\"url\":\"https:\/\/rioonwatch.org.br\/\",\"name\":\"RioOnWatch\",\"description\":\"relatos das favelas cariocas\",\"publisher\":{\"@id\":\"https:\/\/rioonwatch.org.br\/#organization\"},\"potentialAction\":[{\"@type\":\"SearchAction\",\"target\":{\"@type\":\"EntryPoint\",\"urlTemplate\":\"https:\/\/rioonwatch.org.br\/?s={search_term_string}\"},\"query-input\":{\"@type\":\"PropertyValueSpecification\",\"valueRequired\":true,\"valueName\":\"search_term_string\"}}],\"inLanguage\":\"pt-BR\"},{\"@type\":\"Organization\",\"@id\":\"https:\/\/rioonwatch.org.br\/#organization\",\"name\":\"RioOnWatch\",\"url\":\"https:\/\/rioonwatch.org.br\/\",\"logo\":{\"@type\":\"ImageObject\",\"inLanguage\":\"pt-BR\",\"@id\":\"https:\/\/rioonwatch.org.br\/#\/schema\/logo\/image\/\",\"url\":\"https:\/\/rioonwatch.org.br\/wp-content\/uploads\/2021\/06\/RioOnWatchcabecalhoPT11anos-2.png\",\"contentUrl\":\"https:\/\/rioonwatch.org.br\/wp-content\/uploads\/2021\/06\/RioOnWatchcabecalhoPT11anos-2.png\",\"width\":779,\"height\":277,\"caption\":\"RioOnWatch\"},\"image\":{\"@id\":\"https:\/\/rioonwatch.org.br\/#\/schema\/logo\/image\/\"}},{\"@type\":\"Person\",\"@id\":\"https:\/\/rioonwatch.org.br\/#\/schema\/person\/f443c6b55bb6e80842280318076491c5\",\"name\":\"Luisa Fenizola\",\"image\":{\"@type\":\"ImageObject\",\"inLanguage\":\"pt-BR\",\"@id\":\"https:\/\/rioonwatch.org.br\/#\/schema\/person\/image\/\",\"url\":\"https:\/\/secure.gravatar.com\/avatar\/a3d551110162b9f876cbbdaaecf75663?s=96&d=blank&r=g\",\"contentUrl\":\"https:\/\/secure.gravatar.com\/avatar\/a3d551110162b9f876cbbdaaecf75663?s=96&d=blank&r=g\",\"caption\":\"Luisa Fenizola\"},\"url\":\"https:\/\/rioonwatch.org.br\/?author=152\"}]}<\/script>\n<!-- \/ Yoast SEO plugin. -->","yoast_head_json":{"title":"Aprova\u00e7\u00e3o da MP da Regulariza\u00e7\u00e3o Fundi\u00e1ria: Avan\u00e7o ou Retrocesso? - RioOnWatch","robots":{"index":"index","follow":"follow","max-snippet":"max-snippet:-1","max-image-preview":"max-image-preview:large","max-video-preview":"max-video-preview:-1"},"canonical":"https:\/\/rioonwatch.org.br\/?p=26083","og_locale":"pt_BR","og_type":"article","og_title":"Aprova\u00e7\u00e3o da MP da Regulariza\u00e7\u00e3o Fundi\u00e1ria: Avan\u00e7o ou Retrocesso? - RioOnWatch","og_description":"Click Here for English Foi aprovada no Senado na \u00faltima quarta-feira, dia 31 de maio, a MP 759\/2016, que trata da regulariza\u00e7\u00e3o fundi\u00e1ria em terras rurais, urbanas e na Amaz\u00f4nia. Agora ela segue para aprova\u00e7\u00e3o [...]","og_url":"https:\/\/rioonwatch.org.br\/?p=26083","og_site_name":"RioOnWatch","article_published_time":"2017-06-05T16:22:00+00:00","article_modified_time":"2023-05-09T12:57:09+00:00","og_image":[{"width":900,"height":442,"url":"https:\/\/rioonwatch.org.br\/wp-content\/uploads\/2016\/12\/Favela.jpg","type":"image\/jpeg"}],"author":"Luisa Fenizola","twitter_card":"summary_large_image","twitter_misc":{"Escrito por":"Luisa Fenizola","Est. tempo de leitura":"7 minutos"},"schema":{"@context":"https:\/\/schema.org","@graph":[{"@type":"Article","@id":"https:\/\/rioonwatch.org.br\/?p=26083#article","isPartOf":{"@id":"https:\/\/rioonwatch.org.br\/?p=26083"},"author":{"name":"Luisa Fenizola","@id":"https:\/\/rioonwatch.org.br\/#\/schema\/person\/f443c6b55bb6e80842280318076491c5"},"headline":"Aprova\u00e7\u00e3o da MP da Regulariza\u00e7\u00e3o Fundi\u00e1ria: Avan\u00e7o ou Retrocesso?","datePublished":"2017-06-05T16:22:00+00:00","dateModified":"2023-05-09T12:57:09+00:00","mainEntityOfPage":{"@id":"https:\/\/rioonwatch.org.br\/?p=26083"},"wordCount":1375,"publisher":{"@id":"https:\/\/rioonwatch.org.br\/#organization"},"image":{"@id":"https:\/\/rioonwatch.org.br\/?p=26083#primaryimage"},"thumbnailUrl":"https:\/\/rioonwatch.org.br\/wp-content\/uploads\/2016\/12\/Favela.jpg","keywords":["#StopFavelaStigma","AEIS \/ ZEIS","Aluguel social","criminaliza\u00e7\u00e3o da pobreza","Defensoria P\u00fablica","Direito \u00e0 Moradia","especula\u00e7\u00e3o imobili\u00e1ria","gentrifica\u00e7\u00e3o","Governo Federal","laje","moradia","movimentos sociais","MP 759 \/ Lei 13.465","Parceria P\u00fablico-Privada","regulariza\u00e7\u00e3o fundi\u00e1ria","segrega\u00e7\u00e3o","titula\u00e7\u00e3o de terras","usucapi\u00e3o"],"articleSection":["#OlhoNaGentrifica\u00e7\u00e3o","#OlhoNaUrbaniza\u00e7\u00e3o","*Destaque","Pol\u00edticas"],"inLanguage":"pt-BR"},{"@type":"WebPage","@id":"https:\/\/rioonwatch.org.br\/?p=26083","url":"https:\/\/rioonwatch.org.br\/?p=26083","name":"Aprova\u00e7\u00e3o da MP da Regulariza\u00e7\u00e3o Fundi\u00e1ria: Avan\u00e7o ou Retrocesso? - RioOnWatch","isPartOf":{"@id":"https:\/\/rioonwatch.org.br\/#website"},"primaryImageOfPage":{"@id":"https:\/\/rioonwatch.org.br\/?p=26083#primaryimage"},"image":{"@id":"https:\/\/rioonwatch.org.br\/?p=26083#primaryimage"},"thumbnailUrl":"https:\/\/rioonwatch.org.br\/wp-content\/uploads\/2016\/12\/Favela.jpg","datePublished":"2017-06-05T16:22:00+00:00","dateModified":"2023-05-09T12:57:09+00:00","breadcrumb":{"@id":"https:\/\/rioonwatch.org.br\/?p=26083#breadcrumb"},"inLanguage":"pt-BR","potentialAction":[{"@type":"ReadAction","target":["https:\/\/rioonwatch.org.br\/?p=26083"]}]},{"@type":"ImageObject","inLanguage":"pt-BR","@id":"https:\/\/rioonwatch.org.br\/?p=26083#primaryimage","url":"https:\/\/rioonwatch.org.br\/wp-content\/uploads\/2016\/12\/Favela.jpg","contentUrl":"https:\/\/rioonwatch.org.br\/wp-content\/uploads\/2016\/12\/Favela.jpg","width":900,"height":442},{"@type":"BreadcrumbList","@id":"https:\/\/rioonwatch.org.br\/?p=26083#breadcrumb","itemListElement":[{"@type":"ListItem","position":1,"name":"In\u00edcio","item":"https:\/\/rioonwatch.org.br\/"},{"@type":"ListItem","position":2,"name":"Aprova\u00e7\u00e3o da MP da Regulariza\u00e7\u00e3o Fundi\u00e1ria: Avan\u00e7o ou Retrocesso?"}]},{"@type":"WebSite","@id":"https:\/\/rioonwatch.org.br\/#website","url":"https:\/\/rioonwatch.org.br\/","name":"RioOnWatch","description":"relatos das favelas cariocas","publisher":{"@id":"https:\/\/rioonwatch.org.br\/#organization"},"potentialAction":[{"@type":"SearchAction","target":{"@type":"EntryPoint","urlTemplate":"https:\/\/rioonwatch.org.br\/?s={search_term_string}"},"query-input":{"@type":"PropertyValueSpecification","valueRequired":true,"valueName":"search_term_string"}}],"inLanguage":"pt-BR"},{"@type":"Organization","@id":"https:\/\/rioonwatch.org.br\/#organization","name":"RioOnWatch","url":"https:\/\/rioonwatch.org.br\/","logo":{"@type":"ImageObject","inLanguage":"pt-BR","@id":"https:\/\/rioonwatch.org.br\/#\/schema\/logo\/image\/","url":"https:\/\/rioonwatch.org.br\/wp-content\/uploads\/2021\/06\/RioOnWatchcabecalhoPT11anos-2.png","contentUrl":"https:\/\/rioonwatch.org.br\/wp-content\/uploads\/2021\/06\/RioOnWatchcabecalhoPT11anos-2.png","width":779,"height":277,"caption":"RioOnWatch"},"image":{"@id":"https:\/\/rioonwatch.org.br\/#\/schema\/logo\/image\/"}},{"@type":"Person","@id":"https:\/\/rioonwatch.org.br\/#\/schema\/person\/f443c6b55bb6e80842280318076491c5","name":"Luisa Fenizola","image":{"@type":"ImageObject","inLanguage":"pt-BR","@id":"https:\/\/rioonwatch.org.br\/#\/schema\/person\/image\/","url":"https:\/\/secure.gravatar.com\/avatar\/a3d551110162b9f876cbbdaaecf75663?s=96&d=blank&r=g","contentUrl":"https:\/\/secure.gravatar.com\/avatar\/a3d551110162b9f876cbbdaaecf75663?s=96&d=blank&r=g","caption":"Luisa Fenizola"},"url":"https:\/\/rioonwatch.org.br\/?author=152"}]}},"_links":{"self":[{"href":"https:\/\/rioonwatch.org.br\/index.php?rest_route=\/wp\/v2\/posts\/26083"}],"collection":[{"href":"https:\/\/rioonwatch.org.br\/index.php?rest_route=\/wp\/v2\/posts"}],"about":[{"href":"https:\/\/rioonwatch.org.br\/index.php?rest_route=\/wp\/v2\/types\/post"}],"author":[{"embeddable":true,"href":"https:\/\/rioonwatch.org.br\/index.php?rest_route=\/wp\/v2\/users\/152"}],"replies":[{"embeddable":true,"href":"https:\/\/rioonwatch.org.br\/index.php?rest_route=%2Fwp%2Fv2%2Fcomments&post=26083"}],"version-history":[{"count":10,"href":"https:\/\/rioonwatch.org.br\/index.php?rest_route=\/wp\/v2\/posts\/26083\/revisions"}],"predecessor-version":[{"id":26345,"href":"https:\/\/rioonwatch.org.br\/index.php?rest_route=\/wp\/v2\/posts\/26083\/revisions\/26345"}],"wp:featuredmedia":[{"embeddable":true,"href":"https:\/\/rioonwatch.org.br\/index.php?rest_route=\/wp\/v2\/media\/23753"}],"wp:attachment":[{"href":"https:\/\/rioonwatch.org.br\/index.php?rest_route=%2Fwp%2Fv2%2Fmedia&parent=26083"}],"wp:term":[{"taxonomy":"category","embeddable":true,"href":"https:\/\/rioonwatch.org.br\/index.php?rest_route=%2Fwp%2Fv2%2Fcategories&post=26083"},{"taxonomy":"post_tag","embeddable":true,"href":"https:\/\/rioonwatch.org.br\/index.php?rest_route=%2Fwp%2Fv2%2Ftags&post=26083"},{"taxonomy":"writer","embeddable":true,"href":"https:\/\/rioonwatch.org.br\/index.php?rest_route=%2Fwp%2Fv2%2Fwriter&post=26083"},{"taxonomy":"translator","embeddable":true,"href":"https:\/\/rioonwatch.org.br\/index.php?rest_route=%2Fwp%2Fv2%2Ftranslator&post=26083"},{"taxonomy":"source","embeddable":true,"href":"https:\/\/rioonwatch.org.br\/index.php?rest_route=%2Fwp%2Fv2%2Fsource&post=26083"},{"taxonomy":"ilustrador","embeddable":true,"href":"https:\/\/rioonwatch.org.br\/index.php?rest_route=%2Fwp%2Fv2%2Filustrador&post=26083"},{"taxonomy":"fotografo","embeddable":true,"href":"https:\/\/rioonwatch.org.br\/index.php?rest_route=%2Fwp%2Fv2%2Ffotografo&post=26083"}],"curies":[{"name":"wp","href":"https:\/\/api.w.org\/{rel}","templated":true}]}}